{"id":49892,"date":"2025-05-05T12:20:48","date_gmt":"2025-05-05T15:20:48","guid":{"rendered":"https:\/\/blogdoprosperi.com\/?p=49892"},"modified":"2025-05-06T12:04:05","modified_gmt":"2025-05-06T15:04:05","slug":"pai-no-ceu-de-copa-do-mundo","status":"publish","type":"post","link":"https:\/\/blogdoprosperi.com\/?p=49892","title":{"rendered":"O PAI NO C\u00c9U DE COPA DO MUNDO"},"content":{"rendered":"<hr \/>\n<p><em>Luiz Ant\u00f4nio Pr\u00f3speri \u2013 5 de maio (11h41) \u2013<\/em><\/p>\n<hr \/>\n<p>Futebol n\u00e3o se gosta, se apaixona. Ningu\u00e9m nasce amando esse jogo de bola. Voc\u00ea cria a paix\u00e3o ao receber a ben\u00e7\u00e3o de algu\u00e9m que o inspira. Aprendi a gostar do futebol por obra de meu pai, Antonio Lepiani Pr\u00f3speri, o Lotinho. Ainda menino descobri o quanto ele amava o futebol, como se fosse um amor eterno. A quem se entrega e nunca mais abandona at\u00e9 os \u00faltimos dias de sua vida. N\u00e3o se explica, se vive. Meu pai fez o futebol correr nas minhas veias.<\/p>\n<p>A primeira vez que percebi essa paix\u00e3o absoluta do pai remonta ao jogo Brasil 3 a 1 Uruguai na semifinais da Copa do Mundo de 1970, dia 17 de junho. No alto dos meus 14 anos, vi de perto o quanto ele comemorou aquela vit\u00f3ria. &#8220;Estava entalado com esses uruguaios na garganta h\u00e1 20 anos&#8221;, desabafou em tom alto ao apito final do juiz, na sala de casa de frente ao pequeno aparelho de TV em preto e branco. Mem\u00f3ria dele amargava a derrota do Brasil para o Uruguai na Copa de 50, o Maracanazo, quando ele tinha 20 anos.<\/p>\n<p>Mor\u00e1vamos em Guaxup\u00e9, Sul de Minas, na mesma rua de meu av\u00f4 paterno Pedro Pr\u00f3speri, um corintiano completo e a chorar nas vit\u00f3rias e derrotas do time alvinegro. Meu pai contava que o av\u00f4 Pedro acompanhava jogos do Corinthians nas ondas de seu enorme r\u00e1dio na sala de sua casa. Naquela \u00e9poca, anos de 1960, Pel\u00e9 aterrorizava o Corinthians com um gol atr\u00e1s do outro. Ao ouvir o locutor narrando que Pel\u00e9 estava prestes a fazer um gol, meu v\u00f4 Pedro abaixava o som do r\u00e1dio at\u00e9 o limite:<\/p>\n<p>&#8220;No meu r\u00e1dio, o Neg\u00e3o (<em>era assim que Pel\u00e9 era chamado naqueles dias<\/em>) n\u00e3o faz gol no meu Corinthians&#8221;, dizia orgulhoso. E s\u00f3 aumentava o volume quando o seu Corinthians j\u00e1 havia dado a sa\u00edda de jogo ap\u00f3s mais um gol do Santos, obra de Pel\u00e9.<\/p>\n<p>Meu pai n\u00e3o era corintiano como meu v\u00f4 Pedro. Era s\u00e3o-paulino. Vivia mostrando uma foto pequena em preto e branco com o time do S\u00e3o Paulo na pose cl\u00e1ssica. Um a um apontava o dedo na foto e cantava os nomes dos bicampe\u00f5es paulistas de 1946 e 1947:<\/p>\n<p>&#8220;Gijo; Piolim e Armando Renganeschi; Ruy, Bauer e Noronha; Luizinho, Sastre, Le\u00f4nidas, Remo e Teixeirinha. Que time! Que ataque!&#8221;, dizia orgulhoso com a pequena foto nas m\u00e3os.<\/p>\n<p>Copa do Mundo era o m\u00e1ximo de sua paix\u00e3o. Pouco antes da Copa do Mundo de 1970, tirou de uma gaveta da c\u00f4moda de seu quarto exemplares de jornais amarelados datados de 1958 e 1962, se n\u00e3o me engano, <em>Gazeta Esportiva<\/em>, com manchetes das conquistas do Brasil nos Mundiais de 58 e 62. Eram a B\u00edblia dele. Jornais preservados como um \u00e1lbum de fam\u00edlia e que eu preservo at\u00e9 hoje.<\/p>\n<p>Quando a Copa de 70 se inicia, meu pai aparece em casa com uma enorme chapa de Eucatex, tamanho de uma mesa de cozinha. Desenhista de primeira, vai aos poucos criando a figura do ratinho Topo Gigio, cria\u00e7\u00e3o italiana e de muito sucesso entre as crian\u00e7as nos anos 1960 e 1970.<\/p>\n<p>A cada vit\u00f3ria do Brasil, o Topo Gigio ganhava cores vestido com o uniforme da Sele\u00e7\u00e3o Brasileira. E ficou pronto um dia antes de a Sele\u00e7\u00e3o Brasileira vencer a It\u00e1lia por 4 a 1 e conquistar o Tri. Meu pai ainda teve tempo de escrever com pincel e tinta muitos \u00a0&#8220;Tri&#8221; que emolduravam o Topo Gigio, como se o ratinho estivesse gritando &#8220;Tri, Tri&#8230;&#8221;<\/p>\n<p>Assim que Carlos Alberto Torres levantou a ta\u00e7a Jules Rimet, meu pai ergueu a chapa de Eucatex com o Topo Gigio e a levou at\u00e9 a casa de meu v\u00f4 Pedro. A casa era uma farra s\u00f3. Tias, tios, primos e primas em festa. Meu Tio Jo\u00e3o, casado com minha Tia Wanda, irm\u00e3 de meu pai, chega com uma pequena pickup, acho que Ford, buzinando. Era um luxo da fam\u00edlia e tinha o nome de Jovita.<\/p>\n<p>Primos e primas e meu pai subimos na pequena carroceria da Jovita. Levantamos a chapa pintada com Topo Gigio, para orgulho de meu pai, e fomos at\u00e9 avenida principal da cidade se juntar a centenas de guaxupeanos a comemorar a conquista do Tri. Desfilamos garbosos na Jovita exibindo o Topo Gigio vestido de Sele\u00e7\u00e3o Brasileira.<\/p>\n<p>Ali estava expl\u00edcito o quanto meu pai amava o futebol.<\/p>\n<p>Quando chegava junho e julho, meses no calend\u00e1rio na hist\u00f3ria das Copas do Mundo, ele era tomado por uma sensa\u00e7\u00e3o fora do comum. Olhava para o c\u00e9u limpo, azul clarinho sem nuvens, e dizia: &#8220;Olha, Luiz Ant\u00f4nio, o c\u00e9u hoje est\u00e1 c\u00e9u de Copa do Mundo&#8221;.<\/p>\n<p>Devo a ele a minha primeira experi\u00eancia de mergulhar mais s\u00e9rio no mundo do futebol ao me presentear todas semanas com a revista <em>Placar,<\/em> rec\u00e9m-lan\u00e7ada pela editora Abril pouco antes da Copa de 70.<\/p>\n<p>Desde o lan\u00e7amento da revista, meu pai comprava um exemplar na banca de jornais do meu primo Felipe Lima e me entregava em casa. Eu lia da primeira a \u00faltima p\u00e1gina. Me inebriava com as fotos coloridas dos craques, dos jogos e dos p\u00f4steres encartados na revista.<\/p>\n<p>A<em> Placar<\/em> vira a porta de entrada no que viria a ser a minha profiss\u00e3o: jornalista, em especial esportivo.<\/p>\n<p>Tenho uma cole\u00e7\u00e3o de 11 volumes encadernados dos primeiros anos da <em>Placar<\/em> na minha biblioteca. Uma d\u00e1diva concedida por meu pai.<\/p>\n<p>Lotinho, como era conhecido na nossa querida Guaxup\u00e9, n\u00e3o tinha apenas paix\u00e3o por futebol. Jogou desde menino, com bolas de meia, confeccionadas por ele, nas ruas ao redor da casa de meus av\u00f3s e depois nos times semi-profissionais da cidade. Queria ser jogador profissional de futebol.<\/p>\n<p>Contava de suas fa\u00e7anhas no Uni\u00e3o e no Liberdade, times que marcaram \u00e9poca nos anos de 1940 \u00a0e 1950 em Guaxup\u00e9 e regi\u00e3o do Sul de Minas.<\/p>\n<p>No in\u00edcio de sua carreira, era um zagueiro cl\u00e1ssico, me dizia. Depois virou atacante e n\u00e3o perdia um gol de cabe\u00e7a, me contava com brilho nos olhos.<\/p>\n<p>Na foto que ilustra esse texto, meu pai aparece no centro junto dos agachados, os atacantes. Est\u00e1 com as m\u00e3os apoiando o menino mascote. Era o time da Sociedade Esportiva Guaxup\u00e9, clube da cidade com 73 anos de funda\u00e7\u00e3o e em atividade at\u00e9 os dias de hoje.<\/p>\n<figure id=\"attachment_49914\" aria-describedby=\"caption-attachment-49914\" style=\"width: 720px\" class=\"wp-caption alignnone\"><img data-recalc-dims=\"1\" loading=\"lazy\" decoding=\"async\" data-attachment-id=\"49914\" data-permalink=\"https:\/\/blogdoprosperi.com\/?attachment_id=49914\" data-orig-file=\"https:\/\/i0.wp.com\/blogdoprosperi.com\/wp-content\/uploads\/2025\/05\/ee7e29cc-fd7f-4542-a43e-6b170fcabe19.jpg?fit=1280%2C720&amp;ssl=1\" data-orig-size=\"1280,720\" data-comments-opened=\"1\" data-image-meta=\"{&quot;aperture&quot;:&quot;0&quot;,&quot;credit&quot;:&quot;&quot;,&quot;camera&quot;:&quot;&quot;,&quot;caption&quot;:&quot;&quot;,&quot;created_timestamp&quot;:&quot;0&quot;,&quot;copyright&quot;:&quot;&quot;,&quot;focal_length&quot;:&quot;0&quot;,&quot;iso&quot;:&quot;0&quot;,&quot;shutter_speed&quot;:&quot;0&quot;,&quot;title&quot;:&quot;&quot;,&quot;orientation&quot;:&quot;0&quot;}\" data-image-title=\"Lotinho na Esportiva Guaxup\u00e9\" data-image-description=\"\" data-image-caption=\"&lt;p&gt;Lotinho, meu pai, apoiando menino mascote no time da Esportiva \u2013 foto arquivo pessoal&lt;\/p&gt;\n\" data-large-file=\"https:\/\/i0.wp.com\/blogdoprosperi.com\/wp-content\/uploads\/2025\/05\/ee7e29cc-fd7f-4542-a43e-6b170fcabe19.jpg?fit=940%2C529&amp;ssl=1\" class=\"size-large wp-image-49914\" src=\"https:\/\/i0.wp.com\/blogdoprosperi.com\/wp-content\/uploads\/2025\/05\/ee7e29cc-fd7f-4542-a43e-6b170fcabe19.jpg?resize=720%2C405&#038;ssl=1\" alt=\"\" width=\"720\" height=\"405\" \/><figcaption id=\"caption-attachment-49914\" class=\"wp-caption-text\"><em>Lotinho, meu pai, apoiando menino mascote no time da Esportiva \u2013 foto arquivo pessoal<\/em><\/figcaption><\/figure>\n<p>A Esportiva, vejam s\u00f3, foi tema de pauta da <em>Placar<\/em> em 1975 quando o time era a sensa\u00e7\u00e3o do Campeonato Mineiro da Primeira Divis\u00e3o. Enfrentou de igual para igual o Atl\u00e9tico-MG de Tel\u00ea Santana e o Cruzeiro de Dirceu Lopes, Palhinha, Nelinho&#8230; aquela constela\u00e7\u00e3o. A reportagem foi de Carlos Maranh\u00e3o, um dos mais importantes jornalistas do pa\u00eds, pautado por Juca Kfouri, na \u00e9poca diretor da <em>Placar<\/em>.<\/p>\n<p>Meu pai n\u00e3o jogou muito tempo na Esportiva, parou em meados de 1960, mas deixou seu nome registrado no time alviverde. Ali\u00e1s, meu av\u00f4 Pedro Pr\u00f3speri fez parte da primeira diretoria do clube fundado em 1952.<\/p>\n<p>Nunca na vida, que me lembro, meu pai me fez jogar futebol na tentativa de que eu virasse um jogador profissional. N\u00e3o me via nele, nem seus dotes de um jogador cl\u00e1ssico. Me incentivava a ler e ver o futebol. A formar timinhos com amigos de inf\u00e2ncia e adolesc\u00eancia. Admirava meus jogos de bot\u00f5es e me abastecia com times de presente, mesmo fora de meu anivers\u00e1rio ou Natal.<\/p>\n<p>Com meu primos Z\u00e9 Nylton e Luiz Paulo, filhos da Tia Geni irm\u00e3 de meu pai, trav\u00e1vamos jogos \u00e9picos de bot\u00f5es nos campeonatos disputados na varanda de minha casa ou na ed\u00edcula na casa de minha tia.<\/p>\n<p>Mais tarde, quando vieram os netos Antonio e Caetano, filhos de minha irm\u00e3 Dinha, meu pai estava perto de se aposentar da carreira de banc\u00e1rio. E passou a incentivar os meus sobrinhos a gostar e jogar futebol. Levou t\u00e3o a s\u00e9rio que Caetano, o mais novo, virou jogador profissional de futebol nas categorias de base do S\u00e3o Paulo e Sele\u00e7\u00e3o Brasileira Sub-17 e longa carreira em clubes de It\u00e1lia, na d\u00e9cada de 2010. Ant\u00f4nio tamb\u00e9m passou pela base do S\u00e3o Paulo, mas, ao sofrer algumas les\u00f5es, n\u00e3o seguiu carreira de jogador. O neto Jo\u00e3o Luiz, meu filho e bem mais novo que Caetano e Antonio, teve o prazer de ir com meu pai a um jogo de Copa do Mundo, em 2014, Coreia do Sul x B\u00e9lgica, na Arena do Corinthians em Itaquera.<\/p>\n<p>Eu j\u00e1 era jornalista esportivo desde 1984 para j\u00fabilo de meu pai Lotinho e minha m\u00e3e Maria. Trabalhava no <em>Jornal da Tarde<\/em>, uma das refer\u00eancias do jornalismo brasileiro.<\/p>\n<p>Quando cobri em 1990 a primeira das nove Copas do Mundo de minha carreira, liguei para casa de meus pais em Guaxup\u00e9. Estava no est\u00e1dio em Cagliari, na Sardenha, a poucos minutos do in\u00edcio do jogo Inglaterra e Irlanda, o primeiro de minha cobertura jornal\u00edstica. Era quase noite na It\u00e1lia, c\u00e9u cinzento. Chorei de emo\u00e7\u00e3o ao ouvir a voz do meu pai e de minha m\u00e3e Maria.<\/p>\n<p>Naquele momento na It\u00e1lia e sempre na minha vida me vem na cabe\u00e7a toda a hist\u00f3ria da paix\u00e3o de meu pai pelo futebol. Amor que n\u00e3o se explica, se vive.<\/p>\n<p>No \u00faltimo dia 15 de abril de 2025, Antonio Lepiani Pr\u00f3speri, o Lotinho, nos deixou depois de quatro anos de muita luta contra graves sequelas da pandemia. Estava com 94 anos de idade.<\/p>\n<p>Na despedida no Cemit\u00e9rio de Guaxup\u00e9, no alto da cidade, na tardezinha fria e ensolarada quando a urna baixou \u00e0 sepultura, olhei para o c\u00e9u. N\u00e3o era junho nem julho. Era abril, mas o c\u00e9u estava azul claro, limpo, sem nuvens, um c\u00e9u de Copa do Mundo.<\/p>\n<p>Agora meu pai mora no c\u00e9u de Copa do Mundo.<\/p>\n","protected":false},"excerpt":{"rendered":"<p>Luiz Ant\u00f4nio Pr\u00f3speri \u2013 5 de maio (11h41) \u2013 Futebol n\u00e3o se gosta, se apaixona. Ningu\u00e9m nasce amando [&hellip;]<\/p>\n","protected":false},"author":102107496,"featured_media":49901,"comment_status":"open","ping_status":"open","sticky":false,"template":"","format":"standard","meta":{"_coblocks_attr":"","_coblocks_dimensions":"","_coblocks_responsive_height":"","_coblocks_accordion_ie_support":"","_jetpack_newsletter_access":"","_jetpack_dont_email_post_to_subs":false,"_jetpack_newsletter_tier_id":0,"_jetpack_memberships_contains_paywalled_content":false,"_wpcom_ai_launchpad_first_post":false,"_jetpack_feature_clip_id":0,"_jetpack_memberships_contains_paid_content":false,"footnotes":"","jetpack_publicize_message":"","jetpack_publicize_feature_enabled":true,"jetpack_social_post_already_shared":false,"jetpack_social_options":{"image_generator_settings":{"template":"highway","default_image_id":0,"font":"","enabled":false},"version":2},"jetpack_post_was_ever_published":false},"categories":[53870,3919,195541],"tags":[38872,4925900,177066,789560560,9697148,789560573,789560564,536593,27782],"class_list":["post-49892","post","type-post","status-publish","format-standard","has-post-thumbnail","hentry","category-futebol","category-opiniao","category-pele","tag-copa-do-mundo","tag-copa-do-mundo-1970","tag-corinthians","tag-futebol","tag-guaxupe","tag-luiz-antonio-prosperi","tag-pele","tag-revista-placar","tag-sao-paulo"],"yoast_head":"<!-- This site is optimized with the Yoast SEO plugin v28.3 - https:\/\/yoast.com\/product\/yoast-seo-wordpress\/ -->\n<title>O PAI NO C\u00c9U DE COPA DO MUNDO - PR\u00d3SPERI NEWS<\/title>\n<meta name=\"robots\" content=\"index, follow, max-snippet:-1, max-image-preview:large, max-video-preview:-1\" \/>\n<link rel=\"canonical\" href=\"https:\/\/blogdoprosperi.com\/?p=49892\" \/>\n<meta property=\"og:locale\" content=\"pt_BR\" \/>\n<meta property=\"og:type\" content=\"article\" \/>\n<meta property=\"og:title\" content=\"O PAI NO C\u00c9U DE COPA DO MUNDO - PR\u00d3SPERI NEWS\" \/>\n<meta property=\"og:description\" content=\"Luiz Ant\u00f4nio Pr\u00f3speri \u2013 5 de maio (11h41) \u2013 Futebol n\u00e3o se gosta, se apaixona. Ningu\u00e9m nasce amando [&hellip;]\" \/>\n<meta property=\"og:url\" content=\"https:\/\/blogdoprosperi.com\/?p=49892\" \/>\n<meta property=\"og:site_name\" content=\"PR\u00d3SPERI NEWS\" \/>\n<meta property=\"article:publisher\" content=\"Luiz Pr\u00f3speri\" \/>\n<meta property=\"article:author\" content=\"Luiz Pr\u00f3speri\" \/>\n<meta property=\"article:published_time\" content=\"2025-05-05T15:20:48+00:00\" \/>\n<meta property=\"article:modified_time\" content=\"2025-05-06T15:04:05+00:00\" \/>\n<meta property=\"og:image\" content=\"https:\/\/i0.wp.com\/blogdoprosperi.com\/wp-content\/uploads\/2025\/05\/captura-de-tela-2025-05-03-as-12.40.50-1.png?fit=940%2C833&ssl=1\" \/>\n\t<meta property=\"og:image:width\" content=\"940\" \/>\n\t<meta property=\"og:image:height\" content=\"833\" \/>\n\t<meta property=\"og:image:type\" content=\"image\/png\" \/>\n<meta name=\"author\" content=\"Luiz Ant\u00f4nio Pr\u00f3speri\" \/>\n<meta name=\"twitter:card\" content=\"summary_large_image\" \/>\n<meta name=\"twitter:creator\" content=\"@Luizprosperi\" \/>\n<meta name=\"twitter:site\" content=\"@Luizprosperi\" \/>\n<meta name=\"twitter:label1\" content=\"Escrito por\" \/>\n\t<meta name=\"twitter:data1\" content=\"Luiz Ant\u00f4nio Pr\u00f3speri\" \/>\n\t<meta name=\"twitter:label2\" content=\"Est. tempo de leitura\" \/>\n\t<meta name=\"twitter:data2\" content=\"9 minutos\" \/>\n<script type=\"application\/ld+json\" class=\"yoast-schema-graph\">{\"@context\":\"https:\\\/\\\/schema.org\",\"@graph\":[{\"@type\":\"Article\",\"@id\":\"https:\\\/\\\/blogdoprosperi.com\\\/?p=49892#article\",\"isPartOf\":{\"@id\":\"https:\\\/\\\/blogdoprosperi.com\\\/?p=49892\"},\"author\":{\"name\":\"Luiz Ant\u00f4nio Pr\u00f3speri\",\"@id\":\"https:\\\/\\\/blogdoprosperi.com\\\/#\\\/schema\\\/person\\\/38100755ce3601861ee4fab9b5aa78e9\"},\"headline\":\"O PAI NO C\u00c9U DE COPA DO MUNDO\",\"datePublished\":\"2025-05-05T15:20:48+00:00\",\"dateModified\":\"2025-05-06T15:04:05+00:00\",\"mainEntityOfPage\":{\"@id\":\"https:\\\/\\\/blogdoprosperi.com\\\/?p=49892\"},\"wordCount\":1718,\"commentCount\":1,\"publisher\":{\"@id\":\"https:\\\/\\\/blogdoprosperi.com\\\/#\\\/schema\\\/person\\\/38100755ce3601861ee4fab9b5aa78e9\"},\"image\":{\"@id\":\"https:\\\/\\\/blogdoprosperi.com\\\/?p=49892#primaryimage\"},\"thumbnailUrl\":\"https:\\\/\\\/i0.wp.com\\\/blogdoprosperi.com\\\/wp-content\\\/uploads\\\/2025\\\/05\\\/captura-de-tela-2025-05-03-as-12.40.50-1.png?fit=1418%2C1256&ssl=1\",\"keywords\":[\"Copa do Mundo\",\"copa do mundo 1970\",\"Corinthians\",\"futebol\",\"guaxup\u00e9\",\"Luiz Ant\u00f4nio Pr\u00f3speri\",\"Pel\u00e9\",\"revista placar\",\"S\u00e3o Paulo\"],\"articleSection\":[\"futebol\",\"opini\u00e3o\",\"Pel\u00e9\"],\"inLanguage\":\"pt-BR\",\"potentialAction\":[{\"@type\":\"CommentAction\",\"name\":\"Comment\",\"target\":[\"https:\\\/\\\/blogdoprosperi.com\\\/?p=49892#respond\"]}]},{\"@type\":\"WebPage\",\"@id\":\"https:\\\/\\\/blogdoprosperi.com\\\/?p=49892\",\"url\":\"https:\\\/\\\/blogdoprosperi.com\\\/?p=49892\",\"name\":\"O PAI NO C\u00c9U DE COPA DO MUNDO - PR\u00d3SPERI NEWS\",\"isPartOf\":{\"@id\":\"https:\\\/\\\/blogdoprosperi.com\\\/#website\"},\"primaryImageOfPage\":{\"@id\":\"https:\\\/\\\/blogdoprosperi.com\\\/?p=49892#primaryimage\"},\"image\":{\"@id\":\"https:\\\/\\\/blogdoprosperi.com\\\/?p=49892#primaryimage\"},\"thumbnailUrl\":\"https:\\\/\\\/i0.wp.com\\\/blogdoprosperi.com\\\/wp-content\\\/uploads\\\/2025\\\/05\\\/captura-de-tela-2025-05-03-as-12.40.50-1.png?fit=1418%2C1256&ssl=1\",\"datePublished\":\"2025-05-05T15:20:48+00:00\",\"dateModified\":\"2025-05-06T15:04:05+00:00\",\"breadcrumb\":{\"@id\":\"https:\\\/\\\/blogdoprosperi.com\\\/?p=49892#breadcrumb\"},\"inLanguage\":\"pt-BR\",\"potentialAction\":[{\"@type\":\"ReadAction\",\"target\":[\"https:\\\/\\\/blogdoprosperi.com\\\/?p=49892\"]}]},{\"@type\":\"ImageObject\",\"inLanguage\":\"pt-BR\",\"@id\":\"https:\\\/\\\/blogdoprosperi.com\\\/?p=49892#primaryimage\",\"url\":\"https:\\\/\\\/i0.wp.com\\\/blogdoprosperi.com\\\/wp-content\\\/uploads\\\/2025\\\/05\\\/captura-de-tela-2025-05-03-as-12.40.50-1.png?fit=1418%2C1256&ssl=1\",\"contentUrl\":\"https:\\\/\\\/i0.wp.com\\\/blogdoprosperi.com\\\/wp-content\\\/uploads\\\/2025\\\/05\\\/captura-de-tela-2025-05-03-as-12.40.50-1.png?fit=1418%2C1256&ssl=1\",\"width\":1418,\"height\":1256},{\"@type\":\"BreadcrumbList\",\"@id\":\"https:\\\/\\\/blogdoprosperi.com\\\/?p=49892#breadcrumb\",\"itemListElement\":[{\"@type\":\"ListItem\",\"position\":1,\"name\":\"In\u00edcio\",\"item\":\"https:\\\/\\\/blogdoprosperi.com\\\/\"},{\"@type\":\"ListItem\",\"position\":2,\"name\":\"O PAI NO C\u00c9U DE COPA DO MUNDO\"}]},{\"@type\":\"WebSite\",\"@id\":\"https:\\\/\\\/blogdoprosperi.com\\\/#website\",\"url\":\"https:\\\/\\\/blogdoprosperi.com\\\/\",\"name\":\"PR\u00d3SPERI NEWS\",\"description\":\"TUDO \u00c9  FUTEBOL\",\"publisher\":{\"@id\":\"https:\\\/\\\/blogdoprosperi.com\\\/#\\\/schema\\\/person\\\/38100755ce3601861ee4fab9b5aa78e9\"},\"alternateName\":\"blogdoprosperi.com\",\"potentialAction\":[{\"@type\":\"SearchAction\",\"target\":{\"@type\":\"EntryPoint\",\"urlTemplate\":\"https:\\\/\\\/blogdoprosperi.com\\\/?s={search_term_string}\"},\"query-input\":{\"@type\":\"PropertyValueSpecification\",\"valueRequired\":true,\"valueName\":\"search_term_string\"}}],\"inLanguage\":\"pt-BR\"},{\"@type\":[\"Person\",\"Organization\"],\"@id\":\"https:\\\/\\\/blogdoprosperi.com\\\/#\\\/schema\\\/person\\\/38100755ce3601861ee4fab9b5aa78e9\",\"name\":\"Luiz Ant\u00f4nio Pr\u00f3speri\",\"pronouns\":\"ele\",\"image\":{\"@type\":\"ImageObject\",\"inLanguage\":\"pt-BR\",\"@id\":\"https:\\\/\\\/i0.wp.com\\\/blogdoprosperi.com\\\/wp-content\\\/uploads\\\/2026\\\/05\\\/cropped-8059e613-6002-42fa-961e-8e275f575d71-2-5.jpg?fit=1360%2C931&ssl=1\",\"url\":\"https:\\\/\\\/i0.wp.com\\\/blogdoprosperi.com\\\/wp-content\\\/uploads\\\/2026\\\/05\\\/cropped-8059e613-6002-42fa-961e-8e275f575d71-2-5.jpg?fit=1360%2C931&ssl=1\",\"contentUrl\":\"https:\\\/\\\/i0.wp.com\\\/blogdoprosperi.com\\\/wp-content\\\/uploads\\\/2026\\\/05\\\/cropped-8059e613-6002-42fa-961e-8e275f575d71-2-5.jpg?fit=1360%2C931&ssl=1\",\"width\":1360,\"height\":931,\"caption\":\"Luiz Ant\u00f4nio Pr\u00f3speri\"},\"logo\":{\"@id\":\"https:\\\/\\\/i0.wp.com\\\/blogdoprosperi.com\\\/wp-content\\\/uploads\\\/2026\\\/05\\\/cropped-8059e613-6002-42fa-961e-8e275f575d71-2-5.jpg?fit=1360%2C931&ssl=1\"},\"description\":\"Jornalista com carreira dedicada ao esporte. Cobriu 9 Copas do Mundo in loco, 1990 na It\u00e1lia, 1994 nos EUA, 1998 na Fran\u00e7a, 2002 na Coreia do Sul e Jap\u00e3o, 2006 na Alemanha, 2010 na \u00c1frica do Sul, 2014 no Brasil, 2018 na R\u00fassia e 2022 no Qatar. Eurocopas, 1992 na Su\u00e9cia e 1996 na Inglaterra. Copa das Confedera\u00e7\u00f5es de 2005 na Alemanha e 2009 na \u00c1frica do Sul. Rep\u00f3rter e Editor, trabalhou no Jornal da Tarde e Estad\u00e3o, de 1984 a fevereiro de 2016. Colunista, blogueiro. E comentarista de futebol na R\u00e1dio Estad\u00e3o, de 2013 a fevereiro de 2016. Jornalista respons\u00e1vel do \\\"Pr\u00f3speri News\\\" (blogdoprosperi.com).\",\"sameAs\":[\"http:\\\/\\\/blogdoprosperi.com\",\"Luiz Pr\u00f3speri\",\"@luiz_prosperi\",\"https:\\\/\\\/x.com\\\/Luizprosperi\",\"@prosperinacopa\",\"luiz.prosperi@icloud.com\"],\"url\":\"https:\\\/\\\/blogdoprosperi.com\\\/?author=102107496\"}]}<\/script>\n<!-- \/ Yoast SEO plugin. -->","yoast_head_json":{"title":"O PAI NO C\u00c9U DE COPA DO MUNDO - PR\u00d3SPERI NEWS","robots":{"index":"index","follow":"follow","max-snippet":"max-snippet:-1","max-image-preview":"max-image-preview:large","max-video-preview":"max-video-preview:-1"},"canonical":"https:\/\/blogdoprosperi.com\/?p=49892","og_locale":"pt_BR","og_type":"article","og_title":"O PAI NO C\u00c9U DE COPA DO MUNDO - PR\u00d3SPERI NEWS","og_description":"Luiz Ant\u00f4nio Pr\u00f3speri \u2013 5 de maio (11h41) \u2013 Futebol n\u00e3o se gosta, se apaixona. Ningu\u00e9m nasce amando [&hellip;]","og_url":"https:\/\/blogdoprosperi.com\/?p=49892","og_site_name":"PR\u00d3SPERI NEWS","article_publisher":"Luiz Pr\u00f3speri","article_author":"Luiz Pr\u00f3speri","article_published_time":"2025-05-05T15:20:48+00:00","article_modified_time":"2025-05-06T15:04:05+00:00","og_image":[{"url":"https:\/\/i0.wp.com\/blogdoprosperi.com\/wp-content\/uploads\/2025\/05\/captura-de-tela-2025-05-03-as-12.40.50-1.png?fit=940%2C833&ssl=1","width":940,"height":833,"type":"image\/png"}],"author":"Luiz Ant\u00f4nio Pr\u00f3speri","twitter_card":"summary_large_image","twitter_creator":"@Luizprosperi","twitter_site":"@Luizprosperi","twitter_misc":{"Escrito por":"Luiz Ant\u00f4nio Pr\u00f3speri","Est. tempo de leitura":"9 minutos"},"schema":{"@context":"https:\/\/schema.org","@graph":[{"@type":"Article","@id":"https:\/\/blogdoprosperi.com\/?p=49892#article","isPartOf":{"@id":"https:\/\/blogdoprosperi.com\/?p=49892"},"author":{"name":"Luiz Ant\u00f4nio Pr\u00f3speri","@id":"https:\/\/blogdoprosperi.com\/#\/schema\/person\/38100755ce3601861ee4fab9b5aa78e9"},"headline":"O PAI NO C\u00c9U DE COPA DO MUNDO","datePublished":"2025-05-05T15:20:48+00:00","dateModified":"2025-05-06T15:04:05+00:00","mainEntityOfPage":{"@id":"https:\/\/blogdoprosperi.com\/?p=49892"},"wordCount":1718,"commentCount":1,"publisher":{"@id":"https:\/\/blogdoprosperi.com\/#\/schema\/person\/38100755ce3601861ee4fab9b5aa78e9"},"image":{"@id":"https:\/\/blogdoprosperi.com\/?p=49892#primaryimage"},"thumbnailUrl":"https:\/\/i0.wp.com\/blogdoprosperi.com\/wp-content\/uploads\/2025\/05\/captura-de-tela-2025-05-03-as-12.40.50-1.png?fit=1418%2C1256&ssl=1","keywords":["Copa do Mundo","copa do mundo 1970","Corinthians","futebol","guaxup\u00e9","Luiz Ant\u00f4nio Pr\u00f3speri","Pel\u00e9","revista placar","S\u00e3o Paulo"],"articleSection":["futebol","opini\u00e3o","Pel\u00e9"],"inLanguage":"pt-BR","potentialAction":[{"@type":"CommentAction","name":"Comment","target":["https:\/\/blogdoprosperi.com\/?p=49892#respond"]}]},{"@type":"WebPage","@id":"https:\/\/blogdoprosperi.com\/?p=49892","url":"https:\/\/blogdoprosperi.com\/?p=49892","name":"O PAI NO C\u00c9U DE COPA DO MUNDO - PR\u00d3SPERI NEWS","isPartOf":{"@id":"https:\/\/blogdoprosperi.com\/#website"},"primaryImageOfPage":{"@id":"https:\/\/blogdoprosperi.com\/?p=49892#primaryimage"},"image":{"@id":"https:\/\/blogdoprosperi.com\/?p=49892#primaryimage"},"thumbnailUrl":"https:\/\/i0.wp.com\/blogdoprosperi.com\/wp-content\/uploads\/2025\/05\/captura-de-tela-2025-05-03-as-12.40.50-1.png?fit=1418%2C1256&ssl=1","datePublished":"2025-05-05T15:20:48+00:00","dateModified":"2025-05-06T15:04:05+00:00","breadcrumb":{"@id":"https:\/\/blogdoprosperi.com\/?p=49892#breadcrumb"},"inLanguage":"pt-BR","potentialAction":[{"@type":"ReadAction","target":["https:\/\/blogdoprosperi.com\/?p=49892"]}]},{"@type":"ImageObject","inLanguage":"pt-BR","@id":"https:\/\/blogdoprosperi.com\/?p=49892#primaryimage","url":"https:\/\/i0.wp.com\/blogdoprosperi.com\/wp-content\/uploads\/2025\/05\/captura-de-tela-2025-05-03-as-12.40.50-1.png?fit=1418%2C1256&ssl=1","contentUrl":"https:\/\/i0.wp.com\/blogdoprosperi.com\/wp-content\/uploads\/2025\/05\/captura-de-tela-2025-05-03-as-12.40.50-1.png?fit=1418%2C1256&ssl=1","width":1418,"height":1256},{"@type":"BreadcrumbList","@id":"https:\/\/blogdoprosperi.com\/?p=49892#breadcrumb","itemListElement":[{"@type":"ListItem","position":1,"name":"In\u00edcio","item":"https:\/\/blogdoprosperi.com\/"},{"@type":"ListItem","position":2,"name":"O PAI NO C\u00c9U DE COPA DO MUNDO"}]},{"@type":"WebSite","@id":"https:\/\/blogdoprosperi.com\/#website","url":"https:\/\/blogdoprosperi.com\/","name":"PR\u00d3SPERI NEWS","description":"TUDO \u00c9  FUTEBOL","publisher":{"@id":"https:\/\/blogdoprosperi.com\/#\/schema\/person\/38100755ce3601861ee4fab9b5aa78e9"},"alternateName":"blogdoprosperi.com","potentialAction":[{"@type":"SearchAction","target":{"@type":"EntryPoint","urlTemplate":"https:\/\/blogdoprosperi.com\/?s={search_term_string}"},"query-input":{"@type":"PropertyValueSpecification","valueRequired":true,"valueName":"search_term_string"}}],"inLanguage":"pt-BR"},{"@type":["Person","Organization"],"@id":"https:\/\/blogdoprosperi.com\/#\/schema\/person\/38100755ce3601861ee4fab9b5aa78e9","name":"Luiz Ant\u00f4nio Pr\u00f3speri","pronouns":"ele","image":{"@type":"ImageObject","inLanguage":"pt-BR","@id":"https:\/\/i0.wp.com\/blogdoprosperi.com\/wp-content\/uploads\/2026\/05\/cropped-8059e613-6002-42fa-961e-8e275f575d71-2-5.jpg?fit=1360%2C931&ssl=1","url":"https:\/\/i0.wp.com\/blogdoprosperi.com\/wp-content\/uploads\/2026\/05\/cropped-8059e613-6002-42fa-961e-8e275f575d71-2-5.jpg?fit=1360%2C931&ssl=1","contentUrl":"https:\/\/i0.wp.com\/blogdoprosperi.com\/wp-content\/uploads\/2026\/05\/cropped-8059e613-6002-42fa-961e-8e275f575d71-2-5.jpg?fit=1360%2C931&ssl=1","width":1360,"height":931,"caption":"Luiz Ant\u00f4nio Pr\u00f3speri"},"logo":{"@id":"https:\/\/i0.wp.com\/blogdoprosperi.com\/wp-content\/uploads\/2026\/05\/cropped-8059e613-6002-42fa-961e-8e275f575d71-2-5.jpg?fit=1360%2C931&ssl=1"},"description":"Jornalista com carreira dedicada ao esporte. Cobriu 9 Copas do Mundo in loco, 1990 na It\u00e1lia, 1994 nos EUA, 1998 na Fran\u00e7a, 2002 na Coreia do Sul e Jap\u00e3o, 2006 na Alemanha, 2010 na \u00c1frica do Sul, 2014 no Brasil, 2018 na R\u00fassia e 2022 no Qatar. Eurocopas, 1992 na Su\u00e9cia e 1996 na Inglaterra. Copa das Confedera\u00e7\u00f5es de 2005 na Alemanha e 2009 na \u00c1frica do Sul. Rep\u00f3rter e Editor, trabalhou no Jornal da Tarde e Estad\u00e3o, de 1984 a fevereiro de 2016. Colunista, blogueiro. E comentarista de futebol na R\u00e1dio Estad\u00e3o, de 2013 a fevereiro de 2016. Jornalista respons\u00e1vel do \"Pr\u00f3speri News\" (blogdoprosperi.com).","sameAs":["http:\/\/blogdoprosperi.com","Luiz Pr\u00f3speri","@luiz_prosperi","https:\/\/x.com\/Luizprosperi","@prosperinacopa","luiz.prosperi@icloud.com"],"url":"https:\/\/blogdoprosperi.com\/?author=102107496"}]}},"jetpack_publicize_connections":[],"jetpack_likes_enabled":false,"jetpack_sharing_enabled":true,"jetpack_shortlink":"https:\/\/wp.me\/p7jvdk-cYI","jetpack-related-posts":[{"id":59676,"url":"https:\/\/blogdoprosperi.com\/?p=59676","url_meta":{"origin":49892,"position":0},"title":"Messi maior que Pel\u00e9? Conta outra","author":"Luiz Ant\u00f4nio Pr\u00f3speri","date":"23 de junho de 2026","format":false,"excerpt":"Luiz Ant\u00f4nio Pr\u00f3speri, de Morristown, 23 junho 2026 (13h05) Lionel Messi maior que Edson Arantes do Nascimento, Pel\u00e9. H\u00e1 quem acredite nessa compara\u00e7\u00e3o. Usam como argumento os recordes pulverizados pelo craque argentino nesta Copa 2026 para reivindicar o trono de Rei do Futebol. N\u00fameros atestam alguma veracidade favor\u00e1vel a Messi.\u2026","rel":"","context":"Em &quot;copa 2026&quot;","block_context":{"text":"copa 2026","link":"https:\/\/blogdoprosperi.com\/?cat=36820279"},"img":{"alt_text":"","src":"https:\/\/i0.wp.com\/blogdoprosperi.com\/wp-content\/uploads\/2026\/06\/17822141331047.jpg.webp?fit=1200%2C800&ssl=1&resize=350%2C200","width":350,"height":200,"srcset":"https:\/\/i0.wp.com\/blogdoprosperi.com\/wp-content\/uploads\/2026\/06\/17822141331047.jpg.webp?fit=1200%2C800&ssl=1&resize=350%2C200 1x, https:\/\/i0.wp.com\/blogdoprosperi.com\/wp-content\/uploads\/2026\/06\/17822141331047.jpg.webp?fit=1200%2C800&ssl=1&resize=525%2C300 1.5x, https:\/\/i0.wp.com\/blogdoprosperi.com\/wp-content\/uploads\/2026\/06\/17822141331047.jpg.webp?fit=1200%2C800&ssl=1&resize=700%2C400 2x, https:\/\/i0.wp.com\/blogdoprosperi.com\/wp-content\/uploads\/2026\/06\/17822141331047.jpg.webp?fit=1200%2C800&ssl=1&resize=1050%2C600 3x"},"classes":[]},{"id":37446,"url":"https:\/\/blogdoprosperi.com\/?p=37446","url_meta":{"origin":49892,"position":1},"title":"Pai de Neymar pede tr\u00e9gua na guerra aos desafetos do filho","author":"Luiz Ant\u00f4nio Pr\u00f3speri","date":"25 de junho de 2018","format":false,"excerpt":"Luiz Antonio Pr\u00f3speri, de Moscou \/ R\u00fassia Tite tem problemas de sobra na gest\u00e3o da Sele\u00e7\u00e3o Brasileira na Copa do Mundo da R\u00fassia. Douglas Costa e Danilo, op\u00e7\u00f5es no setor direito da defesa e ataque, est\u00e3o machucados e fora do jogo decisivo contra a S\u00e9rvia na quarta-feira (27\/6). Paulinho n\u00e3o\u2026","rel":"","context":"Em &quot;Copa do Mundo 2018&quot;","block_context":{"text":"Copa do Mundo 2018","link":"https:\/\/blogdoprosperi.com\/?cat=43723753"},"img":{"alt_text":"","src":"https:\/\/i0.wp.com\/blogdoprosperi.com\/wp-content\/uploads\/2018\/06\/20180624114950_5b2faf8ed7c5e-3.jpg?fit=650%2C419&ssl=1&resize=350%2C200","width":350,"height":200,"srcset":"https:\/\/i0.wp.com\/blogdoprosperi.com\/wp-content\/uploads\/2018\/06\/20180624114950_5b2faf8ed7c5e-3.jpg?fit=650%2C419&ssl=1&resize=350%2C200 1x, https:\/\/i0.wp.com\/blogdoprosperi.com\/wp-content\/uploads\/2018\/06\/20180624114950_5b2faf8ed7c5e-3.jpg?fit=650%2C419&ssl=1&resize=525%2C300 1.5x"},"classes":[]},{"id":61742,"url":"https:\/\/blogdoprosperi.com\/?p=61742","url_meta":{"origin":49892,"position":2},"title":"Um m\u00eas da derrota na Copa do Mundo e continuamos a falar de Neymar","author":"Luiz Ant\u00f4nio Pr\u00f3speri","date":"5 de agosto de 2026","format":false,"excerpt":"Luiz Ant\u00f4nio Pr\u00f3speri \u2013 5 agosto 2026 (12h02) New Jersey, 5 de julho 2026. Noruega 2 a 1 Brasil. Est\u00e1vamos eliminados nas oitavas de final da Copa do Mundo nos Estados Unidos. Um m\u00eas depois: Bel\u00e9m, 4 de agosto 2026. Remo 0 x 1 Santos. Clube paulista avan\u00e7a \u00e0s quartas\u2026","rel":"","context":"Em &quot;futebol&quot;","block_context":{"text":"futebol","link":"https:\/\/blogdoprosperi.com\/?cat=53870"},"img":{"alt_text":"","src":"https:\/\/i0.wp.com\/blogdoprosperi.com\/wp-content\/uploads\/2026\/08\/Captura-de-Tela-2026-08-05-as-12.15.01.png?fit=1076%2C838&ssl=1&resize=350%2C200","width":350,"height":200,"srcset":"https:\/\/i0.wp.com\/blogdoprosperi.com\/wp-content\/uploads\/2026\/08\/Captura-de-Tela-2026-08-05-as-12.15.01.png?fit=1076%2C838&ssl=1&resize=350%2C200 1x, https:\/\/i0.wp.com\/blogdoprosperi.com\/wp-content\/uploads\/2026\/08\/Captura-de-Tela-2026-08-05-as-12.15.01.png?fit=1076%2C838&ssl=1&resize=525%2C300 1.5x, https:\/\/i0.wp.com\/blogdoprosperi.com\/wp-content\/uploads\/2026\/08\/Captura-de-Tela-2026-08-05-as-12.15.01.png?fit=1076%2C838&ssl=1&resize=700%2C400 2x, https:\/\/i0.wp.com\/blogdoprosperi.com\/wp-content\/uploads\/2026\/08\/Captura-de-Tela-2026-08-05-as-12.15.01.png?fit=1076%2C838&ssl=1&resize=1050%2C600 3x"},"classes":[]},{"id":41004,"url":"https:\/\/blogdoprosperi.com\/?p=41004","url_meta":{"origin":49892,"position":3},"title":"Sucessor de Pel\u00e9: come\u00e7a eterna ca\u00e7a ao tesouro","author":"Luiz Ant\u00f4nio Pr\u00f3speri","date":"5 de janeiro de 2023","format":false,"excerpt":"Quem ser\u00e1 o sucessor do Rei, se \u00e9 que teremos um herdeiro no futebol brasileiro? Endrick (Palmeiras) trilha caminho que j\u00e1 foi de Neymar, Ronaldinho Ga\u00facho, Messi...","rel":"","context":"Em &quot;futebol&quot;","block_context":{"text":"futebol","link":"https:\/\/blogdoprosperi.com\/?cat=53870"},"img":{"alt_text":"","src":"https:\/\/i0.wp.com\/blogdoprosperi.com\/wp-content\/uploads\/2023\/01\/52473311817_c3cc3a00e3_c.jpg?fit=800%2C450&ssl=1&resize=350%2C200","width":350,"height":200,"srcset":"https:\/\/i0.wp.com\/blogdoprosperi.com\/wp-content\/uploads\/2023\/01\/52473311817_c3cc3a00e3_c.jpg?fit=800%2C450&ssl=1&resize=350%2C200 1x, https:\/\/i0.wp.com\/blogdoprosperi.com\/wp-content\/uploads\/2023\/01\/52473311817_c3cc3a00e3_c.jpg?fit=800%2C450&ssl=1&resize=525%2C300 1.5x, https:\/\/i0.wp.com\/blogdoprosperi.com\/wp-content\/uploads\/2023\/01\/52473311817_c3cc3a00e3_c.jpg?fit=800%2C450&ssl=1&resize=700%2C400 2x"},"classes":[]},{"id":60675,"url":"https:\/\/blogdoprosperi.com\/?p=60675","url_meta":{"origin":49892,"position":4},"title":"Messi ainda n\u00e3o \u00e9 Pel\u00e9, n\u00e3o precisa ser, nem vai ser","author":"Luiz Ant\u00f4nio Pr\u00f3speri","date":"17 de julho de 2026","format":false,"excerpt":"Luiz Ant\u00f4nio Pr\u00f3speri \u2013 17 julho 2026 (16h39)\u00a0 Os ingleses est\u00e3o inebriados e enfezados com Messi p\u00f3s-queda da Inglaterra nas semifinais contra Argentina na Copa 2026. N\u00e3o se conformam do jeito que perderam e, ao mesmo tempo, elevam Messi ao c\u00e9u. E dimensionam ainda mais o debate mundial ca\u00e7a audi\u00eancia\u2026","rel":"","context":"Em &quot;copa 2026&quot;","block_context":{"text":"copa 2026","link":"https:\/\/blogdoprosperi.com\/?cat=36820279"},"img":{"alt_text":"","src":"https:\/\/i0.wp.com\/blogdoprosperi.com\/wp-content\/uploads\/2026\/07\/image_485edb17.png?fit=1200%2C655&ssl=1&resize=350%2C200","width":350,"height":200,"srcset":"https:\/\/i0.wp.com\/blogdoprosperi.com\/wp-content\/uploads\/2026\/07\/image_485edb17.png?fit=1200%2C655&ssl=1&resize=350%2C200 1x, https:\/\/i0.wp.com\/blogdoprosperi.com\/wp-content\/uploads\/2026\/07\/image_485edb17.png?fit=1200%2C655&ssl=1&resize=525%2C300 1.5x, https:\/\/i0.wp.com\/blogdoprosperi.com\/wp-content\/uploads\/2026\/07\/image_485edb17.png?fit=1200%2C655&ssl=1&resize=700%2C400 2x, https:\/\/i0.wp.com\/blogdoprosperi.com\/wp-content\/uploads\/2026\/07\/image_485edb17.png?fit=1200%2C655&ssl=1&resize=1050%2C600 3x"},"classes":[]},{"id":44865,"url":"https:\/\/blogdoprosperi.com\/?p=44865","url_meta":{"origin":49892,"position":5},"title":"Morte de Izquierdo Comove Mundo do Futebol, mas Tem Jogo no Morumbi","author":"Luiz Ant\u00f4nio Pr\u00f3speri","date":"28 de agosto de 2024","format":false,"excerpt":"Luiz Ant\u00f4nio Pr\u00f3speri \u2013 28 agosto (13h00) Juan Izquierdo em queda leve cai no gramado do Morumbis na noite de quinta-feira passada (22\/8). Tem uma arritmia card\u00edaca. Zagueiro uruguaio defendia o Nacional do Uruguai contra o S\u00e3o Paulo, em jogo da Copa da Libertadores. \u00c9 rapidamente socorrido no gramado e\u2026","rel":"","context":"Em &quot;futebol&quot;","block_context":{"text":"futebol","link":"https:\/\/blogdoprosperi.com\/?cat=53870"},"img":{"alt_text":"","src":"https:\/\/i0.wp.com\/blogdoprosperi.com\/wp-content\/uploads\/2024\/08\/sddefault.jpg?fit=640%2C480&ssl=1&resize=350%2C200","width":350,"height":200,"srcset":"https:\/\/i0.wp.com\/blogdoprosperi.com\/wp-content\/uploads\/2024\/08\/sddefault.jpg?fit=640%2C480&ssl=1&resize=350%2C200 1x, https:\/\/i0.wp.com\/blogdoprosperi.com\/wp-content\/uploads\/2024\/08\/sddefault.jpg?fit=640%2C480&ssl=1&resize=525%2C300 1.5x"},"classes":[]}],"jetpack_featured_media_url":"https:\/\/i0.wp.com\/blogdoprosperi.com\/wp-content\/uploads\/2025\/05\/captura-de-tela-2025-05-03-as-12.40.50-1.png?fit=1418%2C1256&ssl=1","_links":{"self":[{"href":"https:\/\/blogdoprosperi.com\/index.php?rest_route=\/wp\/v2\/posts\/49892","targetHints":{"allow":["GET"]}}],"collection":[{"href":"https:\/\/blogdoprosperi.com\/index.php?rest_route=\/wp\/v2\/posts"}],"about":[{"href":"https:\/\/blogdoprosperi.com\/index.php?rest_route=\/wp\/v2\/types\/post"}],"author":[{"embeddable":true,"href":"https:\/\/blogdoprosperi.com\/index.php?rest_route=\/wp\/v2\/users\/102107496"}],"replies":[{"embeddable":true,"href":"https:\/\/blogdoprosperi.com\/index.php?rest_route=%2Fwp%2Fv2%2Fcomments&post=49892"}],"version-history":[{"count":25,"href":"https:\/\/blogdoprosperi.com\/index.php?rest_route=\/wp\/v2\/posts\/49892\/revisions"}],"predecessor-version":[{"id":49953,"href":"https:\/\/blogdoprosperi.com\/index.php?rest_route=\/wp\/v2\/posts\/49892\/revisions\/49953"}],"wp:featuredmedia":[{"embeddable":true,"href":"https:\/\/blogdoprosperi.com\/index.php?rest_route=\/wp\/v2\/media\/49901"}],"wp:attachment":[{"href":"https:\/\/blogdoprosperi.com\/index.php?rest_route=%2Fwp%2Fv2%2Fmedia&parent=49892"}],"wp:term":[{"taxonomy":"category","embeddable":true,"href":"https:\/\/blogdoprosperi.com\/index.php?rest_route=%2Fwp%2Fv2%2Fcategories&post=49892"},{"taxonomy":"post_tag","embeddable":true,"href":"https:\/\/blogdoprosperi.com\/index.php?rest_route=%2Fwp%2Fv2%2Ftags&post=49892"}],"curies":[{"name":"wp","href":"https:\/\/api.w.org\/{rel}","templated":true}]}}