{"id":49983,"date":"2025-05-09T11:54:00","date_gmt":"2025-05-09T14:54:00","guid":{"rendered":"https:\/\/blogdoprosperi.com\/?p=49983"},"modified":"2025-05-09T11:58:20","modified_gmt":"2025-05-09T14:58:20","slug":"como-o-mundial-de-clubes-pode-levar-a-elite-do-futebol-incluindo-messi-ao-limite","status":"publish","type":"post","link":"https:\/\/blogdoprosperi.com\/?p=49983","title":{"rendered":"Como o Mundial de Clubes Pode Levar a Elite do futebol \u2013 Incluindo Messi \u2013 ao Limite"},"content":{"rendered":"<p><strong>\u2666 Calend\u00e1rio demonstra &#8220;uma falta de considera\u00e7\u00e3o pela sa\u00fade mental e f\u00edsica dos jogadores participantes&#8221;<\/strong><\/p>\n<p><strong>\u2666 Messi deve ter\u00e1 quatro jogos em 14 dias, com cerca de 15.200 quil\u00f4metros de viagem inclu\u00eddos para completar a maratona<\/strong><\/p>\n<hr \/>\n<p><em>Philip Buckingham \/ Eduardo Tansley \u2013 The Athletic \u2013 8 maio (11h21) \u2013<\/em><\/p>\n<hr \/>\n<p>O homem comumente aclamado como o maior jogador de futebol de todos os tempos tamb\u00e9m pode ser o mais exausto ao final de um per\u00edodo de duas semanas que, se ele cumprir todas as suas obriga\u00e7\u00f5es, poder\u00e1 lev\u00e1-lo a acumular quase 16.000 quil\u00f4metros e jogar quatro partidas por seu clube, o Inter Miami, e pela sele\u00e7\u00e3o argentina.<\/p>\n<p>Mas Messi n\u00e3o est\u00e1 sozinho. J\u00e1 se passaram 18 meses desde que a FIFA revelou ao mundo os detalhes mais sutis de um novo Mundial de Clubes. Uma competi\u00e7\u00e3o com 32 equipes j\u00e1 vinha sendo cogitada h\u00e1 muito tempo, mas a confirma\u00e7\u00e3o das datas precisas em uma reuni\u00e3o do Conselho da FIFA em Jid\u00e1, Ar\u00e1bia Saudita, em dezembro de 2023, provocou estremecimento entre alguns interessados.<\/p>\n<p>A FIFPro, uni\u00e3o mundial de jogadores, disse que o calend\u00e1rio demonstra &#8220;uma falta de considera\u00e7\u00e3o pela sa\u00fade mental e f\u00edsica dos jogadores participantes&#8221; em uma declara\u00e7\u00e3o direta, enquanto\u00a0Maheta Molango, presidente-executivo da Associa\u00e7\u00e3o de Jogadores Profissionais de Futebol da Inglaterra, expressou suas pr\u00f3prias preocupa\u00e7\u00f5es.<\/p>\n<p>\u201cEste ano (2024-25) \u00e9 quando as pessoas percebem que tudo isso n\u00e3o se encaixa\u201d, disse ele\u00a0<em>ao The Athletic<\/em>\u00a0em uma entrevista no ano passado. \u201cN\u00e3o \u00e9 mais uma quest\u00e3o de ser uma amea\u00e7a que est\u00e1 surgindo. Chegou.\u201d<\/p>\n<p>Entre o t\u00e9rmino das temporadas dos clubes na Europa neste m\u00eas e o in\u00edcio do Mundial de Clubes em junho, h\u00e1 uma pausa internacional que colocar\u00e1 t\u00edtulos em jogo e a classifica\u00e7\u00e3o para a Copa do Mundo de 2026 em jogo. Em muitos casos, menos de uma semana separa o t\u00e9rmino dos compromissos internacionais e o in\u00edcio do Mundial de Clubes.<\/p>\n<p>Daqui a um m\u00eas, jogadores e t\u00e9cnicos estar\u00e3o se perguntando o que fazer, conciliando a carga de trabalho com o interesse pr\u00f3prio.\u00a0<em>O Athletic<\/em>\u00a0analisa a nova restri\u00e7\u00e3o no calend\u00e1rio do futebol.<\/p>\n<figure id=\"attachment_48554\" aria-describedby=\"caption-attachment-48554\" style=\"width: 720px\" class=\"wp-caption alignnone\"><img data-recalc-dims=\"1\" loading=\"lazy\" decoding=\"async\" data-attachment-id=\"48554\" data-permalink=\"https:\/\/blogdoprosperi.com\/?attachment_id=48554\" data-orig-file=\"https:\/\/i0.wp.com\/blogdoprosperi.com\/wp-content\/uploads\/2025\/03\/fifa-club-world-cup-trophy-tour-in-new-york-and-new-jersey.webp?fit=1536%2C1536&amp;ssl=1\" data-orig-size=\"1536,1536\" data-comments-opened=\"1\" data-image-meta=\"{&quot;aperture&quot;:&quot;0&quot;,&quot;credit&quot;:&quot;&quot;,&quot;camera&quot;:&quot;&quot;,&quot;caption&quot;:&quot;&quot;,&quot;created_timestamp&quot;:&quot;0&quot;,&quot;copyright&quot;:&quot;&quot;,&quot;focal_length&quot;:&quot;0&quot;,&quot;iso&quot;:&quot;0&quot;,&quot;shutter_speed&quot;:&quot;0&quot;,&quot;title&quot;:&quot;&quot;,&quot;orientation&quot;:&quot;0&quot;}\" data-image-title=\"Fifa paga 1 bi aos clubes\" data-image-description=\"\" data-image-caption=\"&lt;p&gt;Trof\u00e9u oficial do Mundial de Clubes \u2013 foto: Fifa oficial&lt;\/p&gt;\n\" data-large-file=\"https:\/\/i0.wp.com\/blogdoprosperi.com\/wp-content\/uploads\/2025\/03\/fifa-club-world-cup-trophy-tour-in-new-york-and-new-jersey.webp?fit=940%2C940&amp;ssl=1\" class=\"size-large wp-image-48554\" src=\"https:\/\/i0.wp.com\/blogdoprosperi.com\/wp-content\/uploads\/2025\/03\/fifa-club-world-cup-trophy-tour-in-new-york-and-new-jersey.webp?resize=720%2C720&#038;ssl=1\" alt=\"\" width=\"720\" height=\"720\" \/><figcaption id=\"caption-attachment-48554\" class=\"wp-caption-text\"><em>Trof\u00e9u oficial do Mundial de Clubes \u2013 foto: Fifa<\/em><\/figcaption><\/figure>\n<h4><strong>Temporada est\u00e1 quase acabando na Europa, mas o que vem por a\u00ed?<\/strong><\/h4>\n<p>\u00c9 congestionamento.<\/p>\n<p>Assim como em setembro, outubro, novembro e mar\u00e7o, o calend\u00e1rio internacional de jogos da FIFA reserva um espa\u00e7o no in\u00edcio de junho para a realiza\u00e7\u00e3o de jogos internacionais. No pr\u00f3ximo m\u00eas, n\u00e3o ser\u00e1 diferente. Todas as confedera\u00e7\u00f5es da FIFA \u2014 UEFA (Europa), AFC (\u00c1frica), Concacaf (Am\u00e9rica do Norte, Central e Caribe) e CONMEBOL (Am\u00e9rica do Sul) \u2014 com exce\u00e7\u00e3o da OFC (Oceania) e CAF (\u00c1sia), t\u00eam jogos das Eliminat\u00f3rias da Copa do Mundo de 2026 agendados, com o \u00faltimo terminando em 10 de junho.<\/p>\n<p>O tema deste ano \u00e9 o Mundial de Clubes. A nova competi\u00e7\u00e3o da FIFA come\u00e7a em Miami no dia 14 de junho e vai at\u00e9 13 de julho. A fase de grupos, por si s\u00f3, s\u00f3 termina em 26 de junho, com alguns nomes de peso enfrentando novas demandas em um ver\u00e3o que tradicionalmente teria proporcionado mais tempo de inatividade.<\/p>\n<p>Na\u00e7\u00f5es como Brasil, Argentina, Holanda, Coreia do Sul e Ar\u00e1bia Saudita ter\u00e3o jogos das eliminat\u00f3rias da Copa do Mundo em 10 de junho, \u00faltimo dia da janela internacional, quatro dias antes do in\u00edcio do Mundial de Clubes.<\/p>\n<figure id=\"attachment_40584\" aria-describedby=\"caption-attachment-40584\" style=\"width: 720px\" class=\"wp-caption alignnone\"><img data-recalc-dims=\"1\" loading=\"lazy\" decoding=\"async\" data-attachment-id=\"40584\" data-permalink=\"https:\/\/blogdoprosperi.com\/?attachment_id=40584\" data-orig-file=\"https:\/\/i0.wp.com\/blogdoprosperi.com\/wp-content\/uploads\/2022\/12\/fj4qbwvxwacu0lz.jpeg?fit=1200%2C813&amp;ssl=1\" data-orig-size=\"1200,813\" data-comments-opened=\"1\" data-image-meta=\"{&quot;aperture&quot;:&quot;0&quot;,&quot;credit&quot;:&quot;&quot;,&quot;camera&quot;:&quot;&quot;,&quot;caption&quot;:&quot;&quot;,&quot;created_timestamp&quot;:&quot;0&quot;,&quot;copyright&quot;:&quot;&quot;,&quot;focal_length&quot;:&quot;0&quot;,&quot;iso&quot;:&quot;0&quot;,&quot;shutter_speed&quot;:&quot;0&quot;,&quot;title&quot;:&quot;&quot;,&quot;orientation&quot;:&quot;0&quot;}\" data-image-title=\"Argentina 3 x 0 Cro\u00e1cia\" data-image-description=\"\" data-image-caption=\"&lt;p&gt;foto: Twitter Fifa&lt;\/p&gt;\n\" data-large-file=\"https:\/\/i0.wp.com\/blogdoprosperi.com\/wp-content\/uploads\/2022\/12\/fj4qbwvxwacu0lz.jpeg?fit=940%2C637&amp;ssl=1\" class=\"size-large wp-image-40584\" src=\"https:\/\/i0.wp.com\/blogdoprosperi.com\/wp-content\/uploads\/2022\/12\/fj4qbwvxwacu0lz.jpeg?resize=720%2C488&#038;ssl=1\" alt=\"\" width=\"720\" height=\"488\" \/><figcaption id=\"caption-attachment-40584\" class=\"wp-caption-text\"><em>Messi e Julian Alvarez na Sele\u00e7\u00e3o Argentina. \u2013 foto: Twitter Fifa<\/em><\/figcaption><\/figure>\n<p>Vale ressaltar que o Mundial de Clubes tamb\u00e9m coincide com a Copa Ouro da Concacaf (14 de junho a 6 de julho), que tamb\u00e9m \u00e9 realizada nos Estados Unidos, al\u00e9m do Canad\u00e1. O Campeonato Europeu Sub-21 da UEFA (11 a 28 de junho) \u00e9 outro evento com duas vagas na programa\u00e7\u00e3o.<\/p>\n<h4><strong>Quem pode ser afetado?<\/strong><\/h4>\n<p>Al\u00e9m dos jogadores passarem por momentos dif\u00edceis nas eliminat\u00f3rias da Copa do Mundo nos dias que antecedem o in\u00edcio do Mundial de Clubes, alguns podem ter a oportunidade de jogar por seus pa\u00edses negada.<\/p>\n<p>Inclu\u00edda nos regulamentos da Copa do Mundo de Clubes, publicados em outubro de 2024, estava uma exce\u00e7\u00e3o ao Regulamento da FIFA sobre Status e Transfer\u00eancia de Jogadores (RTSP), que descrevia onde estaria o poder.<\/p>\n<p>\u201cN\u00e3o \u00e9 obrigat\u00f3rio que os clubes participantes da competi\u00e7\u00e3o liberem seus jogadores registrados para os representantes das equipes do pa\u00eds pelas quais esses jogadores est\u00e3o qualificados para jogar\u201d, diz o artigo 22.5.<\/p>\n<p>Ficou claro que isso n\u00e3o inclu\u00eda a janela internacional, que ia de 2 a 10 de junho, mas dava aos clubes a possibilidade de garantir que seus jogadores n\u00e3o fossem considerados ineleg\u00edveis devido a convoca\u00e7\u00f5es internacionais. A FIFA tamb\u00e9m resguardou o prest\u00edgio de sua nova competi\u00e7\u00e3o de clubes, garantindo que os melhores jogadores n\u00e3o fossem levados para outros lugares.<\/p>\n<p>Isso significa que a sele\u00e7\u00e3o dos Estados Unidos, Canad\u00e1 e M\u00e9xico, todos competindo na Copa Ouro da Concacaf, podem estar sem muitos jogadores, incluindo Weston McKennie (Juventus\/USMNT) e Gerardo Arteaga (Monterrey\/M\u00e9xico).<\/p>\n<p>O mesmo se aplicar\u00e1 \u00e0queles que normalmente poderiam ter participado do Campeonato Europeu Sub-21. Rico Lewis (Inglaterra), do Manchester City, Malo Gusto (Fran\u00e7a), do Chelsea, Rodrigo Mora (Portugal), do Porto, e outros ter\u00e3o suas agendas ditadas por seus clubes, que teoricamente poderiam decidir que seu desenvolvimento seria melhor aproveitado na Eurocopa.<\/p>\n<h4><strong>Como ser\u00e1 o poss\u00edvel itiner\u00e1rio de viagem?<\/strong><\/h4>\n<p>Messi \u00e9 apenas um exemplo extremo do calend\u00e1rio que potencialmente aguarda alguns dos jogadores de elite do mundo.<\/p>\n<p>Em teoria, o jogador de 37 anos poderia viajar do Chase Stadium, est\u00e1dio do Inter Miami, em Fort Lauderdale, depois de jogar contra o Columbus Crew na MLS em 1\u00ba de junho, para o Chile para uma partida internacional contra a Argentina em 5 de junho.<\/p>\n<p>Depois, ele viaja para seu pa\u00eds natal para receber a Col\u00f4mbia no dia 10 de junho, antes de retornar \u00e0 Fl\u00f3rida para jogar contra o Al Ahly no Hard Rock Stadium, em Miami, no dia 14 de junho. S\u00e3o quatro jogos em 14 dias, com cerca de 15.200 quil\u00f4metros de viagem inclu\u00eddos para completar.<\/p>\n<p>Messi est\u00e1 acostumado a agendas apertadas (jogou quatro partidas em 19 dias, embora com bem menos viagens entre elas, em junho passado) e pode se sentir mais tranquilo com as sugest\u00f5es de que a Argentina, que j\u00e1 garantiu sua vaga na Copa do Mundo de 2026 e j\u00e1 est\u00e1 sem alguns jogadores experientes devido a suspens\u00f5es, pode optar por n\u00e3o convocar estrelas mais consolidadas. Com isso em mente, o t\u00e9cnico Lionel Scaloni provavelmente usar\u00e1 esses dois jogos para avaliar jogadores mais jovens.<\/p>\n<figure id=\"attachment_43514\" aria-describedby=\"caption-attachment-43514\" style=\"width: 720px\" class=\"wp-caption alignnone\"><img data-recalc-dims=\"1\" loading=\"lazy\" decoding=\"async\" data-attachment-id=\"43514\" data-permalink=\"https:\/\/blogdoprosperi.com\/?attachment_id=43514\" data-orig-file=\"https:\/\/i0.wp.com\/blogdoprosperi.com\/wp-content\/uploads\/2024\/07\/53832193695_1e9d69f660_k.jpg?fit=2047%2C1352&amp;ssl=1\" data-orig-size=\"2047,1352\" data-comments-opened=\"1\" data-image-meta=\"{&quot;aperture&quot;:&quot;0&quot;,&quot;credit&quot;:&quot;RAFAEL RIBEIRO\/CBF&quot;,&quot;camera&quot;:&quot;&quot;,&quot;caption&quot;:&quot;&quot;,&quot;created_timestamp&quot;:&quot;0&quot;,&quot;copyright&quot;:&quot;RAFAEL RIBEIRO\/CBF&quot;,&quot;focal_length&quot;:&quot;0&quot;,&quot;iso&quot;:&quot;0&quot;,&quot;shutter_speed&quot;:&quot;0&quot;,&quot;title&quot;:&quot;&quot;,&quot;orientation&quot;:&quot;0&quot;}\" data-image-title=\"Vini Jr fora do jogo contra Uruguai\" data-image-description=\"\" data-image-caption=\"&lt;p&gt;Vini bloqueado no empate Brasil e Col\u00f4mbia  \u2013 foto: CBF oficial&lt;\/p&gt;\n\" data-large-file=\"https:\/\/i0.wp.com\/blogdoprosperi.com\/wp-content\/uploads\/2024\/07\/53832193695_1e9d69f660_k.jpg?fit=940%2C621&amp;ssl=1\" class=\"size-large wp-image-43514\" src=\"https:\/\/i0.wp.com\/blogdoprosperi.com\/wp-content\/uploads\/2024\/07\/53832193695_1e9d69f660_k.jpg?resize=720%2C476&#038;ssl=1\" alt=\"Vini Jr sem a\u00e7\u00e3o contra Col\u00f4mbia\" width=\"720\" height=\"476\" \/><figcaption id=\"caption-attachment-43514\" class=\"wp-caption-text\"><em>Vini bloqueado no empate Brasil e Col\u00f4mbia \u2013 foto: CBF oficial<\/em><\/figcaption><\/figure>\n<p>Mas para outros, especialmente aqueles baseados na Europa, n\u00e3o h\u00e1 tal consolo.<\/p>\n<p>Ap\u00f3s o \u00faltimo jogo do Real Madrid na La Liga, atualmente marcado para 25 de maio, Vinicius Junior e Rodrygo far\u00e3o uma viagem de 8.800 km at\u00e9 o Equador, onde o Brasil enfrentar\u00e1 o Brasil pelas eliminat\u00f3rias da Copa do Mundo em 5 de junho. Do Equador, s\u00e3o mais 4.000 km at\u00e9 S\u00e3o Paulo, para o jogo em casa contra o Paraguai; por fim, h\u00e1 um voo de 6.400 km at\u00e9 Miami, para a estreia do Real Madrid no Mundial de Clubes contra o Al-Hilal, em 18 de junho.<\/p>\n<p>A vit\u00f3ria \u00e9pica da Inter sobre o Barcelona na semifinal da Liga dos Campe\u00f5es\u00a0far\u00e1 com que Benjamin Pavard e Marcus Thuram enfrentem a perspectiva de jogar uma final em Munique no dia 31 de maio antes, muito provavelmente, de fazer parte das tentativas da Fran\u00e7a de levantar a Liga das Na\u00e7\u00f5es da UEFA, com uma semifinal contra a Espanha no dia 5 de junho e uma poss\u00edvel final no dia 8 de junho. Tudo isso antes da Inter come\u00e7ar sua campanha na Copa do Mundo de Clubes contra o Monterrey, na Calif\u00f3rnia, no dia 17 de junho.<\/p>\n<p>V\u00e1rios jogadores da sele\u00e7\u00e3o inglesa tamb\u00e9m devem participar do Mundial de Clubes, logo ap\u00f3s o segundo per\u00edodo de treinamento de Thomas Tuchel. A Inglaterra joga uma partida pelas eliminat\u00f3rias da Copa do Mundo contra Andorra, no Est\u00e1dio RCDE do Espanyol, no dia 7 de junho, antes de um amistoso contra Senegal, no dia 10 de junho, no City Ground do Nottingham Forest.<\/p>\n<p>Jogadores como Harry Kane (Bayern de Munique), Jude Bellingham (Real Madrid) e Cole Palmer (Chelsea) participar\u00e3o da Copa do Mundo de Clubes alguns dias depois.<\/p>\n<p>As regras da FIFA para o evento deste ver\u00e3o estipulam que todas as equipes devem chegar \u00e0s suas bases de treinamento escolhidas nos EUA \u201cpelo menos tr\u00eas dias antes da partida de abertura\u201d.<\/p>\n<h4><strong>As preocupa\u00e7\u00f5es com a carga de trabalho persistem ou foram amenizadas?<\/strong><\/h4>\n<p>As linhas de batalha foram tra\u00e7adas e n\u00e3o v\u00e3o a lugar nenhum. Isso foi melhor ilustrado pelos dois processos judiciais distintos lan\u00e7ados no ano passado, com a programa\u00e7\u00e3o da Copa do Mundo de Clubes pela FIFA sendo considerada o ponto de inflex\u00e3o em um longo debate focado na carga de trabalho dos jogadores de elite.<\/p>\n<p>Em junho passado, dois dos\u00a0maiores sindicatos de jogadores da Europa, a PFA inglesa e sua contraparte francesa, a Union Nationale des Footballeurs Professionnels, uniram for\u00e7as para abrir um processo contra a FIFA,\u00a0alegando que os direitos de seus membros estavam sendo violados pelas leis da Uni\u00e3o Europeia (UE). Em outubro, foi a vez da FIFPro e das Ligas Europeias, que representam 39 ligas em 33 pa\u00edses, apresentarem uma queixa \u00e0 Comiss\u00e3o Europeia para proteger o bem-estar de seus jogadores.<\/p>\n<p>Esses desafios continuam a ecoar e ressaltam diferen\u00e7as aparentemente irreconcili\u00e1veis \u200b\u200bentre as partes interessadas.<\/p>\n<p>A FIFA argumenta que seu novo torneio est\u00e1 alinhado com as tentativas inalteradas de &#8220;proteger os interesses gerais do futebol mundial&#8230; em todos os n\u00edveis do jogo&#8221; e acusou as principais ligas europeias que se op\u00f5em \u00e0 Copa do Mundo de Clubes de agirem com &#8220;hipocrisia e interesse pr\u00f3prio&#8221;.<\/p>\n<p>A FIFA tamb\u00e9m enfatizou consistentemente que o calend\u00e1rio do futebol, que vigorar\u00e1 at\u00e9 2030, foi decidido em consulta com todas as partes interessadas, incluindo os sindicatos de jogadores, antes de ser aprovado.<\/p>\n<p>A FIFPro, entre outras, discorda. N\u00e3o v\u00ea espa\u00e7o para que o Mundial de Clubes seja disputado a cada quatro anos, especialmente considerando a expans\u00e3o de outras competi\u00e7\u00f5es importantes, como a Liga dos Campe\u00f5es e a Copa do Mundo, que ser\u00e1 um evento com 48 equipes pela primeira vez no pr\u00f3ximo ver\u00e3o.<\/p>\n<p>No m\u00eas passado, dados da FIFPro e da Football Benchmark sugeriram que os jogadores que iriam para a Copa do Mundo de Clubes estariam entre os mais sobrecarregados.<\/p>\n<p>Em n\u00fameros atualizados at\u00e9 1\u00ba de abril, eles destacaram que o turco Kerem Akturkoglu, do Benfica, j\u00e1 havia disputado 55 partidas nesta temporada, enquanto estimavam que Federico Valverde, do Real Madrid e do Uruguai, poderia eventualmente participar de 78 partidas nesta temporada. O n\u00famero m\u00e1ximo poss\u00edvel para Valverde caiu para 73, mas o jogador de 26 anos j\u00e1 disputou 62 partidas pelo clube e pela sele\u00e7\u00e3o desde que foi titular na final da Supercopa Europeia em 14 de agosto.<\/p>\n<figure id=\"attachment_49994\" aria-describedby=\"caption-attachment-49994\" style=\"width: 720px\" class=\"wp-caption alignnone\"><img data-recalc-dims=\"1\" loading=\"lazy\" decoding=\"async\" data-attachment-id=\"49994\" data-permalink=\"https:\/\/blogdoprosperi.com\/?attachment_id=49994\" data-orig-file=\"https:\/\/i0.wp.com\/blogdoprosperi.com\/wp-content\/uploads\/2025\/05\/kerem-akturkoglu-benfica-rio-ave_20241028063651.webp?fit=1224%2C689&amp;ssl=1\" data-orig-size=\"1224,689\" data-comments-opened=\"1\" data-image-meta=\"{&quot;aperture&quot;:&quot;0&quot;,&quot;credit&quot;:&quot;&quot;,&quot;camera&quot;:&quot;&quot;,&quot;caption&quot;:&quot;&quot;,&quot;created_timestamp&quot;:&quot;0&quot;,&quot;copyright&quot;:&quot;&quot;,&quot;focal_length&quot;:&quot;0&quot;,&quot;iso&quot;:&quot;0&quot;,&quot;shutter_speed&quot;:&quot;0&quot;,&quot;title&quot;:&quot;&quot;,&quot;orientation&quot;:&quot;0&quot;}\" data-image-title=\"Kerem Akturkoglu no Benfica\" data-image-description=\"\" data-image-caption=\"&lt;p&gt;Jogador turco Akturkoglu   &amp;#8211; foto: Benfica oficial&lt;\/p&gt;\n\" data-large-file=\"https:\/\/i0.wp.com\/blogdoprosperi.com\/wp-content\/uploads\/2025\/05\/kerem-akturkoglu-benfica-rio-ave_20241028063651.webp?fit=940%2C529&amp;ssl=1\" class=\"size-large wp-image-49994\" src=\"https:\/\/i0.wp.com\/blogdoprosperi.com\/wp-content\/uploads\/2025\/05\/kerem-akturkoglu-benfica-rio-ave_20241028063651.webp?resize=720%2C405&#038;ssl=1\" alt=\"\" width=\"720\" height=\"405\" \/><figcaption id=\"caption-attachment-49994\" class=\"wp-caption-text\"><em>Jogador turco Akturkoglu &#8211; foto: Benfica oficial<\/em><\/figcaption><\/figure>\n<div id=\"attachment_6340293\" class=\"wp-caption alignnone\">\n<div class=\"wp-caption-image-container\">\n<div class=\"inline-credits\">\n<div class=\"inline-credits-container\"><\/div>\n<\/div>\n<\/div>\n<\/div>\n<p>A preocupa\u00e7\u00e3o tamb\u00e9m se refere \u00e0s perspectivas de longo prazo dos jogadores de elite. A temporada 2025-26 da Premier League come\u00e7a em 16 de agosto, menos de cinco semanas ap\u00f3s a final do Mundial de Clubes. Uma pausa de duas semanas pode ser tudo o que os jogadores podem esperar realisticamente, caso seus times cheguem at\u00e9 o fim.<\/p>\n<p>Qualquer relut\u00e2ncia dos clubes em participar diminuiu, pelo menos em vista dos pacotes de distribui\u00e7\u00e3o da FIFA.\u00a0Um pr\u00eamio total de US$ 1 bilh\u00e3o (\u00a3 750.000) estar\u00e1 em disputa entre as 32 equipes , com os eventuais vencedores podendo ganhar US$ 125 milh\u00f5es.<\/p>\n<h4><strong>H\u00e1 alguma outra preocupa\u00e7\u00e3o antes do torneio?<\/strong><\/h4>\n<p>Alguns dos maiores receios, principalmente em torno do atraso na assinatura de um acordo de direitos televisivos, foram amplamente dissipados. O torneio ser\u00e1\u00a0transmitido pela DAZN\u00a0, com acordos de sublicenciamento em vigor para outros pa\u00edses, incluindo\u00a0o Channel 5 no Reino Unido.<\/p>\n<p>V\u00e1rios acordos comerciais tamb\u00e9m foram garantidos, embora alguns \u2014 como aqueles com as cervejarias AB InBev, a empresa de eletr\u00f4nicos Hisense, os fabricantes de refrigerantes Coca-Cola e as gigantes de servi\u00e7os financeiros Visa \u2014 j\u00e1 sejam parceiros da FIFA.<\/p>\n<p><em>O Athletic<\/em>\u00a0\u00a0tamb\u00e9m relatou\u00a0preocupa\u00e7\u00f5es dentro do governo dos EUA sobre a perspectiva de centenas de milhares de pedidos de visto antes da Copa do Mundo de Clubes, e muitos outros para a Copa do Mundo de 2026.<\/p>\n<p>Falando em rela\u00e7\u00e3o \u00e0 Copa do Mundo de 2026, o vice-presidente JD Vance disse na ter\u00e7a-feira: \u201cSei que provavelmente teremos visitantes de cerca de 100 pa\u00edses. Queremos que eles venham, queremos que comemorem, queremos que assistam ao jogo. Mas quando o tempo acabar, eles ter\u00e3o que voltar para casa; caso contr\u00e1rio, ter\u00e3o que falar com a Secret\u00e1ria (de Seguran\u00e7a Interna, Kristi) Noem.\u201d<\/p>\n<p><a href=\"https:\/\/www.nytimes.com\/athletic\/6339720\/2025\/05\/08\/club-world-cup-player-workload\/\"><span style=\"color: #0000ff\"><strong>(mat\u00e9ria do The Athletic \/ New York Times)<\/strong><\/span><\/a><\/p>\n","protected":false},"excerpt":{"rendered":"<p>\u2666 Calend\u00e1rio demonstra &#8220;uma falta de considera\u00e7\u00e3o pela sa\u00fade mental e f\u00edsica dos jogadores participantes&#8221; \u2666 Messi deve [&hellip;]<\/p>\n","protected":false},"author":102107496,"featured_media":49999,"comment_status":"open","ping_status":"open","sticky":false,"template":"","format":"standard","meta":{"_coblocks_attr":"","_coblocks_dimensions":"","_coblocks_responsive_height":"","_coblocks_accordion_ie_support":"","_jetpack_newsletter_access":"","_jetpack_dont_email_post_to_subs":false,"_jetpack_newsletter_tier_id":0,"_jetpack_memberships_contains_paywalled_content":false,"_wpcom_ai_launchpad_first_post":false,"_jetpack_feature_clip_id":0,"_jetpack_memberships_contains_paid_content":false,"footnotes":"","jetpack_publicize_message":"","jetpack_publicize_feature_enabled":true,"jetpack_social_post_already_shared":false,"jetpack_social_options":{"image_generator_settings":{"template":"highway","default_image_id":0,"font":"","enabled":false},"version":2},"jetpack_post_was_ever_published":false},"categories":[53870,20384],"tags":[449299,789560560,704532490,789560573,81750,776047119,287104,789560562,646227778],"class_list":["post-49983","post","type-post","status-publish","format-standard","has-post-thumbnail","hentry","category-futebol","category-informacao","tag-flamengo","tag-futebol","tag-kerem-akturkoglu","tag-luiz-antonio-prosperi","tag-messi","tag-mundial-de-clubes-fifa-2025","tag-palmeiras","tag-selecao-brasileira","tag-vini-jr"],"yoast_head":"<!-- This site is optimized with the Yoast SEO plugin v28.3 - https:\/\/yoast.com\/product\/yoast-seo-wordpress\/ -->\n<title>Como o Mundial de Clubes Pode Levar a Elite do futebol \u2013 Incluindo Messi \u2013 ao Limite - PR\u00d3SPERI NEWS<\/title>\n<meta name=\"robots\" content=\"index, follow, max-snippet:-1, max-image-preview:large, max-video-preview:-1\" \/>\n<link rel=\"canonical\" href=\"https:\/\/blogdoprosperi.com\/?p=49983\" \/>\n<meta property=\"og:locale\" content=\"pt_BR\" \/>\n<meta property=\"og:type\" content=\"article\" \/>\n<meta property=\"og:title\" content=\"Como o Mundial de Clubes Pode Levar a Elite do futebol \u2013 Incluindo Messi \u2013 ao Limite - PR\u00d3SPERI NEWS\" \/>\n<meta property=\"og:description\" content=\"\u2666 Calend\u00e1rio demonstra &#8220;uma falta de considera\u00e7\u00e3o pela sa\u00fade mental e f\u00edsica dos jogadores participantes&#8221; \u2666 Messi deve [&hellip;]\" \/>\n<meta property=\"og:url\" content=\"https:\/\/blogdoprosperi.com\/?p=49983\" \/>\n<meta property=\"og:site_name\" content=\"PR\u00d3SPERI NEWS\" \/>\n<meta property=\"article:publisher\" content=\"Luiz Pr\u00f3speri\" \/>\n<meta property=\"article:author\" content=\"Luiz Pr\u00f3speri\" \/>\n<meta property=\"article:published_time\" content=\"2025-05-09T14:54:00+00:00\" \/>\n<meta property=\"article:modified_time\" content=\"2025-05-09T14:58:20+00:00\" \/>\n<meta property=\"og:image\" content=\"https:\/\/i0.wp.com\/blogdoprosperi.com\/wp-content\/uploads\/2025\/05\/captura-de-tela-2025-05-09-as-11.46.35.png?fit=1064%2C820&ssl=1\" \/>\n\t<meta property=\"og:image:width\" content=\"1064\" \/>\n\t<meta property=\"og:image:height\" content=\"820\" \/>\n\t<meta property=\"og:image:type\" content=\"image\/png\" \/>\n<meta name=\"author\" content=\"Luiz Ant\u00f4nio Pr\u00f3speri\" \/>\n<meta name=\"twitter:card\" content=\"summary_large_image\" \/>\n<meta name=\"twitter:creator\" content=\"@Luizprosperi\" \/>\n<meta name=\"twitter:site\" content=\"@Luizprosperi\" \/>\n<meta name=\"twitter:label1\" content=\"Escrito por\" \/>\n\t<meta name=\"twitter:data1\" content=\"Luiz Ant\u00f4nio Pr\u00f3speri\" \/>\n\t<meta name=\"twitter:label2\" content=\"Est. tempo de leitura\" \/>\n\t<meta name=\"twitter:data2\" content=\"11 minutos\" \/>\n<script type=\"application\/ld+json\" class=\"yoast-schema-graph\">{\"@context\":\"https:\\\/\\\/schema.org\",\"@graph\":[{\"@type\":\"Article\",\"@id\":\"https:\\\/\\\/blogdoprosperi.com\\\/?p=49983#article\",\"isPartOf\":{\"@id\":\"https:\\\/\\\/blogdoprosperi.com\\\/?p=49983\"},\"author\":{\"name\":\"Luiz Ant\u00f4nio Pr\u00f3speri\",\"@id\":\"https:\\\/\\\/blogdoprosperi.com\\\/#\\\/schema\\\/person\\\/38100755ce3601861ee4fab9b5aa78e9\"},\"headline\":\"Como o Mundial de Clubes Pode Levar a Elite do futebol \u2013 Incluindo Messi \u2013 ao Limite\",\"datePublished\":\"2025-05-09T14:54:00+00:00\",\"dateModified\":\"2025-05-09T14:58:20+00:00\",\"mainEntityOfPage\":{\"@id\":\"https:\\\/\\\/blogdoprosperi.com\\\/?p=49983\"},\"wordCount\":2244,\"commentCount\":0,\"publisher\":{\"@id\":\"https:\\\/\\\/blogdoprosperi.com\\\/#\\\/schema\\\/person\\\/38100755ce3601861ee4fab9b5aa78e9\"},\"image\":{\"@id\":\"https:\\\/\\\/blogdoprosperi.com\\\/?p=49983#primaryimage\"},\"thumbnailUrl\":\"https:\\\/\\\/i0.wp.com\\\/blogdoprosperi.com\\\/wp-content\\\/uploads\\\/2025\\\/05\\\/captura-de-tela-2025-05-09-as-11.46.35.png?fit=1064%2C820&ssl=1\",\"keywords\":[\"Flamengo\",\"futebol\",\"Kerem Akturkoglu\",\"Luiz Ant\u00f4nio Pr\u00f3speri\",\"Messi\",\"mundial de clubes Fifa 2025\",\"Palmeiras\",\"Sele\u00e7\u00e3o Brasileira\",\"Vini Jr\"],\"articleSection\":[\"futebol\",\"informa\u00e7\u00e3o\"],\"inLanguage\":\"pt-BR\",\"potentialAction\":[{\"@type\":\"CommentAction\",\"name\":\"Comment\",\"target\":[\"https:\\\/\\\/blogdoprosperi.com\\\/?p=49983#respond\"]}]},{\"@type\":\"WebPage\",\"@id\":\"https:\\\/\\\/blogdoprosperi.com\\\/?p=49983\",\"url\":\"https:\\\/\\\/blogdoprosperi.com\\\/?p=49983\",\"name\":\"Como o Mundial de Clubes Pode Levar a Elite do futebol \u2013 Incluindo Messi \u2013 ao Limite - PR\u00d3SPERI NEWS\",\"isPartOf\":{\"@id\":\"https:\\\/\\\/blogdoprosperi.com\\\/#website\"},\"primaryImageOfPage\":{\"@id\":\"https:\\\/\\\/blogdoprosperi.com\\\/?p=49983#primaryimage\"},\"image\":{\"@id\":\"https:\\\/\\\/blogdoprosperi.com\\\/?p=49983#primaryimage\"},\"thumbnailUrl\":\"https:\\\/\\\/i0.wp.com\\\/blogdoprosperi.com\\\/wp-content\\\/uploads\\\/2025\\\/05\\\/captura-de-tela-2025-05-09-as-11.46.35.png?fit=1064%2C820&ssl=1\",\"datePublished\":\"2025-05-09T14:54:00+00:00\",\"dateModified\":\"2025-05-09T14:58:20+00:00\",\"breadcrumb\":{\"@id\":\"https:\\\/\\\/blogdoprosperi.com\\\/?p=49983#breadcrumb\"},\"inLanguage\":\"pt-BR\",\"potentialAction\":[{\"@type\":\"ReadAction\",\"target\":[\"https:\\\/\\\/blogdoprosperi.com\\\/?p=49983\"]}]},{\"@type\":\"ImageObject\",\"inLanguage\":\"pt-BR\",\"@id\":\"https:\\\/\\\/blogdoprosperi.com\\\/?p=49983#primaryimage\",\"url\":\"https:\\\/\\\/i0.wp.com\\\/blogdoprosperi.com\\\/wp-content\\\/uploads\\\/2025\\\/05\\\/captura-de-tela-2025-05-09-as-11.46.35.png?fit=1064%2C820&ssl=1\",\"contentUrl\":\"https:\\\/\\\/i0.wp.com\\\/blogdoprosperi.com\\\/wp-content\\\/uploads\\\/2025\\\/05\\\/captura-de-tela-2025-05-09-as-11.46.35.png?fit=1064%2C820&ssl=1\",\"width\":1064,\"height\":820,\"caption\":\"Messi sobrecarregado de jogos \u2013 imagem: Inter Miami oficial\"},{\"@type\":\"BreadcrumbList\",\"@id\":\"https:\\\/\\\/blogdoprosperi.com\\\/?p=49983#breadcrumb\",\"itemListElement\":[{\"@type\":\"ListItem\",\"position\":1,\"name\":\"In\u00edcio\",\"item\":\"https:\\\/\\\/blogdoprosperi.com\\\/\"},{\"@type\":\"ListItem\",\"position\":2,\"name\":\"Como o Mundial de Clubes Pode Levar a Elite do futebol \u2013 Incluindo Messi \u2013 ao Limite\"}]},{\"@type\":\"WebSite\",\"@id\":\"https:\\\/\\\/blogdoprosperi.com\\\/#website\",\"url\":\"https:\\\/\\\/blogdoprosperi.com\\\/\",\"name\":\"PR\u00d3SPERI NEWS\",\"description\":\"TUDO \u00c9  FUTEBOL\",\"publisher\":{\"@id\":\"https:\\\/\\\/blogdoprosperi.com\\\/#\\\/schema\\\/person\\\/38100755ce3601861ee4fab9b5aa78e9\"},\"alternateName\":\"blogdoprosperi.com\",\"potentialAction\":[{\"@type\":\"SearchAction\",\"target\":{\"@type\":\"EntryPoint\",\"urlTemplate\":\"https:\\\/\\\/blogdoprosperi.com\\\/?s={search_term_string}\"},\"query-input\":{\"@type\":\"PropertyValueSpecification\",\"valueRequired\":true,\"valueName\":\"search_term_string\"}}],\"inLanguage\":\"pt-BR\"},{\"@type\":[\"Person\",\"Organization\"],\"@id\":\"https:\\\/\\\/blogdoprosperi.com\\\/#\\\/schema\\\/person\\\/38100755ce3601861ee4fab9b5aa78e9\",\"name\":\"Luiz Ant\u00f4nio Pr\u00f3speri\",\"pronouns\":\"ele\",\"image\":{\"@type\":\"ImageObject\",\"inLanguage\":\"pt-BR\",\"@id\":\"https:\\\/\\\/i0.wp.com\\\/blogdoprosperi.com\\\/wp-content\\\/uploads\\\/2026\\\/05\\\/cropped-8059e613-6002-42fa-961e-8e275f575d71-2-5.jpg?fit=1360%2C931&ssl=1\",\"url\":\"https:\\\/\\\/i0.wp.com\\\/blogdoprosperi.com\\\/wp-content\\\/uploads\\\/2026\\\/05\\\/cropped-8059e613-6002-42fa-961e-8e275f575d71-2-5.jpg?fit=1360%2C931&ssl=1\",\"contentUrl\":\"https:\\\/\\\/i0.wp.com\\\/blogdoprosperi.com\\\/wp-content\\\/uploads\\\/2026\\\/05\\\/cropped-8059e613-6002-42fa-961e-8e275f575d71-2-5.jpg?fit=1360%2C931&ssl=1\",\"width\":1360,\"height\":931,\"caption\":\"Luiz Ant\u00f4nio Pr\u00f3speri\"},\"logo\":{\"@id\":\"https:\\\/\\\/i0.wp.com\\\/blogdoprosperi.com\\\/wp-content\\\/uploads\\\/2026\\\/05\\\/cropped-8059e613-6002-42fa-961e-8e275f575d71-2-5.jpg?fit=1360%2C931&ssl=1\"},\"description\":\"Jornalista com carreira dedicada ao esporte. Cobriu 9 Copas do Mundo in loco, 1990 na It\u00e1lia, 1994 nos EUA, 1998 na Fran\u00e7a, 2002 na Coreia do Sul e Jap\u00e3o, 2006 na Alemanha, 2010 na \u00c1frica do Sul, 2014 no Brasil, 2018 na R\u00fassia e 2022 no Qatar. Eurocopas, 1992 na Su\u00e9cia e 1996 na Inglaterra. Copa das Confedera\u00e7\u00f5es de 2005 na Alemanha e 2009 na \u00c1frica do Sul. Rep\u00f3rter e Editor, trabalhou no Jornal da Tarde e Estad\u00e3o, de 1984 a fevereiro de 2016. Colunista, blogueiro. E comentarista de futebol na R\u00e1dio Estad\u00e3o, de 2013 a fevereiro de 2016. Jornalista respons\u00e1vel do \\\"Pr\u00f3speri News\\\" (blogdoprosperi.com).\",\"sameAs\":[\"http:\\\/\\\/blogdoprosperi.com\",\"Luiz Pr\u00f3speri\",\"@luiz_prosperi\",\"https:\\\/\\\/x.com\\\/Luizprosperi\",\"@prosperinacopa\",\"luiz.prosperi@icloud.com\"],\"url\":\"https:\\\/\\\/blogdoprosperi.com\\\/?author=102107496\"}]}<\/script>\n<!-- \/ Yoast SEO plugin. -->","yoast_head_json":{"title":"Como o Mundial de Clubes Pode Levar a Elite do futebol \u2013 Incluindo Messi \u2013 ao Limite - PR\u00d3SPERI NEWS","robots":{"index":"index","follow":"follow","max-snippet":"max-snippet:-1","max-image-preview":"max-image-preview:large","max-video-preview":"max-video-preview:-1"},"canonical":"https:\/\/blogdoprosperi.com\/?p=49983","og_locale":"pt_BR","og_type":"article","og_title":"Como o Mundial de Clubes Pode Levar a Elite do futebol \u2013 Incluindo Messi \u2013 ao Limite - PR\u00d3SPERI NEWS","og_description":"\u2666 Calend\u00e1rio demonstra &#8220;uma falta de considera\u00e7\u00e3o pela sa\u00fade mental e f\u00edsica dos jogadores participantes&#8221; \u2666 Messi deve [&hellip;]","og_url":"https:\/\/blogdoprosperi.com\/?p=49983","og_site_name":"PR\u00d3SPERI NEWS","article_publisher":"Luiz Pr\u00f3speri","article_author":"Luiz Pr\u00f3speri","article_published_time":"2025-05-09T14:54:00+00:00","article_modified_time":"2025-05-09T14:58:20+00:00","og_image":[{"width":1064,"height":820,"url":"https:\/\/i0.wp.com\/blogdoprosperi.com\/wp-content\/uploads\/2025\/05\/captura-de-tela-2025-05-09-as-11.46.35.png?fit=1064%2C820&ssl=1","type":"image\/png"}],"author":"Luiz Ant\u00f4nio Pr\u00f3speri","twitter_card":"summary_large_image","twitter_creator":"@Luizprosperi","twitter_site":"@Luizprosperi","twitter_misc":{"Escrito por":"Luiz Ant\u00f4nio Pr\u00f3speri","Est. tempo de leitura":"11 minutos"},"schema":{"@context":"https:\/\/schema.org","@graph":[{"@type":"Article","@id":"https:\/\/blogdoprosperi.com\/?p=49983#article","isPartOf":{"@id":"https:\/\/blogdoprosperi.com\/?p=49983"},"author":{"name":"Luiz Ant\u00f4nio Pr\u00f3speri","@id":"https:\/\/blogdoprosperi.com\/#\/schema\/person\/38100755ce3601861ee4fab9b5aa78e9"},"headline":"Como o Mundial de Clubes Pode Levar a Elite do futebol \u2013 Incluindo Messi \u2013 ao Limite","datePublished":"2025-05-09T14:54:00+00:00","dateModified":"2025-05-09T14:58:20+00:00","mainEntityOfPage":{"@id":"https:\/\/blogdoprosperi.com\/?p=49983"},"wordCount":2244,"commentCount":0,"publisher":{"@id":"https:\/\/blogdoprosperi.com\/#\/schema\/person\/38100755ce3601861ee4fab9b5aa78e9"},"image":{"@id":"https:\/\/blogdoprosperi.com\/?p=49983#primaryimage"},"thumbnailUrl":"https:\/\/i0.wp.com\/blogdoprosperi.com\/wp-content\/uploads\/2025\/05\/captura-de-tela-2025-05-09-as-11.46.35.png?fit=1064%2C820&ssl=1","keywords":["Flamengo","futebol","Kerem Akturkoglu","Luiz Ant\u00f4nio Pr\u00f3speri","Messi","mundial de clubes Fifa 2025","Palmeiras","Sele\u00e7\u00e3o Brasileira","Vini Jr"],"articleSection":["futebol","informa\u00e7\u00e3o"],"inLanguage":"pt-BR","potentialAction":[{"@type":"CommentAction","name":"Comment","target":["https:\/\/blogdoprosperi.com\/?p=49983#respond"]}]},{"@type":"WebPage","@id":"https:\/\/blogdoprosperi.com\/?p=49983","url":"https:\/\/blogdoprosperi.com\/?p=49983","name":"Como o Mundial de Clubes Pode Levar a Elite do futebol \u2013 Incluindo Messi \u2013 ao Limite - PR\u00d3SPERI NEWS","isPartOf":{"@id":"https:\/\/blogdoprosperi.com\/#website"},"primaryImageOfPage":{"@id":"https:\/\/blogdoprosperi.com\/?p=49983#primaryimage"},"image":{"@id":"https:\/\/blogdoprosperi.com\/?p=49983#primaryimage"},"thumbnailUrl":"https:\/\/i0.wp.com\/blogdoprosperi.com\/wp-content\/uploads\/2025\/05\/captura-de-tela-2025-05-09-as-11.46.35.png?fit=1064%2C820&ssl=1","datePublished":"2025-05-09T14:54:00+00:00","dateModified":"2025-05-09T14:58:20+00:00","breadcrumb":{"@id":"https:\/\/blogdoprosperi.com\/?p=49983#breadcrumb"},"inLanguage":"pt-BR","potentialAction":[{"@type":"ReadAction","target":["https:\/\/blogdoprosperi.com\/?p=49983"]}]},{"@type":"ImageObject","inLanguage":"pt-BR","@id":"https:\/\/blogdoprosperi.com\/?p=49983#primaryimage","url":"https:\/\/i0.wp.com\/blogdoprosperi.com\/wp-content\/uploads\/2025\/05\/captura-de-tela-2025-05-09-as-11.46.35.png?fit=1064%2C820&ssl=1","contentUrl":"https:\/\/i0.wp.com\/blogdoprosperi.com\/wp-content\/uploads\/2025\/05\/captura-de-tela-2025-05-09-as-11.46.35.png?fit=1064%2C820&ssl=1","width":1064,"height":820,"caption":"Messi sobrecarregado de jogos \u2013 imagem: Inter Miami oficial"},{"@type":"BreadcrumbList","@id":"https:\/\/blogdoprosperi.com\/?p=49983#breadcrumb","itemListElement":[{"@type":"ListItem","position":1,"name":"In\u00edcio","item":"https:\/\/blogdoprosperi.com\/"},{"@type":"ListItem","position":2,"name":"Como o Mundial de Clubes Pode Levar a Elite do futebol \u2013 Incluindo Messi \u2013 ao Limite"}]},{"@type":"WebSite","@id":"https:\/\/blogdoprosperi.com\/#website","url":"https:\/\/blogdoprosperi.com\/","name":"PR\u00d3SPERI NEWS","description":"TUDO \u00c9  FUTEBOL","publisher":{"@id":"https:\/\/blogdoprosperi.com\/#\/schema\/person\/38100755ce3601861ee4fab9b5aa78e9"},"alternateName":"blogdoprosperi.com","potentialAction":[{"@type":"SearchAction","target":{"@type":"EntryPoint","urlTemplate":"https:\/\/blogdoprosperi.com\/?s={search_term_string}"},"query-input":{"@type":"PropertyValueSpecification","valueRequired":true,"valueName":"search_term_string"}}],"inLanguage":"pt-BR"},{"@type":["Person","Organization"],"@id":"https:\/\/blogdoprosperi.com\/#\/schema\/person\/38100755ce3601861ee4fab9b5aa78e9","name":"Luiz Ant\u00f4nio Pr\u00f3speri","pronouns":"ele","image":{"@type":"ImageObject","inLanguage":"pt-BR","@id":"https:\/\/i0.wp.com\/blogdoprosperi.com\/wp-content\/uploads\/2026\/05\/cropped-8059e613-6002-42fa-961e-8e275f575d71-2-5.jpg?fit=1360%2C931&ssl=1","url":"https:\/\/i0.wp.com\/blogdoprosperi.com\/wp-content\/uploads\/2026\/05\/cropped-8059e613-6002-42fa-961e-8e275f575d71-2-5.jpg?fit=1360%2C931&ssl=1","contentUrl":"https:\/\/i0.wp.com\/blogdoprosperi.com\/wp-content\/uploads\/2026\/05\/cropped-8059e613-6002-42fa-961e-8e275f575d71-2-5.jpg?fit=1360%2C931&ssl=1","width":1360,"height":931,"caption":"Luiz Ant\u00f4nio Pr\u00f3speri"},"logo":{"@id":"https:\/\/i0.wp.com\/blogdoprosperi.com\/wp-content\/uploads\/2026\/05\/cropped-8059e613-6002-42fa-961e-8e275f575d71-2-5.jpg?fit=1360%2C931&ssl=1"},"description":"Jornalista com carreira dedicada ao esporte. Cobriu 9 Copas do Mundo in loco, 1990 na It\u00e1lia, 1994 nos EUA, 1998 na Fran\u00e7a, 2002 na Coreia do Sul e Jap\u00e3o, 2006 na Alemanha, 2010 na \u00c1frica do Sul, 2014 no Brasil, 2018 na R\u00fassia e 2022 no Qatar. Eurocopas, 1992 na Su\u00e9cia e 1996 na Inglaterra. Copa das Confedera\u00e7\u00f5es de 2005 na Alemanha e 2009 na \u00c1frica do Sul. Rep\u00f3rter e Editor, trabalhou no Jornal da Tarde e Estad\u00e3o, de 1984 a fevereiro de 2016. Colunista, blogueiro. E comentarista de futebol na R\u00e1dio Estad\u00e3o, de 2013 a fevereiro de 2016. Jornalista respons\u00e1vel do \"Pr\u00f3speri News\" (blogdoprosperi.com).","sameAs":["http:\/\/blogdoprosperi.com","Luiz Pr\u00f3speri","@luiz_prosperi","https:\/\/x.com\/Luizprosperi","@prosperinacopa","luiz.prosperi@icloud.com"],"url":"https:\/\/blogdoprosperi.com\/?author=102107496"}]}},"jetpack_publicize_connections":[],"jetpack_likes_enabled":false,"jetpack_sharing_enabled":true,"jetpack_shortlink":"https:\/\/wp.me\/p7jvdk-d0b","jetpack-related-posts":[{"id":38849,"url":"https:\/\/blogdoprosperi.com\/?p=38849","url_meta":{"origin":49983,"position":0},"title":"Messi levanta a ta\u00e7a, Neymar derruba l\u00e1grimas. Tite pode pagar a conta","author":"Luiz Ant\u00f4nio Pr\u00f3speri","date":"11 de julho de 2021","format":false,"excerpt":"Se a CBF estivesse navegando em \u00e1guas calmas, uma hora dessa Tite n\u00e3o seria mais t\u00e9cnico da Sele\u00e7\u00e3o Brasileira.","rel":"","context":"Em &quot;copa do mundo catar 2022&quot;","block_context":{"text":"copa do mundo catar 2022","link":"https:\/\/blogdoprosperi.com\/?cat=301049609"},"img":{"alt_text":"Argentina campe\u00e3 Copa Am\u00e9rica 2021","src":"https:\/\/i0.wp.com\/blogdoprosperi.com\/wp-content\/uploads\/2021\/07\/kcefarf2inn6vmg6o6qxr72bdi.jpg?fit=1200%2C787&ssl=1&resize=350%2C200","width":350,"height":200,"srcset":"https:\/\/i0.wp.com\/blogdoprosperi.com\/wp-content\/uploads\/2021\/07\/kcefarf2inn6vmg6o6qxr72bdi.jpg?fit=1200%2C787&ssl=1&resize=350%2C200 1x, https:\/\/i0.wp.com\/blogdoprosperi.com\/wp-content\/uploads\/2021\/07\/kcefarf2inn6vmg6o6qxr72bdi.jpg?fit=1200%2C787&ssl=1&resize=525%2C300 1.5x, https:\/\/i0.wp.com\/blogdoprosperi.com\/wp-content\/uploads\/2021\/07\/kcefarf2inn6vmg6o6qxr72bdi.jpg?fit=1200%2C787&ssl=1&resize=700%2C400 2x, https:\/\/i0.wp.com\/blogdoprosperi.com\/wp-content\/uploads\/2021\/07\/kcefarf2inn6vmg6o6qxr72bdi.jpg?fit=1200%2C787&ssl=1&resize=1050%2C600 3x"},"classes":[]},{"id":31793,"url":"https:\/\/blogdoprosperi.com\/?p=31793","url_meta":{"origin":49983,"position":1},"title":"Neymar desafia seu parceiro Messi","author":"Luiz Ant\u00f4nio Pr\u00f3speri","date":"10 de novembro de 2016","format":false,"excerpt":"Sele\u00e7\u00e3o Brasileira volta ao Mineir\u00e3o do 7 a 1 com outra cara no duelo contra rival Argentina. Craque brasileiro vive expectativa de enquadrar na bola seu companheiro de Barcelona Neymar recebe Messi no Mineir\u00e3o de amarga lembran\u00e7a. Leais companheiros de Barcelona e letais aos advers\u00e1rios, s\u00e3o chamados ao duelo neste\u2026","rel":"","context":"Em &quot;Campeonato Brasileiro&quot;","block_context":{"text":"Campeonato Brasileiro","link":"https:\/\/blogdoprosperi.com\/?cat=355071"},"img":{"alt_text":"","src":"https:\/\/i0.wp.com\/blogdoprosperi.com\/wp-content\/uploads\/2016\/11\/neymessi.jpg?resize=350%2C200&ssl=1","width":350,"height":200,"srcset":"https:\/\/i0.wp.com\/blogdoprosperi.com\/wp-content\/uploads\/2016\/11\/neymessi.jpg?resize=350%2C200&ssl=1 1x, https:\/\/i0.wp.com\/blogdoprosperi.com\/wp-content\/uploads\/2016\/11\/neymessi.jpg?resize=525%2C300&ssl=1 1.5x"},"classes":[]},{"id":52184,"url":"https:\/\/blogdoprosperi.com\/?p=52184","url_meta":{"origin":49983,"position":2},"title":"Messi se Despede do Mundial de Clubes | Conhe\u00e7a Tributo da Fifa ao Craque Argentino","author":"Luiz Ant\u00f4nio Pr\u00f3speri","date":"29 de junho de 2025","format":false,"excerpt":"Lionel Messi se despede do Mundial de Clubes neste domingo (29\/6) com derrota do Inter Miami para o PSG. Em seu site oficial, Fifa presta homenagem ao genial jogador argentino com grandes momentos da carreira e fatos hist\u00f3ricos. Acompanhe: Clique aqui: https:\/\/www.fifa.com\/pt\/tournaments\/mens\/worldcup\/articles\/um-tributo-a-lionel-messi","rel":"","context":"Em &quot;Fifa&quot;","block_context":{"text":"Fifa","link":"https:\/\/blogdoprosperi.com\/?cat=187969"},"img":{"alt_text":"","src":"https:\/\/i0.wp.com\/blogdoprosperi.com\/wp-content\/uploads\/2025\/05\/captura-de-tela-2025-05-09-as-11.46.35.png?fit=1064%2C820&ssl=1&resize=350%2C200","width":350,"height":200,"srcset":"https:\/\/i0.wp.com\/blogdoprosperi.com\/wp-content\/uploads\/2025\/05\/captura-de-tela-2025-05-09-as-11.46.35.png?fit=1064%2C820&ssl=1&resize=350%2C200 1x, https:\/\/i0.wp.com\/blogdoprosperi.com\/wp-content\/uploads\/2025\/05\/captura-de-tela-2025-05-09-as-11.46.35.png?fit=1064%2C820&ssl=1&resize=525%2C300 1.5x, https:\/\/i0.wp.com\/blogdoprosperi.com\/wp-content\/uploads\/2025\/05\/captura-de-tela-2025-05-09-as-11.46.35.png?fit=1064%2C820&ssl=1&resize=700%2C400 2x, https:\/\/i0.wp.com\/blogdoprosperi.com\/wp-content\/uploads\/2025\/05\/captura-de-tela-2025-05-09-as-11.46.35.png?fit=1064%2C820&ssl=1&resize=1050%2C600 3x"},"classes":[]},{"id":60050,"url":"https:\/\/blogdoprosperi.com\/?p=60050","url_meta":{"origin":49983,"position":3},"title":"Caminho do Brasil at\u00e9 o Hexa tem todos artilheiros da Copa pela frente","author":"Luiz Ant\u00f4nio Pr\u00f3speri","date":"1 de julho de 2026","format":false,"excerpt":"Luiz Ant\u00f4nio Pr\u00f3speri, de Morristown, 1 julho 2026 (19h11) Carlo Ancelotti franze a sobrancelha s\u00f3 de pensar o que ter\u00e1 pela frente se o Brasil avan\u00e7ar at\u00e9 a final da Copa 2026. Nesta ordem, Haaland, Harry Kane, Lionel Messi e Mbapp\u00e9. Os quatro atacantes somam 22 gols, entre a fase\u2026","rel":"","context":"Em &quot;copa 2026&quot;","block_context":{"text":"copa 2026","link":"https:\/\/blogdoprosperi.com\/?cat=36820279"},"img":{"alt_text":"","src":"https:\/\/i0.wp.com\/blogdoprosperi.com\/wp-content\/uploads\/2026\/07\/Captura-de-Tela-2026-07-01-as-19.13.46.png?fit=1200%2C555&ssl=1&resize=350%2C200","width":350,"height":200,"srcset":"https:\/\/i0.wp.com\/blogdoprosperi.com\/wp-content\/uploads\/2026\/07\/Captura-de-Tela-2026-07-01-as-19.13.46.png?fit=1200%2C555&ssl=1&resize=350%2C200 1x, https:\/\/i0.wp.com\/blogdoprosperi.com\/wp-content\/uploads\/2026\/07\/Captura-de-Tela-2026-07-01-as-19.13.46.png?fit=1200%2C555&ssl=1&resize=525%2C300 1.5x, https:\/\/i0.wp.com\/blogdoprosperi.com\/wp-content\/uploads\/2026\/07\/Captura-de-Tela-2026-07-01-as-19.13.46.png?fit=1200%2C555&ssl=1&resize=700%2C400 2x, https:\/\/i0.wp.com\/blogdoprosperi.com\/wp-content\/uploads\/2026\/07\/Captura-de-Tela-2026-07-01-as-19.13.46.png?fit=1200%2C555&ssl=1&resize=1050%2C600 3x"},"classes":[]},{"id":5986,"url":"https:\/\/blogdoprosperi.com\/?p=5986","url_meta":{"origin":49983,"position":4},"title":"Neymar desiste de concorrer a melhor do mundo em 2016","author":"Luiz Ant\u00f4nio Pr\u00f3speri","date":"17 de maio de 2016","format":false,"excerpt":"\u00a0 Craque sai de cena em junho, ao aceitar pedido da CBF para disputar a Olimp\u00edada do Rio, e v\u00ea distante projeto de ser eleito o Bola de Ouro da Fifa no fim do ano Neymar desistiu de se credenciar a melhor jogador do mundo nesta temporada de 2016, na\u2026","rel":"","context":"Em &quot;futebol&quot;","block_context":{"text":"futebol","link":"https:\/\/blogdoprosperi.com\/?cat=53870"},"img":{"alt_text":"","src":"https:\/\/i0.wp.com\/blogdoprosperi.com\/wp-content\/uploads\/2016\/05\/16085103.jpeg?resize=350%2C200&ssl=1","width":350,"height":200,"srcset":"https:\/\/i0.wp.com\/blogdoprosperi.com\/wp-content\/uploads\/2016\/05\/16085103.jpeg?resize=350%2C200&ssl=1 1x, https:\/\/i0.wp.com\/blogdoprosperi.com\/wp-content\/uploads\/2016\/05\/16085103.jpeg?resize=525%2C300&ssl=1 1.5x"},"classes":[]},{"id":46726,"url":"https:\/\/blogdoprosperi.com\/?p=46726","url_meta":{"origin":49983,"position":5},"title":"Palmeiras Encara Messi, Porto e Time do Egito em Grupo Tranquilo no Mundial de Clubes 2025","author":"Luiz Ant\u00f4nio Pr\u00f3speri","date":"5 de dezembro de 2024","format":false,"excerpt":"Luiz Ant\u00f4nio Pr\u00f3speri \u2013 5 dezembro (16h51) \u2013 Palmeiras entra no Grupo A com Porto (Portugal), Internacional Miami de Lionel Messi e Al Haly (Egito). Time de Abel Ferreira estreia contra o Porto. Enfrenta o Al Haly no segundo jogo e fecha fase de grupos contra o Inter do craque\u2026","rel":"","context":"Em &quot;futebol&quot;","block_context":{"text":"futebol","link":"https:\/\/blogdoprosperi.com\/?cat=53870"},"img":{"alt_text":"","src":"https:\/\/i0.wp.com\/blogdoprosperi.com\/wp-content\/uploads\/2024\/12\/captura-de-tela-2024-12-05-as-16.50.07.png?fit=1134%2C1092&ssl=1&resize=350%2C200","width":350,"height":200,"srcset":"https:\/\/i0.wp.com\/blogdoprosperi.com\/wp-content\/uploads\/2024\/12\/captura-de-tela-2024-12-05-as-16.50.07.png?fit=1134%2C1092&ssl=1&resize=350%2C200 1x, https:\/\/i0.wp.com\/blogdoprosperi.com\/wp-content\/uploads\/2024\/12\/captura-de-tela-2024-12-05-as-16.50.07.png?fit=1134%2C1092&ssl=1&resize=525%2C300 1.5x, https:\/\/i0.wp.com\/blogdoprosperi.com\/wp-content\/uploads\/2024\/12\/captura-de-tela-2024-12-05-as-16.50.07.png?fit=1134%2C1092&ssl=1&resize=700%2C400 2x, https:\/\/i0.wp.com\/blogdoprosperi.com\/wp-content\/uploads\/2024\/12\/captura-de-tela-2024-12-05-as-16.50.07.png?fit=1134%2C1092&ssl=1&resize=1050%2C600 3x"},"classes":[]}],"jetpack_featured_media_url":"https:\/\/i0.wp.com\/blogdoprosperi.com\/wp-content\/uploads\/2025\/05\/captura-de-tela-2025-05-09-as-11.46.35.png?fit=1064%2C820&ssl=1","_links":{"self":[{"href":"https:\/\/blogdoprosperi.com\/index.php?rest_route=\/wp\/v2\/posts\/49983","targetHints":{"allow":["GET"]}}],"collection":[{"href":"https:\/\/blogdoprosperi.com\/index.php?rest_route=\/wp\/v2\/posts"}],"about":[{"href":"https:\/\/blogdoprosperi.com\/index.php?rest_route=\/wp\/v2\/types\/post"}],"author":[{"embeddable":true,"href":"https:\/\/blogdoprosperi.com\/index.php?rest_route=\/wp\/v2\/users\/102107496"}],"replies":[{"embeddable":true,"href":"https:\/\/blogdoprosperi.com\/index.php?rest_route=%2Fwp%2Fv2%2Fcomments&post=49983"}],"version-history":[{"count":21,"href":"https:\/\/blogdoprosperi.com\/index.php?rest_route=\/wp\/v2\/posts\/49983\/revisions"}],"predecessor-version":[{"id":50008,"href":"https:\/\/blogdoprosperi.com\/index.php?rest_route=\/wp\/v2\/posts\/49983\/revisions\/50008"}],"wp:featuredmedia":[{"embeddable":true,"href":"https:\/\/blogdoprosperi.com\/index.php?rest_route=\/wp\/v2\/media\/49999"}],"wp:attachment":[{"href":"https:\/\/blogdoprosperi.com\/index.php?rest_route=%2Fwp%2Fv2%2Fmedia&parent=49983"}],"wp:term":[{"taxonomy":"category","embeddable":true,"href":"https:\/\/blogdoprosperi.com\/index.php?rest_route=%2Fwp%2Fv2%2Fcategories&post=49983"},{"taxonomy":"post_tag","embeddable":true,"href":"https:\/\/blogdoprosperi.com\/index.php?rest_route=%2Fwp%2Fv2%2Ftags&post=49983"}],"curies":[{"name":"wp","href":"https:\/\/api.w.org\/{rel}","templated":true}]}}