{"id":50059,"date":"2025-05-12T12:08:00","date_gmt":"2025-05-12T15:08:00","guid":{"rendered":"https:\/\/blogdoprosperi.com\/?p=50059"},"modified":"2025-05-12T12:23:48","modified_gmt":"2025-05-12T15:23:48","slug":"ancelotti-assume-selecao-brasileira-agora-somos-europeus-da-cabeca-aos-pes","status":"publish","type":"post","link":"https:\/\/blogdoprosperi.com\/?p=50059","title":{"rendered":"Ancelotti Assume Sele\u00e7\u00e3o Brasileira | Agora Somos Europeus da Cabe\u00e7a aos P\u00e9s"},"content":{"rendered":"<hr \/>\n<p><strong>\u2666 Quest\u00e3o agora \u00e9 entender como vai se comportar Ancelotti nesse cen\u00e1rio de incertezas da CBF, todo o caldo das imperfei\u00e7\u00f5es do nosso futebol<\/strong><\/p>\n<p><strong>\u2666 Nossa ess\u00eancia no mundo da bola acaba de ser chutada para o outro lado do Atl\u00e2ntico<\/strong><\/p>\n<hr \/>\n<p><em>Luiz Ant\u00f4nio Pr\u00f3speri \u2013 12 maio (11h52)<\/em><\/p>\n<p>Carlo Ancelotti \u00e9 novo t\u00e9cnico da Sele\u00e7\u00e3o Brasileira, anuncia a CBF nesta segunda-feira (12\/5). Contrata\u00e7\u00e3o se arrastava desde 2023. Entre o sim do italiano e a confirma\u00e7\u00e3o do acordo, Sele\u00e7\u00e3o enfrenta uma de suas piores crises da hist\u00f3ria com derrotas humilhantes, perda de identidade e distanciamento da torcida. Tarefa de Ancelotti \u00e9 estancar a sangria e devolver ao escrete o futebol pentacampe\u00e3o do mundo.<\/p>\n<p>N\u00e3o custa alertar: Ancelotti tem contrato com o Real Madrid at\u00e9 2026 e o clube espanhol n\u00e3o havia anunciado, at\u00e9 as 12h15 desta segunda-feira (12\/5), a sa\u00edda do t\u00e9cnico italiano.<\/p>\n<p>Antes das min\u00facias e expectativas do trabalho a ser executado por Ancelotti, a \u00fanica boa not\u00edcia at\u00e9 aqui \u00e9 que agora a Sele\u00e7\u00e3o tem um comandante de respeito internacional. E vencedor em todas ligas europeias.<\/p>\n<p>Se o Brasil queria ser europeu da cabe\u00e7a aos p\u00e9s no futebol, o desejo est\u00e1 realizado.<\/p>\n<p>Temos um t\u00e9cnico da Europa e jogadores em sua maioria atuando no continente a validar todas patentes do futebol estrangeiro.<\/p>\n<p>Nossa ess\u00eancia no mundo da bola acaba de ser chutada para o outro lado do Atl\u00e2ntico.<\/p>\n<p><a href=\"https:\/\/www.instagram.com\/p\/DJjnSUTNb-l\/?utm_source=ig_web_copy_link&#038;igsh=MzRlODBiNWFlZA==\" rel=\"nofollow\">https:\/\/www.instagram.com\/p\/DJjnSUTNb-l\/?utm_source=ig_web_copy_link&#038;igsh=MzRlODBiNWFlZA==<\/a><\/p>\n<p>Contrato de Ancelotti vai at\u00e9 a Copa do Mundo 2026. <strong>E a estreia est\u00e1 marcada contra Equador em Guayquil e Paraguai na Neo Qu\u00edmica Arena do Corinthians, em junho.<\/strong><\/p>\n<p>Ancelotti, primeiro t\u00e9cnico estrangeiro a comandar a Sele\u00e7\u00e3o Brasileira na era do profissionalismo, chega em um momento de pouco sucesso no Real Madrid sem carimbar um t\u00edtulo na temporada.<\/p>\n<p>Expectativa \u00e9 a primeira convoca\u00e7\u00e3o, prevista para dia 26 de maio. E, mais s\u00e9rio, como ser\u00e1 a rela\u00e7\u00e3o do italiano com o futebol brasileiro.<\/p>\n<p>\u00c9 evidente as boas amizades de Ancelotti com Falc\u00e3o, astro do Brasil e Roma na d\u00e9cada de 1980, Kak\u00e1, na \u00e9poca de Milan entre 2003 e 2009, Ronaldo Fen\u00f4meno, Junior e at\u00e9 Tite, que tem no t\u00e9cnico italiano um guru.<\/p>\n<p>A quest\u00e3o que se coloca \u00e9 entender como vai se comportar Ancelotti nesse cen\u00e1rio de incertezas jur\u00eddicas e gest\u00e3o temer\u00e1ria da CBF, todo o caldo das imperfei\u00e7\u00f5es do nosso futebol.<\/p>\n<figure id=\"attachment_50063\" aria-describedby=\"caption-attachment-50063\" style=\"width: 650px\" class=\"wp-caption alignnone\"><img data-recalc-dims=\"1\" loading=\"lazy\" decoding=\"async\" data-attachment-id=\"50063\" data-permalink=\"https:\/\/blogdoprosperi.com\/?attachment_id=50063\" data-orig-file=\"https:\/\/i0.wp.com\/blogdoprosperi.com\/wp-content\/uploads\/2025\/05\/ancelotti-e-muito-querido-pelos-atletas-brasileiros-com-quem-trabalha-atualmente-no-real-madrid_3_57142-1.webp?fit=650%2C400&amp;ssl=1\" data-orig-size=\"650,400\" data-comments-opened=\"1\" data-image-meta=\"{&quot;aperture&quot;:&quot;0&quot;,&quot;credit&quot;:&quot;&quot;,&quot;camera&quot;:&quot;&quot;,&quot;caption&quot;:&quot;&quot;,&quot;created_timestamp&quot;:&quot;0&quot;,&quot;copyright&quot;:&quot;&quot;,&quot;focal_length&quot;:&quot;0&quot;,&quot;iso&quot;:&quot;0&quot;,&quot;shutter_speed&quot;:&quot;0&quot;,&quot;title&quot;:&quot;&quot;,&quot;orientation&quot;:&quot;0&quot;}\" data-image-title=\"Ancelotti e os brasileiros no Real Madrid\" data-image-description=\"\" data-image-caption=\"&lt;p&gt;Ancelotti celebra t\u00edtulo do Real Madrid com jogadores da Sele\u00e7\u00e3o Brasileira \u2013 foto: reprodu\u00e7\u00e3o Instagram&lt;\/p&gt;\n\" data-large-file=\"https:\/\/i0.wp.com\/blogdoprosperi.com\/wp-content\/uploads\/2025\/05\/ancelotti-e-muito-querido-pelos-atletas-brasileiros-com-quem-trabalha-atualmente-no-real-madrid_3_57142-1.webp?fit=650%2C400&amp;ssl=1\" class=\"size-full wp-image-50063\" src=\"https:\/\/i0.wp.com\/blogdoprosperi.com\/wp-content\/uploads\/2025\/05\/ancelotti-e-muito-querido-pelos-atletas-brasileiros-com-quem-trabalha-atualmente-no-real-madrid_3_57142-1.webp?resize=650%2C400&#038;ssl=1\" alt=\"Ancelotti \u00e9 o novo t\u00e9cnico da Sele\u00e7\u00e3o Brasileira\" width=\"650\" height=\"400\" \/><figcaption id=\"caption-attachment-50063\" class=\"wp-caption-text\"><em>Ancelotti celebra t\u00edtulo do Real Madrid com jogadores brasileiros \u2013 foto: reprodu\u00e7\u00e3o Instagram<\/em><\/figcaption><\/figure>\n","protected":false},"excerpt":{"rendered":"<p>\u2666 Quest\u00e3o agora \u00e9 entender como vai se comportar Ancelotti nesse cen\u00e1rio de incertezas da CBF, todo o [&hellip;]<\/p>\n","protected":false},"author":102107496,"featured_media":50077,"comment_status":"open","ping_status":"open","sticky":false,"template":"","format":"standard","meta":{"_coblocks_attr":"","_coblocks_dimensions":"","_coblocks_responsive_height":"","_coblocks_accordion_ie_support":"","_jetpack_newsletter_access":"","_jetpack_dont_email_post_to_subs":false,"_jetpack_newsletter_tier_id":0,"_jetpack_memberships_contains_paywalled_content":false,"_wpcom_ai_launchpad_first_post":false,"_jetpack_feature_clip_id":0,"_jetpack_memberships_contains_paid_content":false,"footnotes":"","jetpack_publicize_message":"","jetpack_publicize_feature_enabled":true,"jetpack_social_post_already_shared":false,"jetpack_social_options":{"image_generator_settings":{"template":"highway","default_image_id":0,"font":"","enabled":false},"version":2},"jetpack_post_was_ever_published":false},"categories":[53870,20384],"tags":[1127145,789560569,789560577,789560560,113834,789560573,11740834,78820,1805387,789560562,1814220,646227778],"class_list":["post-50059","post","type-post","status-publish","format-standard","has-post-thumbnail","hentry","category-futebol","category-informacao","tag-carlo-ancelotti","tag-cbf","tag-copa-do-mundo-2026","tag-futebol","tag-kaka","tag-luiz-antonio-prosperi","tag-paulo-roberto-falcao","tag-real-madrid","tag-ronaldo-fenomeno","tag-selecao-brasileira","tag-tite","tag-vini-jr"],"yoast_head":"<!-- This site is optimized with the Yoast SEO plugin v28.3 - https:\/\/yoast.com\/product\/yoast-seo-wordpress\/ -->\n<title>Ancelotti Assume Sele\u00e7\u00e3o Brasileira | Agora Somos Europeus da Cabe\u00e7a aos P\u00e9s - PR\u00d3SPERI NEWS<\/title>\n<meta name=\"robots\" content=\"index, follow, max-snippet:-1, max-image-preview:large, max-video-preview:-1\" \/>\n<link rel=\"canonical\" href=\"https:\/\/blogdoprosperi.com\/?p=50059\" \/>\n<meta property=\"og:locale\" content=\"pt_BR\" \/>\n<meta property=\"og:type\" content=\"article\" \/>\n<meta property=\"og:title\" content=\"Ancelotti Assume Sele\u00e7\u00e3o Brasileira | Agora Somos Europeus da Cabe\u00e7a aos P\u00e9s - PR\u00d3SPERI NEWS\" \/>\n<meta property=\"og:description\" content=\"\u2666 Quest\u00e3o agora \u00e9 entender como vai se comportar Ancelotti nesse cen\u00e1rio de incertezas da CBF, todo o [&hellip;]\" \/>\n<meta property=\"og:url\" content=\"https:\/\/blogdoprosperi.com\/?p=50059\" \/>\n<meta property=\"og:site_name\" content=\"PR\u00d3SPERI NEWS\" \/>\n<meta property=\"article:publisher\" content=\"Luiz Pr\u00f3speri\" \/>\n<meta property=\"article:author\" content=\"Luiz Pr\u00f3speri\" \/>\n<meta property=\"article:published_time\" content=\"2025-05-12T15:08:00+00:00\" \/>\n<meta property=\"article:modified_time\" content=\"2025-05-12T15:23:48+00:00\" \/>\n<meta property=\"og:image\" content=\"https:\/\/i0.wp.com\/blogdoprosperi.com\/wp-content\/uploads\/2025\/05\/captura-de-tela-2025-05-12-as-12.15.15.png?fit=790%2C682&ssl=1\" \/>\n\t<meta property=\"og:image:width\" content=\"790\" \/>\n\t<meta property=\"og:image:height\" content=\"682\" \/>\n\t<meta property=\"og:image:type\" content=\"image\/png\" \/>\n<meta name=\"author\" content=\"Luiz Ant\u00f4nio Pr\u00f3speri\" \/>\n<meta name=\"twitter:card\" content=\"summary_large_image\" \/>\n<meta name=\"twitter:creator\" content=\"@Luizprosperi\" \/>\n<meta name=\"twitter:site\" content=\"@Luizprosperi\" \/>\n<meta name=\"twitter:label1\" content=\"Escrito por\" \/>\n\t<meta name=\"twitter:data1\" content=\"Luiz Ant\u00f4nio Pr\u00f3speri\" \/>\n\t<meta name=\"twitter:label2\" content=\"Est. tempo de leitura\" \/>\n\t<meta name=\"twitter:data2\" content=\"2 minutos\" \/>\n<script type=\"application\/ld+json\" class=\"yoast-schema-graph\">{\"@context\":\"https:\\\/\\\/schema.org\",\"@graph\":[{\"@type\":\"Article\",\"@id\":\"https:\\\/\\\/blogdoprosperi.com\\\/?p=50059#article\",\"isPartOf\":{\"@id\":\"https:\\\/\\\/blogdoprosperi.com\\\/?p=50059\"},\"author\":{\"name\":\"Luiz Ant\u00f4nio Pr\u00f3speri\",\"@id\":\"https:\\\/\\\/blogdoprosperi.com\\\/#\\\/schema\\\/person\\\/38100755ce3601861ee4fab9b5aa78e9\"},\"headline\":\"Ancelotti Assume Sele\u00e7\u00e3o Brasileira | Agora Somos Europeus da Cabe\u00e7a aos P\u00e9s\",\"datePublished\":\"2025-05-12T15:08:00+00:00\",\"dateModified\":\"2025-05-12T15:23:48+00:00\",\"mainEntityOfPage\":{\"@id\":\"https:\\\/\\\/blogdoprosperi.com\\\/?p=50059\"},\"wordCount\":454,\"commentCount\":0,\"publisher\":{\"@id\":\"https:\\\/\\\/blogdoprosperi.com\\\/#\\\/schema\\\/person\\\/38100755ce3601861ee4fab9b5aa78e9\"},\"image\":{\"@id\":\"https:\\\/\\\/blogdoprosperi.com\\\/?p=50059#primaryimage\"},\"thumbnailUrl\":\"https:\\\/\\\/i0.wp.com\\\/blogdoprosperi.com\\\/wp-content\\\/uploads\\\/2025\\\/05\\\/captura-de-tela-2025-05-12-as-12.15.15.png?fit=790%2C682&ssl=1\",\"keywords\":[\"Carlo Ancelotti\",\"CBF\",\"copa do mundo 2026\",\"futebol\",\"Kak\u00e1\",\"Luiz Ant\u00f4nio Pr\u00f3speri\",\"Paulo Roberto Falc\u00e3o\",\"Real Madrid\",\"Ronaldo Fen\u00f4meno\",\"Sele\u00e7\u00e3o Brasileira\",\"Tite\",\"Vini Jr\"],\"articleSection\":[\"futebol\",\"informa\u00e7\u00e3o\"],\"inLanguage\":\"pt-BR\",\"potentialAction\":[{\"@type\":\"CommentAction\",\"name\":\"Comment\",\"target\":[\"https:\\\/\\\/blogdoprosperi.com\\\/?p=50059#respond\"]}]},{\"@type\":\"WebPage\",\"@id\":\"https:\\\/\\\/blogdoprosperi.com\\\/?p=50059\",\"url\":\"https:\\\/\\\/blogdoprosperi.com\\\/?p=50059\",\"name\":\"Ancelotti Assume Sele\u00e7\u00e3o Brasileira | Agora Somos Europeus da Cabe\u00e7a aos P\u00e9s - PR\u00d3SPERI NEWS\",\"isPartOf\":{\"@id\":\"https:\\\/\\\/blogdoprosperi.com\\\/#website\"},\"primaryImageOfPage\":{\"@id\":\"https:\\\/\\\/blogdoprosperi.com\\\/?p=50059#primaryimage\"},\"image\":{\"@id\":\"https:\\\/\\\/blogdoprosperi.com\\\/?p=50059#primaryimage\"},\"thumbnailUrl\":\"https:\\\/\\\/i0.wp.com\\\/blogdoprosperi.com\\\/wp-content\\\/uploads\\\/2025\\\/05\\\/captura-de-tela-2025-05-12-as-12.15.15.png?fit=790%2C682&ssl=1\",\"datePublished\":\"2025-05-12T15:08:00+00:00\",\"dateModified\":\"2025-05-12T15:23:48+00:00\",\"breadcrumb\":{\"@id\":\"https:\\\/\\\/blogdoprosperi.com\\\/?p=50059#breadcrumb\"},\"inLanguage\":\"pt-BR\",\"potentialAction\":[{\"@type\":\"ReadAction\",\"target\":[\"https:\\\/\\\/blogdoprosperi.com\\\/?p=50059\"]}]},{\"@type\":\"ImageObject\",\"inLanguage\":\"pt-BR\",\"@id\":\"https:\\\/\\\/blogdoprosperi.com\\\/?p=50059#primaryimage\",\"url\":\"https:\\\/\\\/i0.wp.com\\\/blogdoprosperi.com\\\/wp-content\\\/uploads\\\/2025\\\/05\\\/captura-de-tela-2025-05-12-as-12.15.15.png?fit=790%2C682&ssl=1\",\"contentUrl\":\"https:\\\/\\\/i0.wp.com\\\/blogdoprosperi.com\\\/wp-content\\\/uploads\\\/2025\\\/05\\\/captura-de-tela-2025-05-12-as-12.15.15.png?fit=790%2C682&ssl=1\",\"width\":790,\"height\":682,\"caption\":\"Ancelotti e os jogadores brasileiros \u2013 foto: imagem Conmebol X\"},{\"@type\":\"BreadcrumbList\",\"@id\":\"https:\\\/\\\/blogdoprosperi.com\\\/?p=50059#breadcrumb\",\"itemListElement\":[{\"@type\":\"ListItem\",\"position\":1,\"name\":\"In\u00edcio\",\"item\":\"https:\\\/\\\/blogdoprosperi.com\\\/\"},{\"@type\":\"ListItem\",\"position\":2,\"name\":\"Ancelotti Assume Sele\u00e7\u00e3o Brasileira | Agora Somos Europeus da Cabe\u00e7a aos P\u00e9s\"}]},{\"@type\":\"WebSite\",\"@id\":\"https:\\\/\\\/blogdoprosperi.com\\\/#website\",\"url\":\"https:\\\/\\\/blogdoprosperi.com\\\/\",\"name\":\"PR\u00d3SPERI NEWS\",\"description\":\"TUDO \u00c9  FUTEBOL\",\"publisher\":{\"@id\":\"https:\\\/\\\/blogdoprosperi.com\\\/#\\\/schema\\\/person\\\/38100755ce3601861ee4fab9b5aa78e9\"},\"alternateName\":\"blogdoprosperi.com\",\"potentialAction\":[{\"@type\":\"SearchAction\",\"target\":{\"@type\":\"EntryPoint\",\"urlTemplate\":\"https:\\\/\\\/blogdoprosperi.com\\\/?s={search_term_string}\"},\"query-input\":{\"@type\":\"PropertyValueSpecification\",\"valueRequired\":true,\"valueName\":\"search_term_string\"}}],\"inLanguage\":\"pt-BR\"},{\"@type\":[\"Person\",\"Organization\"],\"@id\":\"https:\\\/\\\/blogdoprosperi.com\\\/#\\\/schema\\\/person\\\/38100755ce3601861ee4fab9b5aa78e9\",\"name\":\"Luiz Ant\u00f4nio Pr\u00f3speri\",\"pronouns\":\"ele\",\"image\":{\"@type\":\"ImageObject\",\"inLanguage\":\"pt-BR\",\"@id\":\"https:\\\/\\\/i0.wp.com\\\/blogdoprosperi.com\\\/wp-content\\\/uploads\\\/2026\\\/05\\\/cropped-8059e613-6002-42fa-961e-8e275f575d71-2-5.jpg?fit=1360%2C931&ssl=1\",\"url\":\"https:\\\/\\\/i0.wp.com\\\/blogdoprosperi.com\\\/wp-content\\\/uploads\\\/2026\\\/05\\\/cropped-8059e613-6002-42fa-961e-8e275f575d71-2-5.jpg?fit=1360%2C931&ssl=1\",\"contentUrl\":\"https:\\\/\\\/i0.wp.com\\\/blogdoprosperi.com\\\/wp-content\\\/uploads\\\/2026\\\/05\\\/cropped-8059e613-6002-42fa-961e-8e275f575d71-2-5.jpg?fit=1360%2C931&ssl=1\",\"width\":1360,\"height\":931,\"caption\":\"Luiz Ant\u00f4nio Pr\u00f3speri\"},\"logo\":{\"@id\":\"https:\\\/\\\/i0.wp.com\\\/blogdoprosperi.com\\\/wp-content\\\/uploads\\\/2026\\\/05\\\/cropped-8059e613-6002-42fa-961e-8e275f575d71-2-5.jpg?fit=1360%2C931&ssl=1\"},\"description\":\"Jornalista com carreira dedicada ao esporte. Cobriu 9 Copas do Mundo in loco, 1990 na It\u00e1lia, 1994 nos EUA, 1998 na Fran\u00e7a, 2002 na Coreia do Sul e Jap\u00e3o, 2006 na Alemanha, 2010 na \u00c1frica do Sul, 2014 no Brasil, 2018 na R\u00fassia e 2022 no Qatar. Eurocopas, 1992 na Su\u00e9cia e 1996 na Inglaterra. Copa das Confedera\u00e7\u00f5es de 2005 na Alemanha e 2009 na \u00c1frica do Sul. Rep\u00f3rter e Editor, trabalhou no Jornal da Tarde e Estad\u00e3o, de 1984 a fevereiro de 2016. Colunista, blogueiro. E comentarista de futebol na R\u00e1dio Estad\u00e3o, de 2013 a fevereiro de 2016. Jornalista respons\u00e1vel do \\\"Pr\u00f3speri News\\\" (blogdoprosperi.com).\",\"sameAs\":[\"http:\\\/\\\/blogdoprosperi.com\",\"Luiz Pr\u00f3speri\",\"@luiz_prosperi\",\"https:\\\/\\\/x.com\\\/Luizprosperi\",\"@prosperinacopa\",\"luiz.prosperi@icloud.com\"],\"url\":\"https:\\\/\\\/blogdoprosperi.com\\\/?author=102107496\"}]}<\/script>\n<!-- \/ Yoast SEO plugin. -->","yoast_head_json":{"title":"Ancelotti Assume Sele\u00e7\u00e3o Brasileira | Agora Somos Europeus da Cabe\u00e7a aos P\u00e9s - PR\u00d3SPERI NEWS","robots":{"index":"index","follow":"follow","max-snippet":"max-snippet:-1","max-image-preview":"max-image-preview:large","max-video-preview":"max-video-preview:-1"},"canonical":"https:\/\/blogdoprosperi.com\/?p=50059","og_locale":"pt_BR","og_type":"article","og_title":"Ancelotti Assume Sele\u00e7\u00e3o Brasileira | Agora Somos Europeus da Cabe\u00e7a aos P\u00e9s - PR\u00d3SPERI NEWS","og_description":"\u2666 Quest\u00e3o agora \u00e9 entender como vai se comportar Ancelotti nesse cen\u00e1rio de incertezas da CBF, todo o [&hellip;]","og_url":"https:\/\/blogdoprosperi.com\/?p=50059","og_site_name":"PR\u00d3SPERI NEWS","article_publisher":"Luiz Pr\u00f3speri","article_author":"Luiz Pr\u00f3speri","article_published_time":"2025-05-12T15:08:00+00:00","article_modified_time":"2025-05-12T15:23:48+00:00","og_image":[{"width":790,"height":682,"url":"https:\/\/i0.wp.com\/blogdoprosperi.com\/wp-content\/uploads\/2025\/05\/captura-de-tela-2025-05-12-as-12.15.15.png?fit=790%2C682&ssl=1","type":"image\/png"}],"author":"Luiz Ant\u00f4nio Pr\u00f3speri","twitter_card":"summary_large_image","twitter_creator":"@Luizprosperi","twitter_site":"@Luizprosperi","twitter_misc":{"Escrito por":"Luiz Ant\u00f4nio Pr\u00f3speri","Est. tempo de leitura":"2 minutos"},"schema":{"@context":"https:\/\/schema.org","@graph":[{"@type":"Article","@id":"https:\/\/blogdoprosperi.com\/?p=50059#article","isPartOf":{"@id":"https:\/\/blogdoprosperi.com\/?p=50059"},"author":{"name":"Luiz Ant\u00f4nio Pr\u00f3speri","@id":"https:\/\/blogdoprosperi.com\/#\/schema\/person\/38100755ce3601861ee4fab9b5aa78e9"},"headline":"Ancelotti Assume Sele\u00e7\u00e3o Brasileira | Agora Somos Europeus da Cabe\u00e7a aos P\u00e9s","datePublished":"2025-05-12T15:08:00+00:00","dateModified":"2025-05-12T15:23:48+00:00","mainEntityOfPage":{"@id":"https:\/\/blogdoprosperi.com\/?p=50059"},"wordCount":454,"commentCount":0,"publisher":{"@id":"https:\/\/blogdoprosperi.com\/#\/schema\/person\/38100755ce3601861ee4fab9b5aa78e9"},"image":{"@id":"https:\/\/blogdoprosperi.com\/?p=50059#primaryimage"},"thumbnailUrl":"https:\/\/i0.wp.com\/blogdoprosperi.com\/wp-content\/uploads\/2025\/05\/captura-de-tela-2025-05-12-as-12.15.15.png?fit=790%2C682&ssl=1","keywords":["Carlo Ancelotti","CBF","copa do mundo 2026","futebol","Kak\u00e1","Luiz Ant\u00f4nio Pr\u00f3speri","Paulo Roberto Falc\u00e3o","Real Madrid","Ronaldo Fen\u00f4meno","Sele\u00e7\u00e3o Brasileira","Tite","Vini Jr"],"articleSection":["futebol","informa\u00e7\u00e3o"],"inLanguage":"pt-BR","potentialAction":[{"@type":"CommentAction","name":"Comment","target":["https:\/\/blogdoprosperi.com\/?p=50059#respond"]}]},{"@type":"WebPage","@id":"https:\/\/blogdoprosperi.com\/?p=50059","url":"https:\/\/blogdoprosperi.com\/?p=50059","name":"Ancelotti Assume Sele\u00e7\u00e3o Brasileira | Agora Somos Europeus da Cabe\u00e7a aos P\u00e9s - PR\u00d3SPERI NEWS","isPartOf":{"@id":"https:\/\/blogdoprosperi.com\/#website"},"primaryImageOfPage":{"@id":"https:\/\/blogdoprosperi.com\/?p=50059#primaryimage"},"image":{"@id":"https:\/\/blogdoprosperi.com\/?p=50059#primaryimage"},"thumbnailUrl":"https:\/\/i0.wp.com\/blogdoprosperi.com\/wp-content\/uploads\/2025\/05\/captura-de-tela-2025-05-12-as-12.15.15.png?fit=790%2C682&ssl=1","datePublished":"2025-05-12T15:08:00+00:00","dateModified":"2025-05-12T15:23:48+00:00","breadcrumb":{"@id":"https:\/\/blogdoprosperi.com\/?p=50059#breadcrumb"},"inLanguage":"pt-BR","potentialAction":[{"@type":"ReadAction","target":["https:\/\/blogdoprosperi.com\/?p=50059"]}]},{"@type":"ImageObject","inLanguage":"pt-BR","@id":"https:\/\/blogdoprosperi.com\/?p=50059#primaryimage","url":"https:\/\/i0.wp.com\/blogdoprosperi.com\/wp-content\/uploads\/2025\/05\/captura-de-tela-2025-05-12-as-12.15.15.png?fit=790%2C682&ssl=1","contentUrl":"https:\/\/i0.wp.com\/blogdoprosperi.com\/wp-content\/uploads\/2025\/05\/captura-de-tela-2025-05-12-as-12.15.15.png?fit=790%2C682&ssl=1","width":790,"height":682,"caption":"Ancelotti e os jogadores brasileiros \u2013 foto: imagem Conmebol X"},{"@type":"BreadcrumbList","@id":"https:\/\/blogdoprosperi.com\/?p=50059#breadcrumb","itemListElement":[{"@type":"ListItem","position":1,"name":"In\u00edcio","item":"https:\/\/blogdoprosperi.com\/"},{"@type":"ListItem","position":2,"name":"Ancelotti Assume Sele\u00e7\u00e3o Brasileira | Agora Somos Europeus da Cabe\u00e7a aos P\u00e9s"}]},{"@type":"WebSite","@id":"https:\/\/blogdoprosperi.com\/#website","url":"https:\/\/blogdoprosperi.com\/","name":"PR\u00d3SPERI NEWS","description":"TUDO \u00c9  FUTEBOL","publisher":{"@id":"https:\/\/blogdoprosperi.com\/#\/schema\/person\/38100755ce3601861ee4fab9b5aa78e9"},"alternateName":"blogdoprosperi.com","potentialAction":[{"@type":"SearchAction","target":{"@type":"EntryPoint","urlTemplate":"https:\/\/blogdoprosperi.com\/?s={search_term_string}"},"query-input":{"@type":"PropertyValueSpecification","valueRequired":true,"valueName":"search_term_string"}}],"inLanguage":"pt-BR"},{"@type":["Person","Organization"],"@id":"https:\/\/blogdoprosperi.com\/#\/schema\/person\/38100755ce3601861ee4fab9b5aa78e9","name":"Luiz Ant\u00f4nio Pr\u00f3speri","pronouns":"ele","image":{"@type":"ImageObject","inLanguage":"pt-BR","@id":"https:\/\/i0.wp.com\/blogdoprosperi.com\/wp-content\/uploads\/2026\/05\/cropped-8059e613-6002-42fa-961e-8e275f575d71-2-5.jpg?fit=1360%2C931&ssl=1","url":"https:\/\/i0.wp.com\/blogdoprosperi.com\/wp-content\/uploads\/2026\/05\/cropped-8059e613-6002-42fa-961e-8e275f575d71-2-5.jpg?fit=1360%2C931&ssl=1","contentUrl":"https:\/\/i0.wp.com\/blogdoprosperi.com\/wp-content\/uploads\/2026\/05\/cropped-8059e613-6002-42fa-961e-8e275f575d71-2-5.jpg?fit=1360%2C931&ssl=1","width":1360,"height":931,"caption":"Luiz Ant\u00f4nio Pr\u00f3speri"},"logo":{"@id":"https:\/\/i0.wp.com\/blogdoprosperi.com\/wp-content\/uploads\/2026\/05\/cropped-8059e613-6002-42fa-961e-8e275f575d71-2-5.jpg?fit=1360%2C931&ssl=1"},"description":"Jornalista com carreira dedicada ao esporte. Cobriu 9 Copas do Mundo in loco, 1990 na It\u00e1lia, 1994 nos EUA, 1998 na Fran\u00e7a, 2002 na Coreia do Sul e Jap\u00e3o, 2006 na Alemanha, 2010 na \u00c1frica do Sul, 2014 no Brasil, 2018 na R\u00fassia e 2022 no Qatar. Eurocopas, 1992 na Su\u00e9cia e 1996 na Inglaterra. Copa das Confedera\u00e7\u00f5es de 2005 na Alemanha e 2009 na \u00c1frica do Sul. Rep\u00f3rter e Editor, trabalhou no Jornal da Tarde e Estad\u00e3o, de 1984 a fevereiro de 2016. Colunista, blogueiro. E comentarista de futebol na R\u00e1dio Estad\u00e3o, de 2013 a fevereiro de 2016. Jornalista respons\u00e1vel do \"Pr\u00f3speri News\" (blogdoprosperi.com).","sameAs":["http:\/\/blogdoprosperi.com","Luiz Pr\u00f3speri","@luiz_prosperi","https:\/\/x.com\/Luizprosperi","@prosperinacopa","luiz.prosperi@icloud.com"],"url":"https:\/\/blogdoprosperi.com\/?author=102107496"}]}},"jetpack_publicize_connections":[],"jetpack_likes_enabled":false,"jetpack_sharing_enabled":true,"jetpack_shortlink":"https:\/\/wp.me\/p7jvdk-d1p","jetpack-related-posts":[{"id":49864,"url":"https:\/\/blogdoprosperi.com\/?p=49864","url_meta":{"origin":50059,"position":0},"title":"CBF Desiste de Ancelotti | Sele\u00e7\u00e3o Brasileira Deveria  Pensar na Copa do Mundo de 2030","author":"Luiz Ant\u00f4nio Pr\u00f3speri","date":"29 de abril de 2025","format":false,"excerpt":"\u2666 CBF se exp\u00f5e ao rid\u00edculo de n\u00e3o conduzir uma negocia\u00e7\u00e3o com Ancelotti t\u00e3o comum no futebol internacional \u2666 Jorge Jesus tem lobby forte na CBF. E caminha para outro furo n'\u00e1gua na Sele\u00e7\u00e3o Luiz Ant\u00f4nio Pr\u00f3speri \u2013 29 abril (22h25) \u2013 CBF desiste de Carlo Ancelotti. T\u00e9cnico italiano tem\u2026","rel":"","context":"Em &quot;futebol&quot;","block_context":{"text":"futebol","link":"https:\/\/blogdoprosperi.com\/?cat=53870"},"img":{"alt_text":"Jesus e Filipe, juntos na Sele\u00e7\u00e3o ?","src":"https:\/\/i0.wp.com\/blogdoprosperi.com\/wp-content\/uploads\/2025\/03\/captura-de-tela-2025-03-28-as-18.57.54.png?fit=1200%2C642&ssl=1&resize=350%2C200","width":350,"height":200,"srcset":"https:\/\/i0.wp.com\/blogdoprosperi.com\/wp-content\/uploads\/2025\/03\/captura-de-tela-2025-03-28-as-18.57.54.png?fit=1200%2C642&ssl=1&resize=350%2C200 1x, https:\/\/i0.wp.com\/blogdoprosperi.com\/wp-content\/uploads\/2025\/03\/captura-de-tela-2025-03-28-as-18.57.54.png?fit=1200%2C642&ssl=1&resize=525%2C300 1.5x, https:\/\/i0.wp.com\/blogdoprosperi.com\/wp-content\/uploads\/2025\/03\/captura-de-tela-2025-03-28-as-18.57.54.png?fit=1200%2C642&ssl=1&resize=700%2C400 2x, https:\/\/i0.wp.com\/blogdoprosperi.com\/wp-content\/uploads\/2025\/03\/captura-de-tela-2025-03-28-as-18.57.54.png?fit=1200%2C642&ssl=1&resize=1050%2C600 3x"},"classes":[]},{"id":59042,"url":"https:\/\/blogdoprosperi.com\/?p=59042","url_meta":{"origin":50059,"position":1},"title":"Ao Vivo Acompanhe entrevista coletiva de Carlo Ancelotti pr\u00e9-amistoso Brasil x Panam\u00e1","author":"Luiz Ant\u00f4nio Pr\u00f3speri","date":"30 de maio de 2026","format":false,"excerpt":"Carlo Ancelotti concede neste s\u00e1bado (30\/5), 9h30, primeira entrevista coletiva no in\u00edcio da prepara\u00e7\u00e3o da Sele\u00e7\u00e3o Brasileira para Copa do Mundo 2026. Acompanhe v\u00eddeo oficial da CBF TV: \u00a0 https:\/\/www.youtube.com\/live\/dh_NSmR0amQ?si=Iz8gR-ZD3kKFsd1K","rel":"","context":"Em &quot;copa 2026&quot;","block_context":{"text":"copa 2026","link":"https:\/\/blogdoprosperi.com\/?cat=36820279"},"img":{"alt_text":"","src":"https:\/\/i0.wp.com\/blogdoprosperi.com\/wp-content\/uploads\/2026\/05\/Captura-de-Tela-2026-05-29-as-23.28.56.png?fit=1200%2C765&ssl=1&resize=350%2C200","width":350,"height":200,"srcset":"https:\/\/i0.wp.com\/blogdoprosperi.com\/wp-content\/uploads\/2026\/05\/Captura-de-Tela-2026-05-29-as-23.28.56.png?fit=1200%2C765&ssl=1&resize=350%2C200 1x, https:\/\/i0.wp.com\/blogdoprosperi.com\/wp-content\/uploads\/2026\/05\/Captura-de-Tela-2026-05-29-as-23.28.56.png?fit=1200%2C765&ssl=1&resize=525%2C300 1.5x, https:\/\/i0.wp.com\/blogdoprosperi.com\/wp-content\/uploads\/2026\/05\/Captura-de-Tela-2026-05-29-as-23.28.56.png?fit=1200%2C765&ssl=1&resize=700%2C400 2x, https:\/\/i0.wp.com\/blogdoprosperi.com\/wp-content\/uploads\/2026\/05\/Captura-de-Tela-2026-05-29-as-23.28.56.png?fit=1200%2C765&ssl=1&resize=1050%2C600 3x"},"classes":[]},{"id":50366,"url":"https:\/\/blogdoprosperi.com\/?p=50366","url_meta":{"origin":50059,"position":2},"title":"Carlo Ancelotti: &#8216;Ol\u00e1, Brasil&#8221;","author":"Luiz Ant\u00f4nio Pr\u00f3speri","date":"26 de maio de 2025","format":false,"excerpt":"Carlo Lancelotti manda sua primeira mensagem aos brasileiros antes de anunciar a lista de convocados da Sele\u00e7\u00e3o para os jogos contra Equador e Paraguai. https:\/\/www.instagram.com\/reel\/DKH8CO6i8PA\/?utm_source=ig_web_copy_link&igsh=MzRlODBiNWFlZA==","rel":"","context":"Em &quot;futebol&quot;","block_context":{"text":"futebol","link":"https:\/\/blogdoprosperi.com\/?cat=53870"},"img":{"alt_text":"Ancelotti: Ol\u00e1, Brasil","src":"https:\/\/i0.wp.com\/blogdoprosperi.com\/wp-content\/uploads\/2016\/06\/carlo-ancelotti.jpg?fit=1200%2C675&ssl=1&resize=350%2C200","width":350,"height":200,"srcset":"https:\/\/i0.wp.com\/blogdoprosperi.com\/wp-content\/uploads\/2016\/06\/carlo-ancelotti.jpg?fit=1200%2C675&ssl=1&resize=350%2C200 1x, https:\/\/i0.wp.com\/blogdoprosperi.com\/wp-content\/uploads\/2016\/06\/carlo-ancelotti.jpg?fit=1200%2C675&ssl=1&resize=525%2C300 1.5x, https:\/\/i0.wp.com\/blogdoprosperi.com\/wp-content\/uploads\/2016\/06\/carlo-ancelotti.jpg?fit=1200%2C675&ssl=1&resize=700%2C400 2x, https:\/\/i0.wp.com\/blogdoprosperi.com\/wp-content\/uploads\/2016\/06\/carlo-ancelotti.jpg?fit=1200%2C675&ssl=1&resize=1050%2C600 3x"},"classes":[]},{"id":58429,"url":"https:\/\/blogdoprosperi.com\/?p=58429","url_meta":{"origin":50059,"position":3},"title":"Convoca\u00e7\u00e3o da Sele\u00e7\u00e3o Brasileira Ao Vivo | Acompanhe Aqui","author":"Luiz Ant\u00f4nio Pr\u00f3speri","date":"18 de maio de 2026","format":false,"excerpt":"Carlo Ancelotti convoca os 26 jogadores do Brasil para a Copa do Mundo 2026 \u2013 Transmiss\u00e3o oficial da CBF TV:","rel":"","context":"Em &quot;copa 2026&quot;","block_context":{"text":"copa 2026","link":"https:\/\/blogdoprosperi.com\/?cat=36820279"},"img":{"alt_text":"","src":"https:\/\/i0.wp.com\/img.youtube.com\/vi\/Aps03ZxQOgs\/0.jpg?resize=350%2C200","width":350,"height":200},"classes":[]},{"id":55631,"url":"https:\/\/blogdoprosperi.com\/?p=55631","url_meta":{"origin":50059,"position":4},"title":"Ao Vivo Coletiva Carlo Ancelotti | P\u00f3s-Jogo Brasil 1 x 1 Tun\u00edsia","author":"Luiz Ant\u00f4nio Pr\u00f3speri","date":"18 de novembro de 2025","format":false,"excerpt":"Acompanhe entrevista coletiva de Carlo Ancelotti, t\u00e9cnico da Sele\u00e7\u00e3o Brasileira, p\u00f3s-jogo Brasil 1 x 1 Tun\u00edsia. V\u00eddeo oficial CBF:","rel":"","context":"Em &quot;futebol&quot;","block_context":{"text":"futebol","link":"https:\/\/blogdoprosperi.com\/?cat=53870"},"img":{"alt_text":"","src":"https:\/\/i0.wp.com\/img.youtube.com\/vi\/SDUc-bWsFmg\/0.jpg?resize=350%2C200","width":350,"height":200},"classes":[]},{"id":41540,"url":"https:\/\/blogdoprosperi.com\/?p=41540","url_meta":{"origin":50059,"position":5},"title":"Sele\u00e7\u00e3o nunca mais ser\u00e1 Brasileira","author":"Luiz Ant\u00f4nio Pr\u00f3speri","date":"25 de mar\u00e7o de 2023","format":false,"excerpt":"A Sele\u00e7\u00e3o Brasileira acabou. J\u00e1 n\u00e3o tinha mais poder sobre a camisa amarela e agora ter\u00e1 um maestro da Europa","rel":"","context":"Em &quot;catar 2022&quot;","block_context":{"text":"catar 2022","link":"https:\/\/blogdoprosperi.com\/?cat=47094043"},"img":{"alt_text":"Sele\u00e7\u00e3o nunca mais ser\u00e1 Brasileira","src":"https:\/\/i0.wp.com\/blogdoprosperi.com\/wp-content\/uploads\/2023\/03\/20230321133636_97.jpg?fit=910%2C631&ssl=1&resize=350%2C200","width":350,"height":200,"srcset":"https:\/\/i0.wp.com\/blogdoprosperi.com\/wp-content\/uploads\/2023\/03\/20230321133636_97.jpg?fit=910%2C631&ssl=1&resize=350%2C200 1x, https:\/\/i0.wp.com\/blogdoprosperi.com\/wp-content\/uploads\/2023\/03\/20230321133636_97.jpg?fit=910%2C631&ssl=1&resize=525%2C300 1.5x, https:\/\/i0.wp.com\/blogdoprosperi.com\/wp-content\/uploads\/2023\/03\/20230321133636_97.jpg?fit=910%2C631&ssl=1&resize=700%2C400 2x"},"classes":[]}],"jetpack_featured_media_url":"https:\/\/i0.wp.com\/blogdoprosperi.com\/wp-content\/uploads\/2025\/05\/captura-de-tela-2025-05-12-as-12.15.15.png?fit=790%2C682&ssl=1","_links":{"self":[{"href":"https:\/\/blogdoprosperi.com\/index.php?rest_route=\/wp\/v2\/posts\/50059","targetHints":{"allow":["GET"]}}],"collection":[{"href":"https:\/\/blogdoprosperi.com\/index.php?rest_route=\/wp\/v2\/posts"}],"about":[{"href":"https:\/\/blogdoprosperi.com\/index.php?rest_route=\/wp\/v2\/types\/post"}],"author":[{"embeddable":true,"href":"https:\/\/blogdoprosperi.com\/index.php?rest_route=\/wp\/v2\/users\/102107496"}],"replies":[{"embeddable":true,"href":"https:\/\/blogdoprosperi.com\/index.php?rest_route=%2Fwp%2Fv2%2Fcomments&post=50059"}],"version-history":[{"count":14,"href":"https:\/\/blogdoprosperi.com\/index.php?rest_route=\/wp\/v2\/posts\/50059\/revisions"}],"predecessor-version":[{"id":50080,"href":"https:\/\/blogdoprosperi.com\/index.php?rest_route=\/wp\/v2\/posts\/50059\/revisions\/50080"}],"wp:featuredmedia":[{"embeddable":true,"href":"https:\/\/blogdoprosperi.com\/index.php?rest_route=\/wp\/v2\/media\/50077"}],"wp:attachment":[{"href":"https:\/\/blogdoprosperi.com\/index.php?rest_route=%2Fwp%2Fv2%2Fmedia&parent=50059"}],"wp:term":[{"taxonomy":"category","embeddable":true,"href":"https:\/\/blogdoprosperi.com\/index.php?rest_route=%2Fwp%2Fv2%2Fcategories&post=50059"},{"taxonomy":"post_tag","embeddable":true,"href":"https:\/\/blogdoprosperi.com\/index.php?rest_route=%2Fwp%2Fv2%2Ftags&post=50059"}],"curies":[{"name":"wp","href":"https:\/\/api.w.org\/{rel}","templated":true}]}}