{"id":50082,"date":"2025-05-12T13:46:48","date_gmt":"2025-05-12T16:46:48","guid":{"rendered":"https:\/\/blogdoprosperi.com\/?p=50082"},"modified":"2025-05-12T13:48:29","modified_gmt":"2025-05-12T16:48:29","slug":"carlo-ancelotti-o-homem-que-sempre-esteve-aqui","status":"publish","type":"post","link":"https:\/\/blogdoprosperi.com\/?p=50082","title":{"rendered":"Carlo Ancelotti, O Homem Que Sempre Esteve Aqui"},"content":{"rendered":"<p><strong>\u2666 Vinte e sete anos depois de assumir como t\u00e9cnico, o sucesso de Ancelotti como pai de jogadores, vesti\u00e1rios equilibrados, t\u00e1ticas atuais e times vencedores \u00e9 um fato. Qual \u00e9 o seu m\u00e9todo e por que ele n\u00e3o se desgasta?<\/strong><\/p>\n<hr \/>\n<p><em>Alejandro Arroyo \u2013 Revista Panenka \u2013 12 dezembro 2023 \u2013<\/em><\/p>\n<p>Em tr\u00eas anos, far\u00e3o tr\u00eas d\u00e9cadas que Carlo Ancelotti come\u00e7ou a treinar. Ele passaria 30 anos sentado num banco e os \u00faltimos 23 como uma refer\u00eancia imortal e indiscut\u00edvel entre os melhores da sua \u00e1rea. Como algu\u00e9m pode permanecer no topo da elite, demonstrando tal n\u00edvel de validade e relev\u00e2ncia, sem desgaste aparente, sem sensa\u00e7\u00e3o de exaust\u00e3o ou obsolesc\u00eancia? Entre outras coisas, Ancelotti defendeu o futebol como uma esp\u00e9cie de movimento renascentista como nenhum outro, que sempre colocou n\u00e3o apenas o jogador no centro, mas, antes disso, a pessoa que moldou o jogador.<\/p>\n<p>O caso de Ancelotti \u00e9 \u00fanico, cuja an\u00e1lise se torna permanentemente injusta pela for\u00e7a com que sua principal virtude, aquela que o confirma como um profundo conhecedor do temperamento humano, mina aquela mais frequentemente atribu\u00edda a seus pares, que n\u00e3o \u00e9 outra sen\u00e3o a capacidade de construir equipes formid\u00e1veis.<\/p>\n<p>Na obra que resume sua maneira de ver o esporte, que \u00e9, na realidade, sua maneira de ver o mundo,\u00a0<em>Lideran\u00e7a Silenciosa<\/em>\u00a0, Carlo Ancelotti cita Lucio Mongardi como o primeiro l\u00edder de quem se aproximou. Em todos os momentos, sua raz\u00e3o de ser como futuro treinador n\u00e3o \u00e9 focar, ou n\u00e3o focar somente, no talento do futebol, mas naqueles lugares onde as pessoas demonstram o que as motiva a tomar decis\u00f5es e o pensamento por tr\u00e1s de cada uma delas.<\/p>\n<p>Mongardi era um jogador de futebol veterano que jogou pela Atalanta na\u00a0<em>S\u00e9rie A<\/em>\u00a0e que naquela \u00e9poca era o l\u00edder da terceira divis\u00e3o com uma for\u00e7a de esp\u00edrito que Carletto chama de\u00a0<strong>\u201cum ego sempre no lugar certo\u201d<\/strong>\u00a0. Por meio dessa abordagem de integra\u00e7\u00e3o de vontades, Carlo n\u00e3o apenas consolidou sua hist\u00f3ria como treinador, mas tamb\u00e9m seu valor como um estrategista ousado, imparcial e, igualmente, imparcial.<\/p>\n<hr \/>\n<blockquote><p><em>Um bom diretor de atores buscar\u00e1, acima de tudo, a verdade, e o que ele ter\u00e1 \u00e9 uma antena que distingue o que \u00e9 verdadeiro do que n\u00e3o \u00e9. Para come\u00e7ar, um bom diretor de atua\u00e7\u00e3o saber\u00e1 como preparar o cen\u00e1rio para que as coisas aconte\u00e7am. Dirigir grandes atores quase nunca envolve dar instru\u00e7\u00f5es precisas e exatas sobre o que tem que acontecer, mas sim marcos espec\u00edficos. Grandes atores s\u00e3o grandes atores: eles evocam emo\u00e7\u00f5es e s\u00e3o capazes de gerar pensamentos aparentemente vivos. As coisas acontecem. Eles s\u00e3o. Eles n\u00e3o est\u00e3o jogando o jogo de ningu\u00e9m. E h\u00e1 quem saiba estabelecer condi\u00e7\u00f5es para que tudo isso aconte\u00e7a, para que certas barreiras caiam, para que esse fluxo ocorra. Se voc\u00ea \u00e9 um grande ator, voc\u00ea vai conseguir grandes coisas. Se voc\u00ea n\u00e3o \u00e9 um grande ator, ter\u00e1 que trabalhar duro para criar certos momentos em que ningu\u00e9m esteja mentindo, onde tudo isso seja verdade \u2013 <strong>Rodrigo Cort\u00e9s<\/strong><\/em><\/p><\/blockquote>\n<hr \/>\n<div class=\"tiled-gallery type-rectangular tiled-gallery-unresized\" data-original-width=\"940\" data-carousel-extra='{&quot;blog_id&quot;:1,&quot;permalink&quot;:&quot;https:\\\/\\\/blogdoprosperi.com\\\/?p=50082&quot;,&quot;likes_blog_id&quot;:108082574}' itemscope itemtype=\"http:\/\/schema.org\/ImageGallery\" > <div class=\"gallery-row\" style=\"width: 940px; height: 435px;\" data-original-width=\"940\" data-original-height=\"435\" > <div class=\"gallery-group images-1\" style=\"width: 605px; height: 435px;\" data-original-width=\"605\" data-original-height=\"435\" > <div class=\"tiled-gallery-item tiled-gallery-item-large\" itemprop=\"associatedMedia\" itemscope itemtype=\"http:\/\/schema.org\/ImageObject\"> <a href=\"https:\/\/blogdoprosperi.com\/?attachment_id=41213\" border=\"0\" itemprop=\"url\"> <meta itemprop=\"width\" content=\"601\"> <meta itemprop=\"height\" content=\"431\"> <img decoding=\"async\" class=\"\" data-attachment-id=\"41213\" data-orig-file=\"https:\/\/blogdoprosperi.com\/wp-content\/uploads\/2023\/01\/images-6.jpg\" data-orig-size=\"265,190\" data-comments-opened=\"1\" data-image-meta=\"{&quot;aperture&quot;:&quot;0&quot;,&quot;credit&quot;:&quot;&quot;,&quot;camera&quot;:&quot;&quot;,&quot;caption&quot;:&quot;&quot;,&quot;created_timestamp&quot;:&quot;0&quot;,&quot;copyright&quot;:&quot;&quot;,&quot;focal_length&quot;:&quot;0&quot;,&quot;iso&quot;:&quot;0&quot;,&quot;shutter_speed&quot;:&quot;0&quot;,&quot;title&quot;:&quot;&quot;,&quot;orientation&quot;:&quot;0&quot;}\" data-image-title=\"Roma dos anos 80\" data-image-description=\"\" data-medium-file=\"https:\/\/i0.wp.com\/blogdoprosperi.com\/wp-content\/uploads\/2023\/01\/images-6.jpg?fit=265%2C190&#038;ssl=1\" data-large-file=\"https:\/\/i0.wp.com\/blogdoprosperi.com\/wp-content\/uploads\/2023\/01\/images-6.jpg?fit=265%2C190&#038;ssl=1\" src=\"https:\/\/i0.wp.com\/blogdoprosperi.com\/wp-content\/uploads\/2023\/01\/images-6.jpg?w=601&#038;h=431&#038;ssl=1\" width=\"601\" height=\"431\" loading=\"lazy\" data-original-width=\"601\" data-original-height=\"431\" itemprop=\"http:\/\/schema.org\/image\" title=\"Roma dos anos 80\" alt=\"Ancelotti (segundo em p\u00e9) e Falc\u00e3o na Roma \u2013 foto: reprodu\u00e7\u00e3o\" style=\"width: 601px; height: 431px;\" \/> <\/a> <div class=\"tiled-gallery-caption\" itemprop=\"caption description\"> Ancelotti (segundo em p\u00e9) e Falc\u00e3o na Roma \u2013 foto: reprodu\u00e7\u00e3o <\/div> <\/div> <\/div> <!-- close group --> <div class=\"gallery-group images-2\" style=\"width: 335px; height: 435px;\" data-original-width=\"335\" data-original-height=\"435\" > <div class=\"tiled-gallery-item tiled-gallery-item-large\" itemprop=\"associatedMedia\" itemscope itemtype=\"http:\/\/schema.org\/ImageObject\"> <a href=\"https:\/\/blogdoprosperi.com\/?attachment_id=41212\" border=\"0\" itemprop=\"url\"> <meta itemprop=\"width\" content=\"331\"> <meta itemprop=\"height\" content=\"205\"> <img decoding=\"async\" class=\"\" data-attachment-id=\"41212\" data-orig-file=\"https:\/\/blogdoprosperi.com\/wp-content\/uploads\/2023\/01\/download.jpg\" data-orig-size=\"286,177\" data-comments-opened=\"1\" data-image-meta=\"{&quot;aperture&quot;:&quot;0&quot;,&quot;credit&quot;:&quot;&quot;,&quot;camera&quot;:&quot;&quot;,&quot;caption&quot;:&quot;&quot;,&quot;created_timestamp&quot;:&quot;0&quot;,&quot;copyright&quot;:&quot;&quot;,&quot;focal_length&quot;:&quot;0&quot;,&quot;iso&quot;:&quot;0&quot;,&quot;shutter_speed&quot;:&quot;0&quot;,&quot;title&quot;:&quot;&quot;,&quot;orientation&quot;:&quot;0&quot;}\" data-image-title=\"Roma dos anos 1980\" data-image-description=\"\" data-medium-file=\"https:\/\/i0.wp.com\/blogdoprosperi.com\/wp-content\/uploads\/2023\/01\/download.jpg?fit=286%2C177&#038;ssl=1\" data-large-file=\"https:\/\/i0.wp.com\/blogdoprosperi.com\/wp-content\/uploads\/2023\/01\/download.jpg?fit=286%2C177&#038;ssl=1\" src=\"https:\/\/i0.wp.com\/blogdoprosperi.com\/wp-content\/uploads\/2023\/01\/download.jpg?w=331&#038;h=205&#038;ssl=1\" width=\"331\" height=\"205\" loading=\"lazy\" data-original-width=\"331\" data-original-height=\"205\" itemprop=\"http:\/\/schema.org\/image\" title=\"Roma dos anos 1980\" alt=\"Time da Roma: Falc\u00e3o (terceiro em p\u00e9 da esq. p\/ direita) e Ancelotti (segundo agachado da direita p\/ esqueci.)\" style=\"width: 331px; height: 205px;\" \/> <\/a> <div class=\"tiled-gallery-caption\" itemprop=\"caption description\"> Time da Roma: Falc\u00e3o (terceiro em p\u00e9 da esq. p\/ direita) e Ancelotti (segundo agachado da direita p\/ esqueci.) <\/div> <\/div> <div class=\"tiled-gallery-item tiled-gallery-item-large\" itemprop=\"associatedMedia\" itemscope itemtype=\"http:\/\/schema.org\/ImageObject\"> <a href=\"https:\/\/blogdoprosperi.com\/?attachment_id=41211\" border=\"0\" itemprop=\"url\"> <meta itemprop=\"width\" content=\"331\"> <meta itemprop=\"height\" content=\"222\"> <img decoding=\"async\" class=\"\" data-attachment-id=\"41211\" data-orig-file=\"https:\/\/blogdoprosperi.com\/wp-content\/uploads\/2023\/01\/img2746741512324.webp\" data-orig-size=\"769,514\" data-comments-opened=\"1\" data-image-meta=\"{&quot;aperture&quot;:&quot;0&quot;,&quot;credit&quot;:&quot;&quot;,&quot;camera&quot;:&quot;&quot;,&quot;caption&quot;:&quot;&quot;,&quot;created_timestamp&quot;:&quot;0&quot;,&quot;copyright&quot;:&quot;&quot;,&quot;focal_length&quot;:&quot;0&quot;,&quot;iso&quot;:&quot;0&quot;,&quot;shutter_speed&quot;:&quot;0&quot;,&quot;title&quot;:&quot;&quot;,&quot;orientation&quot;:&quot;0&quot;}\" data-image-title=\"Falc\u00e3o e Ancelotti em 2022 no Real Madrid\" data-image-description=\"\" data-medium-file=\"https:\/\/i0.wp.com\/blogdoprosperi.com\/wp-content\/uploads\/2023\/01\/img2746741512324.webp?fit=566%2C378&#038;ssl=1\" data-large-file=\"https:\/\/i0.wp.com\/blogdoprosperi.com\/wp-content\/uploads\/2023\/01\/img2746741512324.webp?fit=769%2C514&#038;ssl=1\" src=\"https:\/\/i0.wp.com\/blogdoprosperi.com\/wp-content\/uploads\/2023\/01\/img2746741512324.webp?w=331&#038;h=222&#038;ssl=1\" width=\"331\" height=\"222\" loading=\"lazy\" data-original-width=\"331\" data-original-height=\"222\" itemprop=\"http:\/\/schema.org\/image\" title=\"Falc\u00e3o e Ancelotti em 2022 no Real Madrid\" alt=\"Falc\u00e3o visita amigo Ancelotti no Real Madrid \u2013 foto: Real Madrid oficial\" style=\"width: 331px; height: 222px;\" \/> <\/a> <div class=\"tiled-gallery-caption\" itemprop=\"caption description\"> Falc\u00e3o visita amigo Ancelotti no Real Madrid \u2013 foto: Real Madrid oficial <\/div> <\/div> <\/div> <!-- close group --> <\/div> <!-- close row --> <\/div>\n<p>Para entender de forma mais precisa e precisa o que identifica Ancelotti como o l\u00edder e treinador que ele \u00e9, e portanto sua concep\u00e7\u00e3o do jogo como uma intera\u00e7\u00e3o entre pessoas que deve ser entendida tanto na raz\u00e3o quanto na emo\u00e7\u00e3o, seu tempo sob\u00a0<a href=\"https:\/\/tienda.panenka.org\/es\/panenka-63\">Nils Liedholm<\/a> ficou em sua mem\u00f3ria . O sueco, um dos maiores treinadores que o futebol j\u00e1 produziu, era reconhecido como uma autoridade equilibrada no vesti\u00e1rio da Roma, mas Ancelotti foi ainda mais influenciado pela personalidade de Liedholm quando o clube contratou Paulo Roberto Falc\u00e3o.<\/p>\n<p>O brasileiro Falc\u00e3o produziu o cl\u00e1ssico e instant\u00e2neo impacto de grandes personalidades; Ele possu\u00eda o dom do esp\u00edrito, a gra\u00e7a herdada e a eleg\u00e2ncia inata que atra\u00edam a aten\u00e7\u00e3o e condicionavam a presen\u00e7a de todo o grupo. Liedholm, a quem Ancelotti descreveu como um l\u00edder nato a quem todos seguiam, mal lembrando-o de sua posi\u00e7\u00e3o dominante, curvou-se para Falcao com a mesma facilidade com que os outros haviam se curvado antes.<\/p>\n<p>Dizem que o g\u00eanio brasileiro come\u00e7ou a se perguntar por que havia t\u00e3o poucas sess\u00f5es com bola \u2014 como na It\u00e1lia nos anos 1980 \u2014 e por que a bola n\u00e3o estava no centro de tudo. Ancelotti observou ent\u00e3o uma mudan\u00e7a progressiva, integrativa e enriquecedora em Liedholm: ele modificou seus m\u00e9todos de treinamento e at\u00e9 aproveitou aquela situa\u00e7\u00e3o como uma oportunidade de aprimoramento e aprendizado, porque na verdade estava aprendendo, por meio das rela\u00e7\u00f5es humanas e do jogo de futebol, uma nova maneira de ver o mundo.<\/p>\n<p>Ancelotti cita isso como um evento importante em sua carreira, visto que Liedholm, ao dar mais peso aos pensamentos e temperamentos dos jogadores, ao tentar ter empatia e se basear em sua maneira de entender as coisas, foi capaz de criar ambientes de liberdade e responsabilidade para os jogadores e, portanto, desenvolver futuros l\u00edderes. \u00c9 uma observa\u00e7\u00e3o profunda, que explica, entre in\u00fameros exemplos de percep\u00e7\u00e3o e persuas\u00e3o, o sucesso de Ancelotti como formador de jogadores, vesti\u00e1rios equilibrados, t\u00e1ticas s\u00f3lidas e times vencedores.<\/p>\n<p style=\"text-align: center\"><strong>Carlo nunca parece ter nada com que se preocupar porque ele realmente n\u00e3o precisa. Seu m\u00e9todo futebol\u00edstico sempre esteve latente porque se baseia em algo superior: o relacionamento entre os jogadores<\/strong><\/p>\n<p>\u00c9 curioso que, 27 anos depois, Ancelotti seja considerado pela primeira vez o grande exemplo de um movimento futebol\u00edstico que parece destinado a se tornar predominante no presente e no futuro pr\u00f3ximo: a rela\u00e7\u00e3o funcional do jogo, consequ\u00eancia de uma intera\u00e7\u00e3o mais livre e pr\u00f3xima da comunica\u00e7\u00e3o entre diferentes talentos, da qual o italiano, eterno vencedor de olhar sereno, \u00e9 considerado o porta-estandarte indiscut\u00edvel. Carlo nunca parece ter nada com que se preocupar porque ele realmente n\u00e3o precisa.<\/p>\n<p>Seu m\u00e9todo futebol\u00edstico sempre esteve latente porque se baseia em algo superior: o relacionamento entre os jogadores, cujo padr\u00e3o comum repousa na sabedoria com que seu l\u00edder compreende igualmente os tra\u00e7os futebol\u00edsticos e temperamentais de cada membro do grupo. Pode haver uma grande dist\u00e2ncia entre duas ou mais personalidades; Pode haver diferentes maneiras de entender hierarquias, de precisar de diferentes impulsos motivacionais, mas Ancelotti sempre os aproximar\u00e1. Por esta e por muitas outras raz\u00f5es, Ancelotti sempre venceu ou chegou perto de vencer.<\/p>\n<hr \/>\n<blockquote><p><em>O mais importante na hora de dirigir atores \u00e9 escolh\u00ea-los bem. A segunda coisa mais importante \u00e9 conhec\u00ea-los bem. Um bom diretor de atores n\u00e3o \u00e9 aquele que fala muito e gesticula ostensivamente. Um bom diretor de cinema parece n\u00e3o fazer nada \u2013 <strong>Jaime Rosales<\/strong><\/em><\/p><\/blockquote>\n<hr \/>\n<p><span style=\"color: #0000ff\"><strong><a style=\"color: #0000ff\" href=\"https:\/\/www.panenka.org\/pasaportes\/carlo-ancelotti-el-hombre-que-siempre-estuvo-aqui\/\">(mat\u00e9ria publicada na revista espanhola Panenka em dezembro de 2023)<\/a><\/strong><\/span><\/p>\n","protected":false},"excerpt":{"rendered":"<p>\u2666 Vinte e sete anos depois de assumir como t\u00e9cnico, o sucesso de Ancelotti como pai de jogadores, [&hellip;]<\/p>\n","protected":false},"author":102107496,"featured_media":41766,"comment_status":"open","ping_status":"open","sticky":false,"template":"","format":"standard","meta":{"_coblocks_attr":"","_coblocks_dimensions":"","_coblocks_responsive_height":"","_coblocks_accordion_ie_support":"","_jetpack_newsletter_access":"","_jetpack_dont_email_post_to_subs":false,"_jetpack_newsletter_tier_id":0,"_jetpack_memberships_contains_paywalled_content":false,"_wpcom_ai_launchpad_first_post":false,"_jetpack_feature_clip_id":0,"_jetpack_memberships_contains_paid_content":false,"footnotes":"","jetpack_publicize_message":"","jetpack_publicize_feature_enabled":true,"jetpack_social_post_already_shared":false,"jetpack_social_options":{"image_generator_settings":{"template":"highway","default_image_id":0,"font":"","enabled":false},"version":2},"jetpack_post_was_ever_published":false},"categories":[3919],"tags":[1127145,789560569,780969811,789560573,2520961,11740834,62801],"class_list":["post-50082","post","type-post","status-publish","format-standard","has-post-thumbnail","hentry","category-opiniao","tag-carlo-ancelotti","tag-cbf","tag-lucio-mongardi","tag-luiz-antonio-prosperi","tag-nils-liedholm","tag-paulo-roberto-falcao","tag-roma"],"yoast_head":"<!-- This site is optimized with the Yoast SEO plugin v28.4 - https:\/\/yoast.com\/product\/yoast-seo-wordpress\/ -->\n<title>Carlo Ancelotti, O Homem Que Sempre Esteve Aqui - PR\u00d3SPERI NEWS<\/title>\n<meta name=\"robots\" content=\"index, follow, max-snippet:-1, max-image-preview:large, max-video-preview:-1\" \/>\n<link rel=\"canonical\" href=\"https:\/\/blogdoprosperi.com\/?p=50082\" \/>\n<meta property=\"og:locale\" content=\"pt_BR\" \/>\n<meta property=\"og:type\" content=\"article\" \/>\n<meta property=\"og:title\" content=\"Carlo Ancelotti, O Homem Que Sempre Esteve Aqui - PR\u00d3SPERI NEWS\" \/>\n<meta property=\"og:description\" content=\"\u2666 Vinte e sete anos depois de assumir como t\u00e9cnico, o sucesso de Ancelotti como pai de jogadores, [&hellip;]\" \/>\n<meta property=\"og:url\" content=\"https:\/\/blogdoprosperi.com\/?p=50082\" \/>\n<meta property=\"og:site_name\" content=\"PR\u00d3SPERI NEWS\" \/>\n<meta property=\"article:publisher\" content=\"Luiz Pr\u00f3speri\" \/>\n<meta property=\"article:author\" content=\"Luiz Pr\u00f3speri\" \/>\n<meta property=\"article:published_time\" content=\"2025-05-12T16:46:48+00:00\" \/>\n<meta property=\"article:modified_time\" content=\"2025-05-12T16:48:29+00:00\" \/>\n<meta property=\"og:image\" content=\"https:\/\/i0.wp.com\/blogdoprosperi.com\/wp-content\/uploads\/2023\/06\/ancelotti.webp?fit=940%2C528&ssl=1\" \/>\n\t<meta property=\"og:image:width\" content=\"940\" \/>\n\t<meta property=\"og:image:height\" content=\"528\" \/>\n\t<meta property=\"og:image:type\" content=\"image\/webp\" \/>\n<meta name=\"author\" content=\"Luiz Ant\u00f4nio Pr\u00f3speri\" \/>\n<meta name=\"twitter:card\" content=\"summary_large_image\" \/>\n<meta name=\"twitter:creator\" content=\"@Luizprosperi\" \/>\n<meta name=\"twitter:site\" content=\"@Luizprosperi\" \/>\n<meta name=\"twitter:label1\" content=\"Escrito por\" \/>\n\t<meta name=\"twitter:data1\" content=\"Luiz Ant\u00f4nio Pr\u00f3speri\" \/>\n\t<meta name=\"twitter:label2\" content=\"Est. tempo de leitura\" \/>\n\t<meta name=\"twitter:data2\" content=\"6 minutos\" \/>\n<script type=\"application\/ld+json\" class=\"yoast-schema-graph\">{\"@context\":\"https:\\\/\\\/schema.org\",\"@graph\":[{\"@type\":\"Article\",\"@id\":\"https:\\\/\\\/blogdoprosperi.com\\\/?p=50082#article\",\"isPartOf\":{\"@id\":\"https:\\\/\\\/blogdoprosperi.com\\\/?p=50082\"},\"author\":{\"name\":\"Luiz Ant\u00f4nio Pr\u00f3speri\",\"@id\":\"https:\\\/\\\/blogdoprosperi.com\\\/#\\\/schema\\\/person\\\/38100755ce3601861ee4fab9b5aa78e9\"},\"headline\":\"Carlo Ancelotti, O Homem Que Sempre Esteve Aqui\",\"datePublished\":\"2025-05-12T16:46:48+00:00\",\"dateModified\":\"2025-05-12T16:48:29+00:00\",\"mainEntityOfPage\":{\"@id\":\"https:\\\/\\\/blogdoprosperi.com\\\/?p=50082\"},\"wordCount\":1173,\"commentCount\":0,\"publisher\":{\"@id\":\"https:\\\/\\\/blogdoprosperi.com\\\/#\\\/schema\\\/person\\\/38100755ce3601861ee4fab9b5aa78e9\"},\"image\":{\"@id\":\"https:\\\/\\\/blogdoprosperi.com\\\/?p=50082#primaryimage\"},\"thumbnailUrl\":\"https:\\\/\\\/i0.wp.com\\\/blogdoprosperi.com\\\/wp-content\\\/uploads\\\/2023\\\/06\\\/ancelotti.webp?fit=940%2C528&ssl=1\",\"keywords\":[\"Carlo Ancelotti\",\"CBF\",\"lucio mongardi\",\"Luiz Ant\u00f4nio Pr\u00f3speri\",\"Nils Liedholm\",\"Paulo Roberto Falc\u00e3o\",\"roma\"],\"articleSection\":[\"opini\u00e3o\"],\"inLanguage\":\"pt-BR\",\"potentialAction\":[{\"@type\":\"CommentAction\",\"name\":\"Comment\",\"target\":[\"https:\\\/\\\/blogdoprosperi.com\\\/?p=50082#respond\"]}]},{\"@type\":\"WebPage\",\"@id\":\"https:\\\/\\\/blogdoprosperi.com\\\/?p=50082\",\"url\":\"https:\\\/\\\/blogdoprosperi.com\\\/?p=50082\",\"name\":\"Carlo Ancelotti, O Homem Que Sempre Esteve Aqui - PR\u00d3SPERI NEWS\",\"isPartOf\":{\"@id\":\"https:\\\/\\\/blogdoprosperi.com\\\/#website\"},\"primaryImageOfPage\":{\"@id\":\"https:\\\/\\\/blogdoprosperi.com\\\/?p=50082#primaryimage\"},\"image\":{\"@id\":\"https:\\\/\\\/blogdoprosperi.com\\\/?p=50082#primaryimage\"},\"thumbnailUrl\":\"https:\\\/\\\/i0.wp.com\\\/blogdoprosperi.com\\\/wp-content\\\/uploads\\\/2023\\\/06\\\/ancelotti.webp?fit=940%2C528&ssl=1\",\"datePublished\":\"2025-05-12T16:46:48+00:00\",\"dateModified\":\"2025-05-12T16:48:29+00:00\",\"breadcrumb\":{\"@id\":\"https:\\\/\\\/blogdoprosperi.com\\\/?p=50082#breadcrumb\"},\"inLanguage\":\"pt-BR\",\"potentialAction\":[{\"@type\":\"ReadAction\",\"target\":[\"https:\\\/\\\/blogdoprosperi.com\\\/?p=50082\"]}]},{\"@type\":\"ImageObject\",\"inLanguage\":\"pt-BR\",\"@id\":\"https:\\\/\\\/blogdoprosperi.com\\\/?p=50082#primaryimage\",\"url\":\"https:\\\/\\\/i0.wp.com\\\/blogdoprosperi.com\\\/wp-content\\\/uploads\\\/2023\\\/06\\\/ancelotti.webp?fit=940%2C528&ssl=1\",\"contentUrl\":\"https:\\\/\\\/i0.wp.com\\\/blogdoprosperi.com\\\/wp-content\\\/uploads\\\/2023\\\/06\\\/ancelotti.webp?fit=940%2C528&ssl=1\",\"width\":940,\"height\":528,\"caption\":\"Ancelotti, guru de Tite \u2013 foto: Real Madrid oficial\"},{\"@type\":\"BreadcrumbList\",\"@id\":\"https:\\\/\\\/blogdoprosperi.com\\\/?p=50082#breadcrumb\",\"itemListElement\":[{\"@type\":\"ListItem\",\"position\":1,\"name\":\"In\u00edcio\",\"item\":\"https:\\\/\\\/blogdoprosperi.com\\\/\"},{\"@type\":\"ListItem\",\"position\":2,\"name\":\"Carlo Ancelotti, O Homem Que Sempre Esteve Aqui\"}]},{\"@type\":\"WebSite\",\"@id\":\"https:\\\/\\\/blogdoprosperi.com\\\/#website\",\"url\":\"https:\\\/\\\/blogdoprosperi.com\\\/\",\"name\":\"PR\u00d3SPERI NEWS\",\"description\":\"TUDO \u00c9  FUTEBOL\",\"publisher\":{\"@id\":\"https:\\\/\\\/blogdoprosperi.com\\\/#\\\/schema\\\/person\\\/38100755ce3601861ee4fab9b5aa78e9\"},\"alternateName\":\"blogdoprosperi.com\",\"potentialAction\":[{\"@type\":\"SearchAction\",\"target\":{\"@type\":\"EntryPoint\",\"urlTemplate\":\"https:\\\/\\\/blogdoprosperi.com\\\/?s={search_term_string}\"},\"query-input\":{\"@type\":\"PropertyValueSpecification\",\"valueRequired\":true,\"valueName\":\"search_term_string\"}}],\"inLanguage\":\"pt-BR\"},{\"@type\":[\"Person\",\"Organization\"],\"@id\":\"https:\\\/\\\/blogdoprosperi.com\\\/#\\\/schema\\\/person\\\/38100755ce3601861ee4fab9b5aa78e9\",\"name\":\"Luiz Ant\u00f4nio Pr\u00f3speri\",\"pronouns\":\"ele\",\"image\":{\"@type\":\"ImageObject\",\"inLanguage\":\"pt-BR\",\"@id\":\"https:\\\/\\\/i0.wp.com\\\/blogdoprosperi.com\\\/wp-content\\\/uploads\\\/2026\\\/05\\\/cropped-8059e613-6002-42fa-961e-8e275f575d71-2-5.jpg?fit=1360%2C931&ssl=1\",\"url\":\"https:\\\/\\\/i0.wp.com\\\/blogdoprosperi.com\\\/wp-content\\\/uploads\\\/2026\\\/05\\\/cropped-8059e613-6002-42fa-961e-8e275f575d71-2-5.jpg?fit=1360%2C931&ssl=1\",\"contentUrl\":\"https:\\\/\\\/i0.wp.com\\\/blogdoprosperi.com\\\/wp-content\\\/uploads\\\/2026\\\/05\\\/cropped-8059e613-6002-42fa-961e-8e275f575d71-2-5.jpg?fit=1360%2C931&ssl=1\",\"width\":1360,\"height\":931,\"caption\":\"Luiz Ant\u00f4nio Pr\u00f3speri\"},\"logo\":{\"@id\":\"https:\\\/\\\/i0.wp.com\\\/blogdoprosperi.com\\\/wp-content\\\/uploads\\\/2026\\\/05\\\/cropped-8059e613-6002-42fa-961e-8e275f575d71-2-5.jpg?fit=1360%2C931&ssl=1\"},\"description\":\"Jornalista com carreira dedicada ao esporte. Cobriu 9 Copas do Mundo in loco, 1990 na It\u00e1lia, 1994 nos EUA, 1998 na Fran\u00e7a, 2002 na Coreia do Sul e Jap\u00e3o, 2006 na Alemanha, 2010 na \u00c1frica do Sul, 2014 no Brasil, 2018 na R\u00fassia e 2022 no Qatar. Eurocopas, 1992 na Su\u00e9cia e 1996 na Inglaterra. Copa das Confedera\u00e7\u00f5es de 2005 na Alemanha e 2009 na \u00c1frica do Sul. Rep\u00f3rter e Editor, trabalhou no Jornal da Tarde e Estad\u00e3o, de 1984 a fevereiro de 2016. Colunista, blogueiro. E comentarista de futebol na R\u00e1dio Estad\u00e3o, de 2013 a fevereiro de 2016. Jornalista respons\u00e1vel do \\\"Pr\u00f3speri News\\\" (blogdoprosperi.com).\",\"sameAs\":[\"http:\\\/\\\/blogdoprosperi.com\",\"Luiz Pr\u00f3speri\",\"@luiz_prosperi\",\"https:\\\/\\\/x.com\\\/Luizprosperi\",\"@prosperinacopa\",\"luiz.prosperi@icloud.com\"],\"url\":\"https:\\\/\\\/blogdoprosperi.com\\\/?author=102107496\"}]}<\/script>\n<!-- \/ Yoast SEO plugin. -->","yoast_head_json":{"title":"Carlo Ancelotti, O Homem Que Sempre Esteve Aqui - PR\u00d3SPERI NEWS","robots":{"index":"index","follow":"follow","max-snippet":"max-snippet:-1","max-image-preview":"max-image-preview:large","max-video-preview":"max-video-preview:-1"},"canonical":"https:\/\/blogdoprosperi.com\/?p=50082","og_locale":"pt_BR","og_type":"article","og_title":"Carlo Ancelotti, O Homem Que Sempre Esteve Aqui - PR\u00d3SPERI NEWS","og_description":"\u2666 Vinte e sete anos depois de assumir como t\u00e9cnico, o sucesso de Ancelotti como pai de jogadores, [&hellip;]","og_url":"https:\/\/blogdoprosperi.com\/?p=50082","og_site_name":"PR\u00d3SPERI NEWS","article_publisher":"Luiz Pr\u00f3speri","article_author":"Luiz Pr\u00f3speri","article_published_time":"2025-05-12T16:46:48+00:00","article_modified_time":"2025-05-12T16:48:29+00:00","og_image":[{"width":940,"height":528,"url":"https:\/\/i0.wp.com\/blogdoprosperi.com\/wp-content\/uploads\/2023\/06\/ancelotti.webp?fit=940%2C528&ssl=1","type":"image\/webp"}],"author":"Luiz Ant\u00f4nio Pr\u00f3speri","twitter_card":"summary_large_image","twitter_creator":"@Luizprosperi","twitter_site":"@Luizprosperi","twitter_misc":{"Escrito por":"Luiz Ant\u00f4nio Pr\u00f3speri","Est. tempo de leitura":"6 minutos"},"schema":{"@context":"https:\/\/schema.org","@graph":[{"@type":"Article","@id":"https:\/\/blogdoprosperi.com\/?p=50082#article","isPartOf":{"@id":"https:\/\/blogdoprosperi.com\/?p=50082"},"author":{"name":"Luiz Ant\u00f4nio Pr\u00f3speri","@id":"https:\/\/blogdoprosperi.com\/#\/schema\/person\/38100755ce3601861ee4fab9b5aa78e9"},"headline":"Carlo Ancelotti, O Homem Que Sempre Esteve Aqui","datePublished":"2025-05-12T16:46:48+00:00","dateModified":"2025-05-12T16:48:29+00:00","mainEntityOfPage":{"@id":"https:\/\/blogdoprosperi.com\/?p=50082"},"wordCount":1173,"commentCount":0,"publisher":{"@id":"https:\/\/blogdoprosperi.com\/#\/schema\/person\/38100755ce3601861ee4fab9b5aa78e9"},"image":{"@id":"https:\/\/blogdoprosperi.com\/?p=50082#primaryimage"},"thumbnailUrl":"https:\/\/i0.wp.com\/blogdoprosperi.com\/wp-content\/uploads\/2023\/06\/ancelotti.webp?fit=940%2C528&ssl=1","keywords":["Carlo Ancelotti","CBF","lucio mongardi","Luiz Ant\u00f4nio Pr\u00f3speri","Nils Liedholm","Paulo Roberto Falc\u00e3o","roma"],"articleSection":["opini\u00e3o"],"inLanguage":"pt-BR","potentialAction":[{"@type":"CommentAction","name":"Comment","target":["https:\/\/blogdoprosperi.com\/?p=50082#respond"]}]},{"@type":"WebPage","@id":"https:\/\/blogdoprosperi.com\/?p=50082","url":"https:\/\/blogdoprosperi.com\/?p=50082","name":"Carlo Ancelotti, O Homem Que Sempre Esteve Aqui - PR\u00d3SPERI NEWS","isPartOf":{"@id":"https:\/\/blogdoprosperi.com\/#website"},"primaryImageOfPage":{"@id":"https:\/\/blogdoprosperi.com\/?p=50082#primaryimage"},"image":{"@id":"https:\/\/blogdoprosperi.com\/?p=50082#primaryimage"},"thumbnailUrl":"https:\/\/i0.wp.com\/blogdoprosperi.com\/wp-content\/uploads\/2023\/06\/ancelotti.webp?fit=940%2C528&ssl=1","datePublished":"2025-05-12T16:46:48+00:00","dateModified":"2025-05-12T16:48:29+00:00","breadcrumb":{"@id":"https:\/\/blogdoprosperi.com\/?p=50082#breadcrumb"},"inLanguage":"pt-BR","potentialAction":[{"@type":"ReadAction","target":["https:\/\/blogdoprosperi.com\/?p=50082"]}]},{"@type":"ImageObject","inLanguage":"pt-BR","@id":"https:\/\/blogdoprosperi.com\/?p=50082#primaryimage","url":"https:\/\/i0.wp.com\/blogdoprosperi.com\/wp-content\/uploads\/2023\/06\/ancelotti.webp?fit=940%2C528&ssl=1","contentUrl":"https:\/\/i0.wp.com\/blogdoprosperi.com\/wp-content\/uploads\/2023\/06\/ancelotti.webp?fit=940%2C528&ssl=1","width":940,"height":528,"caption":"Ancelotti, guru de Tite \u2013 foto: Real Madrid oficial"},{"@type":"BreadcrumbList","@id":"https:\/\/blogdoprosperi.com\/?p=50082#breadcrumb","itemListElement":[{"@type":"ListItem","position":1,"name":"In\u00edcio","item":"https:\/\/blogdoprosperi.com\/"},{"@type":"ListItem","position":2,"name":"Carlo Ancelotti, O Homem Que Sempre Esteve Aqui"}]},{"@type":"WebSite","@id":"https:\/\/blogdoprosperi.com\/#website","url":"https:\/\/blogdoprosperi.com\/","name":"PR\u00d3SPERI NEWS","description":"TUDO \u00c9  FUTEBOL","publisher":{"@id":"https:\/\/blogdoprosperi.com\/#\/schema\/person\/38100755ce3601861ee4fab9b5aa78e9"},"alternateName":"blogdoprosperi.com","potentialAction":[{"@type":"SearchAction","target":{"@type":"EntryPoint","urlTemplate":"https:\/\/blogdoprosperi.com\/?s={search_term_string}"},"query-input":{"@type":"PropertyValueSpecification","valueRequired":true,"valueName":"search_term_string"}}],"inLanguage":"pt-BR"},{"@type":["Person","Organization"],"@id":"https:\/\/blogdoprosperi.com\/#\/schema\/person\/38100755ce3601861ee4fab9b5aa78e9","name":"Luiz Ant\u00f4nio Pr\u00f3speri","pronouns":"ele","image":{"@type":"ImageObject","inLanguage":"pt-BR","@id":"https:\/\/i0.wp.com\/blogdoprosperi.com\/wp-content\/uploads\/2026\/05\/cropped-8059e613-6002-42fa-961e-8e275f575d71-2-5.jpg?fit=1360%2C931&ssl=1","url":"https:\/\/i0.wp.com\/blogdoprosperi.com\/wp-content\/uploads\/2026\/05\/cropped-8059e613-6002-42fa-961e-8e275f575d71-2-5.jpg?fit=1360%2C931&ssl=1","contentUrl":"https:\/\/i0.wp.com\/blogdoprosperi.com\/wp-content\/uploads\/2026\/05\/cropped-8059e613-6002-42fa-961e-8e275f575d71-2-5.jpg?fit=1360%2C931&ssl=1","width":1360,"height":931,"caption":"Luiz Ant\u00f4nio Pr\u00f3speri"},"logo":{"@id":"https:\/\/i0.wp.com\/blogdoprosperi.com\/wp-content\/uploads\/2026\/05\/cropped-8059e613-6002-42fa-961e-8e275f575d71-2-5.jpg?fit=1360%2C931&ssl=1"},"description":"Jornalista com carreira dedicada ao esporte. Cobriu 9 Copas do Mundo in loco, 1990 na It\u00e1lia, 1994 nos EUA, 1998 na Fran\u00e7a, 2002 na Coreia do Sul e Jap\u00e3o, 2006 na Alemanha, 2010 na \u00c1frica do Sul, 2014 no Brasil, 2018 na R\u00fassia e 2022 no Qatar. Eurocopas, 1992 na Su\u00e9cia e 1996 na Inglaterra. Copa das Confedera\u00e7\u00f5es de 2005 na Alemanha e 2009 na \u00c1frica do Sul. Rep\u00f3rter e Editor, trabalhou no Jornal da Tarde e Estad\u00e3o, de 1984 a fevereiro de 2016. Colunista, blogueiro. E comentarista de futebol na R\u00e1dio Estad\u00e3o, de 2013 a fevereiro de 2016. Jornalista respons\u00e1vel do \"Pr\u00f3speri News\" (blogdoprosperi.com).","sameAs":["http:\/\/blogdoprosperi.com","Luiz Pr\u00f3speri","@luiz_prosperi","https:\/\/x.com\/Luizprosperi","@prosperinacopa","luiz.prosperi@icloud.com"],"url":"https:\/\/blogdoprosperi.com\/?author=102107496"}]}},"jetpack_publicize_connections":[],"jetpack_likes_enabled":false,"jetpack_sharing_enabled":true,"jetpack_shortlink":"https:\/\/wp.me\/p7jvdk-d1M","jetpack-related-posts":[{"id":50105,"url":"https:\/\/blogdoprosperi.com\/?p=50105","url_meta":{"origin":50082,"position":0},"title":"Para Entender o Qu\u00e3o Bom Carlo Ancelotti \u00c9 Como Treinador de Clube, Veja o Que Ele N\u00c3O Faz\u2026","author":"Luiz Ant\u00f4nio Pr\u00f3speri","date":"14 de maio de 2025","format":false,"excerpt":"\u2666 Ao contr\u00e1rio de v\u00e1rios de seus pares, ele n\u00e3o criou um movimento. N\u00e3o existe uma Escola de Ancelotti nem uma onda de disc\u00edpulos por tr\u00e1s dele \u2666 Ancelotti tem o ar de algu\u00e9m que disse a si mesmo para aproveitar at\u00e9 a m\u00fasica parar Por\u00a0Phil Hay \u2013 The Athletic\u2026","rel":"","context":"Em &quot;futebol&quot;","block_context":{"text":"futebol","link":"https:\/\/blogdoprosperi.com\/?cat=53870"},"img":{"alt_text":"Carlo Ancelotti, entenda seu sucesso","src":"https:\/\/i0.wp.com\/blogdoprosperi.com\/wp-content\/uploads\/2025\/05\/1024.jpg?fit=1024%2C576&ssl=1&resize=350%2C200","width":350,"height":200,"srcset":"https:\/\/i0.wp.com\/blogdoprosperi.com\/wp-content\/uploads\/2025\/05\/1024.jpg?fit=1024%2C576&ssl=1&resize=350%2C200 1x, https:\/\/i0.wp.com\/blogdoprosperi.com\/wp-content\/uploads\/2025\/05\/1024.jpg?fit=1024%2C576&ssl=1&resize=525%2C300 1.5x, https:\/\/i0.wp.com\/blogdoprosperi.com\/wp-content\/uploads\/2025\/05\/1024.jpg?fit=1024%2C576&ssl=1&resize=700%2C400 2x"},"classes":[]},{"id":41758,"url":"https:\/\/blogdoprosperi.com\/?p=41758","url_meta":{"origin":50082,"position":1},"title":"Guru de Tite chega em 2024 e renova\u00e7\u00e3o da Sele\u00e7\u00e3o corre risco","author":"Luiz Ant\u00f4nio Pr\u00f3speri","date":"20 de junho de 2023","format":false,"excerpt":"Chegada de Carlo Ancelotti em 2024 lan\u00e7a uma quest\u00e3o fundamental: como \u00e9 que fica o processo de remontagem da Sele\u00e7\u00e3o Brasileira?","rel":"","context":"Em &quot;catar 2022&quot;","block_context":{"text":"catar 2022","link":"https:\/\/blogdoprosperi.com\/?cat=47094043"},"img":{"alt_text":"","src":"https:\/\/i0.wp.com\/blogdoprosperi.com\/wp-content\/uploads\/2023\/06\/52989781650_5ca2b0913b_c.jpg?fit=800%2C477&ssl=1&resize=350%2C200","width":350,"height":200,"srcset":"https:\/\/i0.wp.com\/blogdoprosperi.com\/wp-content\/uploads\/2023\/06\/52989781650_5ca2b0913b_c.jpg?fit=800%2C477&ssl=1&resize=350%2C200 1x, https:\/\/i0.wp.com\/blogdoprosperi.com\/wp-content\/uploads\/2023\/06\/52989781650_5ca2b0913b_c.jpg?fit=800%2C477&ssl=1&resize=525%2C300 1.5x, https:\/\/i0.wp.com\/blogdoprosperi.com\/wp-content\/uploads\/2023\/06\/52989781650_5ca2b0913b_c.jpg?fit=800%2C477&ssl=1&resize=700%2C400 2x"},"classes":[]},{"id":60202,"url":"https:\/\/blogdoprosperi.com\/?p=60202","url_meta":{"origin":50082,"position":2},"title":"Invent\u00e1rio da derrota (epis\u00f3dio 3): Do capatosta ao tra\u00edra na Copa 2026","author":"Luiz Ant\u00f4nio Pr\u00f3speri","date":"13 de julho de 2026","format":false,"excerpt":"Luiz Ant\u00f4nio Pr\u00f3speri \u2013 13 julho 2026 (16h01) Invent\u00e1rio da Derrota do Brasil na Copa 2026 chega ao terceiro epis\u00f3dio (#epis\u00f3dio3) da s\u00e9rie. Carlo Ancelotti leva um choque de realidade quando sua proposta de jogo \u00e9 pulverizada por Marrocos logo na estreia do Brasil na Copa. Ele descobre ou dissimula\u2026","rel":"","context":"Em &quot;copa do mundo 2026&quot;","block_context":{"text":"copa do mundo 2026","link":"https:\/\/blogdoprosperi.com\/?cat=115102077"},"img":{"alt_text":"","src":"https:\/\/i0.wp.com\/blogdoprosperi.com\/wp-content\/uploads\/2026\/07\/Captura-de-Tela-2026-07-13-as-15.54.50.png?fit=1200%2C761&ssl=1&resize=350%2C200","width":350,"height":200,"srcset":"https:\/\/i0.wp.com\/blogdoprosperi.com\/wp-content\/uploads\/2026\/07\/Captura-de-Tela-2026-07-13-as-15.54.50.png?fit=1200%2C761&ssl=1&resize=350%2C200 1x, https:\/\/i0.wp.com\/blogdoprosperi.com\/wp-content\/uploads\/2026\/07\/Captura-de-Tela-2026-07-13-as-15.54.50.png?fit=1200%2C761&ssl=1&resize=525%2C300 1.5x, https:\/\/i0.wp.com\/blogdoprosperi.com\/wp-content\/uploads\/2026\/07\/Captura-de-Tela-2026-07-13-as-15.54.50.png?fit=1200%2C761&ssl=1&resize=700%2C400 2x, https:\/\/i0.wp.com\/blogdoprosperi.com\/wp-content\/uploads\/2026\/07\/Captura-de-Tela-2026-07-13-as-15.54.50.png?fit=1200%2C761&ssl=1&resize=1050%2C600 3x"},"classes":[]},{"id":58299,"url":"https:\/\/blogdoprosperi.com\/?p=58299","url_meta":{"origin":50082,"position":3},"title":"Ancelotti: \u201cVejo o Vinicius como o via no Real Madrid, um jogador espetacular e uma pessoa espetacular que pode decidir uma partida sozinho&#8221;","author":"Luiz Ant\u00f4nio Pr\u00f3speri","date":"13 de maio de 2026","format":false,"excerpt":"\"Os brasileiros t\u00eam um carinho especial pela camisa amarela. Esse amor especial pela Sele\u00e7\u00e3o \u00e9 uma caracter\u00edstica muito forte do Brasil\"","rel":"","context":"Em &quot;copa 2026&quot;","block_context":{"text":"copa 2026","link":"https:\/\/blogdoprosperi.com\/?cat=36820279"},"img":{"alt_text":"Ancelotti elogia Vini Jr","src":"https:\/\/i0.wp.com\/blogdoprosperi.com\/wp-content\/uploads\/2026\/05\/carlo-ancelotti-va-ecarter-vinicius-voici-la-raison.jpg?fit=1200%2C800&ssl=1&resize=350%2C200","width":350,"height":200,"srcset":"https:\/\/i0.wp.com\/blogdoprosperi.com\/wp-content\/uploads\/2026\/05\/carlo-ancelotti-va-ecarter-vinicius-voici-la-raison.jpg?fit=1200%2C800&ssl=1&resize=350%2C200 1x, https:\/\/i0.wp.com\/blogdoprosperi.com\/wp-content\/uploads\/2026\/05\/carlo-ancelotti-va-ecarter-vinicius-voici-la-raison.jpg?fit=1200%2C800&ssl=1&resize=525%2C300 1.5x, https:\/\/i0.wp.com\/blogdoprosperi.com\/wp-content\/uploads\/2026\/05\/carlo-ancelotti-va-ecarter-vinicius-voici-la-raison.jpg?fit=1200%2C800&ssl=1&resize=700%2C400 2x, https:\/\/i0.wp.com\/blogdoprosperi.com\/wp-content\/uploads\/2026\/05\/carlo-ancelotti-va-ecarter-vinicius-voici-la-raison.jpg?fit=1200%2C800&ssl=1&resize=1050%2C600 3x"},"classes":[]},{"id":50697,"url":"https:\/\/blogdoprosperi.com\/?p=50697","url_meta":{"origin":50082,"position":4},"title":"Ancelotti Estreia | Enfim, Uma Sele\u00e7\u00e3o Brasileira Sem Identidade","author":"Luiz Ant\u00f4nio Pr\u00f3speri","date":"5 de junho de 2025","format":false,"excerpt":"\u2660 Gosto de uma equipe que n\u00e3o tenha uma identidade definida \u2660 A camisa do Brasil pesa muito e creio que \u00e9 um grande orgulho vestir, porque eles (jogadores) s\u00e3o os melhores do mundo, entre eles o maior: Pel\u00e9 Luiz Ant\u00f4nio Pr\u00f3speri \u2013 5 de junho (13h05) \u2013 Carlo Ancelotti\u2026","rel":"","context":"Em &quot;futebol&quot;","block_context":{"text":"futebol","link":"https:\/\/blogdoprosperi.com\/?cat=53870"},"img":{"alt_text":"","src":"https:\/\/i0.wp.com\/blogdoprosperi.com\/wp-content\/uploads\/2025\/06\/54566913252_dd8b673611_c.jpg?fit=799%2C548&ssl=1&resize=350%2C200","width":350,"height":200,"srcset":"https:\/\/i0.wp.com\/blogdoprosperi.com\/wp-content\/uploads\/2025\/06\/54566913252_dd8b673611_c.jpg?fit=799%2C548&ssl=1&resize=350%2C200 1x, https:\/\/i0.wp.com\/blogdoprosperi.com\/wp-content\/uploads\/2025\/06\/54566913252_dd8b673611_c.jpg?fit=799%2C548&ssl=1&resize=525%2C300 1.5x, https:\/\/i0.wp.com\/blogdoprosperi.com\/wp-content\/uploads\/2025\/06\/54566913252_dd8b673611_c.jpg?fit=799%2C548&ssl=1&resize=700%2C400 2x"},"classes":[]},{"id":60200,"url":"https:\/\/blogdoprosperi.com\/?p=60200","url_meta":{"origin":50082,"position":5},"title":"Invent\u00e1rio da derrota (epis\u00f3dio 2):  Da suntuosa convoca\u00e7\u00e3o e Neymar ao mundo rico na Copa","author":"Luiz Ant\u00f4nio Pr\u00f3speri","date":"12 de julho de 2026","format":false,"excerpt":"Luiz Ant\u00f4nio Pr\u00f3speri \u2013 12 julho 2026 (16h33) Invent\u00e1rio da Derrota do Brasil na Copa do Mundo 2026 chega ao #epis\u00f3dio 2. Aqui voc\u00ea vai entender os motivos que levaram Carlo Ancelotti a aceitar a megalomania de a CBF tratar o futebol brasileiro como um gigante dormindo em ber\u00e7o espl\u00eandido.\u2026","rel":"","context":"Em &quot;copa 2026&quot;","block_context":{"text":"copa 2026","link":"https:\/\/blogdoprosperi.com\/?cat=36820279"},"img":{"alt_text":"","src":"https:\/\/i0.wp.com\/blogdoprosperi.com\/wp-content\/uploads\/2026\/07\/02JULHO26_TREINO_37.jpg?fit=1200%2C801&ssl=1&resize=350%2C200","width":350,"height":200,"srcset":"https:\/\/i0.wp.com\/blogdoprosperi.com\/wp-content\/uploads\/2026\/07\/02JULHO26_TREINO_37.jpg?fit=1200%2C801&ssl=1&resize=350%2C200 1x, https:\/\/i0.wp.com\/blogdoprosperi.com\/wp-content\/uploads\/2026\/07\/02JULHO26_TREINO_37.jpg?fit=1200%2C801&ssl=1&resize=525%2C300 1.5x, https:\/\/i0.wp.com\/blogdoprosperi.com\/wp-content\/uploads\/2026\/07\/02JULHO26_TREINO_37.jpg?fit=1200%2C801&ssl=1&resize=700%2C400 2x, https:\/\/i0.wp.com\/blogdoprosperi.com\/wp-content\/uploads\/2026\/07\/02JULHO26_TREINO_37.jpg?fit=1200%2C801&ssl=1&resize=1050%2C600 3x"},"classes":[]}],"jetpack_featured_media_url":"https:\/\/i0.wp.com\/blogdoprosperi.com\/wp-content\/uploads\/2023\/06\/ancelotti.webp?fit=940%2C528&ssl=1","_links":{"self":[{"href":"https:\/\/blogdoprosperi.com\/index.php?rest_route=\/wp\/v2\/posts\/50082","targetHints":{"allow":["GET"]}}],"collection":[{"href":"https:\/\/blogdoprosperi.com\/index.php?rest_route=\/wp\/v2\/posts"}],"about":[{"href":"https:\/\/blogdoprosperi.com\/index.php?rest_route=\/wp\/v2\/types\/post"}],"author":[{"embeddable":true,"href":"https:\/\/blogdoprosperi.com\/index.php?rest_route=\/wp\/v2\/users\/102107496"}],"replies":[{"embeddable":true,"href":"https:\/\/blogdoprosperi.com\/index.php?rest_route=%2Fwp%2Fv2%2Fcomments&post=50082"}],"version-history":[{"count":8,"href":"https:\/\/blogdoprosperi.com\/index.php?rest_route=\/wp\/v2\/posts\/50082\/revisions"}],"predecessor-version":[{"id":50091,"href":"https:\/\/blogdoprosperi.com\/index.php?rest_route=\/wp\/v2\/posts\/50082\/revisions\/50091"}],"wp:featuredmedia":[{"embeddable":true,"href":"https:\/\/blogdoprosperi.com\/index.php?rest_route=\/wp\/v2\/media\/41766"}],"wp:attachment":[{"href":"https:\/\/blogdoprosperi.com\/index.php?rest_route=%2Fwp%2Fv2%2Fmedia&parent=50082"}],"wp:term":[{"taxonomy":"category","embeddable":true,"href":"https:\/\/blogdoprosperi.com\/index.php?rest_route=%2Fwp%2Fv2%2Fcategories&post=50082"},{"taxonomy":"post_tag","embeddable":true,"href":"https:\/\/blogdoprosperi.com\/index.php?rest_route=%2Fwp%2Fv2%2Ftags&post=50082"}],"curies":[{"name":"wp","href":"https:\/\/api.w.org\/{rel}","templated":true}]}}