{"id":50119,"date":"2025-05-19T21:17:16","date_gmt":"2025-05-20T00:17:16","guid":{"rendered":"https:\/\/blogdoprosperi.com\/?p=50119"},"modified":"2025-05-19T21:39:05","modified_gmt":"2025-05-20T00:39:05","slug":"clubes-exigem-criacao-da-liga-e-participacao-efetiva-na-cbf-futebol-brasileiro-e-inegociavel-para-nos","status":"publish","type":"post","link":"https:\/\/blogdoprosperi.com\/?p=50119","title":{"rendered":"Clubes Exigem Cria\u00e7\u00e3o da Liga e Participa\u00e7\u00e3o Efetiva na CBF | &#8220;Futebol Brasileiro \u00e9 Inegoci\u00e1vel para N\u00f3s&#8221;"},"content":{"rendered":"<hr>\n<p><strong><span class=\"highlight highlighted\">\u2666 &#8220;Queremos a cria\u00e7\u00e3o da Liga<\/span> e reconhecimento de que as propriedades comerciais das S\u00e9ries A e B pertencem aos Clubes&#8221;<\/strong><\/p>\n<p><strong><span class=\"highlight highlighted\">\u2666 &#8220;Altera\u00e7\u00e3o das regras de governan\u00e7a<\/span>, dando efetivamente poder executivo \u00e0 Comiss\u00e3o Nacional de Clubes&#8221;<\/strong><\/p>\n<hr>\n<p><em>Luiz Ant\u00f4nio Pr\u00f3speri \u2013 19 maio (21h15) \u2013<\/em><\/p>\n<hr>\n<p>CBF enfrenta primeira rebeli\u00e3o desde o afastamento de Ednaldo Rodrigues e ascens\u00e3o do desconhecido Samir Xaud ao comando da entidade. A encrenca \u00e9 com os clubes, preteridos no golpe de juristas e cartolagem que apeou Ednaldo do poder no fim de semana (17 e 18\/5). Por meio de um duro manifesto, os clubes cobram, exigem, uma nova ordem na CBF: &#8220;O futebol brasileiro \u00e9 inegoci\u00e1vel para n\u00f3s&#8221;, diz o manifesto. E o pr\u00f3ximo movimento, anote a\u00ed, vir\u00e1 de ex-jogadores campe\u00f5es mundiais.<\/p>\n<p>A quest\u00e3o agora \u00e9 saber at\u00e9 que ponto os clubes est\u00e3o dispostos a brigar por seus direitos e nova governan\u00e7a dentro da CBF. Curso da hist\u00f3ria mostra a desuni\u00e3o absoluta dos clubes, cada um cuidando de seu riscado, e se locupletando com o poder do futebol nacional.<\/p>\n<p>No atual conflito, de um lado est\u00e3o as federa\u00e7\u00f5es estaduais fiadoras de Samir Xaud. De outro, os clubes, alijados do novo processo eleitoral da CBF. Federa\u00e7\u00f5es saem vencedoras.<\/p>\n<p>E dos clubes o que se tem de imediato \u00e9 o manifesto. Acompanhe.<\/p>\n<p>&#8220;Diante de mais uma elei\u00e7\u00e3o conturbada para escolha da pr\u00f3xima lideran\u00e7a \u00e0 frente da CBF, os clubes exigem que a entidade avance com prioridade e urg\u00eancia nos seguintes pontos:<\/p>\n<p><em><span class=\"highlight highlighted\"><strong>1 Altera\u00e7\u00e3o do processo eleitoral<\/strong><\/span>, especialmente no que se refere ao peso dos votos;<\/em><\/p>\n<p><em>2 Obrigatoriedade da <strong><span class=\"highlight highlighted\">participa\u00e7\u00e3o dos Clubes<\/span><\/strong> em todas as Assembleias Gerais da CBF<\/em><\/p>\n<p><em>3 Compromisso de <strong><span class=\"highlight highlighted\">cria\u00e7\u00e3o da Liga<\/span><\/strong> e reconhecimento de que as propriedades comerciais das S\u00e9ries A e B pertencem aos Clubes<\/em><\/p>\n<p><em><span class=\"highlight highlighted\"><strong>4 Altera\u00e7\u00e3o das regras de governan\u00e7a<\/strong><\/span>, dando efetivamente poder executivo \u00e0 Comiss\u00e3o Nacional de Clubes<\/em><\/p>\n<p><em><span class=\"highlight highlighted\"><strong>5 Profissionaliza\u00e7\u00e3o da arbitragem<\/strong><\/span> garantindo dedica\u00e7\u00e3o exclusiva dos \u00e1rbitros das s\u00e9ries A e B, e investimento em treinamento permanente<\/em><\/p>\n<p><em>6 O <span class=\"highlight highlighted\"><strong>calend\u00e1rio do ciclo 2026-2030 precisa ser aprovado por Libra e LFU<\/strong><\/span> em conjunto com CBF<\/em><\/p>\n<p><em>7 Fomento e <strong>apoio financeiro<\/strong> especialmente direcionado \u00e0s <strong>S\u00e9ries B, C e D<\/strong> assim como ao <strong>Futebol Feminino<\/strong><\/em><\/p>\n<p><em>8 Estabelecimento de regras de <strong><span class=\"highlight highlighted\">Fair Play Financeiro<\/span><\/strong><\/em><\/p>\n<p><em>Sem clubes n\u00e3o existe futebol<\/em><\/p>\n<hr>\n<p><strong>Manifesto dos Clubes<\/strong><\/p>\n<figure id=\"attachment_50208\" aria-describedby=\"caption-attachment-50208\" style=\"width: 598px\" class=\"wp-caption alignnone\"><img data-recalc-dims=\"1\" loading=\"lazy\" decoding=\"async\" data-attachment-id=\"50208\" data-permalink=\"https:\/\/blogdoprosperi.com\/?attachment_id=50208\" data-orig-file=\"https:\/\/i0.wp.com\/blogdoprosperi.com\/wp-content\/uploads\/2025\/05\/grwa7u2wiaagvuq-1.jpeg?fit=1080%2C1350&amp;ssl=1\" data-orig-size=\"1080,1350\" data-comments-opened=\"1\" data-image-meta=\"{&quot;aperture&quot;:&quot;0&quot;,&quot;credit&quot;:&quot;&quot;,&quot;camera&quot;:&quot;&quot;,&quot;caption&quot;:&quot;&quot;,&quot;created_timestamp&quot;:&quot;0&quot;,&quot;copyright&quot;:&quot;&quot;,&quot;focal_length&quot;:&quot;0&quot;,&quot;iso&quot;:&quot;0&quot;,&quot;shutter_speed&quot;:&quot;0&quot;,&quot;title&quot;:&quot;&quot;,&quot;orientation&quot;:&quot;0&quot;}\" data-image-title=\"Manifesto dos Clubes exigindo nova ordem na CBF\" data-image-description=\"\" data-image-caption=\"&lt;p&gt;Manifesto dos Clubes \u2013 foto: divulga\u00e7\u00e3o&lt;\/p&gt;\n\" data-large-file=\"https:\/\/i0.wp.com\/blogdoprosperi.com\/wp-content\/uploads\/2025\/05\/grwa7u2wiaagvuq-1.jpeg?fit=819%2C1024&amp;ssl=1\" src=\"https:\/\/i0.wp.com\/blogdoprosperi.com\/wp-content\/uploads\/2025\/05\/grwa7u2wiaagvuq-1.jpeg?resize=598%2C748&#038;ssl=1\" class=\"wp-image-50208\" alt=\"Clubes exigem cria\u00e7\u00e3o de Liga e mudan\u00e7a nos estatutos da CBF\" width=\"598\" height=\"748\"><figcaption id=\"caption-attachment-50208\" class=\"wp-caption-text\"><em>Manifesto dos Clubes \u2013 foto: divulga\u00e7\u00e3o<\/em><\/figcaption><\/figure>\n<hr>\n<p>CBF parece inclinada a atender algumas reivindica\u00e7\u00f5es dos clubes. <span><strong><a style=\"color: #0000ff\" href=\"https:\/\/blogdoprosperi.com\/2025\/05\/18\/cbf-tem-novo-chefe-samir-xaud-presidente-da-federacao-de-roraima\/\">Samir Xaud, a ser aclamado novo presidente da entidade<\/a><\/strong><\/span><span><strong> <\/strong><\/span>na elei\u00e7\u00e3o sem concorrentes domingo (25\/5), tem se manifestado a favor da cria\u00e7\u00e3o da Liga dos Clubes. E entregar \u00e0 liga a governan\u00e7a do Brasileir\u00e3o (S\u00e9ries A e B).<\/p>\n<p>Xaud faz parte do grupo da gr\u00e3-cartolagem que por d\u00e9cadas domina o futebol brasileiro. E chega ao poder com apoio de 25 das 27 federa\u00e7\u00f5es estaduais e mais dez clubes (4 da S\u00e9rie A e 6 da S\u00e9rie &nbsp;B).<\/p>\n<p><span><strong><a style=\"color: #0000ff\" href=\"https:\/\/blogdoprosperi.com\/2025\/05\/17\/cronicasabatica-22-ednaldo-o-bom-baiano-cai-da-rede\/\">Ednaldo Rodrigues, afastado da presid\u00eancia da CBF por um ato judicial, n\u00e3o vai se opor \u00e0 elei\u00e7\u00e3o de Xaud<\/a><\/strong><\/span>. No in\u00edcio da noite desta segunda-feira (19\/5), Ednaldo entrou com peti\u00e7\u00e3o no STF desistindo de retornar ao cargo de presidente da CBF.<\/p>\n<p>Sendo assim, Xaud ter\u00e1 campo livre para assumir o trono nos ombros dos juristas da fam\u00edlia Zveiter, de Fernando Sarney, encastelado na CBF desde 1998, e das oligarquias nas federa\u00e7\u00f5es estaduais.<\/p>\n<p>A hora \u00e9 de colher laranjas.<\/p>\n","protected":false},"excerpt":{"rendered":"<p>\u2666 &#8220;Queremos a cria\u00e7\u00e3o da Liga e reconhecimento de que as propriedades comerciais das S\u00e9ries A e B [&hellip;]<\/p>\n","protected":false},"author":102107496,"featured_media":50214,"comment_status":"open","ping_status":"open","sticky":false,"template":"","format":"standard","meta":{"_coblocks_attr":"","_coblocks_dimensions":"","_coblocks_responsive_height":"","_coblocks_accordion_ie_support":"","_jetpack_newsletter_access":"","_jetpack_dont_email_post_to_subs":false,"_jetpack_newsletter_tier_id":0,"_jetpack_memberships_contains_paywalled_content":false,"_wpcom_ai_launchpad_first_post":false,"_jetpack_feature_clip_id":0,"_jetpack_memberships_contains_paid_content":false,"footnotes":"","jetpack_publicize_message":"","jetpack_publicize_feature_enabled":true,"jetpack_social_post_already_shared":false,"jetpack_social_options":{"image_generator_settings":{"template":"highway","default_image_id":0,"font":"","enabled":false},"version":2},"jetpack_post_was_ever_published":false},"categories":[570700,53870,20384,3919],"tags":[789560569,213405497,789560560,188181,51882630,781149086,789560573,781117827,278832],"class_list":["post-50119","post","type-post","status-publish","format-standard","has-post-thumbnail","hentry","category-cbf","category-futebol","category-informacao","category-opiniao","tag-cbf","tag-ednaldo-rodrigues","tag-futebol","tag-libra","tag-liga-dos-clubes","tag-liga-forte","tag-luiz-antonio-prosperi","tag-samir-xaud","tag-stf"],"yoast_head":"<!-- This site is optimized with the Yoast SEO plugin v28.4 - https:\/\/yoast.com\/product\/yoast-seo-wordpress\/ -->\n<title>Clubes Exigem Cria\u00e7\u00e3o da Liga e Participa\u00e7\u00e3o Efetiva na CBF | &quot;Futebol Brasileiro \u00e9 Inegoci\u00e1vel para N\u00f3s&quot; - PR\u00d3SPERI NEWS<\/title>\n<meta name=\"robots\" content=\"index, follow, max-snippet:-1, max-image-preview:large, max-video-preview:-1\" \/>\n<link rel=\"canonical\" href=\"https:\/\/blogdoprosperi.com\/?p=50119\" \/>\n<meta property=\"og:locale\" content=\"pt_BR\" \/>\n<meta property=\"og:type\" content=\"article\" \/>\n<meta property=\"og:title\" content=\"Clubes Exigem Cria\u00e7\u00e3o da Liga e Participa\u00e7\u00e3o Efetiva na CBF | &quot;Futebol Brasileiro \u00e9 Inegoci\u00e1vel para N\u00f3s&quot; - PR\u00d3SPERI NEWS\" \/>\n<meta property=\"og:description\" content=\"\u2666 &#8220;Queremos a cria\u00e7\u00e3o da Liga e reconhecimento de que as propriedades comerciais das S\u00e9ries A e B [&hellip;]\" \/>\n<meta property=\"og:url\" content=\"https:\/\/blogdoprosperi.com\/?p=50119\" \/>\n<meta property=\"og:site_name\" content=\"PR\u00d3SPERI NEWS\" \/>\n<meta property=\"article:publisher\" content=\"Luiz Pr\u00f3speri\" \/>\n<meta property=\"article:author\" content=\"Luiz Pr\u00f3speri\" \/>\n<meta property=\"article:published_time\" content=\"2025-05-20T00:17:16+00:00\" \/>\n<meta property=\"article:modified_time\" content=\"2025-05-20T00:39:05+00:00\" \/>\n<meta property=\"og:image\" content=\"https:\/\/i0.wp.com\/blogdoprosperi.com\/wp-content\/uploads\/2025\/05\/image_placeholder-1-aspect-ratio-512-320-364.webp?fit=950%2C593&ssl=1\" \/>\n\t<meta property=\"og:image:width\" content=\"950\" \/>\n\t<meta property=\"og:image:height\" content=\"593\" \/>\n\t<meta property=\"og:image:type\" content=\"image\/webp\" \/>\n<meta name=\"author\" content=\"Luiz Ant\u00f4nio Pr\u00f3speri\" \/>\n<meta name=\"twitter:card\" content=\"summary_large_image\" \/>\n<meta name=\"twitter:creator\" content=\"@Luizprosperi\" \/>\n<meta name=\"twitter:site\" content=\"@Luizprosperi\" \/>\n<meta name=\"twitter:label1\" content=\"Escrito por\" \/>\n\t<meta name=\"twitter:data1\" content=\"Luiz Ant\u00f4nio Pr\u00f3speri\" \/>\n\t<meta name=\"twitter:label2\" content=\"Est. tempo de leitura\" \/>\n\t<meta name=\"twitter:data2\" content=\"3 minutos\" \/>\n<script type=\"application\/ld+json\" class=\"yoast-schema-graph\">{\"@context\":\"https:\\\/\\\/schema.org\",\"@graph\":[{\"@type\":\"Article\",\"@id\":\"https:\\\/\\\/blogdoprosperi.com\\\/?p=50119#article\",\"isPartOf\":{\"@id\":\"https:\\\/\\\/blogdoprosperi.com\\\/?p=50119\"},\"author\":{\"name\":\"Luiz Ant\u00f4nio Pr\u00f3speri\",\"@id\":\"https:\\\/\\\/blogdoprosperi.com\\\/#\\\/schema\\\/person\\\/38100755ce3601861ee4fab9b5aa78e9\"},\"headline\":\"Clubes Exigem Cria\u00e7\u00e3o da Liga e Participa\u00e7\u00e3o Efetiva na CBF | &#8220;Futebol Brasileiro \u00e9 Inegoci\u00e1vel para N\u00f3s&#8221;\",\"datePublished\":\"2025-05-20T00:17:16+00:00\",\"dateModified\":\"2025-05-20T00:39:05+00:00\",\"mainEntityOfPage\":{\"@id\":\"https:\\\/\\\/blogdoprosperi.com\\\/?p=50119\"},\"wordCount\":611,\"commentCount\":1,\"publisher\":{\"@id\":\"https:\\\/\\\/blogdoprosperi.com\\\/#\\\/schema\\\/person\\\/38100755ce3601861ee4fab9b5aa78e9\"},\"image\":{\"@id\":\"https:\\\/\\\/blogdoprosperi.com\\\/?p=50119#primaryimage\"},\"thumbnailUrl\":\"https:\\\/\\\/i0.wp.com\\\/blogdoprosperi.com\\\/wp-content\\\/uploads\\\/2025\\\/05\\\/image_placeholder-1-aspect-ratio-512-320-364.webp?fit=950%2C593&ssl=1\",\"keywords\":[\"CBF\",\"Ednaldo Rodrigues\",\"futebol\",\"Libra\",\"liga dos clubes\",\"liga forte\",\"Luiz Ant\u00f4nio Pr\u00f3speri\",\"SAMIR XAUD\",\"stf\"],\"articleSection\":[\"CBF\",\"futebol\",\"informa\u00e7\u00e3o\",\"opini\u00e3o\"],\"inLanguage\":\"pt-BR\",\"potentialAction\":[{\"@type\":\"CommentAction\",\"name\":\"Comment\",\"target\":[\"https:\\\/\\\/blogdoprosperi.com\\\/?p=50119#respond\"]}]},{\"@type\":\"WebPage\",\"@id\":\"https:\\\/\\\/blogdoprosperi.com\\\/?p=50119\",\"url\":\"https:\\\/\\\/blogdoprosperi.com\\\/?p=50119\",\"name\":\"Clubes Exigem Cria\u00e7\u00e3o da Liga e Participa\u00e7\u00e3o Efetiva na CBF | \\\"Futebol Brasileiro \u00e9 Inegoci\u00e1vel para N\u00f3s\\\" - PR\u00d3SPERI NEWS\",\"isPartOf\":{\"@id\":\"https:\\\/\\\/blogdoprosperi.com\\\/#website\"},\"primaryImageOfPage\":{\"@id\":\"https:\\\/\\\/blogdoprosperi.com\\\/?p=50119#primaryimage\"},\"image\":{\"@id\":\"https:\\\/\\\/blogdoprosperi.com\\\/?p=50119#primaryimage\"},\"thumbnailUrl\":\"https:\\\/\\\/i0.wp.com\\\/blogdoprosperi.com\\\/wp-content\\\/uploads\\\/2025\\\/05\\\/image_placeholder-1-aspect-ratio-512-320-364.webp?fit=950%2C593&ssl=1\",\"datePublished\":\"2025-05-20T00:17:16+00:00\",\"dateModified\":\"2025-05-20T00:39:05+00:00\",\"breadcrumb\":{\"@id\":\"https:\\\/\\\/blogdoprosperi.com\\\/?p=50119#breadcrumb\"},\"inLanguage\":\"pt-BR\",\"potentialAction\":[{\"@type\":\"ReadAction\",\"target\":[\"https:\\\/\\\/blogdoprosperi.com\\\/?p=50119\"]}]},{\"@type\":\"ImageObject\",\"inLanguage\":\"pt-BR\",\"@id\":\"https:\\\/\\\/blogdoprosperi.com\\\/?p=50119#primaryimage\",\"url\":\"https:\\\/\\\/i0.wp.com\\\/blogdoprosperi.com\\\/wp-content\\\/uploads\\\/2025\\\/05\\\/image_placeholder-1-aspect-ratio-512-320-364.webp?fit=950%2C593&ssl=1\",\"contentUrl\":\"https:\\\/\\\/i0.wp.com\\\/blogdoprosperi.com\\\/wp-content\\\/uploads\\\/2025\\\/05\\\/image_placeholder-1-aspect-ratio-512-320-364.webp?fit=950%2C593&ssl=1\",\"width\":950,\"height\":593,\"caption\":\"Sede da CBF \u2013 foto: divulgac\u00e3o\"},{\"@type\":\"BreadcrumbList\",\"@id\":\"https:\\\/\\\/blogdoprosperi.com\\\/?p=50119#breadcrumb\",\"itemListElement\":[{\"@type\":\"ListItem\",\"position\":1,\"name\":\"In\u00edcio\",\"item\":\"https:\\\/\\\/blogdoprosperi.com\\\/\"},{\"@type\":\"ListItem\",\"position\":2,\"name\":\"Clubes Exigem Cria\u00e7\u00e3o da Liga e Participa\u00e7\u00e3o Efetiva na CBF | &#8220;Futebol Brasileiro \u00e9 Inegoci\u00e1vel para N\u00f3s&#8221;\"}]},{\"@type\":\"WebSite\",\"@id\":\"https:\\\/\\\/blogdoprosperi.com\\\/#website\",\"url\":\"https:\\\/\\\/blogdoprosperi.com\\\/\",\"name\":\"PR\u00d3SPERI NEWS\",\"description\":\"TUDO \u00c9  FUTEBOL\",\"publisher\":{\"@id\":\"https:\\\/\\\/blogdoprosperi.com\\\/#\\\/schema\\\/person\\\/38100755ce3601861ee4fab9b5aa78e9\"},\"alternateName\":\"blogdoprosperi.com\",\"potentialAction\":[{\"@type\":\"SearchAction\",\"target\":{\"@type\":\"EntryPoint\",\"urlTemplate\":\"https:\\\/\\\/blogdoprosperi.com\\\/?s={search_term_string}\"},\"query-input\":{\"@type\":\"PropertyValueSpecification\",\"valueRequired\":true,\"valueName\":\"search_term_string\"}}],\"inLanguage\":\"pt-BR\"},{\"@type\":[\"Person\",\"Organization\"],\"@id\":\"https:\\\/\\\/blogdoprosperi.com\\\/#\\\/schema\\\/person\\\/38100755ce3601861ee4fab9b5aa78e9\",\"name\":\"Luiz Ant\u00f4nio Pr\u00f3speri\",\"pronouns\":\"ele\",\"image\":{\"@type\":\"ImageObject\",\"inLanguage\":\"pt-BR\",\"@id\":\"https:\\\/\\\/i0.wp.com\\\/blogdoprosperi.com\\\/wp-content\\\/uploads\\\/2026\\\/05\\\/cropped-8059e613-6002-42fa-961e-8e275f575d71-2-5.jpg?fit=1360%2C931&ssl=1\",\"url\":\"https:\\\/\\\/i0.wp.com\\\/blogdoprosperi.com\\\/wp-content\\\/uploads\\\/2026\\\/05\\\/cropped-8059e613-6002-42fa-961e-8e275f575d71-2-5.jpg?fit=1360%2C931&ssl=1\",\"contentUrl\":\"https:\\\/\\\/i0.wp.com\\\/blogdoprosperi.com\\\/wp-content\\\/uploads\\\/2026\\\/05\\\/cropped-8059e613-6002-42fa-961e-8e275f575d71-2-5.jpg?fit=1360%2C931&ssl=1\",\"width\":1360,\"height\":931,\"caption\":\"Luiz Ant\u00f4nio Pr\u00f3speri\"},\"logo\":{\"@id\":\"https:\\\/\\\/i0.wp.com\\\/blogdoprosperi.com\\\/wp-content\\\/uploads\\\/2026\\\/05\\\/cropped-8059e613-6002-42fa-961e-8e275f575d71-2-5.jpg?fit=1360%2C931&ssl=1\"},\"description\":\"Jornalista com carreira dedicada ao esporte. Cobriu 9 Copas do Mundo in loco, 1990 na It\u00e1lia, 1994 nos EUA, 1998 na Fran\u00e7a, 2002 na Coreia do Sul e Jap\u00e3o, 2006 na Alemanha, 2010 na \u00c1frica do Sul, 2014 no Brasil, 2018 na R\u00fassia e 2022 no Qatar. Eurocopas, 1992 na Su\u00e9cia e 1996 na Inglaterra. Copa das Confedera\u00e7\u00f5es de 2005 na Alemanha e 2009 na \u00c1frica do Sul. Rep\u00f3rter e Editor, trabalhou no Jornal da Tarde e Estad\u00e3o, de 1984 a fevereiro de 2016. Colunista, blogueiro. E comentarista de futebol na R\u00e1dio Estad\u00e3o, de 2013 a fevereiro de 2016. Jornalista respons\u00e1vel do \\\"Pr\u00f3speri News\\\" (blogdoprosperi.com).\",\"sameAs\":[\"http:\\\/\\\/blogdoprosperi.com\",\"Luiz Pr\u00f3speri\",\"@luiz_prosperi\",\"https:\\\/\\\/x.com\\\/Luizprosperi\",\"@prosperinacopa\",\"luiz.prosperi@icloud.com\"],\"url\":\"https:\\\/\\\/blogdoprosperi.com\\\/?author=102107496\"}]}<\/script>\n<!-- \/ Yoast SEO plugin. -->","yoast_head_json":{"title":"Clubes Exigem Cria\u00e7\u00e3o da Liga e Participa\u00e7\u00e3o Efetiva na CBF | \"Futebol Brasileiro \u00e9 Inegoci\u00e1vel para N\u00f3s\" - PR\u00d3SPERI NEWS","robots":{"index":"index","follow":"follow","max-snippet":"max-snippet:-1","max-image-preview":"max-image-preview:large","max-video-preview":"max-video-preview:-1"},"canonical":"https:\/\/blogdoprosperi.com\/?p=50119","og_locale":"pt_BR","og_type":"article","og_title":"Clubes Exigem Cria\u00e7\u00e3o da Liga e Participa\u00e7\u00e3o Efetiva na CBF | \"Futebol Brasileiro \u00e9 Inegoci\u00e1vel para N\u00f3s\" - PR\u00d3SPERI NEWS","og_description":"\u2666 &#8220;Queremos a cria\u00e7\u00e3o da Liga e reconhecimento de que as propriedades comerciais das S\u00e9ries A e B [&hellip;]","og_url":"https:\/\/blogdoprosperi.com\/?p=50119","og_site_name":"PR\u00d3SPERI NEWS","article_publisher":"Luiz Pr\u00f3speri","article_author":"Luiz Pr\u00f3speri","article_published_time":"2025-05-20T00:17:16+00:00","article_modified_time":"2025-05-20T00:39:05+00:00","og_image":[{"width":950,"height":593,"url":"https:\/\/i0.wp.com\/blogdoprosperi.com\/wp-content\/uploads\/2025\/05\/image_placeholder-1-aspect-ratio-512-320-364.webp?fit=950%2C593&ssl=1","type":"image\/webp"}],"author":"Luiz Ant\u00f4nio Pr\u00f3speri","twitter_card":"summary_large_image","twitter_creator":"@Luizprosperi","twitter_site":"@Luizprosperi","twitter_misc":{"Escrito por":"Luiz Ant\u00f4nio Pr\u00f3speri","Est. tempo de leitura":"3 minutos"},"schema":{"@context":"https:\/\/schema.org","@graph":[{"@type":"Article","@id":"https:\/\/blogdoprosperi.com\/?p=50119#article","isPartOf":{"@id":"https:\/\/blogdoprosperi.com\/?p=50119"},"author":{"name":"Luiz Ant\u00f4nio Pr\u00f3speri","@id":"https:\/\/blogdoprosperi.com\/#\/schema\/person\/38100755ce3601861ee4fab9b5aa78e9"},"headline":"Clubes Exigem Cria\u00e7\u00e3o da Liga e Participa\u00e7\u00e3o Efetiva na CBF | &#8220;Futebol Brasileiro \u00e9 Inegoci\u00e1vel para N\u00f3s&#8221;","datePublished":"2025-05-20T00:17:16+00:00","dateModified":"2025-05-20T00:39:05+00:00","mainEntityOfPage":{"@id":"https:\/\/blogdoprosperi.com\/?p=50119"},"wordCount":611,"commentCount":1,"publisher":{"@id":"https:\/\/blogdoprosperi.com\/#\/schema\/person\/38100755ce3601861ee4fab9b5aa78e9"},"image":{"@id":"https:\/\/blogdoprosperi.com\/?p=50119#primaryimage"},"thumbnailUrl":"https:\/\/i0.wp.com\/blogdoprosperi.com\/wp-content\/uploads\/2025\/05\/image_placeholder-1-aspect-ratio-512-320-364.webp?fit=950%2C593&ssl=1","keywords":["CBF","Ednaldo Rodrigues","futebol","Libra","liga dos clubes","liga forte","Luiz Ant\u00f4nio Pr\u00f3speri","SAMIR XAUD","stf"],"articleSection":["CBF","futebol","informa\u00e7\u00e3o","opini\u00e3o"],"inLanguage":"pt-BR","potentialAction":[{"@type":"CommentAction","name":"Comment","target":["https:\/\/blogdoprosperi.com\/?p=50119#respond"]}]},{"@type":"WebPage","@id":"https:\/\/blogdoprosperi.com\/?p=50119","url":"https:\/\/blogdoprosperi.com\/?p=50119","name":"Clubes Exigem Cria\u00e7\u00e3o da Liga e Participa\u00e7\u00e3o Efetiva na CBF | \"Futebol Brasileiro \u00e9 Inegoci\u00e1vel para N\u00f3s\" - PR\u00d3SPERI NEWS","isPartOf":{"@id":"https:\/\/blogdoprosperi.com\/#website"},"primaryImageOfPage":{"@id":"https:\/\/blogdoprosperi.com\/?p=50119#primaryimage"},"image":{"@id":"https:\/\/blogdoprosperi.com\/?p=50119#primaryimage"},"thumbnailUrl":"https:\/\/i0.wp.com\/blogdoprosperi.com\/wp-content\/uploads\/2025\/05\/image_placeholder-1-aspect-ratio-512-320-364.webp?fit=950%2C593&ssl=1","datePublished":"2025-05-20T00:17:16+00:00","dateModified":"2025-05-20T00:39:05+00:00","breadcrumb":{"@id":"https:\/\/blogdoprosperi.com\/?p=50119#breadcrumb"},"inLanguage":"pt-BR","potentialAction":[{"@type":"ReadAction","target":["https:\/\/blogdoprosperi.com\/?p=50119"]}]},{"@type":"ImageObject","inLanguage":"pt-BR","@id":"https:\/\/blogdoprosperi.com\/?p=50119#primaryimage","url":"https:\/\/i0.wp.com\/blogdoprosperi.com\/wp-content\/uploads\/2025\/05\/image_placeholder-1-aspect-ratio-512-320-364.webp?fit=950%2C593&ssl=1","contentUrl":"https:\/\/i0.wp.com\/blogdoprosperi.com\/wp-content\/uploads\/2025\/05\/image_placeholder-1-aspect-ratio-512-320-364.webp?fit=950%2C593&ssl=1","width":950,"height":593,"caption":"Sede da CBF \u2013 foto: divulgac\u00e3o"},{"@type":"BreadcrumbList","@id":"https:\/\/blogdoprosperi.com\/?p=50119#breadcrumb","itemListElement":[{"@type":"ListItem","position":1,"name":"In\u00edcio","item":"https:\/\/blogdoprosperi.com\/"},{"@type":"ListItem","position":2,"name":"Clubes Exigem Cria\u00e7\u00e3o da Liga e Participa\u00e7\u00e3o Efetiva na CBF | &#8220;Futebol Brasileiro \u00e9 Inegoci\u00e1vel para N\u00f3s&#8221;"}]},{"@type":"WebSite","@id":"https:\/\/blogdoprosperi.com\/#website","url":"https:\/\/blogdoprosperi.com\/","name":"PR\u00d3SPERI NEWS","description":"TUDO \u00c9  FUTEBOL","publisher":{"@id":"https:\/\/blogdoprosperi.com\/#\/schema\/person\/38100755ce3601861ee4fab9b5aa78e9"},"alternateName":"blogdoprosperi.com","potentialAction":[{"@type":"SearchAction","target":{"@type":"EntryPoint","urlTemplate":"https:\/\/blogdoprosperi.com\/?s={search_term_string}"},"query-input":{"@type":"PropertyValueSpecification","valueRequired":true,"valueName":"search_term_string"}}],"inLanguage":"pt-BR"},{"@type":["Person","Organization"],"@id":"https:\/\/blogdoprosperi.com\/#\/schema\/person\/38100755ce3601861ee4fab9b5aa78e9","name":"Luiz Ant\u00f4nio Pr\u00f3speri","pronouns":"ele","image":{"@type":"ImageObject","inLanguage":"pt-BR","@id":"https:\/\/i0.wp.com\/blogdoprosperi.com\/wp-content\/uploads\/2026\/05\/cropped-8059e613-6002-42fa-961e-8e275f575d71-2-5.jpg?fit=1360%2C931&ssl=1","url":"https:\/\/i0.wp.com\/blogdoprosperi.com\/wp-content\/uploads\/2026\/05\/cropped-8059e613-6002-42fa-961e-8e275f575d71-2-5.jpg?fit=1360%2C931&ssl=1","contentUrl":"https:\/\/i0.wp.com\/blogdoprosperi.com\/wp-content\/uploads\/2026\/05\/cropped-8059e613-6002-42fa-961e-8e275f575d71-2-5.jpg?fit=1360%2C931&ssl=1","width":1360,"height":931,"caption":"Luiz Ant\u00f4nio Pr\u00f3speri"},"logo":{"@id":"https:\/\/i0.wp.com\/blogdoprosperi.com\/wp-content\/uploads\/2026\/05\/cropped-8059e613-6002-42fa-961e-8e275f575d71-2-5.jpg?fit=1360%2C931&ssl=1"},"description":"Jornalista com carreira dedicada ao esporte. Cobriu 9 Copas do Mundo in loco, 1990 na It\u00e1lia, 1994 nos EUA, 1998 na Fran\u00e7a, 2002 na Coreia do Sul e Jap\u00e3o, 2006 na Alemanha, 2010 na \u00c1frica do Sul, 2014 no Brasil, 2018 na R\u00fassia e 2022 no Qatar. Eurocopas, 1992 na Su\u00e9cia e 1996 na Inglaterra. Copa das Confedera\u00e7\u00f5es de 2005 na Alemanha e 2009 na \u00c1frica do Sul. Rep\u00f3rter e Editor, trabalhou no Jornal da Tarde e Estad\u00e3o, de 1984 a fevereiro de 2016. Colunista, blogueiro. E comentarista de futebol na R\u00e1dio Estad\u00e3o, de 2013 a fevereiro de 2016. Jornalista respons\u00e1vel do \"Pr\u00f3speri News\" (blogdoprosperi.com).","sameAs":["http:\/\/blogdoprosperi.com","Luiz Pr\u00f3speri","@luiz_prosperi","https:\/\/x.com\/Luizprosperi","@prosperinacopa","luiz.prosperi@icloud.com"],"url":"https:\/\/blogdoprosperi.com\/?author=102107496"}]}},"jetpack_publicize_connections":[],"jetpack_likes_enabled":false,"jetpack_sharing_enabled":true,"jetpack_shortlink":"https:\/\/wp.me\/p7jvdk-d2n","jetpack-related-posts":[{"id":50257,"url":"https:\/\/blogdoprosperi.com\/?p=50257","url_meta":{"origin":50119,"position":0},"title":"Leila Pereira Isola Palmeiras do Movimento dos Clubes | Candidata a Presidente da CBF em 2029?","author":"Luiz Ant\u00f4nio Pr\u00f3speri","date":"20 de maio de 2025","format":false,"excerpt":"Luiz Ant\u00f4nio Pr\u00f3speri \u2013 20 maio (13h45) \u2013 Leila Pereira continua fiel ao novo comando da CBF. No primeiro ato, a presidenta do Palmeiras apoia em car\u00e1ter oficial a candidatura de Samir Xaud contrariando posi\u00e7\u00e3o da maioria dos clubes da S\u00e9rie A. No segundo ato, n\u00e3o assina manifesto dos clubes\u2026","rel":"","context":"Em &quot;CBF&quot;","block_context":{"text":"CBF","link":"https:\/\/blogdoprosperi.com\/?cat=570700"},"img":{"alt_text":"","src":"https:\/\/i0.wp.com\/blogdoprosperi.com\/wp-content\/uploads\/2025\/05\/captura-de-tela-2025-05-20-as-13.56.19.png?fit=1200%2C650&ssl=1&resize=350%2C200","width":350,"height":200,"srcset":"https:\/\/i0.wp.com\/blogdoprosperi.com\/wp-content\/uploads\/2025\/05\/captura-de-tela-2025-05-20-as-13.56.19.png?fit=1200%2C650&ssl=1&resize=350%2C200 1x, https:\/\/i0.wp.com\/blogdoprosperi.com\/wp-content\/uploads\/2025\/05\/captura-de-tela-2025-05-20-as-13.56.19.png?fit=1200%2C650&ssl=1&resize=525%2C300 1.5x, https:\/\/i0.wp.com\/blogdoprosperi.com\/wp-content\/uploads\/2025\/05\/captura-de-tela-2025-05-20-as-13.56.19.png?fit=1200%2C650&ssl=1&resize=700%2C400 2x, https:\/\/i0.wp.com\/blogdoprosperi.com\/wp-content\/uploads\/2025\/05\/captura-de-tela-2025-05-20-as-13.56.19.png?fit=1200%2C650&ssl=1&resize=1050%2C600 3x"},"classes":[]},{"id":50180,"url":"https:\/\/blogdoprosperi.com\/?p=50180","url_meta":{"origin":50119,"position":1},"title":"CBF Tem Novo Chefe | Samir Xaud, Presidente da Federa\u00e7\u00e3o de Roraima","author":"Luiz Ant\u00f4nio Pr\u00f3speri","date":"18 de maio de 2025","format":false,"excerpt":"\u2666 Xaud, futuro mandat\u00e1rio da CBF, \u00e9 filho de Zeca Xaud, presidente da Federa\u00e7\u00e3o de Roraima desde a d\u00e9cada de 1970 \u2666 Xaud s\u00f3 n\u00e3o ser\u00e1 aclamado novo chefe da CBF se o Ministro do STF Gilmar Mendes garantir a volta de Ednaldo Rodrigues ao comando Luiz Ant\u00f4nio Pr\u00f3speri \u2013\u2026","rel":"","context":"Em &quot;CBF&quot;","block_context":{"text":"CBF","link":"https:\/\/blogdoprosperi.com\/?cat=570700"},"img":{"alt_text":"","src":"https:\/\/i0.wp.com\/blogdoprosperi.com\/wp-content\/uploads\/2025\/05\/captura-de-tela-2025-05-18-as-13.54.40.png?fit=1178%2C604&ssl=1&resize=350%2C200","width":350,"height":200,"srcset":"https:\/\/i0.wp.com\/blogdoprosperi.com\/wp-content\/uploads\/2025\/05\/captura-de-tela-2025-05-18-as-13.54.40.png?fit=1178%2C604&ssl=1&resize=350%2C200 1x, https:\/\/i0.wp.com\/blogdoprosperi.com\/wp-content\/uploads\/2025\/05\/captura-de-tela-2025-05-18-as-13.54.40.png?fit=1178%2C604&ssl=1&resize=525%2C300 1.5x, https:\/\/i0.wp.com\/blogdoprosperi.com\/wp-content\/uploads\/2025\/05\/captura-de-tela-2025-05-18-as-13.54.40.png?fit=1178%2C604&ssl=1&resize=700%2C400 2x, https:\/\/i0.wp.com\/blogdoprosperi.com\/wp-content\/uploads\/2025\/05\/captura-de-tela-2025-05-18-as-13.54.40.png?fit=1178%2C604&ssl=1&resize=1050%2C600 3x"},"classes":[]},{"id":49585,"url":"https:\/\/blogdoprosperi.com\/?p=49585","url_meta":{"origin":50119,"position":2},"title":"Arbitragem e VAR, Trag\u00e9dia Anunciada no Brasileir\u00e3o 2025","author":"Luiz Ant\u00f4nio Pr\u00f3speri","date":"7 de abril de 2025","format":false,"excerpt":"\u2666 CBF n\u00e3o revela os custos para bancar novo comit\u00ea de arbitragem composto por dez ex-\u00e1rbitros \u2666 Segunda rodada do Brasileir\u00e3o \u00e9 dominada por pol\u00eamicas e erros grosseiros de arbitragem e VAR Luiz Ant\u00f4nio Pr\u00f3speri \u2013 7 abril (12h33) \u2013 Revista piau\u00ed, edi\u00e7\u00e3o de abril, escancara os podres da CBF\u2026","rel":"","context":"Em &quot;futebol&quot;","block_context":{"text":"futebol","link":"https:\/\/blogdoprosperi.com\/?cat=53870"},"img":{"alt_text":"","src":"https:\/\/i0.wp.com\/blogdoprosperi.com\/wp-content\/uploads\/2025\/04\/capture_2020-09-06-10-47-421.png?fit=720%2C470&ssl=1&resize=350%2C200","width":350,"height":200,"srcset":"https:\/\/i0.wp.com\/blogdoprosperi.com\/wp-content\/uploads\/2025\/04\/capture_2020-09-06-10-47-421.png?fit=720%2C470&ssl=1&resize=350%2C200 1x, https:\/\/i0.wp.com\/blogdoprosperi.com\/wp-content\/uploads\/2025\/04\/capture_2020-09-06-10-47-421.png?fit=720%2C470&ssl=1&resize=525%2C300 1.5x, https:\/\/i0.wp.com\/blogdoprosperi.com\/wp-content\/uploads\/2025\/04\/capture_2020-09-06-10-47-421.png?fit=720%2C470&ssl=1&resize=700%2C400 2x"},"classes":[]},{"id":47020,"url":"https:\/\/blogdoprosperi.com\/?p=47020","url_meta":{"origin":50119,"position":3},"title":"Ronaldo Fen\u00f4meno Presidente da CBF, J\u00e1 !","author":"Luiz Ant\u00f4nio Pr\u00f3speri","date":"17 de dezembro de 2024","format":false,"excerpt":"Luiz Ant\u00f4nio Pr\u00f3speri \u2013 17 dezembro (11h10) \u2013 Ronaldo Fen\u00f4meno lan\u00e7a candidatura \u00e0 presid\u00eancia da CBF. \u00c9 oficial. A campanha est\u00e1 nas ruas, ou melhor, nas visitas \u00e0s federa\u00e7\u00f5es estaduais e clubes. Bater \u00e0 porta dos cartolas \u00e9 preciso. De acordo com regulamento esdr\u00faxulo da CBF, uma candidatura s\u00f3 \u00e9\u2026","rel":"","context":"Em &quot;CBF&quot;","block_context":{"text":"CBF","link":"https:\/\/blogdoprosperi.com\/?cat=570700"},"img":{"alt_text":"Ronaldo Fen\u00f4meno fora da CBF","src":"https:\/\/i0.wp.com\/blogdoprosperi.com\/wp-content\/uploads\/2022\/12\/ronaldo-fenomeno.webp?fit=1000%2C585&ssl=1&resize=350%2C200","width":350,"height":200,"srcset":"https:\/\/i0.wp.com\/blogdoprosperi.com\/wp-content\/uploads\/2022\/12\/ronaldo-fenomeno.webp?fit=1000%2C585&ssl=1&resize=350%2C200 1x, https:\/\/i0.wp.com\/blogdoprosperi.com\/wp-content\/uploads\/2022\/12\/ronaldo-fenomeno.webp?fit=1000%2C585&ssl=1&resize=525%2C300 1.5x, https:\/\/i0.wp.com\/blogdoprosperi.com\/wp-content\/uploads\/2022\/12\/ronaldo-fenomeno.webp?fit=1000%2C585&ssl=1&resize=700%2C400 2x"},"classes":[]},{"id":48832,"url":"https:\/\/blogdoprosperi.com\/?p=48832","url_meta":{"origin":50119,"position":4},"title":"CBF | Ronaldo Fen\u00f4meno Desiste da Candidatura a Presidente","author":"Luiz Ant\u00f4nio Pr\u00f3speri","date":"12 de mar\u00e7o de 2025","format":false,"excerpt":"Luiz Ant\u00f4nio Pr\u00f3speri \u2013 12 mar\u00e7o (12h28) \u2013 Ronaldo Fen\u00f4meno n\u00e3o \u00e9 mais candidato a presidente da CBF. Ex-jogador diz que n\u00e3o teve apoio das federa\u00e7\u00f5es estaduais. De acordo com estatutos da CBF, candidaturas s\u00f3 podem ser registradas com aval de pelo menos quatro federa\u00e7\u00f5es e quatro clubes (das S\u00e9ries\u2026","rel":"","context":"Em &quot;futebol&quot;","block_context":{"text":"futebol","link":"https:\/\/blogdoprosperi.com\/?cat=53870"},"img":{"alt_text":"Ronaldo Fen\u00f4meno fora da CBF","src":"https:\/\/i0.wp.com\/blogdoprosperi.com\/wp-content\/uploads\/2022\/12\/ronaldo-fenomeno.webp?fit=1000%2C585&ssl=1&resize=350%2C200","width":350,"height":200,"srcset":"https:\/\/i0.wp.com\/blogdoprosperi.com\/wp-content\/uploads\/2022\/12\/ronaldo-fenomeno.webp?fit=1000%2C585&ssl=1&resize=350%2C200 1x, https:\/\/i0.wp.com\/blogdoprosperi.com\/wp-content\/uploads\/2022\/12\/ronaldo-fenomeno.webp?fit=1000%2C585&ssl=1&resize=525%2C300 1.5x, https:\/\/i0.wp.com\/blogdoprosperi.com\/wp-content\/uploads\/2022\/12\/ronaldo-fenomeno.webp?fit=1000%2C585&ssl=1&resize=700%2C400 2x"},"classes":[]},{"id":38667,"url":"https:\/\/blogdoprosperi.com\/?p=38667","url_meta":{"origin":50119,"position":5},"title":"Clubes preparam tomada do poder na CBF","author":"Luiz Ant\u00f4nio Pr\u00f3speri","date":"16 de junho de 2021","format":false,"excerpt":"Movimento dos clubes tem como meta acabar com a farra das Federa\u00e7\u00f5es. E ditar rumos do futebol no pa\u00eds.","rel":"","context":"Em &quot;Campeonato Brasileiro&quot;","block_context":{"text":"Campeonato Brasileiro","link":"https:\/\/blogdoprosperi.com\/?cat=355071"},"img":{"alt_text":"Clubes querem a CBF","src":"https:\/\/i0.wp.com\/blogdoprosperi.com\/wp-content\/uploads\/2016\/11\/cbf-1.jpg?fit=620%2C390&ssl=1&resize=350%2C200","width":350,"height":200,"srcset":"https:\/\/i0.wp.com\/blogdoprosperi.com\/wp-content\/uploads\/2016\/11\/cbf-1.jpg?fit=620%2C390&ssl=1&resize=350%2C200 1x, https:\/\/i0.wp.com\/blogdoprosperi.com\/wp-content\/uploads\/2016\/11\/cbf-1.jpg?fit=620%2C390&ssl=1&resize=525%2C300 1.5x"},"classes":[]}],"jetpack_featured_media_url":"https:\/\/i0.wp.com\/blogdoprosperi.com\/wp-content\/uploads\/2025\/05\/image_placeholder-1-aspect-ratio-512-320-364.webp?fit=950%2C593&ssl=1","_links":{"self":[{"href":"https:\/\/blogdoprosperi.com\/index.php?rest_route=\/wp\/v2\/posts\/50119","targetHints":{"allow":["GET"]}}],"collection":[{"href":"https:\/\/blogdoprosperi.com\/index.php?rest_route=\/wp\/v2\/posts"}],"about":[{"href":"https:\/\/blogdoprosperi.com\/index.php?rest_route=\/wp\/v2\/types\/post"}],"author":[{"embeddable":true,"href":"https:\/\/blogdoprosperi.com\/index.php?rest_route=\/wp\/v2\/users\/102107496"}],"replies":[{"embeddable":true,"href":"https:\/\/blogdoprosperi.com\/index.php?rest_route=%2Fwp%2Fv2%2Fcomments&post=50119"}],"version-history":[{"count":18,"href":"https:\/\/blogdoprosperi.com\/index.php?rest_route=\/wp\/v2\/posts\/50119\/revisions"}],"predecessor-version":[{"id":50232,"href":"https:\/\/blogdoprosperi.com\/index.php?rest_route=\/wp\/v2\/posts\/50119\/revisions\/50232"}],"wp:featuredmedia":[{"embeddable":true,"href":"https:\/\/blogdoprosperi.com\/index.php?rest_route=\/wp\/v2\/media\/50214"}],"wp:attachment":[{"href":"https:\/\/blogdoprosperi.com\/index.php?rest_route=%2Fwp%2Fv2%2Fmedia&parent=50119"}],"wp:term":[{"taxonomy":"category","embeddable":true,"href":"https:\/\/blogdoprosperi.com\/index.php?rest_route=%2Fwp%2Fv2%2Fcategories&post=50119"},{"taxonomy":"post_tag","embeddable":true,"href":"https:\/\/blogdoprosperi.com\/index.php?rest_route=%2Fwp%2Fv2%2Ftags&post=50119"}],"curies":[{"name":"wp","href":"https:\/\/api.w.org\/{rel}","templated":true}]}}