{"id":50121,"date":"2025-05-16T13:42:15","date_gmt":"2025-05-16T16:42:15","guid":{"rendered":"https:\/\/blogdoprosperi.com\/?p=50121"},"modified":"2025-05-16T16:26:40","modified_gmt":"2025-05-16T19:26:40","slug":"entenda-crise-na-cbf-todos-homens-da-batalha-de-clas-do-judiciario","status":"publish","type":"post","link":"https:\/\/blogdoprosperi.com\/?p=50121","title":{"rendered":"Entenda Crise na CBF | Todos Homens da Batalha no Judici\u00e1rio"},"content":{"rendered":"<hr \/>\n<p><strong>\u2666 Ednaldo Rodrigues est\u00e1 fora da presid\u00eancia da CBF por ordem da Justi\u00e7a do Rio e aliados. E recorre ao STF. Deflagrada batalha dos cl\u00e3s do judici\u00e1rio.<\/strong><\/p>\n<p><strong>\u2666 Interventor Fernando Sarney est\u00e1 na CBF desde 1998 pelas m\u00e3os do presidente Ricardo Teixeira. Sarney convoca novas elei\u00e7\u00f5es para dia 25 de maio.<\/strong><\/p>\n<hr \/>\n<p><em>Luiz Ant\u00f4nio Pr\u00f3speri \u2013 16 maio \u2013 (13h10) \u2013\u00a0<\/em><i>atualizado 16h21) \u2013<\/i><\/p>\n<p>CBF est\u00e1 atolada em uma crise profunda envolvendo cl\u00e3s do judici\u00e1rio. De um lado, Gilmar Mendes, Ministro do STF, e seus asseclas. De outro, a fam\u00edlia Zveiter, de fortes liga\u00e7\u00f5es com a CBF desde meados de 1990 e de muita influ\u00eancia no judici\u00e1rio do Rio de Janeiro. No centro do embate, o presidente da CBF Ednaldo Rodrigues, afastado quinta-feira (15\/5) da presid\u00eancia por ordem do desembargador Gabriel Z\u00e9firo do Tribunal de Justi\u00e7a do Rio. Faturamento da CBF est\u00e1 na casa de 2,4 bilh\u00f5es de reais por ano. E Carlo Ancelotti, informa imprensa espanhola, diz que vai cumprir contrato com a CBF, seja qual for o presidente, at\u00e9 2026.<\/p>\n<p>Desembargador Z\u00e9firo determina afastamento imediato de Ednaldo Rodrigues da CBF e nomeia Fernando Sarney, um dos atuais vice-presidentes da CBF, como interventor para convocar novas elei\u00e7\u00f5es o mais r\u00e1pido poss\u00edvel. Ednaldo entra com recurso no STF contra a decis\u00e3o de Z\u00e9firo e ainda pede afastamento do interventor Fernando Sarney.<\/p>\n<p>Sarney assume nesta sexta-feira (16\/5) e de imediato convoca novas elei\u00e7\u00f5es: domingo, 25 de maio, um dia antes de Carlo Ancelotti anunciar sua primeira convoca\u00e7\u00e3o da Sele\u00e7\u00e3o Brasileira. Pleito eleger\u00e1 o novo presidente, 8 vice-presidentes, tr\u00eas para Conselho Fiscal e tr\u00eas suplentes.<\/p>\n<p><em>Vamos agora mapear quem \u00e9 quem neste emaranhado jur\u00eddico que assola a CBF na busca pelo poder no futebol brasileiro:<\/em><\/p>\n<p><strong><em>A favor de Ednaldo Rodrigues<\/em><\/strong><\/p>\n<p><strong>Gilmar Mendes<\/strong> \u2013 Ministro do STF (Supremo Tribunal Federal) e fundador e s\u00f3cio do IDP (Instituto Brasileiro de Ensino, Desenvolvimento e Pesquisa). Respons\u00e1vel por devolver o mandato a Ednaldo Rodrigues, afastado da CBF em 2023 por ordem do TJ-RJ.<\/p>\n<p><strong>IDP<\/strong> \u2013 Parceiro da CBF Academy, bra\u00e7o da CBF respons\u00e1vel por cursos de gest\u00e3o, direitos esportivos e t\u00e9cnicos de futebol, uma fonte de altos recursos da entidade \u2013 algo perto de R$ 10 milh\u00f5es por ano.<\/p>\n<p>A partir de agosto de 2023, durante mandato de Ednaldo Rodrigues, &#8220;IDP passa a gerir os cursos e ficar com 84% da receita da CBF Academy, estimada, naquele ano, em 9,2 milh\u00f5es de reais. O restante, 16%, ficava com a CBF&#8221;, informa<em> revista piau\u00ed<\/em>.<\/p>\n<p><strong>Francisco Schertel Mendes<\/strong> \u2013 Filho de Gilmar Mendes e diretor-geral do IDP. Por influ\u00eancia do filho de Gilmar Mendes, pelo menos tr\u00eas nomes ligados ao IDP t\u00eam cargos relevantes na CBF: o chefe de gabinete (Hugo Teixeira), o diretor jur\u00eddico (Andr\u00e9 Mattos) e o diretor financeiro (Valdecir de Souza), revela<em>\u00a0revista piau\u00ed.<\/em><\/p>\n<p><strong><em>Contra Ednaldo Rodrigues<\/em><\/strong><\/p>\n<p><strong>Fernando Sarney<\/strong> \u2013 Est\u00e1 na CBF desde 1998, nomeado por Ricardo Teixeira, ent\u00e3o presidente da CBF. Em 2004, se elege vice-presidente da CBF em uma das in\u00fameras reelei\u00e7\u00f5es de Teixeira. Em 2006, foi alvo da opera\u00e7\u00e3o da Pol\u00edcia Federal e MPF na opera\u00e7\u00e3o &#8220;Boi Barrica&#8221;, depois Faktor, com den\u00fancias de desvio de dinheiro p\u00fablico no Maranh\u00e3o. Em 2005, vira membro do Comit\u00ea Executivo da Fifa. \u00c9 filho do ex-presidente Jos\u00e9 Sarney.<\/p>\n<p>Fernando Sarney \u00e9 o atual interventor da CBF, por ordem do MP-RJ, e j\u00e1 convocou nesta sexta-feira novas elei\u00e7\u00f5es na confedera\u00e7\u00e3o.<\/p>\n<p><strong>Luiz Zveiter<\/strong> \u2013 Desembargador e ex-presidente do Tribunal de Justi\u00e7a do Rio. Luiz chega ao futebol em meados dos anos de 1990 ao assumir a presid\u00eancia do STJD (Superior Tribunal de Justi\u00e7a Desportiva) nomeado por Ricardo Teixeira, ent\u00e3o presidente da CBF desde 1989. Luiz Zveiter, at\u00e9 esta sexta-feira (16\/5), n\u00e3o havia se manifestado a respeito da nova crise na CBF.<\/p>\n<p><strong>Flavio Zveiter<\/strong> \u2013 Advogado. Filho de Luiz Zveiter, chega ao futebol em 2002 quando tinha apenas 19 anos ao ser nomeado por seu pai a membro da Comiss\u00e3o Disciplinar do SJTD. Foi presidente do STJD (2012 a 2014). Membro do Comit\u00ea de \u00c9tica da Fifa (2017 a 2021).<\/p>\n<p>Em dezembro de 2023, Flavio lan\u00e7a candidatura a presidente da CBF quando Ednaldo Rodrigues \u00e9 afastado da entidade pela primeira vez por ordem do Minist\u00e9rio P\u00fablico do Rio.<\/p>\n<p><strong>Federa\u00e7\u00f5es Estaduais<\/strong> \u2013 19, das 27 federa\u00e7\u00f5es estaduais filiadas \u00e0 CBF, assinam manifesto contra Ednaldo Rodrigues na quinta-feira (15\/5), no ato de afastamento do presidente da CBF.<\/p>\n<p><strong>Tribunal de Justi\u00e7a do Rio de Janeiro<\/strong> \u2013 Desembargador Gabriel Z\u00e9firo, colega de Luiz Zveiter, decano do TJ do Rio (presidente em 2009\/2010). Z\u00e9firo \u00e9 autor da decis\u00e3o de afastar Ednaldo Rodrigues da CBF na a\u00e7\u00e3o de inconstitucionalidade movida por Fernando Sarney e a deputada federal Daniela Carneiro (Uni\u00e3o-RJ).<\/p>\n<p><strong>Daniela Carneiro<\/strong> \u2013 Deputada federal pelo partido Uni\u00e3o-RJ, eleita em 2018. Atua\u00e7\u00e3o forte na regi\u00e3o de Belford Roxo (Rio). Foi ministra do Turismo na primeira metade do governo Lula (de janeiro a julho de 2023).<\/p>\n<p><strong><em>Batalha pelo poder da CBF<\/em><\/strong><\/p>\n<p>Ednaldo Rodrigues est\u00e1 fora da CBF por ordem da Justi\u00e7a do Rio. No \u00e2mbito Federal, Ednaldo conta com respaldo jur\u00eddico do Ministro Gilmar Mendes do STF. Fam\u00edlia Mendes est\u00e1 dentro da CBF com o instituto IDP desde 2023.<\/p>\n<p>Fam\u00edlia Zveiter e Fernando Sarney est\u00e3o ligados \u00e0 CBF desde o mandato de Ricardo Teixeira (1989 a 2012) e travam batalha jur\u00eddica contra os argumentos de Gilmar Mendes.<\/p>\n<p>Ednaldo Rodrigues, eleito em mar\u00e7o de 2025 por unanimidade para um novo mandato at\u00e9 2027, inicia em 2022 processo de afastamento de todos diretores e assessores com cargos na CBF que tinham liga\u00e7\u00f5es com Ricardo Teixeira e Marco Polo Del Nero, os dois banidos do futebol pela Fifa.<\/p>\n<p>Ou seja, futebol brasileiro raspa as cores para o mofo aparecer mais uma vez. Tem sido assim ao longo de d\u00e9cadas e d\u00e9cadas.<\/p>\n<p>E La Nave Va.<\/p>\n","protected":false},"excerpt":{"rendered":"<p>\u2666 Ednaldo Rodrigues est\u00e1 fora da presid\u00eancia da CBF por ordem da Justi\u00e7a do Rio e aliados. E [&hellip;]<\/p>\n","protected":false},"author":102107496,"featured_media":42142,"comment_status":"open","ping_status":"open","sticky":false,"template":"","format":"standard","meta":{"_coblocks_attr":"","_coblocks_dimensions":"","_coblocks_responsive_height":"","_coblocks_accordion_ie_support":"","_jetpack_newsletter_access":"","_jetpack_dont_email_post_to_subs":false,"_jetpack_newsletter_tier_id":0,"_jetpack_memberships_contains_paywalled_content":false,"_wpcom_ai_launchpad_first_post":false,"_jetpack_feature_clip_id":0,"_jetpack_memberships_contains_paid_content":false,"footnotes":"","jetpack_publicize_message":"","jetpack_publicize_feature_enabled":true,"jetpack_social_post_already_shared":false,"jetpack_social_options":{"image_generator_settings":{"template":"highway","default_image_id":0,"font":"","enabled":false},"version":2},"jetpack_post_was_ever_published":false},"categories":[570700,53870,20384],"tags":[1127145,789560569,213405497,781073690,17234140,789560560,980754,24359,789560573,2436675,278832,2145950],"class_list":["post-50121","post","type-post","status-publish","format-standard","has-post-thumbnail","hentry","category-cbf","category-futebol","category-informacao","tag-carlo-ancelotti","tag-cbf","tag-ednaldo-rodrigues","tag-familia-zveiter","tag-fernando-sarney","tag-futebol","tag-gilmar-mendes","tag-idp","tag-luiz-antonio-prosperi","tag-ricardo-teixeira","tag-stf","tag-tj-rj"],"yoast_head":"<!-- This site is optimized with the Yoast SEO plugin v28.3 - https:\/\/yoast.com\/product\/yoast-seo-wordpress\/ -->\n<title>Entenda Crise na CBF | Todos Homens da Batalha no Judici\u00e1rio - PR\u00d3SPERI NEWS<\/title>\n<meta name=\"robots\" content=\"index, follow, max-snippet:-1, max-image-preview:large, max-video-preview:-1\" \/>\n<link rel=\"canonical\" href=\"https:\/\/blogdoprosperi.com\/?p=50121\" \/>\n<meta property=\"og:locale\" content=\"pt_BR\" \/>\n<meta property=\"og:type\" content=\"article\" \/>\n<meta property=\"og:title\" content=\"Entenda Crise na CBF | Todos Homens da Batalha no Judici\u00e1rio - PR\u00d3SPERI NEWS\" \/>\n<meta property=\"og:description\" content=\"\u2666 Ednaldo Rodrigues est\u00e1 fora da presid\u00eancia da CBF por ordem da Justi\u00e7a do Rio e aliados. E [&hellip;]\" \/>\n<meta property=\"og:url\" content=\"https:\/\/blogdoprosperi.com\/?p=50121\" \/>\n<meta property=\"og:site_name\" content=\"PR\u00d3SPERI NEWS\" \/>\n<meta property=\"article:publisher\" content=\"Luiz Pr\u00f3speri\" \/>\n<meta property=\"article:author\" content=\"Luiz Pr\u00f3speri\" \/>\n<meta property=\"article:published_time\" content=\"2025-05-16T16:42:15+00:00\" \/>\n<meta property=\"article:modified_time\" content=\"2025-05-16T19:26:40+00:00\" \/>\n<meta property=\"og:image\" content=\"https:\/\/i0.wp.com\/blogdoprosperi.com\/wp-content\/uploads\/2024\/03\/cbf_futebol_copa_brasil.jpg?fit=800%2C503&ssl=1\" \/>\n\t<meta property=\"og:image:width\" content=\"800\" \/>\n\t<meta property=\"og:image:height\" content=\"503\" \/>\n\t<meta property=\"og:image:type\" content=\"image\/jpeg\" \/>\n<meta name=\"author\" content=\"Luiz Ant\u00f4nio Pr\u00f3speri\" \/>\n<meta name=\"twitter:card\" content=\"summary_large_image\" \/>\n<meta name=\"twitter:creator\" content=\"@Luizprosperi\" \/>\n<meta name=\"twitter:site\" content=\"@Luizprosperi\" \/>\n<meta name=\"twitter:label1\" content=\"Escrito por\" \/>\n\t<meta name=\"twitter:data1\" content=\"Luiz Ant\u00f4nio Pr\u00f3speri\" \/>\n\t<meta name=\"twitter:label2\" content=\"Est. tempo de leitura\" \/>\n\t<meta name=\"twitter:data2\" content=\"5 minutos\" \/>\n<script type=\"application\/ld+json\" class=\"yoast-schema-graph\">{\"@context\":\"https:\\\/\\\/schema.org\",\"@graph\":[{\"@type\":\"Article\",\"@id\":\"https:\\\/\\\/blogdoprosperi.com\\\/?p=50121#article\",\"isPartOf\":{\"@id\":\"https:\\\/\\\/blogdoprosperi.com\\\/?p=50121\"},\"author\":{\"name\":\"Luiz Ant\u00f4nio Pr\u00f3speri\",\"@id\":\"https:\\\/\\\/blogdoprosperi.com\\\/#\\\/schema\\\/person\\\/38100755ce3601861ee4fab9b5aa78e9\"},\"headline\":\"Entenda Crise na CBF | Todos Homens da Batalha no Judici\u00e1rio\",\"datePublished\":\"2025-05-16T16:42:15+00:00\",\"dateModified\":\"2025-05-16T19:26:40+00:00\",\"mainEntityOfPage\":{\"@id\":\"https:\\\/\\\/blogdoprosperi.com\\\/?p=50121\"},\"wordCount\":975,\"commentCount\":1,\"publisher\":{\"@id\":\"https:\\\/\\\/blogdoprosperi.com\\\/#\\\/schema\\\/person\\\/38100755ce3601861ee4fab9b5aa78e9\"},\"image\":{\"@id\":\"https:\\\/\\\/blogdoprosperi.com\\\/?p=50121#primaryimage\"},\"thumbnailUrl\":\"https:\\\/\\\/i0.wp.com\\\/blogdoprosperi.com\\\/wp-content\\\/uploads\\\/2024\\\/03\\\/cbf_futebol_copa_brasil.jpg?fit=800%2C503&ssl=1\",\"keywords\":[\"Carlo Ancelotti\",\"CBF\",\"Ednaldo Rodrigues\",\"fam\u00edlia zveiter\",\"Fernando sarney\",\"futebol\",\"Gilmar mendes\",\"idp\",\"Luiz Ant\u00f4nio Pr\u00f3speri\",\"Ricardo Teixeira\",\"stf\",\"tj-rj\"],\"articleSection\":[\"CBF\",\"futebol\",\"informa\u00e7\u00e3o\"],\"inLanguage\":\"pt-BR\",\"potentialAction\":[{\"@type\":\"CommentAction\",\"name\":\"Comment\",\"target\":[\"https:\\\/\\\/blogdoprosperi.com\\\/?p=50121#respond\"]}]},{\"@type\":\"WebPage\",\"@id\":\"https:\\\/\\\/blogdoprosperi.com\\\/?p=50121\",\"url\":\"https:\\\/\\\/blogdoprosperi.com\\\/?p=50121\",\"name\":\"Entenda Crise na CBF | Todos Homens da Batalha no Judici\u00e1rio - PR\u00d3SPERI NEWS\",\"isPartOf\":{\"@id\":\"https:\\\/\\\/blogdoprosperi.com\\\/#website\"},\"primaryImageOfPage\":{\"@id\":\"https:\\\/\\\/blogdoprosperi.com\\\/?p=50121#primaryimage\"},\"image\":{\"@id\":\"https:\\\/\\\/blogdoprosperi.com\\\/?p=50121#primaryimage\"},\"thumbnailUrl\":\"https:\\\/\\\/i0.wp.com\\\/blogdoprosperi.com\\\/wp-content\\\/uploads\\\/2024\\\/03\\\/cbf_futebol_copa_brasil.jpg?fit=800%2C503&ssl=1\",\"datePublished\":\"2025-05-16T16:42:15+00:00\",\"dateModified\":\"2025-05-16T19:26:40+00:00\",\"breadcrumb\":{\"@id\":\"https:\\\/\\\/blogdoprosperi.com\\\/?p=50121#breadcrumb\"},\"inLanguage\":\"pt-BR\",\"potentialAction\":[{\"@type\":\"ReadAction\",\"target\":[\"https:\\\/\\\/blogdoprosperi.com\\\/?p=50121\"]}]},{\"@type\":\"ImageObject\",\"inLanguage\":\"pt-BR\",\"@id\":\"https:\\\/\\\/blogdoprosperi.com\\\/?p=50121#primaryimage\",\"url\":\"https:\\\/\\\/i0.wp.com\\\/blogdoprosperi.com\\\/wp-content\\\/uploads\\\/2024\\\/03\\\/cbf_futebol_copa_brasil.jpg?fit=800%2C503&ssl=1\",\"contentUrl\":\"https:\\\/\\\/i0.wp.com\\\/blogdoprosperi.com\\\/wp-content\\\/uploads\\\/2024\\\/03\\\/cbf_futebol_copa_brasil.jpg?fit=800%2C503&ssl=1\",\"width\":800,\"height\":503,\"caption\":\"Temporada 2024 do futebol brasileiro vive o caos \u2013 foto: CBF\"},{\"@type\":\"BreadcrumbList\",\"@id\":\"https:\\\/\\\/blogdoprosperi.com\\\/?p=50121#breadcrumb\",\"itemListElement\":[{\"@type\":\"ListItem\",\"position\":1,\"name\":\"In\u00edcio\",\"item\":\"https:\\\/\\\/blogdoprosperi.com\\\/\"},{\"@type\":\"ListItem\",\"position\":2,\"name\":\"Entenda Crise na CBF | Todos Homens da Batalha no Judici\u00e1rio\"}]},{\"@type\":\"WebSite\",\"@id\":\"https:\\\/\\\/blogdoprosperi.com\\\/#website\",\"url\":\"https:\\\/\\\/blogdoprosperi.com\\\/\",\"name\":\"PR\u00d3SPERI NEWS\",\"description\":\"TUDO \u00c9  FUTEBOL\",\"publisher\":{\"@id\":\"https:\\\/\\\/blogdoprosperi.com\\\/#\\\/schema\\\/person\\\/38100755ce3601861ee4fab9b5aa78e9\"},\"alternateName\":\"blogdoprosperi.com\",\"potentialAction\":[{\"@type\":\"SearchAction\",\"target\":{\"@type\":\"EntryPoint\",\"urlTemplate\":\"https:\\\/\\\/blogdoprosperi.com\\\/?s={search_term_string}\"},\"query-input\":{\"@type\":\"PropertyValueSpecification\",\"valueRequired\":true,\"valueName\":\"search_term_string\"}}],\"inLanguage\":\"pt-BR\"},{\"@type\":[\"Person\",\"Organization\"],\"@id\":\"https:\\\/\\\/blogdoprosperi.com\\\/#\\\/schema\\\/person\\\/38100755ce3601861ee4fab9b5aa78e9\",\"name\":\"Luiz Ant\u00f4nio Pr\u00f3speri\",\"pronouns\":\"ele\",\"image\":{\"@type\":\"ImageObject\",\"inLanguage\":\"pt-BR\",\"@id\":\"https:\\\/\\\/i0.wp.com\\\/blogdoprosperi.com\\\/wp-content\\\/uploads\\\/2026\\\/05\\\/cropped-8059e613-6002-42fa-961e-8e275f575d71-2-5.jpg?fit=1360%2C931&ssl=1\",\"url\":\"https:\\\/\\\/i0.wp.com\\\/blogdoprosperi.com\\\/wp-content\\\/uploads\\\/2026\\\/05\\\/cropped-8059e613-6002-42fa-961e-8e275f575d71-2-5.jpg?fit=1360%2C931&ssl=1\",\"contentUrl\":\"https:\\\/\\\/i0.wp.com\\\/blogdoprosperi.com\\\/wp-content\\\/uploads\\\/2026\\\/05\\\/cropped-8059e613-6002-42fa-961e-8e275f575d71-2-5.jpg?fit=1360%2C931&ssl=1\",\"width\":1360,\"height\":931,\"caption\":\"Luiz Ant\u00f4nio Pr\u00f3speri\"},\"logo\":{\"@id\":\"https:\\\/\\\/i0.wp.com\\\/blogdoprosperi.com\\\/wp-content\\\/uploads\\\/2026\\\/05\\\/cropped-8059e613-6002-42fa-961e-8e275f575d71-2-5.jpg?fit=1360%2C931&ssl=1\"},\"description\":\"Jornalista com carreira dedicada ao esporte. Cobriu 9 Copas do Mundo in loco, 1990 na It\u00e1lia, 1994 nos EUA, 1998 na Fran\u00e7a, 2002 na Coreia do Sul e Jap\u00e3o, 2006 na Alemanha, 2010 na \u00c1frica do Sul, 2014 no Brasil, 2018 na R\u00fassia e 2022 no Qatar. Eurocopas, 1992 na Su\u00e9cia e 1996 na Inglaterra. Copa das Confedera\u00e7\u00f5es de 2005 na Alemanha e 2009 na \u00c1frica do Sul. Rep\u00f3rter e Editor, trabalhou no Jornal da Tarde e Estad\u00e3o, de 1984 a fevereiro de 2016. Colunista, blogueiro. E comentarista de futebol na R\u00e1dio Estad\u00e3o, de 2013 a fevereiro de 2016. Jornalista respons\u00e1vel do \\\"Pr\u00f3speri News\\\" (blogdoprosperi.com).\",\"sameAs\":[\"http:\\\/\\\/blogdoprosperi.com\",\"Luiz Pr\u00f3speri\",\"@luiz_prosperi\",\"https:\\\/\\\/x.com\\\/Luizprosperi\",\"@prosperinacopa\",\"luiz.prosperi@icloud.com\"],\"url\":\"https:\\\/\\\/blogdoprosperi.com\\\/?author=102107496\"}]}<\/script>\n<!-- \/ Yoast SEO plugin. -->","yoast_head_json":{"title":"Entenda Crise na CBF | Todos Homens da Batalha no Judici\u00e1rio - PR\u00d3SPERI NEWS","robots":{"index":"index","follow":"follow","max-snippet":"max-snippet:-1","max-image-preview":"max-image-preview:large","max-video-preview":"max-video-preview:-1"},"canonical":"https:\/\/blogdoprosperi.com\/?p=50121","og_locale":"pt_BR","og_type":"article","og_title":"Entenda Crise na CBF | Todos Homens da Batalha no Judici\u00e1rio - PR\u00d3SPERI NEWS","og_description":"\u2666 Ednaldo Rodrigues est\u00e1 fora da presid\u00eancia da CBF por ordem da Justi\u00e7a do Rio e aliados. E [&hellip;]","og_url":"https:\/\/blogdoprosperi.com\/?p=50121","og_site_name":"PR\u00d3SPERI NEWS","article_publisher":"Luiz Pr\u00f3speri","article_author":"Luiz Pr\u00f3speri","article_published_time":"2025-05-16T16:42:15+00:00","article_modified_time":"2025-05-16T19:26:40+00:00","og_image":[{"width":800,"height":503,"url":"https:\/\/i0.wp.com\/blogdoprosperi.com\/wp-content\/uploads\/2024\/03\/cbf_futebol_copa_brasil.jpg?fit=800%2C503&ssl=1","type":"image\/jpeg"}],"author":"Luiz Ant\u00f4nio Pr\u00f3speri","twitter_card":"summary_large_image","twitter_creator":"@Luizprosperi","twitter_site":"@Luizprosperi","twitter_misc":{"Escrito por":"Luiz Ant\u00f4nio Pr\u00f3speri","Est. tempo de leitura":"5 minutos"},"schema":{"@context":"https:\/\/schema.org","@graph":[{"@type":"Article","@id":"https:\/\/blogdoprosperi.com\/?p=50121#article","isPartOf":{"@id":"https:\/\/blogdoprosperi.com\/?p=50121"},"author":{"name":"Luiz Ant\u00f4nio Pr\u00f3speri","@id":"https:\/\/blogdoprosperi.com\/#\/schema\/person\/38100755ce3601861ee4fab9b5aa78e9"},"headline":"Entenda Crise na CBF | Todos Homens da Batalha no Judici\u00e1rio","datePublished":"2025-05-16T16:42:15+00:00","dateModified":"2025-05-16T19:26:40+00:00","mainEntityOfPage":{"@id":"https:\/\/blogdoprosperi.com\/?p=50121"},"wordCount":975,"commentCount":1,"publisher":{"@id":"https:\/\/blogdoprosperi.com\/#\/schema\/person\/38100755ce3601861ee4fab9b5aa78e9"},"image":{"@id":"https:\/\/blogdoprosperi.com\/?p=50121#primaryimage"},"thumbnailUrl":"https:\/\/i0.wp.com\/blogdoprosperi.com\/wp-content\/uploads\/2024\/03\/cbf_futebol_copa_brasil.jpg?fit=800%2C503&ssl=1","keywords":["Carlo Ancelotti","CBF","Ednaldo Rodrigues","fam\u00edlia zveiter","Fernando sarney","futebol","Gilmar mendes","idp","Luiz Ant\u00f4nio Pr\u00f3speri","Ricardo Teixeira","stf","tj-rj"],"articleSection":["CBF","futebol","informa\u00e7\u00e3o"],"inLanguage":"pt-BR","potentialAction":[{"@type":"CommentAction","name":"Comment","target":["https:\/\/blogdoprosperi.com\/?p=50121#respond"]}]},{"@type":"WebPage","@id":"https:\/\/blogdoprosperi.com\/?p=50121","url":"https:\/\/blogdoprosperi.com\/?p=50121","name":"Entenda Crise na CBF | Todos Homens da Batalha no Judici\u00e1rio - PR\u00d3SPERI NEWS","isPartOf":{"@id":"https:\/\/blogdoprosperi.com\/#website"},"primaryImageOfPage":{"@id":"https:\/\/blogdoprosperi.com\/?p=50121#primaryimage"},"image":{"@id":"https:\/\/blogdoprosperi.com\/?p=50121#primaryimage"},"thumbnailUrl":"https:\/\/i0.wp.com\/blogdoprosperi.com\/wp-content\/uploads\/2024\/03\/cbf_futebol_copa_brasil.jpg?fit=800%2C503&ssl=1","datePublished":"2025-05-16T16:42:15+00:00","dateModified":"2025-05-16T19:26:40+00:00","breadcrumb":{"@id":"https:\/\/blogdoprosperi.com\/?p=50121#breadcrumb"},"inLanguage":"pt-BR","potentialAction":[{"@type":"ReadAction","target":["https:\/\/blogdoprosperi.com\/?p=50121"]}]},{"@type":"ImageObject","inLanguage":"pt-BR","@id":"https:\/\/blogdoprosperi.com\/?p=50121#primaryimage","url":"https:\/\/i0.wp.com\/blogdoprosperi.com\/wp-content\/uploads\/2024\/03\/cbf_futebol_copa_brasil.jpg?fit=800%2C503&ssl=1","contentUrl":"https:\/\/i0.wp.com\/blogdoprosperi.com\/wp-content\/uploads\/2024\/03\/cbf_futebol_copa_brasil.jpg?fit=800%2C503&ssl=1","width":800,"height":503,"caption":"Temporada 2024 do futebol brasileiro vive o caos \u2013 foto: CBF"},{"@type":"BreadcrumbList","@id":"https:\/\/blogdoprosperi.com\/?p=50121#breadcrumb","itemListElement":[{"@type":"ListItem","position":1,"name":"In\u00edcio","item":"https:\/\/blogdoprosperi.com\/"},{"@type":"ListItem","position":2,"name":"Entenda Crise na CBF | Todos Homens da Batalha no Judici\u00e1rio"}]},{"@type":"WebSite","@id":"https:\/\/blogdoprosperi.com\/#website","url":"https:\/\/blogdoprosperi.com\/","name":"PR\u00d3SPERI NEWS","description":"TUDO \u00c9  FUTEBOL","publisher":{"@id":"https:\/\/blogdoprosperi.com\/#\/schema\/person\/38100755ce3601861ee4fab9b5aa78e9"},"alternateName":"blogdoprosperi.com","potentialAction":[{"@type":"SearchAction","target":{"@type":"EntryPoint","urlTemplate":"https:\/\/blogdoprosperi.com\/?s={search_term_string}"},"query-input":{"@type":"PropertyValueSpecification","valueRequired":true,"valueName":"search_term_string"}}],"inLanguage":"pt-BR"},{"@type":["Person","Organization"],"@id":"https:\/\/blogdoprosperi.com\/#\/schema\/person\/38100755ce3601861ee4fab9b5aa78e9","name":"Luiz Ant\u00f4nio Pr\u00f3speri","pronouns":"ele","image":{"@type":"ImageObject","inLanguage":"pt-BR","@id":"https:\/\/i0.wp.com\/blogdoprosperi.com\/wp-content\/uploads\/2026\/05\/cropped-8059e613-6002-42fa-961e-8e275f575d71-2-5.jpg?fit=1360%2C931&ssl=1","url":"https:\/\/i0.wp.com\/blogdoprosperi.com\/wp-content\/uploads\/2026\/05\/cropped-8059e613-6002-42fa-961e-8e275f575d71-2-5.jpg?fit=1360%2C931&ssl=1","contentUrl":"https:\/\/i0.wp.com\/blogdoprosperi.com\/wp-content\/uploads\/2026\/05\/cropped-8059e613-6002-42fa-961e-8e275f575d71-2-5.jpg?fit=1360%2C931&ssl=1","width":1360,"height":931,"caption":"Luiz Ant\u00f4nio Pr\u00f3speri"},"logo":{"@id":"https:\/\/i0.wp.com\/blogdoprosperi.com\/wp-content\/uploads\/2026\/05\/cropped-8059e613-6002-42fa-961e-8e275f575d71-2-5.jpg?fit=1360%2C931&ssl=1"},"description":"Jornalista com carreira dedicada ao esporte. Cobriu 9 Copas do Mundo in loco, 1990 na It\u00e1lia, 1994 nos EUA, 1998 na Fran\u00e7a, 2002 na Coreia do Sul e Jap\u00e3o, 2006 na Alemanha, 2010 na \u00c1frica do Sul, 2014 no Brasil, 2018 na R\u00fassia e 2022 no Qatar. Eurocopas, 1992 na Su\u00e9cia e 1996 na Inglaterra. Copa das Confedera\u00e7\u00f5es de 2005 na Alemanha e 2009 na \u00c1frica do Sul. Rep\u00f3rter e Editor, trabalhou no Jornal da Tarde e Estad\u00e3o, de 1984 a fevereiro de 2016. Colunista, blogueiro. E comentarista de futebol na R\u00e1dio Estad\u00e3o, de 2013 a fevereiro de 2016. Jornalista respons\u00e1vel do \"Pr\u00f3speri News\" (blogdoprosperi.com).","sameAs":["http:\/\/blogdoprosperi.com","Luiz Pr\u00f3speri","@luiz_prosperi","https:\/\/x.com\/Luizprosperi","@prosperinacopa","luiz.prosperi@icloud.com"],"url":"https:\/\/blogdoprosperi.com\/?author=102107496"}]}},"jetpack_publicize_connections":[],"jetpack_likes_enabled":false,"jetpack_sharing_enabled":true,"jetpack_shortlink":"https:\/\/wp.me\/p7jvdk-d2p","jetpack-related-posts":[{"id":50180,"url":"https:\/\/blogdoprosperi.com\/?p=50180","url_meta":{"origin":50121,"position":0},"title":"CBF Tem Novo Chefe | Samir Xaud, Presidente da Federa\u00e7\u00e3o de Roraima","author":"Luiz Ant\u00f4nio Pr\u00f3speri","date":"18 de maio de 2025","format":false,"excerpt":"\u2666 Xaud, futuro mandat\u00e1rio da CBF, \u00e9 filho de Zeca Xaud, presidente da Federa\u00e7\u00e3o de Roraima desde a d\u00e9cada de 1970 \u2666 Xaud s\u00f3 n\u00e3o ser\u00e1 aclamado novo chefe da CBF se o Ministro do STF Gilmar Mendes garantir a volta de Ednaldo Rodrigues ao comando Luiz Ant\u00f4nio Pr\u00f3speri \u2013\u2026","rel":"","context":"Em &quot;CBF&quot;","block_context":{"text":"CBF","link":"https:\/\/blogdoprosperi.com\/?cat=570700"},"img":{"alt_text":"","src":"https:\/\/i0.wp.com\/blogdoprosperi.com\/wp-content\/uploads\/2025\/05\/captura-de-tela-2025-05-18-as-13.54.40.png?fit=1178%2C604&ssl=1&resize=350%2C200","width":350,"height":200,"srcset":"https:\/\/i0.wp.com\/blogdoprosperi.com\/wp-content\/uploads\/2025\/05\/captura-de-tela-2025-05-18-as-13.54.40.png?fit=1178%2C604&ssl=1&resize=350%2C200 1x, https:\/\/i0.wp.com\/blogdoprosperi.com\/wp-content\/uploads\/2025\/05\/captura-de-tela-2025-05-18-as-13.54.40.png?fit=1178%2C604&ssl=1&resize=525%2C300 1.5x, https:\/\/i0.wp.com\/blogdoprosperi.com\/wp-content\/uploads\/2025\/05\/captura-de-tela-2025-05-18-as-13.54.40.png?fit=1178%2C604&ssl=1&resize=700%2C400 2x, https:\/\/i0.wp.com\/blogdoprosperi.com\/wp-content\/uploads\/2025\/05\/captura-de-tela-2025-05-18-as-13.54.40.png?fit=1178%2C604&ssl=1&resize=1050%2C600 3x"},"classes":[]},{"id":45742,"url":"https:\/\/blogdoprosperi.com\/?p=45742","url_meta":{"origin":50121,"position":1},"title":"STF Suspende Julgamento e Ednaldo Rodrigues Continua no Comando da CBF","author":"Luiz Ant\u00f4nio Pr\u00f3speri","date":"9 de outubro de 2024","format":false,"excerpt":"Luiz Ant\u00f4nio Pr\u00f3speri \u2013 9 outubro (16h45) Supremo Tribunal Federal (STF) garante perman\u00eancia provis\u00f3ria de Ednaldo Rodrigues na presid\u00eancia da CBF, ap\u00f3s ministro Flavio Dino pedir vistas do processo no julgamento na Corte, nessa quarta-feira (09\/10). A volta do julgamento ainda n\u00e3o tem data definida. O STF julgava a liminar\u2026","rel":"","context":"Em &quot;futebol&quot;","block_context":{"text":"futebol","link":"https:\/\/blogdoprosperi.com\/?cat=53870"},"img":{"alt_text":"Ednaldo tem aliados no Judici\u00e1rio e continua na CBF","src":"https:\/\/i0.wp.com\/blogdoprosperi.com\/wp-content\/uploads\/2024\/10\/ednaldo-rodrigues-680x375-1.jpg?fit=680%2C375&ssl=1&resize=350%2C200","width":350,"height":200,"srcset":"https:\/\/i0.wp.com\/blogdoprosperi.com\/wp-content\/uploads\/2024\/10\/ednaldo-rodrigues-680x375-1.jpg?fit=680%2C375&ssl=1&resize=350%2C200 1x, https:\/\/i0.wp.com\/blogdoprosperi.com\/wp-content\/uploads\/2024\/10\/ednaldo-rodrigues-680x375-1.jpg?fit=680%2C375&ssl=1&resize=525%2C300 1.5x"},"classes":[]},{"id":45624,"url":"https:\/\/blogdoprosperi.com\/?p=45624","url_meta":{"origin":50121,"position":2},"title":"Gilmar Mendes, Ministro do STF, Banca Presidente da CBF at\u00e9 Desfecho do Julgamento","author":"Luiz Ant\u00f4nio Pr\u00f3speri","date":"1 de outubro de 2024","format":false,"excerpt":"Luiz Ant\u00f4nio Pr\u00f3speri \u2013 1 outubro (19h45) Gilmar Mendes, ministro do Superior Tribunal Federal (STF), \u00e9 o fiador da perman\u00eancia de Ednaldo Rodrigues na presid\u00eancia da CBF desde janeiro de 2024. Por tabela, respalda os embates jur\u00eddicos que Ednaldo enfrenta na entidade. Por exemplo, esse confronto no STJD (Superior Tribunal\u2026","rel":"","context":"Em &quot;futebol&quot;","block_context":{"text":"futebol","link":"https:\/\/blogdoprosperi.com\/?cat=53870"},"img":{"alt_text":"Gilmar Mendes e a teia na CBF","src":"https:\/\/i0.wp.com\/blogdoprosperi.com\/wp-content\/uploads\/2024\/10\/gilmar-mendes-stf.webp?fit=888%2C593&ssl=1&resize=350%2C200","width":350,"height":200,"srcset":"https:\/\/i0.wp.com\/blogdoprosperi.com\/wp-content\/uploads\/2024\/10\/gilmar-mendes-stf.webp?fit=888%2C593&ssl=1&resize=350%2C200 1x, https:\/\/i0.wp.com\/blogdoprosperi.com\/wp-content\/uploads\/2024\/10\/gilmar-mendes-stf.webp?fit=888%2C593&ssl=1&resize=525%2C300 1.5x, https:\/\/i0.wp.com\/blogdoprosperi.com\/wp-content\/uploads\/2024\/10\/gilmar-mendes-stf.webp?fit=888%2C593&ssl=1&resize=700%2C400 2x"},"classes":[]},{"id":60195,"url":"https:\/\/blogdoprosperi.com\/?p=60195","url_meta":{"origin":50121,"position":3},"title":"Invent\u00e1rio da derrota da Sele\u00e7\u00e3o (epis\u00f3dio 1): Do caos aos vacilos de Ancelotti na Copa 2026","author":"Luiz Ant\u00f4nio Pr\u00f3speri","date":"11 de julho de 2026","format":false,"excerpt":"Luiz Ant\u00f4nio Pr\u00f3speri \u2013 11 julho 2026 (15h25)\u00a0 Invent\u00e1rio da elimina\u00e7\u00e3o do Brasil na Copa do Mundo 2026 come\u00e7a em dezembro de 2022 quando Tite se despede da Sele\u00e7\u00e3o Brasileira ap\u00f3s cair nas quartas de final da Copa no Qatar. Da queda em Doha at\u00e9 dezembro de 2023, a CBF\u2026","rel":"","context":"Em &quot;futebol&quot;","block_context":{"text":"futebol","link":"https:\/\/blogdoprosperi.com\/?cat=53870"},"img":{"alt_text":"","src":"https:\/\/i0.wp.com\/blogdoprosperi.com\/wp-content\/uploads\/2026\/06\/Captura-de-Tela-2026-06-22-as-18.42.01.png?fit=1182%2C926&ssl=1&resize=350%2C200","width":350,"height":200,"srcset":"https:\/\/i0.wp.com\/blogdoprosperi.com\/wp-content\/uploads\/2026\/06\/Captura-de-Tela-2026-06-22-as-18.42.01.png?fit=1182%2C926&ssl=1&resize=350%2C200 1x, https:\/\/i0.wp.com\/blogdoprosperi.com\/wp-content\/uploads\/2026\/06\/Captura-de-Tela-2026-06-22-as-18.42.01.png?fit=1182%2C926&ssl=1&resize=525%2C300 1.5x, https:\/\/i0.wp.com\/blogdoprosperi.com\/wp-content\/uploads\/2026\/06\/Captura-de-Tela-2026-06-22-as-18.42.01.png?fit=1182%2C926&ssl=1&resize=700%2C400 2x, https:\/\/i0.wp.com\/blogdoprosperi.com\/wp-content\/uploads\/2026\/06\/Captura-de-Tela-2026-06-22-as-18.42.01.png?fit=1182%2C926&ssl=1&resize=1050%2C600 3x"},"classes":[]},{"id":45276,"url":"https:\/\/blogdoprosperi.com\/?p=45276","url_meta":{"origin":50121,"position":4},"title":"STF Decide Futuro do Presidente da CBF Ednaldo Rodrigues, Dorival Jr Aguarda Desfecho do Caso","author":"Luiz Ant\u00f4nio Pr\u00f3speri","date":"25 de setembro de 2024","format":false,"excerpt":"Luiz Ant\u00f4nio Pr\u00f3speri \u2013 atualizado 25 setembro (08h15) CBF em transe: futuro do presidente Ednaldo Rodrigues se define hoje no STF. Pendurado no cargo por uma liminar concedida pelo ministro Gilmar Mendes do Supremo Tribunal Federal (STF), Ednaldo ter\u00e1 seu destino decretado no julgamento no STF pela manuten\u00e7\u00e3o ou queda\u2026","rel":"","context":"Em &quot;CBF&quot;","block_context":{"text":"CBF","link":"https:\/\/blogdoprosperi.com\/?cat=570700"},"img":{"alt_text":"CBF vive dias tensos com presidente Ednaldo no STF","src":"https:\/\/i0.wp.com\/blogdoprosperi.com\/wp-content\/uploads\/2024\/09\/53985869792_72d8064917_c.jpg?fit=799%2C534&ssl=1&resize=350%2C200","width":350,"height":200,"srcset":"https:\/\/i0.wp.com\/blogdoprosperi.com\/wp-content\/uploads\/2024\/09\/53985869792_72d8064917_c.jpg?fit=799%2C534&ssl=1&resize=350%2C200 1x, https:\/\/i0.wp.com\/blogdoprosperi.com\/wp-content\/uploads\/2024\/09\/53985869792_72d8064917_c.jpg?fit=799%2C534&ssl=1&resize=525%2C300 1.5x, https:\/\/i0.wp.com\/blogdoprosperi.com\/wp-content\/uploads\/2024\/09\/53985869792_72d8064917_c.jpg?fit=799%2C534&ssl=1&resize=700%2C400 2x"},"classes":[]},{"id":45707,"url":"https:\/\/blogdoprosperi.com\/?p=45707","url_meta":{"origin":50121,"position":5},"title":"Sele\u00e7\u00e3o Brasileira | Dorival Junior Cai na Cilada da CBF e Presidente Aguarda Julgamento do STF","author":"Luiz Ant\u00f4nio Pr\u00f3speri","date":"9 de outubro de 2024","format":false,"excerpt":"Luiz Ant\u00f4nio Pr\u00f3speri \u2013 9 outubro (00h10) Dorival Junior est\u00e1 por um fio no comando da Sele\u00e7\u00e3o Brasileira. Ednaldo Rodrigues tamb\u00e9m vive mesma situa\u00e7\u00e3o na presid\u00eancia da CBF. Dorival, o t\u00e9cnico, depende de uma vit\u00f3ria contra o Chile, jogo das Eliminat\u00f3rias da Copa 2026, quinta-feira (10\/10), em Santiago. Ednaldo, o\u2026","rel":"","context":"Em &quot;futebol&quot;","block_context":{"text":"futebol","link":"https:\/\/blogdoprosperi.com\/?cat=53870"},"img":{"alt_text":"Dorival por um fio na Sele\u00e7\u00e3o Brasileira","src":"https:\/\/i0.wp.com\/blogdoprosperi.com\/wp-content\/uploads\/2024\/10\/54052520387_3484cb21ae_k.jpg?fit=1200%2C776&ssl=1&resize=350%2C200","width":350,"height":200,"srcset":"https:\/\/i0.wp.com\/blogdoprosperi.com\/wp-content\/uploads\/2024\/10\/54052520387_3484cb21ae_k.jpg?fit=1200%2C776&ssl=1&resize=350%2C200 1x, https:\/\/i0.wp.com\/blogdoprosperi.com\/wp-content\/uploads\/2024\/10\/54052520387_3484cb21ae_k.jpg?fit=1200%2C776&ssl=1&resize=525%2C300 1.5x, https:\/\/i0.wp.com\/blogdoprosperi.com\/wp-content\/uploads\/2024\/10\/54052520387_3484cb21ae_k.jpg?fit=1200%2C776&ssl=1&resize=700%2C400 2x, https:\/\/i0.wp.com\/blogdoprosperi.com\/wp-content\/uploads\/2024\/10\/54052520387_3484cb21ae_k.jpg?fit=1200%2C776&ssl=1&resize=1050%2C600 3x"},"classes":[]}],"jetpack_featured_media_url":"https:\/\/i0.wp.com\/blogdoprosperi.com\/wp-content\/uploads\/2024\/03\/cbf_futebol_copa_brasil.jpg?fit=800%2C503&ssl=1","_links":{"self":[{"href":"https:\/\/blogdoprosperi.com\/index.php?rest_route=\/wp\/v2\/posts\/50121","targetHints":{"allow":["GET"]}}],"collection":[{"href":"https:\/\/blogdoprosperi.com\/index.php?rest_route=\/wp\/v2\/posts"}],"about":[{"href":"https:\/\/blogdoprosperi.com\/index.php?rest_route=\/wp\/v2\/types\/post"}],"author":[{"embeddable":true,"href":"https:\/\/blogdoprosperi.com\/index.php?rest_route=\/wp\/v2\/users\/102107496"}],"replies":[{"embeddable":true,"href":"https:\/\/blogdoprosperi.com\/index.php?rest_route=%2Fwp%2Fv2%2Fcomments&post=50121"}],"version-history":[{"count":14,"href":"https:\/\/blogdoprosperi.com\/index.php?rest_route=\/wp\/v2\/posts\/50121\/revisions"}],"predecessor-version":[{"id":50149,"href":"https:\/\/blogdoprosperi.com\/index.php?rest_route=\/wp\/v2\/posts\/50121\/revisions\/50149"}],"wp:featuredmedia":[{"embeddable":true,"href":"https:\/\/blogdoprosperi.com\/index.php?rest_route=\/wp\/v2\/media\/42142"}],"wp:attachment":[{"href":"https:\/\/blogdoprosperi.com\/index.php?rest_route=%2Fwp%2Fv2%2Fmedia&parent=50121"}],"wp:term":[{"taxonomy":"category","embeddable":true,"href":"https:\/\/blogdoprosperi.com\/index.php?rest_route=%2Fwp%2Fv2%2Fcategories&post=50121"},{"taxonomy":"post_tag","embeddable":true,"href":"https:\/\/blogdoprosperi.com\/index.php?rest_route=%2Fwp%2Fv2%2Ftags&post=50121"}],"curies":[{"name":"wp","href":"https:\/\/api.w.org\/{rel}","templated":true}]}}