{"id":50257,"date":"2025-05-20T14:13:45","date_gmt":"2025-05-20T17:13:45","guid":{"rendered":"https:\/\/blogdoprosperi.com\/?p=50257"},"modified":"2025-06-01T23:52:38","modified_gmt":"2025-06-02T02:52:38","slug":"leila-pereira-isola-palmeiras-do-movimento-dos-clubes-seria-candidata-a-presidente-da-cbf-em-2029","status":"publish","type":"post","link":"https:\/\/blogdoprosperi.com\/?p=50257","title":{"rendered":"Leila Pereira Isola Palmeiras do Movimento dos Clubes | Candidata a Presidente da CBF em 2029?"},"content":{"rendered":"<p><em>Luiz Ant\u00f4nio Pr\u00f3speri \u2013 20 maio (13h45) \u2013<\/em><\/p>\n<p>Leila Pereira continua fiel ao novo comando da CBF. No primeiro ato, a presidenta do Palmeiras apoia em car\u00e1ter oficial a candidatura de Samir Xaud contrariando posi\u00e7\u00e3o da maioria dos clubes da S\u00e9rie A. No segundo ato, n\u00e3o assina manifesto dos clubes da elite do futebol brasileiro que exigem participa\u00e7\u00e3o efetiva nesta governan\u00e7a da CBF, ap\u00f3s queda de presidente Ednaldo Rodrigues e ascens\u00e3o do desconhecido Samir Xaud.<\/p>\n<p>Diante desses movimentos da mandat\u00e1ria do Palmeiras, se pode concluir:<\/p>\n<p>Leila Pereira \u00e9 eventual candidata a presidente da CBF ao fim do mandato de Xaud em 2029. Da\u00ed ela n\u00e3o se indispor com o novo velho governo da CBF.<\/p>\n<p>Caso n\u00e3o seja essa a estrat\u00e9gia de Leila, \u00e9 dif\u00edcil, muito dif\u00edcil, entender as posi\u00e7\u00f5es da dirigente do Palmeiras nesse processo sucess\u00f3rio na CBF.<\/p>\n<p>Estranho, muito estranho, o movimento da presidenta Leila.<\/p>\n<p>At\u00e9 pouco tempo era de uma cortesia s\u00f3 a Ednaldo Rodrigues. De bra\u00e7os dados com o cartola-mor, agradecia todos os dias a Ednaldo por n\u00e3o partir para cima de Abel Ferreira na busca de um t\u00e9cnico da Sele\u00e7\u00e3o Brasileira.<\/p>\n<p>Leila n\u00e3o abre m\u00e3o de ter Abel no Palmeiras at\u00e9 2027 quando termina seu segundo mandato no comando do clube alviverde. Ent\u00e3o, muito obrigado Ednaldo por contratar Carlo Ancelotti.<\/p>\n<p>Cai Ednaldo. Rei posto, rei morto.<\/p>\n<p>Leila se apressa a assinar seu nome entre os signat\u00e1rios de apoio a Samir Xaud. Quem? Xaud, um obscuro dirigente esportivo com liga\u00e7\u00f5es familiares \u00e0 incipiente Federa\u00e7\u00e3o de Roraima.<\/p>\n<p>Entre a queda de Ednaldo e o lan\u00e7amento da candidatura de Xaud n\u00e3o se passam tr\u00eas dias. Tempo curto. Mas mesmo assim, Leila disse que conversou com Xaud e Reinaldo Bastos, presidente da Federa\u00e7\u00e3o Paulista e candidato dos clubes na elei\u00e7\u00e3o da CBF.<\/p>\n<p><em>&#8220;Conversei com os dois candidatos \u00e0 presid\u00eancia da CBF e <span><strong><a style=\"color: #0000ff\" href=\"https:\/\/blogdoprosperi.com\/2025\/05\/18\/cbf-tem-novo-chefe-samir-xaud-presidente-da-federacao-de-roraima\/\">entendi que as propostas da chapa do Samir Xaud s\u00e3o as melhores para o crescimento do futebol brasileiro<\/a><\/strong><\/span>. <\/em><\/p>\n<p><em>&#8220;Ele se mostrou comprometido com as pautas que o <strong>Palmeiras vem defendendo durante a minha gest\u00e3o, como a implementa\u00e7\u00e3o do Fair Play Financeiro, a redu\u00e7\u00e3o dos campeonatos estaduais e a cria\u00e7\u00e3o de uma liga que d\u00ea autonomia aos clubes na organiza\u00e7\u00e3o das competi\u00e7\u00f5es nacionais&#8221;<\/strong>&nbsp;<\/em>\u2013 disse Leila Pereira, por meio de assessoria de imprensa do clube, ao site <em>globo esporte.<\/em><\/p>\n<p>Ah, bom! Xaud comprometido com o Fair Play Financeiro, redu\u00e7\u00e3o dos campeonatos estaduais e a cria\u00e7\u00e3o da liga dos clubes.<\/p>\n<p>Xaud, em entrevista ao <em>Charla Podcast<\/em>, domingo (18\/5), mostrou que n\u00e3o tem a menor ideia do que seja Fair Play Financeiro.<\/p>\n<p>Leila foi mais longe. O Palmeiras n\u00e3o assina <span><strong><a style=\"color: #0000ff\" href=\"https:\/\/blogdoprosperi.com\/2025\/05\/19\/clubes-exigem-criacao-da-liga-e-participacao-efetiva-na-cbf-futebol-brasileiro-e-inegociavel-para-nos\/\">manifesto dos clubes (38 clubes da S\u00e9rie A e S\u00e9rie B), divulgado nesta segunda-feira (19\/5).<\/a><\/strong><\/span> Clubes exigem mudan\u00e7as no estatuto da CBF, cria\u00e7\u00e3o da Liga e o Fair Play Financeiro \u2013 pautas que Leila reivindica h\u00e1 tempos.<\/p>\n<p>Tudo caminha para uma s\u00f3 conclus\u00e3o:<\/p>\n<p>Leila Pereira \u00e9 eventual candidata a presidente da CBF ao fim do mandato de Samir Xaud, previsto para 2029, quando ela j\u00e1 teria encerrado seu segundo mandato no Palmeiras.<\/p>\n<p>E, claro, solar, Leila presidente da CBF e com Abel Ferreira no comando da Sele\u00e7\u00e3o Brasileira na sucess\u00e3o de Carlo Ancelotti depois da Copa do Mundo de 2026. A conferir.<\/p>\n","protected":false},"excerpt":{"rendered":"<p>Luiz Ant\u00f4nio Pr\u00f3speri \u2013 20 maio (13h45) \u2013 Leila Pereira continua fiel ao novo comando da CBF. No [&hellip;]<\/p>\n","protected":false},"author":102107496,"featured_media":50266,"comment_status":"open","ping_status":"open","sticky":false,"template":"","format":"standard","meta":{"_coblocks_attr":"","_coblocks_dimensions":"","_coblocks_responsive_height":"","_coblocks_accordion_ie_support":"","_jetpack_newsletter_access":"","_jetpack_dont_email_post_to_subs":false,"_jetpack_newsletter_tier_id":0,"_jetpack_memberships_contains_paywalled_content":false,"_wpcom_ai_launchpad_first_post":false,"_jetpack_feature_clip_id":0,"_jetpack_memberships_contains_paid_content":false,"footnotes":"","jetpack_publicize_message":"","jetpack_publicize_feature_enabled":true,"jetpack_social_post_already_shared":false,"jetpack_social_options":{"image_generator_settings":{"template":"highway","default_image_id":0,"font":"","enabled":false},"version":2},"jetpack_post_was_ever_published":false},"categories":[570700,53870,3919],"tags":[4200771,789560569,51247374,789560560,57784134,789560573,781168827,287104,781117827,789560562],"class_list":["post-50257","post","type-post","status-publish","format-standard","has-post-thumbnail","hentry","category-cbf","category-futebol","category-opiniao","tag-abel-ferreira","tag-cbf","tag-fair-play-financeiro","tag-futebol","tag-leila-pereira","tag-luiz-antonio-prosperi","tag-manifesto-dos-clubes","tag-palmeiras","tag-samir-xaud","tag-selecao-brasileira"],"yoast_head":"<!-- This site is optimized with the Yoast SEO plugin v28.3 - https:\/\/yoast.com\/product\/yoast-seo-wordpress\/ -->\n<title>Leila Pereira Isola Palmeiras do Movimento dos Clubes | Candidata a Presidente da CBF em 2029? - PR\u00d3SPERI NEWS<\/title>\n<meta name=\"robots\" content=\"index, follow, max-snippet:-1, max-image-preview:large, max-video-preview:-1\" \/>\n<link rel=\"canonical\" href=\"https:\/\/blogdoprosperi.com\/?p=50257\" \/>\n<meta property=\"og:locale\" content=\"pt_BR\" \/>\n<meta property=\"og:type\" content=\"article\" \/>\n<meta property=\"og:title\" content=\"Leila Pereira Isola Palmeiras do Movimento dos Clubes | Candidata a Presidente da CBF em 2029? - PR\u00d3SPERI NEWS\" \/>\n<meta property=\"og:description\" content=\"Luiz Ant\u00f4nio Pr\u00f3speri \u2013 20 maio (13h45) \u2013 Leila Pereira continua fiel ao novo comando da CBF. No [&hellip;]\" \/>\n<meta property=\"og:url\" content=\"https:\/\/blogdoprosperi.com\/?p=50257\" \/>\n<meta property=\"og:site_name\" content=\"PR\u00d3SPERI NEWS\" \/>\n<meta property=\"article:publisher\" content=\"Luiz Pr\u00f3speri\" \/>\n<meta property=\"article:author\" content=\"Luiz Pr\u00f3speri\" \/>\n<meta property=\"article:published_time\" content=\"2025-05-20T17:13:45+00:00\" \/>\n<meta property=\"article:modified_time\" content=\"2025-06-02T02:52:38+00:00\" \/>\n<meta property=\"og:image\" content=\"https:\/\/i0.wp.com\/blogdoprosperi.com\/wp-content\/uploads\/2025\/05\/captura-de-tela-2025-05-20-as-13.56.19.png?fit=1650%2C894&ssl=1\" \/>\n\t<meta property=\"og:image:width\" content=\"1650\" \/>\n\t<meta property=\"og:image:height\" content=\"894\" \/>\n\t<meta property=\"og:image:type\" content=\"image\/png\" \/>\n<meta name=\"author\" content=\"Luiz Ant\u00f4nio Pr\u00f3speri\" \/>\n<meta name=\"twitter:card\" content=\"summary_large_image\" \/>\n<meta name=\"twitter:creator\" content=\"@Luizprosperi\" \/>\n<meta name=\"twitter:site\" content=\"@Luizprosperi\" \/>\n<meta name=\"twitter:label1\" content=\"Escrito por\" \/>\n\t<meta name=\"twitter:data1\" content=\"Luiz Ant\u00f4nio Pr\u00f3speri\" \/>\n\t<meta name=\"twitter:label2\" content=\"Est. tempo de leitura\" \/>\n\t<meta name=\"twitter:data2\" content=\"3 minutos\" \/>\n<script type=\"application\/ld+json\" class=\"yoast-schema-graph\">{\"@context\":\"https:\\\/\\\/schema.org\",\"@graph\":[{\"@type\":\"Article\",\"@id\":\"https:\\\/\\\/blogdoprosperi.com\\\/?p=50257#article\",\"isPartOf\":{\"@id\":\"https:\\\/\\\/blogdoprosperi.com\\\/?p=50257\"},\"author\":{\"name\":\"Luiz Ant\u00f4nio Pr\u00f3speri\",\"@id\":\"https:\\\/\\\/blogdoprosperi.com\\\/#\\\/schema\\\/person\\\/38100755ce3601861ee4fab9b5aa78e9\"},\"headline\":\"Leila Pereira Isola Palmeiras do Movimento dos Clubes | Candidata a Presidente da CBF em 2029?\",\"datePublished\":\"2025-05-20T17:13:45+00:00\",\"dateModified\":\"2025-06-02T02:52:38+00:00\",\"mainEntityOfPage\":{\"@id\":\"https:\\\/\\\/blogdoprosperi.com\\\/?p=50257\"},\"wordCount\":581,\"commentCount\":0,\"publisher\":{\"@id\":\"https:\\\/\\\/blogdoprosperi.com\\\/#\\\/schema\\\/person\\\/38100755ce3601861ee4fab9b5aa78e9\"},\"image\":{\"@id\":\"https:\\\/\\\/blogdoprosperi.com\\\/?p=50257#primaryimage\"},\"thumbnailUrl\":\"https:\\\/\\\/i0.wp.com\\\/blogdoprosperi.com\\\/wp-content\\\/uploads\\\/2025\\\/05\\\/captura-de-tela-2025-05-20-as-13.56.19.png?fit=1650%2C894&ssl=1\",\"keywords\":[\"abel ferreira\",\"CBF\",\"fair play financeiro\",\"futebol\",\"Leila Pereira\",\"Luiz Ant\u00f4nio Pr\u00f3speri\",\"manifesto dos clubes\",\"Palmeiras\",\"SAMIR XAUD\",\"Sele\u00e7\u00e3o Brasileira\"],\"articleSection\":[\"CBF\",\"futebol\",\"opini\u00e3o\"],\"inLanguage\":\"pt-BR\",\"potentialAction\":[{\"@type\":\"CommentAction\",\"name\":\"Comment\",\"target\":[\"https:\\\/\\\/blogdoprosperi.com\\\/?p=50257#respond\"]}]},{\"@type\":\"WebPage\",\"@id\":\"https:\\\/\\\/blogdoprosperi.com\\\/?p=50257\",\"url\":\"https:\\\/\\\/blogdoprosperi.com\\\/?p=50257\",\"name\":\"Leila Pereira Isola Palmeiras do Movimento dos Clubes | Candidata a Presidente da CBF em 2029? - PR\u00d3SPERI NEWS\",\"isPartOf\":{\"@id\":\"https:\\\/\\\/blogdoprosperi.com\\\/#website\"},\"primaryImageOfPage\":{\"@id\":\"https:\\\/\\\/blogdoprosperi.com\\\/?p=50257#primaryimage\"},\"image\":{\"@id\":\"https:\\\/\\\/blogdoprosperi.com\\\/?p=50257#primaryimage\"},\"thumbnailUrl\":\"https:\\\/\\\/i0.wp.com\\\/blogdoprosperi.com\\\/wp-content\\\/uploads\\\/2025\\\/05\\\/captura-de-tela-2025-05-20-as-13.56.19.png?fit=1650%2C894&ssl=1\",\"datePublished\":\"2025-05-20T17:13:45+00:00\",\"dateModified\":\"2025-06-02T02:52:38+00:00\",\"breadcrumb\":{\"@id\":\"https:\\\/\\\/blogdoprosperi.com\\\/?p=50257#breadcrumb\"},\"inLanguage\":\"pt-BR\",\"potentialAction\":[{\"@type\":\"ReadAction\",\"target\":[\"https:\\\/\\\/blogdoprosperi.com\\\/?p=50257\"]}]},{\"@type\":\"ImageObject\",\"inLanguage\":\"pt-BR\",\"@id\":\"https:\\\/\\\/blogdoprosperi.com\\\/?p=50257#primaryimage\",\"url\":\"https:\\\/\\\/i0.wp.com\\\/blogdoprosperi.com\\\/wp-content\\\/uploads\\\/2025\\\/05\\\/captura-de-tela-2025-05-20-as-13.56.19.png?fit=1650%2C894&ssl=1\",\"contentUrl\":\"https:\\\/\\\/i0.wp.com\\\/blogdoprosperi.com\\\/wp-content\\\/uploads\\\/2025\\\/05\\\/captura-de-tela-2025-05-20-as-13.56.19.png?fit=1650%2C894&ssl=1\",\"width\":1650,\"height\":894,\"caption\":\"Leila Pereira presidente da CBF? \u2013 foto: CBF oficial\"},{\"@type\":\"BreadcrumbList\",\"@id\":\"https:\\\/\\\/blogdoprosperi.com\\\/?p=50257#breadcrumb\",\"itemListElement\":[{\"@type\":\"ListItem\",\"position\":1,\"name\":\"In\u00edcio\",\"item\":\"https:\\\/\\\/blogdoprosperi.com\\\/\"},{\"@type\":\"ListItem\",\"position\":2,\"name\":\"Leila Pereira Isola Palmeiras do Movimento dos Clubes | Candidata a Presidente da CBF em 2029?\"}]},{\"@type\":\"WebSite\",\"@id\":\"https:\\\/\\\/blogdoprosperi.com\\\/#website\",\"url\":\"https:\\\/\\\/blogdoprosperi.com\\\/\",\"name\":\"PR\u00d3SPERI NEWS\",\"description\":\"TUDO \u00c9  FUTEBOL\",\"publisher\":{\"@id\":\"https:\\\/\\\/blogdoprosperi.com\\\/#\\\/schema\\\/person\\\/38100755ce3601861ee4fab9b5aa78e9\"},\"alternateName\":\"blogdoprosperi.com\",\"potentialAction\":[{\"@type\":\"SearchAction\",\"target\":{\"@type\":\"EntryPoint\",\"urlTemplate\":\"https:\\\/\\\/blogdoprosperi.com\\\/?s={search_term_string}\"},\"query-input\":{\"@type\":\"PropertyValueSpecification\",\"valueRequired\":true,\"valueName\":\"search_term_string\"}}],\"inLanguage\":\"pt-BR\"},{\"@type\":[\"Person\",\"Organization\"],\"@id\":\"https:\\\/\\\/blogdoprosperi.com\\\/#\\\/schema\\\/person\\\/38100755ce3601861ee4fab9b5aa78e9\",\"name\":\"Luiz Ant\u00f4nio Pr\u00f3speri\",\"pronouns\":\"ele\",\"image\":{\"@type\":\"ImageObject\",\"inLanguage\":\"pt-BR\",\"@id\":\"https:\\\/\\\/i0.wp.com\\\/blogdoprosperi.com\\\/wp-content\\\/uploads\\\/2026\\\/05\\\/cropped-8059e613-6002-42fa-961e-8e275f575d71-2-5.jpg?fit=1360%2C931&ssl=1\",\"url\":\"https:\\\/\\\/i0.wp.com\\\/blogdoprosperi.com\\\/wp-content\\\/uploads\\\/2026\\\/05\\\/cropped-8059e613-6002-42fa-961e-8e275f575d71-2-5.jpg?fit=1360%2C931&ssl=1\",\"contentUrl\":\"https:\\\/\\\/i0.wp.com\\\/blogdoprosperi.com\\\/wp-content\\\/uploads\\\/2026\\\/05\\\/cropped-8059e613-6002-42fa-961e-8e275f575d71-2-5.jpg?fit=1360%2C931&ssl=1\",\"width\":1360,\"height\":931,\"caption\":\"Luiz Ant\u00f4nio Pr\u00f3speri\"},\"logo\":{\"@id\":\"https:\\\/\\\/i0.wp.com\\\/blogdoprosperi.com\\\/wp-content\\\/uploads\\\/2026\\\/05\\\/cropped-8059e613-6002-42fa-961e-8e275f575d71-2-5.jpg?fit=1360%2C931&ssl=1\"},\"description\":\"Jornalista com carreira dedicada ao esporte. Cobriu 9 Copas do Mundo in loco, 1990 na It\u00e1lia, 1994 nos EUA, 1998 na Fran\u00e7a, 2002 na Coreia do Sul e Jap\u00e3o, 2006 na Alemanha, 2010 na \u00c1frica do Sul, 2014 no Brasil, 2018 na R\u00fassia e 2022 no Qatar. Eurocopas, 1992 na Su\u00e9cia e 1996 na Inglaterra. Copa das Confedera\u00e7\u00f5es de 2005 na Alemanha e 2009 na \u00c1frica do Sul. Rep\u00f3rter e Editor, trabalhou no Jornal da Tarde e Estad\u00e3o, de 1984 a fevereiro de 2016. Colunista, blogueiro. E comentarista de futebol na R\u00e1dio Estad\u00e3o, de 2013 a fevereiro de 2016. Jornalista respons\u00e1vel do \\\"Pr\u00f3speri News\\\" (blogdoprosperi.com).\",\"sameAs\":[\"http:\\\/\\\/blogdoprosperi.com\",\"Luiz Pr\u00f3speri\",\"@luiz_prosperi\",\"https:\\\/\\\/x.com\\\/Luizprosperi\",\"@prosperinacopa\",\"luiz.prosperi@icloud.com\"],\"url\":\"https:\\\/\\\/blogdoprosperi.com\\\/?author=102107496\"}]}<\/script>\n<!-- \/ Yoast SEO plugin. -->","yoast_head_json":{"title":"Leila Pereira Isola Palmeiras do Movimento dos Clubes | Candidata a Presidente da CBF em 2029? - PR\u00d3SPERI NEWS","robots":{"index":"index","follow":"follow","max-snippet":"max-snippet:-1","max-image-preview":"max-image-preview:large","max-video-preview":"max-video-preview:-1"},"canonical":"https:\/\/blogdoprosperi.com\/?p=50257","og_locale":"pt_BR","og_type":"article","og_title":"Leila Pereira Isola Palmeiras do Movimento dos Clubes | Candidata a Presidente da CBF em 2029? - PR\u00d3SPERI NEWS","og_description":"Luiz Ant\u00f4nio Pr\u00f3speri \u2013 20 maio (13h45) \u2013 Leila Pereira continua fiel ao novo comando da CBF. No [&hellip;]","og_url":"https:\/\/blogdoprosperi.com\/?p=50257","og_site_name":"PR\u00d3SPERI NEWS","article_publisher":"Luiz Pr\u00f3speri","article_author":"Luiz Pr\u00f3speri","article_published_time":"2025-05-20T17:13:45+00:00","article_modified_time":"2025-06-02T02:52:38+00:00","og_image":[{"width":1650,"height":894,"url":"https:\/\/i0.wp.com\/blogdoprosperi.com\/wp-content\/uploads\/2025\/05\/captura-de-tela-2025-05-20-as-13.56.19.png?fit=1650%2C894&ssl=1","type":"image\/png"}],"author":"Luiz Ant\u00f4nio Pr\u00f3speri","twitter_card":"summary_large_image","twitter_creator":"@Luizprosperi","twitter_site":"@Luizprosperi","twitter_misc":{"Escrito por":"Luiz Ant\u00f4nio Pr\u00f3speri","Est. tempo de leitura":"3 minutos"},"schema":{"@context":"https:\/\/schema.org","@graph":[{"@type":"Article","@id":"https:\/\/blogdoprosperi.com\/?p=50257#article","isPartOf":{"@id":"https:\/\/blogdoprosperi.com\/?p=50257"},"author":{"name":"Luiz Ant\u00f4nio Pr\u00f3speri","@id":"https:\/\/blogdoprosperi.com\/#\/schema\/person\/38100755ce3601861ee4fab9b5aa78e9"},"headline":"Leila Pereira Isola Palmeiras do Movimento dos Clubes | Candidata a Presidente da CBF em 2029?","datePublished":"2025-05-20T17:13:45+00:00","dateModified":"2025-06-02T02:52:38+00:00","mainEntityOfPage":{"@id":"https:\/\/blogdoprosperi.com\/?p=50257"},"wordCount":581,"commentCount":0,"publisher":{"@id":"https:\/\/blogdoprosperi.com\/#\/schema\/person\/38100755ce3601861ee4fab9b5aa78e9"},"image":{"@id":"https:\/\/blogdoprosperi.com\/?p=50257#primaryimage"},"thumbnailUrl":"https:\/\/i0.wp.com\/blogdoprosperi.com\/wp-content\/uploads\/2025\/05\/captura-de-tela-2025-05-20-as-13.56.19.png?fit=1650%2C894&ssl=1","keywords":["abel ferreira","CBF","fair play financeiro","futebol","Leila Pereira","Luiz Ant\u00f4nio Pr\u00f3speri","manifesto dos clubes","Palmeiras","SAMIR XAUD","Sele\u00e7\u00e3o Brasileira"],"articleSection":["CBF","futebol","opini\u00e3o"],"inLanguage":"pt-BR","potentialAction":[{"@type":"CommentAction","name":"Comment","target":["https:\/\/blogdoprosperi.com\/?p=50257#respond"]}]},{"@type":"WebPage","@id":"https:\/\/blogdoprosperi.com\/?p=50257","url":"https:\/\/blogdoprosperi.com\/?p=50257","name":"Leila Pereira Isola Palmeiras do Movimento dos Clubes | Candidata a Presidente da CBF em 2029? - PR\u00d3SPERI NEWS","isPartOf":{"@id":"https:\/\/blogdoprosperi.com\/#website"},"primaryImageOfPage":{"@id":"https:\/\/blogdoprosperi.com\/?p=50257#primaryimage"},"image":{"@id":"https:\/\/blogdoprosperi.com\/?p=50257#primaryimage"},"thumbnailUrl":"https:\/\/i0.wp.com\/blogdoprosperi.com\/wp-content\/uploads\/2025\/05\/captura-de-tela-2025-05-20-as-13.56.19.png?fit=1650%2C894&ssl=1","datePublished":"2025-05-20T17:13:45+00:00","dateModified":"2025-06-02T02:52:38+00:00","breadcrumb":{"@id":"https:\/\/blogdoprosperi.com\/?p=50257#breadcrumb"},"inLanguage":"pt-BR","potentialAction":[{"@type":"ReadAction","target":["https:\/\/blogdoprosperi.com\/?p=50257"]}]},{"@type":"ImageObject","inLanguage":"pt-BR","@id":"https:\/\/blogdoprosperi.com\/?p=50257#primaryimage","url":"https:\/\/i0.wp.com\/blogdoprosperi.com\/wp-content\/uploads\/2025\/05\/captura-de-tela-2025-05-20-as-13.56.19.png?fit=1650%2C894&ssl=1","contentUrl":"https:\/\/i0.wp.com\/blogdoprosperi.com\/wp-content\/uploads\/2025\/05\/captura-de-tela-2025-05-20-as-13.56.19.png?fit=1650%2C894&ssl=1","width":1650,"height":894,"caption":"Leila Pereira presidente da CBF? \u2013 foto: CBF oficial"},{"@type":"BreadcrumbList","@id":"https:\/\/blogdoprosperi.com\/?p=50257#breadcrumb","itemListElement":[{"@type":"ListItem","position":1,"name":"In\u00edcio","item":"https:\/\/blogdoprosperi.com\/"},{"@type":"ListItem","position":2,"name":"Leila Pereira Isola Palmeiras do Movimento dos Clubes | Candidata a Presidente da CBF em 2029?"}]},{"@type":"WebSite","@id":"https:\/\/blogdoprosperi.com\/#website","url":"https:\/\/blogdoprosperi.com\/","name":"PR\u00d3SPERI NEWS","description":"TUDO \u00c9  FUTEBOL","publisher":{"@id":"https:\/\/blogdoprosperi.com\/#\/schema\/person\/38100755ce3601861ee4fab9b5aa78e9"},"alternateName":"blogdoprosperi.com","potentialAction":[{"@type":"SearchAction","target":{"@type":"EntryPoint","urlTemplate":"https:\/\/blogdoprosperi.com\/?s={search_term_string}"},"query-input":{"@type":"PropertyValueSpecification","valueRequired":true,"valueName":"search_term_string"}}],"inLanguage":"pt-BR"},{"@type":["Person","Organization"],"@id":"https:\/\/blogdoprosperi.com\/#\/schema\/person\/38100755ce3601861ee4fab9b5aa78e9","name":"Luiz Ant\u00f4nio Pr\u00f3speri","pronouns":"ele","image":{"@type":"ImageObject","inLanguage":"pt-BR","@id":"https:\/\/i0.wp.com\/blogdoprosperi.com\/wp-content\/uploads\/2026\/05\/cropped-8059e613-6002-42fa-961e-8e275f575d71-2-5.jpg?fit=1360%2C931&ssl=1","url":"https:\/\/i0.wp.com\/blogdoprosperi.com\/wp-content\/uploads\/2026\/05\/cropped-8059e613-6002-42fa-961e-8e275f575d71-2-5.jpg?fit=1360%2C931&ssl=1","contentUrl":"https:\/\/i0.wp.com\/blogdoprosperi.com\/wp-content\/uploads\/2026\/05\/cropped-8059e613-6002-42fa-961e-8e275f575d71-2-5.jpg?fit=1360%2C931&ssl=1","width":1360,"height":931,"caption":"Luiz Ant\u00f4nio Pr\u00f3speri"},"logo":{"@id":"https:\/\/i0.wp.com\/blogdoprosperi.com\/wp-content\/uploads\/2026\/05\/cropped-8059e613-6002-42fa-961e-8e275f575d71-2-5.jpg?fit=1360%2C931&ssl=1"},"description":"Jornalista com carreira dedicada ao esporte. Cobriu 9 Copas do Mundo in loco, 1990 na It\u00e1lia, 1994 nos EUA, 1998 na Fran\u00e7a, 2002 na Coreia do Sul e Jap\u00e3o, 2006 na Alemanha, 2010 na \u00c1frica do Sul, 2014 no Brasil, 2018 na R\u00fassia e 2022 no Qatar. Eurocopas, 1992 na Su\u00e9cia e 1996 na Inglaterra. Copa das Confedera\u00e7\u00f5es de 2005 na Alemanha e 2009 na \u00c1frica do Sul. Rep\u00f3rter e Editor, trabalhou no Jornal da Tarde e Estad\u00e3o, de 1984 a fevereiro de 2016. Colunista, blogueiro. E comentarista de futebol na R\u00e1dio Estad\u00e3o, de 2013 a fevereiro de 2016. Jornalista respons\u00e1vel do \"Pr\u00f3speri News\" (blogdoprosperi.com).","sameAs":["http:\/\/blogdoprosperi.com","Luiz Pr\u00f3speri","@luiz_prosperi","https:\/\/x.com\/Luizprosperi","@prosperinacopa","luiz.prosperi@icloud.com"],"url":"https:\/\/blogdoprosperi.com\/?author=102107496"}]}},"jetpack_publicize_connections":[],"jetpack_likes_enabled":false,"jetpack_sharing_enabled":true,"jetpack_shortlink":"https:\/\/wp.me\/p7jvdk-d4B","jetpack-related-posts":[{"id":50180,"url":"https:\/\/blogdoprosperi.com\/?p=50180","url_meta":{"origin":50257,"position":0},"title":"CBF Tem Novo Chefe | Samir Xaud, Presidente da Federa\u00e7\u00e3o de Roraima","author":"Luiz Ant\u00f4nio Pr\u00f3speri","date":"18 de maio de 2025","format":false,"excerpt":"\u2666 Xaud, futuro mandat\u00e1rio da CBF, \u00e9 filho de Zeca Xaud, presidente da Federa\u00e7\u00e3o de Roraima desde a d\u00e9cada de 1970 \u2666 Xaud s\u00f3 n\u00e3o ser\u00e1 aclamado novo chefe da CBF se o Ministro do STF Gilmar Mendes garantir a volta de Ednaldo Rodrigues ao comando Luiz Ant\u00f4nio Pr\u00f3speri \u2013\u2026","rel":"","context":"Em &quot;CBF&quot;","block_context":{"text":"CBF","link":"https:\/\/blogdoprosperi.com\/?cat=570700"},"img":{"alt_text":"","src":"https:\/\/i0.wp.com\/blogdoprosperi.com\/wp-content\/uploads\/2025\/05\/captura-de-tela-2025-05-18-as-13.54.40.png?fit=1178%2C604&ssl=1&resize=350%2C200","width":350,"height":200,"srcset":"https:\/\/i0.wp.com\/blogdoprosperi.com\/wp-content\/uploads\/2025\/05\/captura-de-tela-2025-05-18-as-13.54.40.png?fit=1178%2C604&ssl=1&resize=350%2C200 1x, https:\/\/i0.wp.com\/blogdoprosperi.com\/wp-content\/uploads\/2025\/05\/captura-de-tela-2025-05-18-as-13.54.40.png?fit=1178%2C604&ssl=1&resize=525%2C300 1.5x, https:\/\/i0.wp.com\/blogdoprosperi.com\/wp-content\/uploads\/2025\/05\/captura-de-tela-2025-05-18-as-13.54.40.png?fit=1178%2C604&ssl=1&resize=700%2C400 2x, https:\/\/i0.wp.com\/blogdoprosperi.com\/wp-content\/uploads\/2025\/05\/captura-de-tela-2025-05-18-as-13.54.40.png?fit=1178%2C604&ssl=1&resize=1050%2C600 3x"},"classes":[]},{"id":50119,"url":"https:\/\/blogdoprosperi.com\/?p=50119","url_meta":{"origin":50257,"position":1},"title":"Clubes Exigem Cria\u00e7\u00e3o da Liga e Participa\u00e7\u00e3o Efetiva na CBF | &#8220;Futebol Brasileiro \u00e9 Inegoci\u00e1vel para N\u00f3s&#8221;","author":"Luiz Ant\u00f4nio Pr\u00f3speri","date":"19 de maio de 2025","format":false,"excerpt":"\u2666 \"Queremos a cria\u00e7\u00e3o da Liga e reconhecimento de que as propriedades comerciais das S\u00e9ries A e B pertencem aos Clubes\" \u2666 \"Altera\u00e7\u00e3o das regras de governan\u00e7a, dando efetivamente poder executivo \u00e0 Comiss\u00e3o Nacional de Clubes\" Luiz Ant\u00f4nio Pr\u00f3speri \u2013 19 maio (21h15) \u2013 CBF enfrenta primeira rebeli\u00e3o desde o\u2026","rel":"","context":"Em &quot;CBF&quot;","block_context":{"text":"CBF","link":"https:\/\/blogdoprosperi.com\/?cat=570700"},"img":{"alt_text":"Clubes exigem cria\u00e7\u00e3o da Liga e voz ativa na CBF","src":"https:\/\/i0.wp.com\/blogdoprosperi.com\/wp-content\/uploads\/2025\/05\/image_placeholder-1-aspect-ratio-512-320-364.webp?fit=950%2C593&ssl=1&resize=350%2C200","width":350,"height":200,"srcset":"https:\/\/i0.wp.com\/blogdoprosperi.com\/wp-content\/uploads\/2025\/05\/image_placeholder-1-aspect-ratio-512-320-364.webp?fit=950%2C593&ssl=1&resize=350%2C200 1x, https:\/\/i0.wp.com\/blogdoprosperi.com\/wp-content\/uploads\/2025\/05\/image_placeholder-1-aspect-ratio-512-320-364.webp?fit=950%2C593&ssl=1&resize=525%2C300 1.5x, https:\/\/i0.wp.com\/blogdoprosperi.com\/wp-content\/uploads\/2025\/05\/image_placeholder-1-aspect-ratio-512-320-364.webp?fit=950%2C593&ssl=1&resize=700%2C400 2x"},"classes":[]},{"id":55286,"url":"https:\/\/blogdoprosperi.com\/?p=55286","url_meta":{"origin":50257,"position":2},"title":"ARBITRAGEM SUSPEITA | O RETROCESSO DO RETROCESSO","author":"Luiz Ant\u00f4nio Pr\u00f3speri","date":"6 de outubro de 2025","format":false,"excerpt":"Luiz Ant\u00f4nio Pr\u00f3speri \u2013 6 outubro 2025 (18h05) \u2013 Futebol brasileiro volta ao esgoto depois da rodada do Brasileir\u00e3o nesse fim de semana (04 e 05\/10). Arbitragens ruins, uma patente do campeonato nacional n\u00e3o \u00e9 de hoje, inflamam debates na m\u00eddia esportiva, botecos e at\u00e9 na granfinagem de dirigentes de\u2026","rel":"","context":"Em &quot;brasileir\u00e3o 2025&quot;","block_context":{"text":"brasileir\u00e3o 2025","link":"https:\/\/blogdoprosperi.com\/?cat=775970846"},"img":{"alt_text":"Arbitragem no Brasil, o retrocesso do retrocesso","src":"https:\/\/i0.wp.com\/blogdoprosperi.com\/wp-content\/uploads\/2025\/10\/g2hs3qzwiaa982f.jpeg?fit=438%2C547&ssl=1&resize=350%2C200","width":350,"height":200},"classes":[]},{"id":44288,"url":"https:\/\/blogdoprosperi.com\/?p=44288","url_meta":{"origin":50257,"position":3},"title":"Torcedores do Botafogo Enforcam Bonecos de Leila Pereira e Presidente da CBF","author":"Luiz Ant\u00f4nio Pr\u00f3speri","date":"17 de julho de 2024","format":false,"excerpt":"Luiz Ant\u00f4nio Pr\u00f3speri \u2013 17 julho 2024 \u2013 (20h30) Leila Pereira e John Textor ganham destaque em dois grandes portais da internet brasileira nessa quarta-feira (17\/7). Leila entrevistada no UOL e Textor no ge (globo esporte). As mat\u00e9rias foram ao ar a pelo menos nove horas antes do jogo Botafogo\u2026","rel":"","context":"Em &quot;futebol&quot;","block_context":{"text":"futebol","link":"https:\/\/blogdoprosperi.com\/?cat=53870"},"img":{"alt_text":"","src":"https:\/\/i0.wp.com\/blogdoprosperi.com\/wp-content\/uploads\/2024\/07\/leila-pereira-ednaldo-rodrigues-botafogo-645x362-1.jpg?fit=645%2C362&ssl=1&resize=350%2C200","width":350,"height":200,"srcset":"https:\/\/i0.wp.com\/blogdoprosperi.com\/wp-content\/uploads\/2024\/07\/leila-pereira-ednaldo-rodrigues-botafogo-645x362-1.jpg?fit=645%2C362&ssl=1&resize=350%2C200 1x, https:\/\/i0.wp.com\/blogdoprosperi.com\/wp-content\/uploads\/2024\/07\/leila-pereira-ednaldo-rodrigues-botafogo-645x362-1.jpg?fit=645%2C362&ssl=1&resize=525%2C300 1.5x"},"classes":[]},{"id":44546,"url":"https:\/\/blogdoprosperi.com\/?p=44546","url_meta":{"origin":50257,"position":4},"title":"Palmeiras, Flamengo e Botafogo cobram CBF por \u00c1rbitro gordo, Arbitragem na UTI e VAR assustador","author":"Luiz Ant\u00f4nio Pr\u00f3speri","date":"8 de agosto de 2024","format":false,"excerpt":"Luiz Antonio Pr\u00f3speri \u2013 8 agosto (16h30) Palmeiras, Flamengo e Botafogo esquecem futebol e batem pesado na arbitragem da CBF ap\u00f3s rodada da Copa do Brasil. CBF n\u00e3o responde. Aguarda protesto oficial dos clubes. Nada de novo futebol brasileiro. \"Arbitragem na UTI\" (Botafogo). \"Obscena foi a arbitragem\" \u00a0(Palmeiras). \"N\u00e3o sabemos\u2026","rel":"","context":"Em &quot;informa\u00e7\u00e3o&quot;","block_context":{"text":"informa\u00e7\u00e3o","link":"https:\/\/blogdoprosperi.com\/?cat=20384"},"img":{"alt_text":"Arbitragem questionada na Copa do Brasil","src":"https:\/\/i0.wp.com\/blogdoprosperi.com\/wp-content\/uploads\/2024\/08\/53909469583_17d2461935_h.jpg?fit=1200%2C675&ssl=1&resize=350%2C200","width":350,"height":200,"srcset":"https:\/\/i0.wp.com\/blogdoprosperi.com\/wp-content\/uploads\/2024\/08\/53909469583_17d2461935_h.jpg?fit=1200%2C675&ssl=1&resize=350%2C200 1x, https:\/\/i0.wp.com\/blogdoprosperi.com\/wp-content\/uploads\/2024\/08\/53909469583_17d2461935_h.jpg?fit=1200%2C675&ssl=1&resize=525%2C300 1.5x, https:\/\/i0.wp.com\/blogdoprosperi.com\/wp-content\/uploads\/2024\/08\/53909469583_17d2461935_h.jpg?fit=1200%2C675&ssl=1&resize=700%2C400 2x, https:\/\/i0.wp.com\/blogdoprosperi.com\/wp-content\/uploads\/2024\/08\/53909469583_17d2461935_h.jpg?fit=1200%2C675&ssl=1&resize=1050%2C600 3x"},"classes":[]},{"id":41732,"url":"https:\/\/blogdoprosperi.com\/?p=41732","url_meta":{"origin":50257,"position":5},"title":"Abel Ferreira, do Palmeiras, a caminho da Sele\u00e7\u00e3o Brasileira","author":"Luiz Ant\u00f4nio Pr\u00f3speri","date":"9 de junho de 2023","format":false,"excerpt":"Se Ancelotti der um \"N\u00e3o\" definitivo ao presidente da CBF, na semana de 17 de junho no amistoso do Brasil contra Guin\u00e9 na Espanha, Abel Ferreira ser\u00e1 procurado pela CBF. E a\u00ed vai depender apenas de um \"Sim\" do portugu\u00eas para ser o novo t\u00e9cnico da Sele\u00e7\u00e3o Brasileira","rel":"","context":"Em &quot;CBF&quot;","block_context":{"text":"CBF","link":"https:\/\/blogdoprosperi.com\/?cat=570700"},"img":{"alt_text":"","src":"https:\/\/i0.wp.com\/blogdoprosperi.com\/wp-content\/uploads\/2023\/01\/52654938326_bd288e38ed_c.jpg?fit=800%2C450&ssl=1&resize=350%2C200","width":350,"height":200,"srcset":"https:\/\/i0.wp.com\/blogdoprosperi.com\/wp-content\/uploads\/2023\/01\/52654938326_bd288e38ed_c.jpg?fit=800%2C450&ssl=1&resize=350%2C200 1x, https:\/\/i0.wp.com\/blogdoprosperi.com\/wp-content\/uploads\/2023\/01\/52654938326_bd288e38ed_c.jpg?fit=800%2C450&ssl=1&resize=525%2C300 1.5x, https:\/\/i0.wp.com\/blogdoprosperi.com\/wp-content\/uploads\/2023\/01\/52654938326_bd288e38ed_c.jpg?fit=800%2C450&ssl=1&resize=700%2C400 2x"},"classes":[]}],"jetpack_featured_media_url":"https:\/\/i0.wp.com\/blogdoprosperi.com\/wp-content\/uploads\/2025\/05\/captura-de-tela-2025-05-20-as-13.56.19.png?fit=1650%2C894&ssl=1","_links":{"self":[{"href":"https:\/\/blogdoprosperi.com\/index.php?rest_route=\/wp\/v2\/posts\/50257","targetHints":{"allow":["GET"]}}],"collection":[{"href":"https:\/\/blogdoprosperi.com\/index.php?rest_route=\/wp\/v2\/posts"}],"about":[{"href":"https:\/\/blogdoprosperi.com\/index.php?rest_route=\/wp\/v2\/types\/post"}],"author":[{"embeddable":true,"href":"https:\/\/blogdoprosperi.com\/index.php?rest_route=\/wp\/v2\/users\/102107496"}],"replies":[{"embeddable":true,"href":"https:\/\/blogdoprosperi.com\/index.php?rest_route=%2Fwp%2Fv2%2Fcomments&post=50257"}],"version-history":[{"count":14,"href":"https:\/\/blogdoprosperi.com\/index.php?rest_route=\/wp\/v2\/posts\/50257\/revisions"}],"predecessor-version":[{"id":50551,"href":"https:\/\/blogdoprosperi.com\/index.php?rest_route=\/wp\/v2\/posts\/50257\/revisions\/50551"}],"wp:featuredmedia":[{"embeddable":true,"href":"https:\/\/blogdoprosperi.com\/index.php?rest_route=\/wp\/v2\/media\/50266"}],"wp:attachment":[{"href":"https:\/\/blogdoprosperi.com\/index.php?rest_route=%2Fwp%2Fv2%2Fmedia&parent=50257"}],"wp:term":[{"taxonomy":"category","embeddable":true,"href":"https:\/\/blogdoprosperi.com\/index.php?rest_route=%2Fwp%2Fv2%2Fcategories&post=50257"},{"taxonomy":"post_tag","embeddable":true,"href":"https:\/\/blogdoprosperi.com\/index.php?rest_route=%2Fwp%2Fv2%2Ftags&post=50257"}],"curies":[{"name":"wp","href":"https:\/\/api.w.org\/{rel}","templated":true}]}}