{"id":50279,"date":"2025-05-25T10:23:12","date_gmt":"2025-05-25T13:23:12","guid":{"rendered":"https:\/\/blogdoprosperi.com\/?p=50279"},"modified":"2025-05-25T10:23:12","modified_gmt":"2025-05-25T13:23:12","slug":"carlo-ancelotti-e-as-vibracoes-do-brasil-combinacao-perfeita-no-paraiso-do-futebol","status":"publish","type":"post","link":"https:\/\/blogdoprosperi.com\/?p=50279","title":{"rendered":"Carlo Ancelotti e as Vibra\u00e7\u00f5es do Brasil: Combina\u00e7\u00e3o Perfeita no Para\u00edso do Futebol?"},"content":{"rendered":"<hr \/>\n<p><strong>\u2663 Uma parceria entre o melhor homem-t\u00e9cnico do mundo e a <em>Sele\u00e7\u00e3o<\/em>\u00a0ser\u00e1 divertida \u2013 e potencialmente gloriosa<\/strong><\/p>\n<p>\u2663 <strong>Olhar europeu e o Brasil de Ancelotti<\/strong><\/p>\n<hr \/>\n<p><em>Tom Sanderson e Josu\u00e9 Seixas \u2013 The Guardian \u2013 21 maio (13h40) \u2013<\/em><\/p>\n<p>O ano \u00e9 2026 e Carlo Ancelotti est\u00e1 recriando\u00a0uma foto famosa do Real Madrid\u00a0. Mais uma vez, ele se encontra em um \u00f4nibus convers\u00edvel comemorando uma vit\u00f3ria hist\u00f3rica, de \u00f3culos escuros, fumando um charuto, acompanhado por um sorridente Rodrygo, Vinicius Junior e \u00c9der Milit\u00e3o. David Alaba est\u00e1 ausente e h\u00e1 novas adi\u00e7\u00f5es confusas, como Casemiro e Raphinha.<\/p>\n<p>Afastando a vista, percebemos que n\u00e3o estamos nem perto da Fonte de Cibeles em Madri, mas sim na Avenida Atl\u00e2ntica, perto da praia de Copacabana. Confetes amarelos e verdes preenchem o c\u00e9u e Neymar exibe sua sexta Copa do Mundo, que bateu recordes, para uma multid\u00e3o entusiasmada. Ele finalmente conquistou a torcida para o\u00a0<em>hexa<\/em>\u00a0, algo esperado dele desde que ganhou destaque como um prod\u00edgio do Santos de cabelo espetado na virada da d\u00e9cada de 2010, e eles se apaixonaram pela\u00a0<em>Sele\u00e7\u00e3o Brasileira<\/em>\u00a0novamente.<\/p>\n<p>Esse cen\u00e1rio continua sendo fantasia, mas a decis\u00e3o de Ancelotti de assumir o cargo no Brasil \u2013 uma grande reviravolta que muda o cen\u00e1rio do futebol europeu e internacional \u2013 torna isso mais prov\u00e1vel. A decis\u00e3o demorou a ser tomada. A CBF acreditava ter contratado Ancelotti em 2023, mas o italiano renovou seu contrato com\u00a0o Real Madrid<\/p>\n<p><strong>Diniz e Dorival<\/strong><\/p>\n<p>O Brasil experimentou brevemente Fernando Diniz, que entusiasmou alguns por\u00a0<a href=\"https:\/\/www.theguardian.com\/football\/2023\/sep\/14\/fernando-diniz-mission-bring-back-brazil-joy-beauty\">tentar devolver o Brasil \u00e0 sua ess\u00eancia futebol\u00edstica,<\/a>\u00a0mas irritou outros por perder metade dos seus seis jogos no comando. Em seguida, recorreram a Dorival J\u00fanior, uma escolha impopular e fora de seu alcance. Uma vit\u00f3ria contra a Inglaterra e um empate com a Espanha nos seus dois primeiros jogos provaram ser um falso come\u00e7o.<\/p>\n<p>Seu reinado provavelmente ser\u00e1 lembrado pela derrota do Brasil para o Uruguai nos p\u00eanaltis nas quartas de final da Copa Am\u00e9rica de 2024. O t\u00e9cnico foi deixado de fora de uma reuni\u00e3o com a equipe antes da disputa por p\u00eanaltis e, pateticamente, levantou a m\u00e3o para falar. A falta de um sucessor digno fez com que Dorival continuasse, mas a derrota por 4 a 1 para a Argentina em Buenos Aires \u2013 a pior derrota do Brasil em uma partida pelas eliminat\u00f3rias da Copa do Mundo \u2013 foi a gota d&#8217;\u00e1gua.<\/p>\n<p>O Brasil voltou a abordar Ancelotti, mas ele recusou, aparentemente atra\u00eddo por uma transfer\u00eancia para a Ar\u00e1bia Saudita que lhe renderia tr\u00eas vezes mais. O Real Madrid ainda competia em tr\u00eas competi\u00e7\u00f5es na \u00e9poca, ent\u00e3o o t\u00e9rmino de seu contrato tamb\u00e9m n\u00e3o poderia ser descartado. No entanto, houve algumas mudan\u00e7as dr\u00e1sticas no jogo no \u00faltimo m\u00eas.\u00a0O Barcelona venceu o Real Madrid na final da Copa do Rei\u00a0e depois\u00a0na La Liga\u00a0para praticamente garantir o t\u00edtulo. E Florentino P\u00e9rez aparentemente garantiu Xabi Alonso, que\u00a0<a href=\"https:\/\/www.theguardian.com\/football\/2025\/may\/12\/xabi-alonso-leverkusen-hero-sendoff-dortmund-bundesliga\">se despediu do Bayer Leverkusen<\/a>\u00a0. O resultado \u00e9 que o Brasil finalmente conseguiu seu homem.<\/p>\n<p><strong>Meu Bambino Kak\u00e1<\/strong><\/p>\n<p>Ancelotti, que morar\u00e1 em um apartamento de luxo com sua pr\u00f3pria equipe de seguran\u00e7a particular, um ve\u00edculo blindado e um jato particular se quiser visitar a Europa, come\u00e7a a trabalhar oficialmente em 26 de maio.<\/p>\n<figure id=\"attachment_50061\" aria-describedby=\"caption-attachment-50061\" style=\"width: 650px\" class=\"wp-caption alignnone\"><img data-recalc-dims=\"1\" loading=\"lazy\" decoding=\"async\" data-attachment-id=\"50061\" data-permalink=\"https:\/\/blogdoprosperi.com\/?attachment_id=50061\" data-orig-file=\"https:\/\/i0.wp.com\/blogdoprosperi.com\/wp-content\/uploads\/2025\/05\/kaka-e-ancelotti-em-coletiva-da-champions-league-pelo-milan_2_98160.webp?fit=650%2C400&amp;ssl=1\" data-orig-size=\"650,400\" data-comments-opened=\"1\" data-image-meta=\"{&quot;aperture&quot;:&quot;0&quot;,&quot;credit&quot;:&quot;&quot;,&quot;camera&quot;:&quot;&quot;,&quot;caption&quot;:&quot;&quot;,&quot;created_timestamp&quot;:&quot;0&quot;,&quot;copyright&quot;:&quot;&quot;,&quot;focal_length&quot;:&quot;0&quot;,&quot;iso&quot;:&quot;0&quot;,&quot;shutter_speed&quot;:&quot;0&quot;,&quot;title&quot;:&quot;&quot;,&quot;orientation&quot;:&quot;0&quot;}\" data-image-title=\"kaka-e-ancelotti-em-coletiva-da-champions-league-pelo-milan_2_98160\" data-image-description=\"\" data-image-caption=\"&lt;p&gt;Kak\u00e1 e Ancelotti&lt;\/p&gt;\n\" data-large-file=\"https:\/\/i0.wp.com\/blogdoprosperi.com\/wp-content\/uploads\/2025\/05\/kaka-e-ancelotti-em-coletiva-da-champions-league-pelo-milan_2_98160.webp?fit=650%2C400&amp;ssl=1\" class=\"size-full wp-image-50061\" src=\"https:\/\/i0.wp.com\/blogdoprosperi.com\/wp-content\/uploads\/2025\/05\/kaka-e-ancelotti-em-coletiva-da-champions-league-pelo-milan_2_98160.webp?resize=650%2C400&#038;ssl=1\" alt=\"\" width=\"650\" height=\"400\" \/><figcaption id=\"caption-attachment-50061\" class=\"wp-caption-text\"><em>Kak\u00e1 e Ancelotti \u2013 \u00a0foto: Milan oficial<\/em><\/figcaption><\/figure>\n<p>Carleto j\u00e1 come\u00e7ou a moldar sua equipe de apoio. H\u00e1 uma anedota engra\u00e7ada na autobiografia de Ancelotti sobre Kak\u00e1 pousando no Aeroporto de Malpensa em 2003 para completar sua transfer\u00eancia de S\u00e3o Paulo para Mil\u00e3o. O ep\u00edtome ambulante do descolado aparentemente colocou as m\u00e3os na cabe\u00e7a ao ver um &#8220;bom rapaz&#8221; nerd de \u00f3culos e cabelo perfeitamente penteado, que &#8220;n\u00e3o parecia nada com um jogador de futebol brasileiro&#8221; e &#8220;me lembrava uma Testemunha de Jeov\u00e1&#8221;.<\/p>\n<p>No entanto, no campo de treinamento, Ancelotti logo aprendeu que &#8220;a Testemunha de Jeov\u00e1 era, na verdade, algu\u00e9m que falava diretamente com Deus&#8221;. Ap\u00f3s uma transforma\u00e7\u00e3o que deixaria Clark Kent orgulhoso, Kak\u00e1 vestiu sua nova camisa, ignorou Gennaro Gattuso e levou a melhor sobre Alessandro Nesta. Ancelotti ficou impressionado. Ao final de sua passagem pelo clube, Kak\u00e1 havia conquistado a S\u00e9rie A, a Liga dos Campe\u00f5es e a Bola de Ouro.<\/p>\n<p>Mais de duas d\u00e9cadas depois, pode ser Kak\u00e1 quem encontrar\u00e1 Ancelotti no aeroporto para dar as boas-vindas a um velho amigo em sua terra natal. Contratar Kak\u00e1 como assistente pode ser mutuamente ben\u00e9fico: Kak\u00e1 ensina Ancelotti como se integrar \u00e0 cultura local, aprimorando seu espanhol para o portugu\u00eas, e Ancelotti oferece ao jovem um gostinho de um treinamento de elite. Basta perguntar a Zinedine Zidane como atuar como substituto do Don Carlo pode ajudar na sua carreira de t\u00e9cnico.<\/p>\n<p>Alguns ex-jogadores teriam que ser humildes antes de aceitar um emprego com Ancelotti. Cafu, capit\u00e3o da \u00faltima sele\u00e7\u00e3o brasileira a vencer a Copa do Mundo em 2002, criticou anteriormente a ideia de o Brasil contratar um t\u00e9cnico estrangeiro, embora pare\u00e7a estar amolecendo.<\/p>\n<p>&#8220;Minha opini\u00e3o n\u00e3o muda&#8221;, come\u00e7a o lend\u00e1rio lateral-direito, que capitanejou o Milan sob o comando de Ancelotti. &#8220;Eu preferiria um t\u00e9cnico brasileiro, mas n\u00e3o sou de torcer contra ele. Amo meu time e quero que ele volte ao seu lugar de destaque. O que eu mais quero \u00e9 ver a sexta estrela na nossa camisa, seja com um t\u00e9cnico brasileiro ou com algu\u00e9m de qualquer outro lugar do mundo&#8221;, acrescentou Cafu, elogiando a &#8220;fant\u00e1stica&#8221; contrata\u00e7\u00e3o de algu\u00e9m &#8220;profissional, extremamente competente e preparado&#8221;.<\/p>\n<p>Rivaldo assumiu posi\u00e7\u00e3o semelhante, afirmando que &#8220;pelo menos optaram por um dos melhores&#8221;. Ele afirma que &#8220;sempre preferiu que o time fosse comandado por um t\u00e9cnico brasileiro, por uma quest\u00e3o de identidade&#8221;, e que nenhum t\u00e9cnico estrangeiro venceu uma Copa do Mundo, mas que um t\u00e9cnico de fora parecia &#8220;inevit\u00e1vel diante dos resultados recentes e da press\u00e3o da imprensa e da torcida&#8221;. Rivaldo afirma que Ancelotti &#8220;montar\u00e1 um time forte e equilibrado, unindo o melhor do futebol europeu e brasileiro \u2013 assim como Felip\u00e3o em 2001&#8221;.<\/p>\n<p><strong>Trabalho de Carletto<\/strong><\/p>\n<p>Ancelotti tem algumas decis\u00f5es importantes a tomar. Com Milit\u00e3o, um dos seus favoritos no Real Madrid, ainda fora por les\u00e3o devido a uma segunda ruptura do ligamento cruzado anterior, uma combina\u00e7\u00e3o de zagueiros formada por <strong>Murillo e Marquinhos<\/strong> provavelmente se encaixa. Encontrar laterais \u00e0 altura para continuar a trajet\u00f3ria de Dani Alves e Marcelo, e talvez at\u00e9 <strong>Alex Sandro e Danilo<\/strong>, tem se mostrado mais dif\u00edcil.<\/p>\n<p>Dominado na Copa Am\u00e9rica e arrasado na Argentina, o meio-campo brasileiro precisa ser reorganizado e ganhar for\u00e7a, e \u00e9 a\u00ed que <strong>Casemiro<\/strong> far\u00e1 um retorno interessante \u00e0 sele\u00e7\u00e3o. Dispensado por Dorival, o veterano est\u00e1 recuperando o f\u00f4lego no Manchester United sob o comando de Ruben Amorim. Dado seu sucesso anterior no Real Madrid com Ancelotti, espera-se que ele tamb\u00e9m tenha uma nova chance pelo Brasil.<\/p>\n<figure id=\"attachment_43343\" aria-describedby=\"caption-attachment-43343\" style=\"width: 720px\" class=\"wp-caption alignnone\"><img data-recalc-dims=\"1\" loading=\"lazy\" decoding=\"async\" data-attachment-id=\"43343\" data-permalink=\"https:\/\/blogdoprosperi.com\/?attachment_id=43343\" data-orig-file=\"https:\/\/i0.wp.com\/blogdoprosperi.com\/wp-content\/uploads\/2024\/06\/53823598443_622fd14418_c.jpg?fit=800%2C545&amp;ssl=1\" data-orig-size=\"800,545\" data-comments-opened=\"1\" data-image-meta=\"{&quot;aperture&quot;:&quot;0&quot;,&quot;credit&quot;:&quot;RAFAEL RIBEIRO\/CBF&quot;,&quot;camera&quot;:&quot;&quot;,&quot;caption&quot;:&quot;&quot;,&quot;created_timestamp&quot;:&quot;0&quot;,&quot;copyright&quot;:&quot;RAFAEL RIBEIRO\/CBF&quot;,&quot;focal_length&quot;:&quot;0&quot;,&quot;iso&quot;:&quot;0&quot;,&quot;shutter_speed&quot;:&quot;0&quot;,&quot;title&quot;:&quot;&quot;,&quot;orientation&quot;:&quot;0&quot;}\" data-image-title=\"Neymar e Vini celebram vit\u00f3ria do Brasil\" data-image-description=\"\" data-image-caption=\"&lt;p&gt;Neymar e Vini comemoram nos vesti\u00e1rios vit\u00f3ria do Brasil \u2013 foto: CBF oficial&lt;\/p&gt;\n\" data-large-file=\"https:\/\/i0.wp.com\/blogdoprosperi.com\/wp-content\/uploads\/2024\/06\/53823598443_622fd14418_c.jpg?fit=800%2C545&amp;ssl=1\" class=\"size-large wp-image-43343\" src=\"https:\/\/i0.wp.com\/blogdoprosperi.com\/wp-content\/uploads\/2024\/06\/53823598443_622fd14418_c.jpg?resize=720%2C491&#038;ssl=1\" alt=\"Neymar Jr e Vini Jr, tudo a ver\" width=\"720\" height=\"491\" \/><figcaption id=\"caption-attachment-43343\" class=\"wp-caption-text\"><em>Neymar e Vini comemoram nos vesti\u00e1rios vit\u00f3ria do Brasil \u2013 foto: CBF oficial<\/em><\/figcaption><\/figure>\n<p><strong>Vinicius, Rodrygo<\/strong> e, possivelmente, Endrick ocupar\u00e3o as posi\u00e7\u00f5es de ataque ao lado de <strong>Raphinha<\/strong>. E ainda h\u00e1 a quest\u00e3o de Neymar. Ancelotti j\u00e1 conversou com Kak\u00e1 e Casemiro, e aparentemente j\u00e1 <strong>conversou com Neymar<\/strong>, que est\u00e1 lesionado novamente. O atacante do Santos completar\u00e1 34 anos no ano que vem, ent\u00e3o a Copa do Mundo na Am\u00e9rica do Norte provavelmente ser\u00e1 sua \u00faltima. Ancelotti precisa decidir se monta seu time em torno de um jogador cuja forma f\u00edsica tem sido inst\u00e1vel nos \u00faltimos anos ou se o coloca em uma posi\u00e7\u00e3o coadjuvante.<\/p>\n<p>A jornalista do Globo, Ana Tha\u00eds Matos, diz que os brasileiros deveriam parar de depositar suas esperan\u00e7as em um jogador cujos melhores dias j\u00e1 passaram. &#8220;Gente, o Neymar n\u00e3o joga futebol de verdade h\u00e1 dois anos&#8221;, diz ela. &#8220;Espero ver o Neymar vestindo a camisa 10 novamente, mas n\u00e3o \u00e9 a nossa realidade. Nossa realidade \u00e9 outro camisa 10. Precisamos pensar em Vinicius Junior, Raphinha, Paquet\u00e1 \u2013 que a gente nem sabe se vai jogar futebol de novo. Essa \u00e9 a realidade do Brasil hoje. O hipot\u00e9tico Neymar \u00e9 maravilhoso, mas ele n\u00e3o existe.&#8221;<\/p>\n<p>Matos tamb\u00e9m criticou a psicologia dos jogadores. &#8220;\u00c9 uma gera\u00e7\u00e3o fr\u00e1gil, que n\u00e3o sabe lidar com cr\u00edticas e se importa muito pouco com o que acontece fora de campo. S\u00f3 vou acreditar que a sele\u00e7\u00e3o \u00e9 capaz de lutar por uma Copa do Mundo quando notar uma grande mudan\u00e7a de mentalidade, e infelizmente n\u00e3o notei.&#8221;<\/p>\n<p>Talvez precisem de um t\u00e9cnico que consiga tocar seus sentimentos. Ao treinar Neymar no Paris Saint-Germain, Mauricio Pochettino disse que os jogadores de futebol brasileiros t\u00eam\u00a0<a href=\"https:\/\/www.theguardian.com\/football\/2021\/apr\/26\/mauricio-pochettino-its-so-easy-with-neymar-psg-mbappe-champions-league\">&#8220;algo especial<\/a>\u00a0&#8221; dentro de si.<\/p>\n<p>&#8220;Eles adoram jogar futebol porque \u00e9 como uma dan\u00e7a. Eles jogam como se estivessem dan\u00e7ando. Ronaldinho foi meu companheiro de equipe quando eu era jogador do PSG e agora \u00e9 Neymar. Eles precisam se sentir bem, felizes para jogar da melhor maneira poss\u00edvel.&#8221; Isso sugere que, em vez de serem repreendidos, este grupo precisa de um t\u00e9cnico experiente que os tranquilize e extraia o melhor deles. Nesse caso, a CBF nomeou o melhor homem poss\u00edvel para o trabalho.<\/p>\n<p>Em vez de ir para o Brasil para descansar e aproveitar a vida, Ancelotti pode ter algo a provar \u2013 e estar\u00e1 motivado pelo b\u00f4nus de \u20ac 5 milh\u00f5es oferecido caso ven\u00e7a a Copa do Mundo. Ancelotti \u00e9 sempre um cavalheiro em p\u00fablico, mas n\u00e3o se sente bem por ter sido deixado de lado pelo Real Madrid apenas um ano depois de ter levado o clube \u00e0 tr\u00edplice coroa da Liga dos Campe\u00f5es,\u00a0La Liga\u00a0e Supercopa. E nesta temporada, ele teve que cal\u00e7ar Kylian Mbapp\u00e9 em um ataque que n\u00e3o foi quebrado e lidar com a enorme perda de Toni Kroos.<\/p>\n<p>Os pessimistas afirmam que seu sucesso se baseia em pouca perspic\u00e1cia t\u00e1tica e apenas em &#8220;vibra\u00e7\u00f5es&#8221;. Ao mesmo tempo, uma parceria entre Ancelotti e um pa\u00eds movido por vibra\u00e7\u00f5es pode ser uma combina\u00e7\u00e3o perfeita. Ao liderar o Brasil \u00e0 sua sexta Copa do Mundo, ele talvez possa reivindicar o t\u00edtulo de melhor de todos os tempos. Seu contrato vai at\u00e9 o final do torneio de 2026 e pode ser prorrogado se todas as partes concordarem em continuar, o que lhe daria um ciclo completo at\u00e9 2030. Deve ser divertido.<\/p>\n<p class=\"dcr-16w5gq9\"><em><strong>Este \u00e9 um artigo de\u00a0<a href=\"https:\/\/x.com\/i\/flow\/login?redirect_after_login=%2FTomSandersonBCN\">Tom Sanderson<\/a>\u00a0e\u00a0<a href=\"https:\/\/x.com\/i\/flow\/login?redirect_after_login=%2Fjosue_seixas\">Josu\u00e9 Seixas<\/a>\u00a0.<\/strong><\/em><\/p>\n","protected":false},"excerpt":{"rendered":"<p>\u2663 Uma parceria entre o melhor homem-t\u00e9cnico do mundo e a Sele\u00e7\u00e3o\u00a0ser\u00e1 divertida \u2013 e potencialmente gloriosa \u2663 [&hellip;]<\/p>\n","protected":false},"author":102107496,"featured_media":50063,"comment_status":"open","ping_status":"open","sticky":false,"template":"","format":"standard","meta":{"_coblocks_attr":"","_coblocks_dimensions":"","_coblocks_responsive_height":"","_coblocks_accordion_ie_support":"","_jetpack_newsletter_access":"","_jetpack_dont_email_post_to_subs":false,"_jetpack_newsletter_tier_id":0,"_jetpack_memberships_contains_paywalled_content":false,"_wpcom_ai_launchpad_first_post":false,"_jetpack_feature_clip_id":0,"_jetpack_memberships_contains_paid_content":false,"footnotes":"","jetpack_publicize_message":"","jetpack_publicize_feature_enabled":true,"jetpack_social_post_already_shared":false,"jetpack_social_options":{"image_generator_settings":{"template":"highway","default_image_id":0,"font":"","enabled":false},"version":2},"jetpack_post_was_ever_published":false},"categories":[570700,53870,3919,174694],"tags":[1016127,789560569,789560560,529817,113834,4112146,78820,138836,789560562,781280409],"class_list":["post-50279","post","type-post","status-publish","format-standard","has-post-thumbnail","hentry","category-cbf","category-futebol","category-opiniao","category-selecao-brasileira","tag-ancelotti","tag-cbf","tag-futebol","tag-kak","tag-kaka","tag-neymar","tag-real-madrid","tag-rivaldo","tag-selecao-brasileira","tag-vini-jt"],"yoast_head":"<!-- This site is optimized with the Yoast SEO plugin v28.3 - https:\/\/yoast.com\/product\/yoast-seo-wordpress\/ -->\n<title>Carlo Ancelotti e as Vibra\u00e7\u00f5es do Brasil: Combina\u00e7\u00e3o Perfeita no Para\u00edso do Futebol? - PR\u00d3SPERI NEWS<\/title>\n<meta name=\"robots\" content=\"index, follow, max-snippet:-1, max-image-preview:large, max-video-preview:-1\" \/>\n<link rel=\"canonical\" href=\"https:\/\/blogdoprosperi.com\/?p=50279\" \/>\n<meta property=\"og:locale\" content=\"pt_BR\" \/>\n<meta property=\"og:type\" content=\"article\" \/>\n<meta property=\"og:title\" content=\"Carlo Ancelotti e as Vibra\u00e7\u00f5es do Brasil: Combina\u00e7\u00e3o Perfeita no Para\u00edso do Futebol? - PR\u00d3SPERI NEWS\" \/>\n<meta property=\"og:description\" content=\"\u2663 Uma parceria entre o melhor homem-t\u00e9cnico do mundo e a Sele\u00e7\u00e3o\u00a0ser\u00e1 divertida \u2013 e potencialmente gloriosa \u2663 [&hellip;]\" \/>\n<meta property=\"og:url\" content=\"https:\/\/blogdoprosperi.com\/?p=50279\" \/>\n<meta property=\"og:site_name\" content=\"PR\u00d3SPERI NEWS\" \/>\n<meta property=\"article:publisher\" content=\"Luiz Pr\u00f3speri\" \/>\n<meta property=\"article:author\" content=\"Luiz Pr\u00f3speri\" \/>\n<meta property=\"article:published_time\" content=\"2025-05-25T13:23:12+00:00\" \/>\n<meta property=\"og:image\" content=\"https:\/\/i0.wp.com\/blogdoprosperi.com\/wp-content\/uploads\/2025\/05\/ancelotti-e-muito-querido-pelos-atletas-brasileiros-com-quem-trabalha-atualmente-no-real-madrid_3_57142-1.webp?fit=650%2C400&ssl=1\" \/>\n\t<meta property=\"og:image:width\" content=\"650\" \/>\n\t<meta property=\"og:image:height\" content=\"400\" \/>\n\t<meta property=\"og:image:type\" content=\"image\/webp\" \/>\n<meta name=\"author\" content=\"Luiz Ant\u00f4nio Pr\u00f3speri\" \/>\n<meta name=\"twitter:card\" content=\"summary_large_image\" \/>\n<meta name=\"twitter:creator\" content=\"@Luizprosperi\" \/>\n<meta name=\"twitter:site\" content=\"@Luizprosperi\" \/>\n<meta name=\"twitter:label1\" content=\"Escrito por\" \/>\n\t<meta name=\"twitter:data1\" content=\"Luiz Ant\u00f4nio Pr\u00f3speri\" \/>\n\t<meta name=\"twitter:label2\" content=\"Est. tempo de leitura\" \/>\n\t<meta name=\"twitter:data2\" content=\"9 minutos\" \/>\n<script type=\"application\/ld+json\" class=\"yoast-schema-graph\">{\"@context\":\"https:\\\/\\\/schema.org\",\"@graph\":[{\"@type\":\"Article\",\"@id\":\"https:\\\/\\\/blogdoprosperi.com\\\/?p=50279#article\",\"isPartOf\":{\"@id\":\"https:\\\/\\\/blogdoprosperi.com\\\/?p=50279\"},\"author\":{\"name\":\"Luiz Ant\u00f4nio Pr\u00f3speri\",\"@id\":\"https:\\\/\\\/blogdoprosperi.com\\\/#\\\/schema\\\/person\\\/38100755ce3601861ee4fab9b5aa78e9\"},\"headline\":\"Carlo Ancelotti e as Vibra\u00e7\u00f5es do Brasil: Combina\u00e7\u00e3o Perfeita no Para\u00edso do Futebol?\",\"datePublished\":\"2025-05-25T13:23:12+00:00\",\"mainEntityOfPage\":{\"@id\":\"https:\\\/\\\/blogdoprosperi.com\\\/?p=50279\"},\"wordCount\":1803,\"commentCount\":0,\"publisher\":{\"@id\":\"https:\\\/\\\/blogdoprosperi.com\\\/#\\\/schema\\\/person\\\/38100755ce3601861ee4fab9b5aa78e9\"},\"image\":{\"@id\":\"https:\\\/\\\/blogdoprosperi.com\\\/?p=50279#primaryimage\"},\"thumbnailUrl\":\"https:\\\/\\\/i0.wp.com\\\/blogdoprosperi.com\\\/wp-content\\\/uploads\\\/2025\\\/05\\\/ancelotti-e-muito-querido-pelos-atletas-brasileiros-com-quem-trabalha-atualmente-no-real-madrid_3_57142-1.webp?fit=650%2C400&ssl=1\",\"keywords\":[\"Ancelotti\",\"CBF\",\"futebol\",\"kak\",\"Kak\u00e1\",\"Neymar\",\"Real Madrid\",\"Rivaldo\",\"Sele\u00e7\u00e3o Brasileira\",\"vini jt\"],\"articleSection\":[\"CBF\",\"futebol\",\"opini\u00e3o\",\"Sele\u00e7\u00e3o Brasileira\"],\"inLanguage\":\"pt-BR\",\"potentialAction\":[{\"@type\":\"CommentAction\",\"name\":\"Comment\",\"target\":[\"https:\\\/\\\/blogdoprosperi.com\\\/?p=50279#respond\"]}]},{\"@type\":\"WebPage\",\"@id\":\"https:\\\/\\\/blogdoprosperi.com\\\/?p=50279\",\"url\":\"https:\\\/\\\/blogdoprosperi.com\\\/?p=50279\",\"name\":\"Carlo Ancelotti e as Vibra\u00e7\u00f5es do Brasil: Combina\u00e7\u00e3o Perfeita no Para\u00edso do Futebol? - PR\u00d3SPERI NEWS\",\"isPartOf\":{\"@id\":\"https:\\\/\\\/blogdoprosperi.com\\\/#website\"},\"primaryImageOfPage\":{\"@id\":\"https:\\\/\\\/blogdoprosperi.com\\\/?p=50279#primaryimage\"},\"image\":{\"@id\":\"https:\\\/\\\/blogdoprosperi.com\\\/?p=50279#primaryimage\"},\"thumbnailUrl\":\"https:\\\/\\\/i0.wp.com\\\/blogdoprosperi.com\\\/wp-content\\\/uploads\\\/2025\\\/05\\\/ancelotti-e-muito-querido-pelos-atletas-brasileiros-com-quem-trabalha-atualmente-no-real-madrid_3_57142-1.webp?fit=650%2C400&ssl=1\",\"datePublished\":\"2025-05-25T13:23:12+00:00\",\"breadcrumb\":{\"@id\":\"https:\\\/\\\/blogdoprosperi.com\\\/?p=50279#breadcrumb\"},\"inLanguage\":\"pt-BR\",\"potentialAction\":[{\"@type\":\"ReadAction\",\"target\":[\"https:\\\/\\\/blogdoprosperi.com\\\/?p=50279\"]}]},{\"@type\":\"ImageObject\",\"inLanguage\":\"pt-BR\",\"@id\":\"https:\\\/\\\/blogdoprosperi.com\\\/?p=50279#primaryimage\",\"url\":\"https:\\\/\\\/i0.wp.com\\\/blogdoprosperi.com\\\/wp-content\\\/uploads\\\/2025\\\/05\\\/ancelotti-e-muito-querido-pelos-atletas-brasileiros-com-quem-trabalha-atualmente-no-real-madrid_3_57142-1.webp?fit=650%2C400&ssl=1\",\"contentUrl\":\"https:\\\/\\\/i0.wp.com\\\/blogdoprosperi.com\\\/wp-content\\\/uploads\\\/2025\\\/05\\\/ancelotti-e-muito-querido-pelos-atletas-brasileiros-com-quem-trabalha-atualmente-no-real-madrid_3_57142-1.webp?fit=650%2C400&ssl=1\",\"width\":650,\"height\":400,\"caption\":\"Ancelotti celebra t\u00edtulo do Real Madrid com jogadores da Sele\u00e7\u00e3o Brasileira \u2013 foto: reprodu\u00e7\u00e3o Instagram\"},{\"@type\":\"BreadcrumbList\",\"@id\":\"https:\\\/\\\/blogdoprosperi.com\\\/?p=50279#breadcrumb\",\"itemListElement\":[{\"@type\":\"ListItem\",\"position\":1,\"name\":\"In\u00edcio\",\"item\":\"https:\\\/\\\/blogdoprosperi.com\\\/\"},{\"@type\":\"ListItem\",\"position\":2,\"name\":\"Carlo Ancelotti e as Vibra\u00e7\u00f5es do Brasil: Combina\u00e7\u00e3o Perfeita no Para\u00edso do Futebol?\"}]},{\"@type\":\"WebSite\",\"@id\":\"https:\\\/\\\/blogdoprosperi.com\\\/#website\",\"url\":\"https:\\\/\\\/blogdoprosperi.com\\\/\",\"name\":\"PR\u00d3SPERI NEWS\",\"description\":\"TUDO \u00c9  FUTEBOL\",\"publisher\":{\"@id\":\"https:\\\/\\\/blogdoprosperi.com\\\/#\\\/schema\\\/person\\\/38100755ce3601861ee4fab9b5aa78e9\"},\"alternateName\":\"blogdoprosperi.com\",\"potentialAction\":[{\"@type\":\"SearchAction\",\"target\":{\"@type\":\"EntryPoint\",\"urlTemplate\":\"https:\\\/\\\/blogdoprosperi.com\\\/?s={search_term_string}\"},\"query-input\":{\"@type\":\"PropertyValueSpecification\",\"valueRequired\":true,\"valueName\":\"search_term_string\"}}],\"inLanguage\":\"pt-BR\"},{\"@type\":[\"Person\",\"Organization\"],\"@id\":\"https:\\\/\\\/blogdoprosperi.com\\\/#\\\/schema\\\/person\\\/38100755ce3601861ee4fab9b5aa78e9\",\"name\":\"Luiz Ant\u00f4nio Pr\u00f3speri\",\"pronouns\":\"ele\",\"image\":{\"@type\":\"ImageObject\",\"inLanguage\":\"pt-BR\",\"@id\":\"https:\\\/\\\/i0.wp.com\\\/blogdoprosperi.com\\\/wp-content\\\/uploads\\\/2026\\\/05\\\/cropped-8059e613-6002-42fa-961e-8e275f575d71-2-5.jpg?fit=1360%2C931&ssl=1\",\"url\":\"https:\\\/\\\/i0.wp.com\\\/blogdoprosperi.com\\\/wp-content\\\/uploads\\\/2026\\\/05\\\/cropped-8059e613-6002-42fa-961e-8e275f575d71-2-5.jpg?fit=1360%2C931&ssl=1\",\"contentUrl\":\"https:\\\/\\\/i0.wp.com\\\/blogdoprosperi.com\\\/wp-content\\\/uploads\\\/2026\\\/05\\\/cropped-8059e613-6002-42fa-961e-8e275f575d71-2-5.jpg?fit=1360%2C931&ssl=1\",\"width\":1360,\"height\":931,\"caption\":\"Luiz Ant\u00f4nio Pr\u00f3speri\"},\"logo\":{\"@id\":\"https:\\\/\\\/i0.wp.com\\\/blogdoprosperi.com\\\/wp-content\\\/uploads\\\/2026\\\/05\\\/cropped-8059e613-6002-42fa-961e-8e275f575d71-2-5.jpg?fit=1360%2C931&ssl=1\"},\"description\":\"Jornalista com carreira dedicada ao esporte. Cobriu 9 Copas do Mundo in loco, 1990 na It\u00e1lia, 1994 nos EUA, 1998 na Fran\u00e7a, 2002 na Coreia do Sul e Jap\u00e3o, 2006 na Alemanha, 2010 na \u00c1frica do Sul, 2014 no Brasil, 2018 na R\u00fassia e 2022 no Qatar. Eurocopas, 1992 na Su\u00e9cia e 1996 na Inglaterra. Copa das Confedera\u00e7\u00f5es de 2005 na Alemanha e 2009 na \u00c1frica do Sul. Rep\u00f3rter e Editor, trabalhou no Jornal da Tarde e Estad\u00e3o, de 1984 a fevereiro de 2016. Colunista, blogueiro. E comentarista de futebol na R\u00e1dio Estad\u00e3o, de 2013 a fevereiro de 2016. Jornalista respons\u00e1vel do \\\"Pr\u00f3speri News\\\" (blogdoprosperi.com).\",\"sameAs\":[\"http:\\\/\\\/blogdoprosperi.com\",\"Luiz Pr\u00f3speri\",\"@luiz_prosperi\",\"https:\\\/\\\/x.com\\\/Luizprosperi\",\"@prosperinacopa\",\"luiz.prosperi@icloud.com\"],\"url\":\"https:\\\/\\\/blogdoprosperi.com\\\/?author=102107496\"}]}<\/script>\n<!-- \/ Yoast SEO plugin. -->","yoast_head_json":{"title":"Carlo Ancelotti e as Vibra\u00e7\u00f5es do Brasil: Combina\u00e7\u00e3o Perfeita no Para\u00edso do Futebol? - PR\u00d3SPERI NEWS","robots":{"index":"index","follow":"follow","max-snippet":"max-snippet:-1","max-image-preview":"max-image-preview:large","max-video-preview":"max-video-preview:-1"},"canonical":"https:\/\/blogdoprosperi.com\/?p=50279","og_locale":"pt_BR","og_type":"article","og_title":"Carlo Ancelotti e as Vibra\u00e7\u00f5es do Brasil: Combina\u00e7\u00e3o Perfeita no Para\u00edso do Futebol? - PR\u00d3SPERI NEWS","og_description":"\u2663 Uma parceria entre o melhor homem-t\u00e9cnico do mundo e a Sele\u00e7\u00e3o\u00a0ser\u00e1 divertida \u2013 e potencialmente gloriosa \u2663 [&hellip;]","og_url":"https:\/\/blogdoprosperi.com\/?p=50279","og_site_name":"PR\u00d3SPERI NEWS","article_publisher":"Luiz Pr\u00f3speri","article_author":"Luiz Pr\u00f3speri","article_published_time":"2025-05-25T13:23:12+00:00","og_image":[{"width":650,"height":400,"url":"https:\/\/i0.wp.com\/blogdoprosperi.com\/wp-content\/uploads\/2025\/05\/ancelotti-e-muito-querido-pelos-atletas-brasileiros-com-quem-trabalha-atualmente-no-real-madrid_3_57142-1.webp?fit=650%2C400&ssl=1","type":"image\/webp"}],"author":"Luiz Ant\u00f4nio Pr\u00f3speri","twitter_card":"summary_large_image","twitter_creator":"@Luizprosperi","twitter_site":"@Luizprosperi","twitter_misc":{"Escrito por":"Luiz Ant\u00f4nio Pr\u00f3speri","Est. tempo de leitura":"9 minutos"},"schema":{"@context":"https:\/\/schema.org","@graph":[{"@type":"Article","@id":"https:\/\/blogdoprosperi.com\/?p=50279#article","isPartOf":{"@id":"https:\/\/blogdoprosperi.com\/?p=50279"},"author":{"name":"Luiz Ant\u00f4nio Pr\u00f3speri","@id":"https:\/\/blogdoprosperi.com\/#\/schema\/person\/38100755ce3601861ee4fab9b5aa78e9"},"headline":"Carlo Ancelotti e as Vibra\u00e7\u00f5es do Brasil: Combina\u00e7\u00e3o Perfeita no Para\u00edso do Futebol?","datePublished":"2025-05-25T13:23:12+00:00","mainEntityOfPage":{"@id":"https:\/\/blogdoprosperi.com\/?p=50279"},"wordCount":1803,"commentCount":0,"publisher":{"@id":"https:\/\/blogdoprosperi.com\/#\/schema\/person\/38100755ce3601861ee4fab9b5aa78e9"},"image":{"@id":"https:\/\/blogdoprosperi.com\/?p=50279#primaryimage"},"thumbnailUrl":"https:\/\/i0.wp.com\/blogdoprosperi.com\/wp-content\/uploads\/2025\/05\/ancelotti-e-muito-querido-pelos-atletas-brasileiros-com-quem-trabalha-atualmente-no-real-madrid_3_57142-1.webp?fit=650%2C400&ssl=1","keywords":["Ancelotti","CBF","futebol","kak","Kak\u00e1","Neymar","Real Madrid","Rivaldo","Sele\u00e7\u00e3o Brasileira","vini jt"],"articleSection":["CBF","futebol","opini\u00e3o","Sele\u00e7\u00e3o Brasileira"],"inLanguage":"pt-BR","potentialAction":[{"@type":"CommentAction","name":"Comment","target":["https:\/\/blogdoprosperi.com\/?p=50279#respond"]}]},{"@type":"WebPage","@id":"https:\/\/blogdoprosperi.com\/?p=50279","url":"https:\/\/blogdoprosperi.com\/?p=50279","name":"Carlo Ancelotti e as Vibra\u00e7\u00f5es do Brasil: Combina\u00e7\u00e3o Perfeita no Para\u00edso do Futebol? - PR\u00d3SPERI NEWS","isPartOf":{"@id":"https:\/\/blogdoprosperi.com\/#website"},"primaryImageOfPage":{"@id":"https:\/\/blogdoprosperi.com\/?p=50279#primaryimage"},"image":{"@id":"https:\/\/blogdoprosperi.com\/?p=50279#primaryimage"},"thumbnailUrl":"https:\/\/i0.wp.com\/blogdoprosperi.com\/wp-content\/uploads\/2025\/05\/ancelotti-e-muito-querido-pelos-atletas-brasileiros-com-quem-trabalha-atualmente-no-real-madrid_3_57142-1.webp?fit=650%2C400&ssl=1","datePublished":"2025-05-25T13:23:12+00:00","breadcrumb":{"@id":"https:\/\/blogdoprosperi.com\/?p=50279#breadcrumb"},"inLanguage":"pt-BR","potentialAction":[{"@type":"ReadAction","target":["https:\/\/blogdoprosperi.com\/?p=50279"]}]},{"@type":"ImageObject","inLanguage":"pt-BR","@id":"https:\/\/blogdoprosperi.com\/?p=50279#primaryimage","url":"https:\/\/i0.wp.com\/blogdoprosperi.com\/wp-content\/uploads\/2025\/05\/ancelotti-e-muito-querido-pelos-atletas-brasileiros-com-quem-trabalha-atualmente-no-real-madrid_3_57142-1.webp?fit=650%2C400&ssl=1","contentUrl":"https:\/\/i0.wp.com\/blogdoprosperi.com\/wp-content\/uploads\/2025\/05\/ancelotti-e-muito-querido-pelos-atletas-brasileiros-com-quem-trabalha-atualmente-no-real-madrid_3_57142-1.webp?fit=650%2C400&ssl=1","width":650,"height":400,"caption":"Ancelotti celebra t\u00edtulo do Real Madrid com jogadores da Sele\u00e7\u00e3o Brasileira \u2013 foto: reprodu\u00e7\u00e3o Instagram"},{"@type":"BreadcrumbList","@id":"https:\/\/blogdoprosperi.com\/?p=50279#breadcrumb","itemListElement":[{"@type":"ListItem","position":1,"name":"In\u00edcio","item":"https:\/\/blogdoprosperi.com\/"},{"@type":"ListItem","position":2,"name":"Carlo Ancelotti e as Vibra\u00e7\u00f5es do Brasil: Combina\u00e7\u00e3o Perfeita no Para\u00edso do Futebol?"}]},{"@type":"WebSite","@id":"https:\/\/blogdoprosperi.com\/#website","url":"https:\/\/blogdoprosperi.com\/","name":"PR\u00d3SPERI NEWS","description":"TUDO \u00c9  FUTEBOL","publisher":{"@id":"https:\/\/blogdoprosperi.com\/#\/schema\/person\/38100755ce3601861ee4fab9b5aa78e9"},"alternateName":"blogdoprosperi.com","potentialAction":[{"@type":"SearchAction","target":{"@type":"EntryPoint","urlTemplate":"https:\/\/blogdoprosperi.com\/?s={search_term_string}"},"query-input":{"@type":"PropertyValueSpecification","valueRequired":true,"valueName":"search_term_string"}}],"inLanguage":"pt-BR"},{"@type":["Person","Organization"],"@id":"https:\/\/blogdoprosperi.com\/#\/schema\/person\/38100755ce3601861ee4fab9b5aa78e9","name":"Luiz Ant\u00f4nio Pr\u00f3speri","pronouns":"ele","image":{"@type":"ImageObject","inLanguage":"pt-BR","@id":"https:\/\/i0.wp.com\/blogdoprosperi.com\/wp-content\/uploads\/2026\/05\/cropped-8059e613-6002-42fa-961e-8e275f575d71-2-5.jpg?fit=1360%2C931&ssl=1","url":"https:\/\/i0.wp.com\/blogdoprosperi.com\/wp-content\/uploads\/2026\/05\/cropped-8059e613-6002-42fa-961e-8e275f575d71-2-5.jpg?fit=1360%2C931&ssl=1","contentUrl":"https:\/\/i0.wp.com\/blogdoprosperi.com\/wp-content\/uploads\/2026\/05\/cropped-8059e613-6002-42fa-961e-8e275f575d71-2-5.jpg?fit=1360%2C931&ssl=1","width":1360,"height":931,"caption":"Luiz Ant\u00f4nio Pr\u00f3speri"},"logo":{"@id":"https:\/\/i0.wp.com\/blogdoprosperi.com\/wp-content\/uploads\/2026\/05\/cropped-8059e613-6002-42fa-961e-8e275f575d71-2-5.jpg?fit=1360%2C931&ssl=1"},"description":"Jornalista com carreira dedicada ao esporte. Cobriu 9 Copas do Mundo in loco, 1990 na It\u00e1lia, 1994 nos EUA, 1998 na Fran\u00e7a, 2002 na Coreia do Sul e Jap\u00e3o, 2006 na Alemanha, 2010 na \u00c1frica do Sul, 2014 no Brasil, 2018 na R\u00fassia e 2022 no Qatar. Eurocopas, 1992 na Su\u00e9cia e 1996 na Inglaterra. Copa das Confedera\u00e7\u00f5es de 2005 na Alemanha e 2009 na \u00c1frica do Sul. Rep\u00f3rter e Editor, trabalhou no Jornal da Tarde e Estad\u00e3o, de 1984 a fevereiro de 2016. Colunista, blogueiro. E comentarista de futebol na R\u00e1dio Estad\u00e3o, de 2013 a fevereiro de 2016. Jornalista respons\u00e1vel do \"Pr\u00f3speri News\" (blogdoprosperi.com).","sameAs":["http:\/\/blogdoprosperi.com","Luiz Pr\u00f3speri","@luiz_prosperi","https:\/\/x.com\/Luizprosperi","@prosperinacopa","luiz.prosperi@icloud.com"],"url":"https:\/\/blogdoprosperi.com\/?author=102107496"}]}},"jetpack_publicize_connections":[],"jetpack_likes_enabled":false,"jetpack_sharing_enabled":true,"jetpack_shortlink":"https:\/\/wp.me\/p7jvdk-d4X","jetpack-related-posts":[{"id":50059,"url":"https:\/\/blogdoprosperi.com\/?p=50059","url_meta":{"origin":50279,"position":0},"title":"Ancelotti Assume Sele\u00e7\u00e3o Brasileira | Agora Somos Europeus da Cabe\u00e7a aos P\u00e9s","author":"Luiz Ant\u00f4nio Pr\u00f3speri","date":"12 de maio de 2025","format":false,"excerpt":"\u2666 Quest\u00e3o agora \u00e9 entender como vai se comportar Ancelotti nesse cen\u00e1rio de incertezas da CBF, todo o caldo das imperfei\u00e7\u00f5es do nosso futebol \u2666 Nossa ess\u00eancia no mundo da bola acaba de ser chutada para o outro lado do Atl\u00e2ntico Luiz Ant\u00f4nio Pr\u00f3speri \u2013 12 maio (11h52) Carlo Ancelotti\u2026","rel":"","context":"Em &quot;futebol&quot;","block_context":{"text":"futebol","link":"https:\/\/blogdoprosperi.com\/?cat=53870"},"img":{"alt_text":"","src":"https:\/\/i0.wp.com\/blogdoprosperi.com\/wp-content\/uploads\/2025\/05\/captura-de-tela-2025-05-12-as-12.15.15.png?fit=790%2C682&ssl=1&resize=350%2C200","width":350,"height":200,"srcset":"https:\/\/i0.wp.com\/blogdoprosperi.com\/wp-content\/uploads\/2025\/05\/captura-de-tela-2025-05-12-as-12.15.15.png?fit=790%2C682&ssl=1&resize=350%2C200 1x, https:\/\/i0.wp.com\/blogdoprosperi.com\/wp-content\/uploads\/2025\/05\/captura-de-tela-2025-05-12-as-12.15.15.png?fit=790%2C682&ssl=1&resize=525%2C300 1.5x, https:\/\/i0.wp.com\/blogdoprosperi.com\/wp-content\/uploads\/2025\/05\/captura-de-tela-2025-05-12-as-12.15.15.png?fit=790%2C682&ssl=1&resize=700%2C400 2x"},"classes":[]},{"id":41758,"url":"https:\/\/blogdoprosperi.com\/?p=41758","url_meta":{"origin":50279,"position":1},"title":"Guru de Tite chega em 2024 e renova\u00e7\u00e3o da Sele\u00e7\u00e3o corre risco","author":"Luiz Ant\u00f4nio Pr\u00f3speri","date":"20 de junho de 2023","format":false,"excerpt":"Chegada de Carlo Ancelotti em 2024 lan\u00e7a uma quest\u00e3o fundamental: como \u00e9 que fica o processo de remontagem da Sele\u00e7\u00e3o Brasileira?","rel":"","context":"Em &quot;catar 2022&quot;","block_context":{"text":"catar 2022","link":"https:\/\/blogdoprosperi.com\/?cat=47094043"},"img":{"alt_text":"","src":"https:\/\/i0.wp.com\/blogdoprosperi.com\/wp-content\/uploads\/2023\/06\/52989781650_5ca2b0913b_c.jpg?fit=800%2C477&ssl=1&resize=350%2C200","width":350,"height":200,"srcset":"https:\/\/i0.wp.com\/blogdoprosperi.com\/wp-content\/uploads\/2023\/06\/52989781650_5ca2b0913b_c.jpg?fit=800%2C477&ssl=1&resize=350%2C200 1x, https:\/\/i0.wp.com\/blogdoprosperi.com\/wp-content\/uploads\/2023\/06\/52989781650_5ca2b0913b_c.jpg?fit=800%2C477&ssl=1&resize=525%2C300 1.5x, https:\/\/i0.wp.com\/blogdoprosperi.com\/wp-content\/uploads\/2023\/06\/52989781650_5ca2b0913b_c.jpg?fit=800%2C477&ssl=1&resize=700%2C400 2x"},"classes":[]},{"id":41751,"url":"https:\/\/blogdoprosperi.com\/?p=41751","url_meta":{"origin":50279,"position":2},"title":"CBF espera Ancelotti at\u00e9 2024 e acalma torcida do Palmeiras","author":"Luiz Ant\u00f4nio Pr\u00f3speri","date":"14 de junho de 2023","format":false,"excerpt":"Torcida do Palmeiras pode se acalmar. CBF n\u00e3o pensa em tirar de imediato o t\u00e9cnico Abel Ferreira do clube para assumir a Sele\u00e7\u00e3o. Carlo Ancelotti ainda \u00e9 prioridade","rel":"","context":"Em &quot;catar 2022&quot;","block_context":{"text":"catar 2022","link":"https:\/\/blogdoprosperi.com\/?cat=47094043"},"img":{"alt_text":"Ancelotti: Ol\u00e1, Brasil","src":"https:\/\/i0.wp.com\/blogdoprosperi.com\/wp-content\/uploads\/2016\/06\/carlo-ancelotti.jpg?fit=1200%2C675&ssl=1&resize=350%2C200","width":350,"height":200,"srcset":"https:\/\/i0.wp.com\/blogdoprosperi.com\/wp-content\/uploads\/2016\/06\/carlo-ancelotti.jpg?fit=1200%2C675&ssl=1&resize=350%2C200 1x, https:\/\/i0.wp.com\/blogdoprosperi.com\/wp-content\/uploads\/2016\/06\/carlo-ancelotti.jpg?fit=1200%2C675&ssl=1&resize=525%2C300 1.5x, https:\/\/i0.wp.com\/blogdoprosperi.com\/wp-content\/uploads\/2016\/06\/carlo-ancelotti.jpg?fit=1200%2C675&ssl=1&resize=700%2C400 2x, https:\/\/i0.wp.com\/blogdoprosperi.com\/wp-content\/uploads\/2016\/06\/carlo-ancelotti.jpg?fit=1200%2C675&ssl=1&resize=1050%2C600 3x"},"classes":[]},{"id":41732,"url":"https:\/\/blogdoprosperi.com\/?p=41732","url_meta":{"origin":50279,"position":3},"title":"Abel Ferreira, do Palmeiras, a caminho da Sele\u00e7\u00e3o Brasileira","author":"Luiz Ant\u00f4nio Pr\u00f3speri","date":"9 de junho de 2023","format":false,"excerpt":"Se Ancelotti der um \"N\u00e3o\" definitivo ao presidente da CBF, na semana de 17 de junho no amistoso do Brasil contra Guin\u00e9 na Espanha, Abel Ferreira ser\u00e1 procurado pela CBF. E a\u00ed vai depender apenas de um \"Sim\" do portugu\u00eas para ser o novo t\u00e9cnico da Sele\u00e7\u00e3o Brasileira","rel":"","context":"Em &quot;CBF&quot;","block_context":{"text":"CBF","link":"https:\/\/blogdoprosperi.com\/?cat=570700"},"img":{"alt_text":"","src":"https:\/\/i0.wp.com\/blogdoprosperi.com\/wp-content\/uploads\/2023\/01\/52654938326_bd288e38ed_c.jpg?fit=800%2C450&ssl=1&resize=350%2C200","width":350,"height":200,"srcset":"https:\/\/i0.wp.com\/blogdoprosperi.com\/wp-content\/uploads\/2023\/01\/52654938326_bd288e38ed_c.jpg?fit=800%2C450&ssl=1&resize=350%2C200 1x, https:\/\/i0.wp.com\/blogdoprosperi.com\/wp-content\/uploads\/2023\/01\/52654938326_bd288e38ed_c.jpg?fit=800%2C450&ssl=1&resize=525%2C300 1.5x, https:\/\/i0.wp.com\/blogdoprosperi.com\/wp-content\/uploads\/2023\/01\/52654938326_bd288e38ed_c.jpg?fit=800%2C450&ssl=1&resize=700%2C400 2x"},"classes":[]},{"id":49825,"url":"https:\/\/blogdoprosperi.com\/?p=49825","url_meta":{"origin":50279,"position":4},"title":"Ancelotti Tem Acordo Fechado com a Sele\u00e7\u00e3o Brasileira","author":"Luiz Ant\u00f4nio Pr\u00f3speri","date":"28 de abril de 2025","format":false,"excerpt":"Pablo Polo\/Juan Ignacio Garc\u00eda-Ochoa \u2013 jornal Marca \u2013 28 abril (21h43) \u2013 Acompanhe reportagem do jornal Marca, de Madri, ve\u00edculo de imprensa com fortes liga\u00e7\u00f5es ao Real Madrid, o time de Carlo Ancelotti: Carlo\u00a0Ancelotti\u00a0j\u00e1 chegou a um acordo com a Confedera\u00e7\u00e3o Brasileira de Futebol (CBF) para assumir a sele\u00e7\u00e3o brasileira\u2026","rel":"","context":"Em &quot;futebol&quot;","block_context":{"text":"futebol","link":"https:\/\/blogdoprosperi.com\/?cat=53870"},"img":{"alt_text":"","src":"https:\/\/i0.wp.com\/blogdoprosperi.com\/wp-content\/uploads\/2025\/04\/680f7e92e4967.webp?fit=1200%2C675&ssl=1&resize=350%2C200","width":350,"height":200,"srcset":"https:\/\/i0.wp.com\/blogdoprosperi.com\/wp-content\/uploads\/2025\/04\/680f7e92e4967.webp?fit=1200%2C675&ssl=1&resize=350%2C200 1x, https:\/\/i0.wp.com\/blogdoprosperi.com\/wp-content\/uploads\/2025\/04\/680f7e92e4967.webp?fit=1200%2C675&ssl=1&resize=525%2C300 1.5x, https:\/\/i0.wp.com\/blogdoprosperi.com\/wp-content\/uploads\/2025\/04\/680f7e92e4967.webp?fit=1200%2C675&ssl=1&resize=700%2C400 2x, https:\/\/i0.wp.com\/blogdoprosperi.com\/wp-content\/uploads\/2025\/04\/680f7e92e4967.webp?fit=1200%2C675&ssl=1&resize=1050%2C600 3x"},"classes":[]},{"id":60195,"url":"https:\/\/blogdoprosperi.com\/?p=60195","url_meta":{"origin":50279,"position":5},"title":"Invent\u00e1rio da derrota da Sele\u00e7\u00e3o (epis\u00f3dio 1): Do caos aos vacilos de Ancelotti na Copa 2026","author":"Luiz Ant\u00f4nio Pr\u00f3speri","date":"11 de julho de 2026","format":false,"excerpt":"Luiz Ant\u00f4nio Pr\u00f3speri \u2013 11 julho 2026 (15h25)\u00a0 Invent\u00e1rio da elimina\u00e7\u00e3o do Brasil na Copa do Mundo 2026 come\u00e7a em dezembro de 2022 quando Tite se despede da Sele\u00e7\u00e3o Brasileira ap\u00f3s cair nas quartas de final da Copa no Qatar. Da queda em Doha at\u00e9 dezembro de 2023, a CBF\u2026","rel":"","context":"Em &quot;futebol&quot;","block_context":{"text":"futebol","link":"https:\/\/blogdoprosperi.com\/?cat=53870"},"img":{"alt_text":"","src":"https:\/\/i0.wp.com\/blogdoprosperi.com\/wp-content\/uploads\/2026\/06\/Captura-de-Tela-2026-06-22-as-18.42.01.png?fit=1182%2C926&ssl=1&resize=350%2C200","width":350,"height":200,"srcset":"https:\/\/i0.wp.com\/blogdoprosperi.com\/wp-content\/uploads\/2026\/06\/Captura-de-Tela-2026-06-22-as-18.42.01.png?fit=1182%2C926&ssl=1&resize=350%2C200 1x, https:\/\/i0.wp.com\/blogdoprosperi.com\/wp-content\/uploads\/2026\/06\/Captura-de-Tela-2026-06-22-as-18.42.01.png?fit=1182%2C926&ssl=1&resize=525%2C300 1.5x, https:\/\/i0.wp.com\/blogdoprosperi.com\/wp-content\/uploads\/2026\/06\/Captura-de-Tela-2026-06-22-as-18.42.01.png?fit=1182%2C926&ssl=1&resize=700%2C400 2x, https:\/\/i0.wp.com\/blogdoprosperi.com\/wp-content\/uploads\/2026\/06\/Captura-de-Tela-2026-06-22-as-18.42.01.png?fit=1182%2C926&ssl=1&resize=1050%2C600 3x"},"classes":[]}],"jetpack_featured_media_url":"https:\/\/i0.wp.com\/blogdoprosperi.com\/wp-content\/uploads\/2025\/05\/ancelotti-e-muito-querido-pelos-atletas-brasileiros-com-quem-trabalha-atualmente-no-real-madrid_3_57142-1.webp?fit=650%2C400&ssl=1","_links":{"self":[{"href":"https:\/\/blogdoprosperi.com\/index.php?rest_route=\/wp\/v2\/posts\/50279","targetHints":{"allow":["GET"]}}],"collection":[{"href":"https:\/\/blogdoprosperi.com\/index.php?rest_route=\/wp\/v2\/posts"}],"about":[{"href":"https:\/\/blogdoprosperi.com\/index.php?rest_route=\/wp\/v2\/types\/post"}],"author":[{"embeddable":true,"href":"https:\/\/blogdoprosperi.com\/index.php?rest_route=\/wp\/v2\/users\/102107496"}],"replies":[{"embeddable":true,"href":"https:\/\/blogdoprosperi.com\/index.php?rest_route=%2Fwp%2Fv2%2Fcomments&post=50279"}],"version-history":[{"count":14,"href":"https:\/\/blogdoprosperi.com\/index.php?rest_route=\/wp\/v2\/posts\/50279\/revisions"}],"predecessor-version":[{"id":50362,"href":"https:\/\/blogdoprosperi.com\/index.php?rest_route=\/wp\/v2\/posts\/50279\/revisions\/50362"}],"wp:featuredmedia":[{"embeddable":true,"href":"https:\/\/blogdoprosperi.com\/index.php?rest_route=\/wp\/v2\/media\/50063"}],"wp:attachment":[{"href":"https:\/\/blogdoprosperi.com\/index.php?rest_route=%2Fwp%2Fv2%2Fmedia&parent=50279"}],"wp:term":[{"taxonomy":"category","embeddable":true,"href":"https:\/\/blogdoprosperi.com\/index.php?rest_route=%2Fwp%2Fv2%2Fcategories&post=50279"},{"taxonomy":"post_tag","embeddable":true,"href":"https:\/\/blogdoprosperi.com\/index.php?rest_route=%2Fwp%2Fv2%2Ftags&post=50279"}],"curies":[{"name":"wp","href":"https:\/\/api.w.org\/{rel}","templated":true}]}}