{"id":50372,"date":"2025-05-26T17:19:31","date_gmt":"2025-05-26T20:19:31","guid":{"rendered":"https:\/\/blogdoprosperi.com\/?p=50372"},"modified":"2025-05-26T17:37:18","modified_gmt":"2025-05-26T20:37:18","slug":"ancelotti-convoca-selecao-vamos-construir-um-time-para-competir-contra-qualquer-um","status":"publish","type":"post","link":"https:\/\/blogdoprosperi.com\/?p=50372","title":{"rendered":"Ancelotti Convoca Sele\u00e7\u00e3o | &#8220;Vamos Construir Um Time para Competir Contra Qualquer Um&#8221;"},"content":{"rendered":"<p><em>Luiz Ant\u00f4nio Pr\u00f3speri \u2013 26 maio (17h05) \u2013<\/em><\/p>\n<p>Carlo Ancelotti est\u00e1 entre n\u00f3s. Na sua primeira convoca\u00e7\u00e3o da Sele\u00e7\u00e3o Brasileira nenhuma grande novidade na lista de 25 jogadores. Prioridade de Carletto: apostar em jogadores em boas condi\u00e7\u00f5es f\u00edsicas, saud\u00e1veis e de personalidade. Por isso Neymar est\u00e1 fora e Casemiro de volta. Ancelotti leva sete jogadores que atuam em clubes do Brasil (cinco do Flamengo, um do Palmeiras e um do Corinthians) e 18 que jogam na Europa. Inevit\u00e1vel. Bom lembrar que o treinador da Sele\u00e7\u00e3o \u00e9 italiano e, aos 65 anos, desembarca no Brasil para o \u00faltimo desafio de sua longa carreira vitoriosa nos grandes centros do futebol europeu.<\/p>\n<p>Por que chamar Casemiro?<\/p>\n<p>&#8220;Casemiro est\u00e1 aqui, porque ele merece estar aqui pelas suas qualidades. Entre as qualidades, est\u00e3o experi\u00eancia, conhecimento, lideran\u00e7a. N\u00e3o significa que est\u00e1 este porque \u00e9 jovem&#8221; \u2013 Ancelotti.<\/p>\n<p>Por que n\u00e3o chamar Neymar?<\/p>\n<p>&#8220;Como eu disse, nesta convoca\u00e7\u00e3o eu tentei selecionar jogadores que est\u00e3o bem. Neymar teve uma les\u00e3o h\u00e1 pouco tempo. O que eu quero dizer \u00e9 que o Brasil tem muitos jogadores talentosos e logicamente, no caso espec\u00edfico de Neymar, contamos com ele. \u00c9 a sele\u00e7\u00e3o nacional. O Brasil conta com ele&#8221;.<\/p>\n<p>Ancelotti faz bem ao deixar Neymar na lista de espera para a pr\u00f3xima convoca\u00e7\u00e3o. E acerta tamb\u00e9m em resgatar jogadores de certo prest\u00edgio no passado recente da Sele\u00e7\u00e3o, caso de Casemiro e at\u00e9 Richarlisson. Antony?<\/p>\n<p>Encrenca \u00e9 a escassez de jogadores fora da curva, unanimidade nacional e internacional, no setor de meio-campo.<\/p>\n<p>Um exemplo claro est\u00e1 falta de um meia talentoso, acima da m\u00e9dia, entre os relacionados por Carletto.<\/p>\n<p>Sobram volantes e meias de for\u00e7a e pouco c\u00e9rebro na constru\u00e7\u00e3o de ataque. Vamos de Casemiro, Andrey Santos, Bruno Guimar\u00e3es, Gerson, Ederson, o quase insosso Andreas Pereira.<\/p>\n<p>Mas essa car\u00eancia n\u00e3o se pode atribuir \u00e0s prefer\u00eancias exclusivas de Ancelotti. Temos quase ningu\u00e9m, tipo camisa 10 por excel\u00eancia. Talvez, Raphael Veiga, Alan Patrick e Matheus Pereira, os tr\u00eas em baixa em seus clubes.<\/p>\n<p>&#8220;A estrat\u00e9gia, eu j\u00e1 expliquei. \u00c9 tentar colocar em pouco tempo toda a qualidade que n\u00f3s temos. Com atitude, compromisso, sacrif\u00edcio de todos. Dos jogadores e de todos n\u00f3s. Essa \u00e9 \u00fanica forma de tentar a classifica\u00e7\u00e3o (<em>para Copa 2026<\/em>). Primeiro \u00e9 se classificar e depois se preparar para o Mundial. Qualidade n\u00f3s temos. Eu tenho muita confian\u00e7a de que podemos nos sair bem e construir um time que possa competir contra qualquer um&#8221;.<\/p>\n<p>A convoca\u00e7\u00e3o est\u00e1 a\u00ed. Ancelotti tem experi\u00eancia de sobra para reorganizar a Sele\u00e7\u00e3o Brasileira. Se vai devolver o futebol que a torcida espera, \u00e9 outra quest\u00e3o.<\/p>\n<p>&#8220;Propositivo ou reativo? \u00c9 interessante. Eu acho que, no futebol, n\u00e3o pode se fazer uma \u00fanica leitura. Tem que ser futebol propositivo em alguns jogos e reativos em outros. Eu n\u00e3o gosto de time que eu treine e tenho uma identidade, significa que voc\u00ea s\u00f3 \u00e9 capaz de fazer uma coisa. Se quer ter sucesso, precisa fazer muitas coisas bem. Propositivo, reativo, pressionar&#8230; Existem muitas coisas para ter sucesso. Por isso, quando me dizem, o seu time n\u00e3o tem uma identidade clara. Eu n\u00e3o quero identidade clara &#8221; \u2013 responde Ancelotti.<\/p>\n<hr>\n<p><strong>Os 25 Convocados<\/strong><\/p>\n<p><strong>Goleiros<\/strong><\/p>\n<p>Alisson (Liverpool)<\/p>\n<p>Bento (Al Nassr)<\/p>\n<p>Hugo Souza (Corinthians)<\/p>\n<p><strong>Laterais<\/strong><\/p>\n<p>Wesley (Flamengo)<\/p>\n<p>Wanderson (Monaco)<\/p>\n<p>Alex Sandro (Flamengo)<\/p>\n<p>Carlos Augusto (Inter Mil\u00e3o)<\/p>\n<p><strong>Zagueiros<\/strong><\/p>\n<p>Marquinhos (PSG)<\/p>\n<p>Beraldo (PSG)<\/p>\n<p>Alexandro (Lille)<\/p>\n<p>Danilo (Flamengo)<\/p>\n<p>Leo Ortiz (Flamengo)<\/p>\n<p><strong>Meio-campistas<\/strong><\/p>\n<p>Casemiro (Manchester United)<\/p>\n<p>Bruno Guimar\u00e3es (Newcastle)<\/p>\n<p>Gerson (Flamengo)<\/p>\n<p>Andrey Santos (Strasbourg)<\/p>\n<p>Andreas Pereira (Fulham)<\/p>\n<p>Ederson (Atalanta)<\/p>\n<p><strong>Atacantes<\/strong><\/p>\n<p>Estev\u00e3o (Palmeiras)<\/p>\n<p>Richarlisson (Everton)<\/p>\n<p>Matheus Cunha (Wolverhampton)<\/p>\n<p>Raphinha (Barcelona)<\/p>\n<p>Vini Jr (Real Madrid)<\/p>\n<p>Gabriel Martinelli (Arsenal)<\/p>\n<p>Antony (Betis)<\/p>\n<hr>\n<p>&#8220;Minha conex\u00e3o com Brasil come\u00e7ou cedo, joguei com Falc\u00e3o e Cerezo na Roma <em>(expoentes da gera\u00e7\u00e3o que encantou o Mundo na Copa do Mundo de 1982)<\/em>. Treinei mais de 30 jogadores brasileiros. \u00c9 um orgulho estar aqui&#8221;.<\/p>\n<p>Resta aguardar a Sele\u00e7\u00e3o de Carletto entrar em campo para ver se a torcida vai sentir orgulho do primeiro treinador europeu no comando do escrete.<\/p>\n<p><span class=\"alignnone\"><img data-recalc-dims=\"1\" loading=\"lazy\" decoding=\"async\" data-attachment-id=\"50395\" data-permalink=\"https:\/\/blogdoprosperi.com\/?attachment_id=50395\" data-orig-file=\"https:\/\/i0.wp.com\/blogdoprosperi.com\/wp-content\/uploads\/2025\/05\/captura-de-tela-2025-05-26-as-17.21.02.png?fit=1036%2C1280&amp;ssl=1\" data-orig-size=\"1036,1280\" data-comments-opened=\"1\" data-image-meta=\"{&quot;aperture&quot;:&quot;0&quot;,&quot;credit&quot;:&quot;&quot;,&quot;camera&quot;:&quot;&quot;,&quot;caption&quot;:&quot;&quot;,&quot;created_timestamp&quot;:&quot;0&quot;,&quot;copyright&quot;:&quot;&quot;,&quot;focal_length&quot;:&quot;0&quot;,&quot;iso&quot;:&quot;0&quot;,&quot;shutter_speed&quot;:&quot;0&quot;,&quot;title&quot;:&quot;&quot;,&quot;orientation&quot;:&quot;0&quot;}\" data-image-title=\"A lista de Ancelotti\" data-image-description=\"\" data-image-caption=\"\" data-large-file=\"https:\/\/i0.wp.com\/blogdoprosperi.com\/wp-content\/uploads\/2025\/05\/captura-de-tela-2025-05-26-as-17.21.02.png?fit=829%2C1024&amp;ssl=1\" src=\"https:\/\/i0.wp.com\/blogdoprosperi.com\/wp-content\/uploads\/2025\/05\/captura-de-tela-2025-05-26-as-17.21.02.png?resize=611%2C755&#038;ssl=1\" class=\"alignnone wp-image-50395\" alt=\"\" width=\"611\" height=\"755\"><\/span><\/p>\n","protected":false},"excerpt":{"rendered":"<p>Luiz Ant\u00f4nio Pr\u00f3speri \u2013 26 maio (17h05) \u2013 Carlo Ancelotti est\u00e1 entre n\u00f3s. Na sua primeira convoca\u00e7\u00e3o da [&hellip;]<\/p>\n","protected":false},"author":102107496,"featured_media":50391,"comment_status":"open","ping_status":"open","sticky":false,"template":"","format":"standard","meta":{"_coblocks_attr":"","_coblocks_dimensions":"","_coblocks_responsive_height":"","_coblocks_accordion_ie_support":"","_jetpack_newsletter_access":"","_jetpack_dont_email_post_to_subs":false,"_jetpack_newsletter_tier_id":0,"_jetpack_memberships_contains_paywalled_content":false,"_wpcom_ai_launchpad_first_post":false,"_jetpack_feature_clip_id":0,"_jetpack_memberships_contains_paid_content":false,"footnotes":"","jetpack_publicize_message":"","jetpack_publicize_feature_enabled":true,"jetpack_social_post_already_shared":false,"jetpack_social_options":{"image_generator_settings":{"template":"highway","default_image_id":0,"font":"","enabled":false},"version":2},"jetpack_post_was_ever_published":false},"categories":[53870],"tags":[1016127,12508493,789560569,789560572,789560560,4112146,231908507],"class_list":["post-50372","post","type-post","status-publish","format-standard","has-post-thumbnail","hentry","category-futebol","tag-ancelotti","tag-casemiro","tag-cbf","tag-copa-2026","tag-futebol","tag-neymar","tag-selecao-brasileira-convocacao"],"yoast_head":"<!-- This site is optimized with the Yoast SEO plugin v28.3 - https:\/\/yoast.com\/product\/yoast-seo-wordpress\/ -->\n<title>Ancelotti Convoca Sele\u00e7\u00e3o | &quot;Vamos Construir Um Time para Competir Contra Qualquer Um&quot; - PR\u00d3SPERI NEWS<\/title>\n<meta name=\"robots\" content=\"index, follow, max-snippet:-1, max-image-preview:large, max-video-preview:-1\" \/>\n<link rel=\"canonical\" href=\"https:\/\/blogdoprosperi.com\/?p=50372\" \/>\n<meta property=\"og:locale\" content=\"pt_BR\" \/>\n<meta property=\"og:type\" content=\"article\" \/>\n<meta property=\"og:title\" content=\"Ancelotti Convoca Sele\u00e7\u00e3o | &quot;Vamos Construir Um Time para Competir Contra Qualquer Um&quot; - PR\u00d3SPERI NEWS\" \/>\n<meta property=\"og:description\" content=\"Luiz Ant\u00f4nio Pr\u00f3speri \u2013 26 maio (17h05) \u2013 Carlo Ancelotti est\u00e1 entre n\u00f3s. Na sua primeira convoca\u00e7\u00e3o da [&hellip;]\" \/>\n<meta property=\"og:url\" content=\"https:\/\/blogdoprosperi.com\/?p=50372\" \/>\n<meta property=\"og:site_name\" content=\"PR\u00d3SPERI NEWS\" \/>\n<meta property=\"article:publisher\" content=\"Luiz Pr\u00f3speri\" \/>\n<meta property=\"article:author\" content=\"Luiz Pr\u00f3speri\" \/>\n<meta property=\"article:published_time\" content=\"2025-05-26T20:19:31+00:00\" \/>\n<meta property=\"article:modified_time\" content=\"2025-05-26T20:37:18+00:00\" \/>\n<meta property=\"og:image\" content=\"https:\/\/i0.wp.com\/blogdoprosperi.com\/wp-content\/uploads\/2025\/05\/54546365167_98132d5f61_c.jpg?fit=799%2C540&ssl=1\" \/>\n\t<meta property=\"og:image:width\" content=\"799\" \/>\n\t<meta property=\"og:image:height\" content=\"540\" \/>\n\t<meta property=\"og:image:type\" content=\"image\/jpeg\" \/>\n<meta name=\"author\" content=\"Luiz Ant\u00f4nio Pr\u00f3speri\" \/>\n<meta name=\"twitter:card\" content=\"summary_large_image\" \/>\n<meta name=\"twitter:creator\" content=\"@Luizprosperi\" \/>\n<meta name=\"twitter:site\" content=\"@Luizprosperi\" \/>\n<meta name=\"twitter:label1\" content=\"Escrito por\" \/>\n\t<meta name=\"twitter:data1\" content=\"Luiz Ant\u00f4nio Pr\u00f3speri\" \/>\n\t<meta name=\"twitter:label2\" content=\"Est. tempo de leitura\" \/>\n\t<meta name=\"twitter:data2\" content=\"3 minutos\" \/>\n<script type=\"application\/ld+json\" class=\"yoast-schema-graph\">{\"@context\":\"https:\\\/\\\/schema.org\",\"@graph\":[{\"@type\":\"Article\",\"@id\":\"https:\\\/\\\/blogdoprosperi.com\\\/?p=50372#article\",\"isPartOf\":{\"@id\":\"https:\\\/\\\/blogdoprosperi.com\\\/?p=50372\"},\"author\":{\"name\":\"Luiz Ant\u00f4nio Pr\u00f3speri\",\"@id\":\"https:\\\/\\\/blogdoprosperi.com\\\/#\\\/schema\\\/person\\\/38100755ce3601861ee4fab9b5aa78e9\"},\"headline\":\"Ancelotti Convoca Sele\u00e7\u00e3o | &#8220;Vamos Construir Um Time para Competir Contra Qualquer Um&#8221;\",\"datePublished\":\"2025-05-26T20:19:31+00:00\",\"dateModified\":\"2025-05-26T20:37:18+00:00\",\"mainEntityOfPage\":{\"@id\":\"https:\\\/\\\/blogdoprosperi.com\\\/?p=50372\"},\"wordCount\":699,\"commentCount\":0,\"publisher\":{\"@id\":\"https:\\\/\\\/blogdoprosperi.com\\\/#\\\/schema\\\/person\\\/38100755ce3601861ee4fab9b5aa78e9\"},\"image\":{\"@id\":\"https:\\\/\\\/blogdoprosperi.com\\\/?p=50372#primaryimage\"},\"thumbnailUrl\":\"https:\\\/\\\/i0.wp.com\\\/blogdoprosperi.com\\\/wp-content\\\/uploads\\\/2025\\\/05\\\/54546365167_98132d5f61_c.jpg?fit=799%2C540&ssl=1\",\"keywords\":[\"Ancelotti\",\"Casemiro\",\"CBF\",\"copa 2026\",\"futebol\",\"Neymar\",\"sele\u00e7\u00e3o brasileira convoca\u00e7\u00e3o\"],\"articleSection\":[\"futebol\"],\"inLanguage\":\"pt-BR\",\"potentialAction\":[{\"@type\":\"CommentAction\",\"name\":\"Comment\",\"target\":[\"https:\\\/\\\/blogdoprosperi.com\\\/?p=50372#respond\"]}]},{\"@type\":\"WebPage\",\"@id\":\"https:\\\/\\\/blogdoprosperi.com\\\/?p=50372\",\"url\":\"https:\\\/\\\/blogdoprosperi.com\\\/?p=50372\",\"name\":\"Ancelotti Convoca Sele\u00e7\u00e3o | \\\"Vamos Construir Um Time para Competir Contra Qualquer Um\\\" - PR\u00d3SPERI NEWS\",\"isPartOf\":{\"@id\":\"https:\\\/\\\/blogdoprosperi.com\\\/#website\"},\"primaryImageOfPage\":{\"@id\":\"https:\\\/\\\/blogdoprosperi.com\\\/?p=50372#primaryimage\"},\"image\":{\"@id\":\"https:\\\/\\\/blogdoprosperi.com\\\/?p=50372#primaryimage\"},\"thumbnailUrl\":\"https:\\\/\\\/i0.wp.com\\\/blogdoprosperi.com\\\/wp-content\\\/uploads\\\/2025\\\/05\\\/54546365167_98132d5f61_c.jpg?fit=799%2C540&ssl=1\",\"datePublished\":\"2025-05-26T20:19:31+00:00\",\"dateModified\":\"2025-05-26T20:37:18+00:00\",\"breadcrumb\":{\"@id\":\"https:\\\/\\\/blogdoprosperi.com\\\/?p=50372#breadcrumb\"},\"inLanguage\":\"pt-BR\",\"potentialAction\":[{\"@type\":\"ReadAction\",\"target\":[\"https:\\\/\\\/blogdoprosperi.com\\\/?p=50372\"]}]},{\"@type\":\"ImageObject\",\"inLanguage\":\"pt-BR\",\"@id\":\"https:\\\/\\\/blogdoprosperi.com\\\/?p=50372#primaryimage\",\"url\":\"https:\\\/\\\/i0.wp.com\\\/blogdoprosperi.com\\\/wp-content\\\/uploads\\\/2025\\\/05\\\/54546365167_98132d5f61_c.jpg?fit=799%2C540&ssl=1\",\"contentUrl\":\"https:\\\/\\\/i0.wp.com\\\/blogdoprosperi.com\\\/wp-content\\\/uploads\\\/2025\\\/05\\\/54546365167_98132d5f61_c.jpg?fit=799%2C540&ssl=1\",\"width\":799,\"height\":540,\"caption\":\"Ancelotti convoca Sele\u00e7\u00e3o \u2013 foto: CBF oficial\"},{\"@type\":\"BreadcrumbList\",\"@id\":\"https:\\\/\\\/blogdoprosperi.com\\\/?p=50372#breadcrumb\",\"itemListElement\":[{\"@type\":\"ListItem\",\"position\":1,\"name\":\"In\u00edcio\",\"item\":\"https:\\\/\\\/blogdoprosperi.com\\\/\"},{\"@type\":\"ListItem\",\"position\":2,\"name\":\"Ancelotti Convoca Sele\u00e7\u00e3o | &#8220;Vamos Construir Um Time para Competir Contra Qualquer Um&#8221;\"}]},{\"@type\":\"WebSite\",\"@id\":\"https:\\\/\\\/blogdoprosperi.com\\\/#website\",\"url\":\"https:\\\/\\\/blogdoprosperi.com\\\/\",\"name\":\"PR\u00d3SPERI NEWS\",\"description\":\"TUDO \u00c9  FUTEBOL\",\"publisher\":{\"@id\":\"https:\\\/\\\/blogdoprosperi.com\\\/#\\\/schema\\\/person\\\/38100755ce3601861ee4fab9b5aa78e9\"},\"alternateName\":\"blogdoprosperi.com\",\"potentialAction\":[{\"@type\":\"SearchAction\",\"target\":{\"@type\":\"EntryPoint\",\"urlTemplate\":\"https:\\\/\\\/blogdoprosperi.com\\\/?s={search_term_string}\"},\"query-input\":{\"@type\":\"PropertyValueSpecification\",\"valueRequired\":true,\"valueName\":\"search_term_string\"}}],\"inLanguage\":\"pt-BR\"},{\"@type\":[\"Person\",\"Organization\"],\"@id\":\"https:\\\/\\\/blogdoprosperi.com\\\/#\\\/schema\\\/person\\\/38100755ce3601861ee4fab9b5aa78e9\",\"name\":\"Luiz Ant\u00f4nio Pr\u00f3speri\",\"pronouns\":\"ele\",\"image\":{\"@type\":\"ImageObject\",\"inLanguage\":\"pt-BR\",\"@id\":\"https:\\\/\\\/i0.wp.com\\\/blogdoprosperi.com\\\/wp-content\\\/uploads\\\/2026\\\/05\\\/cropped-8059e613-6002-42fa-961e-8e275f575d71-2-5.jpg?fit=1360%2C931&ssl=1\",\"url\":\"https:\\\/\\\/i0.wp.com\\\/blogdoprosperi.com\\\/wp-content\\\/uploads\\\/2026\\\/05\\\/cropped-8059e613-6002-42fa-961e-8e275f575d71-2-5.jpg?fit=1360%2C931&ssl=1\",\"contentUrl\":\"https:\\\/\\\/i0.wp.com\\\/blogdoprosperi.com\\\/wp-content\\\/uploads\\\/2026\\\/05\\\/cropped-8059e613-6002-42fa-961e-8e275f575d71-2-5.jpg?fit=1360%2C931&ssl=1\",\"width\":1360,\"height\":931,\"caption\":\"Luiz Ant\u00f4nio Pr\u00f3speri\"},\"logo\":{\"@id\":\"https:\\\/\\\/i0.wp.com\\\/blogdoprosperi.com\\\/wp-content\\\/uploads\\\/2026\\\/05\\\/cropped-8059e613-6002-42fa-961e-8e275f575d71-2-5.jpg?fit=1360%2C931&ssl=1\"},\"description\":\"Jornalista com carreira dedicada ao esporte. Cobriu 9 Copas do Mundo in loco, 1990 na It\u00e1lia, 1994 nos EUA, 1998 na Fran\u00e7a, 2002 na Coreia do Sul e Jap\u00e3o, 2006 na Alemanha, 2010 na \u00c1frica do Sul, 2014 no Brasil, 2018 na R\u00fassia e 2022 no Qatar. Eurocopas, 1992 na Su\u00e9cia e 1996 na Inglaterra. Copa das Confedera\u00e7\u00f5es de 2005 na Alemanha e 2009 na \u00c1frica do Sul. Rep\u00f3rter e Editor, trabalhou no Jornal da Tarde e Estad\u00e3o, de 1984 a fevereiro de 2016. Colunista, blogueiro. E comentarista de futebol na R\u00e1dio Estad\u00e3o, de 2013 a fevereiro de 2016. Jornalista respons\u00e1vel do \\\"Pr\u00f3speri News\\\" (blogdoprosperi.com).\",\"sameAs\":[\"http:\\\/\\\/blogdoprosperi.com\",\"Luiz Pr\u00f3speri\",\"@luiz_prosperi\",\"https:\\\/\\\/x.com\\\/Luizprosperi\",\"@prosperinacopa\",\"luiz.prosperi@icloud.com\"],\"url\":\"https:\\\/\\\/blogdoprosperi.com\\\/?author=102107496\"}]}<\/script>\n<!-- \/ Yoast SEO plugin. -->","yoast_head_json":{"title":"Ancelotti Convoca Sele\u00e7\u00e3o | \"Vamos Construir Um Time para Competir Contra Qualquer Um\" - PR\u00d3SPERI NEWS","robots":{"index":"index","follow":"follow","max-snippet":"max-snippet:-1","max-image-preview":"max-image-preview:large","max-video-preview":"max-video-preview:-1"},"canonical":"https:\/\/blogdoprosperi.com\/?p=50372","og_locale":"pt_BR","og_type":"article","og_title":"Ancelotti Convoca Sele\u00e7\u00e3o | \"Vamos Construir Um Time para Competir Contra Qualquer Um\" - PR\u00d3SPERI NEWS","og_description":"Luiz Ant\u00f4nio Pr\u00f3speri \u2013 26 maio (17h05) \u2013 Carlo Ancelotti est\u00e1 entre n\u00f3s. Na sua primeira convoca\u00e7\u00e3o da [&hellip;]","og_url":"https:\/\/blogdoprosperi.com\/?p=50372","og_site_name":"PR\u00d3SPERI NEWS","article_publisher":"Luiz Pr\u00f3speri","article_author":"Luiz Pr\u00f3speri","article_published_time":"2025-05-26T20:19:31+00:00","article_modified_time":"2025-05-26T20:37:18+00:00","og_image":[{"width":799,"height":540,"url":"https:\/\/i0.wp.com\/blogdoprosperi.com\/wp-content\/uploads\/2025\/05\/54546365167_98132d5f61_c.jpg?fit=799%2C540&ssl=1","type":"image\/jpeg"}],"author":"Luiz Ant\u00f4nio Pr\u00f3speri","twitter_card":"summary_large_image","twitter_creator":"@Luizprosperi","twitter_site":"@Luizprosperi","twitter_misc":{"Escrito por":"Luiz Ant\u00f4nio Pr\u00f3speri","Est. tempo de leitura":"3 minutos"},"schema":{"@context":"https:\/\/schema.org","@graph":[{"@type":"Article","@id":"https:\/\/blogdoprosperi.com\/?p=50372#article","isPartOf":{"@id":"https:\/\/blogdoprosperi.com\/?p=50372"},"author":{"name":"Luiz Ant\u00f4nio Pr\u00f3speri","@id":"https:\/\/blogdoprosperi.com\/#\/schema\/person\/38100755ce3601861ee4fab9b5aa78e9"},"headline":"Ancelotti Convoca Sele\u00e7\u00e3o | &#8220;Vamos Construir Um Time para Competir Contra Qualquer Um&#8221;","datePublished":"2025-05-26T20:19:31+00:00","dateModified":"2025-05-26T20:37:18+00:00","mainEntityOfPage":{"@id":"https:\/\/blogdoprosperi.com\/?p=50372"},"wordCount":699,"commentCount":0,"publisher":{"@id":"https:\/\/blogdoprosperi.com\/#\/schema\/person\/38100755ce3601861ee4fab9b5aa78e9"},"image":{"@id":"https:\/\/blogdoprosperi.com\/?p=50372#primaryimage"},"thumbnailUrl":"https:\/\/i0.wp.com\/blogdoprosperi.com\/wp-content\/uploads\/2025\/05\/54546365167_98132d5f61_c.jpg?fit=799%2C540&ssl=1","keywords":["Ancelotti","Casemiro","CBF","copa 2026","futebol","Neymar","sele\u00e7\u00e3o brasileira convoca\u00e7\u00e3o"],"articleSection":["futebol"],"inLanguage":"pt-BR","potentialAction":[{"@type":"CommentAction","name":"Comment","target":["https:\/\/blogdoprosperi.com\/?p=50372#respond"]}]},{"@type":"WebPage","@id":"https:\/\/blogdoprosperi.com\/?p=50372","url":"https:\/\/blogdoprosperi.com\/?p=50372","name":"Ancelotti Convoca Sele\u00e7\u00e3o | \"Vamos Construir Um Time para Competir Contra Qualquer Um\" - PR\u00d3SPERI NEWS","isPartOf":{"@id":"https:\/\/blogdoprosperi.com\/#website"},"primaryImageOfPage":{"@id":"https:\/\/blogdoprosperi.com\/?p=50372#primaryimage"},"image":{"@id":"https:\/\/blogdoprosperi.com\/?p=50372#primaryimage"},"thumbnailUrl":"https:\/\/i0.wp.com\/blogdoprosperi.com\/wp-content\/uploads\/2025\/05\/54546365167_98132d5f61_c.jpg?fit=799%2C540&ssl=1","datePublished":"2025-05-26T20:19:31+00:00","dateModified":"2025-05-26T20:37:18+00:00","breadcrumb":{"@id":"https:\/\/blogdoprosperi.com\/?p=50372#breadcrumb"},"inLanguage":"pt-BR","potentialAction":[{"@type":"ReadAction","target":["https:\/\/blogdoprosperi.com\/?p=50372"]}]},{"@type":"ImageObject","inLanguage":"pt-BR","@id":"https:\/\/blogdoprosperi.com\/?p=50372#primaryimage","url":"https:\/\/i0.wp.com\/blogdoprosperi.com\/wp-content\/uploads\/2025\/05\/54546365167_98132d5f61_c.jpg?fit=799%2C540&ssl=1","contentUrl":"https:\/\/i0.wp.com\/blogdoprosperi.com\/wp-content\/uploads\/2025\/05\/54546365167_98132d5f61_c.jpg?fit=799%2C540&ssl=1","width":799,"height":540,"caption":"Ancelotti convoca Sele\u00e7\u00e3o \u2013 foto: CBF oficial"},{"@type":"BreadcrumbList","@id":"https:\/\/blogdoprosperi.com\/?p=50372#breadcrumb","itemListElement":[{"@type":"ListItem","position":1,"name":"In\u00edcio","item":"https:\/\/blogdoprosperi.com\/"},{"@type":"ListItem","position":2,"name":"Ancelotti Convoca Sele\u00e7\u00e3o | &#8220;Vamos Construir Um Time para Competir Contra Qualquer Um&#8221;"}]},{"@type":"WebSite","@id":"https:\/\/blogdoprosperi.com\/#website","url":"https:\/\/blogdoprosperi.com\/","name":"PR\u00d3SPERI NEWS","description":"TUDO \u00c9  FUTEBOL","publisher":{"@id":"https:\/\/blogdoprosperi.com\/#\/schema\/person\/38100755ce3601861ee4fab9b5aa78e9"},"alternateName":"blogdoprosperi.com","potentialAction":[{"@type":"SearchAction","target":{"@type":"EntryPoint","urlTemplate":"https:\/\/blogdoprosperi.com\/?s={search_term_string}"},"query-input":{"@type":"PropertyValueSpecification","valueRequired":true,"valueName":"search_term_string"}}],"inLanguage":"pt-BR"},{"@type":["Person","Organization"],"@id":"https:\/\/blogdoprosperi.com\/#\/schema\/person\/38100755ce3601861ee4fab9b5aa78e9","name":"Luiz Ant\u00f4nio Pr\u00f3speri","pronouns":"ele","image":{"@type":"ImageObject","inLanguage":"pt-BR","@id":"https:\/\/i0.wp.com\/blogdoprosperi.com\/wp-content\/uploads\/2026\/05\/cropped-8059e613-6002-42fa-961e-8e275f575d71-2-5.jpg?fit=1360%2C931&ssl=1","url":"https:\/\/i0.wp.com\/blogdoprosperi.com\/wp-content\/uploads\/2026\/05\/cropped-8059e613-6002-42fa-961e-8e275f575d71-2-5.jpg?fit=1360%2C931&ssl=1","contentUrl":"https:\/\/i0.wp.com\/blogdoprosperi.com\/wp-content\/uploads\/2026\/05\/cropped-8059e613-6002-42fa-961e-8e275f575d71-2-5.jpg?fit=1360%2C931&ssl=1","width":1360,"height":931,"caption":"Luiz Ant\u00f4nio Pr\u00f3speri"},"logo":{"@id":"https:\/\/i0.wp.com\/blogdoprosperi.com\/wp-content\/uploads\/2026\/05\/cropped-8059e613-6002-42fa-961e-8e275f575d71-2-5.jpg?fit=1360%2C931&ssl=1"},"description":"Jornalista com carreira dedicada ao esporte. Cobriu 9 Copas do Mundo in loco, 1990 na It\u00e1lia, 1994 nos EUA, 1998 na Fran\u00e7a, 2002 na Coreia do Sul e Jap\u00e3o, 2006 na Alemanha, 2010 na \u00c1frica do Sul, 2014 no Brasil, 2018 na R\u00fassia e 2022 no Qatar. Eurocopas, 1992 na Su\u00e9cia e 1996 na Inglaterra. Copa das Confedera\u00e7\u00f5es de 2005 na Alemanha e 2009 na \u00c1frica do Sul. Rep\u00f3rter e Editor, trabalhou no Jornal da Tarde e Estad\u00e3o, de 1984 a fevereiro de 2016. Colunista, blogueiro. E comentarista de futebol na R\u00e1dio Estad\u00e3o, de 2013 a fevereiro de 2016. Jornalista respons\u00e1vel do \"Pr\u00f3speri News\" (blogdoprosperi.com).","sameAs":["http:\/\/blogdoprosperi.com","Luiz Pr\u00f3speri","@luiz_prosperi","https:\/\/x.com\/Luizprosperi","@prosperinacopa","luiz.prosperi@icloud.com"],"url":"https:\/\/blogdoprosperi.com\/?author=102107496"}]}},"jetpack_publicize_connections":[],"jetpack_likes_enabled":false,"jetpack_sharing_enabled":true,"jetpack_shortlink":"https:\/\/wp.me\/p7jvdk-d6s","jetpack-related-posts":[{"id":50387,"url":"https:\/\/blogdoprosperi.com\/?p=50387","url_meta":{"origin":50372,"position":0},"title":"V\u00eddeo | Entrevista Completa de Ancelotti na Convoca\u00e7\u00e3o da Sele\u00e7\u00e3o Brasileira","author":"Luiz Ant\u00f4nio Pr\u00f3speri","date":"26 de maio de 2025","format":false,"excerpt":"Aten\u00e7\u00e3o \u2013 in\u00edcio da entrevista a partir de 20 minutos de v\u00eddeo Cortes da entrevista de Ancelotti Jogadores que atuam no Brasil A produ\u00e7\u00e3o de talento no Brasil \u00e9 sem fim, sempre produziu e sempre produzir\u00e1. (...) Os jogadores s\u00e3o conhecidos porque todo mundo pode ver todos os jogos. Obviamente,\u2026","rel":"","context":"Em &quot;CBF&quot;","block_context":{"text":"CBF","link":"https:\/\/blogdoprosperi.com\/?cat=570700"},"img":{"alt_text":"Ancelotti e Felip\u00e3o","src":"https:\/\/i0.wp.com\/blogdoprosperi.com\/wp-content\/uploads\/2025\/05\/54547315701_7c75d626a1_c.jpg?fit=800%2C534&ssl=1&resize=350%2C200","width":350,"height":200,"srcset":"https:\/\/i0.wp.com\/blogdoprosperi.com\/wp-content\/uploads\/2025\/05\/54547315701_7c75d626a1_c.jpg?fit=800%2C534&ssl=1&resize=350%2C200 1x, https:\/\/i0.wp.com\/blogdoprosperi.com\/wp-content\/uploads\/2025\/05\/54547315701_7c75d626a1_c.jpg?fit=800%2C534&ssl=1&resize=525%2C300 1.5x, https:\/\/i0.wp.com\/blogdoprosperi.com\/wp-content\/uploads\/2025\/05\/54547315701_7c75d626a1_c.jpg?fit=800%2C534&ssl=1&resize=700%2C400 2x"},"classes":[]},{"id":54735,"url":"https:\/\/blogdoprosperi.com\/?p=54735","url_meta":{"origin":50372,"position":1},"title":"Ancelotti Deixa Neymar Fora da Sele\u00e7\u00e3o e Continuamos Sem Meias Talentosos","author":"Luiz Ant\u00f4nio Pr\u00f3speri","date":"25 de agosto de 2025","format":false,"excerpt":"Luiz Ant\u00f4nio Pr\u00f3speri \u2013 25 agosto 2025 (17h36) \u2013 Carlo Ancelotti anuncia a lista da Sele\u00e7\u00e3o Brasileira sem Neymar. E manda um recado forte a todos jogadores: quem pensa em jogar na Sele\u00e7\u00e3o precisa de se apresentar na plenitude f\u00edsica. N\u00e3o adianta se credenciar apenas com o nome ou servi\u00e7os\u2026","rel":"","context":"Em &quot;futebol&quot;","block_context":{"text":"futebol","link":"https:\/\/blogdoprosperi.com\/?cat=53870"},"img":{"alt_text":"Charge de Jaguar nos 1970","src":"https:\/\/i0.wp.com\/blogdoprosperi.com\/wp-content\/uploads\/2025\/08\/captura-de-tela-2025-08-25-as-16.47.50.png?fit=1200%2C665&ssl=1&resize=350%2C200","width":350,"height":200,"srcset":"https:\/\/i0.wp.com\/blogdoprosperi.com\/wp-content\/uploads\/2025\/08\/captura-de-tela-2025-08-25-as-16.47.50.png?fit=1200%2C665&ssl=1&resize=350%2C200 1x, https:\/\/i0.wp.com\/blogdoprosperi.com\/wp-content\/uploads\/2025\/08\/captura-de-tela-2025-08-25-as-16.47.50.png?fit=1200%2C665&ssl=1&resize=525%2C300 1.5x, https:\/\/i0.wp.com\/blogdoprosperi.com\/wp-content\/uploads\/2025\/08\/captura-de-tela-2025-08-25-as-16.47.50.png?fit=1200%2C665&ssl=1&resize=700%2C400 2x, https:\/\/i0.wp.com\/blogdoprosperi.com\/wp-content\/uploads\/2025\/08\/captura-de-tela-2025-08-25-as-16.47.50.png?fit=1200%2C665&ssl=1&resize=1050%2C600 3x"},"classes":[]},{"id":41758,"url":"https:\/\/blogdoprosperi.com\/?p=41758","url_meta":{"origin":50372,"position":2},"title":"Guru de Tite chega em 2024 e renova\u00e7\u00e3o da Sele\u00e7\u00e3o corre risco","author":"Luiz Ant\u00f4nio Pr\u00f3speri","date":"20 de junho de 2023","format":false,"excerpt":"Chegada de Carlo Ancelotti em 2024 lan\u00e7a uma quest\u00e3o fundamental: como \u00e9 que fica o processo de remontagem da Sele\u00e7\u00e3o Brasileira?","rel":"","context":"Em &quot;catar 2022&quot;","block_context":{"text":"catar 2022","link":"https:\/\/blogdoprosperi.com\/?cat=47094043"},"img":{"alt_text":"","src":"https:\/\/i0.wp.com\/blogdoprosperi.com\/wp-content\/uploads\/2023\/06\/52989781650_5ca2b0913b_c.jpg?fit=800%2C477&ssl=1&resize=350%2C200","width":350,"height":200,"srcset":"https:\/\/i0.wp.com\/blogdoprosperi.com\/wp-content\/uploads\/2023\/06\/52989781650_5ca2b0913b_c.jpg?fit=800%2C477&ssl=1&resize=350%2C200 1x, https:\/\/i0.wp.com\/blogdoprosperi.com\/wp-content\/uploads\/2023\/06\/52989781650_5ca2b0913b_c.jpg?fit=800%2C477&ssl=1&resize=525%2C300 1.5x, https:\/\/i0.wp.com\/blogdoprosperi.com\/wp-content\/uploads\/2023\/06\/52989781650_5ca2b0913b_c.jpg?fit=800%2C477&ssl=1&resize=700%2C400 2x"},"classes":[]},{"id":59182,"url":"https:\/\/blogdoprosperi.com\/?p=59182","url_meta":{"origin":50372,"position":3},"title":"Al\u00f4, Ancelotti, Endrick Pede Passagem","author":"Luiz Ant\u00f4nio Pr\u00f3speri","date":"3 de junho de 2026","format":false,"excerpt":"Luiz Ant\u00f4nio Pr\u00f3speri \u2013 3 junho 2026 \u00a0(23h16) Al\u00f4, Ancelotti. Endrick est\u00e1 a\u00ed. Entre os 26 eleitos pelo senhor naquela convoca\u00e7\u00e3o espalhafatosa no Museu do Amanh\u00e3 no Rio, dia 18, muito se falou de Neymar. Quase ningu\u00e9m prestou aten\u00e7\u00e3o em Endrick. Garoto tem 19 anos. Na linguagem dos boleiros, \u00e9\u2026","rel":"","context":"Em &quot;copa 2026&quot;","block_context":{"text":"copa 2026","link":"https:\/\/blogdoprosperi.com\/?cat=36820279"},"img":{"alt_text":"","src":"https:\/\/i0.wp.com\/blogdoprosperi.com\/wp-content\/uploads\/2026\/06\/treino-selecao-masculino-03062026.jpg?fit=1200%2C818&ssl=1&resize=350%2C200","width":350,"height":200,"srcset":"https:\/\/i0.wp.com\/blogdoprosperi.com\/wp-content\/uploads\/2026\/06\/treino-selecao-masculino-03062026.jpg?fit=1200%2C818&ssl=1&resize=350%2C200 1x, https:\/\/i0.wp.com\/blogdoprosperi.com\/wp-content\/uploads\/2026\/06\/treino-selecao-masculino-03062026.jpg?fit=1200%2C818&ssl=1&resize=525%2C300 1.5x, https:\/\/i0.wp.com\/blogdoprosperi.com\/wp-content\/uploads\/2026\/06\/treino-selecao-masculino-03062026.jpg?fit=1200%2C818&ssl=1&resize=700%2C400 2x, https:\/\/i0.wp.com\/blogdoprosperi.com\/wp-content\/uploads\/2026\/06\/treino-selecao-masculino-03062026.jpg?fit=1200%2C818&ssl=1&resize=1050%2C600 3x"},"classes":[]},{"id":59334,"url":"https:\/\/blogdoprosperi.com\/?p=59334","url_meta":{"origin":50372,"position":4},"title":"Wesley cortado da Sele\u00e7\u00e3o Brasileira, Ancelotti convoca volante Ederson","author":"Luiz Ant\u00f4nio Pr\u00f3speri","date":"7 de junho de 2026","format":false,"excerpt":"Wesley tem les\u00e3o muscular no adutor da coxa esquerda constatada em resson\u00e2ncia magn\u00e9tica ap\u00f3s amistoso Brasil 2 x 1 Egito. Por isso est\u00e1 fora da Copa do Mundo. Carlo Ancelotti convoca o volante Ederson. Sai um lateral-direito, entra um meio-campista. Por caminhos tortos, Ancelotti corrige uma falha na sua convoca\u00e7\u00e3o\u2026","rel":"","context":"Em &quot;copa 2026&quot;","block_context":{"text":"copa 2026","link":"https:\/\/blogdoprosperi.com\/?cat=36820279"},"img":{"alt_text":"","src":"https:\/\/i0.wp.com\/blogdoprosperi.com\/wp-content\/uploads\/2026\/06\/Captura-de-Tela-2026-06-07-as-13.39.40.png?fit=1200%2C682&ssl=1&resize=350%2C200","width":350,"height":200,"srcset":"https:\/\/i0.wp.com\/blogdoprosperi.com\/wp-content\/uploads\/2026\/06\/Captura-de-Tela-2026-06-07-as-13.39.40.png?fit=1200%2C682&ssl=1&resize=350%2C200 1x, https:\/\/i0.wp.com\/blogdoprosperi.com\/wp-content\/uploads\/2026\/06\/Captura-de-Tela-2026-06-07-as-13.39.40.png?fit=1200%2C682&ssl=1&resize=525%2C300 1.5x, https:\/\/i0.wp.com\/blogdoprosperi.com\/wp-content\/uploads\/2026\/06\/Captura-de-Tela-2026-06-07-as-13.39.40.png?fit=1200%2C682&ssl=1&resize=700%2C400 2x, https:\/\/i0.wp.com\/blogdoprosperi.com\/wp-content\/uploads\/2026\/06\/Captura-de-Tela-2026-06-07-as-13.39.40.png?fit=1200%2C682&ssl=1&resize=1050%2C600 3x"},"classes":[]},{"id":56958,"url":"https:\/\/blogdoprosperi.com\/?p=56958","url_meta":{"origin":50372,"position":5},"title":"Entenda o Carnaval de Ancelotti na Sele\u00e7\u00e3o Brasileira","author":"Luiz Ant\u00f4nio Pr\u00f3speri","date":"24 de mar\u00e7o de 2026","format":false,"excerpt":"Luiz Ant\u00f4nio Pr\u00f3speri \u2013 24 mar\u00e7o 2026 (11h43) \u2013 Carlo Ancelotti encontra um novo velho caminho para recolocar a Sele\u00e7\u00e3o Brasileira rumo ao Hexa. A descoberta do italiano: o Carnaval. Sim, o Reinado de Momo. Enquanto faturava uns caramingu\u00e1s de patrocinadores acompanhando o carnaval em Salvador, S\u00e3o Paulo e Rio\u2026","rel":"","context":"Em &quot;copa 2026&quot;","block_context":{"text":"copa 2026","link":"https:\/\/blogdoprosperi.com\/?cat=36820279"},"img":{"alt_text":"","src":"https:\/\/i0.wp.com\/blogdoprosperi.com\/wp-content\/uploads\/2026\/03\/ancelotti-promete-o-hexa-durante-o-carnaval-de-salvador-3141901-article.webp?fit=1200%2C803&ssl=1&resize=350%2C200","width":350,"height":200,"srcset":"https:\/\/i0.wp.com\/blogdoprosperi.com\/wp-content\/uploads\/2026\/03\/ancelotti-promete-o-hexa-durante-o-carnaval-de-salvador-3141901-article.webp?fit=1200%2C803&ssl=1&resize=350%2C200 1x, https:\/\/i0.wp.com\/blogdoprosperi.com\/wp-content\/uploads\/2026\/03\/ancelotti-promete-o-hexa-durante-o-carnaval-de-salvador-3141901-article.webp?fit=1200%2C803&ssl=1&resize=525%2C300 1.5x, https:\/\/i0.wp.com\/blogdoprosperi.com\/wp-content\/uploads\/2026\/03\/ancelotti-promete-o-hexa-durante-o-carnaval-de-salvador-3141901-article.webp?fit=1200%2C803&ssl=1&resize=700%2C400 2x, https:\/\/i0.wp.com\/blogdoprosperi.com\/wp-content\/uploads\/2026\/03\/ancelotti-promete-o-hexa-durante-o-carnaval-de-salvador-3141901-article.webp?fit=1200%2C803&ssl=1&resize=1050%2C600 3x"},"classes":[]}],"jetpack_featured_media_url":"https:\/\/i0.wp.com\/blogdoprosperi.com\/wp-content\/uploads\/2025\/05\/54546365167_98132d5f61_c.jpg?fit=799%2C540&ssl=1","_links":{"self":[{"href":"https:\/\/blogdoprosperi.com\/index.php?rest_route=\/wp\/v2\/posts\/50372","targetHints":{"allow":["GET"]}}],"collection":[{"href":"https:\/\/blogdoprosperi.com\/index.php?rest_route=\/wp\/v2\/posts"}],"about":[{"href":"https:\/\/blogdoprosperi.com\/index.php?rest_route=\/wp\/v2\/types\/post"}],"author":[{"embeddable":true,"href":"https:\/\/blogdoprosperi.com\/index.php?rest_route=\/wp\/v2\/users\/102107496"}],"replies":[{"embeddable":true,"href":"https:\/\/blogdoprosperi.com\/index.php?rest_route=%2Fwp%2Fv2%2Fcomments&post=50372"}],"version-history":[{"count":21,"href":"https:\/\/blogdoprosperi.com\/index.php?rest_route=\/wp\/v2\/posts\/50372\/revisions"}],"predecessor-version":[{"id":50399,"href":"https:\/\/blogdoprosperi.com\/index.php?rest_route=\/wp\/v2\/posts\/50372\/revisions\/50399"}],"wp:featuredmedia":[{"embeddable":true,"href":"https:\/\/blogdoprosperi.com\/index.php?rest_route=\/wp\/v2\/media\/50391"}],"wp:attachment":[{"href":"https:\/\/blogdoprosperi.com\/index.php?rest_route=%2Fwp%2Fv2%2Fmedia&parent=50372"}],"wp:term":[{"taxonomy":"category","embeddable":true,"href":"https:\/\/blogdoprosperi.com\/index.php?rest_route=%2Fwp%2Fv2%2Fcategories&post=50372"},{"taxonomy":"post_tag","embeddable":true,"href":"https:\/\/blogdoprosperi.com\/index.php?rest_route=%2Fwp%2Fv2%2Ftags&post=50372"}],"curies":[{"name":"wp","href":"https:\/\/api.w.org\/{rel}","templated":true}]}}