{"id":50554,"date":"2025-06-02T11:42:30","date_gmt":"2025-06-02T14:42:30","guid":{"rendered":"https:\/\/blogdoprosperi.com\/?p=50554"},"modified":"2025-06-02T11:42:30","modified_gmt":"2025-06-02T14:42:30","slug":"vitoria-do-psg-na-liga-dos-campeoes-emociona-mas-ainda-e-lavagem-esportiva","status":"publish","type":"post","link":"https:\/\/blogdoprosperi.com\/?p=50554","title":{"rendered":"Vit\u00f3ria do PSG na Liga dos Campe\u00f5es Emociona, Mas ainda \u00e9 &#8216;Lavagem Esportiva&#8217;"},"content":{"rendered":"<p><strong>\u2666 Depois de anos como uma cole\u00e7\u00e3o de jogadores de futebol famosos sem rumo, o PSG agora \u00e9 um time de verdade. Mas ainda representa uma das tend\u00eancias mais sombrias do esporte<\/strong><\/p>\n<hr \/>\n<p><em>Jonathan Wilson \u2013 The Guardian \u2013 2 junho (11h30) \u2013<\/em><\/p>\n<p>O sucesso do\u00a0<em><strong>Paris Saint-Germain<\/strong><\/em>\u00a0na final da Liga dos Campe\u00f5es no s\u00e1bado foi uma vit\u00f3ria para a juventude e a aventura. Foi uma vit\u00f3ria para uma equipe constru\u00edda com uma vis\u00e3o coerente e uma repreens\u00e3o para aqueles que acreditam que o esporte se resume apenas a colecionar os maiores nomes. Foi uma vit\u00f3ria para Luis Enrique, um excelente treinador que sofreu uma terr\u00edvel trag\u00e9dia pessoal. Foi uma vit\u00f3ria para um futebol progressista, fluente e com vis\u00e3o de futuro.<\/p>\n<p>Mas tamb\u00e9m foi uma vit\u00f3ria do sportswashing.<\/p>\n<p>Se pud\u00e9ssemos separar o jogo do seu contexto, seria hipnotizante. O PSG foi brilhante e, embora a Inter tenha sido p\u00e9ssima, pelo menos parte desse horror foi provocado pela energia implac\u00e1vel do PSG. A diferen\u00e7a de cinco gols foi a maior em qualquer final de Liga dos Campe\u00f5es ou Liga dos Campe\u00f5es, e \u00e9 dif\u00edcil acreditar que qualquer final tenha sido t\u00e3o desequilibrada (pelo menos at\u00e9 a final da Copa dos Campe\u00f5es da Concacaf no dia seguinte, vencida pelo mesmo placar de 5 a 0.<\/p>\n<p>Quatro vezes antes, a final da Liga dos Campe\u00f5es havia sido marcada por uma diferen\u00e7a de quatro gols. Houve\u00a0a lend\u00e1ria vit\u00f3ria do Real Madrid por 7 a 3\u00a0sobre o Eintracht Frankfurt no Hampden Park, em 1960, o jogo que tanto inspirou o futuro t\u00e9cnico do Manchester United, Alex Ferguson. Mas parte do fasc\u00ednio por l\u00e1 residia no fato de o Frankfurt tamb\u00e9m ser um time excepcional. Eles haviam vencido o Rangers por 12 a 4 no placar agregado na semifinal e foram bons o suficiente para assumir a lideran\u00e7a \u2013 mesmo que o segundo e o terceiro gols tenham sido parte de uma sequ\u00eancia de quatro gols entre os 71 e 75 minutos.<\/p>\n<p>O Bayern venceu o Atl\u00e9tico por 4 a 0 em 1974, mas isso foi em um jogo de repeti\u00e7\u00e3o. Quando\u00a0o Milan venceu o Barcelona por 4 a 0 em 1994, foi um choque, e uma enorme vit\u00f3ria t\u00e1tica para Fabio Capello sobre Johan Cruyff, mas at\u00e9 o quarto gol ainda havia a sensa\u00e7\u00e3o de que o Barcelona poderia reagir. A vit\u00f3ria do Milan por 4 a 0 sobre o Steaua Bucareste em 1989 foi talvez a mais pr\u00f3xima do s\u00e1bado; eles foram vencedores enf\u00e1ticos, e Arrigo Sacchi disse que foi o mais perto que qualquer um de seus times chegou de alcan\u00e7ar seu ideal de futebol.<\/p>\n<p>Mesmo quando\u00a0o Barcelona superou o Manchester United\u00a0em 2011, o United teve resili\u00eancia suficiente para restringir o time a tr\u00eas, at\u00e9 mesmo for\u00e7ando um improv\u00e1vel empate. N\u00e3o foi a capitula\u00e7\u00e3o da Inter.<\/p>\n<p>O Barcelona deve ter assistido \u00e0 final de s\u00e1bado com descren\u00e7a; como foi que\u00a0perderam a semifinal\u00a0para aquela Inter? Como se deixaram abater repetidas vezes em jogadas ensaiadas e contra-ataques?<\/p>\n<p>A sensa\u00e7\u00e3o \u00e9 de que s\u00e1bado ser\u00e1 uma vit\u00f3ria decisiva. Este \u00e9 um PSG jovem. A Liga dos Campe\u00f5es \u00e9 um torneio notoriamente dif\u00edcil de manter para todos, exceto para o Real Madrid, mas n\u00e3o h\u00e1 raz\u00e3o para que esta n\u00e3o possa ser a primeira Liga dos Campe\u00f5es de muitas. Depois de anos como um circo de celebridades, que reconhecidamente ajudou a consolidar sua marca, eles t\u00eam uma pol\u00edtica de recrutamento racional e um t\u00e9cnico intenso e talentoso. E s\u00e3o, sem d\u00favida, divertidos de assistir.<\/p>\n<p>\u00c9 isso que torna o sportswashing t\u00e3o insidioso. Em campo, o PSG \u00e9 o que um clube de futebol deve ser. Mas o fato \u00e9 que eles s\u00e3o de propriedade da Qatari Sports Investments, e esse apoio estatal lhes d\u00e1 uma enorme vantagem sobre outros clubes financiados por meios mais tradicionais. A QSI investiu no PSG seis meses ap\u00f3s a reuni\u00e3o no Pal\u00e1cio do Eliseu em novembro de 2010 \u2013 um m\u00eas antes do Catar ganhar o direito de sediar a Copa do Mundo de 2022 \u2013 entre o presidente franc\u00eas, Nicolas Sarkozy, o presidente franc\u00eas da UEFA, Michel Platini, e Tamim al-Thani\u00a0, o pr\u00edncipe herdeiro do Catar \u2013 agora emir. O PSG foi apenas parte da onda de investimentos do Catar na Fran\u00e7a, embora deva ser enfatizado que Platini afirma que j\u00e1 havia decidido votar no Catar.<\/p>\n<p>Por mais vorazes que sejam os fundos de private equity que controlam alguns clubes de elite, eles n\u00e3o possuem a riqueza, na pr\u00e1tica, infinita daqueles apoiados por um Estado. A Inter \u00e9 uma das tr\u00eas grandes da It\u00e1lia. Conquistou a Ta\u00e7a dos Campe\u00f5es Europeus\/Liga dos Campe\u00f5es tr\u00eas vezes. Por muito tempo, foi sustentada pela riqueza da fam\u00edlia Moratti. N\u00e3o s\u00e3o peixinhos em nenhum sentido. E, no entanto, segundo a Deloitte, sua receita anual \u00e9 menos da metade da do PSG. Entre os patrocinadores do PSG est\u00e3o a Qatar Airways e a Ag\u00eancia de Turismo do Catar; o apoio estatal pode lubrificar muitas engrenagens.<\/p>\n<p>O Catar\u00a0\u00e9 um pa\u00eds\u00a0onde trabalhadores s\u00e3o rotineiramente explorados, mulheres est\u00e3o sujeitas a leis de tutela masculina, rela\u00e7\u00f5es entre pessoas do mesmo sexo s\u00e3o proibidas e a liberdade de express\u00e3o \u00e9 severamente restringida. \u00c9 tamb\u00e9m o pa\u00eds que sediou a maior final de Copa do Mundo de todos os tempos,\u00a0em 2022, e que possui o melhor time do futebol europeu (e, portanto, do mundo). Nasser al-Khelaifi, presidente do PSG, tamb\u00e9m preside o grupo de m\u00eddia beIN, um importante player na transmiss\u00e3o de futebol, e \u00e9 chefe da Associa\u00e7\u00e3o Europeia de Clubes, cargo em que se sentou no s\u00e1bado ao lado do presidente da UEFA, Aleksander Ceferin. Ele \u00e9 extremamente influente e responde, em \u00faltima inst\u00e2ncia, \u00e0 QSI, da qual \u00e9 presidente.<\/p>\n<p>A Inter perdeu em duas das \u00faltimas tr\u00eas finais da Liga dos Campe\u00f5es. Ambas as derrotas foram para clubes estatais. Este \u00e9 o futebol moderno, palco de manobras geopol\u00edticas. Costumava ser f\u00e1cil rir do PSG, que gastou uma fortuna com estrelas envelhecidas que sucumbiam sob press\u00e3o. Esta \u00faltima vers\u00e3o parece mais um time de futebol. \u00c9 admir\u00e1vel em muitos aspectos. O futebol \u00e9 emocionante e bem-sucedido. Mas ainda \u00e9 lavagem esportiva.<\/p>\n<hr \/>\n<p><strong>Intelig\u00eancia Artificial<\/strong><\/p>\n<p><strong>sportswashing<\/strong><\/p>\n<p><em>A tradu\u00e7\u00e3o de &#8220;sportswashing&#8221; para portugu\u00eas \u00e9 &#8220;lavagem esportiva&#8221;.\u00a0O termo refere-se \u00e0 pr\u00e1tica de utilizar o esporte para melhorar a imagem p\u00fablica de um pa\u00eds, organiza\u00e7\u00e3o ou indiv\u00edduo, frequentemente para desviar a aten\u00e7\u00e3o de quest\u00f5es controversas ou problemas de direitos humanos.\u00a0\u00c9 uma forma de propaganda que envolve a organiza\u00e7\u00e3o de grandes eventos esportivos, investimentos em equipes ou patroc\u00ednios, visando projetar uma imagem mais favor\u00e1vel.<span class=\"pjBG2e\"><span class=\"UV3uM\">\u00a0<\/span><\/span><\/em><\/p>\n<hr \/>\n<p>&nbsp;<\/p>\n","protected":false},"excerpt":{"rendered":"<p>\u2666 Depois de anos como uma cole\u00e7\u00e3o de jogadores de futebol famosos sem rumo, o PSG agora \u00e9 [&hellip;]<\/p>\n","protected":false},"author":102107496,"featured_media":50563,"comment_status":"open","ping_status":"open","sticky":false,"template":"","format":"standard","meta":{"_coblocks_attr":"","_coblocks_dimensions":"","_coblocks_responsive_height":"","_coblocks_accordion_ie_support":"","_jetpack_newsletter_access":"","_jetpack_dont_email_post_to_subs":false,"_jetpack_newsletter_tier_id":0,"_jetpack_memberships_contains_paywalled_content":false,"_wpcom_ai_launchpad_first_post":false,"_jetpack_feature_clip_id":0,"_jetpack_memberships_contains_paid_content":false,"footnotes":"","jetpack_publicize_message":"","jetpack_publicize_feature_enabled":true,"jetpack_social_post_already_shared":false,"jetpack_social_options":{"image_generator_settings":{"template":"highway","default_image_id":0,"font":"","enabled":false},"version":2},"jetpack_post_was_ever_published":false},"categories":[53870,20384,3919,29811679],"tags":[1143571,789560557,789560560,781535484,59498390,1693199,361092,30948105,184118],"class_list":["post-50554","post","type-post","status-publish","format-standard","has-post-thumbnail","hentry","category-futebol","category-informacao","category-opiniao","category-qatar-2022","tag-catar","tag-champions-league","tag-futebol","tag-liga-dos-campeoes-europa","tag-nasser-al-khelaifi","tag-paris-saint-germain","tag-psg","tag-tamim-al-thani","tag-uefa"],"yoast_head":"<!-- This site is optimized with the Yoast SEO plugin v28.4 - https:\/\/yoast.com\/product\/yoast-seo-wordpress\/ -->\n<title>Vit\u00f3ria do PSG na Liga dos Campe\u00f5es Emociona, Mas ainda \u00e9 &#039;Lavagem Esportiva&#039; - PR\u00d3SPERI NEWS<\/title>\n<meta name=\"robots\" content=\"index, follow, max-snippet:-1, max-image-preview:large, max-video-preview:-1\" \/>\n<link rel=\"canonical\" href=\"https:\/\/blogdoprosperi.com\/?p=50554\" \/>\n<meta property=\"og:locale\" content=\"pt_BR\" \/>\n<meta property=\"og:type\" content=\"article\" \/>\n<meta property=\"og:title\" content=\"Vit\u00f3ria do PSG na Liga dos Campe\u00f5es Emociona, Mas ainda \u00e9 &#039;Lavagem Esportiva&#039; - PR\u00d3SPERI NEWS\" \/>\n<meta property=\"og:description\" content=\"\u2666 Depois de anos como uma cole\u00e7\u00e3o de jogadores de futebol famosos sem rumo, o PSG agora \u00e9 [&hellip;]\" \/>\n<meta property=\"og:url\" content=\"https:\/\/blogdoprosperi.com\/?p=50554\" \/>\n<meta property=\"og:site_name\" content=\"PR\u00d3SPERI NEWS\" \/>\n<meta property=\"article:publisher\" content=\"Luiz Pr\u00f3speri\" \/>\n<meta property=\"article:author\" content=\"Luiz Pr\u00f3speri\" \/>\n<meta property=\"article:published_time\" content=\"2025-06-02T14:42:30+00:00\" \/>\n<meta property=\"og:image\" content=\"https:\/\/i0.wp.com\/blogdoprosperi.com\/wp-content\/uploads\/2025\/06\/captura-de-tela-2025-06-02-as-11.33.49.png?fit=940%2C625&ssl=1\" \/>\n\t<meta property=\"og:image:width\" content=\"940\" \/>\n\t<meta property=\"og:image:height\" content=\"625\" \/>\n\t<meta property=\"og:image:type\" content=\"image\/png\" \/>\n<meta name=\"author\" content=\"Luiz Ant\u00f4nio Pr\u00f3speri\" \/>\n<meta name=\"twitter:card\" content=\"summary_large_image\" \/>\n<meta name=\"twitter:creator\" content=\"@Luizprosperi\" \/>\n<meta name=\"twitter:site\" content=\"@Luizprosperi\" \/>\n<meta name=\"twitter:label1\" content=\"Escrito por\" \/>\n\t<meta name=\"twitter:data1\" content=\"Luiz Ant\u00f4nio Pr\u00f3speri\" \/>\n\t<meta name=\"twitter:label2\" content=\"Est. tempo de leitura\" \/>\n\t<meta name=\"twitter:data2\" content=\"6 minutos\" \/>\n<script type=\"application\/ld+json\" class=\"yoast-schema-graph\">{\"@context\":\"https:\\\/\\\/schema.org\",\"@graph\":[{\"@type\":\"Article\",\"@id\":\"https:\\\/\\\/blogdoprosperi.com\\\/?p=50554#article\",\"isPartOf\":{\"@id\":\"https:\\\/\\\/blogdoprosperi.com\\\/?p=50554\"},\"author\":{\"name\":\"Luiz Ant\u00f4nio Pr\u00f3speri\",\"@id\":\"https:\\\/\\\/blogdoprosperi.com\\\/#\\\/schema\\\/person\\\/38100755ce3601861ee4fab9b5aa78e9\"},\"headline\":\"Vit\u00f3ria do PSG na Liga dos Campe\u00f5es Emociona, Mas ainda \u00e9 &#8216;Lavagem Esportiva&#8217;\",\"datePublished\":\"2025-06-02T14:42:30+00:00\",\"mainEntityOfPage\":{\"@id\":\"https:\\\/\\\/blogdoprosperi.com\\\/?p=50554\"},\"wordCount\":1171,\"commentCount\":0,\"publisher\":{\"@id\":\"https:\\\/\\\/blogdoprosperi.com\\\/#\\\/schema\\\/person\\\/38100755ce3601861ee4fab9b5aa78e9\"},\"image\":{\"@id\":\"https:\\\/\\\/blogdoprosperi.com\\\/?p=50554#primaryimage\"},\"thumbnailUrl\":\"https:\\\/\\\/i0.wp.com\\\/blogdoprosperi.com\\\/wp-content\\\/uploads\\\/2025\\\/06\\\/captura-de-tela-2025-06-02-as-11.33.49.png?fit=1336%2C888&ssl=1\",\"keywords\":[\"catar\",\"Champions League\",\"futebol\",\"Liga dos Campe\u00f5es Europa\",\"Nasser al-Khelaifi\",\"Paris Saint-Germain\",\"PSG\",\"Tamim al-Thani\",\"Uefa\"],\"articleSection\":[\"futebol\",\"informa\u00e7\u00e3o\",\"opini\u00e3o\",\"qatar 2022\"],\"inLanguage\":\"pt-BR\",\"potentialAction\":[{\"@type\":\"CommentAction\",\"name\":\"Comment\",\"target\":[\"https:\\\/\\\/blogdoprosperi.com\\\/?p=50554#respond\"]}]},{\"@type\":\"WebPage\",\"@id\":\"https:\\\/\\\/blogdoprosperi.com\\\/?p=50554\",\"url\":\"https:\\\/\\\/blogdoprosperi.com\\\/?p=50554\",\"name\":\"Vit\u00f3ria do PSG na Liga dos Campe\u00f5es Emociona, Mas ainda \u00e9 'Lavagem Esportiva' - PR\u00d3SPERI NEWS\",\"isPartOf\":{\"@id\":\"https:\\\/\\\/blogdoprosperi.com\\\/#website\"},\"primaryImageOfPage\":{\"@id\":\"https:\\\/\\\/blogdoprosperi.com\\\/?p=50554#primaryimage\"},\"image\":{\"@id\":\"https:\\\/\\\/blogdoprosperi.com\\\/?p=50554#primaryimage\"},\"thumbnailUrl\":\"https:\\\/\\\/i0.wp.com\\\/blogdoprosperi.com\\\/wp-content\\\/uploads\\\/2025\\\/06\\\/captura-de-tela-2025-06-02-as-11.33.49.png?fit=1336%2C888&ssl=1\",\"datePublished\":\"2025-06-02T14:42:30+00:00\",\"breadcrumb\":{\"@id\":\"https:\\\/\\\/blogdoprosperi.com\\\/?p=50554#breadcrumb\"},\"inLanguage\":\"pt-BR\",\"potentialAction\":[{\"@type\":\"ReadAction\",\"target\":[\"https:\\\/\\\/blogdoprosperi.com\\\/?p=50554\"]}]},{\"@type\":\"ImageObject\",\"inLanguage\":\"pt-BR\",\"@id\":\"https:\\\/\\\/blogdoprosperi.com\\\/?p=50554#primaryimage\",\"url\":\"https:\\\/\\\/i0.wp.com\\\/blogdoprosperi.com\\\/wp-content\\\/uploads\\\/2025\\\/06\\\/captura-de-tela-2025-06-02-as-11.33.49.png?fit=1336%2C888&ssl=1\",\"contentUrl\":\"https:\\\/\\\/i0.wp.com\\\/blogdoprosperi.com\\\/wp-content\\\/uploads\\\/2025\\\/06\\\/captura-de-tela-2025-06-02-as-11.33.49.png?fit=1336%2C888&ssl=1\",\"width\":1336,\"height\":888,\"caption\":\"PSG celebra conquista da Champions League \u2013 foto: PSG oficial\"},{\"@type\":\"BreadcrumbList\",\"@id\":\"https:\\\/\\\/blogdoprosperi.com\\\/?p=50554#breadcrumb\",\"itemListElement\":[{\"@type\":\"ListItem\",\"position\":1,\"name\":\"In\u00edcio\",\"item\":\"https:\\\/\\\/blogdoprosperi.com\\\/\"},{\"@type\":\"ListItem\",\"position\":2,\"name\":\"Vit\u00f3ria do PSG na Liga dos Campe\u00f5es Emociona, Mas ainda \u00e9 &#8216;Lavagem Esportiva&#8217;\"}]},{\"@type\":\"WebSite\",\"@id\":\"https:\\\/\\\/blogdoprosperi.com\\\/#website\",\"url\":\"https:\\\/\\\/blogdoprosperi.com\\\/\",\"name\":\"PR\u00d3SPERI NEWS\",\"description\":\"TUDO \u00c9  FUTEBOL\",\"publisher\":{\"@id\":\"https:\\\/\\\/blogdoprosperi.com\\\/#\\\/schema\\\/person\\\/38100755ce3601861ee4fab9b5aa78e9\"},\"alternateName\":\"blogdoprosperi.com\",\"potentialAction\":[{\"@type\":\"SearchAction\",\"target\":{\"@type\":\"EntryPoint\",\"urlTemplate\":\"https:\\\/\\\/blogdoprosperi.com\\\/?s={search_term_string}\"},\"query-input\":{\"@type\":\"PropertyValueSpecification\",\"valueRequired\":true,\"valueName\":\"search_term_string\"}}],\"inLanguage\":\"pt-BR\"},{\"@type\":[\"Person\",\"Organization\"],\"@id\":\"https:\\\/\\\/blogdoprosperi.com\\\/#\\\/schema\\\/person\\\/38100755ce3601861ee4fab9b5aa78e9\",\"name\":\"Luiz Ant\u00f4nio Pr\u00f3speri\",\"pronouns\":\"ele\",\"image\":{\"@type\":\"ImageObject\",\"inLanguage\":\"pt-BR\",\"@id\":\"https:\\\/\\\/i0.wp.com\\\/blogdoprosperi.com\\\/wp-content\\\/uploads\\\/2026\\\/05\\\/cropped-8059e613-6002-42fa-961e-8e275f575d71-2-5.jpg?fit=1360%2C931&ssl=1\",\"url\":\"https:\\\/\\\/i0.wp.com\\\/blogdoprosperi.com\\\/wp-content\\\/uploads\\\/2026\\\/05\\\/cropped-8059e613-6002-42fa-961e-8e275f575d71-2-5.jpg?fit=1360%2C931&ssl=1\",\"contentUrl\":\"https:\\\/\\\/i0.wp.com\\\/blogdoprosperi.com\\\/wp-content\\\/uploads\\\/2026\\\/05\\\/cropped-8059e613-6002-42fa-961e-8e275f575d71-2-5.jpg?fit=1360%2C931&ssl=1\",\"width\":1360,\"height\":931,\"caption\":\"Luiz Ant\u00f4nio Pr\u00f3speri\"},\"logo\":{\"@id\":\"https:\\\/\\\/i0.wp.com\\\/blogdoprosperi.com\\\/wp-content\\\/uploads\\\/2026\\\/05\\\/cropped-8059e613-6002-42fa-961e-8e275f575d71-2-5.jpg?fit=1360%2C931&ssl=1\"},\"description\":\"Jornalista com carreira dedicada ao esporte. Cobriu 9 Copas do Mundo in loco, 1990 na It\u00e1lia, 1994 nos EUA, 1998 na Fran\u00e7a, 2002 na Coreia do Sul e Jap\u00e3o, 2006 na Alemanha, 2010 na \u00c1frica do Sul, 2014 no Brasil, 2018 na R\u00fassia e 2022 no Qatar. Eurocopas, 1992 na Su\u00e9cia e 1996 na Inglaterra. Copa das Confedera\u00e7\u00f5es de 2005 na Alemanha e 2009 na \u00c1frica do Sul. Rep\u00f3rter e Editor, trabalhou no Jornal da Tarde e Estad\u00e3o, de 1984 a fevereiro de 2016. Colunista, blogueiro. E comentarista de futebol na R\u00e1dio Estad\u00e3o, de 2013 a fevereiro de 2016. Jornalista respons\u00e1vel do \\\"Pr\u00f3speri News\\\" (blogdoprosperi.com).\",\"sameAs\":[\"http:\\\/\\\/blogdoprosperi.com\",\"Luiz Pr\u00f3speri\",\"@luiz_prosperi\",\"https:\\\/\\\/x.com\\\/Luizprosperi\",\"@prosperinacopa\",\"luiz.prosperi@icloud.com\"],\"url\":\"https:\\\/\\\/blogdoprosperi.com\\\/?author=102107496\"}]}<\/script>\n<!-- \/ Yoast SEO plugin. -->","yoast_head_json":{"title":"Vit\u00f3ria do PSG na Liga dos Campe\u00f5es Emociona, Mas ainda \u00e9 'Lavagem Esportiva' - PR\u00d3SPERI NEWS","robots":{"index":"index","follow":"follow","max-snippet":"max-snippet:-1","max-image-preview":"max-image-preview:large","max-video-preview":"max-video-preview:-1"},"canonical":"https:\/\/blogdoprosperi.com\/?p=50554","og_locale":"pt_BR","og_type":"article","og_title":"Vit\u00f3ria do PSG na Liga dos Campe\u00f5es Emociona, Mas ainda \u00e9 'Lavagem Esportiva' - PR\u00d3SPERI NEWS","og_description":"\u2666 Depois de anos como uma cole\u00e7\u00e3o de jogadores de futebol famosos sem rumo, o PSG agora \u00e9 [&hellip;]","og_url":"https:\/\/blogdoprosperi.com\/?p=50554","og_site_name":"PR\u00d3SPERI NEWS","article_publisher":"Luiz Pr\u00f3speri","article_author":"Luiz Pr\u00f3speri","article_published_time":"2025-06-02T14:42:30+00:00","og_image":[{"url":"https:\/\/i0.wp.com\/blogdoprosperi.com\/wp-content\/uploads\/2025\/06\/captura-de-tela-2025-06-02-as-11.33.49.png?fit=940%2C625&ssl=1","width":940,"height":625,"type":"image\/png"}],"author":"Luiz Ant\u00f4nio Pr\u00f3speri","twitter_card":"summary_large_image","twitter_creator":"@Luizprosperi","twitter_site":"@Luizprosperi","twitter_misc":{"Escrito por":"Luiz Ant\u00f4nio Pr\u00f3speri","Est. tempo de leitura":"6 minutos"},"schema":{"@context":"https:\/\/schema.org","@graph":[{"@type":"Article","@id":"https:\/\/blogdoprosperi.com\/?p=50554#article","isPartOf":{"@id":"https:\/\/blogdoprosperi.com\/?p=50554"},"author":{"name":"Luiz Ant\u00f4nio Pr\u00f3speri","@id":"https:\/\/blogdoprosperi.com\/#\/schema\/person\/38100755ce3601861ee4fab9b5aa78e9"},"headline":"Vit\u00f3ria do PSG na Liga dos Campe\u00f5es Emociona, Mas ainda \u00e9 &#8216;Lavagem Esportiva&#8217;","datePublished":"2025-06-02T14:42:30+00:00","mainEntityOfPage":{"@id":"https:\/\/blogdoprosperi.com\/?p=50554"},"wordCount":1171,"commentCount":0,"publisher":{"@id":"https:\/\/blogdoprosperi.com\/#\/schema\/person\/38100755ce3601861ee4fab9b5aa78e9"},"image":{"@id":"https:\/\/blogdoprosperi.com\/?p=50554#primaryimage"},"thumbnailUrl":"https:\/\/i0.wp.com\/blogdoprosperi.com\/wp-content\/uploads\/2025\/06\/captura-de-tela-2025-06-02-as-11.33.49.png?fit=1336%2C888&ssl=1","keywords":["catar","Champions League","futebol","Liga dos Campe\u00f5es Europa","Nasser al-Khelaifi","Paris Saint-Germain","PSG","Tamim al-Thani","Uefa"],"articleSection":["futebol","informa\u00e7\u00e3o","opini\u00e3o","qatar 2022"],"inLanguage":"pt-BR","potentialAction":[{"@type":"CommentAction","name":"Comment","target":["https:\/\/blogdoprosperi.com\/?p=50554#respond"]}]},{"@type":"WebPage","@id":"https:\/\/blogdoprosperi.com\/?p=50554","url":"https:\/\/blogdoprosperi.com\/?p=50554","name":"Vit\u00f3ria do PSG na Liga dos Campe\u00f5es Emociona, Mas ainda \u00e9 'Lavagem Esportiva' - PR\u00d3SPERI NEWS","isPartOf":{"@id":"https:\/\/blogdoprosperi.com\/#website"},"primaryImageOfPage":{"@id":"https:\/\/blogdoprosperi.com\/?p=50554#primaryimage"},"image":{"@id":"https:\/\/blogdoprosperi.com\/?p=50554#primaryimage"},"thumbnailUrl":"https:\/\/i0.wp.com\/blogdoprosperi.com\/wp-content\/uploads\/2025\/06\/captura-de-tela-2025-06-02-as-11.33.49.png?fit=1336%2C888&ssl=1","datePublished":"2025-06-02T14:42:30+00:00","breadcrumb":{"@id":"https:\/\/blogdoprosperi.com\/?p=50554#breadcrumb"},"inLanguage":"pt-BR","potentialAction":[{"@type":"ReadAction","target":["https:\/\/blogdoprosperi.com\/?p=50554"]}]},{"@type":"ImageObject","inLanguage":"pt-BR","@id":"https:\/\/blogdoprosperi.com\/?p=50554#primaryimage","url":"https:\/\/i0.wp.com\/blogdoprosperi.com\/wp-content\/uploads\/2025\/06\/captura-de-tela-2025-06-02-as-11.33.49.png?fit=1336%2C888&ssl=1","contentUrl":"https:\/\/i0.wp.com\/blogdoprosperi.com\/wp-content\/uploads\/2025\/06\/captura-de-tela-2025-06-02-as-11.33.49.png?fit=1336%2C888&ssl=1","width":1336,"height":888,"caption":"PSG celebra conquista da Champions League \u2013 foto: PSG oficial"},{"@type":"BreadcrumbList","@id":"https:\/\/blogdoprosperi.com\/?p=50554#breadcrumb","itemListElement":[{"@type":"ListItem","position":1,"name":"In\u00edcio","item":"https:\/\/blogdoprosperi.com\/"},{"@type":"ListItem","position":2,"name":"Vit\u00f3ria do PSG na Liga dos Campe\u00f5es Emociona, Mas ainda \u00e9 &#8216;Lavagem Esportiva&#8217;"}]},{"@type":"WebSite","@id":"https:\/\/blogdoprosperi.com\/#website","url":"https:\/\/blogdoprosperi.com\/","name":"PR\u00d3SPERI NEWS","description":"TUDO \u00c9  FUTEBOL","publisher":{"@id":"https:\/\/blogdoprosperi.com\/#\/schema\/person\/38100755ce3601861ee4fab9b5aa78e9"},"alternateName":"blogdoprosperi.com","potentialAction":[{"@type":"SearchAction","target":{"@type":"EntryPoint","urlTemplate":"https:\/\/blogdoprosperi.com\/?s={search_term_string}"},"query-input":{"@type":"PropertyValueSpecification","valueRequired":true,"valueName":"search_term_string"}}],"inLanguage":"pt-BR"},{"@type":["Person","Organization"],"@id":"https:\/\/blogdoprosperi.com\/#\/schema\/person\/38100755ce3601861ee4fab9b5aa78e9","name":"Luiz Ant\u00f4nio Pr\u00f3speri","pronouns":"ele","image":{"@type":"ImageObject","inLanguage":"pt-BR","@id":"https:\/\/i0.wp.com\/blogdoprosperi.com\/wp-content\/uploads\/2026\/05\/cropped-8059e613-6002-42fa-961e-8e275f575d71-2-5.jpg?fit=1360%2C931&ssl=1","url":"https:\/\/i0.wp.com\/blogdoprosperi.com\/wp-content\/uploads\/2026\/05\/cropped-8059e613-6002-42fa-961e-8e275f575d71-2-5.jpg?fit=1360%2C931&ssl=1","contentUrl":"https:\/\/i0.wp.com\/blogdoprosperi.com\/wp-content\/uploads\/2026\/05\/cropped-8059e613-6002-42fa-961e-8e275f575d71-2-5.jpg?fit=1360%2C931&ssl=1","width":1360,"height":931,"caption":"Luiz Ant\u00f4nio Pr\u00f3speri"},"logo":{"@id":"https:\/\/i0.wp.com\/blogdoprosperi.com\/wp-content\/uploads\/2026\/05\/cropped-8059e613-6002-42fa-961e-8e275f575d71-2-5.jpg?fit=1360%2C931&ssl=1"},"description":"Jornalista com carreira dedicada ao esporte. Cobriu 9 Copas do Mundo in loco, 1990 na It\u00e1lia, 1994 nos EUA, 1998 na Fran\u00e7a, 2002 na Coreia do Sul e Jap\u00e3o, 2006 na Alemanha, 2010 na \u00c1frica do Sul, 2014 no Brasil, 2018 na R\u00fassia e 2022 no Qatar. Eurocopas, 1992 na Su\u00e9cia e 1996 na Inglaterra. Copa das Confedera\u00e7\u00f5es de 2005 na Alemanha e 2009 na \u00c1frica do Sul. Rep\u00f3rter e Editor, trabalhou no Jornal da Tarde e Estad\u00e3o, de 1984 a fevereiro de 2016. Colunista, blogueiro. E comentarista de futebol na R\u00e1dio Estad\u00e3o, de 2013 a fevereiro de 2016. Jornalista respons\u00e1vel do \"Pr\u00f3speri News\" (blogdoprosperi.com).","sameAs":["http:\/\/blogdoprosperi.com","Luiz Pr\u00f3speri","@luiz_prosperi","https:\/\/x.com\/Luizprosperi","@prosperinacopa","luiz.prosperi@icloud.com"],"url":"https:\/\/blogdoprosperi.com\/?author=102107496"}]}},"jetpack_publicize_connections":[],"jetpack_likes_enabled":false,"jetpack_sharing_enabled":true,"jetpack_shortlink":"https:\/\/wp.me\/p7jvdk-d9o","jetpack-related-posts":[{"id":56770,"url":"https:\/\/blogdoprosperi.com\/?p=56770","url_meta":{"origin":50554,"position":0},"title":"An\u00e1lise da Liga dos Campe\u00f5es: Momento Tenso para a Premier League com a Chegada dos Gigantes Europeus","author":"Luiz Ant\u00f4nio Pr\u00f3speri","date":"19 de mar\u00e7o de 2026","format":false,"excerpt":"Apenas duas das equipes classificadas para as oitavas de final da Premier League chegaram \u00e0s quartas de final, enquanto os gigantes europeus est\u00e3o mostrando seu melhor futebol nos momentos decisivos John Brewin, The Guardian \u2013 19 mar\u00e7o 2026 \u2013 17h05 \u2013 Os grandes vencedores Mais uma semana traum\u00e1tica para a\u2026","rel":"","context":"Em &quot;futebol&quot;","block_context":{"text":"futebol","link":"https:\/\/blogdoprosperi.com\/?cat=53870"},"img":{"alt_text":"Vini Jr leva Real Madrid \u00e0s quartas das Champions","src":"https:\/\/i0.wp.com\/blogdoprosperi.com\/wp-content\/uploads\/2026\/03\/captura-de-tela-2026-03-19-as-16.58.12.png?fit=1200%2C867&ssl=1&resize=350%2C200","width":350,"height":200,"srcset":"https:\/\/i0.wp.com\/blogdoprosperi.com\/wp-content\/uploads\/2026\/03\/captura-de-tela-2026-03-19-as-16.58.12.png?fit=1200%2C867&ssl=1&resize=350%2C200 1x, https:\/\/i0.wp.com\/blogdoprosperi.com\/wp-content\/uploads\/2026\/03\/captura-de-tela-2026-03-19-as-16.58.12.png?fit=1200%2C867&ssl=1&resize=525%2C300 1.5x, https:\/\/i0.wp.com\/blogdoprosperi.com\/wp-content\/uploads\/2026\/03\/captura-de-tela-2026-03-19-as-16.58.12.png?fit=1200%2C867&ssl=1&resize=700%2C400 2x, https:\/\/i0.wp.com\/blogdoprosperi.com\/wp-content\/uploads\/2026\/03\/captura-de-tela-2026-03-19-as-16.58.12.png?fit=1200%2C867&ssl=1&resize=1050%2C600 3x"},"classes":[]},{"id":50526,"url":"https:\/\/blogdoprosperi.com\/?p=50526","url_meta":{"origin":50554,"position":1},"title":"Liga dos Campe\u00f5es| Final: Catar Tenta Completar o Futebol com o Terceiro Ato do Projeto PSG","author":"Luiz Ant\u00f4nio Pr\u00f3speri","date":"30 de maio de 2025","format":false,"excerpt":"Seja qual for o resultado da final da Liga dos Campe\u00f5es, os donos do PSG posicionaram o clube como a pr\u00f3xima superpot\u00eancia do jogo Barney Ronay - The Guardian - 29 de maio Ponha um\u00a0bisht\u00a0nisso. \u00c9 isso a\u00ed. \u00c0 primeira vista, pode ser tentador ver a final\u00a0da Liga dos Campe\u00f5es\u00a0de\u2026","rel":"","context":"Em &quot;futebol&quot;","block_context":{"text":"futebol","link":"https:\/\/blogdoprosperi.com\/?cat=53870"},"img":{"alt_text":"Neymar fora do pr\u00eamio Fifa","src":"https:\/\/i0.wp.com\/blogdoprosperi.com\/wp-content\/uploads\/2020\/12\/neymar-psg-x-bayern-champions-2020-23082020181716143.jpeg?fit=660%2C476&ssl=1&resize=350%2C200","width":350,"height":200,"srcset":"https:\/\/i0.wp.com\/blogdoprosperi.com\/wp-content\/uploads\/2020\/12\/neymar-psg-x-bayern-champions-2020-23082020181716143.jpeg?fit=660%2C476&ssl=1&resize=350%2C200 1x, https:\/\/i0.wp.com\/blogdoprosperi.com\/wp-content\/uploads\/2020\/12\/neymar-psg-x-bayern-champions-2020-23082020181716143.jpeg?fit=660%2C476&ssl=1&resize=525%2C300 1.5x"},"classes":[]},{"id":57893,"url":"https:\/\/blogdoprosperi.com\/?p=57893","url_meta":{"origin":50554,"position":2},"title":"Champions League | Onde Assistir Ao Vivo: PSG x Bayern Munique","author":"Luiz Ant\u00f4nio Pr\u00f3speri","date":"28 de abril de 2026","format":false,"excerpt":"Champions League entra nas semifinais com o desafio Paris Saint-Germain x Bayern Munique em Paris, nesta ter\u00e7a-feira (28\/4). \u00c9 o jogo de ida. Na semana que vem, dia 6 de maio, teremos jogo de volta com o Bayern recebendo o PSG em Munique. PSG x Bayern de Munique Onde Assistir\u2026","rel":"","context":"Em &quot;futebol&quot;","block_context":{"text":"futebol","link":"https:\/\/blogdoprosperi.com\/?cat=53870"},"img":{"alt_text":"","src":"https:\/\/i0.wp.com\/blogdoprosperi.com\/wp-content\/uploads\/2026\/04\/captura-de-tela-2026-04-28-as-12.09.00.png?fit=1108%2C718&ssl=1&resize=350%2C200","width":350,"height":200,"srcset":"https:\/\/i0.wp.com\/blogdoprosperi.com\/wp-content\/uploads\/2026\/04\/captura-de-tela-2026-04-28-as-12.09.00.png?fit=1108%2C718&ssl=1&resize=350%2C200 1x, https:\/\/i0.wp.com\/blogdoprosperi.com\/wp-content\/uploads\/2026\/04\/captura-de-tela-2026-04-28-as-12.09.00.png?fit=1108%2C718&ssl=1&resize=525%2C300 1.5x, https:\/\/i0.wp.com\/blogdoprosperi.com\/wp-content\/uploads\/2026\/04\/captura-de-tela-2026-04-28-as-12.09.00.png?fit=1108%2C718&ssl=1&resize=700%2C400 2x, https:\/\/i0.wp.com\/blogdoprosperi.com\/wp-content\/uploads\/2026\/04\/captura-de-tela-2026-04-28-as-12.09.00.png?fit=1108%2C718&ssl=1&resize=1050%2C600 3x"},"classes":[]},{"id":53214,"url":"https:\/\/blogdoprosperi.com\/?p=53214","url_meta":{"origin":50554,"position":3},"title":"Luis Enrique: &#8220;Um Time Tem 11 Estrelas, Futebol \u00c9 Isso. N\u00e3o Queremos Uma, Queremos 11 ou 13, 14, 15&#8230;&#8221;","author":"Luiz Ant\u00f4nio Pr\u00f3speri","date":"13 de julho de 2025","format":false,"excerpt":"Luis Enrique n\u00e3o quer fazer do PSG um time de um a dois craques. Sua ambi\u00e7\u00e3o \u00e9 ter 11 estrelas em campo, sempre. Todos jogadores como protagonistas. \u00c9 com esse modelo que pensa em vencer o Chelsea na final do Mundial de Clubes, hoje (13\/7), em New Jersey, EUA. Acompanhe\u2026","rel":"","context":"Em &quot;futebol&quot;","block_context":{"text":"futebol","link":"https:\/\/blogdoprosperi.com\/?cat=53870"},"img":{"alt_text":"Luis Enrique n\u00e3o quer o PSG de uma estrela, quer 11","src":"https:\/\/i0.wp.com\/blogdoprosperi.com\/wp-content\/uploads\/2025\/07\/captura-de-tela-2025-07-13-as-12.54.22.png?fit=1200%2C942&ssl=1&resize=350%2C200","width":350,"height":200,"srcset":"https:\/\/i0.wp.com\/blogdoprosperi.com\/wp-content\/uploads\/2025\/07\/captura-de-tela-2025-07-13-as-12.54.22.png?fit=1200%2C942&ssl=1&resize=350%2C200 1x, https:\/\/i0.wp.com\/blogdoprosperi.com\/wp-content\/uploads\/2025\/07\/captura-de-tela-2025-07-13-as-12.54.22.png?fit=1200%2C942&ssl=1&resize=525%2C300 1.5x, https:\/\/i0.wp.com\/blogdoprosperi.com\/wp-content\/uploads\/2025\/07\/captura-de-tela-2025-07-13-as-12.54.22.png?fit=1200%2C942&ssl=1&resize=700%2C400 2x, https:\/\/i0.wp.com\/blogdoprosperi.com\/wp-content\/uploads\/2025\/07\/captura-de-tela-2025-07-13-as-12.54.22.png?fit=1200%2C942&ssl=1&resize=1050%2C600 3x"},"classes":[]},{"id":53060,"url":"https:\/\/blogdoprosperi.com\/?p=53060","url_meta":{"origin":50554,"position":4},"title":"Agora \u00c9 Absolutamente \u00d3bvio que o PSG \u00e9 o Melhor Time do Mundo","author":"Luiz Ant\u00f4nio Pr\u00f3speri","date":"10 de julho de 2025","format":false,"excerpt":"Oliver Kay \u2013 The Athletic \/ New York Times \u2013 10 julho (19h54) \u2013 Sessenta e dois jogos j\u00e1 disputados, um jogo a ser disputado, 192 gols marcados e quase 2,5 milh\u00f5es de pessoas nas catracas. O Mundial de Clubes levantou mais perguntas do que respostas, mas quando se trata\u2026","rel":"","context":"Em &quot;futebol&quot;","block_context":{"text":"futebol","link":"https:\/\/blogdoprosperi.com\/?cat=53870"},"img":{"alt_text":"PSG, melhor time do mundo","src":"https:\/\/i0.wp.com\/blogdoprosperi.com\/wp-content\/uploads\/2025\/07\/captura-de-tela-2025-07-10-as-19.33.35.png?fit=1200%2C687&ssl=1&resize=350%2C200","width":350,"height":200,"srcset":"https:\/\/i0.wp.com\/blogdoprosperi.com\/wp-content\/uploads\/2025\/07\/captura-de-tela-2025-07-10-as-19.33.35.png?fit=1200%2C687&ssl=1&resize=350%2C200 1x, https:\/\/i0.wp.com\/blogdoprosperi.com\/wp-content\/uploads\/2025\/07\/captura-de-tela-2025-07-10-as-19.33.35.png?fit=1200%2C687&ssl=1&resize=525%2C300 1.5x, https:\/\/i0.wp.com\/blogdoprosperi.com\/wp-content\/uploads\/2025\/07\/captura-de-tela-2025-07-10-as-19.33.35.png?fit=1200%2C687&ssl=1&resize=700%2C400 2x, https:\/\/i0.wp.com\/blogdoprosperi.com\/wp-content\/uploads\/2025\/07\/captura-de-tela-2025-07-10-as-19.33.35.png?fit=1200%2C687&ssl=1&resize=1050%2C600 3x"},"classes":[]},{"id":26021,"url":"https:\/\/blogdoprosperi.com\/?p=26021","url_meta":{"origin":50554,"position":5},"title":"Mois\u00e9s, do Palmeiras, mas pode me chamar de De Bruyne, do City","author":"Luiz Ant\u00f4nio Pr\u00f3speri","date":"19 de setembro de 2016","format":false,"excerpt":"Pep Guardiola se encantou com Kevin De Bruyne, o condutor do Manchester City, a ponto de dizer que apenas Lionel Messi est\u00e1 acima do belga. Analista mais atento aos movimentos deste extraordin\u00e1rio meia percebe como ele encontra solu\u00e7\u00f5es defensivas e ofensivas e arrasta o time com ele. Mois\u00e9s tamb\u00e9m tem\u2026","rel":"","context":"Em &quot;Campeonato Brasileiro&quot;","block_context":{"text":"Campeonato Brasileiro","link":"https:\/\/blogdoprosperi.com\/?cat=355071"},"img":{"alt_text":"Guardiola: \"De Bruyne, um dos grandes\"","src":"https:\/\/i0.wp.com\/blogdoprosperi.com\/wp-content\/uploads\/2016\/09\/kevin-de-bruyne.jpg?resize=350%2C200","width":350,"height":200,"srcset":"https:\/\/i0.wp.com\/blogdoprosperi.com\/wp-content\/uploads\/2016\/09\/kevin-de-bruyne.jpg?resize=350%2C200 1x, https:\/\/i0.wp.com\/blogdoprosperi.com\/wp-content\/uploads\/2016\/09\/kevin-de-bruyne.jpg?resize=525%2C300 1.5x, https:\/\/i0.wp.com\/blogdoprosperi.com\/wp-content\/uploads\/2016\/09\/kevin-de-bruyne.jpg?resize=700%2C400 2x"},"classes":[]}],"jetpack_featured_media_url":"https:\/\/i0.wp.com\/blogdoprosperi.com\/wp-content\/uploads\/2025\/06\/captura-de-tela-2025-06-02-as-11.33.49.png?fit=1336%2C888&ssl=1","_links":{"self":[{"href":"https:\/\/blogdoprosperi.com\/index.php?rest_route=\/wp\/v2\/posts\/50554","targetHints":{"allow":["GET"]}}],"collection":[{"href":"https:\/\/blogdoprosperi.com\/index.php?rest_route=\/wp\/v2\/posts"}],"about":[{"href":"https:\/\/blogdoprosperi.com\/index.php?rest_route=\/wp\/v2\/types\/post"}],"author":[{"embeddable":true,"href":"https:\/\/blogdoprosperi.com\/index.php?rest_route=\/wp\/v2\/users\/102107496"}],"replies":[{"embeddable":true,"href":"https:\/\/blogdoprosperi.com\/index.php?rest_route=%2Fwp%2Fv2%2Fcomments&post=50554"}],"version-history":[{"count":11,"href":"https:\/\/blogdoprosperi.com\/index.php?rest_route=\/wp\/v2\/posts\/50554\/revisions"}],"predecessor-version":[{"id":50566,"href":"https:\/\/blogdoprosperi.com\/index.php?rest_route=\/wp\/v2\/posts\/50554\/revisions\/50566"}],"wp:featuredmedia":[{"embeddable":true,"href":"https:\/\/blogdoprosperi.com\/index.php?rest_route=\/wp\/v2\/media\/50563"}],"wp:attachment":[{"href":"https:\/\/blogdoprosperi.com\/index.php?rest_route=%2Fwp%2Fv2%2Fmedia&parent=50554"}],"wp:term":[{"taxonomy":"category","embeddable":true,"href":"https:\/\/blogdoprosperi.com\/index.php?rest_route=%2Fwp%2Fv2%2Fcategories&post=50554"},{"taxonomy":"post_tag","embeddable":true,"href":"https:\/\/blogdoprosperi.com\/index.php?rest_route=%2Fwp%2Fv2%2Ftags&post=50554"}],"curies":[{"name":"wp","href":"https:\/\/api.w.org\/{rel}","templated":true}]}}