{"id":50686,"date":"2025-06-04T22:02:36","date_gmt":"2025-06-05T01:02:36","guid":{"rendered":"http:\/\/blogdoprosperi.com\/?p=50686"},"modified":"2025-06-04T22:05:21","modified_gmt":"2025-06-05T01:05:21","slug":"ancelotti-estevao-tem-um-talento-extraordinario","status":"publish","type":"post","link":"https:\/\/blogdoprosperi.com\/?p=50686","title":{"rendered":"Ancelotti: \u2018Estev\u00e3o Tem Um Talento Extraordin\u00e1rio\u2019"},"content":{"rendered":"\n<p class=\"wp-block-paragraph\">Acompanhe coletiva do t\u00e9cnico da Sele\u00e7\u00e3o Brasileira pr\u00e9-jogo Equador x Brasil.<\/p>\n\n\n\n<p class=\"wp-block-paragraph\"><iframe loading=\"lazy\" title=\"Coletiva de imprensa de Carlo Ancelotti, t\u00e9cnico da Sele\u00e7\u00e3o Brasileira\" width=\"940\" height=\"529\" src=\"https:\/\/www.youtube.com\/embed\/IHU4j4KdTHE?feature=oembed\" frameborder=\"0\" allow=\"accelerometer; autoplay; clipboard-write; encrypted-media; gyroscope; picture-in-picture; web-share\" referrerpolicy=\"strict-origin-when-cross-origin\" allowfullscreen><\/iframe><\/p>\n\n\n\n<p class=\"wp-block-paragraph\">&#8211; Estev\u00e3o eu o conhecia, n\u00e3o o vi diretamente, s\u00f3 vi em v\u00eddeo, na TV. Vi o que v\u00ea todo mundo: tem um talento extraordin\u00e1rio, especial, mas jovem, que tem que aprender coisas. Conheci seu car\u00e1ter, parece um garoto humilde, bom, com gana, personalidade. Isso me parece bom. Digo sempre que jogadores jovens temos que ter cuidado, ser paciente, como tem que ser paciente ele para buscar sua posi\u00e7\u00e3o. \u00d3bvio que ele tem todas as caracter\u00edsticas para ser um jogador importante no futuro da Sele\u00e7\u00e3o \u2013 Ancelotti<\/p>\n\n\n\n<figure class=\"wp-block-image size-large\"><img data-recalc-dims=\"1\" loading=\"lazy\" decoding=\"async\" width=\"799\" height=\"551\" data-attachment-id=\"50689\" data-permalink=\"https:\/\/blogdoprosperi.com\/?attachment_id=50689\" data-orig-file=\"https:\/\/i0.wp.com\/blogdoprosperi.com\/wp-content\/uploads\/2025\/06\/54567167797_071b39a3b6_c.jpg?fit=799%2C551&amp;ssl=1\" data-orig-size=\"799,551\" data-comments-opened=\"1\" data-image-meta=\"{&quot;aperture&quot;:&quot;0&quot;,&quot;credit&quot;:&quot;RAFAEL RIBEIRO\/CBFrrrr&quot;,&quot;camera&quot;:&quot;&quot;,&quot;caption&quot;:&quot;&quot;,&quot;created_timestamp&quot;:&quot;0&quot;,&quot;copyright&quot;:&quot;RAFAEL RIBEIRO\/CBF&quot;,&quot;focal_length&quot;:&quot;0&quot;,&quot;iso&quot;:&quot;0&quot;,&quot;shutter_speed&quot;:&quot;0&quot;,&quot;title&quot;:&quot;&quot;,&quot;orientation&quot;:&quot;0&quot;}\" data-image-title=\"Estev\u00e3o elogiado por Ancelotti\" data-image-description=\"\" data-image-caption=\"&lt;p&gt;Estev\u00e3o elogiado por Ancelotti \u2013 foto: CBF oficial&lt;\/p&gt;\n\" data-large-file=\"https:\/\/i0.wp.com\/blogdoprosperi.com\/wp-content\/uploads\/2025\/06\/54567167797_071b39a3b6_c.jpg?fit=799%2C551&amp;ssl=1\" src=\"https:\/\/i0.wp.com\/blogdoprosperi.com\/wp-content\/uploads\/2025\/06\/54567167797_071b39a3b6_c.jpg?resize=799%2C551&#038;ssl=1\" alt=\"\" class=\"wp-image-50689\" \/><figcaption class=\"wp-element-caption\">Estev\u00e3o elogiado por Ancelotti \u2013 foto: CBF oficial<\/figcaption><\/figure>\n\n\n\n<blockquote class=\"wp-block-quote is-layout-flow wp-block-quote-is-layout-flow\">\n<p class=\"wp-block-paragraph\"><\/p>\n\n\n\n<p class=\"wp-block-paragraph\"><\/p>\n<\/blockquote>\n","protected":false},"excerpt":{"rendered":"<p>Acompanhe coletiva do t\u00e9cnico da Sele\u00e7\u00e3o Brasileira pr\u00e9-jogo Equador x Brasil. &#8211; Estev\u00e3o eu o conhecia, n\u00e3o o [&hellip;]<\/p>\n","protected":false},"author":102107496,"featured_media":50690,"comment_status":"open","ping_status":"open","sticky":false,"template":"","format":"standard","meta":{"_coblocks_attr":"","_coblocks_dimensions":"","_coblocks_responsive_height":"","_coblocks_accordion_ie_support":"","_jetpack_newsletter_access":"","_jetpack_dont_email_post_to_subs":false,"_jetpack_newsletter_tier_id":0,"_jetpack_memberships_contains_paywalled_content":false,"_wpcom_ai_launchpad_first_post":false,"_jetpack_feature_clip_id":0,"_jetpack_memberships_contains_paid_content":false,"footnotes":"","jetpack_publicize_message":"","jetpack_publicize_feature_enabled":true,"jetpack_social_post_already_shared":false,"jetpack_social_options":{"image_generator_settings":{"template":"highway","default_image_id":0,"font":"","enabled":false},"version":2},"jetpack_post_was_ever_published":false},"categories":[53870,20384,174694],"tags":[789560560,789560573],"class_list":["post-50686","post","type-post","status-publish","format-standard","has-post-thumbnail","hentry","category-futebol","category-informacao","category-selecao-brasileira","tag-futebol","tag-luiz-antonio-prosperi"],"yoast_head":"<!-- This site is optimized with the Yoast SEO plugin v28.3 - https:\/\/yoast.com\/product\/yoast-seo-wordpress\/ -->\n<title>Ancelotti: \u2018Estev\u00e3o Tem Um Talento Extraordin\u00e1rio\u2019 - PR\u00d3SPERI NEWS<\/title>\n<meta name=\"robots\" content=\"index, follow, max-snippet:-1, max-image-preview:large, max-video-preview:-1\" \/>\n<link rel=\"canonical\" href=\"https:\/\/blogdoprosperi.com\/?p=50686\" \/>\n<meta property=\"og:locale\" content=\"pt_BR\" \/>\n<meta property=\"og:type\" content=\"article\" \/>\n<meta property=\"og:title\" content=\"Ancelotti: \u2018Estev\u00e3o Tem Um Talento Extraordin\u00e1rio\u2019 - PR\u00d3SPERI NEWS\" \/>\n<meta property=\"og:description\" content=\"Acompanhe coletiva do t\u00e9cnico da Sele\u00e7\u00e3o Brasileira pr\u00e9-jogo Equador x Brasil. &#8211; Estev\u00e3o eu o conhecia, n\u00e3o o [&hellip;]\" \/>\n<meta property=\"og:url\" content=\"https:\/\/blogdoprosperi.com\/?p=50686\" \/>\n<meta property=\"og:site_name\" content=\"PR\u00d3SPERI NEWS\" \/>\n<meta property=\"article:publisher\" content=\"Luiz Pr\u00f3speri\" \/>\n<meta property=\"article:author\" content=\"Luiz Pr\u00f3speri\" \/>\n<meta property=\"article:published_time\" content=\"2025-06-05T01:02:36+00:00\" \/>\n<meta property=\"article:modified_time\" content=\"2025-06-05T01:05:21+00:00\" \/>\n<meta property=\"og:image\" content=\"https:\/\/i0.wp.com\/blogdoprosperi.com\/wp-content\/uploads\/2025\/06\/54568041146_d3df015085_c.jpg?fit=799%2C526&ssl=1\" \/>\n\t<meta property=\"og:image:width\" content=\"799\" \/>\n\t<meta property=\"og:image:height\" content=\"526\" \/>\n\t<meta property=\"og:image:type\" content=\"image\/jpeg\" \/>\n<meta name=\"author\" content=\"Luiz Ant\u00f4nio Pr\u00f3speri\" \/>\n<meta name=\"twitter:card\" content=\"summary_large_image\" \/>\n<meta name=\"twitter:creator\" content=\"@Luizprosperi\" \/>\n<meta name=\"twitter:site\" content=\"@Luizprosperi\" \/>\n<meta name=\"twitter:label1\" content=\"Escrito por\" \/>\n\t<meta name=\"twitter:data1\" content=\"Luiz Ant\u00f4nio Pr\u00f3speri\" \/>\n\t<meta name=\"twitter:label2\" content=\"Est. tempo de leitura\" \/>\n\t<meta name=\"twitter:data2\" content=\"1 minuto\" \/>\n<script type=\"application\/ld+json\" class=\"yoast-schema-graph\">{\"@context\":\"https:\\\/\\\/schema.org\",\"@graph\":[{\"@type\":\"Article\",\"@id\":\"https:\\\/\\\/blogdoprosperi.com\\\/?p=50686#article\",\"isPartOf\":{\"@id\":\"https:\\\/\\\/blogdoprosperi.com\\\/?p=50686\"},\"author\":{\"name\":\"Luiz Ant\u00f4nio Pr\u00f3speri\",\"@id\":\"https:\\\/\\\/blogdoprosperi.com\\\/#\\\/schema\\\/person\\\/38100755ce3601861ee4fab9b5aa78e9\"},\"headline\":\"Ancelotti: \u2018Estev\u00e3o Tem Um Talento Extraordin\u00e1rio\u2019\",\"datePublished\":\"2025-06-05T01:02:36+00:00\",\"dateModified\":\"2025-06-05T01:05:21+00:00\",\"mainEntityOfPage\":{\"@id\":\"https:\\\/\\\/blogdoprosperi.com\\\/?p=50686\"},\"wordCount\":139,\"commentCount\":0,\"publisher\":{\"@id\":\"https:\\\/\\\/blogdoprosperi.com\\\/#\\\/schema\\\/person\\\/38100755ce3601861ee4fab9b5aa78e9\"},\"image\":{\"@id\":\"https:\\\/\\\/blogdoprosperi.com\\\/?p=50686#primaryimage\"},\"thumbnailUrl\":\"https:\\\/\\\/i0.wp.com\\\/blogdoprosperi.com\\\/wp-content\\\/uploads\\\/2025\\\/06\\\/54568041146_d3df015085_c.jpg?fit=799%2C526&ssl=1\",\"keywords\":[\"futebol\",\"Luiz Ant\u00f4nio Pr\u00f3speri\"],\"articleSection\":[\"futebol\",\"informa\u00e7\u00e3o\",\"Sele\u00e7\u00e3o Brasileira\"],\"inLanguage\":\"pt-BR\",\"potentialAction\":[{\"@type\":\"CommentAction\",\"name\":\"Comment\",\"target\":[\"https:\\\/\\\/blogdoprosperi.com\\\/?p=50686#respond\"]}]},{\"@type\":\"WebPage\",\"@id\":\"https:\\\/\\\/blogdoprosperi.com\\\/?p=50686\",\"url\":\"https:\\\/\\\/blogdoprosperi.com\\\/?p=50686\",\"name\":\"Ancelotti: \u2018Estev\u00e3o Tem Um Talento Extraordin\u00e1rio\u2019 - PR\u00d3SPERI NEWS\",\"isPartOf\":{\"@id\":\"https:\\\/\\\/blogdoprosperi.com\\\/#website\"},\"primaryImageOfPage\":{\"@id\":\"https:\\\/\\\/blogdoprosperi.com\\\/?p=50686#primaryimage\"},\"image\":{\"@id\":\"https:\\\/\\\/blogdoprosperi.com\\\/?p=50686#primaryimage\"},\"thumbnailUrl\":\"https:\\\/\\\/i0.wp.com\\\/blogdoprosperi.com\\\/wp-content\\\/uploads\\\/2025\\\/06\\\/54568041146_d3df015085_c.jpg?fit=799%2C526&ssl=1\",\"datePublished\":\"2025-06-05T01:02:36+00:00\",\"dateModified\":\"2025-06-05T01:05:21+00:00\",\"breadcrumb\":{\"@id\":\"https:\\\/\\\/blogdoprosperi.com\\\/?p=50686#breadcrumb\"},\"inLanguage\":\"pt-BR\",\"potentialAction\":[{\"@type\":\"ReadAction\",\"target\":[\"https:\\\/\\\/blogdoprosperi.com\\\/?p=50686\"]}]},{\"@type\":\"ImageObject\",\"inLanguage\":\"pt-BR\",\"@id\":\"https:\\\/\\\/blogdoprosperi.com\\\/?p=50686#primaryimage\",\"url\":\"https:\\\/\\\/i0.wp.com\\\/blogdoprosperi.com\\\/wp-content\\\/uploads\\\/2025\\\/06\\\/54568041146_d3df015085_c.jpg?fit=799%2C526&ssl=1\",\"contentUrl\":\"https:\\\/\\\/i0.wp.com\\\/blogdoprosperi.com\\\/wp-content\\\/uploads\\\/2025\\\/06\\\/54568041146_d3df015085_c.jpg?fit=799%2C526&ssl=1\",\"width\":799,\"height\":526,\"caption\":\"Ancelotti elogia Estev\u00e3o\"},{\"@type\":\"BreadcrumbList\",\"@id\":\"https:\\\/\\\/blogdoprosperi.com\\\/?p=50686#breadcrumb\",\"itemListElement\":[{\"@type\":\"ListItem\",\"position\":1,\"name\":\"In\u00edcio\",\"item\":\"https:\\\/\\\/blogdoprosperi.com\\\/\"},{\"@type\":\"ListItem\",\"position\":2,\"name\":\"Ancelotti: \u2018Estev\u00e3o Tem Um Talento Extraordin\u00e1rio\u2019\"}]},{\"@type\":\"WebSite\",\"@id\":\"https:\\\/\\\/blogdoprosperi.com\\\/#website\",\"url\":\"https:\\\/\\\/blogdoprosperi.com\\\/\",\"name\":\"PR\u00d3SPERI NEWS\",\"description\":\"TUDO \u00c9  FUTEBOL\",\"publisher\":{\"@id\":\"https:\\\/\\\/blogdoprosperi.com\\\/#\\\/schema\\\/person\\\/38100755ce3601861ee4fab9b5aa78e9\"},\"alternateName\":\"blogdoprosperi.com\",\"potentialAction\":[{\"@type\":\"SearchAction\",\"target\":{\"@type\":\"EntryPoint\",\"urlTemplate\":\"https:\\\/\\\/blogdoprosperi.com\\\/?s={search_term_string}\"},\"query-input\":{\"@type\":\"PropertyValueSpecification\",\"valueRequired\":true,\"valueName\":\"search_term_string\"}}],\"inLanguage\":\"pt-BR\"},{\"@type\":[\"Person\",\"Organization\"],\"@id\":\"https:\\\/\\\/blogdoprosperi.com\\\/#\\\/schema\\\/person\\\/38100755ce3601861ee4fab9b5aa78e9\",\"name\":\"Luiz Ant\u00f4nio Pr\u00f3speri\",\"pronouns\":\"ele\",\"image\":{\"@type\":\"ImageObject\",\"inLanguage\":\"pt-BR\",\"@id\":\"https:\\\/\\\/i0.wp.com\\\/blogdoprosperi.com\\\/wp-content\\\/uploads\\\/2026\\\/05\\\/cropped-8059e613-6002-42fa-961e-8e275f575d71-2-5.jpg?fit=1360%2C931&ssl=1\",\"url\":\"https:\\\/\\\/i0.wp.com\\\/blogdoprosperi.com\\\/wp-content\\\/uploads\\\/2026\\\/05\\\/cropped-8059e613-6002-42fa-961e-8e275f575d71-2-5.jpg?fit=1360%2C931&ssl=1\",\"contentUrl\":\"https:\\\/\\\/i0.wp.com\\\/blogdoprosperi.com\\\/wp-content\\\/uploads\\\/2026\\\/05\\\/cropped-8059e613-6002-42fa-961e-8e275f575d71-2-5.jpg?fit=1360%2C931&ssl=1\",\"width\":1360,\"height\":931,\"caption\":\"Luiz Ant\u00f4nio Pr\u00f3speri\"},\"logo\":{\"@id\":\"https:\\\/\\\/i0.wp.com\\\/blogdoprosperi.com\\\/wp-content\\\/uploads\\\/2026\\\/05\\\/cropped-8059e613-6002-42fa-961e-8e275f575d71-2-5.jpg?fit=1360%2C931&ssl=1\"},\"description\":\"Jornalista com carreira dedicada ao esporte. Cobriu 9 Copas do Mundo in loco, 1990 na It\u00e1lia, 1994 nos EUA, 1998 na Fran\u00e7a, 2002 na Coreia do Sul e Jap\u00e3o, 2006 na Alemanha, 2010 na \u00c1frica do Sul, 2014 no Brasil, 2018 na R\u00fassia e 2022 no Qatar. Eurocopas, 1992 na Su\u00e9cia e 1996 na Inglaterra. Copa das Confedera\u00e7\u00f5es de 2005 na Alemanha e 2009 na \u00c1frica do Sul. Rep\u00f3rter e Editor, trabalhou no Jornal da Tarde e Estad\u00e3o, de 1984 a fevereiro de 2016. Colunista, blogueiro. E comentarista de futebol na R\u00e1dio Estad\u00e3o, de 2013 a fevereiro de 2016. Jornalista respons\u00e1vel do \\\"Pr\u00f3speri News\\\" (blogdoprosperi.com).\",\"sameAs\":[\"http:\\\/\\\/blogdoprosperi.com\",\"Luiz Pr\u00f3speri\",\"@luiz_prosperi\",\"https:\\\/\\\/x.com\\\/Luizprosperi\",\"@prosperinacopa\",\"luiz.prosperi@icloud.com\"],\"url\":\"https:\\\/\\\/blogdoprosperi.com\\\/?author=102107496\"}]}<\/script>\n<!-- \/ Yoast SEO plugin. -->","yoast_head_json":{"title":"Ancelotti: \u2018Estev\u00e3o Tem Um Talento Extraordin\u00e1rio\u2019 - PR\u00d3SPERI NEWS","robots":{"index":"index","follow":"follow","max-snippet":"max-snippet:-1","max-image-preview":"max-image-preview:large","max-video-preview":"max-video-preview:-1"},"canonical":"https:\/\/blogdoprosperi.com\/?p=50686","og_locale":"pt_BR","og_type":"article","og_title":"Ancelotti: \u2018Estev\u00e3o Tem Um Talento Extraordin\u00e1rio\u2019 - PR\u00d3SPERI NEWS","og_description":"Acompanhe coletiva do t\u00e9cnico da Sele\u00e7\u00e3o Brasileira pr\u00e9-jogo Equador x Brasil. &#8211; Estev\u00e3o eu o conhecia, n\u00e3o o [&hellip;]","og_url":"https:\/\/blogdoprosperi.com\/?p=50686","og_site_name":"PR\u00d3SPERI NEWS","article_publisher":"Luiz Pr\u00f3speri","article_author":"Luiz Pr\u00f3speri","article_published_time":"2025-06-05T01:02:36+00:00","article_modified_time":"2025-06-05T01:05:21+00:00","og_image":[{"width":799,"height":526,"url":"https:\/\/i0.wp.com\/blogdoprosperi.com\/wp-content\/uploads\/2025\/06\/54568041146_d3df015085_c.jpg?fit=799%2C526&ssl=1","type":"image\/jpeg"}],"author":"Luiz Ant\u00f4nio Pr\u00f3speri","twitter_card":"summary_large_image","twitter_creator":"@Luizprosperi","twitter_site":"@Luizprosperi","twitter_misc":{"Escrito por":"Luiz Ant\u00f4nio Pr\u00f3speri","Est. tempo de leitura":"1 minuto"},"schema":{"@context":"https:\/\/schema.org","@graph":[{"@type":"Article","@id":"https:\/\/blogdoprosperi.com\/?p=50686#article","isPartOf":{"@id":"https:\/\/blogdoprosperi.com\/?p=50686"},"author":{"name":"Luiz Ant\u00f4nio Pr\u00f3speri","@id":"https:\/\/blogdoprosperi.com\/#\/schema\/person\/38100755ce3601861ee4fab9b5aa78e9"},"headline":"Ancelotti: \u2018Estev\u00e3o Tem Um Talento Extraordin\u00e1rio\u2019","datePublished":"2025-06-05T01:02:36+00:00","dateModified":"2025-06-05T01:05:21+00:00","mainEntityOfPage":{"@id":"https:\/\/blogdoprosperi.com\/?p=50686"},"wordCount":139,"commentCount":0,"publisher":{"@id":"https:\/\/blogdoprosperi.com\/#\/schema\/person\/38100755ce3601861ee4fab9b5aa78e9"},"image":{"@id":"https:\/\/blogdoprosperi.com\/?p=50686#primaryimage"},"thumbnailUrl":"https:\/\/i0.wp.com\/blogdoprosperi.com\/wp-content\/uploads\/2025\/06\/54568041146_d3df015085_c.jpg?fit=799%2C526&ssl=1","keywords":["futebol","Luiz Ant\u00f4nio Pr\u00f3speri"],"articleSection":["futebol","informa\u00e7\u00e3o","Sele\u00e7\u00e3o Brasileira"],"inLanguage":"pt-BR","potentialAction":[{"@type":"CommentAction","name":"Comment","target":["https:\/\/blogdoprosperi.com\/?p=50686#respond"]}]},{"@type":"WebPage","@id":"https:\/\/blogdoprosperi.com\/?p=50686","url":"https:\/\/blogdoprosperi.com\/?p=50686","name":"Ancelotti: \u2018Estev\u00e3o Tem Um Talento Extraordin\u00e1rio\u2019 - PR\u00d3SPERI NEWS","isPartOf":{"@id":"https:\/\/blogdoprosperi.com\/#website"},"primaryImageOfPage":{"@id":"https:\/\/blogdoprosperi.com\/?p=50686#primaryimage"},"image":{"@id":"https:\/\/blogdoprosperi.com\/?p=50686#primaryimage"},"thumbnailUrl":"https:\/\/i0.wp.com\/blogdoprosperi.com\/wp-content\/uploads\/2025\/06\/54568041146_d3df015085_c.jpg?fit=799%2C526&ssl=1","datePublished":"2025-06-05T01:02:36+00:00","dateModified":"2025-06-05T01:05:21+00:00","breadcrumb":{"@id":"https:\/\/blogdoprosperi.com\/?p=50686#breadcrumb"},"inLanguage":"pt-BR","potentialAction":[{"@type":"ReadAction","target":["https:\/\/blogdoprosperi.com\/?p=50686"]}]},{"@type":"ImageObject","inLanguage":"pt-BR","@id":"https:\/\/blogdoprosperi.com\/?p=50686#primaryimage","url":"https:\/\/i0.wp.com\/blogdoprosperi.com\/wp-content\/uploads\/2025\/06\/54568041146_d3df015085_c.jpg?fit=799%2C526&ssl=1","contentUrl":"https:\/\/i0.wp.com\/blogdoprosperi.com\/wp-content\/uploads\/2025\/06\/54568041146_d3df015085_c.jpg?fit=799%2C526&ssl=1","width":799,"height":526,"caption":"Ancelotti elogia Estev\u00e3o"},{"@type":"BreadcrumbList","@id":"https:\/\/blogdoprosperi.com\/?p=50686#breadcrumb","itemListElement":[{"@type":"ListItem","position":1,"name":"In\u00edcio","item":"https:\/\/blogdoprosperi.com\/"},{"@type":"ListItem","position":2,"name":"Ancelotti: \u2018Estev\u00e3o Tem Um Talento Extraordin\u00e1rio\u2019"}]},{"@type":"WebSite","@id":"https:\/\/blogdoprosperi.com\/#website","url":"https:\/\/blogdoprosperi.com\/","name":"PR\u00d3SPERI NEWS","description":"TUDO \u00c9  FUTEBOL","publisher":{"@id":"https:\/\/blogdoprosperi.com\/#\/schema\/person\/38100755ce3601861ee4fab9b5aa78e9"},"alternateName":"blogdoprosperi.com","potentialAction":[{"@type":"SearchAction","target":{"@type":"EntryPoint","urlTemplate":"https:\/\/blogdoprosperi.com\/?s={search_term_string}"},"query-input":{"@type":"PropertyValueSpecification","valueRequired":true,"valueName":"search_term_string"}}],"inLanguage":"pt-BR"},{"@type":["Person","Organization"],"@id":"https:\/\/blogdoprosperi.com\/#\/schema\/person\/38100755ce3601861ee4fab9b5aa78e9","name":"Luiz Ant\u00f4nio Pr\u00f3speri","pronouns":"ele","image":{"@type":"ImageObject","inLanguage":"pt-BR","@id":"https:\/\/i0.wp.com\/blogdoprosperi.com\/wp-content\/uploads\/2026\/05\/cropped-8059e613-6002-42fa-961e-8e275f575d71-2-5.jpg?fit=1360%2C931&ssl=1","url":"https:\/\/i0.wp.com\/blogdoprosperi.com\/wp-content\/uploads\/2026\/05\/cropped-8059e613-6002-42fa-961e-8e275f575d71-2-5.jpg?fit=1360%2C931&ssl=1","contentUrl":"https:\/\/i0.wp.com\/blogdoprosperi.com\/wp-content\/uploads\/2026\/05\/cropped-8059e613-6002-42fa-961e-8e275f575d71-2-5.jpg?fit=1360%2C931&ssl=1","width":1360,"height":931,"caption":"Luiz Ant\u00f4nio Pr\u00f3speri"},"logo":{"@id":"https:\/\/i0.wp.com\/blogdoprosperi.com\/wp-content\/uploads\/2026\/05\/cropped-8059e613-6002-42fa-961e-8e275f575d71-2-5.jpg?fit=1360%2C931&ssl=1"},"description":"Jornalista com carreira dedicada ao esporte. Cobriu 9 Copas do Mundo in loco, 1990 na It\u00e1lia, 1994 nos EUA, 1998 na Fran\u00e7a, 2002 na Coreia do Sul e Jap\u00e3o, 2006 na Alemanha, 2010 na \u00c1frica do Sul, 2014 no Brasil, 2018 na R\u00fassia e 2022 no Qatar. Eurocopas, 1992 na Su\u00e9cia e 1996 na Inglaterra. Copa das Confedera\u00e7\u00f5es de 2005 na Alemanha e 2009 na \u00c1frica do Sul. Rep\u00f3rter e Editor, trabalhou no Jornal da Tarde e Estad\u00e3o, de 1984 a fevereiro de 2016. Colunista, blogueiro. E comentarista de futebol na R\u00e1dio Estad\u00e3o, de 2013 a fevereiro de 2016. Jornalista respons\u00e1vel do \"Pr\u00f3speri News\" (blogdoprosperi.com).","sameAs":["http:\/\/blogdoprosperi.com","Luiz Pr\u00f3speri","@luiz_prosperi","https:\/\/x.com\/Luizprosperi","@prosperinacopa","luiz.prosperi@icloud.com"],"url":"https:\/\/blogdoprosperi.com\/?author=102107496"}]}},"jetpack_publicize_connections":[],"jetpack_likes_enabled":false,"jetpack_sharing_enabled":true,"jetpack_shortlink":"https:\/\/wp.me\/p7jvdk-dbw","jetpack-related-posts":[{"id":59569,"url":"https:\/\/blogdoprosperi.com\/?p=59569","url_meta":{"origin":50686,"position":0},"title":"Ancelotti e a hist\u00f3ria do menino paciente","author":"Luiz Ant\u00f4nio Pr\u00f3speri","date":"18 de junho de 2026","format":false,"excerpt":"Luiz Ant\u00f4nio Pr\u00f3speri, 18 junho 2026 (20h05) Endrick, parece, vai ter de esperar at\u00e9 a Copa 2030. Agora, nesta de 2026, \u00e9 bem prov\u00e1vel que fique mais no banco a dentro do campo. A depender das declara\u00e7\u00f5es de Carlo Ancelotti, Endrick deve ter paci\u00eancia. De acordo com Carletto, o menino\u2026","rel":"","context":"Em &quot;copa 2026&quot;","block_context":{"text":"copa 2026","link":"https:\/\/blogdoprosperi.com\/?cat=36820279"},"img":{"alt_text":"","src":"https:\/\/i0.wp.com\/blogdoprosperi.com\/wp-content\/uploads\/2026\/06\/Captura-de-Tela-2026-06-18-as-20.38.12.png?fit=1200%2C913&ssl=1&resize=350%2C200","width":350,"height":200,"srcset":"https:\/\/i0.wp.com\/blogdoprosperi.com\/wp-content\/uploads\/2026\/06\/Captura-de-Tela-2026-06-18-as-20.38.12.png?fit=1200%2C913&ssl=1&resize=350%2C200 1x, https:\/\/i0.wp.com\/blogdoprosperi.com\/wp-content\/uploads\/2026\/06\/Captura-de-Tela-2026-06-18-as-20.38.12.png?fit=1200%2C913&ssl=1&resize=525%2C300 1.5x, https:\/\/i0.wp.com\/blogdoprosperi.com\/wp-content\/uploads\/2026\/06\/Captura-de-Tela-2026-06-18-as-20.38.12.png?fit=1200%2C913&ssl=1&resize=700%2C400 2x, https:\/\/i0.wp.com\/blogdoprosperi.com\/wp-content\/uploads\/2026\/06\/Captura-de-Tela-2026-06-18-as-20.38.12.png?fit=1200%2C913&ssl=1&resize=1050%2C600 3x"},"classes":[]},{"id":50387,"url":"https:\/\/blogdoprosperi.com\/?p=50387","url_meta":{"origin":50686,"position":1},"title":"V\u00eddeo | Entrevista Completa de Ancelotti na Convoca\u00e7\u00e3o da Sele\u00e7\u00e3o Brasileira","author":"Luiz Ant\u00f4nio Pr\u00f3speri","date":"26 de maio de 2025","format":false,"excerpt":"Aten\u00e7\u00e3o \u2013 in\u00edcio da entrevista a partir de 20 minutos de v\u00eddeo Cortes da entrevista de Ancelotti Jogadores que atuam no Brasil A produ\u00e7\u00e3o de talento no Brasil \u00e9 sem fim, sempre produziu e sempre produzir\u00e1. (...) Os jogadores s\u00e3o conhecidos porque todo mundo pode ver todos os jogos. Obviamente,\u2026","rel":"","context":"Em &quot;CBF&quot;","block_context":{"text":"CBF","link":"https:\/\/blogdoprosperi.com\/?cat=570700"},"img":{"alt_text":"Ancelotti e Felip\u00e3o","src":"https:\/\/i0.wp.com\/blogdoprosperi.com\/wp-content\/uploads\/2025\/05\/54547315701_7c75d626a1_c.jpg?fit=800%2C534&ssl=1&resize=350%2C200","width":350,"height":200,"srcset":"https:\/\/i0.wp.com\/blogdoprosperi.com\/wp-content\/uploads\/2025\/05\/54547315701_7c75d626a1_c.jpg?fit=800%2C534&ssl=1&resize=350%2C200 1x, https:\/\/i0.wp.com\/blogdoprosperi.com\/wp-content\/uploads\/2025\/05\/54547315701_7c75d626a1_c.jpg?fit=800%2C534&ssl=1&resize=525%2C300 1.5x, https:\/\/i0.wp.com\/blogdoprosperi.com\/wp-content\/uploads\/2025\/05\/54547315701_7c75d626a1_c.jpg?fit=800%2C534&ssl=1&resize=700%2C400 2x"},"classes":[]},{"id":58299,"url":"https:\/\/blogdoprosperi.com\/?p=58299","url_meta":{"origin":50686,"position":2},"title":"Ancelotti: \u201cVejo o Vinicius como o via no Real Madrid, um jogador espetacular e uma pessoa espetacular que pode decidir uma partida sozinho&#8221;","author":"Luiz Ant\u00f4nio Pr\u00f3speri","date":"13 de maio de 2026","format":false,"excerpt":"\"Os brasileiros t\u00eam um carinho especial pela camisa amarela. Esse amor especial pela Sele\u00e7\u00e3o \u00e9 uma caracter\u00edstica muito forte do Brasil\"","rel":"","context":"Em &quot;copa 2026&quot;","block_context":{"text":"copa 2026","link":"https:\/\/blogdoprosperi.com\/?cat=36820279"},"img":{"alt_text":"Ancelotti elogia Vini Jr","src":"https:\/\/i0.wp.com\/blogdoprosperi.com\/wp-content\/uploads\/2026\/05\/carlo-ancelotti-va-ecarter-vinicius-voici-la-raison.jpg?fit=1200%2C800&ssl=1&resize=350%2C200","width":350,"height":200,"srcset":"https:\/\/i0.wp.com\/blogdoprosperi.com\/wp-content\/uploads\/2026\/05\/carlo-ancelotti-va-ecarter-vinicius-voici-la-raison.jpg?fit=1200%2C800&ssl=1&resize=350%2C200 1x, https:\/\/i0.wp.com\/blogdoprosperi.com\/wp-content\/uploads\/2026\/05\/carlo-ancelotti-va-ecarter-vinicius-voici-la-raison.jpg?fit=1200%2C800&ssl=1&resize=525%2C300 1.5x, https:\/\/i0.wp.com\/blogdoprosperi.com\/wp-content\/uploads\/2026\/05\/carlo-ancelotti-va-ecarter-vinicius-voici-la-raison.jpg?fit=1200%2C800&ssl=1&resize=700%2C400 2x, https:\/\/i0.wp.com\/blogdoprosperi.com\/wp-content\/uploads\/2026\/05\/carlo-ancelotti-va-ecarter-vinicius-voici-la-raison.jpg?fit=1200%2C800&ssl=1&resize=1050%2C600 3x"},"classes":[]},{"id":56958,"url":"https:\/\/blogdoprosperi.com\/?p=56958","url_meta":{"origin":50686,"position":3},"title":"Entenda o Carnaval de Ancelotti na Sele\u00e7\u00e3o Brasileira","author":"Luiz Ant\u00f4nio Pr\u00f3speri","date":"24 de mar\u00e7o de 2026","format":false,"excerpt":"Luiz Ant\u00f4nio Pr\u00f3speri \u2013 24 mar\u00e7o 2026 (11h43) \u2013 Carlo Ancelotti encontra um novo velho caminho para recolocar a Sele\u00e7\u00e3o Brasileira rumo ao Hexa. A descoberta do italiano: o Carnaval. Sim, o Reinado de Momo. Enquanto faturava uns caramingu\u00e1s de patrocinadores acompanhando o carnaval em Salvador, S\u00e3o Paulo e Rio\u2026","rel":"","context":"Em &quot;copa 2026&quot;","block_context":{"text":"copa 2026","link":"https:\/\/blogdoprosperi.com\/?cat=36820279"},"img":{"alt_text":"","src":"https:\/\/i0.wp.com\/blogdoprosperi.com\/wp-content\/uploads\/2026\/03\/ancelotti-promete-o-hexa-durante-o-carnaval-de-salvador-3141901-article.webp?fit=1200%2C803&ssl=1&resize=350%2C200","width":350,"height":200,"srcset":"https:\/\/i0.wp.com\/blogdoprosperi.com\/wp-content\/uploads\/2026\/03\/ancelotti-promete-o-hexa-durante-o-carnaval-de-salvador-3141901-article.webp?fit=1200%2C803&ssl=1&resize=350%2C200 1x, https:\/\/i0.wp.com\/blogdoprosperi.com\/wp-content\/uploads\/2026\/03\/ancelotti-promete-o-hexa-durante-o-carnaval-de-salvador-3141901-article.webp?fit=1200%2C803&ssl=1&resize=525%2C300 1.5x, https:\/\/i0.wp.com\/blogdoprosperi.com\/wp-content\/uploads\/2026\/03\/ancelotti-promete-o-hexa-durante-o-carnaval-de-salvador-3141901-article.webp?fit=1200%2C803&ssl=1&resize=700%2C400 2x, https:\/\/i0.wp.com\/blogdoprosperi.com\/wp-content\/uploads\/2026\/03\/ancelotti-promete-o-hexa-durante-o-carnaval-de-salvador-3141901-article.webp?fit=1200%2C803&ssl=1&resize=1050%2C600 3x"},"classes":[]},{"id":49864,"url":"https:\/\/blogdoprosperi.com\/?p=49864","url_meta":{"origin":50686,"position":4},"title":"CBF Desiste de Ancelotti | Sele\u00e7\u00e3o Brasileira Deveria  Pensar na Copa do Mundo de 2030","author":"Luiz Ant\u00f4nio Pr\u00f3speri","date":"29 de abril de 2025","format":false,"excerpt":"\u2666 CBF se exp\u00f5e ao rid\u00edculo de n\u00e3o conduzir uma negocia\u00e7\u00e3o com Ancelotti t\u00e3o comum no futebol internacional \u2666 Jorge Jesus tem lobby forte na CBF. E caminha para outro furo n'\u00e1gua na Sele\u00e7\u00e3o Luiz Ant\u00f4nio Pr\u00f3speri \u2013 29 abril (22h25) \u2013 CBF desiste de Carlo Ancelotti. T\u00e9cnico italiano tem\u2026","rel":"","context":"Em &quot;futebol&quot;","block_context":{"text":"futebol","link":"https:\/\/blogdoprosperi.com\/?cat=53870"},"img":{"alt_text":"Jesus e Filipe, juntos na Sele\u00e7\u00e3o ?","src":"https:\/\/i0.wp.com\/blogdoprosperi.com\/wp-content\/uploads\/2025\/03\/captura-de-tela-2025-03-28-as-18.57.54.png?fit=1200%2C642&ssl=1&resize=350%2C200","width":350,"height":200,"srcset":"https:\/\/i0.wp.com\/blogdoprosperi.com\/wp-content\/uploads\/2025\/03\/captura-de-tela-2025-03-28-as-18.57.54.png?fit=1200%2C642&ssl=1&resize=350%2C200 1x, https:\/\/i0.wp.com\/blogdoprosperi.com\/wp-content\/uploads\/2025\/03\/captura-de-tela-2025-03-28-as-18.57.54.png?fit=1200%2C642&ssl=1&resize=525%2C300 1.5x, https:\/\/i0.wp.com\/blogdoprosperi.com\/wp-content\/uploads\/2025\/03\/captura-de-tela-2025-03-28-as-18.57.54.png?fit=1200%2C642&ssl=1&resize=700%2C400 2x, https:\/\/i0.wp.com\/blogdoprosperi.com\/wp-content\/uploads\/2025\/03\/captura-de-tela-2025-03-28-as-18.57.54.png?fit=1200%2C642&ssl=1&resize=1050%2C600 3x"},"classes":[]},{"id":57771,"url":"https:\/\/blogdoprosperi.com\/?p=57771","url_meta":{"origin":50686,"position":5},"title":"Estev\u00e3o Fora da Copa? | A Pior Not\u00edcia que Ancelotti Poderia Receber","author":"Luiz Ant\u00f4nio Pr\u00f3speri","date":"22 de abril de 2026","format":false,"excerpt":"Luiz Ant\u00f4nio Pr\u00f3speri \u2013 22 abril 2026 (12h36) \u2013 Aten\u00e7\u00e3o. Estev\u00e3o pode ficar fora da Copa do Mundo 2026. Not\u00edcias que chegam de Londres atestam uma les\u00e3o grave na coxa direita de Estev\u00e3o, um dos titulares absolutos da Sele\u00e7\u00e3o Brasileira projetada por Carlo Ancelotti. Exames divulgados nesta quarta-feira (22\/4) apontam\u2026","rel":"","context":"Em &quot;copa 2026&quot;","block_context":{"text":"copa 2026","link":"https:\/\/blogdoprosperi.com\/?cat=36820279"},"img":{"alt_text":"","src":"https:\/\/i0.wp.com\/blogdoprosperi.com\/wp-content\/uploads\/2026\/04\/lhvtlvp5v2mokrafvzv4jmjlm4.jpg?fit=920%2C615&ssl=1&resize=350%2C200","width":350,"height":200,"srcset":"https:\/\/i0.wp.com\/blogdoprosperi.com\/wp-content\/uploads\/2026\/04\/lhvtlvp5v2mokrafvzv4jmjlm4.jpg?fit=920%2C615&ssl=1&resize=350%2C200 1x, https:\/\/i0.wp.com\/blogdoprosperi.com\/wp-content\/uploads\/2026\/04\/lhvtlvp5v2mokrafvzv4jmjlm4.jpg?fit=920%2C615&ssl=1&resize=525%2C300 1.5x, https:\/\/i0.wp.com\/blogdoprosperi.com\/wp-content\/uploads\/2026\/04\/lhvtlvp5v2mokrafvzv4jmjlm4.jpg?fit=920%2C615&ssl=1&resize=700%2C400 2x"},"classes":[]}],"jetpack_featured_media_url":"https:\/\/i0.wp.com\/blogdoprosperi.com\/wp-content\/uploads\/2025\/06\/54568041146_d3df015085_c.jpg?fit=799%2C526&ssl=1","_links":{"self":[{"href":"https:\/\/blogdoprosperi.com\/index.php?rest_route=\/wp\/v2\/posts\/50686","targetHints":{"allow":["GET"]}}],"collection":[{"href":"https:\/\/blogdoprosperi.com\/index.php?rest_route=\/wp\/v2\/posts"}],"about":[{"href":"https:\/\/blogdoprosperi.com\/index.php?rest_route=\/wp\/v2\/types\/post"}],"author":[{"embeddable":true,"href":"https:\/\/blogdoprosperi.com\/index.php?rest_route=\/wp\/v2\/users\/102107496"}],"replies":[{"embeddable":true,"href":"https:\/\/blogdoprosperi.com\/index.php?rest_route=%2Fwp%2Fv2%2Fcomments&post=50686"}],"version-history":[{"count":5,"href":"https:\/\/blogdoprosperi.com\/index.php?rest_route=\/wp\/v2\/posts\/50686\/revisions"}],"predecessor-version":[{"id":50694,"href":"https:\/\/blogdoprosperi.com\/index.php?rest_route=\/wp\/v2\/posts\/50686\/revisions\/50694"}],"wp:featuredmedia":[{"embeddable":true,"href":"https:\/\/blogdoprosperi.com\/index.php?rest_route=\/wp\/v2\/media\/50690"}],"wp:attachment":[{"href":"https:\/\/blogdoprosperi.com\/index.php?rest_route=%2Fwp%2Fv2%2Fmedia&parent=50686"}],"wp:term":[{"taxonomy":"category","embeddable":true,"href":"https:\/\/blogdoprosperi.com\/index.php?rest_route=%2Fwp%2Fv2%2Fcategories&post=50686"},{"taxonomy":"post_tag","embeddable":true,"href":"https:\/\/blogdoprosperi.com\/index.php?rest_route=%2Fwp%2Fv2%2Ftags&post=50686"}],"curies":[{"name":"wp","href":"https:\/\/api.w.org\/{rel}","templated":true}]}}