{"id":50793,"date":"2025-06-08T20:14:56","date_gmt":"2025-06-08T23:14:56","guid":{"rendered":"https:\/\/blogdoprosperi.com\/?p=50793"},"modified":"2025-06-08T20:18:47","modified_gmt":"2025-06-08T23:18:47","slug":"cristiano-ronaldo-40-derrota-lamine-yamal-17","status":"publish","type":"post","link":"https:\/\/blogdoprosperi.com\/?p=50793","title":{"rendered":"Cristiano Ronaldo 40 Derrota Lamine Yamal 17"},"content":{"rendered":"<p><em>Luiz Ant\u00f4nio Pr\u00f3speri \u2013 8 junho (20h12) \u2013<\/em><\/p>\n<p>Portugal vence Espanha na decis\u00e3o por p\u00eanaltis (5 a 3) e arremata a ta\u00e7a da Nations League (Liga das Na\u00e7\u00f5es Uefa). Tradu\u00e7\u00e3o: Cristiano Ronaldo, 40 anos, derrota Lamine Yamal, 17 anos. Pode ser cruel ao menino espanhol, novo geniozinho do futebol mundial. Culpa ele tem se seu time n\u00e3o enquadra os portugueses nos 90 minutos e cai na cobran\u00e7a medonha do experiente Morata no \u00faltimo p\u00eanalti? Ali\u00e1s, Yamal nem estava l\u00e1 no campo substitu\u00eddo que foi antes da prorroga\u00e7\u00e3o. No tempo normal, 2 a 2, Yamal n\u00e3o joga quase nada. Mas Cristiano deixa sua marca ao converter gol de empate de Portugal que leva a decis\u00e3o ao tempo extra e, consequ\u00eancia, \u00e0s penalidades. Cristiano tamb\u00e9m n\u00e3o participa das cobran\u00e7as \u2013 deixou o jogo no segundo tempo com f\u00edsico exaurido e um mont\u00e3o de l\u00e1grimas represadas a desabar ao final da decis\u00e3o. Cristiano nem v\u00ea seus companheiros batendo p\u00eanaltis. Esconde o rosto nas costas de um reserva e s\u00f3 levanta a cabe\u00e7a a cada p\u00eanalti convertido. E no fim des\u00e1gua uma cachoeira de l\u00e1grimas ao R\u00faben Neves cravar o quinto p\u00eanalti, o gol de campe\u00e3o.<\/p>\n<p>Choro incontido ressaltam as &#8220;rugas&#8221; do senhor de 40 anos ainda resistente em abandonar a carreira. Sua marca s\u00e3o os gols, as conquistas e enorme prazer em defender Portugal.<\/p>\n<blockquote><p>\u00c9 lindo. \u00c9 a nossa na\u00e7\u00e3o. Somos um povo pequeno, mas com uma ambi\u00e7\u00e3o muito grande. Deixa-me feliz. J\u00e1 vivi em muitos pa\u00edses, j\u00e1 joguei em muitos clubes, mas quando falam em Portugal \u00e9 sempre um sentimento especial. Sendo capit\u00e3o desta gera\u00e7\u00e3o, \u00e9 um orgulho. Ganhar um t\u00edtulo \u00e9 sempre o auge numa sele\u00e7\u00e3o. Ganhar um t\u00edtulo \u00e9 o auge. O futuro \u00e9 a pensar curto prazo. Agora \u00e9 descansar bem. Tive a les\u00e3o e aquilo foi a mais, a mais&#8230; Forcei, porque pela Sele\u00e7\u00e3o tens de for\u00e7ar \u2013 <strong>Cristiano Ronaldo.<\/strong><\/p><\/blockquote>\n<p>Lamine Yamal, 17 anos, cabelos tingidos de amarelo, n\u00e3o chorou a derrota espanhola. Ao ver a festa dos portugueses ainda dentro do campo, sacoleja leve o corpo como um adolescente t\u00edmido sob som da m\u00fasica tocada no est\u00e1dio. \u00c9 um menino. Ter\u00e1 ainda 23 anos pela frente para alcan\u00e7ar Cristiano Ronaldo. Se \u00e9 que algu\u00e9m alcan\u00e7a Cristiano.<\/p>\n<figure id=\"attachment_50801\" aria-describedby=\"caption-attachment-50801\" style=\"width: 720px\" class=\"wp-caption alignnone\"><img data-recalc-dims=\"1\" loading=\"lazy\" decoding=\"async\" data-attachment-id=\"50801\" data-permalink=\"https:\/\/blogdoprosperi.com\/?attachment_id=50801\" data-orig-file=\"https:\/\/i0.wp.com\/blogdoprosperi.com\/wp-content\/uploads\/2025\/06\/fbl-eur-nations-por-esp.jpeg?fit=988%2C556&amp;ssl=1\" data-orig-size=\"988,556\" data-comments-opened=\"1\" data-image-meta=\"{&quot;aperture&quot;:&quot;0&quot;,&quot;credit&quot;:&quot;&quot;,&quot;camera&quot;:&quot;&quot;,&quot;caption&quot;:&quot;&quot;,&quot;created_timestamp&quot;:&quot;0&quot;,&quot;copyright&quot;:&quot;&quot;,&quot;focal_length&quot;:&quot;0&quot;,&quot;iso&quot;:&quot;0&quot;,&quot;shutter_speed&quot;:&quot;0&quot;,&quot;title&quot;:&quot;&quot;,&quot;orientation&quot;:&quot;0&quot;}\" data-image-title=\"fbl-eur-nations-por-esp\" data-image-description=\"\" data-image-caption=\"\" data-large-file=\"https:\/\/i0.wp.com\/blogdoprosperi.com\/wp-content\/uploads\/2025\/06\/fbl-eur-nations-por-esp.jpeg?fit=940%2C529&amp;ssl=1\" class=\"wp-image-50801 size-large\" src=\"https:\/\/i0.wp.com\/blogdoprosperi.com\/wp-content\/uploads\/2025\/06\/fbl-eur-nations-por-esp.jpeg?resize=720%2C405&#038;ssl=1\" alt=\"\" width=\"720\" height=\"405\" \/><figcaption id=\"caption-attachment-50801\" class=\"wp-caption-text\"><em>Portugal celebra conquista da Nations League \u2013 foto: Uefa oficial<\/em><\/figcaption><\/figure>\n","protected":false},"excerpt":{"rendered":"<p>Luiz Ant\u00f4nio Pr\u00f3speri \u2013 8 junho (20h12) \u2013 Portugal vence Espanha na decis\u00e3o por p\u00eanaltis (5 a 3) [&hellip;]<\/p>\n","protected":false},"author":102107496,"featured_media":50802,"comment_status":"open","ping_status":"open","sticky":false,"template":"","format":"standard","meta":{"_coblocks_attr":"","_coblocks_dimensions":"","_coblocks_responsive_height":"","_coblocks_accordion_ie_support":"","_jetpack_newsletter_access":"","_jetpack_dont_email_post_to_subs":false,"_jetpack_newsletter_tier_id":0,"_jetpack_memberships_contains_paywalled_content":false,"_wpcom_ai_launchpad_first_post":false,"_jetpack_feature_clip_id":0,"_jetpack_memberships_contains_paid_content":false,"footnotes":"","jetpack_publicize_message":"","jetpack_publicize_feature_enabled":true,"jetpack_social_post_already_shared":false,"jetpack_social_options":{"image_generator_settings":{"template":"highway","default_image_id":0,"font":"","enabled":false},"version":2},"jetpack_post_was_ever_published":false},"categories":[53870],"tags":[66172,789560560,681679186,603760465,781692440,781692439],"class_list":["post-50793","post","type-post","status-publish","format-standard","has-post-thumbnail","hentry","category-futebol","tag-cristiano-ronaldo","tag-futebol","tag-lamine-yamal","tag-liga-das-nacoes-da-uefa","tag-portugal-5-a-3-espanha","tag-portugal-bicampeao-nations-league"],"yoast_head":"<!-- This site is optimized with the Yoast SEO plugin v28.4 - https:\/\/yoast.com\/product\/yoast-seo-wordpress\/ -->\n<title>Cristiano Ronaldo 40 Derrota Lamine Yamal 17 - PR\u00d3SPERI NEWS<\/title>\n<meta name=\"robots\" content=\"index, follow, max-snippet:-1, max-image-preview:large, max-video-preview:-1\" \/>\n<link rel=\"canonical\" href=\"https:\/\/blogdoprosperi.com\/?p=50793\" \/>\n<meta property=\"og:locale\" content=\"pt_BR\" \/>\n<meta property=\"og:type\" content=\"article\" \/>\n<meta property=\"og:title\" content=\"Cristiano Ronaldo 40 Derrota Lamine Yamal 17 - PR\u00d3SPERI NEWS\" \/>\n<meta property=\"og:description\" content=\"Luiz Ant\u00f4nio Pr\u00f3speri \u2013 8 junho (20h12) \u2013 Portugal vence Espanha na decis\u00e3o por p\u00eanaltis (5 a 3) [&hellip;]\" \/>\n<meta property=\"og:url\" content=\"https:\/\/blogdoprosperi.com\/?p=50793\" \/>\n<meta property=\"og:site_name\" content=\"PR\u00d3SPERI NEWS\" \/>\n<meta property=\"article:publisher\" content=\"Luiz Pr\u00f3speri\" \/>\n<meta property=\"article:author\" content=\"Luiz Pr\u00f3speri\" \/>\n<meta property=\"article:published_time\" content=\"2025-06-08T23:14:56+00:00\" \/>\n<meta property=\"article:modified_time\" content=\"2025-06-08T23:18:47+00:00\" \/>\n<meta property=\"og:image\" content=\"https:\/\/i0.wp.com\/blogdoprosperi.com\/wp-content\/uploads\/2025\/06\/captura-de-tela-2025-06-08-as-19.38.17.png?fit=1176%2C964&ssl=1\" \/>\n\t<meta property=\"og:image:width\" content=\"1176\" \/>\n\t<meta property=\"og:image:height\" content=\"964\" \/>\n\t<meta property=\"og:image:type\" content=\"image\/png\" \/>\n<meta name=\"author\" content=\"Luiz Ant\u00f4nio Pr\u00f3speri\" \/>\n<meta name=\"twitter:card\" content=\"summary_large_image\" \/>\n<meta name=\"twitter:creator\" content=\"@Luizprosperi\" \/>\n<meta name=\"twitter:site\" content=\"@Luizprosperi\" \/>\n<meta name=\"twitter:label1\" content=\"Escrito por\" \/>\n\t<meta name=\"twitter:data1\" content=\"Luiz Ant\u00f4nio Pr\u00f3speri\" \/>\n\t<meta name=\"twitter:label2\" content=\"Est. tempo de leitura\" \/>\n\t<meta name=\"twitter:data2\" content=\"2 minutos\" \/>\n<script type=\"application\/ld+json\" class=\"yoast-schema-graph\">{\"@context\":\"https:\\\/\\\/schema.org\",\"@graph\":[{\"@type\":\"Article\",\"@id\":\"https:\\\/\\\/blogdoprosperi.com\\\/?p=50793#article\",\"isPartOf\":{\"@id\":\"https:\\\/\\\/blogdoprosperi.com\\\/?p=50793\"},\"author\":{\"name\":\"Luiz Ant\u00f4nio Pr\u00f3speri\",\"@id\":\"https:\\\/\\\/blogdoprosperi.com\\\/#\\\/schema\\\/person\\\/38100755ce3601861ee4fab9b5aa78e9\"},\"headline\":\"Cristiano Ronaldo 40 Derrota Lamine Yamal 17\",\"datePublished\":\"2025-06-08T23:14:56+00:00\",\"dateModified\":\"2025-06-08T23:18:47+00:00\",\"mainEntityOfPage\":{\"@id\":\"https:\\\/\\\/blogdoprosperi.com\\\/?p=50793\"},\"wordCount\":415,\"commentCount\":0,\"publisher\":{\"@id\":\"https:\\\/\\\/blogdoprosperi.com\\\/#\\\/schema\\\/person\\\/38100755ce3601861ee4fab9b5aa78e9\"},\"image\":{\"@id\":\"https:\\\/\\\/blogdoprosperi.com\\\/?p=50793#primaryimage\"},\"thumbnailUrl\":\"https:\\\/\\\/i0.wp.com\\\/blogdoprosperi.com\\\/wp-content\\\/uploads\\\/2025\\\/06\\\/captura-de-tela-2025-06-08-as-19.38.17.png?fit=1176%2C964&ssl=1\",\"keywords\":[\"Cristiano Ronaldo\",\"futebol\",\"lamine yamal\",\"liga das na\u00e7\u00f5es da uefa\",\"portugal (5 a 3) espanha\",\"Portugal bicampe\u00e3o nations league\"],\"articleSection\":[\"futebol\"],\"inLanguage\":\"pt-BR\",\"potentialAction\":[{\"@type\":\"CommentAction\",\"name\":\"Comment\",\"target\":[\"https:\\\/\\\/blogdoprosperi.com\\\/?p=50793#respond\"]}]},{\"@type\":\"WebPage\",\"@id\":\"https:\\\/\\\/blogdoprosperi.com\\\/?p=50793\",\"url\":\"https:\\\/\\\/blogdoprosperi.com\\\/?p=50793\",\"name\":\"Cristiano Ronaldo 40 Derrota Lamine Yamal 17 - PR\u00d3SPERI NEWS\",\"isPartOf\":{\"@id\":\"https:\\\/\\\/blogdoprosperi.com\\\/#website\"},\"primaryImageOfPage\":{\"@id\":\"https:\\\/\\\/blogdoprosperi.com\\\/?p=50793#primaryimage\"},\"image\":{\"@id\":\"https:\\\/\\\/blogdoprosperi.com\\\/?p=50793#primaryimage\"},\"thumbnailUrl\":\"https:\\\/\\\/i0.wp.com\\\/blogdoprosperi.com\\\/wp-content\\\/uploads\\\/2025\\\/06\\\/captura-de-tela-2025-06-08-as-19.38.17.png?fit=1176%2C964&ssl=1\",\"datePublished\":\"2025-06-08T23:14:56+00:00\",\"dateModified\":\"2025-06-08T23:18:47+00:00\",\"breadcrumb\":{\"@id\":\"https:\\\/\\\/blogdoprosperi.com\\\/?p=50793#breadcrumb\"},\"inLanguage\":\"pt-BR\",\"potentialAction\":[{\"@type\":\"ReadAction\",\"target\":[\"https:\\\/\\\/blogdoprosperi.com\\\/?p=50793\"]}]},{\"@type\":\"ImageObject\",\"inLanguage\":\"pt-BR\",\"@id\":\"https:\\\/\\\/blogdoprosperi.com\\\/?p=50793#primaryimage\",\"url\":\"https:\\\/\\\/i0.wp.com\\\/blogdoprosperi.com\\\/wp-content\\\/uploads\\\/2025\\\/06\\\/captura-de-tela-2025-06-08-as-19.38.17.png?fit=1176%2C964&ssl=1\",\"contentUrl\":\"https:\\\/\\\/i0.wp.com\\\/blogdoprosperi.com\\\/wp-content\\\/uploads\\\/2025\\\/06\\\/captura-de-tela-2025-06-08-as-19.38.17.png?fit=1176%2C964&ssl=1\",\"width\":1176,\"height\":964,\"caption\":\"Cristiano Ronaldo carrega a. ta\u00e7a da Nations League - foto: Uefa oficial\"},{\"@type\":\"BreadcrumbList\",\"@id\":\"https:\\\/\\\/blogdoprosperi.com\\\/?p=50793#breadcrumb\",\"itemListElement\":[{\"@type\":\"ListItem\",\"position\":1,\"name\":\"In\u00edcio\",\"item\":\"https:\\\/\\\/blogdoprosperi.com\\\/\"},{\"@type\":\"ListItem\",\"position\":2,\"name\":\"Cristiano Ronaldo 40 Derrota Lamine Yamal 17\"}]},{\"@type\":\"WebSite\",\"@id\":\"https:\\\/\\\/blogdoprosperi.com\\\/#website\",\"url\":\"https:\\\/\\\/blogdoprosperi.com\\\/\",\"name\":\"PR\u00d3SPERI NEWS\",\"description\":\"TUDO \u00c9  FUTEBOL\",\"publisher\":{\"@id\":\"https:\\\/\\\/blogdoprosperi.com\\\/#\\\/schema\\\/person\\\/38100755ce3601861ee4fab9b5aa78e9\"},\"alternateName\":\"blogdoprosperi.com\",\"potentialAction\":[{\"@type\":\"SearchAction\",\"target\":{\"@type\":\"EntryPoint\",\"urlTemplate\":\"https:\\\/\\\/blogdoprosperi.com\\\/?s={search_term_string}\"},\"query-input\":{\"@type\":\"PropertyValueSpecification\",\"valueRequired\":true,\"valueName\":\"search_term_string\"}}],\"inLanguage\":\"pt-BR\"},{\"@type\":[\"Person\",\"Organization\"],\"@id\":\"https:\\\/\\\/blogdoprosperi.com\\\/#\\\/schema\\\/person\\\/38100755ce3601861ee4fab9b5aa78e9\",\"name\":\"Luiz Ant\u00f4nio Pr\u00f3speri\",\"pronouns\":\"ele\",\"image\":{\"@type\":\"ImageObject\",\"inLanguage\":\"pt-BR\",\"@id\":\"https:\\\/\\\/i0.wp.com\\\/blogdoprosperi.com\\\/wp-content\\\/uploads\\\/2026\\\/05\\\/cropped-8059e613-6002-42fa-961e-8e275f575d71-2-5.jpg?fit=1360%2C931&ssl=1\",\"url\":\"https:\\\/\\\/i0.wp.com\\\/blogdoprosperi.com\\\/wp-content\\\/uploads\\\/2026\\\/05\\\/cropped-8059e613-6002-42fa-961e-8e275f575d71-2-5.jpg?fit=1360%2C931&ssl=1\",\"contentUrl\":\"https:\\\/\\\/i0.wp.com\\\/blogdoprosperi.com\\\/wp-content\\\/uploads\\\/2026\\\/05\\\/cropped-8059e613-6002-42fa-961e-8e275f575d71-2-5.jpg?fit=1360%2C931&ssl=1\",\"width\":1360,\"height\":931,\"caption\":\"Luiz Ant\u00f4nio Pr\u00f3speri\"},\"logo\":{\"@id\":\"https:\\\/\\\/i0.wp.com\\\/blogdoprosperi.com\\\/wp-content\\\/uploads\\\/2026\\\/05\\\/cropped-8059e613-6002-42fa-961e-8e275f575d71-2-5.jpg?fit=1360%2C931&ssl=1\"},\"description\":\"Jornalista com carreira dedicada ao esporte. Cobriu 9 Copas do Mundo in loco, 1990 na It\u00e1lia, 1994 nos EUA, 1998 na Fran\u00e7a, 2002 na Coreia do Sul e Jap\u00e3o, 2006 na Alemanha, 2010 na \u00c1frica do Sul, 2014 no Brasil, 2018 na R\u00fassia e 2022 no Qatar. Eurocopas, 1992 na Su\u00e9cia e 1996 na Inglaterra. Copa das Confedera\u00e7\u00f5es de 2005 na Alemanha e 2009 na \u00c1frica do Sul. Rep\u00f3rter e Editor, trabalhou no Jornal da Tarde e Estad\u00e3o, de 1984 a fevereiro de 2016. Colunista, blogueiro. E comentarista de futebol na R\u00e1dio Estad\u00e3o, de 2013 a fevereiro de 2016. Jornalista respons\u00e1vel do \\\"Pr\u00f3speri News\\\" (blogdoprosperi.com).\",\"sameAs\":[\"http:\\\/\\\/blogdoprosperi.com\",\"Luiz Pr\u00f3speri\",\"@luiz_prosperi\",\"https:\\\/\\\/x.com\\\/Luizprosperi\",\"@prosperinacopa\",\"luiz.prosperi@icloud.com\"],\"url\":\"https:\\\/\\\/blogdoprosperi.com\\\/?author=102107496\"}]}<\/script>\n<!-- \/ Yoast SEO plugin. -->","yoast_head_json":{"title":"Cristiano Ronaldo 40 Derrota Lamine Yamal 17 - PR\u00d3SPERI NEWS","robots":{"index":"index","follow":"follow","max-snippet":"max-snippet:-1","max-image-preview":"max-image-preview:large","max-video-preview":"max-video-preview:-1"},"canonical":"https:\/\/blogdoprosperi.com\/?p=50793","og_locale":"pt_BR","og_type":"article","og_title":"Cristiano Ronaldo 40 Derrota Lamine Yamal 17 - PR\u00d3SPERI NEWS","og_description":"Luiz Ant\u00f4nio Pr\u00f3speri \u2013 8 junho (20h12) \u2013 Portugal vence Espanha na decis\u00e3o por p\u00eanaltis (5 a 3) [&hellip;]","og_url":"https:\/\/blogdoprosperi.com\/?p=50793","og_site_name":"PR\u00d3SPERI NEWS","article_publisher":"Luiz Pr\u00f3speri","article_author":"Luiz Pr\u00f3speri","article_published_time":"2025-06-08T23:14:56+00:00","article_modified_time":"2025-06-08T23:18:47+00:00","og_image":[{"width":1176,"height":964,"url":"https:\/\/i0.wp.com\/blogdoprosperi.com\/wp-content\/uploads\/2025\/06\/captura-de-tela-2025-06-08-as-19.38.17.png?fit=1176%2C964&ssl=1","type":"image\/png"}],"author":"Luiz Ant\u00f4nio Pr\u00f3speri","twitter_card":"summary_large_image","twitter_creator":"@Luizprosperi","twitter_site":"@Luizprosperi","twitter_misc":{"Escrito por":"Luiz Ant\u00f4nio Pr\u00f3speri","Est. tempo de leitura":"2 minutos"},"schema":{"@context":"https:\/\/schema.org","@graph":[{"@type":"Article","@id":"https:\/\/blogdoprosperi.com\/?p=50793#article","isPartOf":{"@id":"https:\/\/blogdoprosperi.com\/?p=50793"},"author":{"name":"Luiz Ant\u00f4nio Pr\u00f3speri","@id":"https:\/\/blogdoprosperi.com\/#\/schema\/person\/38100755ce3601861ee4fab9b5aa78e9"},"headline":"Cristiano Ronaldo 40 Derrota Lamine Yamal 17","datePublished":"2025-06-08T23:14:56+00:00","dateModified":"2025-06-08T23:18:47+00:00","mainEntityOfPage":{"@id":"https:\/\/blogdoprosperi.com\/?p=50793"},"wordCount":415,"commentCount":0,"publisher":{"@id":"https:\/\/blogdoprosperi.com\/#\/schema\/person\/38100755ce3601861ee4fab9b5aa78e9"},"image":{"@id":"https:\/\/blogdoprosperi.com\/?p=50793#primaryimage"},"thumbnailUrl":"https:\/\/i0.wp.com\/blogdoprosperi.com\/wp-content\/uploads\/2025\/06\/captura-de-tela-2025-06-08-as-19.38.17.png?fit=1176%2C964&ssl=1","keywords":["Cristiano Ronaldo","futebol","lamine yamal","liga das na\u00e7\u00f5es da uefa","portugal (5 a 3) espanha","Portugal bicampe\u00e3o nations league"],"articleSection":["futebol"],"inLanguage":"pt-BR","potentialAction":[{"@type":"CommentAction","name":"Comment","target":["https:\/\/blogdoprosperi.com\/?p=50793#respond"]}]},{"@type":"WebPage","@id":"https:\/\/blogdoprosperi.com\/?p=50793","url":"https:\/\/blogdoprosperi.com\/?p=50793","name":"Cristiano Ronaldo 40 Derrota Lamine Yamal 17 - PR\u00d3SPERI NEWS","isPartOf":{"@id":"https:\/\/blogdoprosperi.com\/#website"},"primaryImageOfPage":{"@id":"https:\/\/blogdoprosperi.com\/?p=50793#primaryimage"},"image":{"@id":"https:\/\/blogdoprosperi.com\/?p=50793#primaryimage"},"thumbnailUrl":"https:\/\/i0.wp.com\/blogdoprosperi.com\/wp-content\/uploads\/2025\/06\/captura-de-tela-2025-06-08-as-19.38.17.png?fit=1176%2C964&ssl=1","datePublished":"2025-06-08T23:14:56+00:00","dateModified":"2025-06-08T23:18:47+00:00","breadcrumb":{"@id":"https:\/\/blogdoprosperi.com\/?p=50793#breadcrumb"},"inLanguage":"pt-BR","potentialAction":[{"@type":"ReadAction","target":["https:\/\/blogdoprosperi.com\/?p=50793"]}]},{"@type":"ImageObject","inLanguage":"pt-BR","@id":"https:\/\/blogdoprosperi.com\/?p=50793#primaryimage","url":"https:\/\/i0.wp.com\/blogdoprosperi.com\/wp-content\/uploads\/2025\/06\/captura-de-tela-2025-06-08-as-19.38.17.png?fit=1176%2C964&ssl=1","contentUrl":"https:\/\/i0.wp.com\/blogdoprosperi.com\/wp-content\/uploads\/2025\/06\/captura-de-tela-2025-06-08-as-19.38.17.png?fit=1176%2C964&ssl=1","width":1176,"height":964,"caption":"Cristiano Ronaldo carrega a. ta\u00e7a da Nations League - foto: Uefa oficial"},{"@type":"BreadcrumbList","@id":"https:\/\/blogdoprosperi.com\/?p=50793#breadcrumb","itemListElement":[{"@type":"ListItem","position":1,"name":"In\u00edcio","item":"https:\/\/blogdoprosperi.com\/"},{"@type":"ListItem","position":2,"name":"Cristiano Ronaldo 40 Derrota Lamine Yamal 17"}]},{"@type":"WebSite","@id":"https:\/\/blogdoprosperi.com\/#website","url":"https:\/\/blogdoprosperi.com\/","name":"PR\u00d3SPERI NEWS","description":"TUDO \u00c9  FUTEBOL","publisher":{"@id":"https:\/\/blogdoprosperi.com\/#\/schema\/person\/38100755ce3601861ee4fab9b5aa78e9"},"alternateName":"blogdoprosperi.com","potentialAction":[{"@type":"SearchAction","target":{"@type":"EntryPoint","urlTemplate":"https:\/\/blogdoprosperi.com\/?s={search_term_string}"},"query-input":{"@type":"PropertyValueSpecification","valueRequired":true,"valueName":"search_term_string"}}],"inLanguage":"pt-BR"},{"@type":["Person","Organization"],"@id":"https:\/\/blogdoprosperi.com\/#\/schema\/person\/38100755ce3601861ee4fab9b5aa78e9","name":"Luiz Ant\u00f4nio Pr\u00f3speri","pronouns":"ele","image":{"@type":"ImageObject","inLanguage":"pt-BR","@id":"https:\/\/i0.wp.com\/blogdoprosperi.com\/wp-content\/uploads\/2026\/05\/cropped-8059e613-6002-42fa-961e-8e275f575d71-2-5.jpg?fit=1360%2C931&ssl=1","url":"https:\/\/i0.wp.com\/blogdoprosperi.com\/wp-content\/uploads\/2026\/05\/cropped-8059e613-6002-42fa-961e-8e275f575d71-2-5.jpg?fit=1360%2C931&ssl=1","contentUrl":"https:\/\/i0.wp.com\/blogdoprosperi.com\/wp-content\/uploads\/2026\/05\/cropped-8059e613-6002-42fa-961e-8e275f575d71-2-5.jpg?fit=1360%2C931&ssl=1","width":1360,"height":931,"caption":"Luiz Ant\u00f4nio Pr\u00f3speri"},"logo":{"@id":"https:\/\/i0.wp.com\/blogdoprosperi.com\/wp-content\/uploads\/2026\/05\/cropped-8059e613-6002-42fa-961e-8e275f575d71-2-5.jpg?fit=1360%2C931&ssl=1"},"description":"Jornalista com carreira dedicada ao esporte. Cobriu 9 Copas do Mundo in loco, 1990 na It\u00e1lia, 1994 nos EUA, 1998 na Fran\u00e7a, 2002 na Coreia do Sul e Jap\u00e3o, 2006 na Alemanha, 2010 na \u00c1frica do Sul, 2014 no Brasil, 2018 na R\u00fassia e 2022 no Qatar. Eurocopas, 1992 na Su\u00e9cia e 1996 na Inglaterra. Copa das Confedera\u00e7\u00f5es de 2005 na Alemanha e 2009 na \u00c1frica do Sul. Rep\u00f3rter e Editor, trabalhou no Jornal da Tarde e Estad\u00e3o, de 1984 a fevereiro de 2016. Colunista, blogueiro. E comentarista de futebol na R\u00e1dio Estad\u00e3o, de 2013 a fevereiro de 2016. Jornalista respons\u00e1vel do \"Pr\u00f3speri News\" (blogdoprosperi.com).","sameAs":["http:\/\/blogdoprosperi.com","Luiz Pr\u00f3speri","@luiz_prosperi","https:\/\/x.com\/Luizprosperi","@prosperinacopa","luiz.prosperi@icloud.com"],"url":"https:\/\/blogdoprosperi.com\/?author=102107496"}]}},"jetpack_publicize_connections":[],"jetpack_likes_enabled":false,"jetpack_sharing_enabled":true,"jetpack_shortlink":"https:\/\/wp.me\/p7jvdk-ddf","jetpack-related-posts":[{"id":43556,"url":"https:\/\/blogdoprosperi.com\/?p=43556","url_meta":{"origin":50793,"position":0},"title":"Euro 2024 na TV: Espanha x Alemanha, a final antecipada; Portugal x Fran\u00e7a ou Cristiano x Mbapp\u00e9","author":"Luiz Ant\u00f4nio Pr\u00f3speri","date":"5 de julho de 2024","format":false,"excerpt":"Espanha e Alemanha decidem uma vaga \u00e0 semifinal da Euro 2024, nessa sexta-feira, \u00e0s 13h (hor\u00e1rio de Bras\u00edlia), em Stuttgart. Quem acompanha o torneio de olho no bom futebol pode apontar esse jogo como uma final antecipada da Eurocopa. As duas sele\u00e7\u00f5es s\u00e3o as que mais gols marcaram (19) e\u2026","rel":"","context":"Em &quot;futebol&quot;","block_context":{"text":"futebol","link":"https:\/\/blogdoprosperi.com\/?cat=53870"},"img":{"alt_text":"","src":"https:\/\/i0.wp.com\/blogdoprosperi.com\/wp-content\/uploads\/2024\/07\/euro_24_-_2_players_h2h_-_facebook.jpg?fit=988%2C556&ssl=1&resize=350%2C200","width":350,"height":200,"srcset":"https:\/\/i0.wp.com\/blogdoprosperi.com\/wp-content\/uploads\/2024\/07\/euro_24_-_2_players_h2h_-_facebook.jpg?fit=988%2C556&ssl=1&resize=350%2C200 1x, https:\/\/i0.wp.com\/blogdoprosperi.com\/wp-content\/uploads\/2024\/07\/euro_24_-_2_players_h2h_-_facebook.jpg?fit=988%2C556&ssl=1&resize=525%2C300 1.5x, https:\/\/i0.wp.com\/blogdoprosperi.com\/wp-content\/uploads\/2024\/07\/euro_24_-_2_players_h2h_-_facebook.jpg?fit=988%2C556&ssl=1&resize=700%2C400 2x"},"classes":[]},{"id":43985,"url":"https:\/\/blogdoprosperi.com\/?p=43985","url_meta":{"origin":50793,"position":1},"title":"Final da Euro 2024 na TV: Espanha Tetracampe\u00e3 ou Inglaterra Surpreende? Descubra Agora!","author":"Luiz Ant\u00f4nio Pr\u00f3speri","date":"13 de julho de 2024","format":false,"excerpt":"Espanha e Inglaterra decidem a final da Euro 2024, domingo (14\/7), em Berlim. \u00daltimo cap\u00edtulo de um torneio carimbado pela nova gera\u00e7\u00e3o, despedida de \u00edcones, muita festa nas ruas da Alemanha, tens\u00e3o pol\u00edtica, pouca viol\u00eancia, problemas nos est\u00e1dios e jogos memor\u00e1veis. Coube tudo na Eurocopa. At\u00e9 mesmo a decis\u00e3o entre\u2026","rel":"","context":"Em &quot;futebol&quot;","block_context":{"text":"futebol","link":"https:\/\/blogdoprosperi.com\/?cat=53870"},"img":{"alt_text":"Euro 2024 - final: Espanha x Inglaterra","src":"https:\/\/i0.wp.com\/blogdoprosperi.com\/wp-content\/uploads\/2024\/07\/captura-de-tela-2024-07-13-as-18.03.00.png?fit=1200%2C690&ssl=1&resize=350%2C200","width":350,"height":200,"srcset":"https:\/\/i0.wp.com\/blogdoprosperi.com\/wp-content\/uploads\/2024\/07\/captura-de-tela-2024-07-13-as-18.03.00.png?fit=1200%2C690&ssl=1&resize=350%2C200 1x, https:\/\/i0.wp.com\/blogdoprosperi.com\/wp-content\/uploads\/2024\/07\/captura-de-tela-2024-07-13-as-18.03.00.png?fit=1200%2C690&ssl=1&resize=525%2C300 1.5x, https:\/\/i0.wp.com\/blogdoprosperi.com\/wp-content\/uploads\/2024\/07\/captura-de-tela-2024-07-13-as-18.03.00.png?fit=1200%2C690&ssl=1&resize=700%2C400 2x, https:\/\/i0.wp.com\/blogdoprosperi.com\/wp-content\/uploads\/2024\/07\/captura-de-tela-2024-07-13-as-18.03.00.png?fit=1200%2C690&ssl=1&resize=1050%2C600 3x"},"classes":[]},{"id":46066,"url":"https:\/\/blogdoprosperi.com\/?p=46066","url_meta":{"origin":50793,"position":2},"title":"Bola de Ouro | Sem Vini Jr, Come\u00e7a Nova Era no Cen\u00e1rio p\u00f3s-Messi e Cristiano Ronaldo","author":"Luiz Ant\u00f4nio Pr\u00f3speri","date":"28 de outubro de 2024","format":false,"excerpt":"A vez de Vini Jr? Enfim, ter\u00edamos um jogador brasileiro favorito a melhor do mundo no trof\u00e9u Bola de Ouro 2023\/2024, criado pela revista France Football em 1956. Acontece que Vini Jr desistiu de ir \u00e0 cerim\u00f4nia de entrega do trof\u00e9u em Paris, nessa segunda-feira (28\/10). Sem Vini Jr, o\u2026","rel":"","context":"Em &quot;futebol&quot;","block_context":{"text":"futebol","link":"https:\/\/blogdoprosperi.com\/?cat=53870"},"img":{"alt_text":"Quem leva Bola de Ouro?","src":"https:\/\/i0.wp.com\/blogdoprosperi.com\/wp-content\/uploads\/2024\/10\/captura-de-tela-2024-10-28-as-10.27.05.png?fit=1200%2C714&ssl=1&resize=350%2C200","width":350,"height":200,"srcset":"https:\/\/i0.wp.com\/blogdoprosperi.com\/wp-content\/uploads\/2024\/10\/captura-de-tela-2024-10-28-as-10.27.05.png?fit=1200%2C714&ssl=1&resize=350%2C200 1x, https:\/\/i0.wp.com\/blogdoprosperi.com\/wp-content\/uploads\/2024\/10\/captura-de-tela-2024-10-28-as-10.27.05.png?fit=1200%2C714&ssl=1&resize=525%2C300 1.5x, https:\/\/i0.wp.com\/blogdoprosperi.com\/wp-content\/uploads\/2024\/10\/captura-de-tela-2024-10-28-as-10.27.05.png?fit=1200%2C714&ssl=1&resize=700%2C400 2x, https:\/\/i0.wp.com\/blogdoprosperi.com\/wp-content\/uploads\/2024\/10\/captura-de-tela-2024-10-28-as-10.27.05.png?fit=1200%2C714&ssl=1&resize=1050%2C600 3x"},"classes":[]},{"id":43799,"url":"https:\/\/blogdoprosperi.com\/?p=43799","url_meta":{"origin":50793,"position":3},"title":"Espanha vence a Fran\u00e7a e est\u00e1 bem perto de assumir poder na Europa","author":"Luiz Ant\u00f4nio Pr\u00f3speri","date":"9 de julho de 2024","format":false,"excerpt":"Espanha vence a Fran\u00e7a, chega \u00e0 final da Euro 2024 e amplia o poder no continente. Est\u00e1 a um passo de levar seu quarto t\u00edtulo da Eurocopa, a consolidar como a maior vencedora do torneio. Como diz a imprensa europeia: come\u00e7a a nascer um novo imp\u00e9rio. E Mbapp\u00e9 admite: \u201cFomos\u2026","rel":"","context":"Em &quot;futebol&quot;","block_context":{"text":"futebol","link":"https:\/\/blogdoprosperi.com\/?cat=53870"},"img":{"alt_text":"Espanha vence Alemanha e vai \u00e0 semi da Euro 2024","src":"https:\/\/i0.wp.com\/blogdoprosperi.com\/wp-content\/uploads\/2024\/07\/captura-de-tela-2024-07-05-as-16.25.02.png?fit=1022%2C588&ssl=1&resize=350%2C200","width":350,"height":200,"srcset":"https:\/\/i0.wp.com\/blogdoprosperi.com\/wp-content\/uploads\/2024\/07\/captura-de-tela-2024-07-05-as-16.25.02.png?fit=1022%2C588&ssl=1&resize=350%2C200 1x, https:\/\/i0.wp.com\/blogdoprosperi.com\/wp-content\/uploads\/2024\/07\/captura-de-tela-2024-07-05-as-16.25.02.png?fit=1022%2C588&ssl=1&resize=525%2C300 1.5x, https:\/\/i0.wp.com\/blogdoprosperi.com\/wp-content\/uploads\/2024\/07\/captura-de-tela-2024-07-05-as-16.25.02.png?fit=1022%2C588&ssl=1&resize=700%2C400 2x"},"classes":[]},{"id":15619,"url":"https:\/\/blogdoprosperi.com\/?p=15619","url_meta":{"origin":50793,"position":4},"title":"Portugal entrega a ta\u00e7a a Cristiano Ronaldo","author":"Luiz Ant\u00f4nio Pr\u00f3speri","date":"10 de julho de 2016","format":false,"excerpt":"\u00a0 Portugal entregou a ta\u00e7a da Eurocopa a Cristiano Ronaldo.\u00a0Maior astro do torneio, o craque saiu da decis\u00e3o aos 24 minutos \u00a0do primeiro tempo com o joelho esquerdo esgar\u00e7ado. Sem seu sol, a sele\u00e7\u00e3o portuguesa se iluminou com personalidade at\u00e9 derrotar a anfitri\u00e3 Fran\u00e7a, com um gol de Eder no\u2026","rel":"","context":"Em &quot;futebol&quot;","block_context":{"text":"futebol","link":"https:\/\/blogdoprosperi.com\/?cat=53870"},"img":{"alt_text":"","src":"https:\/\/i0.wp.com\/blogdoprosperi.com\/wp-content\/uploads\/2016\/07\/1468168630_458568_1468178821_album_normal.jpg?resize=350%2C200","width":350,"height":200,"srcset":"https:\/\/i0.wp.com\/blogdoprosperi.com\/wp-content\/uploads\/2016\/07\/1468168630_458568_1468178821_album_normal.jpg?resize=350%2C200 1x, https:\/\/i0.wp.com\/blogdoprosperi.com\/wp-content\/uploads\/2016\/07\/1468168630_458568_1468178821_album_normal.jpg?resize=525%2C300 1.5x, https:\/\/i0.wp.com\/blogdoprosperi.com\/wp-content\/uploads\/2016\/07\/1468168630_458568_1468178821_album_normal.jpg?resize=700%2C400 2x"},"classes":[]},{"id":43390,"url":"https:\/\/blogdoprosperi.com\/?p=43390","url_meta":{"origin":50793,"position":5},"title":"Cristiano Ronaldo: Craques Tamb\u00e9m Choram, Portugal avan\u00e7a na Euro 2024","author":"Luiz Ant\u00f4nio Pr\u00f3speri","date":"1 de julho de 2024","format":false,"excerpt":"Cristiano Ronaldo perde p\u00eanalti no \u00faltimo minuto do primeiro tempo da prorroga\u00e7\u00e3o de Portugal vs Eslov\u00eania. Chora como nunca. Dor de craque. Momento raro na longa carreira de um jogador de uma fortaleza mental absurda. CR7 sabia que aquele gol levaria Portugal \u00e0s quartas de final da Euro 2024. A\u2026","rel":"","context":"Em &quot;futebol&quot;","block_context":{"text":"futebol","link":"https:\/\/blogdoprosperi.com\/?cat=53870"},"img":{"alt_text":"","src":"https:\/\/i0.wp.com\/blogdoprosperi.com\/wp-content\/uploads\/2024\/07\/captura-de-tela-2024-07-01-as-19.00.35.png?fit=804%2C552&ssl=1&resize=350%2C200","width":350,"height":200,"srcset":"https:\/\/i0.wp.com\/blogdoprosperi.com\/wp-content\/uploads\/2024\/07\/captura-de-tela-2024-07-01-as-19.00.35.png?fit=804%2C552&ssl=1&resize=350%2C200 1x, https:\/\/i0.wp.com\/blogdoprosperi.com\/wp-content\/uploads\/2024\/07\/captura-de-tela-2024-07-01-as-19.00.35.png?fit=804%2C552&ssl=1&resize=525%2C300 1.5x, https:\/\/i0.wp.com\/blogdoprosperi.com\/wp-content\/uploads\/2024\/07\/captura-de-tela-2024-07-01-as-19.00.35.png?fit=804%2C552&ssl=1&resize=700%2C400 2x"},"classes":[]}],"jetpack_featured_media_url":"https:\/\/i0.wp.com\/blogdoprosperi.com\/wp-content\/uploads\/2025\/06\/captura-de-tela-2025-06-08-as-19.38.17.png?fit=1176%2C964&ssl=1","_links":{"self":[{"href":"https:\/\/blogdoprosperi.com\/index.php?rest_route=\/wp\/v2\/posts\/50793","targetHints":{"allow":["GET"]}}],"collection":[{"href":"https:\/\/blogdoprosperi.com\/index.php?rest_route=\/wp\/v2\/posts"}],"about":[{"href":"https:\/\/blogdoprosperi.com\/index.php?rest_route=\/wp\/v2\/types\/post"}],"author":[{"embeddable":true,"href":"https:\/\/blogdoprosperi.com\/index.php?rest_route=\/wp\/v2\/users\/102107496"}],"replies":[{"embeddable":true,"href":"https:\/\/blogdoprosperi.com\/index.php?rest_route=%2Fwp%2Fv2%2Fcomments&post=50793"}],"version-history":[{"count":13,"href":"https:\/\/blogdoprosperi.com\/index.php?rest_route=\/wp\/v2\/posts\/50793\/revisions"}],"predecessor-version":[{"id":50809,"href":"https:\/\/blogdoprosperi.com\/index.php?rest_route=\/wp\/v2\/posts\/50793\/revisions\/50809"}],"wp:featuredmedia":[{"embeddable":true,"href":"https:\/\/blogdoprosperi.com\/index.php?rest_route=\/wp\/v2\/media\/50802"}],"wp:attachment":[{"href":"https:\/\/blogdoprosperi.com\/index.php?rest_route=%2Fwp%2Fv2%2Fmedia&parent=50793"}],"wp:term":[{"taxonomy":"category","embeddable":true,"href":"https:\/\/blogdoprosperi.com\/index.php?rest_route=%2Fwp%2Fv2%2Fcategories&post=50793"},{"taxonomy":"post_tag","embeddable":true,"href":"https:\/\/blogdoprosperi.com\/index.php?rest_route=%2Fwp%2Fv2%2Ftags&post=50793"}],"curies":[{"name":"wp","href":"https:\/\/api.w.org\/{rel}","templated":true}]}}