{"id":51045,"date":"2025-06-13T16:06:24","date_gmt":"2025-06-13T19:06:24","guid":{"rendered":"https:\/\/blogdoprosperi.com\/?p=51045"},"modified":"2025-06-13T19:31:05","modified_gmt":"2025-06-13T22:31:05","slug":"presidente-do-palmeiras-leila-pereira-lutei-por-isso-espero-que-minha-luta-inspire-outras-pessoas","status":"publish","type":"post","link":"https:\/\/blogdoprosperi.com\/?p=51045","title":{"rendered":"Presidente do Palmeiras, Leila Pereira: &#8216;Lutei Por Isso. Espero que Minha Luta Inspire Outras Pessoas&#8217;"},"content":{"rendered":"<p><em>Caio Carrieri \u2013 The Guardian (Londres) \u2013 13 junho (11h45) \u2013<\/em><\/p>\n<p>Dos 32 clubes do Mundial de Clubes Fifa, o Palmeiras tem a \u00fanica presidente mulher, uma empres\u00e1ria bilion\u00e1ria que n\u00e3o mede palavras<\/p>\n<p>&#8220;As pessoas acham que as mulheres s\u00e3o o sexo fr\u00e1gil, e n\u00e3o somos. Eu revido. Se me batem, eu revido \u2013 mas com muito mais for\u00e7a. A forma como eu revido \u00e9 continuando a trabalhar e divulgando o trabalho do Palmeiras&#8221;.<\/p>\n<p>Leila Pereira est\u00e1 a todo vapor na presid\u00eancia do Palmeiras, em S\u00e3o Paulo. Nos 110 anos de hist\u00f3ria de um clube fundado por imigrantes italianos da classe trabalhadora, ela \u00e9 a primeira mulher a ocupar o cargo. O dom\u00ednio masculino no futebol global fica mais uma vez evidente quando olhamos para a escala\u00e7\u00e3o para o renovado Mundial de Clubes, nos Estados Unidos: dos 32 clubes participantes, representando seis continentes, Pereira \u00e9 a \u00fanica mulher presidente<\/p>\n<p>\u201cIsso traz duas emo\u00e7\u00f5es\u201d, diz ela. \u201cPor um lado, estou emocionada. Por outro, gostaria que houvesse mais mulheres no futebol. Minha alegria e esperan\u00e7a s\u00e3o que, ao me verem nesta posi\u00e7\u00e3o, outras mulheres se inspirem a buscar seu pr\u00f3prio espa\u00e7o no futebol. Isso n\u00e3o caiu do c\u00e9u. Levei anos e tive que superar muitos desafios para chegar aqui. De nada adianta chamar algu\u00e9m de inspira\u00e7\u00e3o se voc\u00ea n\u00e3o estiver preparada para arrega\u00e7ar as mangas e lutar pelo que quer.\u201d<\/p>\n<p>Desde que foi eleita presidente em dezembro de 2021, Pereira emergiu como uma das figuras mais influentes do futebol brasileiro \u2013 um mundo ainda repleto de manobras pol\u00edticas nos bastidores. Seu alcance vai muito al\u00e9m do Palmeiras.<\/p>\n<p>No ano passado, ela se tornou a primeira mulher a liderar a delega\u00e7\u00e3o da sele\u00e7\u00e3o brasileira masculina, durante os amistosos europeus contra Espanha e Inglaterra \u2013 um cargo nomeado diretamente pelo presidente da CBF. Embora em grande parte simb\u00f3lica, a nomea\u00e7\u00e3o ressaltou sua crescente influ\u00eancia no futebol e na notoriamente pol\u00edtica CBF.<\/p>\n<figure id=\"attachment_47497\" aria-describedby=\"caption-attachment-47497\" style=\"width: 595px\" class=\"wp-caption alignnone\"><img data-recalc-dims=\"1\" loading=\"lazy\" decoding=\"async\" data-attachment-id=\"47497\" data-permalink=\"https:\/\/blogdoprosperi.com\/?attachment_id=47497\" data-orig-file=\"https:\/\/i0.wp.com\/blogdoprosperi.com\/wp-content\/uploads\/2025\/01\/52145526597_5c7018bd3f_h-aspect-ratio-512-320-1.webp?fit=1920%2C1200&amp;ssl=1\" data-orig-size=\"1920,1200\" data-comments-opened=\"1\" data-image-meta=\"{&quot;aperture&quot;:&quot;0&quot;,&quot;credit&quot;:&quot;&quot;,&quot;camera&quot;:&quot;&quot;,&quot;caption&quot;:&quot;&quot;,&quot;created_timestamp&quot;:&quot;0&quot;,&quot;copyright&quot;:&quot;&quot;,&quot;focal_length&quot;:&quot;0&quot;,&quot;iso&quot;:&quot;0&quot;,&quot;shutter_speed&quot;:&quot;0&quot;,&quot;title&quot;:&quot;&quot;,&quot;orientation&quot;:&quot;0&quot;}\" data-image-title=\"Leila Pereira x Dudu\" data-image-description=\"\" data-image-caption=\"&lt;p&gt;Leila e Dudu quando o Palmeiras era prioridade \u2013 foto: Palmeiras oficial&lt;\/p&gt;\n\" data-large-file=\"https:\/\/i0.wp.com\/blogdoprosperi.com\/wp-content\/uploads\/2025\/01\/52145526597_5c7018bd3f_h-aspect-ratio-512-320-1.webp?fit=940%2C588&amp;ssl=1\" class=\" wp-image-47497\" src=\"https:\/\/i0.wp.com\/blogdoprosperi.com\/wp-content\/uploads\/2025\/01\/52145526597_5c7018bd3f_h-aspect-ratio-512-320-1.webp?resize=595%2C372&#038;ssl=1\" alt=\"Leila x Dudu, guerra de vaidades\" width=\"595\" height=\"372\" \/><figcaption id=\"caption-attachment-47497\" class=\"wp-caption-text\"><em>Leila e Dudu quando o Palmeiras era prioridade \u2013 foto: Palmeiras oficial<\/em><\/figcaption><\/figure>\n<p>Ela nunca teve medo de mostrar firmeza \u2013 mesmo quando se trata de um her\u00f3i do Palmeiras. Em junho do ano passado, Dudu, o jogador mais condecorado do clube, com 12 t\u00edtulos, buscou uma transfer\u00eancia para o Cruzeiro ap\u00f3s lutar por tempo de jogo ap\u00f3s uma longa recupera\u00e7\u00e3o de uma les\u00e3o no ligamento cruzado.<\/p>\n<p>Ap\u00f3s concordar com os termos, ele voltou atr\u00e1s na decis\u00e3o, levando Pereira a pedir publicamente que ele &#8220;honrasse seu compromisso&#8221; com o clube de Belo Horizonte. Embora Dudu tenha permanecido at\u00e9 dezembro, a situa\u00e7\u00e3o se agravou. Culminou no que Pereira descreveu como uma sa\u00edda &#8220;pela porta dos fundos&#8221;. Dudu respondeu no Instagram com ofensas.<\/p>\n<p>Pereira acredita que ele n\u00e3o teria reagido da mesma forma a um homem. &#8220;Por que voc\u00ea acha que ele agiu assim? Sem d\u00favida, porque eu sou mulher. Ele se sentiu \u00e0 vontade para ser rude.&#8221; Ela entrou com uma a\u00e7\u00e3o judicial contra ele pedindo &#8220;nada menos que R$ 500 mil [\u00a3 67 mil]&#8221; de indeniza\u00e7\u00e3o. Em cinco meses, Dudu foi contratado pelo Atl\u00e9tico Mineiro, rival do Cruzeiro, alegando falta de tempo de jogo.<\/p>\n<p>Empres\u00e1ria bilion\u00e1ria, Pereira ficou em quarto lugar na lista da Forbes de 2023 das mulheres mais ricas do Brasil, com uma fortuna estimada em R$ 8 bilh\u00f5es. Mas sua fortuna n\u00e3o foi constru\u00edda no futebol. At\u00e9 2015, seu foco principal era presidir uma financeira especializada em empr\u00e9stimos pessoais com juros altos para pessoas de baixa renda, fundada por seu marido, Roberto Lamacchia, e atuar como reitora de um centro universit\u00e1rio tamb\u00e9m de propriedade do casal.<\/p>\n<p>Nascida em Cambuci, Rio de Janeiro, Pereira foi criada em Cabo Frio, outro munic\u00edpio do mesmo estado, por seu pai, m\u00e9dico, e sua m\u00e3e, dona de casa. Filha do meio entre dois irm\u00e3os, ela tinha pouco interesse por futebol, apesar de ter crescido em uma fam\u00edlia de torcedores vasca\u00ednos. Enquanto seus irm\u00e3os jogavam futebol, ela brincava de boneca.<\/p>\n<figure id=\"attachment_46462\" aria-describedby=\"caption-attachment-46462\" style=\"width: 505px\" class=\"wp-caption alignnone\"><img data-recalc-dims=\"1\" loading=\"lazy\" decoding=\"async\" data-attachment-id=\"46462\" data-permalink=\"https:\/\/blogdoprosperi.com\/?attachment_id=46462\" data-orig-file=\"https:\/\/i0.wp.com\/blogdoprosperi.com\/wp-content\/uploads\/2024\/11\/captura-de-tela-2024-11-21-as-11.37.42.png?fit=758%2C828&amp;ssl=1\" data-orig-size=\"758,828\" data-comments-opened=\"1\" data-image-meta=\"{&quot;aperture&quot;:&quot;0&quot;,&quot;credit&quot;:&quot;&quot;,&quot;camera&quot;:&quot;&quot;,&quot;caption&quot;:&quot;&quot;,&quot;created_timestamp&quot;:&quot;0&quot;,&quot;copyright&quot;:&quot;&quot;,&quot;focal_length&quot;:&quot;0&quot;,&quot;iso&quot;:&quot;0&quot;,&quot;shutter_speed&quot;:&quot;0&quot;,&quot;title&quot;:&quot;&quot;,&quot;orientation&quot;:&quot;0&quot;}\" data-image-title=\"Leila descarta Neymar\" data-image-description=\"\" data-image-caption=\"&lt;p&gt;Leila Pereira \u2013 foto: Palmeiras oficial&lt;\/p&gt;\n\" data-large-file=\"https:\/\/i0.wp.com\/blogdoprosperi.com\/wp-content\/uploads\/2024\/11\/captura-de-tela-2024-11-21-as-11.37.42.png?fit=758%2C828&amp;ssl=1\" class=\" wp-image-46462\" src=\"https:\/\/i0.wp.com\/blogdoprosperi.com\/wp-content\/uploads\/2024\/11\/captura-de-tela-2024-11-21-as-11.37.42.png?resize=505%2C551&#038;ssl=1\" alt=\"\" width=\"505\" height=\"551\" \/><figcaption id=\"caption-attachment-46462\" class=\"wp-caption-text\"><em>Leila Pereira \u2013 foto: Palmeiras oficial<\/em><\/figcaption><\/figure>\n<p>O Palmeiras entrou na vida aos 18 anos, quando conheceu o futuro marido. Na \u00e9poca, ela cursava jornalismo em uma universidade no Rio de Janeiro. Depois de dois anos como trainee na TV Manchete, decidiu mudar de carreira e cursar Direito.<\/p>\n<p>&#8220;Sempre tive um desejo muito grande de ser independente&#8221;, diz ela. &#8220;E \u00e9 por isso que tudo o que fa\u00e7o hoje tem ra\u00edzes nessa for\u00e7a de vontade. Sempre tive essa veia feminista, mesmo antes de saber o que o feminismo realmente significava.&#8221;<\/p>\n<p>Sua r\u00e1pida ascens\u00e3o ao topo da hierarquia do Palmeiras atraiu cr\u00edticas. Seu relacionamento profissional com o clube come\u00e7ou em janeiro de 2015, quando o Palmeiras estava com pouco dinheiro, sem um patrocinador fixo na camisa e tendo escapado por pouco do rebaixamento na \u00faltima rodada da temporada anterior. Ela sugeriu que a empresa do marido patrocinasse o clube que ele ama como forma de anim\u00e1-lo ap\u00f3s um per\u00edodo de problemas de sa\u00fade. E foi o que aconteceu.<\/p>\n<p>Ao longo de uma parceria de uma d\u00e9cada, o Palmeiras ascendeu ao topo do futebol brasileiro como o time dominante, conquistando 14 t\u00edtulos importantes, incluindo quatro t\u00edtulos da Copa Libertadores e duas Copas do Brasil consecutivas. Essa era de ouro abrangeu tr\u00eas presidentes do clube: Paulo Nobre, Maur\u00edcio Galiotte e a pr\u00f3pria Pereira.<\/p>\n<p>No entanto, sua gest\u00e3o como presidente e patrocinadora principal do clube entre 2021 e 2024 n\u00e3o foi isenta de controv\u00e9rsias, com cr\u00edticos levantando preocupa\u00e7\u00f5es sobre potenciais conflitos de interesse \u2013 alega\u00e7\u00f5es que ela nega veementemente. Desde janeiro, sua empresa se afastou de sua fun\u00e7\u00e3o de patrocinadora, com o clube agora sendo apoiado por uma empresa diferente.<\/p>\n<p>Seu mandato atual vai at\u00e9 2027 e o Palmeiras est\u00e1 em uma situa\u00e7\u00e3o muito melhor do que muitos de seus rivais. No ano passado, o clube registrou uma receita recorde de R$ 1,2 bilh\u00e3o, mais de um ter\u00e7o da qual veio da venda de talentos formados na base.<\/p>\n<p>H\u00e1 uma d\u00e9cada, o sistema de base do Palmeiras era, em grande parte, med\u00edocre. Agora, lidera. Gabriel Jesus abriu caminho, com uma transfer\u00eancia de \u00a3 27 milh\u00f5es para o Manchester City, seguida pela transfer\u00eancia de Endrick por \u00a3 61 milh\u00f5es para o Real Madrid. Danilo foi para o Nottingham Forest por \u00a3 18 milh\u00f5es, Luis Guilherme foi para o West Ham por \u00a3 25,5 milh\u00f5es, Vitor Reis foi vendido para o City em janeiro deste ano por \u00a3 29,6 milh\u00f5es \u2013 um recorde para um zagueiro brasileiro \u2013 e Est\u00eav\u00e3o est\u00e1 a caminho do Chelsea em um acordo de at\u00e9 \u00a3 53 milh\u00f5es.<\/p>\n<p>Esse fluxo de renda permitiu ao Palmeiras exercitar sua for\u00e7a financeira. Em fevereiro, o Palmeiras contratou o atacante Vitor Roque \u2013 ent\u00e3o emprestado ao Real Betis pelo Barcelona \u2013 por \u00a3 21,7 milh\u00f5es, tornando-o a contrata\u00e7\u00e3o mais cara da hist\u00f3ria do clube brasileiro.<\/p>\n<p>\u201cN\u00e3o tenho d\u00favidas de que o Palmeiras \u00e9 o clube mais bem administrado e com mais credibilidade da Am\u00e9rica do Sul\u201d, diz Pereira. \u201cMas \u00e9 claro que esse n\u00edvel de excel\u00eancia n\u00e3o se deve apenas a mim, mas sim aos profissionais incr\u00edveis que temos. Ningu\u00e9m conquista nada sozinho.\u201d Ela acrescenta, com evidente orgulho: \u201cOs gigantes europeus agora confiam em n\u00f3s para fazer neg\u00f3cios. Hoje, somos uma refer\u00eancia global. E \u00e9 uma mulher no comando.\u201d<\/p>\n<p>Ela diz: \u201cO Palmeiras \u00e9 um dos poucos clubes no Brasil que cumpre todas as suas obriga\u00e7\u00f5es financeiras em dia \u2013 funcion\u00e1rios, jogadores, taxas de transfer\u00eancia. Isso \u00e9 inegoci\u00e1vel para mim. Venho de uma forma\u00e7\u00e3o empresarial e o futebol n\u00e3o manchar\u00e1 meu nome. Quero entrar no nosso centro de treinamento e cobrar das pessoas sem dever nada a elas. \u00c9 um absurdo que alguns clubes [brasileiros] n\u00e3o consigam pagar sal\u00e1rios e ainda assim continuem contratando jogadores. \u00c9 por isso que defendo o fair play financeiro no Brasil.\u201d<\/p>\n<figure id=\"attachment_42234\" aria-describedby=\"caption-attachment-42234\" style=\"width: 490px\" class=\"wp-caption alignnone\"><img data-recalc-dims=\"1\" loading=\"lazy\" decoding=\"async\" data-attachment-id=\"42234\" data-permalink=\"https:\/\/blogdoprosperi.com\/?attachment_id=42234\" data-orig-file=\"https:\/\/i0.wp.com\/blogdoprosperi.com\/wp-content\/uploads\/2024\/03\/gjnbkcqwyaebge_.jpg?fit=1000%2C1250&amp;ssl=1\" data-orig-size=\"1000,1250\" data-comments-opened=\"1\" data-image-meta=\"{&quot;aperture&quot;:&quot;0&quot;,&quot;credit&quot;:&quot;&quot;,&quot;camera&quot;:&quot;&quot;,&quot;caption&quot;:&quot;&quot;,&quot;created_timestamp&quot;:&quot;0&quot;,&quot;copyright&quot;:&quot;&quot;,&quot;focal_length&quot;:&quot;0&quot;,&quot;iso&quot;:&quot;0&quot;,&quot;shutter_speed&quot;:&quot;0&quot;,&quot;title&quot;:&quot;&quot;,&quot;orientation&quot;:&quot;0&quot;}\" data-image-title=\"Leila Pereira presidente da CBF\" data-image-description=\"\" data-image-caption=\"&lt;p&gt;Leila Pereira com a Sele\u00e7\u00e3o Brasileira \u2013 foto; CBF oficial&lt;\/p&gt;\n\" data-large-file=\"https:\/\/i0.wp.com\/blogdoprosperi.com\/wp-content\/uploads\/2024\/03\/gjnbkcqwyaebge_.jpg?fit=819%2C1024&amp;ssl=1\" class=\" wp-image-42234\" src=\"https:\/\/i0.wp.com\/blogdoprosperi.com\/wp-content\/uploads\/2024\/03\/gjnbkcqwyaebge_.jpg?resize=490%2C613&#038;ssl=1\" alt=\"\" width=\"490\" height=\"613\" \/><figcaption id=\"caption-attachment-42234\" class=\"wp-caption-text\"><em>Leila Pereira com a Sele\u00e7\u00e3o Brasileira \u2013 foto; CBF oficial<\/em><\/figcaption><\/figure>\n<p>No Mundial de Clubes, a torcida do Chelsea poder\u00e1 ver de perto Est\u00eav\u00e3o. Considerado por muitos como o jogador mais eletrizante desde que Neymar brilhou pela primeira vez no final dos anos 2000, esta ser\u00e1 a \u00faltima dan\u00e7a do promissor jovem de 18 anos com o uniforme verde e branco antes de se transferir para Stamford Bridge.<\/p>\n<p>&#8220;Ele \u00e9 um jogador fenomenal e eu entendo por que meu marido n\u00e3o queria deix\u00e1-lo ir. Este garoto um dia ser\u00e1 o melhor do mundo. Ele \u00e9 t\u00e3o bom e sempre ser\u00e1 um dos nossos jogadores de base. Assim como Endrick, Vitor Reis, Luis Guilherme&#8230;&#8221;<\/p>\n<p>Embora Pereira tenha mantido a filosofia estabelecida por seus antecessores, foi Abel Ferreira quem moldou a era de ouro do clube em campo. O t\u00e9cnico portugu\u00eas \u00e9 o mais bem-sucedido e o que permaneceu no cargo por mais tempo na hist\u00f3ria do Palmeiras. Nomeado pelo antecessor de Pereira, ele conquistou 10 t\u00edtulos em pouco mais de quatro anos, um feito extraordin\u00e1rio em um pa\u00eds onde a rotatividade de t\u00e9cnicos \u00e9 comum.<\/p>\n<p>Ex-lateral do Sporting, que iniciou a carreira de treinador nas categorias de base do clube antes de passar por Braga e Paok, Ferreira comandar\u00e1 o Palmeiras na partida de estreia do Grupo A contra o Porto, no MetLife Stadium, em Nova York, no domingo. Em seguida, enfrentar\u00e1 o Al Ahly na quinta-feira, antes de fechar a fase de grupos contra o Inter Miami, na Fl\u00f3rida, no dia 24 de junho.<\/p>\n<p>O Mundial de Clubes \u00e9 um grande desafio, e estamos animados com ele. S\u00f3 porque alguns clubes s\u00e3o gigantes europeus n\u00e3o significa que n\u00e3o possamos competir. Afinal, s\u00e3o os nossos jogadores que s\u00e3o contratados por esses clubes.<\/p>\n<p>Seja qual for o resultado em campo, o Palmeiras chega aos EUA n\u00e3o apenas como uma for\u00e7a dominante no futebol sul-americano, mas como um clube remodelado por uma gest\u00e3o moderna e liderado por uma mulher que se recusou a ser definida por ela. Ela \u00e9 superada em n\u00famero pelos homens, mas n\u00e3o em poder.<\/p>\n","protected":false},"excerpt":{"rendered":"<p>Caio Carrieri \u2013 The Guardian (Londres) \u2013 13 junho (11h45) \u2013 Dos 32 clubes do Mundial de Clubes [&hellip;]<\/p>\n","protected":false},"author":102107496,"featured_media":47436,"comment_status":"open","ping_status":"open","sticky":false,"template":"","format":"standard","meta":{"_coblocks_attr":"","_coblocks_dimensions":"","_coblocks_responsive_height":"","_coblocks_accordion_ie_support":"","_jetpack_newsletter_access":"","_jetpack_dont_email_post_to_subs":false,"_jetpack_newsletter_tier_id":0,"_jetpack_memberships_contains_paywalled_content":false,"_wpcom_ai_launchpad_first_post":false,"_jetpack_feature_clip_id":0,"_jetpack_memberships_contains_paid_content":false,"footnotes":"","jetpack_publicize_message":"","jetpack_publicize_feature_enabled":true,"jetpack_social_post_already_shared":false,"jetpack_social_options":{"image_generator_settings":{"template":"highway","default_image_id":0,"font":"","enabled":false},"version":2},"jetpack_post_was_ever_published":false},"categories":[53870,20384,772984667],"tags":[1249177,789560560,57784134,789560573,3245966,287104],"class_list":["post-51045","post","type-post","status-publish","format-standard","has-post-thumbnail","hentry","category-futebol","category-informacao","category-mundial-de-clubes-2025","tag-dudu","tag-futebol","tag-leila-pereira","tag-luiz-antonio-prosperi","tag-mundial-de-clubes-fifa","tag-palmeiras"],"yoast_head":"<!-- This site is optimized with the Yoast SEO plugin v28.3 - https:\/\/yoast.com\/product\/yoast-seo-wordpress\/ -->\n<title>Presidente do Palmeiras, Leila Pereira: &#039;Lutei Por Isso. Espero que Minha Luta Inspire Outras Pessoas&#039; - PR\u00d3SPERI NEWS<\/title>\n<meta name=\"robots\" content=\"index, follow, max-snippet:-1, max-image-preview:large, max-video-preview:-1\" \/>\n<link rel=\"canonical\" href=\"https:\/\/blogdoprosperi.com\/?p=51045\" \/>\n<meta property=\"og:locale\" content=\"pt_BR\" \/>\n<meta property=\"og:type\" content=\"article\" \/>\n<meta property=\"og:title\" content=\"Presidente do Palmeiras, Leila Pereira: &#039;Lutei Por Isso. Espero que Minha Luta Inspire Outras Pessoas&#039; - PR\u00d3SPERI NEWS\" \/>\n<meta property=\"og:description\" content=\"Caio Carrieri \u2013 The Guardian (Londres) \u2013 13 junho (11h45) \u2013 Dos 32 clubes do Mundial de Clubes [&hellip;]\" \/>\n<meta property=\"og:url\" content=\"https:\/\/blogdoprosperi.com\/?p=51045\" \/>\n<meta property=\"og:site_name\" content=\"PR\u00d3SPERI NEWS\" \/>\n<meta property=\"article:publisher\" content=\"Luiz Pr\u00f3speri\" \/>\n<meta property=\"article:author\" content=\"Luiz Pr\u00f3speri\" \/>\n<meta property=\"article:published_time\" content=\"2025-06-13T19:06:24+00:00\" \/>\n<meta property=\"article:modified_time\" content=\"2025-06-13T22:31:05+00:00\" \/>\n<meta property=\"og:image\" content=\"https:\/\/i0.wp.com\/blogdoprosperi.com\/wp-content\/uploads\/2025\/01\/leila-pereira.jpg?fit=1030%2C613&ssl=1\" \/>\n\t<meta property=\"og:image:width\" content=\"1030\" \/>\n\t<meta property=\"og:image:height\" content=\"613\" \/>\n\t<meta property=\"og:image:type\" content=\"image\/jpeg\" \/>\n<meta name=\"author\" content=\"Luiz Ant\u00f4nio Pr\u00f3speri\" \/>\n<meta name=\"twitter:card\" content=\"summary_large_image\" \/>\n<meta name=\"twitter:creator\" content=\"@Luizprosperi\" \/>\n<meta name=\"twitter:site\" content=\"@Luizprosperi\" \/>\n<meta name=\"twitter:label1\" content=\"Escrito por\" \/>\n\t<meta name=\"twitter:data1\" content=\"Luiz Ant\u00f4nio Pr\u00f3speri\" \/>\n\t<meta name=\"twitter:label2\" content=\"Est. tempo de leitura\" \/>\n\t<meta name=\"twitter:data2\" content=\"9 minutos\" \/>\n<script type=\"application\/ld+json\" class=\"yoast-schema-graph\">{\"@context\":\"https:\\\/\\\/schema.org\",\"@graph\":[{\"@type\":\"Article\",\"@id\":\"https:\\\/\\\/blogdoprosperi.com\\\/?p=51045#article\",\"isPartOf\":{\"@id\":\"https:\\\/\\\/blogdoprosperi.com\\\/?p=51045\"},\"author\":{\"name\":\"Luiz Ant\u00f4nio Pr\u00f3speri\",\"@id\":\"https:\\\/\\\/blogdoprosperi.com\\\/#\\\/schema\\\/person\\\/38100755ce3601861ee4fab9b5aa78e9\"},\"headline\":\"Presidente do Palmeiras, Leila Pereira: &#8216;Lutei Por Isso. Espero que Minha Luta Inspire Outras Pessoas&#8217;\",\"datePublished\":\"2025-06-13T19:06:24+00:00\",\"dateModified\":\"2025-06-13T22:31:05+00:00\",\"mainEntityOfPage\":{\"@id\":\"https:\\\/\\\/blogdoprosperi.com\\\/?p=51045\"},\"wordCount\":1734,\"commentCount\":0,\"publisher\":{\"@id\":\"https:\\\/\\\/blogdoprosperi.com\\\/#\\\/schema\\\/person\\\/38100755ce3601861ee4fab9b5aa78e9\"},\"image\":{\"@id\":\"https:\\\/\\\/blogdoprosperi.com\\\/?p=51045#primaryimage\"},\"thumbnailUrl\":\"https:\\\/\\\/i0.wp.com\\\/blogdoprosperi.com\\\/wp-content\\\/uploads\\\/2025\\\/01\\\/leila-pereira.jpg?fit=1030%2C613&ssl=1\",\"keywords\":[\"Dudu\",\"futebol\",\"Leila Pereira\",\"Luiz Ant\u00f4nio Pr\u00f3speri\",\"mundial de clubes Fifa\",\"Palmeiras\"],\"articleSection\":[\"futebol\",\"informa\u00e7\u00e3o\",\"mundial de clubes 2025\"],\"inLanguage\":\"pt-BR\",\"potentialAction\":[{\"@type\":\"CommentAction\",\"name\":\"Comment\",\"target\":[\"https:\\\/\\\/blogdoprosperi.com\\\/?p=51045#respond\"]}]},{\"@type\":\"WebPage\",\"@id\":\"https:\\\/\\\/blogdoprosperi.com\\\/?p=51045\",\"url\":\"https:\\\/\\\/blogdoprosperi.com\\\/?p=51045\",\"name\":\"Presidente do Palmeiras, Leila Pereira: 'Lutei Por Isso. Espero que Minha Luta Inspire Outras Pessoas' - PR\u00d3SPERI NEWS\",\"isPartOf\":{\"@id\":\"https:\\\/\\\/blogdoprosperi.com\\\/#website\"},\"primaryImageOfPage\":{\"@id\":\"https:\\\/\\\/blogdoprosperi.com\\\/?p=51045#primaryimage\"},\"image\":{\"@id\":\"https:\\\/\\\/blogdoprosperi.com\\\/?p=51045#primaryimage\"},\"thumbnailUrl\":\"https:\\\/\\\/i0.wp.com\\\/blogdoprosperi.com\\\/wp-content\\\/uploads\\\/2025\\\/01\\\/leila-pereira.jpg?fit=1030%2C613&ssl=1\",\"datePublished\":\"2025-06-13T19:06:24+00:00\",\"dateModified\":\"2025-06-13T22:31:05+00:00\",\"breadcrumb\":{\"@id\":\"https:\\\/\\\/blogdoprosperi.com\\\/?p=51045#breadcrumb\"},\"inLanguage\":\"pt-BR\",\"potentialAction\":[{\"@type\":\"ReadAction\",\"target\":[\"https:\\\/\\\/blogdoprosperi.com\\\/?p=51045\"]}]},{\"@type\":\"ImageObject\",\"inLanguage\":\"pt-BR\",\"@id\":\"https:\\\/\\\/blogdoprosperi.com\\\/?p=51045#primaryimage\",\"url\":\"https:\\\/\\\/i0.wp.com\\\/blogdoprosperi.com\\\/wp-content\\\/uploads\\\/2025\\\/01\\\/leila-pereira.jpg?fit=1030%2C613&ssl=1\",\"contentUrl\":\"https:\\\/\\\/i0.wp.com\\\/blogdoprosperi.com\\\/wp-content\\\/uploads\\\/2025\\\/01\\\/leila-pereira.jpg?fit=1030%2C613&ssl=1\",\"width\":1030,\"height\":613,\"caption\":\"Leila Pereira anuncia novo patrocinador e promete grandes refor\u00e7os \u2013 foto: Instagram\"},{\"@type\":\"BreadcrumbList\",\"@id\":\"https:\\\/\\\/blogdoprosperi.com\\\/?p=51045#breadcrumb\",\"itemListElement\":[{\"@type\":\"ListItem\",\"position\":1,\"name\":\"In\u00edcio\",\"item\":\"https:\\\/\\\/blogdoprosperi.com\\\/\"},{\"@type\":\"ListItem\",\"position\":2,\"name\":\"Presidente do Palmeiras, Leila Pereira: &#8216;Lutei Por Isso. Espero que Minha Luta Inspire Outras Pessoas&#8217;\"}]},{\"@type\":\"WebSite\",\"@id\":\"https:\\\/\\\/blogdoprosperi.com\\\/#website\",\"url\":\"https:\\\/\\\/blogdoprosperi.com\\\/\",\"name\":\"PR\u00d3SPERI NEWS\",\"description\":\"TUDO \u00c9  FUTEBOL\",\"publisher\":{\"@id\":\"https:\\\/\\\/blogdoprosperi.com\\\/#\\\/schema\\\/person\\\/38100755ce3601861ee4fab9b5aa78e9\"},\"alternateName\":\"blogdoprosperi.com\",\"potentialAction\":[{\"@type\":\"SearchAction\",\"target\":{\"@type\":\"EntryPoint\",\"urlTemplate\":\"https:\\\/\\\/blogdoprosperi.com\\\/?s={search_term_string}\"},\"query-input\":{\"@type\":\"PropertyValueSpecification\",\"valueRequired\":true,\"valueName\":\"search_term_string\"}}],\"inLanguage\":\"pt-BR\"},{\"@type\":[\"Person\",\"Organization\"],\"@id\":\"https:\\\/\\\/blogdoprosperi.com\\\/#\\\/schema\\\/person\\\/38100755ce3601861ee4fab9b5aa78e9\",\"name\":\"Luiz Ant\u00f4nio Pr\u00f3speri\",\"pronouns\":\"ele\",\"image\":{\"@type\":\"ImageObject\",\"inLanguage\":\"pt-BR\",\"@id\":\"https:\\\/\\\/i0.wp.com\\\/blogdoprosperi.com\\\/wp-content\\\/uploads\\\/2026\\\/05\\\/cropped-8059e613-6002-42fa-961e-8e275f575d71-2-5.jpg?fit=1360%2C931&ssl=1\",\"url\":\"https:\\\/\\\/i0.wp.com\\\/blogdoprosperi.com\\\/wp-content\\\/uploads\\\/2026\\\/05\\\/cropped-8059e613-6002-42fa-961e-8e275f575d71-2-5.jpg?fit=1360%2C931&ssl=1\",\"contentUrl\":\"https:\\\/\\\/i0.wp.com\\\/blogdoprosperi.com\\\/wp-content\\\/uploads\\\/2026\\\/05\\\/cropped-8059e613-6002-42fa-961e-8e275f575d71-2-5.jpg?fit=1360%2C931&ssl=1\",\"width\":1360,\"height\":931,\"caption\":\"Luiz Ant\u00f4nio Pr\u00f3speri\"},\"logo\":{\"@id\":\"https:\\\/\\\/i0.wp.com\\\/blogdoprosperi.com\\\/wp-content\\\/uploads\\\/2026\\\/05\\\/cropped-8059e613-6002-42fa-961e-8e275f575d71-2-5.jpg?fit=1360%2C931&ssl=1\"},\"description\":\"Jornalista com carreira dedicada ao esporte. Cobriu 9 Copas do Mundo in loco, 1990 na It\u00e1lia, 1994 nos EUA, 1998 na Fran\u00e7a, 2002 na Coreia do Sul e Jap\u00e3o, 2006 na Alemanha, 2010 na \u00c1frica do Sul, 2014 no Brasil, 2018 na R\u00fassia e 2022 no Qatar. Eurocopas, 1992 na Su\u00e9cia e 1996 na Inglaterra. Copa das Confedera\u00e7\u00f5es de 2005 na Alemanha e 2009 na \u00c1frica do Sul. Rep\u00f3rter e Editor, trabalhou no Jornal da Tarde e Estad\u00e3o, de 1984 a fevereiro de 2016. Colunista, blogueiro. E comentarista de futebol na R\u00e1dio Estad\u00e3o, de 2013 a fevereiro de 2016. Jornalista respons\u00e1vel do \\\"Pr\u00f3speri News\\\" (blogdoprosperi.com).\",\"sameAs\":[\"http:\\\/\\\/blogdoprosperi.com\",\"Luiz Pr\u00f3speri\",\"@luiz_prosperi\",\"https:\\\/\\\/x.com\\\/Luizprosperi\",\"@prosperinacopa\",\"luiz.prosperi@icloud.com\"],\"url\":\"https:\\\/\\\/blogdoprosperi.com\\\/?author=102107496\"}]}<\/script>\n<!-- \/ Yoast SEO plugin. -->","yoast_head_json":{"title":"Presidente do Palmeiras, Leila Pereira: 'Lutei Por Isso. Espero que Minha Luta Inspire Outras Pessoas' - PR\u00d3SPERI NEWS","robots":{"index":"index","follow":"follow","max-snippet":"max-snippet:-1","max-image-preview":"max-image-preview:large","max-video-preview":"max-video-preview:-1"},"canonical":"https:\/\/blogdoprosperi.com\/?p=51045","og_locale":"pt_BR","og_type":"article","og_title":"Presidente do Palmeiras, Leila Pereira: 'Lutei Por Isso. Espero que Minha Luta Inspire Outras Pessoas' - PR\u00d3SPERI NEWS","og_description":"Caio Carrieri \u2013 The Guardian (Londres) \u2013 13 junho (11h45) \u2013 Dos 32 clubes do Mundial de Clubes [&hellip;]","og_url":"https:\/\/blogdoprosperi.com\/?p=51045","og_site_name":"PR\u00d3SPERI NEWS","article_publisher":"Luiz Pr\u00f3speri","article_author":"Luiz Pr\u00f3speri","article_published_time":"2025-06-13T19:06:24+00:00","article_modified_time":"2025-06-13T22:31:05+00:00","og_image":[{"width":1030,"height":613,"url":"https:\/\/i0.wp.com\/blogdoprosperi.com\/wp-content\/uploads\/2025\/01\/leila-pereira.jpg?fit=1030%2C613&ssl=1","type":"image\/jpeg"}],"author":"Luiz Ant\u00f4nio Pr\u00f3speri","twitter_card":"summary_large_image","twitter_creator":"@Luizprosperi","twitter_site":"@Luizprosperi","twitter_misc":{"Escrito por":"Luiz Ant\u00f4nio Pr\u00f3speri","Est. tempo de leitura":"9 minutos"},"schema":{"@context":"https:\/\/schema.org","@graph":[{"@type":"Article","@id":"https:\/\/blogdoprosperi.com\/?p=51045#article","isPartOf":{"@id":"https:\/\/blogdoprosperi.com\/?p=51045"},"author":{"name":"Luiz Ant\u00f4nio Pr\u00f3speri","@id":"https:\/\/blogdoprosperi.com\/#\/schema\/person\/38100755ce3601861ee4fab9b5aa78e9"},"headline":"Presidente do Palmeiras, Leila Pereira: &#8216;Lutei Por Isso. Espero que Minha Luta Inspire Outras Pessoas&#8217;","datePublished":"2025-06-13T19:06:24+00:00","dateModified":"2025-06-13T22:31:05+00:00","mainEntityOfPage":{"@id":"https:\/\/blogdoprosperi.com\/?p=51045"},"wordCount":1734,"commentCount":0,"publisher":{"@id":"https:\/\/blogdoprosperi.com\/#\/schema\/person\/38100755ce3601861ee4fab9b5aa78e9"},"image":{"@id":"https:\/\/blogdoprosperi.com\/?p=51045#primaryimage"},"thumbnailUrl":"https:\/\/i0.wp.com\/blogdoprosperi.com\/wp-content\/uploads\/2025\/01\/leila-pereira.jpg?fit=1030%2C613&ssl=1","keywords":["Dudu","futebol","Leila Pereira","Luiz Ant\u00f4nio Pr\u00f3speri","mundial de clubes Fifa","Palmeiras"],"articleSection":["futebol","informa\u00e7\u00e3o","mundial de clubes 2025"],"inLanguage":"pt-BR","potentialAction":[{"@type":"CommentAction","name":"Comment","target":["https:\/\/blogdoprosperi.com\/?p=51045#respond"]}]},{"@type":"WebPage","@id":"https:\/\/blogdoprosperi.com\/?p=51045","url":"https:\/\/blogdoprosperi.com\/?p=51045","name":"Presidente do Palmeiras, Leila Pereira: 'Lutei Por Isso. Espero que Minha Luta Inspire Outras Pessoas' - PR\u00d3SPERI NEWS","isPartOf":{"@id":"https:\/\/blogdoprosperi.com\/#website"},"primaryImageOfPage":{"@id":"https:\/\/blogdoprosperi.com\/?p=51045#primaryimage"},"image":{"@id":"https:\/\/blogdoprosperi.com\/?p=51045#primaryimage"},"thumbnailUrl":"https:\/\/i0.wp.com\/blogdoprosperi.com\/wp-content\/uploads\/2025\/01\/leila-pereira.jpg?fit=1030%2C613&ssl=1","datePublished":"2025-06-13T19:06:24+00:00","dateModified":"2025-06-13T22:31:05+00:00","breadcrumb":{"@id":"https:\/\/blogdoprosperi.com\/?p=51045#breadcrumb"},"inLanguage":"pt-BR","potentialAction":[{"@type":"ReadAction","target":["https:\/\/blogdoprosperi.com\/?p=51045"]}]},{"@type":"ImageObject","inLanguage":"pt-BR","@id":"https:\/\/blogdoprosperi.com\/?p=51045#primaryimage","url":"https:\/\/i0.wp.com\/blogdoprosperi.com\/wp-content\/uploads\/2025\/01\/leila-pereira.jpg?fit=1030%2C613&ssl=1","contentUrl":"https:\/\/i0.wp.com\/blogdoprosperi.com\/wp-content\/uploads\/2025\/01\/leila-pereira.jpg?fit=1030%2C613&ssl=1","width":1030,"height":613,"caption":"Leila Pereira anuncia novo patrocinador e promete grandes refor\u00e7os \u2013 foto: Instagram"},{"@type":"BreadcrumbList","@id":"https:\/\/blogdoprosperi.com\/?p=51045#breadcrumb","itemListElement":[{"@type":"ListItem","position":1,"name":"In\u00edcio","item":"https:\/\/blogdoprosperi.com\/"},{"@type":"ListItem","position":2,"name":"Presidente do Palmeiras, Leila Pereira: &#8216;Lutei Por Isso. Espero que Minha Luta Inspire Outras Pessoas&#8217;"}]},{"@type":"WebSite","@id":"https:\/\/blogdoprosperi.com\/#website","url":"https:\/\/blogdoprosperi.com\/","name":"PR\u00d3SPERI NEWS","description":"TUDO \u00c9  FUTEBOL","publisher":{"@id":"https:\/\/blogdoprosperi.com\/#\/schema\/person\/38100755ce3601861ee4fab9b5aa78e9"},"alternateName":"blogdoprosperi.com","potentialAction":[{"@type":"SearchAction","target":{"@type":"EntryPoint","urlTemplate":"https:\/\/blogdoprosperi.com\/?s={search_term_string}"},"query-input":{"@type":"PropertyValueSpecification","valueRequired":true,"valueName":"search_term_string"}}],"inLanguage":"pt-BR"},{"@type":["Person","Organization"],"@id":"https:\/\/blogdoprosperi.com\/#\/schema\/person\/38100755ce3601861ee4fab9b5aa78e9","name":"Luiz Ant\u00f4nio Pr\u00f3speri","pronouns":"ele","image":{"@type":"ImageObject","inLanguage":"pt-BR","@id":"https:\/\/i0.wp.com\/blogdoprosperi.com\/wp-content\/uploads\/2026\/05\/cropped-8059e613-6002-42fa-961e-8e275f575d71-2-5.jpg?fit=1360%2C931&ssl=1","url":"https:\/\/i0.wp.com\/blogdoprosperi.com\/wp-content\/uploads\/2026\/05\/cropped-8059e613-6002-42fa-961e-8e275f575d71-2-5.jpg?fit=1360%2C931&ssl=1","contentUrl":"https:\/\/i0.wp.com\/blogdoprosperi.com\/wp-content\/uploads\/2026\/05\/cropped-8059e613-6002-42fa-961e-8e275f575d71-2-5.jpg?fit=1360%2C931&ssl=1","width":1360,"height":931,"caption":"Luiz Ant\u00f4nio Pr\u00f3speri"},"logo":{"@id":"https:\/\/i0.wp.com\/blogdoprosperi.com\/wp-content\/uploads\/2026\/05\/cropped-8059e613-6002-42fa-961e-8e275f575d71-2-5.jpg?fit=1360%2C931&ssl=1"},"description":"Jornalista com carreira dedicada ao esporte. Cobriu 9 Copas do Mundo in loco, 1990 na It\u00e1lia, 1994 nos EUA, 1998 na Fran\u00e7a, 2002 na Coreia do Sul e Jap\u00e3o, 2006 na Alemanha, 2010 na \u00c1frica do Sul, 2014 no Brasil, 2018 na R\u00fassia e 2022 no Qatar. Eurocopas, 1992 na Su\u00e9cia e 1996 na Inglaterra. Copa das Confedera\u00e7\u00f5es de 2005 na Alemanha e 2009 na \u00c1frica do Sul. Rep\u00f3rter e Editor, trabalhou no Jornal da Tarde e Estad\u00e3o, de 1984 a fevereiro de 2016. Colunista, blogueiro. E comentarista de futebol na R\u00e1dio Estad\u00e3o, de 2013 a fevereiro de 2016. Jornalista respons\u00e1vel do \"Pr\u00f3speri News\" (blogdoprosperi.com).","sameAs":["http:\/\/blogdoprosperi.com","Luiz Pr\u00f3speri","@luiz_prosperi","https:\/\/x.com\/Luizprosperi","@prosperinacopa","luiz.prosperi@icloud.com"],"url":"https:\/\/blogdoprosperi.com\/?author=102107496"}]}},"jetpack_publicize_connections":[],"jetpack_likes_enabled":false,"jetpack_sharing_enabled":true,"jetpack_shortlink":"https:\/\/wp.me\/p7jvdk-dhj","jetpack-related-posts":[{"id":45481,"url":"https:\/\/blogdoprosperi.com\/?p=45481","url_meta":{"origin":51045,"position":0},"title":"Leila Pereira anuncia (I): Palmeiras Descarta Neymar e Supercraques no Mundial de Clubes 2025","author":"Luiz Ant\u00f4nio Pr\u00f3speri","date":"23 de setembro de 2024","format":false,"excerpt":"Luiz Ant\u00f4nio Pr\u00f3speri \u2013 23 setembro (23h55) Leila Pereira avisa aos torcedores do Palmeiras que n\u00e3o tem a m\u00ednima inten\u00e7\u00e3o de contratar supercraques para o Mundial de Clubes de 2025. Nem Neymar nem outro nome forte no mercado especulados nas m\u00eddias sociais. No lan\u00e7amento de sua candidatura \u00e0 reelei\u00e7\u00e3o no\u2026","rel":"","context":"Em &quot;futebol&quot;","block_context":{"text":"futebol","link":"https:\/\/blogdoprosperi.com\/?cat=53870"},"img":{"alt_text":"Neymar no Palmeiras?","src":"https:\/\/i0.wp.com\/blogdoprosperi.com\/wp-content\/uploads\/2024\/09\/20180525185228582294a.webp?fit=750%2C500&ssl=1&resize=350%2C200","width":350,"height":200,"srcset":"https:\/\/i0.wp.com\/blogdoprosperi.com\/wp-content\/uploads\/2024\/09\/20180525185228582294a.webp?fit=750%2C500&ssl=1&resize=350%2C200 1x, https:\/\/i0.wp.com\/blogdoprosperi.com\/wp-content\/uploads\/2024\/09\/20180525185228582294a.webp?fit=750%2C500&ssl=1&resize=525%2C300 1.5x, https:\/\/i0.wp.com\/blogdoprosperi.com\/wp-content\/uploads\/2024\/09\/20180525185228582294a.webp?fit=750%2C500&ssl=1&resize=700%2C400 2x"},"classes":[]},{"id":45501,"url":"https:\/\/blogdoprosperi.com\/?p=45501","url_meta":{"origin":51045,"position":1},"title":"Leila Pereira anuncia (II): Crefisa Sai do Palmeiras e Dudu Fora","author":"Luiz Ant\u00f4nio Pr\u00f3speri","date":"24 de setembro de 2024","format":false,"excerpt":"Crefisa vai sair da camisa do Palmeiras em 2025. Leila Pereira, presidente do Palmeiras e dona da Crefisa, anuncia o fim do ciclo entre clube e a patrocinadora, juntos desde 2019. Sem a empresa financeira, marketing do Palmeiras est\u00e1 no mercado em busca de um novo parceiro de R$ 150\u2026","rel":"","context":"Em &quot;futebol&quot;","block_context":{"text":"futebol","link":"https:\/\/blogdoprosperi.com\/?cat=53870"},"img":{"alt_text":"Crefisa, fim de ciclo no Palmeiras","src":"https:\/\/i0.wp.com\/blogdoprosperi.com\/wp-content\/uploads\/2024\/09\/leila-pereira.webp?fit=750%2C510&ssl=1&resize=350%2C200","width":350,"height":200,"srcset":"https:\/\/i0.wp.com\/blogdoprosperi.com\/wp-content\/uploads\/2024\/09\/leila-pereira.webp?fit=750%2C510&ssl=1&resize=350%2C200 1x, https:\/\/i0.wp.com\/blogdoprosperi.com\/wp-content\/uploads\/2024\/09\/leila-pereira.webp?fit=750%2C510&ssl=1&resize=525%2C300 1.5x, https:\/\/i0.wp.com\/blogdoprosperi.com\/wp-content\/uploads\/2024\/09\/leila-pereira.webp?fit=750%2C510&ssl=1&resize=700%2C400 2x"},"classes":[]},{"id":47464,"url":"https:\/\/blogdoprosperi.com\/?p=47464","url_meta":{"origin":51045,"position":2},"title":"Leila Pereira x Dudu | Presidenta do Palmeiras Vai Processar \u00cddolo da Torcida","author":"Luiz Ant\u00f4nio Pr\u00f3speri","date":"14 de janeiro de 2025","format":false,"excerpt":"Luiz Ant\u00f4nio Pr\u00f3speri \u2013 14 janeiro (17h58) \u2013 Leila Pereira, presidenta do Palmeiras, vai processar Dudu por difama\u00e7\u00e3o. A dirigente se sente ofendida pelo jogador que usou express\u00e3o VTNC (Vai Tomar No C...) em post nas redes sociais contra Leila. Era uma resposta do \u00eddolo da torcida palmeirense \u00e0 declara\u00e7\u00e3o\u2026","rel":"","context":"Em &quot;futebol&quot;","block_context":{"text":"futebol","link":"https:\/\/blogdoprosperi.com\/?cat=53870"},"img":{"alt_text":"Leila x Dudu, guerra de vaidades","src":"https:\/\/i0.wp.com\/blogdoprosperi.com\/wp-content\/uploads\/2025\/01\/52145526597_5c7018bd3f_h-aspect-ratio-512-320-1.webp?fit=1200%2C750&ssl=1&resize=350%2C200","width":350,"height":200,"srcset":"https:\/\/i0.wp.com\/blogdoprosperi.com\/wp-content\/uploads\/2025\/01\/52145526597_5c7018bd3f_h-aspect-ratio-512-320-1.webp?fit=1200%2C750&ssl=1&resize=350%2C200 1x, https:\/\/i0.wp.com\/blogdoprosperi.com\/wp-content\/uploads\/2025\/01\/52145526597_5c7018bd3f_h-aspect-ratio-512-320-1.webp?fit=1200%2C750&ssl=1&resize=525%2C300 1.5x, https:\/\/i0.wp.com\/blogdoprosperi.com\/wp-content\/uploads\/2025\/01\/52145526597_5c7018bd3f_h-aspect-ratio-512-320-1.webp?fit=1200%2C750&ssl=1&resize=700%2C400 2x, https:\/\/i0.wp.com\/blogdoprosperi.com\/wp-content\/uploads\/2025\/01\/52145526597_5c7018bd3f_h-aspect-ratio-512-320-1.webp?fit=1200%2C750&ssl=1&resize=1050%2C600 3x"},"classes":[]},{"id":50257,"url":"https:\/\/blogdoprosperi.com\/?p=50257","url_meta":{"origin":51045,"position":3},"title":"Leila Pereira Isola Palmeiras do Movimento dos Clubes | Candidata a Presidente da CBF em 2029?","author":"Luiz Ant\u00f4nio Pr\u00f3speri","date":"20 de maio de 2025","format":false,"excerpt":"Luiz Ant\u00f4nio Pr\u00f3speri \u2013 20 maio (13h45) \u2013 Leila Pereira continua fiel ao novo comando da CBF. No primeiro ato, a presidenta do Palmeiras apoia em car\u00e1ter oficial a candidatura de Samir Xaud contrariando posi\u00e7\u00e3o da maioria dos clubes da S\u00e9rie A. No segundo ato, n\u00e3o assina manifesto dos clubes\u2026","rel":"","context":"Em &quot;CBF&quot;","block_context":{"text":"CBF","link":"https:\/\/blogdoprosperi.com\/?cat=570700"},"img":{"alt_text":"","src":"https:\/\/i0.wp.com\/blogdoprosperi.com\/wp-content\/uploads\/2025\/05\/captura-de-tela-2025-05-20-as-13.56.19.png?fit=1200%2C650&ssl=1&resize=350%2C200","width":350,"height":200,"srcset":"https:\/\/i0.wp.com\/blogdoprosperi.com\/wp-content\/uploads\/2025\/05\/captura-de-tela-2025-05-20-as-13.56.19.png?fit=1200%2C650&ssl=1&resize=350%2C200 1x, https:\/\/i0.wp.com\/blogdoprosperi.com\/wp-content\/uploads\/2025\/05\/captura-de-tela-2025-05-20-as-13.56.19.png?fit=1200%2C650&ssl=1&resize=525%2C300 1.5x, https:\/\/i0.wp.com\/blogdoprosperi.com\/wp-content\/uploads\/2025\/05\/captura-de-tela-2025-05-20-as-13.56.19.png?fit=1200%2C650&ssl=1&resize=700%2C400 2x, https:\/\/i0.wp.com\/blogdoprosperi.com\/wp-content\/uploads\/2025\/05\/captura-de-tela-2025-05-20-as-13.56.19.png?fit=1200%2C650&ssl=1&resize=1050%2C600 3x"},"classes":[]},{"id":41176,"url":"https:\/\/blogdoprosperi.com\/?p=41176","url_meta":{"origin":51045,"position":4},"title":"Dinheiro sobrando, o nome da crise no Palmeiras","author":"Luiz Ant\u00f4nio Pr\u00f3speri","date":"16 de janeiro de 2023","format":false,"excerpt":"A crise do Palmeiras nesse momento \u00e9 o avesso das crises de seus principais concorrentes, sempre de pires nas m\u00e3os em busca de dinheiro. Presidente Leila Pereira promete contratar.","rel":"","context":"Em &quot;catar 2022&quot;","block_context":{"text":"catar 2022","link":"https:\/\/blogdoprosperi.com\/?cat=47094043"},"img":{"alt_text":"Esque\u00e7am Neymar, avisa presidenta do Palmeiras","src":"https:\/\/i0.wp.com\/blogdoprosperi.com\/wp-content\/uploads\/2023\/01\/52499028142_4b0d1c3e97_h.webp?fit=1200%2C675&ssl=1&resize=350%2C200","width":350,"height":200,"srcset":"https:\/\/i0.wp.com\/blogdoprosperi.com\/wp-content\/uploads\/2023\/01\/52499028142_4b0d1c3e97_h.webp?fit=1200%2C675&ssl=1&resize=350%2C200 1x, https:\/\/i0.wp.com\/blogdoprosperi.com\/wp-content\/uploads\/2023\/01\/52499028142_4b0d1c3e97_h.webp?fit=1200%2C675&ssl=1&resize=525%2C300 1.5x, https:\/\/i0.wp.com\/blogdoprosperi.com\/wp-content\/uploads\/2023\/01\/52499028142_4b0d1c3e97_h.webp?fit=1200%2C675&ssl=1&resize=700%2C400 2x, https:\/\/i0.wp.com\/blogdoprosperi.com\/wp-content\/uploads\/2023\/01\/52499028142_4b0d1c3e97_h.webp?fit=1200%2C675&ssl=1&resize=1050%2C600 3x"},"classes":[]},{"id":53681,"url":"https:\/\/blogdoprosperi.com\/?p=53681","url_meta":{"origin":51045,"position":5},"title":"Abel Ferreira | Coletiva | Palmeiras 3 x 2 Atl\u00e9tico-MG","author":"Luiz Ant\u00f4nio Pr\u00f3speri","date":"20 de julho de 2025","format":false,"excerpt":"Acompanhe entrevista coletiva de Abel Ferreira p\u00f3s-jogo Palmeiras 3 a 2 Atl\u00e9tico-MG. Abel garante que contrato de renova\u00e7\u00e3o com Palmeiras at\u00e9 o fim de 2027 depende de Leila Pereira colocar uma cl\u00e1usula: \"Se eu (Abel Ferreira) n\u00e3o conquistar um t\u00edtulo, posso ir embora\". V\u00eddeo oficial TV Palmeiras.","rel":"","context":"Em &quot;brasileir\u00e3o 2025&quot;","block_context":{"text":"brasileir\u00e3o 2025","link":"https:\/\/blogdoprosperi.com\/?cat=775970846"},"img":{"alt_text":"Palmeiras x Al Ahly Mundial de Clubes","src":"https:\/\/i0.wp.com\/blogdoprosperi.com\/wp-content\/uploads\/2025\/06\/593840701-abel-ferreira.webp?fit=774%2C436&ssl=1&resize=350%2C200","width":350,"height":200,"srcset":"https:\/\/i0.wp.com\/blogdoprosperi.com\/wp-content\/uploads\/2025\/06\/593840701-abel-ferreira.webp?fit=774%2C436&ssl=1&resize=350%2C200 1x, https:\/\/i0.wp.com\/blogdoprosperi.com\/wp-content\/uploads\/2025\/06\/593840701-abel-ferreira.webp?fit=774%2C436&ssl=1&resize=525%2C300 1.5x, https:\/\/i0.wp.com\/blogdoprosperi.com\/wp-content\/uploads\/2025\/06\/593840701-abel-ferreira.webp?fit=774%2C436&ssl=1&resize=700%2C400 2x"},"classes":[]}],"jetpack_featured_media_url":"https:\/\/i0.wp.com\/blogdoprosperi.com\/wp-content\/uploads\/2025\/01\/leila-pereira.jpg?fit=1030%2C613&ssl=1","_links":{"self":[{"href":"https:\/\/blogdoprosperi.com\/index.php?rest_route=\/wp\/v2\/posts\/51045","targetHints":{"allow":["GET"]}}],"collection":[{"href":"https:\/\/blogdoprosperi.com\/index.php?rest_route=\/wp\/v2\/posts"}],"about":[{"href":"https:\/\/blogdoprosperi.com\/index.php?rest_route=\/wp\/v2\/types\/post"}],"author":[{"embeddable":true,"href":"https:\/\/blogdoprosperi.com\/index.php?rest_route=\/wp\/v2\/users\/102107496"}],"replies":[{"embeddable":true,"href":"https:\/\/blogdoprosperi.com\/index.php?rest_route=%2Fwp%2Fv2%2Fcomments&post=51045"}],"version-history":[{"count":16,"href":"https:\/\/blogdoprosperi.com\/index.php?rest_route=\/wp\/v2\/posts\/51045\/revisions"}],"predecessor-version":[{"id":51073,"href":"https:\/\/blogdoprosperi.com\/index.php?rest_route=\/wp\/v2\/posts\/51045\/revisions\/51073"}],"wp:featuredmedia":[{"embeddable":true,"href":"https:\/\/blogdoprosperi.com\/index.php?rest_route=\/wp\/v2\/media\/47436"}],"wp:attachment":[{"href":"https:\/\/blogdoprosperi.com\/index.php?rest_route=%2Fwp%2Fv2%2Fmedia&parent=51045"}],"wp:term":[{"taxonomy":"category","embeddable":true,"href":"https:\/\/blogdoprosperi.com\/index.php?rest_route=%2Fwp%2Fv2%2Fcategories&post=51045"},{"taxonomy":"post_tag","embeddable":true,"href":"https:\/\/blogdoprosperi.com\/index.php?rest_route=%2Fwp%2Fv2%2Ftags&post=51045"}],"curies":[{"name":"wp","href":"https:\/\/api.w.org\/{rel}","templated":true}]}}