{"id":51075,"date":"2025-06-14T10:03:12","date_gmt":"2025-06-14T13:03:12","guid":{"rendered":"https:\/\/blogdoprosperi.com\/?p=51075"},"modified":"2025-06-14T10:13:13","modified_gmt":"2025-06-14T13:13:13","slug":"cronicasabatica-23-abel-enfim-apresenta-sua-revolucao-aos-europeus","status":"publish","type":"post","link":"https:\/\/blogdoprosperi.com\/?p=51075","title":{"rendered":"#Cr\u00f4nicaSab\u00e1tica #23| Abel, Enfim, Apresenta Sua Revolu\u00e7\u00e3o aos Europeus"},"content":{"rendered":"<p><em>Luiz Ant\u00f4nio Pr\u00f3speri \u2013 14 junho (10h05) \u2013<\/em><\/p>\n<p>Abel Ferreira anda entusiasmado em Greensboro, Carolina do Norte, EUA. H\u00e1 cinco dias transborda sua euforia nos ajustes finais do Palmeiras a estrear no Mundial de Clubes contra o Porto, neste domingo (15\/6), em New Jersey. Tempo de mostrar \u00e0 comunidade do futebol internacional sua ambiciosa revolu\u00e7\u00e3o no comando de um time centen\u00e1rio, de origem italiana, fincado nos tr\u00f3picos. Sim, \u00e9 poss\u00edvel fazer futebol europeu no pa\u00eds pentacampe\u00e3o do mundo.<\/p>\n<p>Desde seu desembarque no Brasil, em meados de outubro de 2020, tem feito de tudo em defesa de sua tese de futebol total em um clube acad\u00eamico por sua hist\u00f3ria.<\/p>\n<p>Arrebata principais t\u00edtulos nacionais e continentais, publica um livro \u2013 fato raro entre os treinadores brasileiros \u2013 contando em min\u00facias o trabalho que levou o Palmeiras aos t\u00edtulos da Copa do Brasil e Libertadores em 2020. E mais: sua vis\u00e3o cr\u00edtica do modo de se fazer futebol no pa\u00eds.<\/p>\n<p>Aperta o dedo nas feridas cr\u00f4nicas do futebol nacional. Esconjura o poder da bola. Compra brigas hom\u00e9ricas com jornalistas, abre processos contra alguns deles, sofre derrotas humilhantes nos tribunais.<\/p>\n<p>N\u00e3o se entrega vociferando contra o sistema arcaico do nosso futebol. Exagera e extrapola comportamento \u00e0 beira do campo. \u00c9 condenado, excomungado por analistas de plant\u00e3o.<\/p>\n<p>Percebe, cada vez mais, que sua pretens\u00e3o \u00e9 ingl\u00f3ria. Nem paladino nem vil\u00e3o.<\/p>\n<p>Faz do Palmeiras ao longo dos \u00faltimos quatro anos um papa-t\u00edtulos. Coleciona mais vit\u00f3rias a derrotas.<\/p>\n<p>Respeita pouco as hierarquias futebol\u00edsticas de seu pr\u00f3prio clube. Se incomoda quase nada se entre os 11 titulares de seu time, cinco a seis, \u00e0s vezes sete, s\u00e3o estrangeiros.<\/p>\n<p>Adota os meninos da base, os mi\u00fados, como alunos de sua escolinha prim\u00e1ria. E ajuda a sociedade Palestra It\u00e1lia a abarrotar os cofres com centenas de milh\u00f5es de euros.<\/p>\n<p>Convicto, acredita estar sempre no caminho certo, mesmo tendo estradas tortuosas pela frente. Equ\u00edvocos inevit\u00e1veis e ar rarefeito de um t\u00e9cnico acima da m\u00e9dia.<\/p>\n<p>Abel Ferreira, enfim, tem agora neste Mundial de Clubes a chance de mostrar a seus conterr\u00e2neos e comunidade europeia que existe no Brasil um time brasa-euro. Fruto de um trabalho no campo escorado em or\u00e7amento e gest\u00e3o de primeiro mundo.<\/p>\n<p>Suficiente para levantar a ta\u00e7a? Dif\u00edcil, muito dif\u00edcil. Quase imposs\u00edvel.<\/p>\n<p>O t\u00e9cnico portugu\u00eas quer apenas abrir as cortinas do mundo e exibir seu Palmeiras, &#8220;a sua mais completa tradu\u00e7\u00e3o&#8221;.<\/p>\n<figure id=\"attachment_51081\" aria-describedby=\"caption-attachment-51081\" style=\"width: 720px\" class=\"wp-caption alignnone\"><img data-recalc-dims=\"1\" loading=\"lazy\" decoding=\"async\" data-attachment-id=\"51081\" data-permalink=\"https:\/\/blogdoprosperi.com\/?attachment_id=51081\" data-orig-file=\"https:\/\/i0.wp.com\/blogdoprosperi.com\/wp-content\/uploads\/2025\/06\/54581762437_cf6af90d1b_c.jpg?fit=800%2C450&amp;ssl=1\" data-orig-size=\"800,450\" data-comments-opened=\"1\" data-image-meta=\"{&quot;aperture&quot;:&quot;0&quot;,&quot;credit&quot;:&quot;CESAR GRECO&quot;,&quot;camera&quot;:&quot;&quot;,&quot;caption&quot;:&quot;&quot;,&quot;created_timestamp&quot;:&quot;0&quot;,&quot;copyright&quot;:&quot;CESAR GRECO&quot;,&quot;focal_length&quot;:&quot;0&quot;,&quot;iso&quot;:&quot;0&quot;,&quot;shutter_speed&quot;:&quot;0&quot;,&quot;title&quot;:&quot;&quot;,&quot;orientation&quot;:&quot;0&quot;}\" data-image-title=\"Abel apresenta sua revolu\u00e7\u00e3o\" data-image-description=\"\" data-image-caption=\"&lt;p&gt;Abel Ferreira no Mundial de Clubes \u2013 foto: Palmeiras oficial&lt;\/p&gt;\n\" data-large-file=\"https:\/\/i0.wp.com\/blogdoprosperi.com\/wp-content\/uploads\/2025\/06\/54581762437_cf6af90d1b_c.jpg?fit=800%2C450&amp;ssl=1\" class=\"size-large wp-image-51081\" src=\"https:\/\/i0.wp.com\/blogdoprosperi.com\/wp-content\/uploads\/2025\/06\/54581762437_cf6af90d1b_c.jpg?resize=720%2C405&#038;ssl=1\" alt=\"Abel Ferreira no Mundial de Clubes\" width=\"720\" height=\"405\" \/><figcaption id=\"caption-attachment-51081\" class=\"wp-caption-text\"><em>Abel Ferreira no Mundial de Clubes \u2013 foto: Palmeiras oficial<\/em><\/figcaption><\/figure>\n","protected":false},"excerpt":{"rendered":"<p>Luiz Ant\u00f4nio Pr\u00f3speri \u2013 14 junho (10h05) \u2013 Abel Ferreira anda entusiasmado em Greensboro, Carolina do Norte, EUA. [&hellip;]<\/p>\n","protected":false},"author":102107496,"featured_media":51079,"comment_status":"open","ping_status":"open","sticky":false,"template":"","format":"standard","meta":{"_coblocks_attr":"","_coblocks_dimensions":"","_coblocks_responsive_height":"","_coblocks_accordion_ie_support":"","_jetpack_newsletter_access":"","_jetpack_dont_email_post_to_subs":false,"_jetpack_newsletter_tier_id":0,"_jetpack_memberships_contains_paywalled_content":false,"_wpcom_ai_launchpad_first_post":false,"_jetpack_feature_clip_id":0,"_jetpack_memberships_contains_paid_content":false,"footnotes":"","jetpack_publicize_message":"","jetpack_publicize_feature_enabled":true,"jetpack_social_post_already_shared":false,"jetpack_social_options":{"image_generator_settings":{"template":"highway","default_image_id":0,"font":"","enabled":false},"version":2},"jetpack_post_was_ever_published":false},"categories":[53870,772984667,3919],"tags":[4200771,789560563,789560560,789560573,789560583,287104,781841778],"class_list":["post-51075","post","type-post","status-publish","format-standard","has-post-thumbnail","hentry","category-futebol","category-mundial-de-clubes-2025","category-opiniao","tag-abel-ferreira","tag-fifa","tag-futebol","tag-luiz-antonio-prosperi","tag-mundial-de-clubes-2025","tag-palmeiras","tag-palmeiras-x-porto"],"yoast_head":"<!-- This site is optimized with the Yoast SEO plugin v28.3 - https:\/\/yoast.com\/product\/yoast-seo-wordpress\/ -->\n<title>#Cr\u00f4nicaSab\u00e1tica #23| Abel, Enfim, Apresenta Sua Revolu\u00e7\u00e3o aos Europeus - PR\u00d3SPERI NEWS<\/title>\n<meta name=\"robots\" content=\"index, follow, max-snippet:-1, max-image-preview:large, max-video-preview:-1\" \/>\n<link rel=\"canonical\" href=\"https:\/\/blogdoprosperi.com\/?p=51075\" \/>\n<meta property=\"og:locale\" content=\"pt_BR\" \/>\n<meta property=\"og:type\" content=\"article\" \/>\n<meta property=\"og:title\" content=\"#Cr\u00f4nicaSab\u00e1tica #23| Abel, Enfim, Apresenta Sua Revolu\u00e7\u00e3o aos Europeus - PR\u00d3SPERI NEWS\" \/>\n<meta property=\"og:description\" content=\"Luiz Ant\u00f4nio Pr\u00f3speri \u2013 14 junho (10h05) \u2013 Abel Ferreira anda entusiasmado em Greensboro, Carolina do Norte, EUA. [&hellip;]\" \/>\n<meta property=\"og:url\" content=\"https:\/\/blogdoprosperi.com\/?p=51075\" \/>\n<meta property=\"og:site_name\" content=\"PR\u00d3SPERI NEWS\" \/>\n<meta property=\"article:publisher\" content=\"Luiz Pr\u00f3speri\" \/>\n<meta property=\"article:author\" content=\"Luiz Pr\u00f3speri\" \/>\n<meta property=\"article:published_time\" content=\"2025-06-14T13:03:12+00:00\" \/>\n<meta property=\"article:modified_time\" content=\"2025-06-14T13:13:13+00:00\" \/>\n<meta property=\"og:image\" content=\"https:\/\/i0.wp.com\/blogdoprosperi.com\/wp-content\/uploads\/2025\/06\/captura-de-tela-2025-06-13-as-23.52.09.png?fit=1394%2C898&ssl=1\" \/>\n\t<meta property=\"og:image:width\" content=\"1394\" \/>\n\t<meta property=\"og:image:height\" content=\"898\" \/>\n\t<meta property=\"og:image:type\" content=\"image\/png\" \/>\n<meta name=\"author\" content=\"Luiz Ant\u00f4nio Pr\u00f3speri\" \/>\n<meta name=\"twitter:card\" content=\"summary_large_image\" \/>\n<meta name=\"twitter:creator\" content=\"@Luizprosperi\" \/>\n<meta name=\"twitter:site\" content=\"@Luizprosperi\" \/>\n<meta name=\"twitter:label1\" content=\"Escrito por\" \/>\n\t<meta name=\"twitter:data1\" content=\"Luiz Ant\u00f4nio Pr\u00f3speri\" \/>\n\t<meta name=\"twitter:label2\" content=\"Est. tempo de leitura\" \/>\n\t<meta name=\"twitter:data2\" content=\"2 minutos\" \/>\n<script type=\"application\/ld+json\" class=\"yoast-schema-graph\">{\"@context\":\"https:\\\/\\\/schema.org\",\"@graph\":[{\"@type\":\"Article\",\"@id\":\"https:\\\/\\\/blogdoprosperi.com\\\/?p=51075#article\",\"isPartOf\":{\"@id\":\"https:\\\/\\\/blogdoprosperi.com\\\/?p=51075\"},\"author\":{\"name\":\"Luiz Ant\u00f4nio Pr\u00f3speri\",\"@id\":\"https:\\\/\\\/blogdoprosperi.com\\\/#\\\/schema\\\/person\\\/38100755ce3601861ee4fab9b5aa78e9\"},\"headline\":\"#Cr\u00f4nicaSab\u00e1tica #23| Abel, Enfim, Apresenta Sua Revolu\u00e7\u00e3o aos Europeus\",\"datePublished\":\"2025-06-14T13:03:12+00:00\",\"dateModified\":\"2025-06-14T13:13:13+00:00\",\"mainEntityOfPage\":{\"@id\":\"https:\\\/\\\/blogdoprosperi.com\\\/?p=51075\"},\"wordCount\":451,\"commentCount\":0,\"publisher\":{\"@id\":\"https:\\\/\\\/blogdoprosperi.com\\\/#\\\/schema\\\/person\\\/38100755ce3601861ee4fab9b5aa78e9\"},\"image\":{\"@id\":\"https:\\\/\\\/blogdoprosperi.com\\\/?p=51075#primaryimage\"},\"thumbnailUrl\":\"https:\\\/\\\/i0.wp.com\\\/blogdoprosperi.com\\\/wp-content\\\/uploads\\\/2025\\\/06\\\/captura-de-tela-2025-06-13-as-23.52.09.png?fit=1394%2C898&ssl=1\",\"keywords\":[\"abel ferreira\",\"Fifa\",\"futebol\",\"Luiz Ant\u00f4nio Pr\u00f3speri\",\"mundial de clubes 2025\",\"Palmeiras\",\"palmeiras x porto\"],\"articleSection\":[\"futebol\",\"mundial de clubes 2025\",\"opini\u00e3o\"],\"inLanguage\":\"pt-BR\",\"potentialAction\":[{\"@type\":\"CommentAction\",\"name\":\"Comment\",\"target\":[\"https:\\\/\\\/blogdoprosperi.com\\\/?p=51075#respond\"]}]},{\"@type\":\"WebPage\",\"@id\":\"https:\\\/\\\/blogdoprosperi.com\\\/?p=51075\",\"url\":\"https:\\\/\\\/blogdoprosperi.com\\\/?p=51075\",\"name\":\"#Cr\u00f4nicaSab\u00e1tica #23| Abel, Enfim, Apresenta Sua Revolu\u00e7\u00e3o aos Europeus - PR\u00d3SPERI NEWS\",\"isPartOf\":{\"@id\":\"https:\\\/\\\/blogdoprosperi.com\\\/#website\"},\"primaryImageOfPage\":{\"@id\":\"https:\\\/\\\/blogdoprosperi.com\\\/?p=51075#primaryimage\"},\"image\":{\"@id\":\"https:\\\/\\\/blogdoprosperi.com\\\/?p=51075#primaryimage\"},\"thumbnailUrl\":\"https:\\\/\\\/i0.wp.com\\\/blogdoprosperi.com\\\/wp-content\\\/uploads\\\/2025\\\/06\\\/captura-de-tela-2025-06-13-as-23.52.09.png?fit=1394%2C898&ssl=1\",\"datePublished\":\"2025-06-14T13:03:12+00:00\",\"dateModified\":\"2025-06-14T13:13:13+00:00\",\"breadcrumb\":{\"@id\":\"https:\\\/\\\/blogdoprosperi.com\\\/?p=51075#breadcrumb\"},\"inLanguage\":\"pt-BR\",\"potentialAction\":[{\"@type\":\"ReadAction\",\"target\":[\"https:\\\/\\\/blogdoprosperi.com\\\/?p=51075\"]}]},{\"@type\":\"ImageObject\",\"inLanguage\":\"pt-BR\",\"@id\":\"https:\\\/\\\/blogdoprosperi.com\\\/?p=51075#primaryimage\",\"url\":\"https:\\\/\\\/i0.wp.com\\\/blogdoprosperi.com\\\/wp-content\\\/uploads\\\/2025\\\/06\\\/captura-de-tela-2025-06-13-as-23.52.09.png?fit=1394%2C898&ssl=1\",\"contentUrl\":\"https:\\\/\\\/i0.wp.com\\\/blogdoprosperi.com\\\/wp-content\\\/uploads\\\/2025\\\/06\\\/captura-de-tela-2025-06-13-as-23.52.09.png?fit=1394%2C898&ssl=1\",\"width\":1394,\"height\":898,\"caption\":\"Abel Ferreira apresenta sua revolu\u00e7\u00e3o \u2013 foto: Palmeiras oficial\"},{\"@type\":\"BreadcrumbList\",\"@id\":\"https:\\\/\\\/blogdoprosperi.com\\\/?p=51075#breadcrumb\",\"itemListElement\":[{\"@type\":\"ListItem\",\"position\":1,\"name\":\"In\u00edcio\",\"item\":\"https:\\\/\\\/blogdoprosperi.com\\\/\"},{\"@type\":\"ListItem\",\"position\":2,\"name\":\"#Cr\u00f4nicaSab\u00e1tica #23| Abel, Enfim, Apresenta Sua Revolu\u00e7\u00e3o aos Europeus\"}]},{\"@type\":\"WebSite\",\"@id\":\"https:\\\/\\\/blogdoprosperi.com\\\/#website\",\"url\":\"https:\\\/\\\/blogdoprosperi.com\\\/\",\"name\":\"PR\u00d3SPERI NEWS\",\"description\":\"TUDO \u00c9  FUTEBOL\",\"publisher\":{\"@id\":\"https:\\\/\\\/blogdoprosperi.com\\\/#\\\/schema\\\/person\\\/38100755ce3601861ee4fab9b5aa78e9\"},\"alternateName\":\"blogdoprosperi.com\",\"potentialAction\":[{\"@type\":\"SearchAction\",\"target\":{\"@type\":\"EntryPoint\",\"urlTemplate\":\"https:\\\/\\\/blogdoprosperi.com\\\/?s={search_term_string}\"},\"query-input\":{\"@type\":\"PropertyValueSpecification\",\"valueRequired\":true,\"valueName\":\"search_term_string\"}}],\"inLanguage\":\"pt-BR\"},{\"@type\":[\"Person\",\"Organization\"],\"@id\":\"https:\\\/\\\/blogdoprosperi.com\\\/#\\\/schema\\\/person\\\/38100755ce3601861ee4fab9b5aa78e9\",\"name\":\"Luiz Ant\u00f4nio Pr\u00f3speri\",\"pronouns\":\"ele\",\"image\":{\"@type\":\"ImageObject\",\"inLanguage\":\"pt-BR\",\"@id\":\"https:\\\/\\\/i0.wp.com\\\/blogdoprosperi.com\\\/wp-content\\\/uploads\\\/2026\\\/05\\\/cropped-8059e613-6002-42fa-961e-8e275f575d71-2-5.jpg?fit=1360%2C931&ssl=1\",\"url\":\"https:\\\/\\\/i0.wp.com\\\/blogdoprosperi.com\\\/wp-content\\\/uploads\\\/2026\\\/05\\\/cropped-8059e613-6002-42fa-961e-8e275f575d71-2-5.jpg?fit=1360%2C931&ssl=1\",\"contentUrl\":\"https:\\\/\\\/i0.wp.com\\\/blogdoprosperi.com\\\/wp-content\\\/uploads\\\/2026\\\/05\\\/cropped-8059e613-6002-42fa-961e-8e275f575d71-2-5.jpg?fit=1360%2C931&ssl=1\",\"width\":1360,\"height\":931,\"caption\":\"Luiz Ant\u00f4nio Pr\u00f3speri\"},\"logo\":{\"@id\":\"https:\\\/\\\/i0.wp.com\\\/blogdoprosperi.com\\\/wp-content\\\/uploads\\\/2026\\\/05\\\/cropped-8059e613-6002-42fa-961e-8e275f575d71-2-5.jpg?fit=1360%2C931&ssl=1\"},\"description\":\"Jornalista com carreira dedicada ao esporte. Cobriu 9 Copas do Mundo in loco, 1990 na It\u00e1lia, 1994 nos EUA, 1998 na Fran\u00e7a, 2002 na Coreia do Sul e Jap\u00e3o, 2006 na Alemanha, 2010 na \u00c1frica do Sul, 2014 no Brasil, 2018 na R\u00fassia e 2022 no Qatar. Eurocopas, 1992 na Su\u00e9cia e 1996 na Inglaterra. Copa das Confedera\u00e7\u00f5es de 2005 na Alemanha e 2009 na \u00c1frica do Sul. Rep\u00f3rter e Editor, trabalhou no Jornal da Tarde e Estad\u00e3o, de 1984 a fevereiro de 2016. Colunista, blogueiro. E comentarista de futebol na R\u00e1dio Estad\u00e3o, de 2013 a fevereiro de 2016. Jornalista respons\u00e1vel do \\\"Pr\u00f3speri News\\\" (blogdoprosperi.com).\",\"sameAs\":[\"http:\\\/\\\/blogdoprosperi.com\",\"Luiz Pr\u00f3speri\",\"@luiz_prosperi\",\"https:\\\/\\\/x.com\\\/Luizprosperi\",\"@prosperinacopa\",\"luiz.prosperi@icloud.com\"],\"url\":\"https:\\\/\\\/blogdoprosperi.com\\\/?author=102107496\"}]}<\/script>\n<!-- \/ Yoast SEO plugin. -->","yoast_head_json":{"title":"#Cr\u00f4nicaSab\u00e1tica #23| Abel, Enfim, Apresenta Sua Revolu\u00e7\u00e3o aos Europeus - PR\u00d3SPERI NEWS","robots":{"index":"index","follow":"follow","max-snippet":"max-snippet:-1","max-image-preview":"max-image-preview:large","max-video-preview":"max-video-preview:-1"},"canonical":"https:\/\/blogdoprosperi.com\/?p=51075","og_locale":"pt_BR","og_type":"article","og_title":"#Cr\u00f4nicaSab\u00e1tica #23| Abel, Enfim, Apresenta Sua Revolu\u00e7\u00e3o aos Europeus - PR\u00d3SPERI NEWS","og_description":"Luiz Ant\u00f4nio Pr\u00f3speri \u2013 14 junho (10h05) \u2013 Abel Ferreira anda entusiasmado em Greensboro, Carolina do Norte, EUA. [&hellip;]","og_url":"https:\/\/blogdoprosperi.com\/?p=51075","og_site_name":"PR\u00d3SPERI NEWS","article_publisher":"Luiz Pr\u00f3speri","article_author":"Luiz Pr\u00f3speri","article_published_time":"2025-06-14T13:03:12+00:00","article_modified_time":"2025-06-14T13:13:13+00:00","og_image":[{"width":1394,"height":898,"url":"https:\/\/i0.wp.com\/blogdoprosperi.com\/wp-content\/uploads\/2025\/06\/captura-de-tela-2025-06-13-as-23.52.09.png?fit=1394%2C898&ssl=1","type":"image\/png"}],"author":"Luiz Ant\u00f4nio Pr\u00f3speri","twitter_card":"summary_large_image","twitter_creator":"@Luizprosperi","twitter_site":"@Luizprosperi","twitter_misc":{"Escrito por":"Luiz Ant\u00f4nio Pr\u00f3speri","Est. tempo de leitura":"2 minutos"},"schema":{"@context":"https:\/\/schema.org","@graph":[{"@type":"Article","@id":"https:\/\/blogdoprosperi.com\/?p=51075#article","isPartOf":{"@id":"https:\/\/blogdoprosperi.com\/?p=51075"},"author":{"name":"Luiz Ant\u00f4nio Pr\u00f3speri","@id":"https:\/\/blogdoprosperi.com\/#\/schema\/person\/38100755ce3601861ee4fab9b5aa78e9"},"headline":"#Cr\u00f4nicaSab\u00e1tica #23| Abel, Enfim, Apresenta Sua Revolu\u00e7\u00e3o aos Europeus","datePublished":"2025-06-14T13:03:12+00:00","dateModified":"2025-06-14T13:13:13+00:00","mainEntityOfPage":{"@id":"https:\/\/blogdoprosperi.com\/?p=51075"},"wordCount":451,"commentCount":0,"publisher":{"@id":"https:\/\/blogdoprosperi.com\/#\/schema\/person\/38100755ce3601861ee4fab9b5aa78e9"},"image":{"@id":"https:\/\/blogdoprosperi.com\/?p=51075#primaryimage"},"thumbnailUrl":"https:\/\/i0.wp.com\/blogdoprosperi.com\/wp-content\/uploads\/2025\/06\/captura-de-tela-2025-06-13-as-23.52.09.png?fit=1394%2C898&ssl=1","keywords":["abel ferreira","Fifa","futebol","Luiz Ant\u00f4nio Pr\u00f3speri","mundial de clubes 2025","Palmeiras","palmeiras x porto"],"articleSection":["futebol","mundial de clubes 2025","opini\u00e3o"],"inLanguage":"pt-BR","potentialAction":[{"@type":"CommentAction","name":"Comment","target":["https:\/\/blogdoprosperi.com\/?p=51075#respond"]}]},{"@type":"WebPage","@id":"https:\/\/blogdoprosperi.com\/?p=51075","url":"https:\/\/blogdoprosperi.com\/?p=51075","name":"#Cr\u00f4nicaSab\u00e1tica #23| Abel, Enfim, Apresenta Sua Revolu\u00e7\u00e3o aos Europeus - PR\u00d3SPERI NEWS","isPartOf":{"@id":"https:\/\/blogdoprosperi.com\/#website"},"primaryImageOfPage":{"@id":"https:\/\/blogdoprosperi.com\/?p=51075#primaryimage"},"image":{"@id":"https:\/\/blogdoprosperi.com\/?p=51075#primaryimage"},"thumbnailUrl":"https:\/\/i0.wp.com\/blogdoprosperi.com\/wp-content\/uploads\/2025\/06\/captura-de-tela-2025-06-13-as-23.52.09.png?fit=1394%2C898&ssl=1","datePublished":"2025-06-14T13:03:12+00:00","dateModified":"2025-06-14T13:13:13+00:00","breadcrumb":{"@id":"https:\/\/blogdoprosperi.com\/?p=51075#breadcrumb"},"inLanguage":"pt-BR","potentialAction":[{"@type":"ReadAction","target":["https:\/\/blogdoprosperi.com\/?p=51075"]}]},{"@type":"ImageObject","inLanguage":"pt-BR","@id":"https:\/\/blogdoprosperi.com\/?p=51075#primaryimage","url":"https:\/\/i0.wp.com\/blogdoprosperi.com\/wp-content\/uploads\/2025\/06\/captura-de-tela-2025-06-13-as-23.52.09.png?fit=1394%2C898&ssl=1","contentUrl":"https:\/\/i0.wp.com\/blogdoprosperi.com\/wp-content\/uploads\/2025\/06\/captura-de-tela-2025-06-13-as-23.52.09.png?fit=1394%2C898&ssl=1","width":1394,"height":898,"caption":"Abel Ferreira apresenta sua revolu\u00e7\u00e3o \u2013 foto: Palmeiras oficial"},{"@type":"BreadcrumbList","@id":"https:\/\/blogdoprosperi.com\/?p=51075#breadcrumb","itemListElement":[{"@type":"ListItem","position":1,"name":"In\u00edcio","item":"https:\/\/blogdoprosperi.com\/"},{"@type":"ListItem","position":2,"name":"#Cr\u00f4nicaSab\u00e1tica #23| Abel, Enfim, Apresenta Sua Revolu\u00e7\u00e3o aos Europeus"}]},{"@type":"WebSite","@id":"https:\/\/blogdoprosperi.com\/#website","url":"https:\/\/blogdoprosperi.com\/","name":"PR\u00d3SPERI NEWS","description":"TUDO \u00c9  FUTEBOL","publisher":{"@id":"https:\/\/blogdoprosperi.com\/#\/schema\/person\/38100755ce3601861ee4fab9b5aa78e9"},"alternateName":"blogdoprosperi.com","potentialAction":[{"@type":"SearchAction","target":{"@type":"EntryPoint","urlTemplate":"https:\/\/blogdoprosperi.com\/?s={search_term_string}"},"query-input":{"@type":"PropertyValueSpecification","valueRequired":true,"valueName":"search_term_string"}}],"inLanguage":"pt-BR"},{"@type":["Person","Organization"],"@id":"https:\/\/blogdoprosperi.com\/#\/schema\/person\/38100755ce3601861ee4fab9b5aa78e9","name":"Luiz Ant\u00f4nio Pr\u00f3speri","pronouns":"ele","image":{"@type":"ImageObject","inLanguage":"pt-BR","@id":"https:\/\/i0.wp.com\/blogdoprosperi.com\/wp-content\/uploads\/2026\/05\/cropped-8059e613-6002-42fa-961e-8e275f575d71-2-5.jpg?fit=1360%2C931&ssl=1","url":"https:\/\/i0.wp.com\/blogdoprosperi.com\/wp-content\/uploads\/2026\/05\/cropped-8059e613-6002-42fa-961e-8e275f575d71-2-5.jpg?fit=1360%2C931&ssl=1","contentUrl":"https:\/\/i0.wp.com\/blogdoprosperi.com\/wp-content\/uploads\/2026\/05\/cropped-8059e613-6002-42fa-961e-8e275f575d71-2-5.jpg?fit=1360%2C931&ssl=1","width":1360,"height":931,"caption":"Luiz Ant\u00f4nio Pr\u00f3speri"},"logo":{"@id":"https:\/\/i0.wp.com\/blogdoprosperi.com\/wp-content\/uploads\/2026\/05\/cropped-8059e613-6002-42fa-961e-8e275f575d71-2-5.jpg?fit=1360%2C931&ssl=1"},"description":"Jornalista com carreira dedicada ao esporte. Cobriu 9 Copas do Mundo in loco, 1990 na It\u00e1lia, 1994 nos EUA, 1998 na Fran\u00e7a, 2002 na Coreia do Sul e Jap\u00e3o, 2006 na Alemanha, 2010 na \u00c1frica do Sul, 2014 no Brasil, 2018 na R\u00fassia e 2022 no Qatar. Eurocopas, 1992 na Su\u00e9cia e 1996 na Inglaterra. Copa das Confedera\u00e7\u00f5es de 2005 na Alemanha e 2009 na \u00c1frica do Sul. Rep\u00f3rter e Editor, trabalhou no Jornal da Tarde e Estad\u00e3o, de 1984 a fevereiro de 2016. Colunista, blogueiro. E comentarista de futebol na R\u00e1dio Estad\u00e3o, de 2013 a fevereiro de 2016. Jornalista respons\u00e1vel do \"Pr\u00f3speri News\" (blogdoprosperi.com).","sameAs":["http:\/\/blogdoprosperi.com","Luiz Pr\u00f3speri","@luiz_prosperi","https:\/\/x.com\/Luizprosperi","@prosperinacopa","luiz.prosperi@icloud.com"],"url":"https:\/\/blogdoprosperi.com\/?author=102107496"}]}},"jetpack_publicize_connections":[],"jetpack_likes_enabled":false,"jetpack_sharing_enabled":true,"jetpack_shortlink":"https:\/\/wp.me\/p7jvdk-dhN","jetpack-related-posts":[{"id":51181,"url":"https:\/\/blogdoprosperi.com\/?p=51181","url_meta":{"origin":51075,"position":0},"title":"Palmeiras Lamenta Empate Sem Gols Contra Porto na Estreia no Mundial de Clubes","author":"Luiz Ant\u00f4nio Pr\u00f3speri","date":"15 de junho de 2025","format":false,"excerpt":"Luiz Ant\u00f4nio Pr\u00f3speri \u2013 15 junho (21h30) \u2013 Palmeiras empata sem gols contra Porto na estreia no Mundial de Clubes. Lamenta. Deveria ir al\u00e9m de chorar oportunidades perdidas e, sim, colocar o feixe de nervos no lugar diante da ansiedade de vencer a todo custo. Tem time para sustentar a\u2026","rel":"","context":"Em &quot;futebol&quot;","block_context":{"text":"futebol","link":"https:\/\/blogdoprosperi.com\/?cat=53870"},"img":{"alt_text":"Palmeiras lamenta empate sem gols com Porto","src":"https:\/\/i0.wp.com\/blogdoprosperi.com\/wp-content\/uploads\/2025\/06\/54590872522_5443323032_c.jpg?fit=800%2C450&ssl=1&resize=350%2C200","width":350,"height":200,"srcset":"https:\/\/i0.wp.com\/blogdoprosperi.com\/wp-content\/uploads\/2025\/06\/54590872522_5443323032_c.jpg?fit=800%2C450&ssl=1&resize=350%2C200 1x, https:\/\/i0.wp.com\/blogdoprosperi.com\/wp-content\/uploads\/2025\/06\/54590872522_5443323032_c.jpg?fit=800%2C450&ssl=1&resize=525%2C300 1.5x, https:\/\/i0.wp.com\/blogdoprosperi.com\/wp-content\/uploads\/2025\/06\/54590872522_5443323032_c.jpg?fit=800%2C450&ssl=1&resize=700%2C400 2x"},"classes":[]},{"id":51201,"url":"https:\/\/blogdoprosperi.com\/?p=51201","url_meta":{"origin":51075,"position":1},"title":"Mundial de Clubes | Abel Ferreira: &#8220;Fomos Superiores e Futebol \u00c9 Assim, Ganha Quem Faz Gol&#8221;","author":"Luiz Ant\u00f4nio Pr\u00f3speri","date":"15 de junho de 2025","format":false,"excerpt":"Acompanhe coletiva de Abel Ferreira \u2013 Palmeiras 0 a 0 Porto: \"Posso dizer que fomos bem superiores ao Porto, pressionamos a sa\u00edda deles, conseguimos criar chance de gol. Estev\u00e3o chutou para fora, outra de transi\u00e7\u00e3o com o Est\u00eav\u00e3o, outra que o goleiro tirou quase na linha. Fomos superiores e futebol\u2026","rel":"","context":"Em &quot;futebol&quot;","block_context":{"text":"futebol","link":"https:\/\/blogdoprosperi.com\/?cat=53870"},"img":{"alt_text":"Palmeiras 0 a 0 Porto. Abel lamenta.","src":"https:\/\/i0.wp.com\/blogdoprosperi.com\/wp-content\/uploads\/2025\/06\/54591751216_004973a27c_c.jpg?fit=800%2C450&ssl=1&resize=350%2C200","width":350,"height":200,"srcset":"https:\/\/i0.wp.com\/blogdoprosperi.com\/wp-content\/uploads\/2025\/06\/54591751216_004973a27c_c.jpg?fit=800%2C450&ssl=1&resize=350%2C200 1x, https:\/\/i0.wp.com\/blogdoprosperi.com\/wp-content\/uploads\/2025\/06\/54591751216_004973a27c_c.jpg?fit=800%2C450&ssl=1&resize=525%2C300 1.5x, https:\/\/i0.wp.com\/blogdoprosperi.com\/wp-content\/uploads\/2025\/06\/54591751216_004973a27c_c.jpg?fit=800%2C450&ssl=1&resize=700%2C400 2x"},"classes":[]},{"id":51438,"url":"https:\/\/blogdoprosperi.com\/?p=51438","url_meta":{"origin":51075,"position":2},"title":"Abel Ferreira Coletiva | &#8220;Eu Digo aos Jogadores e Digo a Ti: Como Pode Ter Peso Jogar um Mundial de Clubes?&#8221;","author":"Luiz Ant\u00f4nio Pr\u00f3speri","date":"19 de junho de 2025","format":false,"excerpt":"Abel Ferreira projeta Palmeiras x Al Ahly. Acompanhe a coletiva do treinador do Palmeiras pr\u00e9-jogo:","rel":"","context":"Em &quot;futebol&quot;","block_context":{"text":"futebol","link":"https:\/\/blogdoprosperi.com\/?cat=53870"},"img":{"alt_text":"Palmeiras x Al Ahly Mundial de Clubes","src":"https:\/\/i0.wp.com\/blogdoprosperi.com\/wp-content\/uploads\/2025\/06\/593840701-abel-ferreira.webp?fit=774%2C436&ssl=1&resize=350%2C200","width":350,"height":200,"srcset":"https:\/\/i0.wp.com\/blogdoprosperi.com\/wp-content\/uploads\/2025\/06\/593840701-abel-ferreira.webp?fit=774%2C436&ssl=1&resize=350%2C200 1x, https:\/\/i0.wp.com\/blogdoprosperi.com\/wp-content\/uploads\/2025\/06\/593840701-abel-ferreira.webp?fit=774%2C436&ssl=1&resize=525%2C300 1.5x, https:\/\/i0.wp.com\/blogdoprosperi.com\/wp-content\/uploads\/2025\/06\/593840701-abel-ferreira.webp?fit=774%2C436&ssl=1&resize=700%2C400 2x"},"classes":[]},{"id":46726,"url":"https:\/\/blogdoprosperi.com\/?p=46726","url_meta":{"origin":51075,"position":3},"title":"Palmeiras Encara Messi, Porto e Time do Egito em Grupo Tranquilo no Mundial de Clubes 2025","author":"Luiz Ant\u00f4nio Pr\u00f3speri","date":"5 de dezembro de 2024","format":false,"excerpt":"Luiz Ant\u00f4nio Pr\u00f3speri \u2013 5 dezembro (16h51) \u2013 Palmeiras entra no Grupo A com Porto (Portugal), Internacional Miami de Lionel Messi e Al Haly (Egito). Time de Abel Ferreira estreia contra o Porto. Enfrenta o Al Haly no segundo jogo e fecha fase de grupos contra o Inter do craque\u2026","rel":"","context":"Em &quot;futebol&quot;","block_context":{"text":"futebol","link":"https:\/\/blogdoprosperi.com\/?cat=53870"},"img":{"alt_text":"","src":"https:\/\/i0.wp.com\/blogdoprosperi.com\/wp-content\/uploads\/2024\/12\/captura-de-tela-2024-12-05-as-16.50.07.png?fit=1134%2C1092&ssl=1&resize=350%2C200","width":350,"height":200,"srcset":"https:\/\/i0.wp.com\/blogdoprosperi.com\/wp-content\/uploads\/2024\/12\/captura-de-tela-2024-12-05-as-16.50.07.png?fit=1134%2C1092&ssl=1&resize=350%2C200 1x, https:\/\/i0.wp.com\/blogdoprosperi.com\/wp-content\/uploads\/2024\/12\/captura-de-tela-2024-12-05-as-16.50.07.png?fit=1134%2C1092&ssl=1&resize=525%2C300 1.5x, https:\/\/i0.wp.com\/blogdoprosperi.com\/wp-content\/uploads\/2024\/12\/captura-de-tela-2024-12-05-as-16.50.07.png?fit=1134%2C1092&ssl=1&resize=700%2C400 2x, https:\/\/i0.wp.com\/blogdoprosperi.com\/wp-content\/uploads\/2024\/12\/captura-de-tela-2024-12-05-as-16.50.07.png?fit=1134%2C1092&ssl=1&resize=1050%2C600 3x"},"classes":[]},{"id":51817,"url":"https:\/\/blogdoprosperi.com\/?p=51817","url_meta":{"origin":51075,"position":4},"title":"Mundial de Clubes | V\u00eddeo:  Palmeiras 2 a 2 Inter Miami \u2013 Melhores Momentos","author":"Luiz Ant\u00f4nio Pr\u00f3speri","date":"24 de junho de 2025","format":false,"excerpt":"Acompanhe os melhores momentos de Palmeiras 2 a 2 Inter Miami. Palmeiras se classifica em primeiro no Grupo A, Inter de Messi, em segundo. V\u00eddeo oficial Fifa: Clique aqui: https:\/\/www.fifa.com\/pt\/watch\/7uh10CA3Xov9jiW4O5nZxT","rel":"","context":"Em &quot;futebol&quot;","block_context":{"text":"futebol","link":"https:\/\/blogdoprosperi.com\/?cat=53870"},"img":{"alt_text":"Palmeiras 2 a 2 Inter Miami \u2013 Mundial de Clubes","src":"https:\/\/i0.wp.com\/blogdoprosperi.com\/wp-content\/uploads\/2025\/06\/captura-de-tela-2025-06-24-as-10.51.29.png?fit=1200%2C727&ssl=1&resize=350%2C200","width":350,"height":200,"srcset":"https:\/\/i0.wp.com\/blogdoprosperi.com\/wp-content\/uploads\/2025\/06\/captura-de-tela-2025-06-24-as-10.51.29.png?fit=1200%2C727&ssl=1&resize=350%2C200 1x, https:\/\/i0.wp.com\/blogdoprosperi.com\/wp-content\/uploads\/2025\/06\/captura-de-tela-2025-06-24-as-10.51.29.png?fit=1200%2C727&ssl=1&resize=525%2C300 1.5x, https:\/\/i0.wp.com\/blogdoprosperi.com\/wp-content\/uploads\/2025\/06\/captura-de-tela-2025-06-24-as-10.51.29.png?fit=1200%2C727&ssl=1&resize=700%2C400 2x, https:\/\/i0.wp.com\/blogdoprosperi.com\/wp-content\/uploads\/2025\/06\/captura-de-tela-2025-06-24-as-10.51.29.png?fit=1200%2C727&ssl=1&resize=1050%2C600 3x"},"classes":[]},{"id":53422,"url":"https:\/\/blogdoprosperi.com\/?p=53422","url_meta":{"origin":51075,"position":5},"title":"Palmeiras | Entenda a Quarta Remontada de Abel Ferreira em 2025","author":"Luiz Ant\u00f4nio Pr\u00f3speri","date":"15 de julho de 2025","format":false,"excerpt":"Luiz Ant\u00f4nio Pr\u00f3speri \u2013 15 julho (12h21) \u2013 Ram\u00f3n Sosa, 25 anos, contratado a R$ 80 milh\u00f5es do Nottingham Forest, chega para preencher uma vaga no ataque do Palmeiras. Apresentado segunda-feira (14\/7), o paraguaio seria o substituto de Estev\u00e3o, hoje no Chelsea. N\u00e3o \u00e9 bem assim. Sosa vai entrar no\u2026","rel":"","context":"Em &quot;brasileir\u00e3o 2025&quot;","block_context":{"text":"brasileir\u00e3o 2025","link":"https:\/\/blogdoprosperi.com\/?cat=775970846"},"img":{"alt_text":"Ram\u00f3n Sosa, novo refor\u00e7o do Palmeiras","src":"https:\/\/i0.wp.com\/blogdoprosperi.com\/wp-content\/uploads\/2025\/07\/54653699472_b35428751b_c.jpg?fit=800%2C450&ssl=1&resize=350%2C200","width":350,"height":200,"srcset":"https:\/\/i0.wp.com\/blogdoprosperi.com\/wp-content\/uploads\/2025\/07\/54653699472_b35428751b_c.jpg?fit=800%2C450&ssl=1&resize=350%2C200 1x, https:\/\/i0.wp.com\/blogdoprosperi.com\/wp-content\/uploads\/2025\/07\/54653699472_b35428751b_c.jpg?fit=800%2C450&ssl=1&resize=525%2C300 1.5x, https:\/\/i0.wp.com\/blogdoprosperi.com\/wp-content\/uploads\/2025\/07\/54653699472_b35428751b_c.jpg?fit=800%2C450&ssl=1&resize=700%2C400 2x"},"classes":[]}],"jetpack_featured_media_url":"https:\/\/i0.wp.com\/blogdoprosperi.com\/wp-content\/uploads\/2025\/06\/captura-de-tela-2025-06-13-as-23.52.09.png?fit=1394%2C898&ssl=1","_links":{"self":[{"href":"https:\/\/blogdoprosperi.com\/index.php?rest_route=\/wp\/v2\/posts\/51075","targetHints":{"allow":["GET"]}}],"collection":[{"href":"https:\/\/blogdoprosperi.com\/index.php?rest_route=\/wp\/v2\/posts"}],"about":[{"href":"https:\/\/blogdoprosperi.com\/index.php?rest_route=\/wp\/v2\/types\/post"}],"author":[{"embeddable":true,"href":"https:\/\/blogdoprosperi.com\/index.php?rest_route=\/wp\/v2\/users\/102107496"}],"replies":[{"embeddable":true,"href":"https:\/\/blogdoprosperi.com\/index.php?rest_route=%2Fwp%2Fv2%2Fcomments&post=51075"}],"version-history":[{"count":12,"href":"https:\/\/blogdoprosperi.com\/index.php?rest_route=\/wp\/v2\/posts\/51075\/revisions"}],"predecessor-version":[{"id":51105,"href":"https:\/\/blogdoprosperi.com\/index.php?rest_route=\/wp\/v2\/posts\/51075\/revisions\/51105"}],"wp:featuredmedia":[{"embeddable":true,"href":"https:\/\/blogdoprosperi.com\/index.php?rest_route=\/wp\/v2\/media\/51079"}],"wp:attachment":[{"href":"https:\/\/blogdoprosperi.com\/index.php?rest_route=%2Fwp%2Fv2%2Fmedia&parent=51075"}],"wp:term":[{"taxonomy":"category","embeddable":true,"href":"https:\/\/blogdoprosperi.com\/index.php?rest_route=%2Fwp%2Fv2%2Fcategories&post=51075"},{"taxonomy":"post_tag","embeddable":true,"href":"https:\/\/blogdoprosperi.com\/index.php?rest_route=%2Fwp%2Fv2%2Ftags&post=51075"}],"curies":[{"name":"wp","href":"https:\/\/api.w.org\/{rel}","templated":true}]}}