{"id":51181,"date":"2025-06-15T21:35:18","date_gmt":"2025-06-16T00:35:18","guid":{"rendered":"https:\/\/blogdoprosperi.com\/?p=51181"},"modified":"2025-06-15T21:42:18","modified_gmt":"2025-06-16T00:42:18","slug":"palmeiras-lamenta-empate-sem-gols-contra-porto-na-estreia-no-mundial-de-clubes","status":"publish","type":"post","link":"https:\/\/blogdoprosperi.com\/?p=51181","title":{"rendered":"Palmeiras Lamenta Empate Sem Gols Contra Porto na Estreia no Mundial de Clubes"},"content":{"rendered":"<p><em>Luiz Ant\u00f4nio Pr\u00f3speri \u2013 15 junho (21h30) \u2013<\/em><\/p>\n<p>Palmeiras empata sem gols contra Porto na estreia no Mundial de Clubes. Lamenta. Deveria ir al\u00e9m de chorar oportunidades perdidas e, sim, colocar o feixe de nervos no lugar diante da ansiedade de vencer a todo custo. Tem time para sustentar a ilus\u00e3o.<\/p>\n<p>Primeiro tempo tenso. Palmeiras arrojado, em cima do Porto, a tal press\u00e3o na sa\u00edda de bola fustigando inimigo portugu\u00eas. Funciona nos 15 minutos iniciais a ponto de Estev\u00e3o perder gol por falta de pontaria em lance com Vitor Roque.<\/p>\n<p>Assustado diante da ousadia de um time sul-americano contra um europeu, Porto recobra sentidos, se acalma e sai em busca de seu espa\u00e7o no ataque na for\u00e7a do centroavante Samu e talento leve de Rodrigo Mora. Jogo, antes pendendo ao Palmeiras, se equilibra.<\/p>\n<p>Curso do rio muda quando Abel Ferreira faz uma invers\u00e3o no ataque. Estev\u00e3o ocupa setor esquerdo e Maur\u00edcio, o direito. Arruma\u00e7\u00e3o ofensiva confunde marca\u00e7\u00e3o do time portugu\u00eas. E o Palmeiras assombra mais uma vez com duas boas oportunidades de gol. No minuto final, em um mesmo lance, o gol n\u00e3o sai por capricho com Estev\u00e3o e depois Rios.<\/p>\n<p>Naquele momento, os nervos estavam mais alinhados. Ansiedade um tanto controlada. Mas era preciso mais.<\/p>\n<p>No segundo tempo, Porto se apruma, mas incomoda Weverton em apenas um lance em chute de Fabio Vieira. E para por a\u00ed.<\/p>\n<p>Abel troca por atacado. Saem Estev\u00e3o, Felipe Anderson e Maur\u00edcio. Entram Raphael Veiga, Paulinho e Allan. Time restabelece hierarquia.<\/p>\n<p>Empurrado por sua torcida em grande n\u00famero no Metal Life. Encantoa o time portugu\u00eas. Empilha lances na zona de gol. Esfarela o rival no item condi\u00e7\u00e3o f\u00edsica. Obriga goleiro Claudio Ramos \u00e0 boas defesas. E o gol n\u00e3o sai.<\/p>\n<p>\u00c9 hora de lamentar a chance perdida de garantir tr\u00eas pontos na estreia no Mundial de Clubes.<\/p>\n<p>Palmeiras tem lastro para ir um pouco mais longe no Mundial. O que faltou no primeiro jogo, pode sobrar no segundo. Merecia vencer o Porto.<\/p>\n<p><strong>Quem foi bem:<\/strong><\/p>\n<p>Weverton, Gustavo Gomes, An\u00edbal Moreno, Raphael Veiga, Estev\u00e3o (primeiro tempo) e Piquerez<\/p>\n<p><strong>Quem destoou<\/strong><\/p>\n<p>Felipe Anderson, Maur\u00edcio, Giay, Richard Rios,<\/p>\n","protected":false},"excerpt":{"rendered":"<p>Luiz Ant\u00f4nio Pr\u00f3speri \u2013 15 junho (21h30) \u2013 Palmeiras empata sem gols contra Porto na estreia no Mundial [&hellip;]<\/p>\n","protected":false},"author":102107496,"featured_media":51193,"comment_status":"open","ping_status":"open","sticky":false,"template":"","format":"standard","meta":{"_coblocks_attr":"","_coblocks_dimensions":"","_coblocks_responsive_height":"","_coblocks_accordion_ie_support":"","_jetpack_newsletter_access":"","_jetpack_dont_email_post_to_subs":false,"_jetpack_newsletter_tier_id":0,"_jetpack_memberships_contains_paywalled_content":false,"_wpcom_ai_launchpad_first_post":false,"_jetpack_feature_clip_id":0,"_jetpack_memberships_contains_paid_content":false,"footnotes":"","jetpack_publicize_message":"","jetpack_publicize_feature_enabled":true,"jetpack_social_post_already_shared":false,"jetpack_social_options":{"image_generator_settings":{"template":"highway","default_image_id":0,"font":"","enabled":false},"version":2},"jetpack_post_was_ever_published":false},"categories":[53870,772984667,3919],"tags":[4200771,3151783,789560560,789560568,781841778,4799649],"class_list":["post-51181","post","type-post","status-publish","format-standard","has-post-thumbnail","hentry","category-futebol","category-mundial-de-clubes-2025","category-opiniao","tag-abel-ferreira","tag-estevao","tag-futebol","tag-mundial-de-clubes","tag-palmeiras-x-porto","tag-paulinho"],"yoast_head":"<!-- This site is optimized with the Yoast SEO plugin v28.3 - https:\/\/yoast.com\/product\/yoast-seo-wordpress\/ -->\n<title>Palmeiras Lamenta Empate Sem Gols Contra Porto na Estreia no Mundial de Clubes - PR\u00d3SPERI NEWS<\/title>\n<meta name=\"robots\" content=\"index, follow, max-snippet:-1, max-image-preview:large, max-video-preview:-1\" \/>\n<link rel=\"canonical\" href=\"https:\/\/blogdoprosperi.com\/?p=51181\" \/>\n<meta property=\"og:locale\" content=\"pt_BR\" \/>\n<meta property=\"og:type\" content=\"article\" \/>\n<meta property=\"og:title\" content=\"Palmeiras Lamenta Empate Sem Gols Contra Porto na Estreia no Mundial de Clubes - PR\u00d3SPERI NEWS\" \/>\n<meta property=\"og:description\" content=\"Luiz Ant\u00f4nio Pr\u00f3speri \u2013 15 junho (21h30) \u2013 Palmeiras empata sem gols contra Porto na estreia no Mundial [&hellip;]\" \/>\n<meta property=\"og:url\" content=\"https:\/\/blogdoprosperi.com\/?p=51181\" \/>\n<meta property=\"og:site_name\" content=\"PR\u00d3SPERI NEWS\" \/>\n<meta property=\"article:publisher\" content=\"Luiz Pr\u00f3speri\" \/>\n<meta property=\"article:author\" content=\"Luiz Pr\u00f3speri\" \/>\n<meta property=\"article:published_time\" content=\"2025-06-16T00:35:18+00:00\" \/>\n<meta property=\"article:modified_time\" content=\"2025-06-16T00:42:18+00:00\" \/>\n<meta property=\"og:image\" content=\"https:\/\/i0.wp.com\/blogdoprosperi.com\/wp-content\/uploads\/2025\/06\/54590872522_5443323032_c.jpg?fit=800%2C450&ssl=1\" \/>\n\t<meta property=\"og:image:width\" content=\"800\" \/>\n\t<meta property=\"og:image:height\" content=\"450\" \/>\n\t<meta property=\"og:image:type\" content=\"image\/jpeg\" \/>\n<meta name=\"author\" content=\"Luiz Ant\u00f4nio Pr\u00f3speri\" \/>\n<meta name=\"twitter:card\" content=\"summary_large_image\" \/>\n<meta name=\"twitter:creator\" content=\"@Luizprosperi\" \/>\n<meta name=\"twitter:site\" content=\"@Luizprosperi\" \/>\n<meta name=\"twitter:label1\" content=\"Escrito por\" \/>\n\t<meta name=\"twitter:data1\" content=\"Luiz Ant\u00f4nio Pr\u00f3speri\" \/>\n\t<meta name=\"twitter:label2\" content=\"Est. tempo de leitura\" \/>\n\t<meta name=\"twitter:data2\" content=\"2 minutos\" \/>\n<script type=\"application\/ld+json\" class=\"yoast-schema-graph\">{\"@context\":\"https:\\\/\\\/schema.org\",\"@graph\":[{\"@type\":\"Article\",\"@id\":\"https:\\\/\\\/blogdoprosperi.com\\\/?p=51181#article\",\"isPartOf\":{\"@id\":\"https:\\\/\\\/blogdoprosperi.com\\\/?p=51181\"},\"author\":{\"name\":\"Luiz Ant\u00f4nio Pr\u00f3speri\",\"@id\":\"https:\\\/\\\/blogdoprosperi.com\\\/#\\\/schema\\\/person\\\/38100755ce3601861ee4fab9b5aa78e9\"},\"headline\":\"Palmeiras Lamenta Empate Sem Gols Contra Porto na Estreia no Mundial de Clubes\",\"datePublished\":\"2025-06-16T00:35:18+00:00\",\"dateModified\":\"2025-06-16T00:42:18+00:00\",\"mainEntityOfPage\":{\"@id\":\"https:\\\/\\\/blogdoprosperi.com\\\/?p=51181\"},\"wordCount\":387,\"commentCount\":0,\"publisher\":{\"@id\":\"https:\\\/\\\/blogdoprosperi.com\\\/#\\\/schema\\\/person\\\/38100755ce3601861ee4fab9b5aa78e9\"},\"image\":{\"@id\":\"https:\\\/\\\/blogdoprosperi.com\\\/?p=51181#primaryimage\"},\"thumbnailUrl\":\"https:\\\/\\\/i0.wp.com\\\/blogdoprosperi.com\\\/wp-content\\\/uploads\\\/2025\\\/06\\\/54590872522_5443323032_c.jpg?fit=800%2C450&ssl=1\",\"keywords\":[\"abel ferreira\",\"Estev\u00e3o\",\"futebol\",\"Mundial de Clubes\",\"palmeiras x porto\",\"Paulinho\"],\"articleSection\":[\"futebol\",\"mundial de clubes 2025\",\"opini\u00e3o\"],\"inLanguage\":\"pt-BR\",\"potentialAction\":[{\"@type\":\"CommentAction\",\"name\":\"Comment\",\"target\":[\"https:\\\/\\\/blogdoprosperi.com\\\/?p=51181#respond\"]}]},{\"@type\":\"WebPage\",\"@id\":\"https:\\\/\\\/blogdoprosperi.com\\\/?p=51181\",\"url\":\"https:\\\/\\\/blogdoprosperi.com\\\/?p=51181\",\"name\":\"Palmeiras Lamenta Empate Sem Gols Contra Porto na Estreia no Mundial de Clubes - PR\u00d3SPERI NEWS\",\"isPartOf\":{\"@id\":\"https:\\\/\\\/blogdoprosperi.com\\\/#website\"},\"primaryImageOfPage\":{\"@id\":\"https:\\\/\\\/blogdoprosperi.com\\\/?p=51181#primaryimage\"},\"image\":{\"@id\":\"https:\\\/\\\/blogdoprosperi.com\\\/?p=51181#primaryimage\"},\"thumbnailUrl\":\"https:\\\/\\\/i0.wp.com\\\/blogdoprosperi.com\\\/wp-content\\\/uploads\\\/2025\\\/06\\\/54590872522_5443323032_c.jpg?fit=800%2C450&ssl=1\",\"datePublished\":\"2025-06-16T00:35:18+00:00\",\"dateModified\":\"2025-06-16T00:42:18+00:00\",\"breadcrumb\":{\"@id\":\"https:\\\/\\\/blogdoprosperi.com\\\/?p=51181#breadcrumb\"},\"inLanguage\":\"pt-BR\",\"potentialAction\":[{\"@type\":\"ReadAction\",\"target\":[\"https:\\\/\\\/blogdoprosperi.com\\\/?p=51181\"]}]},{\"@type\":\"ImageObject\",\"inLanguage\":\"pt-BR\",\"@id\":\"https:\\\/\\\/blogdoprosperi.com\\\/?p=51181#primaryimage\",\"url\":\"https:\\\/\\\/i0.wp.com\\\/blogdoprosperi.com\\\/wp-content\\\/uploads\\\/2025\\\/06\\\/54590872522_5443323032_c.jpg?fit=800%2C450&ssl=1\",\"contentUrl\":\"https:\\\/\\\/i0.wp.com\\\/blogdoprosperi.com\\\/wp-content\\\/uploads\\\/2025\\\/06\\\/54590872522_5443323032_c.jpg?fit=800%2C450&ssl=1\",\"width\":800,\"height\":450,\"caption\":\"Richard Rios sofre no empate com Porto\"},{\"@type\":\"BreadcrumbList\",\"@id\":\"https:\\\/\\\/blogdoprosperi.com\\\/?p=51181#breadcrumb\",\"itemListElement\":[{\"@type\":\"ListItem\",\"position\":1,\"name\":\"In\u00edcio\",\"item\":\"https:\\\/\\\/blogdoprosperi.com\\\/\"},{\"@type\":\"ListItem\",\"position\":2,\"name\":\"Palmeiras Lamenta Empate Sem Gols Contra Porto na Estreia no Mundial de Clubes\"}]},{\"@type\":\"WebSite\",\"@id\":\"https:\\\/\\\/blogdoprosperi.com\\\/#website\",\"url\":\"https:\\\/\\\/blogdoprosperi.com\\\/\",\"name\":\"PR\u00d3SPERI NEWS\",\"description\":\"TUDO \u00c9  FUTEBOL\",\"publisher\":{\"@id\":\"https:\\\/\\\/blogdoprosperi.com\\\/#\\\/schema\\\/person\\\/38100755ce3601861ee4fab9b5aa78e9\"},\"alternateName\":\"blogdoprosperi.com\",\"potentialAction\":[{\"@type\":\"SearchAction\",\"target\":{\"@type\":\"EntryPoint\",\"urlTemplate\":\"https:\\\/\\\/blogdoprosperi.com\\\/?s={search_term_string}\"},\"query-input\":{\"@type\":\"PropertyValueSpecification\",\"valueRequired\":true,\"valueName\":\"search_term_string\"}}],\"inLanguage\":\"pt-BR\"},{\"@type\":[\"Person\",\"Organization\"],\"@id\":\"https:\\\/\\\/blogdoprosperi.com\\\/#\\\/schema\\\/person\\\/38100755ce3601861ee4fab9b5aa78e9\",\"name\":\"Luiz Ant\u00f4nio Pr\u00f3speri\",\"pronouns\":\"ele\",\"image\":{\"@type\":\"ImageObject\",\"inLanguage\":\"pt-BR\",\"@id\":\"https:\\\/\\\/i0.wp.com\\\/blogdoprosperi.com\\\/wp-content\\\/uploads\\\/2026\\\/05\\\/cropped-8059e613-6002-42fa-961e-8e275f575d71-2-5.jpg?fit=1360%2C931&ssl=1\",\"url\":\"https:\\\/\\\/i0.wp.com\\\/blogdoprosperi.com\\\/wp-content\\\/uploads\\\/2026\\\/05\\\/cropped-8059e613-6002-42fa-961e-8e275f575d71-2-5.jpg?fit=1360%2C931&ssl=1\",\"contentUrl\":\"https:\\\/\\\/i0.wp.com\\\/blogdoprosperi.com\\\/wp-content\\\/uploads\\\/2026\\\/05\\\/cropped-8059e613-6002-42fa-961e-8e275f575d71-2-5.jpg?fit=1360%2C931&ssl=1\",\"width\":1360,\"height\":931,\"caption\":\"Luiz Ant\u00f4nio Pr\u00f3speri\"},\"logo\":{\"@id\":\"https:\\\/\\\/i0.wp.com\\\/blogdoprosperi.com\\\/wp-content\\\/uploads\\\/2026\\\/05\\\/cropped-8059e613-6002-42fa-961e-8e275f575d71-2-5.jpg?fit=1360%2C931&ssl=1\"},\"description\":\"Jornalista com carreira dedicada ao esporte. Cobriu 9 Copas do Mundo in loco, 1990 na It\u00e1lia, 1994 nos EUA, 1998 na Fran\u00e7a, 2002 na Coreia do Sul e Jap\u00e3o, 2006 na Alemanha, 2010 na \u00c1frica do Sul, 2014 no Brasil, 2018 na R\u00fassia e 2022 no Qatar. Eurocopas, 1992 na Su\u00e9cia e 1996 na Inglaterra. Copa das Confedera\u00e7\u00f5es de 2005 na Alemanha e 2009 na \u00c1frica do Sul. Rep\u00f3rter e Editor, trabalhou no Jornal da Tarde e Estad\u00e3o, de 1984 a fevereiro de 2016. Colunista, blogueiro. E comentarista de futebol na R\u00e1dio Estad\u00e3o, de 2013 a fevereiro de 2016. Jornalista respons\u00e1vel do \\\"Pr\u00f3speri News\\\" (blogdoprosperi.com).\",\"sameAs\":[\"http:\\\/\\\/blogdoprosperi.com\",\"Luiz Pr\u00f3speri\",\"@luiz_prosperi\",\"https:\\\/\\\/x.com\\\/Luizprosperi\",\"@prosperinacopa\",\"luiz.prosperi@icloud.com\"],\"url\":\"https:\\\/\\\/blogdoprosperi.com\\\/?author=102107496\"}]}<\/script>\n<!-- \/ Yoast SEO plugin. -->","yoast_head_json":{"title":"Palmeiras Lamenta Empate Sem Gols Contra Porto na Estreia no Mundial de Clubes - PR\u00d3SPERI NEWS","robots":{"index":"index","follow":"follow","max-snippet":"max-snippet:-1","max-image-preview":"max-image-preview:large","max-video-preview":"max-video-preview:-1"},"canonical":"https:\/\/blogdoprosperi.com\/?p=51181","og_locale":"pt_BR","og_type":"article","og_title":"Palmeiras Lamenta Empate Sem Gols Contra Porto na Estreia no Mundial de Clubes - PR\u00d3SPERI NEWS","og_description":"Luiz Ant\u00f4nio Pr\u00f3speri \u2013 15 junho (21h30) \u2013 Palmeiras empata sem gols contra Porto na estreia no Mundial [&hellip;]","og_url":"https:\/\/blogdoprosperi.com\/?p=51181","og_site_name":"PR\u00d3SPERI NEWS","article_publisher":"Luiz Pr\u00f3speri","article_author":"Luiz Pr\u00f3speri","article_published_time":"2025-06-16T00:35:18+00:00","article_modified_time":"2025-06-16T00:42:18+00:00","og_image":[{"width":800,"height":450,"url":"https:\/\/i0.wp.com\/blogdoprosperi.com\/wp-content\/uploads\/2025\/06\/54590872522_5443323032_c.jpg?fit=800%2C450&ssl=1","type":"image\/jpeg"}],"author":"Luiz Ant\u00f4nio Pr\u00f3speri","twitter_card":"summary_large_image","twitter_creator":"@Luizprosperi","twitter_site":"@Luizprosperi","twitter_misc":{"Escrito por":"Luiz Ant\u00f4nio Pr\u00f3speri","Est. tempo de leitura":"2 minutos"},"schema":{"@context":"https:\/\/schema.org","@graph":[{"@type":"Article","@id":"https:\/\/blogdoprosperi.com\/?p=51181#article","isPartOf":{"@id":"https:\/\/blogdoprosperi.com\/?p=51181"},"author":{"name":"Luiz Ant\u00f4nio Pr\u00f3speri","@id":"https:\/\/blogdoprosperi.com\/#\/schema\/person\/38100755ce3601861ee4fab9b5aa78e9"},"headline":"Palmeiras Lamenta Empate Sem Gols Contra Porto na Estreia no Mundial de Clubes","datePublished":"2025-06-16T00:35:18+00:00","dateModified":"2025-06-16T00:42:18+00:00","mainEntityOfPage":{"@id":"https:\/\/blogdoprosperi.com\/?p=51181"},"wordCount":387,"commentCount":0,"publisher":{"@id":"https:\/\/blogdoprosperi.com\/#\/schema\/person\/38100755ce3601861ee4fab9b5aa78e9"},"image":{"@id":"https:\/\/blogdoprosperi.com\/?p=51181#primaryimage"},"thumbnailUrl":"https:\/\/i0.wp.com\/blogdoprosperi.com\/wp-content\/uploads\/2025\/06\/54590872522_5443323032_c.jpg?fit=800%2C450&ssl=1","keywords":["abel ferreira","Estev\u00e3o","futebol","Mundial de Clubes","palmeiras x porto","Paulinho"],"articleSection":["futebol","mundial de clubes 2025","opini\u00e3o"],"inLanguage":"pt-BR","potentialAction":[{"@type":"CommentAction","name":"Comment","target":["https:\/\/blogdoprosperi.com\/?p=51181#respond"]}]},{"@type":"WebPage","@id":"https:\/\/blogdoprosperi.com\/?p=51181","url":"https:\/\/blogdoprosperi.com\/?p=51181","name":"Palmeiras Lamenta Empate Sem Gols Contra Porto na Estreia no Mundial de Clubes - PR\u00d3SPERI NEWS","isPartOf":{"@id":"https:\/\/blogdoprosperi.com\/#website"},"primaryImageOfPage":{"@id":"https:\/\/blogdoprosperi.com\/?p=51181#primaryimage"},"image":{"@id":"https:\/\/blogdoprosperi.com\/?p=51181#primaryimage"},"thumbnailUrl":"https:\/\/i0.wp.com\/blogdoprosperi.com\/wp-content\/uploads\/2025\/06\/54590872522_5443323032_c.jpg?fit=800%2C450&ssl=1","datePublished":"2025-06-16T00:35:18+00:00","dateModified":"2025-06-16T00:42:18+00:00","breadcrumb":{"@id":"https:\/\/blogdoprosperi.com\/?p=51181#breadcrumb"},"inLanguage":"pt-BR","potentialAction":[{"@type":"ReadAction","target":["https:\/\/blogdoprosperi.com\/?p=51181"]}]},{"@type":"ImageObject","inLanguage":"pt-BR","@id":"https:\/\/blogdoprosperi.com\/?p=51181#primaryimage","url":"https:\/\/i0.wp.com\/blogdoprosperi.com\/wp-content\/uploads\/2025\/06\/54590872522_5443323032_c.jpg?fit=800%2C450&ssl=1","contentUrl":"https:\/\/i0.wp.com\/blogdoprosperi.com\/wp-content\/uploads\/2025\/06\/54590872522_5443323032_c.jpg?fit=800%2C450&ssl=1","width":800,"height":450,"caption":"Richard Rios sofre no empate com Porto"},{"@type":"BreadcrumbList","@id":"https:\/\/blogdoprosperi.com\/?p=51181#breadcrumb","itemListElement":[{"@type":"ListItem","position":1,"name":"In\u00edcio","item":"https:\/\/blogdoprosperi.com\/"},{"@type":"ListItem","position":2,"name":"Palmeiras Lamenta Empate Sem Gols Contra Porto na Estreia no Mundial de Clubes"}]},{"@type":"WebSite","@id":"https:\/\/blogdoprosperi.com\/#website","url":"https:\/\/blogdoprosperi.com\/","name":"PR\u00d3SPERI NEWS","description":"TUDO \u00c9  FUTEBOL","publisher":{"@id":"https:\/\/blogdoprosperi.com\/#\/schema\/person\/38100755ce3601861ee4fab9b5aa78e9"},"alternateName":"blogdoprosperi.com","potentialAction":[{"@type":"SearchAction","target":{"@type":"EntryPoint","urlTemplate":"https:\/\/blogdoprosperi.com\/?s={search_term_string}"},"query-input":{"@type":"PropertyValueSpecification","valueRequired":true,"valueName":"search_term_string"}}],"inLanguage":"pt-BR"},{"@type":["Person","Organization"],"@id":"https:\/\/blogdoprosperi.com\/#\/schema\/person\/38100755ce3601861ee4fab9b5aa78e9","name":"Luiz Ant\u00f4nio Pr\u00f3speri","pronouns":"ele","image":{"@type":"ImageObject","inLanguage":"pt-BR","@id":"https:\/\/i0.wp.com\/blogdoprosperi.com\/wp-content\/uploads\/2026\/05\/cropped-8059e613-6002-42fa-961e-8e275f575d71-2-5.jpg?fit=1360%2C931&ssl=1","url":"https:\/\/i0.wp.com\/blogdoprosperi.com\/wp-content\/uploads\/2026\/05\/cropped-8059e613-6002-42fa-961e-8e275f575d71-2-5.jpg?fit=1360%2C931&ssl=1","contentUrl":"https:\/\/i0.wp.com\/blogdoprosperi.com\/wp-content\/uploads\/2026\/05\/cropped-8059e613-6002-42fa-961e-8e275f575d71-2-5.jpg?fit=1360%2C931&ssl=1","width":1360,"height":931,"caption":"Luiz Ant\u00f4nio Pr\u00f3speri"},"logo":{"@id":"https:\/\/i0.wp.com\/blogdoprosperi.com\/wp-content\/uploads\/2026\/05\/cropped-8059e613-6002-42fa-961e-8e275f575d71-2-5.jpg?fit=1360%2C931&ssl=1"},"description":"Jornalista com carreira dedicada ao esporte. Cobriu 9 Copas do Mundo in loco, 1990 na It\u00e1lia, 1994 nos EUA, 1998 na Fran\u00e7a, 2002 na Coreia do Sul e Jap\u00e3o, 2006 na Alemanha, 2010 na \u00c1frica do Sul, 2014 no Brasil, 2018 na R\u00fassia e 2022 no Qatar. Eurocopas, 1992 na Su\u00e9cia e 1996 na Inglaterra. Copa das Confedera\u00e7\u00f5es de 2005 na Alemanha e 2009 na \u00c1frica do Sul. Rep\u00f3rter e Editor, trabalhou no Jornal da Tarde e Estad\u00e3o, de 1984 a fevereiro de 2016. Colunista, blogueiro. E comentarista de futebol na R\u00e1dio Estad\u00e3o, de 2013 a fevereiro de 2016. Jornalista respons\u00e1vel do \"Pr\u00f3speri News\" (blogdoprosperi.com).","sameAs":["http:\/\/blogdoprosperi.com","Luiz Pr\u00f3speri","@luiz_prosperi","https:\/\/x.com\/Luizprosperi","@prosperinacopa","luiz.prosperi@icloud.com"],"url":"https:\/\/blogdoprosperi.com\/?author=102107496"}]}},"jetpack_publicize_connections":[],"jetpack_likes_enabled":false,"jetpack_sharing_enabled":true,"jetpack_shortlink":"https:\/\/wp.me\/p7jvdk-djv","jetpack-related-posts":[{"id":46726,"url":"https:\/\/blogdoprosperi.com\/?p=46726","url_meta":{"origin":51181,"position":0},"title":"Palmeiras Encara Messi, Porto e Time do Egito em Grupo Tranquilo no Mundial de Clubes 2025","author":"Luiz Ant\u00f4nio Pr\u00f3speri","date":"5 de dezembro de 2024","format":false,"excerpt":"Luiz Ant\u00f4nio Pr\u00f3speri \u2013 5 dezembro (16h51) \u2013 Palmeiras entra no Grupo A com Porto (Portugal), Internacional Miami de Lionel Messi e Al Haly (Egito). Time de Abel Ferreira estreia contra o Porto. Enfrenta o Al Haly no segundo jogo e fecha fase de grupos contra o Inter do craque\u2026","rel":"","context":"Em &quot;futebol&quot;","block_context":{"text":"futebol","link":"https:\/\/blogdoprosperi.com\/?cat=53870"},"img":{"alt_text":"","src":"https:\/\/i0.wp.com\/blogdoprosperi.com\/wp-content\/uploads\/2024\/12\/captura-de-tela-2024-12-05-as-16.50.07.png?fit=1134%2C1092&ssl=1&resize=350%2C200","width":350,"height":200,"srcset":"https:\/\/i0.wp.com\/blogdoprosperi.com\/wp-content\/uploads\/2024\/12\/captura-de-tela-2024-12-05-as-16.50.07.png?fit=1134%2C1092&ssl=1&resize=350%2C200 1x, https:\/\/i0.wp.com\/blogdoprosperi.com\/wp-content\/uploads\/2024\/12\/captura-de-tela-2024-12-05-as-16.50.07.png?fit=1134%2C1092&ssl=1&resize=525%2C300 1.5x, https:\/\/i0.wp.com\/blogdoprosperi.com\/wp-content\/uploads\/2024\/12\/captura-de-tela-2024-12-05-as-16.50.07.png?fit=1134%2C1092&ssl=1&resize=700%2C400 2x, https:\/\/i0.wp.com\/blogdoprosperi.com\/wp-content\/uploads\/2024\/12\/captura-de-tela-2024-12-05-as-16.50.07.png?fit=1134%2C1092&ssl=1&resize=1050%2C600 3x"},"classes":[]},{"id":51201,"url":"https:\/\/blogdoprosperi.com\/?p=51201","url_meta":{"origin":51181,"position":1},"title":"Mundial de Clubes | Abel Ferreira: &#8220;Fomos Superiores e Futebol \u00c9 Assim, Ganha Quem Faz Gol&#8221;","author":"Luiz Ant\u00f4nio Pr\u00f3speri","date":"15 de junho de 2025","format":false,"excerpt":"Acompanhe coletiva de Abel Ferreira \u2013 Palmeiras 0 a 0 Porto: \"Posso dizer que fomos bem superiores ao Porto, pressionamos a sa\u00edda deles, conseguimos criar chance de gol. Estev\u00e3o chutou para fora, outra de transi\u00e7\u00e3o com o Est\u00eav\u00e3o, outra que o goleiro tirou quase na linha. Fomos superiores e futebol\u2026","rel":"","context":"Em &quot;futebol&quot;","block_context":{"text":"futebol","link":"https:\/\/blogdoprosperi.com\/?cat=53870"},"img":{"alt_text":"Palmeiras 0 a 0 Porto. Abel lamenta.","src":"https:\/\/i0.wp.com\/blogdoprosperi.com\/wp-content\/uploads\/2025\/06\/54591751216_004973a27c_c.jpg?fit=800%2C450&ssl=1&resize=350%2C200","width":350,"height":200,"srcset":"https:\/\/i0.wp.com\/blogdoprosperi.com\/wp-content\/uploads\/2025\/06\/54591751216_004973a27c_c.jpg?fit=800%2C450&ssl=1&resize=350%2C200 1x, https:\/\/i0.wp.com\/blogdoprosperi.com\/wp-content\/uploads\/2025\/06\/54591751216_004973a27c_c.jpg?fit=800%2C450&ssl=1&resize=525%2C300 1.5x, https:\/\/i0.wp.com\/blogdoprosperi.com\/wp-content\/uploads\/2025\/06\/54591751216_004973a27c_c.jpg?fit=800%2C450&ssl=1&resize=700%2C400 2x"},"classes":[]},{"id":51340,"url":"https:\/\/blogdoprosperi.com\/?p=51340","url_meta":{"origin":51181,"position":2},"title":"Quatro Brasileiros Contra Resto do Mundo: &#8216;Vira-Latas&#8217; Fluminense, Palmeiras, Flamengo e Botafogo Pedem Passagem","author":"Luiz Ant\u00f4nio Pr\u00f3speri","date":"17 de junho de 2025","format":false,"excerpt":"Luiz Antonio Pr\u00f3speri \u2013 17 junho (18h21) \u2013 Fluminense fecha primeira rodada envolvendo clubes brasileiros no Mundial de Clubes com um alerta: os quatro times nacionais pedem passagem. Recado claro vem do bom desempenho do Flu contra o Borussia Dortmund, uma das pot\u00eancias do futebol alem\u00e3o, nesta ter\u00e7a-feira (17\/6). Tudo\u2026","rel":"","context":"Em &quot;futebol&quot;","block_context":{"text":"futebol","link":"https:\/\/blogdoprosperi.com\/?cat=53870"},"img":{"alt_text":"","src":"https:\/\/i0.wp.com\/blogdoprosperi.com\/wp-content\/uploads\/2025\/06\/clubes-brasileiros-no-super-mundial-de-clubes-palmeiras-botafogo-flamengo-fluminense.webp?fit=1200%2C675&ssl=1&resize=350%2C200","width":350,"height":200,"srcset":"https:\/\/i0.wp.com\/blogdoprosperi.com\/wp-content\/uploads\/2025\/06\/clubes-brasileiros-no-super-mundial-de-clubes-palmeiras-botafogo-flamengo-fluminense.webp?fit=1200%2C675&ssl=1&resize=350%2C200 1x, https:\/\/i0.wp.com\/blogdoprosperi.com\/wp-content\/uploads\/2025\/06\/clubes-brasileiros-no-super-mundial-de-clubes-palmeiras-botafogo-flamengo-fluminense.webp?fit=1200%2C675&ssl=1&resize=525%2C300 1.5x, https:\/\/i0.wp.com\/blogdoprosperi.com\/wp-content\/uploads\/2025\/06\/clubes-brasileiros-no-super-mundial-de-clubes-palmeiras-botafogo-flamengo-fluminense.webp?fit=1200%2C675&ssl=1&resize=700%2C400 2x, https:\/\/i0.wp.com\/blogdoprosperi.com\/wp-content\/uploads\/2025\/06\/clubes-brasileiros-no-super-mundial-de-clubes-palmeiras-botafogo-flamengo-fluminense.webp?fit=1200%2C675&ssl=1&resize=1050%2C600 3x"},"classes":[]},{"id":52605,"url":"https:\/\/blogdoprosperi.com\/?p=52605","url_meta":{"origin":51181,"position":3},"title":"Palmeiras Ainda Pode Ter um Mundial em 2025","author":"Luiz Ant\u00f4nio Pr\u00f3speri","date":"5 de julho de 2025","format":false,"excerpt":"Luiz Ant\u00f4nio Pr\u00f3speri \u2013 5 de julho (11h57) \u2013 Palmeiras n\u00e3o tem Mundial. O drama continua. Rivais, em desvantagem nas conquistas nacionais e sul-americanas nos \u00faltimos dez anos, se agarram a esse carma e tripudiam. Est\u00e1 escrito que o futebol aceita tudo isso. A realidade, por\u00e9m, \u00e9 bem diferente. Cair\u2026","rel":"","context":"Em &quot;futebol&quot;","block_context":{"text":"futebol","link":"https:\/\/blogdoprosperi.com\/?cat=53870"},"img":{"alt_text":"Palmeiras pode ser campe\u00e3o mundial em 2025","src":"https:\/\/i0.wp.com\/blogdoprosperi.com\/wp-content\/uploads\/2025\/07\/54632869517_39d78d8e3e_c.jpg?fit=800%2C450&ssl=1&resize=350%2C200","width":350,"height":200,"srcset":"https:\/\/i0.wp.com\/blogdoprosperi.com\/wp-content\/uploads\/2025\/07\/54632869517_39d78d8e3e_c.jpg?fit=800%2C450&ssl=1&resize=350%2C200 1x, https:\/\/i0.wp.com\/blogdoprosperi.com\/wp-content\/uploads\/2025\/07\/54632869517_39d78d8e3e_c.jpg?fit=800%2C450&ssl=1&resize=525%2C300 1.5x, https:\/\/i0.wp.com\/blogdoprosperi.com\/wp-content\/uploads\/2025\/07\/54632869517_39d78d8e3e_c.jpg?fit=800%2C450&ssl=1&resize=700%2C400 2x"},"classes":[]},{"id":53049,"url":"https:\/\/blogdoprosperi.com\/?p=53049","url_meta":{"origin":51181,"position":4},"title":"V\u00eddeo | Richard R\u00edos, Filho de Shakira? Roma Pronta a Levar Jogador do Palmeiras","author":"Luiz Ant\u00f4nio Pr\u00f3speri","date":"10 de julho de 2025","format":false,"excerpt":"Gazzetta dello Sport faz v\u00eddeo did\u00e1tico a respeito das val\u00eancias de Richard R\u00edos, destaque do Palmeiras no Mundial de Clubes. E ironiza a fake news de que R\u00edos \u00e9 filho secreto da cantora Shakira. Roma pode desembolsar 30 milh\u00f5es de euros (R$ 193,2 milh\u00f5es) para levar o jogador do Palmeiras.\u2026","rel":"","context":"Em &quot;futebol&quot;","block_context":{"text":"futebol","link":"https:\/\/blogdoprosperi.com\/?cat=53870"},"img":{"alt_text":"Palmeiras lamenta empate sem gols com Porto","src":"https:\/\/i0.wp.com\/blogdoprosperi.com\/wp-content\/uploads\/2025\/06\/54590872522_5443323032_c.jpg?fit=800%2C450&ssl=1&resize=350%2C200","width":350,"height":200,"srcset":"https:\/\/i0.wp.com\/blogdoprosperi.com\/wp-content\/uploads\/2025\/06\/54590872522_5443323032_c.jpg?fit=800%2C450&ssl=1&resize=350%2C200 1x, https:\/\/i0.wp.com\/blogdoprosperi.com\/wp-content\/uploads\/2025\/06\/54590872522_5443323032_c.jpg?fit=800%2C450&ssl=1&resize=525%2C300 1.5x, https:\/\/i0.wp.com\/blogdoprosperi.com\/wp-content\/uploads\/2025\/06\/54590872522_5443323032_c.jpg?fit=800%2C450&ssl=1&resize=700%2C400 2x"},"classes":[]},{"id":51075,"url":"https:\/\/blogdoprosperi.com\/?p=51075","url_meta":{"origin":51181,"position":5},"title":"#Cr\u00f4nicaSab\u00e1tica #23| Abel, Enfim, Apresenta Sua Revolu\u00e7\u00e3o aos Europeus","author":"Luiz Ant\u00f4nio Pr\u00f3speri","date":"14 de junho de 2025","format":false,"excerpt":"Luiz Ant\u00f4nio Pr\u00f3speri \u2013 14 junho (10h05) \u2013 Abel Ferreira anda entusiasmado em Greensboro, Carolina do Norte, EUA. H\u00e1 cinco dias transborda sua euforia nos ajustes finais do Palmeiras a estrear no Mundial de Clubes contra o Porto, neste domingo (15\/6), em New Jersey. Tempo de mostrar \u00e0 comunidade do\u2026","rel":"","context":"Em &quot;futebol&quot;","block_context":{"text":"futebol","link":"https:\/\/blogdoprosperi.com\/?cat=53870"},"img":{"alt_text":"Abel no Mundial de Clubes","src":"https:\/\/i0.wp.com\/blogdoprosperi.com\/wp-content\/uploads\/2025\/06\/captura-de-tela-2025-06-13-as-23.52.09.png?fit=1200%2C773&ssl=1&resize=350%2C200","width":350,"height":200,"srcset":"https:\/\/i0.wp.com\/blogdoprosperi.com\/wp-content\/uploads\/2025\/06\/captura-de-tela-2025-06-13-as-23.52.09.png?fit=1200%2C773&ssl=1&resize=350%2C200 1x, https:\/\/i0.wp.com\/blogdoprosperi.com\/wp-content\/uploads\/2025\/06\/captura-de-tela-2025-06-13-as-23.52.09.png?fit=1200%2C773&ssl=1&resize=525%2C300 1.5x, https:\/\/i0.wp.com\/blogdoprosperi.com\/wp-content\/uploads\/2025\/06\/captura-de-tela-2025-06-13-as-23.52.09.png?fit=1200%2C773&ssl=1&resize=700%2C400 2x, https:\/\/i0.wp.com\/blogdoprosperi.com\/wp-content\/uploads\/2025\/06\/captura-de-tela-2025-06-13-as-23.52.09.png?fit=1200%2C773&ssl=1&resize=1050%2C600 3x"},"classes":[]}],"jetpack_featured_media_url":"https:\/\/i0.wp.com\/blogdoprosperi.com\/wp-content\/uploads\/2025\/06\/54590872522_5443323032_c.jpg?fit=800%2C450&ssl=1","_links":{"self":[{"href":"https:\/\/blogdoprosperi.com\/index.php?rest_route=\/wp\/v2\/posts\/51181","targetHints":{"allow":["GET"]}}],"collection":[{"href":"https:\/\/blogdoprosperi.com\/index.php?rest_route=\/wp\/v2\/posts"}],"about":[{"href":"https:\/\/blogdoprosperi.com\/index.php?rest_route=\/wp\/v2\/types\/post"}],"author":[{"embeddable":true,"href":"https:\/\/blogdoprosperi.com\/index.php?rest_route=\/wp\/v2\/users\/102107496"}],"replies":[{"embeddable":true,"href":"https:\/\/blogdoprosperi.com\/index.php?rest_route=%2Fwp%2Fv2%2Fcomments&post=51181"}],"version-history":[{"count":11,"href":"https:\/\/blogdoprosperi.com\/index.php?rest_route=\/wp\/v2\/posts\/51181\/revisions"}],"predecessor-version":[{"id":51199,"href":"https:\/\/blogdoprosperi.com\/index.php?rest_route=\/wp\/v2\/posts\/51181\/revisions\/51199"}],"wp:featuredmedia":[{"embeddable":true,"href":"https:\/\/blogdoprosperi.com\/index.php?rest_route=\/wp\/v2\/media\/51193"}],"wp:attachment":[{"href":"https:\/\/blogdoprosperi.com\/index.php?rest_route=%2Fwp%2Fv2%2Fmedia&parent=51181"}],"wp:term":[{"taxonomy":"category","embeddable":true,"href":"https:\/\/blogdoprosperi.com\/index.php?rest_route=%2Fwp%2Fv2%2Fcategories&post=51181"},{"taxonomy":"post_tag","embeddable":true,"href":"https:\/\/blogdoprosperi.com\/index.php?rest_route=%2Fwp%2Fv2%2Ftags&post=51181"}],"curies":[{"name":"wp","href":"https:\/\/api.w.org\/{rel}","templated":true}]}}