{"id":51384,"date":"2025-06-18T11:49:47","date_gmt":"2025-06-18T14:49:47","guid":{"rendered":"https:\/\/blogdoprosperi.com\/?p=51384"},"modified":"2025-06-18T11:53:13","modified_gmt":"2025-06-18T14:53:13","slug":"fifa-as-reinvencoes-de-abel-para-manter-palmeiras-lutando-no-topo-por-5-anos","status":"publish","type":"post","link":"https:\/\/blogdoprosperi.com\/?p=51384","title":{"rendered":"Fifa | As Reinven\u00e7\u00f5es de Abel para Manter Palmeiras Lutando no Topo por 5 Anos"},"content":{"rendered":"<ul class=\"rich-text_ul__2qWnn\">\n<li class=\"rich-text_li__i4mIG\">\n<p class=\"rich-text_p__UfX5b text-regular\"><strong>T\u00e9cnico portugu\u00eas j\u00e1 conquistou 10 t\u00edtulos pela equipe alviverde<\/strong><\/p>\n<\/li>\n<li class=\"rich-text_li__i4mIG\">\n<p class=\"rich-text_p__UfX5b text-regular\"><strong>S\u00f3 3 titulares da estreia do treinador ainda continuam no elenco<\/strong><\/p>\n<\/li>\n<li class=\"rich-text_li__i4mIG\">\n<p class=\"rich-text_p__UfX5b text-regular\"><a href=\"https:\/\/www.fifa.com\/pt\/tournaments\/mens\/club-world-cup\/usa-2025\/articles\/palmeiras-al-ahly-grupo-a-previa-jogo-mundial-de-clubes-da-fifa-2025\"><strong>Palmeiras pega Al Ahly quinta-feira pela 2\u00aa rodada do Grupo A<\/strong><\/a><\/p>\n<\/li>\n<\/ul>\n<hr \/>\n<p><em>Fifa publica mat\u00e9ria ressaltando trabalho e luta de Abel Ferreira para manter o Palmeiras no topo do futebol sul-americano nos \u00faltimos cinco anos. Confira:<\/em><\/p>\n<p class=\"rich-text_p__UfX5b text-regular\">T\u00e9cnico mais vitorioso da hist\u00f3ria do <a href=\"https:\/\/www.fifa.com\/pt\/tournaments\/mens\/club-world-cup\/usa-2025\/teams\/palmeiras\">Palmeiras<\/a> , Abel Ferreira teve de se reinventar algumas vezes para manter o tempo no topo do futebol brasileiro e sul-americano pelos \u00faltimos cinco anos.<\/p>\n<p class=\"rich-text_p__UfX5b text-regular\">Dos 11 titulares escalados pelo treinador portugu\u00eas em sua partida de estreia pelo <em>Verd\u00e3o<\/em> , em novembro de 2020, contra o Bragantino, apenas tr\u00eas continuam no elenco para a disputa do <a href=\"https:\/\/www.fifa.com\/pt\/tournaments\/mens\/club-world-cup\/usa-2025\">Mundial de Clubes 2025<\/a> : Weverton, Raphael Veiga e o capit\u00e3o Gustavo G\u00f3mez.<\/p>\n<p class=\"rich-text_p__UfX5b text-regular\">S\u00f3 na gest\u00e3o do t\u00e9cnico portugu\u00eas, <a href=\"https:\/\/www.fifa.com\/pt\/tournaments\/mens\/club-world-cup\/usa-2025\/articles\/palmeiras-fase-mais-vitoriosa\">o Palmeiras j\u00e1 conquistou dez trof\u00e9us<\/a> (mesma marca de Oswaldo Brand\u00e3o, o outro recordista do clube), com destaque para duas Copas Libertadores da Am\u00e9rica (2020 e 2021), dois Campeonatos Brasileiros (2022 e 2023) e uma Copa do Brasil (2020).<\/p>\n<p class=\"rich-text_p__UfX5b text-regular\">&#8220;Todos os anos, trocamos jogadores. Uns vieram porque chegaram ao fim do ciclo. Isso \u00e9 normal, \u00e9 assim que acontece com n\u00f3s. Outros foram embora porque todos vendemos. As \u00e9pocas s\u00e3o ganhas quando tu planejas e consegues, desde o in\u00edcio, ter contigo aqueles jogadores que tu acreditas que te podem ajudar a estar mais pr\u00f3ximo de competir e ganhar&#8221;, disse o treinador, em entrevista \u00e0 <strong>FIFA<\/strong> .<\/p>\n<p class=\"rich-text_p__UfX5b text-regular\">Essa maleabilidade e a disposi\u00e7\u00e3o para fazer corre\u00e7\u00f5es de rota s\u00e3o fundamentais num torneio de tiro curto como o Mundial de Clubes, com tr\u00eas jogos na fase de grupos para definir quem vai ao mata-mata. Num Grupo A totalmente equilibrado, ap\u00f3s dois empates sem gols na primeira rodada, concorrendo com equipes de tr\u00eas continentes diferentes e estilos variados.<\/p>\n<p class=\"rich-text_p__UfX5b text-regular\">Ao longo das mais de 340 partidas sob o comando de Abel, o Palmeiras foi se evoluindo para continuar jogando em alto n\u00edvel e brigando por todos os t\u00edtulos poss\u00edveis.<\/p>\n<h5 class=\"ff-text-blue-dark article-section_headings__iQUD7\"><span class=\"d-none d-md-block\"><span title=\"&quot;Confira abaixo todas as inven\u00e7\u00f5es e reinven\u00e7\u00f5es de Abel&quot;\"><strong>Confira abaixo todas as inven\u00e7\u00f5es e reinven\u00e7\u00f5es de Abel<\/strong><\/span><\/span><\/h5>\n<h4 class=\"ff-text-blue-dark article-section_headings__iQUD7\"><span class=\"d-none d-md-block\"><span title=\"&quot;Palmeiras 2020&quot;\"><strong>Palmeiras 2020<\/strong><\/span><\/span><\/h4>\n<div class=\"ff-mb-32 article-section_images__7k4ik\">\n<div class=\"row\">\n<div class=\"col-12 d-flex justify-content-center\"><img decoding=\"async\" src=\"https:\/\/digitalhub.fifa.com\/transform\/494ea532-3466-4722-a788-844715fdf63d\/Chelsea-v-Palmeiras-Final-FIFA-Club-World-Cup-UAE-2021?&amp;io=transform:fill,width:768&amp;quality=75\" \/><\/div>\n<\/div>\n<\/div>\n<p class=\"rich-text_p__UfX5b text-regular\">O primeiro ano de Abel foi tamb\u00e9m o mais experimental de todos. Como ainda n\u00e3o conhecia bem o elenco e nem os seus advers\u00e1rios dentro do Brasil e da Am\u00e9rica do Sul, o portugu\u00eas testou bastante os jogadores que tinham \u00e0 disposi\u00e7\u00e3o e forma\u00e7\u00f5es alternativas com linha de quatro na defesa e tr\u00eas zagueiros \u2013 ainda que um deles fosse normalmente o lateral-direito Marcos Rocha.<\/p>\n<p class=\"rich-text_p__UfX5b text-regular\">Mas talvez a maior ousadia do treinador tenha enfrentado o jogo de ida da semifinal da Libertadores contra o poderoso River Plate com um meio-campo formado exclusivamente por jovens rec\u00e9m-sa\u00eddos das categorias de base: Danilo, Patrick de Paula e Gabriel Menino.<\/p>\n<p class=\"rich-text_p__UfX5b text-regular\">O Palmeiras saiu do Monumental de N\u00fa\u00f1ez com uma vit\u00f3ria hist\u00f3rica por 3 a 0 e a classifica\u00e7\u00e3o encaminhada para a decis\u00e3o. E Abel descobriu ali que a garotada seria essencial para o seu sucesso no Brasil.<\/p>\n<h4 class=\"ff-text-blue-dark article-section_headings__iQUD7\"><span class=\"d-none d-md-block\"><span title=\"&quot;Palmeiras 2021&quot;\"><strong>Palmeiras 2021<\/strong><\/span><\/span><\/h4>\n<div class=\"ff-mb-32 article-section_images__7k4ik\">\n<div class=\"row\">\n<div class=\"col-12 d-flex justify-content-center\"><img decoding=\"async\" src=\"https:\/\/digitalhub.fifa.com\/transform\/64fe9500-afab-4044-8b98-b4c37ae02ff1\/Palmeiras?&amp;io=transform:fill,width:768&amp;quality=75\" \/><\/div>\n<\/div>\n<\/div>\n<p class=\"rich-text_p__UfX5b text-regular\">Depois de conquistar a Libertadores e a Copa do Brasil no ano de estreia, teve um 2021 mais de consolida\u00e7\u00f5es do que qualquer outra coisa.<\/p>\n<p class=\"rich-text_p__UfX5b text-regular\">A principal mudan\u00e7a de elenco foi a venda do lateral esquerdo uruguaio Mat\u00edas Vi\u00f1a para a Roma e a contrata\u00e7\u00e3o de Joaqu\u00edn Piquerez, seu compatriota, mas menos ofensivo e mais forte fisicamente, como substitui\u00e7\u00f5es.<\/p>\n<p class=\"rich-text_p__UfX5b text-regular\">Do ponto de vista t\u00e1tico, houve as desloca\u00e7\u00f5es de Rony, originalmente contratado como ponta, como centroavante titular, em uma op\u00e7\u00e3o de maior mobilidade que Deyverson e Luiz Adriano, e o uso mais frequente do esquema com tr\u00eas zagueiros (embora o 4-2-3-1 tenha continuado sendo a forma\u00e7\u00e3o predominante).<\/p>\n<h4 class=\"ff-text-blue-dark article-section_headings__iQUD7\"><span class=\"d-none d-md-block\"><span title=\"&quot;Palmeiras 2022&quot;\"><strong>Palmeiras 2022<\/strong><\/span><\/span><\/h4>\n<div class=\"ff-mb-32 article-section_images__7k4ik\">\n<div class=\"row\">\n<div class=\"col-12 d-flex justify-content-center\"><img decoding=\"async\" src=\"https:\/\/digitalhub.fifa.com\/transform\/188cc6f4-8d9a-4942-afe8-f09af8035452\/Gustavo-Gomez-of-Palmeiras?&amp;io=transform:fill,width:768&amp;quality=75\" \/><\/div>\n<\/div>\n<\/div>\n<p class=\"rich-text_p__UfX5b text-regular\">Depois de conquistar duas Libertadores na sequ\u00eancia em seus dois primeiros anos de trabalho, Abel conseguiu seu primeiro t\u00edtulo de pontos corridos, o Campeonato Brasileiro, depois de pequenos ajustes no time\/elenco.<\/p>\n<p class=\"rich-text_p__UfX5b text-regular\">A defesa conquistou um novo n\u00edvel de solidez com a chegada de Murilo, ainda em janeiro, que passou a formar com Gustavo G\u00f3mez uma das duplas de zaga mais poderosas e seguras da hist\u00f3ria alviverde.<\/p>\n<p class=\"rich-text_p__UfX5b text-regular\">O outro refor\u00e7o importante veio de dentro do pr\u00f3prio elenco. Gustavo Scarpa, que j\u00e1 estava no Allianz Parque desde 2018, passou a jogar como nunca. A meia assumiu o posto de principal armador alviverde e terminou a campanha do t\u00edtulo nacional com participa\u00e7\u00e3o direita em 20 gols, sete marcados por ele mesmo e 13 nascidos de suas assist\u00eancias.<\/p>\n<h4 class=\"ff-text-blue-dark article-section_headings__iQUD7\"><span class=\"d-none d-md-block\"><span title=\"&quot;Palmeiras 2023&quot;\"><strong>Palmeiras 2023<\/strong><\/span><\/span><\/h4>\n<div class=\"ff-mb-32 article-section_images__7k4ik\">\n<div class=\"row\">\n<div class=\"col-12 d-flex justify-content-center\"><img decoding=\"async\" src=\"https:\/\/digitalhub.fifa.com\/transform\/8e5ca9aa-8870-4765-a4fe-095135d7818a\/GettyImages-1829284939?&amp;io=transform:fill,width:768&amp;quality=75\" \/><\/div>\n<\/div>\n<\/div>\n<p class=\"rich-text_p__UfX5b text-regular\">A grande novidade do Palmeiras para 2023 atende pelo nome de Endrick. Ainda que o garoto j\u00e1 tenha sido utilizado nas rodadas finais do Brasileir\u00e3o da temporada anterior, foi nesse ano que ele virou a \u201ccara\u201d do tempo.<\/p>\n<p class=\"rich-text_p__UfX5b text-regular\">Abel passou a primeira metade da temporada utilizando sua jovem promessa \u00e0 conta-gotas para dar experi\u00eancia no futebol dos adultos. Mas, depois da elimina\u00e7\u00e3o para o Boca Juniors, nas oitavas de final da Libertadores, essa prud\u00eancia foi para o espa\u00e7o.<\/p>\n<p class=\"rich-text_p__UfX5b text-regular\">E foi a\u00ed, com Endrick formando dupla de ataque com Breno Lopes em um 3-5-2 que tinha a famosa dobra de laterais (Marcos Rocha fazia o lado direito da zaga e Mayke ocupava a faixa como ala), que o Palmeiras decolou, tirou 14 pontos de desvantagem para o Botafogo e se sagrou campe\u00e3o da S\u00e9rie A pelo segundo ano consecutivo.<\/p>\n<h4 class=\"ff-text-blue-dark article-section_headings__iQUD7\"><span class=\"d-none d-md-block\"><span title=\"&quot;Palmeiras 2024&quot;\"><strong>Palmeiras 2024<\/strong><\/span><\/span><\/h4>\n<div class=\"ff-mb-32 article-section_images__7k4ik\">\n<div class=\"row\">\n<div class=\"col-12 d-flex justify-content-center\"><img decoding=\"async\" src=\"https:\/\/digitalhub.fifa.com\/transform\/dcd7b88a-d675-4860-8b6d-dc25a8f206ec\/GettyImages-2160484922?&amp;io=transform:fill,width:768&amp;quality=75\" \/><\/div>\n<\/div>\n<\/div>\n<p class=\"rich-text_p__UfX5b text-regular\">Sai Endrick, entra Est\u00eav\u00e3o. Ao longo de 2024, Abel precisou lidar com a mudan\u00e7a no protagonista da equipe.<\/p>\n<p class=\"rich-text_p__UfX5b text-regular\">O tempo do primeiro semestre ainda girava em torno do centroavante de muita for\u00e7a f\u00edsica e qualidade t\u00e9cnica acima da m\u00e9dia para um ainda adolescente. Foi liderado por Endrick que o Palmeiras venceu pelo terceiro ano consecutivo no Campeonato Paulista.<\/p>\n<p class=\"rich-text_p__UfX5b text-regular\">S\u00f3 que o atacante foi mandado para o Real Madrid no meio do ano. E a\u00ed, um outro garoto formado dentro do pr\u00f3prio clube precisou assumir as ideias do tempo.<\/p>\n<p class=\"rich-text_p__UfX5b text-regular\">N\u00e3o demorou para o Palmeiras virar o &#8220;tempo de Est\u00eav\u00e3o&#8221;, um ponta insinuante, criativo e driblador. Por\u00e9m, num momento em que algumas figuras viveram per\u00edodo de baixa, as investidas de Est\u00eav\u00e3o passaram a ser muito marcadas, em que pesavam todo o seu talento. Resultado: Abel e cia. passaram o segundo semestre em branco.<\/p>\n<h4 class=\"ff-text-blue-dark article-section_headings__iQUD7\"><span class=\"d-none d-md-block\"><span title=\"&quot;Palmeiras 2025&quot;\"><strong>Palmeiras 2025<\/strong><\/span><\/span><\/h4>\n<div class=\"ff-mb-32 article-section_images__7k4ik\">\n<div class=\"row\">\n<div class=\"col-12 d-flex justify-content-center\"><img decoding=\"async\" src=\"https:\/\/digitalhub.fifa.com\/transform\/3c30ea2d-a42b-4c76-84e9-b08a401a485a\/SE-Palmeiras-Raphael-Veiga-and-Vitor-Roque-celebrate?&amp;io=transform:fill,width:768&amp;quality=75\" \/><\/div>\n<\/div>\n<\/div>\n<p class=\"rich-text_p__UfX5b text-regular\">Abel nunca teve de se reinventar tanto quanto na temporada atual. Com a queda de rendimento de alguns dos pilares hist\u00f3ricos do seu sucesso, a sa\u00edda de outros dos seus homens de confian\u00e7a como Z\u00e9 Rafael e Rony e a certeza de perder Est\u00eav\u00e3o para o Chelsea depois do Mundial, o Palmeiras foi \u00e0s compras de modo arrojado.<\/p>\n<p class=\"rich-text_p__UfX5b text-regular\">S\u00f3 nos primeiros meses de 2025 sete novos jogadores desembarcaram no Allianz Parque. Entre eles, dois nomes bastante badalados: os atacantes Paulinho, vice-artilheiro da Libertadores-2024 pelo Atl\u00e9tico-MG, e Vitor Roque, contratado mais cara da hist\u00f3ria do clube.<\/p>\n<p class=\"rich-text_p__UfX5b text-regular\">O novo Palmeiras n\u00e3o embalou a tempo de conquistar o t\u00edtulo paulista. Mas tem feito bonito desde que perdeu a decis\u00e3o para o Corinthians: fez a melhor campanha da fase de grupos da Libertadores, est\u00e1 apenas dois pontos atr\u00e1s do l\u00edder do Brasileiro e estreou no Mundial com um empate com o FC Porto. Agora enfrenta o Al Ahly FC, nesta quinta-feira (19\/6), em Nova York-Nova Jersey.<\/p>\n","protected":false},"excerpt":{"rendered":"<p>T\u00e9cnico portugu\u00eas j\u00e1 conquistou 10 t\u00edtulos pela equipe alviverde S\u00f3 3 titulares da estreia do treinador ainda continuam [&hellip;]<\/p>\n","protected":false},"author":102107496,"featured_media":51390,"comment_status":"open","ping_status":"open","sticky":false,"template":"","format":"standard","meta":{"_coblocks_attr":"","_coblocks_dimensions":"","_coblocks_responsive_height":"","_coblocks_accordion_ie_support":"","_jetpack_newsletter_access":"","_jetpack_dont_email_post_to_subs":false,"_jetpack_newsletter_tier_id":0,"_jetpack_memberships_contains_paywalled_content":false,"_wpcom_ai_launchpad_first_post":false,"_jetpack_feature_clip_id":0,"_jetpack_memberships_contains_paid_content":false,"footnotes":"","jetpack_publicize_message":"","jetpack_publicize_feature_enabled":true,"jetpack_social_post_already_shared":false,"jetpack_social_options":{"image_generator_settings":{"template":"highway","default_image_id":0,"font":"","enabled":false},"version":2},"jetpack_post_was_ever_published":false},"categories":[53870,20384,772984667,3919],"tags":[4200771,25607665,3151783,789560560,789560573,3245966,287104,781942785],"class_list":["post-51384","post","type-post","status-publish","format-standard","has-post-thumbnail","hentry","category-futebol","category-informacao","category-mundial-de-clubes-2025","category-opiniao","tag-abel-ferreira","tag-endrick","tag-estevao","tag-futebol","tag-luiz-antonio-prosperi","tag-mundial-de-clubes-fifa","tag-palmeiras","tag-palmeiras-topo-5-anos"],"yoast_head":"<!-- This site is optimized with the Yoast SEO plugin v28.3 - https:\/\/yoast.com\/product\/yoast-seo-wordpress\/ -->\n<title>Fifa | As Reinven\u00e7\u00f5es de Abel para Manter Palmeiras Lutando no Topo por 5 Anos - PR\u00d3SPERI NEWS<\/title>\n<meta name=\"robots\" content=\"index, follow, max-snippet:-1, max-image-preview:large, max-video-preview:-1\" \/>\n<link rel=\"canonical\" href=\"https:\/\/blogdoprosperi.com\/?p=51384\" \/>\n<meta property=\"og:locale\" content=\"pt_BR\" \/>\n<meta property=\"og:type\" content=\"article\" \/>\n<meta property=\"og:title\" content=\"Fifa | As Reinven\u00e7\u00f5es de Abel para Manter Palmeiras Lutando no Topo por 5 Anos - PR\u00d3SPERI NEWS\" \/>\n<meta property=\"og:description\" content=\"T\u00e9cnico portugu\u00eas j\u00e1 conquistou 10 t\u00edtulos pela equipe alviverde S\u00f3 3 titulares da estreia do treinador ainda continuam [&hellip;]\" \/>\n<meta property=\"og:url\" content=\"https:\/\/blogdoprosperi.com\/?p=51384\" \/>\n<meta property=\"og:site_name\" content=\"PR\u00d3SPERI NEWS\" \/>\n<meta property=\"article:publisher\" content=\"Luiz Pr\u00f3speri\" \/>\n<meta property=\"article:author\" content=\"Luiz Pr\u00f3speri\" \/>\n<meta property=\"article:published_time\" content=\"2025-06-18T14:49:47+00:00\" \/>\n<meta property=\"article:modified_time\" content=\"2025-06-18T14:53:13+00:00\" \/>\n<meta property=\"og:image\" content=\"https:\/\/i0.wp.com\/blogdoprosperi.com\/wp-content\/uploads\/2025\/06\/se-palmeiras-head-coach-abel-ferreira-looks-on.webp?fit=1536%2C910&ssl=1\" \/>\n\t<meta property=\"og:image:width\" content=\"1536\" \/>\n\t<meta property=\"og:image:height\" content=\"910\" \/>\n\t<meta property=\"og:image:type\" content=\"image\/webp\" \/>\n<meta name=\"author\" content=\"Luiz Ant\u00f4nio Pr\u00f3speri\" \/>\n<meta name=\"twitter:card\" content=\"summary_large_image\" \/>\n<meta name=\"twitter:creator\" content=\"@Luizprosperi\" \/>\n<meta name=\"twitter:site\" content=\"@Luizprosperi\" \/>\n<meta name=\"twitter:label1\" content=\"Escrito por\" \/>\n\t<meta name=\"twitter:data1\" content=\"Luiz Ant\u00f4nio Pr\u00f3speri\" \/>\n\t<meta name=\"twitter:label2\" content=\"Est. tempo de leitura\" \/>\n\t<meta name=\"twitter:data2\" content=\"6 minutos\" \/>\n<script type=\"application\/ld+json\" class=\"yoast-schema-graph\">{\"@context\":\"https:\\\/\\\/schema.org\",\"@graph\":[{\"@type\":\"Article\",\"@id\":\"https:\\\/\\\/blogdoprosperi.com\\\/?p=51384#article\",\"isPartOf\":{\"@id\":\"https:\\\/\\\/blogdoprosperi.com\\\/?p=51384\"},\"author\":{\"name\":\"Luiz Ant\u00f4nio Pr\u00f3speri\",\"@id\":\"https:\\\/\\\/blogdoprosperi.com\\\/#\\\/schema\\\/person\\\/38100755ce3601861ee4fab9b5aa78e9\"},\"headline\":\"Fifa | As Reinven\u00e7\u00f5es de Abel para Manter Palmeiras Lutando no Topo por 5 Anos\",\"datePublished\":\"2025-06-18T14:49:47+00:00\",\"dateModified\":\"2025-06-18T14:53:13+00:00\",\"mainEntityOfPage\":{\"@id\":\"https:\\\/\\\/blogdoprosperi.com\\\/?p=51384\"},\"wordCount\":1247,\"commentCount\":0,\"publisher\":{\"@id\":\"https:\\\/\\\/blogdoprosperi.com\\\/#\\\/schema\\\/person\\\/38100755ce3601861ee4fab9b5aa78e9\"},\"image\":{\"@id\":\"https:\\\/\\\/blogdoprosperi.com\\\/?p=51384#primaryimage\"},\"thumbnailUrl\":\"https:\\\/\\\/i0.wp.com\\\/blogdoprosperi.com\\\/wp-content\\\/uploads\\\/2025\\\/06\\\/se-palmeiras-head-coach-abel-ferreira-looks-on.webp?fit=1536%2C910&ssl=1\",\"keywords\":[\"abel ferreira\",\"endrick\",\"Estev\u00e3o\",\"futebol\",\"Luiz Ant\u00f4nio Pr\u00f3speri\",\"mundial de clubes Fifa\",\"Palmeiras\",\"Palmeiras topo 5 anos\"],\"articleSection\":[\"futebol\",\"informa\u00e7\u00e3o\",\"mundial de clubes 2025\",\"opini\u00e3o\"],\"inLanguage\":\"pt-BR\",\"potentialAction\":[{\"@type\":\"CommentAction\",\"name\":\"Comment\",\"target\":[\"https:\\\/\\\/blogdoprosperi.com\\\/?p=51384#respond\"]}]},{\"@type\":\"WebPage\",\"@id\":\"https:\\\/\\\/blogdoprosperi.com\\\/?p=51384\",\"url\":\"https:\\\/\\\/blogdoprosperi.com\\\/?p=51384\",\"name\":\"Fifa | As Reinven\u00e7\u00f5es de Abel para Manter Palmeiras Lutando no Topo por 5 Anos - PR\u00d3SPERI NEWS\",\"isPartOf\":{\"@id\":\"https:\\\/\\\/blogdoprosperi.com\\\/#website\"},\"primaryImageOfPage\":{\"@id\":\"https:\\\/\\\/blogdoprosperi.com\\\/?p=51384#primaryimage\"},\"image\":{\"@id\":\"https:\\\/\\\/blogdoprosperi.com\\\/?p=51384#primaryimage\"},\"thumbnailUrl\":\"https:\\\/\\\/i0.wp.com\\\/blogdoprosperi.com\\\/wp-content\\\/uploads\\\/2025\\\/06\\\/se-palmeiras-head-coach-abel-ferreira-looks-on.webp?fit=1536%2C910&ssl=1\",\"datePublished\":\"2025-06-18T14:49:47+00:00\",\"dateModified\":\"2025-06-18T14:53:13+00:00\",\"breadcrumb\":{\"@id\":\"https:\\\/\\\/blogdoprosperi.com\\\/?p=51384#breadcrumb\"},\"inLanguage\":\"pt-BR\",\"potentialAction\":[{\"@type\":\"ReadAction\",\"target\":[\"https:\\\/\\\/blogdoprosperi.com\\\/?p=51384\"]}]},{\"@type\":\"ImageObject\",\"inLanguage\":\"pt-BR\",\"@id\":\"https:\\\/\\\/blogdoprosperi.com\\\/?p=51384#primaryimage\",\"url\":\"https:\\\/\\\/i0.wp.com\\\/blogdoprosperi.com\\\/wp-content\\\/uploads\\\/2025\\\/06\\\/se-palmeiras-head-coach-abel-ferreira-looks-on.webp?fit=1536%2C910&ssl=1\",\"contentUrl\":\"https:\\\/\\\/i0.wp.com\\\/blogdoprosperi.com\\\/wp-content\\\/uploads\\\/2025\\\/06\\\/se-palmeiras-head-coach-abel-ferreira-looks-on.webp?fit=1536%2C910&ssl=1\",\"width\":1536,\"height\":910,\"caption\":\"Abel Ferreira no Mundial de Clubes \u2013 foto: Fifa oficial\"},{\"@type\":\"BreadcrumbList\",\"@id\":\"https:\\\/\\\/blogdoprosperi.com\\\/?p=51384#breadcrumb\",\"itemListElement\":[{\"@type\":\"ListItem\",\"position\":1,\"name\":\"In\u00edcio\",\"item\":\"https:\\\/\\\/blogdoprosperi.com\\\/\"},{\"@type\":\"ListItem\",\"position\":2,\"name\":\"Fifa | As Reinven\u00e7\u00f5es de Abel para Manter Palmeiras Lutando no Topo por 5 Anos\"}]},{\"@type\":\"WebSite\",\"@id\":\"https:\\\/\\\/blogdoprosperi.com\\\/#website\",\"url\":\"https:\\\/\\\/blogdoprosperi.com\\\/\",\"name\":\"PR\u00d3SPERI NEWS\",\"description\":\"TUDO \u00c9  FUTEBOL\",\"publisher\":{\"@id\":\"https:\\\/\\\/blogdoprosperi.com\\\/#\\\/schema\\\/person\\\/38100755ce3601861ee4fab9b5aa78e9\"},\"alternateName\":\"blogdoprosperi.com\",\"potentialAction\":[{\"@type\":\"SearchAction\",\"target\":{\"@type\":\"EntryPoint\",\"urlTemplate\":\"https:\\\/\\\/blogdoprosperi.com\\\/?s={search_term_string}\"},\"query-input\":{\"@type\":\"PropertyValueSpecification\",\"valueRequired\":true,\"valueName\":\"search_term_string\"}}],\"inLanguage\":\"pt-BR\"},{\"@type\":[\"Person\",\"Organization\"],\"@id\":\"https:\\\/\\\/blogdoprosperi.com\\\/#\\\/schema\\\/person\\\/38100755ce3601861ee4fab9b5aa78e9\",\"name\":\"Luiz Ant\u00f4nio Pr\u00f3speri\",\"pronouns\":\"ele\",\"image\":{\"@type\":\"ImageObject\",\"inLanguage\":\"pt-BR\",\"@id\":\"https:\\\/\\\/i0.wp.com\\\/blogdoprosperi.com\\\/wp-content\\\/uploads\\\/2026\\\/05\\\/cropped-8059e613-6002-42fa-961e-8e275f575d71-2-5.jpg?fit=1360%2C931&ssl=1\",\"url\":\"https:\\\/\\\/i0.wp.com\\\/blogdoprosperi.com\\\/wp-content\\\/uploads\\\/2026\\\/05\\\/cropped-8059e613-6002-42fa-961e-8e275f575d71-2-5.jpg?fit=1360%2C931&ssl=1\",\"contentUrl\":\"https:\\\/\\\/i0.wp.com\\\/blogdoprosperi.com\\\/wp-content\\\/uploads\\\/2026\\\/05\\\/cropped-8059e613-6002-42fa-961e-8e275f575d71-2-5.jpg?fit=1360%2C931&ssl=1\",\"width\":1360,\"height\":931,\"caption\":\"Luiz Ant\u00f4nio Pr\u00f3speri\"},\"logo\":{\"@id\":\"https:\\\/\\\/i0.wp.com\\\/blogdoprosperi.com\\\/wp-content\\\/uploads\\\/2026\\\/05\\\/cropped-8059e613-6002-42fa-961e-8e275f575d71-2-5.jpg?fit=1360%2C931&ssl=1\"},\"description\":\"Jornalista com carreira dedicada ao esporte. Cobriu 9 Copas do Mundo in loco, 1990 na It\u00e1lia, 1994 nos EUA, 1998 na Fran\u00e7a, 2002 na Coreia do Sul e Jap\u00e3o, 2006 na Alemanha, 2010 na \u00c1frica do Sul, 2014 no Brasil, 2018 na R\u00fassia e 2022 no Qatar. Eurocopas, 1992 na Su\u00e9cia e 1996 na Inglaterra. Copa das Confedera\u00e7\u00f5es de 2005 na Alemanha e 2009 na \u00c1frica do Sul. Rep\u00f3rter e Editor, trabalhou no Jornal da Tarde e Estad\u00e3o, de 1984 a fevereiro de 2016. Colunista, blogueiro. E comentarista de futebol na R\u00e1dio Estad\u00e3o, de 2013 a fevereiro de 2016. Jornalista respons\u00e1vel do \\\"Pr\u00f3speri News\\\" (blogdoprosperi.com).\",\"sameAs\":[\"http:\\\/\\\/blogdoprosperi.com\",\"Luiz Pr\u00f3speri\",\"@luiz_prosperi\",\"https:\\\/\\\/x.com\\\/Luizprosperi\",\"@prosperinacopa\",\"luiz.prosperi@icloud.com\"],\"url\":\"https:\\\/\\\/blogdoprosperi.com\\\/?author=102107496\"}]}<\/script>\n<!-- \/ Yoast SEO plugin. -->","yoast_head_json":{"title":"Fifa | As Reinven\u00e7\u00f5es de Abel para Manter Palmeiras Lutando no Topo por 5 Anos - PR\u00d3SPERI NEWS","robots":{"index":"index","follow":"follow","max-snippet":"max-snippet:-1","max-image-preview":"max-image-preview:large","max-video-preview":"max-video-preview:-1"},"canonical":"https:\/\/blogdoprosperi.com\/?p=51384","og_locale":"pt_BR","og_type":"article","og_title":"Fifa | As Reinven\u00e7\u00f5es de Abel para Manter Palmeiras Lutando no Topo por 5 Anos - PR\u00d3SPERI NEWS","og_description":"T\u00e9cnico portugu\u00eas j\u00e1 conquistou 10 t\u00edtulos pela equipe alviverde S\u00f3 3 titulares da estreia do treinador ainda continuam [&hellip;]","og_url":"https:\/\/blogdoprosperi.com\/?p=51384","og_site_name":"PR\u00d3SPERI NEWS","article_publisher":"Luiz Pr\u00f3speri","article_author":"Luiz Pr\u00f3speri","article_published_time":"2025-06-18T14:49:47+00:00","article_modified_time":"2025-06-18T14:53:13+00:00","og_image":[{"width":1536,"height":910,"url":"https:\/\/i0.wp.com\/blogdoprosperi.com\/wp-content\/uploads\/2025\/06\/se-palmeiras-head-coach-abel-ferreira-looks-on.webp?fit=1536%2C910&ssl=1","type":"image\/webp"}],"author":"Luiz Ant\u00f4nio Pr\u00f3speri","twitter_card":"summary_large_image","twitter_creator":"@Luizprosperi","twitter_site":"@Luizprosperi","twitter_misc":{"Escrito por":"Luiz Ant\u00f4nio Pr\u00f3speri","Est. tempo de leitura":"6 minutos"},"schema":{"@context":"https:\/\/schema.org","@graph":[{"@type":"Article","@id":"https:\/\/blogdoprosperi.com\/?p=51384#article","isPartOf":{"@id":"https:\/\/blogdoprosperi.com\/?p=51384"},"author":{"name":"Luiz Ant\u00f4nio Pr\u00f3speri","@id":"https:\/\/blogdoprosperi.com\/#\/schema\/person\/38100755ce3601861ee4fab9b5aa78e9"},"headline":"Fifa | As Reinven\u00e7\u00f5es de Abel para Manter Palmeiras Lutando no Topo por 5 Anos","datePublished":"2025-06-18T14:49:47+00:00","dateModified":"2025-06-18T14:53:13+00:00","mainEntityOfPage":{"@id":"https:\/\/blogdoprosperi.com\/?p=51384"},"wordCount":1247,"commentCount":0,"publisher":{"@id":"https:\/\/blogdoprosperi.com\/#\/schema\/person\/38100755ce3601861ee4fab9b5aa78e9"},"image":{"@id":"https:\/\/blogdoprosperi.com\/?p=51384#primaryimage"},"thumbnailUrl":"https:\/\/i0.wp.com\/blogdoprosperi.com\/wp-content\/uploads\/2025\/06\/se-palmeiras-head-coach-abel-ferreira-looks-on.webp?fit=1536%2C910&ssl=1","keywords":["abel ferreira","endrick","Estev\u00e3o","futebol","Luiz Ant\u00f4nio Pr\u00f3speri","mundial de clubes Fifa","Palmeiras","Palmeiras topo 5 anos"],"articleSection":["futebol","informa\u00e7\u00e3o","mundial de clubes 2025","opini\u00e3o"],"inLanguage":"pt-BR","potentialAction":[{"@type":"CommentAction","name":"Comment","target":["https:\/\/blogdoprosperi.com\/?p=51384#respond"]}]},{"@type":"WebPage","@id":"https:\/\/blogdoprosperi.com\/?p=51384","url":"https:\/\/blogdoprosperi.com\/?p=51384","name":"Fifa | As Reinven\u00e7\u00f5es de Abel para Manter Palmeiras Lutando no Topo por 5 Anos - PR\u00d3SPERI NEWS","isPartOf":{"@id":"https:\/\/blogdoprosperi.com\/#website"},"primaryImageOfPage":{"@id":"https:\/\/blogdoprosperi.com\/?p=51384#primaryimage"},"image":{"@id":"https:\/\/blogdoprosperi.com\/?p=51384#primaryimage"},"thumbnailUrl":"https:\/\/i0.wp.com\/blogdoprosperi.com\/wp-content\/uploads\/2025\/06\/se-palmeiras-head-coach-abel-ferreira-looks-on.webp?fit=1536%2C910&ssl=1","datePublished":"2025-06-18T14:49:47+00:00","dateModified":"2025-06-18T14:53:13+00:00","breadcrumb":{"@id":"https:\/\/blogdoprosperi.com\/?p=51384#breadcrumb"},"inLanguage":"pt-BR","potentialAction":[{"@type":"ReadAction","target":["https:\/\/blogdoprosperi.com\/?p=51384"]}]},{"@type":"ImageObject","inLanguage":"pt-BR","@id":"https:\/\/blogdoprosperi.com\/?p=51384#primaryimage","url":"https:\/\/i0.wp.com\/blogdoprosperi.com\/wp-content\/uploads\/2025\/06\/se-palmeiras-head-coach-abel-ferreira-looks-on.webp?fit=1536%2C910&ssl=1","contentUrl":"https:\/\/i0.wp.com\/blogdoprosperi.com\/wp-content\/uploads\/2025\/06\/se-palmeiras-head-coach-abel-ferreira-looks-on.webp?fit=1536%2C910&ssl=1","width":1536,"height":910,"caption":"Abel Ferreira no Mundial de Clubes \u2013 foto: Fifa oficial"},{"@type":"BreadcrumbList","@id":"https:\/\/blogdoprosperi.com\/?p=51384#breadcrumb","itemListElement":[{"@type":"ListItem","position":1,"name":"In\u00edcio","item":"https:\/\/blogdoprosperi.com\/"},{"@type":"ListItem","position":2,"name":"Fifa | As Reinven\u00e7\u00f5es de Abel para Manter Palmeiras Lutando no Topo por 5 Anos"}]},{"@type":"WebSite","@id":"https:\/\/blogdoprosperi.com\/#website","url":"https:\/\/blogdoprosperi.com\/","name":"PR\u00d3SPERI NEWS","description":"TUDO \u00c9  FUTEBOL","publisher":{"@id":"https:\/\/blogdoprosperi.com\/#\/schema\/person\/38100755ce3601861ee4fab9b5aa78e9"},"alternateName":"blogdoprosperi.com","potentialAction":[{"@type":"SearchAction","target":{"@type":"EntryPoint","urlTemplate":"https:\/\/blogdoprosperi.com\/?s={search_term_string}"},"query-input":{"@type":"PropertyValueSpecification","valueRequired":true,"valueName":"search_term_string"}}],"inLanguage":"pt-BR"},{"@type":["Person","Organization"],"@id":"https:\/\/blogdoprosperi.com\/#\/schema\/person\/38100755ce3601861ee4fab9b5aa78e9","name":"Luiz Ant\u00f4nio Pr\u00f3speri","pronouns":"ele","image":{"@type":"ImageObject","inLanguage":"pt-BR","@id":"https:\/\/i0.wp.com\/blogdoprosperi.com\/wp-content\/uploads\/2026\/05\/cropped-8059e613-6002-42fa-961e-8e275f575d71-2-5.jpg?fit=1360%2C931&ssl=1","url":"https:\/\/i0.wp.com\/blogdoprosperi.com\/wp-content\/uploads\/2026\/05\/cropped-8059e613-6002-42fa-961e-8e275f575d71-2-5.jpg?fit=1360%2C931&ssl=1","contentUrl":"https:\/\/i0.wp.com\/blogdoprosperi.com\/wp-content\/uploads\/2026\/05\/cropped-8059e613-6002-42fa-961e-8e275f575d71-2-5.jpg?fit=1360%2C931&ssl=1","width":1360,"height":931,"caption":"Luiz Ant\u00f4nio Pr\u00f3speri"},"logo":{"@id":"https:\/\/i0.wp.com\/blogdoprosperi.com\/wp-content\/uploads\/2026\/05\/cropped-8059e613-6002-42fa-961e-8e275f575d71-2-5.jpg?fit=1360%2C931&ssl=1"},"description":"Jornalista com carreira dedicada ao esporte. Cobriu 9 Copas do Mundo in loco, 1990 na It\u00e1lia, 1994 nos EUA, 1998 na Fran\u00e7a, 2002 na Coreia do Sul e Jap\u00e3o, 2006 na Alemanha, 2010 na \u00c1frica do Sul, 2014 no Brasil, 2018 na R\u00fassia e 2022 no Qatar. Eurocopas, 1992 na Su\u00e9cia e 1996 na Inglaterra. Copa das Confedera\u00e7\u00f5es de 2005 na Alemanha e 2009 na \u00c1frica do Sul. Rep\u00f3rter e Editor, trabalhou no Jornal da Tarde e Estad\u00e3o, de 1984 a fevereiro de 2016. Colunista, blogueiro. E comentarista de futebol na R\u00e1dio Estad\u00e3o, de 2013 a fevereiro de 2016. Jornalista respons\u00e1vel do \"Pr\u00f3speri News\" (blogdoprosperi.com).","sameAs":["http:\/\/blogdoprosperi.com","Luiz Pr\u00f3speri","@luiz_prosperi","https:\/\/x.com\/Luizprosperi","@prosperinacopa","luiz.prosperi@icloud.com"],"url":"https:\/\/blogdoprosperi.com\/?author=102107496"}]}},"jetpack_publicize_connections":[],"jetpack_likes_enabled":false,"jetpack_sharing_enabled":true,"jetpack_shortlink":"https:\/\/wp.me\/p7jvdk-dmM","jetpack-related-posts":[{"id":51075,"url":"https:\/\/blogdoprosperi.com\/?p=51075","url_meta":{"origin":51384,"position":0},"title":"#Cr\u00f4nicaSab\u00e1tica #23| Abel, Enfim, Apresenta Sua Revolu\u00e7\u00e3o aos Europeus","author":"Luiz Ant\u00f4nio Pr\u00f3speri","date":"14 de junho de 2025","format":false,"excerpt":"Luiz Ant\u00f4nio Pr\u00f3speri \u2013 14 junho (10h05) \u2013 Abel Ferreira anda entusiasmado em Greensboro, Carolina do Norte, EUA. H\u00e1 cinco dias transborda sua euforia nos ajustes finais do Palmeiras a estrear no Mundial de Clubes contra o Porto, neste domingo (15\/6), em New Jersey. Tempo de mostrar \u00e0 comunidade do\u2026","rel":"","context":"Em &quot;futebol&quot;","block_context":{"text":"futebol","link":"https:\/\/blogdoprosperi.com\/?cat=53870"},"img":{"alt_text":"Abel no Mundial de Clubes","src":"https:\/\/i0.wp.com\/blogdoprosperi.com\/wp-content\/uploads\/2025\/06\/captura-de-tela-2025-06-13-as-23.52.09.png?fit=1200%2C773&ssl=1&resize=350%2C200","width":350,"height":200,"srcset":"https:\/\/i0.wp.com\/blogdoprosperi.com\/wp-content\/uploads\/2025\/06\/captura-de-tela-2025-06-13-as-23.52.09.png?fit=1200%2C773&ssl=1&resize=350%2C200 1x, https:\/\/i0.wp.com\/blogdoprosperi.com\/wp-content\/uploads\/2025\/06\/captura-de-tela-2025-06-13-as-23.52.09.png?fit=1200%2C773&ssl=1&resize=525%2C300 1.5x, https:\/\/i0.wp.com\/blogdoprosperi.com\/wp-content\/uploads\/2025\/06\/captura-de-tela-2025-06-13-as-23.52.09.png?fit=1200%2C773&ssl=1&resize=700%2C400 2x, https:\/\/i0.wp.com\/blogdoprosperi.com\/wp-content\/uploads\/2025\/06\/captura-de-tela-2025-06-13-as-23.52.09.png?fit=1200%2C773&ssl=1&resize=1050%2C600 3x"},"classes":[]},{"id":51488,"url":"https:\/\/blogdoprosperi.com\/?p=51488","url_meta":{"origin":51384,"position":1},"title":"Mundial de Clubes | V\u00eddeo: Palmeiras 2 a 0 Al Ahly \u2013 Melhores Momentos","author":"Luiz Ant\u00f4nio Pr\u00f3speri","date":"19 de junho de 2025","format":false,"excerpt":"Acompanhe melhores momentos da vit\u00f3ria Palmeiras 2 a 0 Al Ahly. V\u00eddeo oficial Fifa: Clique aqui: https:\/\/www.fifa.com\/pt\/watch\/6LARHAbBjRkh4EhcptwNEX Relat\u00f3rio Fifa \u2013 \u00a0No tira-teima entre SE Palmeiras e Al Ahly FC, melhor para o time brasileiro. Com uma vit\u00f3ria de cada lado nos dois encontros anteriores entre eles -- ambos pela Copa\u2026","rel":"","context":"Em &quot;futebol&quot;","block_context":{"text":"futebol","link":"https:\/\/blogdoprosperi.com\/?cat=53870"},"img":{"alt_text":"Flaco Lopez leva Palmeiras ao c\u00e9u","src":"https:\/\/i0.wp.com\/blogdoprosperi.com\/wp-content\/uploads\/2025\/06\/se-palmeiras-v-al-ahly-sc-group-a-fifa-club-world-cup-2025.webp?fit=1200%2C878&ssl=1&resize=350%2C200","width":350,"height":200,"srcset":"https:\/\/i0.wp.com\/blogdoprosperi.com\/wp-content\/uploads\/2025\/06\/se-palmeiras-v-al-ahly-sc-group-a-fifa-club-world-cup-2025.webp?fit=1200%2C878&ssl=1&resize=350%2C200 1x, https:\/\/i0.wp.com\/blogdoprosperi.com\/wp-content\/uploads\/2025\/06\/se-palmeiras-v-al-ahly-sc-group-a-fifa-club-world-cup-2025.webp?fit=1200%2C878&ssl=1&resize=525%2C300 1.5x, https:\/\/i0.wp.com\/blogdoprosperi.com\/wp-content\/uploads\/2025\/06\/se-palmeiras-v-al-ahly-sc-group-a-fifa-club-world-cup-2025.webp?fit=1200%2C878&ssl=1&resize=700%2C400 2x, https:\/\/i0.wp.com\/blogdoprosperi.com\/wp-content\/uploads\/2025\/06\/se-palmeiras-v-al-ahly-sc-group-a-fifa-club-world-cup-2025.webp?fit=1200%2C878&ssl=1&resize=1050%2C600 3x"},"classes":[]},{"id":52605,"url":"https:\/\/blogdoprosperi.com\/?p=52605","url_meta":{"origin":51384,"position":2},"title":"Palmeiras Ainda Pode Ter um Mundial em 2025","author":"Luiz Ant\u00f4nio Pr\u00f3speri","date":"5 de julho de 2025","format":false,"excerpt":"Luiz Ant\u00f4nio Pr\u00f3speri \u2013 5 de julho (11h57) \u2013 Palmeiras n\u00e3o tem Mundial. O drama continua. Rivais, em desvantagem nas conquistas nacionais e sul-americanas nos \u00faltimos dez anos, se agarram a esse carma e tripudiam. Est\u00e1 escrito que o futebol aceita tudo isso. A realidade, por\u00e9m, \u00e9 bem diferente. Cair\u2026","rel":"","context":"Em &quot;futebol&quot;","block_context":{"text":"futebol","link":"https:\/\/blogdoprosperi.com\/?cat=53870"},"img":{"alt_text":"Palmeiras pode ser campe\u00e3o mundial em 2025","src":"https:\/\/i0.wp.com\/blogdoprosperi.com\/wp-content\/uploads\/2025\/07\/54632869517_39d78d8e3e_c.jpg?fit=800%2C450&ssl=1&resize=350%2C200","width":350,"height":200,"srcset":"https:\/\/i0.wp.com\/blogdoprosperi.com\/wp-content\/uploads\/2025\/07\/54632869517_39d78d8e3e_c.jpg?fit=800%2C450&ssl=1&resize=350%2C200 1x, https:\/\/i0.wp.com\/blogdoprosperi.com\/wp-content\/uploads\/2025\/07\/54632869517_39d78d8e3e_c.jpg?fit=800%2C450&ssl=1&resize=525%2C300 1.5x, https:\/\/i0.wp.com\/blogdoprosperi.com\/wp-content\/uploads\/2025\/07\/54632869517_39d78d8e3e_c.jpg?fit=800%2C450&ssl=1&resize=700%2C400 2x"},"classes":[]},{"id":52156,"url":"https:\/\/blogdoprosperi.com\/?p=52156","url_meta":{"origin":51384,"position":3},"title":"Mundial de Clubes | V\u00eddeo: Palmeiras 1 a 0 Botafogo \u2013 Melhores Momentos","author":"Luiz Ant\u00f4nio Pr\u00f3speri","date":"28 de junho de 2025","format":false,"excerpt":"Acompanhe melhores momentos de Palmeiras 1 a 0 Botafogo nas oitavas do Mundial de Clubes. Palmeiras avan\u00e7a \u00e0s quartas de final. V\u00eddeo oficial Fifa: Clique aqui: https:\/\/www.fifa.com\/pt\/watch\/304RBxwSo3IWqf3tgv1h9A","rel":"","context":"Em &quot;Fifa&quot;","block_context":{"text":"Fifa","link":"https:\/\/blogdoprosperi.com\/?cat=187969"},"img":{"alt_text":"","src":"https:\/\/i0.wp.com\/blogdoprosperi.com\/wp-content\/uploads\/2025\/06\/54620051713_45c7643a03_c.jpg?fit=800%2C450&ssl=1&resize=350%2C200","width":350,"height":200,"srcset":"https:\/\/i0.wp.com\/blogdoprosperi.com\/wp-content\/uploads\/2025\/06\/54620051713_45c7643a03_c.jpg?fit=800%2C450&ssl=1&resize=350%2C200 1x, https:\/\/i0.wp.com\/blogdoprosperi.com\/wp-content\/uploads\/2025\/06\/54620051713_45c7643a03_c.jpg?fit=800%2C450&ssl=1&resize=525%2C300 1.5x, https:\/\/i0.wp.com\/blogdoprosperi.com\/wp-content\/uploads\/2025\/06\/54620051713_45c7643a03_c.jpg?fit=800%2C450&ssl=1&resize=700%2C400 2x"},"classes":[]},{"id":52633,"url":"https:\/\/blogdoprosperi.com\/?p=52633","url_meta":{"origin":51384,"position":4},"title":"V\u00eddeo | Palmeiras 1 a 2 Chelsea \u2013 Melhores Momentos","author":"Luiz Ant\u00f4nio Pr\u00f3speri","date":"5 de julho de 2025","format":false,"excerpt":"Acompanhe melhores momentos de Palmeiras 1 a 2 Chelsea. Palmeiras fora do Mundial de Clubes. Chelsea avan\u00e7a \u00e0s semifinais e vai enfrentar o Fluminense. V\u00eddeo oficial Fifa: Clique aqui https:\/\/www.fifa.com\/pt\/watch\/5scc7PNNUJdsD7lagninCG","rel":"","context":"Em &quot;futebol&quot;","block_context":{"text":"futebol","link":"https:\/\/blogdoprosperi.com\/?cat=53870"},"img":{"alt_text":"Palmeiras fora do Mundial","src":"https:\/\/i0.wp.com\/blogdoprosperi.com\/wp-content\/uploads\/2025\/07\/54633864666_0d07e5070e_c.jpg?fit=800%2C450&ssl=1&resize=350%2C200","width":350,"height":200,"srcset":"https:\/\/i0.wp.com\/blogdoprosperi.com\/wp-content\/uploads\/2025\/07\/54633864666_0d07e5070e_c.jpg?fit=800%2C450&ssl=1&resize=350%2C200 1x, https:\/\/i0.wp.com\/blogdoprosperi.com\/wp-content\/uploads\/2025\/07\/54633864666_0d07e5070e_c.jpg?fit=800%2C450&ssl=1&resize=525%2C300 1.5x, https:\/\/i0.wp.com\/blogdoprosperi.com\/wp-content\/uploads\/2025\/07\/54633864666_0d07e5070e_c.jpg?fit=800%2C450&ssl=1&resize=700%2C400 2x"},"classes":[]},{"id":54358,"url":"https:\/\/blogdoprosperi.com\/?p=54358","url_meta":{"origin":51384,"position":5},"title":"Leila Pereira Acerta ao Insistir na Renova\u00e7\u00e3o do Contrato de Abel Ferreira","author":"Luiz Ant\u00f4nio Pr\u00f3speri","date":"8 de agosto de 2025","format":false,"excerpt":"Leila Pereira n\u00e3o admite perder Abel Ferreira. Insiste na renova\u00e7\u00e3o do contrato at\u00e9 dezembro de 2027. \"Para deixar claro a todos, que este \u00e9 o desejo da Sociedade Esportiva Palmeiras. Continuo acreditando no trabalho desenvolvido pelo nosso treinador e comiss\u00e3o t\u00e9cnica e nosso diretor de futebol\", esclarece a presidenta. \"Quem\u2026","rel":"","context":"Em &quot;Copa Libertadores&quot;","block_context":{"text":"Copa Libertadores","link":"https:\/\/blogdoprosperi.com\/?cat=270704"},"img":{"alt_text":"Leila Pereira quer renovar contrato de Abel Ferreira","src":"https:\/\/i0.wp.com\/blogdoprosperi.com\/wp-content\/uploads\/2025\/08\/54708100744_2c747fe698_c.jpg?fit=800%2C450&ssl=1&resize=350%2C200","width":350,"height":200,"srcset":"https:\/\/i0.wp.com\/blogdoprosperi.com\/wp-content\/uploads\/2025\/08\/54708100744_2c747fe698_c.jpg?fit=800%2C450&ssl=1&resize=350%2C200 1x, https:\/\/i0.wp.com\/blogdoprosperi.com\/wp-content\/uploads\/2025\/08\/54708100744_2c747fe698_c.jpg?fit=800%2C450&ssl=1&resize=525%2C300 1.5x, https:\/\/i0.wp.com\/blogdoprosperi.com\/wp-content\/uploads\/2025\/08\/54708100744_2c747fe698_c.jpg?fit=800%2C450&ssl=1&resize=700%2C400 2x"},"classes":[]}],"jetpack_featured_media_url":"https:\/\/i0.wp.com\/blogdoprosperi.com\/wp-content\/uploads\/2025\/06\/se-palmeiras-head-coach-abel-ferreira-looks-on.webp?fit=1536%2C910&ssl=1","_links":{"self":[{"href":"https:\/\/blogdoprosperi.com\/index.php?rest_route=\/wp\/v2\/posts\/51384","targetHints":{"allow":["GET"]}}],"collection":[{"href":"https:\/\/blogdoprosperi.com\/index.php?rest_route=\/wp\/v2\/posts"}],"about":[{"href":"https:\/\/blogdoprosperi.com\/index.php?rest_route=\/wp\/v2\/types\/post"}],"author":[{"embeddable":true,"href":"https:\/\/blogdoprosperi.com\/index.php?rest_route=\/wp\/v2\/users\/102107496"}],"replies":[{"embeddable":true,"href":"https:\/\/blogdoprosperi.com\/index.php?rest_route=%2Fwp%2Fv2%2Fcomments&post=51384"}],"version-history":[{"count":10,"href":"https:\/\/blogdoprosperi.com\/index.php?rest_route=\/wp\/v2\/posts\/51384\/revisions"}],"predecessor-version":[{"id":51396,"href":"https:\/\/blogdoprosperi.com\/index.php?rest_route=\/wp\/v2\/posts\/51384\/revisions\/51396"}],"wp:featuredmedia":[{"embeddable":true,"href":"https:\/\/blogdoprosperi.com\/index.php?rest_route=\/wp\/v2\/media\/51390"}],"wp:attachment":[{"href":"https:\/\/blogdoprosperi.com\/index.php?rest_route=%2Fwp%2Fv2%2Fmedia&parent=51384"}],"wp:term":[{"taxonomy":"category","embeddable":true,"href":"https:\/\/blogdoprosperi.com\/index.php?rest_route=%2Fwp%2Fv2%2Fcategories&post=51384"},{"taxonomy":"post_tag","embeddable":true,"href":"https:\/\/blogdoprosperi.com\/index.php?rest_route=%2Fwp%2Fv2%2Ftags&post=51384"}],"curies":[{"name":"wp","href":"https:\/\/api.w.org\/{rel}","templated":true}]}}