{"id":51404,"date":"2025-06-18T17:48:25","date_gmt":"2025-06-18T20:48:25","guid":{"rendered":"https:\/\/blogdoprosperi.com\/?p=51404"},"modified":"2025-06-18T17:48:25","modified_gmt":"2025-06-18T20:48:25","slug":"palmeiras-tem-mundial-fifa-diz-que-alviverde-tem-a-copa-intercontinental","status":"publish","type":"post","link":"https:\/\/blogdoprosperi.com\/?p=51404","title":{"rendered":"Palmeiras Tem Mundial ? Fifa Diz Que Alviverde Tem a Copa Intercontinental"},"content":{"rendered":"<p><em>Luiz Ant\u00f4nio Pr\u00f3speri \u2013 18 junho (17h10) \u2013<\/em><\/p>\n<p>Palmeiras tem Mundial? A Fifa diz que sim ao publicar relat\u00f3rio dos 32 clubes participantes do Mundial de Clubes 2025. Documento gr\u00e1fico, divulgado ter\u00e7a-feira (17\/6), elenca todas as conquistas de cada um dos clubes. No quadro do Palmeiras, a Fifa reconhece a Copa Rio 1951 como Copa Intercontinental \u2013 mesmo peso dado \u00e0s Copas Intercontinentais conquistadas por Gr\u00eamio, Flamengo, S\u00e3o Paulo, por exemplo. Era a Copa Toyota em jogo \u00fanico entre o campe\u00e3o da Am\u00e9rica do Sul e o campe\u00e3o da Europa. Era a chancela de campe\u00e3o mundial antes de a Fifa acolher o torneio e reconhecer os t\u00edtulos.<\/p>\n<p>Ao autenticar a Copa Rio 51 como Copa Intercontinental, a Fifa reconhece o pedido do Palmeiras como campe\u00e3o mundial. Seria simples n\u00e3o fosse a pol\u00eamica e desd\u00e9m dos rivais do clube paulista. Mais que isso: a falta de um <strong>documento oficial da Fifa patenteando a conquista do Palmeiras.<\/strong><\/p>\n<p>Outro estranhamento vem da pr\u00f3pria Fifa no seu site oficial. Ao acessar a p\u00e1gina do &#8220;Fifa publica Relat\u00f3rio de Clubes da Copa do Mundo de Clubes 2025&#8221;, site remete \u00e0 p\u00e1gina &#8220;inside-Fifa&#8221;. E a mensagem que aparece \u00e9: &#8220;Desculpa \u2013 essa p\u00e1gina n\u00e3o est\u00e1 dispon\u00edvel&#8221;.<\/p>\n<p>Mensagens dispon\u00edveis no site oficial da Fifa a partir das 16h e pelo menos at\u00e9 \u00e0s 17h25 desta quarta-feira (18\/6). Confira:<\/p>\n<p>Voc\u00ea abre essa p\u00e1gina e vai no t\u00f3pico e clica no &#8220;Organiza\u00e7\u00e3o&#8221; \u2013 Fifa publica Relat\u00f3rio de Clubes da Copa do Mundo de Clubes da Fifa 2025&#8243; \u2013 17 de junho 2025:<\/p>\n<p><span class=\"alignnone\"><img data-recalc-dims=\"1\" loading=\"lazy\" decoding=\"async\" data-attachment-id=\"51407\" data-permalink=\"https:\/\/blogdoprosperi.com\/?attachment_id=51407\" data-orig-file=\"https:\/\/i0.wp.com\/blogdoprosperi.com\/wp-content\/uploads\/2025\/06\/captura-de-tela-2025-06-18-as-17.13.05.png?fit=2518%2C924&amp;ssl=1\" data-orig-size=\"2518,924\" data-comments-opened=\"1\" data-image-meta=\"{&quot;aperture&quot;:&quot;0&quot;,&quot;credit&quot;:&quot;&quot;,&quot;camera&quot;:&quot;&quot;,&quot;caption&quot;:&quot;&quot;,&quot;created_timestamp&quot;:&quot;0&quot;,&quot;copyright&quot;:&quot;&quot;,&quot;focal_length&quot;:&quot;0&quot;,&quot;iso&quot;:&quot;0&quot;,&quot;shutter_speed&quot;:&quot;0&quot;,&quot;title&quot;:&quot;&quot;,&quot;orientation&quot;:&quot;0&quot;}\" data-image-title=\"Captura de Tela 2025-06-18 \u00e0s 17.13.05\" data-image-description=\"&lt;p&gt;imagem do site oficial da Fifa \u00e0s 17h18&lt;\/p&gt;\n\" data-image-caption=\"\" data-large-file=\"https:\/\/i0.wp.com\/blogdoprosperi.com\/wp-content\/uploads\/2025\/06\/captura-de-tela-2025-06-18-as-17.13.05.png?fit=940%2C345&amp;ssl=1\" class=\"alignnone size-large wp-image-51407\" src=\"https:\/\/i0.wp.com\/blogdoprosperi.com\/wp-content\/uploads\/2025\/06\/captura-de-tela-2025-06-18-as-17.13.05.png?resize=720%2C264&#038;ssl=1\" alt=\"\" width=\"720\" height=\"264\" \/><\/span><\/p>\n<hr \/>\n<p>Ao dar o clique no &#8220;Relat\u00f3rio&#8230;&#8221;, uma outra p\u00e1gina aparece com essa imagem abaixo:<\/p>\n<figure id=\"attachment_51408\" aria-describedby=\"caption-attachment-51408\" style=\"width: 720px\" class=\"wp-caption alignnone\"><img data-recalc-dims=\"1\" loading=\"lazy\" decoding=\"async\" data-attachment-id=\"51408\" data-permalink=\"https:\/\/blogdoprosperi.com\/?attachment_id=51408\" data-orig-file=\"https:\/\/i0.wp.com\/blogdoprosperi.com\/wp-content\/uploads\/2025\/06\/captura-de-tela-2025-06-18-as-16.14.49.png?fit=1962%2C1354&amp;ssl=1\" data-orig-size=\"1962,1354\" data-comments-opened=\"1\" data-image-meta=\"{&quot;aperture&quot;:&quot;0&quot;,&quot;credit&quot;:&quot;&quot;,&quot;camera&quot;:&quot;&quot;,&quot;caption&quot;:&quot;&quot;,&quot;created_timestamp&quot;:&quot;0&quot;,&quot;copyright&quot;:&quot;&quot;,&quot;focal_length&quot;:&quot;0&quot;,&quot;iso&quot;:&quot;0&quot;,&quot;shutter_speed&quot;:&quot;0&quot;,&quot;title&quot;:&quot;&quot;,&quot;orientation&quot;:&quot;0&quot;}\" data-image-title=\"Captura de Tela 2025-06-18 \u00e0s 16.14.49\" data-image-description=\"\" data-image-caption=\"&lt;p&gt;imagem do site oficial Fifa&lt;\/p&gt;\n\" data-large-file=\"https:\/\/i0.wp.com\/blogdoprosperi.com\/wp-content\/uploads\/2025\/06\/captura-de-tela-2025-06-18-as-16.14.49.png?fit=940%2C649&amp;ssl=1\" class=\"size-large wp-image-51408\" src=\"https:\/\/i0.wp.com\/blogdoprosperi.com\/wp-content\/uploads\/2025\/06\/captura-de-tela-2025-06-18-as-16.14.49.png?resize=720%2C497&#038;ssl=1\" alt=\"\" width=\"720\" height=\"497\" \/><figcaption id=\"caption-attachment-51408\" class=\"wp-caption-text\"><em>imagem do site oficial Fifa<\/em><\/figcaption><\/figure>\n<hr \/>\n<p>Quem conseguiu acessar antes de a Fifa fechar a p\u00e1gina do &#8220;Relat\u00f3rio dos Clubes&#8221; encontrou o gr\u00e1fico abaixo (recorte publicado na plataforma X \u2013 Twitter). Confira:<\/p>\n<p><span class=\"alignnone\"><img data-recalc-dims=\"1\" loading=\"lazy\" decoding=\"async\" data-attachment-id=\"51414\" data-permalink=\"https:\/\/blogdoprosperi.com\/?attachment_id=51414\" data-orig-file=\"https:\/\/i0.wp.com\/blogdoprosperi.com\/wp-content\/uploads\/2025\/06\/gtvog2gxuaanozr.jpeg?fit=990%2C1200&amp;ssl=1\" data-orig-size=\"990,1200\" data-comments-opened=\"1\" data-image-meta=\"{&quot;aperture&quot;:&quot;0&quot;,&quot;credit&quot;:&quot;&quot;,&quot;camera&quot;:&quot;&quot;,&quot;caption&quot;:&quot;&quot;,&quot;created_timestamp&quot;:&quot;0&quot;,&quot;copyright&quot;:&quot;&quot;,&quot;focal_length&quot;:&quot;0&quot;,&quot;iso&quot;:&quot;0&quot;,&quot;shutter_speed&quot;:&quot;0&quot;,&quot;title&quot;:&quot;&quot;,&quot;orientation&quot;:&quot;0&quot;}\" data-image-title=\"GtvOg2GXUAAnoZR\" data-image-description=\"\" data-image-caption=\"\" data-large-file=\"https:\/\/i0.wp.com\/blogdoprosperi.com\/wp-content\/uploads\/2025\/06\/gtvog2gxuaanozr.jpeg?fit=845%2C1024&amp;ssl=1\" class=\"alignnone size-large wp-image-51414\" src=\"https:\/\/i0.wp.com\/blogdoprosperi.com\/wp-content\/uploads\/2025\/06\/gtvog2gxuaanozr.jpeg?resize=720%2C873&#038;ssl=1\" alt=\"\" width=\"720\" height=\"873\" \/><\/span><\/p>\n<hr \/>\n<p>Primeira p\u00e1gina da Gazeta Esportiva da edi\u00e7\u00e3o de 22 de julho de 1951<\/p>\n<figure id=\"attachment_51415\" aria-describedby=\"caption-attachment-51415\" style=\"width: 680px\" class=\"wp-caption alignnone\"><img data-recalc-dims=\"1\" loading=\"lazy\" decoding=\"async\" data-attachment-id=\"51415\" data-permalink=\"https:\/\/blogdoprosperi.com\/?attachment_id=51415\" data-orig-file=\"https:\/\/i0.wp.com\/blogdoprosperi.com\/wp-content\/uploads\/2025\/06\/60f87af97b614.jpg?fit=850%2C1280&amp;ssl=1\" data-orig-size=\"850,1280\" data-comments-opened=\"1\" data-image-meta=\"{&quot;aperture&quot;:&quot;0&quot;,&quot;credit&quot;:&quot;&quot;,&quot;camera&quot;:&quot;&quot;,&quot;caption&quot;:&quot;&quot;,&quot;created_timestamp&quot;:&quot;0&quot;,&quot;copyright&quot;:&quot;&quot;,&quot;focal_length&quot;:&quot;0&quot;,&quot;iso&quot;:&quot;0&quot;,&quot;shutter_speed&quot;:&quot;0&quot;,&quot;title&quot;:&quot;&quot;,&quot;orientation&quot;:&quot;0&quot;}\" data-image-title=\"60f87af97b614\" data-image-description=\"\" data-image-caption=\"&lt;p&gt;Primeira p\u00e1gina do jornal Gazeta Esportiva \u2013 reprodu\u00e7\u00e3o&lt;\/p&gt;\n\" data-large-file=\"https:\/\/i0.wp.com\/blogdoprosperi.com\/wp-content\/uploads\/2025\/06\/60f87af97b614.jpg?fit=680%2C1024&amp;ssl=1\" class=\"size-large wp-image-51415\" src=\"https:\/\/i0.wp.com\/blogdoprosperi.com\/wp-content\/uploads\/2025\/06\/60f87af97b614.jpg?resize=680%2C1024&#038;ssl=1\" alt=\"\" width=\"680\" height=\"1024\" \/><figcaption id=\"caption-attachment-51415\" class=\"wp-caption-text\">Primeira p\u00e1gina do jornal Gazeta Esportiva \u2013 reprodu\u00e7\u00e3o<\/figcaption><\/figure>\n","protected":false},"excerpt":{"rendered":"<p>Luiz Ant\u00f4nio Pr\u00f3speri \u2013 18 junho (17h10) \u2013 Palmeiras tem Mundial? A Fifa diz que sim ao publicar [&hellip;]<\/p>\n","protected":false},"author":102107496,"featured_media":51416,"comment_status":"open","ping_status":"open","sticky":false,"template":"","format":"standard","meta":{"_coblocks_attr":"","_coblocks_dimensions":"","_coblocks_responsive_height":"","_coblocks_accordion_ie_support":"","_jetpack_newsletter_access":"","_jetpack_dont_email_post_to_subs":false,"_jetpack_newsletter_tier_id":0,"_jetpack_memberships_contains_paywalled_content":false,"_wpcom_ai_launchpad_first_post":false,"_jetpack_feature_clip_id":0,"_jetpack_memberships_contains_paid_content":false,"footnotes":"","jetpack_publicize_message":"","jetpack_publicize_feature_enabled":true,"jetpack_social_post_already_shared":false,"jetpack_social_options":{"image_generator_settings":{"template":"highway","default_image_id":0,"font":"","enabled":false},"version":2},"jetpack_post_was_ever_published":false},"categories":[53870,20384,772984667],"tags":[1618438,21506755,1814484,789560563,789560560,789560573,789560583,102550467],"class_list":["post-51404","post","type-post","status-publish","format-standard","has-post-thumbnail","hentry","category-futebol","category-informacao","category-mundial-de-clubes-2025","tag-copa-intercontinental","tag-copa-rio-1951","tag-copa-toyota","tag-fifa","tag-futebol","tag-luiz-antonio-prosperi","tag-mundial-de-clubes-2025","tag-palmeiras-campeao-mundial"],"yoast_head":"<!-- This site is optimized with the Yoast SEO plugin v28.4 - https:\/\/yoast.com\/product\/yoast-seo-wordpress\/ -->\n<title>Palmeiras Tem Mundial ? Fifa Diz Que Alviverde Tem a Copa Intercontinental - PR\u00d3SPERI NEWS<\/title>\n<meta name=\"robots\" content=\"index, follow, max-snippet:-1, max-image-preview:large, max-video-preview:-1\" \/>\n<link rel=\"canonical\" href=\"https:\/\/blogdoprosperi.com\/?p=51404\" \/>\n<meta property=\"og:locale\" content=\"pt_BR\" \/>\n<meta property=\"og:type\" content=\"article\" \/>\n<meta property=\"og:title\" content=\"Palmeiras Tem Mundial ? Fifa Diz Que Alviverde Tem a Copa Intercontinental - PR\u00d3SPERI NEWS\" \/>\n<meta property=\"og:description\" content=\"Luiz Ant\u00f4nio Pr\u00f3speri \u2013 18 junho (17h10) \u2013 Palmeiras tem Mundial? A Fifa diz que sim ao publicar [&hellip;]\" \/>\n<meta property=\"og:url\" content=\"https:\/\/blogdoprosperi.com\/?p=51404\" \/>\n<meta property=\"og:site_name\" content=\"PR\u00d3SPERI NEWS\" \/>\n<meta property=\"article:publisher\" content=\"Luiz Pr\u00f3speri\" \/>\n<meta property=\"article:author\" content=\"Luiz Pr\u00f3speri\" \/>\n<meta property=\"article:published_time\" content=\"2025-06-18T20:48:25+00:00\" \/>\n<meta property=\"og:image\" content=\"https:\/\/i0.wp.com\/blogdoprosperi.com\/wp-content\/uploads\/2025\/06\/taca-copa-rio-1951-qhnajxvka0jc.webp?fit=774%2C480&ssl=1\" \/>\n\t<meta property=\"og:image:width\" content=\"774\" \/>\n\t<meta property=\"og:image:height\" content=\"480\" \/>\n\t<meta property=\"og:image:type\" content=\"image\/webp\" \/>\n<meta name=\"author\" content=\"Luiz Ant\u00f4nio Pr\u00f3speri\" \/>\n<meta name=\"twitter:card\" content=\"summary_large_image\" \/>\n<meta name=\"twitter:creator\" content=\"@Luizprosperi\" \/>\n<meta name=\"twitter:site\" content=\"@Luizprosperi\" \/>\n<meta name=\"twitter:label1\" content=\"Escrito por\" \/>\n\t<meta name=\"twitter:data1\" content=\"Luiz Ant\u00f4nio Pr\u00f3speri\" \/>\n\t<meta name=\"twitter:label2\" content=\"Est. tempo de leitura\" \/>\n\t<meta name=\"twitter:data2\" content=\"2 minutos\" \/>\n<script type=\"application\/ld+json\" class=\"yoast-schema-graph\">{\"@context\":\"https:\\\/\\\/schema.org\",\"@graph\":[{\"@type\":\"Article\",\"@id\":\"https:\\\/\\\/blogdoprosperi.com\\\/?p=51404#article\",\"isPartOf\":{\"@id\":\"https:\\\/\\\/blogdoprosperi.com\\\/?p=51404\"},\"author\":{\"name\":\"Luiz Ant\u00f4nio Pr\u00f3speri\",\"@id\":\"https:\\\/\\\/blogdoprosperi.com\\\/#\\\/schema\\\/person\\\/38100755ce3601861ee4fab9b5aa78e9\"},\"headline\":\"Palmeiras Tem Mundial ? Fifa Diz Que Alviverde Tem a Copa Intercontinental\",\"datePublished\":\"2025-06-18T20:48:25+00:00\",\"mainEntityOfPage\":{\"@id\":\"https:\\\/\\\/blogdoprosperi.com\\\/?p=51404\"},\"wordCount\":358,\"commentCount\":0,\"publisher\":{\"@id\":\"https:\\\/\\\/blogdoprosperi.com\\\/#\\\/schema\\\/person\\\/38100755ce3601861ee4fab9b5aa78e9\"},\"image\":{\"@id\":\"https:\\\/\\\/blogdoprosperi.com\\\/?p=51404#primaryimage\"},\"thumbnailUrl\":\"https:\\\/\\\/i0.wp.com\\\/blogdoprosperi.com\\\/wp-content\\\/uploads\\\/2025\\\/06\\\/taca-copa-rio-1951-qhnajxvka0jc.webp?fit=774%2C480&ssl=1\",\"keywords\":[\"copa intercontinental\",\"copa rio 1951\",\"Copa Toyota\",\"Fifa\",\"futebol\",\"Luiz Ant\u00f4nio Pr\u00f3speri\",\"mundial de clubes 2025\",\"palmeiras campe\u00e3o mundial\"],\"articleSection\":[\"futebol\",\"informa\u00e7\u00e3o\",\"mundial de clubes 2025\"],\"inLanguage\":\"pt-BR\",\"potentialAction\":[{\"@type\":\"CommentAction\",\"name\":\"Comment\",\"target\":[\"https:\\\/\\\/blogdoprosperi.com\\\/?p=51404#respond\"]}]},{\"@type\":\"WebPage\",\"@id\":\"https:\\\/\\\/blogdoprosperi.com\\\/?p=51404\",\"url\":\"https:\\\/\\\/blogdoprosperi.com\\\/?p=51404\",\"name\":\"Palmeiras Tem Mundial ? Fifa Diz Que Alviverde Tem a Copa Intercontinental - PR\u00d3SPERI NEWS\",\"isPartOf\":{\"@id\":\"https:\\\/\\\/blogdoprosperi.com\\\/#website\"},\"primaryImageOfPage\":{\"@id\":\"https:\\\/\\\/blogdoprosperi.com\\\/?p=51404#primaryimage\"},\"image\":{\"@id\":\"https:\\\/\\\/blogdoprosperi.com\\\/?p=51404#primaryimage\"},\"thumbnailUrl\":\"https:\\\/\\\/i0.wp.com\\\/blogdoprosperi.com\\\/wp-content\\\/uploads\\\/2025\\\/06\\\/taca-copa-rio-1951-qhnajxvka0jc.webp?fit=774%2C480&ssl=1\",\"datePublished\":\"2025-06-18T20:48:25+00:00\",\"breadcrumb\":{\"@id\":\"https:\\\/\\\/blogdoprosperi.com\\\/?p=51404#breadcrumb\"},\"inLanguage\":\"pt-BR\",\"potentialAction\":[{\"@type\":\"ReadAction\",\"target\":[\"https:\\\/\\\/blogdoprosperi.com\\\/?p=51404\"]}]},{\"@type\":\"ImageObject\",\"inLanguage\":\"pt-BR\",\"@id\":\"https:\\\/\\\/blogdoprosperi.com\\\/?p=51404#primaryimage\",\"url\":\"https:\\\/\\\/i0.wp.com\\\/blogdoprosperi.com\\\/wp-content\\\/uploads\\\/2025\\\/06\\\/taca-copa-rio-1951-qhnajxvka0jc.webp?fit=774%2C480&ssl=1\",\"contentUrl\":\"https:\\\/\\\/i0.wp.com\\\/blogdoprosperi.com\\\/wp-content\\\/uploads\\\/2025\\\/06\\\/taca-copa-rio-1951-qhnajxvka0jc.webp?fit=774%2C480&ssl=1\",\"width\":774,\"height\":480,\"caption\":\"Ta\u00e7a da Copa Rio 1951 conquistada pelo Palmeiras \u2013 foto: reprodu\u00e7\u00e3o\"},{\"@type\":\"BreadcrumbList\",\"@id\":\"https:\\\/\\\/blogdoprosperi.com\\\/?p=51404#breadcrumb\",\"itemListElement\":[{\"@type\":\"ListItem\",\"position\":1,\"name\":\"In\u00edcio\",\"item\":\"https:\\\/\\\/blogdoprosperi.com\\\/\"},{\"@type\":\"ListItem\",\"position\":2,\"name\":\"Palmeiras Tem Mundial ? Fifa Diz Que Alviverde Tem a Copa Intercontinental\"}]},{\"@type\":\"WebSite\",\"@id\":\"https:\\\/\\\/blogdoprosperi.com\\\/#website\",\"url\":\"https:\\\/\\\/blogdoprosperi.com\\\/\",\"name\":\"PR\u00d3SPERI NEWS\",\"description\":\"TUDO \u00c9  FUTEBOL\",\"publisher\":{\"@id\":\"https:\\\/\\\/blogdoprosperi.com\\\/#\\\/schema\\\/person\\\/38100755ce3601861ee4fab9b5aa78e9\"},\"alternateName\":\"blogdoprosperi.com\",\"potentialAction\":[{\"@type\":\"SearchAction\",\"target\":{\"@type\":\"EntryPoint\",\"urlTemplate\":\"https:\\\/\\\/blogdoprosperi.com\\\/?s={search_term_string}\"},\"query-input\":{\"@type\":\"PropertyValueSpecification\",\"valueRequired\":true,\"valueName\":\"search_term_string\"}}],\"inLanguage\":\"pt-BR\"},{\"@type\":[\"Person\",\"Organization\"],\"@id\":\"https:\\\/\\\/blogdoprosperi.com\\\/#\\\/schema\\\/person\\\/38100755ce3601861ee4fab9b5aa78e9\",\"name\":\"Luiz Ant\u00f4nio Pr\u00f3speri\",\"pronouns\":\"ele\",\"image\":{\"@type\":\"ImageObject\",\"inLanguage\":\"pt-BR\",\"@id\":\"https:\\\/\\\/i0.wp.com\\\/blogdoprosperi.com\\\/wp-content\\\/uploads\\\/2026\\\/05\\\/cropped-8059e613-6002-42fa-961e-8e275f575d71-2-5.jpg?fit=1360%2C931&ssl=1\",\"url\":\"https:\\\/\\\/i0.wp.com\\\/blogdoprosperi.com\\\/wp-content\\\/uploads\\\/2026\\\/05\\\/cropped-8059e613-6002-42fa-961e-8e275f575d71-2-5.jpg?fit=1360%2C931&ssl=1\",\"contentUrl\":\"https:\\\/\\\/i0.wp.com\\\/blogdoprosperi.com\\\/wp-content\\\/uploads\\\/2026\\\/05\\\/cropped-8059e613-6002-42fa-961e-8e275f575d71-2-5.jpg?fit=1360%2C931&ssl=1\",\"width\":1360,\"height\":931,\"caption\":\"Luiz Ant\u00f4nio Pr\u00f3speri\"},\"logo\":{\"@id\":\"https:\\\/\\\/i0.wp.com\\\/blogdoprosperi.com\\\/wp-content\\\/uploads\\\/2026\\\/05\\\/cropped-8059e613-6002-42fa-961e-8e275f575d71-2-5.jpg?fit=1360%2C931&ssl=1\"},\"description\":\"Jornalista com carreira dedicada ao esporte. Cobriu 9 Copas do Mundo in loco, 1990 na It\u00e1lia, 1994 nos EUA, 1998 na Fran\u00e7a, 2002 na Coreia do Sul e Jap\u00e3o, 2006 na Alemanha, 2010 na \u00c1frica do Sul, 2014 no Brasil, 2018 na R\u00fassia e 2022 no Qatar. Eurocopas, 1992 na Su\u00e9cia e 1996 na Inglaterra. Copa das Confedera\u00e7\u00f5es de 2005 na Alemanha e 2009 na \u00c1frica do Sul. Rep\u00f3rter e Editor, trabalhou no Jornal da Tarde e Estad\u00e3o, de 1984 a fevereiro de 2016. Colunista, blogueiro. E comentarista de futebol na R\u00e1dio Estad\u00e3o, de 2013 a fevereiro de 2016. Jornalista respons\u00e1vel do \\\"Pr\u00f3speri News\\\" (blogdoprosperi.com).\",\"sameAs\":[\"http:\\\/\\\/blogdoprosperi.com\",\"Luiz Pr\u00f3speri\",\"@luiz_prosperi\",\"https:\\\/\\\/x.com\\\/Luizprosperi\",\"@prosperinacopa\",\"luiz.prosperi@icloud.com\"],\"url\":\"https:\\\/\\\/blogdoprosperi.com\\\/?author=102107496\"}]}<\/script>\n<!-- \/ Yoast SEO plugin. -->","yoast_head_json":{"title":"Palmeiras Tem Mundial ? Fifa Diz Que Alviverde Tem a Copa Intercontinental - PR\u00d3SPERI NEWS","robots":{"index":"index","follow":"follow","max-snippet":"max-snippet:-1","max-image-preview":"max-image-preview:large","max-video-preview":"max-video-preview:-1"},"canonical":"https:\/\/blogdoprosperi.com\/?p=51404","og_locale":"pt_BR","og_type":"article","og_title":"Palmeiras Tem Mundial ? Fifa Diz Que Alviverde Tem a Copa Intercontinental - PR\u00d3SPERI NEWS","og_description":"Luiz Ant\u00f4nio Pr\u00f3speri \u2013 18 junho (17h10) \u2013 Palmeiras tem Mundial? A Fifa diz que sim ao publicar [&hellip;]","og_url":"https:\/\/blogdoprosperi.com\/?p=51404","og_site_name":"PR\u00d3SPERI NEWS","article_publisher":"Luiz Pr\u00f3speri","article_author":"Luiz Pr\u00f3speri","article_published_time":"2025-06-18T20:48:25+00:00","og_image":[{"width":774,"height":480,"url":"https:\/\/i0.wp.com\/blogdoprosperi.com\/wp-content\/uploads\/2025\/06\/taca-copa-rio-1951-qhnajxvka0jc.webp?fit=774%2C480&ssl=1","type":"image\/webp"}],"author":"Luiz Ant\u00f4nio Pr\u00f3speri","twitter_card":"summary_large_image","twitter_creator":"@Luizprosperi","twitter_site":"@Luizprosperi","twitter_misc":{"Escrito por":"Luiz Ant\u00f4nio Pr\u00f3speri","Est. tempo de leitura":"2 minutos"},"schema":{"@context":"https:\/\/schema.org","@graph":[{"@type":"Article","@id":"https:\/\/blogdoprosperi.com\/?p=51404#article","isPartOf":{"@id":"https:\/\/blogdoprosperi.com\/?p=51404"},"author":{"name":"Luiz Ant\u00f4nio Pr\u00f3speri","@id":"https:\/\/blogdoprosperi.com\/#\/schema\/person\/38100755ce3601861ee4fab9b5aa78e9"},"headline":"Palmeiras Tem Mundial ? Fifa Diz Que Alviverde Tem a Copa Intercontinental","datePublished":"2025-06-18T20:48:25+00:00","mainEntityOfPage":{"@id":"https:\/\/blogdoprosperi.com\/?p=51404"},"wordCount":358,"commentCount":0,"publisher":{"@id":"https:\/\/blogdoprosperi.com\/#\/schema\/person\/38100755ce3601861ee4fab9b5aa78e9"},"image":{"@id":"https:\/\/blogdoprosperi.com\/?p=51404#primaryimage"},"thumbnailUrl":"https:\/\/i0.wp.com\/blogdoprosperi.com\/wp-content\/uploads\/2025\/06\/taca-copa-rio-1951-qhnajxvka0jc.webp?fit=774%2C480&ssl=1","keywords":["copa intercontinental","copa rio 1951","Copa Toyota","Fifa","futebol","Luiz Ant\u00f4nio Pr\u00f3speri","mundial de clubes 2025","palmeiras campe\u00e3o mundial"],"articleSection":["futebol","informa\u00e7\u00e3o","mundial de clubes 2025"],"inLanguage":"pt-BR","potentialAction":[{"@type":"CommentAction","name":"Comment","target":["https:\/\/blogdoprosperi.com\/?p=51404#respond"]}]},{"@type":"WebPage","@id":"https:\/\/blogdoprosperi.com\/?p=51404","url":"https:\/\/blogdoprosperi.com\/?p=51404","name":"Palmeiras Tem Mundial ? Fifa Diz Que Alviverde Tem a Copa Intercontinental - PR\u00d3SPERI NEWS","isPartOf":{"@id":"https:\/\/blogdoprosperi.com\/#website"},"primaryImageOfPage":{"@id":"https:\/\/blogdoprosperi.com\/?p=51404#primaryimage"},"image":{"@id":"https:\/\/blogdoprosperi.com\/?p=51404#primaryimage"},"thumbnailUrl":"https:\/\/i0.wp.com\/blogdoprosperi.com\/wp-content\/uploads\/2025\/06\/taca-copa-rio-1951-qhnajxvka0jc.webp?fit=774%2C480&ssl=1","datePublished":"2025-06-18T20:48:25+00:00","breadcrumb":{"@id":"https:\/\/blogdoprosperi.com\/?p=51404#breadcrumb"},"inLanguage":"pt-BR","potentialAction":[{"@type":"ReadAction","target":["https:\/\/blogdoprosperi.com\/?p=51404"]}]},{"@type":"ImageObject","inLanguage":"pt-BR","@id":"https:\/\/blogdoprosperi.com\/?p=51404#primaryimage","url":"https:\/\/i0.wp.com\/blogdoprosperi.com\/wp-content\/uploads\/2025\/06\/taca-copa-rio-1951-qhnajxvka0jc.webp?fit=774%2C480&ssl=1","contentUrl":"https:\/\/i0.wp.com\/blogdoprosperi.com\/wp-content\/uploads\/2025\/06\/taca-copa-rio-1951-qhnajxvka0jc.webp?fit=774%2C480&ssl=1","width":774,"height":480,"caption":"Ta\u00e7a da Copa Rio 1951 conquistada pelo Palmeiras \u2013 foto: reprodu\u00e7\u00e3o"},{"@type":"BreadcrumbList","@id":"https:\/\/blogdoprosperi.com\/?p=51404#breadcrumb","itemListElement":[{"@type":"ListItem","position":1,"name":"In\u00edcio","item":"https:\/\/blogdoprosperi.com\/"},{"@type":"ListItem","position":2,"name":"Palmeiras Tem Mundial ? Fifa Diz Que Alviverde Tem a Copa Intercontinental"}]},{"@type":"WebSite","@id":"https:\/\/blogdoprosperi.com\/#website","url":"https:\/\/blogdoprosperi.com\/","name":"PR\u00d3SPERI NEWS","description":"TUDO \u00c9  FUTEBOL","publisher":{"@id":"https:\/\/blogdoprosperi.com\/#\/schema\/person\/38100755ce3601861ee4fab9b5aa78e9"},"alternateName":"blogdoprosperi.com","potentialAction":[{"@type":"SearchAction","target":{"@type":"EntryPoint","urlTemplate":"https:\/\/blogdoprosperi.com\/?s={search_term_string}"},"query-input":{"@type":"PropertyValueSpecification","valueRequired":true,"valueName":"search_term_string"}}],"inLanguage":"pt-BR"},{"@type":["Person","Organization"],"@id":"https:\/\/blogdoprosperi.com\/#\/schema\/person\/38100755ce3601861ee4fab9b5aa78e9","name":"Luiz Ant\u00f4nio Pr\u00f3speri","pronouns":"ele","image":{"@type":"ImageObject","inLanguage":"pt-BR","@id":"https:\/\/i0.wp.com\/blogdoprosperi.com\/wp-content\/uploads\/2026\/05\/cropped-8059e613-6002-42fa-961e-8e275f575d71-2-5.jpg?fit=1360%2C931&ssl=1","url":"https:\/\/i0.wp.com\/blogdoprosperi.com\/wp-content\/uploads\/2026\/05\/cropped-8059e613-6002-42fa-961e-8e275f575d71-2-5.jpg?fit=1360%2C931&ssl=1","contentUrl":"https:\/\/i0.wp.com\/blogdoprosperi.com\/wp-content\/uploads\/2026\/05\/cropped-8059e613-6002-42fa-961e-8e275f575d71-2-5.jpg?fit=1360%2C931&ssl=1","width":1360,"height":931,"caption":"Luiz Ant\u00f4nio Pr\u00f3speri"},"logo":{"@id":"https:\/\/i0.wp.com\/blogdoprosperi.com\/wp-content\/uploads\/2026\/05\/cropped-8059e613-6002-42fa-961e-8e275f575d71-2-5.jpg?fit=1360%2C931&ssl=1"},"description":"Jornalista com carreira dedicada ao esporte. Cobriu 9 Copas do Mundo in loco, 1990 na It\u00e1lia, 1994 nos EUA, 1998 na Fran\u00e7a, 2002 na Coreia do Sul e Jap\u00e3o, 2006 na Alemanha, 2010 na \u00c1frica do Sul, 2014 no Brasil, 2018 na R\u00fassia e 2022 no Qatar. Eurocopas, 1992 na Su\u00e9cia e 1996 na Inglaterra. Copa das Confedera\u00e7\u00f5es de 2005 na Alemanha e 2009 na \u00c1frica do Sul. Rep\u00f3rter e Editor, trabalhou no Jornal da Tarde e Estad\u00e3o, de 1984 a fevereiro de 2016. Colunista, blogueiro. E comentarista de futebol na R\u00e1dio Estad\u00e3o, de 2013 a fevereiro de 2016. Jornalista respons\u00e1vel do \"Pr\u00f3speri News\" (blogdoprosperi.com).","sameAs":["http:\/\/blogdoprosperi.com","Luiz Pr\u00f3speri","@luiz_prosperi","https:\/\/x.com\/Luizprosperi","@prosperinacopa","luiz.prosperi@icloud.com"],"url":"https:\/\/blogdoprosperi.com\/?author=102107496"}]}},"jetpack_publicize_connections":[],"jetpack_likes_enabled":false,"jetpack_sharing_enabled":true,"jetpack_shortlink":"https:\/\/wp.me\/p7jvdk-dn6","jetpack-related-posts":[{"id":52605,"url":"https:\/\/blogdoprosperi.com\/?p=52605","url_meta":{"origin":51404,"position":0},"title":"Palmeiras Ainda Pode Ter um Mundial em 2025","author":"Luiz Ant\u00f4nio Pr\u00f3speri","date":"5 de julho de 2025","format":false,"excerpt":"Luiz Ant\u00f4nio Pr\u00f3speri \u2013 5 de julho (11h57) \u2013 Palmeiras n\u00e3o tem Mundial. O drama continua. Rivais, em desvantagem nas conquistas nacionais e sul-americanas nos \u00faltimos dez anos, se agarram a esse carma e tripudiam. Est\u00e1 escrito que o futebol aceita tudo isso. A realidade, por\u00e9m, \u00e9 bem diferente. Cair\u2026","rel":"","context":"Em &quot;futebol&quot;","block_context":{"text":"futebol","link":"https:\/\/blogdoprosperi.com\/?cat=53870"},"img":{"alt_text":"Palmeiras pode ser campe\u00e3o mundial em 2025","src":"https:\/\/i0.wp.com\/blogdoprosperi.com\/wp-content\/uploads\/2025\/07\/54632869517_39d78d8e3e_c.jpg?fit=800%2C450&ssl=1&resize=350%2C200","width":350,"height":200,"srcset":"https:\/\/i0.wp.com\/blogdoprosperi.com\/wp-content\/uploads\/2025\/07\/54632869517_39d78d8e3e_c.jpg?fit=800%2C450&ssl=1&resize=350%2C200 1x, https:\/\/i0.wp.com\/blogdoprosperi.com\/wp-content\/uploads\/2025\/07\/54632869517_39d78d8e3e_c.jpg?fit=800%2C450&ssl=1&resize=525%2C300 1.5x, https:\/\/i0.wp.com\/blogdoprosperi.com\/wp-content\/uploads\/2025\/07\/54632869517_39d78d8e3e_c.jpg?fit=800%2C450&ssl=1&resize=700%2C400 2x"},"classes":[]},{"id":51131,"url":"https:\/\/blogdoprosperi.com\/?p=51131","url_meta":{"origin":51404,"position":1},"title":"An\u00e1lise | Brasil Leva ao Mundial de Clubes Seus Quatro Cavaleiros do Apocalipse: a Chance de Palmeiras, Flamengo, Botafogo e Fluminense","author":"Luiz Ant\u00f4nio Pr\u00f3speri","date":"14 de junho de 2025","format":false,"excerpt":"Quando a bolar rolar teremos a clara no\u00e7\u00e3o da dist\u00e2ncia que separa grandes clubes europeus dos nossos quatro cavaleiros do apocalipse Palmeiras, Flamengo, Botafogo e Fluminense","rel":"","context":"Em &quot;futebol&quot;","block_context":{"text":"futebol","link":"https:\/\/blogdoprosperi.com\/?cat=53870"},"img":{"alt_text":"","src":"https:\/\/i0.wp.com\/blogdoprosperi.com\/wp-content\/uploads\/2025\/06\/adversarios_dos_brasileiros_d9b63d7578-1.jpg?fit=1200%2C825&ssl=1&resize=350%2C200","width":350,"height":200,"srcset":"https:\/\/i0.wp.com\/blogdoprosperi.com\/wp-content\/uploads\/2025\/06\/adversarios_dos_brasileiros_d9b63d7578-1.jpg?fit=1200%2C825&ssl=1&resize=350%2C200 1x, https:\/\/i0.wp.com\/blogdoprosperi.com\/wp-content\/uploads\/2025\/06\/adversarios_dos_brasileiros_d9b63d7578-1.jpg?fit=1200%2C825&ssl=1&resize=525%2C300 1.5x, https:\/\/i0.wp.com\/blogdoprosperi.com\/wp-content\/uploads\/2025\/06\/adversarios_dos_brasileiros_d9b63d7578-1.jpg?fit=1200%2C825&ssl=1&resize=700%2C400 2x, https:\/\/i0.wp.com\/blogdoprosperi.com\/wp-content\/uploads\/2025\/06\/adversarios_dos_brasileiros_d9b63d7578-1.jpg?fit=1200%2C825&ssl=1&resize=1050%2C600 3x"},"classes":[]},{"id":45964,"url":"https:\/\/blogdoprosperi.com\/?p=45964","url_meta":{"origin":51404,"position":2},"title":"Mundial de Clubes, Libertadores e Brasileir\u00e3o | A Hora da Conspira\u00e7\u00e3o","author":"Luiz Ant\u00f4nio Pr\u00f3speri","date":"21 de outubro de 2024","format":false,"excerpt":"Luiz Ant\u00f4nio Pr\u00f3speri \u2013 21 outubro (10h55) Aten\u00e7\u00e3o torcedores de Botafogo e Atl\u00e9tico-MG: est\u00e1 no ar a fase de conspira\u00e7\u00e3o na Libertadores e, por tabela, no Mundial de Clubes Fifa 2025. A \u00faltima vaga sul-americana \u00e9 do campe\u00e3o da Libertadores, desde que n\u00e3o seja o River Plate. Se o clube\u2026","rel":"","context":"Em &quot;futebol&quot;","block_context":{"text":"futebol","link":"https:\/\/blogdoprosperi.com\/?cat=53870"},"img":{"alt_text":"Libertadores na hora da Conspira\u00e7\u00e3o","src":"https:\/\/i0.wp.com\/blogdoprosperi.com\/wp-content\/uploads\/2024\/10\/54078177127_713286b899_k.jpg?fit=1200%2C800&ssl=1&resize=350%2C200","width":350,"height":200,"srcset":"https:\/\/i0.wp.com\/blogdoprosperi.com\/wp-content\/uploads\/2024\/10\/54078177127_713286b899_k.jpg?fit=1200%2C800&ssl=1&resize=350%2C200 1x, https:\/\/i0.wp.com\/blogdoprosperi.com\/wp-content\/uploads\/2024\/10\/54078177127_713286b899_k.jpg?fit=1200%2C800&ssl=1&resize=525%2C300 1.5x, https:\/\/i0.wp.com\/blogdoprosperi.com\/wp-content\/uploads\/2024\/10\/54078177127_713286b899_k.jpg?fit=1200%2C800&ssl=1&resize=700%2C400 2x, https:\/\/i0.wp.com\/blogdoprosperi.com\/wp-content\/uploads\/2024\/10\/54078177127_713286b899_k.jpg?fit=1200%2C800&ssl=1&resize=1050%2C600 3x"},"classes":[]},{"id":51488,"url":"https:\/\/blogdoprosperi.com\/?p=51488","url_meta":{"origin":51404,"position":3},"title":"Mundial de Clubes | V\u00eddeo: Palmeiras 2 a 0 Al Ahly \u2013 Melhores Momentos","author":"Luiz Ant\u00f4nio Pr\u00f3speri","date":"19 de junho de 2025","format":false,"excerpt":"Acompanhe melhores momentos da vit\u00f3ria Palmeiras 2 a 0 Al Ahly. V\u00eddeo oficial Fifa: Clique aqui: https:\/\/www.fifa.com\/pt\/watch\/6LARHAbBjRkh4EhcptwNEX Relat\u00f3rio Fifa \u2013 \u00a0No tira-teima entre SE Palmeiras e Al Ahly FC, melhor para o time brasileiro. Com uma vit\u00f3ria de cada lado nos dois encontros anteriores entre eles -- ambos pela Copa\u2026","rel":"","context":"Em &quot;futebol&quot;","block_context":{"text":"futebol","link":"https:\/\/blogdoprosperi.com\/?cat=53870"},"img":{"alt_text":"Flaco Lopez leva Palmeiras ao c\u00e9u","src":"https:\/\/i0.wp.com\/blogdoprosperi.com\/wp-content\/uploads\/2025\/06\/se-palmeiras-v-al-ahly-sc-group-a-fifa-club-world-cup-2025.webp?fit=1200%2C878&ssl=1&resize=350%2C200","width":350,"height":200,"srcset":"https:\/\/i0.wp.com\/blogdoprosperi.com\/wp-content\/uploads\/2025\/06\/se-palmeiras-v-al-ahly-sc-group-a-fifa-club-world-cup-2025.webp?fit=1200%2C878&ssl=1&resize=350%2C200 1x, https:\/\/i0.wp.com\/blogdoprosperi.com\/wp-content\/uploads\/2025\/06\/se-palmeiras-v-al-ahly-sc-group-a-fifa-club-world-cup-2025.webp?fit=1200%2C878&ssl=1&resize=525%2C300 1.5x, https:\/\/i0.wp.com\/blogdoprosperi.com\/wp-content\/uploads\/2025\/06\/se-palmeiras-v-al-ahly-sc-group-a-fifa-club-world-cup-2025.webp?fit=1200%2C878&ssl=1&resize=700%2C400 2x, https:\/\/i0.wp.com\/blogdoprosperi.com\/wp-content\/uploads\/2025\/06\/se-palmeiras-v-al-ahly-sc-group-a-fifa-club-world-cup-2025.webp?fit=1200%2C878&ssl=1&resize=1050%2C600 3x"},"classes":[]},{"id":46291,"url":"https:\/\/blogdoprosperi.com\/?p=46291","url_meta":{"origin":51404,"position":4},"title":"CBF Muda Calend\u00e1rio do Futebol Brasileiro Com Recesso no Mundial de Clubes Fifa","author":"Luiz Ant\u00f4nio Pr\u00f3speri","date":"12 de novembro de 2024","format":false,"excerpt":"Luiz Ant\u00f4nio Pr\u00f3speri \u2013 12 novembro (16h55) \u2013 CBF muda calend\u00e1rio do futebol brasileiro com a novidade de um recesso no meio da temporada 2025 para clubes da S\u00e9rie A do Brasileir\u00e3o, levando em conta a disputa do Mundial de Clubes Fifa ente junho e julho. Abertura do Brasileir\u00e3o ser\u00e1\u2026","rel":"","context":"Em &quot;futebol&quot;","block_context":{"text":"futebol","link":"https:\/\/blogdoprosperi.com\/?cat=53870"},"img":{"alt_text":"Novo calend\u00e1rio do futebol brasileiro","src":"https:\/\/i0.wp.com\/blogdoprosperi.com\/wp-content\/uploads\/2024\/11\/20240222142247_268-2.jpeg?fit=1200%2C791&ssl=1&resize=350%2C200","width":350,"height":200,"srcset":"https:\/\/i0.wp.com\/blogdoprosperi.com\/wp-content\/uploads\/2024\/11\/20240222142247_268-2.jpeg?fit=1200%2C791&ssl=1&resize=350%2C200 1x, https:\/\/i0.wp.com\/blogdoprosperi.com\/wp-content\/uploads\/2024\/11\/20240222142247_268-2.jpeg?fit=1200%2C791&ssl=1&resize=525%2C300 1.5x, https:\/\/i0.wp.com\/blogdoprosperi.com\/wp-content\/uploads\/2024\/11\/20240222142247_268-2.jpeg?fit=1200%2C791&ssl=1&resize=700%2C400 2x, https:\/\/i0.wp.com\/blogdoprosperi.com\/wp-content\/uploads\/2024\/11\/20240222142247_268-2.jpeg?fit=1200%2C791&ssl=1&resize=1050%2C600 3x"},"classes":[]},{"id":51978,"url":"https:\/\/blogdoprosperi.com\/?p=51978","url_meta":{"origin":51404,"position":5},"title":"Grana | Mundial de Clubes: Flamengo leva R$ 152,4 milh\u00f5es, Palmeiras, Botafogo e Fluminense Faturam  R$ 146,9 milh\u00f5es Cada Um At\u00e9 Aqui","author":"Luiz Ant\u00f4nio Pr\u00f3speri","date":"26 de junho de 2025","format":false,"excerpt":"Luiz Ant\u00f4nio Pr\u00f3speri \u2013 26 junho (14h25) \u2013 Flamengo tem maior faturamento entre os quatro brasileiros na primeira fase do Mundial de Clubes. Rubro-Negro acumula R$ 152,4 milh\u00f5es em premia\u00e7\u00e3o. Palmeiras, Botafogo e Fluminense, R$ 146,9 milh\u00f5es cada um. Fifa promete distribuir 1 bilh\u00e3o de d\u00f3lares (R$ 5,5 bilh\u00f5es) aos\u2026","rel":"","context":"Em &quot;futebol&quot;","block_context":{"text":"futebol","link":"https:\/\/blogdoprosperi.com\/?cat=53870"},"img":{"alt_text":"Grana de Palmeiras, Flamengo, Fluminense e Botafogo no Mundial de Clubes","src":"https:\/\/i0.wp.com\/blogdoprosperi.com\/wp-content\/uploads\/2025\/06\/captura-de-tela-2025-06-26-as-14.50.37.png?fit=1176%2C830&ssl=1&resize=350%2C200","width":350,"height":200,"srcset":"https:\/\/i0.wp.com\/blogdoprosperi.com\/wp-content\/uploads\/2025\/06\/captura-de-tela-2025-06-26-as-14.50.37.png?fit=1176%2C830&ssl=1&resize=350%2C200 1x, https:\/\/i0.wp.com\/blogdoprosperi.com\/wp-content\/uploads\/2025\/06\/captura-de-tela-2025-06-26-as-14.50.37.png?fit=1176%2C830&ssl=1&resize=525%2C300 1.5x, https:\/\/i0.wp.com\/blogdoprosperi.com\/wp-content\/uploads\/2025\/06\/captura-de-tela-2025-06-26-as-14.50.37.png?fit=1176%2C830&ssl=1&resize=700%2C400 2x, https:\/\/i0.wp.com\/blogdoprosperi.com\/wp-content\/uploads\/2025\/06\/captura-de-tela-2025-06-26-as-14.50.37.png?fit=1176%2C830&ssl=1&resize=1050%2C600 3x"},"classes":[]}],"jetpack_featured_media_url":"https:\/\/i0.wp.com\/blogdoprosperi.com\/wp-content\/uploads\/2025\/06\/taca-copa-rio-1951-qhnajxvka0jc.webp?fit=774%2C480&ssl=1","_links":{"self":[{"href":"https:\/\/blogdoprosperi.com\/index.php?rest_route=\/wp\/v2\/posts\/51404","targetHints":{"allow":["GET"]}}],"collection":[{"href":"https:\/\/blogdoprosperi.com\/index.php?rest_route=\/wp\/v2\/posts"}],"about":[{"href":"https:\/\/blogdoprosperi.com\/index.php?rest_route=\/wp\/v2\/types\/post"}],"author":[{"embeddable":true,"href":"https:\/\/blogdoprosperi.com\/index.php?rest_route=\/wp\/v2\/users\/102107496"}],"replies":[{"embeddable":true,"href":"https:\/\/blogdoprosperi.com\/index.php?rest_route=%2Fwp%2Fv2%2Fcomments&post=51404"}],"version-history":[{"count":9,"href":"https:\/\/blogdoprosperi.com\/index.php?rest_route=\/wp\/v2\/posts\/51404\/revisions"}],"predecessor-version":[{"id":51419,"href":"https:\/\/blogdoprosperi.com\/index.php?rest_route=\/wp\/v2\/posts\/51404\/revisions\/51419"}],"wp:featuredmedia":[{"embeddable":true,"href":"https:\/\/blogdoprosperi.com\/index.php?rest_route=\/wp\/v2\/media\/51416"}],"wp:attachment":[{"href":"https:\/\/blogdoprosperi.com\/index.php?rest_route=%2Fwp%2Fv2%2Fmedia&parent=51404"}],"wp:term":[{"taxonomy":"category","embeddable":true,"href":"https:\/\/blogdoprosperi.com\/index.php?rest_route=%2Fwp%2Fv2%2Fcategories&post=51404"},{"taxonomy":"post_tag","embeddable":true,"href":"https:\/\/blogdoprosperi.com\/index.php?rest_route=%2Fwp%2Fv2%2Ftags&post=51404"}],"curies":[{"name":"wp","href":"https:\/\/api.w.org\/{rel}","templated":true}]}}