{"id":51536,"date":"2025-06-20T10:29:27","date_gmt":"2025-06-20T13:29:27","guid":{"rendered":"https:\/\/blogdoprosperi.com\/?p=51536"},"modified":"2025-06-20T10:29:27","modified_gmt":"2025-06-20T13:29:27","slug":"renato-paiva-coletiva-toda-vez-que-os-torcedores-ficam-orgulhosos-para-mim-e-historico","status":"publish","type":"post","link":"https:\/\/blogdoprosperi.com\/?p=51536","title":{"rendered":"Renato Paiva | Coletiva: &#8220;Toda Vez Que os Torcedores Ficam Orgulhosos para Mim \u00e9 Hist\u00f3rico&#8221;"},"content":{"rendered":"<p><em>Acompanhe coletiva de imprensa de Renato Paiva, t\u00e9cnico do Botafogo, ap\u00f3s vit\u00f3ria por 1 a 0 contra PSG. V\u00eddeo TV Botafogo:<\/em><\/p>\n<div class=\"jetpack-video-wrapper\"><span class=\"embed-youtube\" style=\"text-align:center; display: block;\"><iframe loading=\"lazy\" class=\"youtube-player\" width=\"560\" height=\"315\" src=\"https:\/\/www.youtube.com\/embed\/BvvVxjHvq6I?version=3&#038;rel=1&#038;showsearch=0&#038;showinfo=1&#038;iv_load_policy=1&#038;fs=1&#038;hl=pt-BR&#038;autohide=2&#038;wmode=transparent\" allowfullscreen=\"true\" style=\"border:0;\" sandbox=\"allow-scripts allow-same-origin allow-popups allow-presentation allow-popups-to-escape-sandbox\"><\/iframe><\/span><\/div>\n<p><em>&#8220;Esta vit\u00f3ria \u00e9 dedicada \u00e0 gigantesca torcida do Botafogo. Cada vez que esta equipe faz um feito deste \u00e9 para a torcida. Toda vez que os torcedores ficam orgulhosos para mim \u00e9 hist\u00f3rico. Estou muito feliz pelo Brasil, pelo jogador brasileiro, pelo t\u00e9cnico brasileiro, pelo t\u00e9cnico estrangeiro que trabalha no Brasil, pelo torcedor brasileiro.&#8221;<\/em><\/p>\n","protected":false},"excerpt":{"rendered":"<p>Acompanhe coletiva de imprensa de Renato Paiva, t\u00e9cnico do Botafogo, ap\u00f3s vit\u00f3ria por 1 a 0 contra PSG. [&hellip;]<\/p>\n","protected":false},"author":102107496,"featured_media":51540,"comment_status":"open","ping_status":"open","sticky":false,"template":"","format":"standard","meta":{"_coblocks_attr":"","_coblocks_dimensions":"","_coblocks_responsive_height":"","_coblocks_accordion_ie_support":"","_jetpack_newsletter_access":"","_jetpack_dont_email_post_to_subs":false,"_jetpack_newsletter_tier_id":0,"_jetpack_memberships_contains_paywalled_content":false,"_wpcom_ai_launchpad_first_post":false,"_jetpack_feature_clip_id":0,"_jetpack_memberships_contains_paid_content":false,"footnotes":"","jetpack_publicize_message":"","jetpack_publicize_feature_enabled":true,"jetpack_social_post_already_shared":false,"jetpack_social_options":{"image_generator_settings":{"template":"highway","default_image_id":0,"font":"","enabled":false},"version":2},"jetpack_post_was_ever_published":false},"categories":[53870,20384,772984667,1149],"tags":[781980634,789560560,789560568,45453612,6850474],"class_list":["post-51536","post","type-post","status-publish","format-standard","has-post-thumbnail","hentry","category-futebol","category-informacao","category-mundial-de-clubes-2025","category-videos","tag-botafogo-1-a-0-psg","tag-futebol","tag-mundial-de-clubes","tag-renato-paiva","tag-torcida-botafogo"],"yoast_head":"<!-- This site is optimized with the Yoast SEO plugin v28.4 - https:\/\/yoast.com\/product\/yoast-seo-wordpress\/ -->\n<title>Renato Paiva | Coletiva: &quot;Toda Vez Que os Torcedores Ficam Orgulhosos para Mim \u00e9 Hist\u00f3rico&quot; - PR\u00d3SPERI NEWS<\/title>\n<meta name=\"robots\" content=\"index, follow, max-snippet:-1, max-image-preview:large, max-video-preview:-1\" \/>\n<link rel=\"canonical\" href=\"https:\/\/blogdoprosperi.com\/?p=51536\" \/>\n<meta property=\"og:locale\" content=\"pt_BR\" \/>\n<meta property=\"og:type\" content=\"article\" \/>\n<meta property=\"og:title\" content=\"Renato Paiva | Coletiva: &quot;Toda Vez Que os Torcedores Ficam Orgulhosos para Mim \u00e9 Hist\u00f3rico&quot; - PR\u00d3SPERI NEWS\" \/>\n<meta property=\"og:description\" content=\"Acompanhe coletiva de imprensa de Renato Paiva, t\u00e9cnico do Botafogo, ap\u00f3s vit\u00f3ria por 1 a 0 contra PSG. [&hellip;]\" \/>\n<meta property=\"og:url\" content=\"https:\/\/blogdoprosperi.com\/?p=51536\" \/>\n<meta property=\"og:site_name\" content=\"PR\u00d3SPERI NEWS\" \/>\n<meta property=\"article:publisher\" content=\"Luiz Pr\u00f3speri\" \/>\n<meta property=\"article:author\" content=\"Luiz Pr\u00f3speri\" \/>\n<meta property=\"article:published_time\" content=\"2025-06-20T13:29:27+00:00\" \/>\n<meta property=\"og:image\" content=\"https:\/\/i0.wp.com\/blogdoprosperi.com\/wp-content\/uploads\/2025\/06\/renato-paiva-botafogo-sl3xve58vdr5.webp?fit=774%2C516&ssl=1\" \/>\n\t<meta property=\"og:image:width\" content=\"774\" \/>\n\t<meta property=\"og:image:height\" content=\"516\" \/>\n\t<meta property=\"og:image:type\" content=\"image\/webp\" \/>\n<meta name=\"author\" content=\"Luiz Ant\u00f4nio Pr\u00f3speri\" \/>\n<meta name=\"twitter:card\" content=\"summary_large_image\" \/>\n<meta name=\"twitter:creator\" content=\"@Luizprosperi\" \/>\n<meta name=\"twitter:site\" content=\"@Luizprosperi\" \/>\n<meta name=\"twitter:label1\" content=\"Escrito por\" \/>\n\t<meta name=\"twitter:data1\" content=\"Luiz Ant\u00f4nio Pr\u00f3speri\" \/>\n<script type=\"application\/ld+json\" class=\"yoast-schema-graph\">{\"@context\":\"https:\\\/\\\/schema.org\",\"@graph\":[{\"@type\":\"Article\",\"@id\":\"https:\\\/\\\/blogdoprosperi.com\\\/?p=51536#article\",\"isPartOf\":{\"@id\":\"https:\\\/\\\/blogdoprosperi.com\\\/?p=51536\"},\"author\":{\"name\":\"Luiz Ant\u00f4nio Pr\u00f3speri\",\"@id\":\"https:\\\/\\\/blogdoprosperi.com\\\/#\\\/schema\\\/person\\\/38100755ce3601861ee4fab9b5aa78e9\"},\"headline\":\"Renato Paiva | Coletiva: &#8220;Toda Vez Que os Torcedores Ficam Orgulhosos para Mim \u00e9 Hist\u00f3rico&#8221;\",\"datePublished\":\"2025-06-20T13:29:27+00:00\",\"mainEntityOfPage\":{\"@id\":\"https:\\\/\\\/blogdoprosperi.com\\\/?p=51536\"},\"wordCount\":107,\"commentCount\":0,\"publisher\":{\"@id\":\"https:\\\/\\\/blogdoprosperi.com\\\/#\\\/schema\\\/person\\\/38100755ce3601861ee4fab9b5aa78e9\"},\"image\":{\"@id\":\"https:\\\/\\\/blogdoprosperi.com\\\/?p=51536#primaryimage\"},\"thumbnailUrl\":\"https:\\\/\\\/i0.wp.com\\\/blogdoprosperi.com\\\/wp-content\\\/uploads\\\/2025\\\/06\\\/renato-paiva-botafogo-sl3xve58vdr5.webp?fit=774%2C516&ssl=1\",\"keywords\":[\"botafogo 1 a 0 psg\",\"futebol\",\"Mundial de Clubes\",\"renato paiva\",\"torcida botafogo\"],\"articleSection\":[\"futebol\",\"informa\u00e7\u00e3o\",\"mundial de clubes 2025\",\"v\u00eddeos\"],\"inLanguage\":\"pt-BR\",\"potentialAction\":[{\"@type\":\"CommentAction\",\"name\":\"Comment\",\"target\":[\"https:\\\/\\\/blogdoprosperi.com\\\/?p=51536#respond\"]}]},{\"@type\":\"WebPage\",\"@id\":\"https:\\\/\\\/blogdoprosperi.com\\\/?p=51536\",\"url\":\"https:\\\/\\\/blogdoprosperi.com\\\/?p=51536\",\"name\":\"Renato Paiva | Coletiva: \\\"Toda Vez Que os Torcedores Ficam Orgulhosos para Mim \u00e9 Hist\u00f3rico\\\" - PR\u00d3SPERI NEWS\",\"isPartOf\":{\"@id\":\"https:\\\/\\\/blogdoprosperi.com\\\/#website\"},\"primaryImageOfPage\":{\"@id\":\"https:\\\/\\\/blogdoprosperi.com\\\/?p=51536#primaryimage\"},\"image\":{\"@id\":\"https:\\\/\\\/blogdoprosperi.com\\\/?p=51536#primaryimage\"},\"thumbnailUrl\":\"https:\\\/\\\/i0.wp.com\\\/blogdoprosperi.com\\\/wp-content\\\/uploads\\\/2025\\\/06\\\/renato-paiva-botafogo-sl3xve58vdr5.webp?fit=774%2C516&ssl=1\",\"datePublished\":\"2025-06-20T13:29:27+00:00\",\"breadcrumb\":{\"@id\":\"https:\\\/\\\/blogdoprosperi.com\\\/?p=51536#breadcrumb\"},\"inLanguage\":\"pt-BR\",\"potentialAction\":[{\"@type\":\"ReadAction\",\"target\":[\"https:\\\/\\\/blogdoprosperi.com\\\/?p=51536\"]}]},{\"@type\":\"ImageObject\",\"inLanguage\":\"pt-BR\",\"@id\":\"https:\\\/\\\/blogdoprosperi.com\\\/?p=51536#primaryimage\",\"url\":\"https:\\\/\\\/i0.wp.com\\\/blogdoprosperi.com\\\/wp-content\\\/uploads\\\/2025\\\/06\\\/renato-paiva-botafogo-sl3xve58vdr5.webp?fit=774%2C516&ssl=1\",\"contentUrl\":\"https:\\\/\\\/i0.wp.com\\\/blogdoprosperi.com\\\/wp-content\\\/uploads\\\/2025\\\/06\\\/renato-paiva-botafogo-sl3xve58vdr5.webp?fit=774%2C516&ssl=1\",\"width\":774,\"height\":516,\"caption\":\"Renato Paiva, t\u00e9cnico do Botafogo \u2013 foto: Botafogo oficial\"},{\"@type\":\"BreadcrumbList\",\"@id\":\"https:\\\/\\\/blogdoprosperi.com\\\/?p=51536#breadcrumb\",\"itemListElement\":[{\"@type\":\"ListItem\",\"position\":1,\"name\":\"In\u00edcio\",\"item\":\"https:\\\/\\\/blogdoprosperi.com\\\/\"},{\"@type\":\"ListItem\",\"position\":2,\"name\":\"Renato Paiva | Coletiva: &#8220;Toda Vez Que os Torcedores Ficam Orgulhosos para Mim \u00e9 Hist\u00f3rico&#8221;\"}]},{\"@type\":\"WebSite\",\"@id\":\"https:\\\/\\\/blogdoprosperi.com\\\/#website\",\"url\":\"https:\\\/\\\/blogdoprosperi.com\\\/\",\"name\":\"PR\u00d3SPERI NEWS\",\"description\":\"TUDO \u00c9  FUTEBOL\",\"publisher\":{\"@id\":\"https:\\\/\\\/blogdoprosperi.com\\\/#\\\/schema\\\/person\\\/38100755ce3601861ee4fab9b5aa78e9\"},\"alternateName\":\"blogdoprosperi.com\",\"potentialAction\":[{\"@type\":\"SearchAction\",\"target\":{\"@type\":\"EntryPoint\",\"urlTemplate\":\"https:\\\/\\\/blogdoprosperi.com\\\/?s={search_term_string}\"},\"query-input\":{\"@type\":\"PropertyValueSpecification\",\"valueRequired\":true,\"valueName\":\"search_term_string\"}}],\"inLanguage\":\"pt-BR\"},{\"@type\":[\"Person\",\"Organization\"],\"@id\":\"https:\\\/\\\/blogdoprosperi.com\\\/#\\\/schema\\\/person\\\/38100755ce3601861ee4fab9b5aa78e9\",\"name\":\"Luiz Ant\u00f4nio Pr\u00f3speri\",\"pronouns\":\"ele\",\"image\":{\"@type\":\"ImageObject\",\"inLanguage\":\"pt-BR\",\"@id\":\"https:\\\/\\\/i0.wp.com\\\/blogdoprosperi.com\\\/wp-content\\\/uploads\\\/2026\\\/05\\\/cropped-8059e613-6002-42fa-961e-8e275f575d71-2-5.jpg?fit=1360%2C931&ssl=1\",\"url\":\"https:\\\/\\\/i0.wp.com\\\/blogdoprosperi.com\\\/wp-content\\\/uploads\\\/2026\\\/05\\\/cropped-8059e613-6002-42fa-961e-8e275f575d71-2-5.jpg?fit=1360%2C931&ssl=1\",\"contentUrl\":\"https:\\\/\\\/i0.wp.com\\\/blogdoprosperi.com\\\/wp-content\\\/uploads\\\/2026\\\/05\\\/cropped-8059e613-6002-42fa-961e-8e275f575d71-2-5.jpg?fit=1360%2C931&ssl=1\",\"width\":1360,\"height\":931,\"caption\":\"Luiz Ant\u00f4nio Pr\u00f3speri\"},\"logo\":{\"@id\":\"https:\\\/\\\/i0.wp.com\\\/blogdoprosperi.com\\\/wp-content\\\/uploads\\\/2026\\\/05\\\/cropped-8059e613-6002-42fa-961e-8e275f575d71-2-5.jpg?fit=1360%2C931&ssl=1\"},\"description\":\"Jornalista com carreira dedicada ao esporte. Cobriu 9 Copas do Mundo in loco, 1990 na It\u00e1lia, 1994 nos EUA, 1998 na Fran\u00e7a, 2002 na Coreia do Sul e Jap\u00e3o, 2006 na Alemanha, 2010 na \u00c1frica do Sul, 2014 no Brasil, 2018 na R\u00fassia e 2022 no Qatar. Eurocopas, 1992 na Su\u00e9cia e 1996 na Inglaterra. Copa das Confedera\u00e7\u00f5es de 2005 na Alemanha e 2009 na \u00c1frica do Sul. Rep\u00f3rter e Editor, trabalhou no Jornal da Tarde e Estad\u00e3o, de 1984 a fevereiro de 2016. Colunista, blogueiro. E comentarista de futebol na R\u00e1dio Estad\u00e3o, de 2013 a fevereiro de 2016. Jornalista respons\u00e1vel do \\\"Pr\u00f3speri News\\\" (blogdoprosperi.com).\",\"sameAs\":[\"http:\\\/\\\/blogdoprosperi.com\",\"Luiz Pr\u00f3speri\",\"@luiz_prosperi\",\"https:\\\/\\\/x.com\\\/Luizprosperi\",\"@prosperinacopa\",\"luiz.prosperi@icloud.com\"],\"url\":\"https:\\\/\\\/blogdoprosperi.com\\\/?author=102107496\"}]}<\/script>\n<!-- \/ Yoast SEO plugin. -->","yoast_head_json":{"title":"Renato Paiva | Coletiva: \"Toda Vez Que os Torcedores Ficam Orgulhosos para Mim \u00e9 Hist\u00f3rico\" - PR\u00d3SPERI NEWS","robots":{"index":"index","follow":"follow","max-snippet":"max-snippet:-1","max-image-preview":"max-image-preview:large","max-video-preview":"max-video-preview:-1"},"canonical":"https:\/\/blogdoprosperi.com\/?p=51536","og_locale":"pt_BR","og_type":"article","og_title":"Renato Paiva | Coletiva: \"Toda Vez Que os Torcedores Ficam Orgulhosos para Mim \u00e9 Hist\u00f3rico\" - PR\u00d3SPERI NEWS","og_description":"Acompanhe coletiva de imprensa de Renato Paiva, t\u00e9cnico do Botafogo, ap\u00f3s vit\u00f3ria por 1 a 0 contra PSG. [&hellip;]","og_url":"https:\/\/blogdoprosperi.com\/?p=51536","og_site_name":"PR\u00d3SPERI NEWS","article_publisher":"Luiz Pr\u00f3speri","article_author":"Luiz Pr\u00f3speri","article_published_time":"2025-06-20T13:29:27+00:00","og_image":[{"width":774,"height":516,"url":"https:\/\/i0.wp.com\/blogdoprosperi.com\/wp-content\/uploads\/2025\/06\/renato-paiva-botafogo-sl3xve58vdr5.webp?fit=774%2C516&ssl=1","type":"image\/webp"}],"author":"Luiz Ant\u00f4nio Pr\u00f3speri","twitter_card":"summary_large_image","twitter_creator":"@Luizprosperi","twitter_site":"@Luizprosperi","twitter_misc":{"Escrito por":"Luiz Ant\u00f4nio Pr\u00f3speri"},"schema":{"@context":"https:\/\/schema.org","@graph":[{"@type":"Article","@id":"https:\/\/blogdoprosperi.com\/?p=51536#article","isPartOf":{"@id":"https:\/\/blogdoprosperi.com\/?p=51536"},"author":{"name":"Luiz Ant\u00f4nio Pr\u00f3speri","@id":"https:\/\/blogdoprosperi.com\/#\/schema\/person\/38100755ce3601861ee4fab9b5aa78e9"},"headline":"Renato Paiva | Coletiva: &#8220;Toda Vez Que os Torcedores Ficam Orgulhosos para Mim \u00e9 Hist\u00f3rico&#8221;","datePublished":"2025-06-20T13:29:27+00:00","mainEntityOfPage":{"@id":"https:\/\/blogdoprosperi.com\/?p=51536"},"wordCount":107,"commentCount":0,"publisher":{"@id":"https:\/\/blogdoprosperi.com\/#\/schema\/person\/38100755ce3601861ee4fab9b5aa78e9"},"image":{"@id":"https:\/\/blogdoprosperi.com\/?p=51536#primaryimage"},"thumbnailUrl":"https:\/\/i0.wp.com\/blogdoprosperi.com\/wp-content\/uploads\/2025\/06\/renato-paiva-botafogo-sl3xve58vdr5.webp?fit=774%2C516&ssl=1","keywords":["botafogo 1 a 0 psg","futebol","Mundial de Clubes","renato paiva","torcida botafogo"],"articleSection":["futebol","informa\u00e7\u00e3o","mundial de clubes 2025","v\u00eddeos"],"inLanguage":"pt-BR","potentialAction":[{"@type":"CommentAction","name":"Comment","target":["https:\/\/blogdoprosperi.com\/?p=51536#respond"]}]},{"@type":"WebPage","@id":"https:\/\/blogdoprosperi.com\/?p=51536","url":"https:\/\/blogdoprosperi.com\/?p=51536","name":"Renato Paiva | Coletiva: \"Toda Vez Que os Torcedores Ficam Orgulhosos para Mim \u00e9 Hist\u00f3rico\" - PR\u00d3SPERI NEWS","isPartOf":{"@id":"https:\/\/blogdoprosperi.com\/#website"},"primaryImageOfPage":{"@id":"https:\/\/blogdoprosperi.com\/?p=51536#primaryimage"},"image":{"@id":"https:\/\/blogdoprosperi.com\/?p=51536#primaryimage"},"thumbnailUrl":"https:\/\/i0.wp.com\/blogdoprosperi.com\/wp-content\/uploads\/2025\/06\/renato-paiva-botafogo-sl3xve58vdr5.webp?fit=774%2C516&ssl=1","datePublished":"2025-06-20T13:29:27+00:00","breadcrumb":{"@id":"https:\/\/blogdoprosperi.com\/?p=51536#breadcrumb"},"inLanguage":"pt-BR","potentialAction":[{"@type":"ReadAction","target":["https:\/\/blogdoprosperi.com\/?p=51536"]}]},{"@type":"ImageObject","inLanguage":"pt-BR","@id":"https:\/\/blogdoprosperi.com\/?p=51536#primaryimage","url":"https:\/\/i0.wp.com\/blogdoprosperi.com\/wp-content\/uploads\/2025\/06\/renato-paiva-botafogo-sl3xve58vdr5.webp?fit=774%2C516&ssl=1","contentUrl":"https:\/\/i0.wp.com\/blogdoprosperi.com\/wp-content\/uploads\/2025\/06\/renato-paiva-botafogo-sl3xve58vdr5.webp?fit=774%2C516&ssl=1","width":774,"height":516,"caption":"Renato Paiva, t\u00e9cnico do Botafogo \u2013 foto: Botafogo oficial"},{"@type":"BreadcrumbList","@id":"https:\/\/blogdoprosperi.com\/?p=51536#breadcrumb","itemListElement":[{"@type":"ListItem","position":1,"name":"In\u00edcio","item":"https:\/\/blogdoprosperi.com\/"},{"@type":"ListItem","position":2,"name":"Renato Paiva | Coletiva: &#8220;Toda Vez Que os Torcedores Ficam Orgulhosos para Mim \u00e9 Hist\u00f3rico&#8221;"}]},{"@type":"WebSite","@id":"https:\/\/blogdoprosperi.com\/#website","url":"https:\/\/blogdoprosperi.com\/","name":"PR\u00d3SPERI NEWS","description":"TUDO \u00c9  FUTEBOL","publisher":{"@id":"https:\/\/blogdoprosperi.com\/#\/schema\/person\/38100755ce3601861ee4fab9b5aa78e9"},"alternateName":"blogdoprosperi.com","potentialAction":[{"@type":"SearchAction","target":{"@type":"EntryPoint","urlTemplate":"https:\/\/blogdoprosperi.com\/?s={search_term_string}"},"query-input":{"@type":"PropertyValueSpecification","valueRequired":true,"valueName":"search_term_string"}}],"inLanguage":"pt-BR"},{"@type":["Person","Organization"],"@id":"https:\/\/blogdoprosperi.com\/#\/schema\/person\/38100755ce3601861ee4fab9b5aa78e9","name":"Luiz Ant\u00f4nio Pr\u00f3speri","pronouns":"ele","image":{"@type":"ImageObject","inLanguage":"pt-BR","@id":"https:\/\/i0.wp.com\/blogdoprosperi.com\/wp-content\/uploads\/2026\/05\/cropped-8059e613-6002-42fa-961e-8e275f575d71-2-5.jpg?fit=1360%2C931&ssl=1","url":"https:\/\/i0.wp.com\/blogdoprosperi.com\/wp-content\/uploads\/2026\/05\/cropped-8059e613-6002-42fa-961e-8e275f575d71-2-5.jpg?fit=1360%2C931&ssl=1","contentUrl":"https:\/\/i0.wp.com\/blogdoprosperi.com\/wp-content\/uploads\/2026\/05\/cropped-8059e613-6002-42fa-961e-8e275f575d71-2-5.jpg?fit=1360%2C931&ssl=1","width":1360,"height":931,"caption":"Luiz Ant\u00f4nio Pr\u00f3speri"},"logo":{"@id":"https:\/\/i0.wp.com\/blogdoprosperi.com\/wp-content\/uploads\/2026\/05\/cropped-8059e613-6002-42fa-961e-8e275f575d71-2-5.jpg?fit=1360%2C931&ssl=1"},"description":"Jornalista com carreira dedicada ao esporte. Cobriu 9 Copas do Mundo in loco, 1990 na It\u00e1lia, 1994 nos EUA, 1998 na Fran\u00e7a, 2002 na Coreia do Sul e Jap\u00e3o, 2006 na Alemanha, 2010 na \u00c1frica do Sul, 2014 no Brasil, 2018 na R\u00fassia e 2022 no Qatar. Eurocopas, 1992 na Su\u00e9cia e 1996 na Inglaterra. Copa das Confedera\u00e7\u00f5es de 2005 na Alemanha e 2009 na \u00c1frica do Sul. Rep\u00f3rter e Editor, trabalhou no Jornal da Tarde e Estad\u00e3o, de 1984 a fevereiro de 2016. Colunista, blogueiro. E comentarista de futebol na R\u00e1dio Estad\u00e3o, de 2013 a fevereiro de 2016. Jornalista respons\u00e1vel do \"Pr\u00f3speri News\" (blogdoprosperi.com).","sameAs":["http:\/\/blogdoprosperi.com","Luiz Pr\u00f3speri","@luiz_prosperi","https:\/\/x.com\/Luizprosperi","@prosperinacopa","luiz.prosperi@icloud.com"],"url":"https:\/\/blogdoprosperi.com\/?author=102107496"}]}},"jetpack_publicize_connections":[],"jetpack_likes_enabled":false,"jetpack_sharing_enabled":true,"jetpack_shortlink":"https:\/\/wp.me\/p7jvdk-dpe","jetpack-related-posts":[{"id":51935,"url":"https:\/\/blogdoprosperi.com\/?p=51935","url_meta":{"origin":51536,"position":0},"title":"Os Quatro Brasileiros Se Classificam \u00e0s Oitavas do Mundial de Clubes: O Que Vem Por A\u00ed","author":"Luiz Ant\u00f4nio Pr\u00f3speri","date":"25 de junho de 2025","format":false,"excerpt":"Luiz Ant\u00f4nio Pr\u00f3speri \u2013 25 junho (20h27) \u2013 atualizado \u00e0s 23h57 \u2013 Palmeiras, Flamengo, Botafogo e Fluminense classificados \u00e0s oitavas de final do Mundial de Clubes. Nos 12 jogos disputados pelo quarteto na fase de grupos, acumulam seis vit\u00f3rias, cinco empates e apenas uma derrota. Vencem dois europeus (Flamengo 3\u2026","rel":"","context":"Em &quot;futebol&quot;","block_context":{"text":"futebol","link":"https:\/\/blogdoprosperi.com\/?cat=53870"},"img":{"alt_text":"","src":"https:\/\/i0.wp.com\/blogdoprosperi.com\/wp-content\/uploads\/2025\/06\/captura-de-tela-2025-06-25-as-23.49.29.png?fit=1140%2C746&ssl=1&resize=350%2C200","width":350,"height":200,"srcset":"https:\/\/i0.wp.com\/blogdoprosperi.com\/wp-content\/uploads\/2025\/06\/captura-de-tela-2025-06-25-as-23.49.29.png?fit=1140%2C746&ssl=1&resize=350%2C200 1x, https:\/\/i0.wp.com\/blogdoprosperi.com\/wp-content\/uploads\/2025\/06\/captura-de-tela-2025-06-25-as-23.49.29.png?fit=1140%2C746&ssl=1&resize=525%2C300 1.5x, https:\/\/i0.wp.com\/blogdoprosperi.com\/wp-content\/uploads\/2025\/06\/captura-de-tela-2025-06-25-as-23.49.29.png?fit=1140%2C746&ssl=1&resize=700%2C400 2x, https:\/\/i0.wp.com\/blogdoprosperi.com\/wp-content\/uploads\/2025\/06\/captura-de-tela-2025-06-25-as-23.49.29.png?fit=1140%2C746&ssl=1&resize=1050%2C600 3x"},"classes":[]},{"id":51509,"url":"https:\/\/blogdoprosperi.com\/?p=51509","url_meta":{"origin":51536,"position":1},"title":"Botafogo Vence PSG e Pode Deixar Rabo de Foguete ao Palmeiras nas Oitavas do Mundial de Clubes","author":"Luiz Ant\u00f4nio Pr\u00f3speri","date":"20 de junho de 2025","format":false,"excerpt":"Luiz Ant\u00f4nio Pr\u00f3speri \u2013 20 junho (00h55) \u2013 Botafogo vence PSG por 1 a 0 na segunda rodada do Mundial Clubes. Antes de o jogo come\u00e7ar se avisava imposs\u00edvel um triunfo do campe\u00e3o da Libertadores 2025 em cima do campe\u00e3o da Liga dos Campe\u00f5es da Europa, a Champions League. Todas\u2026","rel":"","context":"Em &quot;futebol&quot;","block_context":{"text":"futebol","link":"https:\/\/blogdoprosperi.com\/?cat=53870"},"img":{"alt_text":"Botafogo 1 a 0 PSG - Mundial de Clubes","src":"https:\/\/i0.wp.com\/blogdoprosperi.com\/wp-content\/uploads\/2025\/06\/igor-jesus-celebrates-after-scoring-for-botafogo-against-psg-on-june-19-2025.webp?fit=1200%2C799&ssl=1&resize=350%2C200","width":350,"height":200,"srcset":"https:\/\/i0.wp.com\/blogdoprosperi.com\/wp-content\/uploads\/2025\/06\/igor-jesus-celebrates-after-scoring-for-botafogo-against-psg-on-june-19-2025.webp?fit=1200%2C799&ssl=1&resize=350%2C200 1x, https:\/\/i0.wp.com\/blogdoprosperi.com\/wp-content\/uploads\/2025\/06\/igor-jesus-celebrates-after-scoring-for-botafogo-against-psg-on-june-19-2025.webp?fit=1200%2C799&ssl=1&resize=525%2C300 1.5x, https:\/\/i0.wp.com\/blogdoprosperi.com\/wp-content\/uploads\/2025\/06\/igor-jesus-celebrates-after-scoring-for-botafogo-against-psg-on-june-19-2025.webp?fit=1200%2C799&ssl=1&resize=700%2C400 2x, https:\/\/i0.wp.com\/blogdoprosperi.com\/wp-content\/uploads\/2025\/06\/igor-jesus-celebrates-after-scoring-for-botafogo-against-psg-on-june-19-2025.webp?fit=1200%2C799&ssl=1&resize=1050%2C600 3x"},"classes":[]},{"id":51524,"url":"https:\/\/blogdoprosperi.com\/?p=51524","url_meta":{"origin":51536,"position":2},"title":"Mundial de Clubes | V\u00eddeo: Botafogo 1 a 0 PSG \u2013 Melhores Momentos","author":"Luiz Ant\u00f4nio Pr\u00f3speri","date":"20 de junho de 2025","format":false,"excerpt":"Acompanhe melhores momentos da incr\u00edvel vit\u00f3ria Botafogo 1 a 0 PSG. V\u00eddeo oficial Fifa Clique aqui: https:\/\/www.fifa.com\/pt\/watch\/5Nsh9lDIZoa9JFfd92PCrN Relat\u00f3rio Fifa \u2013 \u00a0Depois de golear o Atl\u00e9tico de Madrid por 4 a 0 na estreia, o t\u00e9cnico Luis Enrique promoveu altera\u00e7\u00f5es em seu time, especialmente no meio-campo. Fabi\u00e1n Ruiz e Jo\u00e3o Neves\u2026","rel":"","context":"Em &quot;futebol&quot;","block_context":{"text":"futebol","link":"https:\/\/blogdoprosperi.com\/?cat=53870"},"img":{"alt_text":"Botafogo 1 a 0 PSG \u2013 hist\u00f3rico","src":"https:\/\/i0.wp.com\/blogdoprosperi.com\/wp-content\/uploads\/2025\/06\/paris-saint-germain-fc-v-botafogo-fr-group-b-fifa-club-world-cup-2025.webp?fit=1200%2C799&ssl=1&resize=350%2C200","width":350,"height":200,"srcset":"https:\/\/i0.wp.com\/blogdoprosperi.com\/wp-content\/uploads\/2025\/06\/paris-saint-germain-fc-v-botafogo-fr-group-b-fifa-club-world-cup-2025.webp?fit=1200%2C799&ssl=1&resize=350%2C200 1x, https:\/\/i0.wp.com\/blogdoprosperi.com\/wp-content\/uploads\/2025\/06\/paris-saint-germain-fc-v-botafogo-fr-group-b-fifa-club-world-cup-2025.webp?fit=1200%2C799&ssl=1&resize=525%2C300 1.5x, https:\/\/i0.wp.com\/blogdoprosperi.com\/wp-content\/uploads\/2025\/06\/paris-saint-germain-fc-v-botafogo-fr-group-b-fifa-club-world-cup-2025.webp?fit=1200%2C799&ssl=1&resize=700%2C400 2x, https:\/\/i0.wp.com\/blogdoprosperi.com\/wp-content\/uploads\/2025\/06\/paris-saint-germain-fc-v-botafogo-fr-group-b-fifa-club-world-cup-2025.webp?fit=1200%2C799&ssl=1&resize=1050%2C600 3x"},"classes":[]},{"id":51750,"url":"https:\/\/blogdoprosperi.com\/?p=51750","url_meta":{"origin":51536,"position":3},"title":"Olhar Europeu | Clubes Brasileiros Est\u00e3o Subvertendo a Ordem Global no Mundial de Clubes","author":"Luiz Ant\u00f4nio Pr\u00f3speri","date":"23 de junho de 2025","format":false,"excerpt":"Flamengo, Botafogo, Palmeiras e Fluminense n\u00e3o s\u00e3o t\u00e3o ricos quanto clubes europeus, mas t\u00eam cora\u00e7\u00e3o e heran\u00e7a, diz reportagem do The\u00a0Guardian de Londres Tom Sanderson e Josu\u00e9 Seixas, The Guardian (23 junho) \u2013 Londres \u2013 \"O cemit\u00e9rio do futebol est\u00e1 cheio de 'favoritos'\", alertou o t\u00e9cnico do Botafogo, Renato Paiva,\u2026","rel":"","context":"Em &quot;futebol&quot;","block_context":{"text":"futebol","link":"https:\/\/blogdoprosperi.com\/?cat=53870"},"img":{"alt_text":"Mundial de Clubes: Flamengo vence Chelsea de virada","src":"https:\/\/i0.wp.com\/blogdoprosperi.com\/wp-content\/uploads\/2025\/06\/captura-de-tela-2025-06-20-as-17.15.25.png?fit=1200%2C891&ssl=1&resize=350%2C200","width":350,"height":200,"srcset":"https:\/\/i0.wp.com\/blogdoprosperi.com\/wp-content\/uploads\/2025\/06\/captura-de-tela-2025-06-20-as-17.15.25.png?fit=1200%2C891&ssl=1&resize=350%2C200 1x, https:\/\/i0.wp.com\/blogdoprosperi.com\/wp-content\/uploads\/2025\/06\/captura-de-tela-2025-06-20-as-17.15.25.png?fit=1200%2C891&ssl=1&resize=525%2C300 1.5x, https:\/\/i0.wp.com\/blogdoprosperi.com\/wp-content\/uploads\/2025\/06\/captura-de-tela-2025-06-20-as-17.15.25.png?fit=1200%2C891&ssl=1&resize=700%2C400 2x, https:\/\/i0.wp.com\/blogdoprosperi.com\/wp-content\/uploads\/2025\/06\/captura-de-tela-2025-06-20-as-17.15.25.png?fit=1200%2C891&ssl=1&resize=1050%2C600 3x"},"classes":[]},{"id":54919,"url":"https:\/\/blogdoprosperi.com\/?p=54919","url_meta":{"origin":51536,"position":4},"title":"#Cr\u00f4nicaSab\u00e1tica #30 | John Textor,  A For\u00e7a da Grana Que Ergue e Destr\u00f3i Coisas Belas no Botafogo","author":"Luiz Ant\u00f4nio Pr\u00f3speri","date":"13 de setembro de 2025","format":false,"excerpt":"Luiz Ant\u00f4nio Pr\u00f3speri \u2013 13 setembro 2025 (13h32) \u2013 John Textor torra algo perto de R$ 716 milh\u00f5es com a contrata\u00e7\u00e3o de 15 jogadores para o Botafogo na temporada de 2025. \u00c9 o l\u00edder de gastan\u00e7a entre os 20 clubes da S\u00e9rie A do Brasileir\u00e3o. Supera o Palmeiras, segundo colocado,\u2026","rel":"","context":"Em &quot;cr\u00f4nica&quot;","block_context":{"text":"cr\u00f4nica","link":"https:\/\/blogdoprosperi.com\/?cat=23339"},"img":{"alt_text":"#Cr\u00f4nicaSab\u00e1tica | A Forca da Grana que Ergue e Destr\u00f3i Coisas Belas, Botafogo","src":"https:\/\/i0.wp.com\/blogdoprosperi.com\/wp-content\/uploads\/2025\/09\/54780823521_583398706c_c-1.jpg?fit=799%2C533&ssl=1&resize=350%2C200","width":350,"height":200,"srcset":"https:\/\/i0.wp.com\/blogdoprosperi.com\/wp-content\/uploads\/2025\/09\/54780823521_583398706c_c-1.jpg?fit=799%2C533&ssl=1&resize=350%2C200 1x, https:\/\/i0.wp.com\/blogdoprosperi.com\/wp-content\/uploads\/2025\/09\/54780823521_583398706c_c-1.jpg?fit=799%2C533&ssl=1&resize=525%2C300 1.5x, https:\/\/i0.wp.com\/blogdoprosperi.com\/wp-content\/uploads\/2025\/09\/54780823521_583398706c_c-1.jpg?fit=799%2C533&ssl=1&resize=700%2C400 2x"},"classes":[]},{"id":41504,"url":"https:\/\/blogdoprosperi.com\/?p=41504","url_meta":{"origin":51536,"position":5},"title":"Piada de portugu\u00eas: Vamos ensinar futebol aos brasileiros","author":"Luiz Ant\u00f4nio Pr\u00f3speri","date":"10 de mar\u00e7o de 2023","format":false,"excerpt":"Da revoada de t\u00e9cnicos portugueses em alta no Brasil desde 2019, apenas Jorge Jesus e Abel Ferreira podem estufar o peito: Sim, ensinamos futebol aos brasileiros","rel":"","context":"Em &quot;Campeonato Brasileiro&quot;","block_context":{"text":"Campeonato Brasileiro","link":"https:\/\/blogdoprosperi.com\/?cat=355071"},"img":{"alt_text":"","src":"https:\/\/i0.wp.com\/blogdoprosperi.com\/wp-content\/uploads\/2023\/03\/1024.jpg?fit=1024%2C576&ssl=1&resize=350%2C200","width":350,"height":200,"srcset":"https:\/\/i0.wp.com\/blogdoprosperi.com\/wp-content\/uploads\/2023\/03\/1024.jpg?fit=1024%2C576&ssl=1&resize=350%2C200 1x, https:\/\/i0.wp.com\/blogdoprosperi.com\/wp-content\/uploads\/2023\/03\/1024.jpg?fit=1024%2C576&ssl=1&resize=525%2C300 1.5x, https:\/\/i0.wp.com\/blogdoprosperi.com\/wp-content\/uploads\/2023\/03\/1024.jpg?fit=1024%2C576&ssl=1&resize=700%2C400 2x"},"classes":[]}],"jetpack_featured_media_url":"https:\/\/i0.wp.com\/blogdoprosperi.com\/wp-content\/uploads\/2025\/06\/renato-paiva-botafogo-sl3xve58vdr5.webp?fit=774%2C516&ssl=1","_links":{"self":[{"href":"https:\/\/blogdoprosperi.com\/index.php?rest_route=\/wp\/v2\/posts\/51536","targetHints":{"allow":["GET"]}}],"collection":[{"href":"https:\/\/blogdoprosperi.com\/index.php?rest_route=\/wp\/v2\/posts"}],"about":[{"href":"https:\/\/blogdoprosperi.com\/index.php?rest_route=\/wp\/v2\/types\/post"}],"author":[{"embeddable":true,"href":"https:\/\/blogdoprosperi.com\/index.php?rest_route=\/wp\/v2\/users\/102107496"}],"replies":[{"embeddable":true,"href":"https:\/\/blogdoprosperi.com\/index.php?rest_route=%2Fwp%2Fv2%2Fcomments&post=51536"}],"version-history":[{"count":3,"href":"https:\/\/blogdoprosperi.com\/index.php?rest_route=\/wp\/v2\/posts\/51536\/revisions"}],"predecessor-version":[{"id":51539,"href":"https:\/\/blogdoprosperi.com\/index.php?rest_route=\/wp\/v2\/posts\/51536\/revisions\/51539"}],"wp:featuredmedia":[{"embeddable":true,"href":"https:\/\/blogdoprosperi.com\/index.php?rest_route=\/wp\/v2\/media\/51540"}],"wp:attachment":[{"href":"https:\/\/blogdoprosperi.com\/index.php?rest_route=%2Fwp%2Fv2%2Fmedia&parent=51536"}],"wp:term":[{"taxonomy":"category","embeddable":true,"href":"https:\/\/blogdoprosperi.com\/index.php?rest_route=%2Fwp%2Fv2%2Fcategories&post=51536"},{"taxonomy":"post_tag","embeddable":true,"href":"https:\/\/blogdoprosperi.com\/index.php?rest_route=%2Fwp%2Fv2%2Ftags&post=51536"}],"curies":[{"name":"wp","href":"https:\/\/api.w.org\/{rel}","templated":true}]}}