{"id":51581,"date":"2025-06-21T10:15:49","date_gmt":"2025-06-21T13:15:49","guid":{"rendered":"https:\/\/blogdoprosperi.com\/?p=51581"},"modified":"2025-06-21T10:28:12","modified_gmt":"2025-06-21T13:28:12","slug":"cronicasabatica-24-quando-as-caravanas-do-futebol-mundial-tomam-conta-dos-eua","status":"publish","type":"post","link":"https:\/\/blogdoprosperi.com\/?p=51581","title":{"rendered":"Cr\u00f4nicaSab\u00e1tica #24 | Quando as Caravanas do Futebol Tomam Conta dos EUA em Busca de Uma Nova Ordem Mundial"},"content":{"rendered":"<p><em>Luiz Ant\u00f4nio Pr\u00f3speri \u2013 21 junho (10h05) \u2013<\/em><\/p>\n<p>Mundial de Clubes inventado pela Fifa no modelo da Copa do Mundo avan\u00e7a rumo \u00e0 terceira rodada da fase de grupos. Aventura de 32 times representantes de todos os continentes do planeta toma conta das cidades-sede abrasadas no ver\u00e3o dos EUA. Babel de torcedores como numa gincana de cidade contra cidade. E um tira-teima rid\u00edculo, alimentado por uma m\u00eddia rala, entre clubes brasileiros desafiando pot\u00eancias europeias. Como se o futebol se restringisse ao embate do Velho Continente contra os colonizados da Am\u00e9rica do Sul.<\/p>\n<p>Sim, temos tudo isso. Temos mais que isso. A rara oportunidade de ver um Esp\u00e9rance da Tun\u00eds desafiando Los Angeles. Ou Buenos Aires contra Saitama do Jap\u00e3o no jogo Boca x Urawa Red. Quem imaginava Seattle do Nirvana contra Rio da Bossa Nova na partida Seattle x Botafogo? Madri do Real contra Riad (Ar\u00e1bia Saudita) do Al Hilal. Paris (PSG) x Rio (Botafogo)&#8230;<\/p>\n<p>Culturas diferentes, modelos de futebol d\u00edspares, torcidas de identidade pr\u00f3pria, jogadores de todos estilos e classe. Muitos habitu\u00e9s de suas sele\u00e7\u00f5es nacionais. Representantes da elite da elite do universo do futebol. Multi-cultura da bola \u00e0 disposi\u00e7\u00e3o dos f\u00e3s do esporte mais popular do mundo. Deslocamentos impens\u00e1veis, verdadeiras caravanas, algumas atravessando o Atl\u00e2ntico, outras o Pac\u00edfico rumo \u00e0 p\u00e1tria de Donald Trump.<\/p>\n<p>A\u00ed entramos nas terras dos cowboys.<\/p>\n<p>Est\u00e1dios gigantescos. Alertas clim\u00e1ticos a paralisar jogos por at\u00e9 1h ou mais. Calor\u00e3o absurdo em partidas entre o meio-dia e sete da noite. Arenas cheias de lugares vazios. Ingressos estratosf\u00e9ricos no in\u00edcio do Mundial reduzidos a pre\u00e7os mais populares por medo da Fifa e desejo de atrair multid\u00f5es aos jogos. A sa\u00fade dos jogadores comprometida pelo calor pavoroso.<\/p>\n<p>Festas na Time Square, Nashville, Miami, Filadelfia, New Jersey, Los Angeles, Seattle, cen\u00e1rios de cinema. E a bola absoluta no controle das multid\u00f5es.<\/p>\n<p>O Mundial da Fifa pegou. Para j\u00fabilo de Gianni Infantino, gr\u00e3-cartola da Fifa e pai desta Copa do Mundo de Clubes. Capaz de arrecadar R$ 5,5 bilh\u00f5es s\u00f3 de pr\u00eamios aos clubes. Ser financiado por fundos \u00e1rabes. Bajular Trump. Reunir lendas do futebol nas tribunas com homenagens e tudo pago pela Fifa por estadias nos EUA.<\/p>\n<p>Sim, temos sim um bom embate entre europeus e brasileiros. Donos da coleira a guiar os vira-latas, a se divertir com o abanar das caudinhas. Acontece que os vira-latas resolveram latir. Alarido no futebol.<\/p>\n<p>E um recado:<\/p>\n<p>Mundial vai al\u00e9m da discuss\u00e3o hier\u00e1rquica do futebol. Europeus, mais por imposi\u00e7\u00e3o da grana, sustentam a dinastia. Sul-Americanos e o resto do mundo querem mais. Embalam as caravanas na travessia dos EUA. Esperam chegar a Nova York, dia 13 de julho, e fincar seus escudos estabelecendo uma nova ordem do futebol.<\/p>\n","protected":false},"excerpt":{"rendered":"<p>Luiz Ant\u00f4nio Pr\u00f3speri \u2013 21 junho (10h05) \u2013 Mundial de Clubes inventado pela Fifa no modelo da Copa [&hellip;]<\/p>\n","protected":false},"author":102107496,"featured_media":51323,"comment_status":"open","ping_status":"open","sticky":false,"template":"","format":"standard","meta":{"_coblocks_attr":"","_coblocks_dimensions":"","_coblocks_responsive_height":"","_coblocks_accordion_ie_support":"","wpai_generated_summary":"","_jetpack_newsletter_access":"","_jetpack_dont_email_post_to_subs":false,"_jetpack_newsletter_tier_id":0,"_jetpack_memberships_contains_paywalled_content":false,"_wpcom_ai_launchpad_first_post":false,"_jetpack_feature_clip_id":0,"_jetpack_memberships_contains_paid_content":false,"footnotes":"","jetpack_publicize_message":"","jetpack_publicize_feature_enabled":true,"jetpack_social_post_already_shared":false,"jetpack_social_options":{"image_generator_settings":{"template":"highway","default_image_id":0,"font":"","enabled":false},"version":2},"jetpack_post_was_ever_published":false},"categories":[53870,772984667,3919],"tags":[987676,782012061,789560560,789560573,3245966,781887269],"class_list":["post-51581","post","type-post","status-publish","format-standard","has-post-thumbnail","hentry","category-futebol","category-mundial-de-clubes-2025","category-opiniao","tag-copa-do-mundo-de-clubes","tag-europeus-x-brasileiros","tag-futebol","tag-luiz-antonio-prosperi","tag-mundial-de-clubes-fifa","tag-psg-x-botafogo"],"yoast_head":"<!-- This site is optimized with the Yoast SEO plugin v28.4 - https:\/\/yoast.com\/product\/yoast-seo-wordpress\/ -->\n<title>Cr\u00f4nicaSab\u00e1tica #24 | Quando as Caravanas do Futebol Tomam Conta dos EUA em Busca de Uma Nova Ordem Mundial - PR\u00d3SPERI NEWS<\/title>\n<meta name=\"robots\" content=\"index, follow, max-snippet:-1, max-image-preview:large, max-video-preview:-1\" \/>\n<link rel=\"canonical\" href=\"https:\/\/blogdoprosperi.com\/?p=51581\" \/>\n<meta property=\"og:locale\" content=\"pt_BR\" \/>\n<meta property=\"og:type\" content=\"article\" \/>\n<meta property=\"og:title\" content=\"Cr\u00f4nicaSab\u00e1tica #24 | Quando as Caravanas do Futebol Tomam Conta dos EUA em Busca de Uma Nova Ordem Mundial - PR\u00d3SPERI NEWS\" \/>\n<meta property=\"og:description\" content=\"Luiz Ant\u00f4nio Pr\u00f3speri \u2013 21 junho (10h05) \u2013 Mundial de Clubes inventado pela Fifa no modelo da Copa [&hellip;]\" \/>\n<meta property=\"og:url\" content=\"https:\/\/blogdoprosperi.com\/?p=51581\" \/>\n<meta property=\"og:site_name\" content=\"PR\u00d3SPERI NEWS\" \/>\n<meta property=\"article:publisher\" content=\"Luiz Pr\u00f3speri\" \/>\n<meta property=\"article:author\" content=\"Luiz Pr\u00f3speri\" \/>\n<meta property=\"article:published_time\" content=\"2025-06-21T13:15:49+00:00\" \/>\n<meta property=\"article:modified_time\" content=\"2025-06-21T13:28:12+00:00\" \/>\n<meta property=\"og:image\" content=\"https:\/\/i0.wp.com\/blogdoprosperi.com\/wp-content\/uploads\/2025\/06\/cr-flamengo-v-esperance-de-tunis-group-d-fifa-club-world-cup-2025-1-1.webp?fit=1366%2C910&ssl=1\" \/>\n\t<meta property=\"og:image:width\" content=\"1366\" \/>\n\t<meta property=\"og:image:height\" content=\"910\" \/>\n\t<meta property=\"og:image:type\" content=\"image\/webp\" \/>\n<meta name=\"author\" content=\"Luiz Ant\u00f4nio Pr\u00f3speri\" \/>\n<meta name=\"twitter:card\" content=\"summary_large_image\" \/>\n<meta name=\"twitter:creator\" content=\"@Luizprosperi\" \/>\n<meta name=\"twitter:site\" content=\"@Luizprosperi\" \/>\n<meta name=\"twitter:label1\" content=\"Escrito por\" \/>\n\t<meta name=\"twitter:data1\" content=\"Luiz Ant\u00f4nio Pr\u00f3speri\" \/>\n\t<meta name=\"twitter:label2\" content=\"Est. tempo de leitura\" \/>\n\t<meta name=\"twitter:data2\" content=\"2 minutos\" \/>\n<script type=\"application\/ld+json\" class=\"yoast-schema-graph\">{\"@context\":\"https:\\\/\\\/schema.org\",\"@graph\":[{\"@type\":\"Article\",\"@id\":\"https:\\\/\\\/blogdoprosperi.com\\\/?p=51581#article\",\"isPartOf\":{\"@id\":\"https:\\\/\\\/blogdoprosperi.com\\\/?p=51581\"},\"author\":{\"name\":\"Luiz Ant\u00f4nio Pr\u00f3speri\",\"@id\":\"https:\\\/\\\/blogdoprosperi.com\\\/#\\\/schema\\\/person\\\/38100755ce3601861ee4fab9b5aa78e9\"},\"headline\":\"Cr\u00f4nicaSab\u00e1tica #24 | Quando as Caravanas do Futebol Tomam Conta dos EUA em Busca de Uma Nova Ordem Mundial\",\"datePublished\":\"2025-06-21T13:15:49+00:00\",\"dateModified\":\"2025-06-21T13:28:12+00:00\",\"mainEntityOfPage\":{\"@id\":\"https:\\\/\\\/blogdoprosperi.com\\\/?p=51581\"},\"wordCount\":497,\"commentCount\":0,\"publisher\":{\"@id\":\"https:\\\/\\\/blogdoprosperi.com\\\/#\\\/schema\\\/person\\\/38100755ce3601861ee4fab9b5aa78e9\"},\"image\":{\"@id\":\"https:\\\/\\\/blogdoprosperi.com\\\/?p=51581#primaryimage\"},\"thumbnailUrl\":\"https:\\\/\\\/i0.wp.com\\\/blogdoprosperi.com\\\/wp-content\\\/uploads\\\/2025\\\/06\\\/cr-flamengo-v-esperance-de-tunis-group-d-fifa-club-world-cup-2025-1-1.webp?fit=1366%2C910&ssl=1\",\"keywords\":[\"copa do mundo de clubes\",\"europeus x brasileiros\",\"futebol\",\"Luiz Ant\u00f4nio Pr\u00f3speri\",\"mundial de clubes Fifa\",\"PSG x Botafogo\"],\"articleSection\":[\"futebol\",\"mundial de clubes 2025\",\"opini\u00e3o\"],\"inLanguage\":\"pt-BR\",\"potentialAction\":[{\"@type\":\"CommentAction\",\"name\":\"Comment\",\"target\":[\"https:\\\/\\\/blogdoprosperi.com\\\/?p=51581#respond\"]}]},{\"@type\":\"WebPage\",\"@id\":\"https:\\\/\\\/blogdoprosperi.com\\\/?p=51581\",\"url\":\"https:\\\/\\\/blogdoprosperi.com\\\/?p=51581\",\"name\":\"Cr\u00f4nicaSab\u00e1tica #24 | Quando as Caravanas do Futebol Tomam Conta dos EUA em Busca de Uma Nova Ordem Mundial - PR\u00d3SPERI NEWS\",\"isPartOf\":{\"@id\":\"https:\\\/\\\/blogdoprosperi.com\\\/#website\"},\"primaryImageOfPage\":{\"@id\":\"https:\\\/\\\/blogdoprosperi.com\\\/?p=51581#primaryimage\"},\"image\":{\"@id\":\"https:\\\/\\\/blogdoprosperi.com\\\/?p=51581#primaryimage\"},\"thumbnailUrl\":\"https:\\\/\\\/i0.wp.com\\\/blogdoprosperi.com\\\/wp-content\\\/uploads\\\/2025\\\/06\\\/cr-flamengo-v-esperance-de-tunis-group-d-fifa-club-world-cup-2025-1-1.webp?fit=1366%2C910&ssl=1\",\"datePublished\":\"2025-06-21T13:15:49+00:00\",\"dateModified\":\"2025-06-21T13:28:12+00:00\",\"breadcrumb\":{\"@id\":\"https:\\\/\\\/blogdoprosperi.com\\\/?p=51581#breadcrumb\"},\"inLanguage\":\"pt-BR\",\"potentialAction\":[{\"@type\":\"ReadAction\",\"target\":[\"https:\\\/\\\/blogdoprosperi.com\\\/?p=51581\"]}]},{\"@type\":\"ImageObject\",\"inLanguage\":\"pt-BR\",\"@id\":\"https:\\\/\\\/blogdoprosperi.com\\\/?p=51581#primaryimage\",\"url\":\"https:\\\/\\\/i0.wp.com\\\/blogdoprosperi.com\\\/wp-content\\\/uploads\\\/2025\\\/06\\\/cr-flamengo-v-esperance-de-tunis-group-d-fifa-club-world-cup-2025-1-1.webp?fit=1366%2C910&ssl=1\",\"contentUrl\":\"https:\\\/\\\/i0.wp.com\\\/blogdoprosperi.com\\\/wp-content\\\/uploads\\\/2025\\\/06\\\/cr-flamengo-v-esperance-de-tunis-group-d-fifa-club-world-cup-2025-1-1.webp?fit=1366%2C910&ssl=1\",\"width\":1366,\"height\":910,\"caption\":\"Torcida do Esp\u00e9rance no Mundial de Clubes \u2013 foto: Fifa oficial\"},{\"@type\":\"BreadcrumbList\",\"@id\":\"https:\\\/\\\/blogdoprosperi.com\\\/?p=51581#breadcrumb\",\"itemListElement\":[{\"@type\":\"ListItem\",\"position\":1,\"name\":\"In\u00edcio\",\"item\":\"https:\\\/\\\/blogdoprosperi.com\\\/\"},{\"@type\":\"ListItem\",\"position\":2,\"name\":\"Cr\u00f4nicaSab\u00e1tica #24 | Quando as Caravanas do Futebol Tomam Conta dos EUA em Busca de Uma Nova Ordem Mundial\"}]},{\"@type\":\"WebSite\",\"@id\":\"https:\\\/\\\/blogdoprosperi.com\\\/#website\",\"url\":\"https:\\\/\\\/blogdoprosperi.com\\\/\",\"name\":\"PR\u00d3SPERI NEWS\",\"description\":\"TUDO \u00c9  FUTEBOL\",\"publisher\":{\"@id\":\"https:\\\/\\\/blogdoprosperi.com\\\/#\\\/schema\\\/person\\\/38100755ce3601861ee4fab9b5aa78e9\"},\"alternateName\":\"blogdoprosperi.com\",\"potentialAction\":[{\"@type\":\"SearchAction\",\"target\":{\"@type\":\"EntryPoint\",\"urlTemplate\":\"https:\\\/\\\/blogdoprosperi.com\\\/?s={search_term_string}\"},\"query-input\":{\"@type\":\"PropertyValueSpecification\",\"valueRequired\":true,\"valueName\":\"search_term_string\"}}],\"inLanguage\":\"pt-BR\"},{\"@type\":[\"Person\",\"Organization\"],\"@id\":\"https:\\\/\\\/blogdoprosperi.com\\\/#\\\/schema\\\/person\\\/38100755ce3601861ee4fab9b5aa78e9\",\"name\":\"Luiz Ant\u00f4nio Pr\u00f3speri\",\"pronouns\":\"ele\",\"image\":{\"@type\":\"ImageObject\",\"inLanguage\":\"pt-BR\",\"@id\":\"https:\\\/\\\/i0.wp.com\\\/blogdoprosperi.com\\\/wp-content\\\/uploads\\\/2026\\\/05\\\/cropped-8059e613-6002-42fa-961e-8e275f575d71-2-5.jpg?fit=1360%2C931&ssl=1\",\"url\":\"https:\\\/\\\/i0.wp.com\\\/blogdoprosperi.com\\\/wp-content\\\/uploads\\\/2026\\\/05\\\/cropped-8059e613-6002-42fa-961e-8e275f575d71-2-5.jpg?fit=1360%2C931&ssl=1\",\"contentUrl\":\"https:\\\/\\\/i0.wp.com\\\/blogdoprosperi.com\\\/wp-content\\\/uploads\\\/2026\\\/05\\\/cropped-8059e613-6002-42fa-961e-8e275f575d71-2-5.jpg?fit=1360%2C931&ssl=1\",\"width\":1360,\"height\":931,\"caption\":\"Luiz Ant\u00f4nio Pr\u00f3speri\"},\"logo\":{\"@id\":\"https:\\\/\\\/i0.wp.com\\\/blogdoprosperi.com\\\/wp-content\\\/uploads\\\/2026\\\/05\\\/cropped-8059e613-6002-42fa-961e-8e275f575d71-2-5.jpg?fit=1360%2C931&ssl=1\"},\"description\":\"Jornalista com carreira dedicada ao esporte. Cobriu 9 Copas do Mundo in loco, 1990 na It\u00e1lia, 1994 nos EUA, 1998 na Fran\u00e7a, 2002 na Coreia do Sul e Jap\u00e3o, 2006 na Alemanha, 2010 na \u00c1frica do Sul, 2014 no Brasil, 2018 na R\u00fassia e 2022 no Qatar. Eurocopas, 1992 na Su\u00e9cia e 1996 na Inglaterra. Copa das Confedera\u00e7\u00f5es de 2005 na Alemanha e 2009 na \u00c1frica do Sul. Rep\u00f3rter e Editor, trabalhou no Jornal da Tarde e Estad\u00e3o, de 1984 a fevereiro de 2016. Colunista, blogueiro. E comentarista de futebol na R\u00e1dio Estad\u00e3o, de 2013 a fevereiro de 2016. Jornalista respons\u00e1vel do \\\"Pr\u00f3speri News\\\" (blogdoprosperi.com).\",\"sameAs\":[\"http:\\\/\\\/blogdoprosperi.com\",\"Luiz Pr\u00f3speri\",\"@luiz_prosperi\",\"https:\\\/\\\/x.com\\\/Luizprosperi\",\"@prosperinacopa\",\"luiz.prosperi@icloud.com\"],\"url\":\"https:\\\/\\\/blogdoprosperi.com\\\/?author=102107496\"}]}<\/script>\n<!-- \/ Yoast SEO plugin. -->","yoast_head_json":{"title":"Cr\u00f4nicaSab\u00e1tica #24 | Quando as Caravanas do Futebol Tomam Conta dos EUA em Busca de Uma Nova Ordem Mundial - PR\u00d3SPERI NEWS","robots":{"index":"index","follow":"follow","max-snippet":"max-snippet:-1","max-image-preview":"max-image-preview:large","max-video-preview":"max-video-preview:-1"},"canonical":"https:\/\/blogdoprosperi.com\/?p=51581","og_locale":"pt_BR","og_type":"article","og_title":"Cr\u00f4nicaSab\u00e1tica #24 | Quando as Caravanas do Futebol Tomam Conta dos EUA em Busca de Uma Nova Ordem Mundial - PR\u00d3SPERI NEWS","og_description":"Luiz Ant\u00f4nio Pr\u00f3speri \u2013 21 junho (10h05) \u2013 Mundial de Clubes inventado pela Fifa no modelo da Copa [&hellip;]","og_url":"https:\/\/blogdoprosperi.com\/?p=51581","og_site_name":"PR\u00d3SPERI NEWS","article_publisher":"Luiz Pr\u00f3speri","article_author":"Luiz Pr\u00f3speri","article_published_time":"2025-06-21T13:15:49+00:00","article_modified_time":"2025-06-21T13:28:12+00:00","og_image":[{"width":1366,"height":910,"url":"https:\/\/i0.wp.com\/blogdoprosperi.com\/wp-content\/uploads\/2025\/06\/cr-flamengo-v-esperance-de-tunis-group-d-fifa-club-world-cup-2025-1-1.webp?fit=1366%2C910&ssl=1","type":"image\/webp"}],"author":"Luiz Ant\u00f4nio Pr\u00f3speri","twitter_card":"summary_large_image","twitter_creator":"@Luizprosperi","twitter_site":"@Luizprosperi","twitter_misc":{"Escrito por":"Luiz Ant\u00f4nio Pr\u00f3speri","Est. tempo de leitura":"2 minutos"},"schema":{"@context":"https:\/\/schema.org","@graph":[{"@type":"Article","@id":"https:\/\/blogdoprosperi.com\/?p=51581#article","isPartOf":{"@id":"https:\/\/blogdoprosperi.com\/?p=51581"},"author":{"name":"Luiz Ant\u00f4nio Pr\u00f3speri","@id":"https:\/\/blogdoprosperi.com\/#\/schema\/person\/38100755ce3601861ee4fab9b5aa78e9"},"headline":"Cr\u00f4nicaSab\u00e1tica #24 | Quando as Caravanas do Futebol Tomam Conta dos EUA em Busca de Uma Nova Ordem Mundial","datePublished":"2025-06-21T13:15:49+00:00","dateModified":"2025-06-21T13:28:12+00:00","mainEntityOfPage":{"@id":"https:\/\/blogdoprosperi.com\/?p=51581"},"wordCount":497,"commentCount":0,"publisher":{"@id":"https:\/\/blogdoprosperi.com\/#\/schema\/person\/38100755ce3601861ee4fab9b5aa78e9"},"image":{"@id":"https:\/\/blogdoprosperi.com\/?p=51581#primaryimage"},"thumbnailUrl":"https:\/\/i0.wp.com\/blogdoprosperi.com\/wp-content\/uploads\/2025\/06\/cr-flamengo-v-esperance-de-tunis-group-d-fifa-club-world-cup-2025-1-1.webp?fit=1366%2C910&ssl=1","keywords":["copa do mundo de clubes","europeus x brasileiros","futebol","Luiz Ant\u00f4nio Pr\u00f3speri","mundial de clubes Fifa","PSG x Botafogo"],"articleSection":["futebol","mundial de clubes 2025","opini\u00e3o"],"inLanguage":"pt-BR","potentialAction":[{"@type":"CommentAction","name":"Comment","target":["https:\/\/blogdoprosperi.com\/?p=51581#respond"]}]},{"@type":"WebPage","@id":"https:\/\/blogdoprosperi.com\/?p=51581","url":"https:\/\/blogdoprosperi.com\/?p=51581","name":"Cr\u00f4nicaSab\u00e1tica #24 | Quando as Caravanas do Futebol Tomam Conta dos EUA em Busca de Uma Nova Ordem Mundial - PR\u00d3SPERI NEWS","isPartOf":{"@id":"https:\/\/blogdoprosperi.com\/#website"},"primaryImageOfPage":{"@id":"https:\/\/blogdoprosperi.com\/?p=51581#primaryimage"},"image":{"@id":"https:\/\/blogdoprosperi.com\/?p=51581#primaryimage"},"thumbnailUrl":"https:\/\/i0.wp.com\/blogdoprosperi.com\/wp-content\/uploads\/2025\/06\/cr-flamengo-v-esperance-de-tunis-group-d-fifa-club-world-cup-2025-1-1.webp?fit=1366%2C910&ssl=1","datePublished":"2025-06-21T13:15:49+00:00","dateModified":"2025-06-21T13:28:12+00:00","breadcrumb":{"@id":"https:\/\/blogdoprosperi.com\/?p=51581#breadcrumb"},"inLanguage":"pt-BR","potentialAction":[{"@type":"ReadAction","target":["https:\/\/blogdoprosperi.com\/?p=51581"]}]},{"@type":"ImageObject","inLanguage":"pt-BR","@id":"https:\/\/blogdoprosperi.com\/?p=51581#primaryimage","url":"https:\/\/i0.wp.com\/blogdoprosperi.com\/wp-content\/uploads\/2025\/06\/cr-flamengo-v-esperance-de-tunis-group-d-fifa-club-world-cup-2025-1-1.webp?fit=1366%2C910&ssl=1","contentUrl":"https:\/\/i0.wp.com\/blogdoprosperi.com\/wp-content\/uploads\/2025\/06\/cr-flamengo-v-esperance-de-tunis-group-d-fifa-club-world-cup-2025-1-1.webp?fit=1366%2C910&ssl=1","width":1366,"height":910,"caption":"Torcida do Esp\u00e9rance no Mundial de Clubes \u2013 foto: Fifa oficial"},{"@type":"BreadcrumbList","@id":"https:\/\/blogdoprosperi.com\/?p=51581#breadcrumb","itemListElement":[{"@type":"ListItem","position":1,"name":"In\u00edcio","item":"https:\/\/blogdoprosperi.com\/"},{"@type":"ListItem","position":2,"name":"Cr\u00f4nicaSab\u00e1tica #24 | Quando as Caravanas do Futebol Tomam Conta dos EUA em Busca de Uma Nova Ordem Mundial"}]},{"@type":"WebSite","@id":"https:\/\/blogdoprosperi.com\/#website","url":"https:\/\/blogdoprosperi.com\/","name":"PR\u00d3SPERI NEWS","description":"TUDO \u00c9  FUTEBOL","publisher":{"@id":"https:\/\/blogdoprosperi.com\/#\/schema\/person\/38100755ce3601861ee4fab9b5aa78e9"},"alternateName":"blogdoprosperi.com","potentialAction":[{"@type":"SearchAction","target":{"@type":"EntryPoint","urlTemplate":"https:\/\/blogdoprosperi.com\/?s={search_term_string}"},"query-input":{"@type":"PropertyValueSpecification","valueRequired":true,"valueName":"search_term_string"}}],"inLanguage":"pt-BR"},{"@type":["Person","Organization"],"@id":"https:\/\/blogdoprosperi.com\/#\/schema\/person\/38100755ce3601861ee4fab9b5aa78e9","name":"Luiz Ant\u00f4nio Pr\u00f3speri","pronouns":"ele","image":{"@type":"ImageObject","inLanguage":"pt-BR","@id":"https:\/\/i0.wp.com\/blogdoprosperi.com\/wp-content\/uploads\/2026\/05\/cropped-8059e613-6002-42fa-961e-8e275f575d71-2-5.jpg?fit=1360%2C931&ssl=1","url":"https:\/\/i0.wp.com\/blogdoprosperi.com\/wp-content\/uploads\/2026\/05\/cropped-8059e613-6002-42fa-961e-8e275f575d71-2-5.jpg?fit=1360%2C931&ssl=1","contentUrl":"https:\/\/i0.wp.com\/blogdoprosperi.com\/wp-content\/uploads\/2026\/05\/cropped-8059e613-6002-42fa-961e-8e275f575d71-2-5.jpg?fit=1360%2C931&ssl=1","width":1360,"height":931,"caption":"Luiz Ant\u00f4nio Pr\u00f3speri"},"logo":{"@id":"https:\/\/i0.wp.com\/blogdoprosperi.com\/wp-content\/uploads\/2026\/05\/cropped-8059e613-6002-42fa-961e-8e275f575d71-2-5.jpg?fit=1360%2C931&ssl=1"},"description":"Jornalista com carreira dedicada ao esporte. Cobriu 9 Copas do Mundo in loco, 1990 na It\u00e1lia, 1994 nos EUA, 1998 na Fran\u00e7a, 2002 na Coreia do Sul e Jap\u00e3o, 2006 na Alemanha, 2010 na \u00c1frica do Sul, 2014 no Brasil, 2018 na R\u00fassia e 2022 no Qatar. Eurocopas, 1992 na Su\u00e9cia e 1996 na Inglaterra. Copa das Confedera\u00e7\u00f5es de 2005 na Alemanha e 2009 na \u00c1frica do Sul. Rep\u00f3rter e Editor, trabalhou no Jornal da Tarde e Estad\u00e3o, de 1984 a fevereiro de 2016. Colunista, blogueiro. E comentarista de futebol na R\u00e1dio Estad\u00e3o, de 2013 a fevereiro de 2016. Jornalista respons\u00e1vel do \"Pr\u00f3speri News\" (blogdoprosperi.com).","sameAs":["http:\/\/blogdoprosperi.com","Luiz Pr\u00f3speri","@luiz_prosperi","https:\/\/x.com\/Luizprosperi","@prosperinacopa","luiz.prosperi@icloud.com"],"url":"https:\/\/blogdoprosperi.com\/?author=102107496"}]}},"jetpack_publicize_connections":[],"jetpack_likes_enabled":false,"jetpack_sharing_enabled":true,"jetpack_shortlink":"https:\/\/wp.me\/p7jvdk-dpX","jetpack-related-posts":[{"id":51340,"url":"https:\/\/blogdoprosperi.com\/?p=51340","url_meta":{"origin":51581,"position":0},"title":"Quatro Brasileiros Contra Resto do Mundo: &#8216;Vira-Latas&#8217; Fluminense, Palmeiras, Flamengo e Botafogo Pedem Passagem","author":"Luiz Ant\u00f4nio Pr\u00f3speri","date":"17 de junho de 2025","format":false,"excerpt":"Luiz Antonio Pr\u00f3speri \u2013 17 junho (18h21) \u2013 Fluminense fecha primeira rodada envolvendo clubes brasileiros no Mundial de Clubes com um alerta: os quatro times nacionais pedem passagem. Recado claro vem do bom desempenho do Flu contra o Borussia Dortmund, uma das pot\u00eancias do futebol alem\u00e3o, nesta ter\u00e7a-feira (17\/6). Tudo\u2026","rel":"","context":"Em &quot;futebol&quot;","block_context":{"text":"futebol","link":"https:\/\/blogdoprosperi.com\/?cat=53870"},"img":{"alt_text":"","src":"https:\/\/i0.wp.com\/blogdoprosperi.com\/wp-content\/uploads\/2025\/06\/clubes-brasileiros-no-super-mundial-de-clubes-palmeiras-botafogo-flamengo-fluminense.webp?fit=1200%2C675&ssl=1&resize=350%2C200","width":350,"height":200,"srcset":"https:\/\/i0.wp.com\/blogdoprosperi.com\/wp-content\/uploads\/2025\/06\/clubes-brasileiros-no-super-mundial-de-clubes-palmeiras-botafogo-flamengo-fluminense.webp?fit=1200%2C675&ssl=1&resize=350%2C200 1x, https:\/\/i0.wp.com\/blogdoprosperi.com\/wp-content\/uploads\/2025\/06\/clubes-brasileiros-no-super-mundial-de-clubes-palmeiras-botafogo-flamengo-fluminense.webp?fit=1200%2C675&ssl=1&resize=525%2C300 1.5x, https:\/\/i0.wp.com\/blogdoprosperi.com\/wp-content\/uploads\/2025\/06\/clubes-brasileiros-no-super-mundial-de-clubes-palmeiras-botafogo-flamengo-fluminense.webp?fit=1200%2C675&ssl=1&resize=700%2C400 2x, https:\/\/i0.wp.com\/blogdoprosperi.com\/wp-content\/uploads\/2025\/06\/clubes-brasileiros-no-super-mundial-de-clubes-palmeiras-botafogo-flamengo-fluminense.webp?fit=1200%2C675&ssl=1&resize=1050%2C600 3x"},"classes":[]},{"id":47565,"url":"https:\/\/blogdoprosperi.com\/?p=47565","url_meta":{"origin":51581,"position":1},"title":"Posse de Trump | Fifa Se Rende ao Presidente dos Estados Unidos","author":"Luiz Ant\u00f4nio Pr\u00f3speri","date":"21 de janeiro de 2025","format":false,"excerpt":"Luiz Ant\u00f4nio Pr\u00f3speri \u2013 21 janeiro (9h35) \u2013 Futebol e pol\u00edtica se completam. Ainda mais quando se tem no comando da Fifa dirigentes preocupados com a grana e pouco ligados \u00e0s quest\u00f5es internas de pa\u00edses escolhidos sede de grandes eventos. Veja o caso dos Estados Unidos, anfitri\u00f5es do Mundial de\u2026","rel":"","context":"Em &quot;Fifa&quot;","block_context":{"text":"Fifa","link":"https:\/\/blogdoprosperi.com\/?cat=187969"},"img":{"alt_text":"Fifa vai onde est\u00e1 o dinheiro","src":"https:\/\/i0.wp.com\/blogdoprosperi.com\/wp-content\/uploads\/2025\/01\/captura-de-tela-2025-01-21-as-08.38.37.jpg?fit=1200%2C608&ssl=1&resize=350%2C200","width":350,"height":200,"srcset":"https:\/\/i0.wp.com\/blogdoprosperi.com\/wp-content\/uploads\/2025\/01\/captura-de-tela-2025-01-21-as-08.38.37.jpg?fit=1200%2C608&ssl=1&resize=350%2C200 1x, https:\/\/i0.wp.com\/blogdoprosperi.com\/wp-content\/uploads\/2025\/01\/captura-de-tela-2025-01-21-as-08.38.37.jpg?fit=1200%2C608&ssl=1&resize=525%2C300 1.5x, https:\/\/i0.wp.com\/blogdoprosperi.com\/wp-content\/uploads\/2025\/01\/captura-de-tela-2025-01-21-as-08.38.37.jpg?fit=1200%2C608&ssl=1&resize=700%2C400 2x, https:\/\/i0.wp.com\/blogdoprosperi.com\/wp-content\/uploads\/2025\/01\/captura-de-tela-2025-01-21-as-08.38.37.jpg?fit=1200%2C608&ssl=1&resize=1050%2C600 3x"},"classes":[]},{"id":52581,"url":"https:\/\/blogdoprosperi.com\/?p=52581","url_meta":{"origin":51581,"position":2},"title":"Fluminense Vence Al Hilal | O &#8216;Patinho Feio&#8217; Chega \u00e0 Semifinal do Mundial de Clubes","author":"Luiz Ant\u00f4nio Pr\u00f3speri","date":"4 de julho de 2025","format":false,"excerpt":"Luiz Ant\u00f4nio Pr\u00f3speri \u2013 4 julho (18h41) \u2013 Fluminense vence Al Hilal por 2 a 1 e avan\u00e7a \u00e0 semifinal do Mundial de Clubes. Inacredit\u00e1vel a se levar em conta as proje\u00e7\u00f5es dos brasileiros no torneio. De or\u00e7amento mais baixo entre Flamengo, Palmeiras e Botafogo, o Tricolor carioca reivindica seu\u2026","rel":"","context":"Em &quot;futebol&quot;","block_context":{"text":"futebol","link":"https:\/\/blogdoprosperi.com\/?cat=53870"},"img":{"alt_text":"Flu nas semifinais do Mundial de Clubes","src":"https:\/\/i0.wp.com\/blogdoprosperi.com\/wp-content\/uploads\/2025\/07\/gvcxh1ax0aaithj.jpeg?fit=1080%2C1080&ssl=1&resize=350%2C200","width":350,"height":200,"srcset":"https:\/\/i0.wp.com\/blogdoprosperi.com\/wp-content\/uploads\/2025\/07\/gvcxh1ax0aaithj.jpeg?fit=1080%2C1080&ssl=1&resize=350%2C200 1x, https:\/\/i0.wp.com\/blogdoprosperi.com\/wp-content\/uploads\/2025\/07\/gvcxh1ax0aaithj.jpeg?fit=1080%2C1080&ssl=1&resize=525%2C300 1.5x, https:\/\/i0.wp.com\/blogdoprosperi.com\/wp-content\/uploads\/2025\/07\/gvcxh1ax0aaithj.jpeg?fit=1080%2C1080&ssl=1&resize=700%2C400 2x, https:\/\/i0.wp.com\/blogdoprosperi.com\/wp-content\/uploads\/2025\/07\/gvcxh1ax0aaithj.jpeg?fit=1080%2C1080&ssl=1&resize=1050%2C600 3x"},"classes":[]},{"id":45848,"url":"https:\/\/blogdoprosperi.com\/?p=45848","url_meta":{"origin":51581,"position":3},"title":"Ligas Europeias e Sindicato de Jogadores Acusam Fifa de Atos Abusivos e Incha\u00e7o do Calend\u00e1rio","author":"Luiz Ant\u00f4nio Pr\u00f3speri","date":"15 de outubro de 2024","format":false,"excerpt":"O presidente da La Liga, Javier Tebas, comemorou \"um dos dias mais importantes do futebol\" depois que as ligas nacionais da Europa uniram for\u00e7as com o sindicato global de jogadores para registrar uma reclama\u00e7\u00e3o formal contra a imposi\u00e7\u00e3o do calend\u00e1rio de partidas do esporte pela Fifa. Tebas diz que o\u2026","rel":"","context":"Em &quot;futebol&quot;","block_context":{"text":"futebol","link":"https:\/\/blogdoprosperi.com\/?cat=53870"},"img":{"alt_text":"Futebol europeu se rebela contra calend\u00e1rio da Fifa","src":"https:\/\/i0.wp.com\/blogdoprosperi.com\/wp-content\/uploads\/2024\/10\/20241015_12es3_foto-fifa.webp?fit=1091%2C719&ssl=1&resize=350%2C200","width":350,"height":200,"srcset":"https:\/\/i0.wp.com\/blogdoprosperi.com\/wp-content\/uploads\/2024\/10\/20241015_12es3_foto-fifa.webp?fit=1091%2C719&ssl=1&resize=350%2C200 1x, https:\/\/i0.wp.com\/blogdoprosperi.com\/wp-content\/uploads\/2024\/10\/20241015_12es3_foto-fifa.webp?fit=1091%2C719&ssl=1&resize=525%2C300 1.5x, https:\/\/i0.wp.com\/blogdoprosperi.com\/wp-content\/uploads\/2024\/10\/20241015_12es3_foto-fifa.webp?fit=1091%2C719&ssl=1&resize=700%2C400 2x, https:\/\/i0.wp.com\/blogdoprosperi.com\/wp-content\/uploads\/2024\/10\/20241015_12es3_foto-fifa.webp?fit=1091%2C719&ssl=1&resize=1050%2C600 3x"},"classes":[]},{"id":51404,"url":"https:\/\/blogdoprosperi.com\/?p=51404","url_meta":{"origin":51581,"position":4},"title":"Palmeiras Tem Mundial ? Fifa Diz Que Alviverde Tem a Copa Intercontinental","author":"Luiz Ant\u00f4nio Pr\u00f3speri","date":"18 de junho de 2025","format":false,"excerpt":"Luiz Ant\u00f4nio Pr\u00f3speri \u2013 18 junho (17h10) \u2013 Palmeiras tem Mundial? A Fifa diz que sim ao publicar relat\u00f3rio dos 32 clubes participantes do Mundial de Clubes 2025. Documento gr\u00e1fico, divulgado ter\u00e7a-feira (17\/6), elenca todas as conquistas de cada um dos clubes. No quadro do Palmeiras, a Fifa reconhece a\u2026","rel":"","context":"Em &quot;futebol&quot;","block_context":{"text":"futebol","link":"https:\/\/blogdoprosperi.com\/?cat=53870"},"img":{"alt_text":"","src":"https:\/\/i0.wp.com\/blogdoprosperi.com\/wp-content\/uploads\/2025\/06\/taca-copa-rio-1951-qhnajxvka0jc.webp?fit=774%2C480&ssl=1&resize=350%2C200","width":350,"height":200,"srcset":"https:\/\/i0.wp.com\/blogdoprosperi.com\/wp-content\/uploads\/2025\/06\/taca-copa-rio-1951-qhnajxvka0jc.webp?fit=774%2C480&ssl=1&resize=350%2C200 1x, https:\/\/i0.wp.com\/blogdoprosperi.com\/wp-content\/uploads\/2025\/06\/taca-copa-rio-1951-qhnajxvka0jc.webp?fit=774%2C480&ssl=1&resize=525%2C300 1.5x, https:\/\/i0.wp.com\/blogdoprosperi.com\/wp-content\/uploads\/2025\/06\/taca-copa-rio-1951-qhnajxvka0jc.webp?fit=774%2C480&ssl=1&resize=700%2C400 2x"},"classes":[]},{"id":48541,"url":"https:\/\/blogdoprosperi.com\/?p=48541","url_meta":{"origin":51581,"position":5},"title":"Premia\u00e7\u00e3o Mundial de Clubes | Fifa Paga R$ 560 Milh\u00f5es ao Campe\u00e3o","author":"Luiz Ant\u00f4nio Pr\u00f3speri","date":"6 de mar\u00e7o de 2025","format":false,"excerpt":"R$ 5,6 bilh\u00f5es \u00e9 a premia\u00e7\u00e3o total anunciada para o Mundial de Clubes da FIFA. Palmeiras, Botafogo, Flamengo e Fluminense disputar\u00e3o o torneio nos EUA Campe\u00e3o pode levar para casa at\u00e9 US$ 100 milh\u00f5es (R$ 560 milh\u00f5es). E um quarto do pr\u00eamio ser\u00e1 destinado aos clubes que n\u00e3o participar\u00e3o Documento\u2026","rel":"","context":"Em &quot;futebol&quot;","block_context":{"text":"futebol","link":"https:\/\/blogdoprosperi.com\/?cat=53870"},"img":{"alt_text":"fifa esta mundial de clubes a cada dois anos,","src":"https:\/\/i0.wp.com\/blogdoprosperi.com\/wp-content\/uploads\/2025\/03\/fifa-club-world-cup-trophy-tour-in-new-york-and-new-jersey.webp?fit=1200%2C1200&ssl=1&resize=350%2C200","width":350,"height":200,"srcset":"https:\/\/i0.wp.com\/blogdoprosperi.com\/wp-content\/uploads\/2025\/03\/fifa-club-world-cup-trophy-tour-in-new-york-and-new-jersey.webp?fit=1200%2C1200&ssl=1&resize=350%2C200 1x, https:\/\/i0.wp.com\/blogdoprosperi.com\/wp-content\/uploads\/2025\/03\/fifa-club-world-cup-trophy-tour-in-new-york-and-new-jersey.webp?fit=1200%2C1200&ssl=1&resize=525%2C300 1.5x, https:\/\/i0.wp.com\/blogdoprosperi.com\/wp-content\/uploads\/2025\/03\/fifa-club-world-cup-trophy-tour-in-new-york-and-new-jersey.webp?fit=1200%2C1200&ssl=1&resize=700%2C400 2x, https:\/\/i0.wp.com\/blogdoprosperi.com\/wp-content\/uploads\/2025\/03\/fifa-club-world-cup-trophy-tour-in-new-york-and-new-jersey.webp?fit=1200%2C1200&ssl=1&resize=1050%2C600 3x"},"classes":[]}],"jetpack_featured_media_url":"https:\/\/i0.wp.com\/blogdoprosperi.com\/wp-content\/uploads\/2025\/06\/cr-flamengo-v-esperance-de-tunis-group-d-fifa-club-world-cup-2025-1-1.webp?fit=1366%2C910&ssl=1","_links":{"self":[{"href":"https:\/\/blogdoprosperi.com\/index.php?rest_route=\/wp\/v2\/posts\/51581","targetHints":{"allow":["GET"]}}],"collection":[{"href":"https:\/\/blogdoprosperi.com\/index.php?rest_route=\/wp\/v2\/posts"}],"about":[{"href":"https:\/\/blogdoprosperi.com\/index.php?rest_route=\/wp\/v2\/types\/post"}],"author":[{"embeddable":true,"href":"https:\/\/blogdoprosperi.com\/index.php?rest_route=\/wp\/v2\/users\/102107496"}],"replies":[{"embeddable":true,"href":"https:\/\/blogdoprosperi.com\/index.php?rest_route=%2Fwp%2Fv2%2Fcomments&post=51581"}],"version-history":[{"count":11,"href":"https:\/\/blogdoprosperi.com\/index.php?rest_route=\/wp\/v2\/posts\/51581\/revisions"}],"predecessor-version":[{"id":51600,"href":"https:\/\/blogdoprosperi.com\/index.php?rest_route=\/wp\/v2\/posts\/51581\/revisions\/51600"}],"wp:featuredmedia":[{"embeddable":true,"href":"https:\/\/blogdoprosperi.com\/index.php?rest_route=\/wp\/v2\/media\/51323"}],"wp:attachment":[{"href":"https:\/\/blogdoprosperi.com\/index.php?rest_route=%2Fwp%2Fv2%2Fmedia&parent=51581"}],"wp:term":[{"taxonomy":"category","embeddable":true,"href":"https:\/\/blogdoprosperi.com\/index.php?rest_route=%2Fwp%2Fv2%2Fcategories&post=51581"},{"taxonomy":"post_tag","embeddable":true,"href":"https:\/\/blogdoprosperi.com\/index.php?rest_route=%2Fwp%2Fv2%2Ftags&post=51581"}],"curies":[{"name":"wp","href":"https:\/\/api.w.org\/{rel}","templated":true}]}}