{"id":51847,"date":"2025-06-24T18:38:18","date_gmt":"2025-06-24T21:38:18","guid":{"rendered":"https:\/\/blogdoprosperi.com\/?p=51847"},"modified":"2025-06-24T21:57:24","modified_gmt":"2025-06-25T00:57:24","slug":"palmeiras-tem-encrencas-de-sobra-para-abel-resolver-no-mundial-de-clubes","status":"publish","type":"post","link":"https:\/\/blogdoprosperi.com\/?p=51847","title":{"rendered":"Palmeiras Tem Encrencas de Sobra para Abel Resolver no Mundial de Clubes"},"content":{"rendered":"<p><em>Luiz Ant\u00f4nio Pr\u00f3speri \u2013 24 junho (18h23) \u2013<\/em><\/p>\n<p>Palmeiras chega \u00e0s oitavas de final do Mundial de Clubes atolado em problemas. Aquela hist\u00f3ria do c\u00e9u ao inferno. De candidato a melhor brasileiro no torneio, a pior dos quatro representantes do pa\u00eds. De repente, a casa cai por uma jornada absurda diante do time de Messi &amp; Su\u00e1rez e Cia. Abel Ferreira, Estev\u00e3o, Vitor Roque, Raphael Veiga. Empilham-se os nomes de culpados e vil\u00f5es. Detalhe: Palmeiras resolve com o Botafogo quem vai passar \u00e0s quartas de final do Mundial, s\u00e1bado (28\/6), na Filadelfia.<\/p>\n<p>Encrencas de sobra para se resolver em quatro dias.<\/p>\n<p>Veja o caso Estev\u00e3o. Solu\u00e7\u00e3o de todos problemas at\u00e9 pouco tempo atr\u00e1s, o garoto de 18 anos rec\u00e9m-completados disse que est\u00e1 dif\u00edcil manter o foco no Palmeiras. A cabe\u00e7a est\u00e1 no Chelsea, sua nova casa ap\u00f3s o Mundial de Clubes.<\/p>\n<p>Como assim, cabe\u00e7a no Chelsea em pleno Mundial com a camisa verde? Se o sintoma \u00e9 esse porque cargas d&#8217;\u00e1gua Abel n\u00e3o chama Estev\u00e3o e resolve a parada? Se n\u00e3o est\u00e1 pensando no Palmeiras que des\u00e7a do c\u00e9u e volte a pisar no ch\u00e3o ou v\u00e1 ao banco de reservas para uma reflex\u00e3o.<\/p>\n<p>E cede seu lugar a outro garoto, Allan, autor do passe para o gol de Paulinho contra o Inter Miami. Allan pede passagem. Abel reluta em entregar o bilhete.<\/p>\n<blockquote><p><em>Muito dif\u00edcil, \u00e9 um sonho que vou realizar, sabendo que tenho que focar aqui e trabalhar. N\u00e3o \u00e9 f\u00e1cil, tem que manter a cabe\u00e7a aqui. Quanto mais perto, a ansiedade vai batendo, o friozinho na barriga. Estou tentando focar o m\u00e1ximo aqui para sair bem, com a cabe\u00e7a erguida e pela porta da frente e sabendo que dei meu m\u00e1ximo&#8221; \u2013 Estev\u00e3o<\/em><\/p>\n<\/blockquote>\n<p>Vitor Roque \u00e9 outra quest\u00e3o a atormentar a comiss\u00e3o t\u00e9cnica. Contratado por uma f\u00e1bula para produzir gols, se nega a balan\u00e7ar as redes \u2013 seja iniciando o jogo ou entrando no segundo tempo. Abel ainda n\u00e3o encontra o melhor caminho a Vitor Roque seguir.<\/p>\n<p>Quando recorre a Flaco Lopez, o argentino nega fogo. Le\u00e3o quando entra durante jogo, um gatinho de estima\u00e7\u00e3o quando inicia partida como titular.<\/p>\n<p>E Raphael Veiga? Desde que baixou \u00e0 condi\u00e7\u00e3o de reserva antes do Mundial, quando chamado a dar ordens no meio-campo n\u00e3o acontece. \u00c9 um caso ainda sem explica\u00e7\u00e3o.<\/p>\n<p>Quest\u00f5es individuais e solu\u00e7\u00f5es t\u00e1ticas a esquentar a cabe\u00e7a fria (?) de Abel.<\/p>\n<p>Mas tem mais encrencas. A sa\u00fade de jogadores importantes.<\/p>\n<p>Murilo sai com m\u00fasculos esgar\u00e7ados na coxa no jogo contra o Inter Miami. E pode ficar fora at\u00e9 o fim do Mundial.<\/p>\n<p>An\u00edbal Moreno, alicerce do sistema defensivo, tamb\u00e9m enfrenta edema muscular.<\/p>\n<p>Paulinho \u00e9 o caso mais dif\u00edcil. Ainda sob efeito da cirurgia na canela realizada no fim do ano passado, o atacante tem o limite de atuar 30 minutos por jogo. N\u00e3o se descarta nova cirurgia ap\u00f3s o Mundial.<\/p>\n<p>Cabe\u00e7a de Abel anda mais quente do que nunca. No calor\u00e3o dos EUA, ferve.<\/p>\n<p>\u00c9 preciso reagir r\u00e1pido. E olha que o caminho do Palmeiras daqui para frente parece mais suave. Tem o Botafogo nas oitavas de final. Se passar, enfrenta o vencedor de Benfica e Chelsea (prov\u00e1vel) nas quartas de final.<\/p>\n<p>A hora \u00e9 acabar com as encrencas.<\/p>\n<p>At\u00e9 porque tem apoio inconteste da torcida, um colosso verde e branco a assombrar est\u00e1dios e ruas cen\u00e1rios de cinema nos Estados Unidos.<\/p>\n","protected":false},"excerpt":{"rendered":"<p>Luiz Ant\u00f4nio Pr\u00f3speri \u2013 24 junho (18h23) \u2013 Palmeiras chega \u00e0s oitavas de final do Mundial de Clubes [&hellip;]<\/p>\n","protected":false},"author":102107496,"featured_media":51855,"comment_status":"open","ping_status":"open","sticky":false,"template":"","format":"standard","meta":{"_coblocks_attr":"","_coblocks_dimensions":"","_coblocks_responsive_height":"","_coblocks_accordion_ie_support":"","_jetpack_newsletter_access":"","_jetpack_dont_email_post_to_subs":false,"_jetpack_newsletter_tier_id":0,"_jetpack_memberships_contains_paywalled_content":false,"_wpcom_ai_launchpad_first_post":false,"_jetpack_feature_clip_id":0,"_jetpack_memberships_contains_paid_content":false,"footnotes":"","jetpack_publicize_message":"","jetpack_publicize_feature_enabled":true,"jetpack_social_post_already_shared":false,"jetpack_social_options":{"image_generator_settings":{"template":"highway","default_image_id":0,"font":"","enabled":false},"version":2},"jetpack_post_was_ever_published":false},"categories":[53870,772984667,3919],"tags":[4200771,83107730,782118198,789560560,789560573,81750,789560568,287104,14207997,453465977,735373335],"class_list":["post-51847","post","type-post","status-publish","format-standard","has-post-thumbnail","hentry","category-futebol","category-mundial-de-clubes-2025","category-opiniao","tag-abel-ferreira","tag-benfica-x-chelsea","tag-estevao-chelsea","tag-futebol","tag-luiz-antonio-prosperi","tag-messi","tag-mundial-de-clubes","tag-palmeiras","tag-palmeiras-x-botafogo","tag-raphael-veiga","tag-vitor-roque"],"yoast_head":"<!-- This site is optimized with the Yoast SEO plugin v28.3 - https:\/\/yoast.com\/product\/yoast-seo-wordpress\/ -->\n<title>Palmeiras Tem Encrencas de Sobra para Abel Resolver no Mundial de Clubes - PR\u00d3SPERI NEWS<\/title>\n<meta name=\"robots\" content=\"index, follow, max-snippet:-1, max-image-preview:large, max-video-preview:-1\" \/>\n<link rel=\"canonical\" href=\"https:\/\/blogdoprosperi.com\/?p=51847\" \/>\n<meta property=\"og:locale\" content=\"pt_BR\" \/>\n<meta property=\"og:type\" content=\"article\" \/>\n<meta property=\"og:title\" content=\"Palmeiras Tem Encrencas de Sobra para Abel Resolver no Mundial de Clubes - PR\u00d3SPERI NEWS\" \/>\n<meta property=\"og:description\" content=\"Luiz Ant\u00f4nio Pr\u00f3speri \u2013 24 junho (18h23) \u2013 Palmeiras chega \u00e0s oitavas de final do Mundial de Clubes [&hellip;]\" \/>\n<meta property=\"og:url\" content=\"https:\/\/blogdoprosperi.com\/?p=51847\" \/>\n<meta property=\"og:site_name\" content=\"PR\u00d3SPERI NEWS\" \/>\n<meta property=\"article:publisher\" content=\"Luiz Pr\u00f3speri\" \/>\n<meta property=\"article:author\" content=\"Luiz Pr\u00f3speri\" \/>\n<meta property=\"article:published_time\" content=\"2025-06-24T21:38:18+00:00\" \/>\n<meta property=\"article:modified_time\" content=\"2025-06-25T00:57:24+00:00\" \/>\n<meta property=\"og:image\" content=\"https:\/\/i0.wp.com\/blogdoprosperi.com\/wp-content\/uploads\/2025\/06\/54610306500_aef84653cd_c.jpg?fit=800%2C450&ssl=1\" \/>\n\t<meta property=\"og:image:width\" content=\"800\" \/>\n\t<meta property=\"og:image:height\" content=\"450\" \/>\n\t<meta property=\"og:image:type\" content=\"image\/jpeg\" \/>\n<meta name=\"author\" content=\"Luiz Ant\u00f4nio Pr\u00f3speri\" \/>\n<meta name=\"twitter:card\" content=\"summary_large_image\" \/>\n<meta name=\"twitter:creator\" content=\"@Luizprosperi\" \/>\n<meta name=\"twitter:site\" content=\"@Luizprosperi\" \/>\n<meta name=\"twitter:label1\" content=\"Escrito por\" \/>\n\t<meta name=\"twitter:data1\" content=\"Luiz Ant\u00f4nio Pr\u00f3speri\" \/>\n\t<meta name=\"twitter:label2\" content=\"Est. tempo de leitura\" \/>\n\t<meta name=\"twitter:data2\" content=\"3 minutos\" \/>\n<script type=\"application\/ld+json\" class=\"yoast-schema-graph\">{\"@context\":\"https:\\\/\\\/schema.org\",\"@graph\":[{\"@type\":\"Article\",\"@id\":\"https:\\\/\\\/blogdoprosperi.com\\\/?p=51847#article\",\"isPartOf\":{\"@id\":\"https:\\\/\\\/blogdoprosperi.com\\\/?p=51847\"},\"author\":{\"name\":\"Luiz Ant\u00f4nio Pr\u00f3speri\",\"@id\":\"https:\\\/\\\/blogdoprosperi.com\\\/#\\\/schema\\\/person\\\/38100755ce3601861ee4fab9b5aa78e9\"},\"headline\":\"Palmeiras Tem Encrencas de Sobra para Abel Resolver no Mundial de Clubes\",\"datePublished\":\"2025-06-24T21:38:18+00:00\",\"dateModified\":\"2025-06-25T00:57:24+00:00\",\"mainEntityOfPage\":{\"@id\":\"https:\\\/\\\/blogdoprosperi.com\\\/?p=51847\"},\"wordCount\":610,\"commentCount\":0,\"publisher\":{\"@id\":\"https:\\\/\\\/blogdoprosperi.com\\\/#\\\/schema\\\/person\\\/38100755ce3601861ee4fab9b5aa78e9\"},\"image\":{\"@id\":\"https:\\\/\\\/blogdoprosperi.com\\\/?p=51847#primaryimage\"},\"thumbnailUrl\":\"https:\\\/\\\/i0.wp.com\\\/blogdoprosperi.com\\\/wp-content\\\/uploads\\\/2025\\\/06\\\/54610306500_aef84653cd_c.jpg?fit=800%2C450&ssl=1\",\"keywords\":[\"abel ferreira\",\"Benfica x Chelsea\",\"Estev\u00e3o Chelsea\",\"futebol\",\"Luiz Ant\u00f4nio Pr\u00f3speri\",\"Messi\",\"Mundial de Clubes\",\"Palmeiras\",\"palmeiras x botafogo\",\"Raphael Veiga\",\"vitor roque\"],\"articleSection\":[\"futebol\",\"mundial de clubes 2025\",\"opini\u00e3o\"],\"inLanguage\":\"pt-BR\",\"potentialAction\":[{\"@type\":\"CommentAction\",\"name\":\"Comment\",\"target\":[\"https:\\\/\\\/blogdoprosperi.com\\\/?p=51847#respond\"]}]},{\"@type\":\"WebPage\",\"@id\":\"https:\\\/\\\/blogdoprosperi.com\\\/?p=51847\",\"url\":\"https:\\\/\\\/blogdoprosperi.com\\\/?p=51847\",\"name\":\"Palmeiras Tem Encrencas de Sobra para Abel Resolver no Mundial de Clubes - PR\u00d3SPERI NEWS\",\"isPartOf\":{\"@id\":\"https:\\\/\\\/blogdoprosperi.com\\\/#website\"},\"primaryImageOfPage\":{\"@id\":\"https:\\\/\\\/blogdoprosperi.com\\\/?p=51847#primaryimage\"},\"image\":{\"@id\":\"https:\\\/\\\/blogdoprosperi.com\\\/?p=51847#primaryimage\"},\"thumbnailUrl\":\"https:\\\/\\\/i0.wp.com\\\/blogdoprosperi.com\\\/wp-content\\\/uploads\\\/2025\\\/06\\\/54610306500_aef84653cd_c.jpg?fit=800%2C450&ssl=1\",\"datePublished\":\"2025-06-24T21:38:18+00:00\",\"dateModified\":\"2025-06-25T00:57:24+00:00\",\"breadcrumb\":{\"@id\":\"https:\\\/\\\/blogdoprosperi.com\\\/?p=51847#breadcrumb\"},\"inLanguage\":\"pt-BR\",\"potentialAction\":[{\"@type\":\"ReadAction\",\"target\":[\"https:\\\/\\\/blogdoprosperi.com\\\/?p=51847\"]}]},{\"@type\":\"ImageObject\",\"inLanguage\":\"pt-BR\",\"@id\":\"https:\\\/\\\/blogdoprosperi.com\\\/?p=51847#primaryimage\",\"url\":\"https:\\\/\\\/i0.wp.com\\\/blogdoprosperi.com\\\/wp-content\\\/uploads\\\/2025\\\/06\\\/54610306500_aef84653cd_c.jpg?fit=800%2C450&ssl=1\",\"contentUrl\":\"https:\\\/\\\/i0.wp.com\\\/blogdoprosperi.com\\\/wp-content\\\/uploads\\\/2025\\\/06\\\/54610306500_aef84653cd_c.jpg?fit=800%2C450&ssl=1\",\"width\":800,\"height\":450,\"caption\":\"Paulinho e Estev\u00e3o, problemas nas m\u00e3os de Abel \u2013 foto: Palmeiras oficial\"},{\"@type\":\"BreadcrumbList\",\"@id\":\"https:\\\/\\\/blogdoprosperi.com\\\/?p=51847#breadcrumb\",\"itemListElement\":[{\"@type\":\"ListItem\",\"position\":1,\"name\":\"In\u00edcio\",\"item\":\"https:\\\/\\\/blogdoprosperi.com\\\/\"},{\"@type\":\"ListItem\",\"position\":2,\"name\":\"Palmeiras Tem Encrencas de Sobra para Abel Resolver no Mundial de Clubes\"}]},{\"@type\":\"WebSite\",\"@id\":\"https:\\\/\\\/blogdoprosperi.com\\\/#website\",\"url\":\"https:\\\/\\\/blogdoprosperi.com\\\/\",\"name\":\"PR\u00d3SPERI NEWS\",\"description\":\"TUDO \u00c9  FUTEBOL\",\"publisher\":{\"@id\":\"https:\\\/\\\/blogdoprosperi.com\\\/#\\\/schema\\\/person\\\/38100755ce3601861ee4fab9b5aa78e9\"},\"alternateName\":\"blogdoprosperi.com\",\"potentialAction\":[{\"@type\":\"SearchAction\",\"target\":{\"@type\":\"EntryPoint\",\"urlTemplate\":\"https:\\\/\\\/blogdoprosperi.com\\\/?s={search_term_string}\"},\"query-input\":{\"@type\":\"PropertyValueSpecification\",\"valueRequired\":true,\"valueName\":\"search_term_string\"}}],\"inLanguage\":\"pt-BR\"},{\"@type\":[\"Person\",\"Organization\"],\"@id\":\"https:\\\/\\\/blogdoprosperi.com\\\/#\\\/schema\\\/person\\\/38100755ce3601861ee4fab9b5aa78e9\",\"name\":\"Luiz Ant\u00f4nio Pr\u00f3speri\",\"pronouns\":\"ele\",\"image\":{\"@type\":\"ImageObject\",\"inLanguage\":\"pt-BR\",\"@id\":\"https:\\\/\\\/i0.wp.com\\\/blogdoprosperi.com\\\/wp-content\\\/uploads\\\/2026\\\/05\\\/cropped-8059e613-6002-42fa-961e-8e275f575d71-2-5.jpg?fit=1360%2C931&ssl=1\",\"url\":\"https:\\\/\\\/i0.wp.com\\\/blogdoprosperi.com\\\/wp-content\\\/uploads\\\/2026\\\/05\\\/cropped-8059e613-6002-42fa-961e-8e275f575d71-2-5.jpg?fit=1360%2C931&ssl=1\",\"contentUrl\":\"https:\\\/\\\/i0.wp.com\\\/blogdoprosperi.com\\\/wp-content\\\/uploads\\\/2026\\\/05\\\/cropped-8059e613-6002-42fa-961e-8e275f575d71-2-5.jpg?fit=1360%2C931&ssl=1\",\"width\":1360,\"height\":931,\"caption\":\"Luiz Ant\u00f4nio Pr\u00f3speri\"},\"logo\":{\"@id\":\"https:\\\/\\\/i0.wp.com\\\/blogdoprosperi.com\\\/wp-content\\\/uploads\\\/2026\\\/05\\\/cropped-8059e613-6002-42fa-961e-8e275f575d71-2-5.jpg?fit=1360%2C931&ssl=1\"},\"description\":\"Jornalista com carreira dedicada ao esporte. Cobriu 9 Copas do Mundo in loco, 1990 na It\u00e1lia, 1994 nos EUA, 1998 na Fran\u00e7a, 2002 na Coreia do Sul e Jap\u00e3o, 2006 na Alemanha, 2010 na \u00c1frica do Sul, 2014 no Brasil, 2018 na R\u00fassia e 2022 no Qatar. Eurocopas, 1992 na Su\u00e9cia e 1996 na Inglaterra. Copa das Confedera\u00e7\u00f5es de 2005 na Alemanha e 2009 na \u00c1frica do Sul. Rep\u00f3rter e Editor, trabalhou no Jornal da Tarde e Estad\u00e3o, de 1984 a fevereiro de 2016. Colunista, blogueiro. E comentarista de futebol na R\u00e1dio Estad\u00e3o, de 2013 a fevereiro de 2016. Jornalista respons\u00e1vel do \\\"Pr\u00f3speri News\\\" (blogdoprosperi.com).\",\"sameAs\":[\"http:\\\/\\\/blogdoprosperi.com\",\"Luiz Pr\u00f3speri\",\"@luiz_prosperi\",\"https:\\\/\\\/x.com\\\/Luizprosperi\",\"@prosperinacopa\",\"luiz.prosperi@icloud.com\"],\"url\":\"https:\\\/\\\/blogdoprosperi.com\\\/?author=102107496\"}]}<\/script>\n<!-- \/ Yoast SEO plugin. -->","yoast_head_json":{"title":"Palmeiras Tem Encrencas de Sobra para Abel Resolver no Mundial de Clubes - PR\u00d3SPERI NEWS","robots":{"index":"index","follow":"follow","max-snippet":"max-snippet:-1","max-image-preview":"max-image-preview:large","max-video-preview":"max-video-preview:-1"},"canonical":"https:\/\/blogdoprosperi.com\/?p=51847","og_locale":"pt_BR","og_type":"article","og_title":"Palmeiras Tem Encrencas de Sobra para Abel Resolver no Mundial de Clubes - PR\u00d3SPERI NEWS","og_description":"Luiz Ant\u00f4nio Pr\u00f3speri \u2013 24 junho (18h23) \u2013 Palmeiras chega \u00e0s oitavas de final do Mundial de Clubes [&hellip;]","og_url":"https:\/\/blogdoprosperi.com\/?p=51847","og_site_name":"PR\u00d3SPERI NEWS","article_publisher":"Luiz Pr\u00f3speri","article_author":"Luiz Pr\u00f3speri","article_published_time":"2025-06-24T21:38:18+00:00","article_modified_time":"2025-06-25T00:57:24+00:00","og_image":[{"width":800,"height":450,"url":"https:\/\/i0.wp.com\/blogdoprosperi.com\/wp-content\/uploads\/2025\/06\/54610306500_aef84653cd_c.jpg?fit=800%2C450&ssl=1","type":"image\/jpeg"}],"author":"Luiz Ant\u00f4nio Pr\u00f3speri","twitter_card":"summary_large_image","twitter_creator":"@Luizprosperi","twitter_site":"@Luizprosperi","twitter_misc":{"Escrito por":"Luiz Ant\u00f4nio Pr\u00f3speri","Est. tempo de leitura":"3 minutos"},"schema":{"@context":"https:\/\/schema.org","@graph":[{"@type":"Article","@id":"https:\/\/blogdoprosperi.com\/?p=51847#article","isPartOf":{"@id":"https:\/\/blogdoprosperi.com\/?p=51847"},"author":{"name":"Luiz Ant\u00f4nio Pr\u00f3speri","@id":"https:\/\/blogdoprosperi.com\/#\/schema\/person\/38100755ce3601861ee4fab9b5aa78e9"},"headline":"Palmeiras Tem Encrencas de Sobra para Abel Resolver no Mundial de Clubes","datePublished":"2025-06-24T21:38:18+00:00","dateModified":"2025-06-25T00:57:24+00:00","mainEntityOfPage":{"@id":"https:\/\/blogdoprosperi.com\/?p=51847"},"wordCount":610,"commentCount":0,"publisher":{"@id":"https:\/\/blogdoprosperi.com\/#\/schema\/person\/38100755ce3601861ee4fab9b5aa78e9"},"image":{"@id":"https:\/\/blogdoprosperi.com\/?p=51847#primaryimage"},"thumbnailUrl":"https:\/\/i0.wp.com\/blogdoprosperi.com\/wp-content\/uploads\/2025\/06\/54610306500_aef84653cd_c.jpg?fit=800%2C450&ssl=1","keywords":["abel ferreira","Benfica x Chelsea","Estev\u00e3o Chelsea","futebol","Luiz Ant\u00f4nio Pr\u00f3speri","Messi","Mundial de Clubes","Palmeiras","palmeiras x botafogo","Raphael Veiga","vitor roque"],"articleSection":["futebol","mundial de clubes 2025","opini\u00e3o"],"inLanguage":"pt-BR","potentialAction":[{"@type":"CommentAction","name":"Comment","target":["https:\/\/blogdoprosperi.com\/?p=51847#respond"]}]},{"@type":"WebPage","@id":"https:\/\/blogdoprosperi.com\/?p=51847","url":"https:\/\/blogdoprosperi.com\/?p=51847","name":"Palmeiras Tem Encrencas de Sobra para Abel Resolver no Mundial de Clubes - PR\u00d3SPERI NEWS","isPartOf":{"@id":"https:\/\/blogdoprosperi.com\/#website"},"primaryImageOfPage":{"@id":"https:\/\/blogdoprosperi.com\/?p=51847#primaryimage"},"image":{"@id":"https:\/\/blogdoprosperi.com\/?p=51847#primaryimage"},"thumbnailUrl":"https:\/\/i0.wp.com\/blogdoprosperi.com\/wp-content\/uploads\/2025\/06\/54610306500_aef84653cd_c.jpg?fit=800%2C450&ssl=1","datePublished":"2025-06-24T21:38:18+00:00","dateModified":"2025-06-25T00:57:24+00:00","breadcrumb":{"@id":"https:\/\/blogdoprosperi.com\/?p=51847#breadcrumb"},"inLanguage":"pt-BR","potentialAction":[{"@type":"ReadAction","target":["https:\/\/blogdoprosperi.com\/?p=51847"]}]},{"@type":"ImageObject","inLanguage":"pt-BR","@id":"https:\/\/blogdoprosperi.com\/?p=51847#primaryimage","url":"https:\/\/i0.wp.com\/blogdoprosperi.com\/wp-content\/uploads\/2025\/06\/54610306500_aef84653cd_c.jpg?fit=800%2C450&ssl=1","contentUrl":"https:\/\/i0.wp.com\/blogdoprosperi.com\/wp-content\/uploads\/2025\/06\/54610306500_aef84653cd_c.jpg?fit=800%2C450&ssl=1","width":800,"height":450,"caption":"Paulinho e Estev\u00e3o, problemas nas m\u00e3os de Abel \u2013 foto: Palmeiras oficial"},{"@type":"BreadcrumbList","@id":"https:\/\/blogdoprosperi.com\/?p=51847#breadcrumb","itemListElement":[{"@type":"ListItem","position":1,"name":"In\u00edcio","item":"https:\/\/blogdoprosperi.com\/"},{"@type":"ListItem","position":2,"name":"Palmeiras Tem Encrencas de Sobra para Abel Resolver no Mundial de Clubes"}]},{"@type":"WebSite","@id":"https:\/\/blogdoprosperi.com\/#website","url":"https:\/\/blogdoprosperi.com\/","name":"PR\u00d3SPERI NEWS","description":"TUDO \u00c9  FUTEBOL","publisher":{"@id":"https:\/\/blogdoprosperi.com\/#\/schema\/person\/38100755ce3601861ee4fab9b5aa78e9"},"alternateName":"blogdoprosperi.com","potentialAction":[{"@type":"SearchAction","target":{"@type":"EntryPoint","urlTemplate":"https:\/\/blogdoprosperi.com\/?s={search_term_string}"},"query-input":{"@type":"PropertyValueSpecification","valueRequired":true,"valueName":"search_term_string"}}],"inLanguage":"pt-BR"},{"@type":["Person","Organization"],"@id":"https:\/\/blogdoprosperi.com\/#\/schema\/person\/38100755ce3601861ee4fab9b5aa78e9","name":"Luiz Ant\u00f4nio Pr\u00f3speri","pronouns":"ele","image":{"@type":"ImageObject","inLanguage":"pt-BR","@id":"https:\/\/i0.wp.com\/blogdoprosperi.com\/wp-content\/uploads\/2026\/05\/cropped-8059e613-6002-42fa-961e-8e275f575d71-2-5.jpg?fit=1360%2C931&ssl=1","url":"https:\/\/i0.wp.com\/blogdoprosperi.com\/wp-content\/uploads\/2026\/05\/cropped-8059e613-6002-42fa-961e-8e275f575d71-2-5.jpg?fit=1360%2C931&ssl=1","contentUrl":"https:\/\/i0.wp.com\/blogdoprosperi.com\/wp-content\/uploads\/2026\/05\/cropped-8059e613-6002-42fa-961e-8e275f575d71-2-5.jpg?fit=1360%2C931&ssl=1","width":1360,"height":931,"caption":"Luiz Ant\u00f4nio Pr\u00f3speri"},"logo":{"@id":"https:\/\/i0.wp.com\/blogdoprosperi.com\/wp-content\/uploads\/2026\/05\/cropped-8059e613-6002-42fa-961e-8e275f575d71-2-5.jpg?fit=1360%2C931&ssl=1"},"description":"Jornalista com carreira dedicada ao esporte. Cobriu 9 Copas do Mundo in loco, 1990 na It\u00e1lia, 1994 nos EUA, 1998 na Fran\u00e7a, 2002 na Coreia do Sul e Jap\u00e3o, 2006 na Alemanha, 2010 na \u00c1frica do Sul, 2014 no Brasil, 2018 na R\u00fassia e 2022 no Qatar. Eurocopas, 1992 na Su\u00e9cia e 1996 na Inglaterra. Copa das Confedera\u00e7\u00f5es de 2005 na Alemanha e 2009 na \u00c1frica do Sul. Rep\u00f3rter e Editor, trabalhou no Jornal da Tarde e Estad\u00e3o, de 1984 a fevereiro de 2016. Colunista, blogueiro. E comentarista de futebol na R\u00e1dio Estad\u00e3o, de 2013 a fevereiro de 2016. Jornalista respons\u00e1vel do \"Pr\u00f3speri News\" (blogdoprosperi.com).","sameAs":["http:\/\/blogdoprosperi.com","Luiz Pr\u00f3speri","@luiz_prosperi","https:\/\/x.com\/Luizprosperi","@prosperinacopa","luiz.prosperi@icloud.com"],"url":"https:\/\/blogdoprosperi.com\/?author=102107496"}]}},"jetpack_publicize_connections":[],"jetpack_likes_enabled":false,"jetpack_sharing_enabled":true,"jetpack_shortlink":"https:\/\/wp.me\/p7jvdk-duf","jetpack-related-posts":[{"id":53422,"url":"https:\/\/blogdoprosperi.com\/?p=53422","url_meta":{"origin":51847,"position":0},"title":"Palmeiras | Entenda a Quarta Remontada de Abel Ferreira em 2025","author":"Luiz Ant\u00f4nio Pr\u00f3speri","date":"15 de julho de 2025","format":false,"excerpt":"Luiz Ant\u00f4nio Pr\u00f3speri \u2013 15 julho (12h21) \u2013 Ram\u00f3n Sosa, 25 anos, contratado a R$ 80 milh\u00f5es do Nottingham Forest, chega para preencher uma vaga no ataque do Palmeiras. Apresentado segunda-feira (14\/7), o paraguaio seria o substituto de Estev\u00e3o, hoje no Chelsea. N\u00e3o \u00e9 bem assim. Sosa vai entrar no\u2026","rel":"","context":"Em &quot;brasileir\u00e3o 2025&quot;","block_context":{"text":"brasileir\u00e3o 2025","link":"https:\/\/blogdoprosperi.com\/?cat=775970846"},"img":{"alt_text":"Ram\u00f3n Sosa, novo refor\u00e7o do Palmeiras","src":"https:\/\/i0.wp.com\/blogdoprosperi.com\/wp-content\/uploads\/2025\/07\/54653699472_b35428751b_c.jpg?fit=800%2C450&ssl=1&resize=350%2C200","width":350,"height":200,"srcset":"https:\/\/i0.wp.com\/blogdoprosperi.com\/wp-content\/uploads\/2025\/07\/54653699472_b35428751b_c.jpg?fit=800%2C450&ssl=1&resize=350%2C200 1x, https:\/\/i0.wp.com\/blogdoprosperi.com\/wp-content\/uploads\/2025\/07\/54653699472_b35428751b_c.jpg?fit=800%2C450&ssl=1&resize=525%2C300 1.5x, https:\/\/i0.wp.com\/blogdoprosperi.com\/wp-content\/uploads\/2025\/07\/54653699472_b35428751b_c.jpg?fit=800%2C450&ssl=1&resize=700%2C400 2x"},"classes":[]},{"id":51181,"url":"https:\/\/blogdoprosperi.com\/?p=51181","url_meta":{"origin":51847,"position":1},"title":"Palmeiras Lamenta Empate Sem Gols Contra Porto na Estreia no Mundial de Clubes","author":"Luiz Ant\u00f4nio Pr\u00f3speri","date":"15 de junho de 2025","format":false,"excerpt":"Luiz Ant\u00f4nio Pr\u00f3speri \u2013 15 junho (21h30) \u2013 Palmeiras empata sem gols contra Porto na estreia no Mundial de Clubes. Lamenta. Deveria ir al\u00e9m de chorar oportunidades perdidas e, sim, colocar o feixe de nervos no lugar diante da ansiedade de vencer a todo custo. Tem time para sustentar a\u2026","rel":"","context":"Em &quot;futebol&quot;","block_context":{"text":"futebol","link":"https:\/\/blogdoprosperi.com\/?cat=53870"},"img":{"alt_text":"Palmeiras lamenta empate sem gols com Porto","src":"https:\/\/i0.wp.com\/blogdoprosperi.com\/wp-content\/uploads\/2025\/06\/54590872522_5443323032_c.jpg?fit=800%2C450&ssl=1&resize=350%2C200","width":350,"height":200,"srcset":"https:\/\/i0.wp.com\/blogdoprosperi.com\/wp-content\/uploads\/2025\/06\/54590872522_5443323032_c.jpg?fit=800%2C450&ssl=1&resize=350%2C200 1x, https:\/\/i0.wp.com\/blogdoprosperi.com\/wp-content\/uploads\/2025\/06\/54590872522_5443323032_c.jpg?fit=800%2C450&ssl=1&resize=525%2C300 1.5x, https:\/\/i0.wp.com\/blogdoprosperi.com\/wp-content\/uploads\/2025\/06\/54590872522_5443323032_c.jpg?fit=800%2C450&ssl=1&resize=700%2C400 2x"},"classes":[]},{"id":46726,"url":"https:\/\/blogdoprosperi.com\/?p=46726","url_meta":{"origin":51847,"position":2},"title":"Palmeiras Encara Messi, Porto e Time do Egito em Grupo Tranquilo no Mundial de Clubes 2025","author":"Luiz Ant\u00f4nio Pr\u00f3speri","date":"5 de dezembro de 2024","format":false,"excerpt":"Luiz Ant\u00f4nio Pr\u00f3speri \u2013 5 dezembro (16h51) \u2013 Palmeiras entra no Grupo A com Porto (Portugal), Internacional Miami de Lionel Messi e Al Haly (Egito). Time de Abel Ferreira estreia contra o Porto. Enfrenta o Al Haly no segundo jogo e fecha fase de grupos contra o Inter do craque\u2026","rel":"","context":"Em &quot;futebol&quot;","block_context":{"text":"futebol","link":"https:\/\/blogdoprosperi.com\/?cat=53870"},"img":{"alt_text":"","src":"https:\/\/i0.wp.com\/blogdoprosperi.com\/wp-content\/uploads\/2024\/12\/captura-de-tela-2024-12-05-as-16.50.07.png?fit=1134%2C1092&ssl=1&resize=350%2C200","width":350,"height":200,"srcset":"https:\/\/i0.wp.com\/blogdoprosperi.com\/wp-content\/uploads\/2024\/12\/captura-de-tela-2024-12-05-as-16.50.07.png?fit=1134%2C1092&ssl=1&resize=350%2C200 1x, https:\/\/i0.wp.com\/blogdoprosperi.com\/wp-content\/uploads\/2024\/12\/captura-de-tela-2024-12-05-as-16.50.07.png?fit=1134%2C1092&ssl=1&resize=525%2C300 1.5x, https:\/\/i0.wp.com\/blogdoprosperi.com\/wp-content\/uploads\/2024\/12\/captura-de-tela-2024-12-05-as-16.50.07.png?fit=1134%2C1092&ssl=1&resize=700%2C400 2x, https:\/\/i0.wp.com\/blogdoprosperi.com\/wp-content\/uploads\/2024\/12\/captura-de-tela-2024-12-05-as-16.50.07.png?fit=1134%2C1092&ssl=1&resize=1050%2C600 3x"},"classes":[]},{"id":52150,"url":"https:\/\/blogdoprosperi.com\/?p=52150","url_meta":{"origin":51847,"position":3},"title":"Palmeiras 1 a 0 Botafogo | Galeria de Fotos","author":"Luiz Ant\u00f4nio Pr\u00f3speri","date":"28 de junho de 2025","format":false,"excerpt":"","rel":"","context":"Em &quot;Fifa&quot;","block_context":{"text":"Fifa","link":"https:\/\/blogdoprosperi.com\/?cat=187969"},"img":{"alt_text":"","src":"https:\/\/i0.wp.com\/blogdoprosperi.com\/wp-content\/uploads\/2025\/06\/gujtygvwqaexetq.jpeg?fit=680%2C459&ssl=1&resize=350%2C200","width":350,"height":200,"srcset":"https:\/\/i0.wp.com\/blogdoprosperi.com\/wp-content\/uploads\/2025\/06\/gujtygvwqaexetq.jpeg?fit=680%2C459&ssl=1&resize=350%2C200 1x, https:\/\/i0.wp.com\/blogdoprosperi.com\/wp-content\/uploads\/2025\/06\/gujtygvwqaexetq.jpeg?fit=680%2C459&ssl=1&resize=525%2C300 1.5x"},"classes":[]},{"id":52605,"url":"https:\/\/blogdoprosperi.com\/?p=52605","url_meta":{"origin":51847,"position":4},"title":"Palmeiras Ainda Pode Ter um Mundial em 2025","author":"Luiz Ant\u00f4nio Pr\u00f3speri","date":"5 de julho de 2025","format":false,"excerpt":"Luiz Ant\u00f4nio Pr\u00f3speri \u2013 5 de julho (11h57) \u2013 Palmeiras n\u00e3o tem Mundial. O drama continua. Rivais, em desvantagem nas conquistas nacionais e sul-americanas nos \u00faltimos dez anos, se agarram a esse carma e tripudiam. Est\u00e1 escrito que o futebol aceita tudo isso. A realidade, por\u00e9m, \u00e9 bem diferente. Cair\u2026","rel":"","context":"Em &quot;futebol&quot;","block_context":{"text":"futebol","link":"https:\/\/blogdoprosperi.com\/?cat=53870"},"img":{"alt_text":"Palmeiras pode ser campe\u00e3o mundial em 2025","src":"https:\/\/i0.wp.com\/blogdoprosperi.com\/wp-content\/uploads\/2025\/07\/54632869517_39d78d8e3e_c.jpg?fit=800%2C450&ssl=1&resize=350%2C200","width":350,"height":200,"srcset":"https:\/\/i0.wp.com\/blogdoprosperi.com\/wp-content\/uploads\/2025\/07\/54632869517_39d78d8e3e_c.jpg?fit=800%2C450&ssl=1&resize=350%2C200 1x, https:\/\/i0.wp.com\/blogdoprosperi.com\/wp-content\/uploads\/2025\/07\/54632869517_39d78d8e3e_c.jpg?fit=800%2C450&ssl=1&resize=525%2C300 1.5x, https:\/\/i0.wp.com\/blogdoprosperi.com\/wp-content\/uploads\/2025\/07\/54632869517_39d78d8e3e_c.jpg?fit=800%2C450&ssl=1&resize=700%2C400 2x"},"classes":[]},{"id":52104,"url":"https:\/\/blogdoprosperi.com\/?p=52104","url_meta":{"origin":51847,"position":5},"title":"Palmeiras Vence Botafogo na Prorroga\u00e7\u00e3o com Flechada de Paulinho","author":"Luiz Ant\u00f4nio Pr\u00f3speri","date":"28 de junho de 2025","format":false,"excerpt":"Luiz Ant\u00f4nio Pr\u00f3speri \u2013 28 junho (17h42) \u2013 atualizado \u00e0s 21h32 - Palmeiras vence Botafogo na prorroga\u00e7\u00e3o e avan\u00e7a \u00e0s quartas de final do Mundial de Clubes. \u00c9pico. Mesmo de um confronto entre dois clubes brasileiros. Ultrapassada a barreira das oitavas, time de Abel Ferreira encara o Chelsea. Se continuar\u2026","rel":"","context":"Em &quot;futebol&quot;","block_context":{"text":"futebol","link":"https:\/\/blogdoprosperi.com\/?cat=53870"},"img":{"alt_text":"A flechada do Paulinho","src":"https:\/\/i0.wp.com\/blogdoprosperi.com\/wp-content\/uploads\/2025\/06\/captura-de-tela-2025-06-28-as-17.03.14.png?fit=1062%2C526&ssl=1&resize=350%2C200","width":350,"height":200,"srcset":"https:\/\/i0.wp.com\/blogdoprosperi.com\/wp-content\/uploads\/2025\/06\/captura-de-tela-2025-06-28-as-17.03.14.png?fit=1062%2C526&ssl=1&resize=350%2C200 1x, https:\/\/i0.wp.com\/blogdoprosperi.com\/wp-content\/uploads\/2025\/06\/captura-de-tela-2025-06-28-as-17.03.14.png?fit=1062%2C526&ssl=1&resize=525%2C300 1.5x, https:\/\/i0.wp.com\/blogdoprosperi.com\/wp-content\/uploads\/2025\/06\/captura-de-tela-2025-06-28-as-17.03.14.png?fit=1062%2C526&ssl=1&resize=700%2C400 2x, https:\/\/i0.wp.com\/blogdoprosperi.com\/wp-content\/uploads\/2025\/06\/captura-de-tela-2025-06-28-as-17.03.14.png?fit=1062%2C526&ssl=1&resize=1050%2C600 3x"},"classes":[]}],"jetpack_featured_media_url":"https:\/\/i0.wp.com\/blogdoprosperi.com\/wp-content\/uploads\/2025\/06\/54610306500_aef84653cd_c.jpg?fit=800%2C450&ssl=1","_links":{"self":[{"href":"https:\/\/blogdoprosperi.com\/index.php?rest_route=\/wp\/v2\/posts\/51847","targetHints":{"allow":["GET"]}}],"collection":[{"href":"https:\/\/blogdoprosperi.com\/index.php?rest_route=\/wp\/v2\/posts"}],"about":[{"href":"https:\/\/blogdoprosperi.com\/index.php?rest_route=\/wp\/v2\/types\/post"}],"author":[{"embeddable":true,"href":"https:\/\/blogdoprosperi.com\/index.php?rest_route=\/wp\/v2\/users\/102107496"}],"replies":[{"embeddable":true,"href":"https:\/\/blogdoprosperi.com\/index.php?rest_route=%2Fwp%2Fv2%2Fcomments&post=51847"}],"version-history":[{"count":13,"href":"https:\/\/blogdoprosperi.com\/index.php?rest_route=\/wp\/v2\/posts\/51847\/revisions"}],"predecessor-version":[{"id":51872,"href":"https:\/\/blogdoprosperi.com\/index.php?rest_route=\/wp\/v2\/posts\/51847\/revisions\/51872"}],"wp:featuredmedia":[{"embeddable":true,"href":"https:\/\/blogdoprosperi.com\/index.php?rest_route=\/wp\/v2\/media\/51855"}],"wp:attachment":[{"href":"https:\/\/blogdoprosperi.com\/index.php?rest_route=%2Fwp%2Fv2%2Fmedia&parent=51847"}],"wp:term":[{"taxonomy":"category","embeddable":true,"href":"https:\/\/blogdoprosperi.com\/index.php?rest_route=%2Fwp%2Fv2%2Fcategories&post=51847"},{"taxonomy":"post_tag","embeddable":true,"href":"https:\/\/blogdoprosperi.com\/index.php?rest_route=%2Fwp%2Fv2%2Ftags&post=51847"}],"curies":[{"name":"wp","href":"https:\/\/api.w.org\/{rel}","templated":true}]}}