{"id":51864,"date":"2025-06-24T19:55:54","date_gmt":"2025-06-24T22:55:54","guid":{"rendered":"https:\/\/blogdoprosperi.com\/?p=51864"},"modified":"2025-06-24T19:55:54","modified_gmt":"2025-06-24T22:55:54","slug":"mundial-de-clubes-video-benfica-1-a-0-bayern-munique-melhores-momentos","status":"publish","type":"post","link":"https:\/\/blogdoprosperi.com\/?p=51864","title":{"rendered":"Mundial de Clubes | V\u00eddeo: Benfica 1 a 0 Bayern Munique \u2013 Melhores Momentos"},"content":{"rendered":"<p>Acompanhe melhores momentos de. Benfica 1 a 0 Bayern Munique. Vit\u00f3ria garante ao Benfica primeiro lugar do grupo e joga Bayern no colo do Flamengo nas oitavas do Mundial de Clubes. V\u00eddeo oficial Fifa:<\/p>\n<p><strong>Clique aqui: <span style=\"color: #0000ff\"><a style=\"color: #0000ff\" href=\"https:\/\/www.fifa.com\/pt\/watch\/7AFBr4t2sgpcSVo0eAXjWN\">https:\/\/www.fifa.com\/pt\/watch\/7AFBr4t2sgpcSVo0eAXjWN<\/a><\/span><\/strong><\/p>\n<hr \/>\n<p><strong>Ensaio das Oitavas do Mundial<\/strong><\/p>\n<p><span class=\"alignnone\"><img data-recalc-dims=\"1\" loading=\"lazy\" decoding=\"async\" data-attachment-id=\"51869\" data-permalink=\"https:\/\/blogdoprosperi.com\/?attachment_id=51869\" data-orig-file=\"https:\/\/i0.wp.com\/blogdoprosperi.com\/wp-content\/uploads\/2025\/06\/gupydlrw8aajwpl-1.jpeg?fit=960%2C1200&amp;ssl=1\" data-orig-size=\"960,1200\" data-comments-opened=\"1\" data-image-meta=\"{&quot;aperture&quot;:&quot;0&quot;,&quot;credit&quot;:&quot;&quot;,&quot;camera&quot;:&quot;&quot;,&quot;caption&quot;:&quot;&quot;,&quot;created_timestamp&quot;:&quot;0&quot;,&quot;copyright&quot;:&quot;&quot;,&quot;focal_length&quot;:&quot;0&quot;,&quot;iso&quot;:&quot;0&quot;,&quot;shutter_speed&quot;:&quot;0&quot;,&quot;title&quot;:&quot;&quot;,&quot;orientation&quot;:&quot;0&quot;}\" data-image-title=\"GuPYDLrW8AAJWpL-1\" data-image-description=\"\" data-image-caption=\"\" data-large-file=\"https:\/\/i0.wp.com\/blogdoprosperi.com\/wp-content\/uploads\/2025\/06\/gupydlrw8aajwpl-1.jpeg?fit=819%2C1024&amp;ssl=1\" class=\"alignnone wp-image-51869\" src=\"https:\/\/i0.wp.com\/blogdoprosperi.com\/wp-content\/uploads\/2025\/06\/gupydlrw8aajwpl-1.jpeg?resize=486%2C608&#038;ssl=1\" alt=\"\" width=\"486\" height=\"608\" \/><\/span><\/p>\n<p>&nbsp;<\/p>\n","protected":false},"excerpt":{"rendered":"<p>Acompanhe melhores momentos de. Benfica 1 a 0 Bayern Munique. Vit\u00f3ria garante ao Benfica primeiro lugar do grupo [&hellip;]<\/p>\n","protected":false},"author":102107496,"featured_media":51868,"comment_status":"open","ping_status":"open","sticky":false,"template":"","format":"standard","meta":{"_coblocks_attr":"","_coblocks_dimensions":"","_coblocks_responsive_height":"","_coblocks_accordion_ie_support":"","_jetpack_newsletter_access":"","_jetpack_dont_email_post_to_subs":false,"_jetpack_newsletter_tier_id":0,"_jetpack_memberships_contains_paywalled_content":false,"_wpcom_ai_launchpad_first_post":false,"_jetpack_feature_clip_id":0,"_jetpack_memberships_contains_paid_content":false,"footnotes":"","jetpack_publicize_message":"","jetpack_publicize_feature_enabled":true,"jetpack_social_post_already_shared":false,"jetpack_social_options":{"image_generator_settings":{"template":"highway","default_image_id":0,"font":"","enabled":false},"version":2},"jetpack_post_was_ever_published":false},"categories":[53870,20384,772984667,1149],"tags":[782119277,782119278,789560560,789560568],"class_list":["post-51864","post","type-post","status-publish","format-standard","has-post-thumbnail","hentry","category-futebol","category-informacao","category-mundial-de-clubes-2025","category-videos","tag-benfica-1-a-0-bayern","tag-flamengo-x-bayern-oitavas","tag-futebol","tag-mundial-de-clubes"],"yoast_head":"<!-- This site is optimized with the Yoast SEO plugin v28.3 - https:\/\/yoast.com\/product\/yoast-seo-wordpress\/ -->\n<title>Mundial de Clubes | V\u00eddeo: Benfica 1 a 0 Bayern Munique \u2013 Melhores Momentos - PR\u00d3SPERI NEWS<\/title>\n<meta name=\"robots\" content=\"index, follow, max-snippet:-1, max-image-preview:large, max-video-preview:-1\" \/>\n<link rel=\"canonical\" href=\"https:\/\/blogdoprosperi.com\/?p=51864\" \/>\n<meta property=\"og:locale\" content=\"pt_BR\" \/>\n<meta property=\"og:type\" content=\"article\" \/>\n<meta property=\"og:title\" content=\"Mundial de Clubes | V\u00eddeo: Benfica 1 a 0 Bayern Munique \u2013 Melhores Momentos - PR\u00d3SPERI NEWS\" \/>\n<meta property=\"og:description\" content=\"Acompanhe melhores momentos de. Benfica 1 a 0 Bayern Munique. Vit\u00f3ria garante ao Benfica primeiro lugar do grupo [&hellip;]\" \/>\n<meta property=\"og:url\" content=\"https:\/\/blogdoprosperi.com\/?p=51864\" \/>\n<meta property=\"og:site_name\" content=\"PR\u00d3SPERI NEWS\" \/>\n<meta property=\"article:publisher\" content=\"Luiz Pr\u00f3speri\" \/>\n<meta property=\"article:author\" content=\"Luiz Pr\u00f3speri\" \/>\n<meta property=\"article:published_time\" content=\"2025-06-24T22:55:54+00:00\" \/>\n<meta property=\"og:image\" content=\"https:\/\/i0.wp.com\/blogdoprosperi.com\/wp-content\/uploads\/2025\/06\/captura-de-tela-2025-06-24-as-19.51.34.png?fit=1362%2C992&ssl=1\" \/>\n\t<meta property=\"og:image:width\" content=\"1362\" \/>\n\t<meta property=\"og:image:height\" content=\"992\" \/>\n\t<meta property=\"og:image:type\" content=\"image\/png\" \/>\n<meta name=\"author\" content=\"Luiz Ant\u00f4nio Pr\u00f3speri\" \/>\n<meta name=\"twitter:card\" content=\"summary_large_image\" \/>\n<meta name=\"twitter:creator\" content=\"@Luizprosperi\" \/>\n<meta name=\"twitter:site\" content=\"@Luizprosperi\" \/>\n<meta name=\"twitter:label1\" content=\"Escrito por\" \/>\n\t<meta name=\"twitter:data1\" content=\"Luiz Ant\u00f4nio Pr\u00f3speri\" \/>\n<script type=\"application\/ld+json\" class=\"yoast-schema-graph\">{\"@context\":\"https:\\\/\\\/schema.org\",\"@graph\":[{\"@type\":\"Article\",\"@id\":\"https:\\\/\\\/blogdoprosperi.com\\\/?p=51864#article\",\"isPartOf\":{\"@id\":\"https:\\\/\\\/blogdoprosperi.com\\\/?p=51864\"},\"author\":{\"name\":\"Luiz Ant\u00f4nio Pr\u00f3speri\",\"@id\":\"https:\\\/\\\/blogdoprosperi.com\\\/#\\\/schema\\\/person\\\/38100755ce3601861ee4fab9b5aa78e9\"},\"headline\":\"Mundial de Clubes | V\u00eddeo: Benfica 1 a 0 Bayern Munique \u2013 Melhores Momentos\",\"datePublished\":\"2025-06-24T22:55:54+00:00\",\"mainEntityOfPage\":{\"@id\":\"https:\\\/\\\/blogdoprosperi.com\\\/?p=51864\"},\"wordCount\":63,\"commentCount\":0,\"publisher\":{\"@id\":\"https:\\\/\\\/blogdoprosperi.com\\\/#\\\/schema\\\/person\\\/38100755ce3601861ee4fab9b5aa78e9\"},\"image\":{\"@id\":\"https:\\\/\\\/blogdoprosperi.com\\\/?p=51864#primaryimage\"},\"thumbnailUrl\":\"https:\\\/\\\/i0.wp.com\\\/blogdoprosperi.com\\\/wp-content\\\/uploads\\\/2025\\\/06\\\/captura-de-tela-2025-06-24-as-19.51.34.png?fit=1362%2C992&ssl=1\",\"keywords\":[\"Benfica 1 a 0 Bayern\",\"Flamengo x Bayern oitavas\",\"futebol\",\"Mundial de Clubes\"],\"articleSection\":[\"futebol\",\"informa\u00e7\u00e3o\",\"mundial de clubes 2025\",\"v\u00eddeos\"],\"inLanguage\":\"pt-BR\",\"potentialAction\":[{\"@type\":\"CommentAction\",\"name\":\"Comment\",\"target\":[\"https:\\\/\\\/blogdoprosperi.com\\\/?p=51864#respond\"]}]},{\"@type\":\"WebPage\",\"@id\":\"https:\\\/\\\/blogdoprosperi.com\\\/?p=51864\",\"url\":\"https:\\\/\\\/blogdoprosperi.com\\\/?p=51864\",\"name\":\"Mundial de Clubes | V\u00eddeo: Benfica 1 a 0 Bayern Munique \u2013 Melhores Momentos - PR\u00d3SPERI NEWS\",\"isPartOf\":{\"@id\":\"https:\\\/\\\/blogdoprosperi.com\\\/#website\"},\"primaryImageOfPage\":{\"@id\":\"https:\\\/\\\/blogdoprosperi.com\\\/?p=51864#primaryimage\"},\"image\":{\"@id\":\"https:\\\/\\\/blogdoprosperi.com\\\/?p=51864#primaryimage\"},\"thumbnailUrl\":\"https:\\\/\\\/i0.wp.com\\\/blogdoprosperi.com\\\/wp-content\\\/uploads\\\/2025\\\/06\\\/captura-de-tela-2025-06-24-as-19.51.34.png?fit=1362%2C992&ssl=1\",\"datePublished\":\"2025-06-24T22:55:54+00:00\",\"breadcrumb\":{\"@id\":\"https:\\\/\\\/blogdoprosperi.com\\\/?p=51864#breadcrumb\"},\"inLanguage\":\"pt-BR\",\"potentialAction\":[{\"@type\":\"ReadAction\",\"target\":[\"https:\\\/\\\/blogdoprosperi.com\\\/?p=51864\"]}]},{\"@type\":\"ImageObject\",\"inLanguage\":\"pt-BR\",\"@id\":\"https:\\\/\\\/blogdoprosperi.com\\\/?p=51864#primaryimage\",\"url\":\"https:\\\/\\\/i0.wp.com\\\/blogdoprosperi.com\\\/wp-content\\\/uploads\\\/2025\\\/06\\\/captura-de-tela-2025-06-24-as-19.51.34.png?fit=1362%2C992&ssl=1\",\"contentUrl\":\"https:\\\/\\\/i0.wp.com\\\/blogdoprosperi.com\\\/wp-content\\\/uploads\\\/2025\\\/06\\\/captura-de-tela-2025-06-24-as-19.51.34.png?fit=1362%2C992&ssl=1\",\"width\":1362,\"height\":992,\"caption\":\"Kimich lamenta derrota do Bayern contra Benfica \u2013 foto: Fifa oficial\"},{\"@type\":\"BreadcrumbList\",\"@id\":\"https:\\\/\\\/blogdoprosperi.com\\\/?p=51864#breadcrumb\",\"itemListElement\":[{\"@type\":\"ListItem\",\"position\":1,\"name\":\"In\u00edcio\",\"item\":\"https:\\\/\\\/blogdoprosperi.com\\\/\"},{\"@type\":\"ListItem\",\"position\":2,\"name\":\"Mundial de Clubes | V\u00eddeo: Benfica 1 a 0 Bayern Munique \u2013 Melhores Momentos\"}]},{\"@type\":\"WebSite\",\"@id\":\"https:\\\/\\\/blogdoprosperi.com\\\/#website\",\"url\":\"https:\\\/\\\/blogdoprosperi.com\\\/\",\"name\":\"PR\u00d3SPERI NEWS\",\"description\":\"TUDO \u00c9  FUTEBOL\",\"publisher\":{\"@id\":\"https:\\\/\\\/blogdoprosperi.com\\\/#\\\/schema\\\/person\\\/38100755ce3601861ee4fab9b5aa78e9\"},\"alternateName\":\"blogdoprosperi.com\",\"potentialAction\":[{\"@type\":\"SearchAction\",\"target\":{\"@type\":\"EntryPoint\",\"urlTemplate\":\"https:\\\/\\\/blogdoprosperi.com\\\/?s={search_term_string}\"},\"query-input\":{\"@type\":\"PropertyValueSpecification\",\"valueRequired\":true,\"valueName\":\"search_term_string\"}}],\"inLanguage\":\"pt-BR\"},{\"@type\":[\"Person\",\"Organization\"],\"@id\":\"https:\\\/\\\/blogdoprosperi.com\\\/#\\\/schema\\\/person\\\/38100755ce3601861ee4fab9b5aa78e9\",\"name\":\"Luiz Ant\u00f4nio Pr\u00f3speri\",\"pronouns\":\"ele\",\"image\":{\"@type\":\"ImageObject\",\"inLanguage\":\"pt-BR\",\"@id\":\"https:\\\/\\\/i0.wp.com\\\/blogdoprosperi.com\\\/wp-content\\\/uploads\\\/2026\\\/05\\\/cropped-8059e613-6002-42fa-961e-8e275f575d71-2-5.jpg?fit=1360%2C931&ssl=1\",\"url\":\"https:\\\/\\\/i0.wp.com\\\/blogdoprosperi.com\\\/wp-content\\\/uploads\\\/2026\\\/05\\\/cropped-8059e613-6002-42fa-961e-8e275f575d71-2-5.jpg?fit=1360%2C931&ssl=1\",\"contentUrl\":\"https:\\\/\\\/i0.wp.com\\\/blogdoprosperi.com\\\/wp-content\\\/uploads\\\/2026\\\/05\\\/cropped-8059e613-6002-42fa-961e-8e275f575d71-2-5.jpg?fit=1360%2C931&ssl=1\",\"width\":1360,\"height\":931,\"caption\":\"Luiz Ant\u00f4nio Pr\u00f3speri\"},\"logo\":{\"@id\":\"https:\\\/\\\/i0.wp.com\\\/blogdoprosperi.com\\\/wp-content\\\/uploads\\\/2026\\\/05\\\/cropped-8059e613-6002-42fa-961e-8e275f575d71-2-5.jpg?fit=1360%2C931&ssl=1\"},\"description\":\"Jornalista com carreira dedicada ao esporte. Cobriu 9 Copas do Mundo in loco, 1990 na It\u00e1lia, 1994 nos EUA, 1998 na Fran\u00e7a, 2002 na Coreia do Sul e Jap\u00e3o, 2006 na Alemanha, 2010 na \u00c1frica do Sul, 2014 no Brasil, 2018 na R\u00fassia e 2022 no Qatar. Eurocopas, 1992 na Su\u00e9cia e 1996 na Inglaterra. Copa das Confedera\u00e7\u00f5es de 2005 na Alemanha e 2009 na \u00c1frica do Sul. Rep\u00f3rter e Editor, trabalhou no Jornal da Tarde e Estad\u00e3o, de 1984 a fevereiro de 2016. Colunista, blogueiro. E comentarista de futebol na R\u00e1dio Estad\u00e3o, de 2013 a fevereiro de 2016. Jornalista respons\u00e1vel do \\\"Pr\u00f3speri News\\\" (blogdoprosperi.com).\",\"sameAs\":[\"http:\\\/\\\/blogdoprosperi.com\",\"Luiz Pr\u00f3speri\",\"@luiz_prosperi\",\"https:\\\/\\\/x.com\\\/Luizprosperi\",\"@prosperinacopa\",\"luiz.prosperi@icloud.com\"],\"url\":\"https:\\\/\\\/blogdoprosperi.com\\\/?author=102107496\"}]}<\/script>\n<!-- \/ Yoast SEO plugin. -->","yoast_head_json":{"title":"Mundial de Clubes | V\u00eddeo: Benfica 1 a 0 Bayern Munique \u2013 Melhores Momentos - PR\u00d3SPERI NEWS","robots":{"index":"index","follow":"follow","max-snippet":"max-snippet:-1","max-image-preview":"max-image-preview:large","max-video-preview":"max-video-preview:-1"},"canonical":"https:\/\/blogdoprosperi.com\/?p=51864","og_locale":"pt_BR","og_type":"article","og_title":"Mundial de Clubes | V\u00eddeo: Benfica 1 a 0 Bayern Munique \u2013 Melhores Momentos - PR\u00d3SPERI NEWS","og_description":"Acompanhe melhores momentos de. Benfica 1 a 0 Bayern Munique. Vit\u00f3ria garante ao Benfica primeiro lugar do grupo [&hellip;]","og_url":"https:\/\/blogdoprosperi.com\/?p=51864","og_site_name":"PR\u00d3SPERI NEWS","article_publisher":"Luiz Pr\u00f3speri","article_author":"Luiz Pr\u00f3speri","article_published_time":"2025-06-24T22:55:54+00:00","og_image":[{"width":1362,"height":992,"url":"https:\/\/i0.wp.com\/blogdoprosperi.com\/wp-content\/uploads\/2025\/06\/captura-de-tela-2025-06-24-as-19.51.34.png?fit=1362%2C992&ssl=1","type":"image\/png"}],"author":"Luiz Ant\u00f4nio Pr\u00f3speri","twitter_card":"summary_large_image","twitter_creator":"@Luizprosperi","twitter_site":"@Luizprosperi","twitter_misc":{"Escrito por":"Luiz Ant\u00f4nio Pr\u00f3speri"},"schema":{"@context":"https:\/\/schema.org","@graph":[{"@type":"Article","@id":"https:\/\/blogdoprosperi.com\/?p=51864#article","isPartOf":{"@id":"https:\/\/blogdoprosperi.com\/?p=51864"},"author":{"name":"Luiz Ant\u00f4nio Pr\u00f3speri","@id":"https:\/\/blogdoprosperi.com\/#\/schema\/person\/38100755ce3601861ee4fab9b5aa78e9"},"headline":"Mundial de Clubes | V\u00eddeo: Benfica 1 a 0 Bayern Munique \u2013 Melhores Momentos","datePublished":"2025-06-24T22:55:54+00:00","mainEntityOfPage":{"@id":"https:\/\/blogdoprosperi.com\/?p=51864"},"wordCount":63,"commentCount":0,"publisher":{"@id":"https:\/\/blogdoprosperi.com\/#\/schema\/person\/38100755ce3601861ee4fab9b5aa78e9"},"image":{"@id":"https:\/\/blogdoprosperi.com\/?p=51864#primaryimage"},"thumbnailUrl":"https:\/\/i0.wp.com\/blogdoprosperi.com\/wp-content\/uploads\/2025\/06\/captura-de-tela-2025-06-24-as-19.51.34.png?fit=1362%2C992&ssl=1","keywords":["Benfica 1 a 0 Bayern","Flamengo x Bayern oitavas","futebol","Mundial de Clubes"],"articleSection":["futebol","informa\u00e7\u00e3o","mundial de clubes 2025","v\u00eddeos"],"inLanguage":"pt-BR","potentialAction":[{"@type":"CommentAction","name":"Comment","target":["https:\/\/blogdoprosperi.com\/?p=51864#respond"]}]},{"@type":"WebPage","@id":"https:\/\/blogdoprosperi.com\/?p=51864","url":"https:\/\/blogdoprosperi.com\/?p=51864","name":"Mundial de Clubes | V\u00eddeo: Benfica 1 a 0 Bayern Munique \u2013 Melhores Momentos - PR\u00d3SPERI NEWS","isPartOf":{"@id":"https:\/\/blogdoprosperi.com\/#website"},"primaryImageOfPage":{"@id":"https:\/\/blogdoprosperi.com\/?p=51864#primaryimage"},"image":{"@id":"https:\/\/blogdoprosperi.com\/?p=51864#primaryimage"},"thumbnailUrl":"https:\/\/i0.wp.com\/blogdoprosperi.com\/wp-content\/uploads\/2025\/06\/captura-de-tela-2025-06-24-as-19.51.34.png?fit=1362%2C992&ssl=1","datePublished":"2025-06-24T22:55:54+00:00","breadcrumb":{"@id":"https:\/\/blogdoprosperi.com\/?p=51864#breadcrumb"},"inLanguage":"pt-BR","potentialAction":[{"@type":"ReadAction","target":["https:\/\/blogdoprosperi.com\/?p=51864"]}]},{"@type":"ImageObject","inLanguage":"pt-BR","@id":"https:\/\/blogdoprosperi.com\/?p=51864#primaryimage","url":"https:\/\/i0.wp.com\/blogdoprosperi.com\/wp-content\/uploads\/2025\/06\/captura-de-tela-2025-06-24-as-19.51.34.png?fit=1362%2C992&ssl=1","contentUrl":"https:\/\/i0.wp.com\/blogdoprosperi.com\/wp-content\/uploads\/2025\/06\/captura-de-tela-2025-06-24-as-19.51.34.png?fit=1362%2C992&ssl=1","width":1362,"height":992,"caption":"Kimich lamenta derrota do Bayern contra Benfica \u2013 foto: Fifa oficial"},{"@type":"BreadcrumbList","@id":"https:\/\/blogdoprosperi.com\/?p=51864#breadcrumb","itemListElement":[{"@type":"ListItem","position":1,"name":"In\u00edcio","item":"https:\/\/blogdoprosperi.com\/"},{"@type":"ListItem","position":2,"name":"Mundial de Clubes | V\u00eddeo: Benfica 1 a 0 Bayern Munique \u2013 Melhores Momentos"}]},{"@type":"WebSite","@id":"https:\/\/blogdoprosperi.com\/#website","url":"https:\/\/blogdoprosperi.com\/","name":"PR\u00d3SPERI NEWS","description":"TUDO \u00c9  FUTEBOL","publisher":{"@id":"https:\/\/blogdoprosperi.com\/#\/schema\/person\/38100755ce3601861ee4fab9b5aa78e9"},"alternateName":"blogdoprosperi.com","potentialAction":[{"@type":"SearchAction","target":{"@type":"EntryPoint","urlTemplate":"https:\/\/blogdoprosperi.com\/?s={search_term_string}"},"query-input":{"@type":"PropertyValueSpecification","valueRequired":true,"valueName":"search_term_string"}}],"inLanguage":"pt-BR"},{"@type":["Person","Organization"],"@id":"https:\/\/blogdoprosperi.com\/#\/schema\/person\/38100755ce3601861ee4fab9b5aa78e9","name":"Luiz Ant\u00f4nio Pr\u00f3speri","pronouns":"ele","image":{"@type":"ImageObject","inLanguage":"pt-BR","@id":"https:\/\/i0.wp.com\/blogdoprosperi.com\/wp-content\/uploads\/2026\/05\/cropped-8059e613-6002-42fa-961e-8e275f575d71-2-5.jpg?fit=1360%2C931&ssl=1","url":"https:\/\/i0.wp.com\/blogdoprosperi.com\/wp-content\/uploads\/2026\/05\/cropped-8059e613-6002-42fa-961e-8e275f575d71-2-5.jpg?fit=1360%2C931&ssl=1","contentUrl":"https:\/\/i0.wp.com\/blogdoprosperi.com\/wp-content\/uploads\/2026\/05\/cropped-8059e613-6002-42fa-961e-8e275f575d71-2-5.jpg?fit=1360%2C931&ssl=1","width":1360,"height":931,"caption":"Luiz Ant\u00f4nio Pr\u00f3speri"},"logo":{"@id":"https:\/\/i0.wp.com\/blogdoprosperi.com\/wp-content\/uploads\/2026\/05\/cropped-8059e613-6002-42fa-961e-8e275f575d71-2-5.jpg?fit=1360%2C931&ssl=1"},"description":"Jornalista com carreira dedicada ao esporte. Cobriu 9 Copas do Mundo in loco, 1990 na It\u00e1lia, 1994 nos EUA, 1998 na Fran\u00e7a, 2002 na Coreia do Sul e Jap\u00e3o, 2006 na Alemanha, 2010 na \u00c1frica do Sul, 2014 no Brasil, 2018 na R\u00fassia e 2022 no Qatar. Eurocopas, 1992 na Su\u00e9cia e 1996 na Inglaterra. Copa das Confedera\u00e7\u00f5es de 2005 na Alemanha e 2009 na \u00c1frica do Sul. Rep\u00f3rter e Editor, trabalhou no Jornal da Tarde e Estad\u00e3o, de 1984 a fevereiro de 2016. Colunista, blogueiro. E comentarista de futebol na R\u00e1dio Estad\u00e3o, de 2013 a fevereiro de 2016. Jornalista respons\u00e1vel do \"Pr\u00f3speri News\" (blogdoprosperi.com).","sameAs":["http:\/\/blogdoprosperi.com","Luiz Pr\u00f3speri","@luiz_prosperi","https:\/\/x.com\/Luizprosperi","@prosperinacopa","luiz.prosperi@icloud.com"],"url":"https:\/\/blogdoprosperi.com\/?author=102107496"}]}},"jetpack_publicize_connections":[],"jetpack_likes_enabled":false,"jetpack_sharing_enabled":true,"jetpack_shortlink":"https:\/\/wp.me\/p7jvdk-duw","jetpack-related-posts":[{"id":52090,"url":"https:\/\/blogdoprosperi.com\/?p=52090","url_meta":{"origin":51864,"position":0},"title":"Na TV | Onde Assistir e Hor\u00e1rios dos Jogos S\u00e1bado (28\/6) e Domingo (29\/6) no Mundial de Clubes: tem Palmeiras x Botafogo, Flamengo x Bayern Munique","author":"Luiz Ant\u00f4nio Pr\u00f3speri","date":"27 de junho de 2025","format":false,"excerpt":"Onde assistir e hor\u00e1rios dos jogos de abertura das oitavas de final neste fim de semana (28 e 29\/6). Destaque para Palmeiras x Botafogo (s\u00e1bado) e Flamengo x Bayern Munique (domingo) S\u00e1bado (28\/6) 13h \u2013 Palmeiras x Botafogo \u2013\u00a0Globo, Sportv, globoplay, Caz\u00e9 TV e Dazn 17h \u2013 Benfica x Chelsea\u2026","rel":"","context":"Em &quot;Fifa&quot;","block_context":{"text":"Fifa","link":"https:\/\/blogdoprosperi.com\/?cat=187969"},"img":{"alt_text":"fifa esta mundial de clubes a cada dois anos,","src":"https:\/\/i0.wp.com\/blogdoprosperi.com\/wp-content\/uploads\/2025\/03\/fifa-club-world-cup-trophy-tour-in-new-york-and-new-jersey.webp?fit=1200%2C1200&ssl=1&resize=350%2C200","width":350,"height":200,"srcset":"https:\/\/i0.wp.com\/blogdoprosperi.com\/wp-content\/uploads\/2025\/03\/fifa-club-world-cup-trophy-tour-in-new-york-and-new-jersey.webp?fit=1200%2C1200&ssl=1&resize=350%2C200 1x, https:\/\/i0.wp.com\/blogdoprosperi.com\/wp-content\/uploads\/2025\/03\/fifa-club-world-cup-trophy-tour-in-new-york-and-new-jersey.webp?fit=1200%2C1200&ssl=1&resize=525%2C300 1.5x, https:\/\/i0.wp.com\/blogdoprosperi.com\/wp-content\/uploads\/2025\/03\/fifa-club-world-cup-trophy-tour-in-new-york-and-new-jersey.webp?fit=1200%2C1200&ssl=1&resize=700%2C400 2x, https:\/\/i0.wp.com\/blogdoprosperi.com\/wp-content\/uploads\/2025\/03\/fifa-club-world-cup-trophy-tour-in-new-york-and-new-jersey.webp?fit=1200%2C1200&ssl=1&resize=1050%2C600 3x"},"classes":[]},{"id":51594,"url":"https:\/\/blogdoprosperi.com\/?p=51594","url_meta":{"origin":51864,"position":1},"title":"Mundial de Clubes | V\u00eddeo: Bayern Munique 2 a 1 Boca Juniors \u2013 Melhores Momentos","author":"Luiz Ant\u00f4nio Pr\u00f3speri","date":"21 de junho de 2025","format":false,"excerpt":"Acompanhe melhores momentos de Bayern Munique 2 a 1 Boca Juniors. V\u00eddeo oficial Fifa Clique aqui: https:\/\/www.fifa.com\/pt\/watch\/5mtu45IIl4O032w7dtD9ne Bayern. Munique est\u00e1 classificado \u00e0s oitavas de final do Mundial de Clubes e deve enfrentar segundo colocado do grupo do Flamengo, tamb\u00e9m classificado.","rel":"","context":"Em &quot;futebol&quot;","block_context":{"text":"futebol","link":"https:\/\/blogdoprosperi.com\/?cat=53870"},"img":{"alt_text":"Bayern Munique classificado \u2013 Mundial de Clubes","src":"https:\/\/i0.wp.com\/blogdoprosperi.com\/wp-content\/uploads\/2025\/06\/captura-de-tela-2025-06-21-as-10.19.14.png?fit=1200%2C951&ssl=1&resize=350%2C200","width":350,"height":200,"srcset":"https:\/\/i0.wp.com\/blogdoprosperi.com\/wp-content\/uploads\/2025\/06\/captura-de-tela-2025-06-21-as-10.19.14.png?fit=1200%2C951&ssl=1&resize=350%2C200 1x, https:\/\/i0.wp.com\/blogdoprosperi.com\/wp-content\/uploads\/2025\/06\/captura-de-tela-2025-06-21-as-10.19.14.png?fit=1200%2C951&ssl=1&resize=525%2C300 1.5x, https:\/\/i0.wp.com\/blogdoprosperi.com\/wp-content\/uploads\/2025\/06\/captura-de-tela-2025-06-21-as-10.19.14.png?fit=1200%2C951&ssl=1&resize=700%2C400 2x, https:\/\/i0.wp.com\/blogdoprosperi.com\/wp-content\/uploads\/2025\/06\/captura-de-tela-2025-06-21-as-10.19.14.png?fit=1200%2C951&ssl=1&resize=1050%2C600 3x"},"classes":[]},{"id":51829,"url":"https:\/\/blogdoprosperi.com\/?p=51829","url_meta":{"origin":51864,"position":2},"title":"Quais Confrontos S\u00e3o Poss\u00edveis nas Oitavas do Mundial de Clubes?","author":"Luiz Ant\u00f4nio Pr\u00f3speri","date":"24 de junho de 2025","format":false,"excerpt":"Confira os confrontos definidos e os poss\u00edveis cruzamentos nas oitavas de final do Mundial de Clubes. Veja os cen\u00e1rios de classifica\u00e7\u00e3o. Proje\u00e7\u00e3o oficial Fifa: A fase de grupos do Mundial de Clubes\u00a0ainda n\u00e3o terminou, mas oito dos 16 times das oitavas de final j\u00e1 est\u00e3o garantidos, com a defini\u00e7\u00e3o dos\u2026","rel":"","context":"Em &quot;informa\u00e7\u00e3o&quot;","block_context":{"text":"informa\u00e7\u00e3o","link":"https:\/\/blogdoprosperi.com\/?cat=20384"},"img":{"alt_text":"Fifa estuda Mundial de Clubes a cada dois anos","src":"https:\/\/i0.wp.com\/blogdoprosperi.com\/wp-content\/uploads\/2024\/12\/fifa-club-world-cup-2025-draw-ceremony.webp?fit=1200%2C711&ssl=1&resize=350%2C200","width":350,"height":200,"srcset":"https:\/\/i0.wp.com\/blogdoprosperi.com\/wp-content\/uploads\/2024\/12\/fifa-club-world-cup-2025-draw-ceremony.webp?fit=1200%2C711&ssl=1&resize=350%2C200 1x, https:\/\/i0.wp.com\/blogdoprosperi.com\/wp-content\/uploads\/2024\/12\/fifa-club-world-cup-2025-draw-ceremony.webp?fit=1200%2C711&ssl=1&resize=525%2C300 1.5x, https:\/\/i0.wp.com\/blogdoprosperi.com\/wp-content\/uploads\/2024\/12\/fifa-club-world-cup-2025-draw-ceremony.webp?fit=1200%2C711&ssl=1&resize=700%2C400 2x, https:\/\/i0.wp.com\/blogdoprosperi.com\/wp-content\/uploads\/2024\/12\/fifa-club-world-cup-2025-draw-ceremony.webp?fit=1200%2C711&ssl=1&resize=1050%2C600 3x"},"classes":[]},{"id":52201,"url":"https:\/\/blogdoprosperi.com\/?p=52201","url_meta":{"origin":51864,"position":3},"title":"V\u00eddeo | Bayern Munique 4 a 2 Flamengo \u2013 Melhores Momentos Mundial de Clubes","author":"Luiz Ant\u00f4nio Pr\u00f3speri","date":"29 de junho de 2025","format":false,"excerpt":"Acompanhe melhores momentos de Bayern Munique 4 a 2 Flamengo. Bayern avan\u00e7a \u00e0s quartas de final, Flamengo volta para o Rio de Janeiro. V\u00eddeo oficial Fifa: clique aqui: https:\/\/www.fifa.com\/pt\/watch\/519qYVOFyajR86WNFcoM84 \u00a0","rel":"","context":"Em &quot;Fifa&quot;","block_context":{"text":"Fifa","link":"https:\/\/blogdoprosperi.com\/?cat=187969"},"img":{"alt_text":"","src":"https:\/\/i0.wp.com\/blogdoprosperi.com\/wp-content\/uploads\/2025\/06\/captura-de-tela-2025-06-29-as-23.01.12.png?fit=1200%2C743&ssl=1&resize=350%2C200","width":350,"height":200,"srcset":"https:\/\/i0.wp.com\/blogdoprosperi.com\/wp-content\/uploads\/2025\/06\/captura-de-tela-2025-06-29-as-23.01.12.png?fit=1200%2C743&ssl=1&resize=350%2C200 1x, https:\/\/i0.wp.com\/blogdoprosperi.com\/wp-content\/uploads\/2025\/06\/captura-de-tela-2025-06-29-as-23.01.12.png?fit=1200%2C743&ssl=1&resize=525%2C300 1.5x, https:\/\/i0.wp.com\/blogdoprosperi.com\/wp-content\/uploads\/2025\/06\/captura-de-tela-2025-06-29-as-23.01.12.png?fit=1200%2C743&ssl=1&resize=700%2C400 2x, https:\/\/i0.wp.com\/blogdoprosperi.com\/wp-content\/uploads\/2025\/06\/captura-de-tela-2025-06-29-as-23.01.12.png?fit=1200%2C743&ssl=1&resize=1050%2C600 3x"},"classes":[]},{"id":51823,"url":"https:\/\/blogdoprosperi.com\/?p=51823","url_meta":{"origin":51864,"position":4},"title":"Na TV | Mundial de Clubes: Onde Assistir e Hor\u00e1rios dos Jogos nesta Ter\u00e7a-Feira (24\/6)","author":"Luiz Ant\u00f4nio Pr\u00f3speri","date":"24 de junho de 2025","format":false,"excerpt":"Confira onde assistir e hor\u00e1rios dos jogos nesta ter\u00e7a-feira (24\/6). Tem Flamengo em campo. E Benfica x Bayern Munique. Ter\u00e7a-feira (24\/6) 16h \u2013 Auckland City x Boca Juniors \u2013 Sportv 2, globoplay, Caz\u00e9 TV e Dzan 16h \u2013 Benfica x Bayern Munique \u2013 Globo, Sportv, globoplay, Caz\u00e9 TV e Dzan\u2026","rel":"","context":"Em &quot;informa\u00e7\u00e3o&quot;","block_context":{"text":"informa\u00e7\u00e3o","link":"https:\/\/blogdoprosperi.com\/?cat=20384"},"img":{"alt_text":"fifa esta mundial de clubes a cada dois anos,","src":"https:\/\/i0.wp.com\/blogdoprosperi.com\/wp-content\/uploads\/2025\/03\/fifa-club-world-cup-trophy-tour-in-new-york-and-new-jersey.webp?fit=1200%2C1200&ssl=1&resize=350%2C200","width":350,"height":200,"srcset":"https:\/\/i0.wp.com\/blogdoprosperi.com\/wp-content\/uploads\/2025\/03\/fifa-club-world-cup-trophy-tour-in-new-york-and-new-jersey.webp?fit=1200%2C1200&ssl=1&resize=350%2C200 1x, https:\/\/i0.wp.com\/blogdoprosperi.com\/wp-content\/uploads\/2025\/03\/fifa-club-world-cup-trophy-tour-in-new-york-and-new-jersey.webp?fit=1200%2C1200&ssl=1&resize=525%2C300 1.5x, https:\/\/i0.wp.com\/blogdoprosperi.com\/wp-content\/uploads\/2025\/03\/fifa-club-world-cup-trophy-tour-in-new-york-and-new-jersey.webp?fit=1200%2C1200&ssl=1&resize=700%2C400 2x, https:\/\/i0.wp.com\/blogdoprosperi.com\/wp-content\/uploads\/2025\/03\/fifa-club-world-cup-trophy-tour-in-new-york-and-new-jersey.webp?fit=1200%2C1200&ssl=1&resize=1050%2C600 3x"},"classes":[]},{"id":52063,"url":"https:\/\/blogdoprosperi.com\/?p=52063","url_meta":{"origin":51864,"position":5},"title":"Acaba a Brincadeira, Quatro Brasileiros em Apuros nas Oitavas do Mundial de Clubes \u2013 Palpites Quem Avan\u00e7a","author":"Luiz Ant\u00f4nio Pr\u00f3speri","date":"27 de junho de 2025","format":false,"excerpt":"Luiz Ant\u00f4nio Pr\u00f3speri \u2013 27 junho (11h25) \u2013 Mundial de Clubes entra nas oitavas de final neste fim de semana (28 e 29\/6) sob dom\u00ednio dos clubes europeus. Eles s\u00e3o nove, entre os 16 classificados. Favoritos a avan\u00e7ar \u00e0s quartas de final e despachar dois dos quatro brasileiros. N\u00e3o ser\u00e1\u2026","rel":"","context":"Em &quot;futebol&quot;","block_context":{"text":"futebol","link":"https:\/\/blogdoprosperi.com\/?cat=53870"},"img":{"alt_text":"","src":"https:\/\/i0.wp.com\/blogdoprosperi.com\/wp-content\/uploads\/2025\/06\/captura-de-tela-2025-06-27-as-11.32.59.png?fit=1128%2C636&ssl=1&resize=350%2C200","width":350,"height":200,"srcset":"https:\/\/i0.wp.com\/blogdoprosperi.com\/wp-content\/uploads\/2025\/06\/captura-de-tela-2025-06-27-as-11.32.59.png?fit=1128%2C636&ssl=1&resize=350%2C200 1x, https:\/\/i0.wp.com\/blogdoprosperi.com\/wp-content\/uploads\/2025\/06\/captura-de-tela-2025-06-27-as-11.32.59.png?fit=1128%2C636&ssl=1&resize=525%2C300 1.5x, https:\/\/i0.wp.com\/blogdoprosperi.com\/wp-content\/uploads\/2025\/06\/captura-de-tela-2025-06-27-as-11.32.59.png?fit=1128%2C636&ssl=1&resize=700%2C400 2x, https:\/\/i0.wp.com\/blogdoprosperi.com\/wp-content\/uploads\/2025\/06\/captura-de-tela-2025-06-27-as-11.32.59.png?fit=1128%2C636&ssl=1&resize=1050%2C600 3x"},"classes":[]}],"jetpack_featured_media_url":"https:\/\/i0.wp.com\/blogdoprosperi.com\/wp-content\/uploads\/2025\/06\/captura-de-tela-2025-06-24-as-19.51.34.png?fit=1362%2C992&ssl=1","_links":{"self":[{"href":"https:\/\/blogdoprosperi.com\/index.php?rest_route=\/wp\/v2\/posts\/51864","targetHints":{"allow":["GET"]}}],"collection":[{"href":"https:\/\/blogdoprosperi.com\/index.php?rest_route=\/wp\/v2\/posts"}],"about":[{"href":"https:\/\/blogdoprosperi.com\/index.php?rest_route=\/wp\/v2\/types\/post"}],"author":[{"embeddable":true,"href":"https:\/\/blogdoprosperi.com\/index.php?rest_route=\/wp\/v2\/users\/102107496"}],"replies":[{"embeddable":true,"href":"https:\/\/blogdoprosperi.com\/index.php?rest_route=%2Fwp%2Fv2%2Fcomments&post=51864"}],"version-history":[{"count":4,"href":"https:\/\/blogdoprosperi.com\/index.php?rest_route=\/wp\/v2\/posts\/51864\/revisions"}],"predecessor-version":[{"id":51870,"href":"https:\/\/blogdoprosperi.com\/index.php?rest_route=\/wp\/v2\/posts\/51864\/revisions\/51870"}],"wp:featuredmedia":[{"embeddable":true,"href":"https:\/\/blogdoprosperi.com\/index.php?rest_route=\/wp\/v2\/media\/51868"}],"wp:attachment":[{"href":"https:\/\/blogdoprosperi.com\/index.php?rest_route=%2Fwp%2Fv2%2Fmedia&parent=51864"}],"wp:term":[{"taxonomy":"category","embeddable":true,"href":"https:\/\/blogdoprosperi.com\/index.php?rest_route=%2Fwp%2Fv2%2Fcategories&post=51864"},{"taxonomy":"post_tag","embeddable":true,"href":"https:\/\/blogdoprosperi.com\/index.php?rest_route=%2Fwp%2Fv2%2Ftags&post=51864"}],"curies":[{"name":"wp","href":"https:\/\/api.w.org\/{rel}","templated":true}]}}