{"id":51880,"date":"2025-06-25T11:03:51","date_gmt":"2025-06-25T14:03:51","guid":{"rendered":"https:\/\/blogdoprosperi.com\/?p=51880"},"modified":"2025-06-25T11:03:51","modified_gmt":"2025-06-25T14:03:51","slug":"filipe-luis-coletiva-bayern-e-um-colosso-so-que-em-um-jogo-tudo-pode-acontecer","status":"publish","type":"post","link":"https:\/\/blogdoprosperi.com\/?p=51880","title":{"rendered":"Filipe Luis | Coletiva: &#8220;Bayern \u00c9 um Colosso, S\u00f3 Que Em Um Jogo Tudo Pode Acontecer&#8221;"},"content":{"rendered":"<p>Filipe Luis fala do confronto entre Flamengo e Bayern Munique nas oitavas do Mundial de Clubes \u00a0e indica como pretende armar seu time. Confira entrevista coletiva do treinador ap\u00f3s empate (1 a 1) contra o Los Angeles FC. V\u00eddeo oficial da Flamengo TV:<\/p>\n<div class=\"jetpack-video-wrapper\"><span class=\"embed-youtube\" style=\"text-align:center; display: block;\"><iframe loading=\"lazy\" class=\"youtube-player\" width=\"560\" height=\"315\" src=\"https:\/\/www.youtube.com\/embed\/_mibBdrG_So?version=3&#038;rel=1&#038;showsearch=0&#038;showinfo=1&#038;iv_load_policy=1&#038;fs=1&#038;hl=pt-BR&#038;autohide=2&#038;wmode=transparent\" allowfullscreen=\"true\" style=\"border:0;\" sandbox=\"allow-scripts allow-same-origin allow-popups allow-presentation allow-popups-to-escape-sandbox\"><\/iframe><\/span><\/div>\n","protected":false},"excerpt":{"rendered":"<p>Filipe Luis fala do confronto entre Flamengo e Bayern Munique nas oitavas do Mundial de Clubes \u00a0e indica [&hellip;]<\/p>\n","protected":false},"author":102107496,"featured_media":51883,"comment_status":"open","ping_status":"open","sticky":false,"template":"","format":"standard","meta":{"_coblocks_attr":"","_coblocks_dimensions":"","_coblocks_responsive_height":"","_coblocks_accordion_ie_support":"","_jetpack_newsletter_access":"","_jetpack_dont_email_post_to_subs":false,"_jetpack_newsletter_tier_id":0,"_jetpack_memberships_contains_paywalled_content":false,"_wpcom_ai_launchpad_first_post":false,"_jetpack_feature_clip_id":0,"_jetpack_memberships_contains_paid_content":false,"footnotes":"","jetpack_publicize_message":"","jetpack_publicize_feature_enabled":true,"jetpack_social_post_already_shared":false,"jetpack_social_options":{"image_generator_settings":{"template":"highway","default_image_id":0,"font":"","enabled":false},"version":2},"jetpack_post_was_ever_published":false},"categories":[53870,20384,772984667,1149],"tags":[187069828,6856064,782135390,789560560,781967446],"class_list":["post-51880","post","type-post","status-publish","format-standard","has-post-thumbnail","hentry","category-futebol","category-informacao","category-mundial-de-clubes-2025","category-videos","tag-arrascaeta","tag-filipe-luis","tag-flamengo-x-bayern-munique","tag-futebol","tag-mundial-de-clubes-oitavas"],"yoast_head":"<!-- This site is optimized with the Yoast SEO plugin v28.3 - https:\/\/yoast.com\/product\/yoast-seo-wordpress\/ -->\n<title>Filipe Luis | Coletiva: &quot;Bayern \u00c9 um Colosso, S\u00f3 Que Em Um Jogo Tudo Pode Acontecer&quot; - PR\u00d3SPERI NEWS<\/title>\n<meta name=\"robots\" content=\"index, follow, max-snippet:-1, max-image-preview:large, max-video-preview:-1\" \/>\n<link rel=\"canonical\" href=\"https:\/\/blogdoprosperi.com\/?p=51880\" \/>\n<meta property=\"og:locale\" content=\"pt_BR\" \/>\n<meta property=\"og:type\" content=\"article\" \/>\n<meta property=\"og:title\" content=\"Filipe Luis | Coletiva: &quot;Bayern \u00c9 um Colosso, S\u00f3 Que Em Um Jogo Tudo Pode Acontecer&quot; - PR\u00d3SPERI NEWS\" \/>\n<meta property=\"og:description\" content=\"Filipe Luis fala do confronto entre Flamengo e Bayern Munique nas oitavas do Mundial de Clubes \u00a0e indica [&hellip;]\" \/>\n<meta property=\"og:url\" content=\"https:\/\/blogdoprosperi.com\/?p=51880\" \/>\n<meta property=\"og:site_name\" content=\"PR\u00d3SPERI NEWS\" \/>\n<meta property=\"article:publisher\" content=\"Luiz Pr\u00f3speri\" \/>\n<meta property=\"article:author\" content=\"Luiz Pr\u00f3speri\" \/>\n<meta property=\"article:published_time\" content=\"2025-06-25T14:03:51+00:00\" \/>\n<meta property=\"og:image\" content=\"https:\/\/i0.wp.com\/blogdoprosperi.com\/wp-content\/uploads\/2025\/06\/filipe-luis-flamengo-lafc-mundial-aspect-ratio-512-320.webp?fit=950%2C593&ssl=1\" \/>\n\t<meta property=\"og:image:width\" content=\"950\" \/>\n\t<meta property=\"og:image:height\" content=\"593\" \/>\n\t<meta property=\"og:image:type\" content=\"image\/webp\" \/>\n<meta name=\"author\" content=\"Luiz Ant\u00f4nio Pr\u00f3speri\" \/>\n<meta name=\"twitter:card\" content=\"summary_large_image\" \/>\n<meta name=\"twitter:creator\" content=\"@Luizprosperi\" \/>\n<meta name=\"twitter:site\" content=\"@Luizprosperi\" \/>\n<meta name=\"twitter:label1\" content=\"Escrito por\" \/>\n\t<meta name=\"twitter:data1\" content=\"Luiz Ant\u00f4nio Pr\u00f3speri\" \/>\n<script type=\"application\/ld+json\" class=\"yoast-schema-graph\">{\"@context\":\"https:\\\/\\\/schema.org\",\"@graph\":[{\"@type\":\"Article\",\"@id\":\"https:\\\/\\\/blogdoprosperi.com\\\/?p=51880#article\",\"isPartOf\":{\"@id\":\"https:\\\/\\\/blogdoprosperi.com\\\/?p=51880\"},\"author\":{\"name\":\"Luiz Ant\u00f4nio Pr\u00f3speri\",\"@id\":\"https:\\\/\\\/blogdoprosperi.com\\\/#\\\/schema\\\/person\\\/38100755ce3601861ee4fab9b5aa78e9\"},\"headline\":\"Filipe Luis | Coletiva: &#8220;Bayern \u00c9 um Colosso, S\u00f3 Que Em Um Jogo Tudo Pode Acontecer&#8221;\",\"datePublished\":\"2025-06-25T14:03:51+00:00\",\"mainEntityOfPage\":{\"@id\":\"https:\\\/\\\/blogdoprosperi.com\\\/?p=51880\"},\"wordCount\":74,\"commentCount\":0,\"publisher\":{\"@id\":\"https:\\\/\\\/blogdoprosperi.com\\\/#\\\/schema\\\/person\\\/38100755ce3601861ee4fab9b5aa78e9\"},\"image\":{\"@id\":\"https:\\\/\\\/blogdoprosperi.com\\\/?p=51880#primaryimage\"},\"thumbnailUrl\":\"https:\\\/\\\/i0.wp.com\\\/blogdoprosperi.com\\\/wp-content\\\/uploads\\\/2025\\\/06\\\/filipe-luis-flamengo-lafc-mundial-aspect-ratio-512-320.webp?fit=950%2C593&ssl=1\",\"keywords\":[\"Arrascaeta\",\"filipe lu\u00eds\",\"flamengo x bayern munique\",\"futebol\",\"mundial de clubes oitavas\"],\"articleSection\":[\"futebol\",\"informa\u00e7\u00e3o\",\"mundial de clubes 2025\",\"v\u00eddeos\"],\"inLanguage\":\"pt-BR\",\"potentialAction\":[{\"@type\":\"CommentAction\",\"name\":\"Comment\",\"target\":[\"https:\\\/\\\/blogdoprosperi.com\\\/?p=51880#respond\"]}]},{\"@type\":\"WebPage\",\"@id\":\"https:\\\/\\\/blogdoprosperi.com\\\/?p=51880\",\"url\":\"https:\\\/\\\/blogdoprosperi.com\\\/?p=51880\",\"name\":\"Filipe Luis | Coletiva: \\\"Bayern \u00c9 um Colosso, S\u00f3 Que Em Um Jogo Tudo Pode Acontecer\\\" - PR\u00d3SPERI NEWS\",\"isPartOf\":{\"@id\":\"https:\\\/\\\/blogdoprosperi.com\\\/#website\"},\"primaryImageOfPage\":{\"@id\":\"https:\\\/\\\/blogdoprosperi.com\\\/?p=51880#primaryimage\"},\"image\":{\"@id\":\"https:\\\/\\\/blogdoprosperi.com\\\/?p=51880#primaryimage\"},\"thumbnailUrl\":\"https:\\\/\\\/i0.wp.com\\\/blogdoprosperi.com\\\/wp-content\\\/uploads\\\/2025\\\/06\\\/filipe-luis-flamengo-lafc-mundial-aspect-ratio-512-320.webp?fit=950%2C593&ssl=1\",\"datePublished\":\"2025-06-25T14:03:51+00:00\",\"breadcrumb\":{\"@id\":\"https:\\\/\\\/blogdoprosperi.com\\\/?p=51880#breadcrumb\"},\"inLanguage\":\"pt-BR\",\"potentialAction\":[{\"@type\":\"ReadAction\",\"target\":[\"https:\\\/\\\/blogdoprosperi.com\\\/?p=51880\"]}]},{\"@type\":\"ImageObject\",\"inLanguage\":\"pt-BR\",\"@id\":\"https:\\\/\\\/blogdoprosperi.com\\\/?p=51880#primaryimage\",\"url\":\"https:\\\/\\\/i0.wp.com\\\/blogdoprosperi.com\\\/wp-content\\\/uploads\\\/2025\\\/06\\\/filipe-luis-flamengo-lafc-mundial-aspect-ratio-512-320.webp?fit=950%2C593&ssl=1\",\"contentUrl\":\"https:\\\/\\\/i0.wp.com\\\/blogdoprosperi.com\\\/wp-content\\\/uploads\\\/2025\\\/06\\\/filipe-luis-flamengo-lafc-mundial-aspect-ratio-512-320.webp?fit=950%2C593&ssl=1\",\"width\":950,\"height\":593,\"caption\":\"Luis Filipe no comando do Flamengo no Brasileir\u00e3o \u2013 foto: Flamengo oficial\"},{\"@type\":\"BreadcrumbList\",\"@id\":\"https:\\\/\\\/blogdoprosperi.com\\\/?p=51880#breadcrumb\",\"itemListElement\":[{\"@type\":\"ListItem\",\"position\":1,\"name\":\"In\u00edcio\",\"item\":\"https:\\\/\\\/blogdoprosperi.com\\\/\"},{\"@type\":\"ListItem\",\"position\":2,\"name\":\"Filipe Luis | Coletiva: &#8220;Bayern \u00c9 um Colosso, S\u00f3 Que Em Um Jogo Tudo Pode Acontecer&#8221;\"}]},{\"@type\":\"WebSite\",\"@id\":\"https:\\\/\\\/blogdoprosperi.com\\\/#website\",\"url\":\"https:\\\/\\\/blogdoprosperi.com\\\/\",\"name\":\"PR\u00d3SPERI NEWS\",\"description\":\"TUDO \u00c9  FUTEBOL\",\"publisher\":{\"@id\":\"https:\\\/\\\/blogdoprosperi.com\\\/#\\\/schema\\\/person\\\/38100755ce3601861ee4fab9b5aa78e9\"},\"alternateName\":\"blogdoprosperi.com\",\"potentialAction\":[{\"@type\":\"SearchAction\",\"target\":{\"@type\":\"EntryPoint\",\"urlTemplate\":\"https:\\\/\\\/blogdoprosperi.com\\\/?s={search_term_string}\"},\"query-input\":{\"@type\":\"PropertyValueSpecification\",\"valueRequired\":true,\"valueName\":\"search_term_string\"}}],\"inLanguage\":\"pt-BR\"},{\"@type\":[\"Person\",\"Organization\"],\"@id\":\"https:\\\/\\\/blogdoprosperi.com\\\/#\\\/schema\\\/person\\\/38100755ce3601861ee4fab9b5aa78e9\",\"name\":\"Luiz Ant\u00f4nio Pr\u00f3speri\",\"pronouns\":\"ele\",\"image\":{\"@type\":\"ImageObject\",\"inLanguage\":\"pt-BR\",\"@id\":\"https:\\\/\\\/i0.wp.com\\\/blogdoprosperi.com\\\/wp-content\\\/uploads\\\/2026\\\/05\\\/cropped-8059e613-6002-42fa-961e-8e275f575d71-2-5.jpg?fit=1360%2C931&ssl=1\",\"url\":\"https:\\\/\\\/i0.wp.com\\\/blogdoprosperi.com\\\/wp-content\\\/uploads\\\/2026\\\/05\\\/cropped-8059e613-6002-42fa-961e-8e275f575d71-2-5.jpg?fit=1360%2C931&ssl=1\",\"contentUrl\":\"https:\\\/\\\/i0.wp.com\\\/blogdoprosperi.com\\\/wp-content\\\/uploads\\\/2026\\\/05\\\/cropped-8059e613-6002-42fa-961e-8e275f575d71-2-5.jpg?fit=1360%2C931&ssl=1\",\"width\":1360,\"height\":931,\"caption\":\"Luiz Ant\u00f4nio Pr\u00f3speri\"},\"logo\":{\"@id\":\"https:\\\/\\\/i0.wp.com\\\/blogdoprosperi.com\\\/wp-content\\\/uploads\\\/2026\\\/05\\\/cropped-8059e613-6002-42fa-961e-8e275f575d71-2-5.jpg?fit=1360%2C931&ssl=1\"},\"description\":\"Jornalista com carreira dedicada ao esporte. Cobriu 9 Copas do Mundo in loco, 1990 na It\u00e1lia, 1994 nos EUA, 1998 na Fran\u00e7a, 2002 na Coreia do Sul e Jap\u00e3o, 2006 na Alemanha, 2010 na \u00c1frica do Sul, 2014 no Brasil, 2018 na R\u00fassia e 2022 no Qatar. Eurocopas, 1992 na Su\u00e9cia e 1996 na Inglaterra. Copa das Confedera\u00e7\u00f5es de 2005 na Alemanha e 2009 na \u00c1frica do Sul. Rep\u00f3rter e Editor, trabalhou no Jornal da Tarde e Estad\u00e3o, de 1984 a fevereiro de 2016. Colunista, blogueiro. E comentarista de futebol na R\u00e1dio Estad\u00e3o, de 2013 a fevereiro de 2016. Jornalista respons\u00e1vel do \\\"Pr\u00f3speri News\\\" (blogdoprosperi.com).\",\"sameAs\":[\"http:\\\/\\\/blogdoprosperi.com\",\"Luiz Pr\u00f3speri\",\"@luiz_prosperi\",\"https:\\\/\\\/x.com\\\/Luizprosperi\",\"@prosperinacopa\",\"luiz.prosperi@icloud.com\"],\"url\":\"https:\\\/\\\/blogdoprosperi.com\\\/?author=102107496\"}]}<\/script>\n<!-- \/ Yoast SEO plugin. -->","yoast_head_json":{"title":"Filipe Luis | Coletiva: \"Bayern \u00c9 um Colosso, S\u00f3 Que Em Um Jogo Tudo Pode Acontecer\" - PR\u00d3SPERI NEWS","robots":{"index":"index","follow":"follow","max-snippet":"max-snippet:-1","max-image-preview":"max-image-preview:large","max-video-preview":"max-video-preview:-1"},"canonical":"https:\/\/blogdoprosperi.com\/?p=51880","og_locale":"pt_BR","og_type":"article","og_title":"Filipe Luis | Coletiva: \"Bayern \u00c9 um Colosso, S\u00f3 Que Em Um Jogo Tudo Pode Acontecer\" - PR\u00d3SPERI NEWS","og_description":"Filipe Luis fala do confronto entre Flamengo e Bayern Munique nas oitavas do Mundial de Clubes \u00a0e indica [&hellip;]","og_url":"https:\/\/blogdoprosperi.com\/?p=51880","og_site_name":"PR\u00d3SPERI NEWS","article_publisher":"Luiz Pr\u00f3speri","article_author":"Luiz Pr\u00f3speri","article_published_time":"2025-06-25T14:03:51+00:00","og_image":[{"width":950,"height":593,"url":"https:\/\/i0.wp.com\/blogdoprosperi.com\/wp-content\/uploads\/2025\/06\/filipe-luis-flamengo-lafc-mundial-aspect-ratio-512-320.webp?fit=950%2C593&ssl=1","type":"image\/webp"}],"author":"Luiz Ant\u00f4nio Pr\u00f3speri","twitter_card":"summary_large_image","twitter_creator":"@Luizprosperi","twitter_site":"@Luizprosperi","twitter_misc":{"Escrito por":"Luiz Ant\u00f4nio Pr\u00f3speri"},"schema":{"@context":"https:\/\/schema.org","@graph":[{"@type":"Article","@id":"https:\/\/blogdoprosperi.com\/?p=51880#article","isPartOf":{"@id":"https:\/\/blogdoprosperi.com\/?p=51880"},"author":{"name":"Luiz Ant\u00f4nio Pr\u00f3speri","@id":"https:\/\/blogdoprosperi.com\/#\/schema\/person\/38100755ce3601861ee4fab9b5aa78e9"},"headline":"Filipe Luis | Coletiva: &#8220;Bayern \u00c9 um Colosso, S\u00f3 Que Em Um Jogo Tudo Pode Acontecer&#8221;","datePublished":"2025-06-25T14:03:51+00:00","mainEntityOfPage":{"@id":"https:\/\/blogdoprosperi.com\/?p=51880"},"wordCount":74,"commentCount":0,"publisher":{"@id":"https:\/\/blogdoprosperi.com\/#\/schema\/person\/38100755ce3601861ee4fab9b5aa78e9"},"image":{"@id":"https:\/\/blogdoprosperi.com\/?p=51880#primaryimage"},"thumbnailUrl":"https:\/\/i0.wp.com\/blogdoprosperi.com\/wp-content\/uploads\/2025\/06\/filipe-luis-flamengo-lafc-mundial-aspect-ratio-512-320.webp?fit=950%2C593&ssl=1","keywords":["Arrascaeta","filipe lu\u00eds","flamengo x bayern munique","futebol","mundial de clubes oitavas"],"articleSection":["futebol","informa\u00e7\u00e3o","mundial de clubes 2025","v\u00eddeos"],"inLanguage":"pt-BR","potentialAction":[{"@type":"CommentAction","name":"Comment","target":["https:\/\/blogdoprosperi.com\/?p=51880#respond"]}]},{"@type":"WebPage","@id":"https:\/\/blogdoprosperi.com\/?p=51880","url":"https:\/\/blogdoprosperi.com\/?p=51880","name":"Filipe Luis | Coletiva: \"Bayern \u00c9 um Colosso, S\u00f3 Que Em Um Jogo Tudo Pode Acontecer\" - PR\u00d3SPERI NEWS","isPartOf":{"@id":"https:\/\/blogdoprosperi.com\/#website"},"primaryImageOfPage":{"@id":"https:\/\/blogdoprosperi.com\/?p=51880#primaryimage"},"image":{"@id":"https:\/\/blogdoprosperi.com\/?p=51880#primaryimage"},"thumbnailUrl":"https:\/\/i0.wp.com\/blogdoprosperi.com\/wp-content\/uploads\/2025\/06\/filipe-luis-flamengo-lafc-mundial-aspect-ratio-512-320.webp?fit=950%2C593&ssl=1","datePublished":"2025-06-25T14:03:51+00:00","breadcrumb":{"@id":"https:\/\/blogdoprosperi.com\/?p=51880#breadcrumb"},"inLanguage":"pt-BR","potentialAction":[{"@type":"ReadAction","target":["https:\/\/blogdoprosperi.com\/?p=51880"]}]},{"@type":"ImageObject","inLanguage":"pt-BR","@id":"https:\/\/blogdoprosperi.com\/?p=51880#primaryimage","url":"https:\/\/i0.wp.com\/blogdoprosperi.com\/wp-content\/uploads\/2025\/06\/filipe-luis-flamengo-lafc-mundial-aspect-ratio-512-320.webp?fit=950%2C593&ssl=1","contentUrl":"https:\/\/i0.wp.com\/blogdoprosperi.com\/wp-content\/uploads\/2025\/06\/filipe-luis-flamengo-lafc-mundial-aspect-ratio-512-320.webp?fit=950%2C593&ssl=1","width":950,"height":593,"caption":"Luis Filipe no comando do Flamengo no Brasileir\u00e3o \u2013 foto: Flamengo oficial"},{"@type":"BreadcrumbList","@id":"https:\/\/blogdoprosperi.com\/?p=51880#breadcrumb","itemListElement":[{"@type":"ListItem","position":1,"name":"In\u00edcio","item":"https:\/\/blogdoprosperi.com\/"},{"@type":"ListItem","position":2,"name":"Filipe Luis | Coletiva: &#8220;Bayern \u00c9 um Colosso, S\u00f3 Que Em Um Jogo Tudo Pode Acontecer&#8221;"}]},{"@type":"WebSite","@id":"https:\/\/blogdoprosperi.com\/#website","url":"https:\/\/blogdoprosperi.com\/","name":"PR\u00d3SPERI NEWS","description":"TUDO \u00c9  FUTEBOL","publisher":{"@id":"https:\/\/blogdoprosperi.com\/#\/schema\/person\/38100755ce3601861ee4fab9b5aa78e9"},"alternateName":"blogdoprosperi.com","potentialAction":[{"@type":"SearchAction","target":{"@type":"EntryPoint","urlTemplate":"https:\/\/blogdoprosperi.com\/?s={search_term_string}"},"query-input":{"@type":"PropertyValueSpecification","valueRequired":true,"valueName":"search_term_string"}}],"inLanguage":"pt-BR"},{"@type":["Person","Organization"],"@id":"https:\/\/blogdoprosperi.com\/#\/schema\/person\/38100755ce3601861ee4fab9b5aa78e9","name":"Luiz Ant\u00f4nio Pr\u00f3speri","pronouns":"ele","image":{"@type":"ImageObject","inLanguage":"pt-BR","@id":"https:\/\/i0.wp.com\/blogdoprosperi.com\/wp-content\/uploads\/2026\/05\/cropped-8059e613-6002-42fa-961e-8e275f575d71-2-5.jpg?fit=1360%2C931&ssl=1","url":"https:\/\/i0.wp.com\/blogdoprosperi.com\/wp-content\/uploads\/2026\/05\/cropped-8059e613-6002-42fa-961e-8e275f575d71-2-5.jpg?fit=1360%2C931&ssl=1","contentUrl":"https:\/\/i0.wp.com\/blogdoprosperi.com\/wp-content\/uploads\/2026\/05\/cropped-8059e613-6002-42fa-961e-8e275f575d71-2-5.jpg?fit=1360%2C931&ssl=1","width":1360,"height":931,"caption":"Luiz Ant\u00f4nio Pr\u00f3speri"},"logo":{"@id":"https:\/\/i0.wp.com\/blogdoprosperi.com\/wp-content\/uploads\/2026\/05\/cropped-8059e613-6002-42fa-961e-8e275f575d71-2-5.jpg?fit=1360%2C931&ssl=1"},"description":"Jornalista com carreira dedicada ao esporte. Cobriu 9 Copas do Mundo in loco, 1990 na It\u00e1lia, 1994 nos EUA, 1998 na Fran\u00e7a, 2002 na Coreia do Sul e Jap\u00e3o, 2006 na Alemanha, 2010 na \u00c1frica do Sul, 2014 no Brasil, 2018 na R\u00fassia e 2022 no Qatar. Eurocopas, 1992 na Su\u00e9cia e 1996 na Inglaterra. Copa das Confedera\u00e7\u00f5es de 2005 na Alemanha e 2009 na \u00c1frica do Sul. Rep\u00f3rter e Editor, trabalhou no Jornal da Tarde e Estad\u00e3o, de 1984 a fevereiro de 2016. Colunista, blogueiro. E comentarista de futebol na R\u00e1dio Estad\u00e3o, de 2013 a fevereiro de 2016. Jornalista respons\u00e1vel do \"Pr\u00f3speri News\" (blogdoprosperi.com).","sameAs":["http:\/\/blogdoprosperi.com","Luiz Pr\u00f3speri","@luiz_prosperi","https:\/\/x.com\/Luizprosperi","@prosperinacopa","luiz.prosperi@icloud.com"],"url":"https:\/\/blogdoprosperi.com\/?author=102107496"}]}},"jetpack_publicize_connections":[],"jetpack_likes_enabled":false,"jetpack_sharing_enabled":true,"jetpack_shortlink":"https:\/\/wp.me\/p7jvdk-duM","jetpack-related-posts":[{"id":52235,"url":"https:\/\/blogdoprosperi.com\/?p=52235","url_meta":{"origin":51880,"position":0},"title":"Filipe Luis Erra, Flamengo Volta para Casa e Vai ao Div\u00e3","author":"Luiz Ant\u00f4nio Pr\u00f3speri","date":"30 de junho de 2025","format":false,"excerpt":"Luiz Ant\u00f4nio Pr\u00f3speri \u2013 30 junho (13h40) \u2013 Flamengo e Filipe Luis est\u00e3o no div\u00e3 ap\u00f3s a queda nas oitavas de final do Mundial de Clubes. A conversa com o psicanalista tem de ser s\u00e9ria. N\u00e3o adianta argumentar ao analista que o \"Bayern Munique \u00e9 superior ao nosso time\". Essa\u2026","rel":"","context":"Em &quot;futebol&quot;","block_context":{"text":"futebol","link":"https:\/\/blogdoprosperi.com\/?cat=53870"},"img":{"alt_text":"Filipe Luis e Flamengo no div\u00e3","src":"https:\/\/i0.wp.com\/blogdoprosperi.com\/wp-content\/uploads\/2025\/06\/54624151254_1ab0965fc3_c.jpg?fit=799%2C533&ssl=1&resize=350%2C200","width":350,"height":200,"srcset":"https:\/\/i0.wp.com\/blogdoprosperi.com\/wp-content\/uploads\/2025\/06\/54624151254_1ab0965fc3_c.jpg?fit=799%2C533&ssl=1&resize=350%2C200 1x, https:\/\/i0.wp.com\/blogdoprosperi.com\/wp-content\/uploads\/2025\/06\/54624151254_1ab0965fc3_c.jpg?fit=799%2C533&ssl=1&resize=525%2C300 1.5x, https:\/\/i0.wp.com\/blogdoprosperi.com\/wp-content\/uploads\/2025\/06\/54624151254_1ab0965fc3_c.jpg?fit=799%2C533&ssl=1&resize=700%2C400 2x"},"classes":[]},{"id":52208,"url":"https:\/\/blogdoprosperi.com\/?p=52208","url_meta":{"origin":51880,"position":1},"title":"Flamengo | Filipe Luis: &#8220;\u00c9 um Time Superior a N\u00f3s, Simples Assim&#8221;","author":"Luiz Ant\u00f4nio Pr\u00f3speri","date":"30 de junho de 2025","format":false,"excerpt":"Acompanhe entrevista coletiva de Filipe Lu\u00eds p\u00f3s-jogo Bayern Munique 4 a 2 Flamengo. Derrota manda Flamengo para casa e Bayern enfrenta PSG nas quartas de final: \"Tomamos o gol de escanteio, depois tomamos o segundo gol em um erro de sa\u00edda de bola, depois tivemos volume e acabamos fazendo 2\u2026","rel":"","context":"Em &quot;futebol&quot;","block_context":{"text":"futebol","link":"https:\/\/blogdoprosperi.com\/?cat=53870"},"img":{"alt_text":"Flamengo 2 a 4 Bayern Munique","src":"https:\/\/i0.wp.com\/blogdoprosperi.com\/wp-content\/uploads\/2025\/06\/54622370648_4632076f35_c.jpg?fit=799%2C533&ssl=1&resize=350%2C200","width":350,"height":200,"srcset":"https:\/\/i0.wp.com\/blogdoprosperi.com\/wp-content\/uploads\/2025\/06\/54622370648_4632076f35_c.jpg?fit=799%2C533&ssl=1&resize=350%2C200 1x, https:\/\/i0.wp.com\/blogdoprosperi.com\/wp-content\/uploads\/2025\/06\/54622370648_4632076f35_c.jpg?fit=799%2C533&ssl=1&resize=525%2C300 1.5x, https:\/\/i0.wp.com\/blogdoprosperi.com\/wp-content\/uploads\/2025\/06\/54622370648_4632076f35_c.jpg?fit=799%2C533&ssl=1&resize=700%2C400 2x"},"classes":[]},{"id":52201,"url":"https:\/\/blogdoprosperi.com\/?p=52201","url_meta":{"origin":51880,"position":2},"title":"V\u00eddeo | Bayern Munique 4 a 2 Flamengo \u2013 Melhores Momentos Mundial de Clubes","author":"Luiz Ant\u00f4nio Pr\u00f3speri","date":"29 de junho de 2025","format":false,"excerpt":"Acompanhe melhores momentos de Bayern Munique 4 a 2 Flamengo. Bayern avan\u00e7a \u00e0s quartas de final, Flamengo volta para o Rio de Janeiro. V\u00eddeo oficial Fifa: clique aqui: https:\/\/www.fifa.com\/pt\/watch\/519qYVOFyajR86WNFcoM84 \u00a0","rel":"","context":"Em &quot;Fifa&quot;","block_context":{"text":"Fifa","link":"https:\/\/blogdoprosperi.com\/?cat=187969"},"img":{"alt_text":"","src":"https:\/\/i0.wp.com\/blogdoprosperi.com\/wp-content\/uploads\/2025\/06\/captura-de-tela-2025-06-29-as-23.01.12.png?fit=1200%2C743&ssl=1&resize=350%2C200","width":350,"height":200,"srcset":"https:\/\/i0.wp.com\/blogdoprosperi.com\/wp-content\/uploads\/2025\/06\/captura-de-tela-2025-06-29-as-23.01.12.png?fit=1200%2C743&ssl=1&resize=350%2C200 1x, https:\/\/i0.wp.com\/blogdoprosperi.com\/wp-content\/uploads\/2025\/06\/captura-de-tela-2025-06-29-as-23.01.12.png?fit=1200%2C743&ssl=1&resize=525%2C300 1.5x, https:\/\/i0.wp.com\/blogdoprosperi.com\/wp-content\/uploads\/2025\/06\/captura-de-tela-2025-06-29-as-23.01.12.png?fit=1200%2C743&ssl=1&resize=700%2C400 2x, https:\/\/i0.wp.com\/blogdoprosperi.com\/wp-content\/uploads\/2025\/06\/captura-de-tela-2025-06-29-as-23.01.12.png?fit=1200%2C743&ssl=1&resize=1050%2C600 3x"},"classes":[]},{"id":51935,"url":"https:\/\/blogdoprosperi.com\/?p=51935","url_meta":{"origin":51880,"position":3},"title":"Os Quatro Brasileiros Se Classificam \u00e0s Oitavas do Mundial de Clubes: O Que Vem Por A\u00ed","author":"Luiz Ant\u00f4nio Pr\u00f3speri","date":"25 de junho de 2025","format":false,"excerpt":"Luiz Ant\u00f4nio Pr\u00f3speri \u2013 25 junho (20h27) \u2013 atualizado \u00e0s 23h57 \u2013 Palmeiras, Flamengo, Botafogo e Fluminense classificados \u00e0s oitavas de final do Mundial de Clubes. Nos 12 jogos disputados pelo quarteto na fase de grupos, acumulam seis vit\u00f3rias, cinco empates e apenas uma derrota. Vencem dois europeus (Flamengo 3\u2026","rel":"","context":"Em &quot;futebol&quot;","block_context":{"text":"futebol","link":"https:\/\/blogdoprosperi.com\/?cat=53870"},"img":{"alt_text":"","src":"https:\/\/i0.wp.com\/blogdoprosperi.com\/wp-content\/uploads\/2025\/06\/captura-de-tela-2025-06-25-as-23.49.29.png?fit=1140%2C746&ssl=1&resize=350%2C200","width":350,"height":200,"srcset":"https:\/\/i0.wp.com\/blogdoprosperi.com\/wp-content\/uploads\/2025\/06\/captura-de-tela-2025-06-25-as-23.49.29.png?fit=1140%2C746&ssl=1&resize=350%2C200 1x, https:\/\/i0.wp.com\/blogdoprosperi.com\/wp-content\/uploads\/2025\/06\/captura-de-tela-2025-06-25-as-23.49.29.png?fit=1140%2C746&ssl=1&resize=525%2C300 1.5x, https:\/\/i0.wp.com\/blogdoprosperi.com\/wp-content\/uploads\/2025\/06\/captura-de-tela-2025-06-25-as-23.49.29.png?fit=1140%2C746&ssl=1&resize=700%2C400 2x, https:\/\/i0.wp.com\/blogdoprosperi.com\/wp-content\/uploads\/2025\/06\/captura-de-tela-2025-06-25-as-23.49.29.png?fit=1140%2C746&ssl=1&resize=1050%2C600 3x"},"classes":[]},{"id":51864,"url":"https:\/\/blogdoprosperi.com\/?p=51864","url_meta":{"origin":51880,"position":4},"title":"Mundial de Clubes | V\u00eddeo: Benfica 1 a 0 Bayern Munique \u2013 Melhores Momentos","author":"Luiz Ant\u00f4nio Pr\u00f3speri","date":"24 de junho de 2025","format":false,"excerpt":"Acompanhe melhores momentos de. Benfica 1 a 0 Bayern Munique. Vit\u00f3ria garante ao Benfica primeiro lugar do grupo e joga Bayern no colo do Flamengo nas oitavas do Mundial de Clubes. V\u00eddeo oficial Fifa: Clique aqui: https:\/\/www.fifa.com\/pt\/watch\/7AFBr4t2sgpcSVo0eAXjWN Ensaio das Oitavas do Mundial \u00a0","rel":"","context":"Em &quot;futebol&quot;","block_context":{"text":"futebol","link":"https:\/\/blogdoprosperi.com\/?cat=53870"},"img":{"alt_text":"Bayern perde do. Benfica e pega Flamengo nas oitavas","src":"https:\/\/i0.wp.com\/blogdoprosperi.com\/wp-content\/uploads\/2025\/06\/captura-de-tela-2025-06-24-as-19.51.34.png?fit=1200%2C874&ssl=1&resize=350%2C200","width":350,"height":200,"srcset":"https:\/\/i0.wp.com\/blogdoprosperi.com\/wp-content\/uploads\/2025\/06\/captura-de-tela-2025-06-24-as-19.51.34.png?fit=1200%2C874&ssl=1&resize=350%2C200 1x, https:\/\/i0.wp.com\/blogdoprosperi.com\/wp-content\/uploads\/2025\/06\/captura-de-tela-2025-06-24-as-19.51.34.png?fit=1200%2C874&ssl=1&resize=525%2C300 1.5x, https:\/\/i0.wp.com\/blogdoprosperi.com\/wp-content\/uploads\/2025\/06\/captura-de-tela-2025-06-24-as-19.51.34.png?fit=1200%2C874&ssl=1&resize=700%2C400 2x, https:\/\/i0.wp.com\/blogdoprosperi.com\/wp-content\/uploads\/2025\/06\/captura-de-tela-2025-06-24-as-19.51.34.png?fit=1200%2C874&ssl=1&resize=1050%2C600 3x"},"classes":[]},{"id":52090,"url":"https:\/\/blogdoprosperi.com\/?p=52090","url_meta":{"origin":51880,"position":5},"title":"Na TV | Onde Assistir e Hor\u00e1rios dos Jogos S\u00e1bado (28\/6) e Domingo (29\/6) no Mundial de Clubes: tem Palmeiras x Botafogo, Flamengo x Bayern Munique","author":"Luiz Ant\u00f4nio Pr\u00f3speri","date":"27 de junho de 2025","format":false,"excerpt":"Onde assistir e hor\u00e1rios dos jogos de abertura das oitavas de final neste fim de semana (28 e 29\/6). Destaque para Palmeiras x Botafogo (s\u00e1bado) e Flamengo x Bayern Munique (domingo) S\u00e1bado (28\/6) 13h \u2013 Palmeiras x Botafogo \u2013\u00a0Globo, Sportv, globoplay, Caz\u00e9 TV e Dazn 17h \u2013 Benfica x Chelsea\u2026","rel":"","context":"Em &quot;Fifa&quot;","block_context":{"text":"Fifa","link":"https:\/\/blogdoprosperi.com\/?cat=187969"},"img":{"alt_text":"fifa esta mundial de clubes a cada dois anos,","src":"https:\/\/i0.wp.com\/blogdoprosperi.com\/wp-content\/uploads\/2025\/03\/fifa-club-world-cup-trophy-tour-in-new-york-and-new-jersey.webp?fit=1200%2C1200&ssl=1&resize=350%2C200","width":350,"height":200,"srcset":"https:\/\/i0.wp.com\/blogdoprosperi.com\/wp-content\/uploads\/2025\/03\/fifa-club-world-cup-trophy-tour-in-new-york-and-new-jersey.webp?fit=1200%2C1200&ssl=1&resize=350%2C200 1x, https:\/\/i0.wp.com\/blogdoprosperi.com\/wp-content\/uploads\/2025\/03\/fifa-club-world-cup-trophy-tour-in-new-york-and-new-jersey.webp?fit=1200%2C1200&ssl=1&resize=525%2C300 1.5x, https:\/\/i0.wp.com\/blogdoprosperi.com\/wp-content\/uploads\/2025\/03\/fifa-club-world-cup-trophy-tour-in-new-york-and-new-jersey.webp?fit=1200%2C1200&ssl=1&resize=700%2C400 2x, https:\/\/i0.wp.com\/blogdoprosperi.com\/wp-content\/uploads\/2025\/03\/fifa-club-world-cup-trophy-tour-in-new-york-and-new-jersey.webp?fit=1200%2C1200&ssl=1&resize=1050%2C600 3x"},"classes":[]}],"jetpack_featured_media_url":"https:\/\/i0.wp.com\/blogdoprosperi.com\/wp-content\/uploads\/2025\/06\/filipe-luis-flamengo-lafc-mundial-aspect-ratio-512-320.webp?fit=950%2C593&ssl=1","_links":{"self":[{"href":"https:\/\/blogdoprosperi.com\/index.php?rest_route=\/wp\/v2\/posts\/51880","targetHints":{"allow":["GET"]}}],"collection":[{"href":"https:\/\/blogdoprosperi.com\/index.php?rest_route=\/wp\/v2\/posts"}],"about":[{"href":"https:\/\/blogdoprosperi.com\/index.php?rest_route=\/wp\/v2\/types\/post"}],"author":[{"embeddable":true,"href":"https:\/\/blogdoprosperi.com\/index.php?rest_route=\/wp\/v2\/users\/102107496"}],"replies":[{"embeddable":true,"href":"https:\/\/blogdoprosperi.com\/index.php?rest_route=%2Fwp%2Fv2%2Fcomments&post=51880"}],"version-history":[{"count":4,"href":"https:\/\/blogdoprosperi.com\/index.php?rest_route=\/wp\/v2\/posts\/51880\/revisions"}],"predecessor-version":[{"id":51885,"href":"https:\/\/blogdoprosperi.com\/index.php?rest_route=\/wp\/v2\/posts\/51880\/revisions\/51885"}],"wp:featuredmedia":[{"embeddable":true,"href":"https:\/\/blogdoprosperi.com\/index.php?rest_route=\/wp\/v2\/media\/51883"}],"wp:attachment":[{"href":"https:\/\/blogdoprosperi.com\/index.php?rest_route=%2Fwp%2Fv2%2Fmedia&parent=51880"}],"wp:term":[{"taxonomy":"category","embeddable":true,"href":"https:\/\/blogdoprosperi.com\/index.php?rest_route=%2Fwp%2Fv2%2Fcategories&post=51880"},{"taxonomy":"post_tag","embeddable":true,"href":"https:\/\/blogdoprosperi.com\/index.php?rest_route=%2Fwp%2Fv2%2Ftags&post=51880"}],"curies":[{"name":"wp","href":"https:\/\/api.w.org\/{rel}","templated":true}]}}