{"id":51959,"date":"2025-06-26T11:06:51","date_gmt":"2025-06-26T14:06:51","guid":{"rendered":"https:\/\/blogdoprosperi.com\/?p=51959"},"modified":"2025-06-26T11:06:51","modified_gmt":"2025-06-26T14:06:51","slug":"mundial-de-clubes-video-inter-milao-2-a-0-river-plate-melhores-momentos","status":"publish","type":"post","link":"https:\/\/blogdoprosperi.com\/?p=51959","title":{"rendered":"Mundial de Clubes | V\u00eddeo: Inter Mil\u00e3o 2 a 0 River Plate \u2013 Melhores Momentos"},"content":{"rendered":"<p>Acompanhe melhores momentos de Inter Mil\u00e3o 2 a 0 River Plate. Inter se classifica em primeiro de seu grupo e ser\u00e1 advers\u00e1rio do Fluminense nas oitavas. V\u00eddeo oficial Fifa:<\/p>\n<p><span style=\"color: #0000ff\"><strong>Clique aqui:\u00a0<\/strong><\/span><span style=\"color: #0000ff\"><strong><a style=\"color: #0000ff\" href=\"https:\/\/www.fifa.com\/pt\/watch\/38f5tV4UyITiNMMWx3z3i9\">https:\/\/www.fifa.com\/pt\/watch\/38f5tV4UyITiNMMWx3z3i9<\/a><\/strong><\/span><\/p>\n<p>Acompanhe melhores momentos de Monterrey 4 a 0 Urawa Red. Monterrey se classifica em segundo no grupo e vai enfrentar o Borussia Dortmund nas oitavas. V\u00eddeo oficial Fifa:<\/p>\n<p><span style=\"color: #0000ff\"><strong><a style=\"color: #0000ff\" href=\"https:\/\/www.fifa.com\/pt\/watch\/6kBJhUS3uQ2hBBwI1zQBWy\">Clique aqui: https:\/\/www.fifa.com\/pt\/watch\/6kBJhUS3uQ2hBBwI1zQBWy<\/a><\/strong><\/span><\/p>\n<figure id=\"attachment_51954\" aria-describedby=\"caption-attachment-51954\" style=\"width: 531px\" class=\"wp-caption alignnone\"><img data-recalc-dims=\"1\" loading=\"lazy\" decoding=\"async\" data-attachment-id=\"51954\" data-permalink=\"https:\/\/blogdoprosperi.com\/?attachment_id=51954\" data-orig-file=\"https:\/\/i0.wp.com\/blogdoprosperi.com\/wp-content\/uploads\/2025\/06\/guvpfcnxsaepet2.jpeg?fit=960%2C1200&amp;ssl=1\" data-orig-size=\"960,1200\" data-comments-opened=\"1\" data-image-meta=\"{&quot;aperture&quot;:&quot;0&quot;,&quot;credit&quot;:&quot;&quot;,&quot;camera&quot;:&quot;&quot;,&quot;caption&quot;:&quot;&quot;,&quot;created_timestamp&quot;:&quot;0&quot;,&quot;copyright&quot;:&quot;&quot;,&quot;focal_length&quot;:&quot;0&quot;,&quot;iso&quot;:&quot;0&quot;,&quot;shutter_speed&quot;:&quot;0&quot;,&quot;title&quot;:&quot;&quot;,&quot;orientation&quot;:&quot;0&quot;}\" data-image-title=\"Sergio Ramos do Monterrey\" data-image-description=\"\" data-image-caption=\"&lt;p&gt;Sergio Ramos, veterano espanhol eleva Monterrey \u2013 foto: Fifa oficial&lt;\/p&gt;\n\" data-large-file=\"https:\/\/i0.wp.com\/blogdoprosperi.com\/wp-content\/uploads\/2025\/06\/guvpfcnxsaepet2.jpeg?fit=819%2C1024&amp;ssl=1\" class=\" wp-image-51954\" src=\"https:\/\/i0.wp.com\/blogdoprosperi.com\/wp-content\/uploads\/2025\/06\/guvpfcnxsaepet2.jpeg?resize=531%2C664&#038;ssl=1\" alt=\"\" width=\"531\" height=\"664\" \/><figcaption id=\"caption-attachment-51954\" class=\"wp-caption-text\"><em>Sergio Ramos, veterano espanhol eleva Monterrey \u2013 foto: Fifa oficial<\/em><\/figcaption><\/figure>\n","protected":false},"excerpt":{"rendered":"<p>Acompanhe melhores momentos de Inter Mil\u00e3o 2 a 0 River Plate. Inter se classifica em primeiro de seu [&hellip;]<\/p>\n","protected":false},"author":102107496,"featured_media":51965,"comment_status":"open","ping_status":"open","sticky":false,"template":"","format":"standard","meta":{"_coblocks_attr":"","_coblocks_dimensions":"","_coblocks_responsive_height":"","_coblocks_accordion_ie_support":"","_jetpack_newsletter_access":"","_jetpack_dont_email_post_to_subs":false,"_jetpack_newsletter_tier_id":0,"_jetpack_memberships_contains_paywalled_content":false,"_wpcom_ai_launchpad_first_post":false,"_jetpack_feature_clip_id":0,"_jetpack_memberships_contains_paid_content":false,"footnotes":"","jetpack_publicize_message":"","jetpack_publicize_feature_enabled":true,"jetpack_social_post_already_shared":false,"jetpack_social_options":{"image_generator_settings":{"template":"highway","default_image_id":0,"font":"","enabled":false},"version":2},"jetpack_post_was_ever_published":false},"categories":[20384,772984667,1149],"tags":[2136919,6354672,831674,782162138,781967446],"class_list":["post-51959","post","type-post","status-publish","format-standard","has-post-thumbnail","hentry","category-informacao","category-mundial-de-clubes-2025","category-videos","tag-acuna","tag-bastoni","tag-esposito","tag-inter-milao-2-a-0-river-plate","tag-mundial-de-clubes-oitavas"],"yoast_head":"<!-- This site is optimized with the Yoast SEO plugin v28.4 - https:\/\/yoast.com\/product\/yoast-seo-wordpress\/ -->\n<title>Mundial de Clubes | V\u00eddeo: Inter Mil\u00e3o 2 a 0 River Plate \u2013 Melhores Momentos - PR\u00d3SPERI NEWS<\/title>\n<meta name=\"robots\" content=\"index, follow, max-snippet:-1, max-image-preview:large, max-video-preview:-1\" \/>\n<link rel=\"canonical\" href=\"https:\/\/blogdoprosperi.com\/?p=51959\" \/>\n<meta property=\"og:locale\" content=\"pt_BR\" \/>\n<meta property=\"og:type\" content=\"article\" \/>\n<meta property=\"og:title\" content=\"Mundial de Clubes | V\u00eddeo: Inter Mil\u00e3o 2 a 0 River Plate \u2013 Melhores Momentos - PR\u00d3SPERI NEWS\" \/>\n<meta property=\"og:description\" content=\"Acompanhe melhores momentos de Inter Mil\u00e3o 2 a 0 River Plate. Inter se classifica em primeiro de seu [&hellip;]\" \/>\n<meta property=\"og:url\" content=\"https:\/\/blogdoprosperi.com\/?p=51959\" \/>\n<meta property=\"og:site_name\" content=\"PR\u00d3SPERI NEWS\" \/>\n<meta property=\"article:publisher\" content=\"Luiz Pr\u00f3speri\" \/>\n<meta property=\"article:author\" content=\"Luiz Pr\u00f3speri\" \/>\n<meta property=\"article:published_time\" content=\"2025-06-26T14:06:51+00:00\" \/>\n<meta property=\"og:image\" content=\"https:\/\/i0.wp.com\/blogdoprosperi.com\/wp-content\/uploads\/2025\/06\/captura-de-tela-2025-06-26-as-11.02.16.png?fit=1062%2C710&ssl=1\" \/>\n\t<meta property=\"og:image:width\" content=\"1062\" \/>\n\t<meta property=\"og:image:height\" content=\"710\" \/>\n\t<meta property=\"og:image:type\" content=\"image\/png\" \/>\n<meta name=\"author\" content=\"Luiz Ant\u00f4nio Pr\u00f3speri\" \/>\n<meta name=\"twitter:card\" content=\"summary_large_image\" \/>\n<meta name=\"twitter:creator\" content=\"@Luizprosperi\" \/>\n<meta name=\"twitter:site\" content=\"@Luizprosperi\" \/>\n<meta name=\"twitter:label1\" content=\"Escrito por\" \/>\n\t<meta name=\"twitter:data1\" content=\"Luiz Ant\u00f4nio Pr\u00f3speri\" \/>\n<script type=\"application\/ld+json\" class=\"yoast-schema-graph\">{\"@context\":\"https:\\\/\\\/schema.org\",\"@graph\":[{\"@type\":\"Article\",\"@id\":\"https:\\\/\\\/blogdoprosperi.com\\\/?p=51959#article\",\"isPartOf\":{\"@id\":\"https:\\\/\\\/blogdoprosperi.com\\\/?p=51959\"},\"author\":{\"name\":\"Luiz Ant\u00f4nio Pr\u00f3speri\",\"@id\":\"https:\\\/\\\/blogdoprosperi.com\\\/#\\\/schema\\\/person\\\/38100755ce3601861ee4fab9b5aa78e9\"},\"headline\":\"Mundial de Clubes | V\u00eddeo: Inter Mil\u00e3o 2 a 0 River Plate \u2013 Melhores Momentos\",\"datePublished\":\"2025-06-26T14:06:51+00:00\",\"mainEntityOfPage\":{\"@id\":\"https:\\\/\\\/blogdoprosperi.com\\\/?p=51959\"},\"wordCount\":111,\"commentCount\":0,\"publisher\":{\"@id\":\"https:\\\/\\\/blogdoprosperi.com\\\/#\\\/schema\\\/person\\\/38100755ce3601861ee4fab9b5aa78e9\"},\"image\":{\"@id\":\"https:\\\/\\\/blogdoprosperi.com\\\/?p=51959#primaryimage\"},\"thumbnailUrl\":\"https:\\\/\\\/i0.wp.com\\\/blogdoprosperi.com\\\/wp-content\\\/uploads\\\/2025\\\/06\\\/captura-de-tela-2025-06-26-as-11.02.16.png?fit=1062%2C710&ssl=1\",\"keywords\":[\"acu\u00f1a\",\"bastoni\",\"esposito\",\"inter mil\u00e3o 2 a 0 river plate\",\"mundial de clubes oitavas\"],\"articleSection\":[\"informa\u00e7\u00e3o\",\"mundial de clubes 2025\",\"v\u00eddeos\"],\"inLanguage\":\"pt-BR\",\"potentialAction\":[{\"@type\":\"CommentAction\",\"name\":\"Comment\",\"target\":[\"https:\\\/\\\/blogdoprosperi.com\\\/?p=51959#respond\"]}]},{\"@type\":\"WebPage\",\"@id\":\"https:\\\/\\\/blogdoprosperi.com\\\/?p=51959\",\"url\":\"https:\\\/\\\/blogdoprosperi.com\\\/?p=51959\",\"name\":\"Mundial de Clubes | V\u00eddeo: Inter Mil\u00e3o 2 a 0 River Plate \u2013 Melhores Momentos - PR\u00d3SPERI NEWS\",\"isPartOf\":{\"@id\":\"https:\\\/\\\/blogdoprosperi.com\\\/#website\"},\"primaryImageOfPage\":{\"@id\":\"https:\\\/\\\/blogdoprosperi.com\\\/?p=51959#primaryimage\"},\"image\":{\"@id\":\"https:\\\/\\\/blogdoprosperi.com\\\/?p=51959#primaryimage\"},\"thumbnailUrl\":\"https:\\\/\\\/i0.wp.com\\\/blogdoprosperi.com\\\/wp-content\\\/uploads\\\/2025\\\/06\\\/captura-de-tela-2025-06-26-as-11.02.16.png?fit=1062%2C710&ssl=1\",\"datePublished\":\"2025-06-26T14:06:51+00:00\",\"breadcrumb\":{\"@id\":\"https:\\\/\\\/blogdoprosperi.com\\\/?p=51959#breadcrumb\"},\"inLanguage\":\"pt-BR\",\"potentialAction\":[{\"@type\":\"ReadAction\",\"target\":[\"https:\\\/\\\/blogdoprosperi.com\\\/?p=51959\"]}]},{\"@type\":\"ImageObject\",\"inLanguage\":\"pt-BR\",\"@id\":\"https:\\\/\\\/blogdoprosperi.com\\\/?p=51959#primaryimage\",\"url\":\"https:\\\/\\\/i0.wp.com\\\/blogdoprosperi.com\\\/wp-content\\\/uploads\\\/2025\\\/06\\\/captura-de-tela-2025-06-26-as-11.02.16.png?fit=1062%2C710&ssl=1\",\"contentUrl\":\"https:\\\/\\\/i0.wp.com\\\/blogdoprosperi.com\\\/wp-content\\\/uploads\\\/2025\\\/06\\\/captura-de-tela-2025-06-26-as-11.02.16.png?fit=1062%2C710&ssl=1\",\"width\":1062,\"height\":710,\"caption\":\"Jogadores da Inter Mil\u00e3o celebram vaga nas oitavas \u2013 foto: Fifa oficial\"},{\"@type\":\"BreadcrumbList\",\"@id\":\"https:\\\/\\\/blogdoprosperi.com\\\/?p=51959#breadcrumb\",\"itemListElement\":[{\"@type\":\"ListItem\",\"position\":1,\"name\":\"In\u00edcio\",\"item\":\"https:\\\/\\\/blogdoprosperi.com\\\/\"},{\"@type\":\"ListItem\",\"position\":2,\"name\":\"Mundial de Clubes | V\u00eddeo: Inter Mil\u00e3o 2 a 0 River Plate \u2013 Melhores Momentos\"}]},{\"@type\":\"WebSite\",\"@id\":\"https:\\\/\\\/blogdoprosperi.com\\\/#website\",\"url\":\"https:\\\/\\\/blogdoprosperi.com\\\/\",\"name\":\"PR\u00d3SPERI NEWS\",\"description\":\"TUDO \u00c9  FUTEBOL\",\"publisher\":{\"@id\":\"https:\\\/\\\/blogdoprosperi.com\\\/#\\\/schema\\\/person\\\/38100755ce3601861ee4fab9b5aa78e9\"},\"alternateName\":\"blogdoprosperi.com\",\"potentialAction\":[{\"@type\":\"SearchAction\",\"target\":{\"@type\":\"EntryPoint\",\"urlTemplate\":\"https:\\\/\\\/blogdoprosperi.com\\\/?s={search_term_string}\"},\"query-input\":{\"@type\":\"PropertyValueSpecification\",\"valueRequired\":true,\"valueName\":\"search_term_string\"}}],\"inLanguage\":\"pt-BR\"},{\"@type\":[\"Person\",\"Organization\"],\"@id\":\"https:\\\/\\\/blogdoprosperi.com\\\/#\\\/schema\\\/person\\\/38100755ce3601861ee4fab9b5aa78e9\",\"name\":\"Luiz Ant\u00f4nio Pr\u00f3speri\",\"pronouns\":\"ele\",\"image\":{\"@type\":\"ImageObject\",\"inLanguage\":\"pt-BR\",\"@id\":\"https:\\\/\\\/i0.wp.com\\\/blogdoprosperi.com\\\/wp-content\\\/uploads\\\/2026\\\/05\\\/cropped-8059e613-6002-42fa-961e-8e275f575d71-2-5.jpg?fit=1360%2C931&ssl=1\",\"url\":\"https:\\\/\\\/i0.wp.com\\\/blogdoprosperi.com\\\/wp-content\\\/uploads\\\/2026\\\/05\\\/cropped-8059e613-6002-42fa-961e-8e275f575d71-2-5.jpg?fit=1360%2C931&ssl=1\",\"contentUrl\":\"https:\\\/\\\/i0.wp.com\\\/blogdoprosperi.com\\\/wp-content\\\/uploads\\\/2026\\\/05\\\/cropped-8059e613-6002-42fa-961e-8e275f575d71-2-5.jpg?fit=1360%2C931&ssl=1\",\"width\":1360,\"height\":931,\"caption\":\"Luiz Ant\u00f4nio Pr\u00f3speri\"},\"logo\":{\"@id\":\"https:\\\/\\\/i0.wp.com\\\/blogdoprosperi.com\\\/wp-content\\\/uploads\\\/2026\\\/05\\\/cropped-8059e613-6002-42fa-961e-8e275f575d71-2-5.jpg?fit=1360%2C931&ssl=1\"},\"description\":\"Jornalista com carreira dedicada ao esporte. Cobriu 9 Copas do Mundo in loco, 1990 na It\u00e1lia, 1994 nos EUA, 1998 na Fran\u00e7a, 2002 na Coreia do Sul e Jap\u00e3o, 2006 na Alemanha, 2010 na \u00c1frica do Sul, 2014 no Brasil, 2018 na R\u00fassia e 2022 no Qatar. Eurocopas, 1992 na Su\u00e9cia e 1996 na Inglaterra. Copa das Confedera\u00e7\u00f5es de 2005 na Alemanha e 2009 na \u00c1frica do Sul. Rep\u00f3rter e Editor, trabalhou no Jornal da Tarde e Estad\u00e3o, de 1984 a fevereiro de 2016. Colunista, blogueiro. E comentarista de futebol na R\u00e1dio Estad\u00e3o, de 2013 a fevereiro de 2016. Jornalista respons\u00e1vel do \\\"Pr\u00f3speri News\\\" (blogdoprosperi.com).\",\"sameAs\":[\"http:\\\/\\\/blogdoprosperi.com\",\"Luiz Pr\u00f3speri\",\"@luiz_prosperi\",\"https:\\\/\\\/x.com\\\/Luizprosperi\",\"@prosperinacopa\",\"luiz.prosperi@icloud.com\"],\"url\":\"https:\\\/\\\/blogdoprosperi.com\\\/?author=102107496\"}]}<\/script>\n<!-- \/ Yoast SEO plugin. -->","yoast_head_json":{"title":"Mundial de Clubes | V\u00eddeo: Inter Mil\u00e3o 2 a 0 River Plate \u2013 Melhores Momentos - PR\u00d3SPERI NEWS","robots":{"index":"index","follow":"follow","max-snippet":"max-snippet:-1","max-image-preview":"max-image-preview:large","max-video-preview":"max-video-preview:-1"},"canonical":"https:\/\/blogdoprosperi.com\/?p=51959","og_locale":"pt_BR","og_type":"article","og_title":"Mundial de Clubes | V\u00eddeo: Inter Mil\u00e3o 2 a 0 River Plate \u2013 Melhores Momentos - PR\u00d3SPERI NEWS","og_description":"Acompanhe melhores momentos de Inter Mil\u00e3o 2 a 0 River Plate. Inter se classifica em primeiro de seu [&hellip;]","og_url":"https:\/\/blogdoprosperi.com\/?p=51959","og_site_name":"PR\u00d3SPERI NEWS","article_publisher":"Luiz Pr\u00f3speri","article_author":"Luiz Pr\u00f3speri","article_published_time":"2025-06-26T14:06:51+00:00","og_image":[{"width":1062,"height":710,"url":"https:\/\/i0.wp.com\/blogdoprosperi.com\/wp-content\/uploads\/2025\/06\/captura-de-tela-2025-06-26-as-11.02.16.png?fit=1062%2C710&ssl=1","type":"image\/png"}],"author":"Luiz Ant\u00f4nio Pr\u00f3speri","twitter_card":"summary_large_image","twitter_creator":"@Luizprosperi","twitter_site":"@Luizprosperi","twitter_misc":{"Escrito por":"Luiz Ant\u00f4nio Pr\u00f3speri"},"schema":{"@context":"https:\/\/schema.org","@graph":[{"@type":"Article","@id":"https:\/\/blogdoprosperi.com\/?p=51959#article","isPartOf":{"@id":"https:\/\/blogdoprosperi.com\/?p=51959"},"author":{"name":"Luiz Ant\u00f4nio Pr\u00f3speri","@id":"https:\/\/blogdoprosperi.com\/#\/schema\/person\/38100755ce3601861ee4fab9b5aa78e9"},"headline":"Mundial de Clubes | V\u00eddeo: Inter Mil\u00e3o 2 a 0 River Plate \u2013 Melhores Momentos","datePublished":"2025-06-26T14:06:51+00:00","mainEntityOfPage":{"@id":"https:\/\/blogdoprosperi.com\/?p=51959"},"wordCount":111,"commentCount":0,"publisher":{"@id":"https:\/\/blogdoprosperi.com\/#\/schema\/person\/38100755ce3601861ee4fab9b5aa78e9"},"image":{"@id":"https:\/\/blogdoprosperi.com\/?p=51959#primaryimage"},"thumbnailUrl":"https:\/\/i0.wp.com\/blogdoprosperi.com\/wp-content\/uploads\/2025\/06\/captura-de-tela-2025-06-26-as-11.02.16.png?fit=1062%2C710&ssl=1","keywords":["acu\u00f1a","bastoni","esposito","inter mil\u00e3o 2 a 0 river plate","mundial de clubes oitavas"],"articleSection":["informa\u00e7\u00e3o","mundial de clubes 2025","v\u00eddeos"],"inLanguage":"pt-BR","potentialAction":[{"@type":"CommentAction","name":"Comment","target":["https:\/\/blogdoprosperi.com\/?p=51959#respond"]}]},{"@type":"WebPage","@id":"https:\/\/blogdoprosperi.com\/?p=51959","url":"https:\/\/blogdoprosperi.com\/?p=51959","name":"Mundial de Clubes | V\u00eddeo: Inter Mil\u00e3o 2 a 0 River Plate \u2013 Melhores Momentos - PR\u00d3SPERI NEWS","isPartOf":{"@id":"https:\/\/blogdoprosperi.com\/#website"},"primaryImageOfPage":{"@id":"https:\/\/blogdoprosperi.com\/?p=51959#primaryimage"},"image":{"@id":"https:\/\/blogdoprosperi.com\/?p=51959#primaryimage"},"thumbnailUrl":"https:\/\/i0.wp.com\/blogdoprosperi.com\/wp-content\/uploads\/2025\/06\/captura-de-tela-2025-06-26-as-11.02.16.png?fit=1062%2C710&ssl=1","datePublished":"2025-06-26T14:06:51+00:00","breadcrumb":{"@id":"https:\/\/blogdoprosperi.com\/?p=51959#breadcrumb"},"inLanguage":"pt-BR","potentialAction":[{"@type":"ReadAction","target":["https:\/\/blogdoprosperi.com\/?p=51959"]}]},{"@type":"ImageObject","inLanguage":"pt-BR","@id":"https:\/\/blogdoprosperi.com\/?p=51959#primaryimage","url":"https:\/\/i0.wp.com\/blogdoprosperi.com\/wp-content\/uploads\/2025\/06\/captura-de-tela-2025-06-26-as-11.02.16.png?fit=1062%2C710&ssl=1","contentUrl":"https:\/\/i0.wp.com\/blogdoprosperi.com\/wp-content\/uploads\/2025\/06\/captura-de-tela-2025-06-26-as-11.02.16.png?fit=1062%2C710&ssl=1","width":1062,"height":710,"caption":"Jogadores da Inter Mil\u00e3o celebram vaga nas oitavas \u2013 foto: Fifa oficial"},{"@type":"BreadcrumbList","@id":"https:\/\/blogdoprosperi.com\/?p=51959#breadcrumb","itemListElement":[{"@type":"ListItem","position":1,"name":"In\u00edcio","item":"https:\/\/blogdoprosperi.com\/"},{"@type":"ListItem","position":2,"name":"Mundial de Clubes | V\u00eddeo: Inter Mil\u00e3o 2 a 0 River Plate \u2013 Melhores Momentos"}]},{"@type":"WebSite","@id":"https:\/\/blogdoprosperi.com\/#website","url":"https:\/\/blogdoprosperi.com\/","name":"PR\u00d3SPERI NEWS","description":"TUDO \u00c9  FUTEBOL","publisher":{"@id":"https:\/\/blogdoprosperi.com\/#\/schema\/person\/38100755ce3601861ee4fab9b5aa78e9"},"alternateName":"blogdoprosperi.com","potentialAction":[{"@type":"SearchAction","target":{"@type":"EntryPoint","urlTemplate":"https:\/\/blogdoprosperi.com\/?s={search_term_string}"},"query-input":{"@type":"PropertyValueSpecification","valueRequired":true,"valueName":"search_term_string"}}],"inLanguage":"pt-BR"},{"@type":["Person","Organization"],"@id":"https:\/\/blogdoprosperi.com\/#\/schema\/person\/38100755ce3601861ee4fab9b5aa78e9","name":"Luiz Ant\u00f4nio Pr\u00f3speri","pronouns":"ele","image":{"@type":"ImageObject","inLanguage":"pt-BR","@id":"https:\/\/i0.wp.com\/blogdoprosperi.com\/wp-content\/uploads\/2026\/05\/cropped-8059e613-6002-42fa-961e-8e275f575d71-2-5.jpg?fit=1360%2C931&ssl=1","url":"https:\/\/i0.wp.com\/blogdoprosperi.com\/wp-content\/uploads\/2026\/05\/cropped-8059e613-6002-42fa-961e-8e275f575d71-2-5.jpg?fit=1360%2C931&ssl=1","contentUrl":"https:\/\/i0.wp.com\/blogdoprosperi.com\/wp-content\/uploads\/2026\/05\/cropped-8059e613-6002-42fa-961e-8e275f575d71-2-5.jpg?fit=1360%2C931&ssl=1","width":1360,"height":931,"caption":"Luiz Ant\u00f4nio Pr\u00f3speri"},"logo":{"@id":"https:\/\/i0.wp.com\/blogdoprosperi.com\/wp-content\/uploads\/2026\/05\/cropped-8059e613-6002-42fa-961e-8e275f575d71-2-5.jpg?fit=1360%2C931&ssl=1"},"description":"Jornalista com carreira dedicada ao esporte. Cobriu 9 Copas do Mundo in loco, 1990 na It\u00e1lia, 1994 nos EUA, 1998 na Fran\u00e7a, 2002 na Coreia do Sul e Jap\u00e3o, 2006 na Alemanha, 2010 na \u00c1frica do Sul, 2014 no Brasil, 2018 na R\u00fassia e 2022 no Qatar. Eurocopas, 1992 na Su\u00e9cia e 1996 na Inglaterra. Copa das Confedera\u00e7\u00f5es de 2005 na Alemanha e 2009 na \u00c1frica do Sul. Rep\u00f3rter e Editor, trabalhou no Jornal da Tarde e Estad\u00e3o, de 1984 a fevereiro de 2016. Colunista, blogueiro. E comentarista de futebol na R\u00e1dio Estad\u00e3o, de 2013 a fevereiro de 2016. Jornalista respons\u00e1vel do \"Pr\u00f3speri News\" (blogdoprosperi.com).","sameAs":["http:\/\/blogdoprosperi.com","Luiz Pr\u00f3speri","@luiz_prosperi","https:\/\/x.com\/Luizprosperi","@prosperinacopa","luiz.prosperi@icloud.com"],"url":"https:\/\/blogdoprosperi.com\/?author=102107496"}]}},"jetpack_publicize_connections":[],"jetpack_likes_enabled":false,"jetpack_sharing_enabled":true,"jetpack_shortlink":"https:\/\/wp.me\/p7jvdk-dw3","jetpack-related-posts":[{"id":51372,"url":"https:\/\/blogdoprosperi.com\/?p=51372","url_meta":{"origin":51959,"position":0},"title":"Mundial de Clubes | V\u00eddeo: Monterrey 1 a 1 Inter de Mil\u00e3o \u2013 Melhores Momentos","author":"Luiz Ant\u00f4nio Pr\u00f3speri","date":"18 de junho de 2025","format":false,"excerpt":"Acompanhe melhores momentos de Monterrey 1 a 1 Inter de Mil\u00e3o. V\u00eddeo oficial Fifa; Clique aqui: https:\/\/www.fifa.com\/pt\/watch\/7wu1ALFL9wBObLmC4t7AIz Relat\u00f3rio Fifa \u2013 Internazionale de Mil\u00e3o \u00e9 mais um time europeu a sair de campo em sua estreia pelo Mundial de Clubes da FIFA 2025\u2122 tendo de se contentar com o empate. E,\u2026","rel":"","context":"Em &quot;informa\u00e7\u00e3o&quot;","block_context":{"text":"informa\u00e7\u00e3o","link":"https:\/\/blogdoprosperi.com\/?cat=20384"},"img":{"alt_text":"Monterrey 1 a 1 Inter Mil\u00e3o \u2013 Lautaro cercado de mexicanos","src":"https:\/\/i0.wp.com\/blogdoprosperi.com\/wp-content\/uploads\/2025\/06\/cf-monterrey-v-fc-internazionale-milano-group-e-fifa-club-world-cup-2025.webp?fit=1200%2C711&ssl=1&resize=350%2C200","width":350,"height":200,"srcset":"https:\/\/i0.wp.com\/blogdoprosperi.com\/wp-content\/uploads\/2025\/06\/cf-monterrey-v-fc-internazionale-milano-group-e-fifa-club-world-cup-2025.webp?fit=1200%2C711&ssl=1&resize=350%2C200 1x, https:\/\/i0.wp.com\/blogdoprosperi.com\/wp-content\/uploads\/2025\/06\/cf-monterrey-v-fc-internazionale-milano-group-e-fifa-club-world-cup-2025.webp?fit=1200%2C711&ssl=1&resize=525%2C300 1.5x, https:\/\/i0.wp.com\/blogdoprosperi.com\/wp-content\/uploads\/2025\/06\/cf-monterrey-v-fc-internazionale-milano-group-e-fifa-club-world-cup-2025.webp?fit=1200%2C711&ssl=1&resize=700%2C400 2x, https:\/\/i0.wp.com\/blogdoprosperi.com\/wp-content\/uploads\/2025\/06\/cf-monterrey-v-fc-internazionale-milano-group-e-fifa-club-world-cup-2025.webp?fit=1200%2C711&ssl=1&resize=1050%2C600 3x"},"classes":[]},{"id":52050,"url":"https:\/\/blogdoprosperi.com\/?p=52050","url_meta":{"origin":51959,"position":1},"title":"Mundial de Clubes | V\u00eddeo: Real Madrid 3 a 0 Salzburg \u2013 Melhores Momentos","author":"Luiz Ant\u00f4nio Pr\u00f3speri","date":"27 de junho de 2025","format":false,"excerpt":"Show de Vini Jr. Acompanhe melhores momentos de Real Madrid 3 a 0 Salzburg. Real se classifica em primeiro no Grupo H e vai enfrentar a Juventus nas oitavas do Mundial de Clubes. V\u00eddeo oficial Fifa: Clique aqui: https:\/\/www.fifa.com\/pt\/watch\/5oHlQVAnZQix4Kh5DkVmIM Acompanhe melhores momentos de Al Hilal 2 x 0 Pachuca. Al\u2026","rel":"","context":"Em &quot;futebol&quot;","block_context":{"text":"futebol","link":"https:\/\/blogdoprosperi.com\/?cat=53870"},"img":{"alt_text":"Vini Jr show","src":"https:\/\/i0.wp.com\/blogdoprosperi.com\/wp-content\/uploads\/2025\/06\/captura-de-tela-2025-06-27-as-06.50.48.png?fit=1200%2C716&ssl=1&resize=350%2C200","width":350,"height":200,"srcset":"https:\/\/i0.wp.com\/blogdoprosperi.com\/wp-content\/uploads\/2025\/06\/captura-de-tela-2025-06-27-as-06.50.48.png?fit=1200%2C716&ssl=1&resize=350%2C200 1x, https:\/\/i0.wp.com\/blogdoprosperi.com\/wp-content\/uploads\/2025\/06\/captura-de-tela-2025-06-27-as-06.50.48.png?fit=1200%2C716&ssl=1&resize=525%2C300 1.5x, https:\/\/i0.wp.com\/blogdoprosperi.com\/wp-content\/uploads\/2025\/06\/captura-de-tela-2025-06-27-as-06.50.48.png?fit=1200%2C716&ssl=1&resize=700%2C400 2x, https:\/\/i0.wp.com\/blogdoprosperi.com\/wp-content\/uploads\/2025\/06\/captura-de-tela-2025-06-27-as-06.50.48.png?fit=1200%2C716&ssl=1&resize=1050%2C600 3x"},"classes":[]},{"id":51817,"url":"https:\/\/blogdoprosperi.com\/?p=51817","url_meta":{"origin":51959,"position":2},"title":"Mundial de Clubes | V\u00eddeo:  Palmeiras 2 a 2 Inter Miami \u2013 Melhores Momentos","author":"Luiz Ant\u00f4nio Pr\u00f3speri","date":"24 de junho de 2025","format":false,"excerpt":"Acompanhe os melhores momentos de Palmeiras 2 a 2 Inter Miami. Palmeiras se classifica em primeiro no Grupo A, Inter de Messi, em segundo. V\u00eddeo oficial Fifa: Clique aqui: https:\/\/www.fifa.com\/pt\/watch\/7uh10CA3Xov9jiW4O5nZxT","rel":"","context":"Em &quot;futebol&quot;","block_context":{"text":"futebol","link":"https:\/\/blogdoprosperi.com\/?cat=53870"},"img":{"alt_text":"Palmeiras 2 a 2 Inter Miami \u2013 Mundial de Clubes","src":"https:\/\/i0.wp.com\/blogdoprosperi.com\/wp-content\/uploads\/2025\/06\/captura-de-tela-2025-06-24-as-10.51.29.png?fit=1200%2C727&ssl=1&resize=350%2C200","width":350,"height":200,"srcset":"https:\/\/i0.wp.com\/blogdoprosperi.com\/wp-content\/uploads\/2025\/06\/captura-de-tela-2025-06-24-as-10.51.29.png?fit=1200%2C727&ssl=1&resize=350%2C200 1x, https:\/\/i0.wp.com\/blogdoprosperi.com\/wp-content\/uploads\/2025\/06\/captura-de-tela-2025-06-24-as-10.51.29.png?fit=1200%2C727&ssl=1&resize=525%2C300 1.5x, https:\/\/i0.wp.com\/blogdoprosperi.com\/wp-content\/uploads\/2025\/06\/captura-de-tela-2025-06-24-as-10.51.29.png?fit=1200%2C727&ssl=1&resize=700%2C400 2x, https:\/\/i0.wp.com\/blogdoprosperi.com\/wp-content\/uploads\/2025\/06\/captura-de-tela-2025-06-24-as-10.51.29.png?fit=1200%2C727&ssl=1&resize=1050%2C600 3x"},"classes":[]},{"id":51927,"url":"https:\/\/blogdoprosperi.com\/?p=51927","url_meta":{"origin":51959,"position":3},"title":"Mundial de Clubes | V\u00eddeo: Fluminense 0 a 0 Mamelodi \u2013 Melhores Momentos","author":"Luiz Ant\u00f4nio Pr\u00f3speri","date":"25 de junho de 2025","format":false,"excerpt":"Acompanhe melhores momentos de Fluminense 0 a 0 Mamelodi. Flu se classifica em segundo lugar do Grupo F \u00e0s oitavas de final do Mundial de Clubes. V\u00eddeo oficial Fifa: Clique aqui: https:\/\/www.fifa.com\/pt\/watch\/4kDs4wa8oa9jgnRqGywLYG Acompanhe melhores momentos de Borussia 1 a 0 Ulsan. Resultado classifica o Borussia em primeiro lugar do Grupo\u2026","rel":"","context":"Em &quot;futebol&quot;","block_context":{"text":"futebol","link":"https:\/\/blogdoprosperi.com\/?cat=53870"},"img":{"alt_text":"","src":"https:\/\/i0.wp.com\/blogdoprosperi.com\/wp-content\/uploads\/2025\/06\/captura-de-tela-2025-06-25-as-19.39.35.png?fit=1144%2C766&ssl=1&resize=350%2C200","width":350,"height":200,"srcset":"https:\/\/i0.wp.com\/blogdoprosperi.com\/wp-content\/uploads\/2025\/06\/captura-de-tela-2025-06-25-as-19.39.35.png?fit=1144%2C766&ssl=1&resize=350%2C200 1x, https:\/\/i0.wp.com\/blogdoprosperi.com\/wp-content\/uploads\/2025\/06\/captura-de-tela-2025-06-25-as-19.39.35.png?fit=1144%2C766&ssl=1&resize=525%2C300 1.5x, https:\/\/i0.wp.com\/blogdoprosperi.com\/wp-content\/uploads\/2025\/06\/captura-de-tela-2025-06-25-as-19.39.35.png?fit=1144%2C766&ssl=1&resize=700%2C400 2x, https:\/\/i0.wp.com\/blogdoprosperi.com\/wp-content\/uploads\/2025\/06\/captura-de-tela-2025-06-25-as-19.39.35.png?fit=1144%2C766&ssl=1&resize=1050%2C600 3x"},"classes":[]},{"id":52245,"url":"https:\/\/blogdoprosperi.com\/?p=52245","url_meta":{"origin":51959,"position":4},"title":"Mundial de Clubes | V\u00eddeo: Fluminense 2 a 0 Inter Mil\u00e3o \u2013 Melhores Momentos","author":"Luiz Ant\u00f4nio Pr\u00f3speri","date":"30 de junho de 2025","format":false,"excerpt":"Acompanhe os melhores momentos de Fluminense 2 a 0 Inter Mil\u00e3o. Flu passa \u00e0s quartas de final do Mundial de Clubes e enfrenta vencedor de Manchester City x Al Hilal. V\u00eddeo oficial Fifa: Clique aqui: https:\/\/www.fifa.com\/pt\/watch\/4YQ22mOqDwVhAP8peoPhbk \u00a0","rel":"","context":"Em &quot;informa\u00e7\u00e3o&quot;","block_context":{"text":"informa\u00e7\u00e3o","link":"https:\/\/blogdoprosperi.com\/?cat=20384"},"img":{"alt_text":"Fluminense vence Inter Mil\u00e3o e vai \u00e0s quartas do Mundial de Clubes","src":"https:\/\/i0.wp.com\/blogdoprosperi.com\/wp-content\/uploads\/2025\/06\/54624743321_b2573d22bd_c.jpg?fit=799%2C533&ssl=1&resize=350%2C200","width":350,"height":200,"srcset":"https:\/\/i0.wp.com\/blogdoprosperi.com\/wp-content\/uploads\/2025\/06\/54624743321_b2573d22bd_c.jpg?fit=799%2C533&ssl=1&resize=350%2C200 1x, https:\/\/i0.wp.com\/blogdoprosperi.com\/wp-content\/uploads\/2025\/06\/54624743321_b2573d22bd_c.jpg?fit=799%2C533&ssl=1&resize=525%2C300 1.5x, https:\/\/i0.wp.com\/blogdoprosperi.com\/wp-content\/uploads\/2025\/06\/54624743321_b2573d22bd_c.jpg?fit=799%2C533&ssl=1&resize=700%2C400 2x"},"classes":[]},{"id":51864,"url":"https:\/\/blogdoprosperi.com\/?p=51864","url_meta":{"origin":51959,"position":5},"title":"Mundial de Clubes | V\u00eddeo: Benfica 1 a 0 Bayern Munique \u2013 Melhores Momentos","author":"Luiz Ant\u00f4nio Pr\u00f3speri","date":"24 de junho de 2025","format":false,"excerpt":"Acompanhe melhores momentos de. Benfica 1 a 0 Bayern Munique. Vit\u00f3ria garante ao Benfica primeiro lugar do grupo e joga Bayern no colo do Flamengo nas oitavas do Mundial de Clubes. V\u00eddeo oficial Fifa: Clique aqui: https:\/\/www.fifa.com\/pt\/watch\/7AFBr4t2sgpcSVo0eAXjWN Ensaio das Oitavas do Mundial \u00a0","rel":"","context":"Em &quot;futebol&quot;","block_context":{"text":"futebol","link":"https:\/\/blogdoprosperi.com\/?cat=53870"},"img":{"alt_text":"Bayern perde do. Benfica e pega Flamengo nas oitavas","src":"https:\/\/i0.wp.com\/blogdoprosperi.com\/wp-content\/uploads\/2025\/06\/captura-de-tela-2025-06-24-as-19.51.34.png?fit=1200%2C874&ssl=1&resize=350%2C200","width":350,"height":200,"srcset":"https:\/\/i0.wp.com\/blogdoprosperi.com\/wp-content\/uploads\/2025\/06\/captura-de-tela-2025-06-24-as-19.51.34.png?fit=1200%2C874&ssl=1&resize=350%2C200 1x, https:\/\/i0.wp.com\/blogdoprosperi.com\/wp-content\/uploads\/2025\/06\/captura-de-tela-2025-06-24-as-19.51.34.png?fit=1200%2C874&ssl=1&resize=525%2C300 1.5x, https:\/\/i0.wp.com\/blogdoprosperi.com\/wp-content\/uploads\/2025\/06\/captura-de-tela-2025-06-24-as-19.51.34.png?fit=1200%2C874&ssl=1&resize=700%2C400 2x, https:\/\/i0.wp.com\/blogdoprosperi.com\/wp-content\/uploads\/2025\/06\/captura-de-tela-2025-06-24-as-19.51.34.png?fit=1200%2C874&ssl=1&resize=1050%2C600 3x"},"classes":[]}],"jetpack_featured_media_url":"https:\/\/i0.wp.com\/blogdoprosperi.com\/wp-content\/uploads\/2025\/06\/captura-de-tela-2025-06-26-as-11.02.16.png?fit=1062%2C710&ssl=1","_links":{"self":[{"href":"https:\/\/blogdoprosperi.com\/index.php?rest_route=\/wp\/v2\/posts\/51959","targetHints":{"allow":["GET"]}}],"collection":[{"href":"https:\/\/blogdoprosperi.com\/index.php?rest_route=\/wp\/v2\/posts"}],"about":[{"href":"https:\/\/blogdoprosperi.com\/index.php?rest_route=\/wp\/v2\/types\/post"}],"author":[{"embeddable":true,"href":"https:\/\/blogdoprosperi.com\/index.php?rest_route=\/wp\/v2\/users\/102107496"}],"replies":[{"embeddable":true,"href":"https:\/\/blogdoprosperi.com\/index.php?rest_route=%2Fwp%2Fv2%2Fcomments&post=51959"}],"version-history":[{"count":7,"href":"https:\/\/blogdoprosperi.com\/index.php?rest_route=\/wp\/v2\/posts\/51959\/revisions"}],"predecessor-version":[{"id":51968,"href":"https:\/\/blogdoprosperi.com\/index.php?rest_route=\/wp\/v2\/posts\/51959\/revisions\/51968"}],"wp:featuredmedia":[{"embeddable":true,"href":"https:\/\/blogdoprosperi.com\/index.php?rest_route=\/wp\/v2\/media\/51965"}],"wp:attachment":[{"href":"https:\/\/blogdoprosperi.com\/index.php?rest_route=%2Fwp%2Fv2%2Fmedia&parent=51959"}],"wp:term":[{"taxonomy":"category","embeddable":true,"href":"https:\/\/blogdoprosperi.com\/index.php?rest_route=%2Fwp%2Fv2%2Fcategories&post=51959"},{"taxonomy":"post_tag","embeddable":true,"href":"https:\/\/blogdoprosperi.com\/index.php?rest_route=%2Fwp%2Fv2%2Ftags&post=51959"}],"curies":[{"name":"wp","href":"https:\/\/api.w.org\/{rel}","templated":true}]}}