{"id":52104,"date":"2025-06-28T17:47:43","date_gmt":"2025-06-28T20:47:43","guid":{"rendered":"https:\/\/blogdoprosperi.com\/?p=52104"},"modified":"2025-07-02T17:41:31","modified_gmt":"2025-07-02T20:41:31","slug":"palmeiras-vence-botafogo-na-prorrogacao-com-flechada-de-paulinho","status":"publish","type":"post","link":"https:\/\/blogdoprosperi.com\/?p=52104","title":{"rendered":"Palmeiras Vence Botafogo na Prorroga\u00e7\u00e3o com Flechada de Paulinho"},"content":{"rendered":"<p><em>Luiz Ant\u00f4nio Pr\u00f3speri \u2013 28 junho (17h42) \u2013 atualizado \u00e0s 21h32 &#8211;<\/em><\/p>\n<p>Palmeiras vence Botafogo na prorroga\u00e7\u00e3o e avan\u00e7a \u00e0s quartas de final do Mundial de Clubes. \u00c9pico. Mesmo de um confronto entre dois clubes brasileiros. Ultrapassada a barreira das oitavas, time de Abel Ferreira encara o Chelsea. Se continuar aplicado como vem sendo desde o in\u00edcio do Mundial, Palmeiras pode chegar \u00e0s semifinais onde, provavelmente, ter\u00e1 o Manchester City pela frente. A\u00ed a conversa \u00e9 com a hist\u00f3ria.<\/p>\n<p>Por enquanto, esse neg\u00f3cio de sonhar no futebol ainda n\u00e3o tem um cap\u00edtulo final. Palmeiras n\u00e3o est\u00e1 nesse Mundial para ao fim do torneio decretar: Palmeiras tem Mundial. N\u00e3o se trata desse Everest. E sim de um time resiliente, \u00e0s vezes camale\u00e3o. N\u00e3o tem tamanho poder nem a dimens\u00e3o de um Manchester City, um Real Madrid, PSG&#8230; Tem vontade e gana de vencer.<\/p>\n<p>Tanta vontade de vencer como ficou expl\u00edcito no jogo contra o Botafogo. Bem diferente da postura do advers\u00e1rio acovardado, ref\u00e9m da estrat\u00e9gia que havia funcionado contra o PSG. Palmeiras n\u00e3o \u00e9 o PSG. O Botafogo \u00e9 o atual campe\u00e3o da Am\u00e9rica, mas atuou como um time de bairro com medo de enfrentar um rival bem conhecido que, por duas vezes na temporada passada, triturou na Libertadores e Brasileir\u00e3o.<\/p>\n<p>Diante de tanta covardia do inimigo, Abel arma seu time com ataque r\u00e1pido e vers\u00e1til nos p\u00e9s de Estev\u00e3o, Vitor Roque e Maur\u00edcio e ainda tem ousadia de escalar o garoto Allan a dar suporte aos atacantes e ao lateral Giay. Empurrou o Bota ao campo de defesa.<\/p>\n<p>Quando os meninos pregaram, Abel lan\u00e7a dois atacantes mais parrudos \u2013 Luighi e Paulinho. Freia o \u00edmpeto do ataque e ganha no corpo a corpo e mais poder de decis\u00e3o. Gol de Paulinho na prorroga\u00e7\u00e3o diz tudo dessa arma\u00e7\u00e3o de Abel. Palmeiras vence com Paulinho.<\/p>\n<p>A vit\u00f3ria vem muito da transpira\u00e7\u00e3o e do jeito de ver o futebol. Abel ousa, Renato Paiva se agarra ao que um dia deu certo. Entendia que a hist\u00f3ria se repetiria. E se d\u00e1 mal.<\/p>\n<p>Nas quartas de final, Palmeiras n\u00e3o ter\u00e1 a defesa inteira \u2013 Gustavo Gomes, Murilo e Piquerez por suspens\u00e3o e les\u00e3o. Resta Giay.<\/p>\n<p>Se n\u00e3o tem a defesa plena, pode contar com Paulinho no m\u00e1ximo em 15 a 20 minutos m\u00e1gicos. At\u00e9 o limite de dor na canela avariada. Flecha certeira.<\/p>\n<p>&#8220;\u00c9 para isso que o Paulinho est\u00e1 aqui. Veio para jogar 15 minutos e decidir &#8220;, avisa Abel Ferreira.<\/p>\n","protected":false},"excerpt":{"rendered":"<p>Luiz Ant\u00f4nio Pr\u00f3speri \u2013 28 junho (17h42) \u2013 atualizado \u00e0s 21h32 &#8211; Palmeiras vence Botafogo na prorroga\u00e7\u00e3o e [&hellip;]<\/p>\n","protected":false},"author":102107496,"featured_media":52120,"comment_status":"open","ping_status":"open","sticky":false,"template":"","format":"standard","meta":{"_coblocks_attr":"","_coblocks_dimensions":"","_coblocks_responsive_height":"","_coblocks_accordion_ie_support":"","_jetpack_newsletter_access":"","_jetpack_dont_email_post_to_subs":false,"_jetpack_newsletter_tier_id":0,"_jetpack_memberships_contains_paywalled_content":false,"_wpcom_ai_launchpad_first_post":false,"_jetpack_feature_clip_id":0,"_jetpack_memberships_contains_paid_content":false,"footnotes":"","jetpack_publicize_message":"","jetpack_publicize_feature_enabled":true,"jetpack_social_post_already_shared":false,"jetpack_social_options":{"image_generator_settings":{"template":"highway","default_image_id":0,"font":"","enabled":false},"version":2},"jetpack_post_was_ever_published":false},"categories":[53870,551766],"tags":[4200771,789560560,789560568,782219725,782219726,4799649],"class_list":["post-52104","post","type-post","status-publish","format-standard","has-post-thumbnail","hentry","category-futebol","category-mundial-de-clubes","tag-abel-ferreira","tag-futebol","tag-mundial-de-clubes","tag-palmeiras-1-a-0-botafog","tag-palmeiras-nas-quartas-mundial","tag-paulinho"],"yoast_head":"<!-- This site is optimized with the Yoast SEO plugin v28.3 - https:\/\/yoast.com\/product\/yoast-seo-wordpress\/ -->\n<title>Palmeiras Vence Botafogo na Prorroga\u00e7\u00e3o com Flechada de Paulinho - PR\u00d3SPERI NEWS<\/title>\n<meta name=\"robots\" content=\"index, follow, max-snippet:-1, max-image-preview:large, max-video-preview:-1\" \/>\n<link rel=\"canonical\" href=\"https:\/\/blogdoprosperi.com\/?p=52104\" \/>\n<meta property=\"og:locale\" content=\"pt_BR\" \/>\n<meta property=\"og:type\" content=\"article\" \/>\n<meta property=\"og:title\" content=\"Palmeiras Vence Botafogo na Prorroga\u00e7\u00e3o com Flechada de Paulinho - PR\u00d3SPERI NEWS\" \/>\n<meta property=\"og:description\" content=\"Luiz Ant\u00f4nio Pr\u00f3speri \u2013 28 junho (17h42) \u2013 atualizado \u00e0s 21h32 &#8211; Palmeiras vence Botafogo na prorroga\u00e7\u00e3o e [&hellip;]\" \/>\n<meta property=\"og:url\" content=\"https:\/\/blogdoprosperi.com\/?p=52104\" \/>\n<meta property=\"og:site_name\" content=\"PR\u00d3SPERI NEWS\" \/>\n<meta property=\"article:publisher\" content=\"Luiz Pr\u00f3speri\" \/>\n<meta property=\"article:author\" content=\"Luiz Pr\u00f3speri\" \/>\n<meta property=\"article:published_time\" content=\"2025-06-28T20:47:43+00:00\" \/>\n<meta property=\"article:modified_time\" content=\"2025-07-02T20:41:31+00:00\" \/>\n<meta property=\"og:image\" content=\"https:\/\/i0.wp.com\/blogdoprosperi.com\/wp-content\/uploads\/2025\/06\/captura-de-tela-2025-06-28-as-17.03.14.png?fit=1062%2C526&ssl=1\" \/>\n\t<meta property=\"og:image:width\" content=\"1062\" \/>\n\t<meta property=\"og:image:height\" content=\"526\" \/>\n\t<meta property=\"og:image:type\" content=\"image\/png\" \/>\n<meta name=\"author\" content=\"Luiz Ant\u00f4nio Pr\u00f3speri\" \/>\n<meta name=\"twitter:card\" content=\"summary_large_image\" \/>\n<meta name=\"twitter:creator\" content=\"@Luizprosperi\" \/>\n<meta name=\"twitter:site\" content=\"@Luizprosperi\" \/>\n<meta name=\"twitter:label1\" content=\"Escrito por\" \/>\n\t<meta name=\"twitter:data1\" content=\"Luiz Ant\u00f4nio Pr\u00f3speri\" \/>\n\t<meta name=\"twitter:label2\" content=\"Est. tempo de leitura\" \/>\n\t<meta name=\"twitter:data2\" content=\"2 minutos\" \/>\n<script type=\"application\/ld+json\" class=\"yoast-schema-graph\">{\"@context\":\"https:\\\/\\\/schema.org\",\"@graph\":[{\"@type\":\"Article\",\"@id\":\"https:\\\/\\\/blogdoprosperi.com\\\/?p=52104#article\",\"isPartOf\":{\"@id\":\"https:\\\/\\\/blogdoprosperi.com\\\/?p=52104\"},\"author\":{\"name\":\"Luiz Ant\u00f4nio Pr\u00f3speri\",\"@id\":\"https:\\\/\\\/blogdoprosperi.com\\\/#\\\/schema\\\/person\\\/38100755ce3601861ee4fab9b5aa78e9\"},\"headline\":\"Palmeiras Vence Botafogo na Prorroga\u00e7\u00e3o com Flechada de Paulinho\",\"datePublished\":\"2025-06-28T20:47:43+00:00\",\"dateModified\":\"2025-07-02T20:41:31+00:00\",\"mainEntityOfPage\":{\"@id\":\"https:\\\/\\\/blogdoprosperi.com\\\/?p=52104\"},\"wordCount\":444,\"commentCount\":0,\"publisher\":{\"@id\":\"https:\\\/\\\/blogdoprosperi.com\\\/#\\\/schema\\\/person\\\/38100755ce3601861ee4fab9b5aa78e9\"},\"image\":{\"@id\":\"https:\\\/\\\/blogdoprosperi.com\\\/?p=52104#primaryimage\"},\"thumbnailUrl\":\"https:\\\/\\\/i0.wp.com\\\/blogdoprosperi.com\\\/wp-content\\\/uploads\\\/2025\\\/06\\\/captura-de-tela-2025-06-28-as-17.03.14.png?fit=1062%2C526&ssl=1\",\"keywords\":[\"abel ferreira\",\"futebol\",\"Mundial de Clubes\",\"palmeiras 1 a 0 botafog\",\"palmeiras nas quartas mundial\",\"Paulinho\"],\"articleSection\":[\"futebol\",\"Mundial de Clubes\"],\"inLanguage\":\"pt-BR\",\"potentialAction\":[{\"@type\":\"CommentAction\",\"name\":\"Comment\",\"target\":[\"https:\\\/\\\/blogdoprosperi.com\\\/?p=52104#respond\"]}]},{\"@type\":\"WebPage\",\"@id\":\"https:\\\/\\\/blogdoprosperi.com\\\/?p=52104\",\"url\":\"https:\\\/\\\/blogdoprosperi.com\\\/?p=52104\",\"name\":\"Palmeiras Vence Botafogo na Prorroga\u00e7\u00e3o com Flechada de Paulinho - PR\u00d3SPERI NEWS\",\"isPartOf\":{\"@id\":\"https:\\\/\\\/blogdoprosperi.com\\\/#website\"},\"primaryImageOfPage\":{\"@id\":\"https:\\\/\\\/blogdoprosperi.com\\\/?p=52104#primaryimage\"},\"image\":{\"@id\":\"https:\\\/\\\/blogdoprosperi.com\\\/?p=52104#primaryimage\"},\"thumbnailUrl\":\"https:\\\/\\\/i0.wp.com\\\/blogdoprosperi.com\\\/wp-content\\\/uploads\\\/2025\\\/06\\\/captura-de-tela-2025-06-28-as-17.03.14.png?fit=1062%2C526&ssl=1\",\"datePublished\":\"2025-06-28T20:47:43+00:00\",\"dateModified\":\"2025-07-02T20:41:31+00:00\",\"breadcrumb\":{\"@id\":\"https:\\\/\\\/blogdoprosperi.com\\\/?p=52104#breadcrumb\"},\"inLanguage\":\"pt-BR\",\"potentialAction\":[{\"@type\":\"ReadAction\",\"target\":[\"https:\\\/\\\/blogdoprosperi.com\\\/?p=52104\"]}]},{\"@type\":\"ImageObject\",\"inLanguage\":\"pt-BR\",\"@id\":\"https:\\\/\\\/blogdoprosperi.com\\\/?p=52104#primaryimage\",\"url\":\"https:\\\/\\\/i0.wp.com\\\/blogdoprosperi.com\\\/wp-content\\\/uploads\\\/2025\\\/06\\\/captura-de-tela-2025-06-28-as-17.03.14.png?fit=1062%2C526&ssl=1\",\"contentUrl\":\"https:\\\/\\\/i0.wp.com\\\/blogdoprosperi.com\\\/wp-content\\\/uploads\\\/2025\\\/06\\\/captura-de-tela-2025-06-28-as-17.03.14.png?fit=1062%2C526&ssl=1\",\"width\":1062,\"height\":526,\"caption\":\"Paulinho leva Palmeiras \u00e0s quartas\"},{\"@type\":\"BreadcrumbList\",\"@id\":\"https:\\\/\\\/blogdoprosperi.com\\\/?p=52104#breadcrumb\",\"itemListElement\":[{\"@type\":\"ListItem\",\"position\":1,\"name\":\"In\u00edcio\",\"item\":\"https:\\\/\\\/blogdoprosperi.com\\\/\"},{\"@type\":\"ListItem\",\"position\":2,\"name\":\"Palmeiras Vence Botafogo na Prorroga\u00e7\u00e3o com Flechada de Paulinho\"}]},{\"@type\":\"WebSite\",\"@id\":\"https:\\\/\\\/blogdoprosperi.com\\\/#website\",\"url\":\"https:\\\/\\\/blogdoprosperi.com\\\/\",\"name\":\"PR\u00d3SPERI NEWS\",\"description\":\"TUDO \u00c9  FUTEBOL\",\"publisher\":{\"@id\":\"https:\\\/\\\/blogdoprosperi.com\\\/#\\\/schema\\\/person\\\/38100755ce3601861ee4fab9b5aa78e9\"},\"alternateName\":\"blogdoprosperi.com\",\"potentialAction\":[{\"@type\":\"SearchAction\",\"target\":{\"@type\":\"EntryPoint\",\"urlTemplate\":\"https:\\\/\\\/blogdoprosperi.com\\\/?s={search_term_string}\"},\"query-input\":{\"@type\":\"PropertyValueSpecification\",\"valueRequired\":true,\"valueName\":\"search_term_string\"}}],\"inLanguage\":\"pt-BR\"},{\"@type\":[\"Person\",\"Organization\"],\"@id\":\"https:\\\/\\\/blogdoprosperi.com\\\/#\\\/schema\\\/person\\\/38100755ce3601861ee4fab9b5aa78e9\",\"name\":\"Luiz Ant\u00f4nio Pr\u00f3speri\",\"pronouns\":\"ele\",\"image\":{\"@type\":\"ImageObject\",\"inLanguage\":\"pt-BR\",\"@id\":\"https:\\\/\\\/i0.wp.com\\\/blogdoprosperi.com\\\/wp-content\\\/uploads\\\/2026\\\/05\\\/cropped-8059e613-6002-42fa-961e-8e275f575d71-2-5.jpg?fit=1360%2C931&ssl=1\",\"url\":\"https:\\\/\\\/i0.wp.com\\\/blogdoprosperi.com\\\/wp-content\\\/uploads\\\/2026\\\/05\\\/cropped-8059e613-6002-42fa-961e-8e275f575d71-2-5.jpg?fit=1360%2C931&ssl=1\",\"contentUrl\":\"https:\\\/\\\/i0.wp.com\\\/blogdoprosperi.com\\\/wp-content\\\/uploads\\\/2026\\\/05\\\/cropped-8059e613-6002-42fa-961e-8e275f575d71-2-5.jpg?fit=1360%2C931&ssl=1\",\"width\":1360,\"height\":931,\"caption\":\"Luiz Ant\u00f4nio Pr\u00f3speri\"},\"logo\":{\"@id\":\"https:\\\/\\\/i0.wp.com\\\/blogdoprosperi.com\\\/wp-content\\\/uploads\\\/2026\\\/05\\\/cropped-8059e613-6002-42fa-961e-8e275f575d71-2-5.jpg?fit=1360%2C931&ssl=1\"},\"description\":\"Jornalista com carreira dedicada ao esporte. Cobriu 9 Copas do Mundo in loco, 1990 na It\u00e1lia, 1994 nos EUA, 1998 na Fran\u00e7a, 2002 na Coreia do Sul e Jap\u00e3o, 2006 na Alemanha, 2010 na \u00c1frica do Sul, 2014 no Brasil, 2018 na R\u00fassia e 2022 no Qatar. Eurocopas, 1992 na Su\u00e9cia e 1996 na Inglaterra. Copa das Confedera\u00e7\u00f5es de 2005 na Alemanha e 2009 na \u00c1frica do Sul. Rep\u00f3rter e Editor, trabalhou no Jornal da Tarde e Estad\u00e3o, de 1984 a fevereiro de 2016. Colunista, blogueiro. E comentarista de futebol na R\u00e1dio Estad\u00e3o, de 2013 a fevereiro de 2016. Jornalista respons\u00e1vel do \\\"Pr\u00f3speri News\\\" (blogdoprosperi.com).\",\"sameAs\":[\"http:\\\/\\\/blogdoprosperi.com\",\"Luiz Pr\u00f3speri\",\"@luiz_prosperi\",\"https:\\\/\\\/x.com\\\/Luizprosperi\",\"@prosperinacopa\",\"luiz.prosperi@icloud.com\"],\"url\":\"https:\\\/\\\/blogdoprosperi.com\\\/?author=102107496\"}]}<\/script>\n<!-- \/ Yoast SEO plugin. -->","yoast_head_json":{"title":"Palmeiras Vence Botafogo na Prorroga\u00e7\u00e3o com Flechada de Paulinho - PR\u00d3SPERI NEWS","robots":{"index":"index","follow":"follow","max-snippet":"max-snippet:-1","max-image-preview":"max-image-preview:large","max-video-preview":"max-video-preview:-1"},"canonical":"https:\/\/blogdoprosperi.com\/?p=52104","og_locale":"pt_BR","og_type":"article","og_title":"Palmeiras Vence Botafogo na Prorroga\u00e7\u00e3o com Flechada de Paulinho - PR\u00d3SPERI NEWS","og_description":"Luiz Ant\u00f4nio Pr\u00f3speri \u2013 28 junho (17h42) \u2013 atualizado \u00e0s 21h32 &#8211; Palmeiras vence Botafogo na prorroga\u00e7\u00e3o e [&hellip;]","og_url":"https:\/\/blogdoprosperi.com\/?p=52104","og_site_name":"PR\u00d3SPERI NEWS","article_publisher":"Luiz Pr\u00f3speri","article_author":"Luiz Pr\u00f3speri","article_published_time":"2025-06-28T20:47:43+00:00","article_modified_time":"2025-07-02T20:41:31+00:00","og_image":[{"width":1062,"height":526,"url":"https:\/\/i0.wp.com\/blogdoprosperi.com\/wp-content\/uploads\/2025\/06\/captura-de-tela-2025-06-28-as-17.03.14.png?fit=1062%2C526&ssl=1","type":"image\/png"}],"author":"Luiz Ant\u00f4nio Pr\u00f3speri","twitter_card":"summary_large_image","twitter_creator":"@Luizprosperi","twitter_site":"@Luizprosperi","twitter_misc":{"Escrito por":"Luiz Ant\u00f4nio Pr\u00f3speri","Est. tempo de leitura":"2 minutos"},"schema":{"@context":"https:\/\/schema.org","@graph":[{"@type":"Article","@id":"https:\/\/blogdoprosperi.com\/?p=52104#article","isPartOf":{"@id":"https:\/\/blogdoprosperi.com\/?p=52104"},"author":{"name":"Luiz Ant\u00f4nio Pr\u00f3speri","@id":"https:\/\/blogdoprosperi.com\/#\/schema\/person\/38100755ce3601861ee4fab9b5aa78e9"},"headline":"Palmeiras Vence Botafogo na Prorroga\u00e7\u00e3o com Flechada de Paulinho","datePublished":"2025-06-28T20:47:43+00:00","dateModified":"2025-07-02T20:41:31+00:00","mainEntityOfPage":{"@id":"https:\/\/blogdoprosperi.com\/?p=52104"},"wordCount":444,"commentCount":0,"publisher":{"@id":"https:\/\/blogdoprosperi.com\/#\/schema\/person\/38100755ce3601861ee4fab9b5aa78e9"},"image":{"@id":"https:\/\/blogdoprosperi.com\/?p=52104#primaryimage"},"thumbnailUrl":"https:\/\/i0.wp.com\/blogdoprosperi.com\/wp-content\/uploads\/2025\/06\/captura-de-tela-2025-06-28-as-17.03.14.png?fit=1062%2C526&ssl=1","keywords":["abel ferreira","futebol","Mundial de Clubes","palmeiras 1 a 0 botafog","palmeiras nas quartas mundial","Paulinho"],"articleSection":["futebol","Mundial de Clubes"],"inLanguage":"pt-BR","potentialAction":[{"@type":"CommentAction","name":"Comment","target":["https:\/\/blogdoprosperi.com\/?p=52104#respond"]}]},{"@type":"WebPage","@id":"https:\/\/blogdoprosperi.com\/?p=52104","url":"https:\/\/blogdoprosperi.com\/?p=52104","name":"Palmeiras Vence Botafogo na Prorroga\u00e7\u00e3o com Flechada de Paulinho - PR\u00d3SPERI NEWS","isPartOf":{"@id":"https:\/\/blogdoprosperi.com\/#website"},"primaryImageOfPage":{"@id":"https:\/\/blogdoprosperi.com\/?p=52104#primaryimage"},"image":{"@id":"https:\/\/blogdoprosperi.com\/?p=52104#primaryimage"},"thumbnailUrl":"https:\/\/i0.wp.com\/blogdoprosperi.com\/wp-content\/uploads\/2025\/06\/captura-de-tela-2025-06-28-as-17.03.14.png?fit=1062%2C526&ssl=1","datePublished":"2025-06-28T20:47:43+00:00","dateModified":"2025-07-02T20:41:31+00:00","breadcrumb":{"@id":"https:\/\/blogdoprosperi.com\/?p=52104#breadcrumb"},"inLanguage":"pt-BR","potentialAction":[{"@type":"ReadAction","target":["https:\/\/blogdoprosperi.com\/?p=52104"]}]},{"@type":"ImageObject","inLanguage":"pt-BR","@id":"https:\/\/blogdoprosperi.com\/?p=52104#primaryimage","url":"https:\/\/i0.wp.com\/blogdoprosperi.com\/wp-content\/uploads\/2025\/06\/captura-de-tela-2025-06-28-as-17.03.14.png?fit=1062%2C526&ssl=1","contentUrl":"https:\/\/i0.wp.com\/blogdoprosperi.com\/wp-content\/uploads\/2025\/06\/captura-de-tela-2025-06-28-as-17.03.14.png?fit=1062%2C526&ssl=1","width":1062,"height":526,"caption":"Paulinho leva Palmeiras \u00e0s quartas"},{"@type":"BreadcrumbList","@id":"https:\/\/blogdoprosperi.com\/?p=52104#breadcrumb","itemListElement":[{"@type":"ListItem","position":1,"name":"In\u00edcio","item":"https:\/\/blogdoprosperi.com\/"},{"@type":"ListItem","position":2,"name":"Palmeiras Vence Botafogo na Prorroga\u00e7\u00e3o com Flechada de Paulinho"}]},{"@type":"WebSite","@id":"https:\/\/blogdoprosperi.com\/#website","url":"https:\/\/blogdoprosperi.com\/","name":"PR\u00d3SPERI NEWS","description":"TUDO \u00c9  FUTEBOL","publisher":{"@id":"https:\/\/blogdoprosperi.com\/#\/schema\/person\/38100755ce3601861ee4fab9b5aa78e9"},"alternateName":"blogdoprosperi.com","potentialAction":[{"@type":"SearchAction","target":{"@type":"EntryPoint","urlTemplate":"https:\/\/blogdoprosperi.com\/?s={search_term_string}"},"query-input":{"@type":"PropertyValueSpecification","valueRequired":true,"valueName":"search_term_string"}}],"inLanguage":"pt-BR"},{"@type":["Person","Organization"],"@id":"https:\/\/blogdoprosperi.com\/#\/schema\/person\/38100755ce3601861ee4fab9b5aa78e9","name":"Luiz Ant\u00f4nio Pr\u00f3speri","pronouns":"ele","image":{"@type":"ImageObject","inLanguage":"pt-BR","@id":"https:\/\/i0.wp.com\/blogdoprosperi.com\/wp-content\/uploads\/2026\/05\/cropped-8059e613-6002-42fa-961e-8e275f575d71-2-5.jpg?fit=1360%2C931&ssl=1","url":"https:\/\/i0.wp.com\/blogdoprosperi.com\/wp-content\/uploads\/2026\/05\/cropped-8059e613-6002-42fa-961e-8e275f575d71-2-5.jpg?fit=1360%2C931&ssl=1","contentUrl":"https:\/\/i0.wp.com\/blogdoprosperi.com\/wp-content\/uploads\/2026\/05\/cropped-8059e613-6002-42fa-961e-8e275f575d71-2-5.jpg?fit=1360%2C931&ssl=1","width":1360,"height":931,"caption":"Luiz Ant\u00f4nio Pr\u00f3speri"},"logo":{"@id":"https:\/\/i0.wp.com\/blogdoprosperi.com\/wp-content\/uploads\/2026\/05\/cropped-8059e613-6002-42fa-961e-8e275f575d71-2-5.jpg?fit=1360%2C931&ssl=1"},"description":"Jornalista com carreira dedicada ao esporte. Cobriu 9 Copas do Mundo in loco, 1990 na It\u00e1lia, 1994 nos EUA, 1998 na Fran\u00e7a, 2002 na Coreia do Sul e Jap\u00e3o, 2006 na Alemanha, 2010 na \u00c1frica do Sul, 2014 no Brasil, 2018 na R\u00fassia e 2022 no Qatar. Eurocopas, 1992 na Su\u00e9cia e 1996 na Inglaterra. Copa das Confedera\u00e7\u00f5es de 2005 na Alemanha e 2009 na \u00c1frica do Sul. Rep\u00f3rter e Editor, trabalhou no Jornal da Tarde e Estad\u00e3o, de 1984 a fevereiro de 2016. Colunista, blogueiro. E comentarista de futebol na R\u00e1dio Estad\u00e3o, de 2013 a fevereiro de 2016. Jornalista respons\u00e1vel do \"Pr\u00f3speri News\" (blogdoprosperi.com).","sameAs":["http:\/\/blogdoprosperi.com","Luiz Pr\u00f3speri","@luiz_prosperi","https:\/\/x.com\/Luizprosperi","@prosperinacopa","luiz.prosperi@icloud.com"],"url":"https:\/\/blogdoprosperi.com\/?author=102107496"}]}},"jetpack_publicize_connections":[],"jetpack_likes_enabled":false,"jetpack_sharing_enabled":true,"jetpack_shortlink":"https:\/\/wp.me\/p7jvdk-dyo","jetpack-related-posts":[{"id":52156,"url":"https:\/\/blogdoprosperi.com\/?p=52156","url_meta":{"origin":52104,"position":0},"title":"Mundial de Clubes | V\u00eddeo: Palmeiras 1 a 0 Botafogo \u2013 Melhores Momentos","author":"Luiz Ant\u00f4nio Pr\u00f3speri","date":"28 de junho de 2025","format":false,"excerpt":"Acompanhe melhores momentos de Palmeiras 1 a 0 Botafogo nas oitavas do Mundial de Clubes. Palmeiras avan\u00e7a \u00e0s quartas de final. V\u00eddeo oficial Fifa: Clique aqui: https:\/\/www.fifa.com\/pt\/watch\/304RBxwSo3IWqf3tgv1h9A","rel":"","context":"Em &quot;Fifa&quot;","block_context":{"text":"Fifa","link":"https:\/\/blogdoprosperi.com\/?cat=187969"},"img":{"alt_text":"","src":"https:\/\/i0.wp.com\/blogdoprosperi.com\/wp-content\/uploads\/2025\/06\/54620051713_45c7643a03_c.jpg?fit=800%2C450&ssl=1&resize=350%2C200","width":350,"height":200,"srcset":"https:\/\/i0.wp.com\/blogdoprosperi.com\/wp-content\/uploads\/2025\/06\/54620051713_45c7643a03_c.jpg?fit=800%2C450&ssl=1&resize=350%2C200 1x, https:\/\/i0.wp.com\/blogdoprosperi.com\/wp-content\/uploads\/2025\/06\/54620051713_45c7643a03_c.jpg?fit=800%2C450&ssl=1&resize=525%2C300 1.5x, https:\/\/i0.wp.com\/blogdoprosperi.com\/wp-content\/uploads\/2025\/06\/54620051713_45c7643a03_c.jpg?fit=800%2C450&ssl=1&resize=700%2C400 2x"},"classes":[]},{"id":51847,"url":"https:\/\/blogdoprosperi.com\/?p=51847","url_meta":{"origin":52104,"position":1},"title":"Palmeiras Tem Encrencas de Sobra para Abel Resolver no Mundial de Clubes","author":"Luiz Ant\u00f4nio Pr\u00f3speri","date":"24 de junho de 2025","format":false,"excerpt":"Luiz Ant\u00f4nio Pr\u00f3speri \u2013 24 junho (18h23) \u2013 Palmeiras chega \u00e0s oitavas de final do Mundial de Clubes atolado em problemas. Aquela hist\u00f3ria do c\u00e9u ao inferno. De candidato a melhor brasileiro no torneio, a pior dos quatro representantes do pa\u00eds. De repente, a casa cai por uma jornada absurda\u2026","rel":"","context":"Em &quot;futebol&quot;","block_context":{"text":"futebol","link":"https:\/\/blogdoprosperi.com\/?cat=53870"},"img":{"alt_text":"Paulinho e Estev\u00e3o, encrencas do Palmeiras no Mundial","src":"https:\/\/i0.wp.com\/blogdoprosperi.com\/wp-content\/uploads\/2025\/06\/54610306500_aef84653cd_c.jpg?fit=800%2C450&ssl=1&resize=350%2C200","width":350,"height":200,"srcset":"https:\/\/i0.wp.com\/blogdoprosperi.com\/wp-content\/uploads\/2025\/06\/54610306500_aef84653cd_c.jpg?fit=800%2C450&ssl=1&resize=350%2C200 1x, https:\/\/i0.wp.com\/blogdoprosperi.com\/wp-content\/uploads\/2025\/06\/54610306500_aef84653cd_c.jpg?fit=800%2C450&ssl=1&resize=525%2C300 1.5x, https:\/\/i0.wp.com\/blogdoprosperi.com\/wp-content\/uploads\/2025\/06\/54610306500_aef84653cd_c.jpg?fit=800%2C450&ssl=1&resize=700%2C400 2x"},"classes":[]},{"id":52605,"url":"https:\/\/blogdoprosperi.com\/?p=52605","url_meta":{"origin":52104,"position":2},"title":"Palmeiras Ainda Pode Ter um Mundial em 2025","author":"Luiz Ant\u00f4nio Pr\u00f3speri","date":"5 de julho de 2025","format":false,"excerpt":"Luiz Ant\u00f4nio Pr\u00f3speri \u2013 5 de julho (11h57) \u2013 Palmeiras n\u00e3o tem Mundial. O drama continua. Rivais, em desvantagem nas conquistas nacionais e sul-americanas nos \u00faltimos dez anos, se agarram a esse carma e tripudiam. Est\u00e1 escrito que o futebol aceita tudo isso. A realidade, por\u00e9m, \u00e9 bem diferente. Cair\u2026","rel":"","context":"Em &quot;futebol&quot;","block_context":{"text":"futebol","link":"https:\/\/blogdoprosperi.com\/?cat=53870"},"img":{"alt_text":"Palmeiras pode ser campe\u00e3o mundial em 2025","src":"https:\/\/i0.wp.com\/blogdoprosperi.com\/wp-content\/uploads\/2025\/07\/54632869517_39d78d8e3e_c.jpg?fit=800%2C450&ssl=1&resize=350%2C200","width":350,"height":200,"srcset":"https:\/\/i0.wp.com\/blogdoprosperi.com\/wp-content\/uploads\/2025\/07\/54632869517_39d78d8e3e_c.jpg?fit=800%2C450&ssl=1&resize=350%2C200 1x, https:\/\/i0.wp.com\/blogdoprosperi.com\/wp-content\/uploads\/2025\/07\/54632869517_39d78d8e3e_c.jpg?fit=800%2C450&ssl=1&resize=525%2C300 1.5x, https:\/\/i0.wp.com\/blogdoprosperi.com\/wp-content\/uploads\/2025\/07\/54632869517_39d78d8e3e_c.jpg?fit=800%2C450&ssl=1&resize=700%2C400 2x"},"classes":[]},{"id":52150,"url":"https:\/\/blogdoprosperi.com\/?p=52150","url_meta":{"origin":52104,"position":3},"title":"Palmeiras 1 a 0 Botafogo | Galeria de Fotos","author":"Luiz Ant\u00f4nio Pr\u00f3speri","date":"28 de junho de 2025","format":false,"excerpt":"","rel":"","context":"Em &quot;Fifa&quot;","block_context":{"text":"Fifa","link":"https:\/\/blogdoprosperi.com\/?cat=187969"},"img":{"alt_text":"","src":"https:\/\/i0.wp.com\/blogdoprosperi.com\/wp-content\/uploads\/2025\/06\/gujtygvwqaexetq.jpeg?fit=680%2C459&ssl=1&resize=350%2C200","width":350,"height":200,"srcset":"https:\/\/i0.wp.com\/blogdoprosperi.com\/wp-content\/uploads\/2025\/06\/gujtygvwqaexetq.jpeg?fit=680%2C459&ssl=1&resize=350%2C200 1x, https:\/\/i0.wp.com\/blogdoprosperi.com\/wp-content\/uploads\/2025\/06\/gujtygvwqaexetq.jpeg?fit=680%2C459&ssl=1&resize=525%2C300 1.5x"},"classes":[]},{"id":51798,"url":"https:\/\/blogdoprosperi.com\/?p=51798","url_meta":{"origin":52104,"position":4},"title":"Palmeiras Arranca Empate do Time de Messi, Avan\u00e7a \u00e0s Oitavas e Pega o Botafogo","author":"Luiz Ant\u00f4nio Pr\u00f3speri","date":"24 de junho de 2025","format":false,"excerpt":"Luiz Ant\u00f4nio Pr\u00f3speri \u2013 24 junho (00h10) \u2013 Palmeiras avan\u00e7a \u00e0s oitavas de final do Mundial de Clubes. Enfrenta o Botafogo, s\u00e1bado, 13h, na Filadelfia. Ufa! O que seria f\u00e1cil, se torna dif\u00edcil. Por culpa do pr\u00f3prio Palmeiras ao dar ao Inter Miami todos os espa\u00e7os para domar a bola,\u2026","rel":"","context":"Em &quot;mundial de clubes 2025&quot;","block_context":{"text":"mundial de clubes 2025","link":"https:\/\/blogdoprosperi.com\/?cat=772984667"},"img":{"alt_text":"","src":"https:\/\/i0.wp.com\/blogdoprosperi.com\/wp-content\/uploads\/2025\/06\/gultnxtwwaak_88.jpeg?fit=1200%2C994&ssl=1&resize=350%2C200","width":350,"height":200,"srcset":"https:\/\/i0.wp.com\/blogdoprosperi.com\/wp-content\/uploads\/2025\/06\/gultnxtwwaak_88.jpeg?fit=1200%2C994&ssl=1&resize=350%2C200 1x, https:\/\/i0.wp.com\/blogdoprosperi.com\/wp-content\/uploads\/2025\/06\/gultnxtwwaak_88.jpeg?fit=1200%2C994&ssl=1&resize=525%2C300 1.5x, https:\/\/i0.wp.com\/blogdoprosperi.com\/wp-content\/uploads\/2025\/06\/gultnxtwwaak_88.jpeg?fit=1200%2C994&ssl=1&resize=700%2C400 2x, https:\/\/i0.wp.com\/blogdoprosperi.com\/wp-content\/uploads\/2025\/06\/gultnxtwwaak_88.jpeg?fit=1200%2C994&ssl=1&resize=1050%2C600 3x"},"classes":[]},{"id":53422,"url":"https:\/\/blogdoprosperi.com\/?p=53422","url_meta":{"origin":52104,"position":5},"title":"Palmeiras | Entenda a Quarta Remontada de Abel Ferreira em 2025","author":"Luiz Ant\u00f4nio Pr\u00f3speri","date":"15 de julho de 2025","format":false,"excerpt":"Luiz Ant\u00f4nio Pr\u00f3speri \u2013 15 julho (12h21) \u2013 Ram\u00f3n Sosa, 25 anos, contratado a R$ 80 milh\u00f5es do Nottingham Forest, chega para preencher uma vaga no ataque do Palmeiras. Apresentado segunda-feira (14\/7), o paraguaio seria o substituto de Estev\u00e3o, hoje no Chelsea. N\u00e3o \u00e9 bem assim. Sosa vai entrar no\u2026","rel":"","context":"Em &quot;brasileir\u00e3o 2025&quot;","block_context":{"text":"brasileir\u00e3o 2025","link":"https:\/\/blogdoprosperi.com\/?cat=775970846"},"img":{"alt_text":"Ram\u00f3n Sosa, novo refor\u00e7o do Palmeiras","src":"https:\/\/i0.wp.com\/blogdoprosperi.com\/wp-content\/uploads\/2025\/07\/54653699472_b35428751b_c.jpg?fit=800%2C450&ssl=1&resize=350%2C200","width":350,"height":200,"srcset":"https:\/\/i0.wp.com\/blogdoprosperi.com\/wp-content\/uploads\/2025\/07\/54653699472_b35428751b_c.jpg?fit=800%2C450&ssl=1&resize=350%2C200 1x, https:\/\/i0.wp.com\/blogdoprosperi.com\/wp-content\/uploads\/2025\/07\/54653699472_b35428751b_c.jpg?fit=800%2C450&ssl=1&resize=525%2C300 1.5x, https:\/\/i0.wp.com\/blogdoprosperi.com\/wp-content\/uploads\/2025\/07\/54653699472_b35428751b_c.jpg?fit=800%2C450&ssl=1&resize=700%2C400 2x"},"classes":[]}],"jetpack_featured_media_url":"https:\/\/i0.wp.com\/blogdoprosperi.com\/wp-content\/uploads\/2025\/06\/captura-de-tela-2025-06-28-as-17.03.14.png?fit=1062%2C526&ssl=1","_links":{"self":[{"href":"https:\/\/blogdoprosperi.com\/index.php?rest_route=\/wp\/v2\/posts\/52104","targetHints":{"allow":["GET"]}}],"collection":[{"href":"https:\/\/blogdoprosperi.com\/index.php?rest_route=\/wp\/v2\/posts"}],"about":[{"href":"https:\/\/blogdoprosperi.com\/index.php?rest_route=\/wp\/v2\/types\/post"}],"author":[{"embeddable":true,"href":"https:\/\/blogdoprosperi.com\/index.php?rest_route=\/wp\/v2\/users\/102107496"}],"replies":[{"embeddable":true,"href":"https:\/\/blogdoprosperi.com\/index.php?rest_route=%2Fwp%2Fv2%2Fcomments&post=52104"}],"version-history":[{"count":13,"href":"https:\/\/blogdoprosperi.com\/index.php?rest_route=\/wp\/v2\/posts\/52104\/revisions"}],"predecessor-version":[{"id":52198,"href":"https:\/\/blogdoprosperi.com\/index.php?rest_route=\/wp\/v2\/posts\/52104\/revisions\/52198"}],"wp:featuredmedia":[{"embeddable":true,"href":"https:\/\/blogdoprosperi.com\/index.php?rest_route=\/wp\/v2\/media\/52120"}],"wp:attachment":[{"href":"https:\/\/blogdoprosperi.com\/index.php?rest_route=%2Fwp%2Fv2%2Fmedia&parent=52104"}],"wp:term":[{"taxonomy":"category","embeddable":true,"href":"https:\/\/blogdoprosperi.com\/index.php?rest_route=%2Fwp%2Fv2%2Fcategories&post=52104"},{"taxonomy":"post_tag","embeddable":true,"href":"https:\/\/blogdoprosperi.com\/index.php?rest_route=%2Fwp%2Fv2%2Ftags&post=52104"}],"curies":[{"name":"wp","href":"https:\/\/api.w.org\/{rel}","templated":true}]}}