{"id":52340,"date":"2025-07-01T11:12:10","date_gmt":"2025-07-01T14:12:10","guid":{"rendered":"https:\/\/blogdoprosperi.com\/?p=52340"},"modified":"2025-07-02T17:01:47","modified_gmt":"2025-07-02T20:01:47","slug":"palmeiras-e-fluminense-ja-enxergam-topo-do-everest","status":"publish","type":"post","link":"https:\/\/blogdoprosperi.com\/?p=52340","title":{"rendered":"Palmeiras e Fluminense J\u00e1 Enxergam Topo do Everest"},"content":{"rendered":"<p><em>Luiz Ant\u00f4nio Pr\u00f3speri \u2013 1 julho (11h10) \u2013<\/em><\/p>\n<p>Palmeiras e Fluminense ainda est\u00e3o aqui. Quem diria, os brasileiros padecem no para\u00edso do Mundial de Clubes. Os europeus come\u00e7am a conhecer as trevas. Inter de Mil\u00e3o cai diante do time de Renato Ga\u00facho. Manchester City, do mago Pep Guardiola, se esfarela contra Al Hilal da Ar\u00e1bia Saudita. Mais duas pot\u00eancias da Europa fora da disputa. E a melhor not\u00edcia, Palmeiras e Fluminense est\u00e3o no lado mais acess\u00edvel do chaveamento das quartas de final. O que parecia imposs\u00edvel, n\u00e3o \u00e9 mais. Enxergam sem potentes bin\u00f3culos o topo do Everest.<\/p>\n<p>A pr\u00f3xima parada reserva Palmeiras x Chelsea, \u00fanico remanescente das esquadras europeias no lado esquerdo do chaveamento. Quem passar desse confronto enfrenta o vencedor de Fluminense x Al Hilal nas semifinais. N\u00e3o seria absurdo imaginar uma semifinal entre Palmeiras e Fluminense, mesmo que se recomende o &#8220;devagar com o andor&#8221;.<\/p>\n<p>Antes de se reverenciar os pachecos em nome do futebol brasileiro, \u00e9 bom ressaltar a for\u00e7a do revigorado Chelsea, ap\u00f3s sova (3 a 1) que levou do Flamengo na fase de grupos, e o imprevis\u00edvel \u00e1rabe Al Hilal, que teve uma Noite das Mil e Uma Noites contra o poderoso City deixando o g\u00eanio Guardiola preso na garrafa.<\/p>\n<p>Toda essa reviravolta na tabela dos confrontos das quartas de final esfria, pelo menos por enquanto, o elevado favoritismo dos europeus t\u00e3o acalentado desde o in\u00edcio do Mundial.<\/p>\n<p>Grandes for\u00e7as da Europa agora se resumem ao lado direito do chaveamento. Se espera uma carnificina entre eles. De cara teremos Bayern Munique x PSG. Hoje (01\/7), conheceremos o outro confronto \u2013 provavelmente Real Madrid x Borussia Dortmund. Assim ter\u00edamos o embate entre os grandes europeus rumo \u00e0 final do Mundial.<\/p>\n<p>Futebol ainda tem sabor. Ali\u00e1s, nunca foi insosso. Hist\u00f3rias est\u00e3o a\u00ed a ser escritas.<\/p>\n<p>Os que encaravam o Mundial de Clubes como um passa-tempo de ver\u00e3o e n\u00e3o uma Copa para valer, j\u00e1 deixaram os Estados Unidos. Outros que entraram de nariz empinado, tamb\u00e9m j\u00e1 voltaram para casa.<\/p>\n<p>Europeus, antes lidando com o Mundial mirando uma sub-Champions League, come\u00e7am a conhecer que \u00e9 preciso carregar pedras para encher a sacola com dinheiro da premia\u00e7\u00e3o. O campe\u00e3o pode abocanhar at\u00e9 meio bilh\u00e3o de d\u00f3lares.<\/p>\n<p>O pote de ouro est\u00e1 ali, a tr\u00eas jogos de se alcan\u00e7ar topo do Everest. Palmeiras e Fluminense continuam a escalada.<\/p>\n<p><span class=\"alignnone\"><img data-recalc-dims=\"1\" loading=\"lazy\" decoding=\"async\" data-attachment-id=\"52353\" data-permalink=\"https:\/\/blogdoprosperi.com\/?attachment_id=52353\" data-orig-file=\"https:\/\/i0.wp.com\/blogdoprosperi.com\/wp-content\/uploads\/2025\/07\/guvpdcrxyaenm-i.jpeg?fit=960%2C1200&amp;ssl=1\" data-orig-size=\"960,1200\" data-comments-opened=\"1\" data-image-meta=\"{&quot;aperture&quot;:&quot;0&quot;,&quot;credit&quot;:&quot;&quot;,&quot;camera&quot;:&quot;&quot;,&quot;caption&quot;:&quot;&quot;,&quot;created_timestamp&quot;:&quot;0&quot;,&quot;copyright&quot;:&quot;&quot;,&quot;focal_length&quot;:&quot;0&quot;,&quot;iso&quot;:&quot;0&quot;,&quot;shutter_speed&quot;:&quot;0&quot;,&quot;title&quot;:&quot;&quot;,&quot;orientation&quot;:&quot;0&quot;}\" data-image-title=\"GuvpdCRXYAENM-I\" data-image-description=\"\" data-image-caption=\"\" data-large-file=\"https:\/\/i0.wp.com\/blogdoprosperi.com\/wp-content\/uploads\/2025\/07\/guvpdcrxyaenm-i.jpeg?fit=819%2C1024&amp;ssl=1\" class=\"alignnone wp-image-52353\" src=\"https:\/\/i0.wp.com\/blogdoprosperi.com\/wp-content\/uploads\/2025\/07\/guvpdcrxyaenm-i.jpeg?resize=608%2C760&#038;ssl=1\" alt=\"\" width=\"608\" height=\"760\" \/><\/span><\/p>\n","protected":false},"excerpt":{"rendered":"<p>Luiz Ant\u00f4nio Pr\u00f3speri \u2013 1 julho (11h10) \u2013 Palmeiras e Fluminense ainda est\u00e3o aqui. Quem diria, os brasileiros [&hellip;]<\/p>\n","protected":false},"author":102107496,"featured_media":52352,"comment_status":"open","ping_status":"open","sticky":false,"template":"","format":"standard","meta":{"_coblocks_attr":"","_coblocks_dimensions":"","_coblocks_responsive_height":"","_coblocks_accordion_ie_support":"","_jetpack_newsletter_access":"","_jetpack_dont_email_post_to_subs":false,"_jetpack_newsletter_tier_id":0,"_jetpack_memberships_contains_paywalled_content":false,"_wpcom_ai_launchpad_first_post":false,"_jetpack_feature_clip_id":0,"_jetpack_memberships_contains_paid_content":false,"footnotes":"","jetpack_publicize_message":"","jetpack_publicize_feature_enabled":true,"jetpack_social_post_already_shared":false,"jetpack_social_options":{"image_generator_settings":{"template":"highway","default_image_id":0,"font":"","enabled":false},"version":2},"jetpack_post_was_ever_published":false},"categories":[53870,551766],"tags":[782283646,789560560,238170146,2958343,727651657],"class_list":["post-52340","post","type-post","status-publish","format-standard","has-post-thumbnail","hentry","category-futebol","category-mundial-de-clubes","tag-fluminense-x-al-hilal","tag-futebol","tag-genio-guardiola","tag-monte-everest","tag-palmeiras-x-chelsea"],"yoast_head":"<!-- This site is optimized with the Yoast SEO plugin v28.3 - https:\/\/yoast.com\/product\/yoast-seo-wordpress\/ -->\n<title>Palmeiras e Fluminense J\u00e1 Enxergam Topo do Everest - PR\u00d3SPERI NEWS<\/title>\n<meta name=\"robots\" content=\"index, follow, max-snippet:-1, max-image-preview:large, max-video-preview:-1\" \/>\n<link rel=\"canonical\" href=\"https:\/\/blogdoprosperi.com\/?p=52340\" \/>\n<meta property=\"og:locale\" content=\"pt_BR\" \/>\n<meta property=\"og:type\" content=\"article\" \/>\n<meta property=\"og:title\" content=\"Palmeiras e Fluminense J\u00e1 Enxergam Topo do Everest - PR\u00d3SPERI NEWS\" \/>\n<meta property=\"og:description\" content=\"Luiz Ant\u00f4nio Pr\u00f3speri \u2013 1 julho (11h10) \u2013 Palmeiras e Fluminense ainda est\u00e3o aqui. Quem diria, os brasileiros [&hellip;]\" \/>\n<meta property=\"og:url\" content=\"https:\/\/blogdoprosperi.com\/?p=52340\" \/>\n<meta property=\"og:site_name\" content=\"PR\u00d3SPERI NEWS\" \/>\n<meta property=\"article:publisher\" content=\"Luiz Pr\u00f3speri\" \/>\n<meta property=\"article:author\" content=\"Luiz Pr\u00f3speri\" \/>\n<meta property=\"article:published_time\" content=\"2025-07-01T14:12:10+00:00\" \/>\n<meta property=\"article:modified_time\" content=\"2025-07-02T20:01:47+00:00\" \/>\n<meta property=\"og:image\" content=\"https:\/\/i0.wp.com\/blogdoprosperi.com\/wp-content\/uploads\/2025\/07\/palmeiras-fluminens.png?fit=1200%2C699&ssl=1\" \/>\n\t<meta property=\"og:image:width\" content=\"1200\" \/>\n\t<meta property=\"og:image:height\" content=\"699\" \/>\n\t<meta property=\"og:image:type\" content=\"image\/png\" \/>\n<meta name=\"author\" content=\"Luiz Ant\u00f4nio Pr\u00f3speri\" \/>\n<meta name=\"twitter:card\" content=\"summary_large_image\" \/>\n<meta name=\"twitter:creator\" content=\"@Luizprosperi\" \/>\n<meta name=\"twitter:site\" content=\"@Luizprosperi\" \/>\n<meta name=\"twitter:label1\" content=\"Escrito por\" \/>\n\t<meta name=\"twitter:data1\" content=\"Luiz Ant\u00f4nio Pr\u00f3speri\" \/>\n\t<meta name=\"twitter:label2\" content=\"Est. tempo de leitura\" \/>\n\t<meta name=\"twitter:data2\" content=\"2 minutos\" \/>\n<script type=\"application\/ld+json\" class=\"yoast-schema-graph\">{\"@context\":\"https:\\\/\\\/schema.org\",\"@graph\":[{\"@type\":\"Article\",\"@id\":\"https:\\\/\\\/blogdoprosperi.com\\\/?p=52340#article\",\"isPartOf\":{\"@id\":\"https:\\\/\\\/blogdoprosperi.com\\\/?p=52340\"},\"author\":{\"name\":\"Luiz Ant\u00f4nio Pr\u00f3speri\",\"@id\":\"https:\\\/\\\/blogdoprosperi.com\\\/#\\\/schema\\\/person\\\/38100755ce3601861ee4fab9b5aa78e9\"},\"headline\":\"Palmeiras e Fluminense J\u00e1 Enxergam Topo do Everest\",\"datePublished\":\"2025-07-01T14:12:10+00:00\",\"dateModified\":\"2025-07-02T20:01:47+00:00\",\"mainEntityOfPage\":{\"@id\":\"https:\\\/\\\/blogdoprosperi.com\\\/?p=52340\"},\"wordCount\":423,\"commentCount\":0,\"publisher\":{\"@id\":\"https:\\\/\\\/blogdoprosperi.com\\\/#\\\/schema\\\/person\\\/38100755ce3601861ee4fab9b5aa78e9\"},\"image\":{\"@id\":\"https:\\\/\\\/blogdoprosperi.com\\\/?p=52340#primaryimage\"},\"thumbnailUrl\":\"https:\\\/\\\/i0.wp.com\\\/blogdoprosperi.com\\\/wp-content\\\/uploads\\\/2025\\\/07\\\/palmeiras-fluminens.png?fit=1200%2C699&ssl=1\",\"keywords\":[\"fluminense x al hilal\",\"futebol\",\"g\u00eanio guardiola\",\"monte everest\",\"palmeiras x chelsea\"],\"articleSection\":[\"futebol\",\"Mundial de Clubes\"],\"inLanguage\":\"pt-BR\",\"potentialAction\":[{\"@type\":\"CommentAction\",\"name\":\"Comment\",\"target\":[\"https:\\\/\\\/blogdoprosperi.com\\\/?p=52340#respond\"]}]},{\"@type\":\"WebPage\",\"@id\":\"https:\\\/\\\/blogdoprosperi.com\\\/?p=52340\",\"url\":\"https:\\\/\\\/blogdoprosperi.com\\\/?p=52340\",\"name\":\"Palmeiras e Fluminense J\u00e1 Enxergam Topo do Everest - PR\u00d3SPERI NEWS\",\"isPartOf\":{\"@id\":\"https:\\\/\\\/blogdoprosperi.com\\\/#website\"},\"primaryImageOfPage\":{\"@id\":\"https:\\\/\\\/blogdoprosperi.com\\\/?p=52340#primaryimage\"},\"image\":{\"@id\":\"https:\\\/\\\/blogdoprosperi.com\\\/?p=52340#primaryimage\"},\"thumbnailUrl\":\"https:\\\/\\\/i0.wp.com\\\/blogdoprosperi.com\\\/wp-content\\\/uploads\\\/2025\\\/07\\\/palmeiras-fluminens.png?fit=1200%2C699&ssl=1\",\"datePublished\":\"2025-07-01T14:12:10+00:00\",\"dateModified\":\"2025-07-02T20:01:47+00:00\",\"breadcrumb\":{\"@id\":\"https:\\\/\\\/blogdoprosperi.com\\\/?p=52340#breadcrumb\"},\"inLanguage\":\"pt-BR\",\"potentialAction\":[{\"@type\":\"ReadAction\",\"target\":[\"https:\\\/\\\/blogdoprosperi.com\\\/?p=52340\"]}]},{\"@type\":\"ImageObject\",\"inLanguage\":\"pt-BR\",\"@id\":\"https:\\\/\\\/blogdoprosperi.com\\\/?p=52340#primaryimage\",\"url\":\"https:\\\/\\\/i0.wp.com\\\/blogdoprosperi.com\\\/wp-content\\\/uploads\\\/2025\\\/07\\\/palmeiras-fluminens.png?fit=1200%2C699&ssl=1\",\"contentUrl\":\"https:\\\/\\\/i0.wp.com\\\/blogdoprosperi.com\\\/wp-content\\\/uploads\\\/2025\\\/07\\\/palmeiras-fluminens.png?fit=1200%2C699&ssl=1\",\"width\":1200,\"height\":699,\"caption\":\"imagem - olhar digital\"},{\"@type\":\"BreadcrumbList\",\"@id\":\"https:\\\/\\\/blogdoprosperi.com\\\/?p=52340#breadcrumb\",\"itemListElement\":[{\"@type\":\"ListItem\",\"position\":1,\"name\":\"In\u00edcio\",\"item\":\"https:\\\/\\\/blogdoprosperi.com\\\/\"},{\"@type\":\"ListItem\",\"position\":2,\"name\":\"Palmeiras e Fluminense J\u00e1 Enxergam Topo do Everest\"}]},{\"@type\":\"WebSite\",\"@id\":\"https:\\\/\\\/blogdoprosperi.com\\\/#website\",\"url\":\"https:\\\/\\\/blogdoprosperi.com\\\/\",\"name\":\"PR\u00d3SPERI NEWS\",\"description\":\"TUDO \u00c9  FUTEBOL\",\"publisher\":{\"@id\":\"https:\\\/\\\/blogdoprosperi.com\\\/#\\\/schema\\\/person\\\/38100755ce3601861ee4fab9b5aa78e9\"},\"alternateName\":\"blogdoprosperi.com\",\"potentialAction\":[{\"@type\":\"SearchAction\",\"target\":{\"@type\":\"EntryPoint\",\"urlTemplate\":\"https:\\\/\\\/blogdoprosperi.com\\\/?s={search_term_string}\"},\"query-input\":{\"@type\":\"PropertyValueSpecification\",\"valueRequired\":true,\"valueName\":\"search_term_string\"}}],\"inLanguage\":\"pt-BR\"},{\"@type\":[\"Person\",\"Organization\"],\"@id\":\"https:\\\/\\\/blogdoprosperi.com\\\/#\\\/schema\\\/person\\\/38100755ce3601861ee4fab9b5aa78e9\",\"name\":\"Luiz Ant\u00f4nio Pr\u00f3speri\",\"pronouns\":\"ele\",\"image\":{\"@type\":\"ImageObject\",\"inLanguage\":\"pt-BR\",\"@id\":\"https:\\\/\\\/i0.wp.com\\\/blogdoprosperi.com\\\/wp-content\\\/uploads\\\/2026\\\/05\\\/cropped-8059e613-6002-42fa-961e-8e275f575d71-2-5.jpg?fit=1360%2C931&ssl=1\",\"url\":\"https:\\\/\\\/i0.wp.com\\\/blogdoprosperi.com\\\/wp-content\\\/uploads\\\/2026\\\/05\\\/cropped-8059e613-6002-42fa-961e-8e275f575d71-2-5.jpg?fit=1360%2C931&ssl=1\",\"contentUrl\":\"https:\\\/\\\/i0.wp.com\\\/blogdoprosperi.com\\\/wp-content\\\/uploads\\\/2026\\\/05\\\/cropped-8059e613-6002-42fa-961e-8e275f575d71-2-5.jpg?fit=1360%2C931&ssl=1\",\"width\":1360,\"height\":931,\"caption\":\"Luiz Ant\u00f4nio Pr\u00f3speri\"},\"logo\":{\"@id\":\"https:\\\/\\\/i0.wp.com\\\/blogdoprosperi.com\\\/wp-content\\\/uploads\\\/2026\\\/05\\\/cropped-8059e613-6002-42fa-961e-8e275f575d71-2-5.jpg?fit=1360%2C931&ssl=1\"},\"description\":\"Jornalista com carreira dedicada ao esporte. Cobriu 9 Copas do Mundo in loco, 1990 na It\u00e1lia, 1994 nos EUA, 1998 na Fran\u00e7a, 2002 na Coreia do Sul e Jap\u00e3o, 2006 na Alemanha, 2010 na \u00c1frica do Sul, 2014 no Brasil, 2018 na R\u00fassia e 2022 no Qatar. Eurocopas, 1992 na Su\u00e9cia e 1996 na Inglaterra. Copa das Confedera\u00e7\u00f5es de 2005 na Alemanha e 2009 na \u00c1frica do Sul. Rep\u00f3rter e Editor, trabalhou no Jornal da Tarde e Estad\u00e3o, de 1984 a fevereiro de 2016. Colunista, blogueiro. E comentarista de futebol na R\u00e1dio Estad\u00e3o, de 2013 a fevereiro de 2016. Jornalista respons\u00e1vel do \\\"Pr\u00f3speri News\\\" (blogdoprosperi.com).\",\"sameAs\":[\"http:\\\/\\\/blogdoprosperi.com\",\"Luiz Pr\u00f3speri\",\"@luiz_prosperi\",\"https:\\\/\\\/x.com\\\/Luizprosperi\",\"@prosperinacopa\",\"luiz.prosperi@icloud.com\"],\"url\":\"https:\\\/\\\/blogdoprosperi.com\\\/?author=102107496\"}]}<\/script>\n<!-- \/ Yoast SEO plugin. -->","yoast_head_json":{"title":"Palmeiras e Fluminense J\u00e1 Enxergam Topo do Everest - PR\u00d3SPERI NEWS","robots":{"index":"index","follow":"follow","max-snippet":"max-snippet:-1","max-image-preview":"max-image-preview:large","max-video-preview":"max-video-preview:-1"},"canonical":"https:\/\/blogdoprosperi.com\/?p=52340","og_locale":"pt_BR","og_type":"article","og_title":"Palmeiras e Fluminense J\u00e1 Enxergam Topo do Everest - PR\u00d3SPERI NEWS","og_description":"Luiz Ant\u00f4nio Pr\u00f3speri \u2013 1 julho (11h10) \u2013 Palmeiras e Fluminense ainda est\u00e3o aqui. Quem diria, os brasileiros [&hellip;]","og_url":"https:\/\/blogdoprosperi.com\/?p=52340","og_site_name":"PR\u00d3SPERI NEWS","article_publisher":"Luiz Pr\u00f3speri","article_author":"Luiz Pr\u00f3speri","article_published_time":"2025-07-01T14:12:10+00:00","article_modified_time":"2025-07-02T20:01:47+00:00","og_image":[{"width":1200,"height":699,"url":"https:\/\/i0.wp.com\/blogdoprosperi.com\/wp-content\/uploads\/2025\/07\/palmeiras-fluminens.png?fit=1200%2C699&ssl=1","type":"image\/png"}],"author":"Luiz Ant\u00f4nio Pr\u00f3speri","twitter_card":"summary_large_image","twitter_creator":"@Luizprosperi","twitter_site":"@Luizprosperi","twitter_misc":{"Escrito por":"Luiz Ant\u00f4nio Pr\u00f3speri","Est. tempo de leitura":"2 minutos"},"schema":{"@context":"https:\/\/schema.org","@graph":[{"@type":"Article","@id":"https:\/\/blogdoprosperi.com\/?p=52340#article","isPartOf":{"@id":"https:\/\/blogdoprosperi.com\/?p=52340"},"author":{"name":"Luiz Ant\u00f4nio Pr\u00f3speri","@id":"https:\/\/blogdoprosperi.com\/#\/schema\/person\/38100755ce3601861ee4fab9b5aa78e9"},"headline":"Palmeiras e Fluminense J\u00e1 Enxergam Topo do Everest","datePublished":"2025-07-01T14:12:10+00:00","dateModified":"2025-07-02T20:01:47+00:00","mainEntityOfPage":{"@id":"https:\/\/blogdoprosperi.com\/?p=52340"},"wordCount":423,"commentCount":0,"publisher":{"@id":"https:\/\/blogdoprosperi.com\/#\/schema\/person\/38100755ce3601861ee4fab9b5aa78e9"},"image":{"@id":"https:\/\/blogdoprosperi.com\/?p=52340#primaryimage"},"thumbnailUrl":"https:\/\/i0.wp.com\/blogdoprosperi.com\/wp-content\/uploads\/2025\/07\/palmeiras-fluminens.png?fit=1200%2C699&ssl=1","keywords":["fluminense x al hilal","futebol","g\u00eanio guardiola","monte everest","palmeiras x chelsea"],"articleSection":["futebol","Mundial de Clubes"],"inLanguage":"pt-BR","potentialAction":[{"@type":"CommentAction","name":"Comment","target":["https:\/\/blogdoprosperi.com\/?p=52340#respond"]}]},{"@type":"WebPage","@id":"https:\/\/blogdoprosperi.com\/?p=52340","url":"https:\/\/blogdoprosperi.com\/?p=52340","name":"Palmeiras e Fluminense J\u00e1 Enxergam Topo do Everest - PR\u00d3SPERI NEWS","isPartOf":{"@id":"https:\/\/blogdoprosperi.com\/#website"},"primaryImageOfPage":{"@id":"https:\/\/blogdoprosperi.com\/?p=52340#primaryimage"},"image":{"@id":"https:\/\/blogdoprosperi.com\/?p=52340#primaryimage"},"thumbnailUrl":"https:\/\/i0.wp.com\/blogdoprosperi.com\/wp-content\/uploads\/2025\/07\/palmeiras-fluminens.png?fit=1200%2C699&ssl=1","datePublished":"2025-07-01T14:12:10+00:00","dateModified":"2025-07-02T20:01:47+00:00","breadcrumb":{"@id":"https:\/\/blogdoprosperi.com\/?p=52340#breadcrumb"},"inLanguage":"pt-BR","potentialAction":[{"@type":"ReadAction","target":["https:\/\/blogdoprosperi.com\/?p=52340"]}]},{"@type":"ImageObject","inLanguage":"pt-BR","@id":"https:\/\/blogdoprosperi.com\/?p=52340#primaryimage","url":"https:\/\/i0.wp.com\/blogdoprosperi.com\/wp-content\/uploads\/2025\/07\/palmeiras-fluminens.png?fit=1200%2C699&ssl=1","contentUrl":"https:\/\/i0.wp.com\/blogdoprosperi.com\/wp-content\/uploads\/2025\/07\/palmeiras-fluminens.png?fit=1200%2C699&ssl=1","width":1200,"height":699,"caption":"imagem - olhar digital"},{"@type":"BreadcrumbList","@id":"https:\/\/blogdoprosperi.com\/?p=52340#breadcrumb","itemListElement":[{"@type":"ListItem","position":1,"name":"In\u00edcio","item":"https:\/\/blogdoprosperi.com\/"},{"@type":"ListItem","position":2,"name":"Palmeiras e Fluminense J\u00e1 Enxergam Topo do Everest"}]},{"@type":"WebSite","@id":"https:\/\/blogdoprosperi.com\/#website","url":"https:\/\/blogdoprosperi.com\/","name":"PR\u00d3SPERI NEWS","description":"TUDO \u00c9  FUTEBOL","publisher":{"@id":"https:\/\/blogdoprosperi.com\/#\/schema\/person\/38100755ce3601861ee4fab9b5aa78e9"},"alternateName":"blogdoprosperi.com","potentialAction":[{"@type":"SearchAction","target":{"@type":"EntryPoint","urlTemplate":"https:\/\/blogdoprosperi.com\/?s={search_term_string}"},"query-input":{"@type":"PropertyValueSpecification","valueRequired":true,"valueName":"search_term_string"}}],"inLanguage":"pt-BR"},{"@type":["Person","Organization"],"@id":"https:\/\/blogdoprosperi.com\/#\/schema\/person\/38100755ce3601861ee4fab9b5aa78e9","name":"Luiz Ant\u00f4nio Pr\u00f3speri","pronouns":"ele","image":{"@type":"ImageObject","inLanguage":"pt-BR","@id":"https:\/\/i0.wp.com\/blogdoprosperi.com\/wp-content\/uploads\/2026\/05\/cropped-8059e613-6002-42fa-961e-8e275f575d71-2-5.jpg?fit=1360%2C931&ssl=1","url":"https:\/\/i0.wp.com\/blogdoprosperi.com\/wp-content\/uploads\/2026\/05\/cropped-8059e613-6002-42fa-961e-8e275f575d71-2-5.jpg?fit=1360%2C931&ssl=1","contentUrl":"https:\/\/i0.wp.com\/blogdoprosperi.com\/wp-content\/uploads\/2026\/05\/cropped-8059e613-6002-42fa-961e-8e275f575d71-2-5.jpg?fit=1360%2C931&ssl=1","width":1360,"height":931,"caption":"Luiz Ant\u00f4nio Pr\u00f3speri"},"logo":{"@id":"https:\/\/i0.wp.com\/blogdoprosperi.com\/wp-content\/uploads\/2026\/05\/cropped-8059e613-6002-42fa-961e-8e275f575d71-2-5.jpg?fit=1360%2C931&ssl=1"},"description":"Jornalista com carreira dedicada ao esporte. Cobriu 9 Copas do Mundo in loco, 1990 na It\u00e1lia, 1994 nos EUA, 1998 na Fran\u00e7a, 2002 na Coreia do Sul e Jap\u00e3o, 2006 na Alemanha, 2010 na \u00c1frica do Sul, 2014 no Brasil, 2018 na R\u00fassia e 2022 no Qatar. Eurocopas, 1992 na Su\u00e9cia e 1996 na Inglaterra. Copa das Confedera\u00e7\u00f5es de 2005 na Alemanha e 2009 na \u00c1frica do Sul. Rep\u00f3rter e Editor, trabalhou no Jornal da Tarde e Estad\u00e3o, de 1984 a fevereiro de 2016. Colunista, blogueiro. E comentarista de futebol na R\u00e1dio Estad\u00e3o, de 2013 a fevereiro de 2016. Jornalista respons\u00e1vel do \"Pr\u00f3speri News\" (blogdoprosperi.com).","sameAs":["http:\/\/blogdoprosperi.com","Luiz Pr\u00f3speri","@luiz_prosperi","https:\/\/x.com\/Luizprosperi","@prosperinacopa","luiz.prosperi@icloud.com"],"url":"https:\/\/blogdoprosperi.com\/?author=102107496"}]}},"jetpack_publicize_connections":[],"jetpack_likes_enabled":false,"jetpack_sharing_enabled":true,"jetpack_shortlink":"https:\/\/wp.me\/p7jvdk-dCc","jetpack-related-posts":[{"id":52399,"url":"https:\/\/blogdoprosperi.com\/?p=52399","url_meta":{"origin":52340,"position":0},"title":"Mundial de Clubes | Definidos Confrontos das Quartas de Final:  Come\u00e7a Batalha Contra os Europeus Favoritos","author":"Luiz Ant\u00f4nio Pr\u00f3speri","date":"2 de julho de 2025","format":false,"excerpt":"Luiz Ant\u00f4nio Pr\u00f3speri \u2013 2 julho (00h45) \u2013 Mundial de Clubes conhece os confrontos das quartas de final. Do lado direito do chaveamento, teremos apenas europeus contra europeus \u2013 favoritos a levantar o trof\u00e9u dourado. Do lado esquerdo, tem brasileiros contra asi\u00e1tico e europeu. Na geopol\u00edtica do futebol global sonhado\u2026","rel":"","context":"Em &quot;informa\u00e7\u00e3o&quot;","block_context":{"text":"informa\u00e7\u00e3o","link":"https:\/\/blogdoprosperi.com\/?cat=20384"},"img":{"alt_text":"Mundial de Clubes a cada dois anos? Siga o dinheiro","src":"https:\/\/i0.wp.com\/blogdoprosperi.com\/wp-content\/uploads\/2025\/06\/guvjd0nwyaax6gb-1.jpeg?fit=900%2C1200&ssl=1&resize=350%2C200","width":350,"height":200,"srcset":"https:\/\/i0.wp.com\/blogdoprosperi.com\/wp-content\/uploads\/2025\/06\/guvjd0nwyaax6gb-1.jpeg?fit=900%2C1200&ssl=1&resize=350%2C200 1x, https:\/\/i0.wp.com\/blogdoprosperi.com\/wp-content\/uploads\/2025\/06\/guvjd0nwyaax6gb-1.jpeg?fit=900%2C1200&ssl=1&resize=525%2C300 1.5x, https:\/\/i0.wp.com\/blogdoprosperi.com\/wp-content\/uploads\/2025\/06\/guvjd0nwyaax6gb-1.jpeg?fit=900%2C1200&ssl=1&resize=700%2C400 2x"},"classes":[]},{"id":52063,"url":"https:\/\/blogdoprosperi.com\/?p=52063","url_meta":{"origin":52340,"position":1},"title":"Acaba a Brincadeira, Quatro Brasileiros em Apuros nas Oitavas do Mundial de Clubes \u2013 Palpites Quem Avan\u00e7a","author":"Luiz Ant\u00f4nio Pr\u00f3speri","date":"27 de junho de 2025","format":false,"excerpt":"Luiz Ant\u00f4nio Pr\u00f3speri \u2013 27 junho (11h25) \u2013 Mundial de Clubes entra nas oitavas de final neste fim de semana (28 e 29\/6) sob dom\u00ednio dos clubes europeus. Eles s\u00e3o nove, entre os 16 classificados. Favoritos a avan\u00e7ar \u00e0s quartas de final e despachar dois dos quatro brasileiros. N\u00e3o ser\u00e1\u2026","rel":"","context":"Em &quot;futebol&quot;","block_context":{"text":"futebol","link":"https:\/\/blogdoprosperi.com\/?cat=53870"},"img":{"alt_text":"","src":"https:\/\/i0.wp.com\/blogdoprosperi.com\/wp-content\/uploads\/2025\/06\/captura-de-tela-2025-06-27-as-11.32.59.png?fit=1128%2C636&ssl=1&resize=350%2C200","width":350,"height":200,"srcset":"https:\/\/i0.wp.com\/blogdoprosperi.com\/wp-content\/uploads\/2025\/06\/captura-de-tela-2025-06-27-as-11.32.59.png?fit=1128%2C636&ssl=1&resize=350%2C200 1x, https:\/\/i0.wp.com\/blogdoprosperi.com\/wp-content\/uploads\/2025\/06\/captura-de-tela-2025-06-27-as-11.32.59.png?fit=1128%2C636&ssl=1&resize=525%2C300 1.5x, https:\/\/i0.wp.com\/blogdoprosperi.com\/wp-content\/uploads\/2025\/06\/captura-de-tela-2025-06-27-as-11.32.59.png?fit=1128%2C636&ssl=1&resize=700%2C400 2x, https:\/\/i0.wp.com\/blogdoprosperi.com\/wp-content\/uploads\/2025\/06\/captura-de-tela-2025-06-27-as-11.32.59.png?fit=1128%2C636&ssl=1&resize=1050%2C600 3x"},"classes":[]},{"id":52551,"url":"https:\/\/blogdoprosperi.com\/?p=52551","url_meta":{"origin":52340,"position":2},"title":"Na TV | Onde Assistir e Hor\u00e1rios de Fluminense x Al Hilal e Palmeiras x Chelsea","author":"Luiz Ant\u00f4nio Pr\u00f3speri","date":"4 de julho de 2025","format":false,"excerpt":"Onde assistir e hor\u00e1rios dos jogos de abertura as quartas de final do Mundial de Clubes: Fluminense x Al Hilal em Orlando e Palmeiras x Chelsea na Filad\u00e9lfia. Sexta-feira (04\/7) 16h \u2013 Fluminense x Al Hilal \u2013 Globo, Sportv, globoplay, Caz\u00e9 TV e Dazn 22h \u2013 Palmeiras x Chelsea \u2013\u2026","rel":"","context":"Em &quot;futebol&quot;","block_context":{"text":"futebol","link":"https:\/\/blogdoprosperi.com\/?cat=53870"},"img":{"alt_text":"","src":"https:\/\/i0.wp.com\/blogdoprosperi.com\/wp-content\/uploads\/2025\/07\/captura-de-tela-2025-07-04-as-11.01.28.png?fit=1200%2C780&ssl=1&resize=350%2C200","width":350,"height":200,"srcset":"https:\/\/i0.wp.com\/blogdoprosperi.com\/wp-content\/uploads\/2025\/07\/captura-de-tela-2025-07-04-as-11.01.28.png?fit=1200%2C780&ssl=1&resize=350%2C200 1x, https:\/\/i0.wp.com\/blogdoprosperi.com\/wp-content\/uploads\/2025\/07\/captura-de-tela-2025-07-04-as-11.01.28.png?fit=1200%2C780&ssl=1&resize=525%2C300 1.5x, https:\/\/i0.wp.com\/blogdoprosperi.com\/wp-content\/uploads\/2025\/07\/captura-de-tela-2025-07-04-as-11.01.28.png?fit=1200%2C780&ssl=1&resize=700%2C400 2x, https:\/\/i0.wp.com\/blogdoprosperi.com\/wp-content\/uploads\/2025\/07\/captura-de-tela-2025-07-04-as-11.01.28.png?fit=1200%2C780&ssl=1&resize=1050%2C600 3x"},"classes":[]},{"id":51935,"url":"https:\/\/blogdoprosperi.com\/?p=51935","url_meta":{"origin":52340,"position":3},"title":"Os Quatro Brasileiros Se Classificam \u00e0s Oitavas do Mundial de Clubes: O Que Vem Por A\u00ed","author":"Luiz Ant\u00f4nio Pr\u00f3speri","date":"25 de junho de 2025","format":false,"excerpt":"Luiz Ant\u00f4nio Pr\u00f3speri \u2013 25 junho (20h27) \u2013 atualizado \u00e0s 23h57 \u2013 Palmeiras, Flamengo, Botafogo e Fluminense classificados \u00e0s oitavas de final do Mundial de Clubes. Nos 12 jogos disputados pelo quarteto na fase de grupos, acumulam seis vit\u00f3rias, cinco empates e apenas uma derrota. Vencem dois europeus (Flamengo 3\u2026","rel":"","context":"Em &quot;futebol&quot;","block_context":{"text":"futebol","link":"https:\/\/blogdoprosperi.com\/?cat=53870"},"img":{"alt_text":"","src":"https:\/\/i0.wp.com\/blogdoprosperi.com\/wp-content\/uploads\/2025\/06\/captura-de-tela-2025-06-25-as-23.49.29.png?fit=1140%2C746&ssl=1&resize=350%2C200","width":350,"height":200,"srcset":"https:\/\/i0.wp.com\/blogdoprosperi.com\/wp-content\/uploads\/2025\/06\/captura-de-tela-2025-06-25-as-23.49.29.png?fit=1140%2C746&ssl=1&resize=350%2C200 1x, https:\/\/i0.wp.com\/blogdoprosperi.com\/wp-content\/uploads\/2025\/06\/captura-de-tela-2025-06-25-as-23.49.29.png?fit=1140%2C746&ssl=1&resize=525%2C300 1.5x, https:\/\/i0.wp.com\/blogdoprosperi.com\/wp-content\/uploads\/2025\/06\/captura-de-tela-2025-06-25-as-23.49.29.png?fit=1140%2C746&ssl=1&resize=700%2C400 2x, https:\/\/i0.wp.com\/blogdoprosperi.com\/wp-content\/uploads\/2025\/06\/captura-de-tela-2025-06-25-as-23.49.29.png?fit=1140%2C746&ssl=1&resize=1050%2C600 3x"},"classes":[]},{"id":52524,"url":"https:\/\/blogdoprosperi.com\/?p=52524","url_meta":{"origin":52340,"position":4},"title":"PROS NEWS | URGENTE: \u00faltimas not\u00edcias desta quinta-feira (03\/7)","author":"Luiz Ant\u00f4nio Pr\u00f3speri","date":"3 de julho de 2025","format":false,"excerpt":"\u2295 Fifa reduz pre\u00e7o dos ingressos de Fluminense x Al Hilal \u2013 quartas de final do Mundial de Clubes \u2295 Botafogo vende zagueiro Jair Cunha ao Nottinghan Forest de Premier League \u2295 Portugu\u00eas Pedro Neto do Chelsea j\u00e1 jogou no Palmeiras \u2295 Homenagens a Diogo Jota, morto em acidente de\u2026","rel":"","context":"Em &quot;futebol&quot;","block_context":{"text":"futebol","link":"https:\/\/blogdoprosperi.com\/?cat=53870"},"img":{"alt_text":"","src":"https:\/\/i0.wp.com\/blogdoprosperi.com\/wp-content\/uploads\/2025\/07\/gu7-b1mx0aa9_lg.jpeg?fit=675%2C450&ssl=1&resize=350%2C200","width":350,"height":200,"srcset":"https:\/\/i0.wp.com\/blogdoprosperi.com\/wp-content\/uploads\/2025\/07\/gu7-b1mx0aa9_lg.jpeg?fit=675%2C450&ssl=1&resize=350%2C200 1x, https:\/\/i0.wp.com\/blogdoprosperi.com\/wp-content\/uploads\/2025\/07\/gu7-b1mx0aa9_lg.jpeg?fit=675%2C450&ssl=1&resize=525%2C300 1.5x"},"classes":[]},{"id":51131,"url":"https:\/\/blogdoprosperi.com\/?p=51131","url_meta":{"origin":52340,"position":5},"title":"An\u00e1lise | Brasil Leva ao Mundial de Clubes Seus Quatro Cavaleiros do Apocalipse: a Chance de Palmeiras, Flamengo, Botafogo e Fluminense","author":"Luiz Ant\u00f4nio Pr\u00f3speri","date":"14 de junho de 2025","format":false,"excerpt":"Quando a bolar rolar teremos a clara no\u00e7\u00e3o da dist\u00e2ncia que separa grandes clubes europeus dos nossos quatro cavaleiros do apocalipse Palmeiras, Flamengo, Botafogo e Fluminense","rel":"","context":"Em &quot;futebol&quot;","block_context":{"text":"futebol","link":"https:\/\/blogdoprosperi.com\/?cat=53870"},"img":{"alt_text":"","src":"https:\/\/i0.wp.com\/blogdoprosperi.com\/wp-content\/uploads\/2025\/06\/adversarios_dos_brasileiros_d9b63d7578-1.jpg?fit=1200%2C825&ssl=1&resize=350%2C200","width":350,"height":200,"srcset":"https:\/\/i0.wp.com\/blogdoprosperi.com\/wp-content\/uploads\/2025\/06\/adversarios_dos_brasileiros_d9b63d7578-1.jpg?fit=1200%2C825&ssl=1&resize=350%2C200 1x, https:\/\/i0.wp.com\/blogdoprosperi.com\/wp-content\/uploads\/2025\/06\/adversarios_dos_brasileiros_d9b63d7578-1.jpg?fit=1200%2C825&ssl=1&resize=525%2C300 1.5x, https:\/\/i0.wp.com\/blogdoprosperi.com\/wp-content\/uploads\/2025\/06\/adversarios_dos_brasileiros_d9b63d7578-1.jpg?fit=1200%2C825&ssl=1&resize=700%2C400 2x, https:\/\/i0.wp.com\/blogdoprosperi.com\/wp-content\/uploads\/2025\/06\/adversarios_dos_brasileiros_d9b63d7578-1.jpg?fit=1200%2C825&ssl=1&resize=1050%2C600 3x"},"classes":[]}],"jetpack_featured_media_url":"https:\/\/i0.wp.com\/blogdoprosperi.com\/wp-content\/uploads\/2025\/07\/palmeiras-fluminens.png?fit=1200%2C699&ssl=1","_links":{"self":[{"href":"https:\/\/blogdoprosperi.com\/index.php?rest_route=\/wp\/v2\/posts\/52340","targetHints":{"allow":["GET"]}}],"collection":[{"href":"https:\/\/blogdoprosperi.com\/index.php?rest_route=\/wp\/v2\/posts"}],"about":[{"href":"https:\/\/blogdoprosperi.com\/index.php?rest_route=\/wp\/v2\/types\/post"}],"author":[{"embeddable":true,"href":"https:\/\/blogdoprosperi.com\/index.php?rest_route=\/wp\/v2\/users\/102107496"}],"replies":[{"embeddable":true,"href":"https:\/\/blogdoprosperi.com\/index.php?rest_route=%2Fwp%2Fv2%2Fcomments&post=52340"}],"version-history":[{"count":11,"href":"https:\/\/blogdoprosperi.com\/index.php?rest_route=\/wp\/v2\/posts\/52340\/revisions"}],"predecessor-version":[{"id":52440,"href":"https:\/\/blogdoprosperi.com\/index.php?rest_route=\/wp\/v2\/posts\/52340\/revisions\/52440"}],"wp:featuredmedia":[{"embeddable":true,"href":"https:\/\/blogdoprosperi.com\/index.php?rest_route=\/wp\/v2\/media\/52352"}],"wp:attachment":[{"href":"https:\/\/blogdoprosperi.com\/index.php?rest_route=%2Fwp%2Fv2%2Fmedia&parent=52340"}],"wp:term":[{"taxonomy":"category","embeddable":true,"href":"https:\/\/blogdoprosperi.com\/index.php?rest_route=%2Fwp%2Fv2%2Fcategories&post=52340"},{"taxonomy":"post_tag","embeddable":true,"href":"https:\/\/blogdoprosperi.com\/index.php?rest_route=%2Fwp%2Fv2%2Ftags&post=52340"}],"curies":[{"name":"wp","href":"https:\/\/api.w.org\/{rel}","templated":true}]}}