{"id":52499,"date":"2025-07-03T14:55:15","date_gmt":"2025-07-03T17:55:15","guid":{"rendered":"https:\/\/blogdoprosperi.com\/?p=52499"},"modified":"2025-07-03T14:55:55","modified_gmt":"2025-07-03T17:55:55","slug":"estou-com-o-coracao-partido-jurgen-klopp-lidera-homenagens-apos-morte-de-diogo-jota-aos-28-anos","status":"publish","type":"post","link":"https:\/\/blogdoprosperi.com\/?p=52499","title":{"rendered":"&#8216;Estou com o Cora\u00e7\u00e3o Partido&#8217;: J\u00fcrgen Klopp Lidera Homenagens ap\u00f3s Morte de Diogo Jota aos 28 anos"},"content":{"rendered":"<p><strong>Cristiano Ronaldo diz que morte de companheiro de equipe &#8220;n\u00e3o faz sentido&#8221;<\/strong><\/p>\n<p><strong>Os Wolves dizem que &#8216;as mem\u00f3rias que ele criou nunca ser\u00e3o esquecidas&#8217;<\/strong><\/p>\n<p><strong>V\u00eddeo mostra local do acidente de Diogo Costa e seu irm\u00e3o Andr\u00e9<\/strong><\/p>\n<hr \/>\n<p><em>Ben Fischer \u2013 The Guardian, de Londres \u2013 3 julho (14h05) \u2013<\/em><\/p>\n<p>J\u00fcrgen Klopp e Cristiano Ronaldo lideraram as homenagens de todo o mundo do futebol a Diogo Jota ap\u00f3s a\u00a0morte do atacante do Liverpool e de Portugal em um acidente de carro\u00a0na Espanha. O irm\u00e3o de Jota, Andr\u00e9, tamb\u00e9m morreu no acidente na prov\u00edncia de Zamora.<\/p>\n<p class=\"dcr-16w5gq9\">Jota tinha 28 anos, era pai de tr\u00eas filhos pequenos e havia se casado com sua companheira de longa data, Rute Cardoso, h\u00e1 menos de duas semanas. Klopp, que contratou Jota para\u00a0o Liverpool\u00a0em 2020 e o treinou por quatro temporadas, postou no Instagram: &#8220;Este \u00e9 um momento em que estou lutando! Deve haver um prop\u00f3sito maior! Mas eu n\u00e3o consigo v\u00ea-lo!&#8221;<\/p>\n<figure id=\"3eb62787-9078-441e-b3d6-77c74ff7e2ba\" class=\"dcr-1your1i\">\n<div class=\"dcr-1kyw41h\">\n<div class=\"dcr-w8vala\">\n<div class=\"dcr-1lhuo3r\"><\/div>\n<div><img data-recalc-dims=\"1\" loading=\"lazy\" decoding=\"async\" class=\"dcr-1e3yjba\" src=\"https:\/\/i0.wp.com\/i.guim.co.uk\/img\/media\/f22ef7ab223f2a516c0014cb05064e019aeaa85b\/0_173_3460_2769\/master\/3460.jpg?resize=940%2C752&#038;ssl=1\" alt=\"Diogo Jota comemora diante da torcida do Liverpool em Anfield\" width=\"940\" height=\"752\" \/><\/div>\n<div class=\"dcr-ut4tvs\">\n<div class=\"dcr-1h5b6rb\">\n<div class=\"dcr-1dgt1gs\"><em>Diogo Jota, jogador do Liverpool e de Portugal, morre aos 28 anos em acidente de carro<\/em><\/div>\n<\/div>\n<div class=\"dcr-eurq8n\">\n<div class=\"dcr-fkf7vq\"><\/div>\n<\/div>\n<\/div>\n<\/div>\n<\/div>\n<\/figure>\n<p class=\"dcr-16w5gq9\">\u201cEstou com o cora\u00e7\u00e3o partido ao saber do falecimento de Diogo e seu irm\u00e3o Andr\u00e9. Diogo n\u00e3o era apenas um jogador fant\u00e1stico, mas tamb\u00e9m um grande amigo, um marido e pai amoroso e atencioso! Sentiremos muita falta de voc\u00eas! Todas as minhas ora\u00e7\u00f5es, pensamentos e for\u00e7a para Rute, as crian\u00e7as, a fam\u00edlia, os amigos e todos que os amavam! Descansem em paz \u2013 com amor.\u201d<\/p>\n<p class=\"dcr-16w5gq9\">Ronaldo, que jogou com Jota por\u00a0Portugal\u00a0, postou uma mensagem em portugu\u00eas nas redes sociais, que, traduzida, dizia: \u201cN\u00e3o faz sentido. Ainda h\u00e1 pouco est\u00e1vamos juntos na sele\u00e7\u00e3o, ainda h\u00e1 pouco voc\u00ea se casou. \u00c0 sua fam\u00edlia, \u00e0 sua esposa, aos seus filhos, envio as minhas condol\u00eancias e desejo-lhes toda a for\u00e7a do mundo. Sei que estar\u00e3o sempre com eles. Descansem em paz, Diogo e Andr\u00e9. Sentiremos a falta de todos voc\u00eas.\u201d<\/p>\n<p class=\"dcr-16w5gq9\">O Wolves, antigo clube de Jota e seu primeiro na Inglaterra, para onde foi emprestado em 2017, antes de se transferir do Atl\u00e9tico de Madrid em definitivo no ver\u00e3o seguinte, disse estar de cora\u00e7\u00e3o partido. Jota conquistou o acesso \u00e0\u00a0Premier League\u00a0em sua primeira temporada e disputou 131 partidas pelo Wolves antes de se transferir para o Liverpool em 2020, vencendo a Premier League na temporada passada.<\/p>\n<p class=\"dcr-16w5gq9\">O Wolves disse: \u201cDiogo era adorado pelos nossos f\u00e3s, amado pelos seus companheiros de equipa e estimado por todos os que trabalharam com ele durante a sua passagem pelo Wolves. As mem\u00f3rias que ele criou nunca ser\u00e3o esquecidas. Os nossos cora\u00e7\u00f5es est\u00e3o com a fam\u00edlia, amigos e entes queridos de Diogo e do seu irm\u00e3o, Andr\u00e9. Sentiremos muita falta de voc\u00eas e ser\u00e3o sempre lembrados.\u201d<\/p>\n<p class=\"dcr-16w5gq9\">O ex-zagueiro do Liverpool Jamie Carragher disse: &#8220;Not\u00edcias devastadoras sobre Diogo Jota e seu irm\u00e3o Andr\u00e9 esta manh\u00e3. Meus pensamentos est\u00e3o com todos os familiares e amigos, especialmente com sua esposa Rute e seus tr\u00eas filhos ador\u00e1veis.&#8221;<\/p>\n<p class=\"dcr-16w5gq9\">R\u00faben Neves, ex-companheiro de Jota no Wolves e na sele\u00e7\u00e3o portuguesa, que joga pelo Al-Hilal da Ar\u00e1bia Saudita, postou uma mensagem comovente nas redes sociais: &#8220;Dizem que s\u00f3 perdemos algu\u00e9m quando nos esquecemos dele. Nunca te esquecerei!&#8221;<\/p>\n<p class=\"dcr-16w5gq9\">O Porto, clube portugu\u00eas para o qual Jota chegou por empr\u00e9stimo do Atl\u00e9tico em 2016, declarou estar de luto. Um comunicado afirma: &#8220;\u00c9 com choque e profundo pesar que enviamos as nossas mais sentidas condol\u00eancias \u00e0 fam\u00edlia e aos amigos de Diogo Jota e do seu irm\u00e3o Andr\u00e9 Silva, que tamb\u00e9m foi nosso atleta nas categorias de base.&#8221; O Sporting, rival do Porto, declarou: &#8220;O mundo do futebol est\u00e1 mais pobre.&#8221;<\/p>\n<p class=\"dcr-16w5gq9\">A Premier League tamb\u00e9m prestou homenagem a Jota, com um comunicado dizendo: \u201cTodos na Premier League est\u00e3o chocados e devastados ao saber do tr\u00e1gico falecimento de Diogo Jota e seu irm\u00e3o Andr\u00e9. Nossas mais sinceras condol\u00eancias \u00e0 fam\u00edlia de Diogo, aos amigos, ao Liverpool FC e a todos os seus torcedores neste momento de profunda tristeza. O futebol perdeu um campe\u00e3o que far\u00e1 falta para sempre. Continuaremos a apoiar nossos amigos e colegas do clube.\u201d<\/p>\n<figure id=\"7b9f49c0-111e-45da-bda5-a5cb86f1b0a9\" class=\"dcr-173mewl\">\n<div id=\"img-1\" class=\"dcr-1t8m8f2\"><img data-recalc-dims=\"1\" loading=\"lazy\" decoding=\"async\" class=\"dcr-evn1e9\" src=\"https:\/\/i0.wp.com\/i.guim.co.uk\/img\/media\/a26c61352084272ca9d460b09fee92dc68caa037\/0_0_3238_2342\/master\/3238.jpg?resize=603%2C437&#038;ssl=1\" alt=\"Diogo Jota levanta o trof\u00e9u da Premier League em maio.\" width=\"603\" height=\"437\" \/><\/div><figcaption class=\"dcr-1tx6u99\"><em><span class=\"dcr-1qvd3m6\">Diogo Jota ergue o trof\u00e9u da Premier League em maio.<\/span> foto: Phil Noble\/Reuters<\/em><\/figcaption><\/figure>\n<p class=\"dcr-16w5gq9\">Andr\u00e9 tamb\u00e9m era jogador de futebol profissional e seu clube, o Penafiel, da segunda divis\u00e3o portuguesa, expressou sua &#8220;tristeza e consterna\u00e7\u00e3o&#8221; ap\u00f3s a morte do jogador e de seu irm\u00e3o. O Penafiel disse: &#8220;Neste momento t\u00e3o dif\u00edcil, o Penafiel Football Club envia as mais sinceras condol\u00eancias \u00e0 fam\u00edlia, aos amigos e a todos aqueles que compartilharam com Andr\u00e9 e Diogo momentos de vida e paix\u00e3o pelo esporte&#8230; Que descansem em paz.&#8221;<\/p>\n<p class=\"dcr-16w5gq9\">O jogador de basquete do Los Angeles Lakers, LeBron James, que tem participa\u00e7\u00e3o na Fenway Sports Group, propriet\u00e1ria do Liverpool, escreveu: \u201cMinhas ora\u00e7\u00f5es est\u00e3o com seus entes queridos neste momento! Que todos sejam guiados e protegidos! YNWA [Voc\u00ea Nunca Andar\u00e1 Sozinho] JOTA!!\u201d<\/p>\n<p class=\"dcr-16w5gq9\">Keir Starmer, o primeiro-ministro do Reino Unido, disse: \u201cH\u00e1 milh\u00f5es de torcedores do Liverpool, mas tamb\u00e9m torcedores de futebol, n\u00e3o torcedores, que tamb\u00e9m ficar\u00e3o chocados com isso. \u00c9 devastador, e \u00e9 muito importante termos em mente o qu\u00e3o dif\u00edcil ser\u00e1 este per\u00edodo para seus amigos e sua fam\u00edlia.\u201d<\/p>\n<p><a href=\"https:\/\/www.theguardian.com\/football\/2025\/jul\/03\/diogo-jota-tributes-paid-after-death-aged-28\"><span style=\"color: #0000ff\"><strong>(reportagem publicada no jornal The Guardian, de Londres)<\/strong><\/span><\/a><\/p>\n<hr \/>\n<p><strong>V\u00eddeo publicado pelo jornal Diario de Castilla<\/strong><\/p>\n<div class=\"jetpack-video-wrapper\"><span class=\"embed-youtube\" style=\"text-align:center; display: block;\"><iframe loading=\"lazy\" class=\"youtube-player\" width=\"560\" height=\"315\" src=\"https:\/\/www.youtube.com\/embed\/jN9Kwd7v9g8?version=3&#038;rel=1&#038;showsearch=0&#038;showinfo=1&#038;iv_load_policy=1&#038;fs=1&#038;hl=pt-BR&#038;autohide=2&#038;wmode=transparent\" allowfullscreen=\"true\" style=\"border:0;\" sandbox=\"allow-scripts allow-same-origin allow-popups allow-presentation allow-popups-to-escape-sandbox\"><\/iframe><\/span><\/div>\n<hr \/>\n<p><strong>Fotos do site SIC Not\u00edcias<\/strong><\/p>\n<div class=\"tiled-gallery type-rectangular tiled-gallery-unresized\" data-original-width=\"940\" data-carousel-extra='{&quot;blog_id&quot;:1,&quot;permalink&quot;:&quot;https:\\\/\\\/blogdoprosperi.com\\\/?p=52499&quot;,&quot;likes_blog_id&quot;:108082574}' itemscope itemtype=\"http:\/\/schema.org\/ImageGallery\" > <div class=\"gallery-row\" style=\"width: 940px; height: 410px;\" data-original-width=\"940\" data-original-height=\"410\" > <div class=\"gallery-group images-1\" style=\"width: 620px; height: 410px;\" data-original-width=\"620\" data-original-height=\"410\" > <div class=\"tiled-gallery-item tiled-gallery-item-large\" itemprop=\"associatedMedia\" itemscope itemtype=\"http:\/\/schema.org\/ImageObject\"> <a href=\"https:\/\/blogdoprosperi.com\/?attachment_id=52508\" border=\"0\" itemprop=\"url\"> <meta itemprop=\"width\" content=\"616\"> <meta itemprop=\"height\" content=\"406\"> <img decoding=\"async\" class=\"\" data-attachment-id=\"52508\" data-orig-file=\"https:\/\/blogdoprosperi.com\/wp-content\/uploads\/2025\/07\/captura-de-tela-2025-07-03-as-14.46.26.png\" data-orig-size=\"1486,978\" data-comments-opened=\"1\" data-image-meta=\"{&quot;aperture&quot;:&quot;0&quot;,&quot;credit&quot;:&quot;&quot;,&quot;camera&quot;:&quot;&quot;,&quot;caption&quot;:&quot;&quot;,&quot;created_timestamp&quot;:&quot;0&quot;,&quot;copyright&quot;:&quot;&quot;,&quot;focal_length&quot;:&quot;0&quot;,&quot;iso&quot;:&quot;0&quot;,&quot;shutter_speed&quot;:&quot;0&quot;,&quot;title&quot;:&quot;&quot;,&quot;orientation&quot;:&quot;0&quot;}\" data-image-title=\"Captura de Tela 2025-07-03 \u00e0s 14.46.26\" data-image-description=\"\" data-medium-file=\"https:\/\/i0.wp.com\/blogdoprosperi.com\/wp-content\/uploads\/2025\/07\/captura-de-tela-2025-07-03-as-14.46.26.png?fit=574%2C378&#038;ssl=1\" data-large-file=\"https:\/\/i0.wp.com\/blogdoprosperi.com\/wp-content\/uploads\/2025\/07\/captura-de-tela-2025-07-03-as-14.46.26.png?fit=940%2C619&#038;ssl=1\" src=\"https:\/\/i0.wp.com\/blogdoprosperi.com\/wp-content\/uploads\/2025\/07\/captura-de-tela-2025-07-03-as-14.46.26.png?w=616&#038;h=406&#038;ssl=1\" width=\"616\" height=\"406\" loading=\"lazy\" data-original-width=\"616\" data-original-height=\"406\" itemprop=\"http:\/\/schema.org\/image\" title=\"Captura de Tela 2025-07-03 \u00e0s 14.46.26\" alt=\"Homenagens a Diogo Costa em frente clube Liverpool \u2013 fotos: SIC Not\u00edcias\" style=\"width: 616px; height: 406px;\" \/> <\/a> <div class=\"tiled-gallery-caption\" itemprop=\"caption description\"> Homenagens a Diogo Costa em frente clube Liverpool \u2013 fotos: SIC Not\u00edcias <\/div> <\/div> <\/div> <!-- close group --> <div class=\"gallery-group images-2\" style=\"width: 320px; height: 410px;\" data-original-width=\"320\" data-original-height=\"410\" > <div class=\"tiled-gallery-item tiled-gallery-item-large\" itemprop=\"associatedMedia\" itemscope itemtype=\"http:\/\/schema.org\/ImageObject\"> <a href=\"https:\/\/blogdoprosperi.com\/?attachment_id=52509\" border=\"0\" itemprop=\"url\"> <meta itemprop=\"width\" content=\"316\"> <meta itemprop=\"height\" content=\"198\"> <img decoding=\"async\" class=\"\" data-attachment-id=\"52509\" data-orig-file=\"https:\/\/blogdoprosperi.com\/wp-content\/uploads\/2025\/07\/captura-de-tela-2025-07-03-as-14.47.15.png\" data-orig-size=\"1432,896\" data-comments-opened=\"1\" data-image-meta=\"{&quot;aperture&quot;:&quot;0&quot;,&quot;credit&quot;:&quot;&quot;,&quot;camera&quot;:&quot;&quot;,&quot;caption&quot;:&quot;&quot;,&quot;created_timestamp&quot;:&quot;0&quot;,&quot;copyright&quot;:&quot;&quot;,&quot;focal_length&quot;:&quot;0&quot;,&quot;iso&quot;:&quot;0&quot;,&quot;shutter_speed&quot;:&quot;0&quot;,&quot;title&quot;:&quot;&quot;,&quot;orientation&quot;:&quot;0&quot;}\" data-image-title=\"Captura de Tela 2025-07-03 \u00e0s 14.47.15\" data-image-description=\"\" data-medium-file=\"https:\/\/i0.wp.com\/blogdoprosperi.com\/wp-content\/uploads\/2025\/07\/captura-de-tela-2025-07-03-as-14.47.15.png?fit=604%2C378&#038;ssl=1\" data-large-file=\"https:\/\/i0.wp.com\/blogdoprosperi.com\/wp-content\/uploads\/2025\/07\/captura-de-tela-2025-07-03-as-14.47.15.png?fit=940%2C588&#038;ssl=1\" src=\"https:\/\/i0.wp.com\/blogdoprosperi.com\/wp-content\/uploads\/2025\/07\/captura-de-tela-2025-07-03-as-14.47.15.png?w=316&#038;h=198&#038;ssl=1\" width=\"316\" height=\"198\" loading=\"lazy\" data-original-width=\"316\" data-original-height=\"198\" itemprop=\"http:\/\/schema.org\/image\" title=\"Captura de Tela 2025-07-03 \u00e0s 14.47.15\" alt=\"Captura de Tela 2025-07-03 \u00e0s 14.47.15\" style=\"width: 316px; height: 198px;\" \/> <\/a> <\/div> <div class=\"tiled-gallery-item tiled-gallery-item-large\" itemprop=\"associatedMedia\" itemscope itemtype=\"http:\/\/schema.org\/ImageObject\"> <a href=\"https:\/\/blogdoprosperi.com\/?attachment_id=52510\" border=\"0\" itemprop=\"url\"> <meta itemprop=\"width\" content=\"316\"> <meta itemprop=\"height\" content=\"204\"> <img decoding=\"async\" class=\"\" data-attachment-id=\"52510\" data-orig-file=\"https:\/\/blogdoprosperi.com\/wp-content\/uploads\/2025\/07\/captura-de-tela-2025-07-03-as-14.46.58.png\" data-orig-size=\"1484,960\" data-comments-opened=\"1\" data-image-meta=\"{&quot;aperture&quot;:&quot;0&quot;,&quot;credit&quot;:&quot;&quot;,&quot;camera&quot;:&quot;&quot;,&quot;caption&quot;:&quot;&quot;,&quot;created_timestamp&quot;:&quot;0&quot;,&quot;copyright&quot;:&quot;&quot;,&quot;focal_length&quot;:&quot;0&quot;,&quot;iso&quot;:&quot;0&quot;,&quot;shutter_speed&quot;:&quot;0&quot;,&quot;title&quot;:&quot;&quot;,&quot;orientation&quot;:&quot;0&quot;}\" data-image-title=\"Captura de Tela 2025-07-03 \u00e0s 14.46.58\" data-image-description=\"\" data-medium-file=\"https:\/\/i0.wp.com\/blogdoprosperi.com\/wp-content\/uploads\/2025\/07\/captura-de-tela-2025-07-03-as-14.46.58.png?fit=584%2C378&#038;ssl=1\" data-large-file=\"https:\/\/i0.wp.com\/blogdoprosperi.com\/wp-content\/uploads\/2025\/07\/captura-de-tela-2025-07-03-as-14.46.58.png?fit=940%2C608&#038;ssl=1\" src=\"https:\/\/i0.wp.com\/blogdoprosperi.com\/wp-content\/uploads\/2025\/07\/captura-de-tela-2025-07-03-as-14.46.58.png?w=316&#038;h=204&#038;ssl=1\" width=\"316\" height=\"204\" loading=\"lazy\" data-original-width=\"316\" data-original-height=\"204\" itemprop=\"http:\/\/schema.org\/image\" title=\"Captura de Tela 2025-07-03 \u00e0s 14.46.58\" alt=\"Captura de Tela 2025-07-03 \u00e0s 14.46.58\" style=\"width: 316px; height: 204px;\" \/> <\/a> <\/div> <\/div> <!-- close group --> <\/div> <!-- close row --> <\/div>\n<hr \/>\n<p>&nbsp;<\/p>\n","protected":false},"excerpt":{"rendered":"<p>Cristiano Ronaldo diz que morte de companheiro de equipe &#8220;n\u00e3o faz sentido&#8221; Os Wolves dizem que &#8216;as mem\u00f3rias [&hellip;]<\/p>\n","protected":false},"author":102107496,"featured_media":52505,"comment_status":"open","ping_status":"open","sticky":false,"template":"","format":"standard","meta":{"_coblocks_attr":"","_coblocks_dimensions":"","_coblocks_responsive_height":"","_coblocks_accordion_ie_support":"","_jetpack_newsletter_access":"","_jetpack_dont_email_post_to_subs":false,"_jetpack_newsletter_tier_id":0,"_jetpack_memberships_contains_paywalled_content":false,"_wpcom_ai_launchpad_first_post":false,"_jetpack_feature_clip_id":0,"_jetpack_memberships_contains_paid_content":false,"footnotes":"","jetpack_publicize_message":"","jetpack_publicize_feature_enabled":true,"jetpack_social_post_already_shared":false,"jetpack_social_options":{"image_generator_settings":{"template":"highway","default_image_id":0,"font":"","enabled":false},"version":2},"jetpack_post_was_ever_published":false},"categories":[53870,20384,551766],"tags":[66172,782343572,789560560,566201202,2641281,13015,13057],"class_list":["post-52499","post","type-post","status-publish","format-standard","has-post-thumbnail","hentry","category-futebol","category-informacao","category-mundial-de-clubes","tag-cristiano-ronaldo","tag-diogo-costa-morte","tag-futebol","tag-hebron-james","tag-jurgen-klopp","tag-liverpool","tag-premier-league"],"yoast_head":"<!-- This site is optimized with the Yoast SEO plugin v28.4 - https:\/\/yoast.com\/product\/yoast-seo-wordpress\/ -->\n<title>&#039;Estou com o Cora\u00e7\u00e3o Partido&#039;: J\u00fcrgen Klopp Lidera Homenagens ap\u00f3s Morte de Diogo Jota aos 28 anos - PR\u00d3SPERI NEWS<\/title>\n<meta name=\"robots\" content=\"index, follow, max-snippet:-1, max-image-preview:large, max-video-preview:-1\" \/>\n<link rel=\"canonical\" href=\"https:\/\/blogdoprosperi.com\/?p=52499\" \/>\n<meta property=\"og:locale\" content=\"pt_BR\" \/>\n<meta property=\"og:type\" content=\"article\" \/>\n<meta property=\"og:title\" content=\"&#039;Estou com o Cora\u00e7\u00e3o Partido&#039;: J\u00fcrgen Klopp Lidera Homenagens ap\u00f3s Morte de Diogo Jota aos 28 anos - PR\u00d3SPERI NEWS\" \/>\n<meta property=\"og:description\" content=\"Cristiano Ronaldo diz que morte de companheiro de equipe &#8220;n\u00e3o faz sentido&#8221; Os Wolves dizem que &#8216;as mem\u00f3rias [&hellip;]\" \/>\n<meta property=\"og:url\" content=\"https:\/\/blogdoprosperi.com\/?p=52499\" \/>\n<meta property=\"og:site_name\" content=\"PR\u00d3SPERI NEWS\" \/>\n<meta property=\"article:publisher\" content=\"Luiz Pr\u00f3speri\" \/>\n<meta property=\"article:author\" content=\"Luiz Pr\u00f3speri\" \/>\n<meta property=\"article:published_time\" content=\"2025-07-03T17:55:15+00:00\" \/>\n<meta property=\"article:modified_time\" content=\"2025-07-03T17:55:55+00:00\" \/>\n<meta property=\"og:image\" content=\"https:\/\/i0.wp.com\/blogdoprosperi.com\/wp-content\/uploads\/2025\/07\/1305928-diogo-jota-do-liverpool-morre-em-acidente-de-transito-na-esp-1.jpg?fit=1239%2C826&ssl=1\" \/>\n\t<meta property=\"og:image:width\" content=\"1239\" \/>\n\t<meta property=\"og:image:height\" content=\"826\" \/>\n\t<meta property=\"og:image:type\" content=\"image\/jpeg\" \/>\n<meta name=\"author\" content=\"Luiz Ant\u00f4nio Pr\u00f3speri\" \/>\n<meta name=\"twitter:card\" content=\"summary_large_image\" \/>\n<meta name=\"twitter:creator\" content=\"@Luizprosperi\" \/>\n<meta name=\"twitter:site\" content=\"@Luizprosperi\" \/>\n<meta name=\"twitter:label1\" content=\"Escrito por\" \/>\n\t<meta name=\"twitter:data1\" content=\"Luiz Ant\u00f4nio Pr\u00f3speri\" \/>\n\t<meta name=\"twitter:label2\" content=\"Est. tempo de leitura\" \/>\n\t<meta name=\"twitter:data2\" content=\"5 minutos\" \/>\n<script type=\"application\/ld+json\" class=\"yoast-schema-graph\">{\"@context\":\"https:\\\/\\\/schema.org\",\"@graph\":[{\"@type\":\"Article\",\"@id\":\"https:\\\/\\\/blogdoprosperi.com\\\/?p=52499#article\",\"isPartOf\":{\"@id\":\"https:\\\/\\\/blogdoprosperi.com\\\/?p=52499\"},\"author\":{\"name\":\"Luiz Ant\u00f4nio Pr\u00f3speri\",\"@id\":\"https:\\\/\\\/blogdoprosperi.com\\\/#\\\/schema\\\/person\\\/38100755ce3601861ee4fab9b5aa78e9\"},\"headline\":\"&#8216;Estou com o Cora\u00e7\u00e3o Partido&#8217;: J\u00fcrgen Klopp Lidera Homenagens ap\u00f3s Morte de Diogo Jota aos 28 anos\",\"datePublished\":\"2025-07-03T17:55:15+00:00\",\"dateModified\":\"2025-07-03T17:55:55+00:00\",\"mainEntityOfPage\":{\"@id\":\"https:\\\/\\\/blogdoprosperi.com\\\/?p=52499\"},\"wordCount\":976,\"commentCount\":0,\"publisher\":{\"@id\":\"https:\\\/\\\/blogdoprosperi.com\\\/#\\\/schema\\\/person\\\/38100755ce3601861ee4fab9b5aa78e9\"},\"image\":{\"@id\":\"https:\\\/\\\/blogdoprosperi.com\\\/?p=52499#primaryimage\"},\"thumbnailUrl\":\"https:\\\/\\\/i0.wp.com\\\/blogdoprosperi.com\\\/wp-content\\\/uploads\\\/2025\\\/07\\\/1305928-diogo-jota-do-liverpool-morre-em-acidente-de-transito-na-esp-1.jpg?fit=1239%2C826&ssl=1\",\"keywords\":[\"Cristiano Ronaldo\",\"Diogo costa morte\",\"futebol\",\"Hebron james\",\"Jurgen klopp\",\"Liverpool\",\"Premier League\"],\"articleSection\":[\"futebol\",\"informa\u00e7\u00e3o\",\"Mundial de Clubes\"],\"inLanguage\":\"pt-BR\",\"potentialAction\":[{\"@type\":\"CommentAction\",\"name\":\"Comment\",\"target\":[\"https:\\\/\\\/blogdoprosperi.com\\\/?p=52499#respond\"]}]},{\"@type\":\"WebPage\",\"@id\":\"https:\\\/\\\/blogdoprosperi.com\\\/?p=52499\",\"url\":\"https:\\\/\\\/blogdoprosperi.com\\\/?p=52499\",\"name\":\"'Estou com o Cora\u00e7\u00e3o Partido': J\u00fcrgen Klopp Lidera Homenagens ap\u00f3s Morte de Diogo Jota aos 28 anos - PR\u00d3SPERI NEWS\",\"isPartOf\":{\"@id\":\"https:\\\/\\\/blogdoprosperi.com\\\/#website\"},\"primaryImageOfPage\":{\"@id\":\"https:\\\/\\\/blogdoprosperi.com\\\/?p=52499#primaryimage\"},\"image\":{\"@id\":\"https:\\\/\\\/blogdoprosperi.com\\\/?p=52499#primaryimage\"},\"thumbnailUrl\":\"https:\\\/\\\/i0.wp.com\\\/blogdoprosperi.com\\\/wp-content\\\/uploads\\\/2025\\\/07\\\/1305928-diogo-jota-do-liverpool-morre-em-acidente-de-transito-na-esp-1.jpg?fit=1239%2C826&ssl=1\",\"datePublished\":\"2025-07-03T17:55:15+00:00\",\"dateModified\":\"2025-07-03T17:55:55+00:00\",\"breadcrumb\":{\"@id\":\"https:\\\/\\\/blogdoprosperi.com\\\/?p=52499#breadcrumb\"},\"inLanguage\":\"pt-BR\",\"potentialAction\":[{\"@type\":\"ReadAction\",\"target\":[\"https:\\\/\\\/blogdoprosperi.com\\\/?p=52499\"]}]},{\"@type\":\"ImageObject\",\"inLanguage\":\"pt-BR\",\"@id\":\"https:\\\/\\\/blogdoprosperi.com\\\/?p=52499#primaryimage\",\"url\":\"https:\\\/\\\/i0.wp.com\\\/blogdoprosperi.com\\\/wp-content\\\/uploads\\\/2025\\\/07\\\/1305928-diogo-jota-do-liverpool-morre-em-acidente-de-transito-na-esp-1.jpg?fit=1239%2C826&ssl=1\",\"contentUrl\":\"https:\\\/\\\/i0.wp.com\\\/blogdoprosperi.com\\\/wp-content\\\/uploads\\\/2025\\\/07\\\/1305928-diogo-jota-do-liverpool-morre-em-acidente-de-transito-na-esp-1.jpg?fit=1239%2C826&ssl=1\",\"width\":1239,\"height\":826,\"caption\":\"Diogo Jota \u2013 imagem: reprodu\u00e7\u00e3o redes sociais\"},{\"@type\":\"BreadcrumbList\",\"@id\":\"https:\\\/\\\/blogdoprosperi.com\\\/?p=52499#breadcrumb\",\"itemListElement\":[{\"@type\":\"ListItem\",\"position\":1,\"name\":\"In\u00edcio\",\"item\":\"https:\\\/\\\/blogdoprosperi.com\\\/\"},{\"@type\":\"ListItem\",\"position\":2,\"name\":\"&#8216;Estou com o Cora\u00e7\u00e3o Partido&#8217;: J\u00fcrgen Klopp Lidera Homenagens ap\u00f3s Morte de Diogo Jota aos 28 anos\"}]},{\"@type\":\"WebSite\",\"@id\":\"https:\\\/\\\/blogdoprosperi.com\\\/#website\",\"url\":\"https:\\\/\\\/blogdoprosperi.com\\\/\",\"name\":\"PR\u00d3SPERI NEWS\",\"description\":\"TUDO \u00c9  FUTEBOL\",\"publisher\":{\"@id\":\"https:\\\/\\\/blogdoprosperi.com\\\/#\\\/schema\\\/person\\\/38100755ce3601861ee4fab9b5aa78e9\"},\"alternateName\":\"blogdoprosperi.com\",\"potentialAction\":[{\"@type\":\"SearchAction\",\"target\":{\"@type\":\"EntryPoint\",\"urlTemplate\":\"https:\\\/\\\/blogdoprosperi.com\\\/?s={search_term_string}\"},\"query-input\":{\"@type\":\"PropertyValueSpecification\",\"valueRequired\":true,\"valueName\":\"search_term_string\"}}],\"inLanguage\":\"pt-BR\"},{\"@type\":[\"Person\",\"Organization\"],\"@id\":\"https:\\\/\\\/blogdoprosperi.com\\\/#\\\/schema\\\/person\\\/38100755ce3601861ee4fab9b5aa78e9\",\"name\":\"Luiz Ant\u00f4nio Pr\u00f3speri\",\"pronouns\":\"ele\",\"image\":{\"@type\":\"ImageObject\",\"inLanguage\":\"pt-BR\",\"@id\":\"https:\\\/\\\/i0.wp.com\\\/blogdoprosperi.com\\\/wp-content\\\/uploads\\\/2026\\\/05\\\/cropped-8059e613-6002-42fa-961e-8e275f575d71-2-5.jpg?fit=1360%2C931&ssl=1\",\"url\":\"https:\\\/\\\/i0.wp.com\\\/blogdoprosperi.com\\\/wp-content\\\/uploads\\\/2026\\\/05\\\/cropped-8059e613-6002-42fa-961e-8e275f575d71-2-5.jpg?fit=1360%2C931&ssl=1\",\"contentUrl\":\"https:\\\/\\\/i0.wp.com\\\/blogdoprosperi.com\\\/wp-content\\\/uploads\\\/2026\\\/05\\\/cropped-8059e613-6002-42fa-961e-8e275f575d71-2-5.jpg?fit=1360%2C931&ssl=1\",\"width\":1360,\"height\":931,\"caption\":\"Luiz Ant\u00f4nio Pr\u00f3speri\"},\"logo\":{\"@id\":\"https:\\\/\\\/i0.wp.com\\\/blogdoprosperi.com\\\/wp-content\\\/uploads\\\/2026\\\/05\\\/cropped-8059e613-6002-42fa-961e-8e275f575d71-2-5.jpg?fit=1360%2C931&ssl=1\"},\"description\":\"Jornalista com carreira dedicada ao esporte. Cobriu 9 Copas do Mundo in loco, 1990 na It\u00e1lia, 1994 nos EUA, 1998 na Fran\u00e7a, 2002 na Coreia do Sul e Jap\u00e3o, 2006 na Alemanha, 2010 na \u00c1frica do Sul, 2014 no Brasil, 2018 na R\u00fassia e 2022 no Qatar. Eurocopas, 1992 na Su\u00e9cia e 1996 na Inglaterra. Copa das Confedera\u00e7\u00f5es de 2005 na Alemanha e 2009 na \u00c1frica do Sul. Rep\u00f3rter e Editor, trabalhou no Jornal da Tarde e Estad\u00e3o, de 1984 a fevereiro de 2016. Colunista, blogueiro. E comentarista de futebol na R\u00e1dio Estad\u00e3o, de 2013 a fevereiro de 2016. Jornalista respons\u00e1vel do \\\"Pr\u00f3speri News\\\" (blogdoprosperi.com).\",\"sameAs\":[\"http:\\\/\\\/blogdoprosperi.com\",\"Luiz Pr\u00f3speri\",\"@luiz_prosperi\",\"https:\\\/\\\/x.com\\\/Luizprosperi\",\"@prosperinacopa\",\"luiz.prosperi@icloud.com\"],\"url\":\"https:\\\/\\\/blogdoprosperi.com\\\/?author=102107496\"}]}<\/script>\n<!-- \/ Yoast SEO plugin. -->","yoast_head_json":{"title":"'Estou com o Cora\u00e7\u00e3o Partido': J\u00fcrgen Klopp Lidera Homenagens ap\u00f3s Morte de Diogo Jota aos 28 anos - PR\u00d3SPERI NEWS","robots":{"index":"index","follow":"follow","max-snippet":"max-snippet:-1","max-image-preview":"max-image-preview:large","max-video-preview":"max-video-preview:-1"},"canonical":"https:\/\/blogdoprosperi.com\/?p=52499","og_locale":"pt_BR","og_type":"article","og_title":"'Estou com o Cora\u00e7\u00e3o Partido': J\u00fcrgen Klopp Lidera Homenagens ap\u00f3s Morte de Diogo Jota aos 28 anos - PR\u00d3SPERI NEWS","og_description":"Cristiano Ronaldo diz que morte de companheiro de equipe &#8220;n\u00e3o faz sentido&#8221; Os Wolves dizem que &#8216;as mem\u00f3rias [&hellip;]","og_url":"https:\/\/blogdoprosperi.com\/?p=52499","og_site_name":"PR\u00d3SPERI NEWS","article_publisher":"Luiz Pr\u00f3speri","article_author":"Luiz Pr\u00f3speri","article_published_time":"2025-07-03T17:55:15+00:00","article_modified_time":"2025-07-03T17:55:55+00:00","og_image":[{"width":1239,"height":826,"url":"https:\/\/i0.wp.com\/blogdoprosperi.com\/wp-content\/uploads\/2025\/07\/1305928-diogo-jota-do-liverpool-morre-em-acidente-de-transito-na-esp-1.jpg?fit=1239%2C826&ssl=1","type":"image\/jpeg"}],"author":"Luiz Ant\u00f4nio Pr\u00f3speri","twitter_card":"summary_large_image","twitter_creator":"@Luizprosperi","twitter_site":"@Luizprosperi","twitter_misc":{"Escrito por":"Luiz Ant\u00f4nio Pr\u00f3speri","Est. tempo de leitura":"5 minutos"},"schema":{"@context":"https:\/\/schema.org","@graph":[{"@type":"Article","@id":"https:\/\/blogdoprosperi.com\/?p=52499#article","isPartOf":{"@id":"https:\/\/blogdoprosperi.com\/?p=52499"},"author":{"name":"Luiz Ant\u00f4nio Pr\u00f3speri","@id":"https:\/\/blogdoprosperi.com\/#\/schema\/person\/38100755ce3601861ee4fab9b5aa78e9"},"headline":"&#8216;Estou com o Cora\u00e7\u00e3o Partido&#8217;: J\u00fcrgen Klopp Lidera Homenagens ap\u00f3s Morte de Diogo Jota aos 28 anos","datePublished":"2025-07-03T17:55:15+00:00","dateModified":"2025-07-03T17:55:55+00:00","mainEntityOfPage":{"@id":"https:\/\/blogdoprosperi.com\/?p=52499"},"wordCount":976,"commentCount":0,"publisher":{"@id":"https:\/\/blogdoprosperi.com\/#\/schema\/person\/38100755ce3601861ee4fab9b5aa78e9"},"image":{"@id":"https:\/\/blogdoprosperi.com\/?p=52499#primaryimage"},"thumbnailUrl":"https:\/\/i0.wp.com\/blogdoprosperi.com\/wp-content\/uploads\/2025\/07\/1305928-diogo-jota-do-liverpool-morre-em-acidente-de-transito-na-esp-1.jpg?fit=1239%2C826&ssl=1","keywords":["Cristiano Ronaldo","Diogo costa morte","futebol","Hebron james","Jurgen klopp","Liverpool","Premier League"],"articleSection":["futebol","informa\u00e7\u00e3o","Mundial de Clubes"],"inLanguage":"pt-BR","potentialAction":[{"@type":"CommentAction","name":"Comment","target":["https:\/\/blogdoprosperi.com\/?p=52499#respond"]}]},{"@type":"WebPage","@id":"https:\/\/blogdoprosperi.com\/?p=52499","url":"https:\/\/blogdoprosperi.com\/?p=52499","name":"'Estou com o Cora\u00e7\u00e3o Partido': J\u00fcrgen Klopp Lidera Homenagens ap\u00f3s Morte de Diogo Jota aos 28 anos - PR\u00d3SPERI NEWS","isPartOf":{"@id":"https:\/\/blogdoprosperi.com\/#website"},"primaryImageOfPage":{"@id":"https:\/\/blogdoprosperi.com\/?p=52499#primaryimage"},"image":{"@id":"https:\/\/blogdoprosperi.com\/?p=52499#primaryimage"},"thumbnailUrl":"https:\/\/i0.wp.com\/blogdoprosperi.com\/wp-content\/uploads\/2025\/07\/1305928-diogo-jota-do-liverpool-morre-em-acidente-de-transito-na-esp-1.jpg?fit=1239%2C826&ssl=1","datePublished":"2025-07-03T17:55:15+00:00","dateModified":"2025-07-03T17:55:55+00:00","breadcrumb":{"@id":"https:\/\/blogdoprosperi.com\/?p=52499#breadcrumb"},"inLanguage":"pt-BR","potentialAction":[{"@type":"ReadAction","target":["https:\/\/blogdoprosperi.com\/?p=52499"]}]},{"@type":"ImageObject","inLanguage":"pt-BR","@id":"https:\/\/blogdoprosperi.com\/?p=52499#primaryimage","url":"https:\/\/i0.wp.com\/blogdoprosperi.com\/wp-content\/uploads\/2025\/07\/1305928-diogo-jota-do-liverpool-morre-em-acidente-de-transito-na-esp-1.jpg?fit=1239%2C826&ssl=1","contentUrl":"https:\/\/i0.wp.com\/blogdoprosperi.com\/wp-content\/uploads\/2025\/07\/1305928-diogo-jota-do-liverpool-morre-em-acidente-de-transito-na-esp-1.jpg?fit=1239%2C826&ssl=1","width":1239,"height":826,"caption":"Diogo Jota \u2013 imagem: reprodu\u00e7\u00e3o redes sociais"},{"@type":"BreadcrumbList","@id":"https:\/\/blogdoprosperi.com\/?p=52499#breadcrumb","itemListElement":[{"@type":"ListItem","position":1,"name":"In\u00edcio","item":"https:\/\/blogdoprosperi.com\/"},{"@type":"ListItem","position":2,"name":"&#8216;Estou com o Cora\u00e7\u00e3o Partido&#8217;: J\u00fcrgen Klopp Lidera Homenagens ap\u00f3s Morte de Diogo Jota aos 28 anos"}]},{"@type":"WebSite","@id":"https:\/\/blogdoprosperi.com\/#website","url":"https:\/\/blogdoprosperi.com\/","name":"PR\u00d3SPERI NEWS","description":"TUDO \u00c9  FUTEBOL","publisher":{"@id":"https:\/\/blogdoprosperi.com\/#\/schema\/person\/38100755ce3601861ee4fab9b5aa78e9"},"alternateName":"blogdoprosperi.com","potentialAction":[{"@type":"SearchAction","target":{"@type":"EntryPoint","urlTemplate":"https:\/\/blogdoprosperi.com\/?s={search_term_string}"},"query-input":{"@type":"PropertyValueSpecification","valueRequired":true,"valueName":"search_term_string"}}],"inLanguage":"pt-BR"},{"@type":["Person","Organization"],"@id":"https:\/\/blogdoprosperi.com\/#\/schema\/person\/38100755ce3601861ee4fab9b5aa78e9","name":"Luiz Ant\u00f4nio Pr\u00f3speri","pronouns":"ele","image":{"@type":"ImageObject","inLanguage":"pt-BR","@id":"https:\/\/i0.wp.com\/blogdoprosperi.com\/wp-content\/uploads\/2026\/05\/cropped-8059e613-6002-42fa-961e-8e275f575d71-2-5.jpg?fit=1360%2C931&ssl=1","url":"https:\/\/i0.wp.com\/blogdoprosperi.com\/wp-content\/uploads\/2026\/05\/cropped-8059e613-6002-42fa-961e-8e275f575d71-2-5.jpg?fit=1360%2C931&ssl=1","contentUrl":"https:\/\/i0.wp.com\/blogdoprosperi.com\/wp-content\/uploads\/2026\/05\/cropped-8059e613-6002-42fa-961e-8e275f575d71-2-5.jpg?fit=1360%2C931&ssl=1","width":1360,"height":931,"caption":"Luiz Ant\u00f4nio Pr\u00f3speri"},"logo":{"@id":"https:\/\/i0.wp.com\/blogdoprosperi.com\/wp-content\/uploads\/2026\/05\/cropped-8059e613-6002-42fa-961e-8e275f575d71-2-5.jpg?fit=1360%2C931&ssl=1"},"description":"Jornalista com carreira dedicada ao esporte. Cobriu 9 Copas do Mundo in loco, 1990 na It\u00e1lia, 1994 nos EUA, 1998 na Fran\u00e7a, 2002 na Coreia do Sul e Jap\u00e3o, 2006 na Alemanha, 2010 na \u00c1frica do Sul, 2014 no Brasil, 2018 na R\u00fassia e 2022 no Qatar. Eurocopas, 1992 na Su\u00e9cia e 1996 na Inglaterra. Copa das Confedera\u00e7\u00f5es de 2005 na Alemanha e 2009 na \u00c1frica do Sul. Rep\u00f3rter e Editor, trabalhou no Jornal da Tarde e Estad\u00e3o, de 1984 a fevereiro de 2016. Colunista, blogueiro. E comentarista de futebol na R\u00e1dio Estad\u00e3o, de 2013 a fevereiro de 2016. Jornalista respons\u00e1vel do \"Pr\u00f3speri News\" (blogdoprosperi.com).","sameAs":["http:\/\/blogdoprosperi.com","Luiz Pr\u00f3speri","@luiz_prosperi","https:\/\/x.com\/Luizprosperi","@prosperinacopa","luiz.prosperi@icloud.com"],"url":"https:\/\/blogdoprosperi.com\/?author=102107496"}]}},"jetpack_publicize_connections":[],"jetpack_likes_enabled":false,"jetpack_sharing_enabled":true,"jetpack_shortlink":"https:\/\/wp.me\/p7jvdk-dEL","jetpack-related-posts":[{"id":52524,"url":"https:\/\/blogdoprosperi.com\/?p=52524","url_meta":{"origin":52499,"position":0},"title":"PROS NEWS | URGENTE: \u00faltimas not\u00edcias desta quinta-feira (03\/7)","author":"Luiz Ant\u00f4nio Pr\u00f3speri","date":"3 de julho de 2025","format":false,"excerpt":"\u2295 Fifa reduz pre\u00e7o dos ingressos de Fluminense x Al Hilal \u2013 quartas de final do Mundial de Clubes \u2295 Botafogo vende zagueiro Jair Cunha ao Nottinghan Forest de Premier League \u2295 Portugu\u00eas Pedro Neto do Chelsea j\u00e1 jogou no Palmeiras \u2295 Homenagens a Diogo Jota, morto em acidente de\u2026","rel":"","context":"Em &quot;futebol&quot;","block_context":{"text":"futebol","link":"https:\/\/blogdoprosperi.com\/?cat=53870"},"img":{"alt_text":"","src":"https:\/\/i0.wp.com\/blogdoprosperi.com\/wp-content\/uploads\/2025\/07\/gu7-b1mx0aa9_lg.jpeg?fit=675%2C450&ssl=1&resize=350%2C200","width":350,"height":200,"srcset":"https:\/\/i0.wp.com\/blogdoprosperi.com\/wp-content\/uploads\/2025\/07\/gu7-b1mx0aa9_lg.jpeg?fit=675%2C450&ssl=1&resize=350%2C200 1x, https:\/\/i0.wp.com\/blogdoprosperi.com\/wp-content\/uploads\/2025\/07\/gu7-b1mx0aa9_lg.jpeg?fit=675%2C450&ssl=1&resize=525%2C300 1.5x"},"classes":[]},{"id":43390,"url":"https:\/\/blogdoprosperi.com\/?p=43390","url_meta":{"origin":52499,"position":1},"title":"Cristiano Ronaldo: Craques Tamb\u00e9m Choram, Portugal avan\u00e7a na Euro 2024","author":"Luiz Ant\u00f4nio Pr\u00f3speri","date":"1 de julho de 2024","format":false,"excerpt":"Cristiano Ronaldo perde p\u00eanalti no \u00faltimo minuto do primeiro tempo da prorroga\u00e7\u00e3o de Portugal vs Eslov\u00eania. Chora como nunca. Dor de craque. Momento raro na longa carreira de um jogador de uma fortaleza mental absurda. CR7 sabia que aquele gol levaria Portugal \u00e0s quartas de final da Euro 2024. A\u2026","rel":"","context":"Em &quot;futebol&quot;","block_context":{"text":"futebol","link":"https:\/\/blogdoprosperi.com\/?cat=53870"},"img":{"alt_text":"","src":"https:\/\/i0.wp.com\/blogdoprosperi.com\/wp-content\/uploads\/2024\/07\/captura-de-tela-2024-07-01-as-19.00.35.png?fit=804%2C552&ssl=1&resize=350%2C200","width":350,"height":200,"srcset":"https:\/\/i0.wp.com\/blogdoprosperi.com\/wp-content\/uploads\/2024\/07\/captura-de-tela-2024-07-01-as-19.00.35.png?fit=804%2C552&ssl=1&resize=350%2C200 1x, https:\/\/i0.wp.com\/blogdoprosperi.com\/wp-content\/uploads\/2024\/07\/captura-de-tela-2024-07-01-as-19.00.35.png?fit=804%2C552&ssl=1&resize=525%2C300 1.5x, https:\/\/i0.wp.com\/blogdoprosperi.com\/wp-content\/uploads\/2024\/07\/captura-de-tela-2024-07-01-as-19.00.35.png?fit=804%2C552&ssl=1&resize=700%2C400 2x"},"classes":[]},{"id":54598,"url":"https:\/\/blogdoprosperi.com\/?p=54598","url_meta":{"origin":52499,"position":2},"title":"#Cr\u00f4nicaSab\u00e1tica #29 | \u00cddolos Tamb\u00e9m Choram","author":"Luiz Ant\u00f4nio Pr\u00f3speri","date":"16 de agosto de 2025","format":false,"excerpt":"Luiz Ant\u00f4nio Pr\u00f3speri \u2013 16 agosto 2025 (13h10) \u2013 Por tr\u00e1s do dinheiro, da fama, da idolatria, de jornadas e mais jornadas de todas quartas-feiras e domingos, a despertar j\u00fabilo e \u00f3dio nas multid\u00f5es, existe um ser-humano. N\u00e3o apenas um jogador de futebol com um n\u00famero \u00e0s costas na camisa.\u2026","rel":"","context":"Em &quot;cr\u00f4nica&quot;","block_context":{"text":"cr\u00f4nica","link":"https:\/\/blogdoprosperi.com\/?cat=23339"},"img":{"alt_text":"#Cr\u00f4nicaSab\u00e1tica: \u00cddolos tamb\u00e9m choram","src":"https:\/\/i0.wp.com\/blogdoprosperi.com\/wp-content\/uploads\/2025\/08\/gybfdxrwoaeeb00.jpeg?fit=680%2C474&ssl=1&resize=350%2C200","width":350,"height":200,"srcset":"https:\/\/i0.wp.com\/blogdoprosperi.com\/wp-content\/uploads\/2025\/08\/gybfdxrwoaeeb00.jpeg?fit=680%2C474&ssl=1&resize=350%2C200 1x, https:\/\/i0.wp.com\/blogdoprosperi.com\/wp-content\/uploads\/2025\/08\/gybfdxrwoaeeb00.jpeg?fit=680%2C474&ssl=1&resize=525%2C300 1.5x"},"classes":[]},{"id":42919,"url":"https:\/\/blogdoprosperi.com\/?p=42919","url_meta":{"origin":52499,"position":3},"title":"Cristiano Ronaldo n\u00e3o empolga Portugal e Fran\u00e7a perde Mbapp\u00e9","author":"Luiz Ant\u00f4nio Pr\u00f3speri","date":"18 de junho de 2024","format":false,"excerpt":"Cristiano Ronaldo estreia na Eurocopa sob \u00edcone do craque dos craques. Sua sexta Euro. N\u00e3o \u00e9 para qualquer um. No fim das contas, esmorece. Cinco arremates sem lastro ao gol da Rep\u00fablica Checa. Uma agonia sem fim, compensada apenas nos acr\u00e9scimos do segundo tempo quando o suplente Francisco Concei\u00e7\u00e3o faz\u2026","rel":"","context":"Em &quot;catar 2022&quot;","block_context":{"text":"catar 2022","link":"https:\/\/blogdoprosperi.com\/?cat=47094043"},"img":{"alt_text":"Cristiano Ronaldo sem brilho na estreia de Portugal","src":"https:\/\/i0.wp.com\/blogdoprosperi.com\/wp-content\/uploads\/2024\/06\/captura-de-tela-2024-06-18-as-23.31.42.png?fit=1108%2C820&ssl=1&resize=350%2C200","width":350,"height":200,"srcset":"https:\/\/i0.wp.com\/blogdoprosperi.com\/wp-content\/uploads\/2024\/06\/captura-de-tela-2024-06-18-as-23.31.42.png?fit=1108%2C820&ssl=1&resize=350%2C200 1x, https:\/\/i0.wp.com\/blogdoprosperi.com\/wp-content\/uploads\/2024\/06\/captura-de-tela-2024-06-18-as-23.31.42.png?fit=1108%2C820&ssl=1&resize=525%2C300 1.5x, https:\/\/i0.wp.com\/blogdoprosperi.com\/wp-content\/uploads\/2024\/06\/captura-de-tela-2024-06-18-as-23.31.42.png?fit=1108%2C820&ssl=1&resize=700%2C400 2x, https:\/\/i0.wp.com\/blogdoprosperi.com\/wp-content\/uploads\/2024\/06\/captura-de-tela-2024-06-18-as-23.31.42.png?fit=1108%2C820&ssl=1&resize=1050%2C600 3x"},"classes":[]},{"id":1272,"url":"https:\/\/blogdoprosperi.com\/?p=1272","url_meta":{"origin":52499,"position":4},"title":"Liverpool nunca caminhar\u00e1 sozinho","author":"Luiz Ant\u00f4nio Pr\u00f3speri","date":"14 de abril de 2016","format":false,"excerpt":"Todo cidad\u00e3o do mundo amante do futebol n\u00e3o tem o direito de se esquecer desse \u00e9pico Liverpool 4 x 3 Borussia Dortmund, valendo vaga \u00e0s semifinais da Uefa League nesta quinta-feira. Nunca ou poucas vezes se viu uma li\u00e7\u00e3o de amor ao jogo da bola que esses dois times proporcionaram\u2026","rel":"","context":"Em &quot;futebol&quot;","block_context":{"text":"futebol","link":"https:\/\/blogdoprosperi.com\/?cat=53870"},"img":{"alt_text":"","src":"https:\/\/i0.wp.com\/blogdoprosperi.com\/wp-content\/uploads\/2016\/04\/2w2n6s0.jpg?resize=350%2C200&ssl=1","width":350,"height":200,"srcset":"https:\/\/i0.wp.com\/blogdoprosperi.com\/wp-content\/uploads\/2016\/04\/2w2n6s0.jpg?resize=350%2C200&ssl=1 1x, https:\/\/i0.wp.com\/blogdoprosperi.com\/wp-content\/uploads\/2016\/04\/2w2n6s0.jpg?resize=525%2C300&ssl=1 1.5x"},"classes":[]},{"id":40928,"url":"https:\/\/blogdoprosperi.com\/?p=40928","url_meta":{"origin":52499,"position":5},"title":"Vini Jr sofre racismo dois dias ap\u00f3s morte de Pel\u00e9","author":"Luiz Ant\u00f4nio Pr\u00f3speri","date":"31 de dezembro de 2022","format":false,"excerpt":"Vini Jr sofre racismo de torcedores espanh\u00f3is, dois dias ap\u00f3s a morte de Pel\u00e9, no jogo Valladolid x Real Madrid. Antes de o jogo come\u00e7ar, torcedores respeitaram um minuto de sil\u00eancio e aplausos ao Rei.","rel":"","context":"Em &quot;futebol&quot;","block_context":{"text":"futebol","link":"https:\/\/blogdoprosperi.com\/?cat=53870"},"img":{"alt_text":"","src":"https:\/\/i0.wp.com\/blogdoprosperi.com\/wp-content\/uploads\/2022\/12\/images-4.jpg?fit=238%2C212&ssl=1&resize=350%2C200","width":350,"height":200},"classes":[]}],"jetpack_featured_media_url":"https:\/\/i0.wp.com\/blogdoprosperi.com\/wp-content\/uploads\/2025\/07\/1305928-diogo-jota-do-liverpool-morre-em-acidente-de-transito-na-esp-1.jpg?fit=1239%2C826&ssl=1","_links":{"self":[{"href":"https:\/\/blogdoprosperi.com\/index.php?rest_route=\/wp\/v2\/posts\/52499","targetHints":{"allow":["GET"]}}],"collection":[{"href":"https:\/\/blogdoprosperi.com\/index.php?rest_route=\/wp\/v2\/posts"}],"about":[{"href":"https:\/\/blogdoprosperi.com\/index.php?rest_route=\/wp\/v2\/types\/post"}],"author":[{"embeddable":true,"href":"https:\/\/blogdoprosperi.com\/index.php?rest_route=\/wp\/v2\/users\/102107496"}],"replies":[{"embeddable":true,"href":"https:\/\/blogdoprosperi.com\/index.php?rest_route=%2Fwp%2Fv2%2Fcomments&post=52499"}],"version-history":[{"count":10,"href":"https:\/\/blogdoprosperi.com\/index.php?rest_route=\/wp\/v2\/posts\/52499\/revisions"}],"predecessor-version":[{"id":52514,"href":"https:\/\/blogdoprosperi.com\/index.php?rest_route=\/wp\/v2\/posts\/52499\/revisions\/52514"}],"wp:featuredmedia":[{"embeddable":true,"href":"https:\/\/blogdoprosperi.com\/index.php?rest_route=\/wp\/v2\/media\/52505"}],"wp:attachment":[{"href":"https:\/\/blogdoprosperi.com\/index.php?rest_route=%2Fwp%2Fv2%2Fmedia&parent=52499"}],"wp:term":[{"taxonomy":"category","embeddable":true,"href":"https:\/\/blogdoprosperi.com\/index.php?rest_route=%2Fwp%2Fv2%2Fcategories&post=52499"},{"taxonomy":"post_tag","embeddable":true,"href":"https:\/\/blogdoprosperi.com\/index.php?rest_route=%2Fwp%2Fv2%2Ftags&post=52499"}],"curies":[{"name":"wp","href":"https:\/\/api.w.org\/{rel}","templated":true}]}}