{"id":52633,"date":"2025-07-05T14:15:42","date_gmt":"2025-07-05T17:15:42","guid":{"rendered":"https:\/\/blogdoprosperi.com\/?p=52633"},"modified":"2025-07-05T14:15:42","modified_gmt":"2025-07-05T17:15:42","slug":"video-palmeiras-1-a-2-chelsea-melhores-momentos","status":"publish","type":"post","link":"https:\/\/blogdoprosperi.com\/?p=52633","title":{"rendered":"V\u00eddeo | Palmeiras 1 a 2 Chelsea \u2013 Melhores Momentos"},"content":{"rendered":"<p><em>Acompanhe melhores momentos de Palmeiras 1 a 2 Chelsea. Palmeiras fora do Mundial de Clubes. Chelsea avan\u00e7a \u00e0s semifinais e vai enfrentar o Fluminense. V\u00eddeo oficial Fifa:<\/em><\/p>\n<p><span style=\"color: #0000ff\"><strong>Clique aqui<a style=\"color: #0000ff\" href=\"https:\/\/www.fifa.com\/pt\/watch\/5scc7PNNUJdsD7lagninCG\"> https:\/\/www.fifa.com\/pt\/watch\/5scc7PNNUJdsD7lagninCG<\/a><\/strong><\/span><\/p>\n","protected":false},"excerpt":{"rendered":"<p>Acompanhe melhores momentos de Palmeiras 1 a 2 Chelsea. Palmeiras fora do Mundial de Clubes. Chelsea avan\u00e7a \u00e0s [&hellip;]<\/p>\n","protected":false},"author":102107496,"featured_media":52630,"comment_status":"open","ping_status":"open","sticky":false,"template":"","format":"standard","meta":{"_coblocks_attr":"","_coblocks_dimensions":"","_coblocks_responsive_height":"","_coblocks_accordion_ie_support":"","_jetpack_newsletter_access":"","_jetpack_dont_email_post_to_subs":false,"_jetpack_newsletter_tier_id":0,"_jetpack_memberships_contains_paywalled_content":false,"_wpcom_ai_launchpad_first_post":false,"_jetpack_feature_clip_id":0,"_jetpack_memberships_contains_paid_content":false,"footnotes":"","jetpack_publicize_message":"","jetpack_publicize_feature_enabled":true,"jetpack_social_post_already_shared":false,"jetpack_social_options":{"image_generator_settings":{"template":"highway","default_image_id":0,"font":"","enabled":false},"version":2},"jetpack_post_was_ever_published":false},"categories":[53870,551766,1149],"tags":[4200771,3151783,789560560,782382033,782344577],"class_list":["post-52633","post","type-post","status-publish","format-standard","has-post-thumbnail","hentry","category-futebol","category-mundial-de-clubes","category-videos","tag-abel-ferreira","tag-estevao","tag-futebol","tag-palmeiras-1-a-2-chelsea","tag-palmeiras-mundial-de-clubes"],"yoast_head":"<!-- This site is optimized with the Yoast SEO plugin v28.3 - https:\/\/yoast.com\/product\/yoast-seo-wordpress\/ -->\n<title>V\u00eddeo | Palmeiras 1 a 2 Chelsea \u2013 Melhores Momentos - PR\u00d3SPERI NEWS<\/title>\n<meta name=\"robots\" content=\"index, follow, max-snippet:-1, max-image-preview:large, max-video-preview:-1\" \/>\n<link rel=\"canonical\" href=\"https:\/\/blogdoprosperi.com\/?p=52633\" \/>\n<meta property=\"og:locale\" content=\"pt_BR\" \/>\n<meta property=\"og:type\" content=\"article\" \/>\n<meta property=\"og:title\" content=\"V\u00eddeo | Palmeiras 1 a 2 Chelsea \u2013 Melhores Momentos - PR\u00d3SPERI NEWS\" \/>\n<meta property=\"og:description\" content=\"Acompanhe melhores momentos de Palmeiras 1 a 2 Chelsea. Palmeiras fora do Mundial de Clubes. Chelsea avan\u00e7a \u00e0s [&hellip;]\" \/>\n<meta property=\"og:url\" content=\"https:\/\/blogdoprosperi.com\/?p=52633\" \/>\n<meta property=\"og:site_name\" content=\"PR\u00d3SPERI NEWS\" \/>\n<meta property=\"article:publisher\" content=\"Luiz Pr\u00f3speri\" \/>\n<meta property=\"article:author\" content=\"Luiz Pr\u00f3speri\" \/>\n<meta property=\"article:published_time\" content=\"2025-07-05T17:15:42+00:00\" \/>\n<meta property=\"og:image\" content=\"https:\/\/i0.wp.com\/blogdoprosperi.com\/wp-content\/uploads\/2025\/07\/54633864666_0d07e5070e_c.jpg?fit=800%2C450&ssl=1\" \/>\n\t<meta property=\"og:image:width\" content=\"800\" \/>\n\t<meta property=\"og:image:height\" content=\"450\" \/>\n\t<meta property=\"og:image:type\" content=\"image\/jpeg\" \/>\n<meta name=\"author\" content=\"Luiz Ant\u00f4nio Pr\u00f3speri\" \/>\n<meta name=\"twitter:card\" content=\"summary_large_image\" \/>\n<meta name=\"twitter:creator\" content=\"@Luizprosperi\" \/>\n<meta name=\"twitter:site\" content=\"@Luizprosperi\" \/>\n<meta name=\"twitter:label1\" content=\"Escrito por\" \/>\n\t<meta name=\"twitter:data1\" content=\"Luiz Ant\u00f4nio Pr\u00f3speri\" \/>\n<script type=\"application\/ld+json\" class=\"yoast-schema-graph\">{\"@context\":\"https:\\\/\\\/schema.org\",\"@graph\":[{\"@type\":\"Article\",\"@id\":\"https:\\\/\\\/blogdoprosperi.com\\\/?p=52633#article\",\"isPartOf\":{\"@id\":\"https:\\\/\\\/blogdoprosperi.com\\\/?p=52633\"},\"author\":{\"name\":\"Luiz Ant\u00f4nio Pr\u00f3speri\",\"@id\":\"https:\\\/\\\/blogdoprosperi.com\\\/#\\\/schema\\\/person\\\/38100755ce3601861ee4fab9b5aa78e9\"},\"headline\":\"V\u00eddeo | Palmeiras 1 a 2 Chelsea \u2013 Melhores Momentos\",\"datePublished\":\"2025-07-05T17:15:42+00:00\",\"mainEntityOfPage\":{\"@id\":\"https:\\\/\\\/blogdoprosperi.com\\\/?p=52633\"},\"wordCount\":45,\"commentCount\":0,\"publisher\":{\"@id\":\"https:\\\/\\\/blogdoprosperi.com\\\/#\\\/schema\\\/person\\\/38100755ce3601861ee4fab9b5aa78e9\"},\"image\":{\"@id\":\"https:\\\/\\\/blogdoprosperi.com\\\/?p=52633#primaryimage\"},\"thumbnailUrl\":\"https:\\\/\\\/i0.wp.com\\\/blogdoprosperi.com\\\/wp-content\\\/uploads\\\/2025\\\/07\\\/54633864666_0d07e5070e_c.jpg?fit=800%2C450&ssl=1\",\"keywords\":[\"abel ferreira\",\"Estev\u00e3o\",\"futebol\",\"palmeiras 1 a 2 chelsea\",\"palmeiras mundial de clubes\"],\"articleSection\":[\"futebol\",\"Mundial de Clubes\",\"v\u00eddeos\"],\"inLanguage\":\"pt-BR\",\"potentialAction\":[{\"@type\":\"CommentAction\",\"name\":\"Comment\",\"target\":[\"https:\\\/\\\/blogdoprosperi.com\\\/?p=52633#respond\"]}]},{\"@type\":\"WebPage\",\"@id\":\"https:\\\/\\\/blogdoprosperi.com\\\/?p=52633\",\"url\":\"https:\\\/\\\/blogdoprosperi.com\\\/?p=52633\",\"name\":\"V\u00eddeo | Palmeiras 1 a 2 Chelsea \u2013 Melhores Momentos - PR\u00d3SPERI NEWS\",\"isPartOf\":{\"@id\":\"https:\\\/\\\/blogdoprosperi.com\\\/#website\"},\"primaryImageOfPage\":{\"@id\":\"https:\\\/\\\/blogdoprosperi.com\\\/?p=52633#primaryimage\"},\"image\":{\"@id\":\"https:\\\/\\\/blogdoprosperi.com\\\/?p=52633#primaryimage\"},\"thumbnailUrl\":\"https:\\\/\\\/i0.wp.com\\\/blogdoprosperi.com\\\/wp-content\\\/uploads\\\/2025\\\/07\\\/54633864666_0d07e5070e_c.jpg?fit=800%2C450&ssl=1\",\"datePublished\":\"2025-07-05T17:15:42+00:00\",\"breadcrumb\":{\"@id\":\"https:\\\/\\\/blogdoprosperi.com\\\/?p=52633#breadcrumb\"},\"inLanguage\":\"pt-BR\",\"potentialAction\":[{\"@type\":\"ReadAction\",\"target\":[\"https:\\\/\\\/blogdoprosperi.com\\\/?p=52633\"]}]},{\"@type\":\"ImageObject\",\"inLanguage\":\"pt-BR\",\"@id\":\"https:\\\/\\\/blogdoprosperi.com\\\/?p=52633#primaryimage\",\"url\":\"https:\\\/\\\/i0.wp.com\\\/blogdoprosperi.com\\\/wp-content\\\/uploads\\\/2025\\\/07\\\/54633864666_0d07e5070e_c.jpg?fit=800%2C450&ssl=1\",\"contentUrl\":\"https:\\\/\\\/i0.wp.com\\\/blogdoprosperi.com\\\/wp-content\\\/uploads\\\/2025\\\/07\\\/54633864666_0d07e5070e_c.jpg?fit=800%2C450&ssl=1\",\"width\":800,\"height\":450,\"caption\":\"Lance de Palmeiras 1 a 2. Chelsea \u2013 foto: Palmeiras oficial\"},{\"@type\":\"BreadcrumbList\",\"@id\":\"https:\\\/\\\/blogdoprosperi.com\\\/?p=52633#breadcrumb\",\"itemListElement\":[{\"@type\":\"ListItem\",\"position\":1,\"name\":\"In\u00edcio\",\"item\":\"https:\\\/\\\/blogdoprosperi.com\\\/\"},{\"@type\":\"ListItem\",\"position\":2,\"name\":\"V\u00eddeo | Palmeiras 1 a 2 Chelsea \u2013 Melhores Momentos\"}]},{\"@type\":\"WebSite\",\"@id\":\"https:\\\/\\\/blogdoprosperi.com\\\/#website\",\"url\":\"https:\\\/\\\/blogdoprosperi.com\\\/\",\"name\":\"PR\u00d3SPERI NEWS\",\"description\":\"TUDO \u00c9  FUTEBOL\",\"publisher\":{\"@id\":\"https:\\\/\\\/blogdoprosperi.com\\\/#\\\/schema\\\/person\\\/38100755ce3601861ee4fab9b5aa78e9\"},\"alternateName\":\"blogdoprosperi.com\",\"potentialAction\":[{\"@type\":\"SearchAction\",\"target\":{\"@type\":\"EntryPoint\",\"urlTemplate\":\"https:\\\/\\\/blogdoprosperi.com\\\/?s={search_term_string}\"},\"query-input\":{\"@type\":\"PropertyValueSpecification\",\"valueRequired\":true,\"valueName\":\"search_term_string\"}}],\"inLanguage\":\"pt-BR\"},{\"@type\":[\"Person\",\"Organization\"],\"@id\":\"https:\\\/\\\/blogdoprosperi.com\\\/#\\\/schema\\\/person\\\/38100755ce3601861ee4fab9b5aa78e9\",\"name\":\"Luiz Ant\u00f4nio Pr\u00f3speri\",\"pronouns\":\"ele\",\"image\":{\"@type\":\"ImageObject\",\"inLanguage\":\"pt-BR\",\"@id\":\"https:\\\/\\\/i0.wp.com\\\/blogdoprosperi.com\\\/wp-content\\\/uploads\\\/2026\\\/05\\\/cropped-8059e613-6002-42fa-961e-8e275f575d71-2-5.jpg?fit=1360%2C931&ssl=1\",\"url\":\"https:\\\/\\\/i0.wp.com\\\/blogdoprosperi.com\\\/wp-content\\\/uploads\\\/2026\\\/05\\\/cropped-8059e613-6002-42fa-961e-8e275f575d71-2-5.jpg?fit=1360%2C931&ssl=1\",\"contentUrl\":\"https:\\\/\\\/i0.wp.com\\\/blogdoprosperi.com\\\/wp-content\\\/uploads\\\/2026\\\/05\\\/cropped-8059e613-6002-42fa-961e-8e275f575d71-2-5.jpg?fit=1360%2C931&ssl=1\",\"width\":1360,\"height\":931,\"caption\":\"Luiz Ant\u00f4nio Pr\u00f3speri\"},\"logo\":{\"@id\":\"https:\\\/\\\/i0.wp.com\\\/blogdoprosperi.com\\\/wp-content\\\/uploads\\\/2026\\\/05\\\/cropped-8059e613-6002-42fa-961e-8e275f575d71-2-5.jpg?fit=1360%2C931&ssl=1\"},\"description\":\"Jornalista com carreira dedicada ao esporte. Cobriu 9 Copas do Mundo in loco, 1990 na It\u00e1lia, 1994 nos EUA, 1998 na Fran\u00e7a, 2002 na Coreia do Sul e Jap\u00e3o, 2006 na Alemanha, 2010 na \u00c1frica do Sul, 2014 no Brasil, 2018 na R\u00fassia e 2022 no Qatar. Eurocopas, 1992 na Su\u00e9cia e 1996 na Inglaterra. Copa das Confedera\u00e7\u00f5es de 2005 na Alemanha e 2009 na \u00c1frica do Sul. Rep\u00f3rter e Editor, trabalhou no Jornal da Tarde e Estad\u00e3o, de 1984 a fevereiro de 2016. Colunista, blogueiro. E comentarista de futebol na R\u00e1dio Estad\u00e3o, de 2013 a fevereiro de 2016. Jornalista respons\u00e1vel do \\\"Pr\u00f3speri News\\\" (blogdoprosperi.com).\",\"sameAs\":[\"http:\\\/\\\/blogdoprosperi.com\",\"Luiz Pr\u00f3speri\",\"@luiz_prosperi\",\"https:\\\/\\\/x.com\\\/Luizprosperi\",\"@prosperinacopa\",\"luiz.prosperi@icloud.com\"],\"url\":\"https:\\\/\\\/blogdoprosperi.com\\\/?author=102107496\"}]}<\/script>\n<!-- \/ Yoast SEO plugin. -->","yoast_head_json":{"title":"V\u00eddeo | Palmeiras 1 a 2 Chelsea \u2013 Melhores Momentos - PR\u00d3SPERI NEWS","robots":{"index":"index","follow":"follow","max-snippet":"max-snippet:-1","max-image-preview":"max-image-preview:large","max-video-preview":"max-video-preview:-1"},"canonical":"https:\/\/blogdoprosperi.com\/?p=52633","og_locale":"pt_BR","og_type":"article","og_title":"V\u00eddeo | Palmeiras 1 a 2 Chelsea \u2013 Melhores Momentos - PR\u00d3SPERI NEWS","og_description":"Acompanhe melhores momentos de Palmeiras 1 a 2 Chelsea. Palmeiras fora do Mundial de Clubes. Chelsea avan\u00e7a \u00e0s [&hellip;]","og_url":"https:\/\/blogdoprosperi.com\/?p=52633","og_site_name":"PR\u00d3SPERI NEWS","article_publisher":"Luiz Pr\u00f3speri","article_author":"Luiz Pr\u00f3speri","article_published_time":"2025-07-05T17:15:42+00:00","og_image":[{"width":800,"height":450,"url":"https:\/\/i0.wp.com\/blogdoprosperi.com\/wp-content\/uploads\/2025\/07\/54633864666_0d07e5070e_c.jpg?fit=800%2C450&ssl=1","type":"image\/jpeg"}],"author":"Luiz Ant\u00f4nio Pr\u00f3speri","twitter_card":"summary_large_image","twitter_creator":"@Luizprosperi","twitter_site":"@Luizprosperi","twitter_misc":{"Escrito por":"Luiz Ant\u00f4nio Pr\u00f3speri"},"schema":{"@context":"https:\/\/schema.org","@graph":[{"@type":"Article","@id":"https:\/\/blogdoprosperi.com\/?p=52633#article","isPartOf":{"@id":"https:\/\/blogdoprosperi.com\/?p=52633"},"author":{"name":"Luiz Ant\u00f4nio Pr\u00f3speri","@id":"https:\/\/blogdoprosperi.com\/#\/schema\/person\/38100755ce3601861ee4fab9b5aa78e9"},"headline":"V\u00eddeo | Palmeiras 1 a 2 Chelsea \u2013 Melhores Momentos","datePublished":"2025-07-05T17:15:42+00:00","mainEntityOfPage":{"@id":"https:\/\/blogdoprosperi.com\/?p=52633"},"wordCount":45,"commentCount":0,"publisher":{"@id":"https:\/\/blogdoprosperi.com\/#\/schema\/person\/38100755ce3601861ee4fab9b5aa78e9"},"image":{"@id":"https:\/\/blogdoprosperi.com\/?p=52633#primaryimage"},"thumbnailUrl":"https:\/\/i0.wp.com\/blogdoprosperi.com\/wp-content\/uploads\/2025\/07\/54633864666_0d07e5070e_c.jpg?fit=800%2C450&ssl=1","keywords":["abel ferreira","Estev\u00e3o","futebol","palmeiras 1 a 2 chelsea","palmeiras mundial de clubes"],"articleSection":["futebol","Mundial de Clubes","v\u00eddeos"],"inLanguage":"pt-BR","potentialAction":[{"@type":"CommentAction","name":"Comment","target":["https:\/\/blogdoprosperi.com\/?p=52633#respond"]}]},{"@type":"WebPage","@id":"https:\/\/blogdoprosperi.com\/?p=52633","url":"https:\/\/blogdoprosperi.com\/?p=52633","name":"V\u00eddeo | Palmeiras 1 a 2 Chelsea \u2013 Melhores Momentos - PR\u00d3SPERI NEWS","isPartOf":{"@id":"https:\/\/blogdoprosperi.com\/#website"},"primaryImageOfPage":{"@id":"https:\/\/blogdoprosperi.com\/?p=52633#primaryimage"},"image":{"@id":"https:\/\/blogdoprosperi.com\/?p=52633#primaryimage"},"thumbnailUrl":"https:\/\/i0.wp.com\/blogdoprosperi.com\/wp-content\/uploads\/2025\/07\/54633864666_0d07e5070e_c.jpg?fit=800%2C450&ssl=1","datePublished":"2025-07-05T17:15:42+00:00","breadcrumb":{"@id":"https:\/\/blogdoprosperi.com\/?p=52633#breadcrumb"},"inLanguage":"pt-BR","potentialAction":[{"@type":"ReadAction","target":["https:\/\/blogdoprosperi.com\/?p=52633"]}]},{"@type":"ImageObject","inLanguage":"pt-BR","@id":"https:\/\/blogdoprosperi.com\/?p=52633#primaryimage","url":"https:\/\/i0.wp.com\/blogdoprosperi.com\/wp-content\/uploads\/2025\/07\/54633864666_0d07e5070e_c.jpg?fit=800%2C450&ssl=1","contentUrl":"https:\/\/i0.wp.com\/blogdoprosperi.com\/wp-content\/uploads\/2025\/07\/54633864666_0d07e5070e_c.jpg?fit=800%2C450&ssl=1","width":800,"height":450,"caption":"Lance de Palmeiras 1 a 2. Chelsea \u2013 foto: Palmeiras oficial"},{"@type":"BreadcrumbList","@id":"https:\/\/blogdoprosperi.com\/?p=52633#breadcrumb","itemListElement":[{"@type":"ListItem","position":1,"name":"In\u00edcio","item":"https:\/\/blogdoprosperi.com\/"},{"@type":"ListItem","position":2,"name":"V\u00eddeo | Palmeiras 1 a 2 Chelsea \u2013 Melhores Momentos"}]},{"@type":"WebSite","@id":"https:\/\/blogdoprosperi.com\/#website","url":"https:\/\/blogdoprosperi.com\/","name":"PR\u00d3SPERI NEWS","description":"TUDO \u00c9  FUTEBOL","publisher":{"@id":"https:\/\/blogdoprosperi.com\/#\/schema\/person\/38100755ce3601861ee4fab9b5aa78e9"},"alternateName":"blogdoprosperi.com","potentialAction":[{"@type":"SearchAction","target":{"@type":"EntryPoint","urlTemplate":"https:\/\/blogdoprosperi.com\/?s={search_term_string}"},"query-input":{"@type":"PropertyValueSpecification","valueRequired":true,"valueName":"search_term_string"}}],"inLanguage":"pt-BR"},{"@type":["Person","Organization"],"@id":"https:\/\/blogdoprosperi.com\/#\/schema\/person\/38100755ce3601861ee4fab9b5aa78e9","name":"Luiz Ant\u00f4nio Pr\u00f3speri","pronouns":"ele","image":{"@type":"ImageObject","inLanguage":"pt-BR","@id":"https:\/\/i0.wp.com\/blogdoprosperi.com\/wp-content\/uploads\/2026\/05\/cropped-8059e613-6002-42fa-961e-8e275f575d71-2-5.jpg?fit=1360%2C931&ssl=1","url":"https:\/\/i0.wp.com\/blogdoprosperi.com\/wp-content\/uploads\/2026\/05\/cropped-8059e613-6002-42fa-961e-8e275f575d71-2-5.jpg?fit=1360%2C931&ssl=1","contentUrl":"https:\/\/i0.wp.com\/blogdoprosperi.com\/wp-content\/uploads\/2026\/05\/cropped-8059e613-6002-42fa-961e-8e275f575d71-2-5.jpg?fit=1360%2C931&ssl=1","width":1360,"height":931,"caption":"Luiz Ant\u00f4nio Pr\u00f3speri"},"logo":{"@id":"https:\/\/i0.wp.com\/blogdoprosperi.com\/wp-content\/uploads\/2026\/05\/cropped-8059e613-6002-42fa-961e-8e275f575d71-2-5.jpg?fit=1360%2C931&ssl=1"},"description":"Jornalista com carreira dedicada ao esporte. Cobriu 9 Copas do Mundo in loco, 1990 na It\u00e1lia, 1994 nos EUA, 1998 na Fran\u00e7a, 2002 na Coreia do Sul e Jap\u00e3o, 2006 na Alemanha, 2010 na \u00c1frica do Sul, 2014 no Brasil, 2018 na R\u00fassia e 2022 no Qatar. Eurocopas, 1992 na Su\u00e9cia e 1996 na Inglaterra. Copa das Confedera\u00e7\u00f5es de 2005 na Alemanha e 2009 na \u00c1frica do Sul. Rep\u00f3rter e Editor, trabalhou no Jornal da Tarde e Estad\u00e3o, de 1984 a fevereiro de 2016. Colunista, blogueiro. E comentarista de futebol na R\u00e1dio Estad\u00e3o, de 2013 a fevereiro de 2016. Jornalista respons\u00e1vel do \"Pr\u00f3speri News\" (blogdoprosperi.com).","sameAs":["http:\/\/blogdoprosperi.com","Luiz Pr\u00f3speri","@luiz_prosperi","https:\/\/x.com\/Luizprosperi","@prosperinacopa","luiz.prosperi@icloud.com"],"url":"https:\/\/blogdoprosperi.com\/?author=102107496"}]}},"jetpack_publicize_connections":[],"jetpack_likes_enabled":false,"jetpack_sharing_enabled":true,"jetpack_shortlink":"https:\/\/wp.me\/p7jvdk-dGV","jetpack-related-posts":[{"id":52172,"url":"https:\/\/blogdoprosperi.com\/?p=52172","url_meta":{"origin":52633,"position":0},"title":"V\u00eddeo: Chelsea 4 a 1 Benfica \u2013 Melhores Momentos no Mundial de Clubes | Chelsea Pega Palmeiras","author":"Luiz Ant\u00f4nio Pr\u00f3speri","date":"28 de junho de 2025","format":false,"excerpt":"Acompanhe melhores momentos de Chelsea 4 a 1 Benfica nas oitavas. Chelsea vai enfrentar o Palmeiras nas quartas de final. V\u00eddeo oficial Fifa: Clique aqui: https:\/\/www.fifa.com\/pt\/watch\/71wiCdxSrNPibO1mN4fsvA","rel":"","context":"Em &quot;Fifa&quot;","block_context":{"text":"Fifa","link":"https:\/\/blogdoprosperi.com\/?cat=187969"},"img":{"alt_text":"Chelsea vence Benfica e enfrenta Palmeiras no Mundial de Clubes","src":"https:\/\/i0.wp.com\/blogdoprosperi.com\/wp-content\/uploads\/2025\/06\/captura-de-tela-2025-06-28-as-22.59.20.png?fit=980%2C508&ssl=1&resize=350%2C200","width":350,"height":200,"srcset":"https:\/\/i0.wp.com\/blogdoprosperi.com\/wp-content\/uploads\/2025\/06\/captura-de-tela-2025-06-28-as-22.59.20.png?fit=980%2C508&ssl=1&resize=350%2C200 1x, https:\/\/i0.wp.com\/blogdoprosperi.com\/wp-content\/uploads\/2025\/06\/captura-de-tela-2025-06-28-as-22.59.20.png?fit=980%2C508&ssl=1&resize=525%2C300 1.5x, https:\/\/i0.wp.com\/blogdoprosperi.com\/wp-content\/uploads\/2025\/06\/captura-de-tela-2025-06-28-as-22.59.20.png?fit=980%2C508&ssl=1&resize=700%2C400 2x"},"classes":[]},{"id":52156,"url":"https:\/\/blogdoprosperi.com\/?p=52156","url_meta":{"origin":52633,"position":1},"title":"Mundial de Clubes | V\u00eddeo: Palmeiras 1 a 0 Botafogo \u2013 Melhores Momentos","author":"Luiz Ant\u00f4nio Pr\u00f3speri","date":"28 de junho de 2025","format":false,"excerpt":"Acompanhe melhores momentos de Palmeiras 1 a 0 Botafogo nas oitavas do Mundial de Clubes. Palmeiras avan\u00e7a \u00e0s quartas de final. V\u00eddeo oficial Fifa: Clique aqui: https:\/\/www.fifa.com\/pt\/watch\/304RBxwSo3IWqf3tgv1h9A","rel":"","context":"Em &quot;Fifa&quot;","block_context":{"text":"Fifa","link":"https:\/\/blogdoprosperi.com\/?cat=187969"},"img":{"alt_text":"","src":"https:\/\/i0.wp.com\/blogdoprosperi.com\/wp-content\/uploads\/2025\/06\/54620051713_45c7643a03_c.jpg?fit=800%2C450&ssl=1&resize=350%2C200","width":350,"height":200,"srcset":"https:\/\/i0.wp.com\/blogdoprosperi.com\/wp-content\/uploads\/2025\/06\/54620051713_45c7643a03_c.jpg?fit=800%2C450&ssl=1&resize=350%2C200 1x, https:\/\/i0.wp.com\/blogdoprosperi.com\/wp-content\/uploads\/2025\/06\/54620051713_45c7643a03_c.jpg?fit=800%2C450&ssl=1&resize=525%2C300 1.5x, https:\/\/i0.wp.com\/blogdoprosperi.com\/wp-content\/uploads\/2025\/06\/54620051713_45c7643a03_c.jpg?fit=800%2C450&ssl=1&resize=700%2C400 2x"},"classes":[]},{"id":51817,"url":"https:\/\/blogdoprosperi.com\/?p=51817","url_meta":{"origin":52633,"position":2},"title":"Mundial de Clubes | V\u00eddeo:  Palmeiras 2 a 2 Inter Miami \u2013 Melhores Momentos","author":"Luiz Ant\u00f4nio Pr\u00f3speri","date":"24 de junho de 2025","format":false,"excerpt":"Acompanhe os melhores momentos de Palmeiras 2 a 2 Inter Miami. Palmeiras se classifica em primeiro no Grupo A, Inter de Messi, em segundo. V\u00eddeo oficial Fifa: Clique aqui: https:\/\/www.fifa.com\/pt\/watch\/7uh10CA3Xov9jiW4O5nZxT","rel":"","context":"Em &quot;futebol&quot;","block_context":{"text":"futebol","link":"https:\/\/blogdoprosperi.com\/?cat=53870"},"img":{"alt_text":"Palmeiras 2 a 2 Inter Miami \u2013 Mundial de Clubes","src":"https:\/\/i0.wp.com\/blogdoprosperi.com\/wp-content\/uploads\/2025\/06\/captura-de-tela-2025-06-24-as-10.51.29.png?fit=1200%2C727&ssl=1&resize=350%2C200","width":350,"height":200,"srcset":"https:\/\/i0.wp.com\/blogdoprosperi.com\/wp-content\/uploads\/2025\/06\/captura-de-tela-2025-06-24-as-10.51.29.png?fit=1200%2C727&ssl=1&resize=350%2C200 1x, https:\/\/i0.wp.com\/blogdoprosperi.com\/wp-content\/uploads\/2025\/06\/captura-de-tela-2025-06-24-as-10.51.29.png?fit=1200%2C727&ssl=1&resize=525%2C300 1.5x, https:\/\/i0.wp.com\/blogdoprosperi.com\/wp-content\/uploads\/2025\/06\/captura-de-tela-2025-06-24-as-10.51.29.png?fit=1200%2C727&ssl=1&resize=700%2C400 2x, https:\/\/i0.wp.com\/blogdoprosperi.com\/wp-content\/uploads\/2025\/06\/captura-de-tela-2025-06-24-as-10.51.29.png?fit=1200%2C727&ssl=1&resize=1050%2C600 3x"},"classes":[]},{"id":51217,"url":"https:\/\/blogdoprosperi.com\/?p=51217","url_meta":{"origin":52633,"position":3},"title":"Mundial de Clubes | V\u00eddeo: Melhores Momentos de Palmeiras 0 a 0 Porto","author":"Luiz Ant\u00f4nio Pr\u00f3speri","date":"16 de junho de 2025","format":false,"excerpt":"Acompanhe melhores momentos de Palmeiras 0 a 0 Porto. V\u00eddeo oficial da Fifa: Clic aqui: https:\/\/www.fifa.com\/pt\/watch\/2oAQo8af3CidGGCx8xzFA5","rel":"","context":"Em &quot;futebol&quot;","block_context":{"text":"futebol","link":"https:\/\/blogdoprosperi.com\/?cat=53870"},"img":{"alt_text":"","src":"https:\/\/i0.wp.com\/blogdoprosperi.com\/wp-content\/uploads\/2025\/06\/54591973536_a4c2435046_c.jpg?fit=800%2C450&ssl=1&resize=350%2C200","width":350,"height":200,"srcset":"https:\/\/i0.wp.com\/blogdoprosperi.com\/wp-content\/uploads\/2025\/06\/54591973536_a4c2435046_c.jpg?fit=800%2C450&ssl=1&resize=350%2C200 1x, https:\/\/i0.wp.com\/blogdoprosperi.com\/wp-content\/uploads\/2025\/06\/54591973536_a4c2435046_c.jpg?fit=800%2C450&ssl=1&resize=525%2C300 1.5x, https:\/\/i0.wp.com\/blogdoprosperi.com\/wp-content\/uploads\/2025\/06\/54591973536_a4c2435046_c.jpg?fit=800%2C450&ssl=1&resize=700%2C400 2x"},"classes":[]},{"id":52551,"url":"https:\/\/blogdoprosperi.com\/?p=52551","url_meta":{"origin":52633,"position":4},"title":"Na TV | Onde Assistir e Hor\u00e1rios de Fluminense x Al Hilal e Palmeiras x Chelsea","author":"Luiz Ant\u00f4nio Pr\u00f3speri","date":"4 de julho de 2025","format":false,"excerpt":"Onde assistir e hor\u00e1rios dos jogos de abertura as quartas de final do Mundial de Clubes: Fluminense x Al Hilal em Orlando e Palmeiras x Chelsea na Filad\u00e9lfia. Sexta-feira (04\/7) 16h \u2013 Fluminense x Al Hilal \u2013 Globo, Sportv, globoplay, Caz\u00e9 TV e Dazn 22h \u2013 Palmeiras x Chelsea \u2013\u2026","rel":"","context":"Em &quot;futebol&quot;","block_context":{"text":"futebol","link":"https:\/\/blogdoprosperi.com\/?cat=53870"},"img":{"alt_text":"","src":"https:\/\/i0.wp.com\/blogdoprosperi.com\/wp-content\/uploads\/2025\/07\/captura-de-tela-2025-07-04-as-11.01.28.png?fit=1200%2C780&ssl=1&resize=350%2C200","width":350,"height":200,"srcset":"https:\/\/i0.wp.com\/blogdoprosperi.com\/wp-content\/uploads\/2025\/07\/captura-de-tela-2025-07-04-as-11.01.28.png?fit=1200%2C780&ssl=1&resize=350%2C200 1x, https:\/\/i0.wp.com\/blogdoprosperi.com\/wp-content\/uploads\/2025\/07\/captura-de-tela-2025-07-04-as-11.01.28.png?fit=1200%2C780&ssl=1&resize=525%2C300 1.5x, https:\/\/i0.wp.com\/blogdoprosperi.com\/wp-content\/uploads\/2025\/07\/captura-de-tela-2025-07-04-as-11.01.28.png?fit=1200%2C780&ssl=1&resize=700%2C400 2x, https:\/\/i0.wp.com\/blogdoprosperi.com\/wp-content\/uploads\/2025\/07\/captura-de-tela-2025-07-04-as-11.01.28.png?fit=1200%2C780&ssl=1&resize=1050%2C600 3x"},"classes":[]},{"id":51488,"url":"https:\/\/blogdoprosperi.com\/?p=51488","url_meta":{"origin":52633,"position":5},"title":"Mundial de Clubes | V\u00eddeo: Palmeiras 2 a 0 Al Ahly \u2013 Melhores Momentos","author":"Luiz Ant\u00f4nio Pr\u00f3speri","date":"19 de junho de 2025","format":false,"excerpt":"Acompanhe melhores momentos da vit\u00f3ria Palmeiras 2 a 0 Al Ahly. V\u00eddeo oficial Fifa: Clique aqui: https:\/\/www.fifa.com\/pt\/watch\/6LARHAbBjRkh4EhcptwNEX Relat\u00f3rio Fifa \u2013 \u00a0No tira-teima entre SE Palmeiras e Al Ahly FC, melhor para o time brasileiro. Com uma vit\u00f3ria de cada lado nos dois encontros anteriores entre eles -- ambos pela Copa\u2026","rel":"","context":"Em &quot;futebol&quot;","block_context":{"text":"futebol","link":"https:\/\/blogdoprosperi.com\/?cat=53870"},"img":{"alt_text":"Flaco Lopez leva Palmeiras ao c\u00e9u","src":"https:\/\/i0.wp.com\/blogdoprosperi.com\/wp-content\/uploads\/2025\/06\/se-palmeiras-v-al-ahly-sc-group-a-fifa-club-world-cup-2025.webp?fit=1200%2C878&ssl=1&resize=350%2C200","width":350,"height":200,"srcset":"https:\/\/i0.wp.com\/blogdoprosperi.com\/wp-content\/uploads\/2025\/06\/se-palmeiras-v-al-ahly-sc-group-a-fifa-club-world-cup-2025.webp?fit=1200%2C878&ssl=1&resize=350%2C200 1x, https:\/\/i0.wp.com\/blogdoprosperi.com\/wp-content\/uploads\/2025\/06\/se-palmeiras-v-al-ahly-sc-group-a-fifa-club-world-cup-2025.webp?fit=1200%2C878&ssl=1&resize=525%2C300 1.5x, https:\/\/i0.wp.com\/blogdoprosperi.com\/wp-content\/uploads\/2025\/06\/se-palmeiras-v-al-ahly-sc-group-a-fifa-club-world-cup-2025.webp?fit=1200%2C878&ssl=1&resize=700%2C400 2x, https:\/\/i0.wp.com\/blogdoprosperi.com\/wp-content\/uploads\/2025\/06\/se-palmeiras-v-al-ahly-sc-group-a-fifa-club-world-cup-2025.webp?fit=1200%2C878&ssl=1&resize=1050%2C600 3x"},"classes":[]}],"jetpack_featured_media_url":"https:\/\/i0.wp.com\/blogdoprosperi.com\/wp-content\/uploads\/2025\/07\/54633864666_0d07e5070e_c.jpg?fit=800%2C450&ssl=1","_links":{"self":[{"href":"https:\/\/blogdoprosperi.com\/index.php?rest_route=\/wp\/v2\/posts\/52633","targetHints":{"allow":["GET"]}}],"collection":[{"href":"https:\/\/blogdoprosperi.com\/index.php?rest_route=\/wp\/v2\/posts"}],"about":[{"href":"https:\/\/blogdoprosperi.com\/index.php?rest_route=\/wp\/v2\/types\/post"}],"author":[{"embeddable":true,"href":"https:\/\/blogdoprosperi.com\/index.php?rest_route=\/wp\/v2\/users\/102107496"}],"replies":[{"embeddable":true,"href":"https:\/\/blogdoprosperi.com\/index.php?rest_route=%2Fwp%2Fv2%2Fcomments&post=52633"}],"version-history":[{"count":4,"href":"https:\/\/blogdoprosperi.com\/index.php?rest_route=\/wp\/v2\/posts\/52633\/revisions"}],"predecessor-version":[{"id":52637,"href":"https:\/\/blogdoprosperi.com\/index.php?rest_route=\/wp\/v2\/posts\/52633\/revisions\/52637"}],"wp:featuredmedia":[{"embeddable":true,"href":"https:\/\/blogdoprosperi.com\/index.php?rest_route=\/wp\/v2\/media\/52630"}],"wp:attachment":[{"href":"https:\/\/blogdoprosperi.com\/index.php?rest_route=%2Fwp%2Fv2%2Fmedia&parent=52633"}],"wp:term":[{"taxonomy":"category","embeddable":true,"href":"https:\/\/blogdoprosperi.com\/index.php?rest_route=%2Fwp%2Fv2%2Fcategories&post=52633"},{"taxonomy":"post_tag","embeddable":true,"href":"https:\/\/blogdoprosperi.com\/index.php?rest_route=%2Fwp%2Fv2%2Ftags&post=52633"}],"curies":[{"name":"wp","href":"https:\/\/api.w.org\/{rel}","templated":true}]}}