{"id":52639,"date":"2025-07-05T15:52:59","date_gmt":"2025-07-05T18:52:59","guid":{"rendered":"https:\/\/blogdoprosperi.com\/?p=52639"},"modified":"2025-07-05T15:52:59","modified_gmt":"2025-07-05T18:52:59","slug":"psg-finca-estaca-no-bayern-munique-e-avanca-as-semifinais-do-mundial-de-clubes","status":"publish","type":"post","link":"https:\/\/blogdoprosperi.com\/?p=52639","title":{"rendered":"PSG Finca Estaca no Bayern Munique e Avan\u00e7a \u00e0s Semifinais do Mundial de Clubes"},"content":{"rendered":"<p><em>Luiz Ant\u00f4nio Pr\u00f3speri \u2013 5 de julho (15h41) \u2013<\/em><\/p>\n<p>PSG vence Bayern Munique por 2 a 0 e se classifica \u00e0s semifinais do Mundial de Clubes. Falando assim, seria mais um jogo entre franceses e alem\u00e3es. Mas, n\u00e3o. A hist\u00f3ria dessa partida est\u00e1 repleta de dramas, aulas de futebol, expuls\u00f5es, p\u00eanalti marcado no fim e anulado pelo VAR, despedida de um \u00eddolo e vit\u00f3ria do time sensa\u00e7\u00e3o da temporada. PSG n\u00e3o perdoa, executa. Bayern, a v\u00edtima de agora do campe\u00e3o europeu.<\/p>\n<p>Enredo poderia ter sido outro se o Bayern tivesse exercido bem seu mandato nos primeiros 15 minutos do jogo. Com aquela press\u00e3o absurda no campo inimigo, cria oportunidades de gol, erra nos chutes diante de Donnarumma e, pronto, n\u00e3o balan\u00e7a as redes.<\/p>\n<p>PSG responde depois dos 20 minutos e come\u00e7a a criar embara\u00e7os \u00e0 defesa alem\u00e3 e chamando Neuer ao trabalho. Equilibra o jogo.<\/p>\n<p>Quando o \u00e1rbitro ingl\u00eas Anthony Taylor se preparava ao apito final do primeiro tempo, a dor toma conta do est\u00e1dio. Em um lance entre Donnarumma e Musiala, o garoto alem\u00e3o sofre fratura no tornozelo. Sil\u00eancio total. Jogadores cobrem os rostos com as camisas, Donnarumma leva as m\u00e3os aos olhos. Ningu\u00e9m ali queria ver e sentir a dor de Musiala.<\/p>\n<p>Vem o segundo tempo, PSG se solta das amarras e compra o Bayern com a mesma moeda do time alem\u00e3o: press\u00e3o na sa\u00edda de bola. De um aperto de Jo\u00e3o Neves em Kane, o volante portugu\u00eas rouba a bola, serve Dou\u00e9 e o chute \u00e9 certeiro: PSG 1 a 0, aos 32 minutos.<\/p>\n<p>N\u00e3o havia mais nada ao Bayern a n\u00e3o ser arriscar sem limites. Aumenta voltagem do jogo. Pacho quase rasga canela Goretzka. Rua. Expulso quatro minutos depois do gol de Dou\u00e9.<\/p>\n<p>Em superioridade num\u00e9rica, Bayern vai com tudo. Kane marca de cabe\u00e7a. Impedido. Gol anulado, aos 41.<\/p>\n<p>Jogo avan\u00e7a aos acr\u00e9scimos com o time alem\u00e3o prensando o PSG como um tanque de guerra passando por cima de tudo. Gol n\u00e3o sai. Donnarumma evita.<\/p>\n<p>Recordando. Dos 32 minutos aos 42, teve de tudo: gol do PSG, expuls\u00e3o no PSG, gol anulado do Bayern. Quer mais?<\/p>\n<p>Aos 46, Lucas Hern\u00e1ndez do PSG \u00e9 expulso por cotovelada em Guerreiro. Lance vai o VAR, que confirma o cart\u00e3o vermelho. Luis Enrique vira um po\u00e7o de raiva.<\/p>\n<figure id=\"attachment_52649\" aria-describedby=\"caption-attachment-52649\" style=\"width: 546px\" class=\"wp-caption alignnone\"><img data-recalc-dims=\"1\" loading=\"lazy\" decoding=\"async\" data-attachment-id=\"52649\" data-permalink=\"https:\/\/blogdoprosperi.com\/?attachment_id=52649\" data-orig-file=\"https:\/\/i0.wp.com\/blogdoprosperi.com\/wp-content\/uploads\/2025\/07\/gvhu6phwoaa3mcs.jpeg?fit=960%2C1200&amp;ssl=1\" data-orig-size=\"960,1200\" data-comments-opened=\"1\" data-image-meta=\"{&quot;aperture&quot;:&quot;0&quot;,&quot;credit&quot;:&quot;&quot;,&quot;camera&quot;:&quot;&quot;,&quot;caption&quot;:&quot;&quot;,&quot;created_timestamp&quot;:&quot;0&quot;,&quot;copyright&quot;:&quot;&quot;,&quot;focal_length&quot;:&quot;0&quot;,&quot;iso&quot;:&quot;0&quot;,&quot;shutter_speed&quot;:&quot;0&quot;,&quot;title&quot;:&quot;&quot;,&quot;orientation&quot;:&quot;0&quot;}\" data-image-title=\"GvHU6phWoAA3mcs\" data-image-description=\"\" data-image-caption=\"&lt;p&gt;Luis Henrique, t\u00e9cnico do PSG \u2013 foto: X Fifa&lt;\/p&gt;\n\" data-large-file=\"https:\/\/i0.wp.com\/blogdoprosperi.com\/wp-content\/uploads\/2025\/07\/gvhu6phwoaa3mcs.jpeg?fit=819%2C1024&amp;ssl=1\" class=\" wp-image-52649\" src=\"https:\/\/i0.wp.com\/blogdoprosperi.com\/wp-content\/uploads\/2025\/07\/gvhu6phwoaa3mcs.jpeg?resize=546%2C683&#038;ssl=1\" alt=\"\" width=\"546\" height=\"683\" \/><figcaption id=\"caption-attachment-52649\" class=\"wp-caption-text\"><em>Luis Henrique, t\u00e9cnico do PSG \u2013 foto: X Fifa<\/em><\/figcaption><\/figure>\n<p>Tem mais. Com nove jogadores contra 11 do advers\u00e1rio, PSG destemido sai em contra-ataque. Dembel\u00e9, que havia entrado no segundo tempo, acerta a trave de Neuer. Em seguida, em jogada patente de Messi, o lateral marroquino Hakimi dribla tr\u00eas e deixa Dembel\u00e9 livre para dessa vez fulminar Neuer. PSG 2 a 0, no quinto dos seis minutos de acr\u00e9scimos concedidos pelo \u00e1rbitro.<\/p>\n<p>Fim de papo. PSG classificado. Que nada. Donnarumma ainda fez uma grande defesa. E no minuto seguinte, p\u00eanalti de Nuno Mendes em Thomas Muller. \u00c1rbitro d\u00e1 o p\u00eanalti. VAR anula.<\/p>\n<p>Bola em jogo. Juiz encerra a partida \u00e9pica ao PSG, agora semifinalista do Mundial de Clubes \u2013 enfrenta vencedor de Real Madrid e Borussia Dortmund.<\/p>\n<p>Antes de os jogadores descerem aos vesti\u00e1rios, Thomas Muller, 37 anos, anuncia a sua despedida do Bayern Munique, clube que o acolheu e o criou desde os 10 anos de idade.<\/p>\n<p>Agora sim a hist\u00f3ria de PSG 2 a 0 Bayern em Atalanta chegava ao ponto final.<\/p>\n<p>Quem gosta de futebol vai se lembrar desse jogo por s\u00e9culos e s\u00e9culos, am\u00e9m.<\/p>\n<p><span class=\"alignnone\"><img data-recalc-dims=\"1\" loading=\"lazy\" decoding=\"async\" data-attachment-id=\"52648\" data-permalink=\"https:\/\/blogdoprosperi.com\/?attachment_id=52648\" data-orig-file=\"https:\/\/i0.wp.com\/blogdoprosperi.com\/wp-content\/uploads\/2025\/07\/gvhpiycxqaa9l6b.jpeg?fit=960%2C1200&amp;ssl=1\" data-orig-size=\"960,1200\" data-comments-opened=\"1\" data-image-meta=\"{&quot;aperture&quot;:&quot;0&quot;,&quot;credit&quot;:&quot;&quot;,&quot;camera&quot;:&quot;&quot;,&quot;caption&quot;:&quot;&quot;,&quot;created_timestamp&quot;:&quot;0&quot;,&quot;copyright&quot;:&quot;&quot;,&quot;focal_length&quot;:&quot;0&quot;,&quot;iso&quot;:&quot;0&quot;,&quot;shutter_speed&quot;:&quot;0&quot;,&quot;title&quot;:&quot;&quot;,&quot;orientation&quot;:&quot;0&quot;}\" data-image-title=\"GvHPIyCXQAA9l6B\" data-image-description=\"\" data-image-caption=\"\" data-large-file=\"https:\/\/i0.wp.com\/blogdoprosperi.com\/wp-content\/uploads\/2025\/07\/gvhpiycxqaa9l6b.jpeg?fit=819%2C1024&amp;ssl=1\" class=\"alignnone wp-image-52648\" src=\"https:\/\/i0.wp.com\/blogdoprosperi.com\/wp-content\/uploads\/2025\/07\/gvhpiycxqaa9l6b.jpeg?resize=584%2C730&#038;ssl=1\" alt=\"\" width=\"584\" height=\"730\" \/><\/span><\/p>\n","protected":false},"excerpt":{"rendered":"<p>Luiz Ant\u00f4nio Pr\u00f3speri \u2013 5 de julho (15h41) \u2013 PSG vence Bayern Munique por 2 a 0 e [&hellip;]<\/p>\n","protected":false},"author":102107496,"featured_media":52647,"comment_status":"open","ping_status":"open","sticky":false,"template":"","format":"standard","meta":{"_coblocks_attr":"","_coblocks_dimensions":"","_coblocks_responsive_height":"","_coblocks_accordion_ie_support":"","_jetpack_newsletter_access":"","_jetpack_dont_email_post_to_subs":false,"_jetpack_newsletter_tier_id":0,"_jetpack_memberships_contains_paywalled_content":false,"_wpcom_ai_launchpad_first_post":false,"_jetpack_feature_clip_id":0,"_jetpack_memberships_contains_paid_content":false,"footnotes":"","jetpack_publicize_message":"","jetpack_publicize_feature_enabled":true,"jetpack_social_post_already_shared":false,"jetpack_social_options":{"image_generator_settings":{"template":"highway","default_image_id":0,"font":"","enabled":false},"version":2},"jetpack_post_was_ever_published":false},"categories":[53870,20384,551766,3919],"tags":[6354609,782385672,6627942,789560560,17157412,789560573,789560568,402431232,782385671],"class_list":["post-52639","post","type-post","status-publish","format-standard","has-post-thumbnail","hentry","category-futebol","category-informacao","category-mundial-de-clubes","category-opiniao","tag-dembele","tag-donnammura","tag-doue","tag-futebol","tag-harry-kane","tag-luiz-antonio-prosperi","tag-mundial-de-clubes","tag-musiala","tag-psg-2-a-0-bayern-munique"],"yoast_head":"<!-- This site is optimized with the Yoast SEO plugin v28.3 - https:\/\/yoast.com\/product\/yoast-seo-wordpress\/ -->\n<title>PSG Finca Estaca no Bayern Munique e Avan\u00e7a \u00e0s Semifinais do Mundial de Clubes - PR\u00d3SPERI NEWS<\/title>\n<meta name=\"robots\" content=\"index, follow, max-snippet:-1, max-image-preview:large, max-video-preview:-1\" \/>\n<link rel=\"canonical\" href=\"https:\/\/blogdoprosperi.com\/?p=52639\" \/>\n<meta property=\"og:locale\" content=\"pt_BR\" \/>\n<meta property=\"og:type\" content=\"article\" \/>\n<meta property=\"og:title\" content=\"PSG Finca Estaca no Bayern Munique e Avan\u00e7a \u00e0s Semifinais do Mundial de Clubes - PR\u00d3SPERI NEWS\" \/>\n<meta property=\"og:description\" content=\"Luiz Ant\u00f4nio Pr\u00f3speri \u2013 5 de julho (15h41) \u2013 PSG vence Bayern Munique por 2 a 0 e [&hellip;]\" \/>\n<meta property=\"og:url\" content=\"https:\/\/blogdoprosperi.com\/?p=52639\" \/>\n<meta property=\"og:site_name\" content=\"PR\u00d3SPERI NEWS\" \/>\n<meta property=\"article:publisher\" content=\"Luiz Pr\u00f3speri\" \/>\n<meta property=\"article:author\" content=\"Luiz Pr\u00f3speri\" \/>\n<meta property=\"article:published_time\" content=\"2025-07-05T18:52:59+00:00\" \/>\n<meta property=\"og:image\" content=\"https:\/\/i0.wp.com\/blogdoprosperi.com\/wp-content\/uploads\/2025\/07\/captura-de-tela-2025-07-05-as-15.44.15.png?fit=986%2C672&ssl=1\" \/>\n\t<meta property=\"og:image:width\" content=\"986\" \/>\n\t<meta property=\"og:image:height\" content=\"672\" \/>\n\t<meta property=\"og:image:type\" content=\"image\/png\" \/>\n<meta name=\"author\" content=\"Luiz Ant\u00f4nio Pr\u00f3speri\" \/>\n<meta name=\"twitter:card\" content=\"summary_large_image\" \/>\n<meta name=\"twitter:creator\" content=\"@Luizprosperi\" \/>\n<meta name=\"twitter:site\" content=\"@Luizprosperi\" \/>\n<meta name=\"twitter:label1\" content=\"Escrito por\" \/>\n\t<meta name=\"twitter:data1\" content=\"Luiz Ant\u00f4nio Pr\u00f3speri\" \/>\n\t<meta name=\"twitter:label2\" content=\"Est. tempo de leitura\" \/>\n\t<meta name=\"twitter:data2\" content=\"3 minutos\" \/>\n<script type=\"application\/ld+json\" class=\"yoast-schema-graph\">{\"@context\":\"https:\\\/\\\/schema.org\",\"@graph\":[{\"@type\":\"Article\",\"@id\":\"https:\\\/\\\/blogdoprosperi.com\\\/?p=52639#article\",\"isPartOf\":{\"@id\":\"https:\\\/\\\/blogdoprosperi.com\\\/?p=52639\"},\"author\":{\"name\":\"Luiz Ant\u00f4nio Pr\u00f3speri\",\"@id\":\"https:\\\/\\\/blogdoprosperi.com\\\/#\\\/schema\\\/person\\\/38100755ce3601861ee4fab9b5aa78e9\"},\"headline\":\"PSG Finca Estaca no Bayern Munique e Avan\u00e7a \u00e0s Semifinais do Mundial de Clubes\",\"datePublished\":\"2025-07-05T18:52:59+00:00\",\"mainEntityOfPage\":{\"@id\":\"https:\\\/\\\/blogdoprosperi.com\\\/?p=52639\"},\"wordCount\":612,\"commentCount\":0,\"publisher\":{\"@id\":\"https:\\\/\\\/blogdoprosperi.com\\\/#\\\/schema\\\/person\\\/38100755ce3601861ee4fab9b5aa78e9\"},\"image\":{\"@id\":\"https:\\\/\\\/blogdoprosperi.com\\\/?p=52639#primaryimage\"},\"thumbnailUrl\":\"https:\\\/\\\/i0.wp.com\\\/blogdoprosperi.com\\\/wp-content\\\/uploads\\\/2025\\\/07\\\/captura-de-tela-2025-07-05-as-15.44.15.png?fit=986%2C672&ssl=1\",\"keywords\":[\"Dembel\u00e9\",\"donnammura\",\"dou\u00e9\",\"futebol\",\"harry kane\",\"Luiz Ant\u00f4nio Pr\u00f3speri\",\"Mundial de Clubes\",\"musiala\",\"psg 2 a 0 bayern munique\"],\"articleSection\":[\"futebol\",\"informa\u00e7\u00e3o\",\"Mundial de Clubes\",\"opini\u00e3o\"],\"inLanguage\":\"pt-BR\",\"potentialAction\":[{\"@type\":\"CommentAction\",\"name\":\"Comment\",\"target\":[\"https:\\\/\\\/blogdoprosperi.com\\\/?p=52639#respond\"]}]},{\"@type\":\"WebPage\",\"@id\":\"https:\\\/\\\/blogdoprosperi.com\\\/?p=52639\",\"url\":\"https:\\\/\\\/blogdoprosperi.com\\\/?p=52639\",\"name\":\"PSG Finca Estaca no Bayern Munique e Avan\u00e7a \u00e0s Semifinais do Mundial de Clubes - PR\u00d3SPERI NEWS\",\"isPartOf\":{\"@id\":\"https:\\\/\\\/blogdoprosperi.com\\\/#website\"},\"primaryImageOfPage\":{\"@id\":\"https:\\\/\\\/blogdoprosperi.com\\\/?p=52639#primaryimage\"},\"image\":{\"@id\":\"https:\\\/\\\/blogdoprosperi.com\\\/?p=52639#primaryimage\"},\"thumbnailUrl\":\"https:\\\/\\\/i0.wp.com\\\/blogdoprosperi.com\\\/wp-content\\\/uploads\\\/2025\\\/07\\\/captura-de-tela-2025-07-05-as-15.44.15.png?fit=986%2C672&ssl=1\",\"datePublished\":\"2025-07-05T18:52:59+00:00\",\"breadcrumb\":{\"@id\":\"https:\\\/\\\/blogdoprosperi.com\\\/?p=52639#breadcrumb\"},\"inLanguage\":\"pt-BR\",\"potentialAction\":[{\"@type\":\"ReadAction\",\"target\":[\"https:\\\/\\\/blogdoprosperi.com\\\/?p=52639\"]}]},{\"@type\":\"ImageObject\",\"inLanguage\":\"pt-BR\",\"@id\":\"https:\\\/\\\/blogdoprosperi.com\\\/?p=52639#primaryimage\",\"url\":\"https:\\\/\\\/i0.wp.com\\\/blogdoprosperi.com\\\/wp-content\\\/uploads\\\/2025\\\/07\\\/captura-de-tela-2025-07-05-as-15.44.15.png?fit=986%2C672&ssl=1\",\"contentUrl\":\"https:\\\/\\\/i0.wp.com\\\/blogdoprosperi.com\\\/wp-content\\\/uploads\\\/2025\\\/07\\\/captura-de-tela-2025-07-05-as-15.44.15.png?fit=986%2C672&ssl=1\",\"width\":986,\"height\":672,\"caption\":\"Dembel\u00e9 e Dou\u00e9, artistas da vit\u00f3ria do PSG \u2013 foto: Fifa oficial\"},{\"@type\":\"BreadcrumbList\",\"@id\":\"https:\\\/\\\/blogdoprosperi.com\\\/?p=52639#breadcrumb\",\"itemListElement\":[{\"@type\":\"ListItem\",\"position\":1,\"name\":\"In\u00edcio\",\"item\":\"https:\\\/\\\/blogdoprosperi.com\\\/\"},{\"@type\":\"ListItem\",\"position\":2,\"name\":\"PSG Finca Estaca no Bayern Munique e Avan\u00e7a \u00e0s Semifinais do Mundial de Clubes\"}]},{\"@type\":\"WebSite\",\"@id\":\"https:\\\/\\\/blogdoprosperi.com\\\/#website\",\"url\":\"https:\\\/\\\/blogdoprosperi.com\\\/\",\"name\":\"PR\u00d3SPERI NEWS\",\"description\":\"TUDO \u00c9  FUTEBOL\",\"publisher\":{\"@id\":\"https:\\\/\\\/blogdoprosperi.com\\\/#\\\/schema\\\/person\\\/38100755ce3601861ee4fab9b5aa78e9\"},\"alternateName\":\"blogdoprosperi.com\",\"potentialAction\":[{\"@type\":\"SearchAction\",\"target\":{\"@type\":\"EntryPoint\",\"urlTemplate\":\"https:\\\/\\\/blogdoprosperi.com\\\/?s={search_term_string}\"},\"query-input\":{\"@type\":\"PropertyValueSpecification\",\"valueRequired\":true,\"valueName\":\"search_term_string\"}}],\"inLanguage\":\"pt-BR\"},{\"@type\":[\"Person\",\"Organization\"],\"@id\":\"https:\\\/\\\/blogdoprosperi.com\\\/#\\\/schema\\\/person\\\/38100755ce3601861ee4fab9b5aa78e9\",\"name\":\"Luiz Ant\u00f4nio Pr\u00f3speri\",\"pronouns\":\"ele\",\"image\":{\"@type\":\"ImageObject\",\"inLanguage\":\"pt-BR\",\"@id\":\"https:\\\/\\\/i0.wp.com\\\/blogdoprosperi.com\\\/wp-content\\\/uploads\\\/2026\\\/05\\\/cropped-8059e613-6002-42fa-961e-8e275f575d71-2-5.jpg?fit=1360%2C931&ssl=1\",\"url\":\"https:\\\/\\\/i0.wp.com\\\/blogdoprosperi.com\\\/wp-content\\\/uploads\\\/2026\\\/05\\\/cropped-8059e613-6002-42fa-961e-8e275f575d71-2-5.jpg?fit=1360%2C931&ssl=1\",\"contentUrl\":\"https:\\\/\\\/i0.wp.com\\\/blogdoprosperi.com\\\/wp-content\\\/uploads\\\/2026\\\/05\\\/cropped-8059e613-6002-42fa-961e-8e275f575d71-2-5.jpg?fit=1360%2C931&ssl=1\",\"width\":1360,\"height\":931,\"caption\":\"Luiz Ant\u00f4nio Pr\u00f3speri\"},\"logo\":{\"@id\":\"https:\\\/\\\/i0.wp.com\\\/blogdoprosperi.com\\\/wp-content\\\/uploads\\\/2026\\\/05\\\/cropped-8059e613-6002-42fa-961e-8e275f575d71-2-5.jpg?fit=1360%2C931&ssl=1\"},\"description\":\"Jornalista com carreira dedicada ao esporte. Cobriu 9 Copas do Mundo in loco, 1990 na It\u00e1lia, 1994 nos EUA, 1998 na Fran\u00e7a, 2002 na Coreia do Sul e Jap\u00e3o, 2006 na Alemanha, 2010 na \u00c1frica do Sul, 2014 no Brasil, 2018 na R\u00fassia e 2022 no Qatar. Eurocopas, 1992 na Su\u00e9cia e 1996 na Inglaterra. Copa das Confedera\u00e7\u00f5es de 2005 na Alemanha e 2009 na \u00c1frica do Sul. Rep\u00f3rter e Editor, trabalhou no Jornal da Tarde e Estad\u00e3o, de 1984 a fevereiro de 2016. Colunista, blogueiro. E comentarista de futebol na R\u00e1dio Estad\u00e3o, de 2013 a fevereiro de 2016. Jornalista respons\u00e1vel do \\\"Pr\u00f3speri News\\\" (blogdoprosperi.com).\",\"sameAs\":[\"http:\\\/\\\/blogdoprosperi.com\",\"Luiz Pr\u00f3speri\",\"@luiz_prosperi\",\"https:\\\/\\\/x.com\\\/Luizprosperi\",\"@prosperinacopa\",\"luiz.prosperi@icloud.com\"],\"url\":\"https:\\\/\\\/blogdoprosperi.com\\\/?author=102107496\"}]}<\/script>\n<!-- \/ Yoast SEO plugin. -->","yoast_head_json":{"title":"PSG Finca Estaca no Bayern Munique e Avan\u00e7a \u00e0s Semifinais do Mundial de Clubes - PR\u00d3SPERI NEWS","robots":{"index":"index","follow":"follow","max-snippet":"max-snippet:-1","max-image-preview":"max-image-preview:large","max-video-preview":"max-video-preview:-1"},"canonical":"https:\/\/blogdoprosperi.com\/?p=52639","og_locale":"pt_BR","og_type":"article","og_title":"PSG Finca Estaca no Bayern Munique e Avan\u00e7a \u00e0s Semifinais do Mundial de Clubes - PR\u00d3SPERI NEWS","og_description":"Luiz Ant\u00f4nio Pr\u00f3speri \u2013 5 de julho (15h41) \u2013 PSG vence Bayern Munique por 2 a 0 e [&hellip;]","og_url":"https:\/\/blogdoprosperi.com\/?p=52639","og_site_name":"PR\u00d3SPERI NEWS","article_publisher":"Luiz Pr\u00f3speri","article_author":"Luiz Pr\u00f3speri","article_published_time":"2025-07-05T18:52:59+00:00","og_image":[{"width":986,"height":672,"url":"https:\/\/i0.wp.com\/blogdoprosperi.com\/wp-content\/uploads\/2025\/07\/captura-de-tela-2025-07-05-as-15.44.15.png?fit=986%2C672&ssl=1","type":"image\/png"}],"author":"Luiz Ant\u00f4nio Pr\u00f3speri","twitter_card":"summary_large_image","twitter_creator":"@Luizprosperi","twitter_site":"@Luizprosperi","twitter_misc":{"Escrito por":"Luiz Ant\u00f4nio Pr\u00f3speri","Est. tempo de leitura":"3 minutos"},"schema":{"@context":"https:\/\/schema.org","@graph":[{"@type":"Article","@id":"https:\/\/blogdoprosperi.com\/?p=52639#article","isPartOf":{"@id":"https:\/\/blogdoprosperi.com\/?p=52639"},"author":{"name":"Luiz Ant\u00f4nio Pr\u00f3speri","@id":"https:\/\/blogdoprosperi.com\/#\/schema\/person\/38100755ce3601861ee4fab9b5aa78e9"},"headline":"PSG Finca Estaca no Bayern Munique e Avan\u00e7a \u00e0s Semifinais do Mundial de Clubes","datePublished":"2025-07-05T18:52:59+00:00","mainEntityOfPage":{"@id":"https:\/\/blogdoprosperi.com\/?p=52639"},"wordCount":612,"commentCount":0,"publisher":{"@id":"https:\/\/blogdoprosperi.com\/#\/schema\/person\/38100755ce3601861ee4fab9b5aa78e9"},"image":{"@id":"https:\/\/blogdoprosperi.com\/?p=52639#primaryimage"},"thumbnailUrl":"https:\/\/i0.wp.com\/blogdoprosperi.com\/wp-content\/uploads\/2025\/07\/captura-de-tela-2025-07-05-as-15.44.15.png?fit=986%2C672&ssl=1","keywords":["Dembel\u00e9","donnammura","dou\u00e9","futebol","harry kane","Luiz Ant\u00f4nio Pr\u00f3speri","Mundial de Clubes","musiala","psg 2 a 0 bayern munique"],"articleSection":["futebol","informa\u00e7\u00e3o","Mundial de Clubes","opini\u00e3o"],"inLanguage":"pt-BR","potentialAction":[{"@type":"CommentAction","name":"Comment","target":["https:\/\/blogdoprosperi.com\/?p=52639#respond"]}]},{"@type":"WebPage","@id":"https:\/\/blogdoprosperi.com\/?p=52639","url":"https:\/\/blogdoprosperi.com\/?p=52639","name":"PSG Finca Estaca no Bayern Munique e Avan\u00e7a \u00e0s Semifinais do Mundial de Clubes - PR\u00d3SPERI NEWS","isPartOf":{"@id":"https:\/\/blogdoprosperi.com\/#website"},"primaryImageOfPage":{"@id":"https:\/\/blogdoprosperi.com\/?p=52639#primaryimage"},"image":{"@id":"https:\/\/blogdoprosperi.com\/?p=52639#primaryimage"},"thumbnailUrl":"https:\/\/i0.wp.com\/blogdoprosperi.com\/wp-content\/uploads\/2025\/07\/captura-de-tela-2025-07-05-as-15.44.15.png?fit=986%2C672&ssl=1","datePublished":"2025-07-05T18:52:59+00:00","breadcrumb":{"@id":"https:\/\/blogdoprosperi.com\/?p=52639#breadcrumb"},"inLanguage":"pt-BR","potentialAction":[{"@type":"ReadAction","target":["https:\/\/blogdoprosperi.com\/?p=52639"]}]},{"@type":"ImageObject","inLanguage":"pt-BR","@id":"https:\/\/blogdoprosperi.com\/?p=52639#primaryimage","url":"https:\/\/i0.wp.com\/blogdoprosperi.com\/wp-content\/uploads\/2025\/07\/captura-de-tela-2025-07-05-as-15.44.15.png?fit=986%2C672&ssl=1","contentUrl":"https:\/\/i0.wp.com\/blogdoprosperi.com\/wp-content\/uploads\/2025\/07\/captura-de-tela-2025-07-05-as-15.44.15.png?fit=986%2C672&ssl=1","width":986,"height":672,"caption":"Dembel\u00e9 e Dou\u00e9, artistas da vit\u00f3ria do PSG \u2013 foto: Fifa oficial"},{"@type":"BreadcrumbList","@id":"https:\/\/blogdoprosperi.com\/?p=52639#breadcrumb","itemListElement":[{"@type":"ListItem","position":1,"name":"In\u00edcio","item":"https:\/\/blogdoprosperi.com\/"},{"@type":"ListItem","position":2,"name":"PSG Finca Estaca no Bayern Munique e Avan\u00e7a \u00e0s Semifinais do Mundial de Clubes"}]},{"@type":"WebSite","@id":"https:\/\/blogdoprosperi.com\/#website","url":"https:\/\/blogdoprosperi.com\/","name":"PR\u00d3SPERI NEWS","description":"TUDO \u00c9  FUTEBOL","publisher":{"@id":"https:\/\/blogdoprosperi.com\/#\/schema\/person\/38100755ce3601861ee4fab9b5aa78e9"},"alternateName":"blogdoprosperi.com","potentialAction":[{"@type":"SearchAction","target":{"@type":"EntryPoint","urlTemplate":"https:\/\/blogdoprosperi.com\/?s={search_term_string}"},"query-input":{"@type":"PropertyValueSpecification","valueRequired":true,"valueName":"search_term_string"}}],"inLanguage":"pt-BR"},{"@type":["Person","Organization"],"@id":"https:\/\/blogdoprosperi.com\/#\/schema\/person\/38100755ce3601861ee4fab9b5aa78e9","name":"Luiz Ant\u00f4nio Pr\u00f3speri","pronouns":"ele","image":{"@type":"ImageObject","inLanguage":"pt-BR","@id":"https:\/\/i0.wp.com\/blogdoprosperi.com\/wp-content\/uploads\/2026\/05\/cropped-8059e613-6002-42fa-961e-8e275f575d71-2-5.jpg?fit=1360%2C931&ssl=1","url":"https:\/\/i0.wp.com\/blogdoprosperi.com\/wp-content\/uploads\/2026\/05\/cropped-8059e613-6002-42fa-961e-8e275f575d71-2-5.jpg?fit=1360%2C931&ssl=1","contentUrl":"https:\/\/i0.wp.com\/blogdoprosperi.com\/wp-content\/uploads\/2026\/05\/cropped-8059e613-6002-42fa-961e-8e275f575d71-2-5.jpg?fit=1360%2C931&ssl=1","width":1360,"height":931,"caption":"Luiz Ant\u00f4nio Pr\u00f3speri"},"logo":{"@id":"https:\/\/i0.wp.com\/blogdoprosperi.com\/wp-content\/uploads\/2026\/05\/cropped-8059e613-6002-42fa-961e-8e275f575d71-2-5.jpg?fit=1360%2C931&ssl=1"},"description":"Jornalista com carreira dedicada ao esporte. Cobriu 9 Copas do Mundo in loco, 1990 na It\u00e1lia, 1994 nos EUA, 1998 na Fran\u00e7a, 2002 na Coreia do Sul e Jap\u00e3o, 2006 na Alemanha, 2010 na \u00c1frica do Sul, 2014 no Brasil, 2018 na R\u00fassia e 2022 no Qatar. Eurocopas, 1992 na Su\u00e9cia e 1996 na Inglaterra. Copa das Confedera\u00e7\u00f5es de 2005 na Alemanha e 2009 na \u00c1frica do Sul. Rep\u00f3rter e Editor, trabalhou no Jornal da Tarde e Estad\u00e3o, de 1984 a fevereiro de 2016. Colunista, blogueiro. E comentarista de futebol na R\u00e1dio Estad\u00e3o, de 2013 a fevereiro de 2016. Jornalista respons\u00e1vel do \"Pr\u00f3speri News\" (blogdoprosperi.com).","sameAs":["http:\/\/blogdoprosperi.com","Luiz Pr\u00f3speri","@luiz_prosperi","https:\/\/x.com\/Luizprosperi","@prosperinacopa","luiz.prosperi@icloud.com"],"url":"https:\/\/blogdoprosperi.com\/?author=102107496"}]}},"jetpack_publicize_connections":[],"jetpack_likes_enabled":false,"jetpack_sharing_enabled":true,"jetpack_shortlink":"https:\/\/wp.me\/p7jvdk-dH1","jetpack-related-posts":[{"id":52652,"url":"https:\/\/blogdoprosperi.com\/?p=52652","url_meta":{"origin":52639,"position":0},"title":"V\u00eddeo | PSG 2 a 0 Bayern Munique \u2013 Melhores Momentos","author":"Luiz Ant\u00f4nio Pr\u00f3speri","date":"5 de julho de 2025","format":false,"excerpt":"Acompanhe melhores momentos de PSG 2 a 0 Bayern Munique. PSG est\u00e1 classificado \u00e0s semifinais do Mundial de Clubes. Jogo marcado pela grave fratura e les\u00e3o no tornozelo do atacante alem\u00e3o Musiala. V\u00eddeo oficial Fifa: Clique aqui: https:\/\/www.fifa.com\/pt\/watch\/5ARnpTKunqD1UKKyOZK773","rel":"","context":"Em &quot;Mundial de Clubes&quot;","block_context":{"text":"Mundial de Clubes","link":"https:\/\/blogdoprosperi.com\/?cat=551766"},"img":{"alt_text":"","src":"https:\/\/i0.wp.com\/blogdoprosperi.com\/wp-content\/uploads\/2025\/07\/gvhonpux0aazzej.png?fit=800%2C800&ssl=1&resize=350%2C200","width":350,"height":200,"srcset":"https:\/\/i0.wp.com\/blogdoprosperi.com\/wp-content\/uploads\/2025\/07\/gvhonpux0aazzej.png?fit=800%2C800&ssl=1&resize=350%2C200 1x, https:\/\/i0.wp.com\/blogdoprosperi.com\/wp-content\/uploads\/2025\/07\/gvhonpux0aazzej.png?fit=800%2C800&ssl=1&resize=525%2C300 1.5x, https:\/\/i0.wp.com\/blogdoprosperi.com\/wp-content\/uploads\/2025\/07\/gvhonpux0aazzej.png?fit=800%2C800&ssl=1&resize=700%2C400 2x"},"classes":[]},{"id":52422,"url":"https:\/\/blogdoprosperi.com\/?p=52422","url_meta":{"origin":52639,"position":1},"title":"Palpites e Valor de Mercado dos Clubes Classificados \u00e0s Quartas do Mundial de Clubes","author":"Luiz Ant\u00f4nio Pr\u00f3speri","date":"2 de julho de 2025","format":false,"excerpt":"Luiz Ant\u00f4nio Pr\u00f3speri \u2013 2 julho (11h39) \u2013 Valor de mercado dos oito clubes classificados \u00e0s quartas de final do Mundial de Clubes alcan\u00e7a \u00a0a marca de R$ 35, 2 bilh\u00f5es, segundo estimativa do site Transfermarkt, especializado em an\u00e1lises financeiras do futebol. Dinheiro n\u00e3o \u00e9 a tradu\u00e7\u00e3o perfeita de favoritismo.\u2026","rel":"","context":"Em &quot;futebol&quot;","block_context":{"text":"futebol","link":"https:\/\/blogdoprosperi.com\/?cat=53870"},"img":{"alt_text":"Protagonistas das quartas de final do Mundial de Clubes","src":"https:\/\/i0.wp.com\/blogdoprosperi.com\/wp-content\/uploads\/2025\/07\/captura-de-tela-2025-07-02-as-11.57.12.png?fit=1070%2C672&ssl=1&resize=350%2C200","width":350,"height":200,"srcset":"https:\/\/i0.wp.com\/blogdoprosperi.com\/wp-content\/uploads\/2025\/07\/captura-de-tela-2025-07-02-as-11.57.12.png?fit=1070%2C672&ssl=1&resize=350%2C200 1x, https:\/\/i0.wp.com\/blogdoprosperi.com\/wp-content\/uploads\/2025\/07\/captura-de-tela-2025-07-02-as-11.57.12.png?fit=1070%2C672&ssl=1&resize=525%2C300 1.5x, https:\/\/i0.wp.com\/blogdoprosperi.com\/wp-content\/uploads\/2025\/07\/captura-de-tela-2025-07-02-as-11.57.12.png?fit=1070%2C672&ssl=1&resize=700%2C400 2x, https:\/\/i0.wp.com\/blogdoprosperi.com\/wp-content\/uploads\/2025\/07\/captura-de-tela-2025-07-02-as-11.57.12.png?fit=1070%2C672&ssl=1&resize=1050%2C600 3x"},"classes":[]},{"id":52063,"url":"https:\/\/blogdoprosperi.com\/?p=52063","url_meta":{"origin":52639,"position":2},"title":"Acaba a Brincadeira, Quatro Brasileiros em Apuros nas Oitavas do Mundial de Clubes \u2013 Palpites Quem Avan\u00e7a","author":"Luiz Ant\u00f4nio Pr\u00f3speri","date":"27 de junho de 2025","format":false,"excerpt":"Luiz Ant\u00f4nio Pr\u00f3speri \u2013 27 junho (11h25) \u2013 Mundial de Clubes entra nas oitavas de final neste fim de semana (28 e 29\/6) sob dom\u00ednio dos clubes europeus. Eles s\u00e3o nove, entre os 16 classificados. Favoritos a avan\u00e7ar \u00e0s quartas de final e despachar dois dos quatro brasileiros. N\u00e3o ser\u00e1\u2026","rel":"","context":"Em &quot;futebol&quot;","block_context":{"text":"futebol","link":"https:\/\/blogdoprosperi.com\/?cat=53870"},"img":{"alt_text":"","src":"https:\/\/i0.wp.com\/blogdoprosperi.com\/wp-content\/uploads\/2025\/06\/captura-de-tela-2025-06-27-as-11.32.59.png?fit=1128%2C636&ssl=1&resize=350%2C200","width":350,"height":200,"srcset":"https:\/\/i0.wp.com\/blogdoprosperi.com\/wp-content\/uploads\/2025\/06\/captura-de-tela-2025-06-27-as-11.32.59.png?fit=1128%2C636&ssl=1&resize=350%2C200 1x, https:\/\/i0.wp.com\/blogdoprosperi.com\/wp-content\/uploads\/2025\/06\/captura-de-tela-2025-06-27-as-11.32.59.png?fit=1128%2C636&ssl=1&resize=525%2C300 1.5x, https:\/\/i0.wp.com\/blogdoprosperi.com\/wp-content\/uploads\/2025\/06\/captura-de-tela-2025-06-27-as-11.32.59.png?fit=1128%2C636&ssl=1&resize=700%2C400 2x, https:\/\/i0.wp.com\/blogdoprosperi.com\/wp-content\/uploads\/2025\/06\/captura-de-tela-2025-06-27-as-11.32.59.png?fit=1128%2C636&ssl=1&resize=1050%2C600 3x"},"classes":[]},{"id":52659,"url":"https:\/\/blogdoprosperi.com\/?p=52659","url_meta":{"origin":52639,"position":3},"title":"V\u00eddeo | Real Madrid 3 a 2 Borussia Dortmund \u2013 Melhores Momentos","author":"Luiz Ant\u00f4nio Pr\u00f3speri","date":"5 de julho de 2025","format":false,"excerpt":"Acompanhe melhores momentos de Real Madrid 3 a 2 Borussia Dortmund. Real est\u00e1 classificado e vai enfrentar o PSG nas semifinais do Mundial de Clubes. V\u00eddeo oficial Fifa: Clique aqui: https:\/\/www.fifa.com\/pt\/watch\/5OC1mLtUk21rGNoOcu3aKP","rel":"","context":"Em &quot;futebol&quot;","block_context":{"text":"futebol","link":"https:\/\/blogdoprosperi.com\/?cat=53870"},"img":{"alt_text":"Real Madrid 3 a 2 Bayern Munique","src":"https:\/\/i0.wp.com\/blogdoprosperi.com\/wp-content\/uploads\/2025\/07\/gvierqiwcaaqvgh.jpeg?fit=800%2C800&ssl=1&resize=350%2C200","width":350,"height":200,"srcset":"https:\/\/i0.wp.com\/blogdoprosperi.com\/wp-content\/uploads\/2025\/07\/gvierqiwcaaqvgh.jpeg?fit=800%2C800&ssl=1&resize=350%2C200 1x, https:\/\/i0.wp.com\/blogdoprosperi.com\/wp-content\/uploads\/2025\/07\/gvierqiwcaaqvgh.jpeg?fit=800%2C800&ssl=1&resize=525%2C300 1.5x, https:\/\/i0.wp.com\/blogdoprosperi.com\/wp-content\/uploads\/2025\/07\/gvierqiwcaaqvgh.jpeg?fit=800%2C800&ssl=1&resize=700%2C400 2x"},"classes":[]},{"id":52090,"url":"https:\/\/blogdoprosperi.com\/?p=52090","url_meta":{"origin":52639,"position":4},"title":"Na TV | Onde Assistir e Hor\u00e1rios dos Jogos S\u00e1bado (28\/6) e Domingo (29\/6) no Mundial de Clubes: tem Palmeiras x Botafogo, Flamengo x Bayern Munique","author":"Luiz Ant\u00f4nio Pr\u00f3speri","date":"27 de junho de 2025","format":false,"excerpt":"Onde assistir e hor\u00e1rios dos jogos de abertura das oitavas de final neste fim de semana (28 e 29\/6). Destaque para Palmeiras x Botafogo (s\u00e1bado) e Flamengo x Bayern Munique (domingo) S\u00e1bado (28\/6) 13h \u2013 Palmeiras x Botafogo \u2013\u00a0Globo, Sportv, globoplay, Caz\u00e9 TV e Dazn 17h \u2013 Benfica x Chelsea\u2026","rel":"","context":"Em &quot;Fifa&quot;","block_context":{"text":"Fifa","link":"https:\/\/blogdoprosperi.com\/?cat=187969"},"img":{"alt_text":"fifa esta mundial de clubes a cada dois anos,","src":"https:\/\/i0.wp.com\/blogdoprosperi.com\/wp-content\/uploads\/2025\/03\/fifa-club-world-cup-trophy-tour-in-new-york-and-new-jersey.webp?fit=1200%2C1200&ssl=1&resize=350%2C200","width":350,"height":200,"srcset":"https:\/\/i0.wp.com\/blogdoprosperi.com\/wp-content\/uploads\/2025\/03\/fifa-club-world-cup-trophy-tour-in-new-york-and-new-jersey.webp?fit=1200%2C1200&ssl=1&resize=350%2C200 1x, https:\/\/i0.wp.com\/blogdoprosperi.com\/wp-content\/uploads\/2025\/03\/fifa-club-world-cup-trophy-tour-in-new-york-and-new-jersey.webp?fit=1200%2C1200&ssl=1&resize=525%2C300 1.5x, https:\/\/i0.wp.com\/blogdoprosperi.com\/wp-content\/uploads\/2025\/03\/fifa-club-world-cup-trophy-tour-in-new-york-and-new-jersey.webp?fit=1200%2C1200&ssl=1&resize=700%2C400 2x, https:\/\/i0.wp.com\/blogdoprosperi.com\/wp-content\/uploads\/2025\/03\/fifa-club-world-cup-trophy-tour-in-new-york-and-new-jersey.webp?fit=1200%2C1200&ssl=1&resize=1050%2C600 3x"},"classes":[]},{"id":52208,"url":"https:\/\/blogdoprosperi.com\/?p=52208","url_meta":{"origin":52639,"position":5},"title":"Flamengo | Filipe Luis: &#8220;\u00c9 um Time Superior a N\u00f3s, Simples Assim&#8221;","author":"Luiz Ant\u00f4nio Pr\u00f3speri","date":"30 de junho de 2025","format":false,"excerpt":"Acompanhe entrevista coletiva de Filipe Lu\u00eds p\u00f3s-jogo Bayern Munique 4 a 2 Flamengo. Derrota manda Flamengo para casa e Bayern enfrenta PSG nas quartas de final: \"Tomamos o gol de escanteio, depois tomamos o segundo gol em um erro de sa\u00edda de bola, depois tivemos volume e acabamos fazendo 2\u2026","rel":"","context":"Em &quot;futebol&quot;","block_context":{"text":"futebol","link":"https:\/\/blogdoprosperi.com\/?cat=53870"},"img":{"alt_text":"Flamengo 2 a 4 Bayern Munique","src":"https:\/\/i0.wp.com\/blogdoprosperi.com\/wp-content\/uploads\/2025\/06\/54622370648_4632076f35_c.jpg?fit=799%2C533&ssl=1&resize=350%2C200","width":350,"height":200,"srcset":"https:\/\/i0.wp.com\/blogdoprosperi.com\/wp-content\/uploads\/2025\/06\/54622370648_4632076f35_c.jpg?fit=799%2C533&ssl=1&resize=350%2C200 1x, https:\/\/i0.wp.com\/blogdoprosperi.com\/wp-content\/uploads\/2025\/06\/54622370648_4632076f35_c.jpg?fit=799%2C533&ssl=1&resize=525%2C300 1.5x, https:\/\/i0.wp.com\/blogdoprosperi.com\/wp-content\/uploads\/2025\/06\/54622370648_4632076f35_c.jpg?fit=799%2C533&ssl=1&resize=700%2C400 2x"},"classes":[]}],"jetpack_featured_media_url":"https:\/\/i0.wp.com\/blogdoprosperi.com\/wp-content\/uploads\/2025\/07\/captura-de-tela-2025-07-05-as-15.44.15.png?fit=986%2C672&ssl=1","_links":{"self":[{"href":"https:\/\/blogdoprosperi.com\/index.php?rest_route=\/wp\/v2\/posts\/52639","targetHints":{"allow":["GET"]}}],"collection":[{"href":"https:\/\/blogdoprosperi.com\/index.php?rest_route=\/wp\/v2\/posts"}],"about":[{"href":"https:\/\/blogdoprosperi.com\/index.php?rest_route=\/wp\/v2\/types\/post"}],"author":[{"embeddable":true,"href":"https:\/\/blogdoprosperi.com\/index.php?rest_route=\/wp\/v2\/users\/102107496"}],"replies":[{"embeddable":true,"href":"https:\/\/blogdoprosperi.com\/index.php?rest_route=%2Fwp%2Fv2%2Fcomments&post=52639"}],"version-history":[{"count":5,"href":"https:\/\/blogdoprosperi.com\/index.php?rest_route=\/wp\/v2\/posts\/52639\/revisions"}],"predecessor-version":[{"id":52650,"href":"https:\/\/blogdoprosperi.com\/index.php?rest_route=\/wp\/v2\/posts\/52639\/revisions\/52650"}],"wp:featuredmedia":[{"embeddable":true,"href":"https:\/\/blogdoprosperi.com\/index.php?rest_route=\/wp\/v2\/media\/52647"}],"wp:attachment":[{"href":"https:\/\/blogdoprosperi.com\/index.php?rest_route=%2Fwp%2Fv2%2Fmedia&parent=52639"}],"wp:term":[{"taxonomy":"category","embeddable":true,"href":"https:\/\/blogdoprosperi.com\/index.php?rest_route=%2Fwp%2Fv2%2Fcategories&post=52639"},{"taxonomy":"post_tag","embeddable":true,"href":"https:\/\/blogdoprosperi.com\/index.php?rest_route=%2Fwp%2Fv2%2Ftags&post=52639"}],"curies":[{"name":"wp","href":"https:\/\/api.w.org\/{rel}","templated":true}]}}