{"id":52680,"date":"2025-07-07T18:09:28","date_gmt":"2025-07-07T21:09:28","guid":{"rendered":"https:\/\/blogdoprosperi.com\/?p=52680"},"modified":"2025-07-09T11:22:26","modified_gmt":"2025-07-09T14:22:26","slug":"pros-news-urgente-ultimas-noticias-do-futebol-segunda-feira-07-7","status":"publish","type":"post","link":"https:\/\/blogdoprosperi.com\/?p=52680","title":{"rendered":"PROS NEWS | URGENTE: \u00daltimas Not\u00edcias do Futebol \u2013 Segunda-Feira (07\/7)"},"content":{"rendered":"<p><strong> \u2295 Palmeiras perto de anunciar refor\u00e7o para vaga de Estev\u00e3o<\/strong><\/p>\n<p><strong>\u2295 Botafogo contrata t\u00e9cnico Ancelotti<\/strong><\/p>\n<p><strong>\u2295 Di Mar\u00eda volta para casa<\/strong><\/p>\n<p><strong>\u2295 Treinador do Chelsea elogia times brasileiros no Mundial de Clubes<\/strong><\/p>\n<p><strong>\u2295 Fifa reduz pre\u00e7o dos ingressos de Fluminense x Chelsea na semifinal<\/strong><\/p>\n<hr \/>\n<p><em>Confira as not\u00edcias mais quentes desta segunda-feira (07\/7) at\u00e9 as 18h:<\/em><\/p>\n<p><strong>RAM\u00d3N SOSA | CONHE\u00c7A ATACANTE PARA VAGA DE ESTEV\u00c3O.<\/strong> Palmeiras est\u00e1 bem perto de anunciar contrata\u00e7\u00e3o do paraguaio por cerca de R$ 70 milh\u00f5es do Nottingham Forest, da Premier League. Sosa tem 25 anos. \u00c9 titular da sele\u00e7\u00e3o do Paraguai. Bom de drible e pot\u00eancia no chute, vem para ocupar a vaga de Estev\u00e3o. Confira v\u00eddeo com lances de Ram\u00f3n Sosa:<\/p>\n<div class=\"jetpack-video-wrapper\"><span class=\"embed-youtube\" style=\"text-align:center; display: block;\"><iframe loading=\"lazy\" class=\"youtube-player\" width=\"560\" height=\"315\" src=\"https:\/\/www.youtube.com\/embed\/sutKnZ52-qc?version=3&#038;rel=1&#038;showsearch=0&#038;showinfo=1&#038;iv_load_policy=1&#038;fs=1&#038;hl=pt-BR&#038;autohide=2&#038;wmode=transparent\" allowfullscreen=\"true\" style=\"border:0;\" sandbox=\"allow-scripts allow-same-origin allow-popups allow-presentation allow-popups-to-escape-sandbox\"><\/iframe><\/span><\/div>\n<figure id=\"attachment_52705\" aria-describedby=\"caption-attachment-52705\" style=\"width: 523px\" class=\"wp-caption alignnone\"><img data-recalc-dims=\"1\" loading=\"lazy\" decoding=\"async\" data-attachment-id=\"52705\" data-permalink=\"https:\/\/blogdoprosperi.com\/?attachment_id=52705\" data-orig-file=\"https:\/\/i0.wp.com\/blogdoprosperi.com\/wp-content\/uploads\/2025\/07\/captura-de-tela-2025-07-07-as-17.40.04.png?fit=860%2C1162&amp;ssl=1\" data-orig-size=\"860,1162\" data-comments-opened=\"1\" data-image-meta=\"{&quot;aperture&quot;:&quot;0&quot;,&quot;credit&quot;:&quot;&quot;,&quot;camera&quot;:&quot;&quot;,&quot;caption&quot;:&quot;&quot;,&quot;created_timestamp&quot;:&quot;0&quot;,&quot;copyright&quot;:&quot;&quot;,&quot;focal_length&quot;:&quot;0&quot;,&quot;iso&quot;:&quot;0&quot;,&quot;shutter_speed&quot;:&quot;0&quot;,&quot;title&quot;:&quot;&quot;,&quot;orientation&quot;:&quot;0&quot;}\" data-image-title=\"Ram\u00f3n Sosa no Palmeiras\" data-image-description=\"\" data-image-caption=\"&lt;p&gt;Ramon Sosa no Palmeiras? \u2013 foto: Nottingham Forest oficial&lt;\/p&gt;\n\" data-large-file=\"https:\/\/i0.wp.com\/blogdoprosperi.com\/wp-content\/uploads\/2025\/07\/captura-de-tela-2025-07-07-as-17.40.04.png?fit=758%2C1024&amp;ssl=1\" class=\" wp-image-52705\" src=\"https:\/\/i0.wp.com\/blogdoprosperi.com\/wp-content\/uploads\/2025\/07\/captura-de-tela-2025-07-07-as-17.40.04.png?resize=523%2C707&#038;ssl=1\" alt=\"Ram\u00f3n Sosa na vaga de Estev\u00e3o\" width=\"523\" height=\"707\" \/><figcaption id=\"caption-attachment-52705\" class=\"wp-caption-text\"><em>Ramon Sosa no Palmeiras? \u2013 foto: Nottingham Forest oficial<\/em><\/figcaption><\/figure>\n<hr \/>\n<p><strong>ANG\u00c9L DI MAR\u00cdA VOLTA PARA CASA, O ROS\u00c1RIO CENTRAL<\/strong>. Craque parceiro de Lionel Messi na conquista da Copa do Mundo 2022 no Qatar retorna ao Ros\u00e1rio Central, clube que o revelou. Veja o v\u00eddeo &#8220;O regresso de um \u00c1ngel&#8221; e se emocione:<\/p>\n<blockquote class=\"instagram-media\" data-instgrm-captioned data-instgrm-permalink=\"https:\/\/www.instagram.com\/reel\/DL0P6GltZgL\/?utm_source=ig_embed&amp;utm_campaign=loading\" data-instgrm-version=\"14\" style=\" background:#FFF; border:0; border-radius:3px; box-shadow:0 0 1px 0 rgba(0,0,0,0.5),0 1px 10px 0 rgba(0,0,0,0.15); margin: 1px; max-width:658px; min-width:326px; padding:0; width:99.375%; width:-webkit-calc(100% - 2px); width:calc(100% - 2px);\">\n<div style=\"padding:16px;\"> <a href=\"https:\/\/www.instagram.com\/reel\/DL0P6GltZgL\/?utm_source=ig_embed&amp;utm_campaign=loading\" style=\" background:#FFFFFF; line-height:0; padding:0 0; text-align:center; text-decoration:none; width:100%;\" target=\"_blank\"> <\/p>\n<div style=\" display: flex; flex-direction: row; align-items: center;\">\n<div style=\"background-color: #F4F4F4; border-radius: 50%; flex-grow: 0; height: 40px; margin-right: 14px; width: 40px;\"><\/div>\n<div style=\"display: flex; flex-direction: column; flex-grow: 1; justify-content: center;\">\n<div style=\" background-color: #F4F4F4; border-radius: 4px; flex-grow: 0; height: 14px; margin-bottom: 6px; width: 100px;\"><\/div>\n<div style=\" background-color: #F4F4F4; border-radius: 4px; flex-grow: 0; height: 14px; width: 60px;\"><\/div>\n<\/div>\n<\/div>\n<div style=\"padding: 19% 0;\"><\/div>\n<div style=\"display:block; height:50px; margin:0 auto 12px; width:50px;\"><svg width=\"50px\" height=\"50px\" viewBox=\"0 0 60 60\" version=\"1.1\" xmlns=\"https:\/\/www.w3.org\/2000\/svg\" xmlns:xlink=\"https:\/\/www.w3.org\/1999\/xlink\"><g stroke=\"none\" stroke-width=\"1\" fill=\"none\" fill-rule=\"evenodd\"><g transform=\"translate(-511.000000, -20.000000)\" fill=\"#000000\"><g><path d=\"M556.869,30.41 C554.814,30.41 553.148,32.076 553.148,34.131 C553.148,36.186 554.814,37.852 556.869,37.852 C558.924,37.852 560.59,36.186 560.59,34.131 C560.59,32.076 558.924,30.41 556.869,30.41 M541,60.657 C535.114,60.657 530.342,55.887 530.342,50 C530.342,44.114 535.114,39.342 541,39.342 C546.887,39.342 551.658,44.114 551.658,50 C551.658,55.887 546.887,60.657 541,60.657 M541,33.886 C532.1,33.886 524.886,41.1 524.886,50 C524.886,58.899 532.1,66.113 541,66.113 C549.9,66.113 557.115,58.899 557.115,50 C557.115,41.1 549.9,33.886 541,33.886 M565.378,62.101 C565.244,65.022 564.756,66.606 564.346,67.663 C563.803,69.06 563.154,70.057 562.106,71.106 C561.058,72.155 560.06,72.803 558.662,73.347 C557.607,73.757 556.021,74.244 553.102,74.378 C549.944,74.521 548.997,74.552 541,74.552 C533.003,74.552 532.056,74.521 528.898,74.378 C525.979,74.244 524.393,73.757 523.338,73.347 C521.94,72.803 520.942,72.155 519.894,71.106 C518.846,70.057 518.197,69.06 517.654,67.663 C517.244,66.606 516.755,65.022 516.623,62.101 C516.479,58.943 516.448,57.996 516.448,50 C516.448,42.003 516.479,41.056 516.623,37.899 C516.755,34.978 517.244,33.391 517.654,32.338 C518.197,30.938 518.846,29.942 519.894,28.894 C520.942,27.846 521.94,27.196 523.338,26.654 C524.393,26.244 525.979,25.756 528.898,25.623 C532.057,25.479 533.004,25.448 541,25.448 C548.997,25.448 549.943,25.479 553.102,25.623 C556.021,25.756 557.607,26.244 558.662,26.654 C560.06,27.196 561.058,27.846 562.106,28.894 C563.154,29.942 563.803,30.938 564.346,32.338 C564.756,33.391 565.244,34.978 565.378,37.899 C565.522,41.056 565.552,42.003 565.552,50 C565.552,57.996 565.522,58.943 565.378,62.101 M570.82,37.631 C570.674,34.438 570.167,32.258 569.425,30.349 C568.659,28.377 567.633,26.702 565.965,25.035 C564.297,23.368 562.623,22.342 560.652,21.575 C558.743,20.834 556.562,20.326 553.369,20.18 C550.169,20.033 549.148,20 541,20 C532.853,20 531.831,20.033 528.631,20.18 C525.438,20.326 523.257,20.834 521.349,21.575 C519.376,22.342 517.703,23.368 516.035,25.035 C514.368,26.702 513.342,28.377 512.574,30.349 C511.834,32.258 511.326,34.438 511.181,37.631 C511.035,40.831 511,41.851 511,50 C511,58.147 511.035,59.17 511.181,62.369 C511.326,65.562 511.834,67.743 512.574,69.651 C513.342,71.625 514.368,73.296 516.035,74.965 C517.703,76.634 519.376,77.658 521.349,78.425 C523.257,79.167 525.438,79.673 528.631,79.82 C531.831,79.965 532.853,80.001 541,80.001 C549.148,80.001 550.169,79.965 553.369,79.82 C556.562,79.673 558.743,79.167 560.652,78.425 C562.623,77.658 564.297,76.634 565.965,74.965 C567.633,73.296 568.659,71.625 569.425,69.651 C570.167,67.743 570.674,65.562 570.82,62.369 C570.966,59.17 571,58.147 571,50 C571,41.851 570.966,40.831 570.82,37.631\"><\/path><\/g><\/g><\/g><\/svg><\/div>\n<div style=\"padding-top: 8px;\">\n<div style=\" color:#3897f0; font-family:Arial,sans-serif; font-size:14px; font-style:normal; font-weight:550; line-height:18px;\">View this post on Instagram<\/div>\n<\/div>\n<div style=\"padding: 12.5% 0;\"><\/div>\n<div style=\"display: flex; flex-direction: row; margin-bottom: 14px; align-items: center;\">\n<div>\n<div style=\"background-color: #F4F4F4; border-radius: 50%; height: 12.5px; width: 12.5px; transform: translateX(0px) translateY(7px);\"><\/div>\n<div style=\"background-color: #F4F4F4; height: 12.5px; transform: rotate(-45deg) translateX(3px) translateY(1px); width: 12.5px; flex-grow: 0; margin-right: 14px; margin-left: 2px;\"><\/div>\n<div style=\"background-color: #F4F4F4; border-radius: 50%; height: 12.5px; width: 12.5px; transform: translateX(9px) translateY(-18px);\"><\/div>\n<\/div>\n<div style=\"margin-left: 8px;\">\n<div style=\" background-color: #F4F4F4; border-radius: 50%; flex-grow: 0; height: 20px; width: 20px;\"><\/div>\n<div style=\" width: 0; height: 0; border-top: 2px solid transparent; border-left: 6px solid #f4f4f4; border-bottom: 2px solid transparent; transform: translateX(16px) translateY(-4px) rotate(30deg)\"><\/div>\n<\/div>\n<div style=\"margin-left: auto;\">\n<div style=\" width: 0px; border-top: 8px solid #F4F4F4; border-right: 8px solid transparent; transform: translateY(16px);\"><\/div>\n<div style=\" background-color: #F4F4F4; flex-grow: 0; height: 12px; width: 16px; transform: translateY(-4px);\"><\/div>\n<div style=\" width: 0; height: 0; border-top: 8px solid #F4F4F4; border-left: 8px solid transparent; transform: translateY(-4px) translateX(8px);\"><\/div>\n<\/div>\n<\/div>\n<div style=\"display: flex; flex-direction: column; flex-grow: 1; justify-content: center; margin-bottom: 24px;\">\n<div style=\" background-color: #F4F4F4; border-radius: 4px; flex-grow: 0; height: 14px; margin-bottom: 6px; width: 224px;\"><\/div>\n<div style=\" background-color: #F4F4F4; border-radius: 4px; flex-grow: 0; height: 14px; width: 144px;\"><\/div>\n<\/div>\n<p><\/a><\/div>\n<\/blockquote>\n<p><script async src=\"\/\/platform.instagram.com\/en_US\/embeds.js\"><\/script><\/p>\n<hr \/>\n<p><strong>FILHO DE ANCELOTTI NO BOTAFOGO.<\/strong> Davide Ancelotti, 35 anos, \u00e9 o novo t\u00e9cnico do Botafogo. Filho de Carlo Ancelotti, treinador da Sele\u00e7\u00e3o Brasileira, Davide trabalha na fun\u00e7\u00e3o de auxiliar-t\u00e9cnico de seu pai desde 2016 no Bayern Munique, passando por Napoli, Everton e, por fim, Real Madrid. Ancelotti pai ter\u00e1 Ancelotti filho na comiss\u00e3o t\u00e9cnica da Sele\u00e7\u00e3o Brasileira na Copa do Mundo de 2026. \u00c9 a primeira experi\u00eancia de Davide como treinador e seu contrato com o Botafogo vai at\u00e9 dezembro de 2026.<\/p>\n<figure id=\"attachment_52703\" aria-describedby=\"caption-attachment-52703\" style=\"width: 527px\" class=\"wp-caption alignnone\"><img data-recalc-dims=\"1\" loading=\"lazy\" decoding=\"async\" data-attachment-id=\"52703\" data-permalink=\"https:\/\/blogdoprosperi.com\/?attachment_id=52703\" data-orig-file=\"https:\/\/i0.wp.com\/blogdoprosperi.com\/wp-content\/uploads\/2025\/07\/davide-ancelotti-aspect-ratio-512-320-2.webp?fit=950%2C592&amp;ssl=1\" data-orig-size=\"950,592\" data-comments-opened=\"1\" data-image-meta=\"{&quot;aperture&quot;:&quot;0&quot;,&quot;credit&quot;:&quot;&quot;,&quot;camera&quot;:&quot;&quot;,&quot;caption&quot;:&quot;&quot;,&quot;created_timestamp&quot;:&quot;0&quot;,&quot;copyright&quot;:&quot;&quot;,&quot;focal_length&quot;:&quot;0&quot;,&quot;iso&quot;:&quot;0&quot;,&quot;shutter_speed&quot;:&quot;0&quot;,&quot;title&quot;:&quot;&quot;,&quot;orientation&quot;:&quot;0&quot;}\" data-image-title=\"Davide Ancelotti, novo t\u00e9cnico do Botafogo\" data-image-description=\"\" data-image-caption=\"&lt;p&gt;Davide Ancelotti fecha com Botafogo \u2013 foto: CBF oficial &lt;\/p&gt;\n\" data-large-file=\"https:\/\/i0.wp.com\/blogdoprosperi.com\/wp-content\/uploads\/2025\/07\/davide-ancelotti-aspect-ratio-512-320-2.webp?fit=940%2C586&amp;ssl=1\" class=\" wp-image-52703\" src=\"https:\/\/i0.wp.com\/blogdoprosperi.com\/wp-content\/uploads\/2025\/07\/davide-ancelotti-aspect-ratio-512-320-2.webp?resize=527%2C328&#038;ssl=1\" alt=\"Ancelotti pai e Ancelotti filho\" width=\"527\" height=\"328\" \/><figcaption id=\"caption-attachment-52703\" class=\"wp-caption-text\"><em>Davide Ancelotti fecha com Botafogo \u2013 foto: CBF oficial<\/em><\/figcaption><\/figure>\n<hr \/>\n<p><strong>ENZO MARESCA, T\u00c9CNICO DO CHELSEA, SE DERRETE PELOS TIMES BRASILEIROS.<\/strong> &#8220;Depois dos jogos contra <strong>Flamengo<\/strong> e <strong>Palmeiras<\/strong>, eu conversei com o Filipe Lu\u00eds e com o Abel para fazer perguntas a eles e aprender coisas novas. Concordo plenamente com tudo o que eles me falaram. Em termos de qualidade, o n\u00edvel (do futebol brasileiro) \u00e9 muito alto. E, se voc\u00ea conseguir convencer o jogador brasileiro a ser a mesma coisa em termos de esfor\u00e7o e fisicalidade, os times brasileiros podem ser todos top, porque no Brasil voc\u00ea tem tudo: qualidade e parte f\u00edsica. Os jogos que jogamos contra times brasileiros eles mostraram que s\u00e3o top em qualidade. Amanh\u00e3, esperamos exatamente a mesma coisa&#8221; \u2013 Maresca.<\/p>\n<p><span class=\"alignnone\"><img data-recalc-dims=\"1\" loading=\"lazy\" decoding=\"async\" data-attachment-id=\"52709\" data-permalink=\"https:\/\/blogdoprosperi.com\/?attachment_id=52709\" data-orig-file=\"https:\/\/i0.wp.com\/blogdoprosperi.com\/wp-content\/uploads\/2025\/07\/gvqpsf6xeaaabbk.jpeg?fit=960%2C1200&amp;ssl=1\" data-orig-size=\"960,1200\" data-comments-opened=\"1\" data-image-meta=\"{&quot;aperture&quot;:&quot;0&quot;,&quot;credit&quot;:&quot;&quot;,&quot;camera&quot;:&quot;&quot;,&quot;caption&quot;:&quot;&quot;,&quot;created_timestamp&quot;:&quot;0&quot;,&quot;copyright&quot;:&quot;&quot;,&quot;focal_length&quot;:&quot;0&quot;,&quot;iso&quot;:&quot;0&quot;,&quot;shutter_speed&quot;:&quot;0&quot;,&quot;title&quot;:&quot;&quot;,&quot;orientation&quot;:&quot;0&quot;}\" data-image-title=\"GvQpSF6XEAAABbk\" data-image-description=\"\" data-image-caption=\"\" data-large-file=\"https:\/\/i0.wp.com\/blogdoprosperi.com\/wp-content\/uploads\/2025\/07\/gvqpsf6xeaaabbk.jpeg?fit=819%2C1024&amp;ssl=1\" class=\"alignnone wp-image-52709\" src=\"https:\/\/i0.wp.com\/blogdoprosperi.com\/wp-content\/uploads\/2025\/07\/gvqpsf6xeaaabbk.jpeg?resize=554%2C693&#038;ssl=1\" alt=\"\" width=\"554\" height=\"693\" \/><\/span><\/p>\n<hr \/>\n<p><strong>INGRESSOS A 11 D\u00d3LARES NA SEMIFINAL DO MUNDIAL DE CLUBES.<\/strong> A Fifa anuncia redu\u00e7\u00e3o no pre\u00e7o dos ingressos do jogo Fluminense x Chelsea, valendo vaga na final do Mundial de Cubes. Ingressos que custam 400 d\u00f3lares em m\u00e9dia caem para 11 d\u00f3lares. \u00c9 o medo de o est\u00e1dio Metal Life, de Nova Jersey, apresentar enormes espa\u00e7os vazios. Arena tem capacidade para pouco mais de 80 mil torcedores.<\/p>\n<hr \/>\n<p><strong>INSPIRA\u00c7\u00c3O TRICOLOR, A M\u00c1QUINA<\/strong><\/p>\n<p><span class=\"alignnone\"><img data-recalc-dims=\"1\" loading=\"lazy\" decoding=\"async\" data-attachment-id=\"52717\" data-permalink=\"https:\/\/blogdoprosperi.com\/?attachment_id=52717\" data-orig-file=\"https:\/\/i0.wp.com\/blogdoprosperi.com\/wp-content\/uploads\/2025\/07\/maxresdefault.jpg?fit=1280%2C720&amp;ssl=1\" data-orig-size=\"1280,720\" data-comments-opened=\"1\" data-image-meta=\"{&quot;aperture&quot;:&quot;0&quot;,&quot;credit&quot;:&quot;&quot;,&quot;camera&quot;:&quot;&quot;,&quot;caption&quot;:&quot;&quot;,&quot;created_timestamp&quot;:&quot;0&quot;,&quot;copyright&quot;:&quot;&quot;,&quot;focal_length&quot;:&quot;0&quot;,&quot;iso&quot;:&quot;0&quot;,&quot;shutter_speed&quot;:&quot;0&quot;,&quot;title&quot;:&quot;&quot;,&quot;orientation&quot;:&quot;0&quot;}\" data-image-title=\"maxresdefault\" data-image-description=\"\" data-image-caption=\"\" data-large-file=\"https:\/\/i0.wp.com\/blogdoprosperi.com\/wp-content\/uploads\/2025\/07\/maxresdefault.jpg?fit=940%2C529&amp;ssl=1\" class=\"alignnone wp-image-52717 size-large\" src=\"https:\/\/i0.wp.com\/blogdoprosperi.com\/wp-content\/uploads\/2025\/07\/maxresdefault.jpg?resize=720%2C405&#038;ssl=1\" alt=\"Jogadores da. M\u00e1quina Tricolor \u2013 Fluminense, de 1975 a 1977: F\u00e9lix, Renato, Nielsen, Wendell, Edinho, Assis, Miguel, Abel, Carlos Alberto Torres, Toninho, Rodrigues Neto, Marco Ant\u00f4nio, Z\u00e9 M\u00e1rio,Rubens Galaxie, Marinho Chagas, Toninho Baiano, Cl\u00e9ber, Pintinho, Rivelino, Dirceu, Paulo Cesar Caju, Doval, Mario S\u00e9rgio, Z\u00e9 Roberto e Gil,\" width=\"720\" height=\"405\" \/> <img data-recalc-dims=\"1\" loading=\"lazy\" decoding=\"async\" data-attachment-id=\"52718\" data-permalink=\"https:\/\/blogdoprosperi.com\/?attachment_id=52718\" data-orig-file=\"https:\/\/i0.wp.com\/blogdoprosperi.com\/wp-content\/uploads\/2025\/07\/11cfffbd409a3dd862ab5b63a02a664d.jpg.webp?fit=640%2C436&amp;ssl=1\" data-orig-size=\"640,436\" data-comments-opened=\"1\" data-image-meta=\"{&quot;aperture&quot;:&quot;0&quot;,&quot;credit&quot;:&quot;&quot;,&quot;camera&quot;:&quot;&quot;,&quot;caption&quot;:&quot;&quot;,&quot;created_timestamp&quot;:&quot;0&quot;,&quot;copyright&quot;:&quot;&quot;,&quot;focal_length&quot;:&quot;0&quot;,&quot;iso&quot;:&quot;0&quot;,&quot;shutter_speed&quot;:&quot;0&quot;,&quot;title&quot;:&quot;&quot;,&quot;orientation&quot;:&quot;0&quot;}\" data-image-title=\"11cfffbd409a3dd862ab5b63a02a664d.jpg\" data-image-description=\"\" data-image-caption=\"\" data-large-file=\"https:\/\/i0.wp.com\/blogdoprosperi.com\/wp-content\/uploads\/2025\/07\/11cfffbd409a3dd862ab5b63a02a664d.jpg.webp?fit=640%2C436&amp;ssl=1\" class=\"alignnone wp-image-52718 size-full\" src=\"https:\/\/i0.wp.com\/blogdoprosperi.com\/wp-content\/uploads\/2025\/07\/11cfffbd409a3dd862ab5b63a02a664d.jpg.webp?resize=640%2C436&#038;ssl=1\" alt=\"em p\u00e9: Renato, Carlos Alberto Pintinho, Carlos Alberto Torres, Edinho, Rubens Galaxia e Rodrigues Neto. agachados: Gil, Doval, Rivellino e Dirceuzinho.\" width=\"640\" height=\"436\" \/><\/span><\/p>\n<hr \/>\n<p><strong>ATEN\u00c7\u00c3O, FLUMINENSE<\/strong><\/p>\n<p><em>&#8220;O medo de perder tira a vontade de ganhar&#8221;<\/em><\/p>\n<p>Frase s\u00edmbolo de Vanderlei Luxemburgo quando se consagra campe\u00e3o paulista dirigindo o Bragantino em 1990.<\/p>\n<figure id=\"attachment_52704\" aria-describedby=\"caption-attachment-52704\" style=\"width: 475px\" class=\"wp-caption alignnone\"><img data-recalc-dims=\"1\" loading=\"lazy\" decoding=\"async\" data-attachment-id=\"52704\" data-permalink=\"https:\/\/blogdoprosperi.com\/?attachment_id=52704\" data-orig-file=\"https:\/\/i0.wp.com\/blogdoprosperi.com\/wp-content\/uploads\/2025\/07\/5a8f1df29d694.webp?fit=475%2C845&amp;ssl=1\" data-orig-size=\"475,845\" data-comments-opened=\"1\" data-image-meta=\"{&quot;aperture&quot;:&quot;0&quot;,&quot;credit&quot;:&quot;&quot;,&quot;camera&quot;:&quot;&quot;,&quot;caption&quot;:&quot;&quot;,&quot;created_timestamp&quot;:&quot;0&quot;,&quot;copyright&quot;:&quot;&quot;,&quot;focal_length&quot;:&quot;0&quot;,&quot;iso&quot;:&quot;0&quot;,&quot;shutter_speed&quot;:&quot;0&quot;,&quot;title&quot;:&quot;&quot;,&quot;orientation&quot;:&quot;0&quot;}\" data-image-title=\"Luxemburgo anos 90\" data-image-description=\"\" data-image-caption=\"&lt;p&gt;Vanderlei Luxemburgo \u2013 foto: acervo Bragantino reprodu\u00e7\u00e3o&lt;\/p&gt;\n\" data-large-file=\"https:\/\/i0.wp.com\/blogdoprosperi.com\/wp-content\/uploads\/2025\/07\/5a8f1df29d694.webp?fit=475%2C845&amp;ssl=1\" class=\"size-full wp-image-52704\" src=\"https:\/\/i0.wp.com\/blogdoprosperi.com\/wp-content\/uploads\/2025\/07\/5a8f1df29d694.webp?resize=475%2C845&#038;ssl=1\" alt=\"&quot;Medo de perder tira a vontade ganhar&quot;\" width=\"475\" height=\"845\" \/><figcaption id=\"caption-attachment-52704\" class=\"wp-caption-text\"><em>Vanderlei Luxemburgo \u2013 foto: acervo Bragantino reprodu\u00e7\u00e3o<\/em><\/figcaption><\/figure>\n","protected":false},"excerpt":{"rendered":"<p>\u2295 Palmeiras perto de anunciar refor\u00e7o para vaga de Estev\u00e3o \u2295 Botafogo contrata t\u00e9cnico Ancelotti \u2295 Di Mar\u00eda [&hellip;]<\/p>\n","protected":false},"author":102107496,"featured_media":52711,"comment_status":"open","ping_status":"open","sticky":false,"template":"","format":"standard","meta":{"_coblocks_attr":"","_coblocks_dimensions":"","_coblocks_responsive_height":"","_coblocks_accordion_ie_support":"","_jetpack_newsletter_access":"","_jetpack_dont_email_post_to_subs":false,"_jetpack_newsletter_tier_id":0,"_jetpack_memberships_contains_paywalled_content":false,"_wpcom_ai_launchpad_first_post":false,"_jetpack_feature_clip_id":0,"_jetpack_memberships_contains_paid_content":false,"footnotes":"","jetpack_publicize_message":"","jetpack_publicize_feature_enabled":true,"jetpack_social_post_already_shared":false,"jetpack_social_options":{"image_generator_settings":{"template":"highway","default_image_id":0,"font":"","enabled":false},"version":2},"jetpack_post_was_ever_published":false},"categories":[53870,20384,551766],"tags":[782438379,782438380,72238077,529845659,5778284,782438405,10275323,331912715,789560560,789560573],"class_list":["post-52680","post","type-post","status-publish","format-standard","has-post-thumbnail","hentry","category-futebol","category-informacao","category-mundial-de-clubes","tag-benvenidoangel","tag-ramonsosa","tag-sepalmeiras","tag-botafogofr","tag-chelseafc","tag-davideancelotti","tag-dimaria","tag-fluminensefc","tag-futebol","tag-luiz-antonio-prosperi"],"yoast_head":"<!-- This site is optimized with the Yoast SEO plugin v28.3 - https:\/\/yoast.com\/product\/yoast-seo-wordpress\/ -->\n<title>PROS NEWS | URGENTE: \u00daltimas Not\u00edcias do Futebol \u2013 Segunda-Feira (07\/7) - PR\u00d3SPERI NEWS<\/title>\n<meta name=\"robots\" content=\"index, follow, max-snippet:-1, max-image-preview:large, max-video-preview:-1\" \/>\n<link rel=\"canonical\" href=\"https:\/\/blogdoprosperi.com\/?p=52680\" \/>\n<meta property=\"og:locale\" content=\"pt_BR\" \/>\n<meta property=\"og:type\" content=\"article\" \/>\n<meta property=\"og:title\" content=\"PROS NEWS | URGENTE: \u00daltimas Not\u00edcias do Futebol \u2013 Segunda-Feira (07\/7) - PR\u00d3SPERI NEWS\" \/>\n<meta property=\"og:description\" content=\"\u2295 Palmeiras perto de anunciar refor\u00e7o para vaga de Estev\u00e3o \u2295 Botafogo contrata t\u00e9cnico Ancelotti \u2295 Di Mar\u00eda [&hellip;]\" \/>\n<meta property=\"og:url\" content=\"https:\/\/blogdoprosperi.com\/?p=52680\" \/>\n<meta property=\"og:site_name\" content=\"PR\u00d3SPERI NEWS\" \/>\n<meta property=\"article:publisher\" content=\"Luiz Pr\u00f3speri\" \/>\n<meta property=\"article:author\" content=\"Luiz Pr\u00f3speri\" \/>\n<meta property=\"article:published_time\" content=\"2025-07-07T21:09:28+00:00\" \/>\n<meta property=\"article:modified_time\" content=\"2025-07-09T14:22:26+00:00\" \/>\n<meta property=\"og:image\" content=\"https:\/\/i0.wp.com\/blogdoprosperi.com\/wp-content\/uploads\/2025\/07\/captura-de-tela-2025-07-07-as-18.02.33.png?fit=1182%2C730&ssl=1\" \/>\n\t<meta property=\"og:image:width\" content=\"1182\" \/>\n\t<meta property=\"og:image:height\" content=\"730\" \/>\n\t<meta property=\"og:image:type\" content=\"image\/png\" \/>\n<meta name=\"author\" content=\"Luiz Ant\u00f4nio Pr\u00f3speri\" \/>\n<meta name=\"twitter:card\" content=\"summary_large_image\" \/>\n<meta name=\"twitter:creator\" content=\"@Luizprosperi\" \/>\n<meta name=\"twitter:site\" content=\"@Luizprosperi\" \/>\n<meta name=\"twitter:label1\" content=\"Escrito por\" \/>\n\t<meta name=\"twitter:data1\" content=\"Luiz Ant\u00f4nio Pr\u00f3speri\" \/>\n\t<meta name=\"twitter:label2\" content=\"Est. tempo de leitura\" \/>\n\t<meta name=\"twitter:data2\" content=\"3 minutos\" \/>\n<script type=\"application\/ld+json\" class=\"yoast-schema-graph\">{\"@context\":\"https:\\\/\\\/schema.org\",\"@graph\":[{\"@type\":\"Article\",\"@id\":\"https:\\\/\\\/blogdoprosperi.com\\\/?p=52680#article\",\"isPartOf\":{\"@id\":\"https:\\\/\\\/blogdoprosperi.com\\\/?p=52680\"},\"author\":{\"name\":\"Luiz Ant\u00f4nio Pr\u00f3speri\",\"@id\":\"https:\\\/\\\/blogdoprosperi.com\\\/#\\\/schema\\\/person\\\/38100755ce3601861ee4fab9b5aa78e9\"},\"headline\":\"PROS NEWS | URGENTE: \u00daltimas Not\u00edcias do Futebol \u2013 Segunda-Feira (07\\\/7)\",\"datePublished\":\"2025-07-07T21:09:28+00:00\",\"dateModified\":\"2025-07-09T14:22:26+00:00\",\"mainEntityOfPage\":{\"@id\":\"https:\\\/\\\/blogdoprosperi.com\\\/?p=52680\"},\"wordCount\":564,\"commentCount\":0,\"publisher\":{\"@id\":\"https:\\\/\\\/blogdoprosperi.com\\\/#\\\/schema\\\/person\\\/38100755ce3601861ee4fab9b5aa78e9\"},\"image\":{\"@id\":\"https:\\\/\\\/blogdoprosperi.com\\\/?p=52680#primaryimage\"},\"thumbnailUrl\":\"https:\\\/\\\/i0.wp.com\\\/blogdoprosperi.com\\\/wp-content\\\/uploads\\\/2025\\\/07\\\/captura-de-tela-2025-07-07-as-18.02.33.png?fit=1182%2C730&ssl=1\",\"keywords\":[\"#benvenido\u00c1ngel\",\"#ram\u00f3nsosa\",\"#sepalmeiras\",\"BotafogoFR\",\"chelseafc\",\"DAvideAncelotti\",\"DiMar\u00eda\",\"FluminenseFC\",\"futebol\",\"Luiz Ant\u00f4nio Pr\u00f3speri\"],\"articleSection\":[\"futebol\",\"informa\u00e7\u00e3o\",\"Mundial de Clubes\"],\"inLanguage\":\"pt-BR\",\"potentialAction\":[{\"@type\":\"CommentAction\",\"name\":\"Comment\",\"target\":[\"https:\\\/\\\/blogdoprosperi.com\\\/?p=52680#respond\"]}]},{\"@type\":\"WebPage\",\"@id\":\"https:\\\/\\\/blogdoprosperi.com\\\/?p=52680\",\"url\":\"https:\\\/\\\/blogdoprosperi.com\\\/?p=52680\",\"name\":\"PROS NEWS | URGENTE: \u00daltimas Not\u00edcias do Futebol \u2013 Segunda-Feira (07\\\/7) - PR\u00d3SPERI NEWS\",\"isPartOf\":{\"@id\":\"https:\\\/\\\/blogdoprosperi.com\\\/#website\"},\"primaryImageOfPage\":{\"@id\":\"https:\\\/\\\/blogdoprosperi.com\\\/?p=52680#primaryimage\"},\"image\":{\"@id\":\"https:\\\/\\\/blogdoprosperi.com\\\/?p=52680#primaryimage\"},\"thumbnailUrl\":\"https:\\\/\\\/i0.wp.com\\\/blogdoprosperi.com\\\/wp-content\\\/uploads\\\/2025\\\/07\\\/captura-de-tela-2025-07-07-as-18.02.33.png?fit=1182%2C730&ssl=1\",\"datePublished\":\"2025-07-07T21:09:28+00:00\",\"dateModified\":\"2025-07-09T14:22:26+00:00\",\"breadcrumb\":{\"@id\":\"https:\\\/\\\/blogdoprosperi.com\\\/?p=52680#breadcrumb\"},\"inLanguage\":\"pt-BR\",\"potentialAction\":[{\"@type\":\"ReadAction\",\"target\":[\"https:\\\/\\\/blogdoprosperi.com\\\/?p=52680\"]}]},{\"@type\":\"ImageObject\",\"inLanguage\":\"pt-BR\",\"@id\":\"https:\\\/\\\/blogdoprosperi.com\\\/?p=52680#primaryimage\",\"url\":\"https:\\\/\\\/i0.wp.com\\\/blogdoprosperi.com\\\/wp-content\\\/uploads\\\/2025\\\/07\\\/captura-de-tela-2025-07-07-as-18.02.33.png?fit=1182%2C730&ssl=1\",\"contentUrl\":\"https:\\\/\\\/i0.wp.com\\\/blogdoprosperi.com\\\/wp-content\\\/uploads\\\/2025\\\/07\\\/captura-de-tela-2025-07-07-as-18.02.33.png?fit=1182%2C730&ssl=1\",\"width\":1182,\"height\":730,\"caption\":\"imagem: reprodu\u00e7\u00e3o X Fifa\"},{\"@type\":\"BreadcrumbList\",\"@id\":\"https:\\\/\\\/blogdoprosperi.com\\\/?p=52680#breadcrumb\",\"itemListElement\":[{\"@type\":\"ListItem\",\"position\":1,\"name\":\"In\u00edcio\",\"item\":\"https:\\\/\\\/blogdoprosperi.com\\\/\"},{\"@type\":\"ListItem\",\"position\":2,\"name\":\"PROS NEWS | URGENTE: \u00daltimas Not\u00edcias do Futebol \u2013 Segunda-Feira (07\\\/7)\"}]},{\"@type\":\"WebSite\",\"@id\":\"https:\\\/\\\/blogdoprosperi.com\\\/#website\",\"url\":\"https:\\\/\\\/blogdoprosperi.com\\\/\",\"name\":\"PR\u00d3SPERI NEWS\",\"description\":\"TUDO \u00c9  FUTEBOL\",\"publisher\":{\"@id\":\"https:\\\/\\\/blogdoprosperi.com\\\/#\\\/schema\\\/person\\\/38100755ce3601861ee4fab9b5aa78e9\"},\"alternateName\":\"blogdoprosperi.com\",\"potentialAction\":[{\"@type\":\"SearchAction\",\"target\":{\"@type\":\"EntryPoint\",\"urlTemplate\":\"https:\\\/\\\/blogdoprosperi.com\\\/?s={search_term_string}\"},\"query-input\":{\"@type\":\"PropertyValueSpecification\",\"valueRequired\":true,\"valueName\":\"search_term_string\"}}],\"inLanguage\":\"pt-BR\"},{\"@type\":[\"Person\",\"Organization\"],\"@id\":\"https:\\\/\\\/blogdoprosperi.com\\\/#\\\/schema\\\/person\\\/38100755ce3601861ee4fab9b5aa78e9\",\"name\":\"Luiz Ant\u00f4nio Pr\u00f3speri\",\"pronouns\":\"ele\",\"image\":{\"@type\":\"ImageObject\",\"inLanguage\":\"pt-BR\",\"@id\":\"https:\\\/\\\/i0.wp.com\\\/blogdoprosperi.com\\\/wp-content\\\/uploads\\\/2026\\\/05\\\/cropped-8059e613-6002-42fa-961e-8e275f575d71-2-5.jpg?fit=1360%2C931&ssl=1\",\"url\":\"https:\\\/\\\/i0.wp.com\\\/blogdoprosperi.com\\\/wp-content\\\/uploads\\\/2026\\\/05\\\/cropped-8059e613-6002-42fa-961e-8e275f575d71-2-5.jpg?fit=1360%2C931&ssl=1\",\"contentUrl\":\"https:\\\/\\\/i0.wp.com\\\/blogdoprosperi.com\\\/wp-content\\\/uploads\\\/2026\\\/05\\\/cropped-8059e613-6002-42fa-961e-8e275f575d71-2-5.jpg?fit=1360%2C931&ssl=1\",\"width\":1360,\"height\":931,\"caption\":\"Luiz Ant\u00f4nio Pr\u00f3speri\"},\"logo\":{\"@id\":\"https:\\\/\\\/i0.wp.com\\\/blogdoprosperi.com\\\/wp-content\\\/uploads\\\/2026\\\/05\\\/cropped-8059e613-6002-42fa-961e-8e275f575d71-2-5.jpg?fit=1360%2C931&ssl=1\"},\"description\":\"Jornalista com carreira dedicada ao esporte. Cobriu 9 Copas do Mundo in loco, 1990 na It\u00e1lia, 1994 nos EUA, 1998 na Fran\u00e7a, 2002 na Coreia do Sul e Jap\u00e3o, 2006 na Alemanha, 2010 na \u00c1frica do Sul, 2014 no Brasil, 2018 na R\u00fassia e 2022 no Qatar. Eurocopas, 1992 na Su\u00e9cia e 1996 na Inglaterra. Copa das Confedera\u00e7\u00f5es de 2005 na Alemanha e 2009 na \u00c1frica do Sul. Rep\u00f3rter e Editor, trabalhou no Jornal da Tarde e Estad\u00e3o, de 1984 a fevereiro de 2016. Colunista, blogueiro. E comentarista de futebol na R\u00e1dio Estad\u00e3o, de 2013 a fevereiro de 2016. Jornalista respons\u00e1vel do \\\"Pr\u00f3speri News\\\" (blogdoprosperi.com).\",\"sameAs\":[\"http:\\\/\\\/blogdoprosperi.com\",\"Luiz Pr\u00f3speri\",\"@luiz_prosperi\",\"https:\\\/\\\/x.com\\\/Luizprosperi\",\"@prosperinacopa\",\"luiz.prosperi@icloud.com\"],\"url\":\"https:\\\/\\\/blogdoprosperi.com\\\/?author=102107496\"}]}<\/script>\n<!-- \/ Yoast SEO plugin. -->","yoast_head_json":{"title":"PROS NEWS | URGENTE: \u00daltimas Not\u00edcias do Futebol \u2013 Segunda-Feira (07\/7) - PR\u00d3SPERI NEWS","robots":{"index":"index","follow":"follow","max-snippet":"max-snippet:-1","max-image-preview":"max-image-preview:large","max-video-preview":"max-video-preview:-1"},"canonical":"https:\/\/blogdoprosperi.com\/?p=52680","og_locale":"pt_BR","og_type":"article","og_title":"PROS NEWS | URGENTE: \u00daltimas Not\u00edcias do Futebol \u2013 Segunda-Feira (07\/7) - PR\u00d3SPERI NEWS","og_description":"\u2295 Palmeiras perto de anunciar refor\u00e7o para vaga de Estev\u00e3o \u2295 Botafogo contrata t\u00e9cnico Ancelotti \u2295 Di Mar\u00eda [&hellip;]","og_url":"https:\/\/blogdoprosperi.com\/?p=52680","og_site_name":"PR\u00d3SPERI NEWS","article_publisher":"Luiz Pr\u00f3speri","article_author":"Luiz Pr\u00f3speri","article_published_time":"2025-07-07T21:09:28+00:00","article_modified_time":"2025-07-09T14:22:26+00:00","og_image":[{"width":1182,"height":730,"url":"https:\/\/i0.wp.com\/blogdoprosperi.com\/wp-content\/uploads\/2025\/07\/captura-de-tela-2025-07-07-as-18.02.33.png?fit=1182%2C730&ssl=1","type":"image\/png"}],"author":"Luiz Ant\u00f4nio Pr\u00f3speri","twitter_card":"summary_large_image","twitter_creator":"@Luizprosperi","twitter_site":"@Luizprosperi","twitter_misc":{"Escrito por":"Luiz Ant\u00f4nio Pr\u00f3speri","Est. tempo de leitura":"3 minutos"},"schema":{"@context":"https:\/\/schema.org","@graph":[{"@type":"Article","@id":"https:\/\/blogdoprosperi.com\/?p=52680#article","isPartOf":{"@id":"https:\/\/blogdoprosperi.com\/?p=52680"},"author":{"name":"Luiz Ant\u00f4nio Pr\u00f3speri","@id":"https:\/\/blogdoprosperi.com\/#\/schema\/person\/38100755ce3601861ee4fab9b5aa78e9"},"headline":"PROS NEWS | URGENTE: \u00daltimas Not\u00edcias do Futebol \u2013 Segunda-Feira (07\/7)","datePublished":"2025-07-07T21:09:28+00:00","dateModified":"2025-07-09T14:22:26+00:00","mainEntityOfPage":{"@id":"https:\/\/blogdoprosperi.com\/?p=52680"},"wordCount":564,"commentCount":0,"publisher":{"@id":"https:\/\/blogdoprosperi.com\/#\/schema\/person\/38100755ce3601861ee4fab9b5aa78e9"},"image":{"@id":"https:\/\/blogdoprosperi.com\/?p=52680#primaryimage"},"thumbnailUrl":"https:\/\/i0.wp.com\/blogdoprosperi.com\/wp-content\/uploads\/2025\/07\/captura-de-tela-2025-07-07-as-18.02.33.png?fit=1182%2C730&ssl=1","keywords":["#benvenido\u00c1ngel","#ram\u00f3nsosa","#sepalmeiras","BotafogoFR","chelseafc","DAvideAncelotti","DiMar\u00eda","FluminenseFC","futebol","Luiz Ant\u00f4nio Pr\u00f3speri"],"articleSection":["futebol","informa\u00e7\u00e3o","Mundial de Clubes"],"inLanguage":"pt-BR","potentialAction":[{"@type":"CommentAction","name":"Comment","target":["https:\/\/blogdoprosperi.com\/?p=52680#respond"]}]},{"@type":"WebPage","@id":"https:\/\/blogdoprosperi.com\/?p=52680","url":"https:\/\/blogdoprosperi.com\/?p=52680","name":"PROS NEWS | URGENTE: \u00daltimas Not\u00edcias do Futebol \u2013 Segunda-Feira (07\/7) - PR\u00d3SPERI NEWS","isPartOf":{"@id":"https:\/\/blogdoprosperi.com\/#website"},"primaryImageOfPage":{"@id":"https:\/\/blogdoprosperi.com\/?p=52680#primaryimage"},"image":{"@id":"https:\/\/blogdoprosperi.com\/?p=52680#primaryimage"},"thumbnailUrl":"https:\/\/i0.wp.com\/blogdoprosperi.com\/wp-content\/uploads\/2025\/07\/captura-de-tela-2025-07-07-as-18.02.33.png?fit=1182%2C730&ssl=1","datePublished":"2025-07-07T21:09:28+00:00","dateModified":"2025-07-09T14:22:26+00:00","breadcrumb":{"@id":"https:\/\/blogdoprosperi.com\/?p=52680#breadcrumb"},"inLanguage":"pt-BR","potentialAction":[{"@type":"ReadAction","target":["https:\/\/blogdoprosperi.com\/?p=52680"]}]},{"@type":"ImageObject","inLanguage":"pt-BR","@id":"https:\/\/blogdoprosperi.com\/?p=52680#primaryimage","url":"https:\/\/i0.wp.com\/blogdoprosperi.com\/wp-content\/uploads\/2025\/07\/captura-de-tela-2025-07-07-as-18.02.33.png?fit=1182%2C730&ssl=1","contentUrl":"https:\/\/i0.wp.com\/blogdoprosperi.com\/wp-content\/uploads\/2025\/07\/captura-de-tela-2025-07-07-as-18.02.33.png?fit=1182%2C730&ssl=1","width":1182,"height":730,"caption":"imagem: reprodu\u00e7\u00e3o X Fifa"},{"@type":"BreadcrumbList","@id":"https:\/\/blogdoprosperi.com\/?p=52680#breadcrumb","itemListElement":[{"@type":"ListItem","position":1,"name":"In\u00edcio","item":"https:\/\/blogdoprosperi.com\/"},{"@type":"ListItem","position":2,"name":"PROS NEWS | URGENTE: \u00daltimas Not\u00edcias do Futebol \u2013 Segunda-Feira (07\/7)"}]},{"@type":"WebSite","@id":"https:\/\/blogdoprosperi.com\/#website","url":"https:\/\/blogdoprosperi.com\/","name":"PR\u00d3SPERI NEWS","description":"TUDO \u00c9  FUTEBOL","publisher":{"@id":"https:\/\/blogdoprosperi.com\/#\/schema\/person\/38100755ce3601861ee4fab9b5aa78e9"},"alternateName":"blogdoprosperi.com","potentialAction":[{"@type":"SearchAction","target":{"@type":"EntryPoint","urlTemplate":"https:\/\/blogdoprosperi.com\/?s={search_term_string}"},"query-input":{"@type":"PropertyValueSpecification","valueRequired":true,"valueName":"search_term_string"}}],"inLanguage":"pt-BR"},{"@type":["Person","Organization"],"@id":"https:\/\/blogdoprosperi.com\/#\/schema\/person\/38100755ce3601861ee4fab9b5aa78e9","name":"Luiz Ant\u00f4nio Pr\u00f3speri","pronouns":"ele","image":{"@type":"ImageObject","inLanguage":"pt-BR","@id":"https:\/\/i0.wp.com\/blogdoprosperi.com\/wp-content\/uploads\/2026\/05\/cropped-8059e613-6002-42fa-961e-8e275f575d71-2-5.jpg?fit=1360%2C931&ssl=1","url":"https:\/\/i0.wp.com\/blogdoprosperi.com\/wp-content\/uploads\/2026\/05\/cropped-8059e613-6002-42fa-961e-8e275f575d71-2-5.jpg?fit=1360%2C931&ssl=1","contentUrl":"https:\/\/i0.wp.com\/blogdoprosperi.com\/wp-content\/uploads\/2026\/05\/cropped-8059e613-6002-42fa-961e-8e275f575d71-2-5.jpg?fit=1360%2C931&ssl=1","width":1360,"height":931,"caption":"Luiz Ant\u00f4nio Pr\u00f3speri"},"logo":{"@id":"https:\/\/i0.wp.com\/blogdoprosperi.com\/wp-content\/uploads\/2026\/05\/cropped-8059e613-6002-42fa-961e-8e275f575d71-2-5.jpg?fit=1360%2C931&ssl=1"},"description":"Jornalista com carreira dedicada ao esporte. Cobriu 9 Copas do Mundo in loco, 1990 na It\u00e1lia, 1994 nos EUA, 1998 na Fran\u00e7a, 2002 na Coreia do Sul e Jap\u00e3o, 2006 na Alemanha, 2010 na \u00c1frica do Sul, 2014 no Brasil, 2018 na R\u00fassia e 2022 no Qatar. Eurocopas, 1992 na Su\u00e9cia e 1996 na Inglaterra. Copa das Confedera\u00e7\u00f5es de 2005 na Alemanha e 2009 na \u00c1frica do Sul. Rep\u00f3rter e Editor, trabalhou no Jornal da Tarde e Estad\u00e3o, de 1984 a fevereiro de 2016. Colunista, blogueiro. E comentarista de futebol na R\u00e1dio Estad\u00e3o, de 2013 a fevereiro de 2016. Jornalista respons\u00e1vel do \"Pr\u00f3speri News\" (blogdoprosperi.com).","sameAs":["http:\/\/blogdoprosperi.com","Luiz Pr\u00f3speri","@luiz_prosperi","https:\/\/x.com\/Luizprosperi","@prosperinacopa","luiz.prosperi@icloud.com"],"url":"https:\/\/blogdoprosperi.com\/?author=102107496"}]}},"jetpack_publicize_connections":[],"jetpack_likes_enabled":false,"jetpack_sharing_enabled":true,"jetpack_shortlink":"https:\/\/wp.me\/p7jvdk-dHG","jetpack-related-posts":[{"id":53422,"url":"https:\/\/blogdoprosperi.com\/?p=53422","url_meta":{"origin":52680,"position":0},"title":"Palmeiras | Entenda a Quarta Remontada de Abel Ferreira em 2025","author":"Luiz Ant\u00f4nio Pr\u00f3speri","date":"15 de julho de 2025","format":false,"excerpt":"Luiz Ant\u00f4nio Pr\u00f3speri \u2013 15 julho (12h21) \u2013 Ram\u00f3n Sosa, 25 anos, contratado a R$ 80 milh\u00f5es do Nottingham Forest, chega para preencher uma vaga no ataque do Palmeiras. Apresentado segunda-feira (14\/7), o paraguaio seria o substituto de Estev\u00e3o, hoje no Chelsea. N\u00e3o \u00e9 bem assim. Sosa vai entrar no\u2026","rel":"","context":"Em &quot;brasileir\u00e3o 2025&quot;","block_context":{"text":"brasileir\u00e3o 2025","link":"https:\/\/blogdoprosperi.com\/?cat=775970846"},"img":{"alt_text":"Ram\u00f3n Sosa, novo refor\u00e7o do Palmeiras","src":"https:\/\/i0.wp.com\/blogdoprosperi.com\/wp-content\/uploads\/2025\/07\/54653699472_b35428751b_c.jpg?fit=800%2C450&ssl=1&resize=350%2C200","width":350,"height":200,"srcset":"https:\/\/i0.wp.com\/blogdoprosperi.com\/wp-content\/uploads\/2025\/07\/54653699472_b35428751b_c.jpg?fit=800%2C450&ssl=1&resize=350%2C200 1x, https:\/\/i0.wp.com\/blogdoprosperi.com\/wp-content\/uploads\/2025\/07\/54653699472_b35428751b_c.jpg?fit=800%2C450&ssl=1&resize=525%2C300 1.5x, https:\/\/i0.wp.com\/blogdoprosperi.com\/wp-content\/uploads\/2025\/07\/54653699472_b35428751b_c.jpg?fit=800%2C450&ssl=1&resize=700%2C400 2x"},"classes":[]},{"id":51736,"url":"https:\/\/blogdoprosperi.com\/?p=51736","url_meta":{"origin":52680,"position":1},"title":"Pr\u00e9via \u2013 Segunda-Feira (23\/6) | Cen\u00e1rios de Classifica\u00e7\u00e3o: Palmeiras Busca Vaga nas Oitavas, Botafogo Est\u00e1 L\u00e1","author":"Luiz Ant\u00f4nio Pr\u00f3speri","date":"23 de junho de 2025","format":false,"excerpt":"Atualizado \u00e0s 21h12 \u2013 Confira cen\u00e1rios de classifica\u00e7\u00e3o na rodada desta segunda-feira (23\/6), fechando a fase dos Grupos A e B. Botafogo se classificou em segundo lugar no Grupo B, PSG fica com a primeira coloca\u00e7\u00e3o. Palmeiras disputa vaga no jogo contra Inter Miami. Lembrando que o 1.\u00ba colocado do\u2026","rel":"","context":"Em &quot;futebol&quot;","block_context":{"text":"futebol","link":"https:\/\/blogdoprosperi.com\/?cat=53870"},"img":{"alt_text":"Botafogo 1 a 0 PSG - Mundial de Clubes","src":"https:\/\/i0.wp.com\/blogdoprosperi.com\/wp-content\/uploads\/2025\/06\/igor-jesus-celebrates-after-scoring-for-botafogo-against-psg-on-june-19-2025.webp?fit=1200%2C799&ssl=1&resize=350%2C200","width":350,"height":200,"srcset":"https:\/\/i0.wp.com\/blogdoprosperi.com\/wp-content\/uploads\/2025\/06\/igor-jesus-celebrates-after-scoring-for-botafogo-against-psg-on-june-19-2025.webp?fit=1200%2C799&ssl=1&resize=350%2C200 1x, https:\/\/i0.wp.com\/blogdoprosperi.com\/wp-content\/uploads\/2025\/06\/igor-jesus-celebrates-after-scoring-for-botafogo-against-psg-on-june-19-2025.webp?fit=1200%2C799&ssl=1&resize=525%2C300 1.5x, https:\/\/i0.wp.com\/blogdoprosperi.com\/wp-content\/uploads\/2025\/06\/igor-jesus-celebrates-after-scoring-for-botafogo-against-psg-on-june-19-2025.webp?fit=1200%2C799&ssl=1&resize=700%2C400 2x, https:\/\/i0.wp.com\/blogdoprosperi.com\/wp-content\/uploads\/2025\/06\/igor-jesus-celebrates-after-scoring-for-botafogo-against-psg-on-june-19-2025.webp?fit=1200%2C799&ssl=1&resize=1050%2C600 3x"},"classes":[]},{"id":52566,"url":"https:\/\/blogdoprosperi.com\/?p=52566","url_meta":{"origin":52680,"position":2},"title":"Estev\u00e3o Espera Viver a Noite de Seu Sorriso Simples","author":"Luiz Ant\u00f4nio Pr\u00f3speri","date":"4 de julho de 2025","format":false,"excerpt":"Luiz Ant\u00f4nio Pr\u00f3speri \u2013 4 julho (14h24) \u2013 Estev\u00e3o vai ser outro jogador ap\u00f3s Palmeiras x Chelsea nesta noite de 4 de julho de 2025 no est\u00e1dio Lincoln Financial Field, Filad\u00e9lfia. \u00c9 como se fosse uma viagem de volta ao futuro. E numa gal\u00e1xia muito, muito distante de seu mundo.\u2026","rel":"","context":"Em &quot;futebol&quot;","block_context":{"text":"futebol","link":"https:\/\/blogdoprosperi.com\/?cat=53870"},"img":{"alt_text":"Estev\u00e3o, a noite da estrela","src":"https:\/\/i0.wp.com\/blogdoprosperi.com\/wp-content\/uploads\/2025\/07\/54631018083_fcc96fd2c5_c.jpg?fit=800%2C450&ssl=1&resize=350%2C200","width":350,"height":200,"srcset":"https:\/\/i0.wp.com\/blogdoprosperi.com\/wp-content\/uploads\/2025\/07\/54631018083_fcc96fd2c5_c.jpg?fit=800%2C450&ssl=1&resize=350%2C200 1x, https:\/\/i0.wp.com\/blogdoprosperi.com\/wp-content\/uploads\/2025\/07\/54631018083_fcc96fd2c5_c.jpg?fit=800%2C450&ssl=1&resize=525%2C300 1.5x, https:\/\/i0.wp.com\/blogdoprosperi.com\/wp-content\/uploads\/2025\/07\/54631018083_fcc96fd2c5_c.jpg?fit=800%2C450&ssl=1&resize=700%2C400 2x"},"classes":[]},{"id":45964,"url":"https:\/\/blogdoprosperi.com\/?p=45964","url_meta":{"origin":52680,"position":3},"title":"Mundial de Clubes, Libertadores e Brasileir\u00e3o | A Hora da Conspira\u00e7\u00e3o","author":"Luiz Ant\u00f4nio Pr\u00f3speri","date":"21 de outubro de 2024","format":false,"excerpt":"Luiz Ant\u00f4nio Pr\u00f3speri \u2013 21 outubro (10h55) Aten\u00e7\u00e3o torcedores de Botafogo e Atl\u00e9tico-MG: est\u00e1 no ar a fase de conspira\u00e7\u00e3o na Libertadores e, por tabela, no Mundial de Clubes Fifa 2025. A \u00faltima vaga sul-americana \u00e9 do campe\u00e3o da Libertadores, desde que n\u00e3o seja o River Plate. Se o clube\u2026","rel":"","context":"Em &quot;futebol&quot;","block_context":{"text":"futebol","link":"https:\/\/blogdoprosperi.com\/?cat=53870"},"img":{"alt_text":"Libertadores na hora da Conspira\u00e7\u00e3o","src":"https:\/\/i0.wp.com\/blogdoprosperi.com\/wp-content\/uploads\/2024\/10\/54078177127_713286b899_k.jpg?fit=1200%2C800&ssl=1&resize=350%2C200","width":350,"height":200,"srcset":"https:\/\/i0.wp.com\/blogdoprosperi.com\/wp-content\/uploads\/2024\/10\/54078177127_713286b899_k.jpg?fit=1200%2C800&ssl=1&resize=350%2C200 1x, https:\/\/i0.wp.com\/blogdoprosperi.com\/wp-content\/uploads\/2024\/10\/54078177127_713286b899_k.jpg?fit=1200%2C800&ssl=1&resize=525%2C300 1.5x, https:\/\/i0.wp.com\/blogdoprosperi.com\/wp-content\/uploads\/2024\/10\/54078177127_713286b899_k.jpg?fit=1200%2C800&ssl=1&resize=700%2C400 2x, https:\/\/i0.wp.com\/blogdoprosperi.com\/wp-content\/uploads\/2024\/10\/54078177127_713286b899_k.jpg?fit=1200%2C800&ssl=1&resize=1050%2C600 3x"},"classes":[]},{"id":52551,"url":"https:\/\/blogdoprosperi.com\/?p=52551","url_meta":{"origin":52680,"position":4},"title":"Na TV | Onde Assistir e Hor\u00e1rios de Fluminense x Al Hilal e Palmeiras x Chelsea","author":"Luiz Ant\u00f4nio Pr\u00f3speri","date":"4 de julho de 2025","format":false,"excerpt":"Onde assistir e hor\u00e1rios dos jogos de abertura as quartas de final do Mundial de Clubes: Fluminense x Al Hilal em Orlando e Palmeiras x Chelsea na Filad\u00e9lfia. Sexta-feira (04\/7) 16h \u2013 Fluminense x Al Hilal \u2013 Globo, Sportv, globoplay, Caz\u00e9 TV e Dazn 22h \u2013 Palmeiras x Chelsea \u2013\u2026","rel":"","context":"Em &quot;futebol&quot;","block_context":{"text":"futebol","link":"https:\/\/blogdoprosperi.com\/?cat=53870"},"img":{"alt_text":"","src":"https:\/\/i0.wp.com\/blogdoprosperi.com\/wp-content\/uploads\/2025\/07\/captura-de-tela-2025-07-04-as-11.01.28.png?fit=1200%2C780&ssl=1&resize=350%2C200","width":350,"height":200,"srcset":"https:\/\/i0.wp.com\/blogdoprosperi.com\/wp-content\/uploads\/2025\/07\/captura-de-tela-2025-07-04-as-11.01.28.png?fit=1200%2C780&ssl=1&resize=350%2C200 1x, https:\/\/i0.wp.com\/blogdoprosperi.com\/wp-content\/uploads\/2025\/07\/captura-de-tela-2025-07-04-as-11.01.28.png?fit=1200%2C780&ssl=1&resize=525%2C300 1.5x, https:\/\/i0.wp.com\/blogdoprosperi.com\/wp-content\/uploads\/2025\/07\/captura-de-tela-2025-07-04-as-11.01.28.png?fit=1200%2C780&ssl=1&resize=700%2C400 2x, https:\/\/i0.wp.com\/blogdoprosperi.com\/wp-content\/uploads\/2025\/07\/captura-de-tela-2025-07-04-as-11.01.28.png?fit=1200%2C780&ssl=1&resize=1050%2C600 3x"},"classes":[]},{"id":50295,"url":"https:\/\/blogdoprosperi.com\/?p=50295","url_meta":{"origin":52680,"position":5},"title":"\u00c9 Dif\u00edcil Ser Estev\u00e3o","author":"Luiz Ant\u00f4nio Pr\u00f3speri","date":"22 de maio de 2025","format":false,"excerpt":"Luiz Ant\u00f4nio Pr\u00f3speri \u2013 22 maio (22h31) \u2013 Estev\u00e3o sai aplaudido por mais de 38 mil torcedores no Allianz Parque, vinte minutos antes do fim de Palmeiras 3 x 0 Cear\u00e1. Quinta-feira (22\/5), p\u00f3s-chuva, pr\u00e9lio de ingressos mais baratos. Maioria incomum nos \u00faltimos anos na requintada arena alviverde. Seja quem\u2026","rel":"","context":"Em &quot;futebol&quot;","block_context":{"text":"futebol","link":"https:\/\/blogdoprosperi.com\/?cat=53870"},"img":{"alt_text":"\u00c9 dif\u00edcil ser Estev\u00e3o","src":"https:\/\/i0.wp.com\/blogdoprosperi.com\/wp-content\/uploads\/2025\/05\/54539029090_8a67aff062_c.jpg?fit=800%2C450&ssl=1&resize=350%2C200","width":350,"height":200,"srcset":"https:\/\/i0.wp.com\/blogdoprosperi.com\/wp-content\/uploads\/2025\/05\/54539029090_8a67aff062_c.jpg?fit=800%2C450&ssl=1&resize=350%2C200 1x, https:\/\/i0.wp.com\/blogdoprosperi.com\/wp-content\/uploads\/2025\/05\/54539029090_8a67aff062_c.jpg?fit=800%2C450&ssl=1&resize=525%2C300 1.5x, https:\/\/i0.wp.com\/blogdoprosperi.com\/wp-content\/uploads\/2025\/05\/54539029090_8a67aff062_c.jpg?fit=800%2C450&ssl=1&resize=700%2C400 2x"},"classes":[]}],"jetpack_featured_media_url":"https:\/\/i0.wp.com\/blogdoprosperi.com\/wp-content\/uploads\/2025\/07\/captura-de-tela-2025-07-07-as-18.02.33.png?fit=1182%2C730&ssl=1","_links":{"self":[{"href":"https:\/\/blogdoprosperi.com\/index.php?rest_route=\/wp\/v2\/posts\/52680","targetHints":{"allow":["GET"]}}],"collection":[{"href":"https:\/\/blogdoprosperi.com\/index.php?rest_route=\/wp\/v2\/posts"}],"about":[{"href":"https:\/\/blogdoprosperi.com\/index.php?rest_route=\/wp\/v2\/types\/post"}],"author":[{"embeddable":true,"href":"https:\/\/blogdoprosperi.com\/index.php?rest_route=\/wp\/v2\/users\/102107496"}],"replies":[{"embeddable":true,"href":"https:\/\/blogdoprosperi.com\/index.php?rest_route=%2Fwp%2Fv2%2Fcomments&post=52680"}],"version-history":[{"count":21,"href":"https:\/\/blogdoprosperi.com\/index.php?rest_route=\/wp\/v2\/posts\/52680\/revisions"}],"predecessor-version":[{"id":52730,"href":"https:\/\/blogdoprosperi.com\/index.php?rest_route=\/wp\/v2\/posts\/52680\/revisions\/52730"}],"wp:featuredmedia":[{"embeddable":true,"href":"https:\/\/blogdoprosperi.com\/index.php?rest_route=\/wp\/v2\/media\/52711"}],"wp:attachment":[{"href":"https:\/\/blogdoprosperi.com\/index.php?rest_route=%2Fwp%2Fv2%2Fmedia&parent=52680"}],"wp:term":[{"taxonomy":"category","embeddable":true,"href":"https:\/\/blogdoprosperi.com\/index.php?rest_route=%2Fwp%2Fv2%2Fcategories&post=52680"},{"taxonomy":"post_tag","embeddable":true,"href":"https:\/\/blogdoprosperi.com\/index.php?rest_route=%2Fwp%2Fv2%2Ftags&post=52680"}],"curies":[{"name":"wp","href":"https:\/\/api.w.org\/{rel}","templated":true}]}}