{"id":52937,"date":"2025-07-09T15:57:33","date_gmt":"2025-07-09T18:57:33","guid":{"rendered":"https:\/\/blogdoprosperi.com\/?p=52937"},"modified":"2025-07-09T15:57:33","modified_gmt":"2025-07-09T18:57:33","slug":"carlo-ancelotti-multado-em-r-247-milhoes-e-condenado-a-um-ano-de-prisao-por-fraude-fiscal-na-espanha","status":"publish","type":"post","link":"https:\/\/blogdoprosperi.com\/?p=52937","title":{"rendered":"Carlo Ancelotti Multado em R$ 2,47 milh\u00f5es e Condenado a Um Ano de Pris\u00e3o por Fraude Fiscal na Espanha"},"content":{"rendered":"<p><strong>\u2666 Ex-t\u00e9cnico do Real n\u00e3o passar\u00e1 tempo na pris\u00e3o<\/strong><\/p>\n<p><strong>\u2666 Ancelotti condenado por n\u00e3o pagar imposto sobre direitos de imagem<\/strong><\/p>\n<hr \/>\n<p><em>Sam Jones, The Guardian, em Madri \u2013 9 julho (15h45)<\/em><\/p>\n<p>O t\u00e9cnico da Sele\u00e7\u00e3o Brasileira e ex-t\u00e9cnico do Real Madrid, Carlo Ancelotti, foi condenado a um ano de pris\u00e3o e uma multa de 386 mil euros (R$ 2,47 milh\u00f5es) depois que um tribunal espanhol o considerou culpado de uma acusa\u00e7\u00e3o de fraude fiscal<\/p>\n<p>Ancelotti, que comandou\u00a0o Real Madrid de 2013 a 2015 e entre 2021 e 2025, compareceu ao tribunal em Madri em abril para ser julgado por acusa\u00e7\u00f5es de fraudar a Receita Federal da Espanha em mais de 1 milh\u00e3o euros (R$ 6,42 milh\u00f5es) em ganhos n\u00e3o declarados de direitos de imagem em 2014 e 2015.<\/p>\n<p>Os promotores, que haviam pedido uma pena de pris\u00e3o de quatro anos e nove meses, alegaram que o ex-t\u00e9cnico do Chelsea e do Everton, de 66 anos,\u00a0usou empresas de fachada fora da Espanha para criar \u201copacidade em rela\u00e7\u00e3o ao tesouro espanhol&#8230; ocultando o verdadeiro benefici\u00e1rio da renda da explora\u00e7\u00e3o de seus direitos de imagem\u201d.<\/p>\n<p>Embora Ancelotti tenha dito ao tribunal que acreditava que suas finan\u00e7as estavam em ordem e\u00a0&#8220;nunca pensou que uma fraude pudesse ter sido cometida&#8221;\u00a0, ele foi condenado na quarta-feira por n\u00e3o pagar impostos sobre suas receitas de direitos de imagem em 2014.<\/p>\n<p>O tribunal condenou-o a 12 meses de pris\u00e3o e a uma multa de 386 mil euros (R$ 2,47 milh\u00f5es) ap\u00f3s considerar que ele havia cometido &#8220;um crime contra a administra\u00e7\u00e3o fiscal&#8221;. Ele foi absolvido da acusa\u00e7\u00e3o de 2015.<\/p>\n<p><strong>Apesar da pena de pris\u00e3o, Ancelotti n\u00e3o passar\u00e1 nenhum tempo atr\u00e1s das grades, j\u00e1 que infratores prim\u00e1rios e n\u00e3o violentos que recebem penas de menos de dois anos raramente s\u00e3o enviados para a pris\u00e3o, segundo a lei espanhola.<\/strong><\/p>\n<p><em>CBF diz que acompanha o caso ao lado de assessores de Ancelotti. O t\u00e9cnico n\u00e3o se pronunciou a respeito da multa e pena de pris\u00e3o at\u00e9 \u00e0s 16h desta quarta-feira (09\/7).<\/em><\/p>\n<p>Ancelotti, o t\u00e9cnico de maior sucesso na hist\u00f3ria da Liga dos Campe\u00f5es, \u00e9 a mais recente figura de destaque do futebol a ser perseguida nos \u00faltimos anos pelas autoridades fiscais espanholas. Em julho de 2016, Lionel Messi e seu pai, Jorge, foram\u00a0condenados a 21 meses de pris\u00e3o por sonega\u00e7\u00e3o fiscal sobre os direitos de imagem de Lionel durante sua passagem pelo Barcelona, \u200b\u200bcom mais de 4 milh\u00f5es de euros em pagamentos atrasados.<\/p>\n<p>H\u00e1 seis anos,\u00a0Cristiano Ronaldo admitiu ter cometido fraude fiscal enquanto jogava pelo Real Madrid e concordou em pagar uma multa de 18,8 milh\u00f5es de euros ap\u00f3s fechar um acordo com o Minist\u00e9rio P\u00fablico e a Receita Federal em troca de uma pena de 23 meses de pris\u00e3o com suspens\u00e3o condicional da pena. Em fevereiro de 2019, Jos\u00e9 Mourinho foi condenado a um ano de pris\u00e3o com suspens\u00e3o condicional da pena e concordou em pagar 2,2 milh\u00f5es euros em multas ap\u00f3s admitir fraude fiscal enquanto era t\u00e9cnico do Real Madrid<\/p>\n<p>No ano seguinte, o atacante do Atl\u00e9tico de Madrid\u00a0Diego Costa pagou uma multa de 543,2 mil euros ap\u00f3s se declarar culpado de fraudar as autoridades fiscais em mais de 1 milh\u00e3o de euros ao n\u00e3o declarar pagamentos de mais de 5,15 milh\u00f5es de euros de sua transfer\u00eancia para o Chelsea em 2014.<\/p>\n","protected":false},"excerpt":{"rendered":"<p>\u2666 Ex-t\u00e9cnico do Real n\u00e3o passar\u00e1 tempo na pris\u00e3o \u2666 Ancelotti condenado por n\u00e3o pagar imposto sobre direitos [&hellip;]<\/p>\n","protected":false},"author":102107496,"featured_media":50860,"comment_status":"open","ping_status":"open","sticky":false,"template":"","format":"standard","meta":{"_coblocks_attr":"","_coblocks_dimensions":"","_coblocks_responsive_height":"","_coblocks_accordion_ie_support":"","_jetpack_newsletter_access":"","_jetpack_dont_email_post_to_subs":false,"_jetpack_newsletter_tier_id":0,"_jetpack_memberships_contains_paywalled_content":false,"_wpcom_ai_launchpad_first_post":false,"_jetpack_feature_clip_id":0,"_jetpack_memberships_contains_paid_content":false,"footnotes":"","jetpack_publicize_message":"","jetpack_publicize_feature_enabled":true,"jetpack_social_post_already_shared":false,"jetpack_social_options":{"image_generator_settings":{"template":"highway","default_image_id":0,"font":"","enabled":false},"version":2},"jetpack_post_was_ever_published":false},"categories":[53870,20384,174694],"tags":[56500388,789560569,12734,771905845,782491774,789560560,1628237,782491775,10149860],"class_list":["post-52937","post","type-post","status-publish","format-standard","has-post-thumbnail","hentry","category-futebol","category-informacao","category-selecao-brasileira","tag-carloancelotti","tag-cbf","tag-chelsea","tag-everron","tag-fiscoespanhol","tag-futebol","tag-realmadrid","tag-receita-federal-da-espanha","tag-selecaobrasileira"],"yoast_head":"<!-- This site is optimized with the Yoast SEO plugin v28.3 - https:\/\/yoast.com\/product\/yoast-seo-wordpress\/ -->\n<title>Carlo Ancelotti Multado em R$ 2,47 milh\u00f5es e Condenado a Um Ano de Pris\u00e3o por Fraude Fiscal na Espanha - PR\u00d3SPERI NEWS<\/title>\n<meta name=\"robots\" content=\"index, follow, max-snippet:-1, max-image-preview:large, max-video-preview:-1\" \/>\n<link rel=\"canonical\" href=\"https:\/\/blogdoprosperi.com\/?p=52937\" \/>\n<meta property=\"og:locale\" content=\"pt_BR\" \/>\n<meta property=\"og:type\" content=\"article\" \/>\n<meta property=\"og:title\" content=\"Carlo Ancelotti Multado em R$ 2,47 milh\u00f5es e Condenado a Um Ano de Pris\u00e3o por Fraude Fiscal na Espanha - PR\u00d3SPERI NEWS\" \/>\n<meta property=\"og:description\" content=\"\u2666 Ex-t\u00e9cnico do Real n\u00e3o passar\u00e1 tempo na pris\u00e3o \u2666 Ancelotti condenado por n\u00e3o pagar imposto sobre direitos [&hellip;]\" \/>\n<meta property=\"og:url\" content=\"https:\/\/blogdoprosperi.com\/?p=52937\" \/>\n<meta property=\"og:site_name\" content=\"PR\u00d3SPERI NEWS\" \/>\n<meta property=\"article:publisher\" content=\"Luiz Pr\u00f3speri\" \/>\n<meta property=\"article:author\" content=\"Luiz Pr\u00f3speri\" \/>\n<meta property=\"article:published_time\" content=\"2025-07-09T18:57:33+00:00\" \/>\n<meta property=\"og:image\" content=\"https:\/\/i0.wp.com\/blogdoprosperi.com\/wp-content\/uploads\/2025\/06\/54573129322_6daedddcfb_c.jpg?fit=800%2C549&ssl=1\" \/>\n\t<meta property=\"og:image:width\" content=\"800\" \/>\n\t<meta property=\"og:image:height\" content=\"549\" \/>\n\t<meta property=\"og:image:type\" content=\"image\/jpeg\" \/>\n<meta name=\"author\" content=\"Luiz Ant\u00f4nio Pr\u00f3speri\" \/>\n<meta name=\"twitter:card\" content=\"summary_large_image\" \/>\n<meta name=\"twitter:creator\" content=\"@Luizprosperi\" \/>\n<meta name=\"twitter:site\" content=\"@Luizprosperi\" \/>\n<meta name=\"twitter:label1\" content=\"Escrito por\" \/>\n\t<meta name=\"twitter:data1\" content=\"Luiz Ant\u00f4nio Pr\u00f3speri\" \/>\n\t<meta name=\"twitter:label2\" content=\"Est. tempo de leitura\" \/>\n\t<meta name=\"twitter:data2\" content=\"3 minutos\" \/>\n<script type=\"application\/ld+json\" class=\"yoast-schema-graph\">{\"@context\":\"https:\\\/\\\/schema.org\",\"@graph\":[{\"@type\":\"Article\",\"@id\":\"https:\\\/\\\/blogdoprosperi.com\\\/?p=52937#article\",\"isPartOf\":{\"@id\":\"https:\\\/\\\/blogdoprosperi.com\\\/?p=52937\"},\"author\":{\"name\":\"Luiz Ant\u00f4nio Pr\u00f3speri\",\"@id\":\"https:\\\/\\\/blogdoprosperi.com\\\/#\\\/schema\\\/person\\\/38100755ce3601861ee4fab9b5aa78e9\"},\"headline\":\"Carlo Ancelotti Multado em R$ 2,47 milh\u00f5es e Condenado a Um Ano de Pris\u00e3o por Fraude Fiscal na Espanha\",\"datePublished\":\"2025-07-09T18:57:33+00:00\",\"mainEntityOfPage\":{\"@id\":\"https:\\\/\\\/blogdoprosperi.com\\\/?p=52937\"},\"wordCount\":594,\"commentCount\":0,\"publisher\":{\"@id\":\"https:\\\/\\\/blogdoprosperi.com\\\/#\\\/schema\\\/person\\\/38100755ce3601861ee4fab9b5aa78e9\"},\"image\":{\"@id\":\"https:\\\/\\\/blogdoprosperi.com\\\/?p=52937#primaryimage\"},\"thumbnailUrl\":\"https:\\\/\\\/i0.wp.com\\\/blogdoprosperi.com\\\/wp-content\\\/uploads\\\/2025\\\/06\\\/54573129322_6daedddcfb_c.jpg?fit=800%2C549&ssl=1\",\"keywords\":[\"CarloAncelotti\",\"CBF\",\"Chelsea\",\"Everron\",\"FiscoEspanhol\",\"futebol\",\"RealMadrid\",\"Receita Federal da Espanha\",\"Sele\u00e7\u00e3oBrasileira\"],\"articleSection\":[\"futebol\",\"informa\u00e7\u00e3o\",\"Sele\u00e7\u00e3o Brasileira\"],\"inLanguage\":\"pt-BR\",\"potentialAction\":[{\"@type\":\"CommentAction\",\"name\":\"Comment\",\"target\":[\"https:\\\/\\\/blogdoprosperi.com\\\/?p=52937#respond\"]}]},{\"@type\":\"WebPage\",\"@id\":\"https:\\\/\\\/blogdoprosperi.com\\\/?p=52937\",\"url\":\"https:\\\/\\\/blogdoprosperi.com\\\/?p=52937\",\"name\":\"Carlo Ancelotti Multado em R$ 2,47 milh\u00f5es e Condenado a Um Ano de Pris\u00e3o por Fraude Fiscal na Espanha - PR\u00d3SPERI NEWS\",\"isPartOf\":{\"@id\":\"https:\\\/\\\/blogdoprosperi.com\\\/#website\"},\"primaryImageOfPage\":{\"@id\":\"https:\\\/\\\/blogdoprosperi.com\\\/?p=52937#primaryimage\"},\"image\":{\"@id\":\"https:\\\/\\\/blogdoprosperi.com\\\/?p=52937#primaryimage\"},\"thumbnailUrl\":\"https:\\\/\\\/i0.wp.com\\\/blogdoprosperi.com\\\/wp-content\\\/uploads\\\/2025\\\/06\\\/54573129322_6daedddcfb_c.jpg?fit=800%2C549&ssl=1\",\"datePublished\":\"2025-07-09T18:57:33+00:00\",\"breadcrumb\":{\"@id\":\"https:\\\/\\\/blogdoprosperi.com\\\/?p=52937#breadcrumb\"},\"inLanguage\":\"pt-BR\",\"potentialAction\":[{\"@type\":\"ReadAction\",\"target\":[\"https:\\\/\\\/blogdoprosperi.com\\\/?p=52937\"]}]},{\"@type\":\"ImageObject\",\"inLanguage\":\"pt-BR\",\"@id\":\"https:\\\/\\\/blogdoprosperi.com\\\/?p=52937#primaryimage\",\"url\":\"https:\\\/\\\/i0.wp.com\\\/blogdoprosperi.com\\\/wp-content\\\/uploads\\\/2025\\\/06\\\/54573129322_6daedddcfb_c.jpg?fit=800%2C549&ssl=1\",\"contentUrl\":\"https:\\\/\\\/i0.wp.com\\\/blogdoprosperi.com\\\/wp-content\\\/uploads\\\/2025\\\/06\\\/54573129322_6daedddcfb_c.jpg?fit=800%2C549&ssl=1\",\"width\":800,\"height\":549,\"caption\":\"Ancelotti, 66 anos \u2013 foto: CBF oficial\"},{\"@type\":\"BreadcrumbList\",\"@id\":\"https:\\\/\\\/blogdoprosperi.com\\\/?p=52937#breadcrumb\",\"itemListElement\":[{\"@type\":\"ListItem\",\"position\":1,\"name\":\"In\u00edcio\",\"item\":\"https:\\\/\\\/blogdoprosperi.com\\\/\"},{\"@type\":\"ListItem\",\"position\":2,\"name\":\"Carlo Ancelotti Multado em R$ 2,47 milh\u00f5es e Condenado a Um Ano de Pris\u00e3o por Fraude Fiscal na Espanha\"}]},{\"@type\":\"WebSite\",\"@id\":\"https:\\\/\\\/blogdoprosperi.com\\\/#website\",\"url\":\"https:\\\/\\\/blogdoprosperi.com\\\/\",\"name\":\"PR\u00d3SPERI NEWS\",\"description\":\"TUDO \u00c9  FUTEBOL\",\"publisher\":{\"@id\":\"https:\\\/\\\/blogdoprosperi.com\\\/#\\\/schema\\\/person\\\/38100755ce3601861ee4fab9b5aa78e9\"},\"alternateName\":\"blogdoprosperi.com\",\"potentialAction\":[{\"@type\":\"SearchAction\",\"target\":{\"@type\":\"EntryPoint\",\"urlTemplate\":\"https:\\\/\\\/blogdoprosperi.com\\\/?s={search_term_string}\"},\"query-input\":{\"@type\":\"PropertyValueSpecification\",\"valueRequired\":true,\"valueName\":\"search_term_string\"}}],\"inLanguage\":\"pt-BR\"},{\"@type\":[\"Person\",\"Organization\"],\"@id\":\"https:\\\/\\\/blogdoprosperi.com\\\/#\\\/schema\\\/person\\\/38100755ce3601861ee4fab9b5aa78e9\",\"name\":\"Luiz Ant\u00f4nio Pr\u00f3speri\",\"pronouns\":\"ele\",\"image\":{\"@type\":\"ImageObject\",\"inLanguage\":\"pt-BR\",\"@id\":\"https:\\\/\\\/i0.wp.com\\\/blogdoprosperi.com\\\/wp-content\\\/uploads\\\/2026\\\/05\\\/cropped-8059e613-6002-42fa-961e-8e275f575d71-2-5.jpg?fit=1360%2C931&ssl=1\",\"url\":\"https:\\\/\\\/i0.wp.com\\\/blogdoprosperi.com\\\/wp-content\\\/uploads\\\/2026\\\/05\\\/cropped-8059e613-6002-42fa-961e-8e275f575d71-2-5.jpg?fit=1360%2C931&ssl=1\",\"contentUrl\":\"https:\\\/\\\/i0.wp.com\\\/blogdoprosperi.com\\\/wp-content\\\/uploads\\\/2026\\\/05\\\/cropped-8059e613-6002-42fa-961e-8e275f575d71-2-5.jpg?fit=1360%2C931&ssl=1\",\"width\":1360,\"height\":931,\"caption\":\"Luiz Ant\u00f4nio Pr\u00f3speri\"},\"logo\":{\"@id\":\"https:\\\/\\\/i0.wp.com\\\/blogdoprosperi.com\\\/wp-content\\\/uploads\\\/2026\\\/05\\\/cropped-8059e613-6002-42fa-961e-8e275f575d71-2-5.jpg?fit=1360%2C931&ssl=1\"},\"description\":\"Jornalista com carreira dedicada ao esporte. Cobriu 9 Copas do Mundo in loco, 1990 na It\u00e1lia, 1994 nos EUA, 1998 na Fran\u00e7a, 2002 na Coreia do Sul e Jap\u00e3o, 2006 na Alemanha, 2010 na \u00c1frica do Sul, 2014 no Brasil, 2018 na R\u00fassia e 2022 no Qatar. Eurocopas, 1992 na Su\u00e9cia e 1996 na Inglaterra. Copa das Confedera\u00e7\u00f5es de 2005 na Alemanha e 2009 na \u00c1frica do Sul. Rep\u00f3rter e Editor, trabalhou no Jornal da Tarde e Estad\u00e3o, de 1984 a fevereiro de 2016. Colunista, blogueiro. E comentarista de futebol na R\u00e1dio Estad\u00e3o, de 2013 a fevereiro de 2016. Jornalista respons\u00e1vel do \\\"Pr\u00f3speri News\\\" (blogdoprosperi.com).\",\"sameAs\":[\"http:\\\/\\\/blogdoprosperi.com\",\"Luiz Pr\u00f3speri\",\"@luiz_prosperi\",\"https:\\\/\\\/x.com\\\/Luizprosperi\",\"@prosperinacopa\",\"luiz.prosperi@icloud.com\"],\"url\":\"https:\\\/\\\/blogdoprosperi.com\\\/?author=102107496\"}]}<\/script>\n<!-- \/ Yoast SEO plugin. -->","yoast_head_json":{"title":"Carlo Ancelotti Multado em R$ 2,47 milh\u00f5es e Condenado a Um Ano de Pris\u00e3o por Fraude Fiscal na Espanha - PR\u00d3SPERI NEWS","robots":{"index":"index","follow":"follow","max-snippet":"max-snippet:-1","max-image-preview":"max-image-preview:large","max-video-preview":"max-video-preview:-1"},"canonical":"https:\/\/blogdoprosperi.com\/?p=52937","og_locale":"pt_BR","og_type":"article","og_title":"Carlo Ancelotti Multado em R$ 2,47 milh\u00f5es e Condenado a Um Ano de Pris\u00e3o por Fraude Fiscal na Espanha - PR\u00d3SPERI NEWS","og_description":"\u2666 Ex-t\u00e9cnico do Real n\u00e3o passar\u00e1 tempo na pris\u00e3o \u2666 Ancelotti condenado por n\u00e3o pagar imposto sobre direitos [&hellip;]","og_url":"https:\/\/blogdoprosperi.com\/?p=52937","og_site_name":"PR\u00d3SPERI NEWS","article_publisher":"Luiz Pr\u00f3speri","article_author":"Luiz Pr\u00f3speri","article_published_time":"2025-07-09T18:57:33+00:00","og_image":[{"width":800,"height":549,"url":"https:\/\/i0.wp.com\/blogdoprosperi.com\/wp-content\/uploads\/2025\/06\/54573129322_6daedddcfb_c.jpg?fit=800%2C549&ssl=1","type":"image\/jpeg"}],"author":"Luiz Ant\u00f4nio Pr\u00f3speri","twitter_card":"summary_large_image","twitter_creator":"@Luizprosperi","twitter_site":"@Luizprosperi","twitter_misc":{"Escrito por":"Luiz Ant\u00f4nio Pr\u00f3speri","Est. tempo de leitura":"3 minutos"},"schema":{"@context":"https:\/\/schema.org","@graph":[{"@type":"Article","@id":"https:\/\/blogdoprosperi.com\/?p=52937#article","isPartOf":{"@id":"https:\/\/blogdoprosperi.com\/?p=52937"},"author":{"name":"Luiz Ant\u00f4nio Pr\u00f3speri","@id":"https:\/\/blogdoprosperi.com\/#\/schema\/person\/38100755ce3601861ee4fab9b5aa78e9"},"headline":"Carlo Ancelotti Multado em R$ 2,47 milh\u00f5es e Condenado a Um Ano de Pris\u00e3o por Fraude Fiscal na Espanha","datePublished":"2025-07-09T18:57:33+00:00","mainEntityOfPage":{"@id":"https:\/\/blogdoprosperi.com\/?p=52937"},"wordCount":594,"commentCount":0,"publisher":{"@id":"https:\/\/blogdoprosperi.com\/#\/schema\/person\/38100755ce3601861ee4fab9b5aa78e9"},"image":{"@id":"https:\/\/blogdoprosperi.com\/?p=52937#primaryimage"},"thumbnailUrl":"https:\/\/i0.wp.com\/blogdoprosperi.com\/wp-content\/uploads\/2025\/06\/54573129322_6daedddcfb_c.jpg?fit=800%2C549&ssl=1","keywords":["CarloAncelotti","CBF","Chelsea","Everron","FiscoEspanhol","futebol","RealMadrid","Receita Federal da Espanha","Sele\u00e7\u00e3oBrasileira"],"articleSection":["futebol","informa\u00e7\u00e3o","Sele\u00e7\u00e3o Brasileira"],"inLanguage":"pt-BR","potentialAction":[{"@type":"CommentAction","name":"Comment","target":["https:\/\/blogdoprosperi.com\/?p=52937#respond"]}]},{"@type":"WebPage","@id":"https:\/\/blogdoprosperi.com\/?p=52937","url":"https:\/\/blogdoprosperi.com\/?p=52937","name":"Carlo Ancelotti Multado em R$ 2,47 milh\u00f5es e Condenado a Um Ano de Pris\u00e3o por Fraude Fiscal na Espanha - PR\u00d3SPERI NEWS","isPartOf":{"@id":"https:\/\/blogdoprosperi.com\/#website"},"primaryImageOfPage":{"@id":"https:\/\/blogdoprosperi.com\/?p=52937#primaryimage"},"image":{"@id":"https:\/\/blogdoprosperi.com\/?p=52937#primaryimage"},"thumbnailUrl":"https:\/\/i0.wp.com\/blogdoprosperi.com\/wp-content\/uploads\/2025\/06\/54573129322_6daedddcfb_c.jpg?fit=800%2C549&ssl=1","datePublished":"2025-07-09T18:57:33+00:00","breadcrumb":{"@id":"https:\/\/blogdoprosperi.com\/?p=52937#breadcrumb"},"inLanguage":"pt-BR","potentialAction":[{"@type":"ReadAction","target":["https:\/\/blogdoprosperi.com\/?p=52937"]}]},{"@type":"ImageObject","inLanguage":"pt-BR","@id":"https:\/\/blogdoprosperi.com\/?p=52937#primaryimage","url":"https:\/\/i0.wp.com\/blogdoprosperi.com\/wp-content\/uploads\/2025\/06\/54573129322_6daedddcfb_c.jpg?fit=800%2C549&ssl=1","contentUrl":"https:\/\/i0.wp.com\/blogdoprosperi.com\/wp-content\/uploads\/2025\/06\/54573129322_6daedddcfb_c.jpg?fit=800%2C549&ssl=1","width":800,"height":549,"caption":"Ancelotti, 66 anos \u2013 foto: CBF oficial"},{"@type":"BreadcrumbList","@id":"https:\/\/blogdoprosperi.com\/?p=52937#breadcrumb","itemListElement":[{"@type":"ListItem","position":1,"name":"In\u00edcio","item":"https:\/\/blogdoprosperi.com\/"},{"@type":"ListItem","position":2,"name":"Carlo Ancelotti Multado em R$ 2,47 milh\u00f5es e Condenado a Um Ano de Pris\u00e3o por Fraude Fiscal na Espanha"}]},{"@type":"WebSite","@id":"https:\/\/blogdoprosperi.com\/#website","url":"https:\/\/blogdoprosperi.com\/","name":"PR\u00d3SPERI NEWS","description":"TUDO \u00c9  FUTEBOL","publisher":{"@id":"https:\/\/blogdoprosperi.com\/#\/schema\/person\/38100755ce3601861ee4fab9b5aa78e9"},"alternateName":"blogdoprosperi.com","potentialAction":[{"@type":"SearchAction","target":{"@type":"EntryPoint","urlTemplate":"https:\/\/blogdoprosperi.com\/?s={search_term_string}"},"query-input":{"@type":"PropertyValueSpecification","valueRequired":true,"valueName":"search_term_string"}}],"inLanguage":"pt-BR"},{"@type":["Person","Organization"],"@id":"https:\/\/blogdoprosperi.com\/#\/schema\/person\/38100755ce3601861ee4fab9b5aa78e9","name":"Luiz Ant\u00f4nio Pr\u00f3speri","pronouns":"ele","image":{"@type":"ImageObject","inLanguage":"pt-BR","@id":"https:\/\/i0.wp.com\/blogdoprosperi.com\/wp-content\/uploads\/2026\/05\/cropped-8059e613-6002-42fa-961e-8e275f575d71-2-5.jpg?fit=1360%2C931&ssl=1","url":"https:\/\/i0.wp.com\/blogdoprosperi.com\/wp-content\/uploads\/2026\/05\/cropped-8059e613-6002-42fa-961e-8e275f575d71-2-5.jpg?fit=1360%2C931&ssl=1","contentUrl":"https:\/\/i0.wp.com\/blogdoprosperi.com\/wp-content\/uploads\/2026\/05\/cropped-8059e613-6002-42fa-961e-8e275f575d71-2-5.jpg?fit=1360%2C931&ssl=1","width":1360,"height":931,"caption":"Luiz Ant\u00f4nio Pr\u00f3speri"},"logo":{"@id":"https:\/\/i0.wp.com\/blogdoprosperi.com\/wp-content\/uploads\/2026\/05\/cropped-8059e613-6002-42fa-961e-8e275f575d71-2-5.jpg?fit=1360%2C931&ssl=1"},"description":"Jornalista com carreira dedicada ao esporte. Cobriu 9 Copas do Mundo in loco, 1990 na It\u00e1lia, 1994 nos EUA, 1998 na Fran\u00e7a, 2002 na Coreia do Sul e Jap\u00e3o, 2006 na Alemanha, 2010 na \u00c1frica do Sul, 2014 no Brasil, 2018 na R\u00fassia e 2022 no Qatar. Eurocopas, 1992 na Su\u00e9cia e 1996 na Inglaterra. Copa das Confedera\u00e7\u00f5es de 2005 na Alemanha e 2009 na \u00c1frica do Sul. Rep\u00f3rter e Editor, trabalhou no Jornal da Tarde e Estad\u00e3o, de 1984 a fevereiro de 2016. Colunista, blogueiro. E comentarista de futebol na R\u00e1dio Estad\u00e3o, de 2013 a fevereiro de 2016. Jornalista respons\u00e1vel do \"Pr\u00f3speri News\" (blogdoprosperi.com).","sameAs":["http:\/\/blogdoprosperi.com","Luiz Pr\u00f3speri","@luiz_prosperi","https:\/\/x.com\/Luizprosperi","@prosperinacopa","luiz.prosperi@icloud.com"],"url":"https:\/\/blogdoprosperi.com\/?author=102107496"}]}},"jetpack_publicize_connections":[],"jetpack_likes_enabled":false,"jetpack_sharing_enabled":true,"jetpack_shortlink":"https:\/\/wp.me\/p7jvdk-dLP","jetpack-related-posts":[{"id":35955,"url":"https:\/\/blogdoprosperi.com\/?p=35955","url_meta":{"origin":52937,"position":0},"title":"Justi\u00e7a n\u00e3o perdoa celebridades do futebol na Espanha, no Brasil&#8230;","author":"Luiz Ant\u00f4nio Pr\u00f3speri","date":"29 de maio de 2017","format":false,"excerpt":"Sandro Rosell, ex-presidente do Barcelona e ex-diretor da Nike em neg\u00f3cios com a CBF, est\u00e1 preso em Madri desde ter\u00e7a-feira (23\/5) acusado de lavagem de dinheiro. Lionel Messi, sim, o craque dos craques do Bar\u00e7a, e seu pai foram condenados a 21 meses de pris\u00e3o por causa de tr\u00eas crimes\u2026","rel":"","context":"Em &quot;futebol&quot;","block_context":{"text":"futebol","link":"https:\/\/blogdoprosperi.com\/?cat=53870"},"img":{"alt_text":"","src":"https:\/\/i0.wp.com\/blogdoprosperi.com\/wp-content\/uploads\/2017\/05\/lionel-messi-deixa-tribunal-apos-ser-interrogado-sobre-fraude-fiscal-1464875036902_1920x1367.jpg?fit=1200%2C854&ssl=1&resize=350%2C200","width":350,"height":200,"srcset":"https:\/\/i0.wp.com\/blogdoprosperi.com\/wp-content\/uploads\/2017\/05\/lionel-messi-deixa-tribunal-apos-ser-interrogado-sobre-fraude-fiscal-1464875036902_1920x1367.jpg?fit=1200%2C854&ssl=1&resize=350%2C200 1x, https:\/\/i0.wp.com\/blogdoprosperi.com\/wp-content\/uploads\/2017\/05\/lionel-messi-deixa-tribunal-apos-ser-interrogado-sobre-fraude-fiscal-1464875036902_1920x1367.jpg?fit=1200%2C854&ssl=1&resize=525%2C300 1.5x, https:\/\/i0.wp.com\/blogdoprosperi.com\/wp-content\/uploads\/2017\/05\/lionel-messi-deixa-tribunal-apos-ser-interrogado-sobre-fraude-fiscal-1464875036902_1920x1367.jpg?fit=1200%2C854&ssl=1&resize=700%2C400 2x, https:\/\/i0.wp.com\/blogdoprosperi.com\/wp-content\/uploads\/2017\/05\/lionel-messi-deixa-tribunal-apos-ser-interrogado-sobre-fraude-fiscal-1464875036902_1920x1367.jpg?fit=1200%2C854&ssl=1&resize=1050%2C600 3x"},"classes":[]},{"id":32857,"url":"https:\/\/blogdoprosperi.com\/?p=32857","url_meta":{"origin":52937,"position":1},"title":"Neymar pode ser preso na Espanha","author":"Luiz Ant\u00f4nio Pr\u00f3speri","date":"23 de novembro de 2016","format":false,"excerpt":"Neymar tem uma sa\u00edda na encrenca que se meteu ao trocar o Santos pelo Barcelona, em 2013, e deixar a empresa DIS fora da transa\u00e7\u00e3o. Se procurar a DIS e propor um acordo, o craque pode se livrar do pedido de cinco anos de pris\u00e3o na acusa\u00e7\u00e3o formal feita pelo\u2026","rel":"","context":"Em &quot;futebol&quot;","block_context":{"text":"futebol","link":"https:\/\/blogdoprosperi.com\/?cat=53870"},"img":{"alt_text":"neymar-barcelona","src":"https:\/\/i0.wp.com\/blogdoprosperi.com\/wp-content\/uploads\/2016\/06\/neymar-barcelona.png?resize=350%2C200&ssl=1","width":350,"height":200,"srcset":"https:\/\/i0.wp.com\/blogdoprosperi.com\/wp-content\/uploads\/2016\/06\/neymar-barcelona.png?resize=350%2C200&ssl=1 1x, https:\/\/i0.wp.com\/blogdoprosperi.com\/wp-content\/uploads\/2016\/06\/neymar-barcelona.png?resize=525%2C300&ssl=1 1.5x, https:\/\/i0.wp.com\/blogdoprosperi.com\/wp-content\/uploads\/2016\/06\/neymar-barcelona.png?resize=700%2C400&ssl=1 2x"},"classes":[]},{"id":49864,"url":"https:\/\/blogdoprosperi.com\/?p=49864","url_meta":{"origin":52937,"position":2},"title":"CBF Desiste de Ancelotti | Sele\u00e7\u00e3o Brasileira Deveria  Pensar na Copa do Mundo de 2030","author":"Luiz Ant\u00f4nio Pr\u00f3speri","date":"29 de abril de 2025","format":false,"excerpt":"\u2666 CBF se exp\u00f5e ao rid\u00edculo de n\u00e3o conduzir uma negocia\u00e7\u00e3o com Ancelotti t\u00e3o comum no futebol internacional \u2666 Jorge Jesus tem lobby forte na CBF. E caminha para outro furo n'\u00e1gua na Sele\u00e7\u00e3o Luiz Ant\u00f4nio Pr\u00f3speri \u2013 29 abril (22h25) \u2013 CBF desiste de Carlo Ancelotti. T\u00e9cnico italiano tem\u2026","rel":"","context":"Em &quot;futebol&quot;","block_context":{"text":"futebol","link":"https:\/\/blogdoprosperi.com\/?cat=53870"},"img":{"alt_text":"Jesus e Filipe, juntos na Sele\u00e7\u00e3o ?","src":"https:\/\/i0.wp.com\/blogdoprosperi.com\/wp-content\/uploads\/2025\/03\/captura-de-tela-2025-03-28-as-18.57.54.png?fit=1200%2C642&ssl=1&resize=350%2C200","width":350,"height":200,"srcset":"https:\/\/i0.wp.com\/blogdoprosperi.com\/wp-content\/uploads\/2025\/03\/captura-de-tela-2025-03-28-as-18.57.54.png?fit=1200%2C642&ssl=1&resize=350%2C200 1x, https:\/\/i0.wp.com\/blogdoprosperi.com\/wp-content\/uploads\/2025\/03\/captura-de-tela-2025-03-28-as-18.57.54.png?fit=1200%2C642&ssl=1&resize=525%2C300 1.5x, https:\/\/i0.wp.com\/blogdoprosperi.com\/wp-content\/uploads\/2025\/03\/captura-de-tela-2025-03-28-as-18.57.54.png?fit=1200%2C642&ssl=1&resize=700%2C400 2x, https:\/\/i0.wp.com\/blogdoprosperi.com\/wp-content\/uploads\/2025\/03\/captura-de-tela-2025-03-28-as-18.57.54.png?fit=1200%2C642&ssl=1&resize=1050%2C600 3x"},"classes":[]},{"id":50059,"url":"https:\/\/blogdoprosperi.com\/?p=50059","url_meta":{"origin":52937,"position":3},"title":"Ancelotti Assume Sele\u00e7\u00e3o Brasileira | Agora Somos Europeus da Cabe\u00e7a aos P\u00e9s","author":"Luiz Ant\u00f4nio Pr\u00f3speri","date":"12 de maio de 2025","format":false,"excerpt":"\u2666 Quest\u00e3o agora \u00e9 entender como vai se comportar Ancelotti nesse cen\u00e1rio de incertezas da CBF, todo o caldo das imperfei\u00e7\u00f5es do nosso futebol \u2666 Nossa ess\u00eancia no mundo da bola acaba de ser chutada para o outro lado do Atl\u00e2ntico Luiz Ant\u00f4nio Pr\u00f3speri \u2013 12 maio (11h52) Carlo Ancelotti\u2026","rel":"","context":"Em &quot;futebol&quot;","block_context":{"text":"futebol","link":"https:\/\/blogdoprosperi.com\/?cat=53870"},"img":{"alt_text":"","src":"https:\/\/i0.wp.com\/blogdoprosperi.com\/wp-content\/uploads\/2025\/05\/captura-de-tela-2025-05-12-as-12.15.15.png?fit=790%2C682&ssl=1&resize=350%2C200","width":350,"height":200,"srcset":"https:\/\/i0.wp.com\/blogdoprosperi.com\/wp-content\/uploads\/2025\/05\/captura-de-tela-2025-05-12-as-12.15.15.png?fit=790%2C682&ssl=1&resize=350%2C200 1x, https:\/\/i0.wp.com\/blogdoprosperi.com\/wp-content\/uploads\/2025\/05\/captura-de-tela-2025-05-12-as-12.15.15.png?fit=790%2C682&ssl=1&resize=525%2C300 1.5x, https:\/\/i0.wp.com\/blogdoprosperi.com\/wp-content\/uploads\/2025\/05\/captura-de-tela-2025-05-12-as-12.15.15.png?fit=790%2C682&ssl=1&resize=700%2C400 2x"},"classes":[]},{"id":42256,"url":"https:\/\/blogdoprosperi.com\/?p=42256","url_meta":{"origin":52937,"position":4},"title":"Daniel Alves livre, Vinicius Jr preso","author":"Luiz Ant\u00f4nio Pr\u00f3speri","date":"25 de mar\u00e7o de 2024","format":false,"excerpt":"Daniel Alves saiu da pris\u00e3o no Centro Penitenci\u00e1rio Brians 2, Barcelona, na manh\u00e3 dessa segunda-feira (25\/3). Liberdade provis\u00f3ria ao custo de 1 milh\u00e3o de euros (R$ 5,4 milh\u00f5es), ap\u00f3s condena\u00e7\u00e3o por estupro. Quase no mesmo hor\u00e1rio da soltura de Dani, Vini Jr chorava em Madri durante entrevista coletiva da Sele\u00e7\u00e3o\u2026","rel":"","context":"Em &quot;CBF&quot;","block_context":{"text":"CBF","link":"https:\/\/blogdoprosperi.com\/?cat=570700"},"img":{"alt_text":"","src":"https:\/\/i0.wp.com\/blogdoprosperi.com\/wp-content\/uploads\/2024\/03\/53609537277_2a12e3cc4a_c.jpg?fit=799%2C533&ssl=1&resize=350%2C200","width":350,"height":200,"srcset":"https:\/\/i0.wp.com\/blogdoprosperi.com\/wp-content\/uploads\/2024\/03\/53609537277_2a12e3cc4a_c.jpg?fit=799%2C533&ssl=1&resize=350%2C200 1x, https:\/\/i0.wp.com\/blogdoprosperi.com\/wp-content\/uploads\/2024\/03\/53609537277_2a12e3cc4a_c.jpg?fit=799%2C533&ssl=1&resize=525%2C300 1.5x, https:\/\/i0.wp.com\/blogdoprosperi.com\/wp-content\/uploads\/2024\/03\/53609537277_2a12e3cc4a_c.jpg?fit=799%2C533&ssl=1&resize=700%2C400 2x"},"classes":[]},{"id":41732,"url":"https:\/\/blogdoprosperi.com\/?p=41732","url_meta":{"origin":52937,"position":5},"title":"Abel Ferreira, do Palmeiras, a caminho da Sele\u00e7\u00e3o Brasileira","author":"Luiz Ant\u00f4nio Pr\u00f3speri","date":"9 de junho de 2023","format":false,"excerpt":"Se Ancelotti der um \"N\u00e3o\" definitivo ao presidente da CBF, na semana de 17 de junho no amistoso do Brasil contra Guin\u00e9 na Espanha, Abel Ferreira ser\u00e1 procurado pela CBF. E a\u00ed vai depender apenas de um \"Sim\" do portugu\u00eas para ser o novo t\u00e9cnico da Sele\u00e7\u00e3o Brasileira","rel":"","context":"Em &quot;CBF&quot;","block_context":{"text":"CBF","link":"https:\/\/blogdoprosperi.com\/?cat=570700"},"img":{"alt_text":"","src":"https:\/\/i0.wp.com\/blogdoprosperi.com\/wp-content\/uploads\/2023\/01\/52654938326_bd288e38ed_c.jpg?fit=800%2C450&ssl=1&resize=350%2C200","width":350,"height":200,"srcset":"https:\/\/i0.wp.com\/blogdoprosperi.com\/wp-content\/uploads\/2023\/01\/52654938326_bd288e38ed_c.jpg?fit=800%2C450&ssl=1&resize=350%2C200 1x, https:\/\/i0.wp.com\/blogdoprosperi.com\/wp-content\/uploads\/2023\/01\/52654938326_bd288e38ed_c.jpg?fit=800%2C450&ssl=1&resize=525%2C300 1.5x, https:\/\/i0.wp.com\/blogdoprosperi.com\/wp-content\/uploads\/2023\/01\/52654938326_bd288e38ed_c.jpg?fit=800%2C450&ssl=1&resize=700%2C400 2x"},"classes":[]}],"jetpack_featured_media_url":"https:\/\/i0.wp.com\/blogdoprosperi.com\/wp-content\/uploads\/2025\/06\/54573129322_6daedddcfb_c.jpg?fit=800%2C549&ssl=1","_links":{"self":[{"href":"https:\/\/blogdoprosperi.com\/index.php?rest_route=\/wp\/v2\/posts\/52937","targetHints":{"allow":["GET"]}}],"collection":[{"href":"https:\/\/blogdoprosperi.com\/index.php?rest_route=\/wp\/v2\/posts"}],"about":[{"href":"https:\/\/blogdoprosperi.com\/index.php?rest_route=\/wp\/v2\/types\/post"}],"author":[{"embeddable":true,"href":"https:\/\/blogdoprosperi.com\/index.php?rest_route=\/wp\/v2\/users\/102107496"}],"replies":[{"embeddable":true,"href":"https:\/\/blogdoprosperi.com\/index.php?rest_route=%2Fwp%2Fv2%2Fcomments&post=52937"}],"version-history":[{"count":10,"href":"https:\/\/blogdoprosperi.com\/index.php?rest_route=\/wp\/v2\/posts\/52937\/revisions"}],"predecessor-version":[{"id":52947,"href":"https:\/\/blogdoprosperi.com\/index.php?rest_route=\/wp\/v2\/posts\/52937\/revisions\/52947"}],"wp:featuredmedia":[{"embeddable":true,"href":"https:\/\/blogdoprosperi.com\/index.php?rest_route=\/wp\/v2\/media\/50860"}],"wp:attachment":[{"href":"https:\/\/blogdoprosperi.com\/index.php?rest_route=%2Fwp%2Fv2%2Fmedia&parent=52937"}],"wp:term":[{"taxonomy":"category","embeddable":true,"href":"https:\/\/blogdoprosperi.com\/index.php?rest_route=%2Fwp%2Fv2%2Fcategories&post=52937"},{"taxonomy":"post_tag","embeddable":true,"href":"https:\/\/blogdoprosperi.com\/index.php?rest_route=%2Fwp%2Fv2%2Ftags&post=52937"}],"curies":[{"name":"wp","href":"https:\/\/api.w.org\/{rel}","templated":true}]}}