{"id":53187,"date":"2025-07-12T22:15:31","date_gmt":"2025-07-13T01:15:31","guid":{"rendered":"https:\/\/blogdoprosperi.com\/?p=53187"},"modified":"2025-07-12T22:15:31","modified_gmt":"2025-07-13T01:15:31","slug":"video-vasco-0-a-2-botafogo-coletiva-de-fernando-diniz-tecnico-do-vasco","status":"publish","type":"post","link":"https:\/\/blogdoprosperi.com\/?p=53187","title":{"rendered":"V\u00eddeo | Vasco 0 a 2 Botafogo: Coletiva de Fernando Diniz \u2013 T\u00e9cnico do Vasco"},"content":{"rendered":"<p><em>Acompanhe entrevista coletiva de Fernando Diniz p\u00f3s-jogo Vasco 0 a 2 Botafogo. V\u00eddeo oficial Vasco TV:<\/em><\/p>\n<div class=\"jetpack-video-wrapper\"><span class=\"embed-youtube\" style=\"text-align:center; display: block;\"><iframe loading=\"lazy\" class=\"youtube-player\" width=\"560\" height=\"315\" src=\"https:\/\/www.youtube.com\/embed\/Ugmuh_Fj2AM?version=3&#038;rel=1&#038;showsearch=0&#038;showinfo=1&#038;iv_load_policy=1&#038;fs=1&#038;hl=pt-BR&#038;autohide=2&#038;wmode=transparent\" allowfullscreen=\"true\" style=\"border:0;\" sandbox=\"allow-scripts allow-same-origin allow-popups allow-presentation allow-popups-to-escape-sandbox\"><\/iframe><\/span><\/div>\n","protected":false},"excerpt":{"rendered":"<p>Acompanhe entrevista coletiva de Fernando Diniz p\u00f3s-jogo Vasco 0 a 2 Botafogo. V\u00eddeo oficial Vasco TV:<\/p>\n","protected":false},"author":102107496,"featured_media":53190,"comment_status":"open","ping_status":"open","sticky":false,"template":"","format":"standard","meta":{"_coblocks_attr":"","_coblocks_dimensions":"","_coblocks_responsive_height":"","_coblocks_accordion_ie_support":"","_jetpack_newsletter_access":"","_jetpack_dont_email_post_to_subs":false,"_jetpack_newsletter_tier_id":0,"_jetpack_memberships_contains_paywalled_content":false,"_wpcom_ai_launchpad_first_post":false,"_jetpack_feature_clip_id":0,"_jetpack_memberships_contains_paid_content":false,"footnotes":"","jetpack_publicize_message":"","jetpack_publicize_feature_enabled":true,"jetpack_social_post_already_shared":false,"jetpack_social_options":{"image_generator_settings":{"template":"highway","default_image_id":0,"font":"","enabled":false},"version":2},"jetpack_post_was_ever_published":false},"categories":[775970846,53870,1149],"tags":[789560584,780173253,483853305,789560560,782570674],"class_list":["post-53187","post","type-post","status-publish","format-standard","has-post-thumbnail","hentry","category-brasileirao-2025","category-futebol","category-videos","tag-brasileirao-2025","tag-brasileirao2025","tag-fernandodiniz","tag-futebol","tag-vasco0x2botafogo"],"yoast_head":"<!-- This site is optimized with the Yoast SEO plugin v28.3 - https:\/\/yoast.com\/product\/yoast-seo-wordpress\/ -->\n<title>V\u00eddeo | Vasco 0 a 2 Botafogo: Coletiva de Fernando Diniz \u2013 T\u00e9cnico do Vasco - PR\u00d3SPERI NEWS<\/title>\n<meta name=\"robots\" content=\"index, follow, max-snippet:-1, max-image-preview:large, max-video-preview:-1\" \/>\n<link rel=\"canonical\" href=\"https:\/\/blogdoprosperi.com\/?p=53187\" \/>\n<meta property=\"og:locale\" content=\"pt_BR\" \/>\n<meta property=\"og:type\" content=\"article\" \/>\n<meta property=\"og:title\" content=\"V\u00eddeo | Vasco 0 a 2 Botafogo: Coletiva de Fernando Diniz \u2013 T\u00e9cnico do Vasco - PR\u00d3SPERI NEWS\" \/>\n<meta property=\"og:description\" content=\"Acompanhe entrevista coletiva de Fernando Diniz p\u00f3s-jogo Vasco 0 a 2 Botafogo. V\u00eddeo oficial Vasco TV:\" \/>\n<meta property=\"og:url\" content=\"https:\/\/blogdoprosperi.com\/?p=53187\" \/>\n<meta property=\"og:site_name\" content=\"PR\u00d3SPERI NEWS\" \/>\n<meta property=\"article:publisher\" content=\"Luiz Pr\u00f3speri\" \/>\n<meta property=\"article:author\" content=\"Luiz Pr\u00f3speri\" \/>\n<meta property=\"article:published_time\" content=\"2025-07-13T01:15:31+00:00\" \/>\n<meta property=\"og:image\" content=\"https:\/\/i0.wp.com\/blogdoprosperi.com\/wp-content\/uploads\/2025\/07\/54649862717_6c7e5514cd_c.jpg?fit=799%2C533&ssl=1\" \/>\n\t<meta property=\"og:image:width\" content=\"799\" \/>\n\t<meta property=\"og:image:height\" content=\"533\" \/>\n\t<meta property=\"og:image:type\" content=\"image\/jpeg\" \/>\n<meta name=\"author\" content=\"Luiz Ant\u00f4nio Pr\u00f3speri\" \/>\n<meta name=\"twitter:card\" content=\"summary_large_image\" \/>\n<meta name=\"twitter:creator\" content=\"@Luizprosperi\" \/>\n<meta name=\"twitter:site\" content=\"@Luizprosperi\" \/>\n<meta name=\"twitter:label1\" content=\"Escrito por\" \/>\n\t<meta name=\"twitter:data1\" content=\"Luiz Ant\u00f4nio Pr\u00f3speri\" \/>\n<script type=\"application\/ld+json\" class=\"yoast-schema-graph\">{\"@context\":\"https:\\\/\\\/schema.org\",\"@graph\":[{\"@type\":\"Article\",\"@id\":\"https:\\\/\\\/blogdoprosperi.com\\\/?p=53187#article\",\"isPartOf\":{\"@id\":\"https:\\\/\\\/blogdoprosperi.com\\\/?p=53187\"},\"author\":{\"name\":\"Luiz Ant\u00f4nio Pr\u00f3speri\",\"@id\":\"https:\\\/\\\/blogdoprosperi.com\\\/#\\\/schema\\\/person\\\/38100755ce3601861ee4fab9b5aa78e9\"},\"headline\":\"V\u00eddeo | Vasco 0 a 2 Botafogo: Coletiva de Fernando Diniz \u2013 T\u00e9cnico do Vasco\",\"datePublished\":\"2025-07-13T01:15:31+00:00\",\"mainEntityOfPage\":{\"@id\":\"https:\\\/\\\/blogdoprosperi.com\\\/?p=53187\"},\"wordCount\":48,\"commentCount\":0,\"publisher\":{\"@id\":\"https:\\\/\\\/blogdoprosperi.com\\\/#\\\/schema\\\/person\\\/38100755ce3601861ee4fab9b5aa78e9\"},\"image\":{\"@id\":\"https:\\\/\\\/blogdoprosperi.com\\\/?p=53187#primaryimage\"},\"thumbnailUrl\":\"https:\\\/\\\/i0.wp.com\\\/blogdoprosperi.com\\\/wp-content\\\/uploads\\\/2025\\\/07\\\/54649862717_6c7e5514cd_c.jpg?fit=799%2C533&ssl=1\",\"keywords\":[\"brasileir\u00e3o 2025\",\"brasileir\u00e3o2025\",\"fernandodiniz\",\"futebol\",\"vasco0x2botafogo\"],\"articleSection\":[\"brasileir\u00e3o 2025\",\"futebol\",\"v\u00eddeos\"],\"inLanguage\":\"pt-BR\",\"potentialAction\":[{\"@type\":\"CommentAction\",\"name\":\"Comment\",\"target\":[\"https:\\\/\\\/blogdoprosperi.com\\\/?p=53187#respond\"]}]},{\"@type\":\"WebPage\",\"@id\":\"https:\\\/\\\/blogdoprosperi.com\\\/?p=53187\",\"url\":\"https:\\\/\\\/blogdoprosperi.com\\\/?p=53187\",\"name\":\"V\u00eddeo | Vasco 0 a 2 Botafogo: Coletiva de Fernando Diniz \u2013 T\u00e9cnico do Vasco - PR\u00d3SPERI NEWS\",\"isPartOf\":{\"@id\":\"https:\\\/\\\/blogdoprosperi.com\\\/#website\"},\"primaryImageOfPage\":{\"@id\":\"https:\\\/\\\/blogdoprosperi.com\\\/?p=53187#primaryimage\"},\"image\":{\"@id\":\"https:\\\/\\\/blogdoprosperi.com\\\/?p=53187#primaryimage\"},\"thumbnailUrl\":\"https:\\\/\\\/i0.wp.com\\\/blogdoprosperi.com\\\/wp-content\\\/uploads\\\/2025\\\/07\\\/54649862717_6c7e5514cd_c.jpg?fit=799%2C533&ssl=1\",\"datePublished\":\"2025-07-13T01:15:31+00:00\",\"breadcrumb\":{\"@id\":\"https:\\\/\\\/blogdoprosperi.com\\\/?p=53187#breadcrumb\"},\"inLanguage\":\"pt-BR\",\"potentialAction\":[{\"@type\":\"ReadAction\",\"target\":[\"https:\\\/\\\/blogdoprosperi.com\\\/?p=53187\"]}]},{\"@type\":\"ImageObject\",\"inLanguage\":\"pt-BR\",\"@id\":\"https:\\\/\\\/blogdoprosperi.com\\\/?p=53187#primaryimage\",\"url\":\"https:\\\/\\\/i0.wp.com\\\/blogdoprosperi.com\\\/wp-content\\\/uploads\\\/2025\\\/07\\\/54649862717_6c7e5514cd_c.jpg?fit=799%2C533&ssl=1\",\"contentUrl\":\"https:\\\/\\\/i0.wp.com\\\/blogdoprosperi.com\\\/wp-content\\\/uploads\\\/2025\\\/07\\\/54649862717_6c7e5514cd_c.jpg?fit=799%2C533&ssl=1\",\"width\":799,\"height\":533,\"caption\":\"Lance de Vasco x Botafogo \u2013 foto: Botafogo oficial\"},{\"@type\":\"BreadcrumbList\",\"@id\":\"https:\\\/\\\/blogdoprosperi.com\\\/?p=53187#breadcrumb\",\"itemListElement\":[{\"@type\":\"ListItem\",\"position\":1,\"name\":\"In\u00edcio\",\"item\":\"https:\\\/\\\/blogdoprosperi.com\\\/\"},{\"@type\":\"ListItem\",\"position\":2,\"name\":\"V\u00eddeo | Vasco 0 a 2 Botafogo: Coletiva de Fernando Diniz \u2013 T\u00e9cnico do Vasco\"}]},{\"@type\":\"WebSite\",\"@id\":\"https:\\\/\\\/blogdoprosperi.com\\\/#website\",\"url\":\"https:\\\/\\\/blogdoprosperi.com\\\/\",\"name\":\"PR\u00d3SPERI NEWS\",\"description\":\"TUDO \u00c9  FUTEBOL\",\"publisher\":{\"@id\":\"https:\\\/\\\/blogdoprosperi.com\\\/#\\\/schema\\\/person\\\/38100755ce3601861ee4fab9b5aa78e9\"},\"alternateName\":\"blogdoprosperi.com\",\"potentialAction\":[{\"@type\":\"SearchAction\",\"target\":{\"@type\":\"EntryPoint\",\"urlTemplate\":\"https:\\\/\\\/blogdoprosperi.com\\\/?s={search_term_string}\"},\"query-input\":{\"@type\":\"PropertyValueSpecification\",\"valueRequired\":true,\"valueName\":\"search_term_string\"}}],\"inLanguage\":\"pt-BR\"},{\"@type\":[\"Person\",\"Organization\"],\"@id\":\"https:\\\/\\\/blogdoprosperi.com\\\/#\\\/schema\\\/person\\\/38100755ce3601861ee4fab9b5aa78e9\",\"name\":\"Luiz Ant\u00f4nio Pr\u00f3speri\",\"pronouns\":\"ele\",\"image\":{\"@type\":\"ImageObject\",\"inLanguage\":\"pt-BR\",\"@id\":\"https:\\\/\\\/i0.wp.com\\\/blogdoprosperi.com\\\/wp-content\\\/uploads\\\/2026\\\/05\\\/cropped-8059e613-6002-42fa-961e-8e275f575d71-2-5.jpg?fit=1360%2C931&ssl=1\",\"url\":\"https:\\\/\\\/i0.wp.com\\\/blogdoprosperi.com\\\/wp-content\\\/uploads\\\/2026\\\/05\\\/cropped-8059e613-6002-42fa-961e-8e275f575d71-2-5.jpg?fit=1360%2C931&ssl=1\",\"contentUrl\":\"https:\\\/\\\/i0.wp.com\\\/blogdoprosperi.com\\\/wp-content\\\/uploads\\\/2026\\\/05\\\/cropped-8059e613-6002-42fa-961e-8e275f575d71-2-5.jpg?fit=1360%2C931&ssl=1\",\"width\":1360,\"height\":931,\"caption\":\"Luiz Ant\u00f4nio Pr\u00f3speri\"},\"logo\":{\"@id\":\"https:\\\/\\\/i0.wp.com\\\/blogdoprosperi.com\\\/wp-content\\\/uploads\\\/2026\\\/05\\\/cropped-8059e613-6002-42fa-961e-8e275f575d71-2-5.jpg?fit=1360%2C931&ssl=1\"},\"description\":\"Jornalista com carreira dedicada ao esporte. Cobriu 9 Copas do Mundo in loco, 1990 na It\u00e1lia, 1994 nos EUA, 1998 na Fran\u00e7a, 2002 na Coreia do Sul e Jap\u00e3o, 2006 na Alemanha, 2010 na \u00c1frica do Sul, 2014 no Brasil, 2018 na R\u00fassia e 2022 no Qatar. Eurocopas, 1992 na Su\u00e9cia e 1996 na Inglaterra. Copa das Confedera\u00e7\u00f5es de 2005 na Alemanha e 2009 na \u00c1frica do Sul. Rep\u00f3rter e Editor, trabalhou no Jornal da Tarde e Estad\u00e3o, de 1984 a fevereiro de 2016. Colunista, blogueiro. E comentarista de futebol na R\u00e1dio Estad\u00e3o, de 2013 a fevereiro de 2016. Jornalista respons\u00e1vel do \\\"Pr\u00f3speri News\\\" (blogdoprosperi.com).\",\"sameAs\":[\"http:\\\/\\\/blogdoprosperi.com\",\"Luiz Pr\u00f3speri\",\"@luiz_prosperi\",\"https:\\\/\\\/x.com\\\/Luizprosperi\",\"@prosperinacopa\",\"luiz.prosperi@icloud.com\"],\"url\":\"https:\\\/\\\/blogdoprosperi.com\\\/?author=102107496\"}]}<\/script>\n<!-- \/ Yoast SEO plugin. -->","yoast_head_json":{"title":"V\u00eddeo | Vasco 0 a 2 Botafogo: Coletiva de Fernando Diniz \u2013 T\u00e9cnico do Vasco - PR\u00d3SPERI NEWS","robots":{"index":"index","follow":"follow","max-snippet":"max-snippet:-1","max-image-preview":"max-image-preview:large","max-video-preview":"max-video-preview:-1"},"canonical":"https:\/\/blogdoprosperi.com\/?p=53187","og_locale":"pt_BR","og_type":"article","og_title":"V\u00eddeo | Vasco 0 a 2 Botafogo: Coletiva de Fernando Diniz \u2013 T\u00e9cnico do Vasco - PR\u00d3SPERI NEWS","og_description":"Acompanhe entrevista coletiva de Fernando Diniz p\u00f3s-jogo Vasco 0 a 2 Botafogo. V\u00eddeo oficial Vasco TV:","og_url":"https:\/\/blogdoprosperi.com\/?p=53187","og_site_name":"PR\u00d3SPERI NEWS","article_publisher":"Luiz Pr\u00f3speri","article_author":"Luiz Pr\u00f3speri","article_published_time":"2025-07-13T01:15:31+00:00","og_image":[{"width":799,"height":533,"url":"https:\/\/i0.wp.com\/blogdoprosperi.com\/wp-content\/uploads\/2025\/07\/54649862717_6c7e5514cd_c.jpg?fit=799%2C533&ssl=1","type":"image\/jpeg"}],"author":"Luiz Ant\u00f4nio Pr\u00f3speri","twitter_card":"summary_large_image","twitter_creator":"@Luizprosperi","twitter_site":"@Luizprosperi","twitter_misc":{"Escrito por":"Luiz Ant\u00f4nio Pr\u00f3speri"},"schema":{"@context":"https:\/\/schema.org","@graph":[{"@type":"Article","@id":"https:\/\/blogdoprosperi.com\/?p=53187#article","isPartOf":{"@id":"https:\/\/blogdoprosperi.com\/?p=53187"},"author":{"name":"Luiz Ant\u00f4nio Pr\u00f3speri","@id":"https:\/\/blogdoprosperi.com\/#\/schema\/person\/38100755ce3601861ee4fab9b5aa78e9"},"headline":"V\u00eddeo | Vasco 0 a 2 Botafogo: Coletiva de Fernando Diniz \u2013 T\u00e9cnico do Vasco","datePublished":"2025-07-13T01:15:31+00:00","mainEntityOfPage":{"@id":"https:\/\/blogdoprosperi.com\/?p=53187"},"wordCount":48,"commentCount":0,"publisher":{"@id":"https:\/\/blogdoprosperi.com\/#\/schema\/person\/38100755ce3601861ee4fab9b5aa78e9"},"image":{"@id":"https:\/\/blogdoprosperi.com\/?p=53187#primaryimage"},"thumbnailUrl":"https:\/\/i0.wp.com\/blogdoprosperi.com\/wp-content\/uploads\/2025\/07\/54649862717_6c7e5514cd_c.jpg?fit=799%2C533&ssl=1","keywords":["brasileir\u00e3o 2025","brasileir\u00e3o2025","fernandodiniz","futebol","vasco0x2botafogo"],"articleSection":["brasileir\u00e3o 2025","futebol","v\u00eddeos"],"inLanguage":"pt-BR","potentialAction":[{"@type":"CommentAction","name":"Comment","target":["https:\/\/blogdoprosperi.com\/?p=53187#respond"]}]},{"@type":"WebPage","@id":"https:\/\/blogdoprosperi.com\/?p=53187","url":"https:\/\/blogdoprosperi.com\/?p=53187","name":"V\u00eddeo | Vasco 0 a 2 Botafogo: Coletiva de Fernando Diniz \u2013 T\u00e9cnico do Vasco - PR\u00d3SPERI NEWS","isPartOf":{"@id":"https:\/\/blogdoprosperi.com\/#website"},"primaryImageOfPage":{"@id":"https:\/\/blogdoprosperi.com\/?p=53187#primaryimage"},"image":{"@id":"https:\/\/blogdoprosperi.com\/?p=53187#primaryimage"},"thumbnailUrl":"https:\/\/i0.wp.com\/blogdoprosperi.com\/wp-content\/uploads\/2025\/07\/54649862717_6c7e5514cd_c.jpg?fit=799%2C533&ssl=1","datePublished":"2025-07-13T01:15:31+00:00","breadcrumb":{"@id":"https:\/\/blogdoprosperi.com\/?p=53187#breadcrumb"},"inLanguage":"pt-BR","potentialAction":[{"@type":"ReadAction","target":["https:\/\/blogdoprosperi.com\/?p=53187"]}]},{"@type":"ImageObject","inLanguage":"pt-BR","@id":"https:\/\/blogdoprosperi.com\/?p=53187#primaryimage","url":"https:\/\/i0.wp.com\/blogdoprosperi.com\/wp-content\/uploads\/2025\/07\/54649862717_6c7e5514cd_c.jpg?fit=799%2C533&ssl=1","contentUrl":"https:\/\/i0.wp.com\/blogdoprosperi.com\/wp-content\/uploads\/2025\/07\/54649862717_6c7e5514cd_c.jpg?fit=799%2C533&ssl=1","width":799,"height":533,"caption":"Lance de Vasco x Botafogo \u2013 foto: Botafogo oficial"},{"@type":"BreadcrumbList","@id":"https:\/\/blogdoprosperi.com\/?p=53187#breadcrumb","itemListElement":[{"@type":"ListItem","position":1,"name":"In\u00edcio","item":"https:\/\/blogdoprosperi.com\/"},{"@type":"ListItem","position":2,"name":"V\u00eddeo | Vasco 0 a 2 Botafogo: Coletiva de Fernando Diniz \u2013 T\u00e9cnico do Vasco"}]},{"@type":"WebSite","@id":"https:\/\/blogdoprosperi.com\/#website","url":"https:\/\/blogdoprosperi.com\/","name":"PR\u00d3SPERI NEWS","description":"TUDO \u00c9  FUTEBOL","publisher":{"@id":"https:\/\/blogdoprosperi.com\/#\/schema\/person\/38100755ce3601861ee4fab9b5aa78e9"},"alternateName":"blogdoprosperi.com","potentialAction":[{"@type":"SearchAction","target":{"@type":"EntryPoint","urlTemplate":"https:\/\/blogdoprosperi.com\/?s={search_term_string}"},"query-input":{"@type":"PropertyValueSpecification","valueRequired":true,"valueName":"search_term_string"}}],"inLanguage":"pt-BR"},{"@type":["Person","Organization"],"@id":"https:\/\/blogdoprosperi.com\/#\/schema\/person\/38100755ce3601861ee4fab9b5aa78e9","name":"Luiz Ant\u00f4nio Pr\u00f3speri","pronouns":"ele","image":{"@type":"ImageObject","inLanguage":"pt-BR","@id":"https:\/\/i0.wp.com\/blogdoprosperi.com\/wp-content\/uploads\/2026\/05\/cropped-8059e613-6002-42fa-961e-8e275f575d71-2-5.jpg?fit=1360%2C931&ssl=1","url":"https:\/\/i0.wp.com\/blogdoprosperi.com\/wp-content\/uploads\/2026\/05\/cropped-8059e613-6002-42fa-961e-8e275f575d71-2-5.jpg?fit=1360%2C931&ssl=1","contentUrl":"https:\/\/i0.wp.com\/blogdoprosperi.com\/wp-content\/uploads\/2026\/05\/cropped-8059e613-6002-42fa-961e-8e275f575d71-2-5.jpg?fit=1360%2C931&ssl=1","width":1360,"height":931,"caption":"Luiz Ant\u00f4nio Pr\u00f3speri"},"logo":{"@id":"https:\/\/i0.wp.com\/blogdoprosperi.com\/wp-content\/uploads\/2026\/05\/cropped-8059e613-6002-42fa-961e-8e275f575d71-2-5.jpg?fit=1360%2C931&ssl=1"},"description":"Jornalista com carreira dedicada ao esporte. Cobriu 9 Copas do Mundo in loco, 1990 na It\u00e1lia, 1994 nos EUA, 1998 na Fran\u00e7a, 2002 na Coreia do Sul e Jap\u00e3o, 2006 na Alemanha, 2010 na \u00c1frica do Sul, 2014 no Brasil, 2018 na R\u00fassia e 2022 no Qatar. Eurocopas, 1992 na Su\u00e9cia e 1996 na Inglaterra. Copa das Confedera\u00e7\u00f5es de 2005 na Alemanha e 2009 na \u00c1frica do Sul. Rep\u00f3rter e Editor, trabalhou no Jornal da Tarde e Estad\u00e3o, de 1984 a fevereiro de 2016. Colunista, blogueiro. E comentarista de futebol na R\u00e1dio Estad\u00e3o, de 2013 a fevereiro de 2016. Jornalista respons\u00e1vel do \"Pr\u00f3speri News\" (blogdoprosperi.com).","sameAs":["http:\/\/blogdoprosperi.com","Luiz Pr\u00f3speri","@luiz_prosperi","https:\/\/x.com\/Luizprosperi","@prosperinacopa","luiz.prosperi@icloud.com"],"url":"https:\/\/blogdoprosperi.com\/?author=102107496"}]}},"jetpack_publicize_connections":[],"jetpack_likes_enabled":false,"jetpack_sharing_enabled":true,"jetpack_shortlink":"https:\/\/wp.me\/p7jvdk-dPR","jetpack-related-posts":[{"id":54089,"url":"https:\/\/blogdoprosperi.com\/?p=54089","url_meta":{"origin":53187,"position":0},"title":"Coletiva Fernando Diniz | V\u00eddeo P\u00f3s-Jogo Internacional 1 x 1 Vasco","author":"Luiz Ant\u00f4nio Pr\u00f3speri","date":"27 de julho de 2025","format":false,"excerpt":"Acompanhe entrevista coletiva do t\u00e9cnico Fernando Diniz p\u00f3s-jogo Internacional 1 x 1 Vasco, 17\u00aa rodada do Brasileir\u00e3o 2025. Diniz cobra crit\u00e9rio da arbitragem no caso da explos\u00e3o do goleiro Leo Jardim. V\u00eddeo oficial TV Vasco:","rel":"","context":"Em &quot;brasileir\u00e3o 2025&quot;","block_context":{"text":"brasileir\u00e3o 2025","link":"https:\/\/blogdoprosperi.com\/?cat=775970846"},"img":{"alt_text":"Leo Jardim expulso Inter 1 x 1 Vasco","src":"https:\/\/i0.wp.com\/blogdoprosperi.com\/wp-content\/uploads\/2025\/07\/13792733_640x360.jpg?fit=640%2C360&ssl=1&resize=350%2C200","width":350,"height":200,"srcset":"https:\/\/i0.wp.com\/blogdoprosperi.com\/wp-content\/uploads\/2025\/07\/13792733_640x360.jpg?fit=640%2C360&ssl=1&resize=350%2C200 1x, https:\/\/i0.wp.com\/blogdoprosperi.com\/wp-content\/uploads\/2025\/07\/13792733_640x360.jpg?fit=640%2C360&ssl=1&resize=525%2C300 1.5x"},"classes":[]},{"id":54648,"url":"https:\/\/blogdoprosperi.com\/?p=54648","url_meta":{"origin":53187,"position":1},"title":"Coletiva Fernando Diniz e Melhores Momentos | P\u00f3s-Jogo Santos 0 x 6 Vasco","author":"Luiz Ant\u00f4nio Pr\u00f3speri","date":"17 de agosto de 2025","format":false,"excerpt":"Acompanhe entrevista coletiva do t\u00e9cnico Fernando Diniz e melhores momentos p\u00f3s-jogo Santos 0 x 6 Vasco. V\u00eddeo oficial Vasco TV: Fernando Diniz Melhores Momentos do jogo:","rel":"","context":"Em &quot;futebol&quot;","block_context":{"text":"futebol","link":"https:\/\/blogdoprosperi.com\/?cat=53870"},"img":{"alt_text":"Santos 0 x 6 Vasco \u201320\u00aa Rodada Brasileir\u00e3o 2025","src":"https:\/\/i0.wp.com\/blogdoprosperi.com\/wp-content\/uploads\/2025\/08\/54727641604_816b578b7f_c.jpg?fit=799%2C533&ssl=1&resize=350%2C200","width":350,"height":200,"srcset":"https:\/\/i0.wp.com\/blogdoprosperi.com\/wp-content\/uploads\/2025\/08\/54727641604_816b578b7f_c.jpg?fit=799%2C533&ssl=1&resize=350%2C200 1x, https:\/\/i0.wp.com\/blogdoprosperi.com\/wp-content\/uploads\/2025\/08\/54727641604_816b578b7f_c.jpg?fit=799%2C533&ssl=1&resize=525%2C300 1.5x, https:\/\/i0.wp.com\/blogdoprosperi.com\/wp-content\/uploads\/2025\/08\/54727641604_816b578b7f_c.jpg?fit=799%2C533&ssl=1&resize=700%2C400 2x"},"classes":[]},{"id":53179,"url":"https:\/\/blogdoprosperi.com\/?p=53179","url_meta":{"origin":53187,"position":2},"title":"V\u00eddeo | Vasco 0 a 2 Botafogo: Coletiva de Claudio Ca\u00e7apa \u2013 T\u00e9cnico Interino Botafogo","author":"Luiz Ant\u00f4nio Pr\u00f3speri","date":"12 de julho de 2025","format":false,"excerpt":"Acompanhe entrevista coletiva de Claudio Ca\u00e7apa p\u00f3s-jogo Vasco 0 a 2 Botafogo. Ca\u00e7apa dirige o Botafogo enquanto na sai registro na CBF de Davide Ancelotti. V\u00eddeo oficial Botafogo TV:","rel":"","context":"Em &quot;brasileir\u00e3o 2025&quot;","block_context":{"text":"brasileir\u00e3o 2025","link":"https:\/\/blogdoprosperi.com\/?cat=775970846"},"img":{"alt_text":"Vasco 0 a 2 Botafogo, 13\u00aa rodada do Brasileir\u00e3o","src":"https:\/\/i0.wp.com\/blogdoprosperi.com\/wp-content\/uploads\/2025\/07\/54650788899_b84911c4e7_c.jpg?fit=799%2C533&ssl=1&resize=350%2C200","width":350,"height":200,"srcset":"https:\/\/i0.wp.com\/blogdoprosperi.com\/wp-content\/uploads\/2025\/07\/54650788899_b84911c4e7_c.jpg?fit=799%2C533&ssl=1&resize=350%2C200 1x, https:\/\/i0.wp.com\/blogdoprosperi.com\/wp-content\/uploads\/2025\/07\/54650788899_b84911c4e7_c.jpg?fit=799%2C533&ssl=1&resize=525%2C300 1.5x, https:\/\/i0.wp.com\/blogdoprosperi.com\/wp-content\/uploads\/2025\/07\/54650788899_b84911c4e7_c.jpg?fit=799%2C533&ssl=1&resize=700%2C400 2x"},"classes":[]},{"id":45452,"url":"https:\/\/blogdoprosperi.com\/?p=45452","url_meta":{"origin":53187,"position":3},"title":"Brasileir\u00e3o | An\u00e1lise: 5 Temas da 27.\u00aa Rodada com Palmeiras \u00e0 Ca\u00e7a do Botafogo e a Volta de Fernando Diniz","author":"Luiz Ant\u00f4nio Pr\u00f3speri","date":"23 de setembro de 2024","format":false,"excerpt":"Luiz Ant\u00f4nio Pr\u00f3speri \u2013 23 setembro (13h05) Palmeiras vence Vasco e n\u00e3o desgruda do Botafogo. Cruzeiro troca t\u00e9cnico Fernando Seabra por Fernando Diniz, de volta ao futebol ap\u00f3s demiss\u00e3o no Fluminense e Sele\u00e7\u00e3o Brasileira. Flamengo, por decreto, e S\u00e3o Paulo, por fraqueza, desistem do Brasileir\u00e3o. Confira 5 pontos de discuss\u00e3o\u2026","rel":"","context":"Em &quot;futebol&quot;","block_context":{"text":"futebol","link":"https:\/\/blogdoprosperi.com\/?cat=53870"},"img":{"alt_text":"Brasileir\u00e3o: Palmeiras ca\u00e7a Botafogo","src":"https:\/\/i0.wp.com\/blogdoprosperi.com\/wp-content\/uploads\/2024\/09\/54014048711_628f7cda8c_c.jpg?fit=710%2C800&ssl=1&resize=350%2C200","width":350,"height":200,"srcset":"https:\/\/i0.wp.com\/blogdoprosperi.com\/wp-content\/uploads\/2024\/09\/54014048711_628f7cda8c_c.jpg?fit=710%2C800&ssl=1&resize=350%2C200 1x, https:\/\/i0.wp.com\/blogdoprosperi.com\/wp-content\/uploads\/2024\/09\/54014048711_628f7cda8c_c.jpg?fit=710%2C800&ssl=1&resize=525%2C300 1.5x, https:\/\/i0.wp.com\/blogdoprosperi.com\/wp-content\/uploads\/2024\/09\/54014048711_628f7cda8c_c.jpg?fit=710%2C800&ssl=1&resize=700%2C400 2x"},"classes":[]},{"id":42980,"url":"https:\/\/blogdoprosperi.com\/?p=42980","url_meta":{"origin":53187,"position":4},"title":"Gest\u00e3o Ca\u00f3tica: Efeitos no desempenho de Vasco, Corinthians e Fluminense na Tabela do Brasileir\u00e3o 2024","author":"Luiz Ant\u00f4nio Pr\u00f3speri","date":"20 de junho de 2024","format":false,"excerpt":"Corinthians, Vasco, Fluminense e Gr\u00eamio est\u00e3o alojados na parte baixa da tabela com dez rodadas do Brasileir\u00e3o 2024. Dos quatro, \u00e9 bom tirar o Gr\u00eamio \u2013 tem dois jogos a menos em fun\u00e7\u00e3o da trag\u00e9dia do Sul. Na parte de cima, habitam Botafogo, Atletico-PR, Flamengo, Bahia e Palmeiras. \u00c9 f\u00e1cil\u2026","rel":"","context":"Em &quot;futebol&quot;","block_context":{"text":"futebol","link":"https:\/\/blogdoprosperi.com\/?cat=53870"},"img":{"alt_text":"","src":"https:\/\/i0.wp.com\/blogdoprosperi.com\/wp-content\/uploads\/2024\/06\/captura-de-tela-2024-06-20-as-11.08.19.png?fit=1072%2C976&ssl=1&resize=350%2C200","width":350,"height":200,"srcset":"https:\/\/i0.wp.com\/blogdoprosperi.com\/wp-content\/uploads\/2024\/06\/captura-de-tela-2024-06-20-as-11.08.19.png?fit=1072%2C976&ssl=1&resize=350%2C200 1x, https:\/\/i0.wp.com\/blogdoprosperi.com\/wp-content\/uploads\/2024\/06\/captura-de-tela-2024-06-20-as-11.08.19.png?fit=1072%2C976&ssl=1&resize=525%2C300 1.5x, https:\/\/i0.wp.com\/blogdoprosperi.com\/wp-content\/uploads\/2024\/06\/captura-de-tela-2024-06-20-as-11.08.19.png?fit=1072%2C976&ssl=1&resize=700%2C400 2x, https:\/\/i0.wp.com\/blogdoprosperi.com\/wp-content\/uploads\/2024\/06\/captura-de-tela-2024-06-20-as-11.08.19.png?fit=1072%2C976&ssl=1&resize=1050%2C600 3x"},"classes":[]},{"id":54612,"url":"https:\/\/blogdoprosperi.com\/?p=54612","url_meta":{"origin":53187,"position":5},"title":"Neymar N\u00e3o Volta ao Santos Para Chorar","author":"Luiz Ant\u00f4nio Pr\u00f3speri","date":"17 de agosto de 2025","format":false,"excerpt":"\u2295 Santos sofre uma das mais impiedosas goleadas de sua hist\u00f3ria \u2295 T\u00e9cnico Cleber Xavier \u00e9 demitido ainda nos vesti\u00e1rios do Morumbi Luiz Ant\u00f4nio Pr\u00f3speri \u2013 17 agosto 2025 (18h33) \u2013 Neymar est\u00e1 sentado na grama. Cobre rosto com o bra\u00e7o esquerdo e a m\u00e3o direita aperta os olhos. L\u00e1\u2026","rel":"","context":"Em &quot;brasileir\u00e3o 2025&quot;","block_context":{"text":"brasileir\u00e3o 2025","link":"https:\/\/blogdoprosperi.com\/?cat=775970846"},"img":{"alt_text":"Neymar n\u00e3o volta ao Santos para chorar","src":"https:\/\/i0.wp.com\/blogdoprosperi.com\/wp-content\/uploads\/2025\/08\/captura-de-tela-2025-08-17-180436.webp?fit=800%2C500&ssl=1&resize=350%2C200","width":350,"height":200,"srcset":"https:\/\/i0.wp.com\/blogdoprosperi.com\/wp-content\/uploads\/2025\/08\/captura-de-tela-2025-08-17-180436.webp?fit=800%2C500&ssl=1&resize=350%2C200 1x, https:\/\/i0.wp.com\/blogdoprosperi.com\/wp-content\/uploads\/2025\/08\/captura-de-tela-2025-08-17-180436.webp?fit=800%2C500&ssl=1&resize=525%2C300 1.5x, https:\/\/i0.wp.com\/blogdoprosperi.com\/wp-content\/uploads\/2025\/08\/captura-de-tela-2025-08-17-180436.webp?fit=800%2C500&ssl=1&resize=700%2C400 2x"},"classes":[]}],"jetpack_featured_media_url":"https:\/\/i0.wp.com\/blogdoprosperi.com\/wp-content\/uploads\/2025\/07\/54649862717_6c7e5514cd_c.jpg?fit=799%2C533&ssl=1","_links":{"self":[{"href":"https:\/\/blogdoprosperi.com\/index.php?rest_route=\/wp\/v2\/posts\/53187","targetHints":{"allow":["GET"]}}],"collection":[{"href":"https:\/\/blogdoprosperi.com\/index.php?rest_route=\/wp\/v2\/posts"}],"about":[{"href":"https:\/\/blogdoprosperi.com\/index.php?rest_route=\/wp\/v2\/types\/post"}],"author":[{"embeddable":true,"href":"https:\/\/blogdoprosperi.com\/index.php?rest_route=\/wp\/v2\/users\/102107496"}],"replies":[{"embeddable":true,"href":"https:\/\/blogdoprosperi.com\/index.php?rest_route=%2Fwp%2Fv2%2Fcomments&post=53187"}],"version-history":[{"count":2,"href":"https:\/\/blogdoprosperi.com\/index.php?rest_route=\/wp\/v2\/posts\/53187\/revisions"}],"predecessor-version":[{"id":53189,"href":"https:\/\/blogdoprosperi.com\/index.php?rest_route=\/wp\/v2\/posts\/53187\/revisions\/53189"}],"wp:featuredmedia":[{"embeddable":true,"href":"https:\/\/blogdoprosperi.com\/index.php?rest_route=\/wp\/v2\/media\/53190"}],"wp:attachment":[{"href":"https:\/\/blogdoprosperi.com\/index.php?rest_route=%2Fwp%2Fv2%2Fmedia&parent=53187"}],"wp:term":[{"taxonomy":"category","embeddable":true,"href":"https:\/\/blogdoprosperi.com\/index.php?rest_route=%2Fwp%2Fv2%2Fcategories&post=53187"},{"taxonomy":"post_tag","embeddable":true,"href":"https:\/\/blogdoprosperi.com\/index.php?rest_route=%2Fwp%2Fv2%2Ftags&post=53187"}],"curies":[{"name":"wp","href":"https:\/\/api.w.org\/{rel}","templated":true}]}}