{"id":53317,"date":"2025-07-13T21:59:18","date_gmt":"2025-07-14T00:59:18","guid":{"rendered":"https:\/\/blogdoprosperi.com\/?p=53317"},"modified":"2025-07-13T22:08:34","modified_gmt":"2025-07-14T01:08:34","slug":"video-corinthians-1-x-2-bragantino-coletiva-de-dorival-junior-tecnico-do-corinthians","status":"publish","type":"post","link":"https:\/\/blogdoprosperi.com\/?p=53317","title":{"rendered":"V\u00eddeo | Corinthians 1 x 2 Bragantino: Coletiva de Dorival Junior \u2013 T\u00e9cnico do Corinthians"},"content":{"rendered":"<p><em>Acompanhe entrevista coletiva de Dorival Junior p\u00f3s-jogo Corinthians 1 a 2 Bragantino. V\u00eddeo oficial TV Corinthians:<\/em><\/p>\n<div class=\"jetpack-video-wrapper\"><span class=\"embed-youtube\" style=\"text-align:center; display: block;\"><iframe loading=\"lazy\" class=\"youtube-player\" width=\"560\" height=\"315\" src=\"https:\/\/www.youtube.com\/embed\/d3GLJrZeEYU?version=3&#038;rel=1&#038;showsearch=0&#038;showinfo=1&#038;iv_load_policy=1&#038;fs=1&#038;hl=pt-BR&#038;autohide=2&#038;wmode=transparent\" allowfullscreen=\"true\" style=\"border:0;\" sandbox=\"allow-scripts allow-same-origin allow-popups allow-presentation allow-popups-to-escape-sandbox\"><\/iframe><\/span><\/div>\n","protected":false},"excerpt":{"rendered":"<p>Acompanhe entrevista coletiva de Dorival Junior p\u00f3s-jogo Corinthians 1 a 2 Bragantino. V\u00eddeo oficial TV Corinthians:<\/p>\n","protected":false},"author":102107496,"featured_media":53323,"comment_status":"open","ping_status":"open","sticky":false,"template":"","format":"standard","meta":{"_coblocks_attr":"","_coblocks_dimensions":"","_coblocks_responsive_height":"","_coblocks_accordion_ie_support":"","_jetpack_newsletter_access":"","_jetpack_dont_email_post_to_subs":false,"_jetpack_newsletter_tier_id":0,"_jetpack_memberships_contains_paywalled_content":false,"_wpcom_ai_launchpad_first_post":false,"_jetpack_feature_clip_id":0,"_jetpack_memberships_contains_paid_content":false,"footnotes":"","jetpack_publicize_message":"","jetpack_publicize_feature_enabled":true,"jetpack_social_post_already_shared":false,"jetpack_social_options":{"image_generator_settings":{"template":"highway","default_image_id":0,"font":"","enabled":false},"version":2},"jetpack_post_was_ever_published":false},"categories":[775970846,53870,1149],"tags":[782563834,789560584,780173253,81261,782589018,789560560,201695503,850087,41680,782589019],"class_list":["post-53317","post","type-post","status-publish","format-standard","has-post-thumbnail","hentry","category-brasileirao-2025","category-futebol","category-videos","tag-13arodadabrasileirao","tag-brasileirao-2025","tag-brasileirao2025","tag-caca","tag-corinthians1x2bragantino","tag-futebol","tag-memphisdepay","tag-romero","tag-sasha","tag-tiagoborba"],"yoast_head":"<!-- This site is optimized with the Yoast SEO plugin v28.3 - https:\/\/yoast.com\/product\/yoast-seo-wordpress\/ -->\n<title>V\u00eddeo | Corinthians 1 x 2 Bragantino: Coletiva de Dorival Junior \u2013 T\u00e9cnico do Corinthians - PR\u00d3SPERI NEWS<\/title>\n<meta name=\"robots\" content=\"index, follow, max-snippet:-1, max-image-preview:large, max-video-preview:-1\" \/>\n<link rel=\"canonical\" href=\"https:\/\/blogdoprosperi.com\/?p=53317\" \/>\n<meta property=\"og:locale\" content=\"pt_BR\" \/>\n<meta property=\"og:type\" content=\"article\" \/>\n<meta property=\"og:title\" content=\"V\u00eddeo | Corinthians 1 x 2 Bragantino: Coletiva de Dorival Junior \u2013 T\u00e9cnico do Corinthians - PR\u00d3SPERI NEWS\" \/>\n<meta property=\"og:description\" content=\"Acompanhe entrevista coletiva de Dorival Junior p\u00f3s-jogo Corinthians 1 a 2 Bragantino. V\u00eddeo oficial TV Corinthians:\" \/>\n<meta property=\"og:url\" content=\"https:\/\/blogdoprosperi.com\/?p=53317\" \/>\n<meta property=\"og:site_name\" content=\"PR\u00d3SPERI NEWS\" \/>\n<meta property=\"article:publisher\" content=\"Luiz Pr\u00f3speri\" \/>\n<meta property=\"article:author\" content=\"Luiz Pr\u00f3speri\" \/>\n<meta property=\"article:published_time\" content=\"2025-07-14T00:59:18+00:00\" \/>\n<meta property=\"article:modified_time\" content=\"2025-07-14T01:08:34+00:00\" \/>\n<meta property=\"og:image\" content=\"https:\/\/i0.wp.com\/blogdoprosperi.com\/wp-content\/uploads\/2025\/07\/captura-de-tela-2025-07-13-as-22.06.31.png?fit=1542%2C864&ssl=1\" \/>\n\t<meta property=\"og:image:width\" content=\"1542\" \/>\n\t<meta property=\"og:image:height\" content=\"864\" \/>\n\t<meta property=\"og:image:type\" content=\"image\/png\" \/>\n<meta name=\"author\" content=\"Luiz Ant\u00f4nio Pr\u00f3speri\" \/>\n<meta name=\"twitter:card\" content=\"summary_large_image\" \/>\n<meta name=\"twitter:creator\" content=\"@Luizprosperi\" \/>\n<meta name=\"twitter:site\" content=\"@Luizprosperi\" \/>\n<meta name=\"twitter:label1\" content=\"Escrito por\" \/>\n\t<meta name=\"twitter:data1\" content=\"Luiz Ant\u00f4nio Pr\u00f3speri\" \/>\n<script type=\"application\/ld+json\" class=\"yoast-schema-graph\">{\"@context\":\"https:\\\/\\\/schema.org\",\"@graph\":[{\"@type\":\"Article\",\"@id\":\"https:\\\/\\\/blogdoprosperi.com\\\/?p=53317#article\",\"isPartOf\":{\"@id\":\"https:\\\/\\\/blogdoprosperi.com\\\/?p=53317\"},\"author\":{\"name\":\"Luiz Ant\u00f4nio Pr\u00f3speri\",\"@id\":\"https:\\\/\\\/blogdoprosperi.com\\\/#\\\/schema\\\/person\\\/38100755ce3601861ee4fab9b5aa78e9\"},\"headline\":\"V\u00eddeo | Corinthians 1 x 2 Bragantino: Coletiva de Dorival Junior \u2013 T\u00e9cnico do Corinthians\",\"datePublished\":\"2025-07-14T00:59:18+00:00\",\"dateModified\":\"2025-07-14T01:08:34+00:00\",\"mainEntityOfPage\":{\"@id\":\"https:\\\/\\\/blogdoprosperi.com\\\/?p=53317\"},\"wordCount\":46,\"commentCount\":1,\"publisher\":{\"@id\":\"https:\\\/\\\/blogdoprosperi.com\\\/#\\\/schema\\\/person\\\/38100755ce3601861ee4fab9b5aa78e9\"},\"image\":{\"@id\":\"https:\\\/\\\/blogdoprosperi.com\\\/?p=53317#primaryimage\"},\"thumbnailUrl\":\"https:\\\/\\\/i0.wp.com\\\/blogdoprosperi.com\\\/wp-content\\\/uploads\\\/2025\\\/07\\\/captura-de-tela-2025-07-13-as-22.06.31.png?fit=1542%2C864&ssl=1\",\"keywords\":[\"13\u00aarodadaBrasileir\u00e3o\",\"brasileir\u00e3o 2025\",\"brasileir\u00e3o2025\",\"cac\u00e1\",\"corinthians1x2bragantino\",\"futebol\",\"memphisdepay\",\"Romero\",\"sasha\",\"tiagoborba\"],\"articleSection\":[\"brasileir\u00e3o 2025\",\"futebol\",\"v\u00eddeos\"],\"inLanguage\":\"pt-BR\",\"potentialAction\":[{\"@type\":\"CommentAction\",\"name\":\"Comment\",\"target\":[\"https:\\\/\\\/blogdoprosperi.com\\\/?p=53317#respond\"]}]},{\"@type\":\"WebPage\",\"@id\":\"https:\\\/\\\/blogdoprosperi.com\\\/?p=53317\",\"url\":\"https:\\\/\\\/blogdoprosperi.com\\\/?p=53317\",\"name\":\"V\u00eddeo | Corinthians 1 x 2 Bragantino: Coletiva de Dorival Junior \u2013 T\u00e9cnico do Corinthians - PR\u00d3SPERI NEWS\",\"isPartOf\":{\"@id\":\"https:\\\/\\\/blogdoprosperi.com\\\/#website\"},\"primaryImageOfPage\":{\"@id\":\"https:\\\/\\\/blogdoprosperi.com\\\/?p=53317#primaryimage\"},\"image\":{\"@id\":\"https:\\\/\\\/blogdoprosperi.com\\\/?p=53317#primaryimage\"},\"thumbnailUrl\":\"https:\\\/\\\/i0.wp.com\\\/blogdoprosperi.com\\\/wp-content\\\/uploads\\\/2025\\\/07\\\/captura-de-tela-2025-07-13-as-22.06.31.png?fit=1542%2C864&ssl=1\",\"datePublished\":\"2025-07-14T00:59:18+00:00\",\"dateModified\":\"2025-07-14T01:08:34+00:00\",\"breadcrumb\":{\"@id\":\"https:\\\/\\\/blogdoprosperi.com\\\/?p=53317#breadcrumb\"},\"inLanguage\":\"pt-BR\",\"potentialAction\":[{\"@type\":\"ReadAction\",\"target\":[\"https:\\\/\\\/blogdoprosperi.com\\\/?p=53317\"]}]},{\"@type\":\"ImageObject\",\"inLanguage\":\"pt-BR\",\"@id\":\"https:\\\/\\\/blogdoprosperi.com\\\/?p=53317#primaryimage\",\"url\":\"https:\\\/\\\/i0.wp.com\\\/blogdoprosperi.com\\\/wp-content\\\/uploads\\\/2025\\\/07\\\/captura-de-tela-2025-07-13-as-22.06.31.png?fit=1542%2C864&ssl=1\",\"contentUrl\":\"https:\\\/\\\/i0.wp.com\\\/blogdoprosperi.com\\\/wp-content\\\/uploads\\\/2025\\\/07\\\/captura-de-tela-2025-07-13-as-22.06.31.png?fit=1542%2C864&ssl=1\",\"width\":1542,\"height\":864,\"caption\":\"Lance de Corinthians 1 a 2 Bragantino \u2013 foto: Bragantino oficial\"},{\"@type\":\"BreadcrumbList\",\"@id\":\"https:\\\/\\\/blogdoprosperi.com\\\/?p=53317#breadcrumb\",\"itemListElement\":[{\"@type\":\"ListItem\",\"position\":1,\"name\":\"In\u00edcio\",\"item\":\"https:\\\/\\\/blogdoprosperi.com\\\/\"},{\"@type\":\"ListItem\",\"position\":2,\"name\":\"V\u00eddeo | Corinthians 1 x 2 Bragantino: Coletiva de Dorival Junior \u2013 T\u00e9cnico do Corinthians\"}]},{\"@type\":\"WebSite\",\"@id\":\"https:\\\/\\\/blogdoprosperi.com\\\/#website\",\"url\":\"https:\\\/\\\/blogdoprosperi.com\\\/\",\"name\":\"PR\u00d3SPERI NEWS\",\"description\":\"TUDO \u00c9  FUTEBOL\",\"publisher\":{\"@id\":\"https:\\\/\\\/blogdoprosperi.com\\\/#\\\/schema\\\/person\\\/38100755ce3601861ee4fab9b5aa78e9\"},\"alternateName\":\"blogdoprosperi.com\",\"potentialAction\":[{\"@type\":\"SearchAction\",\"target\":{\"@type\":\"EntryPoint\",\"urlTemplate\":\"https:\\\/\\\/blogdoprosperi.com\\\/?s={search_term_string}\"},\"query-input\":{\"@type\":\"PropertyValueSpecification\",\"valueRequired\":true,\"valueName\":\"search_term_string\"}}],\"inLanguage\":\"pt-BR\"},{\"@type\":[\"Person\",\"Organization\"],\"@id\":\"https:\\\/\\\/blogdoprosperi.com\\\/#\\\/schema\\\/person\\\/38100755ce3601861ee4fab9b5aa78e9\",\"name\":\"Luiz Ant\u00f4nio Pr\u00f3speri\",\"pronouns\":\"ele\",\"image\":{\"@type\":\"ImageObject\",\"inLanguage\":\"pt-BR\",\"@id\":\"https:\\\/\\\/i0.wp.com\\\/blogdoprosperi.com\\\/wp-content\\\/uploads\\\/2026\\\/05\\\/cropped-8059e613-6002-42fa-961e-8e275f575d71-2-5.jpg?fit=1360%2C931&ssl=1\",\"url\":\"https:\\\/\\\/i0.wp.com\\\/blogdoprosperi.com\\\/wp-content\\\/uploads\\\/2026\\\/05\\\/cropped-8059e613-6002-42fa-961e-8e275f575d71-2-5.jpg?fit=1360%2C931&ssl=1\",\"contentUrl\":\"https:\\\/\\\/i0.wp.com\\\/blogdoprosperi.com\\\/wp-content\\\/uploads\\\/2026\\\/05\\\/cropped-8059e613-6002-42fa-961e-8e275f575d71-2-5.jpg?fit=1360%2C931&ssl=1\",\"width\":1360,\"height\":931,\"caption\":\"Luiz Ant\u00f4nio Pr\u00f3speri\"},\"logo\":{\"@id\":\"https:\\\/\\\/i0.wp.com\\\/blogdoprosperi.com\\\/wp-content\\\/uploads\\\/2026\\\/05\\\/cropped-8059e613-6002-42fa-961e-8e275f575d71-2-5.jpg?fit=1360%2C931&ssl=1\"},\"description\":\"Jornalista com carreira dedicada ao esporte. Cobriu 9 Copas do Mundo in loco, 1990 na It\u00e1lia, 1994 nos EUA, 1998 na Fran\u00e7a, 2002 na Coreia do Sul e Jap\u00e3o, 2006 na Alemanha, 2010 na \u00c1frica do Sul, 2014 no Brasil, 2018 na R\u00fassia e 2022 no Qatar. Eurocopas, 1992 na Su\u00e9cia e 1996 na Inglaterra. Copa das Confedera\u00e7\u00f5es de 2005 na Alemanha e 2009 na \u00c1frica do Sul. Rep\u00f3rter e Editor, trabalhou no Jornal da Tarde e Estad\u00e3o, de 1984 a fevereiro de 2016. Colunista, blogueiro. E comentarista de futebol na R\u00e1dio Estad\u00e3o, de 2013 a fevereiro de 2016. Jornalista respons\u00e1vel do \\\"Pr\u00f3speri News\\\" (blogdoprosperi.com).\",\"sameAs\":[\"http:\\\/\\\/blogdoprosperi.com\",\"Luiz Pr\u00f3speri\",\"@luiz_prosperi\",\"https:\\\/\\\/x.com\\\/Luizprosperi\",\"@prosperinacopa\",\"luiz.prosperi@icloud.com\"],\"url\":\"https:\\\/\\\/blogdoprosperi.com\\\/?author=102107496\"}]}<\/script>\n<!-- \/ Yoast SEO plugin. -->","yoast_head_json":{"title":"V\u00eddeo | Corinthians 1 x 2 Bragantino: Coletiva de Dorival Junior \u2013 T\u00e9cnico do Corinthians - PR\u00d3SPERI NEWS","robots":{"index":"index","follow":"follow","max-snippet":"max-snippet:-1","max-image-preview":"max-image-preview:large","max-video-preview":"max-video-preview:-1"},"canonical":"https:\/\/blogdoprosperi.com\/?p=53317","og_locale":"pt_BR","og_type":"article","og_title":"V\u00eddeo | Corinthians 1 x 2 Bragantino: Coletiva de Dorival Junior \u2013 T\u00e9cnico do Corinthians - PR\u00d3SPERI NEWS","og_description":"Acompanhe entrevista coletiva de Dorival Junior p\u00f3s-jogo Corinthians 1 a 2 Bragantino. V\u00eddeo oficial TV Corinthians:","og_url":"https:\/\/blogdoprosperi.com\/?p=53317","og_site_name":"PR\u00d3SPERI NEWS","article_publisher":"Luiz Pr\u00f3speri","article_author":"Luiz Pr\u00f3speri","article_published_time":"2025-07-14T00:59:18+00:00","article_modified_time":"2025-07-14T01:08:34+00:00","og_image":[{"width":1542,"height":864,"url":"https:\/\/i0.wp.com\/blogdoprosperi.com\/wp-content\/uploads\/2025\/07\/captura-de-tela-2025-07-13-as-22.06.31.png?fit=1542%2C864&ssl=1","type":"image\/png"}],"author":"Luiz Ant\u00f4nio Pr\u00f3speri","twitter_card":"summary_large_image","twitter_creator":"@Luizprosperi","twitter_site":"@Luizprosperi","twitter_misc":{"Escrito por":"Luiz Ant\u00f4nio Pr\u00f3speri"},"schema":{"@context":"https:\/\/schema.org","@graph":[{"@type":"Article","@id":"https:\/\/blogdoprosperi.com\/?p=53317#article","isPartOf":{"@id":"https:\/\/blogdoprosperi.com\/?p=53317"},"author":{"name":"Luiz Ant\u00f4nio Pr\u00f3speri","@id":"https:\/\/blogdoprosperi.com\/#\/schema\/person\/38100755ce3601861ee4fab9b5aa78e9"},"headline":"V\u00eddeo | Corinthians 1 x 2 Bragantino: Coletiva de Dorival Junior \u2013 T\u00e9cnico do Corinthians","datePublished":"2025-07-14T00:59:18+00:00","dateModified":"2025-07-14T01:08:34+00:00","mainEntityOfPage":{"@id":"https:\/\/blogdoprosperi.com\/?p=53317"},"wordCount":46,"commentCount":1,"publisher":{"@id":"https:\/\/blogdoprosperi.com\/#\/schema\/person\/38100755ce3601861ee4fab9b5aa78e9"},"image":{"@id":"https:\/\/blogdoprosperi.com\/?p=53317#primaryimage"},"thumbnailUrl":"https:\/\/i0.wp.com\/blogdoprosperi.com\/wp-content\/uploads\/2025\/07\/captura-de-tela-2025-07-13-as-22.06.31.png?fit=1542%2C864&ssl=1","keywords":["13\u00aarodadaBrasileir\u00e3o","brasileir\u00e3o 2025","brasileir\u00e3o2025","cac\u00e1","corinthians1x2bragantino","futebol","memphisdepay","Romero","sasha","tiagoborba"],"articleSection":["brasileir\u00e3o 2025","futebol","v\u00eddeos"],"inLanguage":"pt-BR","potentialAction":[{"@type":"CommentAction","name":"Comment","target":["https:\/\/blogdoprosperi.com\/?p=53317#respond"]}]},{"@type":"WebPage","@id":"https:\/\/blogdoprosperi.com\/?p=53317","url":"https:\/\/blogdoprosperi.com\/?p=53317","name":"V\u00eddeo | Corinthians 1 x 2 Bragantino: Coletiva de Dorival Junior \u2013 T\u00e9cnico do Corinthians - PR\u00d3SPERI NEWS","isPartOf":{"@id":"https:\/\/blogdoprosperi.com\/#website"},"primaryImageOfPage":{"@id":"https:\/\/blogdoprosperi.com\/?p=53317#primaryimage"},"image":{"@id":"https:\/\/blogdoprosperi.com\/?p=53317#primaryimage"},"thumbnailUrl":"https:\/\/i0.wp.com\/blogdoprosperi.com\/wp-content\/uploads\/2025\/07\/captura-de-tela-2025-07-13-as-22.06.31.png?fit=1542%2C864&ssl=1","datePublished":"2025-07-14T00:59:18+00:00","dateModified":"2025-07-14T01:08:34+00:00","breadcrumb":{"@id":"https:\/\/blogdoprosperi.com\/?p=53317#breadcrumb"},"inLanguage":"pt-BR","potentialAction":[{"@type":"ReadAction","target":["https:\/\/blogdoprosperi.com\/?p=53317"]}]},{"@type":"ImageObject","inLanguage":"pt-BR","@id":"https:\/\/blogdoprosperi.com\/?p=53317#primaryimage","url":"https:\/\/i0.wp.com\/blogdoprosperi.com\/wp-content\/uploads\/2025\/07\/captura-de-tela-2025-07-13-as-22.06.31.png?fit=1542%2C864&ssl=1","contentUrl":"https:\/\/i0.wp.com\/blogdoprosperi.com\/wp-content\/uploads\/2025\/07\/captura-de-tela-2025-07-13-as-22.06.31.png?fit=1542%2C864&ssl=1","width":1542,"height":864,"caption":"Lance de Corinthians 1 a 2 Bragantino \u2013 foto: Bragantino oficial"},{"@type":"BreadcrumbList","@id":"https:\/\/blogdoprosperi.com\/?p=53317#breadcrumb","itemListElement":[{"@type":"ListItem","position":1,"name":"In\u00edcio","item":"https:\/\/blogdoprosperi.com\/"},{"@type":"ListItem","position":2,"name":"V\u00eddeo | Corinthians 1 x 2 Bragantino: Coletiva de Dorival Junior \u2013 T\u00e9cnico do Corinthians"}]},{"@type":"WebSite","@id":"https:\/\/blogdoprosperi.com\/#website","url":"https:\/\/blogdoprosperi.com\/","name":"PR\u00d3SPERI NEWS","description":"TUDO \u00c9  FUTEBOL","publisher":{"@id":"https:\/\/blogdoprosperi.com\/#\/schema\/person\/38100755ce3601861ee4fab9b5aa78e9"},"alternateName":"blogdoprosperi.com","potentialAction":[{"@type":"SearchAction","target":{"@type":"EntryPoint","urlTemplate":"https:\/\/blogdoprosperi.com\/?s={search_term_string}"},"query-input":{"@type":"PropertyValueSpecification","valueRequired":true,"valueName":"search_term_string"}}],"inLanguage":"pt-BR"},{"@type":["Person","Organization"],"@id":"https:\/\/blogdoprosperi.com\/#\/schema\/person\/38100755ce3601861ee4fab9b5aa78e9","name":"Luiz Ant\u00f4nio Pr\u00f3speri","pronouns":"ele","image":{"@type":"ImageObject","inLanguage":"pt-BR","@id":"https:\/\/i0.wp.com\/blogdoprosperi.com\/wp-content\/uploads\/2026\/05\/cropped-8059e613-6002-42fa-961e-8e275f575d71-2-5.jpg?fit=1360%2C931&ssl=1","url":"https:\/\/i0.wp.com\/blogdoprosperi.com\/wp-content\/uploads\/2026\/05\/cropped-8059e613-6002-42fa-961e-8e275f575d71-2-5.jpg?fit=1360%2C931&ssl=1","contentUrl":"https:\/\/i0.wp.com\/blogdoprosperi.com\/wp-content\/uploads\/2026\/05\/cropped-8059e613-6002-42fa-961e-8e275f575d71-2-5.jpg?fit=1360%2C931&ssl=1","width":1360,"height":931,"caption":"Luiz Ant\u00f4nio Pr\u00f3speri"},"logo":{"@id":"https:\/\/i0.wp.com\/blogdoprosperi.com\/wp-content\/uploads\/2026\/05\/cropped-8059e613-6002-42fa-961e-8e275f575d71-2-5.jpg?fit=1360%2C931&ssl=1"},"description":"Jornalista com carreira dedicada ao esporte. Cobriu 9 Copas do Mundo in loco, 1990 na It\u00e1lia, 1994 nos EUA, 1998 na Fran\u00e7a, 2002 na Coreia do Sul e Jap\u00e3o, 2006 na Alemanha, 2010 na \u00c1frica do Sul, 2014 no Brasil, 2018 na R\u00fassia e 2022 no Qatar. Eurocopas, 1992 na Su\u00e9cia e 1996 na Inglaterra. Copa das Confedera\u00e7\u00f5es de 2005 na Alemanha e 2009 na \u00c1frica do Sul. Rep\u00f3rter e Editor, trabalhou no Jornal da Tarde e Estad\u00e3o, de 1984 a fevereiro de 2016. Colunista, blogueiro. E comentarista de futebol na R\u00e1dio Estad\u00e3o, de 2013 a fevereiro de 2016. Jornalista respons\u00e1vel do \"Pr\u00f3speri News\" (blogdoprosperi.com).","sameAs":["http:\/\/blogdoprosperi.com","Luiz Pr\u00f3speri","@luiz_prosperi","https:\/\/x.com\/Luizprosperi","@prosperinacopa","luiz.prosperi@icloud.com"],"url":"https:\/\/blogdoprosperi.com\/?author=102107496"}]}},"jetpack_publicize_connections":[],"jetpack_likes_enabled":false,"jetpack_sharing_enabled":true,"jetpack_shortlink":"https:\/\/wp.me\/p7jvdk-dRX","jetpack-related-posts":[{"id":53511,"url":"https:\/\/blogdoprosperi.com\/?p=53511","url_meta":{"origin":53317,"position":0},"title":"V\u00eddeo | Cear\u00e1 0 x 1 Corinthians: Coletiva Dorival Junior \u2013 T\u00e9cnico do Corinthians","author":"Luiz Ant\u00f4nio Pr\u00f3speri","date":"16 de julho de 2025","format":false,"excerpt":"Acompanhe entrevista coletiva de Dorival Junior p\u00f3s-jogo Cear\u00e1 0 x 1 Corinthians, 14\u00aa rodada do Brasileir\u00e3o 2025. V\u00eddeo oficial TV Corinthians:","rel":"","context":"Em &quot;brasileir\u00e3o 2025&quot;","block_context":{"text":"brasileir\u00e3o 2025","link":"https:\/\/blogdoprosperi.com\/?cat=775970846"},"img":{"alt_text":"Cear\u00e1 0 x 1 Corinthians, 14\u00aa rodada do Brasileir\u00e3o 2025","src":"https:\/\/i0.wp.com\/blogdoprosperi.com\/wp-content\/uploads\/2025\/07\/13764366_x360.jpg?fit=640%2C360&ssl=1&resize=350%2C200","width":350,"height":200,"srcset":"https:\/\/i0.wp.com\/blogdoprosperi.com\/wp-content\/uploads\/2025\/07\/13764366_x360.jpg?fit=640%2C360&ssl=1&resize=350%2C200 1x, https:\/\/i0.wp.com\/blogdoprosperi.com\/wp-content\/uploads\/2025\/07\/13764366_x360.jpg?fit=640%2C360&ssl=1&resize=525%2C300 1.5x"},"classes":[]},{"id":53651,"url":"https:\/\/blogdoprosperi.com\/?p=53651","url_meta":{"origin":53317,"position":1},"title":"V\u00eddeo | S\u00e3o Paulo 2 x 0 Corinthians: Acompanhe Coletiva de Dorival Junior \u2013 T\u00e9cnico do Corinthians","author":"Luiz Ant\u00f4nio Pr\u00f3speri","date":"20 de julho de 2025","format":false,"excerpt":"Acompanhe entrevista coletiva de Dorival Junior p\u00f3s-jogo S\u00e3o Paulo 2 a 0 Corinthians no s\u00e1bado (19\/7). T\u00e9cnico do Corinthians fala a respeito da substitui\u00e7\u00e3o de Memphis Depay no intervalo do jogo e analisa a derrota do Corinthians. V\u00eddeo oficial TV Corinthians:","rel":"","context":"Em &quot;brasileir\u00e3o 2025&quot;","block_context":{"text":"brasileir\u00e3o 2025","link":"https:\/\/blogdoprosperi.com\/?cat=775970846"},"img":{"alt_text":"Dorival Junior fala da substitui\u00e7\u00e3o de Memphis Depay","src":"https:\/\/i0.wp.com\/blogdoprosperi.com\/wp-content\/uploads\/2025\/07\/agenciacorinthians-foto-236602-scaled-aspect-ratio-512-320-2.webp?fit=950%2C593&ssl=1&resize=350%2C200","width":350,"height":200,"srcset":"https:\/\/i0.wp.com\/blogdoprosperi.com\/wp-content\/uploads\/2025\/07\/agenciacorinthians-foto-236602-scaled-aspect-ratio-512-320-2.webp?fit=950%2C593&ssl=1&resize=350%2C200 1x, https:\/\/i0.wp.com\/blogdoprosperi.com\/wp-content\/uploads\/2025\/07\/agenciacorinthians-foto-236602-scaled-aspect-ratio-512-320-2.webp?fit=950%2C593&ssl=1&resize=525%2C300 1.5x, https:\/\/i0.wp.com\/blogdoprosperi.com\/wp-content\/uploads\/2025\/07\/agenciacorinthians-foto-236602-scaled-aspect-ratio-512-320-2.webp?fit=950%2C593&ssl=1&resize=700%2C400 2x"},"classes":[]},{"id":54042,"url":"https:\/\/blogdoprosperi.com\/?p=54042","url_meta":{"origin":53317,"position":2},"title":"Coletiva Dorival Junior | P\u00f3s-Jogo Botafogo 1 x 1 Corinthians","author":"Luiz Ant\u00f4nio Pr\u00f3speri","date":"26 de julho de 2025","format":false,"excerpt":"Acompanhe entrevista coletiva de Dorival Junior p\u00f3s-jogo Botafogo 1 a 1 Corinthians no Est\u00e1dio Nilton Santos. V\u00eddeo oficial TV Corinthians:","rel":"","context":"Em &quot;brasileir\u00e3o 2025&quot;","block_context":{"text":"brasileir\u00e3o 2025","link":"https:\/\/blogdoprosperi.com\/?cat=775970846"},"img":{"alt_text":"Botafogo 1 a 1 Corinthians, Brasileir\u00e3o 2025","src":"https:\/\/i0.wp.com\/blogdoprosperi.com\/wp-content\/uploads\/2025\/07\/captura-de-tela-2025-07-26-as-20.55.54.png?fit=1200%2C799&ssl=1&resize=350%2C200","width":350,"height":200,"srcset":"https:\/\/i0.wp.com\/blogdoprosperi.com\/wp-content\/uploads\/2025\/07\/captura-de-tela-2025-07-26-as-20.55.54.png?fit=1200%2C799&ssl=1&resize=350%2C200 1x, https:\/\/i0.wp.com\/blogdoprosperi.com\/wp-content\/uploads\/2025\/07\/captura-de-tela-2025-07-26-as-20.55.54.png?fit=1200%2C799&ssl=1&resize=525%2C300 1.5x, https:\/\/i0.wp.com\/blogdoprosperi.com\/wp-content\/uploads\/2025\/07\/captura-de-tela-2025-07-26-as-20.55.54.png?fit=1200%2C799&ssl=1&resize=700%2C400 2x, https:\/\/i0.wp.com\/blogdoprosperi.com\/wp-content\/uploads\/2025\/07\/captura-de-tela-2025-07-26-as-20.55.54.png?fit=1200%2C799&ssl=1&resize=1050%2C600 3x"},"classes":[]},{"id":53839,"url":"https:\/\/blogdoprosperi.com\/?p=53839","url_meta":{"origin":53317,"position":3},"title":"Coletiva Dorival Junior | P\u00f3s-Jogo Corinthians 0 x 0 Cruzeiro","author":"Luiz Ant\u00f4nio Pr\u00f3speri","date":"24 de julho de 2025","format":false,"excerpt":"Acompanhe coletiva do t\u00e9cnico Dorival Junior p\u00f3s-jogo Corinthians 0 x 0 Cruzeiro. V\u00eddeo oficial TV Corinthians:","rel":"","context":"Em &quot;brasileir\u00e3o 2025&quot;","block_context":{"text":"brasileir\u00e3o 2025","link":"https:\/\/blogdoprosperi.com\/?cat=775970846"},"img":{"alt_text":"Corinthians 0 x 0 Cruzeiro, 16\u00aa rodada do Brasileir\u00e3o 2025","src":"https:\/\/i0.wp.com\/blogdoprosperi.com\/wp-content\/uploads\/2025\/07\/captura-de-tela-2025-07-24-as-10.33.12.png?fit=1200%2C725&ssl=1&resize=350%2C200","width":350,"height":200,"srcset":"https:\/\/i0.wp.com\/blogdoprosperi.com\/wp-content\/uploads\/2025\/07\/captura-de-tela-2025-07-24-as-10.33.12.png?fit=1200%2C725&ssl=1&resize=350%2C200 1x, https:\/\/i0.wp.com\/blogdoprosperi.com\/wp-content\/uploads\/2025\/07\/captura-de-tela-2025-07-24-as-10.33.12.png?fit=1200%2C725&ssl=1&resize=525%2C300 1.5x, https:\/\/i0.wp.com\/blogdoprosperi.com\/wp-content\/uploads\/2025\/07\/captura-de-tela-2025-07-24-as-10.33.12.png?fit=1200%2C725&ssl=1&resize=700%2C400 2x, https:\/\/i0.wp.com\/blogdoprosperi.com\/wp-content\/uploads\/2025\/07\/captura-de-tela-2025-07-24-as-10.33.12.png?fit=1200%2C725&ssl=1&resize=1050%2C600 3x"},"classes":[]},{"id":44829,"url":"https:\/\/blogdoprosperi.com\/?p=44829","url_meta":{"origin":53317,"position":4},"title":"URGENTE FUTEBOL","author":"Luiz Ant\u00f4nio Pr\u00f3speri","date":"26 de agosto de 2024","format":false,"excerpt":"26 agosto \u2013 Futebol brasileiro exalta for\u00e7a financeira do Flamengo. Or\u00e7amento acima de R$ 1,3 bilh\u00e3o por ano. Dinheiro sobrando para refor\u00e7ar o time de Tite, ajudar a fazer sucessor do presidente Rodolfo Landim nas elei\u00e7\u00f5es em dezembro e embalar campanha do diretor Marcos Braz \u00e0 reelei\u00e7\u00e3o na C\u00e2mara de\u2026","rel":"","context":"Em &quot;futebol&quot;","block_context":{"text":"futebol","link":"https:\/\/blogdoprosperi.com\/?cat=53870"},"img":{"alt_text":"Alcaraz no Flamengo","src":"https:\/\/i0.wp.com\/blogdoprosperi.com\/wp-content\/uploads\/2024\/08\/calros-alcaraz-flamengo-southampton-860x484-1.webp?fit=860%2C484&ssl=1&resize=350%2C200","width":350,"height":200,"srcset":"https:\/\/i0.wp.com\/blogdoprosperi.com\/wp-content\/uploads\/2024\/08\/calros-alcaraz-flamengo-southampton-860x484-1.webp?fit=860%2C484&ssl=1&resize=350%2C200 1x, https:\/\/i0.wp.com\/blogdoprosperi.com\/wp-content\/uploads\/2024\/08\/calros-alcaraz-flamengo-southampton-860x484-1.webp?fit=860%2C484&ssl=1&resize=525%2C300 1.5x, https:\/\/i0.wp.com\/blogdoprosperi.com\/wp-content\/uploads\/2024\/08\/calros-alcaraz-flamengo-southampton-860x484-1.webp?fit=860%2C484&ssl=1&resize=700%2C400 2x"},"classes":[]},{"id":53865,"url":"https:\/\/blogdoprosperi.com\/?p=53865","url_meta":{"origin":53317,"position":5},"title":"Coletiva Leonardo Jardim | P\u00f3s-Jogo Corinthians 0 x 0 Cruzeiro","author":"Luiz Ant\u00f4nio Pr\u00f3speri","date":"24 de julho de 2025","format":false,"excerpt":"Acompanhe entrevista coletiva do t\u00e9cnico Leonardo Jardim p\u00f3s-jogo Corinthians 0 x 0 Cruzeiro. V\u00eddeo oficial TV Cruzeiro: \u00a0","rel":"","context":"Em &quot;brasileir\u00e3o 2025&quot;","block_context":{"text":"brasileir\u00e3o 2025","link":"https:\/\/blogdoprosperi.com\/?cat=775970846"},"img":{"alt_text":"Corinthians 0 x 0 Cruzeiro, 16\u00aa rodada do Brasileir\u00e3o 2025","src":"https:\/\/i0.wp.com\/blogdoprosperi.com\/wp-content\/uploads\/2025\/07\/54675085334_ccccb62b60_c.jpg?fit=799%2C533&ssl=1&resize=350%2C200","width":350,"height":200,"srcset":"https:\/\/i0.wp.com\/blogdoprosperi.com\/wp-content\/uploads\/2025\/07\/54675085334_ccccb62b60_c.jpg?fit=799%2C533&ssl=1&resize=350%2C200 1x, https:\/\/i0.wp.com\/blogdoprosperi.com\/wp-content\/uploads\/2025\/07\/54675085334_ccccb62b60_c.jpg?fit=799%2C533&ssl=1&resize=525%2C300 1.5x, https:\/\/i0.wp.com\/blogdoprosperi.com\/wp-content\/uploads\/2025\/07\/54675085334_ccccb62b60_c.jpg?fit=799%2C533&ssl=1&resize=700%2C400 2x"},"classes":[]}],"jetpack_featured_media_url":"https:\/\/i0.wp.com\/blogdoprosperi.com\/wp-content\/uploads\/2025\/07\/captura-de-tela-2025-07-13-as-22.06.31.png?fit=1542%2C864&ssl=1","_links":{"self":[{"href":"https:\/\/blogdoprosperi.com\/index.php?rest_route=\/wp\/v2\/posts\/53317","targetHints":{"allow":["GET"]}}],"collection":[{"href":"https:\/\/blogdoprosperi.com\/index.php?rest_route=\/wp\/v2\/posts"}],"about":[{"href":"https:\/\/blogdoprosperi.com\/index.php?rest_route=\/wp\/v2\/types\/post"}],"author":[{"embeddable":true,"href":"https:\/\/blogdoprosperi.com\/index.php?rest_route=\/wp\/v2\/users\/102107496"}],"replies":[{"embeddable":true,"href":"https:\/\/blogdoprosperi.com\/index.php?rest_route=%2Fwp%2Fv2%2Fcomments&post=53317"}],"version-history":[{"count":3,"href":"https:\/\/blogdoprosperi.com\/index.php?rest_route=\/wp\/v2\/posts\/53317\/revisions"}],"predecessor-version":[{"id":53320,"href":"https:\/\/blogdoprosperi.com\/index.php?rest_route=\/wp\/v2\/posts\/53317\/revisions\/53320"}],"wp:featuredmedia":[{"embeddable":true,"href":"https:\/\/blogdoprosperi.com\/index.php?rest_route=\/wp\/v2\/media\/53323"}],"wp:attachment":[{"href":"https:\/\/blogdoprosperi.com\/index.php?rest_route=%2Fwp%2Fv2%2Fmedia&parent=53317"}],"wp:term":[{"taxonomy":"category","embeddable":true,"href":"https:\/\/blogdoprosperi.com\/index.php?rest_route=%2Fwp%2Fv2%2Fcategories&post=53317"},{"taxonomy":"post_tag","embeddable":true,"href":"https:\/\/blogdoprosperi.com\/index.php?rest_route=%2Fwp%2Fv2%2Ftags&post=53317"}],"curies":[{"name":"wp","href":"https:\/\/api.w.org\/{rel}","templated":true}]}}