{"id":53657,"date":"2025-07-20T10:51:37","date_gmt":"2025-07-20T13:51:37","guid":{"rendered":"https:\/\/blogdoprosperi.com\/?p=53657"},"modified":"2025-07-20T10:51:37","modified_gmt":"2025-07-20T13:51:37","slug":"video-sao-paulo-2-x-0-corinthians-coletiva-hernan-crespo-tecnico-do-sao-paulo","status":"publish","type":"post","link":"https:\/\/blogdoprosperi.com\/?p=53657","title":{"rendered":"V\u00eddeo | S\u00e3o Paulo 2 x 0 Corinthians: Coletiva Hern\u00e1n Crespo \u2013 T\u00e9cnico do S\u00e3o Paulo"},"content":{"rendered":"<p><em>Acompanhe entrevista coletiva do t\u00e9cnico Hern\u00e1n Crespo p\u00f3s-jogo S\u00e3o Paulo 2 x 0 Corinthians, s\u00e1bado (19\/7), no Morumbis. Treinador do S\u00e3o Paulo<strong> analisa vit\u00f3ria no cl\u00e1ssico<\/strong> e desempenho do atacante Luciano, autor dos gols no jogo. V\u00eddeo oficial TV S\u00e3o Paulo:<\/em><\/p>\n<div class=\"jetpack-video-wrapper\"><span class=\"embed-youtube\" style=\"text-align:center; display: block;\"><iframe loading=\"lazy\" class=\"youtube-player\" width=\"560\" height=\"315\" src=\"https:\/\/www.youtube.com\/embed\/k-qc_8VTkiU?version=3&#038;rel=1&#038;showsearch=0&#038;showinfo=1&#038;iv_load_policy=1&#038;fs=1&#038;hl=pt-BR&#038;autohide=2&#038;wmode=transparent\" allowfullscreen=\"true\" style=\"border:0;\" sandbox=\"allow-scripts allow-same-origin allow-popups allow-presentation allow-popups-to-escape-sandbox\"><\/iframe><\/span><\/div>\n","protected":false},"excerpt":{"rendered":"<p>Acompanhe entrevista coletiva do t\u00e9cnico Hern\u00e1n Crespo p\u00f3s-jogo S\u00e3o Paulo 2 x 0 Corinthians, s\u00e1bado (19\/7), no Morumbis. [&hellip;]<\/p>\n","protected":false},"author":102107496,"featured_media":53660,"comment_status":"open","ping_status":"open","sticky":false,"template":"","format":"standard","meta":{"_coblocks_attr":"","_coblocks_dimensions":"","_coblocks_responsive_height":"","_coblocks_accordion_ie_support":"","_jetpack_newsletter_access":"","_jetpack_dont_email_post_to_subs":false,"_jetpack_newsletter_tier_id":0,"_jetpack_memberships_contains_paywalled_content":false,"_wpcom_ai_launchpad_first_post":false,"_jetpack_feature_clip_id":0,"_jetpack_memberships_contains_paid_content":false,"footnotes":"","jetpack_publicize_message":"","jetpack_publicize_feature_enabled":true,"jetpack_social_post_already_shared":false,"jetpack_social_options":{"image_generator_settings":{"template":"highway","default_image_id":0,"font":"","enabled":false},"version":2},"jetpack_post_was_ever_published":false},"categories":[775970846,53870,1149],"tags":[789560584,780173253,789560560,782774120,485152,782773831,8328889],"class_list":["post-53657","post","type-post","status-publish","format-standard","has-post-thumbnail","hentry","category-brasileirao-2025","category-futebol","category-videos","tag-brasileirao-2025","tag-brasileirao2025","tag-futebol","tag-heernancrespo","tag-luciano","tag-saopaulo2x0corinthians","tag-saopaulofc"],"yoast_head":"<!-- This site is optimized with the Yoast SEO plugin v28.3 - https:\/\/yoast.com\/product\/yoast-seo-wordpress\/ -->\n<title>V\u00eddeo | S\u00e3o Paulo 2 x 0 Corinthians: Coletiva Hern\u00e1n Crespo \u2013 T\u00e9cnico do S\u00e3o Paulo - PR\u00d3SPERI NEWS<\/title>\n<meta name=\"robots\" content=\"index, follow, max-snippet:-1, max-image-preview:large, max-video-preview:-1\" \/>\n<link rel=\"canonical\" href=\"https:\/\/blogdoprosperi.com\/?p=53657\" \/>\n<meta property=\"og:locale\" content=\"pt_BR\" \/>\n<meta property=\"og:type\" content=\"article\" \/>\n<meta property=\"og:title\" content=\"V\u00eddeo | S\u00e3o Paulo 2 x 0 Corinthians: Coletiva Hern\u00e1n Crespo \u2013 T\u00e9cnico do S\u00e3o Paulo - PR\u00d3SPERI NEWS\" \/>\n<meta property=\"og:description\" content=\"Acompanhe entrevista coletiva do t\u00e9cnico Hern\u00e1n Crespo p\u00f3s-jogo S\u00e3o Paulo 2 x 0 Corinthians, s\u00e1bado (19\/7), no Morumbis. [&hellip;]\" \/>\n<meta property=\"og:url\" content=\"https:\/\/blogdoprosperi.com\/?p=53657\" \/>\n<meta property=\"og:site_name\" content=\"PR\u00d3SPERI NEWS\" \/>\n<meta property=\"article:publisher\" content=\"Luiz Pr\u00f3speri\" \/>\n<meta property=\"article:author\" content=\"Luiz Pr\u00f3speri\" \/>\n<meta property=\"article:published_time\" content=\"2025-07-20T13:51:37+00:00\" \/>\n<meta property=\"og:image\" content=\"https:\/\/i0.wp.com\/blogdoprosperi.com\/wp-content\/uploads\/2025\/07\/captura-de-tela-2025-07-20-as-10.37.14.png?fit=1244%2C810&ssl=1\" \/>\n\t<meta property=\"og:image:width\" content=\"1244\" \/>\n\t<meta property=\"og:image:height\" content=\"810\" \/>\n\t<meta property=\"og:image:type\" content=\"image\/png\" \/>\n<meta name=\"author\" content=\"Luiz Ant\u00f4nio Pr\u00f3speri\" \/>\n<meta name=\"twitter:card\" content=\"summary_large_image\" \/>\n<meta name=\"twitter:creator\" content=\"@Luizprosperi\" \/>\n<meta name=\"twitter:site\" content=\"@Luizprosperi\" \/>\n<meta name=\"twitter:label1\" content=\"Escrito por\" \/>\n\t<meta name=\"twitter:data1\" content=\"Luiz Ant\u00f4nio Pr\u00f3speri\" \/>\n<script type=\"application\/ld+json\" class=\"yoast-schema-graph\">{\"@context\":\"https:\\\/\\\/schema.org\",\"@graph\":[{\"@type\":\"Article\",\"@id\":\"https:\\\/\\\/blogdoprosperi.com\\\/?p=53657#article\",\"isPartOf\":{\"@id\":\"https:\\\/\\\/blogdoprosperi.com\\\/?p=53657\"},\"author\":{\"name\":\"Luiz Ant\u00f4nio Pr\u00f3speri\",\"@id\":\"https:\\\/\\\/blogdoprosperi.com\\\/#\\\/schema\\\/person\\\/38100755ce3601861ee4fab9b5aa78e9\"},\"headline\":\"V\u00eddeo | S\u00e3o Paulo 2 x 0 Corinthians: Coletiva Hern\u00e1n Crespo \u2013 T\u00e9cnico do S\u00e3o Paulo\",\"datePublished\":\"2025-07-20T13:51:37+00:00\",\"mainEntityOfPage\":{\"@id\":\"https:\\\/\\\/blogdoprosperi.com\\\/?p=53657\"},\"wordCount\":82,\"commentCount\":0,\"publisher\":{\"@id\":\"https:\\\/\\\/blogdoprosperi.com\\\/#\\\/schema\\\/person\\\/38100755ce3601861ee4fab9b5aa78e9\"},\"image\":{\"@id\":\"https:\\\/\\\/blogdoprosperi.com\\\/?p=53657#primaryimage\"},\"thumbnailUrl\":\"https:\\\/\\\/i0.wp.com\\\/blogdoprosperi.com\\\/wp-content\\\/uploads\\\/2025\\\/07\\\/captura-de-tela-2025-07-20-as-10.37.14.png?fit=1244%2C810&ssl=1\",\"keywords\":[\"brasileir\u00e3o 2025\",\"brasileir\u00e3o2025\",\"futebol\",\"heernancrespo\",\"Luciano\",\"s\u00e0opaulo2x0corinthians\",\"s\u00e3opaulofc\"],\"articleSection\":[\"brasileir\u00e3o 2025\",\"futebol\",\"v\u00eddeos\"],\"inLanguage\":\"pt-BR\",\"potentialAction\":[{\"@type\":\"CommentAction\",\"name\":\"Comment\",\"target\":[\"https:\\\/\\\/blogdoprosperi.com\\\/?p=53657#respond\"]}]},{\"@type\":\"WebPage\",\"@id\":\"https:\\\/\\\/blogdoprosperi.com\\\/?p=53657\",\"url\":\"https:\\\/\\\/blogdoprosperi.com\\\/?p=53657\",\"name\":\"V\u00eddeo | S\u00e3o Paulo 2 x 0 Corinthians: Coletiva Hern\u00e1n Crespo \u2013 T\u00e9cnico do S\u00e3o Paulo - PR\u00d3SPERI NEWS\",\"isPartOf\":{\"@id\":\"https:\\\/\\\/blogdoprosperi.com\\\/#website\"},\"primaryImageOfPage\":{\"@id\":\"https:\\\/\\\/blogdoprosperi.com\\\/?p=53657#primaryimage\"},\"image\":{\"@id\":\"https:\\\/\\\/blogdoprosperi.com\\\/?p=53657#primaryimage\"},\"thumbnailUrl\":\"https:\\\/\\\/i0.wp.com\\\/blogdoprosperi.com\\\/wp-content\\\/uploads\\\/2025\\\/07\\\/captura-de-tela-2025-07-20-as-10.37.14.png?fit=1244%2C810&ssl=1\",\"datePublished\":\"2025-07-20T13:51:37+00:00\",\"breadcrumb\":{\"@id\":\"https:\\\/\\\/blogdoprosperi.com\\\/?p=53657#breadcrumb\"},\"inLanguage\":\"pt-BR\",\"potentialAction\":[{\"@type\":\"ReadAction\",\"target\":[\"https:\\\/\\\/blogdoprosperi.com\\\/?p=53657\"]}]},{\"@type\":\"ImageObject\",\"inLanguage\":\"pt-BR\",\"@id\":\"https:\\\/\\\/blogdoprosperi.com\\\/?p=53657#primaryimage\",\"url\":\"https:\\\/\\\/i0.wp.com\\\/blogdoprosperi.com\\\/wp-content\\\/uploads\\\/2025\\\/07\\\/captura-de-tela-2025-07-20-as-10.37.14.png?fit=1244%2C810&ssl=1\",\"contentUrl\":\"https:\\\/\\\/i0.wp.com\\\/blogdoprosperi.com\\\/wp-content\\\/uploads\\\/2025\\\/07\\\/captura-de-tela-2025-07-20-as-10.37.14.png?fit=1244%2C810&ssl=1\",\"width\":1244,\"height\":810,\"caption\":\"Luciano, autor dos dois gols de S\u00e3o Paulo 2 a 0 Corinthians \u2013 foto: S\u00e3o Paulo oficial\"},{\"@type\":\"BreadcrumbList\",\"@id\":\"https:\\\/\\\/blogdoprosperi.com\\\/?p=53657#breadcrumb\",\"itemListElement\":[{\"@type\":\"ListItem\",\"position\":1,\"name\":\"In\u00edcio\",\"item\":\"https:\\\/\\\/blogdoprosperi.com\\\/\"},{\"@type\":\"ListItem\",\"position\":2,\"name\":\"V\u00eddeo | S\u00e3o Paulo 2 x 0 Corinthians: Coletiva Hern\u00e1n Crespo \u2013 T\u00e9cnico do S\u00e3o Paulo\"}]},{\"@type\":\"WebSite\",\"@id\":\"https:\\\/\\\/blogdoprosperi.com\\\/#website\",\"url\":\"https:\\\/\\\/blogdoprosperi.com\\\/\",\"name\":\"PR\u00d3SPERI NEWS\",\"description\":\"TUDO \u00c9  FUTEBOL\",\"publisher\":{\"@id\":\"https:\\\/\\\/blogdoprosperi.com\\\/#\\\/schema\\\/person\\\/38100755ce3601861ee4fab9b5aa78e9\"},\"alternateName\":\"blogdoprosperi.com\",\"potentialAction\":[{\"@type\":\"SearchAction\",\"target\":{\"@type\":\"EntryPoint\",\"urlTemplate\":\"https:\\\/\\\/blogdoprosperi.com\\\/?s={search_term_string}\"},\"query-input\":{\"@type\":\"PropertyValueSpecification\",\"valueRequired\":true,\"valueName\":\"search_term_string\"}}],\"inLanguage\":\"pt-BR\"},{\"@type\":[\"Person\",\"Organization\"],\"@id\":\"https:\\\/\\\/blogdoprosperi.com\\\/#\\\/schema\\\/person\\\/38100755ce3601861ee4fab9b5aa78e9\",\"name\":\"Luiz Ant\u00f4nio Pr\u00f3speri\",\"pronouns\":\"ele\",\"image\":{\"@type\":\"ImageObject\",\"inLanguage\":\"pt-BR\",\"@id\":\"https:\\\/\\\/i0.wp.com\\\/blogdoprosperi.com\\\/wp-content\\\/uploads\\\/2026\\\/05\\\/cropped-8059e613-6002-42fa-961e-8e275f575d71-2-5.jpg?fit=1360%2C931&ssl=1\",\"url\":\"https:\\\/\\\/i0.wp.com\\\/blogdoprosperi.com\\\/wp-content\\\/uploads\\\/2026\\\/05\\\/cropped-8059e613-6002-42fa-961e-8e275f575d71-2-5.jpg?fit=1360%2C931&ssl=1\",\"contentUrl\":\"https:\\\/\\\/i0.wp.com\\\/blogdoprosperi.com\\\/wp-content\\\/uploads\\\/2026\\\/05\\\/cropped-8059e613-6002-42fa-961e-8e275f575d71-2-5.jpg?fit=1360%2C931&ssl=1\",\"width\":1360,\"height\":931,\"caption\":\"Luiz Ant\u00f4nio Pr\u00f3speri\"},\"logo\":{\"@id\":\"https:\\\/\\\/i0.wp.com\\\/blogdoprosperi.com\\\/wp-content\\\/uploads\\\/2026\\\/05\\\/cropped-8059e613-6002-42fa-961e-8e275f575d71-2-5.jpg?fit=1360%2C931&ssl=1\"},\"description\":\"Jornalista com carreira dedicada ao esporte. Cobriu 9 Copas do Mundo in loco, 1990 na It\u00e1lia, 1994 nos EUA, 1998 na Fran\u00e7a, 2002 na Coreia do Sul e Jap\u00e3o, 2006 na Alemanha, 2010 na \u00c1frica do Sul, 2014 no Brasil, 2018 na R\u00fassia e 2022 no Qatar. Eurocopas, 1992 na Su\u00e9cia e 1996 na Inglaterra. Copa das Confedera\u00e7\u00f5es de 2005 na Alemanha e 2009 na \u00c1frica do Sul. Rep\u00f3rter e Editor, trabalhou no Jornal da Tarde e Estad\u00e3o, de 1984 a fevereiro de 2016. Colunista, blogueiro. E comentarista de futebol na R\u00e1dio Estad\u00e3o, de 2013 a fevereiro de 2016. Jornalista respons\u00e1vel do \\\"Pr\u00f3speri News\\\" (blogdoprosperi.com).\",\"sameAs\":[\"http:\\\/\\\/blogdoprosperi.com\",\"Luiz Pr\u00f3speri\",\"@luiz_prosperi\",\"https:\\\/\\\/x.com\\\/Luizprosperi\",\"@prosperinacopa\",\"luiz.prosperi@icloud.com\"],\"url\":\"https:\\\/\\\/blogdoprosperi.com\\\/?author=102107496\"}]}<\/script>\n<!-- \/ Yoast SEO plugin. -->","yoast_head_json":{"title":"V\u00eddeo | S\u00e3o Paulo 2 x 0 Corinthians: Coletiva Hern\u00e1n Crespo \u2013 T\u00e9cnico do S\u00e3o Paulo - PR\u00d3SPERI NEWS","robots":{"index":"index","follow":"follow","max-snippet":"max-snippet:-1","max-image-preview":"max-image-preview:large","max-video-preview":"max-video-preview:-1"},"canonical":"https:\/\/blogdoprosperi.com\/?p=53657","og_locale":"pt_BR","og_type":"article","og_title":"V\u00eddeo | S\u00e3o Paulo 2 x 0 Corinthians: Coletiva Hern\u00e1n Crespo \u2013 T\u00e9cnico do S\u00e3o Paulo - PR\u00d3SPERI NEWS","og_description":"Acompanhe entrevista coletiva do t\u00e9cnico Hern\u00e1n Crespo p\u00f3s-jogo S\u00e3o Paulo 2 x 0 Corinthians, s\u00e1bado (19\/7), no Morumbis. [&hellip;]","og_url":"https:\/\/blogdoprosperi.com\/?p=53657","og_site_name":"PR\u00d3SPERI NEWS","article_publisher":"Luiz Pr\u00f3speri","article_author":"Luiz Pr\u00f3speri","article_published_time":"2025-07-20T13:51:37+00:00","og_image":[{"width":1244,"height":810,"url":"https:\/\/i0.wp.com\/blogdoprosperi.com\/wp-content\/uploads\/2025\/07\/captura-de-tela-2025-07-20-as-10.37.14.png?fit=1244%2C810&ssl=1","type":"image\/png"}],"author":"Luiz Ant\u00f4nio Pr\u00f3speri","twitter_card":"summary_large_image","twitter_creator":"@Luizprosperi","twitter_site":"@Luizprosperi","twitter_misc":{"Escrito por":"Luiz Ant\u00f4nio Pr\u00f3speri"},"schema":{"@context":"https:\/\/schema.org","@graph":[{"@type":"Article","@id":"https:\/\/blogdoprosperi.com\/?p=53657#article","isPartOf":{"@id":"https:\/\/blogdoprosperi.com\/?p=53657"},"author":{"name":"Luiz Ant\u00f4nio Pr\u00f3speri","@id":"https:\/\/blogdoprosperi.com\/#\/schema\/person\/38100755ce3601861ee4fab9b5aa78e9"},"headline":"V\u00eddeo | S\u00e3o Paulo 2 x 0 Corinthians: Coletiva Hern\u00e1n Crespo \u2013 T\u00e9cnico do S\u00e3o Paulo","datePublished":"2025-07-20T13:51:37+00:00","mainEntityOfPage":{"@id":"https:\/\/blogdoprosperi.com\/?p=53657"},"wordCount":82,"commentCount":0,"publisher":{"@id":"https:\/\/blogdoprosperi.com\/#\/schema\/person\/38100755ce3601861ee4fab9b5aa78e9"},"image":{"@id":"https:\/\/blogdoprosperi.com\/?p=53657#primaryimage"},"thumbnailUrl":"https:\/\/i0.wp.com\/blogdoprosperi.com\/wp-content\/uploads\/2025\/07\/captura-de-tela-2025-07-20-as-10.37.14.png?fit=1244%2C810&ssl=1","keywords":["brasileir\u00e3o 2025","brasileir\u00e3o2025","futebol","heernancrespo","Luciano","s\u00e0opaulo2x0corinthians","s\u00e3opaulofc"],"articleSection":["brasileir\u00e3o 2025","futebol","v\u00eddeos"],"inLanguage":"pt-BR","potentialAction":[{"@type":"CommentAction","name":"Comment","target":["https:\/\/blogdoprosperi.com\/?p=53657#respond"]}]},{"@type":"WebPage","@id":"https:\/\/blogdoprosperi.com\/?p=53657","url":"https:\/\/blogdoprosperi.com\/?p=53657","name":"V\u00eddeo | S\u00e3o Paulo 2 x 0 Corinthians: Coletiva Hern\u00e1n Crespo \u2013 T\u00e9cnico do S\u00e3o Paulo - PR\u00d3SPERI NEWS","isPartOf":{"@id":"https:\/\/blogdoprosperi.com\/#website"},"primaryImageOfPage":{"@id":"https:\/\/blogdoprosperi.com\/?p=53657#primaryimage"},"image":{"@id":"https:\/\/blogdoprosperi.com\/?p=53657#primaryimage"},"thumbnailUrl":"https:\/\/i0.wp.com\/blogdoprosperi.com\/wp-content\/uploads\/2025\/07\/captura-de-tela-2025-07-20-as-10.37.14.png?fit=1244%2C810&ssl=1","datePublished":"2025-07-20T13:51:37+00:00","breadcrumb":{"@id":"https:\/\/blogdoprosperi.com\/?p=53657#breadcrumb"},"inLanguage":"pt-BR","potentialAction":[{"@type":"ReadAction","target":["https:\/\/blogdoprosperi.com\/?p=53657"]}]},{"@type":"ImageObject","inLanguage":"pt-BR","@id":"https:\/\/blogdoprosperi.com\/?p=53657#primaryimage","url":"https:\/\/i0.wp.com\/blogdoprosperi.com\/wp-content\/uploads\/2025\/07\/captura-de-tela-2025-07-20-as-10.37.14.png?fit=1244%2C810&ssl=1","contentUrl":"https:\/\/i0.wp.com\/blogdoprosperi.com\/wp-content\/uploads\/2025\/07\/captura-de-tela-2025-07-20-as-10.37.14.png?fit=1244%2C810&ssl=1","width":1244,"height":810,"caption":"Luciano, autor dos dois gols de S\u00e3o Paulo 2 a 0 Corinthians \u2013 foto: S\u00e3o Paulo oficial"},{"@type":"BreadcrumbList","@id":"https:\/\/blogdoprosperi.com\/?p=53657#breadcrumb","itemListElement":[{"@type":"ListItem","position":1,"name":"In\u00edcio","item":"https:\/\/blogdoprosperi.com\/"},{"@type":"ListItem","position":2,"name":"V\u00eddeo | S\u00e3o Paulo 2 x 0 Corinthians: Coletiva Hern\u00e1n Crespo \u2013 T\u00e9cnico do S\u00e3o Paulo"}]},{"@type":"WebSite","@id":"https:\/\/blogdoprosperi.com\/#website","url":"https:\/\/blogdoprosperi.com\/","name":"PR\u00d3SPERI NEWS","description":"TUDO \u00c9  FUTEBOL","publisher":{"@id":"https:\/\/blogdoprosperi.com\/#\/schema\/person\/38100755ce3601861ee4fab9b5aa78e9"},"alternateName":"blogdoprosperi.com","potentialAction":[{"@type":"SearchAction","target":{"@type":"EntryPoint","urlTemplate":"https:\/\/blogdoprosperi.com\/?s={search_term_string}"},"query-input":{"@type":"PropertyValueSpecification","valueRequired":true,"valueName":"search_term_string"}}],"inLanguage":"pt-BR"},{"@type":["Person","Organization"],"@id":"https:\/\/blogdoprosperi.com\/#\/schema\/person\/38100755ce3601861ee4fab9b5aa78e9","name":"Luiz Ant\u00f4nio Pr\u00f3speri","pronouns":"ele","image":{"@type":"ImageObject","inLanguage":"pt-BR","@id":"https:\/\/i0.wp.com\/blogdoprosperi.com\/wp-content\/uploads\/2026\/05\/cropped-8059e613-6002-42fa-961e-8e275f575d71-2-5.jpg?fit=1360%2C931&ssl=1","url":"https:\/\/i0.wp.com\/blogdoprosperi.com\/wp-content\/uploads\/2026\/05\/cropped-8059e613-6002-42fa-961e-8e275f575d71-2-5.jpg?fit=1360%2C931&ssl=1","contentUrl":"https:\/\/i0.wp.com\/blogdoprosperi.com\/wp-content\/uploads\/2026\/05\/cropped-8059e613-6002-42fa-961e-8e275f575d71-2-5.jpg?fit=1360%2C931&ssl=1","width":1360,"height":931,"caption":"Luiz Ant\u00f4nio Pr\u00f3speri"},"logo":{"@id":"https:\/\/i0.wp.com\/blogdoprosperi.com\/wp-content\/uploads\/2026\/05\/cropped-8059e613-6002-42fa-961e-8e275f575d71-2-5.jpg?fit=1360%2C931&ssl=1"},"description":"Jornalista com carreira dedicada ao esporte. Cobriu 9 Copas do Mundo in loco, 1990 na It\u00e1lia, 1994 nos EUA, 1998 na Fran\u00e7a, 2002 na Coreia do Sul e Jap\u00e3o, 2006 na Alemanha, 2010 na \u00c1frica do Sul, 2014 no Brasil, 2018 na R\u00fassia e 2022 no Qatar. Eurocopas, 1992 na Su\u00e9cia e 1996 na Inglaterra. Copa das Confedera\u00e7\u00f5es de 2005 na Alemanha e 2009 na \u00c1frica do Sul. Rep\u00f3rter e Editor, trabalhou no Jornal da Tarde e Estad\u00e3o, de 1984 a fevereiro de 2016. Colunista, blogueiro. E comentarista de futebol na R\u00e1dio Estad\u00e3o, de 2013 a fevereiro de 2016. Jornalista respons\u00e1vel do \"Pr\u00f3speri News\" (blogdoprosperi.com).","sameAs":["http:\/\/blogdoprosperi.com","Luiz Pr\u00f3speri","@luiz_prosperi","https:\/\/x.com\/Luizprosperi","@prosperinacopa","luiz.prosperi@icloud.com"],"url":"https:\/\/blogdoprosperi.com\/?author=102107496"}]}},"jetpack_publicize_connections":[],"jetpack_likes_enabled":false,"jetpack_sharing_enabled":true,"jetpack_shortlink":"https:\/\/wp.me\/p7jvdk-dXr","jetpack-related-posts":[{"id":53154,"url":"https:\/\/blogdoprosperi.com\/?p=53154","url_meta":{"origin":53657,"position":0},"title":"V\u00eddeo | Flamengo 2 a 0 S\u00e3o Paulo: Coletiva Hern\u00e1n Crespo \u2013 T\u00e9cnico do S\u00e3o Paulo","author":"Luiz Ant\u00f4nio Pr\u00f3speri","date":"12 de julho de 2025","format":false,"excerpt":"Acompanhe a entrevista coletiva do t\u00e9cnico Hernan Crespo p\u00f3s-jogo Flamengo 2 a 0 S\u00e3o Paulo. V\u00eddeo oficial S\u00e3o Paulo Play:","rel":"","context":"Em &quot;brasileir\u00e3o 2025&quot;","block_context":{"text":"brasileir\u00e3o 2025","link":"https:\/\/blogdoprosperi.com\/?cat=775970846"},"img":{"alt_text":"Hernan Crespo estreia com derrota no S\u00e3o Paulo","src":"https:\/\/i0.wp.com\/blogdoprosperi.com\/wp-content\/uploads\/2025\/07\/54650403251_866b7b0740_c.jpg?fit=800%2C579&ssl=1&resize=350%2C200","width":350,"height":200,"srcset":"https:\/\/i0.wp.com\/blogdoprosperi.com\/wp-content\/uploads\/2025\/07\/54650403251_866b7b0740_c.jpg?fit=800%2C579&ssl=1&resize=350%2C200 1x, https:\/\/i0.wp.com\/blogdoprosperi.com\/wp-content\/uploads\/2025\/07\/54650403251_866b7b0740_c.jpg?fit=800%2C579&ssl=1&resize=525%2C300 1.5x, https:\/\/i0.wp.com\/blogdoprosperi.com\/wp-content\/uploads\/2025\/07\/54650403251_866b7b0740_c.jpg?fit=800%2C579&ssl=1&resize=700%2C400 2x"},"classes":[]},{"id":54060,"url":"https:\/\/blogdoprosperi.com\/?p=54060","url_meta":{"origin":53657,"position":1},"title":"Coletiva Hern\u00e1n Crespo | V\u00eddeo P\u00f3s-Jogo S\u00e3o Paulo 3 a 1 Fluminense","author":"Luiz Ant\u00f4nio Pr\u00f3speri","date":"27 de julho de 2025","format":false,"excerpt":"Acompanhe entrevista coletiva do t\u00e9cnico Hern\u00e1n Crespo p\u00f3s-jogo S\u00e3o Paulo 3 a 1 Fluminense, 17\u00aa rodada do Brasileir\u00e3o 2025. V\u00eddeo oficial TV S\u00e3o Paulo:","rel":"","context":"Em &quot;brasileir\u00e3o 2025&quot;","block_context":{"text":"brasileir\u00e3o 2025","link":"https:\/\/blogdoprosperi.com\/?cat=775970846"},"img":{"alt_text":"S\u00e3o Paulo 3 a 1 Fluminense, 17\u00aa rodada Brasileir\u00e3o 2025","src":"https:\/\/i0.wp.com\/blogdoprosperi.com\/wp-content\/uploads\/2025\/07\/pint8557-copia.jpg?fit=1200%2C800&ssl=1&resize=350%2C200","width":350,"height":200,"srcset":"https:\/\/i0.wp.com\/blogdoprosperi.com\/wp-content\/uploads\/2025\/07\/pint8557-copia.jpg?fit=1200%2C800&ssl=1&resize=350%2C200 1x, https:\/\/i0.wp.com\/blogdoprosperi.com\/wp-content\/uploads\/2025\/07\/pint8557-copia.jpg?fit=1200%2C800&ssl=1&resize=525%2C300 1.5x, https:\/\/i0.wp.com\/blogdoprosperi.com\/wp-content\/uploads\/2025\/07\/pint8557-copia.jpg?fit=1200%2C800&ssl=1&resize=700%2C400 2x, https:\/\/i0.wp.com\/blogdoprosperi.com\/wp-content\/uploads\/2025\/07\/pint8557-copia.jpg?fit=1200%2C800&ssl=1&resize=1050%2C600 3x"},"classes":[]},{"id":55045,"url":"https:\/\/blogdoprosperi.com\/?p=55045","url_meta":{"origin":53657,"position":2},"title":"Coletiva de Hernan Crespo | P\u00f3s-Jogo LDU 2 x 0 S\u00e3o Paulo \u2013 Quartas de Final da Libertadores","author":"Luiz Ant\u00f4nio Pr\u00f3speri","date":"18 de setembro de 2025","format":false,"excerpt":"Acompanhe entrevista coletiva de Hernan Crespo p\u00f3s-jogo LDU 2 x 0 S\u00e3o Paulo, jogo de ida das quartas de final da Libertadores. V\u00eddeo oficial:","rel":"","context":"Em &quot;futebol&quot;","block_context":{"text":"futebol","link":"https:\/\/blogdoprosperi.com\/?cat=53870"},"img":{"alt_text":"LDU 2 a 0 S\u00e3o Paulo","src":"https:\/\/i0.wp.com\/blogdoprosperi.com\/wp-content\/uploads\/2025\/09\/captura-de-tela-2025-09-18-as-23.19.04.png?fit=1200%2C743&ssl=1&resize=350%2C200","width":350,"height":200,"srcset":"https:\/\/i0.wp.com\/blogdoprosperi.com\/wp-content\/uploads\/2025\/09\/captura-de-tela-2025-09-18-as-23.19.04.png?fit=1200%2C743&ssl=1&resize=350%2C200 1x, https:\/\/i0.wp.com\/blogdoprosperi.com\/wp-content\/uploads\/2025\/09\/captura-de-tela-2025-09-18-as-23.19.04.png?fit=1200%2C743&ssl=1&resize=525%2C300 1.5x, https:\/\/i0.wp.com\/blogdoprosperi.com\/wp-content\/uploads\/2025\/09\/captura-de-tela-2025-09-18-as-23.19.04.png?fit=1200%2C743&ssl=1&resize=700%2C400 2x, https:\/\/i0.wp.com\/blogdoprosperi.com\/wp-content\/uploads\/2025\/09\/captura-de-tela-2025-09-18-as-23.19.04.png?fit=1200%2C743&ssl=1&resize=1050%2C600 3x"},"classes":[]},{"id":53651,"url":"https:\/\/blogdoprosperi.com\/?p=53651","url_meta":{"origin":53657,"position":3},"title":"V\u00eddeo | S\u00e3o Paulo 2 x 0 Corinthians: Acompanhe Coletiva de Dorival Junior \u2013 T\u00e9cnico do Corinthians","author":"Luiz Ant\u00f4nio Pr\u00f3speri","date":"20 de julho de 2025","format":false,"excerpt":"Acompanhe entrevista coletiva de Dorival Junior p\u00f3s-jogo S\u00e3o Paulo 2 a 0 Corinthians no s\u00e1bado (19\/7). T\u00e9cnico do Corinthians fala a respeito da substitui\u00e7\u00e3o de Memphis Depay no intervalo do jogo e analisa a derrota do Corinthians. V\u00eddeo oficial TV Corinthians:","rel":"","context":"Em &quot;brasileir\u00e3o 2025&quot;","block_context":{"text":"brasileir\u00e3o 2025","link":"https:\/\/blogdoprosperi.com\/?cat=775970846"},"img":{"alt_text":"Dorival Junior fala da substitui\u00e7\u00e3o de Memphis Depay","src":"https:\/\/i0.wp.com\/blogdoprosperi.com\/wp-content\/uploads\/2025\/07\/agenciacorinthians-foto-236602-scaled-aspect-ratio-512-320-2.webp?fit=950%2C593&ssl=1&resize=350%2C200","width":350,"height":200,"srcset":"https:\/\/i0.wp.com\/blogdoprosperi.com\/wp-content\/uploads\/2025\/07\/agenciacorinthians-foto-236602-scaled-aspect-ratio-512-320-2.webp?fit=950%2C593&ssl=1&resize=350%2C200 1x, https:\/\/i0.wp.com\/blogdoprosperi.com\/wp-content\/uploads\/2025\/07\/agenciacorinthians-foto-236602-scaled-aspect-ratio-512-320-2.webp?fit=950%2C593&ssl=1&resize=525%2C300 1.5x, https:\/\/i0.wp.com\/blogdoprosperi.com\/wp-content\/uploads\/2025\/07\/agenciacorinthians-foto-236602-scaled-aspect-ratio-512-320-2.webp?fit=950%2C593&ssl=1&resize=700%2C400 2x"},"classes":[]},{"id":51238,"url":"https:\/\/blogdoprosperi.com\/?p=51238","url_meta":{"origin":53657,"position":4},"title":"S\u00e3o Paulo Em Crise Aceita Demiss\u00e3o de Zubeld\u00eda e Corre Atr\u00e1s de Crespo","author":"Luiz Ant\u00f4nio Pr\u00f3speri","date":"16 de junho de 2025","format":false,"excerpt":"Luiz Ant\u00f4nio Pr\u00f3speri \u2013 16 junho (12h31) \u2013 S\u00e3o Paulo ter\u00e1 um novo treinador argentino. Trata-se de um t\u00e9cnico bem conhecido da torcida: Hern\u00e1n Crespo, campe\u00e3o paulista no comando do Tricolor em 2021. Crespo deve assumir o posto de Luis Zubeld\u00eda, que pediu demiss\u00e3o na manh\u00e3 desta segunda-feira (16\/6). Ap\u00f3s\u2026","rel":"","context":"Em &quot;futebol&quot;","block_context":{"text":"futebol","link":"https:\/\/blogdoprosperi.com\/?cat=53870"},"img":{"alt_text":"","src":"https:\/\/i0.wp.com\/blogdoprosperi.com\/wp-content\/uploads\/2025\/06\/captura-de-tela-2025-06-16-as-12.57.09.png?fit=1200%2C858&ssl=1&resize=350%2C200","width":350,"height":200,"srcset":"https:\/\/i0.wp.com\/blogdoprosperi.com\/wp-content\/uploads\/2025\/06\/captura-de-tela-2025-06-16-as-12.57.09.png?fit=1200%2C858&ssl=1&resize=350%2C200 1x, https:\/\/i0.wp.com\/blogdoprosperi.com\/wp-content\/uploads\/2025\/06\/captura-de-tela-2025-06-16-as-12.57.09.png?fit=1200%2C858&ssl=1&resize=525%2C300 1.5x, https:\/\/i0.wp.com\/blogdoprosperi.com\/wp-content\/uploads\/2025\/06\/captura-de-tela-2025-06-16-as-12.57.09.png?fit=1200%2C858&ssl=1&resize=700%2C400 2x, https:\/\/i0.wp.com\/blogdoprosperi.com\/wp-content\/uploads\/2025\/06\/captura-de-tela-2025-06-16-as-12.57.09.png?fit=1200%2C858&ssl=1&resize=1050%2C600 3x"},"classes":[]},{"id":56564,"url":"https:\/\/blogdoprosperi.com\/?p=56564","url_meta":{"origin":53657,"position":5},"title":"Crespo Cai no S\u00e3o Paulo e Neymar se Esconde de Ancelotti","author":"Luiz Ant\u00f4nio Pr\u00f3speri","date":"9 de mar\u00e7o de 2026","format":false,"excerpt":"Luiz Ant\u00f4nio Pr\u00f3speri \u2013 9 mar\u00e7o 2026 (17h05) \u2013 Hern\u00e1n Crespo, Filipe Luis, Fernando Diniz e Jorge Sampoli demitidos. Entram no balan\u00e7o do confuso in\u00edcio de temporada com jogos dos campeonatos Estaduais e quatro rodadas do Brasileir\u00e3o. Das cabe\u00e7as ceifadas, chama aten\u00e7\u00e3o a queda de Filipe Luis no Flamengo e\u2026","rel":"","context":"Em &quot;futebol&quot;","block_context":{"text":"futebol","link":"https:\/\/blogdoprosperi.com\/?cat=53870"},"img":{"alt_text":"Hernan Crespo estreia com derrota no S\u00e3o Paulo","src":"https:\/\/i0.wp.com\/blogdoprosperi.com\/wp-content\/uploads\/2025\/07\/54650403251_866b7b0740_c.jpg?fit=800%2C579&ssl=1&resize=350%2C200","width":350,"height":200,"srcset":"https:\/\/i0.wp.com\/blogdoprosperi.com\/wp-content\/uploads\/2025\/07\/54650403251_866b7b0740_c.jpg?fit=800%2C579&ssl=1&resize=350%2C200 1x, https:\/\/i0.wp.com\/blogdoprosperi.com\/wp-content\/uploads\/2025\/07\/54650403251_866b7b0740_c.jpg?fit=800%2C579&ssl=1&resize=525%2C300 1.5x, https:\/\/i0.wp.com\/blogdoprosperi.com\/wp-content\/uploads\/2025\/07\/54650403251_866b7b0740_c.jpg?fit=800%2C579&ssl=1&resize=700%2C400 2x"},"classes":[]}],"jetpack_featured_media_url":"https:\/\/i0.wp.com\/blogdoprosperi.com\/wp-content\/uploads\/2025\/07\/captura-de-tela-2025-07-20-as-10.37.14.png?fit=1244%2C810&ssl=1","_links":{"self":[{"href":"https:\/\/blogdoprosperi.com\/index.php?rest_route=\/wp\/v2\/posts\/53657","targetHints":{"allow":["GET"]}}],"collection":[{"href":"https:\/\/blogdoprosperi.com\/index.php?rest_route=\/wp\/v2\/posts"}],"about":[{"href":"https:\/\/blogdoprosperi.com\/index.php?rest_route=\/wp\/v2\/types\/post"}],"author":[{"embeddable":true,"href":"https:\/\/blogdoprosperi.com\/index.php?rest_route=\/wp\/v2\/users\/102107496"}],"replies":[{"embeddable":true,"href":"https:\/\/blogdoprosperi.com\/index.php?rest_route=%2Fwp%2Fv2%2Fcomments&post=53657"}],"version-history":[{"count":4,"href":"https:\/\/blogdoprosperi.com\/index.php?rest_route=\/wp\/v2\/posts\/53657\/revisions"}],"predecessor-version":[{"id":53662,"href":"https:\/\/blogdoprosperi.com\/index.php?rest_route=\/wp\/v2\/posts\/53657\/revisions\/53662"}],"wp:featuredmedia":[{"embeddable":true,"href":"https:\/\/blogdoprosperi.com\/index.php?rest_route=\/wp\/v2\/media\/53660"}],"wp:attachment":[{"href":"https:\/\/blogdoprosperi.com\/index.php?rest_route=%2Fwp%2Fv2%2Fmedia&parent=53657"}],"wp:term":[{"taxonomy":"category","embeddable":true,"href":"https:\/\/blogdoprosperi.com\/index.php?rest_route=%2Fwp%2Fv2%2Fcategories&post=53657"},{"taxonomy":"post_tag","embeddable":true,"href":"https:\/\/blogdoprosperi.com\/index.php?rest_route=%2Fwp%2Fv2%2Ftags&post=53657"}],"curies":[{"name":"wp","href":"https:\/\/api.w.org\/{rel}","templated":true}]}}