{"id":53664,"date":"2025-07-20T14:56:06","date_gmt":"2025-07-20T17:56:06","guid":{"rendered":"https:\/\/blogdoprosperi.com\/?p=53664"},"modified":"2025-07-20T14:56:06","modified_gmt":"2025-07-20T17:56:06","slug":"richard-rios-troca-palmeiras-por-benfica-e-aumenta-revoada-de-jogadores-negociados-no-brasileirao-2025","status":"publish","type":"post","link":"https:\/\/blogdoprosperi.com\/?p=53664","title":{"rendered":"Richard Rios Troca Palmeiras por Benfica e Aumenta Revoada de Jogadores Negociados no Brasileir\u00e3o 2025"},"content":{"rendered":"<p><em>Luiz Ant\u00f4nio Pr\u00f3speri \u2013 20 julho 2025 \u2013 (14h29) \u2013<\/em><\/p>\n<p>Richard Rios \u00e9 jogador do Benfica contratado a 30 milh\u00f5es de euros (R$ 194,1 milh\u00f5es) do Palmeiras. O volante colombiano deixa o futebol brasileiro na revoada de jogadores importantes negociados nesta janela de transfer\u00eancias (julho a agosto) ap\u00f3s o Mundial de Clubes.<\/p>\n<p>Sa\u00edram Estev\u00e3o (Palmeiras&gt;Chelsea), Gerson (Flamengo&gt;Zenit), John Arias (Fluminense&gt;Wolverhampton), Igor Jesus e Jair Cunha (Botafogo&gt;Nottingham Forest), Gregore (Botafogo&gt;Al-Rayyan), entre outros.<\/p>\n<p>Kaio Jorge (Cruzeiro), Yuri Alberto (Corinthians), Wesley (Flamengo) entram na fila dos que podem deixar o Brasil at\u00e9 o fim de agosto quando se fecha a janela do mercado internacional.<\/p>\n<p>\u00c9 a sina de um futebol exportador por natureza, mesmo em \u00e9poca de aumento das receitas dos clubes, algo inimagin\u00e1vel h\u00e1 pouco menos de cinco anos.<\/p>\n<p>Saem os melhores, chegam os promissores. Paraguaio atacante Ram\u00f3n Sosa no Palmeiras, meia colombiano Carrascal no Flamengo, meia argentino Montoro e voltante brasileiro Danilo no Botafogo e outros menos cotados.<\/p>\n<p>Com a sa\u00edda de Estev\u00e3o, negociado com o Chelsea em 2024 e entregue s\u00f3 agora em julho 2025, Brasil n\u00e3o tem mais nenhum craque precoce a exportar.<\/p>\n<p>Maioria dos jogadores de clubes brasileiros com mercado l\u00e1 fora j\u00e1 passa dos 23 anos de idade.<\/p>\n<p>Passamos a vender estrangeiros com carreira consolidada aqui. Veja os casos dos colombianos Richard R\u00edos e John Arias, titulares da Sele\u00e7\u00e3o da Col\u00f4mbia, e negociados nesta semana por Palmeiras e Fluminense.<\/p>\n<p>E ainda resgatamos veteranos \u00e0 beira do ocaso de suas carreiras. Safra especial: Neymar (Santos), Memphis Depay (Corinthians), Thiago Silva e Fabio (Fluminense), Luciano, Oscar e Lucas Moura (S\u00e3o Paulo), Hulk e Dudu (Atl\u00e9tico-MG), Marinho (Fortaleza), Everton Ribeiro (Bahia).<\/p>\n<p>Valor de Mercado do Brasileir\u00e3o 2025 alcan\u00e7a em julho a cifra de 1,76 bilh\u00e3o de euros (R$ 11,38 bilh\u00f5es), avalia o site de finan\u00e7as de futebol <em>TransferMarkt.<\/em> Campeonato nacional soma 664 jogadores registrados \u2013 sendo 142 estrangeiros (21% do total) \u2013 nos 20 clubes participantes.<\/p>\n<p>Entre os treinadores, 15 s\u00e3o brasileiros e cinco estrangeiros \u2013 portugueses Abel Ferreira, Leonardo Jardim e Renato Paiva, argentino Hernan Crespo e o italiano Davide Ancelotti.<\/p>\n<p>Favor n\u00e3o esquecer que a Sele\u00e7\u00e3o Brasileira est\u00e1 sob comando do t\u00e9cnico italiano Carlo Ancelotti.<\/p>\n<p>E neste domingo, morre Jos\u00e9 Maria Marin, 93 anos, ex-presidente da CBF (2012 a 2015), banido do futebol pela Fifa por corrup\u00e7\u00e3o, carreira no futebol paulista e pol\u00edtica em S\u00e3o Paulo.<\/p>\n<p>E La Nave Va. Bom domingo. Boa Sorte.<\/p>\n","protected":false},"excerpt":{"rendered":"<p>Luiz Ant\u00f4nio Pr\u00f3speri \u2013 20 julho 2025 \u2013 (14h29) \u2013 Richard Rios \u00e9 jogador do Benfica contratado a [&hellip;]<\/p>\n","protected":false},"author":102107496,"featured_media":53679,"comment_status":"open","ping_status":"open","sticky":false,"template":"","format":"standard","meta":{"_coblocks_attr":"","_coblocks_dimensions":"","_coblocks_responsive_height":"","_coblocks_accordion_ie_support":"","_jetpack_newsletter_access":"","_jetpack_dont_email_post_to_subs":false,"_jetpack_newsletter_tier_id":0,"_jetpack_memberships_contains_paywalled_content":false,"_wpcom_ai_launchpad_first_post":false,"_jetpack_feature_clip_id":0,"_jetpack_memberships_contains_paid_content":false,"footnotes":"","jetpack_publicize_message":"","jetpack_publicize_feature_enabled":true,"jetpack_social_post_already_shared":false,"jetpack_social_options":{"image_generator_settings":{"template":"highway","default_image_id":0,"font":"","enabled":false},"version":2},"jetpack_post_was_ever_published":false},"categories":[775970846,53870],"tags":[72238077,789560584,780173253,789560569,782777576,789560560,789560573,4112146,782777575,706417660],"class_list":["post-53664","post","type-post","status-publish","format-standard","has-post-thumbnail","hentry","category-brasileirao-2025","category-futebol","tag-sepalmeiras","tag-brasileirao-2025","tag-brasileirao2025","tag-cbf","tag-danilobotafogo","tag-futebol","tag-luiz-antonio-prosperi","tag-neymar","tag-palmeirasxatleticomg","tag-richardrios"],"yoast_head":"<!-- This site is optimized with the Yoast SEO plugin v28.3 - https:\/\/yoast.com\/product\/yoast-seo-wordpress\/ -->\n<title>Richard Rios Troca Palmeiras por Benfica e Aumenta Revoada de Jogadores Negociados no Brasileir\u00e3o 2025 - PR\u00d3SPERI NEWS<\/title>\n<meta name=\"robots\" content=\"index, follow, max-snippet:-1, max-image-preview:large, max-video-preview:-1\" \/>\n<link rel=\"canonical\" href=\"https:\/\/blogdoprosperi.com\/?p=53664\" \/>\n<meta property=\"og:locale\" content=\"pt_BR\" \/>\n<meta property=\"og:type\" content=\"article\" \/>\n<meta property=\"og:title\" content=\"Richard Rios Troca Palmeiras por Benfica e Aumenta Revoada de Jogadores Negociados no Brasileir\u00e3o 2025 - PR\u00d3SPERI NEWS\" \/>\n<meta property=\"og:description\" content=\"Luiz Ant\u00f4nio Pr\u00f3speri \u2013 20 julho 2025 \u2013 (14h29) \u2013 Richard Rios \u00e9 jogador do Benfica contratado a [&hellip;]\" \/>\n<meta property=\"og:url\" content=\"https:\/\/blogdoprosperi.com\/?p=53664\" \/>\n<meta property=\"og:site_name\" content=\"PR\u00d3SPERI NEWS\" \/>\n<meta property=\"article:publisher\" content=\"Luiz Pr\u00f3speri\" \/>\n<meta property=\"article:author\" content=\"Luiz Pr\u00f3speri\" \/>\n<meta property=\"article:published_time\" content=\"2025-07-20T17:56:06+00:00\" \/>\n<meta property=\"og:image\" content=\"https:\/\/i0.wp.com\/blogdoprosperi.com\/wp-content\/uploads\/2025\/07\/captura-de-tela-2025-07-20-as-14.51.15.png?fit=1018%2C696&ssl=1\" \/>\n\t<meta property=\"og:image:width\" content=\"1018\" \/>\n\t<meta property=\"og:image:height\" content=\"696\" \/>\n\t<meta property=\"og:image:type\" content=\"image\/png\" \/>\n<meta name=\"author\" content=\"Luiz Ant\u00f4nio Pr\u00f3speri\" \/>\n<meta name=\"twitter:card\" content=\"summary_large_image\" \/>\n<meta name=\"twitter:creator\" content=\"@Luizprosperi\" \/>\n<meta name=\"twitter:site\" content=\"@Luizprosperi\" \/>\n<meta name=\"twitter:label1\" content=\"Escrito por\" \/>\n\t<meta name=\"twitter:data1\" content=\"Luiz Ant\u00f4nio Pr\u00f3speri\" \/>\n\t<meta name=\"twitter:label2\" content=\"Est. tempo de leitura\" \/>\n\t<meta name=\"twitter:data2\" content=\"2 minutos\" \/>\n<script type=\"application\/ld+json\" class=\"yoast-schema-graph\">{\"@context\":\"https:\\\/\\\/schema.org\",\"@graph\":[{\"@type\":\"Article\",\"@id\":\"https:\\\/\\\/blogdoprosperi.com\\\/?p=53664#article\",\"isPartOf\":{\"@id\":\"https:\\\/\\\/blogdoprosperi.com\\\/?p=53664\"},\"author\":{\"name\":\"Luiz Ant\u00f4nio Pr\u00f3speri\",\"@id\":\"https:\\\/\\\/blogdoprosperi.com\\\/#\\\/schema\\\/person\\\/38100755ce3601861ee4fab9b5aa78e9\"},\"headline\":\"Richard Rios Troca Palmeiras por Benfica e Aumenta Revoada de Jogadores Negociados no Brasileir\u00e3o 2025\",\"datePublished\":\"2025-07-20T17:56:06+00:00\",\"mainEntityOfPage\":{\"@id\":\"https:\\\/\\\/blogdoprosperi.com\\\/?p=53664\"},\"wordCount\":424,\"commentCount\":0,\"publisher\":{\"@id\":\"https:\\\/\\\/blogdoprosperi.com\\\/#\\\/schema\\\/person\\\/38100755ce3601861ee4fab9b5aa78e9\"},\"image\":{\"@id\":\"https:\\\/\\\/blogdoprosperi.com\\\/?p=53664#primaryimage\"},\"thumbnailUrl\":\"https:\\\/\\\/i0.wp.com\\\/blogdoprosperi.com\\\/wp-content\\\/uploads\\\/2025\\\/07\\\/captura-de-tela-2025-07-20-as-14.51.15.png?fit=1018%2C696&ssl=1\",\"keywords\":[\"#sepalmeiras\",\"brasileir\u00e3o 2025\",\"brasileir\u00e3o2025\",\"CBF\",\"danilobotafogo\",\"futebol\",\"Luiz Ant\u00f4nio Pr\u00f3speri\",\"Neymar\",\"palmeirasxatl\u00e9ticomg\",\"RichardRios\"],\"articleSection\":[\"brasileir\u00e3o 2025\",\"futebol\"],\"inLanguage\":\"pt-BR\",\"potentialAction\":[{\"@type\":\"CommentAction\",\"name\":\"Comment\",\"target\":[\"https:\\\/\\\/blogdoprosperi.com\\\/?p=53664#respond\"]}]},{\"@type\":\"WebPage\",\"@id\":\"https:\\\/\\\/blogdoprosperi.com\\\/?p=53664\",\"url\":\"https:\\\/\\\/blogdoprosperi.com\\\/?p=53664\",\"name\":\"Richard Rios Troca Palmeiras por Benfica e Aumenta Revoada de Jogadores Negociados no Brasileir\u00e3o 2025 - PR\u00d3SPERI NEWS\",\"isPartOf\":{\"@id\":\"https:\\\/\\\/blogdoprosperi.com\\\/#website\"},\"primaryImageOfPage\":{\"@id\":\"https:\\\/\\\/blogdoprosperi.com\\\/?p=53664#primaryimage\"},\"image\":{\"@id\":\"https:\\\/\\\/blogdoprosperi.com\\\/?p=53664#primaryimage\"},\"thumbnailUrl\":\"https:\\\/\\\/i0.wp.com\\\/blogdoprosperi.com\\\/wp-content\\\/uploads\\\/2025\\\/07\\\/captura-de-tela-2025-07-20-as-14.51.15.png?fit=1018%2C696&ssl=1\",\"datePublished\":\"2025-07-20T17:56:06+00:00\",\"breadcrumb\":{\"@id\":\"https:\\\/\\\/blogdoprosperi.com\\\/?p=53664#breadcrumb\"},\"inLanguage\":\"pt-BR\",\"potentialAction\":[{\"@type\":\"ReadAction\",\"target\":[\"https:\\\/\\\/blogdoprosperi.com\\\/?p=53664\"]}]},{\"@type\":\"ImageObject\",\"inLanguage\":\"pt-BR\",\"@id\":\"https:\\\/\\\/blogdoprosperi.com\\\/?p=53664#primaryimage\",\"url\":\"https:\\\/\\\/i0.wp.com\\\/blogdoprosperi.com\\\/wp-content\\\/uploads\\\/2025\\\/07\\\/captura-de-tela-2025-07-20-as-14.51.15.png?fit=1018%2C696&ssl=1\",\"contentUrl\":\"https:\\\/\\\/i0.wp.com\\\/blogdoprosperi.com\\\/wp-content\\\/uploads\\\/2025\\\/07\\\/captura-de-tela-2025-07-20-as-14.51.15.png?fit=1018%2C696&ssl=1\",\"width\":1018,\"height\":696,\"caption\":\"Richard Rios \u2013 imagem: reprodu\u00e7\u00e3o redes sociais Fabrizio Romano\"},{\"@type\":\"BreadcrumbList\",\"@id\":\"https:\\\/\\\/blogdoprosperi.com\\\/?p=53664#breadcrumb\",\"itemListElement\":[{\"@type\":\"ListItem\",\"position\":1,\"name\":\"In\u00edcio\",\"item\":\"https:\\\/\\\/blogdoprosperi.com\\\/\"},{\"@type\":\"ListItem\",\"position\":2,\"name\":\"Richard Rios Troca Palmeiras por Benfica e Aumenta Revoada de Jogadores Negociados no Brasileir\u00e3o 2025\"}]},{\"@type\":\"WebSite\",\"@id\":\"https:\\\/\\\/blogdoprosperi.com\\\/#website\",\"url\":\"https:\\\/\\\/blogdoprosperi.com\\\/\",\"name\":\"PR\u00d3SPERI NEWS\",\"description\":\"TUDO \u00c9  FUTEBOL\",\"publisher\":{\"@id\":\"https:\\\/\\\/blogdoprosperi.com\\\/#\\\/schema\\\/person\\\/38100755ce3601861ee4fab9b5aa78e9\"},\"alternateName\":\"blogdoprosperi.com\",\"potentialAction\":[{\"@type\":\"SearchAction\",\"target\":{\"@type\":\"EntryPoint\",\"urlTemplate\":\"https:\\\/\\\/blogdoprosperi.com\\\/?s={search_term_string}\"},\"query-input\":{\"@type\":\"PropertyValueSpecification\",\"valueRequired\":true,\"valueName\":\"search_term_string\"}}],\"inLanguage\":\"pt-BR\"},{\"@type\":[\"Person\",\"Organization\"],\"@id\":\"https:\\\/\\\/blogdoprosperi.com\\\/#\\\/schema\\\/person\\\/38100755ce3601861ee4fab9b5aa78e9\",\"name\":\"Luiz Ant\u00f4nio Pr\u00f3speri\",\"pronouns\":\"ele\",\"image\":{\"@type\":\"ImageObject\",\"inLanguage\":\"pt-BR\",\"@id\":\"https:\\\/\\\/i0.wp.com\\\/blogdoprosperi.com\\\/wp-content\\\/uploads\\\/2026\\\/05\\\/cropped-8059e613-6002-42fa-961e-8e275f575d71-2-5.jpg?fit=1360%2C931&ssl=1\",\"url\":\"https:\\\/\\\/i0.wp.com\\\/blogdoprosperi.com\\\/wp-content\\\/uploads\\\/2026\\\/05\\\/cropped-8059e613-6002-42fa-961e-8e275f575d71-2-5.jpg?fit=1360%2C931&ssl=1\",\"contentUrl\":\"https:\\\/\\\/i0.wp.com\\\/blogdoprosperi.com\\\/wp-content\\\/uploads\\\/2026\\\/05\\\/cropped-8059e613-6002-42fa-961e-8e275f575d71-2-5.jpg?fit=1360%2C931&ssl=1\",\"width\":1360,\"height\":931,\"caption\":\"Luiz Ant\u00f4nio Pr\u00f3speri\"},\"logo\":{\"@id\":\"https:\\\/\\\/i0.wp.com\\\/blogdoprosperi.com\\\/wp-content\\\/uploads\\\/2026\\\/05\\\/cropped-8059e613-6002-42fa-961e-8e275f575d71-2-5.jpg?fit=1360%2C931&ssl=1\"},\"description\":\"Jornalista com carreira dedicada ao esporte. Cobriu 9 Copas do Mundo in loco, 1990 na It\u00e1lia, 1994 nos EUA, 1998 na Fran\u00e7a, 2002 na Coreia do Sul e Jap\u00e3o, 2006 na Alemanha, 2010 na \u00c1frica do Sul, 2014 no Brasil, 2018 na R\u00fassia e 2022 no Qatar. Eurocopas, 1992 na Su\u00e9cia e 1996 na Inglaterra. Copa das Confedera\u00e7\u00f5es de 2005 na Alemanha e 2009 na \u00c1frica do Sul. Rep\u00f3rter e Editor, trabalhou no Jornal da Tarde e Estad\u00e3o, de 1984 a fevereiro de 2016. Colunista, blogueiro. E comentarista de futebol na R\u00e1dio Estad\u00e3o, de 2013 a fevereiro de 2016. Jornalista respons\u00e1vel do \\\"Pr\u00f3speri News\\\" (blogdoprosperi.com).\",\"sameAs\":[\"http:\\\/\\\/blogdoprosperi.com\",\"Luiz Pr\u00f3speri\",\"@luiz_prosperi\",\"https:\\\/\\\/x.com\\\/Luizprosperi\",\"@prosperinacopa\",\"luiz.prosperi@icloud.com\"],\"url\":\"https:\\\/\\\/blogdoprosperi.com\\\/?author=102107496\"}]}<\/script>\n<!-- \/ Yoast SEO plugin. -->","yoast_head_json":{"title":"Richard Rios Troca Palmeiras por Benfica e Aumenta Revoada de Jogadores Negociados no Brasileir\u00e3o 2025 - PR\u00d3SPERI NEWS","robots":{"index":"index","follow":"follow","max-snippet":"max-snippet:-1","max-image-preview":"max-image-preview:large","max-video-preview":"max-video-preview:-1"},"canonical":"https:\/\/blogdoprosperi.com\/?p=53664","og_locale":"pt_BR","og_type":"article","og_title":"Richard Rios Troca Palmeiras por Benfica e Aumenta Revoada de Jogadores Negociados no Brasileir\u00e3o 2025 - PR\u00d3SPERI NEWS","og_description":"Luiz Ant\u00f4nio Pr\u00f3speri \u2013 20 julho 2025 \u2013 (14h29) \u2013 Richard Rios \u00e9 jogador do Benfica contratado a [&hellip;]","og_url":"https:\/\/blogdoprosperi.com\/?p=53664","og_site_name":"PR\u00d3SPERI NEWS","article_publisher":"Luiz Pr\u00f3speri","article_author":"Luiz Pr\u00f3speri","article_published_time":"2025-07-20T17:56:06+00:00","og_image":[{"width":1018,"height":696,"url":"https:\/\/i0.wp.com\/blogdoprosperi.com\/wp-content\/uploads\/2025\/07\/captura-de-tela-2025-07-20-as-14.51.15.png?fit=1018%2C696&ssl=1","type":"image\/png"}],"author":"Luiz Ant\u00f4nio Pr\u00f3speri","twitter_card":"summary_large_image","twitter_creator":"@Luizprosperi","twitter_site":"@Luizprosperi","twitter_misc":{"Escrito por":"Luiz Ant\u00f4nio Pr\u00f3speri","Est. tempo de leitura":"2 minutos"},"schema":{"@context":"https:\/\/schema.org","@graph":[{"@type":"Article","@id":"https:\/\/blogdoprosperi.com\/?p=53664#article","isPartOf":{"@id":"https:\/\/blogdoprosperi.com\/?p=53664"},"author":{"name":"Luiz Ant\u00f4nio Pr\u00f3speri","@id":"https:\/\/blogdoprosperi.com\/#\/schema\/person\/38100755ce3601861ee4fab9b5aa78e9"},"headline":"Richard Rios Troca Palmeiras por Benfica e Aumenta Revoada de Jogadores Negociados no Brasileir\u00e3o 2025","datePublished":"2025-07-20T17:56:06+00:00","mainEntityOfPage":{"@id":"https:\/\/blogdoprosperi.com\/?p=53664"},"wordCount":424,"commentCount":0,"publisher":{"@id":"https:\/\/blogdoprosperi.com\/#\/schema\/person\/38100755ce3601861ee4fab9b5aa78e9"},"image":{"@id":"https:\/\/blogdoprosperi.com\/?p=53664#primaryimage"},"thumbnailUrl":"https:\/\/i0.wp.com\/blogdoprosperi.com\/wp-content\/uploads\/2025\/07\/captura-de-tela-2025-07-20-as-14.51.15.png?fit=1018%2C696&ssl=1","keywords":["#sepalmeiras","brasileir\u00e3o 2025","brasileir\u00e3o2025","CBF","danilobotafogo","futebol","Luiz Ant\u00f4nio Pr\u00f3speri","Neymar","palmeirasxatl\u00e9ticomg","RichardRios"],"articleSection":["brasileir\u00e3o 2025","futebol"],"inLanguage":"pt-BR","potentialAction":[{"@type":"CommentAction","name":"Comment","target":["https:\/\/blogdoprosperi.com\/?p=53664#respond"]}]},{"@type":"WebPage","@id":"https:\/\/blogdoprosperi.com\/?p=53664","url":"https:\/\/blogdoprosperi.com\/?p=53664","name":"Richard Rios Troca Palmeiras por Benfica e Aumenta Revoada de Jogadores Negociados no Brasileir\u00e3o 2025 - PR\u00d3SPERI NEWS","isPartOf":{"@id":"https:\/\/blogdoprosperi.com\/#website"},"primaryImageOfPage":{"@id":"https:\/\/blogdoprosperi.com\/?p=53664#primaryimage"},"image":{"@id":"https:\/\/blogdoprosperi.com\/?p=53664#primaryimage"},"thumbnailUrl":"https:\/\/i0.wp.com\/blogdoprosperi.com\/wp-content\/uploads\/2025\/07\/captura-de-tela-2025-07-20-as-14.51.15.png?fit=1018%2C696&ssl=1","datePublished":"2025-07-20T17:56:06+00:00","breadcrumb":{"@id":"https:\/\/blogdoprosperi.com\/?p=53664#breadcrumb"},"inLanguage":"pt-BR","potentialAction":[{"@type":"ReadAction","target":["https:\/\/blogdoprosperi.com\/?p=53664"]}]},{"@type":"ImageObject","inLanguage":"pt-BR","@id":"https:\/\/blogdoprosperi.com\/?p=53664#primaryimage","url":"https:\/\/i0.wp.com\/blogdoprosperi.com\/wp-content\/uploads\/2025\/07\/captura-de-tela-2025-07-20-as-14.51.15.png?fit=1018%2C696&ssl=1","contentUrl":"https:\/\/i0.wp.com\/blogdoprosperi.com\/wp-content\/uploads\/2025\/07\/captura-de-tela-2025-07-20-as-14.51.15.png?fit=1018%2C696&ssl=1","width":1018,"height":696,"caption":"Richard Rios \u2013 imagem: reprodu\u00e7\u00e3o redes sociais Fabrizio Romano"},{"@type":"BreadcrumbList","@id":"https:\/\/blogdoprosperi.com\/?p=53664#breadcrumb","itemListElement":[{"@type":"ListItem","position":1,"name":"In\u00edcio","item":"https:\/\/blogdoprosperi.com\/"},{"@type":"ListItem","position":2,"name":"Richard Rios Troca Palmeiras por Benfica e Aumenta Revoada de Jogadores Negociados no Brasileir\u00e3o 2025"}]},{"@type":"WebSite","@id":"https:\/\/blogdoprosperi.com\/#website","url":"https:\/\/blogdoprosperi.com\/","name":"PR\u00d3SPERI NEWS","description":"TUDO \u00c9  FUTEBOL","publisher":{"@id":"https:\/\/blogdoprosperi.com\/#\/schema\/person\/38100755ce3601861ee4fab9b5aa78e9"},"alternateName":"blogdoprosperi.com","potentialAction":[{"@type":"SearchAction","target":{"@type":"EntryPoint","urlTemplate":"https:\/\/blogdoprosperi.com\/?s={search_term_string}"},"query-input":{"@type":"PropertyValueSpecification","valueRequired":true,"valueName":"search_term_string"}}],"inLanguage":"pt-BR"},{"@type":["Person","Organization"],"@id":"https:\/\/blogdoprosperi.com\/#\/schema\/person\/38100755ce3601861ee4fab9b5aa78e9","name":"Luiz Ant\u00f4nio Pr\u00f3speri","pronouns":"ele","image":{"@type":"ImageObject","inLanguage":"pt-BR","@id":"https:\/\/i0.wp.com\/blogdoprosperi.com\/wp-content\/uploads\/2026\/05\/cropped-8059e613-6002-42fa-961e-8e275f575d71-2-5.jpg?fit=1360%2C931&ssl=1","url":"https:\/\/i0.wp.com\/blogdoprosperi.com\/wp-content\/uploads\/2026\/05\/cropped-8059e613-6002-42fa-961e-8e275f575d71-2-5.jpg?fit=1360%2C931&ssl=1","contentUrl":"https:\/\/i0.wp.com\/blogdoprosperi.com\/wp-content\/uploads\/2026\/05\/cropped-8059e613-6002-42fa-961e-8e275f575d71-2-5.jpg?fit=1360%2C931&ssl=1","width":1360,"height":931,"caption":"Luiz Ant\u00f4nio Pr\u00f3speri"},"logo":{"@id":"https:\/\/i0.wp.com\/blogdoprosperi.com\/wp-content\/uploads\/2026\/05\/cropped-8059e613-6002-42fa-961e-8e275f575d71-2-5.jpg?fit=1360%2C931&ssl=1"},"description":"Jornalista com carreira dedicada ao esporte. Cobriu 9 Copas do Mundo in loco, 1990 na It\u00e1lia, 1994 nos EUA, 1998 na Fran\u00e7a, 2002 na Coreia do Sul e Jap\u00e3o, 2006 na Alemanha, 2010 na \u00c1frica do Sul, 2014 no Brasil, 2018 na R\u00fassia e 2022 no Qatar. Eurocopas, 1992 na Su\u00e9cia e 1996 na Inglaterra. Copa das Confedera\u00e7\u00f5es de 2005 na Alemanha e 2009 na \u00c1frica do Sul. Rep\u00f3rter e Editor, trabalhou no Jornal da Tarde e Estad\u00e3o, de 1984 a fevereiro de 2016. Colunista, blogueiro. E comentarista de futebol na R\u00e1dio Estad\u00e3o, de 2013 a fevereiro de 2016. Jornalista respons\u00e1vel do \"Pr\u00f3speri News\" (blogdoprosperi.com).","sameAs":["http:\/\/blogdoprosperi.com","Luiz Pr\u00f3speri","@luiz_prosperi","https:\/\/x.com\/Luizprosperi","@prosperinacopa","luiz.prosperi@icloud.com"],"url":"https:\/\/blogdoprosperi.com\/?author=102107496"}]}},"jetpack_publicize_connections":[],"jetpack_likes_enabled":false,"jetpack_sharing_enabled":true,"jetpack_shortlink":"https:\/\/wp.me\/p7jvdk-dXy","jetpack-related-posts":[{"id":44904,"url":"https:\/\/blogdoprosperi.com\/?p=44904","url_meta":{"origin":53664,"position":0},"title":"Janela de Transfer\u00eancias: Brasil Movimenta R$ 1 bilh\u00e3o na Contrata\u00e7\u00e3o de Jogadores, Botafogo \u00e9 o Maior Gastador","author":"Luiz Ant\u00f4nio Pr\u00f3speri","date":"3 de setembro de 2024","format":false,"excerpt":"Luiz Ant\u00f4nio Pr\u00f3speri \u2013 3 setembro (atualizado 19h40) Janela de transfer\u00eancias de jogadores no Brasil fechou \u00e0 meia-noite de segunda-feira (02\/9). Os 20 clubes da S\u00e9rie A do Brasileir\u00e3o-2024 movimentaram pouco mais de R$ 1,02 bilh\u00e3o na contrata\u00e7\u00e3o de 102 refor\u00e7os. As cinco principais ligas (Inglaterra, Alemanha, Espanha, It\u00e1lia e\u2026","rel":"","context":"Em &quot;futebol&quot;","block_context":{"text":"futebol","link":"https:\/\/blogdoprosperi.com\/?cat=53870"},"img":{"alt_text":"Botafogo lidera janela de transfer\u00eancia Brasileir\u00e3o","src":"https:\/\/i0.wp.com\/blogdoprosperi.com\/wp-content\/uploads\/2024\/08\/53939474383_d4131fa0d5_k.jpg?fit=1200%2C800&ssl=1&resize=350%2C200","width":350,"height":200,"srcset":"https:\/\/i0.wp.com\/blogdoprosperi.com\/wp-content\/uploads\/2024\/08\/53939474383_d4131fa0d5_k.jpg?fit=1200%2C800&ssl=1&resize=350%2C200 1x, https:\/\/i0.wp.com\/blogdoprosperi.com\/wp-content\/uploads\/2024\/08\/53939474383_d4131fa0d5_k.jpg?fit=1200%2C800&ssl=1&resize=525%2C300 1.5x, https:\/\/i0.wp.com\/blogdoprosperi.com\/wp-content\/uploads\/2024\/08\/53939474383_d4131fa0d5_k.jpg?fit=1200%2C800&ssl=1&resize=700%2C400 2x, https:\/\/i0.wp.com\/blogdoprosperi.com\/wp-content\/uploads\/2024\/08\/53939474383_d4131fa0d5_k.jpg?fit=1200%2C800&ssl=1&resize=1050%2C600 3x"},"classes":[]},{"id":54561,"url":"https:\/\/blogdoprosperi.com\/?p=54561","url_meta":{"origin":53664,"position":1},"title":"Brasileir\u00e3o | Segundo Turno Come\u00e7a neste Fim de Semana com Favoritos de Sempre e Grana Alta em Refor\u00e7os","author":"Luiz Ant\u00f4nio Pr\u00f3speri","date":"16 de agosto de 2025","format":false,"excerpt":"Luiz Ant\u00f4nio Pr\u00f3speri \u2013 16 agosto 2025 (10h57) \u2013 Brasileir\u00e3o entra no segundo turno neste fim de semana ainda com times devendo jogos do primeiro. A maioria dos 20 clubes n\u00e3o tem 19 jogos. Flamengo lidera, Cruzeiro \u00e9 o segundo e o Palmeiras, o terceiro. Os tr\u00eas abrem a segunda\u2026","rel":"","context":"Em &quot;futebol&quot;","block_context":{"text":"futebol","link":"https:\/\/blogdoprosperi.com\/?cat=53870"},"img":{"alt_text":"Flamengo lidera Brasileir\u00e3o que entra no segundo turno","src":"https:\/\/i0.wp.com\/blogdoprosperi.com\/wp-content\/uploads\/2025\/06\/filipe-luis-flamengo-lafc-mundial-aspect-ratio-512-320.webp?fit=950%2C593&ssl=1&resize=350%2C200","width":350,"height":200,"srcset":"https:\/\/i0.wp.com\/blogdoprosperi.com\/wp-content\/uploads\/2025\/06\/filipe-luis-flamengo-lafc-mundial-aspect-ratio-512-320.webp?fit=950%2C593&ssl=1&resize=350%2C200 1x, https:\/\/i0.wp.com\/blogdoprosperi.com\/wp-content\/uploads\/2025\/06\/filipe-luis-flamengo-lafc-mundial-aspect-ratio-512-320.webp?fit=950%2C593&ssl=1&resize=525%2C300 1.5x, https:\/\/i0.wp.com\/blogdoprosperi.com\/wp-content\/uploads\/2025\/06\/filipe-luis-flamengo-lafc-mundial-aspect-ratio-512-320.webp?fit=950%2C593&ssl=1&resize=700%2C400 2x"},"classes":[]},{"id":44333,"url":"https:\/\/blogdoprosperi.com\/?p=44333","url_meta":{"origin":53664,"position":2},"title":"Copa do Brasil \u2013 Flamengo x Palmeiras: a dura caminhada de Abel Ferreira at\u00e9 o topo da montanha","author":"Luiz Ant\u00f4nio Pr\u00f3speri","date":"18 de julho de 2024","format":false,"excerpt":"Sorteio da Copa do Brasil tem confronto Palmeiras x Flamengo nas oitavas de final. Um deles, apontados como os mais poderosos clubes brasileiros, vai ficar no meio do caminho. E perder a oportunidade de embolsar cerca de 94 milh\u00f5es na soma da premia\u00e7\u00e3o total da CB. Palmeiras decide a vaga\u2026","rel":"","context":"Em &quot;futebol&quot;","block_context":{"text":"futebol","link":"https:\/\/blogdoprosperi.com\/?cat=53870"},"img":{"alt_text":"","src":"https:\/\/i0.wp.com\/blogdoprosperi.com\/wp-content\/uploads\/2024\/07\/zyqmery5.jpeg?fit=600%2C375&ssl=1&resize=350%2C200","width":350,"height":200,"srcset":"https:\/\/i0.wp.com\/blogdoprosperi.com\/wp-content\/uploads\/2024\/07\/zyqmery5.jpeg?fit=600%2C375&ssl=1&resize=350%2C200 1x, https:\/\/i0.wp.com\/blogdoprosperi.com\/wp-content\/uploads\/2024\/07\/zyqmery5.jpeg?fit=600%2C375&ssl=1&resize=525%2C300 1.5x"},"classes":[]},{"id":46834,"url":"https:\/\/blogdoprosperi.com\/?p=46834","url_meta":{"origin":53664,"position":3},"title":"\u00c9 Tempo de Botafogo","author":"Luiz Ant\u00f4nio Pr\u00f3speri","date":"8 de dezembro de 2024","format":false,"excerpt":"Luiz Ant\u00f4nio Pr\u00f3speri \u2013 8 dezembro (19h30) \u2013 Botafogo \u00e9 o melhor time do futebol brasileiro 2024. Leva, com sobra, o Brasileir\u00e3o 2024 depois de uma semana lustrando a ta\u00e7a in\u00e9dita em sua hist\u00f3ria de campe\u00e3o da Libertadores da Am\u00e9rica. Futebol feito com muito dinheiro de um norte-americano fan\u00e1tico por\u2026","rel":"","context":"Em &quot;futebol&quot;","block_context":{"text":"futebol","link":"https:\/\/blogdoprosperi.com\/?cat=53870"},"img":{"alt_text":"","src":"https:\/\/i0.wp.com\/blogdoprosperi.com\/wp-content\/uploads\/2024\/12\/f7486da3e750497fa4e3b306890b1c43-1.png?fit=1200%2C593&ssl=1&resize=350%2C200","width":350,"height":200,"srcset":"https:\/\/i0.wp.com\/blogdoprosperi.com\/wp-content\/uploads\/2024\/12\/f7486da3e750497fa4e3b306890b1c43-1.png?fit=1200%2C593&ssl=1&resize=350%2C200 1x, https:\/\/i0.wp.com\/blogdoprosperi.com\/wp-content\/uploads\/2024\/12\/f7486da3e750497fa4e3b306890b1c43-1.png?fit=1200%2C593&ssl=1&resize=525%2C300 1.5x, https:\/\/i0.wp.com\/blogdoprosperi.com\/wp-content\/uploads\/2024\/12\/f7486da3e750497fa4e3b306890b1c43-1.png?fit=1200%2C593&ssl=1&resize=700%2C400 2x, https:\/\/i0.wp.com\/blogdoprosperi.com\/wp-content\/uploads\/2024\/12\/f7486da3e750497fa4e3b306890b1c43-1.png?fit=1200%2C593&ssl=1&resize=1050%2C600 3x"},"classes":[]},{"id":46525,"url":"https:\/\/blogdoprosperi.com\/?p=46525","url_meta":{"origin":53664,"position":4},"title":"Palmeiras e Botafogo \u2013 Decis\u00e3o | Time de Abel Larga na Pole, Artur Acusa Golpe","author":"Luiz Ant\u00f4nio Pr\u00f3speri","date":"25 de novembro de 2024","format":false,"excerpt":"Luiz Ant\u00f4nio Pr\u00f3speri \u2013 25 novembro \u2013 atualizado 26 novembro (12h40) \u2013 Palmeiras e Botafogo decidem Brasileir\u00e3o 2024 ter\u00e7a-feira (26\/11) na casa alviverde. Iguais no n\u00famero de pontos (70 a 70), time paulista tem vantagem no crit\u00e9rio de desempate com uma vit\u00f3ria a mais (21 a 20). Matem\u00e1ticos e analistas\u2026","rel":"","context":"Em &quot;futebol&quot;","block_context":{"text":"futebol","link":"https:\/\/blogdoprosperi.com\/?cat=53870"},"img":{"alt_text":"Time de Abel Ferreira larga na frente contra Botafogo","src":"https:\/\/i0.wp.com\/blogdoprosperi.com\/wp-content\/uploads\/2024\/11\/54160663650_ea2b7b6b97_h.jpg?fit=1200%2C675&ssl=1&resize=350%2C200","width":350,"height":200,"srcset":"https:\/\/i0.wp.com\/blogdoprosperi.com\/wp-content\/uploads\/2024\/11\/54160663650_ea2b7b6b97_h.jpg?fit=1200%2C675&ssl=1&resize=350%2C200 1x, https:\/\/i0.wp.com\/blogdoprosperi.com\/wp-content\/uploads\/2024\/11\/54160663650_ea2b7b6b97_h.jpg?fit=1200%2C675&ssl=1&resize=525%2C300 1.5x, https:\/\/i0.wp.com\/blogdoprosperi.com\/wp-content\/uploads\/2024\/11\/54160663650_ea2b7b6b97_h.jpg?fit=1200%2C675&ssl=1&resize=700%2C400 2x, https:\/\/i0.wp.com\/blogdoprosperi.com\/wp-content\/uploads\/2024\/11\/54160663650_ea2b7b6b97_h.jpg?fit=1200%2C675&ssl=1&resize=1050%2C600 3x"},"classes":[]},{"id":41504,"url":"https:\/\/blogdoprosperi.com\/?p=41504","url_meta":{"origin":53664,"position":5},"title":"Piada de portugu\u00eas: Vamos ensinar futebol aos brasileiros","author":"Luiz Ant\u00f4nio Pr\u00f3speri","date":"10 de mar\u00e7o de 2023","format":false,"excerpt":"Da revoada de t\u00e9cnicos portugueses em alta no Brasil desde 2019, apenas Jorge Jesus e Abel Ferreira podem estufar o peito: Sim, ensinamos futebol aos brasileiros","rel":"","context":"Em &quot;Campeonato Brasileiro&quot;","block_context":{"text":"Campeonato Brasileiro","link":"https:\/\/blogdoprosperi.com\/?cat=355071"},"img":{"alt_text":"","src":"https:\/\/i0.wp.com\/blogdoprosperi.com\/wp-content\/uploads\/2023\/03\/1024.jpg?fit=1024%2C576&ssl=1&resize=350%2C200","width":350,"height":200,"srcset":"https:\/\/i0.wp.com\/blogdoprosperi.com\/wp-content\/uploads\/2023\/03\/1024.jpg?fit=1024%2C576&ssl=1&resize=350%2C200 1x, https:\/\/i0.wp.com\/blogdoprosperi.com\/wp-content\/uploads\/2023\/03\/1024.jpg?fit=1024%2C576&ssl=1&resize=525%2C300 1.5x, https:\/\/i0.wp.com\/blogdoprosperi.com\/wp-content\/uploads\/2023\/03\/1024.jpg?fit=1024%2C576&ssl=1&resize=700%2C400 2x"},"classes":[]}],"jetpack_featured_media_url":"https:\/\/i0.wp.com\/blogdoprosperi.com\/wp-content\/uploads\/2025\/07\/captura-de-tela-2025-07-20-as-14.51.15.png?fit=1018%2C696&ssl=1","_links":{"self":[{"href":"https:\/\/blogdoprosperi.com\/index.php?rest_route=\/wp\/v2\/posts\/53664","targetHints":{"allow":["GET"]}}],"collection":[{"href":"https:\/\/blogdoprosperi.com\/index.php?rest_route=\/wp\/v2\/posts"}],"about":[{"href":"https:\/\/blogdoprosperi.com\/index.php?rest_route=\/wp\/v2\/types\/post"}],"author":[{"embeddable":true,"href":"https:\/\/blogdoprosperi.com\/index.php?rest_route=\/wp\/v2\/users\/102107496"}],"replies":[{"embeddable":true,"href":"https:\/\/blogdoprosperi.com\/index.php?rest_route=%2Fwp%2Fv2%2Fcomments&post=53664"}],"version-history":[{"count":13,"href":"https:\/\/blogdoprosperi.com\/index.php?rest_route=\/wp\/v2\/posts\/53664\/revisions"}],"predecessor-version":[{"id":53678,"href":"https:\/\/blogdoprosperi.com\/index.php?rest_route=\/wp\/v2\/posts\/53664\/revisions\/53678"}],"wp:featuredmedia":[{"embeddable":true,"href":"https:\/\/blogdoprosperi.com\/index.php?rest_route=\/wp\/v2\/media\/53679"}],"wp:attachment":[{"href":"https:\/\/blogdoprosperi.com\/index.php?rest_route=%2Fwp%2Fv2%2Fmedia&parent=53664"}],"wp:term":[{"taxonomy":"category","embeddable":true,"href":"https:\/\/blogdoprosperi.com\/index.php?rest_route=%2Fwp%2Fv2%2Fcategories&post=53664"},{"taxonomy":"post_tag","embeddable":true,"href":"https:\/\/blogdoprosperi.com\/index.php?rest_route=%2Fwp%2Fv2%2Ftags&post=53664"}],"curies":[{"name":"wp","href":"https:\/\/api.w.org\/{rel}","templated":true}]}}