{"id":53726,"date":"2025-07-21T13:22:01","date_gmt":"2025-07-21T16:22:01","guid":{"rendered":"https:\/\/blogdoprosperi.com\/?p=53726"},"modified":"2025-07-21T13:27:45","modified_gmt":"2025-07-21T16:27:45","slug":"paul-gascoigne-esta-hospitalizado-quando-o-alcool-destroi-os-idolos-do-futebol","status":"publish","type":"post","link":"https:\/\/blogdoprosperi.com\/?p=53726","title":{"rendered":"Paul Gascoigne Est\u00e1 Hospitalizado | Quando o \u00c1lcool Destr\u00f3i os \u00cddolos do Futebol"},"content":{"rendered":"<p><em>Luiz Ant\u00f4nio Pr\u00f3speri \u2013 21 julho 2025 (13h13) \u2013<\/em><\/p>\n<p>Paul Gascoigne est\u00e1 hospitalizado, diz assistente pessoal, ap\u00f3s suposto colapso \u2013informa a imprensa inglesa. Triste. Conheci Gazza, o apelido de Gascoigne, na Copa do Mundo de 1990 na It\u00e1lia. Eu, rep\u00f3rter do <em>Jornal da Tarde<\/em> na cobertura da minha primeira Copa. Ele, o craque da Inglaterra. Gazza tinha 23 anos. Era o jogador roqueiro, se encantava a imprensa italiana na cobertura da Sele\u00e7\u00e3o Inglesa, em Cagliari, Sardenha. Introvertido, Gazza n\u00e3o dava entrevistas naquela Copa. Um dia de treinos da Inglaterra, jornalistas italianos resolveram apelar em busca de declara\u00e7\u00f5es de Gascoigne. Combinaram com assessoria de imprensa da sele\u00e7\u00e3o redigir cinco perguntas ao craque numa folha de papel de um caderno de notas do rep\u00f3rter da prestigiada <em>Gazzetta Dello Sport.<\/em> A folha com as perguntas foi entregue a Gascoigne ao final do treinamento. O jogador anotaria suas respostas naquela folha de papel e repassaria aos jornalistas no dia seguinte. Dito e feito. Dia seguinte l\u00e1 estavam os rep\u00f3rteres, eu um deles, \u00e0 espera das respostas. Fizemos uma rodinha no assessor de imprensa da sele\u00e7\u00e3o inglesa. Ansiosos a ver as respostas de Gazza. Assessor entrega a folha ao rep\u00f3rter da <em>Gazzetta.<\/em> Ele abre a folha, l\u00ea a primeira reposta em voz alta e a rodinha de rep\u00f3rteres, incr\u00e9dula, come\u00e7a a sorrir. Todas as repostas de Gazza nada tinham a ver com as perguntas. Ironias, alguma coisa sobre rock, brincadeiras&#8230; Final da hist\u00f3ria: Paul Gascoigne brincou com a imprensa. Naquele dia, entendemos como Gascoigne combinava seu enorme talento com a bola, o futebol, e a irrever\u00eancia. Passei a acompanhar a carreira dele com muita paix\u00e3o at\u00e9 se aposentar do futebol e virar um farrapo humano destru\u00eddo pelo \u00e1lcool. N\u00e3o \u00e9 o primeiro nem vai ser o \u00faltimo.<\/p>\n<hr \/>\n<h5><strong>Hospital \u00e9 o &#8216;melhor lugar poss\u00edvel para ele&#8217;, diz Steve Foster, amigo de Gascoigne<\/strong><\/h5>\n<p><em>Acompanhe reportagem do The Guardian \u2013 21 Julho 2025<\/em><\/p>\n<p>Paul Gascoigne est\u00e1 hospitalizado, informou seu assistente pessoal, ap\u00f3s o ex-meio-campista da sele\u00e7\u00e3o inglesa ter sido encontrado semiconsciente em seu quarto. O jornal <em>The Sun<\/em> informou que Gascoigne foi internado em uma unidade de terapia intensiva na sexta-feira antes de ser transferido para uma unidade de pronto-socorro, onde seu estado de sa\u00fade foi descrito como est\u00e1vel.<\/p>\n<p>Steve Foster, amigo, motorista e assistente pessoal de Gascoigne, teria encontrado o homem de 58 anos em casa, em Poole, Dorset. &#8220;Paul est\u00e1 no hospital, que \u00e9 o melhor lugar poss\u00edvel para ele estar agora&#8221;, disse Foster ao<em> The Sun.<\/em><\/p>\n<p>Foster tamb\u00e9m disse que Gascoigne gostaria de &#8220;agradecer a todos pelo apoio que recebeu at\u00e9 agora de tantos velhos amigos que lhe desejam tudo de bom e querem v\u00ea-lo de volta ao seu melhor&#8221;.<\/p>\n<p>Gascoigne, apelidado de Gazza, \u00e9 amplamente reconhecido como um dos talentos mais promissores do futebol ingl\u00eas dos \u00faltimos 40 anos. Seus clubes incluem Newcastle, Tottenham, Lazio e Rangers, e ele jogou 57 vezes pela Inglaterra.<\/p>\n<figure id=\"attachment_53737\" aria-describedby=\"caption-attachment-53737\" style=\"width: 720px\" class=\"wp-caption alignnone\"><img data-recalc-dims=\"1\" loading=\"lazy\" decoding=\"async\" data-attachment-id=\"53737\" data-permalink=\"https:\/\/blogdoprosperi.com\/?attachment_id=53737\" data-orig-file=\"https:\/\/i0.wp.com\/blogdoprosperi.com\/wp-content\/uploads\/2025\/07\/c.webp?fit=1600%2C900&amp;ssl=1\" data-orig-size=\"1600,900\" data-comments-opened=\"1\" data-image-meta=\"{&quot;aperture&quot;:&quot;0&quot;,&quot;credit&quot;:&quot;&quot;,&quot;camera&quot;:&quot;&quot;,&quot;caption&quot;:&quot;&quot;,&quot;created_timestamp&quot;:&quot;0&quot;,&quot;copyright&quot;:&quot;&quot;,&quot;focal_length&quot;:&quot;0&quot;,&quot;iso&quot;:&quot;0&quot;,&quot;shutter_speed&quot;:&quot;0&quot;,&quot;title&quot;:&quot;&quot;,&quot;orientation&quot;:&quot;0&quot;}\" data-image-title=\"Gazza, \u00eddolo da Sele\u00e7\u00e3o Inglaterra  em 1990\" data-image-description=\"\" data-image-caption=\"&lt;p&gt;Gazza, craque da Inglaterra nos anos 90 \u2013 foto: Sele\u00e7\u00e3o Inglesa oficial&lt;\/p&gt;\n\" data-large-file=\"https:\/\/i0.wp.com\/blogdoprosperi.com\/wp-content\/uploads\/2025\/07\/c.webp?fit=940%2C529&amp;ssl=1\" class=\"size-large wp-image-53737\" src=\"https:\/\/i0.wp.com\/blogdoprosperi.com\/wp-content\/uploads\/2025\/07\/c.webp?resize=720%2C405&#038;ssl=1\" alt=\"Paul Gascoigne na Sele\u00e7\u00e3o da Inglaterra nos anos 1990\" width=\"720\" height=\"405\" \/><figcaption id=\"caption-attachment-53737\" class=\"wp-caption-text\"><em>Gazza, craque da Inglaterra nos anos 90 \u2013 foto: Sele\u00e7\u00e3o Inglesa oficial<\/em><\/figcaption><\/figure>\n<hr \/>\n<h5><strong>Paul Gascoigne diz que \u00e9 um &#8220;b\u00eabado triste&#8221; e mora no quarto de h\u00f3spedes de seu agente<\/strong><\/h5>\n<p><strong>&#8216;Se houve algu\u00e9m que decepcionei, fui eu mesmo&#8217;, diz Gascoigne sobre sua vida<\/strong><\/p>\n<p><em>reportagem publicada no The Guardian em julho de 2024<\/em><\/p>\n<p>Paul Gascoigne se descreveu como um &#8220;b\u00eabado triste&#8221; e disse que est\u00e1 morando no quarto de h\u00f3spedes de seu agente, enquanto a lenda do futebol revela a extens\u00e3o de sua batalha contra o v\u00edcio do \u00e1lcool.<\/p>\n<p>O ex-meio-campista da Inglaterra, quatro anos ap\u00f3s passar por uma cirurgia para impedi-lo de consumir \u00e1lcool, diz que continua bebendo, muitas vezes sozinho em casa. Ele afirma que &#8220;se decepcionou&#8221; ao recorrer ao \u00e1lcool ap\u00f3s encerrar a carreira de jogador.<\/p>\n<p>\u201cEu costumava ser um b\u00eabado feliz, n\u00e3o sou mais\u2026 Sou um b\u00eabado triste\u201d, disse Gascoigne ao podcast High Performance. \u201cEu n\u00e3o saio para beber, bebo em ambientes fechados. Se eu quiser que o dia seja ruim, [tudo o que preciso fazer \u00e9] ir ao bar. Se eu quiser que seja um bom dia, pego minha vara de pescar e vou pescar.\u201d<\/p>\n<p>N\u00e3o \u00e9 a bebida, \u00e9 o depois. Olhando para o meu celular depois e vendo 30 mensagens ou chamadas perdidas, sei que estou em apuros. Mas estou bem. O ano passado n\u00e3o foi brilhante, fiquei intermitente por alguns meses.<\/p>\n<p>Reconhecido como um dos jogadores ingleses mais talentosos de todos os tempos, Gascoigne foi uma figura cultural de grande import\u00e2ncia durante a d\u00e9cada de 1990, mas sua vida desde ent\u00e3o passou a ser publicamente definida por seus v\u00edcios. Ele ajudou a Inglaterra a chegar \u00e0 semifinal da Copa do Mundo de 1990, somando 57 jogos pela sele\u00e7\u00e3o. Sua carreira em clubes incluiu passagens por Newcastle, Tottenham,\u00a0Lazio\u00a0, Rangers, Everton e Middlesbrough.<\/p>\n<p>Gascoigne disse que participou recentemente de uma reuni\u00e3o dos Alco\u00f3licos An\u00f4nimos e sugeriu que os problemas com sua sa\u00fade mental remontam \u00e0 les\u00e3o no joelho que ele sofreu enquanto jogava pelo Spurs na final da FA Cup de 1991.<\/p>\n<p>&#8220;Fui a uma reuni\u00e3o outro dia, ent\u00e3o n\u00e3o teve problema&#8221;, disse Gascoigne. &#8220;S\u00f3 uma reuni\u00e3o dos AA. Fui com um amigo e n\u00e3o teve problema. Eles s\u00e3o legais, inofensivos.&#8221;<\/p>\n<p>\u201cAs pessoas conhecem Paul Gascoigne, mas Gazza, ningu\u00e9m conhece, \u00e0s vezes nem eu. Passei muitos anos em baixa; quando lesionei os ligamentos e depois a r\u00f3tula, perdi quatro anos de futebol. Teria jogado 100 partidas.\u201d<\/p>\n<p>Gascoigne acrescentou: \u201cTento n\u00e3o me abater porque o mundo j\u00e1 est\u00e1 abatido o suficiente e, quando estou realmente abatido, \u00e9 quando pego uma bebida para me animar. Acho que n\u00e3o decepcionei nenhum t\u00e9cnico, nem os jogadores, nem a torcida, sabe? Se decepcionei algu\u00e9m, fui eu mesmo. Mas mais por causa da bebida, quando terminei de jogar.\u201d<\/p>\n<p>Em 2020, Gascoigne revelou ter gasto \u00a3 20.000 para costurar pastilhas na mucosa do est\u00f4mago que o fariam sentir-se mal se bebesse, afirmando estar &#8220;mais feliz do que nunca&#8221;. Em sua \u00faltima entrevista, por\u00e9m, Gascoigne revelou que seus problemas persistiram.<\/p>\n<p>Gascoigne contou ao podcast que agora morava na casa de sua agente Katie Davies em Poole, Dorset. &#8220;Liguei para a Katie em novembro, alguns anos atr\u00e1s, chorando copiosamente. O que eu fiz comigo mesma e com outras pessoas \u2013 pris\u00e3o e reabilita\u00e7\u00e3o, tirando coca\u00edna de assentos sanit\u00e1rios \u2013 e depois me pediram para ser embaixadora do meu pa\u00eds, eu n\u00e3o sabia se ria ou chorava.&#8221;<\/p>\n<hr \/>\n<h5><strong>Paul Ince, contempor\u00e2neo de Paul Gascoigne na Sele\u00e7\u00e3o da Inglaterra no in\u00edcio dos anos 1990, foi banido ap\u00f3s admitir dirigir alcoolizado.<\/strong><\/h5>\n<p><em>reportagem publicada na BBC de Londres \u2013 18 julho 2025<\/em><\/p>\n<figure id=\"attachment_53736\" aria-describedby=\"caption-attachment-53736\" style=\"width: 720px\" class=\"wp-caption alignnone\"><img data-recalc-dims=\"1\" loading=\"lazy\" decoding=\"async\" data-attachment-id=\"53736\" data-permalink=\"https:\/\/blogdoprosperi.com\/?attachment_id=53736\" data-orig-file=\"https:\/\/i0.wp.com\/blogdoprosperi.com\/wp-content\/uploads\/2025\/07\/88e313f0-63bc-11f0-bda9-0d216a7a4949.jpg.webp?fit=1536%2C864&amp;ssl=1\" data-orig-size=\"1536,864\" data-comments-opened=\"1\" data-image-meta=\"{&quot;aperture&quot;:&quot;0&quot;,&quot;credit&quot;:&quot;&quot;,&quot;camera&quot;:&quot;&quot;,&quot;caption&quot;:&quot;&quot;,&quot;created_timestamp&quot;:&quot;0&quot;,&quot;copyright&quot;:&quot;&quot;,&quot;focal_length&quot;:&quot;0&quot;,&quot;iso&quot;:&quot;0&quot;,&quot;shutter_speed&quot;:&quot;0&quot;,&quot;title&quot;:&quot;&quot;,&quot;orientation&quot;:&quot;0&quot;}\" data-image-title=\"Ince enfrenta alcoolismo\" data-image-description=\"\" data-image-caption=\"&lt;p&gt;Paul Ince paga multa por dirigir alcoolizado \u2013 foto: BBC oficial&lt;\/p&gt;\n\" data-large-file=\"https:\/\/i0.wp.com\/blogdoprosperi.com\/wp-content\/uploads\/2025\/07\/88e313f0-63bc-11f0-bda9-0d216a7a4949.jpg.webp?fit=940%2C529&amp;ssl=1\" class=\"size-large wp-image-53736\" src=\"https:\/\/i0.wp.com\/blogdoprosperi.com\/wp-content\/uploads\/2025\/07\/88e313f0-63bc-11f0-bda9-0d216a7a4949.jpg.webp?resize=720%2C405&#038;ssl=1\" alt=\"Paul Ince multado por dirigir alcoolizado\" width=\"720\" height=\"405\" \/><figcaption id=\"caption-attachment-53736\" class=\"wp-caption-text\"><em>Paul Ince paga multa por dirigir alcoolizado \u2013 foto: BBC oficial<\/em><\/figcaption><\/figure>\n<p>O ex-capit\u00e3o da Inglaterra, Paul Ince, foi proibido de dirigir e condenado a pagar \u00a3 7.085 ap\u00f3s admitir dirigir embriagado. Ince \u00e9 contempor\u00e2neo de Paul Gascoigne na Sele\u00e7\u00e3o da Inglaterra nos anos de 1990.<\/p>\n<p>O homem de 57 anos compareceu ao Tribunal de Magistrados de Chester na sexta-feira, onde admitiu ter dirigido seu Range Rover preto acima do limite permitido em 28 de junho em Neston, Cheshire.<\/p>\n<p>O juiz distrital Jack McGarva disse ao Ince: &#8220;A mensagem tem que ser: se voc\u00ea for dirigir, n\u00e3o beba nada.&#8221;<\/p>\n<p>Ele foi proibido de dirigir por 12 meses, multado em \u00a3 5.000 e condenado a pagar uma sobretaxa legal de \u00a3 2.000 e \u00a3 85 de custas.<\/p>\n<p>Ao chegar ao tribunal, ele deu um aut\u00f3grafo a um f\u00e3 e posou para uma selfie com outro.<\/p>\n<p>O ex-meio-campista do West Ham, Manchester United, Inter de Mil\u00e3o e Liverpool disputou 53 partidas pela sele\u00e7\u00e3o de seu pa\u00eds \u2013 foi o primeiro negro capit\u00e3o da Sele\u00e7\u00e3o da Inglaterra.<\/p>\n<hr \/>\n<p>&nbsp;<\/p>\n","protected":false},"excerpt":{"rendered":"<p>Luiz Ant\u00f4nio Pr\u00f3speri \u2013 21 julho 2025 (13h13) \u2013 Paul Gascoigne est\u00e1 hospitalizado, diz assistente pessoal, ap\u00f3s suposto [&hellip;]<\/p>\n","protected":false},"author":102107496,"featured_media":53735,"comment_status":"open","ping_status":"open","sticky":false,"template":"","format":"standard","meta":{"_coblocks_attr":"","_coblocks_dimensions":"","_coblocks_responsive_height":"","_coblocks_accordion_ie_support":"","_jetpack_newsletter_access":"","_jetpack_dont_email_post_to_subs":false,"_jetpack_newsletter_tier_id":0,"_jetpack_memberships_contains_paywalled_content":false,"_wpcom_ai_launchpad_first_post":false,"_jetpack_feature_clip_id":0,"_jetpack_memberships_contains_paid_content":false,"footnotes":"","jetpack_publicize_message":"","jetpack_publicize_feature_enabled":true,"jetpack_social_post_already_shared":false,"jetpack_social_options":{"image_generator_settings":{"template":"highway","default_image_id":0,"font":"","enabled":false},"version":2},"jetpack_post_was_ever_published":false},"categories":[53870,20384],"tags":[782801556,782801557,789560560,1550365,789560573,43094151,311930282,782801555],"class_list":["post-53726","post","type-post","status-publish","format-standard","has-post-thumbnail","hentry","category-futebol","category-informacao","tag-alcoolismofutebol","tag-copadomundo1990","tag-futebol","tag-gazza","tag-luiz-antonio-prosperi","tag-paulgascoigne","tag-paulince","tag-selecaoinglaterra"],"yoast_head":"<!-- This site is optimized with the Yoast SEO plugin v28.3 - https:\/\/yoast.com\/product\/yoast-seo-wordpress\/ -->\n<title>Paul Gascoigne Est\u00e1 Hospitalizado | Quando o \u00c1lcool Destr\u00f3i os \u00cddolos do Futebol - PR\u00d3SPERI NEWS<\/title>\n<meta name=\"robots\" content=\"index, follow, max-snippet:-1, max-image-preview:large, max-video-preview:-1\" \/>\n<link rel=\"canonical\" href=\"https:\/\/blogdoprosperi.com\/?p=53726\" \/>\n<meta property=\"og:locale\" content=\"pt_BR\" \/>\n<meta property=\"og:type\" content=\"article\" \/>\n<meta property=\"og:title\" content=\"Paul Gascoigne Est\u00e1 Hospitalizado | Quando o \u00c1lcool Destr\u00f3i os \u00cddolos do Futebol - PR\u00d3SPERI NEWS\" \/>\n<meta property=\"og:description\" content=\"Luiz Ant\u00f4nio Pr\u00f3speri \u2013 21 julho 2025 (13h13) \u2013 Paul Gascoigne est\u00e1 hospitalizado, diz assistente pessoal, ap\u00f3s suposto [&hellip;]\" \/>\n<meta property=\"og:url\" content=\"https:\/\/blogdoprosperi.com\/?p=53726\" \/>\n<meta property=\"og:site_name\" content=\"PR\u00d3SPERI NEWS\" \/>\n<meta property=\"article:publisher\" content=\"Luiz Pr\u00f3speri\" \/>\n<meta property=\"article:author\" content=\"Luiz Pr\u00f3speri\" \/>\n<meta property=\"article:published_time\" content=\"2025-07-21T16:22:01+00:00\" \/>\n<meta property=\"article:modified_time\" content=\"2025-07-21T16:27:45+00:00\" \/>\n<meta property=\"og:image\" content=\"https:\/\/i0.wp.com\/blogdoprosperi.com\/wp-content\/uploads\/2025\/07\/skynews-paul-gascoigne_6480148.jpg?fit=768%2C432&ssl=1\" \/>\n\t<meta property=\"og:image:width\" content=\"768\" \/>\n\t<meta property=\"og:image:height\" content=\"432\" \/>\n\t<meta property=\"og:image:type\" content=\"image\/jpeg\" \/>\n<meta name=\"author\" content=\"Luiz Ant\u00f4nio Pr\u00f3speri\" \/>\n<meta name=\"twitter:card\" content=\"summary_large_image\" \/>\n<meta name=\"twitter:creator\" content=\"@Luizprosperi\" \/>\n<meta name=\"twitter:site\" content=\"@Luizprosperi\" \/>\n<meta name=\"twitter:label1\" content=\"Escrito por\" \/>\n\t<meta name=\"twitter:data1\" content=\"Luiz Ant\u00f4nio Pr\u00f3speri\" \/>\n\t<meta name=\"twitter:label2\" content=\"Est. tempo de leitura\" \/>\n\t<meta name=\"twitter:data2\" content=\"6 minutos\" \/>\n<script type=\"application\/ld+json\" class=\"yoast-schema-graph\">{\"@context\":\"https:\\\/\\\/schema.org\",\"@graph\":[{\"@type\":\"Article\",\"@id\":\"https:\\\/\\\/blogdoprosperi.com\\\/?p=53726#article\",\"isPartOf\":{\"@id\":\"https:\\\/\\\/blogdoprosperi.com\\\/?p=53726\"},\"author\":{\"name\":\"Luiz Ant\u00f4nio Pr\u00f3speri\",\"@id\":\"https:\\\/\\\/blogdoprosperi.com\\\/#\\\/schema\\\/person\\\/38100755ce3601861ee4fab9b5aa78e9\"},\"headline\":\"Paul Gascoigne Est\u00e1 Hospitalizado | Quando o \u00c1lcool Destr\u00f3i os \u00cddolos do Futebol\",\"datePublished\":\"2025-07-21T16:22:01+00:00\",\"dateModified\":\"2025-07-21T16:27:45+00:00\",\"mainEntityOfPage\":{\"@id\":\"https:\\\/\\\/blogdoprosperi.com\\\/?p=53726\"},\"wordCount\":1308,\"commentCount\":0,\"publisher\":{\"@id\":\"https:\\\/\\\/blogdoprosperi.com\\\/#\\\/schema\\\/person\\\/38100755ce3601861ee4fab9b5aa78e9\"},\"image\":{\"@id\":\"https:\\\/\\\/blogdoprosperi.com\\\/?p=53726#primaryimage\"},\"thumbnailUrl\":\"https:\\\/\\\/i0.wp.com\\\/blogdoprosperi.com\\\/wp-content\\\/uploads\\\/2025\\\/07\\\/skynews-paul-gascoigne_6480148.jpg?fit=768%2C432&ssl=1\",\"keywords\":[\"alcoolismofutebol\",\"copadomundo1990\",\"futebol\",\"gazza\",\"Luiz Ant\u00f4nio Pr\u00f3speri\",\"paulgascoigne\",\"paulince\",\"sele\u00e7\u00e3oinglaterra\"],\"articleSection\":[\"futebol\",\"informa\u00e7\u00e3o\"],\"inLanguage\":\"pt-BR\",\"potentialAction\":[{\"@type\":\"CommentAction\",\"name\":\"Comment\",\"target\":[\"https:\\\/\\\/blogdoprosperi.com\\\/?p=53726#respond\"]}]},{\"@type\":\"WebPage\",\"@id\":\"https:\\\/\\\/blogdoprosperi.com\\\/?p=53726\",\"url\":\"https:\\\/\\\/blogdoprosperi.com\\\/?p=53726\",\"name\":\"Paul Gascoigne Est\u00e1 Hospitalizado | Quando o \u00c1lcool Destr\u00f3i os \u00cddolos do Futebol - PR\u00d3SPERI NEWS\",\"isPartOf\":{\"@id\":\"https:\\\/\\\/blogdoprosperi.com\\\/#website\"},\"primaryImageOfPage\":{\"@id\":\"https:\\\/\\\/blogdoprosperi.com\\\/?p=53726#primaryimage\"},\"image\":{\"@id\":\"https:\\\/\\\/blogdoprosperi.com\\\/?p=53726#primaryimage\"},\"thumbnailUrl\":\"https:\\\/\\\/i0.wp.com\\\/blogdoprosperi.com\\\/wp-content\\\/uploads\\\/2025\\\/07\\\/skynews-paul-gascoigne_6480148.jpg?fit=768%2C432&ssl=1\",\"datePublished\":\"2025-07-21T16:22:01+00:00\",\"dateModified\":\"2025-07-21T16:27:45+00:00\",\"breadcrumb\":{\"@id\":\"https:\\\/\\\/blogdoprosperi.com\\\/?p=53726#breadcrumb\"},\"inLanguage\":\"pt-BR\",\"potentialAction\":[{\"@type\":\"ReadAction\",\"target\":[\"https:\\\/\\\/blogdoprosperi.com\\\/?p=53726\"]}]},{\"@type\":\"ImageObject\",\"inLanguage\":\"pt-BR\",\"@id\":\"https:\\\/\\\/blogdoprosperi.com\\\/?p=53726#primaryimage\",\"url\":\"https:\\\/\\\/i0.wp.com\\\/blogdoprosperi.com\\\/wp-content\\\/uploads\\\/2025\\\/07\\\/skynews-paul-gascoigne_6480148.jpg?fit=768%2C432&ssl=1\",\"contentUrl\":\"https:\\\/\\\/i0.wp.com\\\/blogdoprosperi.com\\\/wp-content\\\/uploads\\\/2025\\\/07\\\/skynews-paul-gascoigne_6480148.jpg?fit=768%2C432&ssl=1\",\"width\":768,\"height\":432,\"caption\":\"Gascoigne hospitalizado \u2013 foto: The Guardian\"},{\"@type\":\"BreadcrumbList\",\"@id\":\"https:\\\/\\\/blogdoprosperi.com\\\/?p=53726#breadcrumb\",\"itemListElement\":[{\"@type\":\"ListItem\",\"position\":1,\"name\":\"In\u00edcio\",\"item\":\"https:\\\/\\\/blogdoprosperi.com\\\/\"},{\"@type\":\"ListItem\",\"position\":2,\"name\":\"Paul Gascoigne Est\u00e1 Hospitalizado | Quando o \u00c1lcool Destr\u00f3i os \u00cddolos do Futebol\"}]},{\"@type\":\"WebSite\",\"@id\":\"https:\\\/\\\/blogdoprosperi.com\\\/#website\",\"url\":\"https:\\\/\\\/blogdoprosperi.com\\\/\",\"name\":\"PR\u00d3SPERI NEWS\",\"description\":\"TUDO \u00c9  FUTEBOL\",\"publisher\":{\"@id\":\"https:\\\/\\\/blogdoprosperi.com\\\/#\\\/schema\\\/person\\\/38100755ce3601861ee4fab9b5aa78e9\"},\"alternateName\":\"blogdoprosperi.com\",\"potentialAction\":[{\"@type\":\"SearchAction\",\"target\":{\"@type\":\"EntryPoint\",\"urlTemplate\":\"https:\\\/\\\/blogdoprosperi.com\\\/?s={search_term_string}\"},\"query-input\":{\"@type\":\"PropertyValueSpecification\",\"valueRequired\":true,\"valueName\":\"search_term_string\"}}],\"inLanguage\":\"pt-BR\"},{\"@type\":[\"Person\",\"Organization\"],\"@id\":\"https:\\\/\\\/blogdoprosperi.com\\\/#\\\/schema\\\/person\\\/38100755ce3601861ee4fab9b5aa78e9\",\"name\":\"Luiz Ant\u00f4nio Pr\u00f3speri\",\"pronouns\":\"ele\",\"image\":{\"@type\":\"ImageObject\",\"inLanguage\":\"pt-BR\",\"@id\":\"https:\\\/\\\/i0.wp.com\\\/blogdoprosperi.com\\\/wp-content\\\/uploads\\\/2026\\\/05\\\/cropped-8059e613-6002-42fa-961e-8e275f575d71-2-5.jpg?fit=1360%2C931&ssl=1\",\"url\":\"https:\\\/\\\/i0.wp.com\\\/blogdoprosperi.com\\\/wp-content\\\/uploads\\\/2026\\\/05\\\/cropped-8059e613-6002-42fa-961e-8e275f575d71-2-5.jpg?fit=1360%2C931&ssl=1\",\"contentUrl\":\"https:\\\/\\\/i0.wp.com\\\/blogdoprosperi.com\\\/wp-content\\\/uploads\\\/2026\\\/05\\\/cropped-8059e613-6002-42fa-961e-8e275f575d71-2-5.jpg?fit=1360%2C931&ssl=1\",\"width\":1360,\"height\":931,\"caption\":\"Luiz Ant\u00f4nio Pr\u00f3speri\"},\"logo\":{\"@id\":\"https:\\\/\\\/i0.wp.com\\\/blogdoprosperi.com\\\/wp-content\\\/uploads\\\/2026\\\/05\\\/cropped-8059e613-6002-42fa-961e-8e275f575d71-2-5.jpg?fit=1360%2C931&ssl=1\"},\"description\":\"Jornalista com carreira dedicada ao esporte. Cobriu 9 Copas do Mundo in loco, 1990 na It\u00e1lia, 1994 nos EUA, 1998 na Fran\u00e7a, 2002 na Coreia do Sul e Jap\u00e3o, 2006 na Alemanha, 2010 na \u00c1frica do Sul, 2014 no Brasil, 2018 na R\u00fassia e 2022 no Qatar. Eurocopas, 1992 na Su\u00e9cia e 1996 na Inglaterra. Copa das Confedera\u00e7\u00f5es de 2005 na Alemanha e 2009 na \u00c1frica do Sul. Rep\u00f3rter e Editor, trabalhou no Jornal da Tarde e Estad\u00e3o, de 1984 a fevereiro de 2016. Colunista, blogueiro. E comentarista de futebol na R\u00e1dio Estad\u00e3o, de 2013 a fevereiro de 2016. Jornalista respons\u00e1vel do \\\"Pr\u00f3speri News\\\" (blogdoprosperi.com).\",\"sameAs\":[\"http:\\\/\\\/blogdoprosperi.com\",\"Luiz Pr\u00f3speri\",\"@luiz_prosperi\",\"https:\\\/\\\/x.com\\\/Luizprosperi\",\"@prosperinacopa\",\"luiz.prosperi@icloud.com\"],\"url\":\"https:\\\/\\\/blogdoprosperi.com\\\/?author=102107496\"}]}<\/script>\n<!-- \/ Yoast SEO plugin. -->","yoast_head_json":{"title":"Paul Gascoigne Est\u00e1 Hospitalizado | Quando o \u00c1lcool Destr\u00f3i os \u00cddolos do Futebol - PR\u00d3SPERI NEWS","robots":{"index":"index","follow":"follow","max-snippet":"max-snippet:-1","max-image-preview":"max-image-preview:large","max-video-preview":"max-video-preview:-1"},"canonical":"https:\/\/blogdoprosperi.com\/?p=53726","og_locale":"pt_BR","og_type":"article","og_title":"Paul Gascoigne Est\u00e1 Hospitalizado | Quando o \u00c1lcool Destr\u00f3i os \u00cddolos do Futebol - PR\u00d3SPERI NEWS","og_description":"Luiz Ant\u00f4nio Pr\u00f3speri \u2013 21 julho 2025 (13h13) \u2013 Paul Gascoigne est\u00e1 hospitalizado, diz assistente pessoal, ap\u00f3s suposto [&hellip;]","og_url":"https:\/\/blogdoprosperi.com\/?p=53726","og_site_name":"PR\u00d3SPERI NEWS","article_publisher":"Luiz Pr\u00f3speri","article_author":"Luiz Pr\u00f3speri","article_published_time":"2025-07-21T16:22:01+00:00","article_modified_time":"2025-07-21T16:27:45+00:00","og_image":[{"width":768,"height":432,"url":"https:\/\/i0.wp.com\/blogdoprosperi.com\/wp-content\/uploads\/2025\/07\/skynews-paul-gascoigne_6480148.jpg?fit=768%2C432&ssl=1","type":"image\/jpeg"}],"author":"Luiz Ant\u00f4nio Pr\u00f3speri","twitter_card":"summary_large_image","twitter_creator":"@Luizprosperi","twitter_site":"@Luizprosperi","twitter_misc":{"Escrito por":"Luiz Ant\u00f4nio Pr\u00f3speri","Est. tempo de leitura":"6 minutos"},"schema":{"@context":"https:\/\/schema.org","@graph":[{"@type":"Article","@id":"https:\/\/blogdoprosperi.com\/?p=53726#article","isPartOf":{"@id":"https:\/\/blogdoprosperi.com\/?p=53726"},"author":{"name":"Luiz Ant\u00f4nio Pr\u00f3speri","@id":"https:\/\/blogdoprosperi.com\/#\/schema\/person\/38100755ce3601861ee4fab9b5aa78e9"},"headline":"Paul Gascoigne Est\u00e1 Hospitalizado | Quando o \u00c1lcool Destr\u00f3i os \u00cddolos do Futebol","datePublished":"2025-07-21T16:22:01+00:00","dateModified":"2025-07-21T16:27:45+00:00","mainEntityOfPage":{"@id":"https:\/\/blogdoprosperi.com\/?p=53726"},"wordCount":1308,"commentCount":0,"publisher":{"@id":"https:\/\/blogdoprosperi.com\/#\/schema\/person\/38100755ce3601861ee4fab9b5aa78e9"},"image":{"@id":"https:\/\/blogdoprosperi.com\/?p=53726#primaryimage"},"thumbnailUrl":"https:\/\/i0.wp.com\/blogdoprosperi.com\/wp-content\/uploads\/2025\/07\/skynews-paul-gascoigne_6480148.jpg?fit=768%2C432&ssl=1","keywords":["alcoolismofutebol","copadomundo1990","futebol","gazza","Luiz Ant\u00f4nio Pr\u00f3speri","paulgascoigne","paulince","sele\u00e7\u00e3oinglaterra"],"articleSection":["futebol","informa\u00e7\u00e3o"],"inLanguage":"pt-BR","potentialAction":[{"@type":"CommentAction","name":"Comment","target":["https:\/\/blogdoprosperi.com\/?p=53726#respond"]}]},{"@type":"WebPage","@id":"https:\/\/blogdoprosperi.com\/?p=53726","url":"https:\/\/blogdoprosperi.com\/?p=53726","name":"Paul Gascoigne Est\u00e1 Hospitalizado | Quando o \u00c1lcool Destr\u00f3i os \u00cddolos do Futebol - PR\u00d3SPERI NEWS","isPartOf":{"@id":"https:\/\/blogdoprosperi.com\/#website"},"primaryImageOfPage":{"@id":"https:\/\/blogdoprosperi.com\/?p=53726#primaryimage"},"image":{"@id":"https:\/\/blogdoprosperi.com\/?p=53726#primaryimage"},"thumbnailUrl":"https:\/\/i0.wp.com\/blogdoprosperi.com\/wp-content\/uploads\/2025\/07\/skynews-paul-gascoigne_6480148.jpg?fit=768%2C432&ssl=1","datePublished":"2025-07-21T16:22:01+00:00","dateModified":"2025-07-21T16:27:45+00:00","breadcrumb":{"@id":"https:\/\/blogdoprosperi.com\/?p=53726#breadcrumb"},"inLanguage":"pt-BR","potentialAction":[{"@type":"ReadAction","target":["https:\/\/blogdoprosperi.com\/?p=53726"]}]},{"@type":"ImageObject","inLanguage":"pt-BR","@id":"https:\/\/blogdoprosperi.com\/?p=53726#primaryimage","url":"https:\/\/i0.wp.com\/blogdoprosperi.com\/wp-content\/uploads\/2025\/07\/skynews-paul-gascoigne_6480148.jpg?fit=768%2C432&ssl=1","contentUrl":"https:\/\/i0.wp.com\/blogdoprosperi.com\/wp-content\/uploads\/2025\/07\/skynews-paul-gascoigne_6480148.jpg?fit=768%2C432&ssl=1","width":768,"height":432,"caption":"Gascoigne hospitalizado \u2013 foto: The Guardian"},{"@type":"BreadcrumbList","@id":"https:\/\/blogdoprosperi.com\/?p=53726#breadcrumb","itemListElement":[{"@type":"ListItem","position":1,"name":"In\u00edcio","item":"https:\/\/blogdoprosperi.com\/"},{"@type":"ListItem","position":2,"name":"Paul Gascoigne Est\u00e1 Hospitalizado | Quando o \u00c1lcool Destr\u00f3i os \u00cddolos do Futebol"}]},{"@type":"WebSite","@id":"https:\/\/blogdoprosperi.com\/#website","url":"https:\/\/blogdoprosperi.com\/","name":"PR\u00d3SPERI NEWS","description":"TUDO \u00c9  FUTEBOL","publisher":{"@id":"https:\/\/blogdoprosperi.com\/#\/schema\/person\/38100755ce3601861ee4fab9b5aa78e9"},"alternateName":"blogdoprosperi.com","potentialAction":[{"@type":"SearchAction","target":{"@type":"EntryPoint","urlTemplate":"https:\/\/blogdoprosperi.com\/?s={search_term_string}"},"query-input":{"@type":"PropertyValueSpecification","valueRequired":true,"valueName":"search_term_string"}}],"inLanguage":"pt-BR"},{"@type":["Person","Organization"],"@id":"https:\/\/blogdoprosperi.com\/#\/schema\/person\/38100755ce3601861ee4fab9b5aa78e9","name":"Luiz Ant\u00f4nio Pr\u00f3speri","pronouns":"ele","image":{"@type":"ImageObject","inLanguage":"pt-BR","@id":"https:\/\/i0.wp.com\/blogdoprosperi.com\/wp-content\/uploads\/2026\/05\/cropped-8059e613-6002-42fa-961e-8e275f575d71-2-5.jpg?fit=1360%2C931&ssl=1","url":"https:\/\/i0.wp.com\/blogdoprosperi.com\/wp-content\/uploads\/2026\/05\/cropped-8059e613-6002-42fa-961e-8e275f575d71-2-5.jpg?fit=1360%2C931&ssl=1","contentUrl":"https:\/\/i0.wp.com\/blogdoprosperi.com\/wp-content\/uploads\/2026\/05\/cropped-8059e613-6002-42fa-961e-8e275f575d71-2-5.jpg?fit=1360%2C931&ssl=1","width":1360,"height":931,"caption":"Luiz Ant\u00f4nio Pr\u00f3speri"},"logo":{"@id":"https:\/\/i0.wp.com\/blogdoprosperi.com\/wp-content\/uploads\/2026\/05\/cropped-8059e613-6002-42fa-961e-8e275f575d71-2-5.jpg?fit=1360%2C931&ssl=1"},"description":"Jornalista com carreira dedicada ao esporte. Cobriu 9 Copas do Mundo in loco, 1990 na It\u00e1lia, 1994 nos EUA, 1998 na Fran\u00e7a, 2002 na Coreia do Sul e Jap\u00e3o, 2006 na Alemanha, 2010 na \u00c1frica do Sul, 2014 no Brasil, 2018 na R\u00fassia e 2022 no Qatar. Eurocopas, 1992 na Su\u00e9cia e 1996 na Inglaterra. Copa das Confedera\u00e7\u00f5es de 2005 na Alemanha e 2009 na \u00c1frica do Sul. Rep\u00f3rter e Editor, trabalhou no Jornal da Tarde e Estad\u00e3o, de 1984 a fevereiro de 2016. Colunista, blogueiro. E comentarista de futebol na R\u00e1dio Estad\u00e3o, de 2013 a fevereiro de 2016. Jornalista respons\u00e1vel do \"Pr\u00f3speri News\" (blogdoprosperi.com).","sameAs":["http:\/\/blogdoprosperi.com","Luiz Pr\u00f3speri","@luiz_prosperi","https:\/\/x.com\/Luizprosperi","@prosperinacopa","luiz.prosperi@icloud.com"],"url":"https:\/\/blogdoprosperi.com\/?author=102107496"}]}},"jetpack_publicize_connections":[],"jetpack_likes_enabled":false,"jetpack_sharing_enabled":true,"jetpack_shortlink":"https:\/\/wp.me\/p7jvdk-dYy","jetpack-related-posts":[{"id":15726,"url":"https:\/\/blogdoprosperi.com\/?p=15726","url_meta":{"origin":53726,"position":0},"title":"De Gascoigne a Cristiano Ronaldo, Farrapo e Vida no Futebol","author":"Luiz Ant\u00f4nio Pr\u00f3speri","date":"12 de julho de 2016","format":false,"excerpt":"Luiz Ant\u00f4nio Pr\u00f3speri \u2013 12 julho 2016 Conheci Paul Gascoigne na Copa do Mundo de 1990 na It\u00e1lia. Era um jovem cotado a craque imortal dos ingleses. Jogava na sele\u00e7\u00e3o armada por Bobby Robson, um treinador de fino trato e um dos poucos s\u00e1bios do futebol. Irreverente. Sem nexo. No\u2026","rel":"","context":"Em &quot;futebol&quot;","block_context":{"text":"futebol","link":"https:\/\/blogdoprosperi.com\/?cat=53870"},"img":{"alt_text":"","src":"https:\/\/i0.wp.com\/blogdoprosperi.com\/wp-content\/uploads\/2016\/07\/1274245_0-1.jpg?fit=1200%2C832&ssl=1&resize=350%2C200","width":350,"height":200,"srcset":"https:\/\/i0.wp.com\/blogdoprosperi.com\/wp-content\/uploads\/2016\/07\/1274245_0-1.jpg?fit=1200%2C832&ssl=1&resize=350%2C200 1x, https:\/\/i0.wp.com\/blogdoprosperi.com\/wp-content\/uploads\/2016\/07\/1274245_0-1.jpg?fit=1200%2C832&ssl=1&resize=525%2C300 1.5x, https:\/\/i0.wp.com\/blogdoprosperi.com\/wp-content\/uploads\/2016\/07\/1274245_0-1.jpg?fit=1200%2C832&ssl=1&resize=700%2C400 2x, https:\/\/i0.wp.com\/blogdoprosperi.com\/wp-content\/uploads\/2016\/07\/1274245_0-1.jpg?fit=1200%2C832&ssl=1&resize=1050%2C600 3x"},"classes":[]},{"id":40442,"url":"https:\/\/blogdoprosperi.com\/?p=40442","url_meta":{"origin":53726,"position":1},"title":"CBF escolhe sucessor de Tite s\u00f3 em janeiro","author":"Luiz Ant\u00f4nio Pr\u00f3speri","date":"9 de dezembro de 2022","format":false,"excerpt":"Ednaldo Rodrigues, presidente da CBF, aguarda at\u00e9 janeiro para definir sucessor de Tite na Sele\u00e7\u00e3o Brasileira","rel":"","context":"Em &quot;copa do mundo catar 2022&quot;","block_context":{"text":"copa do mundo catar 2022","link":"https:\/\/blogdoprosperi.com\/?cat=301049609"},"img":{"alt_text":"","src":"https:\/\/i0.wp.com\/blogdoprosperi.com\/wp-content\/uploads\/2022\/12\/pbpuyf_e.jpeg?fit=1200%2C800&ssl=1&resize=350%2C200","width":350,"height":200,"srcset":"https:\/\/i0.wp.com\/blogdoprosperi.com\/wp-content\/uploads\/2022\/12\/pbpuyf_e.jpeg?fit=1200%2C800&ssl=1&resize=350%2C200 1x, https:\/\/i0.wp.com\/blogdoprosperi.com\/wp-content\/uploads\/2022\/12\/pbpuyf_e.jpeg?fit=1200%2C800&ssl=1&resize=525%2C300 1.5x, https:\/\/i0.wp.com\/blogdoprosperi.com\/wp-content\/uploads\/2022\/12\/pbpuyf_e.jpeg?fit=1200%2C800&ssl=1&resize=700%2C400 2x, https:\/\/i0.wp.com\/blogdoprosperi.com\/wp-content\/uploads\/2022\/12\/pbpuyf_e.jpeg?fit=1200%2C800&ssl=1&resize=1050%2C600 3x"},"classes":[]},{"id":42374,"url":"https:\/\/blogdoprosperi.com\/?p=42374","url_meta":{"origin":53726,"position":2},"title":"Caso Paquet\u00e1: uma bomba no colo de Dorival Junior","author":"Luiz Ant\u00f4nio Pr\u00f3speri","date":"25 de maio de 2024","format":false,"excerpt":"Deu no The Guardian: West Ham teme que a carreira de Lucas Paquet\u00e1 possa acabar se for culpado de viola\u00e7\u00f5es de apostas \"O West Ham teme que a carreira de Lucas Paquet\u00e1 possa acabar se ele for considerado culpado de receber um cart\u00e3o amarelo deliberadamente depois que o meio-campista foi\u2026","rel":"","context":"Em &quot;futebol&quot;","block_context":{"text":"futebol","link":"https:\/\/blogdoprosperi.com\/?cat=53870"},"img":{"alt_text":"","src":"","width":0,"height":0},"classes":[]},{"id":61168,"url":"https:\/\/blogdoprosperi.com\/?p=61168","url_meta":{"origin":53726,"position":3},"title":"Klopp assume sele\u00e7\u00e3o da Alemanha | &#8220;Futebol pode mudar um pa\u00eds&#8221;","author":"Luiz Ant\u00f4nio Pr\u00f3speri","date":"24 de julho de 2026","format":false,"excerpt":"Luiz Ant\u00f4nio Pr\u00f3speri \u2013 24 julho 2026 (11h46) \u201cQuero criar uma situa\u00e7\u00e3o em que os torcedores voltem para casa depois do jogo e digam: 'Uau, isso foi incr\u00edvel, Quero que as pessoas digam: 'Uau, valeu a pena ligar a TV por 90 minutos para ver a Alemanha jogar'. Eu vivi\u2026","rel":"","context":"Em &quot;futebol&quot;","block_context":{"text":"futebol","link":"https:\/\/blogdoprosperi.com\/?cat=53870"},"img":{"alt_text":"","src":"https:\/\/i0.wp.com\/blogdoprosperi.com\/wp-content\/uploads\/2026\/07\/Juergen-Klopp-e1784889396752.webp?fit=1080%2C608&ssl=1&resize=350%2C200","width":350,"height":200,"srcset":"https:\/\/i0.wp.com\/blogdoprosperi.com\/wp-content\/uploads\/2026\/07\/Juergen-Klopp-e1784889396752.webp?fit=1080%2C608&ssl=1&resize=350%2C200 1x, https:\/\/i0.wp.com\/blogdoprosperi.com\/wp-content\/uploads\/2026\/07\/Juergen-Klopp-e1784889396752.webp?fit=1080%2C608&ssl=1&resize=525%2C300 1.5x, https:\/\/i0.wp.com\/blogdoprosperi.com\/wp-content\/uploads\/2026\/07\/Juergen-Klopp-e1784889396752.webp?fit=1080%2C608&ssl=1&resize=700%2C400 2x, https:\/\/i0.wp.com\/blogdoprosperi.com\/wp-content\/uploads\/2026\/07\/Juergen-Klopp-e1784889396752.webp?fit=1080%2C608&ssl=1&resize=1050%2C600 3x"},"classes":[]},{"id":45879,"url":"https:\/\/blogdoprosperi.com\/?p=45879","url_meta":{"origin":53726,"position":4},"title":"Brasil x Peru | Sele\u00e7\u00e3o Joga, um Convite ao Div\u00e3 do Nosso Futebol","author":"Luiz Ant\u00f4nio Pr\u00f3speri","date":"15 de outubro de 2024","format":false,"excerpt":"Luiz Ant\u00f4nio Pr\u00f3speri \u2013 15 outubro (11h30) J\u00e1 disse mais de uma vez e n\u00e3o custa repetir: Sele\u00e7\u00e3o Brasileira entra em campo, ent\u00e3o vamos ao div\u00e3. Nos \u00faltimos dois anos, todos os jogos do escrete tem sido assim. Por um momento, coisa de 90 minutos e pouco mais, somos obrigados\u2026","rel":"","context":"Em &quot;futebol&quot;","block_context":{"text":"futebol","link":"https:\/\/blogdoprosperi.com\/?cat=53870"},"img":{"alt_text":"Futebol Brasileiro no div\u00e3 com a Sele\u00e7\u00e3o","src":"https:\/\/i0.wp.com\/blogdoprosperi.com\/wp-content\/uploads\/2024\/10\/54068283154_2fdf0339b4_c.jpg?fit=800%2C531&ssl=1&resize=350%2C200","width":350,"height":200,"srcset":"https:\/\/i0.wp.com\/blogdoprosperi.com\/wp-content\/uploads\/2024\/10\/54068283154_2fdf0339b4_c.jpg?fit=800%2C531&ssl=1&resize=350%2C200 1x, https:\/\/i0.wp.com\/blogdoprosperi.com\/wp-content\/uploads\/2024\/10\/54068283154_2fdf0339b4_c.jpg?fit=800%2C531&ssl=1&resize=525%2C300 1.5x, https:\/\/i0.wp.com\/blogdoprosperi.com\/wp-content\/uploads\/2024\/10\/54068283154_2fdf0339b4_c.jpg?fit=800%2C531&ssl=1&resize=700%2C400 2x"},"classes":[]},{"id":49864,"url":"https:\/\/blogdoprosperi.com\/?p=49864","url_meta":{"origin":53726,"position":5},"title":"CBF Desiste de Ancelotti | Sele\u00e7\u00e3o Brasileira Deveria  Pensar na Copa do Mundo de 2030","author":"Luiz Ant\u00f4nio Pr\u00f3speri","date":"29 de abril de 2025","format":false,"excerpt":"\u2666 CBF se exp\u00f5e ao rid\u00edculo de n\u00e3o conduzir uma negocia\u00e7\u00e3o com Ancelotti t\u00e3o comum no futebol internacional \u2666 Jorge Jesus tem lobby forte na CBF. E caminha para outro furo n'\u00e1gua na Sele\u00e7\u00e3o Luiz Ant\u00f4nio Pr\u00f3speri \u2013 29 abril (22h25) \u2013 CBF desiste de Carlo Ancelotti. T\u00e9cnico italiano tem\u2026","rel":"","context":"Em &quot;futebol&quot;","block_context":{"text":"futebol","link":"https:\/\/blogdoprosperi.com\/?cat=53870"},"img":{"alt_text":"Jesus e Filipe, juntos na Sele\u00e7\u00e3o ?","src":"https:\/\/i0.wp.com\/blogdoprosperi.com\/wp-content\/uploads\/2025\/03\/captura-de-tela-2025-03-28-as-18.57.54.png?fit=1200%2C642&ssl=1&resize=350%2C200","width":350,"height":200,"srcset":"https:\/\/i0.wp.com\/blogdoprosperi.com\/wp-content\/uploads\/2025\/03\/captura-de-tela-2025-03-28-as-18.57.54.png?fit=1200%2C642&ssl=1&resize=350%2C200 1x, https:\/\/i0.wp.com\/blogdoprosperi.com\/wp-content\/uploads\/2025\/03\/captura-de-tela-2025-03-28-as-18.57.54.png?fit=1200%2C642&ssl=1&resize=525%2C300 1.5x, https:\/\/i0.wp.com\/blogdoprosperi.com\/wp-content\/uploads\/2025\/03\/captura-de-tela-2025-03-28-as-18.57.54.png?fit=1200%2C642&ssl=1&resize=700%2C400 2x, https:\/\/i0.wp.com\/blogdoprosperi.com\/wp-content\/uploads\/2025\/03\/captura-de-tela-2025-03-28-as-18.57.54.png?fit=1200%2C642&ssl=1&resize=1050%2C600 3x"},"classes":[]}],"jetpack_featured_media_url":"https:\/\/i0.wp.com\/blogdoprosperi.com\/wp-content\/uploads\/2025\/07\/skynews-paul-gascoigne_6480148.jpg?fit=768%2C432&ssl=1","_links":{"self":[{"href":"https:\/\/blogdoprosperi.com\/index.php?rest_route=\/wp\/v2\/posts\/53726","targetHints":{"allow":["GET"]}}],"collection":[{"href":"https:\/\/blogdoprosperi.com\/index.php?rest_route=\/wp\/v2\/posts"}],"about":[{"href":"https:\/\/blogdoprosperi.com\/index.php?rest_route=\/wp\/v2\/types\/post"}],"author":[{"embeddable":true,"href":"https:\/\/blogdoprosperi.com\/index.php?rest_route=\/wp\/v2\/users\/102107496"}],"replies":[{"embeddable":true,"href":"https:\/\/blogdoprosperi.com\/index.php?rest_route=%2Fwp%2Fv2%2Fcomments&post=53726"}],"version-history":[{"count":15,"href":"https:\/\/blogdoprosperi.com\/index.php?rest_route=\/wp\/v2\/posts\/53726\/revisions"}],"predecessor-version":[{"id":53746,"href":"https:\/\/blogdoprosperi.com\/index.php?rest_route=\/wp\/v2\/posts\/53726\/revisions\/53746"}],"wp:featuredmedia":[{"embeddable":true,"href":"https:\/\/blogdoprosperi.com\/index.php?rest_route=\/wp\/v2\/media\/53735"}],"wp:attachment":[{"href":"https:\/\/blogdoprosperi.com\/index.php?rest_route=%2Fwp%2Fv2%2Fmedia&parent=53726"}],"wp:term":[{"taxonomy":"category","embeddable":true,"href":"https:\/\/blogdoprosperi.com\/index.php?rest_route=%2Fwp%2Fv2%2Fcategories&post=53726"},{"taxonomy":"post_tag","embeddable":true,"href":"https:\/\/blogdoprosperi.com\/index.php?rest_route=%2Fwp%2Fv2%2Ftags&post=53726"}],"curies":[{"name":"wp","href":"https:\/\/api.w.org\/{rel}","templated":true}]}}