{"id":53778,"date":"2025-07-22T22:41:39","date_gmt":"2025-07-23T01:41:39","guid":{"rendered":"https:\/\/blogdoprosperi.com\/?p=53778"},"modified":"2025-07-22T22:49:56","modified_gmt":"2025-07-23T01:49:56","slug":"hora-de-alimentar-o-caos-no-futebol-brasileiro","status":"publish","type":"post","link":"https:\/\/blogdoprosperi.com\/?p=53778","title":{"rendered":"Hora de Alimentar o Caos no Futebol Brasileiro"},"content":{"rendered":"<p><em>Luiz Ant\u00f4nio Pr\u00f3speri \u2013 22 julho 2025, (22h31) \u2013<\/em><\/p>\n<p>Futebol brasileiro est\u00e1 pronto a encarar os grandes da Europa. Mundial de Clubes ilustra a tese. Na na na n\u00e3o. Dez dias ap\u00f3s o Chelsea levantar a ta\u00e7a ouro da Tiffany, em New Jersey, na impiedosa vit\u00f3ria (3 a 0) contra o PSG, vivemos o caos. \u00c9 como se nada tivesse acontecido nos EUA quando fomos elogiados por renomados t\u00e9cnicos da estirpe de Guardiola, Luis Enrique, Xabi Alonso, Enzo Maresca e o gr\u00e3-cartola Gianni Infantino, presidente da Fifa.<\/p>\n<p>Se descobre com faro fino de rep\u00f3rteres \u2013 ainda bem, eles resistem no jornalismo esportivo \u2013 toda a sorte de mazelas e descaso de dirigentes. Executivos (?) capazes de atrasar sal\u00e1rios de jogadores e funcion\u00e1rios de clubes sem medo da lei. Atletas notificando na Justi\u00e7a cobrando sal\u00e1rios e direitos n\u00e3o pagos pela casta dirigente.<\/p>\n<p>Neg\u00f3cios escusos, como contratar refor\u00e7os e n\u00e3o pagar pela mercadoria. Torrar cart\u00f5es corporativos dos clubes at\u00e9 em rem\u00e9dios para sustentar a ere\u00e7\u00e3o.<\/p>\n<p>Mesmo os novos ricos de SAFs safadas n\u00e3o fogem \u00e0 regra. Desembolsam fortunas, importam \u00a0jogadores e muitas vezes a ordem de pagamento n\u00e3o chega ao destino.<\/p>\n<p>Nem se fala aqui de uma tradi\u00e7\u00e3o exclusiva do nosso futebol: degolar treinador um atr\u00e1s do outro a cada rodada do campeonato nacional.<\/p>\n<p>Expor atletas por mau comportamento em treinamentos sem cerim\u00f4nia nem respeito, tamb\u00e9m parece praxe.<\/p>\n<p>Incentivar invas\u00f5es consentidas de massas de torcedores de fac\u00e7\u00f5es organizadas nos locais de trabalho de jogadores e comiss\u00f5es t\u00e9cnicas. Maioria portadora de antecedentes criminais. &#8220;Vai por amor ou por terror&#8221;. Terror, de prefer\u00eancia.<\/p>\n<p>Empilhar boleiros com m\u00fasculos esgar\u00e7ados tamanha sequ\u00eancia criminosa de jogos a semana toda, fa\u00e7a sol ou fa\u00e7a frio, no calend\u00e1rio para l\u00e1 de insano.<\/p>\n<p>Tem mais. Clubes endividados e clubes honestos sem dar calote n\u00e3o conseguem se unir em torno da cria\u00e7\u00e3o de uma Liga \u00fanica, onde o dinheiro seria repartido.<\/p>\n<p>\u201cSabe quando vou aceitar receber 3,5 vezes a mais do que os clubes pequenos? Nunca! N\u00e3o vai acontecer acordo nessas condi\u00e7\u00f5es. O Flamengo n\u00e3o ser\u00e1 desapropriado. Isso \u00e9 a desapropria\u00e7\u00e3o de um ativo que \u00e9 nosso&#8230;\u201d, brada o Bap, presidente do Flamengo.<\/p>\n<p>Na na na n\u00e3o. Estamos no meio da temporada 2025. Temos muito ch\u00e3o a comer poeira no futebol. Campos esburacados. Areia no lugar da grama. Ingressos abusivos. Mercado de jogadores inflacionado. Dinheiro das bets jorrando a rodo. CBF repartida entre caciques pol\u00edticos regionais e judici\u00e1rio. E a sele\u00e7\u00e3o conduzida por um dos s\u00e1bios do futebol internacional, no caso um italiano.<\/p>\n<p>Parece, alimentamos o caos. N\u00e3o sobrevivemos sem a anarquia. Cada um cuida de si. Engana-se quem pensa que a Europa vai se curvar ao nosso futebol. N\u00e3o precisam disso. O que tem de bom aqui eles j\u00e1 levam de baciada, tiram do ber\u00e7o apenas balan\u00e7ando o chocalhinho de beb\u00ea, enquanto pais e empres\u00e1rios ganham um mimo.<\/p>\n","protected":false},"excerpt":{"rendered":"<p>Luiz Ant\u00f4nio Pr\u00f3speri \u2013 22 julho 2025, (22h31) \u2013 Futebol brasileiro est\u00e1 pronto a encarar os grandes da [&hellip;]<\/p>\n","protected":false},"author":102107496,"featured_media":53789,"comment_status":"open","ping_status":"open","sticky":false,"template":"","format":"standard","meta":{"_coblocks_attr":"","_coblocks_dimensions":"","_coblocks_responsive_height":"","_coblocks_accordion_ie_support":"","_jetpack_newsletter_access":"","_jetpack_dont_email_post_to_subs":false,"_jetpack_newsletter_tier_id":0,"_jetpack_memberships_contains_paywalled_content":false,"_wpcom_ai_launchpad_first_post":false,"_jetpack_feature_clip_id":0,"_jetpack_memberships_contains_paid_content":false,"footnotes":"","jetpack_publicize_message":"","jetpack_publicize_feature_enabled":true,"jetpack_social_post_already_shared":false,"jetpack_social_options":{"image_generator_settings":{"template":"highway","default_image_id":0,"font":"","enabled":false},"version":2},"jetpack_post_was_ever_published":false},"categories":[775970846,53870,3919],"tags":[47790418,789560569,789560563,449299,789560560,63581929,2313775],"class_list":["post-53778","post","type-post","status-publish","format-standard","has-post-thumbnail","hentry","category-brasileirao-2025","category-futebol","category-opiniao","tag-mundialdeclubes","tag-cbf","tag-fifa","tag-flamengo","tag-futebol","tag-futebolbrasileiro","tag-guardiola"],"yoast_head":"<!-- This site is optimized with the Yoast SEO plugin v28.3 - https:\/\/yoast.com\/product\/yoast-seo-wordpress\/ -->\n<title>Hora de Alimentar o Caos no Futebol Brasileiro - PR\u00d3SPERI NEWS<\/title>\n<meta name=\"robots\" content=\"index, follow, max-snippet:-1, max-image-preview:large, max-video-preview:-1\" \/>\n<link rel=\"canonical\" href=\"https:\/\/blogdoprosperi.com\/?p=53778\" \/>\n<meta property=\"og:locale\" content=\"pt_BR\" \/>\n<meta property=\"og:type\" content=\"article\" \/>\n<meta property=\"og:title\" content=\"Hora de Alimentar o Caos no Futebol Brasileiro - PR\u00d3SPERI NEWS\" \/>\n<meta property=\"og:description\" content=\"Luiz Ant\u00f4nio Pr\u00f3speri \u2013 22 julho 2025, (22h31) \u2013 Futebol brasileiro est\u00e1 pronto a encarar os grandes da [&hellip;]\" \/>\n<meta property=\"og:url\" content=\"https:\/\/blogdoprosperi.com\/?p=53778\" \/>\n<meta property=\"og:site_name\" content=\"PR\u00d3SPERI NEWS\" \/>\n<meta property=\"article:publisher\" content=\"Luiz Pr\u00f3speri\" \/>\n<meta property=\"article:author\" content=\"Luiz Pr\u00f3speri\" \/>\n<meta property=\"article:published_time\" content=\"2025-07-23T01:41:39+00:00\" \/>\n<meta property=\"article:modified_time\" content=\"2025-07-23T01:49:56+00:00\" \/>\n<meta property=\"og:image\" content=\"https:\/\/i0.wp.com\/blogdoprosperi.com\/wp-content\/uploads\/2025\/07\/create-a-highly-detailed-high-resolution-image-that-captures-the-essence.png?fit=1024%2C768&ssl=1\" \/>\n\t<meta property=\"og:image:width\" content=\"1024\" \/>\n\t<meta property=\"og:image:height\" content=\"768\" \/>\n\t<meta property=\"og:image:type\" content=\"image\/png\" \/>\n<meta name=\"author\" content=\"Luiz Ant\u00f4nio Pr\u00f3speri\" \/>\n<meta name=\"twitter:card\" content=\"summary_large_image\" \/>\n<meta name=\"twitter:creator\" content=\"@Luizprosperi\" \/>\n<meta name=\"twitter:site\" content=\"@Luizprosperi\" \/>\n<meta name=\"twitter:label1\" content=\"Escrito por\" \/>\n\t<meta name=\"twitter:data1\" content=\"Luiz Ant\u00f4nio Pr\u00f3speri\" \/>\n\t<meta name=\"twitter:label2\" content=\"Est. tempo de leitura\" \/>\n\t<meta name=\"twitter:data2\" content=\"3 minutos\" \/>\n<script type=\"application\/ld+json\" class=\"yoast-schema-graph\">{\"@context\":\"https:\\\/\\\/schema.org\",\"@graph\":[{\"@type\":\"Article\",\"@id\":\"https:\\\/\\\/blogdoprosperi.com\\\/?p=53778#article\",\"isPartOf\":{\"@id\":\"https:\\\/\\\/blogdoprosperi.com\\\/?p=53778\"},\"author\":{\"name\":\"Luiz Ant\u00f4nio Pr\u00f3speri\",\"@id\":\"https:\\\/\\\/blogdoprosperi.com\\\/#\\\/schema\\\/person\\\/38100755ce3601861ee4fab9b5aa78e9\"},\"headline\":\"Hora de Alimentar o Caos no Futebol Brasileiro\",\"datePublished\":\"2025-07-23T01:41:39+00:00\",\"dateModified\":\"2025-07-23T01:49:56+00:00\",\"mainEntityOfPage\":{\"@id\":\"https:\\\/\\\/blogdoprosperi.com\\\/?p=53778\"},\"wordCount\":515,\"commentCount\":0,\"publisher\":{\"@id\":\"https:\\\/\\\/blogdoprosperi.com\\\/#\\\/schema\\\/person\\\/38100755ce3601861ee4fab9b5aa78e9\"},\"image\":{\"@id\":\"https:\\\/\\\/blogdoprosperi.com\\\/?p=53778#primaryimage\"},\"thumbnailUrl\":\"https:\\\/\\\/i0.wp.com\\\/blogdoprosperi.com\\\/wp-content\\\/uploads\\\/2025\\\/07\\\/create-a-highly-detailed-high-resolution-image-that-captures-the-essence.png?fit=1024%2C768&ssl=1\",\"keywords\":[\"#mundialdeclubes\",\"CBF\",\"Fifa\",\"Flamengo\",\"futebol\",\"futebolbrasileiro\",\"Guardiola\"],\"articleSection\":[\"brasileir\u00e3o 2025\",\"futebol\",\"opini\u00e3o\"],\"inLanguage\":\"pt-BR\",\"potentialAction\":[{\"@type\":\"CommentAction\",\"name\":\"Comment\",\"target\":[\"https:\\\/\\\/blogdoprosperi.com\\\/?p=53778#respond\"]}]},{\"@type\":\"WebPage\",\"@id\":\"https:\\\/\\\/blogdoprosperi.com\\\/?p=53778\",\"url\":\"https:\\\/\\\/blogdoprosperi.com\\\/?p=53778\",\"name\":\"Hora de Alimentar o Caos no Futebol Brasileiro - PR\u00d3SPERI NEWS\",\"isPartOf\":{\"@id\":\"https:\\\/\\\/blogdoprosperi.com\\\/#website\"},\"primaryImageOfPage\":{\"@id\":\"https:\\\/\\\/blogdoprosperi.com\\\/?p=53778#primaryimage\"},\"image\":{\"@id\":\"https:\\\/\\\/blogdoprosperi.com\\\/?p=53778#primaryimage\"},\"thumbnailUrl\":\"https:\\\/\\\/i0.wp.com\\\/blogdoprosperi.com\\\/wp-content\\\/uploads\\\/2025\\\/07\\\/create-a-highly-detailed-high-resolution-image-that-captures-the-essence.png?fit=1024%2C768&ssl=1\",\"datePublished\":\"2025-07-23T01:41:39+00:00\",\"dateModified\":\"2025-07-23T01:49:56+00:00\",\"breadcrumb\":{\"@id\":\"https:\\\/\\\/blogdoprosperi.com\\\/?p=53778#breadcrumb\"},\"inLanguage\":\"pt-BR\",\"potentialAction\":[{\"@type\":\"ReadAction\",\"target\":[\"https:\\\/\\\/blogdoprosperi.com\\\/?p=53778\"]}]},{\"@type\":\"ImageObject\",\"inLanguage\":\"pt-BR\",\"@id\":\"https:\\\/\\\/blogdoprosperi.com\\\/?p=53778#primaryimage\",\"url\":\"https:\\\/\\\/i0.wp.com\\\/blogdoprosperi.com\\\/wp-content\\\/uploads\\\/2025\\\/07\\\/create-a-highly-detailed-high-resolution-image-that-captures-the-essence.png?fit=1024%2C768&ssl=1\",\"contentUrl\":\"https:\\\/\\\/i0.wp.com\\\/blogdoprosperi.com\\\/wp-content\\\/uploads\\\/2025\\\/07\\\/create-a-highly-detailed-high-resolution-image-that-captures-the-essence.png?fit=1024%2C768&ssl=1\",\"width\":1024,\"height\":768},{\"@type\":\"BreadcrumbList\",\"@id\":\"https:\\\/\\\/blogdoprosperi.com\\\/?p=53778#breadcrumb\",\"itemListElement\":[{\"@type\":\"ListItem\",\"position\":1,\"name\":\"In\u00edcio\",\"item\":\"https:\\\/\\\/blogdoprosperi.com\\\/\"},{\"@type\":\"ListItem\",\"position\":2,\"name\":\"Hora de Alimentar o Caos no Futebol Brasileiro\"}]},{\"@type\":\"WebSite\",\"@id\":\"https:\\\/\\\/blogdoprosperi.com\\\/#website\",\"url\":\"https:\\\/\\\/blogdoprosperi.com\\\/\",\"name\":\"PR\u00d3SPERI NEWS\",\"description\":\"TUDO \u00c9  FUTEBOL\",\"publisher\":{\"@id\":\"https:\\\/\\\/blogdoprosperi.com\\\/#\\\/schema\\\/person\\\/38100755ce3601861ee4fab9b5aa78e9\"},\"alternateName\":\"blogdoprosperi.com\",\"potentialAction\":[{\"@type\":\"SearchAction\",\"target\":{\"@type\":\"EntryPoint\",\"urlTemplate\":\"https:\\\/\\\/blogdoprosperi.com\\\/?s={search_term_string}\"},\"query-input\":{\"@type\":\"PropertyValueSpecification\",\"valueRequired\":true,\"valueName\":\"search_term_string\"}}],\"inLanguage\":\"pt-BR\"},{\"@type\":[\"Person\",\"Organization\"],\"@id\":\"https:\\\/\\\/blogdoprosperi.com\\\/#\\\/schema\\\/person\\\/38100755ce3601861ee4fab9b5aa78e9\",\"name\":\"Luiz Ant\u00f4nio Pr\u00f3speri\",\"pronouns\":\"ele\",\"image\":{\"@type\":\"ImageObject\",\"inLanguage\":\"pt-BR\",\"@id\":\"https:\\\/\\\/i0.wp.com\\\/blogdoprosperi.com\\\/wp-content\\\/uploads\\\/2026\\\/05\\\/cropped-8059e613-6002-42fa-961e-8e275f575d71-2-5.jpg?fit=1360%2C931&ssl=1\",\"url\":\"https:\\\/\\\/i0.wp.com\\\/blogdoprosperi.com\\\/wp-content\\\/uploads\\\/2026\\\/05\\\/cropped-8059e613-6002-42fa-961e-8e275f575d71-2-5.jpg?fit=1360%2C931&ssl=1\",\"contentUrl\":\"https:\\\/\\\/i0.wp.com\\\/blogdoprosperi.com\\\/wp-content\\\/uploads\\\/2026\\\/05\\\/cropped-8059e613-6002-42fa-961e-8e275f575d71-2-5.jpg?fit=1360%2C931&ssl=1\",\"width\":1360,\"height\":931,\"caption\":\"Luiz Ant\u00f4nio Pr\u00f3speri\"},\"logo\":{\"@id\":\"https:\\\/\\\/i0.wp.com\\\/blogdoprosperi.com\\\/wp-content\\\/uploads\\\/2026\\\/05\\\/cropped-8059e613-6002-42fa-961e-8e275f575d71-2-5.jpg?fit=1360%2C931&ssl=1\"},\"description\":\"Jornalista com carreira dedicada ao esporte. Cobriu 9 Copas do Mundo in loco, 1990 na It\u00e1lia, 1994 nos EUA, 1998 na Fran\u00e7a, 2002 na Coreia do Sul e Jap\u00e3o, 2006 na Alemanha, 2010 na \u00c1frica do Sul, 2014 no Brasil, 2018 na R\u00fassia e 2022 no Qatar. Eurocopas, 1992 na Su\u00e9cia e 1996 na Inglaterra. Copa das Confedera\u00e7\u00f5es de 2005 na Alemanha e 2009 na \u00c1frica do Sul. Rep\u00f3rter e Editor, trabalhou no Jornal da Tarde e Estad\u00e3o, de 1984 a fevereiro de 2016. Colunista, blogueiro. E comentarista de futebol na R\u00e1dio Estad\u00e3o, de 2013 a fevereiro de 2016. Jornalista respons\u00e1vel do \\\"Pr\u00f3speri News\\\" (blogdoprosperi.com).\",\"sameAs\":[\"http:\\\/\\\/blogdoprosperi.com\",\"Luiz Pr\u00f3speri\",\"@luiz_prosperi\",\"https:\\\/\\\/x.com\\\/Luizprosperi\",\"@prosperinacopa\",\"luiz.prosperi@icloud.com\"],\"url\":\"https:\\\/\\\/blogdoprosperi.com\\\/?author=102107496\"}]}<\/script>\n<!-- \/ Yoast SEO plugin. -->","yoast_head_json":{"title":"Hora de Alimentar o Caos no Futebol Brasileiro - PR\u00d3SPERI NEWS","robots":{"index":"index","follow":"follow","max-snippet":"max-snippet:-1","max-image-preview":"max-image-preview:large","max-video-preview":"max-video-preview:-1"},"canonical":"https:\/\/blogdoprosperi.com\/?p=53778","og_locale":"pt_BR","og_type":"article","og_title":"Hora de Alimentar o Caos no Futebol Brasileiro - PR\u00d3SPERI NEWS","og_description":"Luiz Ant\u00f4nio Pr\u00f3speri \u2013 22 julho 2025, (22h31) \u2013 Futebol brasileiro est\u00e1 pronto a encarar os grandes da [&hellip;]","og_url":"https:\/\/blogdoprosperi.com\/?p=53778","og_site_name":"PR\u00d3SPERI NEWS","article_publisher":"Luiz Pr\u00f3speri","article_author":"Luiz Pr\u00f3speri","article_published_time":"2025-07-23T01:41:39+00:00","article_modified_time":"2025-07-23T01:49:56+00:00","og_image":[{"width":1024,"height":768,"url":"https:\/\/i0.wp.com\/blogdoprosperi.com\/wp-content\/uploads\/2025\/07\/create-a-highly-detailed-high-resolution-image-that-captures-the-essence.png?fit=1024%2C768&ssl=1","type":"image\/png"}],"author":"Luiz Ant\u00f4nio Pr\u00f3speri","twitter_card":"summary_large_image","twitter_creator":"@Luizprosperi","twitter_site":"@Luizprosperi","twitter_misc":{"Escrito por":"Luiz Ant\u00f4nio Pr\u00f3speri","Est. tempo de leitura":"3 minutos"},"schema":{"@context":"https:\/\/schema.org","@graph":[{"@type":"Article","@id":"https:\/\/blogdoprosperi.com\/?p=53778#article","isPartOf":{"@id":"https:\/\/blogdoprosperi.com\/?p=53778"},"author":{"name":"Luiz Ant\u00f4nio Pr\u00f3speri","@id":"https:\/\/blogdoprosperi.com\/#\/schema\/person\/38100755ce3601861ee4fab9b5aa78e9"},"headline":"Hora de Alimentar o Caos no Futebol Brasileiro","datePublished":"2025-07-23T01:41:39+00:00","dateModified":"2025-07-23T01:49:56+00:00","mainEntityOfPage":{"@id":"https:\/\/blogdoprosperi.com\/?p=53778"},"wordCount":515,"commentCount":0,"publisher":{"@id":"https:\/\/blogdoprosperi.com\/#\/schema\/person\/38100755ce3601861ee4fab9b5aa78e9"},"image":{"@id":"https:\/\/blogdoprosperi.com\/?p=53778#primaryimage"},"thumbnailUrl":"https:\/\/i0.wp.com\/blogdoprosperi.com\/wp-content\/uploads\/2025\/07\/create-a-highly-detailed-high-resolution-image-that-captures-the-essence.png?fit=1024%2C768&ssl=1","keywords":["#mundialdeclubes","CBF","Fifa","Flamengo","futebol","futebolbrasileiro","Guardiola"],"articleSection":["brasileir\u00e3o 2025","futebol","opini\u00e3o"],"inLanguage":"pt-BR","potentialAction":[{"@type":"CommentAction","name":"Comment","target":["https:\/\/blogdoprosperi.com\/?p=53778#respond"]}]},{"@type":"WebPage","@id":"https:\/\/blogdoprosperi.com\/?p=53778","url":"https:\/\/blogdoprosperi.com\/?p=53778","name":"Hora de Alimentar o Caos no Futebol Brasileiro - PR\u00d3SPERI NEWS","isPartOf":{"@id":"https:\/\/blogdoprosperi.com\/#website"},"primaryImageOfPage":{"@id":"https:\/\/blogdoprosperi.com\/?p=53778#primaryimage"},"image":{"@id":"https:\/\/blogdoprosperi.com\/?p=53778#primaryimage"},"thumbnailUrl":"https:\/\/i0.wp.com\/blogdoprosperi.com\/wp-content\/uploads\/2025\/07\/create-a-highly-detailed-high-resolution-image-that-captures-the-essence.png?fit=1024%2C768&ssl=1","datePublished":"2025-07-23T01:41:39+00:00","dateModified":"2025-07-23T01:49:56+00:00","breadcrumb":{"@id":"https:\/\/blogdoprosperi.com\/?p=53778#breadcrumb"},"inLanguage":"pt-BR","potentialAction":[{"@type":"ReadAction","target":["https:\/\/blogdoprosperi.com\/?p=53778"]}]},{"@type":"ImageObject","inLanguage":"pt-BR","@id":"https:\/\/blogdoprosperi.com\/?p=53778#primaryimage","url":"https:\/\/i0.wp.com\/blogdoprosperi.com\/wp-content\/uploads\/2025\/07\/create-a-highly-detailed-high-resolution-image-that-captures-the-essence.png?fit=1024%2C768&ssl=1","contentUrl":"https:\/\/i0.wp.com\/blogdoprosperi.com\/wp-content\/uploads\/2025\/07\/create-a-highly-detailed-high-resolution-image-that-captures-the-essence.png?fit=1024%2C768&ssl=1","width":1024,"height":768},{"@type":"BreadcrumbList","@id":"https:\/\/blogdoprosperi.com\/?p=53778#breadcrumb","itemListElement":[{"@type":"ListItem","position":1,"name":"In\u00edcio","item":"https:\/\/blogdoprosperi.com\/"},{"@type":"ListItem","position":2,"name":"Hora de Alimentar o Caos no Futebol Brasileiro"}]},{"@type":"WebSite","@id":"https:\/\/blogdoprosperi.com\/#website","url":"https:\/\/blogdoprosperi.com\/","name":"PR\u00d3SPERI NEWS","description":"TUDO \u00c9  FUTEBOL","publisher":{"@id":"https:\/\/blogdoprosperi.com\/#\/schema\/person\/38100755ce3601861ee4fab9b5aa78e9"},"alternateName":"blogdoprosperi.com","potentialAction":[{"@type":"SearchAction","target":{"@type":"EntryPoint","urlTemplate":"https:\/\/blogdoprosperi.com\/?s={search_term_string}"},"query-input":{"@type":"PropertyValueSpecification","valueRequired":true,"valueName":"search_term_string"}}],"inLanguage":"pt-BR"},{"@type":["Person","Organization"],"@id":"https:\/\/blogdoprosperi.com\/#\/schema\/person\/38100755ce3601861ee4fab9b5aa78e9","name":"Luiz Ant\u00f4nio Pr\u00f3speri","pronouns":"ele","image":{"@type":"ImageObject","inLanguage":"pt-BR","@id":"https:\/\/i0.wp.com\/blogdoprosperi.com\/wp-content\/uploads\/2026\/05\/cropped-8059e613-6002-42fa-961e-8e275f575d71-2-5.jpg?fit=1360%2C931&ssl=1","url":"https:\/\/i0.wp.com\/blogdoprosperi.com\/wp-content\/uploads\/2026\/05\/cropped-8059e613-6002-42fa-961e-8e275f575d71-2-5.jpg?fit=1360%2C931&ssl=1","contentUrl":"https:\/\/i0.wp.com\/blogdoprosperi.com\/wp-content\/uploads\/2026\/05\/cropped-8059e613-6002-42fa-961e-8e275f575d71-2-5.jpg?fit=1360%2C931&ssl=1","width":1360,"height":931,"caption":"Luiz Ant\u00f4nio Pr\u00f3speri"},"logo":{"@id":"https:\/\/i0.wp.com\/blogdoprosperi.com\/wp-content\/uploads\/2026\/05\/cropped-8059e613-6002-42fa-961e-8e275f575d71-2-5.jpg?fit=1360%2C931&ssl=1"},"description":"Jornalista com carreira dedicada ao esporte. Cobriu 9 Copas do Mundo in loco, 1990 na It\u00e1lia, 1994 nos EUA, 1998 na Fran\u00e7a, 2002 na Coreia do Sul e Jap\u00e3o, 2006 na Alemanha, 2010 na \u00c1frica do Sul, 2014 no Brasil, 2018 na R\u00fassia e 2022 no Qatar. Eurocopas, 1992 na Su\u00e9cia e 1996 na Inglaterra. Copa das Confedera\u00e7\u00f5es de 2005 na Alemanha e 2009 na \u00c1frica do Sul. Rep\u00f3rter e Editor, trabalhou no Jornal da Tarde e Estad\u00e3o, de 1984 a fevereiro de 2016. Colunista, blogueiro. E comentarista de futebol na R\u00e1dio Estad\u00e3o, de 2013 a fevereiro de 2016. Jornalista respons\u00e1vel do \"Pr\u00f3speri News\" (blogdoprosperi.com).","sameAs":["http:\/\/blogdoprosperi.com","Luiz Pr\u00f3speri","@luiz_prosperi","https:\/\/x.com\/Luizprosperi","@prosperinacopa","luiz.prosperi@icloud.com"],"url":"https:\/\/blogdoprosperi.com\/?author=102107496"}]}},"jetpack_publicize_connections":[],"jetpack_likes_enabled":false,"jetpack_sharing_enabled":true,"jetpack_shortlink":"https:\/\/wp.me\/p7jvdk-dZo","jetpack-related-posts":[{"id":46291,"url":"https:\/\/blogdoprosperi.com\/?p=46291","url_meta":{"origin":53778,"position":0},"title":"CBF Muda Calend\u00e1rio do Futebol Brasileiro Com Recesso no Mundial de Clubes Fifa","author":"Luiz Ant\u00f4nio Pr\u00f3speri","date":"12 de novembro de 2024","format":false,"excerpt":"Luiz Ant\u00f4nio Pr\u00f3speri \u2013 12 novembro (16h55) \u2013 CBF muda calend\u00e1rio do futebol brasileiro com a novidade de um recesso no meio da temporada 2025 para clubes da S\u00e9rie A do Brasileir\u00e3o, levando em conta a disputa do Mundial de Clubes Fifa ente junho e julho. Abertura do Brasileir\u00e3o ser\u00e1\u2026","rel":"","context":"Em &quot;futebol&quot;","block_context":{"text":"futebol","link":"https:\/\/blogdoprosperi.com\/?cat=53870"},"img":{"alt_text":"Novo calend\u00e1rio do futebol brasileiro","src":"https:\/\/i0.wp.com\/blogdoprosperi.com\/wp-content\/uploads\/2024\/11\/20240222142247_268-2.jpeg?fit=1200%2C791&ssl=1&resize=350%2C200","width":350,"height":200,"srcset":"https:\/\/i0.wp.com\/blogdoprosperi.com\/wp-content\/uploads\/2024\/11\/20240222142247_268-2.jpeg?fit=1200%2C791&ssl=1&resize=350%2C200 1x, https:\/\/i0.wp.com\/blogdoprosperi.com\/wp-content\/uploads\/2024\/11\/20240222142247_268-2.jpeg?fit=1200%2C791&ssl=1&resize=525%2C300 1.5x, https:\/\/i0.wp.com\/blogdoprosperi.com\/wp-content\/uploads\/2024\/11\/20240222142247_268-2.jpeg?fit=1200%2C791&ssl=1&resize=700%2C400 2x, https:\/\/i0.wp.com\/blogdoprosperi.com\/wp-content\/uploads\/2024\/11\/20240222142247_268-2.jpeg?fit=1200%2C791&ssl=1&resize=1050%2C600 3x"},"classes":[]},{"id":37506,"url":"https:\/\/blogdoprosperi.com\/?p=37506","url_meta":{"origin":53778,"position":1},"title":"CBF erra ao renovar com Tite. Por que n\u00e3o Guardiola?","author":"Luiz Ant\u00f4nio Pr\u00f3speri","date":"26 de julho de 2018","format":false,"excerpt":"CBF comete erro grave ao renovar contrato com Tite por mais quatro anos, at\u00e9 a Copa do Mundo de 2022 no Catar. E com adendo de avalia\u00e7\u00e3o mais precisa ap\u00f3s Copa Am\u00e9rica de 2019 no Brasil. Se n\u00e3o for campe\u00e3o do torneio sul-americano no ano que vem no seu pr\u00f3prio\u2026","rel":"","context":"Em &quot;Copa do Mundo 2018&quot;","block_context":{"text":"Copa do Mundo 2018","link":"https:\/\/blogdoprosperi.com\/?cat=43723753"},"img":{"alt_text":"","src":"https:\/\/i0.wp.com\/blogdoprosperi.com\/wp-content\/uploads\/2017\/10\/stoke-pep-joy.jpg?fit=1024%2C576&ssl=1&resize=350%2C200","width":350,"height":200,"srcset":"https:\/\/i0.wp.com\/blogdoprosperi.com\/wp-content\/uploads\/2017\/10\/stoke-pep-joy.jpg?fit=1024%2C576&ssl=1&resize=350%2C200 1x, https:\/\/i0.wp.com\/blogdoprosperi.com\/wp-content\/uploads\/2017\/10\/stoke-pep-joy.jpg?fit=1024%2C576&ssl=1&resize=525%2C300 1.5x, https:\/\/i0.wp.com\/blogdoprosperi.com\/wp-content\/uploads\/2017\/10\/stoke-pep-joy.jpg?fit=1024%2C576&ssl=1&resize=700%2C400 2x"},"classes":[]},{"id":51398,"url":"https:\/\/blogdoprosperi.com\/?p=51398","url_meta":{"origin":53778,"position":2},"title":"Mundial de Clubes | V\u00eddeo: Manchester City 2 a 0 Wydad \u2013 Melhores Momentos","author":"Luiz Ant\u00f4nio Pr\u00f3speri","date":"18 de junho de 2025","format":false,"excerpt":"Acompanhe melhores momentos de Manchester City 2 a 0 Wydad. V\u00eddeo oficial Fifa: Clique aqui: https:\/\/www.fifa.com\/pt\/watch\/3vpj4xpa63uyFPxqh5oWLF Relato Fifa \u2013 Pep Guardiola mandou para campo uma forma\u00e7\u00e3o bastante jovem do Manchester City, e os garotos se sa\u00edram muito bem, obrigado, na vit\u00f3ria sobre o marroquino Wydad pela abertura do Grupo G\u2026","rel":"","context":"Em &quot;futebol&quot;","block_context":{"text":"futebol","link":"https:\/\/blogdoprosperi.com\/?cat=53870"},"img":{"alt_text":"","src":"https:\/\/i0.wp.com\/blogdoprosperi.com\/wp-content\/uploads\/2025\/06\/manchester-city-fc-v-wydad-ac-group-g-fifa-club-world-cup-2025.webp?fit=1200%2C711&ssl=1&resize=350%2C200","width":350,"height":200,"srcset":"https:\/\/i0.wp.com\/blogdoprosperi.com\/wp-content\/uploads\/2025\/06\/manchester-city-fc-v-wydad-ac-group-g-fifa-club-world-cup-2025.webp?fit=1200%2C711&ssl=1&resize=350%2C200 1x, https:\/\/i0.wp.com\/blogdoprosperi.com\/wp-content\/uploads\/2025\/06\/manchester-city-fc-v-wydad-ac-group-g-fifa-club-world-cup-2025.webp?fit=1200%2C711&ssl=1&resize=525%2C300 1.5x, https:\/\/i0.wp.com\/blogdoprosperi.com\/wp-content\/uploads\/2025\/06\/manchester-city-fc-v-wydad-ac-group-g-fifa-club-world-cup-2025.webp?fit=1200%2C711&ssl=1&resize=700%2C400 2x, https:\/\/i0.wp.com\/blogdoprosperi.com\/wp-content\/uploads\/2025\/06\/manchester-city-fc-v-wydad-ac-group-g-fifa-club-world-cup-2025.webp?fit=1200%2C711&ssl=1&resize=1050%2C600 3x"},"classes":[]},{"id":52307,"url":"https:\/\/blogdoprosperi.com\/?p=52307","url_meta":{"origin":53778,"position":3},"title":"Al Hilal Despacha City de Guardiola e Pega Fluminense nas Quartas do Mundial de Clubes","author":"Luiz Ant\u00f4nio Pr\u00f3speri","date":"1 de julho de 2025","format":false,"excerpt":"Al Hilal vence Manchester City por 4 a 3 com direito \u00e0 prorroga\u00e7\u00e3o alucinante. Time da Ar\u00e1bia Saudita surpreende time de Guardiola, avan\u00e7a \u00e0s quartas de final e vai enfrentar o Fluminense no Mundial de Clubes. Marcos Leonardo, autor de dois gols, sai do confronto como destaque do jogo. Malcom,\u2026","rel":"","context":"Em &quot;Fifa&quot;","block_context":{"text":"Fifa","link":"https:\/\/blogdoprosperi.com\/?cat=187969"},"img":{"alt_text":"","src":"https:\/\/i0.wp.com\/blogdoprosperi.com\/wp-content\/uploads\/2025\/07\/captura-de-tela-2025-07-01-as-01.09.24.png?fit=1088%2C696&ssl=1&resize=350%2C200","width":350,"height":200,"srcset":"https:\/\/i0.wp.com\/blogdoprosperi.com\/wp-content\/uploads\/2025\/07\/captura-de-tela-2025-07-01-as-01.09.24.png?fit=1088%2C696&ssl=1&resize=350%2C200 1x, https:\/\/i0.wp.com\/blogdoprosperi.com\/wp-content\/uploads\/2025\/07\/captura-de-tela-2025-07-01-as-01.09.24.png?fit=1088%2C696&ssl=1&resize=525%2C300 1.5x, https:\/\/i0.wp.com\/blogdoprosperi.com\/wp-content\/uploads\/2025\/07\/captura-de-tela-2025-07-01-as-01.09.24.png?fit=1088%2C696&ssl=1&resize=700%2C400 2x, https:\/\/i0.wp.com\/blogdoprosperi.com\/wp-content\/uploads\/2025\/07\/captura-de-tela-2025-07-01-as-01.09.24.png?fit=1088%2C696&ssl=1&resize=1050%2C600 3x"},"classes":[]},{"id":30141,"url":"https:\/\/blogdoprosperi.com\/?p=30141","url_meta":{"origin":53778,"position":4},"title":"Podres poderes do futebol brasileiro","author":"Luiz Ant\u00f4nio Pr\u00f3speri","date":"28 de outubro de 2016","format":false,"excerpt":"Presidentes de clubes cobram a CBF apenas em dois casos. Primeiro, quando v\u00e3o dividir a grana e, segundo, ao se sentirem prejudicados por erros de arbitragem. De resto, alisam as mangas do palet\u00f3 do presidente para tirar um fiapinho de sujeira e, depois, um beijo na face para selar um\u2026","rel":"","context":"Em &quot;Campeonato Brasileiro&quot;","block_context":{"text":"Campeonato Brasileiro","link":"https:\/\/blogdoprosperi.com\/?cat=355071"},"img":{"alt_text":"","src":"https:\/\/i0.wp.com\/blogdoprosperi.com\/wp-content\/uploads\/2016\/10\/e6c161_dd3a09aaf02d4d9aa5a87c53f3f92fb2.jpg?resize=350%2C200&ssl=1","width":350,"height":200,"srcset":"https:\/\/i0.wp.com\/blogdoprosperi.com\/wp-content\/uploads\/2016\/10\/e6c161_dd3a09aaf02d4d9aa5a87c53f3f92fb2.jpg?resize=350%2C200&ssl=1 1x, https:\/\/i0.wp.com\/blogdoprosperi.com\/wp-content\/uploads\/2016\/10\/e6c161_dd3a09aaf02d4d9aa5a87c53f3f92fb2.jpg?resize=525%2C300&ssl=1 1.5x"},"classes":[]},{"id":37917,"url":"https:\/\/blogdoprosperi.com\/?p=37917","url_meta":{"origin":53778,"position":5},"title":"Jogadores pagam conta da insanidade dos cartolas em tempos de Covid","author":"Luiz Ant\u00f4nio Pr\u00f3speri","date":"14 de novembro de 2020","format":false,"excerpt":"Cresce n\u00famero de jogadores lesionados e infectados com ac\u00famulo de jogos desde a volta do futebol em plena pandemia da Covid mundo afora. No Brasil e na Europa, em especial. A culpa, neste momento, passa pela gan\u00e2ncia e sobreviv\u00eancia de clubes e de federa\u00e7\u00f5es comandados por dirigentes acuados e, porque\u2026","rel":"","context":"Em &quot;futebol&quot;","block_context":{"text":"futebol","link":"https:\/\/blogdoprosperi.com\/?cat=53870"},"img":{"alt_text":"","src":"https:\/\/i0.wp.com\/blogdoprosperi.com\/wp-content\/uploads\/2020\/11\/cuca-santos-1.jpg?fit=1200%2C800&ssl=1&resize=350%2C200","width":350,"height":200,"srcset":"https:\/\/i0.wp.com\/blogdoprosperi.com\/wp-content\/uploads\/2020\/11\/cuca-santos-1.jpg?fit=1200%2C800&ssl=1&resize=350%2C200 1x, https:\/\/i0.wp.com\/blogdoprosperi.com\/wp-content\/uploads\/2020\/11\/cuca-santos-1.jpg?fit=1200%2C800&ssl=1&resize=525%2C300 1.5x, https:\/\/i0.wp.com\/blogdoprosperi.com\/wp-content\/uploads\/2020\/11\/cuca-santos-1.jpg?fit=1200%2C800&ssl=1&resize=700%2C400 2x, https:\/\/i0.wp.com\/blogdoprosperi.com\/wp-content\/uploads\/2020\/11\/cuca-santos-1.jpg?fit=1200%2C800&ssl=1&resize=1050%2C600 3x"},"classes":[]}],"jetpack_featured_media_url":"https:\/\/i0.wp.com\/blogdoprosperi.com\/wp-content\/uploads\/2025\/07\/create-a-highly-detailed-high-resolution-image-that-captures-the-essence.png?fit=1024%2C768&ssl=1","_links":{"self":[{"href":"https:\/\/blogdoprosperi.com\/index.php?rest_route=\/wp\/v2\/posts\/53778","targetHints":{"allow":["GET"]}}],"collection":[{"href":"https:\/\/blogdoprosperi.com\/index.php?rest_route=\/wp\/v2\/posts"}],"about":[{"href":"https:\/\/blogdoprosperi.com\/index.php?rest_route=\/wp\/v2\/types\/post"}],"author":[{"embeddable":true,"href":"https:\/\/blogdoprosperi.com\/index.php?rest_route=\/wp\/v2\/users\/102107496"}],"replies":[{"embeddable":true,"href":"https:\/\/blogdoprosperi.com\/index.php?rest_route=%2Fwp%2Fv2%2Fcomments&post=53778"}],"version-history":[{"count":10,"href":"https:\/\/blogdoprosperi.com\/index.php?rest_route=\/wp\/v2\/posts\/53778\/revisions"}],"predecessor-version":[{"id":53793,"href":"https:\/\/blogdoprosperi.com\/index.php?rest_route=\/wp\/v2\/posts\/53778\/revisions\/53793"}],"wp:featuredmedia":[{"embeddable":true,"href":"https:\/\/blogdoprosperi.com\/index.php?rest_route=\/wp\/v2\/media\/53789"}],"wp:attachment":[{"href":"https:\/\/blogdoprosperi.com\/index.php?rest_route=%2Fwp%2Fv2%2Fmedia&parent=53778"}],"wp:term":[{"taxonomy":"category","embeddable":true,"href":"https:\/\/blogdoprosperi.com\/index.php?rest_route=%2Fwp%2Fv2%2Fcategories&post=53778"},{"taxonomy":"post_tag","embeddable":true,"href":"https:\/\/blogdoprosperi.com\/index.php?rest_route=%2Fwp%2Fv2%2Ftags&post=53778"}],"curies":[{"name":"wp","href":"https:\/\/api.w.org\/{rel}","templated":true}]}}