{"id":53795,"date":"2025-07-25T18:41:01","date_gmt":"2025-07-25T21:41:01","guid":{"rendered":"https:\/\/blogdoprosperi.com\/?p=53795"},"modified":"2025-07-25T18:50:11","modified_gmt":"2025-07-25T21:50:11","slug":"arsenal-contrata-gyokeres-por-r-4742-milhoes-e-complica-situacao-de-gabriel-jesus-no-clube-ingles","status":"publish","type":"post","link":"https:\/\/blogdoprosperi.com\/?p=53795","title":{"rendered":"Arsenal Contrata Gy\u00f6keres por R$ 474,2 milh\u00f5es e Complica Situa\u00e7\u00e3o de Gabriel Jesus no Clube Ingl\u00eas"},"content":{"rendered":"<p>Arsenal j\u00e1 tem um 9 de excel\u00eancia. Atende pelo nome de Viktor Gyokeres, sueco de 27 anos, contratado do Sporting Lisboa por R$ 474,2 milh\u00f5es. Gyokeres usar\u00e1 a camisa 14, n\u00famero que se fez lenda usado por Thierry Henry. A chegada do goleador reduz ainda mais o espa\u00e7o de Gabriel Jesus no clube ingl\u00eas. Jesus se recupera de les\u00e3o grave no joelho que o levou \u00e0 cirurgia em janeiro deste ano 2025 \u2013 previs\u00e3o de volta ainda indefinida.<\/p>\n<p>Em pouco menos de tr\u00eas anos, Gabriel Jesus sofreu duas les\u00f5es de ligamentos cruzados nos joelhos \u2013 dezembro de 2022 na Copa do Mundo do Catar e dezembro de 2024 na Premier League.<\/p>\n<p>N\u00e3o ser\u00e1 nenhuma surpresa se Jesus encaminhar uma negocia\u00e7\u00e3o com um clube brasileiro antes mesmo de encerrar seu per\u00edodo de recupera\u00e7\u00e3o da \u00faltima cirurgia. Palmeiras, seu clube de origem, e Flamengo est\u00e3o no p\u00e1reo.<\/p>\n<p><em>Acompanhe o relato do jornal <strong>The Sun<\/strong> a respeito da contrata\u00e7\u00e3o de Gyokeres:<\/em><\/p>\n<p>Viktor Gyokeres, de 27 anos, do Sporting Lisboa, voar\u00e1 de Portugal para Londres no s\u00e1bado (26\/7) para completar seus exames m\u00e9dicos, tendo j\u00e1 <strong>acertado termos pessoais em um contrato de cinco anos com o Arsenal. <\/strong><\/p>\n<p>Ap\u00f3s semanas de negocia\u00e7\u00f5es com o teimoso presidente do Sporting, Frederico Varandas,\u00a0o Arsenal pagar\u00e1 <strong>54,8 milh\u00f5es de libras (R$ 409,3 milh\u00f5es) adiantados, com 8,7 milh\u00f5es de libras (R$ 64,9 milh\u00f5es) de b\u00f4nus<\/strong> que incluem marcar 20 ou mais gols e a classifica\u00e7\u00e3o para a Liga dos Campe\u00f5es. Total da brincadeira: R$ 474,2 milh\u00f5es, informa o di\u00e1rio londrino <em>The Sum.<\/em><\/p>\n<p>Isso eleva o<strong> gasto de ver\u00e3o do Arsenal para mais de 200 milh\u00f5es libras (R$ 1,49 bilh\u00e3o),<\/strong> depois de tamb\u00e9m contratar Martin Zubimendi, Kepa Arrizabalaga, Christian Norgaard, Noni Madueke e Cristhian Mosquera<\/p>\n<p>A chegada de Gyokeres encerra uma saga tortuosa e a busca de Mikel Arteta por um camisa 9, diz o <em>The Guardian<\/em>, de Londres.<\/p>\n<p>Gy\u00f6keres foi uma sensa\u00e7\u00e3o no Sporting, marcando 97 gols em 102 jogos. Contratado do Coventry por \u00a3 20,5 milh\u00f5es no ver\u00e3o de 2023, o jogador de 27 anos ajudou o Sporting a conquistar o t\u00edtulo da liga em todas as temporadas que passou pelo clube \u2013 al\u00e9m da Ta\u00e7a de Portugal na \u00faltima.<\/p>\n<figure id=\"attachment_53846\" aria-describedby=\"caption-attachment-53846\" style=\"width: 720px\" class=\"wp-caption alignnone\"><img data-recalc-dims=\"1\" loading=\"lazy\" decoding=\"async\" data-attachment-id=\"53846\" data-permalink=\"https:\/\/blogdoprosperi.com\/?attachment_id=53846\" data-orig-file=\"https:\/\/i0.wp.com\/blogdoprosperi.com\/wp-content\/uploads\/2025\/07\/goal-blank-web-facebook2695.jpeg.webp?fit=1920%2C1080&amp;ssl=1\" data-orig-size=\"1920,1080\" data-comments-opened=\"1\" data-image-meta=\"{&quot;aperture&quot;:&quot;0&quot;,&quot;credit&quot;:&quot;&quot;,&quot;camera&quot;:&quot;&quot;,&quot;caption&quot;:&quot;&quot;,&quot;created_timestamp&quot;:&quot;0&quot;,&quot;copyright&quot;:&quot;&quot;,&quot;focal_length&quot;:&quot;0&quot;,&quot;iso&quot;:&quot;0&quot;,&quot;shutter_speed&quot;:&quot;0&quot;,&quot;title&quot;:&quot;&quot;,&quot;orientation&quot;:&quot;0&quot;}\" data-image-title=\"Viktor &amp;#8216;Bane&amp;#8217; Gyokeres\" data-image-description=\"\" data-image-caption=\"&lt;p&gt;Viktor Gyokeres &amp;#8211; foto: reprodu\u00e7\u00e3o redes sociais&lt;\/p&gt;\n\" data-large-file=\"https:\/\/i0.wp.com\/blogdoprosperi.com\/wp-content\/uploads\/2025\/07\/goal-blank-web-facebook2695.jpeg.webp?fit=940%2C529&amp;ssl=1\" class=\"size-large wp-image-53846\" src=\"https:\/\/i0.wp.com\/blogdoprosperi.com\/wp-content\/uploads\/2025\/07\/goal-blank-web-facebook2695.jpeg.webp?resize=720%2C405&#038;ssl=1\" alt=\"Gyokeres \u00e9 do Arsenal\" width=\"720\" height=\"405\" \/><figcaption id=\"caption-attachment-53846\" class=\"wp-caption-text\"><em>Viktor Gyokeres &#8211; foto: reprodu\u00e7\u00e3o redes sociais<\/em><\/figcaption><\/figure>\n<hr \/>\n<p><span class=\"alignnone\"><img data-recalc-dims=\"1\" loading=\"lazy\" decoding=\"async\" data-attachment-id=\"53845\" data-permalink=\"https:\/\/blogdoprosperi.com\/?attachment_id=53845\" data-orig-file=\"https:\/\/i0.wp.com\/blogdoprosperi.com\/wp-content\/uploads\/2025\/07\/captura-de-tela-2025-07-23-as-11.40.37.png?fit=1166%2C882&amp;ssl=1\" data-orig-size=\"1166,882\" data-comments-opened=\"1\" data-image-meta=\"{&quot;aperture&quot;:&quot;0&quot;,&quot;credit&quot;:&quot;&quot;,&quot;camera&quot;:&quot;&quot;,&quot;caption&quot;:&quot;&quot;,&quot;created_timestamp&quot;:&quot;0&quot;,&quot;copyright&quot;:&quot;&quot;,&quot;focal_length&quot;:&quot;0&quot;,&quot;iso&quot;:&quot;0&quot;,&quot;shutter_speed&quot;:&quot;0&quot;,&quot;title&quot;:&quot;&quot;,&quot;orientation&quot;:&quot;0&quot;}\" data-image-title=\"Captura de Tela 2025-07-23 \u00e0s 11.40.37\" data-image-description=\"\" data-image-caption=\"\" data-large-file=\"https:\/\/i0.wp.com\/blogdoprosperi.com\/wp-content\/uploads\/2025\/07\/captura-de-tela-2025-07-23-as-11.40.37.png?fit=940%2C711&amp;ssl=1\" class=\"alignnone size-large wp-image-53845\" src=\"https:\/\/i0.wp.com\/blogdoprosperi.com\/wp-content\/uploads\/2025\/07\/captura-de-tela-2025-07-23-as-11.40.37.png?resize=720%2C545&#038;ssl=1\" alt=\"\" width=\"720\" height=\"545\" \/><\/span><\/p>\n<p><em><strong>Vis\u00e3o geral criada por IA<\/strong><\/em><\/p>\n<p><em>A comemora\u00e7\u00e3o de Gy\u00f6keres, onde ele cobre a boca com as m\u00e3os entrela\u00e7adas, \u00e9 uma refer\u00eancia ao personagem Bane, do filme &#8220;Batman: O Cavaleiro das Trevas Ressurge&#8221;, especialmente \u00e0 frase &#8220;Ningu\u00e9m se importava at\u00e9 eu colocar a m\u00e1scara&#8221;. Essa frase \u00e9 dita por Bane, o vil\u00e3o mascarado, e a comemora\u00e7\u00e3o de Gy\u00f6keres imita o gesto de cobrir o rosto com a m\u00e1scara. A frase &#8220;Ningu\u00e9m se importava at\u00e9 eu colocar a m\u00e1scara&#8221; foi popularizada no filme de 2012, onde Bane a utiliza para enfatizar sua ascens\u00e3o ao poder em Gotham City. Gy\u00f6keres escolheu essa comemora\u00e7\u00e3o para expressar sua ascens\u00e3o no futebol, com a m\u00e1scara simbolizando a mudan\u00e7a em sua carreira e o reconhecimento que ele est\u00e1 recebendo agora.<\/em><\/p>\n<p><em><strong>Bane e Venom<\/strong><\/em><\/p>\n<p><em>Batman: Venom, na S\u00e9rie de Antologia Batman, Lendas do Cavaleiro das Trevas, edi\u00e7\u00f5es 16-20. Batman se viciou na droga venom enquanto procurava uma maneira de superar suas limita\u00e7\u00f5es. Mais tarde, ela ressurgiu como a fonte de energia para Bane, que a usou para dominar e aleijar Batman no Arco de Hist\u00f3rias. Uma variante do Venom original foi usada pelo Presidente no primeiro Arco de Hist\u00f3rias &#8220;Superman\/Batman&#8221; \u2013 (do site Fandom).<\/em><\/p>\n<p><em><strong>De Vil\u00e3o a Anti-Her\u00f3i<\/strong><\/em><\/p>\n<p><em>A transi\u00e7\u00e3o de Venom de vil\u00e3o a anti-her\u00f3i \u00e9 uma das hist\u00f3rias de reden\u00e7\u00e3o mais intrigantes dos quadrinhos. Inicialmente motivado por \u00f3dio e vingan\u00e7a, Venom gradualmente se torna um protetor letal, disposto a fazer o que for necess\u00e1rio para proteger os inocentes, mesmo que isso signifique adotar m\u00e9todos brutais. Essa evolu\u00e7\u00e3o permite que Venom se destaque como um anti-her\u00f3i, um personagem que, apesar de suas falhas e m\u00e9todos question\u00e1veis, busca fazer o bem \u2013 (do site Explorers Club Toys).<\/em><\/p>\n","protected":false},"excerpt":{"rendered":"<p>Arsenal j\u00e1 tem um 9 de excel\u00eancia. Atende pelo nome de Viktor Gyokeres, sueco de 27 anos, contratado [&hellip;]<\/p>\n","protected":false},"author":102107496,"featured_media":53954,"comment_status":"open","ping_status":"open","sticky":false,"template":"","format":"standard","meta":{"_coblocks_attr":"","_coblocks_dimensions":"","_coblocks_responsive_height":"","_coblocks_accordion_ie_support":"","_jetpack_newsletter_access":"","_jetpack_dont_email_post_to_subs":false,"_jetpack_newsletter_tier_id":0,"_jetpack_memberships_contains_paywalled_content":false,"_wpcom_ai_launchpad_first_post":false,"_jetpack_feature_clip_id":0,"_jetpack_memberships_contains_paid_content":false,"footnotes":"","jetpack_publicize_message":"","jetpack_publicize_feature_enabled":true,"jetpack_social_post_already_shared":false,"jetpack_social_options":{"image_generator_settings":{"template":"highway","default_image_id":0,"font":"","enabled":false},"version":2},"jetpack_post_was_ever_published":false},"categories":[53870,20384,38115653,85628],"tags":[1309,449299,782907039,287104,192281837,580537526],"class_list":["post-53795","post","type-post","status-publish","format-standard","has-post-thumbnail","hentry","category-futebol","category-informacao","category-luiz-antonio-prosperi","category-mercado","tag-arsenal","tag-flamengo","tag-grabrieljesus","tag-palmeiras","tag-sportinglisboa","tag-viktorgyokeres"],"yoast_head":"<!-- This site is optimized with the Yoast SEO plugin v28.3 - https:\/\/yoast.com\/product\/yoast-seo-wordpress\/ -->\n<title>Arsenal Contrata Gy\u00f6keres por R$ 474,2 milh\u00f5es e Complica Situa\u00e7\u00e3o de Gabriel Jesus no Clube Ingl\u00eas - PR\u00d3SPERI NEWS<\/title>\n<meta name=\"robots\" content=\"index, follow, max-snippet:-1, max-image-preview:large, max-video-preview:-1\" \/>\n<link rel=\"canonical\" href=\"https:\/\/blogdoprosperi.com\/?p=53795\" \/>\n<meta property=\"og:locale\" content=\"pt_BR\" \/>\n<meta property=\"og:type\" content=\"article\" \/>\n<meta property=\"og:title\" content=\"Arsenal Contrata Gy\u00f6keres por R$ 474,2 milh\u00f5es e Complica Situa\u00e7\u00e3o de Gabriel Jesus no Clube Ingl\u00eas - PR\u00d3SPERI NEWS\" \/>\n<meta property=\"og:description\" content=\"Arsenal j\u00e1 tem um 9 de excel\u00eancia. Atende pelo nome de Viktor Gyokeres, sueco de 27 anos, contratado [&hellip;]\" \/>\n<meta property=\"og:url\" content=\"https:\/\/blogdoprosperi.com\/?p=53795\" \/>\n<meta property=\"og:site_name\" content=\"PR\u00d3SPERI NEWS\" \/>\n<meta property=\"article:publisher\" content=\"Luiz Pr\u00f3speri\" \/>\n<meta property=\"article:author\" content=\"Luiz Pr\u00f3speri\" \/>\n<meta property=\"article:published_time\" content=\"2025-07-25T21:41:01+00:00\" \/>\n<meta property=\"article:modified_time\" content=\"2025-07-25T21:50:11+00:00\" \/>\n<meta property=\"og:image\" content=\"https:\/\/i0.wp.com\/blogdoprosperi.com\/wp-content\/uploads\/2025\/07\/gettyimages-2171951991-2048x1365-1.webp?fit=2048%2C1365&ssl=1\" \/>\n\t<meta property=\"og:image:width\" content=\"2048\" \/>\n\t<meta property=\"og:image:height\" content=\"1365\" \/>\n\t<meta property=\"og:image:type\" content=\"image\/webp\" \/>\n<meta name=\"author\" content=\"Luiz Ant\u00f4nio Pr\u00f3speri\" \/>\n<meta name=\"twitter:card\" content=\"summary_large_image\" \/>\n<meta name=\"twitter:creator\" content=\"@Luizprosperi\" \/>\n<meta name=\"twitter:site\" content=\"@Luizprosperi\" \/>\n<meta name=\"twitter:label1\" content=\"Escrito por\" \/>\n\t<meta name=\"twitter:data1\" content=\"Luiz Ant\u00f4nio Pr\u00f3speri\" \/>\n\t<meta name=\"twitter:label2\" content=\"Est. tempo de leitura\" \/>\n\t<meta name=\"twitter:data2\" content=\"4 minutos\" \/>\n<script type=\"application\/ld+json\" class=\"yoast-schema-graph\">{\"@context\":\"https:\\\/\\\/schema.org\",\"@graph\":[{\"@type\":\"Article\",\"@id\":\"https:\\\/\\\/blogdoprosperi.com\\\/?p=53795#article\",\"isPartOf\":{\"@id\":\"https:\\\/\\\/blogdoprosperi.com\\\/?p=53795\"},\"author\":{\"name\":\"Luiz Ant\u00f4nio Pr\u00f3speri\",\"@id\":\"https:\\\/\\\/blogdoprosperi.com\\\/#\\\/schema\\\/person\\\/38100755ce3601861ee4fab9b5aa78e9\"},\"headline\":\"Arsenal Contrata Gy\u00f6keres por R$ 474,2 milh\u00f5es e Complica Situa\u00e7\u00e3o de Gabriel Jesus no Clube Ingl\u00eas\",\"datePublished\":\"2025-07-25T21:41:01+00:00\",\"dateModified\":\"2025-07-25T21:50:11+00:00\",\"mainEntityOfPage\":{\"@id\":\"https:\\\/\\\/blogdoprosperi.com\\\/?p=53795\"},\"wordCount\":720,\"commentCount\":0,\"publisher\":{\"@id\":\"https:\\\/\\\/blogdoprosperi.com\\\/#\\\/schema\\\/person\\\/38100755ce3601861ee4fab9b5aa78e9\"},\"image\":{\"@id\":\"https:\\\/\\\/blogdoprosperi.com\\\/?p=53795#primaryimage\"},\"thumbnailUrl\":\"https:\\\/\\\/i0.wp.com\\\/blogdoprosperi.com\\\/wp-content\\\/uploads\\\/2025\\\/07\\\/gettyimages-2171951991-2048x1365-1.webp?fit=2048%2C1365&ssl=1\",\"keywords\":[\"Arsenal\",\"Flamengo\",\"grabrieljesus\",\"Palmeiras\",\"sportinglisboa\",\"viktorgyokeres\"],\"articleSection\":[\"futebol\",\"informa\u00e7\u00e3o\",\"Luiz Ant\u00f4nio Pr\u00f3speri\",\"mercado\"],\"inLanguage\":\"pt-BR\",\"potentialAction\":[{\"@type\":\"CommentAction\",\"name\":\"Comment\",\"target\":[\"https:\\\/\\\/blogdoprosperi.com\\\/?p=53795#respond\"]}]},{\"@type\":\"WebPage\",\"@id\":\"https:\\\/\\\/blogdoprosperi.com\\\/?p=53795\",\"url\":\"https:\\\/\\\/blogdoprosperi.com\\\/?p=53795\",\"name\":\"Arsenal Contrata Gy\u00f6keres por R$ 474,2 milh\u00f5es e Complica Situa\u00e7\u00e3o de Gabriel Jesus no Clube Ingl\u00eas - PR\u00d3SPERI NEWS\",\"isPartOf\":{\"@id\":\"https:\\\/\\\/blogdoprosperi.com\\\/#website\"},\"primaryImageOfPage\":{\"@id\":\"https:\\\/\\\/blogdoprosperi.com\\\/?p=53795#primaryimage\"},\"image\":{\"@id\":\"https:\\\/\\\/blogdoprosperi.com\\\/?p=53795#primaryimage\"},\"thumbnailUrl\":\"https:\\\/\\\/i0.wp.com\\\/blogdoprosperi.com\\\/wp-content\\\/uploads\\\/2025\\\/07\\\/gettyimages-2171951991-2048x1365-1.webp?fit=2048%2C1365&ssl=1\",\"datePublished\":\"2025-07-25T21:41:01+00:00\",\"dateModified\":\"2025-07-25T21:50:11+00:00\",\"breadcrumb\":{\"@id\":\"https:\\\/\\\/blogdoprosperi.com\\\/?p=53795#breadcrumb\"},\"inLanguage\":\"pt-BR\",\"potentialAction\":[{\"@type\":\"ReadAction\",\"target\":[\"https:\\\/\\\/blogdoprosperi.com\\\/?p=53795\"]}]},{\"@type\":\"ImageObject\",\"inLanguage\":\"pt-BR\",\"@id\":\"https:\\\/\\\/blogdoprosperi.com\\\/?p=53795#primaryimage\",\"url\":\"https:\\\/\\\/i0.wp.com\\\/blogdoprosperi.com\\\/wp-content\\\/uploads\\\/2025\\\/07\\\/gettyimages-2171951991-2048x1365-1.webp?fit=2048%2C1365&ssl=1\",\"contentUrl\":\"https:\\\/\\\/i0.wp.com\\\/blogdoprosperi.com\\\/wp-content\\\/uploads\\\/2025\\\/07\\\/gettyimages-2171951991-2048x1365-1.webp?fit=2048%2C1365&ssl=1\",\"width\":2048,\"height\":1365,\"caption\":\"Viktor Gyokeres no Arsenal - foto: reprodu\u00e7\u00e3o site Arsenal Inside \u2013 Getty Image\"},{\"@type\":\"BreadcrumbList\",\"@id\":\"https:\\\/\\\/blogdoprosperi.com\\\/?p=53795#breadcrumb\",\"itemListElement\":[{\"@type\":\"ListItem\",\"position\":1,\"name\":\"In\u00edcio\",\"item\":\"https:\\\/\\\/blogdoprosperi.com\\\/\"},{\"@type\":\"ListItem\",\"position\":2,\"name\":\"Arsenal Contrata Gy\u00f6keres por R$ 474,2 milh\u00f5es e Complica Situa\u00e7\u00e3o de Gabriel Jesus no Clube Ingl\u00eas\"}]},{\"@type\":\"WebSite\",\"@id\":\"https:\\\/\\\/blogdoprosperi.com\\\/#website\",\"url\":\"https:\\\/\\\/blogdoprosperi.com\\\/\",\"name\":\"PR\u00d3SPERI NEWS\",\"description\":\"TUDO \u00c9  FUTEBOL\",\"publisher\":{\"@id\":\"https:\\\/\\\/blogdoprosperi.com\\\/#\\\/schema\\\/person\\\/38100755ce3601861ee4fab9b5aa78e9\"},\"alternateName\":\"blogdoprosperi.com\",\"potentialAction\":[{\"@type\":\"SearchAction\",\"target\":{\"@type\":\"EntryPoint\",\"urlTemplate\":\"https:\\\/\\\/blogdoprosperi.com\\\/?s={search_term_string}\"},\"query-input\":{\"@type\":\"PropertyValueSpecification\",\"valueRequired\":true,\"valueName\":\"search_term_string\"}}],\"inLanguage\":\"pt-BR\"},{\"@type\":[\"Person\",\"Organization\"],\"@id\":\"https:\\\/\\\/blogdoprosperi.com\\\/#\\\/schema\\\/person\\\/38100755ce3601861ee4fab9b5aa78e9\",\"name\":\"Luiz Ant\u00f4nio Pr\u00f3speri\",\"pronouns\":\"ele\",\"image\":{\"@type\":\"ImageObject\",\"inLanguage\":\"pt-BR\",\"@id\":\"https:\\\/\\\/i0.wp.com\\\/blogdoprosperi.com\\\/wp-content\\\/uploads\\\/2026\\\/05\\\/cropped-8059e613-6002-42fa-961e-8e275f575d71-2-5.jpg?fit=1360%2C931&ssl=1\",\"url\":\"https:\\\/\\\/i0.wp.com\\\/blogdoprosperi.com\\\/wp-content\\\/uploads\\\/2026\\\/05\\\/cropped-8059e613-6002-42fa-961e-8e275f575d71-2-5.jpg?fit=1360%2C931&ssl=1\",\"contentUrl\":\"https:\\\/\\\/i0.wp.com\\\/blogdoprosperi.com\\\/wp-content\\\/uploads\\\/2026\\\/05\\\/cropped-8059e613-6002-42fa-961e-8e275f575d71-2-5.jpg?fit=1360%2C931&ssl=1\",\"width\":1360,\"height\":931,\"caption\":\"Luiz Ant\u00f4nio Pr\u00f3speri\"},\"logo\":{\"@id\":\"https:\\\/\\\/i0.wp.com\\\/blogdoprosperi.com\\\/wp-content\\\/uploads\\\/2026\\\/05\\\/cropped-8059e613-6002-42fa-961e-8e275f575d71-2-5.jpg?fit=1360%2C931&ssl=1\"},\"description\":\"Jornalista com carreira dedicada ao esporte. Cobriu 9 Copas do Mundo in loco, 1990 na It\u00e1lia, 1994 nos EUA, 1998 na Fran\u00e7a, 2002 na Coreia do Sul e Jap\u00e3o, 2006 na Alemanha, 2010 na \u00c1frica do Sul, 2014 no Brasil, 2018 na R\u00fassia e 2022 no Qatar. Eurocopas, 1992 na Su\u00e9cia e 1996 na Inglaterra. Copa das Confedera\u00e7\u00f5es de 2005 na Alemanha e 2009 na \u00c1frica do Sul. Rep\u00f3rter e Editor, trabalhou no Jornal da Tarde e Estad\u00e3o, de 1984 a fevereiro de 2016. Colunista, blogueiro. E comentarista de futebol na R\u00e1dio Estad\u00e3o, de 2013 a fevereiro de 2016. Jornalista respons\u00e1vel do \\\"Pr\u00f3speri News\\\" (blogdoprosperi.com).\",\"sameAs\":[\"http:\\\/\\\/blogdoprosperi.com\",\"Luiz Pr\u00f3speri\",\"@luiz_prosperi\",\"https:\\\/\\\/x.com\\\/Luizprosperi\",\"@prosperinacopa\",\"luiz.prosperi@icloud.com\"],\"url\":\"https:\\\/\\\/blogdoprosperi.com\\\/?author=102107496\"}]}<\/script>\n<!-- \/ Yoast SEO plugin. -->","yoast_head_json":{"title":"Arsenal Contrata Gy\u00f6keres por R$ 474,2 milh\u00f5es e Complica Situa\u00e7\u00e3o de Gabriel Jesus no Clube Ingl\u00eas - PR\u00d3SPERI NEWS","robots":{"index":"index","follow":"follow","max-snippet":"max-snippet:-1","max-image-preview":"max-image-preview:large","max-video-preview":"max-video-preview:-1"},"canonical":"https:\/\/blogdoprosperi.com\/?p=53795","og_locale":"pt_BR","og_type":"article","og_title":"Arsenal Contrata Gy\u00f6keres por R$ 474,2 milh\u00f5es e Complica Situa\u00e7\u00e3o de Gabriel Jesus no Clube Ingl\u00eas - PR\u00d3SPERI NEWS","og_description":"Arsenal j\u00e1 tem um 9 de excel\u00eancia. Atende pelo nome de Viktor Gyokeres, sueco de 27 anos, contratado [&hellip;]","og_url":"https:\/\/blogdoprosperi.com\/?p=53795","og_site_name":"PR\u00d3SPERI NEWS","article_publisher":"Luiz Pr\u00f3speri","article_author":"Luiz Pr\u00f3speri","article_published_time":"2025-07-25T21:41:01+00:00","article_modified_time":"2025-07-25T21:50:11+00:00","og_image":[{"width":2048,"height":1365,"url":"https:\/\/i0.wp.com\/blogdoprosperi.com\/wp-content\/uploads\/2025\/07\/gettyimages-2171951991-2048x1365-1.webp?fit=2048%2C1365&ssl=1","type":"image\/webp"}],"author":"Luiz Ant\u00f4nio Pr\u00f3speri","twitter_card":"summary_large_image","twitter_creator":"@Luizprosperi","twitter_site":"@Luizprosperi","twitter_misc":{"Escrito por":"Luiz Ant\u00f4nio Pr\u00f3speri","Est. tempo de leitura":"4 minutos"},"schema":{"@context":"https:\/\/schema.org","@graph":[{"@type":"Article","@id":"https:\/\/blogdoprosperi.com\/?p=53795#article","isPartOf":{"@id":"https:\/\/blogdoprosperi.com\/?p=53795"},"author":{"name":"Luiz Ant\u00f4nio Pr\u00f3speri","@id":"https:\/\/blogdoprosperi.com\/#\/schema\/person\/38100755ce3601861ee4fab9b5aa78e9"},"headline":"Arsenal Contrata Gy\u00f6keres por R$ 474,2 milh\u00f5es e Complica Situa\u00e7\u00e3o de Gabriel Jesus no Clube Ingl\u00eas","datePublished":"2025-07-25T21:41:01+00:00","dateModified":"2025-07-25T21:50:11+00:00","mainEntityOfPage":{"@id":"https:\/\/blogdoprosperi.com\/?p=53795"},"wordCount":720,"commentCount":0,"publisher":{"@id":"https:\/\/blogdoprosperi.com\/#\/schema\/person\/38100755ce3601861ee4fab9b5aa78e9"},"image":{"@id":"https:\/\/blogdoprosperi.com\/?p=53795#primaryimage"},"thumbnailUrl":"https:\/\/i0.wp.com\/blogdoprosperi.com\/wp-content\/uploads\/2025\/07\/gettyimages-2171951991-2048x1365-1.webp?fit=2048%2C1365&ssl=1","keywords":["Arsenal","Flamengo","grabrieljesus","Palmeiras","sportinglisboa","viktorgyokeres"],"articleSection":["futebol","informa\u00e7\u00e3o","Luiz Ant\u00f4nio Pr\u00f3speri","mercado"],"inLanguage":"pt-BR","potentialAction":[{"@type":"CommentAction","name":"Comment","target":["https:\/\/blogdoprosperi.com\/?p=53795#respond"]}]},{"@type":"WebPage","@id":"https:\/\/blogdoprosperi.com\/?p=53795","url":"https:\/\/blogdoprosperi.com\/?p=53795","name":"Arsenal Contrata Gy\u00f6keres por R$ 474,2 milh\u00f5es e Complica Situa\u00e7\u00e3o de Gabriel Jesus no Clube Ingl\u00eas - PR\u00d3SPERI NEWS","isPartOf":{"@id":"https:\/\/blogdoprosperi.com\/#website"},"primaryImageOfPage":{"@id":"https:\/\/blogdoprosperi.com\/?p=53795#primaryimage"},"image":{"@id":"https:\/\/blogdoprosperi.com\/?p=53795#primaryimage"},"thumbnailUrl":"https:\/\/i0.wp.com\/blogdoprosperi.com\/wp-content\/uploads\/2025\/07\/gettyimages-2171951991-2048x1365-1.webp?fit=2048%2C1365&ssl=1","datePublished":"2025-07-25T21:41:01+00:00","dateModified":"2025-07-25T21:50:11+00:00","breadcrumb":{"@id":"https:\/\/blogdoprosperi.com\/?p=53795#breadcrumb"},"inLanguage":"pt-BR","potentialAction":[{"@type":"ReadAction","target":["https:\/\/blogdoprosperi.com\/?p=53795"]}]},{"@type":"ImageObject","inLanguage":"pt-BR","@id":"https:\/\/blogdoprosperi.com\/?p=53795#primaryimage","url":"https:\/\/i0.wp.com\/blogdoprosperi.com\/wp-content\/uploads\/2025\/07\/gettyimages-2171951991-2048x1365-1.webp?fit=2048%2C1365&ssl=1","contentUrl":"https:\/\/i0.wp.com\/blogdoprosperi.com\/wp-content\/uploads\/2025\/07\/gettyimages-2171951991-2048x1365-1.webp?fit=2048%2C1365&ssl=1","width":2048,"height":1365,"caption":"Viktor Gyokeres no Arsenal - foto: reprodu\u00e7\u00e3o site Arsenal Inside \u2013 Getty Image"},{"@type":"BreadcrumbList","@id":"https:\/\/blogdoprosperi.com\/?p=53795#breadcrumb","itemListElement":[{"@type":"ListItem","position":1,"name":"In\u00edcio","item":"https:\/\/blogdoprosperi.com\/"},{"@type":"ListItem","position":2,"name":"Arsenal Contrata Gy\u00f6keres por R$ 474,2 milh\u00f5es e Complica Situa\u00e7\u00e3o de Gabriel Jesus no Clube Ingl\u00eas"}]},{"@type":"WebSite","@id":"https:\/\/blogdoprosperi.com\/#website","url":"https:\/\/blogdoprosperi.com\/","name":"PR\u00d3SPERI NEWS","description":"TUDO \u00c9  FUTEBOL","publisher":{"@id":"https:\/\/blogdoprosperi.com\/#\/schema\/person\/38100755ce3601861ee4fab9b5aa78e9"},"alternateName":"blogdoprosperi.com","potentialAction":[{"@type":"SearchAction","target":{"@type":"EntryPoint","urlTemplate":"https:\/\/blogdoprosperi.com\/?s={search_term_string}"},"query-input":{"@type":"PropertyValueSpecification","valueRequired":true,"valueName":"search_term_string"}}],"inLanguage":"pt-BR"},{"@type":["Person","Organization"],"@id":"https:\/\/blogdoprosperi.com\/#\/schema\/person\/38100755ce3601861ee4fab9b5aa78e9","name":"Luiz Ant\u00f4nio Pr\u00f3speri","pronouns":"ele","image":{"@type":"ImageObject","inLanguage":"pt-BR","@id":"https:\/\/i0.wp.com\/blogdoprosperi.com\/wp-content\/uploads\/2026\/05\/cropped-8059e613-6002-42fa-961e-8e275f575d71-2-5.jpg?fit=1360%2C931&ssl=1","url":"https:\/\/i0.wp.com\/blogdoprosperi.com\/wp-content\/uploads\/2026\/05\/cropped-8059e613-6002-42fa-961e-8e275f575d71-2-5.jpg?fit=1360%2C931&ssl=1","contentUrl":"https:\/\/i0.wp.com\/blogdoprosperi.com\/wp-content\/uploads\/2026\/05\/cropped-8059e613-6002-42fa-961e-8e275f575d71-2-5.jpg?fit=1360%2C931&ssl=1","width":1360,"height":931,"caption":"Luiz Ant\u00f4nio Pr\u00f3speri"},"logo":{"@id":"https:\/\/i0.wp.com\/blogdoprosperi.com\/wp-content\/uploads\/2026\/05\/cropped-8059e613-6002-42fa-961e-8e275f575d71-2-5.jpg?fit=1360%2C931&ssl=1"},"description":"Jornalista com carreira dedicada ao esporte. Cobriu 9 Copas do Mundo in loco, 1990 na It\u00e1lia, 1994 nos EUA, 1998 na Fran\u00e7a, 2002 na Coreia do Sul e Jap\u00e3o, 2006 na Alemanha, 2010 na \u00c1frica do Sul, 2014 no Brasil, 2018 na R\u00fassia e 2022 no Qatar. Eurocopas, 1992 na Su\u00e9cia e 1996 na Inglaterra. Copa das Confedera\u00e7\u00f5es de 2005 na Alemanha e 2009 na \u00c1frica do Sul. Rep\u00f3rter e Editor, trabalhou no Jornal da Tarde e Estad\u00e3o, de 1984 a fevereiro de 2016. Colunista, blogueiro. E comentarista de futebol na R\u00e1dio Estad\u00e3o, de 2013 a fevereiro de 2016. Jornalista respons\u00e1vel do \"Pr\u00f3speri News\" (blogdoprosperi.com).","sameAs":["http:\/\/blogdoprosperi.com","Luiz Pr\u00f3speri","@luiz_prosperi","https:\/\/x.com\/Luizprosperi","@prosperinacopa","luiz.prosperi@icloud.com"],"url":"https:\/\/blogdoprosperi.com\/?author=102107496"}]}},"jetpack_publicize_connections":[],"jetpack_likes_enabled":false,"jetpack_sharing_enabled":true,"jetpack_shortlink":"https:\/\/wp.me\/p7jvdk-dZF","jetpack-related-posts":[{"id":18684,"url":"https:\/\/blogdoprosperi.com\/?p=18684","url_meta":{"origin":53795,"position":0},"title":"Gabriel Jesus assina contrato de cinco anos com Manchester City e leva b\u00f4nus de R$ 17,3 milh\u00f5es","author":"Luiz Ant\u00f4nio Pr\u00f3speri","date":"3 de agosto de 2016","format":false,"excerpt":"Gabriel Jesus assinou contrato de cinco anos com Manchester City e se apresenta ao clube ingl\u00eas em dezembro, ao encerramento do Campeonato Brasileiro. No acordo, o jogador tem direito a um b\u00f4nus de 4,7 milh\u00f5es (R$ 17,3 milh\u00f5es) ao longo do seu contrato que contempla, entre outras conquistas, a Bola\u2026","rel":"","context":"Em &quot;futebol&quot;","block_context":{"text":"futebol","link":"https:\/\/blogdoprosperi.com\/?cat=53870"},"img":{"alt_text":"","src":"","width":0,"height":0},"classes":[]},{"id":18611,"url":"https:\/\/blogdoprosperi.com\/?p=18611","url_meta":{"origin":53795,"position":1},"title":"Palmeiras vende Gabriel Jesus ao Manchester City por R$ 124 milh\u00f5es","author":"Luiz Ant\u00f4nio Pr\u00f3speri","date":"3 de agosto de 2016","format":false,"excerpt":"Negocia\u00e7\u00e3o do jogador \u00e9 manchete em edi\u00e7\u00f5es matutinas desta quarta-feira na Inglaterra. Clube paulista esperava ceder sua pepita de ouro ao Barcelona antes de Guardiola entrar em a\u00e7\u00e3o. Vai levar cerca de R$ 80 milh\u00f5es na transa\u00e7\u00e3o Gabriel Jesus \u00e9 jogador do Manchester City no neg\u00f3cio de 34 milh\u00f5es de\u2026","rel":"","context":"Em &quot;Campeonato Brasileiro&quot;","block_context":{"text":"Campeonato Brasileiro","link":"https:\/\/blogdoprosperi.com\/?cat=355071"},"img":{"alt_text":"","src":"https:\/\/i0.wp.com\/blogdoprosperi.com\/wp-content\/uploads\/2016\/08\/img-20160802-wa0000.jpg?resize=350%2C200&ssl=1","width":350,"height":200,"srcset":"https:\/\/i0.wp.com\/blogdoprosperi.com\/wp-content\/uploads\/2016\/08\/img-20160802-wa0000.jpg?resize=350%2C200&ssl=1 1x, https:\/\/i0.wp.com\/blogdoprosperi.com\/wp-content\/uploads\/2016\/08\/img-20160802-wa0000.jpg?resize=525%2C300&ssl=1 1.5x, https:\/\/i0.wp.com\/blogdoprosperi.com\/wp-content\/uploads\/2016\/08\/img-20160802-wa0000.jpg?resize=700%2C400&ssl=1 2x"},"classes":[]},{"id":17835,"url":"https:\/\/blogdoprosperi.com\/?p=17835","url_meta":{"origin":53795,"position":2},"title":"Manchester City fecha acordo por Gabriel Jesus e Palmeiras corre atr\u00e1s de sucessor do garoto","author":"Luiz Ant\u00f4nio Pr\u00f3speri","date":"29 de julho de 2016","format":false,"excerpt":"Manchester City venceu a corrida por Gabriel Jesus e acertou nesta sexta-feira (29\/7) a contrata\u00e7\u00e3o do jogador por 32 milh\u00f5es de euros (R$ 116,1 milh\u00f5es). Na divis\u00e3o do dinheiro, o Palmeiras levar\u00e1 20 milh\u00f5es de euros (R$ 72,6 milh\u00f5es) e o jogador e seus empres\u00e1rios \u00a0dividir\u00e3o 12 milh\u00f5es de euros\u2026","rel":"","context":"Em &quot;futebol&quot;","block_context":{"text":"futebol","link":"https:\/\/blogdoprosperi.com\/?cat=53870"},"img":{"alt_text":"","src":"https:\/\/i0.wp.com\/blogdoprosperi.com\/wp-content\/uploads\/2016\/07\/20160622_cgap_palmeiras_7256_4.jpg?resize=350%2C200","width":350,"height":200,"srcset":"https:\/\/i0.wp.com\/blogdoprosperi.com\/wp-content\/uploads\/2016\/07\/20160622_cgap_palmeiras_7256_4.jpg?resize=350%2C200 1x, https:\/\/i0.wp.com\/blogdoprosperi.com\/wp-content\/uploads\/2016\/07\/20160622_cgap_palmeiras_7256_4.jpg?resize=525%2C300 1.5x, https:\/\/i0.wp.com\/blogdoprosperi.com\/wp-content\/uploads\/2016\/07\/20160622_cgap_palmeiras_7256_4.jpg?resize=700%2C400 2x"},"classes":[]},{"id":62640,"url":"https:\/\/blogdoprosperi.com\/?p=62640","url_meta":{"origin":53795,"position":3},"title":"Gabriel Jesus \u00e9 do Barcelona","author":"Luiz Ant\u00f4nio Pr\u00f3speri","date":"30 de agosto de 2026","format":false,"excerpt":"Urgente News: Gabriel Jesus \u00e9 do Barcelona. Neg\u00f3cio ser\u00e1 fechado nesta segunda-feira (31\/8). Bar\u00e7a vai pagar R$ 60,4 milh\u00f5es ao Arsenal. Tempo de contrato n\u00e3o foi divulgado. Palmeiras perde oportunidade de resgatar seu ex-atacante.","rel":"","context":"Em &quot;\u00daltimas&quot;","block_context":{"text":"\u00daltimas","link":"https:\/\/blogdoprosperi.com\/?cat=283656"},"img":{"alt_text":"","src":"https:\/\/i0.wp.com\/blogdoprosperi.com\/wp-content\/uploads\/2026\/08\/Captura-de-Tela-2026-08-30-as-10.41.12.png?fit=1200%2C900&ssl=1&resize=350%2C200","width":350,"height":200,"srcset":"https:\/\/i0.wp.com\/blogdoprosperi.com\/wp-content\/uploads\/2026\/08\/Captura-de-Tela-2026-08-30-as-10.41.12.png?fit=1200%2C900&ssl=1&resize=350%2C200 1x, https:\/\/i0.wp.com\/blogdoprosperi.com\/wp-content\/uploads\/2026\/08\/Captura-de-Tela-2026-08-30-as-10.41.12.png?fit=1200%2C900&ssl=1&resize=525%2C300 1.5x, https:\/\/i0.wp.com\/blogdoprosperi.com\/wp-content\/uploads\/2026\/08\/Captura-de-Tela-2026-08-30-as-10.41.12.png?fit=1200%2C900&ssl=1&resize=700%2C400 2x, https:\/\/i0.wp.com\/blogdoprosperi.com\/wp-content\/uploads\/2026\/08\/Captura-de-Tela-2026-08-30-as-10.41.12.png?fit=1200%2C900&ssl=1&resize=1050%2C600 3x"},"classes":[]},{"id":17082,"url":"https:\/\/blogdoprosperi.com\/?p=17082","url_meta":{"origin":53795,"position":4},"title":"Gabriel Jesus vira guerra entre Guardiola e Mourinho no futebol ingl\u00eas","author":"Luiz Ant\u00f4nio Pr\u00f3speri","date":"21 de julho de 2016","format":false,"excerpt":"\u00a0 Gabriel Jesus virou alvo de disputa entre Pep Guardiola, t\u00e9cnico do Manchester City, e Jos\u00e9 Mourinho, t\u00e9cnico do Manchester United. Ao ser informado de que o treinador espanhol havia ligado a Jesus para ser jogador dele no City, Mourinho teria acionado o comando do United a fazer tamb\u00e9m uma\u2026","rel":"","context":"Em &quot;futebol&quot;","block_context":{"text":"futebol","link":"https:\/\/blogdoprosperi.com\/?cat=53870"},"img":{"alt_text":"","src":"https:\/\/i0.wp.com\/blogdoprosperi.com\/wp-content\/uploads\/2016\/07\/gabriel-jesus-durante-treino-da-selecao-olimpica-1469054998462_956x500.jpg?resize=350%2C200&ssl=1","width":350,"height":200,"srcset":"https:\/\/i0.wp.com\/blogdoprosperi.com\/wp-content\/uploads\/2016\/07\/gabriel-jesus-durante-treino-da-selecao-olimpica-1469054998462_956x500.jpg?resize=350%2C200&ssl=1 1x, https:\/\/i0.wp.com\/blogdoprosperi.com\/wp-content\/uploads\/2016\/07\/gabriel-jesus-durante-treino-da-selecao-olimpica-1469054998462_956x500.jpg?resize=525%2C300&ssl=1 1.5x, https:\/\/i0.wp.com\/blogdoprosperi.com\/wp-content\/uploads\/2016\/07\/gabriel-jesus-durante-treino-da-selecao-olimpica-1469054998462_956x500.jpg?resize=700%2C400&ssl=1 2x"},"classes":[]},{"id":18425,"url":"https:\/\/blogdoprosperi.com\/?p=18425","url_meta":{"origin":53795,"position":5},"title":"Sele\u00e7\u00e3o Brasileira Ol\u00edmpica vira um balc\u00e3o de neg\u00f3cios de jogadores","author":"Luiz Ant\u00f4nio Pr\u00f3speri","date":"1 de agosto de 2016","format":false,"excerpt":"Sele\u00e7\u00e3o Brasileira Ol\u00edmpica vai estrear na Olimp\u00edada do Rio nesta quinta-feira com muitos de seus jovens jogadores no balc\u00e3o de transfer\u00eancias aos clubes europeus. Neg\u00f3cios ultrapassam a casa dos 100 milh\u00f5es de euros (R$ 361 milh\u00f5es) e n\u00e3o ser\u00e3o conclu\u00eddos ainda nesta semana. O Brasil vai correr atr\u00e1s da medalha\u2026","rel":"","context":"Em &quot;futebol&quot;","block_context":{"text":"futebol","link":"https:\/\/blogdoprosperi.com\/?cat=53870"},"img":{"alt_text":"","src":"https:\/\/i0.wp.com\/blogdoprosperi.com\/wp-content\/uploads\/2016\/08\/rodriocaio.jpg?resize=350%2C200&ssl=1","width":350,"height":200,"srcset":"https:\/\/i0.wp.com\/blogdoprosperi.com\/wp-content\/uploads\/2016\/08\/rodriocaio.jpg?resize=350%2C200&ssl=1 1x, https:\/\/i0.wp.com\/blogdoprosperi.com\/wp-content\/uploads\/2016\/08\/rodriocaio.jpg?resize=525%2C300&ssl=1 1.5x"},"classes":[]}],"jetpack_featured_media_url":"https:\/\/i0.wp.com\/blogdoprosperi.com\/wp-content\/uploads\/2025\/07\/gettyimages-2171951991-2048x1365-1.webp?fit=2048%2C1365&ssl=1","_links":{"self":[{"href":"https:\/\/blogdoprosperi.com\/index.php?rest_route=\/wp\/v2\/posts\/53795","targetHints":{"allow":["GET"]}}],"collection":[{"href":"https:\/\/blogdoprosperi.com\/index.php?rest_route=\/wp\/v2\/posts"}],"about":[{"href":"https:\/\/blogdoprosperi.com\/index.php?rest_route=\/wp\/v2\/types\/post"}],"author":[{"embeddable":true,"href":"https:\/\/blogdoprosperi.com\/index.php?rest_route=\/wp\/v2\/users\/102107496"}],"replies":[{"embeddable":true,"href":"https:\/\/blogdoprosperi.com\/index.php?rest_route=%2Fwp%2Fv2%2Fcomments&post=53795"}],"version-history":[{"count":25,"href":"https:\/\/blogdoprosperi.com\/index.php?rest_route=\/wp\/v2\/posts\/53795\/revisions"}],"predecessor-version":[{"id":53977,"href":"https:\/\/blogdoprosperi.com\/index.php?rest_route=\/wp\/v2\/posts\/53795\/revisions\/53977"}],"wp:featuredmedia":[{"embeddable":true,"href":"https:\/\/blogdoprosperi.com\/index.php?rest_route=\/wp\/v2\/media\/53954"}],"wp:attachment":[{"href":"https:\/\/blogdoprosperi.com\/index.php?rest_route=%2Fwp%2Fv2%2Fmedia&parent=53795"}],"wp:term":[{"taxonomy":"category","embeddable":true,"href":"https:\/\/blogdoprosperi.com\/index.php?rest_route=%2Fwp%2Fv2%2Fcategories&post=53795"},{"taxonomy":"post_tag","embeddable":true,"href":"https:\/\/blogdoprosperi.com\/index.php?rest_route=%2Fwp%2Fv2%2Ftags&post=53795"}],"curies":[{"name":"wp","href":"https:\/\/api.w.org\/{rel}","templated":true}]}}