{"id":53802,"date":"2025-07-23T13:58:43","date_gmt":"2025-07-23T16:58:43","guid":{"rendered":"https:\/\/blogdoprosperi.com\/?p=53802"},"modified":"2025-07-25T00:19:57","modified_gmt":"2025-07-25T03:19:57","slug":"vitor-roque-ninguem-se-importa-quando-ele-coloca-a-mascara","status":"publish","type":"post","link":"https:\/\/blogdoprosperi.com\/?p=53802","title":{"rendered":"Vitor Roque | Ningu\u00e9m Se Importa Quando Ele Coloca a M\u00e1scara"},"content":{"rendered":"<p><em>Luiz Ant\u00f4nio Pr\u00f3speri \u2013 23 julho 2025 (13h41) \u2013<\/em><\/p>\n<p>Estou sentado na cadeira 26, fila V, setor leste 123, do Allianz Parque. Domingo (20\/7), 17h. Dali a 30 minutos, ter\u00edamos Palmeiras x Atl\u00e9tico-MG, 15.\u00aa rodada do Brasileir\u00e3o 2025. Nas cadeiras ao meu lado, muitos senhores de cabelos brancos, poucos pais acompanhados de filhos menores, mulheres de meia-idade. Um dos raros adolescentes nas cadeiras vizinhas olha para mim e diz: &#8220;Vamos ganhar. 2 a 0. Um gol do Vitor Roque. Pode me cobrar&#8221;. Os de cabelos brancos manuseiam seus celulares com aparelhos quase colados no rosto. Sentimento que se tem \u00e9 de que naquele setor do est\u00e1dio se perceberia mais emo\u00e7\u00e3o \u00e0 vibra\u00e7\u00e3o. Vibrar, gritar Palmeiras, se exigia energia. Se emocionar, derrubar algumas l\u00e1grimas, se exigia mais tempo de vida. E o Vitor Roque do gol anunciado pelo garot\u00e3o?<\/p>\n<p>Era a primeira vez que eu acompanharia um jogo de Vitor Roque no est\u00e1dio, longe da telona da TV e da telinha do celular. Ao longo da minha carreira de 40 anos de jornalista esportivo, passei, acho, de mil jogos in loco nos est\u00e1dios. Por exemplo, tive o privil\u00e9gio de ver dentro dos est\u00e1dios os 15 gols de Ronaldo Fen\u00f4meno com a camisa da Sele\u00e7\u00e3o Brasileira nas Copas do Mundo.<\/p>\n<p>No domingo, dia 20 de julho, eu queria ver Vitor Roque de perto. Entender tamb\u00e9m o tamanho das cr\u00edticas ao time de Abel Ferreira. Se eram cab\u00edveis ou n\u00e3o.<\/p>\n<p>Times perfilados. &#8220;Meu Palmeiras&#8221; cantado em cima do Hino Nacional, tradi\u00e7\u00e3o no Allianz.<\/p>\n<p>Na fila de jogadores vestidos de verde e branco, l\u00e1 est\u00e1 o atacante Vitor Hugo Roque Ferreira \u2013 20 anos, 1m72, 76 kg &nbsp;\u2013, nascido na cidade Tim\u00f3teo (MG), na regi\u00e3o do Vale do A\u00e7o, a 200 km da capital Belo Horizonte.<\/p>\n<p>Na fila de jogadores com uniformes preto e branco est\u00e1 o zagueiro Lyanco Evangelista Silveira Neves Vojnovi\u0107 \u2013 28 anos, 1m87, 84 kg &nbsp;\u2013, nascido em Vit\u00f3ria, capital do Esp\u00edrito Santo.<\/p>\n<p>Vitor Roque custou 25 milh\u00f5es de euros ao Palmeiras, contratado do Barcelona em mar\u00e7o de 2025.<\/p>\n<p>Lyanco custou 4,5 milh\u00f5es de euros ao Atl\u00e9tico-MG, contratado do Southampton da Inglaterra.<\/p>\n<p>Jogo come\u00e7a. Lyanco \u00e9 escalado por Cuca para marcar Vitor Roque. E Vitor Roque \u00e9 escalado por Abel para atacar no setor de Lyanco.<\/p>\n<p>Lyanco \u00e9 15 cm mais alto que Vitor Roque. \u00c9 s\u00e9rvio-brasileiro por descend\u00eancia de seus pais. Apar\u00eancia de Viking.<\/p>\n<p>Na primeira bola que Vitor Roque recebe, Lyanco est\u00e1 bufando ao seu encal\u00e7o. Vitor vence o duelo. A cena se repetiria ao longo do jogo.<\/p>\n<p>Aos poucos, Vitor vai demolindo aquela montanha de m\u00fasculos e for\u00e7a do zagueiro atleticano. Se percebe a rocha esfarelando.<\/p>\n<p>R\u00e1pido, forte como um touro, driblador. Ainda um tanto afoito. Ansioso na hora de chutar a gol, Vitor Roque supera Lyanco na maioria dos lances.<\/p>\n<p>Faz um gol, meio torto e com a colabora\u00e7\u00e3o do zagueiro Junior Alonso. Ajoelha-se e agradece a Deus. De longe, n\u00e3o percebi se fez o gesto imitando o Tigrinho de suas comemora\u00e7\u00f5es.<\/p>\n<p>Ao final do embate no Allianz, avalia\u00e7\u00e3o que fa\u00e7o \u00e9 bem simples: Vitor Roque joga muita bola. Tem voca\u00e7\u00e3o a atropelar todos marcadores com vigor f\u00edsico e intelig\u00eancia, de humilhar mesmo os zagueiros.<\/p>\n<p>Quando controlar a ansiedade, podem esperar por um goleador completo, de entrar para a hist\u00f3ria. Tem tempo. \u00c9 novo, 20 anos apenas.<\/p>\n<p>Abel Ferreira: &#8220;Vitor \u00e9 muito novo. Daqui uns tr\u00eas a quatro anos ser\u00e1 uma m\u00e1quina (<em>de fazer gols)&#8221;.&nbsp;<\/em><\/p>\n<p>Assino embaixo o que Abel sentencia a respeito de Vitor Roque.<\/p>\n<p>Antes de acabar o jogo, Vitor \u00e9 substitu\u00eddo. Senhores de cabelos brancos, no setor do est\u00e1dio em que eu estava, aplaudem de p\u00e9 o garoto. Un\u00edssono no Allianz os gritos de &#8220;Vitor Roque, Vitor Roque&#8221;.<\/p>\n<p>Na sa\u00edda do campo, Vitor Roque poderia ter dito: &#8220;Ningu\u00e9m se importou at\u00e9 eu colocar a m\u00e1scara&#8221;\u2026 em agradecimento aos aplausos.<\/p>\n<p>A frase \u00e9 de Bane vil\u00e3o das hist\u00f3rias de Batman, e usada por Viktor Gyokeres, atacante sueco goleador, contratado nesta quarta-feira (23\/7) pelo Arsenal por R$ 475,5 milh\u00f5es do Sporting de Braga, clube onde Abel Ferreira fez carreira de jogador.<\/p>\n<p>O Tigrinho n\u00e3o \u00e9 Barne nem \u00e9 mascarado. Nesse momento de sua carreira alimenta sonhos de milhares de garotos palmeirenses.<\/p>\n<p>Ao fim do jogo no Allianz, olhei ao redor e n\u00e3o vi o adolescente que havia me pedido antes de a partida come\u00e7ar para que eu cobrasse a sua profecia: &#8220;Vitor Roque vai fazer um gol. Pode me cobrar&#8221;. &nbsp;O garoto estava certo.<\/p>\n","protected":false},"excerpt":{"rendered":"<p>Luiz Ant\u00f4nio Pr\u00f3speri \u2013 23 julho 2025 (13h41) \u2013 Estou sentado na cadeira 26, fila V, setor leste [&hellip;]<\/p>\n","protected":false},"author":102107496,"featured_media":53812,"comment_status":"open","ping_status":"open","sticky":false,"template":"","format":"standard","meta":{"_coblocks_attr":"","_coblocks_dimensions":"","_coblocks_responsive_height":"","_coblocks_accordion_ie_support":"","_jetpack_newsletter_access":"","_jetpack_dont_email_post_to_subs":false,"_jetpack_newsletter_tier_id":0,"_jetpack_memberships_contains_paywalled_content":false,"_wpcom_ai_launchpad_first_post":false,"_jetpack_feature_clip_id":0,"_jetpack_memberships_contains_paid_content":false,"footnotes":"","jetpack_publicize_message":"","jetpack_publicize_feature_enabled":true,"jetpack_social_post_already_shared":false,"jetpack_social_options":{"image_generator_settings":{"template":"highway","default_image_id":0,"font":"","enabled":false},"version":2},"jetpack_post_was_ever_published":false},"categories":[775970846,53870,38115653,3919],"tags":[72238077,782853814,258674912,1771565,780173253,319413491,782782365,117669482,768028477],"class_list":["post-53802","post","type-post","status-publish","format-standard","has-post-thumbnail","hentry","category-brasileirao-2025","category-futebol","category-luiz-antonio-prosperi","category-opiniao","tag-sepalmeiras","tag-abelfereira","tag-allianzparque","tag-atleticomg","tag-brasileirao2025","tag-lyanco","tag-palmeiras3x2atleticomg","tag-ronaldofenomeno","tag-vitorroque"],"yoast_head":"<!-- This site is optimized with the Yoast SEO plugin v28.3 - https:\/\/yoast.com\/product\/yoast-seo-wordpress\/ -->\n<title>Vitor Roque | Ningu\u00e9m Se Importa Quando Ele Coloca a M\u00e1scara - PR\u00d3SPERI NEWS<\/title>\n<meta name=\"robots\" content=\"index, follow, max-snippet:-1, max-image-preview:large, max-video-preview:-1\" \/>\n<link rel=\"canonical\" href=\"https:\/\/blogdoprosperi.com\/?p=53802\" \/>\n<meta property=\"og:locale\" content=\"pt_BR\" \/>\n<meta property=\"og:type\" content=\"article\" \/>\n<meta property=\"og:title\" content=\"Vitor Roque | Ningu\u00e9m Se Importa Quando Ele Coloca a M\u00e1scara - PR\u00d3SPERI NEWS\" \/>\n<meta property=\"og:description\" content=\"Luiz Ant\u00f4nio Pr\u00f3speri \u2013 23 julho 2025 (13h41) \u2013 Estou sentado na cadeira 26, fila V, setor leste [&hellip;]\" \/>\n<meta property=\"og:url\" content=\"https:\/\/blogdoprosperi.com\/?p=53802\" \/>\n<meta property=\"og:site_name\" content=\"PR\u00d3SPERI NEWS\" \/>\n<meta property=\"article:publisher\" content=\"Luiz Pr\u00f3speri\" \/>\n<meta property=\"article:author\" content=\"Luiz Pr\u00f3speri\" \/>\n<meta property=\"article:published_time\" content=\"2025-07-23T16:58:43+00:00\" \/>\n<meta property=\"article:modified_time\" content=\"2025-07-25T03:19:57+00:00\" \/>\n<meta property=\"og:image\" content=\"https:\/\/i0.wp.com\/blogdoprosperi.com\/wp-content\/uploads\/2025\/07\/captura-de-tela-2025-07-23-as-12.06.43.png?fit=916%2C804&ssl=1\" \/>\n\t<meta property=\"og:image:width\" content=\"916\" \/>\n\t<meta property=\"og:image:height\" content=\"804\" \/>\n\t<meta property=\"og:image:type\" content=\"image\/png\" \/>\n<meta name=\"author\" content=\"Luiz Ant\u00f4nio Pr\u00f3speri\" \/>\n<meta name=\"twitter:card\" content=\"summary_large_image\" \/>\n<meta name=\"twitter:creator\" content=\"@Luizprosperi\" \/>\n<meta name=\"twitter:site\" content=\"@Luizprosperi\" \/>\n<meta name=\"twitter:label1\" content=\"Escrito por\" \/>\n\t<meta name=\"twitter:data1\" content=\"Luiz Ant\u00f4nio Pr\u00f3speri\" \/>\n\t<meta name=\"twitter:label2\" content=\"Est. tempo de leitura\" \/>\n\t<meta name=\"twitter:data2\" content=\"4 minutos\" \/>\n<script type=\"application\/ld+json\" class=\"yoast-schema-graph\">{\"@context\":\"https:\\\/\\\/schema.org\",\"@graph\":[{\"@type\":\"Article\",\"@id\":\"https:\\\/\\\/blogdoprosperi.com\\\/?p=53802#article\",\"isPartOf\":{\"@id\":\"https:\\\/\\\/blogdoprosperi.com\\\/?p=53802\"},\"author\":{\"name\":\"Luiz Ant\u00f4nio Pr\u00f3speri\",\"@id\":\"https:\\\/\\\/blogdoprosperi.com\\\/#\\\/schema\\\/person\\\/38100755ce3601861ee4fab9b5aa78e9\"},\"headline\":\"Vitor Roque | Ningu\u00e9m Se Importa Quando Ele Coloca a M\u00e1scara\",\"datePublished\":\"2025-07-23T16:58:43+00:00\",\"dateModified\":\"2025-07-25T03:19:57+00:00\",\"mainEntityOfPage\":{\"@id\":\"https:\\\/\\\/blogdoprosperi.com\\\/?p=53802\"},\"wordCount\":772,\"commentCount\":1,\"publisher\":{\"@id\":\"https:\\\/\\\/blogdoprosperi.com\\\/#\\\/schema\\\/person\\\/38100755ce3601861ee4fab9b5aa78e9\"},\"image\":{\"@id\":\"https:\\\/\\\/blogdoprosperi.com\\\/?p=53802#primaryimage\"},\"thumbnailUrl\":\"https:\\\/\\\/i0.wp.com\\\/blogdoprosperi.com\\\/wp-content\\\/uploads\\\/2025\\\/07\\\/captura-de-tela-2025-07-23-as-12.06.43.png?fit=916%2C804&ssl=1\",\"keywords\":[\"#sepalmeiras\",\"abelfereira\",\"allianzparque\",\"atl\u00e9ticomg\",\"brasileir\u00e3o2025\",\"lyanco\",\"palmeiras3x2atleticomg\",\"ronaldofen\u00f4meno\",\"vitorroque\"],\"articleSection\":[\"brasileir\u00e3o 2025\",\"futebol\",\"Luiz Ant\u00f4nio Pr\u00f3speri\",\"opini\u00e3o\"],\"inLanguage\":\"pt-BR\",\"potentialAction\":[{\"@type\":\"CommentAction\",\"name\":\"Comment\",\"target\":[\"https:\\\/\\\/blogdoprosperi.com\\\/?p=53802#respond\"]}]},{\"@type\":\"WebPage\",\"@id\":\"https:\\\/\\\/blogdoprosperi.com\\\/?p=53802\",\"url\":\"https:\\\/\\\/blogdoprosperi.com\\\/?p=53802\",\"name\":\"Vitor Roque | Ningu\u00e9m Se Importa Quando Ele Coloca a M\u00e1scara - PR\u00d3SPERI NEWS\",\"isPartOf\":{\"@id\":\"https:\\\/\\\/blogdoprosperi.com\\\/#website\"},\"primaryImageOfPage\":{\"@id\":\"https:\\\/\\\/blogdoprosperi.com\\\/?p=53802#primaryimage\"},\"image\":{\"@id\":\"https:\\\/\\\/blogdoprosperi.com\\\/?p=53802#primaryimage\"},\"thumbnailUrl\":\"https:\\\/\\\/i0.wp.com\\\/blogdoprosperi.com\\\/wp-content\\\/uploads\\\/2025\\\/07\\\/captura-de-tela-2025-07-23-as-12.06.43.png?fit=916%2C804&ssl=1\",\"datePublished\":\"2025-07-23T16:58:43+00:00\",\"dateModified\":\"2025-07-25T03:19:57+00:00\",\"breadcrumb\":{\"@id\":\"https:\\\/\\\/blogdoprosperi.com\\\/?p=53802#breadcrumb\"},\"inLanguage\":\"pt-BR\",\"potentialAction\":[{\"@type\":\"ReadAction\",\"target\":[\"https:\\\/\\\/blogdoprosperi.com\\\/?p=53802\"]}]},{\"@type\":\"ImageObject\",\"inLanguage\":\"pt-BR\",\"@id\":\"https:\\\/\\\/blogdoprosperi.com\\\/?p=53802#primaryimage\",\"url\":\"https:\\\/\\\/i0.wp.com\\\/blogdoprosperi.com\\\/wp-content\\\/uploads\\\/2025\\\/07\\\/captura-de-tela-2025-07-23-as-12.06.43.png?fit=916%2C804&ssl=1\",\"contentUrl\":\"https:\\\/\\\/i0.wp.com\\\/blogdoprosperi.com\\\/wp-content\\\/uploads\\\/2025\\\/07\\\/captura-de-tela-2025-07-23-as-12.06.43.png?fit=916%2C804&ssl=1\",\"width\":916,\"height\":804,\"caption\":\"Vitor Roque, 20 anos, vem a\u00ed o goleiro \u2013 foto: Palmeiras oficial\"},{\"@type\":\"BreadcrumbList\",\"@id\":\"https:\\\/\\\/blogdoprosperi.com\\\/?p=53802#breadcrumb\",\"itemListElement\":[{\"@type\":\"ListItem\",\"position\":1,\"name\":\"In\u00edcio\",\"item\":\"https:\\\/\\\/blogdoprosperi.com\\\/\"},{\"@type\":\"ListItem\",\"position\":2,\"name\":\"Vitor Roque | Ningu\u00e9m Se Importa Quando Ele Coloca a M\u00e1scara\"}]},{\"@type\":\"WebSite\",\"@id\":\"https:\\\/\\\/blogdoprosperi.com\\\/#website\",\"url\":\"https:\\\/\\\/blogdoprosperi.com\\\/\",\"name\":\"PR\u00d3SPERI NEWS\",\"description\":\"TUDO \u00c9  FUTEBOL\",\"publisher\":{\"@id\":\"https:\\\/\\\/blogdoprosperi.com\\\/#\\\/schema\\\/person\\\/38100755ce3601861ee4fab9b5aa78e9\"},\"alternateName\":\"blogdoprosperi.com\",\"potentialAction\":[{\"@type\":\"SearchAction\",\"target\":{\"@type\":\"EntryPoint\",\"urlTemplate\":\"https:\\\/\\\/blogdoprosperi.com\\\/?s={search_term_string}\"},\"query-input\":{\"@type\":\"PropertyValueSpecification\",\"valueRequired\":true,\"valueName\":\"search_term_string\"}}],\"inLanguage\":\"pt-BR\"},{\"@type\":[\"Person\",\"Organization\"],\"@id\":\"https:\\\/\\\/blogdoprosperi.com\\\/#\\\/schema\\\/person\\\/38100755ce3601861ee4fab9b5aa78e9\",\"name\":\"Luiz Ant\u00f4nio Pr\u00f3speri\",\"pronouns\":\"ele\",\"image\":{\"@type\":\"ImageObject\",\"inLanguage\":\"pt-BR\",\"@id\":\"https:\\\/\\\/i0.wp.com\\\/blogdoprosperi.com\\\/wp-content\\\/uploads\\\/2026\\\/05\\\/cropped-8059e613-6002-42fa-961e-8e275f575d71-2-5.jpg?fit=1360%2C931&ssl=1\",\"url\":\"https:\\\/\\\/i0.wp.com\\\/blogdoprosperi.com\\\/wp-content\\\/uploads\\\/2026\\\/05\\\/cropped-8059e613-6002-42fa-961e-8e275f575d71-2-5.jpg?fit=1360%2C931&ssl=1\",\"contentUrl\":\"https:\\\/\\\/i0.wp.com\\\/blogdoprosperi.com\\\/wp-content\\\/uploads\\\/2026\\\/05\\\/cropped-8059e613-6002-42fa-961e-8e275f575d71-2-5.jpg?fit=1360%2C931&ssl=1\",\"width\":1360,\"height\":931,\"caption\":\"Luiz Ant\u00f4nio Pr\u00f3speri\"},\"logo\":{\"@id\":\"https:\\\/\\\/i0.wp.com\\\/blogdoprosperi.com\\\/wp-content\\\/uploads\\\/2026\\\/05\\\/cropped-8059e613-6002-42fa-961e-8e275f575d71-2-5.jpg?fit=1360%2C931&ssl=1\"},\"description\":\"Jornalista com carreira dedicada ao esporte. Cobriu 9 Copas do Mundo in loco, 1990 na It\u00e1lia, 1994 nos EUA, 1998 na Fran\u00e7a, 2002 na Coreia do Sul e Jap\u00e3o, 2006 na Alemanha, 2010 na \u00c1frica do Sul, 2014 no Brasil, 2018 na R\u00fassia e 2022 no Qatar. Eurocopas, 1992 na Su\u00e9cia e 1996 na Inglaterra. Copa das Confedera\u00e7\u00f5es de 2005 na Alemanha e 2009 na \u00c1frica do Sul. Rep\u00f3rter e Editor, trabalhou no Jornal da Tarde e Estad\u00e3o, de 1984 a fevereiro de 2016. Colunista, blogueiro. E comentarista de futebol na R\u00e1dio Estad\u00e3o, de 2013 a fevereiro de 2016. Jornalista respons\u00e1vel do \\\"Pr\u00f3speri News\\\" (blogdoprosperi.com).\",\"sameAs\":[\"http:\\\/\\\/blogdoprosperi.com\",\"Luiz Pr\u00f3speri\",\"@luiz_prosperi\",\"https:\\\/\\\/x.com\\\/Luizprosperi\",\"@prosperinacopa\",\"luiz.prosperi@icloud.com\"],\"url\":\"https:\\\/\\\/blogdoprosperi.com\\\/?author=102107496\"}]}<\/script>\n<!-- \/ Yoast SEO plugin. -->","yoast_head_json":{"title":"Vitor Roque | Ningu\u00e9m Se Importa Quando Ele Coloca a M\u00e1scara - PR\u00d3SPERI NEWS","robots":{"index":"index","follow":"follow","max-snippet":"max-snippet:-1","max-image-preview":"max-image-preview:large","max-video-preview":"max-video-preview:-1"},"canonical":"https:\/\/blogdoprosperi.com\/?p=53802","og_locale":"pt_BR","og_type":"article","og_title":"Vitor Roque | Ningu\u00e9m Se Importa Quando Ele Coloca a M\u00e1scara - PR\u00d3SPERI NEWS","og_description":"Luiz Ant\u00f4nio Pr\u00f3speri \u2013 23 julho 2025 (13h41) \u2013 Estou sentado na cadeira 26, fila V, setor leste [&hellip;]","og_url":"https:\/\/blogdoprosperi.com\/?p=53802","og_site_name":"PR\u00d3SPERI NEWS","article_publisher":"Luiz Pr\u00f3speri","article_author":"Luiz Pr\u00f3speri","article_published_time":"2025-07-23T16:58:43+00:00","article_modified_time":"2025-07-25T03:19:57+00:00","og_image":[{"width":916,"height":804,"url":"https:\/\/i0.wp.com\/blogdoprosperi.com\/wp-content\/uploads\/2025\/07\/captura-de-tela-2025-07-23-as-12.06.43.png?fit=916%2C804&ssl=1","type":"image\/png"}],"author":"Luiz Ant\u00f4nio Pr\u00f3speri","twitter_card":"summary_large_image","twitter_creator":"@Luizprosperi","twitter_site":"@Luizprosperi","twitter_misc":{"Escrito por":"Luiz Ant\u00f4nio Pr\u00f3speri","Est. tempo de leitura":"4 minutos"},"schema":{"@context":"https:\/\/schema.org","@graph":[{"@type":"Article","@id":"https:\/\/blogdoprosperi.com\/?p=53802#article","isPartOf":{"@id":"https:\/\/blogdoprosperi.com\/?p=53802"},"author":{"name":"Luiz Ant\u00f4nio Pr\u00f3speri","@id":"https:\/\/blogdoprosperi.com\/#\/schema\/person\/38100755ce3601861ee4fab9b5aa78e9"},"headline":"Vitor Roque | Ningu\u00e9m Se Importa Quando Ele Coloca a M\u00e1scara","datePublished":"2025-07-23T16:58:43+00:00","dateModified":"2025-07-25T03:19:57+00:00","mainEntityOfPage":{"@id":"https:\/\/blogdoprosperi.com\/?p=53802"},"wordCount":772,"commentCount":1,"publisher":{"@id":"https:\/\/blogdoprosperi.com\/#\/schema\/person\/38100755ce3601861ee4fab9b5aa78e9"},"image":{"@id":"https:\/\/blogdoprosperi.com\/?p=53802#primaryimage"},"thumbnailUrl":"https:\/\/i0.wp.com\/blogdoprosperi.com\/wp-content\/uploads\/2025\/07\/captura-de-tela-2025-07-23-as-12.06.43.png?fit=916%2C804&ssl=1","keywords":["#sepalmeiras","abelfereira","allianzparque","atl\u00e9ticomg","brasileir\u00e3o2025","lyanco","palmeiras3x2atleticomg","ronaldofen\u00f4meno","vitorroque"],"articleSection":["brasileir\u00e3o 2025","futebol","Luiz Ant\u00f4nio Pr\u00f3speri","opini\u00e3o"],"inLanguage":"pt-BR","potentialAction":[{"@type":"CommentAction","name":"Comment","target":["https:\/\/blogdoprosperi.com\/?p=53802#respond"]}]},{"@type":"WebPage","@id":"https:\/\/blogdoprosperi.com\/?p=53802","url":"https:\/\/blogdoprosperi.com\/?p=53802","name":"Vitor Roque | Ningu\u00e9m Se Importa Quando Ele Coloca a M\u00e1scara - PR\u00d3SPERI NEWS","isPartOf":{"@id":"https:\/\/blogdoprosperi.com\/#website"},"primaryImageOfPage":{"@id":"https:\/\/blogdoprosperi.com\/?p=53802#primaryimage"},"image":{"@id":"https:\/\/blogdoprosperi.com\/?p=53802#primaryimage"},"thumbnailUrl":"https:\/\/i0.wp.com\/blogdoprosperi.com\/wp-content\/uploads\/2025\/07\/captura-de-tela-2025-07-23-as-12.06.43.png?fit=916%2C804&ssl=1","datePublished":"2025-07-23T16:58:43+00:00","dateModified":"2025-07-25T03:19:57+00:00","breadcrumb":{"@id":"https:\/\/blogdoprosperi.com\/?p=53802#breadcrumb"},"inLanguage":"pt-BR","potentialAction":[{"@type":"ReadAction","target":["https:\/\/blogdoprosperi.com\/?p=53802"]}]},{"@type":"ImageObject","inLanguage":"pt-BR","@id":"https:\/\/blogdoprosperi.com\/?p=53802#primaryimage","url":"https:\/\/i0.wp.com\/blogdoprosperi.com\/wp-content\/uploads\/2025\/07\/captura-de-tela-2025-07-23-as-12.06.43.png?fit=916%2C804&ssl=1","contentUrl":"https:\/\/i0.wp.com\/blogdoprosperi.com\/wp-content\/uploads\/2025\/07\/captura-de-tela-2025-07-23-as-12.06.43.png?fit=916%2C804&ssl=1","width":916,"height":804,"caption":"Vitor Roque, 20 anos, vem a\u00ed o goleiro \u2013 foto: Palmeiras oficial"},{"@type":"BreadcrumbList","@id":"https:\/\/blogdoprosperi.com\/?p=53802#breadcrumb","itemListElement":[{"@type":"ListItem","position":1,"name":"In\u00edcio","item":"https:\/\/blogdoprosperi.com\/"},{"@type":"ListItem","position":2,"name":"Vitor Roque | Ningu\u00e9m Se Importa Quando Ele Coloca a M\u00e1scara"}]},{"@type":"WebSite","@id":"https:\/\/blogdoprosperi.com\/#website","url":"https:\/\/blogdoprosperi.com\/","name":"PR\u00d3SPERI NEWS","description":"TUDO \u00c9  FUTEBOL","publisher":{"@id":"https:\/\/blogdoprosperi.com\/#\/schema\/person\/38100755ce3601861ee4fab9b5aa78e9"},"alternateName":"blogdoprosperi.com","potentialAction":[{"@type":"SearchAction","target":{"@type":"EntryPoint","urlTemplate":"https:\/\/blogdoprosperi.com\/?s={search_term_string}"},"query-input":{"@type":"PropertyValueSpecification","valueRequired":true,"valueName":"search_term_string"}}],"inLanguage":"pt-BR"},{"@type":["Person","Organization"],"@id":"https:\/\/blogdoprosperi.com\/#\/schema\/person\/38100755ce3601861ee4fab9b5aa78e9","name":"Luiz Ant\u00f4nio Pr\u00f3speri","pronouns":"ele","image":{"@type":"ImageObject","inLanguage":"pt-BR","@id":"https:\/\/i0.wp.com\/blogdoprosperi.com\/wp-content\/uploads\/2026\/05\/cropped-8059e613-6002-42fa-961e-8e275f575d71-2-5.jpg?fit=1360%2C931&ssl=1","url":"https:\/\/i0.wp.com\/blogdoprosperi.com\/wp-content\/uploads\/2026\/05\/cropped-8059e613-6002-42fa-961e-8e275f575d71-2-5.jpg?fit=1360%2C931&ssl=1","contentUrl":"https:\/\/i0.wp.com\/blogdoprosperi.com\/wp-content\/uploads\/2026\/05\/cropped-8059e613-6002-42fa-961e-8e275f575d71-2-5.jpg?fit=1360%2C931&ssl=1","width":1360,"height":931,"caption":"Luiz Ant\u00f4nio Pr\u00f3speri"},"logo":{"@id":"https:\/\/i0.wp.com\/blogdoprosperi.com\/wp-content\/uploads\/2026\/05\/cropped-8059e613-6002-42fa-961e-8e275f575d71-2-5.jpg?fit=1360%2C931&ssl=1"},"description":"Jornalista com carreira dedicada ao esporte. Cobriu 9 Copas do Mundo in loco, 1990 na It\u00e1lia, 1994 nos EUA, 1998 na Fran\u00e7a, 2002 na Coreia do Sul e Jap\u00e3o, 2006 na Alemanha, 2010 na \u00c1frica do Sul, 2014 no Brasil, 2018 na R\u00fassia e 2022 no Qatar. Eurocopas, 1992 na Su\u00e9cia e 1996 na Inglaterra. Copa das Confedera\u00e7\u00f5es de 2005 na Alemanha e 2009 na \u00c1frica do Sul. Rep\u00f3rter e Editor, trabalhou no Jornal da Tarde e Estad\u00e3o, de 1984 a fevereiro de 2016. Colunista, blogueiro. E comentarista de futebol na R\u00e1dio Estad\u00e3o, de 2013 a fevereiro de 2016. Jornalista respons\u00e1vel do \"Pr\u00f3speri News\" (blogdoprosperi.com).","sameAs":["http:\/\/blogdoprosperi.com","Luiz Pr\u00f3speri","@luiz_prosperi","https:\/\/x.com\/Luizprosperi","@prosperinacopa","luiz.prosperi@icloud.com"],"url":"https:\/\/blogdoprosperi.com\/?author=102107496"}]}},"jetpack_publicize_connections":[],"jetpack_likes_enabled":false,"jetpack_sharing_enabled":true,"jetpack_shortlink":"https:\/\/wp.me\/p7jvdk-dZM","jetpack-related-posts":[{"id":48780,"url":"https:\/\/blogdoprosperi.com\/?p=48780","url_meta":{"origin":53802,"position":0},"title":"Palmeiras vs S\u00e3o Paulo: O P\u00eanalti que Decide o Cl\u00e1ssico","author":"Luiz Ant\u00f4nio Pr\u00f3speri","date":"11 de mar\u00e7o de 2025","format":false,"excerpt":"Luiz Ant\u00f4nio Pr\u00f3speri \u2013 11 mar\u00e7o (13h35) \u2013 P\u00eanalti de Arboleda em Vitor Roque a favor do Palmeiras ou n\u00e3o p\u00eanalti de Arboleda em Vitor Roque a favor do S\u00e3o Paulo. Cl\u00e1ssico valendo vaga na final do Paulist\u00e3o se resume a esse lance capital. E n\u00e3o se fala mais do\u2026","rel":"","context":"Em &quot;futebol&quot;","block_context":{"text":"futebol","link":"https:\/\/blogdoprosperi.com\/?cat=53870"},"img":{"alt_text":"\u00c1rbitro Flavio Rodrigues, o pol\u00eamico","src":"https:\/\/i0.wp.com\/blogdoprosperi.com\/wp-content\/uploads\/2025\/03\/54379104646_65fbf1747d_c.jpg?fit=800%2C450&ssl=1&resize=350%2C200","width":350,"height":200,"srcset":"https:\/\/i0.wp.com\/blogdoprosperi.com\/wp-content\/uploads\/2025\/03\/54379104646_65fbf1747d_c.jpg?fit=800%2C450&ssl=1&resize=350%2C200 1x, https:\/\/i0.wp.com\/blogdoprosperi.com\/wp-content\/uploads\/2025\/03\/54379104646_65fbf1747d_c.jpg?fit=800%2C450&ssl=1&resize=525%2C300 1.5x, https:\/\/i0.wp.com\/blogdoprosperi.com\/wp-content\/uploads\/2025\/03\/54379104646_65fbf1747d_c.jpg?fit=800%2C450&ssl=1&resize=700%2C400 2x"},"classes":[]},{"id":53825,"url":"https:\/\/blogdoprosperi.com\/?p=53825","url_meta":{"origin":53802,"position":1},"title":"Coletiva Abel Ferreira | Fluminense 1 x 2 Palmeiras \u2013 Brasileir\u00e3o 2025","author":"Luiz Ant\u00f4nio Pr\u00f3speri","date":"23 de julho de 2025","format":false,"excerpt":"Acompanhe entrevista coletiva Abel Ferreira p\u00f3s-jogo Fluminense 1 x 2 Palmeiras. Vitor Roque fez o gol da virada.Ao vivo TV Palmeiras:","rel":"","context":"Em &quot;brasileir\u00e3o 2025&quot;","block_context":{"text":"brasileir\u00e3o 2025","link":"https:\/\/blogdoprosperi.com\/?cat=775970846"},"img":{"alt_text":"Fluminense 1 x 2 Palmeiras, 16\u00aa rodada Brasileir\u00e3o 2025","src":"https:\/\/i0.wp.com\/blogdoprosperi.com\/wp-content\/uploads\/2025\/07\/54675087369_121c9df2a0_c.jpg?fit=800%2C450&ssl=1&resize=350%2C200","width":350,"height":200,"srcset":"https:\/\/i0.wp.com\/blogdoprosperi.com\/wp-content\/uploads\/2025\/07\/54675087369_121c9df2a0_c.jpg?fit=800%2C450&ssl=1&resize=350%2C200 1x, https:\/\/i0.wp.com\/blogdoprosperi.com\/wp-content\/uploads\/2025\/07\/54675087369_121c9df2a0_c.jpg?fit=800%2C450&ssl=1&resize=525%2C300 1.5x, https:\/\/i0.wp.com\/blogdoprosperi.com\/wp-content\/uploads\/2025\/07\/54675087369_121c9df2a0_c.jpg?fit=800%2C450&ssl=1&resize=700%2C400 2x"},"classes":[]},{"id":53422,"url":"https:\/\/blogdoprosperi.com\/?p=53422","url_meta":{"origin":53802,"position":2},"title":"Palmeiras | Entenda a Quarta Remontada de Abel Ferreira em 2025","author":"Luiz Ant\u00f4nio Pr\u00f3speri","date":"15 de julho de 2025","format":false,"excerpt":"Luiz Ant\u00f4nio Pr\u00f3speri \u2013 15 julho (12h21) \u2013 Ram\u00f3n Sosa, 25 anos, contratado a R$ 80 milh\u00f5es do Nottingham Forest, chega para preencher uma vaga no ataque do Palmeiras. Apresentado segunda-feira (14\/7), o paraguaio seria o substituto de Estev\u00e3o, hoje no Chelsea. N\u00e3o \u00e9 bem assim. Sosa vai entrar no\u2026","rel":"","context":"Em &quot;brasileir\u00e3o 2025&quot;","block_context":{"text":"brasileir\u00e3o 2025","link":"https:\/\/blogdoprosperi.com\/?cat=775970846"},"img":{"alt_text":"Ram\u00f3n Sosa, novo refor\u00e7o do Palmeiras","src":"https:\/\/i0.wp.com\/blogdoprosperi.com\/wp-content\/uploads\/2025\/07\/54653699472_b35428751b_c.jpg?fit=800%2C450&ssl=1&resize=350%2C200","width":350,"height":200,"srcset":"https:\/\/i0.wp.com\/blogdoprosperi.com\/wp-content\/uploads\/2025\/07\/54653699472_b35428751b_c.jpg?fit=800%2C450&ssl=1&resize=350%2C200 1x, https:\/\/i0.wp.com\/blogdoprosperi.com\/wp-content\/uploads\/2025\/07\/54653699472_b35428751b_c.jpg?fit=800%2C450&ssl=1&resize=525%2C300 1.5x, https:\/\/i0.wp.com\/blogdoprosperi.com\/wp-content\/uploads\/2025\/07\/54653699472_b35428751b_c.jpg?fit=800%2C450&ssl=1&resize=700%2C400 2x"},"classes":[]},{"id":48455,"url":"https:\/\/blogdoprosperi.com\/?p=48455","url_meta":{"origin":53802,"position":3},"title":"V\u00eddeo | Gols de Vitor Roque, Refor\u00e7o do Palmeiras","author":"Luiz Ant\u00f4nio Pr\u00f3speri","date":"28 de fevereiro de 2025","format":false,"excerpt":"","rel":"","context":"Em &quot;futebol&quot;","block_context":{"text":"futebol","link":"https:\/\/blogdoprosperi.com\/?cat=53870"},"img":{"alt_text":"","src":"https:\/\/i0.wp.com\/img.youtube.com\/vi\/M3UM9cI8jAo\/0.jpg?resize=350%2C200","width":350,"height":200},"classes":[]},{"id":57823,"url":"https:\/\/blogdoprosperi.com\/?p=57823","url_meta":{"origin":53802,"position":4},"title":"Palmeiras | Dupla Vitor Roque e Paulinho fica para depois da Copa","author":"Luiz Ant\u00f4nio Pr\u00f3speri","date":"24 de abril de 2026","format":false,"excerpt":"Luiz Ant\u00f4nio Pr\u00f3speri \u2013 24 abril 2026 (18h41) \u2013 Vitor Roque vai passar por cirurgia no tornozelo esquerdo, avariado ap\u00f3s levar duro golpe no jogo do Palmeiras contra o Jacuipense, quinta-feira (23\/4). Se constatou uma les\u00e3o da sindesmose (ligamentos que sustentam t\u00edbia e f\u00edbula no tornozelo) do jogador. Especialistas argumentam\u2026","rel":"","context":"Em &quot;copa 2026&quot;","block_context":{"text":"copa 2026","link":"https:\/\/blogdoprosperi.com\/?cat=36820279"},"img":{"alt_text":"Dupla Paulino-Vitor Roque no Palmeiras","src":"https:\/\/i0.wp.com\/blogdoprosperi.com\/wp-content\/uploads\/2026\/04\/captura-de-tela-2026-04-24-as-19.02.09.png?fit=1200%2C857&ssl=1&resize=350%2C200","width":350,"height":200,"srcset":"https:\/\/i0.wp.com\/blogdoprosperi.com\/wp-content\/uploads\/2026\/04\/captura-de-tela-2026-04-24-as-19.02.09.png?fit=1200%2C857&ssl=1&resize=350%2C200 1x, https:\/\/i0.wp.com\/blogdoprosperi.com\/wp-content\/uploads\/2026\/04\/captura-de-tela-2026-04-24-as-19.02.09.png?fit=1200%2C857&ssl=1&resize=525%2C300 1.5x, https:\/\/i0.wp.com\/blogdoprosperi.com\/wp-content\/uploads\/2026\/04\/captura-de-tela-2026-04-24-as-19.02.09.png?fit=1200%2C857&ssl=1&resize=700%2C400 2x, https:\/\/i0.wp.com\/blogdoprosperi.com\/wp-content\/uploads\/2026\/04\/captura-de-tela-2026-04-24-as-19.02.09.png?fit=1200%2C857&ssl=1&resize=1050%2C600 3x"},"classes":[]},{"id":48392,"url":"https:\/\/blogdoprosperi.com\/?p=48392","url_meta":{"origin":53802,"position":5},"title":"Vitor Roque \u00e9 do Palmeiras | Contrata\u00e7\u00e3o Mais Cara do Futebol Brasileiro","author":"Luiz Ant\u00f4nio Pr\u00f3speri","date":"26 de fevereiro de 2025","format":false,"excerpt":"Palmeiras paga R$ 154,5 milh\u00f5es por VR e supera a transfer\u00eancia do argentino Almada ao Botafogo por R$ 137,4 milh\u00f5es, em julho de 2024 Vitor Roque pode ser inscrito ainda no Paulist\u00e3o 2025, caso o Palmeiras avance \u00e0s semifinais eliminando o S\u00e3o Bernardo, s\u00e1bado, no ABC paulista. Luiz Antonio Pr\u00f3speri\u2026","rel":"","context":"Em &quot;futebol&quot;","block_context":{"text":"futebol","link":"https:\/\/blogdoprosperi.com\/?cat=53870"},"img":{"alt_text":"Vitor Roque \u00e9 do Palmeiras","src":"https:\/\/i0.wp.com\/blogdoprosperi.com\/wp-content\/uploads\/2025\/02\/captura-de-tela-2025-02-28-as-16.13.48.png?fit=1200%2C656&ssl=1&resize=350%2C200","width":350,"height":200,"srcset":"https:\/\/i0.wp.com\/blogdoprosperi.com\/wp-content\/uploads\/2025\/02\/captura-de-tela-2025-02-28-as-16.13.48.png?fit=1200%2C656&ssl=1&resize=350%2C200 1x, https:\/\/i0.wp.com\/blogdoprosperi.com\/wp-content\/uploads\/2025\/02\/captura-de-tela-2025-02-28-as-16.13.48.png?fit=1200%2C656&ssl=1&resize=525%2C300 1.5x, https:\/\/i0.wp.com\/blogdoprosperi.com\/wp-content\/uploads\/2025\/02\/captura-de-tela-2025-02-28-as-16.13.48.png?fit=1200%2C656&ssl=1&resize=700%2C400 2x, https:\/\/i0.wp.com\/blogdoprosperi.com\/wp-content\/uploads\/2025\/02\/captura-de-tela-2025-02-28-as-16.13.48.png?fit=1200%2C656&ssl=1&resize=1050%2C600 3x"},"classes":[]}],"jetpack_featured_media_url":"https:\/\/i0.wp.com\/blogdoprosperi.com\/wp-content\/uploads\/2025\/07\/captura-de-tela-2025-07-23-as-12.06.43.png?fit=916%2C804&ssl=1","_links":{"self":[{"href":"https:\/\/blogdoprosperi.com\/index.php?rest_route=\/wp\/v2\/posts\/53802","targetHints":{"allow":["GET"]}}],"collection":[{"href":"https:\/\/blogdoprosperi.com\/index.php?rest_route=\/wp\/v2\/posts"}],"about":[{"href":"https:\/\/blogdoprosperi.com\/index.php?rest_route=\/wp\/v2\/types\/post"}],"author":[{"embeddable":true,"href":"https:\/\/blogdoprosperi.com\/index.php?rest_route=\/wp\/v2\/users\/102107496"}],"replies":[{"embeddable":true,"href":"https:\/\/blogdoprosperi.com\/index.php?rest_route=%2Fwp%2Fv2%2Fcomments&post=53802"}],"version-history":[{"count":17,"href":"https:\/\/blogdoprosperi.com\/index.php?rest_route=\/wp\/v2\/posts\/53802\/revisions"}],"predecessor-version":[{"id":53910,"href":"https:\/\/blogdoprosperi.com\/index.php?rest_route=\/wp\/v2\/posts\/53802\/revisions\/53910"}],"wp:featuredmedia":[{"embeddable":true,"href":"https:\/\/blogdoprosperi.com\/index.php?rest_route=\/wp\/v2\/media\/53812"}],"wp:attachment":[{"href":"https:\/\/blogdoprosperi.com\/index.php?rest_route=%2Fwp%2Fv2%2Fmedia&parent=53802"}],"wp:term":[{"taxonomy":"category","embeddable":true,"href":"https:\/\/blogdoprosperi.com\/index.php?rest_route=%2Fwp%2Fv2%2Fcategories&post=53802"},{"taxonomy":"post_tag","embeddable":true,"href":"https:\/\/blogdoprosperi.com\/index.php?rest_route=%2Fwp%2Fv2%2Ftags&post=53802"}],"curies":[{"name":"wp","href":"https:\/\/api.w.org\/{rel}","templated":true}]}}