{"id":54204,"date":"2025-08-01T12:21:19","date_gmt":"2025-08-01T15:21:19","guid":{"rendered":"https:\/\/blogdoprosperi.com\/?p=54204"},"modified":"2025-08-01T12:21:19","modified_gmt":"2025-08-01T15:21:19","slug":"copa-do-brasil-a-quem-interessa","status":"publish","type":"post","link":"https:\/\/blogdoprosperi.com\/?p=54204","title":{"rendered":"Copa do Brasil | A Quem Interessa?"},"content":{"rendered":"<p><em>Luiz Ant\u00f4nio Pr\u00f3speri \u2013 1 agosto 2025 (12h07) \u2013<\/em><\/p>\n<p>Copa do Brasil paga ao campe\u00e3o algo perto de R$ 100 milh\u00f5es na soma geral de fases e premia\u00e7\u00e3o. Grana alta. Qual clube brasileiro desprezaria essa f\u00e1bula? Nenhum. Apontada como a mais democr\u00e1tica das competi\u00e7\u00f5es nacionais, a CB n\u00e3o \u00e9 levada a s\u00e9rio por clubes bem estabelecidos. Aos pequenos, aninhados nas S\u00e9ries B e C, e aos encrencados na temporada da S\u00e9rie A, a Copa do Brasil \u00e9 uma d\u00e1diva. Uma boia de salva\u00e7\u00e3o. Jogos de ida das oitavas de final, disputados entre quarta-feira (30\/7) e quinta-feira (31\/7), mostram at\u00e9 onde vai o interesse real pela ta\u00e7a.<\/p>\n<p>S\u00e3o Paulo, Flamengo e Cruzeiro n\u00e3o usaram o que t\u00eam de melhor no grupo de jogadores nesses jogos de ida das oitavas. Corinthians e Palmeiras, sim. Mas por outros motivos. Palmeiras teve time titular por se tratar de um cl\u00e1ssico contra o principal rival. Preju\u00edzo: perde zagueiro Bruno Fuchs por fadiga muscular.<\/p>\n<p>Corinthians tamb\u00e9m jogou com todos titulares. E mais: lascado na S\u00e9rie A em se tratando na disputa pelo t\u00edtulo, tem na Copa do Brasil a \u00faltima corda contra areia movedi\u00e7a.<\/p>\n<p>S\u00e3o Paulo, de elenco curto, usa reservas e meninos de Cotia contra o Athl\u00e9tico-PR e mesmo assim fica sem Wendel com les\u00e3o muscular ainda no primeiro tempo. E o Furac\u00e3o, em apuros na S\u00e9rie B, tamb\u00e9m joga com os reservas no Morumbis.<\/p>\n<p>Flamengo desmonta seu meio-campo no Maracan\u00e3 diante do Atl\u00e9tico-MG. Exp\u00f5e sua zaga ao rid\u00edculo, como no erro na sa\u00edda de bola contra o Galo, por n\u00e3o ter bons reservas \u00a0no setor e sofre a derrota. Fla deixa claro que a CB n\u00e3o \u00e9 prioridade. Aposta maior \u00e9 o Brasileir\u00e3o e, segundo plano, a Libertadores.<\/p>\n<p>Atl\u00e9tico-MG faz o inverso. Perambulando na parte debaixo da tabela do Brasileir\u00e3o, encara a Copa como de suma import\u00e2ncia na temporada. Arrisca com todos titulares no Maracan\u00e3 e sai fortalecido com a vit\u00f3ria.<\/p>\n<p>Cruzeiro vem com time misto contra CSA. N\u00e3o empolga e fica no empate no Mineir\u00e3o. Frustrante. Qual a inten\u00e7\u00e3o do Cruzeiro na CB?<\/p>\n<p>Fluminense, natimorto no Brasileir\u00e3o com quatro derrotas consecutivas, ressuscita na Copa do Brasil ao encanar esp\u00edrito do Mundial de Clubes, quando foi semifinalista, e vence o Inter no Beira-Rio. Est\u00e1 na cara que o Flu quer a CB.<\/p>\n<p>O Inter, nem tanto. Tem a Libertadores como fonte de inspira\u00e7\u00e3o e a pr\u00f3xima parada \u00e9 com o Flamengo.<\/p>\n<p>S\u00edntese disso tudo a\u00ed aos que n\u00e3o priorizam a Copa do Brasil \u00e9 o enorme preju\u00edzo de times que perdem jogadores lesionados, desgate f\u00edsico da maioria e efeito moral negativo nas derrotas. Nesse momento a CB \u00e9 um estorvo no calend\u00e1rio que j\u00e1 na pr\u00f3xima semana ter\u00e1 os confrontos das oitavas de final da Libertadores.<\/p>\n<p>O que fazer? Nada, na<span style=\"color: #0000ff\"><strong><a style=\"color: #0000ff\" href=\"https:\/\/blogdoprosperi.com\/2025\/06\/02\/copa-do-brasil-sorteio-classico-palmeiras-x-corinthians-nas-oitavas\/\"> avalia\u00e7\u00e3o da CBF<\/a><\/strong><\/span>. A entidade paga alto para valorizar a Copa e entende que a montanha de dinheiro \u00e9 suficiente para atrair os competidores. Calend\u00e1rio nacional que se exploda.<\/p>\n<p>Treinadores na sua maioria e jogadores, um pouco menos, condenam excesso de jogos. Se submetem ao sacrif\u00edcio e pagam a conta. \u00c9 uma f\u00e1brica de esgar\u00e7ar m\u00fasculos.<\/p>\n<p>Culpam calend\u00e1rio apertado com a Copa do Brasil, Libertadores e Brasileir\u00e3o confinados em um mesmo m\u00eas. E vai ser assim at\u00e9 o fim do ano. Temporada do futebol brasileiro s\u00f3 acaba dia 21 de dezembro.<\/p>\n<p>Por isso, fica a pergunta: Copa do Brasil, a quem interessa?<\/p>\n","protected":false},"excerpt":{"rendered":"<p>Luiz Ant\u00f4nio Pr\u00f3speri \u2013 1 agosto 2025 (12h07) \u2013 Copa do Brasil paga ao campe\u00e3o algo perto de [&hellip;]<\/p>\n","protected":false},"author":102107496,"featured_media":54212,"comment_status":"open","ping_status":"open","sticky":false,"template":"","format":"standard","meta":{"_coblocks_attr":"","_coblocks_dimensions":"","_coblocks_responsive_height":"","_coblocks_accordion_ie_support":"","_jetpack_newsletter_access":"","_jetpack_dont_email_post_to_subs":false,"_jetpack_newsletter_tier_id":0,"_jetpack_memberships_contains_paywalled_content":false,"_wpcom_ai_launchpad_first_post":false,"_jetpack_feature_clip_id":0,"_jetpack_memberships_contains_paid_content":false,"footnotes":"","jetpack_publicize_message":"","jetpack_publicize_feature_enabled":true,"jetpack_social_post_already_shared":false,"jetpack_social_options":{"image_generator_settings":{"template":"highway","default_image_id":0,"font":"","enabled":false},"version":2},"jetpack_post_was_ever_published":false},"categories":[821950,53870,38115653,3919],"tags":[789560569,26387986,783065577,783087471,783087472],"class_list":["post-54204","post","type-post","status-publish","format-standard","has-post-thumbnail","hentry","category-copa-do-brasil","category-futebol","category-luiz-antonio-prosperi","category-opiniao","tag-cbf","tag-copadobrasil","tag-corinthians1x1palmeiras","tag-flamengo0x1atleticomg","tag-premiacaocopadobrasil"],"yoast_head":"<!-- This site is optimized with the Yoast SEO plugin v28.3 - https:\/\/yoast.com\/product\/yoast-seo-wordpress\/ -->\n<title>Copa do Brasil | A Quem Interessa? - PR\u00d3SPERI NEWS<\/title>\n<meta name=\"robots\" content=\"index, follow, max-snippet:-1, max-image-preview:large, max-video-preview:-1\" \/>\n<link rel=\"canonical\" href=\"https:\/\/blogdoprosperi.com\/?p=54204\" \/>\n<meta property=\"og:locale\" content=\"pt_BR\" \/>\n<meta property=\"og:type\" content=\"article\" \/>\n<meta property=\"og:title\" content=\"Copa do Brasil | A Quem Interessa? - PR\u00d3SPERI NEWS\" \/>\n<meta property=\"og:description\" content=\"Luiz Ant\u00f4nio Pr\u00f3speri \u2013 1 agosto 2025 (12h07) \u2013 Copa do Brasil paga ao campe\u00e3o algo perto de [&hellip;]\" \/>\n<meta property=\"og:url\" content=\"https:\/\/blogdoprosperi.com\/?p=54204\" \/>\n<meta property=\"og:site_name\" content=\"PR\u00d3SPERI NEWS\" \/>\n<meta property=\"article:publisher\" content=\"Luiz Pr\u00f3speri\" \/>\n<meta property=\"article:author\" content=\"Luiz Pr\u00f3speri\" \/>\n<meta property=\"article:published_time\" content=\"2025-08-01T15:21:19+00:00\" \/>\n<meta property=\"og:image\" content=\"https:\/\/i0.wp.com\/blogdoprosperi.com\/wp-content\/uploads\/2025\/08\/whatsapp-image-2025-07-31-at-23.50.35-1.jpg?fit=2560%2C1706&ssl=1\" \/>\n\t<meta property=\"og:image:width\" content=\"2560\" \/>\n\t<meta property=\"og:image:height\" content=\"1706\" \/>\n\t<meta property=\"og:image:type\" content=\"image\/jpeg\" \/>\n<meta name=\"author\" content=\"Luiz Ant\u00f4nio Pr\u00f3speri\" \/>\n<meta name=\"twitter:card\" content=\"summary_large_image\" \/>\n<meta name=\"twitter:creator\" content=\"@Luizprosperi\" \/>\n<meta name=\"twitter:site\" content=\"@Luizprosperi\" \/>\n<meta name=\"twitter:label1\" content=\"Escrito por\" \/>\n\t<meta name=\"twitter:data1\" content=\"Luiz Ant\u00f4nio Pr\u00f3speri\" \/>\n\t<meta name=\"twitter:label2\" content=\"Est. tempo de leitura\" \/>\n\t<meta name=\"twitter:data2\" content=\"3 minutos\" \/>\n<script type=\"application\/ld+json\" class=\"yoast-schema-graph\">{\"@context\":\"https:\\\/\\\/schema.org\",\"@graph\":[{\"@type\":\"Article\",\"@id\":\"https:\\\/\\\/blogdoprosperi.com\\\/?p=54204#article\",\"isPartOf\":{\"@id\":\"https:\\\/\\\/blogdoprosperi.com\\\/?p=54204\"},\"author\":{\"name\":\"Luiz Ant\u00f4nio Pr\u00f3speri\",\"@id\":\"https:\\\/\\\/blogdoprosperi.com\\\/#\\\/schema\\\/person\\\/38100755ce3601861ee4fab9b5aa78e9\"},\"headline\":\"Copa do Brasil | A Quem Interessa?\",\"datePublished\":\"2025-08-01T15:21:19+00:00\",\"mainEntityOfPage\":{\"@id\":\"https:\\\/\\\/blogdoprosperi.com\\\/?p=54204\"},\"wordCount\":611,\"commentCount\":0,\"publisher\":{\"@id\":\"https:\\\/\\\/blogdoprosperi.com\\\/#\\\/schema\\\/person\\\/38100755ce3601861ee4fab9b5aa78e9\"},\"image\":{\"@id\":\"https:\\\/\\\/blogdoprosperi.com\\\/?p=54204#primaryimage\"},\"thumbnailUrl\":\"https:\\\/\\\/i0.wp.com\\\/blogdoprosperi.com\\\/wp-content\\\/uploads\\\/2025\\\/08\\\/whatsapp-image-2025-07-31-at-23.50.35-1.jpg?fit=2560%2C1706&ssl=1\",\"keywords\":[\"CBF\",\"CopaDoBrasil\",\"corinthians1x1palmeiras\",\"Flamengo0x1Atl\u00e9ticoMG\",\"Premia\u00e7\u00e3oCopaDoBrasil\"],\"articleSection\":[\"Copa do Brasil\",\"futebol\",\"Luiz Ant\u00f4nio Pr\u00f3speri\",\"opini\u00e3o\"],\"inLanguage\":\"pt-BR\",\"potentialAction\":[{\"@type\":\"CommentAction\",\"name\":\"Comment\",\"target\":[\"https:\\\/\\\/blogdoprosperi.com\\\/?p=54204#respond\"]}]},{\"@type\":\"WebPage\",\"@id\":\"https:\\\/\\\/blogdoprosperi.com\\\/?p=54204\",\"url\":\"https:\\\/\\\/blogdoprosperi.com\\\/?p=54204\",\"name\":\"Copa do Brasil | A Quem Interessa? - PR\u00d3SPERI NEWS\",\"isPartOf\":{\"@id\":\"https:\\\/\\\/blogdoprosperi.com\\\/#website\"},\"primaryImageOfPage\":{\"@id\":\"https:\\\/\\\/blogdoprosperi.com\\\/?p=54204#primaryimage\"},\"image\":{\"@id\":\"https:\\\/\\\/blogdoprosperi.com\\\/?p=54204#primaryimage\"},\"thumbnailUrl\":\"https:\\\/\\\/i0.wp.com\\\/blogdoprosperi.com\\\/wp-content\\\/uploads\\\/2025\\\/08\\\/whatsapp-image-2025-07-31-at-23.50.35-1.jpg?fit=2560%2C1706&ssl=1\",\"datePublished\":\"2025-08-01T15:21:19+00:00\",\"breadcrumb\":{\"@id\":\"https:\\\/\\\/blogdoprosperi.com\\\/?p=54204#breadcrumb\"},\"inLanguage\":\"pt-BR\",\"potentialAction\":[{\"@type\":\"ReadAction\",\"target\":[\"https:\\\/\\\/blogdoprosperi.com\\\/?p=54204\"]}]},{\"@type\":\"ImageObject\",\"inLanguage\":\"pt-BR\",\"@id\":\"https:\\\/\\\/blogdoprosperi.com\\\/?p=54204#primaryimage\",\"url\":\"https:\\\/\\\/i0.wp.com\\\/blogdoprosperi.com\\\/wp-content\\\/uploads\\\/2025\\\/08\\\/whatsapp-image-2025-07-31-at-23.50.35-1.jpg?fit=2560%2C1706&ssl=1\",\"contentUrl\":\"https:\\\/\\\/i0.wp.com\\\/blogdoprosperi.com\\\/wp-content\\\/uploads\\\/2025\\\/08\\\/whatsapp-image-2025-07-31-at-23.50.35-1.jpg?fit=2560%2C1706&ssl=1\",\"width\":2560,\"height\":1706,\"caption\":\"Jogadores do Galo celebram vit\u00f3ria contra Flamengo \u2013 foto: Atl\u00e9tico-MF oficial\"},{\"@type\":\"BreadcrumbList\",\"@id\":\"https:\\\/\\\/blogdoprosperi.com\\\/?p=54204#breadcrumb\",\"itemListElement\":[{\"@type\":\"ListItem\",\"position\":1,\"name\":\"In\u00edcio\",\"item\":\"https:\\\/\\\/blogdoprosperi.com\\\/\"},{\"@type\":\"ListItem\",\"position\":2,\"name\":\"Copa do Brasil | A Quem Interessa?\"}]},{\"@type\":\"WebSite\",\"@id\":\"https:\\\/\\\/blogdoprosperi.com\\\/#website\",\"url\":\"https:\\\/\\\/blogdoprosperi.com\\\/\",\"name\":\"PR\u00d3SPERI NEWS\",\"description\":\"TUDO \u00c9  FUTEBOL\",\"publisher\":{\"@id\":\"https:\\\/\\\/blogdoprosperi.com\\\/#\\\/schema\\\/person\\\/38100755ce3601861ee4fab9b5aa78e9\"},\"alternateName\":\"blogdoprosperi.com\",\"potentialAction\":[{\"@type\":\"SearchAction\",\"target\":{\"@type\":\"EntryPoint\",\"urlTemplate\":\"https:\\\/\\\/blogdoprosperi.com\\\/?s={search_term_string}\"},\"query-input\":{\"@type\":\"PropertyValueSpecification\",\"valueRequired\":true,\"valueName\":\"search_term_string\"}}],\"inLanguage\":\"pt-BR\"},{\"@type\":[\"Person\",\"Organization\"],\"@id\":\"https:\\\/\\\/blogdoprosperi.com\\\/#\\\/schema\\\/person\\\/38100755ce3601861ee4fab9b5aa78e9\",\"name\":\"Luiz Ant\u00f4nio Pr\u00f3speri\",\"pronouns\":\"ele\",\"image\":{\"@type\":\"ImageObject\",\"inLanguage\":\"pt-BR\",\"@id\":\"https:\\\/\\\/i0.wp.com\\\/blogdoprosperi.com\\\/wp-content\\\/uploads\\\/2026\\\/05\\\/cropped-8059e613-6002-42fa-961e-8e275f575d71-2-5.jpg?fit=1360%2C931&ssl=1\",\"url\":\"https:\\\/\\\/i0.wp.com\\\/blogdoprosperi.com\\\/wp-content\\\/uploads\\\/2026\\\/05\\\/cropped-8059e613-6002-42fa-961e-8e275f575d71-2-5.jpg?fit=1360%2C931&ssl=1\",\"contentUrl\":\"https:\\\/\\\/i0.wp.com\\\/blogdoprosperi.com\\\/wp-content\\\/uploads\\\/2026\\\/05\\\/cropped-8059e613-6002-42fa-961e-8e275f575d71-2-5.jpg?fit=1360%2C931&ssl=1\",\"width\":1360,\"height\":931,\"caption\":\"Luiz Ant\u00f4nio Pr\u00f3speri\"},\"logo\":{\"@id\":\"https:\\\/\\\/i0.wp.com\\\/blogdoprosperi.com\\\/wp-content\\\/uploads\\\/2026\\\/05\\\/cropped-8059e613-6002-42fa-961e-8e275f575d71-2-5.jpg?fit=1360%2C931&ssl=1\"},\"description\":\"Jornalista com carreira dedicada ao esporte. Cobriu 9 Copas do Mundo in loco, 1990 na It\u00e1lia, 1994 nos EUA, 1998 na Fran\u00e7a, 2002 na Coreia do Sul e Jap\u00e3o, 2006 na Alemanha, 2010 na \u00c1frica do Sul, 2014 no Brasil, 2018 na R\u00fassia e 2022 no Qatar. Eurocopas, 1992 na Su\u00e9cia e 1996 na Inglaterra. Copa das Confedera\u00e7\u00f5es de 2005 na Alemanha e 2009 na \u00c1frica do Sul. Rep\u00f3rter e Editor, trabalhou no Jornal da Tarde e Estad\u00e3o, de 1984 a fevereiro de 2016. Colunista, blogueiro. E comentarista de futebol na R\u00e1dio Estad\u00e3o, de 2013 a fevereiro de 2016. Jornalista respons\u00e1vel do \\\"Pr\u00f3speri News\\\" (blogdoprosperi.com).\",\"sameAs\":[\"http:\\\/\\\/blogdoprosperi.com\",\"Luiz Pr\u00f3speri\",\"@luiz_prosperi\",\"https:\\\/\\\/x.com\\\/Luizprosperi\",\"@prosperinacopa\",\"luiz.prosperi@icloud.com\"],\"url\":\"https:\\\/\\\/blogdoprosperi.com\\\/?author=102107496\"}]}<\/script>\n<!-- \/ Yoast SEO plugin. -->","yoast_head_json":{"title":"Copa do Brasil | A Quem Interessa? - PR\u00d3SPERI NEWS","robots":{"index":"index","follow":"follow","max-snippet":"max-snippet:-1","max-image-preview":"max-image-preview:large","max-video-preview":"max-video-preview:-1"},"canonical":"https:\/\/blogdoprosperi.com\/?p=54204","og_locale":"pt_BR","og_type":"article","og_title":"Copa do Brasil | A Quem Interessa? - PR\u00d3SPERI NEWS","og_description":"Luiz Ant\u00f4nio Pr\u00f3speri \u2013 1 agosto 2025 (12h07) \u2013 Copa do Brasil paga ao campe\u00e3o algo perto de [&hellip;]","og_url":"https:\/\/blogdoprosperi.com\/?p=54204","og_site_name":"PR\u00d3SPERI NEWS","article_publisher":"Luiz Pr\u00f3speri","article_author":"Luiz Pr\u00f3speri","article_published_time":"2025-08-01T15:21:19+00:00","og_image":[{"width":2560,"height":1706,"url":"https:\/\/i0.wp.com\/blogdoprosperi.com\/wp-content\/uploads\/2025\/08\/whatsapp-image-2025-07-31-at-23.50.35-1.jpg?fit=2560%2C1706&ssl=1","type":"image\/jpeg"}],"author":"Luiz Ant\u00f4nio Pr\u00f3speri","twitter_card":"summary_large_image","twitter_creator":"@Luizprosperi","twitter_site":"@Luizprosperi","twitter_misc":{"Escrito por":"Luiz Ant\u00f4nio Pr\u00f3speri","Est. tempo de leitura":"3 minutos"},"schema":{"@context":"https:\/\/schema.org","@graph":[{"@type":"Article","@id":"https:\/\/blogdoprosperi.com\/?p=54204#article","isPartOf":{"@id":"https:\/\/blogdoprosperi.com\/?p=54204"},"author":{"name":"Luiz Ant\u00f4nio Pr\u00f3speri","@id":"https:\/\/blogdoprosperi.com\/#\/schema\/person\/38100755ce3601861ee4fab9b5aa78e9"},"headline":"Copa do Brasil | A Quem Interessa?","datePublished":"2025-08-01T15:21:19+00:00","mainEntityOfPage":{"@id":"https:\/\/blogdoprosperi.com\/?p=54204"},"wordCount":611,"commentCount":0,"publisher":{"@id":"https:\/\/blogdoprosperi.com\/#\/schema\/person\/38100755ce3601861ee4fab9b5aa78e9"},"image":{"@id":"https:\/\/blogdoprosperi.com\/?p=54204#primaryimage"},"thumbnailUrl":"https:\/\/i0.wp.com\/blogdoprosperi.com\/wp-content\/uploads\/2025\/08\/whatsapp-image-2025-07-31-at-23.50.35-1.jpg?fit=2560%2C1706&ssl=1","keywords":["CBF","CopaDoBrasil","corinthians1x1palmeiras","Flamengo0x1Atl\u00e9ticoMG","Premia\u00e7\u00e3oCopaDoBrasil"],"articleSection":["Copa do Brasil","futebol","Luiz Ant\u00f4nio Pr\u00f3speri","opini\u00e3o"],"inLanguage":"pt-BR","potentialAction":[{"@type":"CommentAction","name":"Comment","target":["https:\/\/blogdoprosperi.com\/?p=54204#respond"]}]},{"@type":"WebPage","@id":"https:\/\/blogdoprosperi.com\/?p=54204","url":"https:\/\/blogdoprosperi.com\/?p=54204","name":"Copa do Brasil | A Quem Interessa? - PR\u00d3SPERI NEWS","isPartOf":{"@id":"https:\/\/blogdoprosperi.com\/#website"},"primaryImageOfPage":{"@id":"https:\/\/blogdoprosperi.com\/?p=54204#primaryimage"},"image":{"@id":"https:\/\/blogdoprosperi.com\/?p=54204#primaryimage"},"thumbnailUrl":"https:\/\/i0.wp.com\/blogdoprosperi.com\/wp-content\/uploads\/2025\/08\/whatsapp-image-2025-07-31-at-23.50.35-1.jpg?fit=2560%2C1706&ssl=1","datePublished":"2025-08-01T15:21:19+00:00","breadcrumb":{"@id":"https:\/\/blogdoprosperi.com\/?p=54204#breadcrumb"},"inLanguage":"pt-BR","potentialAction":[{"@type":"ReadAction","target":["https:\/\/blogdoprosperi.com\/?p=54204"]}]},{"@type":"ImageObject","inLanguage":"pt-BR","@id":"https:\/\/blogdoprosperi.com\/?p=54204#primaryimage","url":"https:\/\/i0.wp.com\/blogdoprosperi.com\/wp-content\/uploads\/2025\/08\/whatsapp-image-2025-07-31-at-23.50.35-1.jpg?fit=2560%2C1706&ssl=1","contentUrl":"https:\/\/i0.wp.com\/blogdoprosperi.com\/wp-content\/uploads\/2025\/08\/whatsapp-image-2025-07-31-at-23.50.35-1.jpg?fit=2560%2C1706&ssl=1","width":2560,"height":1706,"caption":"Jogadores do Galo celebram vit\u00f3ria contra Flamengo \u2013 foto: Atl\u00e9tico-MF oficial"},{"@type":"BreadcrumbList","@id":"https:\/\/blogdoprosperi.com\/?p=54204#breadcrumb","itemListElement":[{"@type":"ListItem","position":1,"name":"In\u00edcio","item":"https:\/\/blogdoprosperi.com\/"},{"@type":"ListItem","position":2,"name":"Copa do Brasil | A Quem Interessa?"}]},{"@type":"WebSite","@id":"https:\/\/blogdoprosperi.com\/#website","url":"https:\/\/blogdoprosperi.com\/","name":"PR\u00d3SPERI NEWS","description":"TUDO \u00c9  FUTEBOL","publisher":{"@id":"https:\/\/blogdoprosperi.com\/#\/schema\/person\/38100755ce3601861ee4fab9b5aa78e9"},"alternateName":"blogdoprosperi.com","potentialAction":[{"@type":"SearchAction","target":{"@type":"EntryPoint","urlTemplate":"https:\/\/blogdoprosperi.com\/?s={search_term_string}"},"query-input":{"@type":"PropertyValueSpecification","valueRequired":true,"valueName":"search_term_string"}}],"inLanguage":"pt-BR"},{"@type":["Person","Organization"],"@id":"https:\/\/blogdoprosperi.com\/#\/schema\/person\/38100755ce3601861ee4fab9b5aa78e9","name":"Luiz Ant\u00f4nio Pr\u00f3speri","pronouns":"ele","image":{"@type":"ImageObject","inLanguage":"pt-BR","@id":"https:\/\/i0.wp.com\/blogdoprosperi.com\/wp-content\/uploads\/2026\/05\/cropped-8059e613-6002-42fa-961e-8e275f575d71-2-5.jpg?fit=1360%2C931&ssl=1","url":"https:\/\/i0.wp.com\/blogdoprosperi.com\/wp-content\/uploads\/2026\/05\/cropped-8059e613-6002-42fa-961e-8e275f575d71-2-5.jpg?fit=1360%2C931&ssl=1","contentUrl":"https:\/\/i0.wp.com\/blogdoprosperi.com\/wp-content\/uploads\/2026\/05\/cropped-8059e613-6002-42fa-961e-8e275f575d71-2-5.jpg?fit=1360%2C931&ssl=1","width":1360,"height":931,"caption":"Luiz Ant\u00f4nio Pr\u00f3speri"},"logo":{"@id":"https:\/\/i0.wp.com\/blogdoprosperi.com\/wp-content\/uploads\/2026\/05\/cropped-8059e613-6002-42fa-961e-8e275f575d71-2-5.jpg?fit=1360%2C931&ssl=1"},"description":"Jornalista com carreira dedicada ao esporte. Cobriu 9 Copas do Mundo in loco, 1990 na It\u00e1lia, 1994 nos EUA, 1998 na Fran\u00e7a, 2002 na Coreia do Sul e Jap\u00e3o, 2006 na Alemanha, 2010 na \u00c1frica do Sul, 2014 no Brasil, 2018 na R\u00fassia e 2022 no Qatar. Eurocopas, 1992 na Su\u00e9cia e 1996 na Inglaterra. Copa das Confedera\u00e7\u00f5es de 2005 na Alemanha e 2009 na \u00c1frica do Sul. Rep\u00f3rter e Editor, trabalhou no Jornal da Tarde e Estad\u00e3o, de 1984 a fevereiro de 2016. Colunista, blogueiro. E comentarista de futebol na R\u00e1dio Estad\u00e3o, de 2013 a fevereiro de 2016. Jornalista respons\u00e1vel do \"Pr\u00f3speri News\" (blogdoprosperi.com).","sameAs":["http:\/\/blogdoprosperi.com","Luiz Pr\u00f3speri","@luiz_prosperi","https:\/\/x.com\/Luizprosperi","@prosperinacopa","luiz.prosperi@icloud.com"],"url":"https:\/\/blogdoprosperi.com\/?author=102107496"}]}},"jetpack_publicize_connections":[],"jetpack_likes_enabled":false,"jetpack_sharing_enabled":true,"jetpack_shortlink":"https:\/\/wp.me\/p7jvdk-e6g","jetpack-related-posts":[{"id":44333,"url":"https:\/\/blogdoprosperi.com\/?p=44333","url_meta":{"origin":54204,"position":0},"title":"Copa do Brasil \u2013 Flamengo x Palmeiras: a dura caminhada de Abel Ferreira at\u00e9 o topo da montanha","author":"Luiz Ant\u00f4nio Pr\u00f3speri","date":"18 de julho de 2024","format":false,"excerpt":"Sorteio da Copa do Brasil tem confronto Palmeiras x Flamengo nas oitavas de final. Um deles, apontados como os mais poderosos clubes brasileiros, vai ficar no meio do caminho. E perder a oportunidade de embolsar cerca de 94 milh\u00f5es na soma da premia\u00e7\u00e3o total da CB. Palmeiras decide a vaga\u2026","rel":"","context":"Em &quot;futebol&quot;","block_context":{"text":"futebol","link":"https:\/\/blogdoprosperi.com\/?cat=53870"},"img":{"alt_text":"","src":"https:\/\/i0.wp.com\/blogdoprosperi.com\/wp-content\/uploads\/2024\/07\/zyqmery5.jpeg?fit=600%2C375&ssl=1&resize=350%2C200","width":350,"height":200,"srcset":"https:\/\/i0.wp.com\/blogdoprosperi.com\/wp-content\/uploads\/2024\/07\/zyqmery5.jpeg?fit=600%2C375&ssl=1&resize=350%2C200 1x, https:\/\/i0.wp.com\/blogdoprosperi.com\/wp-content\/uploads\/2024\/07\/zyqmery5.jpeg?fit=600%2C375&ssl=1&resize=525%2C300 1.5x"},"classes":[]},{"id":26425,"url":"https:\/\/blogdoprosperi.com\/?p=26425","url_meta":{"origin":54204,"position":1},"title":"Palmeiras, Cruzeiro, Santos e Atl\u00e9tico-MG partem como favoritos na Copa do Brasil","author":"Luiz Ant\u00f4nio Pr\u00f3speri","date":"23 de setembro de 2016","format":false,"excerpt":"Palmeiras, Cruzeiro,\u00a0Juventude e Internacional decidem em casa os confrontos das quartas de final da Copa do Brasil, como mostrou o sorteio dos jogos na CBF nesta sexta-feira (23\/9). Trata-se de uma vantagem consider\u00e1vel em uma competi\u00e7\u00e3o que leva o campe\u00e3o \u00e0 Copa Libertadores de 2017 e ainda paga ao vencedor\u2026","rel":"","context":"Em &quot;futebol&quot;","block_context":{"text":"futebol","link":"https:\/\/blogdoprosperi.com\/?cat=53870"},"img":{"alt_text":"","src":"https:\/\/i0.wp.com\/blogdoprosperi.com\/wp-content\/uploads\/2016\/09\/20160725124331694215a.jpg?resize=350%2C200","width":350,"height":200,"srcset":"https:\/\/i0.wp.com\/blogdoprosperi.com\/wp-content\/uploads\/2016\/09\/20160725124331694215a.jpg?resize=350%2C200 1x, https:\/\/i0.wp.com\/blogdoprosperi.com\/wp-content\/uploads\/2016\/09\/20160725124331694215a.jpg?resize=525%2C300 1.5x, https:\/\/i0.wp.com\/blogdoprosperi.com\/wp-content\/uploads\/2016\/09\/20160725124331694215a.jpg?resize=700%2C400 2x"},"classes":[]},{"id":55940,"url":"https:\/\/blogdoprosperi.com\/?p=55940","url_meta":{"origin":54204,"position":2},"title":"Entenda Tabela da Copa 2026 e Conhe\u00e7a Caminhos do Brasil em Busca do Hexa","author":"Luiz Ant\u00f4nio Pr\u00f3speri","date":"6 de dezembro de 2025","format":false,"excerpt":"Luiz Ant\u00f4nio Pr\u00f3speri \u2013 6 dezembro (15h23) \u2013 Fifa divulga a tabela completa da Copa do Mundo de 2026 com datas, locais e hor\u00e1rios dos jogos distribu\u00eddos em 16 cidades entre M\u00e9xico, Canad\u00e1 e M\u00e9xico. Brasil est\u00e1 no Grupo C, ao lado de Marrocos, Haiti e Esc\u00f3cia. Sele\u00e7\u00e3o Brasileira\u00a0vai jogar\u2026","rel":"","context":"Em &quot;copa do mundo 2026&quot;","block_context":{"text":"copa do mundo 2026","link":"https:\/\/blogdoprosperi.com\/?cat=115102077"},"img":{"alt_text":"Trionda, a bola da Copa 2026","src":"https:\/\/i0.wp.com\/blogdoprosperi.com\/wp-content\/uploads\/2025\/10\/copa-do-mundo-2026-conheca-a-trionda-bola-oficial-0021348700202510040824-8.webp?fit=900%2C506&ssl=1&resize=350%2C200","width":350,"height":200,"srcset":"https:\/\/i0.wp.com\/blogdoprosperi.com\/wp-content\/uploads\/2025\/10\/copa-do-mundo-2026-conheca-a-trionda-bola-oficial-0021348700202510040824-8.webp?fit=900%2C506&ssl=1&resize=350%2C200 1x, https:\/\/i0.wp.com\/blogdoprosperi.com\/wp-content\/uploads\/2025\/10\/copa-do-mundo-2026-conheca-a-trionda-bola-oficial-0021348700202510040824-8.webp?fit=900%2C506&ssl=1&resize=525%2C300 1.5x, https:\/\/i0.wp.com\/blogdoprosperi.com\/wp-content\/uploads\/2025\/10\/copa-do-mundo-2026-conheca-a-trionda-bola-oficial-0021348700202510040824-8.webp?fit=900%2C506&ssl=1&resize=700%2C400 2x"},"classes":[]},{"id":53861,"url":"https:\/\/blogdoprosperi.com\/?p=53861","url_meta":{"origin":54204,"position":3},"title":"Cruzeiro e Atl\u00e9tico-MG, T\u00e3o Iguais e T\u00e3o Diferentes","author":"Luiz Ant\u00f4nio Pr\u00f3speri","date":"24 de julho de 2025","format":false,"excerpt":"Luiz Ant\u00f4nio Pr\u00f3speri \u2013 24 julho 2025 \u00a0(11h50) \u2013 Atl\u00e9tico-MG tem uma d\u00edvida de R$ 1,4 bilh\u00e3o, segundo balan\u00e7o divulgado em dezembro de 2024. A d\u00edvida do Cruzeiro \u00e9 de R$ 1,3 bilh\u00e3o, de acordo com balan\u00e7o publicado no fim de 2024. Administra\u00e7\u00e3o dos dois clubes \u00e9 no regime SAF\u2026","rel":"","context":"Em &quot;brasileir\u00e3o 2025&quot;","block_context":{"text":"brasileir\u00e3o 2025","link":"https:\/\/blogdoprosperi.com\/?cat=775970846"},"img":{"alt_text":"Atl\u00e9tico-MG e Cruzeiro, t\u00e3o iguais e t\u00e3o diferentes","src":"https:\/\/i0.wp.com\/blogdoprosperi.com\/wp-content\/uploads\/2025\/07\/cruzeiro-x-atletico-mg-1920x1080-1.png?fit=1200%2C675&ssl=1&resize=350%2C200","width":350,"height":200,"srcset":"https:\/\/i0.wp.com\/blogdoprosperi.com\/wp-content\/uploads\/2025\/07\/cruzeiro-x-atletico-mg-1920x1080-1.png?fit=1200%2C675&ssl=1&resize=350%2C200 1x, https:\/\/i0.wp.com\/blogdoprosperi.com\/wp-content\/uploads\/2025\/07\/cruzeiro-x-atletico-mg-1920x1080-1.png?fit=1200%2C675&ssl=1&resize=525%2C300 1.5x, https:\/\/i0.wp.com\/blogdoprosperi.com\/wp-content\/uploads\/2025\/07\/cruzeiro-x-atletico-mg-1920x1080-1.png?fit=1200%2C675&ssl=1&resize=700%2C400 2x, https:\/\/i0.wp.com\/blogdoprosperi.com\/wp-content\/uploads\/2025\/07\/cruzeiro-x-atletico-mg-1920x1080-1.png?fit=1200%2C675&ssl=1&resize=1050%2C600 3x"},"classes":[]},{"id":36010,"url":"https:\/\/blogdoprosperi.com\/?p=36010","url_meta":{"origin":54204,"position":4},"title":"Clubes da Libertadores se imp\u00f5em na Copa do Brasil","author":"Luiz Ant\u00f4nio Pr\u00f3speri","date":"1 de junho de 2017","format":false,"excerpt":"Sete dos oito clubes que vieram da Copa da Libertadores direto para oitavas chegaram \u00e0s quartas de final da Copa do Brasil. Gr\u00eamio, Palmeiras, Atl\u00e9tico-PR, Atl\u00e9tico-PR, Flamengo, Santos e Botafogo carimbaram a vaga. Nesta quinta-feira, a Chapecoense, que perdeu por 1 a 0 no jogo de ida, recebe o Cruzeiro\u2026","rel":"","context":"Em &quot;futebol&quot;","block_context":{"text":"futebol","link":"https:\/\/blogdoprosperi.com\/?cat=53870"},"img":{"alt_text":"","src":"https:\/\/i0.wp.com\/blogdoprosperi.com\/wp-content\/uploads\/2017\/06\/gremio_classificado.jpg?fit=500%2C333&ssl=1&resize=350%2C200","width":350,"height":200},"classes":[]},{"id":60006,"url":"https:\/\/blogdoprosperi.com\/?p=60006","url_meta":{"origin":54204,"position":5},"title":"Brasil x Jap\u00e3o | Mente, cora\u00e7\u00e3o e ideias claras, a receita de Ancelotti para vencer","author":"Luiz Ant\u00f4nio Pr\u00f3speri","date":"29 de junho de 2026","format":false,"excerpt":"Luiz Ant\u00f4nio Pr\u00f3speri, de Houston, 29 junho 2026 (08h21) Carlo Ancelotti tem uma proposta para derrotar o Jap\u00e3o e avan\u00e7ar \u00e0s oitavas de final da Copa do Mundo 2026. Parece bem simples. Italiano revela que em jogos como esse de mata e n\u00e3o mata-mata (ida e volta) \u00e9 preciso ser\u2026","rel":"","context":"Em &quot;copa 2026&quot;","block_context":{"text":"copa 2026","link":"https:\/\/blogdoprosperi.com\/?cat=36820279"},"img":{"alt_text":"","src":"https:\/\/i0.wp.com\/blogdoprosperi.com\/wp-content\/uploads\/2026\/06\/28JUN2026TREINOHOUSTON72-CARLO-ANCELOTTI-ENDRICK-LEO-PEREIRA-NEYMAR-DANILO-SANTOS.jpg?fit=1200%2C812&ssl=1&resize=350%2C200","width":350,"height":200,"srcset":"https:\/\/i0.wp.com\/blogdoprosperi.com\/wp-content\/uploads\/2026\/06\/28JUN2026TREINOHOUSTON72-CARLO-ANCELOTTI-ENDRICK-LEO-PEREIRA-NEYMAR-DANILO-SANTOS.jpg?fit=1200%2C812&ssl=1&resize=350%2C200 1x, https:\/\/i0.wp.com\/blogdoprosperi.com\/wp-content\/uploads\/2026\/06\/28JUN2026TREINOHOUSTON72-CARLO-ANCELOTTI-ENDRICK-LEO-PEREIRA-NEYMAR-DANILO-SANTOS.jpg?fit=1200%2C812&ssl=1&resize=525%2C300 1.5x, https:\/\/i0.wp.com\/blogdoprosperi.com\/wp-content\/uploads\/2026\/06\/28JUN2026TREINOHOUSTON72-CARLO-ANCELOTTI-ENDRICK-LEO-PEREIRA-NEYMAR-DANILO-SANTOS.jpg?fit=1200%2C812&ssl=1&resize=700%2C400 2x, https:\/\/i0.wp.com\/blogdoprosperi.com\/wp-content\/uploads\/2026\/06\/28JUN2026TREINOHOUSTON72-CARLO-ANCELOTTI-ENDRICK-LEO-PEREIRA-NEYMAR-DANILO-SANTOS.jpg?fit=1200%2C812&ssl=1&resize=1050%2C600 3x"},"classes":[]}],"jetpack_featured_media_url":"https:\/\/i0.wp.com\/blogdoprosperi.com\/wp-content\/uploads\/2025\/08\/whatsapp-image-2025-07-31-at-23.50.35-1.jpg?fit=2560%2C1706&ssl=1","_links":{"self":[{"href":"https:\/\/blogdoprosperi.com\/index.php?rest_route=\/wp\/v2\/posts\/54204","targetHints":{"allow":["GET"]}}],"collection":[{"href":"https:\/\/blogdoprosperi.com\/index.php?rest_route=\/wp\/v2\/posts"}],"about":[{"href":"https:\/\/blogdoprosperi.com\/index.php?rest_route=\/wp\/v2\/types\/post"}],"author":[{"embeddable":true,"href":"https:\/\/blogdoprosperi.com\/index.php?rest_route=\/wp\/v2\/users\/102107496"}],"replies":[{"embeddable":true,"href":"https:\/\/blogdoprosperi.com\/index.php?rest_route=%2Fwp%2Fv2%2Fcomments&post=54204"}],"version-history":[{"count":8,"href":"https:\/\/blogdoprosperi.com\/index.php?rest_route=\/wp\/v2\/posts\/54204\/revisions"}],"predecessor-version":[{"id":54213,"href":"https:\/\/blogdoprosperi.com\/index.php?rest_route=\/wp\/v2\/posts\/54204\/revisions\/54213"}],"wp:featuredmedia":[{"embeddable":true,"href":"https:\/\/blogdoprosperi.com\/index.php?rest_route=\/wp\/v2\/media\/54212"}],"wp:attachment":[{"href":"https:\/\/blogdoprosperi.com\/index.php?rest_route=%2Fwp%2Fv2%2Fmedia&parent=54204"}],"wp:term":[{"taxonomy":"category","embeddable":true,"href":"https:\/\/blogdoprosperi.com\/index.php?rest_route=%2Fwp%2Fv2%2Fcategories&post=54204"},{"taxonomy":"post_tag","embeddable":true,"href":"https:\/\/blogdoprosperi.com\/index.php?rest_route=%2Fwp%2Fv2%2Ftags&post=54204"}],"curies":[{"name":"wp","href":"https:\/\/api.w.org\/{rel}","templated":true}]}}