{"id":54274,"date":"2025-08-04T22:29:11","date_gmt":"2025-08-05T01:29:11","guid":{"rendered":"http:\/\/blogdoprosperi.com\/?p=54274"},"modified":"2025-08-05T00:23:31","modified_gmt":"2025-08-05T03:23:31","slug":"neymar-levanta-bandeira-de-sua-volta-ao-santos","status":"publish","type":"post","link":"https:\/\/blogdoprosperi.com\/?p=54274","title":{"rendered":"Neymar Levanta Bandeira de Sua Volta ao Santos"},"content":{"rendered":"\n<p class=\"wp-block-paragraph\"><strong>Santos vence Juventude com dois gols de Neymar e sai da zona de rebaixamento<\/strong><\/p>\n\n\n\n<p class=\"wp-block-paragraph\"><strong>Auxiliares de Ancelotti na Sele\u00e7\u00e3o Brasileira observam o craque no Morumbis<\/strong><\/p>\n\n\n<hr \/>\n\n\n<p class=\"wp-block-paragraph\"><em>Luiz Ant\u00f4nio Pr\u00f3speri &#8211; 4 agosto 2025 (22h31) <\/em>&#8211;<\/p>\n\n\n\n<p class=\"wp-block-paragraph\">Neymar precisa do Santos para renascer. O Santos precisa de Neymar para sobreviver. Comunh\u00e3o perfeita. Craque faz dois gols, time derrota o fr\u00e1gil Juventude por 3 a 1, deixa o inc\u00f4modo da zona do rebaixamento no Brasileir\u00e3o e volta \u00e0 respirar.<\/p>\n\n\n\n<p class=\"wp-block-paragraph\">Gesto simb\u00f3lico, Neymar levanta a bandeirinha do gramado do Morumbis. L\u00e1 est\u00e1 o escudo alvinegro dos mais famosos do mundo. Bandeira acenada da volta definitiva de Neymar, at\u00e9 ent\u00e3o complicada, pol\u00eamica e incerta desde fevereiro.<\/p>\n\n\n\n<p class=\"wp-block-paragraph\">Agora, n\u00e3o. Restam poucas d\u00favidas. Neymar engata cinco jogos consecutivos. Joga bem. N\u00e3o engana em nenhum momento. Reclama como sempre. Atazana vida do \u00e1rbitro. Troca fa\u00edscas com advers\u00e1rios. N\u00e3o custa, agradece ao goleiro Braz\u00e3o, um dos respons\u00e1veis pela vit\u00f3ria no Morumbis nesta noite de segunda-feira, 4 de agosto. E dessa vez n\u00e3o bate-boca com torcedores.<\/p>\n\n\n\n<p class=\"wp-block-paragraph\">Ao fim do jogo, recebe cumprimentos de todos companheiros de Santos. Dos advers\u00e1rios. Do t\u00e9cnico santista. Do colegiado da arbitragem. E, por fim, de sua gente espalhada no colosso do est\u00e1dio do S\u00e3o Paulo, a casa alugada pelo Santos a reverenciar seu \u00eddolo maior dos \u00faltimos 15 anos.<\/p>\n\n\n\n<p class=\"wp-block-paragraph\">\u201cFeliz por fazer bom jogo. Meu futebol todo mundo conhece. Estou a disposi\u00e7\u00e3o de todos eles\u201d, avisa Neymar, ao ser questionado a respeito da presen\u00e7a no Morumbis de auxiliares de Carlo Ancelotti na Sele\u00e7\u00e3o Brasileira.<\/p>\n\n\n\n<p class=\"wp-block-paragraph\">Ancelotti enviou seu pares de escrete para observar Neymar de perto. Com certeza sa\u00edram do Morumbis um pouco mais animados.<\/p>\n\n\n\n<p class=\"wp-block-paragraph\">E a torcida do Santos, idem. Mesmo em jogo irregular, de muitos erros, o time volta a vencer no Brasileir\u00e3o. Gra\u00e7as ao goleiro Braz\u00e3o e ao futebol de Neymar.<\/p>\n\n\n\n<p class=\"wp-block-paragraph\">\u201cSempre pensamos em algo maior desde o come\u00e7o do campeonato. Pelas nossas falhas, sofremos nossas consequ\u00eancias. Ficamos felizes de ter sa\u00eddo (da zona de rebaixamento) agora \u00e9 pensar em melhorar. Estou melhor, melhorando. Minha qualidade todos sabem que eu tenho, n\u00e3o preciso provar nada para ningu\u00e9m. Quero estar melhor a cada dia para ajudar meus companheiros e o Santos\u201d &#8211; Neymar.<\/p>\n\n\n\n<p class=\"wp-block-paragraph\">Ent\u00e3o, ficamos assim.<\/p>\n","protected":false},"excerpt":{"rendered":"<p>Santos vence Juventude com dois gols de Neymar e sai da zona de rebaixamento Auxiliares de Ancelotti na [&hellip;]<\/p>\n","protected":false},"author":102107496,"featured_media":54275,"comment_status":"open","ping_status":"open","sticky":false,"template":"","format":"standard","meta":{"_coblocks_attr":"","_coblocks_dimensions":"","_coblocks_responsive_height":"","_coblocks_accordion_ie_support":"","_jetpack_newsletter_access":"","_jetpack_dont_email_post_to_subs":false,"_jetpack_newsletter_tier_id":0,"_jetpack_memberships_contains_paywalled_content":false,"_wpcom_ai_launchpad_first_post":false,"_jetpack_feature_clip_id":0,"_jetpack_memberships_contains_paid_content":false,"footnotes":"","jetpack_publicize_message":"","jetpack_publicize_feature_enabled":true,"jetpack_social_post_already_shared":false,"jetpack_social_options":{"image_generator_settings":{"template":"highway","default_image_id":0,"font":"","enabled":false},"version":2},"jetpack_post_was_ever_published":false},"categories":[53870],"tags":[],"class_list":["post-54274","post","type-post","status-publish","format-standard","has-post-thumbnail","hentry","category-futebol"],"yoast_head":"<!-- This site is optimized with the Yoast SEO plugin v28.4 - https:\/\/yoast.com\/product\/yoast-seo-wordpress\/ -->\n<title>Neymar Levanta Bandeira de Sua Volta ao Santos - PR\u00d3SPERI NEWS<\/title>\n<meta name=\"robots\" content=\"index, follow, max-snippet:-1, max-image-preview:large, max-video-preview:-1\" \/>\n<link rel=\"canonical\" href=\"https:\/\/blogdoprosperi.com\/?p=54274\" \/>\n<meta property=\"og:locale\" content=\"pt_BR\" \/>\n<meta property=\"og:type\" content=\"article\" \/>\n<meta property=\"og:title\" content=\"Neymar Levanta Bandeira de Sua Volta ao Santos - PR\u00d3SPERI NEWS\" \/>\n<meta property=\"og:description\" content=\"Santos vence Juventude com dois gols de Neymar e sai da zona de rebaixamento Auxiliares de Ancelotti na [&hellip;]\" \/>\n<meta property=\"og:url\" content=\"https:\/\/blogdoprosperi.com\/?p=54274\" \/>\n<meta property=\"og:site_name\" content=\"PR\u00d3SPERI NEWS\" \/>\n<meta property=\"article:publisher\" content=\"Luiz Pr\u00f3speri\" \/>\n<meta property=\"article:author\" content=\"Luiz Pr\u00f3speri\" \/>\n<meta property=\"article:published_time\" content=\"2025-08-05T01:29:11+00:00\" \/>\n<meta property=\"article:modified_time\" content=\"2025-08-05T03:23:31+00:00\" \/>\n<meta property=\"og:image\" content=\"https:\/\/i0.wp.com\/blogdoprosperi.com\/wp-content\/uploads\/2025\/08\/captura-de-tela-2025-08-04-as-22.24.21.png?fit=1214%2C814&ssl=1\" \/>\n\t<meta property=\"og:image:width\" content=\"1214\" \/>\n\t<meta property=\"og:image:height\" content=\"814\" \/>\n\t<meta property=\"og:image:type\" content=\"image\/png\" \/>\n<meta name=\"author\" content=\"Luiz Ant\u00f4nio Pr\u00f3speri\" \/>\n<meta name=\"twitter:card\" content=\"summary_large_image\" \/>\n<meta name=\"twitter:creator\" content=\"@Luizprosperi\" \/>\n<meta name=\"twitter:site\" content=\"@Luizprosperi\" \/>\n<meta name=\"twitter:label1\" content=\"Escrito por\" \/>\n\t<meta name=\"twitter:data1\" content=\"Luiz Ant\u00f4nio Pr\u00f3speri\" \/>\n\t<meta name=\"twitter:label2\" content=\"Est. tempo de leitura\" \/>\n\t<meta name=\"twitter:data2\" content=\"2 minutos\" \/>\n<script type=\"application\/ld+json\" class=\"yoast-schema-graph\">{\"@context\":\"https:\\\/\\\/schema.org\",\"@graph\":[{\"@type\":\"Article\",\"@id\":\"https:\\\/\\\/blogdoprosperi.com\\\/?p=54274#article\",\"isPartOf\":{\"@id\":\"https:\\\/\\\/blogdoprosperi.com\\\/?p=54274\"},\"author\":{\"name\":\"Luiz Ant\u00f4nio Pr\u00f3speri\",\"@id\":\"https:\\\/\\\/blogdoprosperi.com\\\/#\\\/schema\\\/person\\\/38100755ce3601861ee4fab9b5aa78e9\"},\"headline\":\"Neymar Levanta Bandeira de Sua Volta ao Santos\",\"datePublished\":\"2025-08-05T01:29:11+00:00\",\"dateModified\":\"2025-08-05T03:23:31+00:00\",\"mainEntityOfPage\":{\"@id\":\"https:\\\/\\\/blogdoprosperi.com\\\/?p=54274\"},\"wordCount\":398,\"commentCount\":0,\"publisher\":{\"@id\":\"https:\\\/\\\/blogdoprosperi.com\\\/#\\\/schema\\\/person\\\/38100755ce3601861ee4fab9b5aa78e9\"},\"image\":{\"@id\":\"https:\\\/\\\/blogdoprosperi.com\\\/?p=54274#primaryimage\"},\"thumbnailUrl\":\"https:\\\/\\\/i0.wp.com\\\/blogdoprosperi.com\\\/wp-content\\\/uploads\\\/2025\\\/08\\\/captura-de-tela-2025-08-04-as-22.24.21.png?fit=1214%2C814&ssl=1\",\"articleSection\":[\"futebol\"],\"inLanguage\":\"pt-BR\",\"potentialAction\":[{\"@type\":\"CommentAction\",\"name\":\"Comment\",\"target\":[\"https:\\\/\\\/blogdoprosperi.com\\\/?p=54274#respond\"]}]},{\"@type\":\"WebPage\",\"@id\":\"https:\\\/\\\/blogdoprosperi.com\\\/?p=54274\",\"url\":\"https:\\\/\\\/blogdoprosperi.com\\\/?p=54274\",\"name\":\"Neymar Levanta Bandeira de Sua Volta ao Santos - PR\u00d3SPERI NEWS\",\"isPartOf\":{\"@id\":\"https:\\\/\\\/blogdoprosperi.com\\\/#website\"},\"primaryImageOfPage\":{\"@id\":\"https:\\\/\\\/blogdoprosperi.com\\\/?p=54274#primaryimage\"},\"image\":{\"@id\":\"https:\\\/\\\/blogdoprosperi.com\\\/?p=54274#primaryimage\"},\"thumbnailUrl\":\"https:\\\/\\\/i0.wp.com\\\/blogdoprosperi.com\\\/wp-content\\\/uploads\\\/2025\\\/08\\\/captura-de-tela-2025-08-04-as-22.24.21.png?fit=1214%2C814&ssl=1\",\"datePublished\":\"2025-08-05T01:29:11+00:00\",\"dateModified\":\"2025-08-05T03:23:31+00:00\",\"breadcrumb\":{\"@id\":\"https:\\\/\\\/blogdoprosperi.com\\\/?p=54274#breadcrumb\"},\"inLanguage\":\"pt-BR\",\"potentialAction\":[{\"@type\":\"ReadAction\",\"target\":[\"https:\\\/\\\/blogdoprosperi.com\\\/?p=54274\"]}]},{\"@type\":\"ImageObject\",\"inLanguage\":\"pt-BR\",\"@id\":\"https:\\\/\\\/blogdoprosperi.com\\\/?p=54274#primaryimage\",\"url\":\"https:\\\/\\\/i0.wp.com\\\/blogdoprosperi.com\\\/wp-content\\\/uploads\\\/2025\\\/08\\\/captura-de-tela-2025-08-04-as-22.24.21.png?fit=1214%2C814&ssl=1\",\"contentUrl\":\"https:\\\/\\\/i0.wp.com\\\/blogdoprosperi.com\\\/wp-content\\\/uploads\\\/2025\\\/08\\\/captura-de-tela-2025-08-04-as-22.24.21.png?fit=1214%2C814&ssl=1\",\"width\":1214,\"height\":814,\"caption\":\"Neymar celebra um de seus gol no Santos # a 1 Juventude \u2013 foto: Santos oficial\"},{\"@type\":\"BreadcrumbList\",\"@id\":\"https:\\\/\\\/blogdoprosperi.com\\\/?p=54274#breadcrumb\",\"itemListElement\":[{\"@type\":\"ListItem\",\"position\":1,\"name\":\"In\u00edcio\",\"item\":\"https:\\\/\\\/blogdoprosperi.com\\\/\"},{\"@type\":\"ListItem\",\"position\":2,\"name\":\"Neymar Levanta Bandeira de Sua Volta ao Santos\"}]},{\"@type\":\"WebSite\",\"@id\":\"https:\\\/\\\/blogdoprosperi.com\\\/#website\",\"url\":\"https:\\\/\\\/blogdoprosperi.com\\\/\",\"name\":\"PR\u00d3SPERI NEWS\",\"description\":\"TUDO \u00c9  FUTEBOL\",\"publisher\":{\"@id\":\"https:\\\/\\\/blogdoprosperi.com\\\/#\\\/schema\\\/person\\\/38100755ce3601861ee4fab9b5aa78e9\"},\"alternateName\":\"blogdoprosperi.com\",\"potentialAction\":[{\"@type\":\"SearchAction\",\"target\":{\"@type\":\"EntryPoint\",\"urlTemplate\":\"https:\\\/\\\/blogdoprosperi.com\\\/?s={search_term_string}\"},\"query-input\":{\"@type\":\"PropertyValueSpecification\",\"valueRequired\":true,\"valueName\":\"search_term_string\"}}],\"inLanguage\":\"pt-BR\"},{\"@type\":[\"Person\",\"Organization\"],\"@id\":\"https:\\\/\\\/blogdoprosperi.com\\\/#\\\/schema\\\/person\\\/38100755ce3601861ee4fab9b5aa78e9\",\"name\":\"Luiz Ant\u00f4nio Pr\u00f3speri\",\"pronouns\":\"ele\",\"image\":{\"@type\":\"ImageObject\",\"inLanguage\":\"pt-BR\",\"@id\":\"https:\\\/\\\/i0.wp.com\\\/blogdoprosperi.com\\\/wp-content\\\/uploads\\\/2026\\\/05\\\/cropped-8059e613-6002-42fa-961e-8e275f575d71-2-5.jpg?fit=1360%2C931&ssl=1\",\"url\":\"https:\\\/\\\/i0.wp.com\\\/blogdoprosperi.com\\\/wp-content\\\/uploads\\\/2026\\\/05\\\/cropped-8059e613-6002-42fa-961e-8e275f575d71-2-5.jpg?fit=1360%2C931&ssl=1\",\"contentUrl\":\"https:\\\/\\\/i0.wp.com\\\/blogdoprosperi.com\\\/wp-content\\\/uploads\\\/2026\\\/05\\\/cropped-8059e613-6002-42fa-961e-8e275f575d71-2-5.jpg?fit=1360%2C931&ssl=1\",\"width\":1360,\"height\":931,\"caption\":\"Luiz Ant\u00f4nio Pr\u00f3speri\"},\"logo\":{\"@id\":\"https:\\\/\\\/i0.wp.com\\\/blogdoprosperi.com\\\/wp-content\\\/uploads\\\/2026\\\/05\\\/cropped-8059e613-6002-42fa-961e-8e275f575d71-2-5.jpg?fit=1360%2C931&ssl=1\"},\"description\":\"Jornalista com carreira dedicada ao esporte. Cobriu 9 Copas do Mundo in loco, 1990 na It\u00e1lia, 1994 nos EUA, 1998 na Fran\u00e7a, 2002 na Coreia do Sul e Jap\u00e3o, 2006 na Alemanha, 2010 na \u00c1frica do Sul, 2014 no Brasil, 2018 na R\u00fassia e 2022 no Qatar. Eurocopas, 1992 na Su\u00e9cia e 1996 na Inglaterra. Copa das Confedera\u00e7\u00f5es de 2005 na Alemanha e 2009 na \u00c1frica do Sul. Rep\u00f3rter e Editor, trabalhou no Jornal da Tarde e Estad\u00e3o, de 1984 a fevereiro de 2016. Colunista, blogueiro. E comentarista de futebol na R\u00e1dio Estad\u00e3o, de 2013 a fevereiro de 2016. Jornalista respons\u00e1vel do \\\"Pr\u00f3speri News\\\" (blogdoprosperi.com).\",\"sameAs\":[\"http:\\\/\\\/blogdoprosperi.com\",\"Luiz Pr\u00f3speri\",\"@luiz_prosperi\",\"https:\\\/\\\/x.com\\\/Luizprosperi\",\"@prosperinacopa\",\"luiz.prosperi@icloud.com\"],\"url\":\"https:\\\/\\\/blogdoprosperi.com\\\/?author=102107496\"}]}<\/script>\n<!-- \/ Yoast SEO plugin. -->","yoast_head_json":{"title":"Neymar Levanta Bandeira de Sua Volta ao Santos - PR\u00d3SPERI NEWS","robots":{"index":"index","follow":"follow","max-snippet":"max-snippet:-1","max-image-preview":"max-image-preview:large","max-video-preview":"max-video-preview:-1"},"canonical":"https:\/\/blogdoprosperi.com\/?p=54274","og_locale":"pt_BR","og_type":"article","og_title":"Neymar Levanta Bandeira de Sua Volta ao Santos - PR\u00d3SPERI NEWS","og_description":"Santos vence Juventude com dois gols de Neymar e sai da zona de rebaixamento Auxiliares de Ancelotti na [&hellip;]","og_url":"https:\/\/blogdoprosperi.com\/?p=54274","og_site_name":"PR\u00d3SPERI NEWS","article_publisher":"Luiz Pr\u00f3speri","article_author":"Luiz Pr\u00f3speri","article_published_time":"2025-08-05T01:29:11+00:00","article_modified_time":"2025-08-05T03:23:31+00:00","og_image":[{"width":1214,"height":814,"url":"https:\/\/i0.wp.com\/blogdoprosperi.com\/wp-content\/uploads\/2025\/08\/captura-de-tela-2025-08-04-as-22.24.21.png?fit=1214%2C814&ssl=1","type":"image\/png"}],"author":"Luiz Ant\u00f4nio Pr\u00f3speri","twitter_card":"summary_large_image","twitter_creator":"@Luizprosperi","twitter_site":"@Luizprosperi","twitter_misc":{"Escrito por":"Luiz Ant\u00f4nio Pr\u00f3speri","Est. tempo de leitura":"2 minutos"},"schema":{"@context":"https:\/\/schema.org","@graph":[{"@type":"Article","@id":"https:\/\/blogdoprosperi.com\/?p=54274#article","isPartOf":{"@id":"https:\/\/blogdoprosperi.com\/?p=54274"},"author":{"name":"Luiz Ant\u00f4nio Pr\u00f3speri","@id":"https:\/\/blogdoprosperi.com\/#\/schema\/person\/38100755ce3601861ee4fab9b5aa78e9"},"headline":"Neymar Levanta Bandeira de Sua Volta ao Santos","datePublished":"2025-08-05T01:29:11+00:00","dateModified":"2025-08-05T03:23:31+00:00","mainEntityOfPage":{"@id":"https:\/\/blogdoprosperi.com\/?p=54274"},"wordCount":398,"commentCount":0,"publisher":{"@id":"https:\/\/blogdoprosperi.com\/#\/schema\/person\/38100755ce3601861ee4fab9b5aa78e9"},"image":{"@id":"https:\/\/blogdoprosperi.com\/?p=54274#primaryimage"},"thumbnailUrl":"https:\/\/i0.wp.com\/blogdoprosperi.com\/wp-content\/uploads\/2025\/08\/captura-de-tela-2025-08-04-as-22.24.21.png?fit=1214%2C814&ssl=1","articleSection":["futebol"],"inLanguage":"pt-BR","potentialAction":[{"@type":"CommentAction","name":"Comment","target":["https:\/\/blogdoprosperi.com\/?p=54274#respond"]}]},{"@type":"WebPage","@id":"https:\/\/blogdoprosperi.com\/?p=54274","url":"https:\/\/blogdoprosperi.com\/?p=54274","name":"Neymar Levanta Bandeira de Sua Volta ao Santos - PR\u00d3SPERI NEWS","isPartOf":{"@id":"https:\/\/blogdoprosperi.com\/#website"},"primaryImageOfPage":{"@id":"https:\/\/blogdoprosperi.com\/?p=54274#primaryimage"},"image":{"@id":"https:\/\/blogdoprosperi.com\/?p=54274#primaryimage"},"thumbnailUrl":"https:\/\/i0.wp.com\/blogdoprosperi.com\/wp-content\/uploads\/2025\/08\/captura-de-tela-2025-08-04-as-22.24.21.png?fit=1214%2C814&ssl=1","datePublished":"2025-08-05T01:29:11+00:00","dateModified":"2025-08-05T03:23:31+00:00","breadcrumb":{"@id":"https:\/\/blogdoprosperi.com\/?p=54274#breadcrumb"},"inLanguage":"pt-BR","potentialAction":[{"@type":"ReadAction","target":["https:\/\/blogdoprosperi.com\/?p=54274"]}]},{"@type":"ImageObject","inLanguage":"pt-BR","@id":"https:\/\/blogdoprosperi.com\/?p=54274#primaryimage","url":"https:\/\/i0.wp.com\/blogdoprosperi.com\/wp-content\/uploads\/2025\/08\/captura-de-tela-2025-08-04-as-22.24.21.png?fit=1214%2C814&ssl=1","contentUrl":"https:\/\/i0.wp.com\/blogdoprosperi.com\/wp-content\/uploads\/2025\/08\/captura-de-tela-2025-08-04-as-22.24.21.png?fit=1214%2C814&ssl=1","width":1214,"height":814,"caption":"Neymar celebra um de seus gol no Santos # a 1 Juventude \u2013 foto: Santos oficial"},{"@type":"BreadcrumbList","@id":"https:\/\/blogdoprosperi.com\/?p=54274#breadcrumb","itemListElement":[{"@type":"ListItem","position":1,"name":"In\u00edcio","item":"https:\/\/blogdoprosperi.com\/"},{"@type":"ListItem","position":2,"name":"Neymar Levanta Bandeira de Sua Volta ao Santos"}]},{"@type":"WebSite","@id":"https:\/\/blogdoprosperi.com\/#website","url":"https:\/\/blogdoprosperi.com\/","name":"PR\u00d3SPERI NEWS","description":"TUDO \u00c9  FUTEBOL","publisher":{"@id":"https:\/\/blogdoprosperi.com\/#\/schema\/person\/38100755ce3601861ee4fab9b5aa78e9"},"alternateName":"blogdoprosperi.com","potentialAction":[{"@type":"SearchAction","target":{"@type":"EntryPoint","urlTemplate":"https:\/\/blogdoprosperi.com\/?s={search_term_string}"},"query-input":{"@type":"PropertyValueSpecification","valueRequired":true,"valueName":"search_term_string"}}],"inLanguage":"pt-BR"},{"@type":["Person","Organization"],"@id":"https:\/\/blogdoprosperi.com\/#\/schema\/person\/38100755ce3601861ee4fab9b5aa78e9","name":"Luiz Ant\u00f4nio Pr\u00f3speri","pronouns":"ele","image":{"@type":"ImageObject","inLanguage":"pt-BR","@id":"https:\/\/i0.wp.com\/blogdoprosperi.com\/wp-content\/uploads\/2026\/05\/cropped-8059e613-6002-42fa-961e-8e275f575d71-2-5.jpg?fit=1360%2C931&ssl=1","url":"https:\/\/i0.wp.com\/blogdoprosperi.com\/wp-content\/uploads\/2026\/05\/cropped-8059e613-6002-42fa-961e-8e275f575d71-2-5.jpg?fit=1360%2C931&ssl=1","contentUrl":"https:\/\/i0.wp.com\/blogdoprosperi.com\/wp-content\/uploads\/2026\/05\/cropped-8059e613-6002-42fa-961e-8e275f575d71-2-5.jpg?fit=1360%2C931&ssl=1","width":1360,"height":931,"caption":"Luiz Ant\u00f4nio Pr\u00f3speri"},"logo":{"@id":"https:\/\/i0.wp.com\/blogdoprosperi.com\/wp-content\/uploads\/2026\/05\/cropped-8059e613-6002-42fa-961e-8e275f575d71-2-5.jpg?fit=1360%2C931&ssl=1"},"description":"Jornalista com carreira dedicada ao esporte. Cobriu 9 Copas do Mundo in loco, 1990 na It\u00e1lia, 1994 nos EUA, 1998 na Fran\u00e7a, 2002 na Coreia do Sul e Jap\u00e3o, 2006 na Alemanha, 2010 na \u00c1frica do Sul, 2014 no Brasil, 2018 na R\u00fassia e 2022 no Qatar. Eurocopas, 1992 na Su\u00e9cia e 1996 na Inglaterra. Copa das Confedera\u00e7\u00f5es de 2005 na Alemanha e 2009 na \u00c1frica do Sul. Rep\u00f3rter e Editor, trabalhou no Jornal da Tarde e Estad\u00e3o, de 1984 a fevereiro de 2016. Colunista, blogueiro. E comentarista de futebol na R\u00e1dio Estad\u00e3o, de 2013 a fevereiro de 2016. Jornalista respons\u00e1vel do \"Pr\u00f3speri News\" (blogdoprosperi.com).","sameAs":["http:\/\/blogdoprosperi.com","Luiz Pr\u00f3speri","@luiz_prosperi","https:\/\/x.com\/Luizprosperi","@prosperinacopa","luiz.prosperi@icloud.com"],"url":"https:\/\/blogdoprosperi.com\/?author=102107496"}]}},"jetpack_publicize_connections":[],"jetpack_likes_enabled":false,"jetpack_sharing_enabled":true,"jetpack_shortlink":"https:\/\/wp.me\/p7jvdk-e7o","jetpack-related-posts":[{"id":53898,"url":"https:\/\/blogdoprosperi.com\/?p=53898","url_meta":{"origin":54274,"position":0},"title":"Neymar, o Cavaleiro Solit\u00e1rio Perdido na Multid\u00e3o Santista","author":"Luiz Ant\u00f4nio Pr\u00f3speri","date":"24 de julho de 2025","format":false,"excerpt":"Luiz Ant\u00f4nio Pr\u00f3speri \u2013 24 julho 2025 (19h01) \u2013\u00a0 Santos est\u00e1 na zona de rebaixamento do Brasileir\u00e3o 2025. Neymar tamb\u00e9m. Neymar e Santos se confundem em um s\u00f3. Os dois est\u00e3o na vitrine e a torcida joga pedras a estilha\u00e7ar os vidros. O craque perde a paci\u00eancia. Nos dois \u00faltimos\u2026","rel":"","context":"Em &quot;brasileir\u00e3o 2025&quot;","block_context":{"text":"brasileir\u00e3o 2025","link":"https:\/\/blogdoprosperi.com\/?cat=775970846"},"img":{"alt_text":"Neymar, o cavaleiro solit\u00e1rio do Santos","src":"https:\/\/i0.wp.com\/blogdoprosperi.com\/wp-content\/uploads\/2025\/07\/captura-de-tela-2025-07-24-as-18.57.12.png?fit=1200%2C780&ssl=1&resize=350%2C200","width":350,"height":200,"srcset":"https:\/\/i0.wp.com\/blogdoprosperi.com\/wp-content\/uploads\/2025\/07\/captura-de-tela-2025-07-24-as-18.57.12.png?fit=1200%2C780&ssl=1&resize=350%2C200 1x, https:\/\/i0.wp.com\/blogdoprosperi.com\/wp-content\/uploads\/2025\/07\/captura-de-tela-2025-07-24-as-18.57.12.png?fit=1200%2C780&ssl=1&resize=525%2C300 1.5x, https:\/\/i0.wp.com\/blogdoprosperi.com\/wp-content\/uploads\/2025\/07\/captura-de-tela-2025-07-24-as-18.57.12.png?fit=1200%2C780&ssl=1&resize=700%2C400 2x, https:\/\/i0.wp.com\/blogdoprosperi.com\/wp-content\/uploads\/2025\/07\/captura-de-tela-2025-07-24-as-18.57.12.png?fit=1200%2C780&ssl=1&resize=1050%2C600 3x"},"classes":[]},{"id":55093,"url":"https:\/\/blogdoprosperi.com\/?p=55093","url_meta":{"origin":54274,"position":1},"title":"#Cr\u00f4nicaSab\u00e1tica #31 | Neymar, Procure Ronaldo Fen\u00f4meno Mais Uma Vez","author":"Luiz Ant\u00f4nio Pr\u00f3speri","date":"20 de setembro de 2025","format":false,"excerpt":"Luiz Ant\u00f4nio Pr\u00f3speri \u2013 20 setembro 2025 (12h59) \u2013 Neymar n\u00e3o acabou. Senten\u00e7a final de sua carreira est\u00e1 longe. Ainda que seus m\u00fasculos teimem a se esgar\u00e7ar m\u00eas a m\u00eas. Na sexta-feira (19\/9), mais um. Agora na coxa direita. Segundo disseram os m\u00e9dicos, a nova les\u00e3o se localiza no reto\u2026","rel":"","context":"Em &quot;cr\u00f4nica&quot;","block_context":{"text":"cr\u00f4nica","link":"https:\/\/blogdoprosperi.com\/?cat=23339"},"img":{"alt_text":"Ronaldo e Neymar, problemas parecidos","src":"https:\/\/i0.wp.com\/blogdoprosperi.com\/wp-content\/uploads\/2025\/09\/ronaldo-diz-que-neymar-maquia-problemas-da-selecao-brasileira-e1739555734478.webp?fit=676%2C381&ssl=1&resize=350%2C200","width":350,"height":200,"srcset":"https:\/\/i0.wp.com\/blogdoprosperi.com\/wp-content\/uploads\/2025\/09\/ronaldo-diz-que-neymar-maquia-problemas-da-selecao-brasileira-e1739555734478.webp?fit=676%2C381&ssl=1&resize=350%2C200 1x, https:\/\/i0.wp.com\/blogdoprosperi.com\/wp-content\/uploads\/2025\/09\/ronaldo-diz-que-neymar-maquia-problemas-da-selecao-brasileira-e1739555734478.webp?fit=676%2C381&ssl=1&resize=525%2C300 1.5x"},"classes":[]},{"id":54612,"url":"https:\/\/blogdoprosperi.com\/?p=54612","url_meta":{"origin":54274,"position":2},"title":"Neymar N\u00e3o Volta ao Santos Para Chorar","author":"Luiz Ant\u00f4nio Pr\u00f3speri","date":"17 de agosto de 2025","format":false,"excerpt":"\u2295 Santos sofre uma das mais impiedosas goleadas de sua hist\u00f3ria \u2295 T\u00e9cnico Cleber Xavier \u00e9 demitido ainda nos vesti\u00e1rios do Morumbi Luiz Ant\u00f4nio Pr\u00f3speri \u2013 17 agosto 2025 (18h33) \u2013 Neymar est\u00e1 sentado na grama. Cobre rosto com o bra\u00e7o esquerdo e a m\u00e3o direita aperta os olhos. L\u00e1\u2026","rel":"","context":"Em &quot;brasileir\u00e3o 2025&quot;","block_context":{"text":"brasileir\u00e3o 2025","link":"https:\/\/blogdoprosperi.com\/?cat=775970846"},"img":{"alt_text":"Neymar n\u00e3o volta ao Santos para chorar","src":"https:\/\/i0.wp.com\/blogdoprosperi.com\/wp-content\/uploads\/2025\/08\/captura-de-tela-2025-08-17-180436.webp?fit=800%2C500&ssl=1&resize=350%2C200","width":350,"height":200,"srcset":"https:\/\/i0.wp.com\/blogdoprosperi.com\/wp-content\/uploads\/2025\/08\/captura-de-tela-2025-08-17-180436.webp?fit=800%2C500&ssl=1&resize=350%2C200 1x, https:\/\/i0.wp.com\/blogdoprosperi.com\/wp-content\/uploads\/2025\/08\/captura-de-tela-2025-08-17-180436.webp?fit=800%2C500&ssl=1&resize=525%2C300 1.5x, https:\/\/i0.wp.com\/blogdoprosperi.com\/wp-content\/uploads\/2025\/08\/captura-de-tela-2025-08-17-180436.webp?fit=800%2C500&ssl=1&resize=700%2C400 2x"},"classes":[]},{"id":47875,"url":"https:\/\/blogdoprosperi.com\/?p=47875","url_meta":{"origin":54274,"position":3},"title":"Neymar Volta Fora de Forma e Pede Paci\u00eancia aos Torcedores","author":"Luiz Ant\u00f4nio Pr\u00f3speri","date":"5 de fevereiro de 2025","format":false,"excerpt":"Luiz Ant\u00f4nio Pr\u00f3speri \u2013 5 fevereiro (23h30) \u2013 Neymar precisa de tempo, de minutos a mais de jogos de verdade. Precisa entrar em forma. Primeira exibi\u00e7\u00e3o deixa claro que n\u00e3o vai ser assim, da noite para o dia. Mesmo ainda distante do que ele j\u00e1 mostrou no futebol, foi capaz\u2026","rel":"","context":"Em &quot;opini\u00e3o&quot;","block_context":{"text":"opini\u00e3o","link":"https:\/\/blogdoprosperi.com\/?cat=3919"},"img":{"alt_text":"Neymar volta fora de forma e pode paci\u00eancia","src":"https:\/\/i0.wp.com\/blogdoprosperi.com\/wp-content\/uploads\/2025\/02\/neymar-santos-02052025_0.jpg?fit=760%2C428&ssl=1&resize=350%2C200","width":350,"height":200,"srcset":"https:\/\/i0.wp.com\/blogdoprosperi.com\/wp-content\/uploads\/2025\/02\/neymar-santos-02052025_0.jpg?fit=760%2C428&ssl=1&resize=350%2C200 1x, https:\/\/i0.wp.com\/blogdoprosperi.com\/wp-content\/uploads\/2025\/02\/neymar-santos-02052025_0.jpg?fit=760%2C428&ssl=1&resize=525%2C300 1.5x, https:\/\/i0.wp.com\/blogdoprosperi.com\/wp-content\/uploads\/2025\/02\/neymar-santos-02052025_0.jpg?fit=760%2C428&ssl=1&resize=700%2C400 2x"},"classes":[]},{"id":61211,"url":"https:\/\/blogdoprosperi.com\/?p=61211","url_meta":{"origin":54274,"position":4},"title":"Memphis e Neymar, dois astros no limite","author":"Luiz Ant\u00f4nio Pr\u00f3speri","date":"25 de julho de 2026","format":false,"excerpt":"Luiz Ant\u00f4nio Pr\u00f3speri \u2013 25 julho 2026 (00h17) Corinthians tem at\u00e9 dia 31 de julho para renovar contrato de Memphis Depay. O holand\u00eas diz que est\u00e1 no limite. Insiste em fechar novo acordo por tr\u00eas anos, enquanto o clube paulista bate o p\u00e9, s\u00f3 renova por dois anos. A encrenca\u2026","rel":"","context":"Em &quot;brasileir\u00e3o 2026&quot;","block_context":{"text":"brasileir\u00e3o 2026","link":"https:\/\/blogdoprosperi.com\/?cat=786956679"},"img":{"alt_text":"Memphis e Neymar, \u00eddolos em chama","src":"https:\/\/i0.wp.com\/blogdoprosperi.com\/wp-content\/uploads\/2025\/07\/neymar-depay.jpg?fit=1200%2C893&ssl=1&resize=350%2C200","width":350,"height":200,"srcset":"https:\/\/i0.wp.com\/blogdoprosperi.com\/wp-content\/uploads\/2025\/07\/neymar-depay.jpg?fit=1200%2C893&ssl=1&resize=350%2C200 1x, https:\/\/i0.wp.com\/blogdoprosperi.com\/wp-content\/uploads\/2025\/07\/neymar-depay.jpg?fit=1200%2C893&ssl=1&resize=525%2C300 1.5x, https:\/\/i0.wp.com\/blogdoprosperi.com\/wp-content\/uploads\/2025\/07\/neymar-depay.jpg?fit=1200%2C893&ssl=1&resize=700%2C400 2x, https:\/\/i0.wp.com\/blogdoprosperi.com\/wp-content\/uploads\/2025\/07\/neymar-depay.jpg?fit=1200%2C893&ssl=1&resize=1050%2C600 3x"},"classes":[]},{"id":61250,"url":"https:\/\/blogdoprosperi.com\/?p=61250","url_meta":{"origin":54274,"position":5},"title":"Chega de Neymar","author":"Luiz Ant\u00f4nio Pr\u00f3speri","date":"26 de julho de 2026","format":false,"excerpt":"Luiz Ant\u00f4nio Pr\u00f3speri \u2013 26 julho 2026 (14h33) \u2013 Neymar tem o seu mundo particular e faz quest\u00e3o de viver a seu modo. N\u00f3s \u00e9 que somos trouxas a gastar tempo e energia com suas estrepolias. A hora \u00e9 de parar com essa brincadeira. Chega. Consumimos um temp\u00e3o discutindo, dentro\u2026","rel":"","context":"Em &quot;brasileir\u00e3o 2026&quot;","block_context":{"text":"brasileir\u00e3o 2026","link":"https:\/\/blogdoprosperi.com\/?cat=786956679"},"img":{"alt_text":"","src":"https:\/\/i0.wp.com\/blogdoprosperi.com\/wp-content\/uploads\/2026\/07\/Captura-de-Tela-2026-07-26-as-14.52.59.png?fit=1140%2C812&ssl=1&resize=350%2C200","width":350,"height":200,"srcset":"https:\/\/i0.wp.com\/blogdoprosperi.com\/wp-content\/uploads\/2026\/07\/Captura-de-Tela-2026-07-26-as-14.52.59.png?fit=1140%2C812&ssl=1&resize=350%2C200 1x, https:\/\/i0.wp.com\/blogdoprosperi.com\/wp-content\/uploads\/2026\/07\/Captura-de-Tela-2026-07-26-as-14.52.59.png?fit=1140%2C812&ssl=1&resize=525%2C300 1.5x, https:\/\/i0.wp.com\/blogdoprosperi.com\/wp-content\/uploads\/2026\/07\/Captura-de-Tela-2026-07-26-as-14.52.59.png?fit=1140%2C812&ssl=1&resize=700%2C400 2x, https:\/\/i0.wp.com\/blogdoprosperi.com\/wp-content\/uploads\/2026\/07\/Captura-de-Tela-2026-07-26-as-14.52.59.png?fit=1140%2C812&ssl=1&resize=1050%2C600 3x"},"classes":[]}],"jetpack_featured_media_url":"https:\/\/i0.wp.com\/blogdoprosperi.com\/wp-content\/uploads\/2025\/08\/captura-de-tela-2025-08-04-as-22.24.21.png?fit=1214%2C814&ssl=1","_links":{"self":[{"href":"https:\/\/blogdoprosperi.com\/index.php?rest_route=\/wp\/v2\/posts\/54274","targetHints":{"allow":["GET"]}}],"collection":[{"href":"https:\/\/blogdoprosperi.com\/index.php?rest_route=\/wp\/v2\/posts"}],"about":[{"href":"https:\/\/blogdoprosperi.com\/index.php?rest_route=\/wp\/v2\/types\/post"}],"author":[{"embeddable":true,"href":"https:\/\/blogdoprosperi.com\/index.php?rest_route=\/wp\/v2\/users\/102107496"}],"replies":[{"embeddable":true,"href":"https:\/\/blogdoprosperi.com\/index.php?rest_route=%2Fwp%2Fv2%2Fcomments&post=54274"}],"version-history":[{"count":5,"href":"https:\/\/blogdoprosperi.com\/index.php?rest_route=\/wp\/v2\/posts\/54274\/revisions"}],"predecessor-version":[{"id":54284,"href":"https:\/\/blogdoprosperi.com\/index.php?rest_route=\/wp\/v2\/posts\/54274\/revisions\/54284"}],"wp:featuredmedia":[{"embeddable":true,"href":"https:\/\/blogdoprosperi.com\/index.php?rest_route=\/wp\/v2\/media\/54275"}],"wp:attachment":[{"href":"https:\/\/blogdoprosperi.com\/index.php?rest_route=%2Fwp%2Fv2%2Fmedia&parent=54274"}],"wp:term":[{"taxonomy":"category","embeddable":true,"href":"https:\/\/blogdoprosperi.com\/index.php?rest_route=%2Fwp%2Fv2%2Fcategories&post=54274"},{"taxonomy":"post_tag","embeddable":true,"href":"https:\/\/blogdoprosperi.com\/index.php?rest_route=%2Fwp%2Fv2%2Ftags&post=54274"}],"curies":[{"name":"wp","href":"https:\/\/api.w.org\/{rel}","templated":true}]}}