{"id":54358,"date":"2025-08-08T17:52:30","date_gmt":"2025-08-08T20:52:30","guid":{"rendered":"https:\/\/blogdoprosperi.com\/?p=54358"},"modified":"2025-08-08T17:59:05","modified_gmt":"2025-08-08T20:59:05","slug":"leila-pereira-acerta-ao-insistir-na-renovacao-do-contrato-de-abel-ferreira","status":"publish","type":"post","link":"https:\/\/blogdoprosperi.com\/?p=54358","title":{"rendered":"Leila Pereira Acerta ao Insistir na Renova\u00e7\u00e3o do Contrato de Abel Ferreira"},"content":{"rendered":"<p>Leila Pereira n\u00e3o admite perder Abel Ferreira. Insiste na renova\u00e7\u00e3o do contrato at\u00e9 dezembro de 2027. &#8220;Para deixar claro a todos, que este \u00e9 o desejo da Sociedade Esportiva Palmeiras. Continuo acreditando no trabalho desenvolvido pelo nosso treinador e comiss\u00e3o t\u00e9cnica e nosso diretor de futebol&#8221;, esclarece a presidenta. &#8220;Quem est\u00e1 falando \u00e9 Leila Pereira, presidente da Sociedade Esportiva Palmeiras. Pela minha personalidade, fa\u00e7o o melhor para o Palmeiras e decido na Academia de Futebol, n\u00e3o ouvindo parte m\u00ednima de torcedores ou comentaristas. Decido racionalmente.&#8221;<\/p>\n<p>Portanto, Abel s\u00f3 n\u00e3o assina a renova\u00e7\u00e3o se n\u00e3o quiser.<\/p>\n<p>O ato da assinatura deve acontecer o mais r\u00e1pido poss\u00edvel quando a cabe\u00e7a esfriar e o cora\u00e7\u00e3o mandar, por mais que os ecos da noite de quarta-feira (<em>queda diante do Corinthians)<\/em> ainda provoquem zumbidos nos ouvidos do treinador.<\/p>\n<p>Abel espera concluir a profunda reformula\u00e7\u00e3o a que o Palmeiras passa na atual temporada. Ele \u00e9 o condutor do processo. Na sua planilha h\u00e1 a certeza da evolu\u00e7\u00e3o do time e, efeito cont\u00ednuo, bons resultados no Brasileir\u00e3o e Libertadores na corrida pelos dois t\u00edtulos.<\/p>\n<p>Mas \u00e9 preciso paci\u00eancia. Acompanhe o recado de Leila Pereira aos que querem Abel na cruz:<\/p>\n<p>&#8220;Tenham um pouco de paci\u00eancia. Hoje vamos apresentar o nono refor\u00e7o (<em>Khellven, lateral-direito, 24 anos<\/em>), <strong>estamos em processo de reformula\u00e7\u00e3o e \u00e0s vezes precisamos de um certo tempo para as coisas andarem como desejamos.<\/strong> Paci\u00eancia, <strong>o torcedor tem todo direito de criticar, claro que sim. N\u00e3o posso admitir as pessoas duvidarem da capacidade do nosso treinador<\/strong>, da nossa comiss\u00e3o t\u00e9cnica, do nosso trabalho<strong>.<\/strong> Isto \u00e9 inadmiss\u00edvel, ainda mais um profissional como nosso treinador, vencedor, profissional e competente&#8221;.<\/p>\n<p>Voc\u00ea quer saber, a presidenta do Palmeiras est\u00e1 certa.<\/p>\n<p>De que adiantaria trocar de treinador nesse momento da temporada? Cair batido pelo Corinthians \u00e9 grave, mas n\u00e3o \u00e9 o fim do mundo.<\/p>\n<p>Bem ou mal, o Palmeiras est\u00e1 nas cabe\u00e7as do Brasileir\u00e3o, grudado no Cruzeiro e Flamengo, com calend\u00e1rio mais suave ao ser eliminado na Copa do Brasil.<\/p>\n<p>Tem caminho sem solavancos rumo ao menos \u00e0s semifinais da Libertadores \u2013 enfrenta o Universit\u00e1rio do Peru nas oitavas e, se avan\u00e7ar \u00e0s quartas, pega o vencedor do confronto River Plate x Libertad. Detalhe, sempre decidindo em casa o jogo da volta.<\/p>\n<p>Abel tem lastro. Estofo. Se beliscar a Libertadores (a sua terceira no Palmeiras), ter\u00e1 a chance de enfrentar o PSG na final do torneio Intercontinental de Clubes Fifa (antigo Mundial) no fim do ano.<\/p>\n<p>Sonhos est\u00e3o a\u00ed. Ambi\u00e7\u00e3o tamb\u00e9m. Respaldo da presidenta n\u00e3o lhe falta.<\/p>\n<p>Resta empunhar a caneta e firmar assinatura na linha de cima do nome: Abel Fernando Moreira Ferreira, 46 anos, natural de Penafiel (Portugal), t\u00e9cnico da Sociedade Esportiva Palmeiras.<\/p>\n<hr \/>\n<p><strong>Leila: &#8220;ABEL, VEM C\u00c1. ASSINA AQUI.&#8221;<\/strong><\/p>\n<figure id=\"attachment_54366\" aria-describedby=\"caption-attachment-54366\" style=\"width: 632px\" class=\"wp-caption alignnone\"><img data-recalc-dims=\"1\" loading=\"lazy\" decoding=\"async\" data-attachment-id=\"54366\" data-permalink=\"https:\/\/blogdoprosperi.com\/?attachment_id=54366\" data-orig-file=\"https:\/\/i0.wp.com\/blogdoprosperi.com\/wp-content\/uploads\/2025\/08\/54708100624_9ab7bc42ab_c.jpg?fit=739%2C800&amp;ssl=1\" data-orig-size=\"739,800\" data-comments-opened=\"1\" data-image-meta=\"{&quot;aperture&quot;:&quot;0&quot;,&quot;credit&quot;:&quot;CESAR GRECO&quot;,&quot;camera&quot;:&quot;&quot;,&quot;caption&quot;:&quot;&quot;,&quot;created_timestamp&quot;:&quot;0&quot;,&quot;copyright&quot;:&quot;CESAR GRECO&quot;,&quot;focal_length&quot;:&quot;0&quot;,&quot;iso&quot;:&quot;0&quot;,&quot;shutter_speed&quot;:&quot;0&quot;,&quot;title&quot;:&quot;&quot;,&quot;orientation&quot;:&quot;0&quot;}\" data-image-title=\"Leila quer Abel at\u00e9 2027 no Palmeiras\" data-image-description=\"\" data-image-caption=\"&lt;p&gt;Leila Pereira para Abel: S\u00f3 falta assinar \u2013 foto: Palmeiras oficial&lt;\/p&gt;\n\" data-large-file=\"https:\/\/i0.wp.com\/blogdoprosperi.com\/wp-content\/uploads\/2025\/08\/54708100624_9ab7bc42ab_c.jpg?fit=739%2C800&amp;ssl=1\" class=\" wp-image-54366\" src=\"https:\/\/i0.wp.com\/blogdoprosperi.com\/wp-content\/uploads\/2025\/08\/54708100624_9ab7bc42ab_c.jpg?resize=632%2C684&#038;ssl=1\" alt=\"Leila Pereira acerta ao renovar com Abel\" width=\"632\" height=\"684\" \/><figcaption id=\"caption-attachment-54366\" class=\"wp-caption-text\"><em>Leila Pereira para Abel: S\u00f3 falta assinar \u2013 foto: Palmeiras oficial<\/em><\/figcaption><\/figure>\n","protected":false},"excerpt":{"rendered":"<p>Leila Pereira n\u00e3o admite perder Abel Ferreira. Insiste na renova\u00e7\u00e3o do contrato at\u00e9 dezembro de 2027. &#8220;Para deixar [&hellip;]<\/p>\n","protected":false},"author":102107496,"featured_media":54365,"comment_status":"open","ping_status":"open","sticky":false,"template":"","format":"standard","meta":{"_coblocks_attr":"","_coblocks_dimensions":"","_coblocks_responsive_height":"","_coblocks_accordion_ie_support":"","_jetpack_newsletter_access":"","_jetpack_dont_email_post_to_subs":false,"_jetpack_newsletter_tier_id":0,"_jetpack_memberships_contains_paywalled_content":false,"_wpcom_ai_launchpad_first_post":false,"_jetpack_feature_clip_id":0,"_jetpack_memberships_contains_paid_content":false,"footnotes":"","jetpack_publicize_message":"","jetpack_publicize_feature_enabled":true,"jetpack_social_post_already_shared":false,"jetpack_social_options":{"image_generator_settings":{"template":"highway","default_image_id":0,"font":"","enabled":false},"version":2},"jetpack_post_was_ever_published":false},"categories":[270704,53870,38115653,3919],"tags":[72238077,782808911,720071420,26387986,765967994,789560585],"class_list":["post-54358","post","type-post","status-publish","format-standard","has-post-thumbnail","hentry","category-copa-libertadores","category-futebol","category-luiz-antonio-prosperi","category-opiniao","tag-sepalmeiras","tag-15arodadabrasileirao2025","tag-abelferreira","tag-copadobrasil","tag-leilapereira","tag-libertadores2025"],"yoast_head":"<!-- This site is optimized with the Yoast SEO plugin v28.3 - https:\/\/yoast.com\/product\/yoast-seo-wordpress\/ -->\n<title>Leila Pereira Acerta ao Insistir na Renova\u00e7\u00e3o do Contrato de Abel Ferreira - PR\u00d3SPERI NEWS<\/title>\n<meta name=\"robots\" content=\"index, follow, max-snippet:-1, max-image-preview:large, max-video-preview:-1\" \/>\n<link rel=\"canonical\" href=\"https:\/\/blogdoprosperi.com\/?p=54358\" \/>\n<meta property=\"og:locale\" content=\"pt_BR\" \/>\n<meta property=\"og:type\" content=\"article\" \/>\n<meta property=\"og:title\" content=\"Leila Pereira Acerta ao Insistir na Renova\u00e7\u00e3o do Contrato de Abel Ferreira - PR\u00d3SPERI NEWS\" \/>\n<meta property=\"og:description\" content=\"Leila Pereira n\u00e3o admite perder Abel Ferreira. Insiste na renova\u00e7\u00e3o do contrato at\u00e9 dezembro de 2027. &#8220;Para deixar [&hellip;]\" \/>\n<meta property=\"og:url\" content=\"https:\/\/blogdoprosperi.com\/?p=54358\" \/>\n<meta property=\"og:site_name\" content=\"PR\u00d3SPERI NEWS\" \/>\n<meta property=\"article:publisher\" content=\"Luiz Pr\u00f3speri\" \/>\n<meta property=\"article:author\" content=\"Luiz Pr\u00f3speri\" \/>\n<meta property=\"article:published_time\" content=\"2025-08-08T20:52:30+00:00\" \/>\n<meta property=\"article:modified_time\" content=\"2025-08-08T20:59:05+00:00\" \/>\n<meta property=\"og:image\" content=\"https:\/\/i0.wp.com\/blogdoprosperi.com\/wp-content\/uploads\/2025\/08\/54708100744_2c747fe698_c.jpg?fit=800%2C450&ssl=1\" \/>\n\t<meta property=\"og:image:width\" content=\"800\" \/>\n\t<meta property=\"og:image:height\" content=\"450\" \/>\n\t<meta property=\"og:image:type\" content=\"image\/jpeg\" \/>\n<meta name=\"author\" content=\"Luiz Ant\u00f4nio Pr\u00f3speri\" \/>\n<meta name=\"twitter:card\" content=\"summary_large_image\" \/>\n<meta name=\"twitter:creator\" content=\"@Luizprosperi\" \/>\n<meta name=\"twitter:site\" content=\"@Luizprosperi\" \/>\n<meta name=\"twitter:label1\" content=\"Escrito por\" \/>\n\t<meta name=\"twitter:data1\" content=\"Luiz Ant\u00f4nio Pr\u00f3speri\" \/>\n\t<meta name=\"twitter:label2\" content=\"Est. tempo de leitura\" \/>\n\t<meta name=\"twitter:data2\" content=\"2 minutos\" \/>\n<script type=\"application\/ld+json\" class=\"yoast-schema-graph\">{\"@context\":\"https:\\\/\\\/schema.org\",\"@graph\":[{\"@type\":\"Article\",\"@id\":\"https:\\\/\\\/blogdoprosperi.com\\\/?p=54358#article\",\"isPartOf\":{\"@id\":\"https:\\\/\\\/blogdoprosperi.com\\\/?p=54358\"},\"author\":{\"name\":\"Luiz Ant\u00f4nio Pr\u00f3speri\",\"@id\":\"https:\\\/\\\/blogdoprosperi.com\\\/#\\\/schema\\\/person\\\/38100755ce3601861ee4fab9b5aa78e9\"},\"headline\":\"Leila Pereira Acerta ao Insistir na Renova\u00e7\u00e3o do Contrato de Abel Ferreira\",\"datePublished\":\"2025-08-08T20:52:30+00:00\",\"dateModified\":\"2025-08-08T20:59:05+00:00\",\"mainEntityOfPage\":{\"@id\":\"https:\\\/\\\/blogdoprosperi.com\\\/?p=54358\"},\"wordCount\":507,\"commentCount\":0,\"publisher\":{\"@id\":\"https:\\\/\\\/blogdoprosperi.com\\\/#\\\/schema\\\/person\\\/38100755ce3601861ee4fab9b5aa78e9\"},\"image\":{\"@id\":\"https:\\\/\\\/blogdoprosperi.com\\\/?p=54358#primaryimage\"},\"thumbnailUrl\":\"https:\\\/\\\/i0.wp.com\\\/blogdoprosperi.com\\\/wp-content\\\/uploads\\\/2025\\\/08\\\/54708100744_2c747fe698_c.jpg?fit=800%2C450&ssl=1\",\"keywords\":[\"#sepalmeiras\",\"15\u00aarodadabrasileir\u00e3o2025\",\"abelferreira\",\"CopaDoBrasil\",\"leilapereira\",\"Libertadores2025\"],\"articleSection\":[\"Copa Libertadores\",\"futebol\",\"Luiz Ant\u00f4nio Pr\u00f3speri\",\"opini\u00e3o\"],\"inLanguage\":\"pt-BR\",\"potentialAction\":[{\"@type\":\"CommentAction\",\"name\":\"Comment\",\"target\":[\"https:\\\/\\\/blogdoprosperi.com\\\/?p=54358#respond\"]}]},{\"@type\":\"WebPage\",\"@id\":\"https:\\\/\\\/blogdoprosperi.com\\\/?p=54358\",\"url\":\"https:\\\/\\\/blogdoprosperi.com\\\/?p=54358\",\"name\":\"Leila Pereira Acerta ao Insistir na Renova\u00e7\u00e3o do Contrato de Abel Ferreira - PR\u00d3SPERI NEWS\",\"isPartOf\":{\"@id\":\"https:\\\/\\\/blogdoprosperi.com\\\/#website\"},\"primaryImageOfPage\":{\"@id\":\"https:\\\/\\\/blogdoprosperi.com\\\/?p=54358#primaryimage\"},\"image\":{\"@id\":\"https:\\\/\\\/blogdoprosperi.com\\\/?p=54358#primaryimage\"},\"thumbnailUrl\":\"https:\\\/\\\/i0.wp.com\\\/blogdoprosperi.com\\\/wp-content\\\/uploads\\\/2025\\\/08\\\/54708100744_2c747fe698_c.jpg?fit=800%2C450&ssl=1\",\"datePublished\":\"2025-08-08T20:52:30+00:00\",\"dateModified\":\"2025-08-08T20:59:05+00:00\",\"breadcrumb\":{\"@id\":\"https:\\\/\\\/blogdoprosperi.com\\\/?p=54358#breadcrumb\"},\"inLanguage\":\"pt-BR\",\"potentialAction\":[{\"@type\":\"ReadAction\",\"target\":[\"https:\\\/\\\/blogdoprosperi.com\\\/?p=54358\"]}]},{\"@type\":\"ImageObject\",\"inLanguage\":\"pt-BR\",\"@id\":\"https:\\\/\\\/blogdoprosperi.com\\\/?p=54358#primaryimage\",\"url\":\"https:\\\/\\\/i0.wp.com\\\/blogdoprosperi.com\\\/wp-content\\\/uploads\\\/2025\\\/08\\\/54708100744_2c747fe698_c.jpg?fit=800%2C450&ssl=1\",\"contentUrl\":\"https:\\\/\\\/i0.wp.com\\\/blogdoprosperi.com\\\/wp-content\\\/uploads\\\/2025\\\/08\\\/54708100744_2c747fe698_c.jpg?fit=800%2C450&ssl=1\",\"width\":800,\"height\":450,\"caption\":\"Leila Pereira insiste na renova\u00e7\u00e3o com Abel Ferreira \u2013 foto: Palmeiras oficial\"},{\"@type\":\"BreadcrumbList\",\"@id\":\"https:\\\/\\\/blogdoprosperi.com\\\/?p=54358#breadcrumb\",\"itemListElement\":[{\"@type\":\"ListItem\",\"position\":1,\"name\":\"In\u00edcio\",\"item\":\"https:\\\/\\\/blogdoprosperi.com\\\/\"},{\"@type\":\"ListItem\",\"position\":2,\"name\":\"Leila Pereira Acerta ao Insistir na Renova\u00e7\u00e3o do Contrato de Abel Ferreira\"}]},{\"@type\":\"WebSite\",\"@id\":\"https:\\\/\\\/blogdoprosperi.com\\\/#website\",\"url\":\"https:\\\/\\\/blogdoprosperi.com\\\/\",\"name\":\"PR\u00d3SPERI NEWS\",\"description\":\"TUDO \u00c9  FUTEBOL\",\"publisher\":{\"@id\":\"https:\\\/\\\/blogdoprosperi.com\\\/#\\\/schema\\\/person\\\/38100755ce3601861ee4fab9b5aa78e9\"},\"alternateName\":\"blogdoprosperi.com\",\"potentialAction\":[{\"@type\":\"SearchAction\",\"target\":{\"@type\":\"EntryPoint\",\"urlTemplate\":\"https:\\\/\\\/blogdoprosperi.com\\\/?s={search_term_string}\"},\"query-input\":{\"@type\":\"PropertyValueSpecification\",\"valueRequired\":true,\"valueName\":\"search_term_string\"}}],\"inLanguage\":\"pt-BR\"},{\"@type\":[\"Person\",\"Organization\"],\"@id\":\"https:\\\/\\\/blogdoprosperi.com\\\/#\\\/schema\\\/person\\\/38100755ce3601861ee4fab9b5aa78e9\",\"name\":\"Luiz Ant\u00f4nio Pr\u00f3speri\",\"pronouns\":\"ele\",\"image\":{\"@type\":\"ImageObject\",\"inLanguage\":\"pt-BR\",\"@id\":\"https:\\\/\\\/i0.wp.com\\\/blogdoprosperi.com\\\/wp-content\\\/uploads\\\/2026\\\/05\\\/cropped-8059e613-6002-42fa-961e-8e275f575d71-2-5.jpg?fit=1360%2C931&ssl=1\",\"url\":\"https:\\\/\\\/i0.wp.com\\\/blogdoprosperi.com\\\/wp-content\\\/uploads\\\/2026\\\/05\\\/cropped-8059e613-6002-42fa-961e-8e275f575d71-2-5.jpg?fit=1360%2C931&ssl=1\",\"contentUrl\":\"https:\\\/\\\/i0.wp.com\\\/blogdoprosperi.com\\\/wp-content\\\/uploads\\\/2026\\\/05\\\/cropped-8059e613-6002-42fa-961e-8e275f575d71-2-5.jpg?fit=1360%2C931&ssl=1\",\"width\":1360,\"height\":931,\"caption\":\"Luiz Ant\u00f4nio Pr\u00f3speri\"},\"logo\":{\"@id\":\"https:\\\/\\\/i0.wp.com\\\/blogdoprosperi.com\\\/wp-content\\\/uploads\\\/2026\\\/05\\\/cropped-8059e613-6002-42fa-961e-8e275f575d71-2-5.jpg?fit=1360%2C931&ssl=1\"},\"description\":\"Jornalista com carreira dedicada ao esporte. Cobriu 9 Copas do Mundo in loco, 1990 na It\u00e1lia, 1994 nos EUA, 1998 na Fran\u00e7a, 2002 na Coreia do Sul e Jap\u00e3o, 2006 na Alemanha, 2010 na \u00c1frica do Sul, 2014 no Brasil, 2018 na R\u00fassia e 2022 no Qatar. Eurocopas, 1992 na Su\u00e9cia e 1996 na Inglaterra. Copa das Confedera\u00e7\u00f5es de 2005 na Alemanha e 2009 na \u00c1frica do Sul. Rep\u00f3rter e Editor, trabalhou no Jornal da Tarde e Estad\u00e3o, de 1984 a fevereiro de 2016. Colunista, blogueiro. E comentarista de futebol na R\u00e1dio Estad\u00e3o, de 2013 a fevereiro de 2016. Jornalista respons\u00e1vel do \\\"Pr\u00f3speri News\\\" (blogdoprosperi.com).\",\"sameAs\":[\"http:\\\/\\\/blogdoprosperi.com\",\"Luiz Pr\u00f3speri\",\"@luiz_prosperi\",\"https:\\\/\\\/x.com\\\/Luizprosperi\",\"@prosperinacopa\",\"luiz.prosperi@icloud.com\"],\"url\":\"https:\\\/\\\/blogdoprosperi.com\\\/?author=102107496\"}]}<\/script>\n<!-- \/ Yoast SEO plugin. -->","yoast_head_json":{"title":"Leila Pereira Acerta ao Insistir na Renova\u00e7\u00e3o do Contrato de Abel Ferreira - PR\u00d3SPERI NEWS","robots":{"index":"index","follow":"follow","max-snippet":"max-snippet:-1","max-image-preview":"max-image-preview:large","max-video-preview":"max-video-preview:-1"},"canonical":"https:\/\/blogdoprosperi.com\/?p=54358","og_locale":"pt_BR","og_type":"article","og_title":"Leila Pereira Acerta ao Insistir na Renova\u00e7\u00e3o do Contrato de Abel Ferreira - PR\u00d3SPERI NEWS","og_description":"Leila Pereira n\u00e3o admite perder Abel Ferreira. Insiste na renova\u00e7\u00e3o do contrato at\u00e9 dezembro de 2027. &#8220;Para deixar [&hellip;]","og_url":"https:\/\/blogdoprosperi.com\/?p=54358","og_site_name":"PR\u00d3SPERI NEWS","article_publisher":"Luiz Pr\u00f3speri","article_author":"Luiz Pr\u00f3speri","article_published_time":"2025-08-08T20:52:30+00:00","article_modified_time":"2025-08-08T20:59:05+00:00","og_image":[{"width":800,"height":450,"url":"https:\/\/i0.wp.com\/blogdoprosperi.com\/wp-content\/uploads\/2025\/08\/54708100744_2c747fe698_c.jpg?fit=800%2C450&ssl=1","type":"image\/jpeg"}],"author":"Luiz Ant\u00f4nio Pr\u00f3speri","twitter_card":"summary_large_image","twitter_creator":"@Luizprosperi","twitter_site":"@Luizprosperi","twitter_misc":{"Escrito por":"Luiz Ant\u00f4nio Pr\u00f3speri","Est. tempo de leitura":"2 minutos"},"schema":{"@context":"https:\/\/schema.org","@graph":[{"@type":"Article","@id":"https:\/\/blogdoprosperi.com\/?p=54358#article","isPartOf":{"@id":"https:\/\/blogdoprosperi.com\/?p=54358"},"author":{"name":"Luiz Ant\u00f4nio Pr\u00f3speri","@id":"https:\/\/blogdoprosperi.com\/#\/schema\/person\/38100755ce3601861ee4fab9b5aa78e9"},"headline":"Leila Pereira Acerta ao Insistir na Renova\u00e7\u00e3o do Contrato de Abel Ferreira","datePublished":"2025-08-08T20:52:30+00:00","dateModified":"2025-08-08T20:59:05+00:00","mainEntityOfPage":{"@id":"https:\/\/blogdoprosperi.com\/?p=54358"},"wordCount":507,"commentCount":0,"publisher":{"@id":"https:\/\/blogdoprosperi.com\/#\/schema\/person\/38100755ce3601861ee4fab9b5aa78e9"},"image":{"@id":"https:\/\/blogdoprosperi.com\/?p=54358#primaryimage"},"thumbnailUrl":"https:\/\/i0.wp.com\/blogdoprosperi.com\/wp-content\/uploads\/2025\/08\/54708100744_2c747fe698_c.jpg?fit=800%2C450&ssl=1","keywords":["#sepalmeiras","15\u00aarodadabrasileir\u00e3o2025","abelferreira","CopaDoBrasil","leilapereira","Libertadores2025"],"articleSection":["Copa Libertadores","futebol","Luiz Ant\u00f4nio Pr\u00f3speri","opini\u00e3o"],"inLanguage":"pt-BR","potentialAction":[{"@type":"CommentAction","name":"Comment","target":["https:\/\/blogdoprosperi.com\/?p=54358#respond"]}]},{"@type":"WebPage","@id":"https:\/\/blogdoprosperi.com\/?p=54358","url":"https:\/\/blogdoprosperi.com\/?p=54358","name":"Leila Pereira Acerta ao Insistir na Renova\u00e7\u00e3o do Contrato de Abel Ferreira - PR\u00d3SPERI NEWS","isPartOf":{"@id":"https:\/\/blogdoprosperi.com\/#website"},"primaryImageOfPage":{"@id":"https:\/\/blogdoprosperi.com\/?p=54358#primaryimage"},"image":{"@id":"https:\/\/blogdoprosperi.com\/?p=54358#primaryimage"},"thumbnailUrl":"https:\/\/i0.wp.com\/blogdoprosperi.com\/wp-content\/uploads\/2025\/08\/54708100744_2c747fe698_c.jpg?fit=800%2C450&ssl=1","datePublished":"2025-08-08T20:52:30+00:00","dateModified":"2025-08-08T20:59:05+00:00","breadcrumb":{"@id":"https:\/\/blogdoprosperi.com\/?p=54358#breadcrumb"},"inLanguage":"pt-BR","potentialAction":[{"@type":"ReadAction","target":["https:\/\/blogdoprosperi.com\/?p=54358"]}]},{"@type":"ImageObject","inLanguage":"pt-BR","@id":"https:\/\/blogdoprosperi.com\/?p=54358#primaryimage","url":"https:\/\/i0.wp.com\/blogdoprosperi.com\/wp-content\/uploads\/2025\/08\/54708100744_2c747fe698_c.jpg?fit=800%2C450&ssl=1","contentUrl":"https:\/\/i0.wp.com\/blogdoprosperi.com\/wp-content\/uploads\/2025\/08\/54708100744_2c747fe698_c.jpg?fit=800%2C450&ssl=1","width":800,"height":450,"caption":"Leila Pereira insiste na renova\u00e7\u00e3o com Abel Ferreira \u2013 foto: Palmeiras oficial"},{"@type":"BreadcrumbList","@id":"https:\/\/blogdoprosperi.com\/?p=54358#breadcrumb","itemListElement":[{"@type":"ListItem","position":1,"name":"In\u00edcio","item":"https:\/\/blogdoprosperi.com\/"},{"@type":"ListItem","position":2,"name":"Leila Pereira Acerta ao Insistir na Renova\u00e7\u00e3o do Contrato de Abel Ferreira"}]},{"@type":"WebSite","@id":"https:\/\/blogdoprosperi.com\/#website","url":"https:\/\/blogdoprosperi.com\/","name":"PR\u00d3SPERI NEWS","description":"TUDO \u00c9  FUTEBOL","publisher":{"@id":"https:\/\/blogdoprosperi.com\/#\/schema\/person\/38100755ce3601861ee4fab9b5aa78e9"},"alternateName":"blogdoprosperi.com","potentialAction":[{"@type":"SearchAction","target":{"@type":"EntryPoint","urlTemplate":"https:\/\/blogdoprosperi.com\/?s={search_term_string}"},"query-input":{"@type":"PropertyValueSpecification","valueRequired":true,"valueName":"search_term_string"}}],"inLanguage":"pt-BR"},{"@type":["Person","Organization"],"@id":"https:\/\/blogdoprosperi.com\/#\/schema\/person\/38100755ce3601861ee4fab9b5aa78e9","name":"Luiz Ant\u00f4nio Pr\u00f3speri","pronouns":"ele","image":{"@type":"ImageObject","inLanguage":"pt-BR","@id":"https:\/\/i0.wp.com\/blogdoprosperi.com\/wp-content\/uploads\/2026\/05\/cropped-8059e613-6002-42fa-961e-8e275f575d71-2-5.jpg?fit=1360%2C931&ssl=1","url":"https:\/\/i0.wp.com\/blogdoprosperi.com\/wp-content\/uploads\/2026\/05\/cropped-8059e613-6002-42fa-961e-8e275f575d71-2-5.jpg?fit=1360%2C931&ssl=1","contentUrl":"https:\/\/i0.wp.com\/blogdoprosperi.com\/wp-content\/uploads\/2026\/05\/cropped-8059e613-6002-42fa-961e-8e275f575d71-2-5.jpg?fit=1360%2C931&ssl=1","width":1360,"height":931,"caption":"Luiz Ant\u00f4nio Pr\u00f3speri"},"logo":{"@id":"https:\/\/i0.wp.com\/blogdoprosperi.com\/wp-content\/uploads\/2026\/05\/cropped-8059e613-6002-42fa-961e-8e275f575d71-2-5.jpg?fit=1360%2C931&ssl=1"},"description":"Jornalista com carreira dedicada ao esporte. Cobriu 9 Copas do Mundo in loco, 1990 na It\u00e1lia, 1994 nos EUA, 1998 na Fran\u00e7a, 2002 na Coreia do Sul e Jap\u00e3o, 2006 na Alemanha, 2010 na \u00c1frica do Sul, 2014 no Brasil, 2018 na R\u00fassia e 2022 no Qatar. Eurocopas, 1992 na Su\u00e9cia e 1996 na Inglaterra. Copa das Confedera\u00e7\u00f5es de 2005 na Alemanha e 2009 na \u00c1frica do Sul. Rep\u00f3rter e Editor, trabalhou no Jornal da Tarde e Estad\u00e3o, de 1984 a fevereiro de 2016. Colunista, blogueiro. E comentarista de futebol na R\u00e1dio Estad\u00e3o, de 2013 a fevereiro de 2016. Jornalista respons\u00e1vel do \"Pr\u00f3speri News\" (blogdoprosperi.com).","sameAs":["http:\/\/blogdoprosperi.com","Luiz Pr\u00f3speri","@luiz_prosperi","https:\/\/x.com\/Luizprosperi","@prosperinacopa","luiz.prosperi@icloud.com"],"url":"https:\/\/blogdoprosperi.com\/?author=102107496"}]}},"jetpack_publicize_connections":[],"jetpack_likes_enabled":false,"jetpack_sharing_enabled":true,"jetpack_shortlink":"https:\/\/wp.me\/p7jvdk-e8K","jetpack-related-posts":[{"id":53681,"url":"https:\/\/blogdoprosperi.com\/?p=53681","url_meta":{"origin":54358,"position":0},"title":"Abel Ferreira | Coletiva | Palmeiras 3 x 2 Atl\u00e9tico-MG","author":"Luiz Ant\u00f4nio Pr\u00f3speri","date":"20 de julho de 2025","format":false,"excerpt":"Acompanhe entrevista coletiva de Abel Ferreira p\u00f3s-jogo Palmeiras 3 a 2 Atl\u00e9tico-MG. Abel garante que contrato de renova\u00e7\u00e3o com Palmeiras at\u00e9 o fim de 2027 depende de Leila Pereira colocar uma cl\u00e1usula: \"Se eu (Abel Ferreira) n\u00e3o conquistar um t\u00edtulo, posso ir embora\". V\u00eddeo oficial TV Palmeiras.","rel":"","context":"Em &quot;brasileir\u00e3o 2025&quot;","block_context":{"text":"brasileir\u00e3o 2025","link":"https:\/\/blogdoprosperi.com\/?cat=775970846"},"img":{"alt_text":"Palmeiras x Al Ahly Mundial de Clubes","src":"https:\/\/i0.wp.com\/blogdoprosperi.com\/wp-content\/uploads\/2025\/06\/593840701-abel-ferreira.webp?fit=774%2C436&ssl=1&resize=350%2C200","width":350,"height":200,"srcset":"https:\/\/i0.wp.com\/blogdoprosperi.com\/wp-content\/uploads\/2025\/06\/593840701-abel-ferreira.webp?fit=774%2C436&ssl=1&resize=350%2C200 1x, https:\/\/i0.wp.com\/blogdoprosperi.com\/wp-content\/uploads\/2025\/06\/593840701-abel-ferreira.webp?fit=774%2C436&ssl=1&resize=525%2C300 1.5x, https:\/\/i0.wp.com\/blogdoprosperi.com\/wp-content\/uploads\/2025\/06\/593840701-abel-ferreira.webp?fit=774%2C436&ssl=1&resize=700%2C400 2x"},"classes":[]},{"id":53559,"url":"https:\/\/blogdoprosperi.com\/?p=53559","url_meta":{"origin":54358,"position":1},"title":"Palmeiras e Abel Ferreira juntos at\u00e9 2027 | Clube Deveria Renovar Contrato do &#8220;Pardal&#8221;","author":"Luiz Ant\u00f4nio Pr\u00f3speri","date":"18 de julho de 2025","format":false,"excerpt":"Luiz Ant\u00f4nio Pr\u00f3speri \u2013 18 julho (12h31) \u2013 Palmeiras tem na mesa do t\u00e9cnico Abel Ferreira a minuta de renova\u00e7\u00e3o do contrato at\u00e9 dezembro de 2027. Cabe ao treinador portugu\u00eas aceitar e autenticar o documento com sua assinatura. Esse \u00e9 o desejo expl\u00edcito da presidenta Leila Pereira. Por ela, Abel\u2026","rel":"","context":"Em &quot;brasileir\u00e3o 2025&quot;","block_context":{"text":"brasileir\u00e3o 2025","link":"https:\/\/blogdoprosperi.com\/?cat=775970846"},"img":{"alt_text":"Abel Ferreira e Palmeiras at\u00e9 2027","src":"https:\/\/i0.wp.com\/blogdoprosperi.com\/wp-content\/uploads\/2025\/07\/bca581771a805af4fc64bc769c7becc9.jpg?fit=790%2C474&ssl=1&resize=350%2C200","width":350,"height":200,"srcset":"https:\/\/i0.wp.com\/blogdoprosperi.com\/wp-content\/uploads\/2025\/07\/bca581771a805af4fc64bc769c7becc9.jpg?fit=790%2C474&ssl=1&resize=350%2C200 1x, https:\/\/i0.wp.com\/blogdoprosperi.com\/wp-content\/uploads\/2025\/07\/bca581771a805af4fc64bc769c7becc9.jpg?fit=790%2C474&ssl=1&resize=525%2C300 1.5x, https:\/\/i0.wp.com\/blogdoprosperi.com\/wp-content\/uploads\/2025\/07\/bca581771a805af4fc64bc769c7becc9.jpg?fit=790%2C474&ssl=1&resize=700%2C400 2x"},"classes":[]},{"id":46962,"url":"https:\/\/blogdoprosperi.com\/?p=46962","url_meta":{"origin":54358,"position":2},"title":"Palmeiras Abandona Dudu e \u00cddolo Fecha com Cruzeiro","author":"Luiz Ant\u00f4nio Pr\u00f3speri","date":"12 de dezembro de 2024","format":false,"excerpt":"Luiz Ant\u00f4nio Pr\u00f3speri \u2013 12 dezembro (17h05) \u2013 Dudu fecha com o Cruzeiro ao se sentir abandonado pelo Palmeiras. Troca dez anos e 12 ta\u00e7as a servi\u00e7o do Alviverde por um contrato de quatro anos no clube mineiro. \u00cddolo eterno de uma torcida que o chama de Guerreiro, encerra seu\u2026","rel":"","context":"Em &quot;futebol&quot;","block_context":{"text":"futebol","link":"https:\/\/blogdoprosperi.com\/?cat=53870"},"img":{"alt_text":"Dudu deixa Palmeiras","src":"https:\/\/i0.wp.com\/blogdoprosperi.com\/wp-content\/uploads\/2024\/12\/captura-de-tela-2024-12-12-as-16.48.45.png?fit=956%2C744&ssl=1&resize=350%2C200","width":350,"height":200,"srcset":"https:\/\/i0.wp.com\/blogdoprosperi.com\/wp-content\/uploads\/2024\/12\/captura-de-tela-2024-12-12-as-16.48.45.png?fit=956%2C744&ssl=1&resize=350%2C200 1x, https:\/\/i0.wp.com\/blogdoprosperi.com\/wp-content\/uploads\/2024\/12\/captura-de-tela-2024-12-12-as-16.48.45.png?fit=956%2C744&ssl=1&resize=525%2C300 1.5x, https:\/\/i0.wp.com\/blogdoprosperi.com\/wp-content\/uploads\/2024\/12\/captura-de-tela-2024-12-12-as-16.48.45.png?fit=956%2C744&ssl=1&resize=700%2C400 2x"},"classes":[]},{"id":42865,"url":"https:\/\/blogdoprosperi.com\/?p=42865","url_meta":{"origin":54358,"position":3},"title":"Leila Pereira: &#8220;Chegou ao fim o ciclo de Dudu no Palmeiras&#8221;","author":"Luiz Ant\u00f4nio Pr\u00f3speri","date":"17 de junho de 2024","format":false,"excerpt":"Dudu est\u00e1 fora do Palmeiras, garante a presidente Leila Pereira. Um dia depois de o jogador garantir que ficaria no clube, com aval do t\u00e9cnico Abel Ferreira, a mandat\u00e1ria disse que n\u00e3o tem volta: \"Chegou ao fim o ciclo de Dudu no Palmeiras\", disse Leila em entrevista \u00e0s 11h15 dessa\u2026","rel":"","context":"Em &quot;futebol&quot;","block_context":{"text":"futebol","link":"https:\/\/blogdoprosperi.com\/?cat=53870"},"img":{"alt_text":"Esque\u00e7am Neymar, avisa presidenta do Palmeiras","src":"https:\/\/i0.wp.com\/blogdoprosperi.com\/wp-content\/uploads\/2023\/01\/52499028142_4b0d1c3e97_h.webp?fit=1200%2C675&ssl=1&resize=350%2C200","width":350,"height":200,"srcset":"https:\/\/i0.wp.com\/blogdoprosperi.com\/wp-content\/uploads\/2023\/01\/52499028142_4b0d1c3e97_h.webp?fit=1200%2C675&ssl=1&resize=350%2C200 1x, https:\/\/i0.wp.com\/blogdoprosperi.com\/wp-content\/uploads\/2023\/01\/52499028142_4b0d1c3e97_h.webp?fit=1200%2C675&ssl=1&resize=525%2C300 1.5x, https:\/\/i0.wp.com\/blogdoprosperi.com\/wp-content\/uploads\/2023\/01\/52499028142_4b0d1c3e97_h.webp?fit=1200%2C675&ssl=1&resize=700%2C400 2x, https:\/\/i0.wp.com\/blogdoprosperi.com\/wp-content\/uploads\/2023\/01\/52499028142_4b0d1c3e97_h.webp?fit=1200%2C675&ssl=1&resize=1050%2C600 3x"},"classes":[]},{"id":42163,"url":"https:\/\/blogdoprosperi.com\/?p=42163","url_meta":{"origin":54358,"position":4},"title":"Palmeiras incomoda Botafogo, S\u00e3o Paulo &#8230;","author":"Luiz Ant\u00f4nio Pr\u00f3speri","date":"11 de mar\u00e7o de 2024","format":false,"excerpt":"Palmeiras tem sido alvo de tiroteios de rivais. Saraivada de balas mais recente remete a um suposto esquema de arbitragem favor\u00e1vel ao clube presidido por Leila Pereira. Primeiro disparo vem do S\u00e3o Paulo. Segundo, de grosso calibre, parte Botafogo sob dire\u00e7\u00e3o do businessman americano John Textor. Quantos mais est\u00e3o por\u2026","rel":"","context":"Em &quot;CBF&quot;","block_context":{"text":"CBF","link":"https:\/\/blogdoprosperi.com\/?cat=570700"},"img":{"alt_text":"","src":"https:\/\/i0.wp.com\/blogdoprosperi.com\/wp-content\/uploads\/2024\/03\/53576798302_848ae64d5f_c.jpg?fit=800%2C640&ssl=1&resize=350%2C200","width":350,"height":200,"srcset":"https:\/\/i0.wp.com\/blogdoprosperi.com\/wp-content\/uploads\/2024\/03\/53576798302_848ae64d5f_c.jpg?fit=800%2C640&ssl=1&resize=350%2C200 1x, https:\/\/i0.wp.com\/blogdoprosperi.com\/wp-content\/uploads\/2024\/03\/53576798302_848ae64d5f_c.jpg?fit=800%2C640&ssl=1&resize=525%2C300 1.5x, https:\/\/i0.wp.com\/blogdoprosperi.com\/wp-content\/uploads\/2024\/03\/53576798302_848ae64d5f_c.jpg?fit=800%2C640&ssl=1&resize=700%2C400 2x"},"classes":[]},{"id":54480,"url":"https:\/\/blogdoprosperi.com\/?p=54480","url_meta":{"origin":54358,"position":5},"title":"Abel Ferreira | Acordo com Clube do Catar Provoca Novo Terremoto no Palmeiras","author":"Luiz Ant\u00f4nio Pr\u00f3speri","date":"12 de agosto de 2025","format":false,"excerpt":"Luiz Ant\u00f4nio Pr\u00f3speri \u2013 12 agosto 2025 (14h01) \u2013 Abel Ferreira est\u00e1 no epicentro de um novo terremoto no Palmeiras. As redes sociais movem placas tect\u00f4nicas no clube. Dedos inquisidores apontam para o treinador e a presidenta Leila Pereira. Sabe por que a terra verde treme? Simples. H\u00e1 pouco mais\u2026","rel":"","context":"Em &quot;Fifa&quot;","block_context":{"text":"Fifa","link":"https:\/\/blogdoprosperi.com\/?cat=187969"},"img":{"alt_text":"Abel Ferreira e as revolu\u00e7\u00f5es no Palmeiras","src":"https:\/\/i0.wp.com\/blogdoprosperi.com\/wp-content\/uploads\/2025\/06\/se-palmeiras-head-coach-abel-ferreira-looks-on.webp?fit=1200%2C711&ssl=1&resize=350%2C200","width":350,"height":200,"srcset":"https:\/\/i0.wp.com\/blogdoprosperi.com\/wp-content\/uploads\/2025\/06\/se-palmeiras-head-coach-abel-ferreira-looks-on.webp?fit=1200%2C711&ssl=1&resize=350%2C200 1x, https:\/\/i0.wp.com\/blogdoprosperi.com\/wp-content\/uploads\/2025\/06\/se-palmeiras-head-coach-abel-ferreira-looks-on.webp?fit=1200%2C711&ssl=1&resize=525%2C300 1.5x, https:\/\/i0.wp.com\/blogdoprosperi.com\/wp-content\/uploads\/2025\/06\/se-palmeiras-head-coach-abel-ferreira-looks-on.webp?fit=1200%2C711&ssl=1&resize=700%2C400 2x, https:\/\/i0.wp.com\/blogdoprosperi.com\/wp-content\/uploads\/2025\/06\/se-palmeiras-head-coach-abel-ferreira-looks-on.webp?fit=1200%2C711&ssl=1&resize=1050%2C600 3x"},"classes":[]}],"jetpack_featured_media_url":"https:\/\/i0.wp.com\/blogdoprosperi.com\/wp-content\/uploads\/2025\/08\/54708100744_2c747fe698_c.jpg?fit=800%2C450&ssl=1","_links":{"self":[{"href":"https:\/\/blogdoprosperi.com\/index.php?rest_route=\/wp\/v2\/posts\/54358","targetHints":{"allow":["GET"]}}],"collection":[{"href":"https:\/\/blogdoprosperi.com\/index.php?rest_route=\/wp\/v2\/posts"}],"about":[{"href":"https:\/\/blogdoprosperi.com\/index.php?rest_route=\/wp\/v2\/types\/post"}],"author":[{"embeddable":true,"href":"https:\/\/blogdoprosperi.com\/index.php?rest_route=\/wp\/v2\/users\/102107496"}],"replies":[{"embeddable":true,"href":"https:\/\/blogdoprosperi.com\/index.php?rest_route=%2Fwp%2Fv2%2Fcomments&post=54358"}],"version-history":[{"count":12,"href":"https:\/\/blogdoprosperi.com\/index.php?rest_route=\/wp\/v2\/posts\/54358\/revisions"}],"predecessor-version":[{"id":54374,"href":"https:\/\/blogdoprosperi.com\/index.php?rest_route=\/wp\/v2\/posts\/54358\/revisions\/54374"}],"wp:featuredmedia":[{"embeddable":true,"href":"https:\/\/blogdoprosperi.com\/index.php?rest_route=\/wp\/v2\/media\/54365"}],"wp:attachment":[{"href":"https:\/\/blogdoprosperi.com\/index.php?rest_route=%2Fwp%2Fv2%2Fmedia&parent=54358"}],"wp:term":[{"taxonomy":"category","embeddable":true,"href":"https:\/\/blogdoprosperi.com\/index.php?rest_route=%2Fwp%2Fv2%2Fcategories&post=54358"},{"taxonomy":"post_tag","embeddable":true,"href":"https:\/\/blogdoprosperi.com\/index.php?rest_route=%2Fwp%2Fv2%2Ftags&post=54358"}],"curies":[{"name":"wp","href":"https:\/\/api.w.org\/{rel}","templated":true}]}}