{"id":54402,"date":"2025-08-09T17:03:11","date_gmt":"2025-08-09T20:03:11","guid":{"rendered":"https:\/\/blogdoprosperi.com\/?p=54402"},"modified":"2025-08-09T17:03:11","modified_gmt":"2025-08-09T20:03:11","slug":"pele-palestino-voce-pode-nos-dizer-como-ele-morreu-mohamed-salah-critica-a-uefa-por-homenagem-ao-jogador-morto-em-gaza","status":"publish","type":"post","link":"https:\/\/blogdoprosperi.com\/?p=54402","title":{"rendered":"Pel\u00e9 palestino | &#8216;Voc\u00ea pode nos dizer como ele morreu?&#8217;: Mohamed Salah critica a Uefa por homenagem ao jogador morto em Gaza"},"content":{"rendered":"<p><strong>O jogador de futebol Suleiman al-Obeid, o Pel\u00e9 palestino, foi morto em um ataque israelense no sul de Gaza na semana passada, de acordo com a Associa\u00e7\u00e3o Palestina de Futebol<\/strong><\/p>\n<div class=\"dcr-1fnjjtg\">\n<div class=\"dcr-14emo0l\">\n<div class=\"dcr-cohhs3\"><em>The Guardian &#8211; 9 agosto 2025 (16h53<\/em>)<\/div>\n<\/div>\n<\/div>\n<div class=\"dcr-st9szl\">\n<div class=\"dcr-1a4fred\">\n<div id=\"maincontent\" class=\"dcr-1uvtuj9\">\n<div class=\"article-body-commercial-selector article-body-viewer-selector dcr-11jq3zt\">\n<p class=\"dcr-130mj7b\">Mohamed Salah criticou a Uefa por n\u00e3o declarar como um jogador de futebol conhecido como o &#8220;Pel\u00e9 palestino&#8221; morreu em uma homenagem publicada.<\/p>\n<p class=\"dcr-130mj7b\">Suleiman al-Obeid, 41,&nbsp;<a href=\"https:\/\/www.theguardian.com\/world\/2025\/aug\/07\/palestinian-pele-suleiman-al-obeid-football-player-killed-gaza-israeli-attack#:~:text=A%20footballer%20known%20as%20the,humanitarian%20aid%2C%20the%20PFA%20said.\">foi morto na quarta-feira no sul de Gaza<\/a>&nbsp;quando for\u00e7as israelenses atacaram civis que esperavam por ajuda humanit\u00e1ria, informou a Associa\u00e7\u00e3o Palestina de Futebol (PFA).<\/p>\n<div id=\"sign-in-gate\"><\/div>\n<p class=\"dcr-130mj7b\">&#8221;Adeus a Suleiman al-Obeid, o &#8216;Pel\u00e9 palestino&#8221;, publicou a Uefa no X na sexta-feira. &#8221;Um talento que deu esperan\u00e7a a in\u00fameras crian\u00e7as, mesmo nos momentos mais sombrios.&#8221;<\/p>\n<p class=\"dcr-130mj7b\">Salah respondeu \u00e0 publica\u00e7\u00e3o da Uefa no s\u00e1bado, dizendo: \u201cVoc\u00ea pode nos dizer como ele morreu, onde e por qu\u00ea?\u201d<\/p>\n<figure id=\"8fabba5c-5a92-473c-b5ce-f5543962978e\" class=\"dcr-173mewl\">\n<div id=\"\" class=\"dcr-1t8m8f2\"><img data-recalc-dims=\"1\" decoding=\"async\" src=\"https:\/\/i0.wp.com\/i.guim.co.uk\/img\/media\/2651f8377534df3858a4a904fa7b413c3dd8ba96\/36_92_596_476\/master\/596.jpg?w=445&#038;ssl=1\" class=\"dcr-evn1e9\" alt=\"Suleiman al-Obeid\"  ><\/div><figcaption class=\"dcr-fd61eq\"><span class=\"dcr-1qvd3m6\">Obeid marcou dois gols pela sele\u00e7\u00e3o palestina, sendo o mais memor\u00e1vel um chute de tesoura contra o I\u00eamen durante o campeonato da Federa\u00e7\u00e3o de Futebol da \u00c1sia Ocidental de 2010.<\/span>&nbsp;Fotografia: X<\/figcaption><\/figure>\n<p class=\"dcr-130mj7b\">O jogador do Liverpool e astro eg\u00edpcio tem expressado constantemente sua solidariedade aos que est\u00e3o em&nbsp;<a href=\"https:\/\/www.theguardian.com\/world\/gaza\">Gaza<\/a>&nbsp;durante o conflito. H\u00e1 dois anos, ele fez uma doa\u00e7\u00e3o \u00e0 Cruz Vermelha Eg\u00edpcia para ajudar a financiar os esfor\u00e7os de socorro na regi\u00e3o.<\/p>\n<div class=\"ad-slot-container \">\n<div id=\"dfp-ad--inline1\" class=\"js-ad-slot ad-slot ad-slot--inline ad-slot--inline1 ad-slot--rendered\" aria-hidden=\"true\">\n<div id=\"google_ads_iframe_\/59666047\/theguardian.com\/football\/article\/ng_0__container__\" class=\"ad-slot__content\"><\/div>\n<\/div>\n<\/div>\n<p class=\"dcr-130mj7b\">Presen\u00e7a constante na sele\u00e7\u00e3o palestina desde sua estreia em 2007, Obeid disputou 24 partidas e marcou dois gols, informou a PFA na semana passada, sendo o mais memor\u00e1vel um chute de tesoura contra o I\u00eamen durante o campeonato da Federa\u00e7\u00e3o de Futebol da \u00c1sia Ocidental de 2010.<\/p>\n<p class=\"dcr-130mj7b\">&#8221;Durante sua longa carreira, al-Obeid, 41, marcou mais de 100 gols, tornando-o uma das estrelas mais brilhantes do futebol palestino&#8221;, disse.<\/p>\n<p class=\"dcr-130mj7b\">Seu talento em campo lhe rendeu o apelido de \u201cPel\u00e9 palestino\u201d \u2014 uma homenagem ao lend\u00e1rio brasileiro amplamente aclamado como um dos maiores jogadores de todos os tempos.<\/p>\n<p class=\"dcr-130mj7b\">A morte de Obeid aumentou o n\u00famero de atletas perdidos em Gaza desde o in\u00edcio da guerra, com pelo menos 662 esportistas e seus familiares mortos.<\/p>\n<p class=\"dcr-130mj7b\">\u201cO n\u00famero de jogadores de futebol mortos ou que morreram de fome chegou a 421, incluindo 103 crian\u00e7as\u201d, disse a PFA.<\/p>\n<p class=\"dcr-130mj7b\">De acordo com a PFA, 288 instala\u00e7\u00f5es esportivas foram danificadas ou reduzidas a escombros em Gaza e na Cisjord\u00e2nia, desde est\u00e1dios e campos de treinamento at\u00e9 academias e clubes. A grande maioria, 268, ficava em Gaza, enquanto 20 ficavam na Cisjord\u00e2nia, com cerca de metade servindo diretamente ao futebol.<\/p>\n<p class=\"dcr-130mj7b\">Entre os locais atingidos estava a sede da PFA em Gaza, atingida durante um ataque a\u00e9reo israelense.<\/p>\n<p class=\"dcr-130mj7b\">Mais de 1.300 palestinos teriam sido mortos nas proximidades dos pontos de distribui\u00e7\u00e3o de ajuda administrados pela Funda\u00e7\u00e3o Humanit\u00e1ria de Gaza desde o lan\u00e7amento do grupo log\u00edstico apoiado pelos EUA e Israel no final de maio.<\/p>\n<\/div>\n<\/div>\n<\/div>\n<\/div>\n<p><strong><img data-recalc-dims=\"1\" loading=\"lazy\" decoding=\"async\" data-attachment-id=\"54405\" data-permalink=\"https:\/\/blogdoprosperi.com\/?attachment_id=54405\" data-orig-file=\"https:\/\/i0.wp.com\/blogdoprosperi.com\/wp-content\/uploads\/2025\/08\/pexels-photo-30398340.jpg?fit=1625%2C1300&amp;ssl=1\" data-orig-size=\"1625,1300\" data-comments-opened=\"1\" data-image-meta=\"{&quot;aperture&quot;:&quot;0&quot;,&quot;credit&quot;:&quot;&quot;,&quot;camera&quot;:&quot;&quot;,&quot;caption&quot;:&quot;&quot;,&quot;created_timestamp&quot;:&quot;0&quot;,&quot;copyright&quot;:&quot;&quot;,&quot;focal_length&quot;:&quot;0&quot;,&quot;iso&quot;:&quot;0&quot;,&quot;shutter_speed&quot;:&quot;0&quot;,&quot;title&quot;:&quot;&quot;,&quot;orientation&quot;:&quot;1&quot;}\" data-image-title=\"pexels-photo-30398340\" data-image-description=\"\" data-image-caption=\"&lt;p&gt;Salah do Liverpool \u2013 foto: Liverpool oficial&lt;\/p&gt;\n\" data-large-file=\"https:\/\/i0.wp.com\/blogdoprosperi.com\/wp-content\/uploads\/2025\/08\/pexels-photo-30398340.jpg?fit=940%2C752&amp;ssl=1\" src=\"https:\/\/i0.wp.com\/blogdoprosperi.com\/wp-content\/uploads\/2025\/08\/pexels-photo-30398340.jpg?resize=940%2C752&#038;ssl=1\" class=\"size-full wp-image-54405\" width=\"940\" height=\"752\"><\/strong><\/p>\n","protected":false},"excerpt":{"rendered":"<p>O jogador de futebol Suleiman al-Obeid, o Pel\u00e9 palestino, foi morto em um ataque israelense no sul de [&hellip;]<\/p>\n","protected":false},"author":102107496,"featured_media":0,"comment_status":"open","ping_status":"open","sticky":false,"template":"","format":"standard","meta":{"_coblocks_attr":"","_coblocks_dimensions":"","_coblocks_responsive_height":"","_coblocks_accordion_ie_support":"","_jetpack_newsletter_access":"","_jetpack_dont_email_post_to_subs":false,"_jetpack_newsletter_tier_id":0,"_jetpack_memberships_contains_paywalled_content":false,"_wpcom_ai_launchpad_first_post":false,"_jetpack_feature_clip_id":0,"_jetpack_memberships_contains_paid_content":false,"footnotes":"","jetpack_publicize_message":"","jetpack_publicize_feature_enabled":true,"jetpack_social_post_already_shared":false,"jetpack_social_options":{"image_generator_settings":{"template":"highway","default_image_id":0,"font":"","enabled":false},"version":2},"jetpack_post_was_ever_published":false},"categories":[53870],"tags":[],"class_list":["post-54402","post","type-post","status-publish","format-standard","hentry","category-futebol"],"yoast_head":"<!-- This site is optimized with the Yoast SEO plugin v28.4 - https:\/\/yoast.com\/product\/yoast-seo-wordpress\/ -->\n<title>Pel\u00e9 palestino | &#039;Voc\u00ea pode nos dizer como ele morreu?&#039;: Mohamed Salah critica a Uefa por homenagem ao jogador morto em Gaza - PR\u00d3SPERI NEWS<\/title>\n<meta name=\"robots\" content=\"index, follow, max-snippet:-1, max-image-preview:large, max-video-preview:-1\" \/>\n<link rel=\"canonical\" href=\"https:\/\/blogdoprosperi.com\/?p=54402\" \/>\n<meta property=\"og:locale\" content=\"pt_BR\" \/>\n<meta property=\"og:type\" content=\"article\" \/>\n<meta property=\"og:title\" content=\"Pel\u00e9 palestino | &#039;Voc\u00ea pode nos dizer como ele morreu?&#039;: Mohamed Salah critica a Uefa por homenagem ao jogador morto em Gaza - PR\u00d3SPERI NEWS\" \/>\n<meta property=\"og:description\" content=\"O jogador de futebol Suleiman al-Obeid, o Pel\u00e9 palestino, foi morto em um ataque israelense no sul de [&hellip;]\" \/>\n<meta property=\"og:url\" content=\"https:\/\/blogdoprosperi.com\/?p=54402\" \/>\n<meta property=\"og:site_name\" content=\"PR\u00d3SPERI NEWS\" \/>\n<meta property=\"article:publisher\" content=\"Luiz Pr\u00f3speri\" \/>\n<meta property=\"article:author\" content=\"Luiz Pr\u00f3speri\" \/>\n<meta property=\"article:published_time\" content=\"2025-08-09T20:03:11+00:00\" \/>\n<meta property=\"og:image\" content=\"https:\/\/i.guim.co.uk\/img\/media\/2651f8377534df3858a4a904fa7b413c3dd8ba96\/36_92_596_476\/master\/596.jpg?width=445&amp;dpr=1&amp;s=none&amp;crop=none\" \/>\n<meta name=\"author\" content=\"Luiz Ant\u00f4nio Pr\u00f3speri\" \/>\n<meta name=\"twitter:card\" content=\"summary_large_image\" \/>\n<meta name=\"twitter:creator\" content=\"@Luizprosperi\" \/>\n<meta name=\"twitter:site\" content=\"@Luizprosperi\" \/>\n<meta name=\"twitter:label1\" content=\"Escrito por\" \/>\n\t<meta name=\"twitter:data1\" content=\"Luiz Ant\u00f4nio Pr\u00f3speri\" \/>\n\t<meta name=\"twitter:label2\" content=\"Est. tempo de leitura\" \/>\n\t<meta name=\"twitter:data2\" content=\"2 minutos\" \/>\n<script type=\"application\/ld+json\" class=\"yoast-schema-graph\">{\"@context\":\"https:\\\/\\\/schema.org\",\"@graph\":[{\"@type\":\"Article\",\"@id\":\"https:\\\/\\\/blogdoprosperi.com\\\/?p=54402#article\",\"isPartOf\":{\"@id\":\"https:\\\/\\\/blogdoprosperi.com\\\/?p=54402\"},\"author\":{\"name\":\"Luiz Ant\u00f4nio Pr\u00f3speri\",\"@id\":\"https:\\\/\\\/blogdoprosperi.com\\\/#\\\/schema\\\/person\\\/38100755ce3601861ee4fab9b5aa78e9\"},\"headline\":\"Pel\u00e9 palestino | &#8216;Voc\u00ea pode nos dizer como ele morreu?&#8217;: Mohamed Salah critica a Uefa por homenagem ao jogador morto em Gaza\",\"datePublished\":\"2025-08-09T20:03:11+00:00\",\"mainEntityOfPage\":{\"@id\":\"https:\\\/\\\/blogdoprosperi.com\\\/?p=54402\"},\"wordCount\":500,\"commentCount\":0,\"publisher\":{\"@id\":\"https:\\\/\\\/blogdoprosperi.com\\\/#\\\/schema\\\/person\\\/38100755ce3601861ee4fab9b5aa78e9\"},\"image\":{\"@id\":\"https:\\\/\\\/blogdoprosperi.com\\\/?p=54402#primaryimage\"},\"thumbnailUrl\":\"https:\\\/\\\/i.guim.co.uk\\\/img\\\/media\\\/2651f8377534df3858a4a904fa7b413c3dd8ba96\\\/36_92_596_476\\\/master\\\/596.jpg?width=445&amp;dpr=1&amp;s=none&amp;crop=none\",\"articleSection\":[\"futebol\"],\"inLanguage\":\"pt-BR\",\"potentialAction\":[{\"@type\":\"CommentAction\",\"name\":\"Comment\",\"target\":[\"https:\\\/\\\/blogdoprosperi.com\\\/?p=54402#respond\"]}]},{\"@type\":\"WebPage\",\"@id\":\"https:\\\/\\\/blogdoprosperi.com\\\/?p=54402\",\"url\":\"https:\\\/\\\/blogdoprosperi.com\\\/?p=54402\",\"name\":\"Pel\u00e9 palestino | 'Voc\u00ea pode nos dizer como ele morreu?': Mohamed Salah critica a Uefa por homenagem ao jogador morto em Gaza - PR\u00d3SPERI NEWS\",\"isPartOf\":{\"@id\":\"https:\\\/\\\/blogdoprosperi.com\\\/#website\"},\"primaryImageOfPage\":{\"@id\":\"https:\\\/\\\/blogdoprosperi.com\\\/?p=54402#primaryimage\"},\"image\":{\"@id\":\"https:\\\/\\\/blogdoprosperi.com\\\/?p=54402#primaryimage\"},\"thumbnailUrl\":\"https:\\\/\\\/i.guim.co.uk\\\/img\\\/media\\\/2651f8377534df3858a4a904fa7b413c3dd8ba96\\\/36_92_596_476\\\/master\\\/596.jpg?width=445&amp;dpr=1&amp;s=none&amp;crop=none\",\"datePublished\":\"2025-08-09T20:03:11+00:00\",\"breadcrumb\":{\"@id\":\"https:\\\/\\\/blogdoprosperi.com\\\/?p=54402#breadcrumb\"},\"inLanguage\":\"pt-BR\",\"potentialAction\":[{\"@type\":\"ReadAction\",\"target\":[\"https:\\\/\\\/blogdoprosperi.com\\\/?p=54402\"]}]},{\"@type\":\"ImageObject\",\"inLanguage\":\"pt-BR\",\"@id\":\"https:\\\/\\\/blogdoprosperi.com\\\/?p=54402#primaryimage\",\"url\":\"https:\\\/\\\/i.guim.co.uk\\\/img\\\/media\\\/2651f8377534df3858a4a904fa7b413c3dd8ba96\\\/36_92_596_476\\\/master\\\/596.jpg?width=445&amp;dpr=1&amp;s=none&amp;crop=none\",\"contentUrl\":\"https:\\\/\\\/i.guim.co.uk\\\/img\\\/media\\\/2651f8377534df3858a4a904fa7b413c3dd8ba96\\\/36_92_596_476\\\/master\\\/596.jpg?width=445&amp;dpr=1&amp;s=none&amp;crop=none\"},{\"@type\":\"BreadcrumbList\",\"@id\":\"https:\\\/\\\/blogdoprosperi.com\\\/?p=54402#breadcrumb\",\"itemListElement\":[{\"@type\":\"ListItem\",\"position\":1,\"name\":\"In\u00edcio\",\"item\":\"https:\\\/\\\/blogdoprosperi.com\\\/\"},{\"@type\":\"ListItem\",\"position\":2,\"name\":\"Pel\u00e9 palestino | &#8216;Voc\u00ea pode nos dizer como ele morreu?&#8217;: Mohamed Salah critica a Uefa por homenagem ao jogador morto em Gaza\"}]},{\"@type\":\"WebSite\",\"@id\":\"https:\\\/\\\/blogdoprosperi.com\\\/#website\",\"url\":\"https:\\\/\\\/blogdoprosperi.com\\\/\",\"name\":\"PR\u00d3SPERI NEWS\",\"description\":\"TUDO \u00c9  FUTEBOL\",\"publisher\":{\"@id\":\"https:\\\/\\\/blogdoprosperi.com\\\/#\\\/schema\\\/person\\\/38100755ce3601861ee4fab9b5aa78e9\"},\"alternateName\":\"blogdoprosperi.com\",\"potentialAction\":[{\"@type\":\"SearchAction\",\"target\":{\"@type\":\"EntryPoint\",\"urlTemplate\":\"https:\\\/\\\/blogdoprosperi.com\\\/?s={search_term_string}\"},\"query-input\":{\"@type\":\"PropertyValueSpecification\",\"valueRequired\":true,\"valueName\":\"search_term_string\"}}],\"inLanguage\":\"pt-BR\"},{\"@type\":[\"Person\",\"Organization\"],\"@id\":\"https:\\\/\\\/blogdoprosperi.com\\\/#\\\/schema\\\/person\\\/38100755ce3601861ee4fab9b5aa78e9\",\"name\":\"Luiz Ant\u00f4nio Pr\u00f3speri\",\"pronouns\":\"ele\",\"image\":{\"@type\":\"ImageObject\",\"inLanguage\":\"pt-BR\",\"@id\":\"https:\\\/\\\/i0.wp.com\\\/blogdoprosperi.com\\\/wp-content\\\/uploads\\\/2026\\\/05\\\/cropped-8059e613-6002-42fa-961e-8e275f575d71-2-5.jpg?fit=1360%2C931&ssl=1\",\"url\":\"https:\\\/\\\/i0.wp.com\\\/blogdoprosperi.com\\\/wp-content\\\/uploads\\\/2026\\\/05\\\/cropped-8059e613-6002-42fa-961e-8e275f575d71-2-5.jpg?fit=1360%2C931&ssl=1\",\"contentUrl\":\"https:\\\/\\\/i0.wp.com\\\/blogdoprosperi.com\\\/wp-content\\\/uploads\\\/2026\\\/05\\\/cropped-8059e613-6002-42fa-961e-8e275f575d71-2-5.jpg?fit=1360%2C931&ssl=1\",\"width\":1360,\"height\":931,\"caption\":\"Luiz Ant\u00f4nio Pr\u00f3speri\"},\"logo\":{\"@id\":\"https:\\\/\\\/i0.wp.com\\\/blogdoprosperi.com\\\/wp-content\\\/uploads\\\/2026\\\/05\\\/cropped-8059e613-6002-42fa-961e-8e275f575d71-2-5.jpg?fit=1360%2C931&ssl=1\"},\"description\":\"Jornalista com carreira dedicada ao esporte. Cobriu 9 Copas do Mundo in loco, 1990 na It\u00e1lia, 1994 nos EUA, 1998 na Fran\u00e7a, 2002 na Coreia do Sul e Jap\u00e3o, 2006 na Alemanha, 2010 na \u00c1frica do Sul, 2014 no Brasil, 2018 na R\u00fassia e 2022 no Qatar. Eurocopas, 1992 na Su\u00e9cia e 1996 na Inglaterra. Copa das Confedera\u00e7\u00f5es de 2005 na Alemanha e 2009 na \u00c1frica do Sul. Rep\u00f3rter e Editor, trabalhou no Jornal da Tarde e Estad\u00e3o, de 1984 a fevereiro de 2016. Colunista, blogueiro. E comentarista de futebol na R\u00e1dio Estad\u00e3o, de 2013 a fevereiro de 2016. Jornalista respons\u00e1vel do \\\"Pr\u00f3speri News\\\" (blogdoprosperi.com).\",\"sameAs\":[\"http:\\\/\\\/blogdoprosperi.com\",\"Luiz Pr\u00f3speri\",\"@luiz_prosperi\",\"https:\\\/\\\/x.com\\\/Luizprosperi\",\"@prosperinacopa\",\"luiz.prosperi@icloud.com\"],\"url\":\"https:\\\/\\\/blogdoprosperi.com\\\/?author=102107496\"}]}<\/script>\n<!-- \/ Yoast SEO plugin. -->","yoast_head_json":{"title":"Pel\u00e9 palestino | 'Voc\u00ea pode nos dizer como ele morreu?': Mohamed Salah critica a Uefa por homenagem ao jogador morto em Gaza - PR\u00d3SPERI NEWS","robots":{"index":"index","follow":"follow","max-snippet":"max-snippet:-1","max-image-preview":"max-image-preview:large","max-video-preview":"max-video-preview:-1"},"canonical":"https:\/\/blogdoprosperi.com\/?p=54402","og_locale":"pt_BR","og_type":"article","og_title":"Pel\u00e9 palestino | 'Voc\u00ea pode nos dizer como ele morreu?': Mohamed Salah critica a Uefa por homenagem ao jogador morto em Gaza - PR\u00d3SPERI NEWS","og_description":"O jogador de futebol Suleiman al-Obeid, o Pel\u00e9 palestino, foi morto em um ataque israelense no sul de [&hellip;]","og_url":"https:\/\/blogdoprosperi.com\/?p=54402","og_site_name":"PR\u00d3SPERI NEWS","article_publisher":"Luiz Pr\u00f3speri","article_author":"Luiz Pr\u00f3speri","article_published_time":"2025-08-09T20:03:11+00:00","og_image":[{"url":"https:\/\/i.guim.co.uk\/img\/media\/2651f8377534df3858a4a904fa7b413c3dd8ba96\/36_92_596_476\/master\/596.jpg?width=445&amp;dpr=1&amp;s=none&amp;crop=none","type":"","width":"","height":""}],"author":"Luiz Ant\u00f4nio Pr\u00f3speri","twitter_card":"summary_large_image","twitter_creator":"@Luizprosperi","twitter_site":"@Luizprosperi","twitter_misc":{"Escrito por":"Luiz Ant\u00f4nio Pr\u00f3speri","Est. tempo de leitura":"2 minutos"},"schema":{"@context":"https:\/\/schema.org","@graph":[{"@type":"Article","@id":"https:\/\/blogdoprosperi.com\/?p=54402#article","isPartOf":{"@id":"https:\/\/blogdoprosperi.com\/?p=54402"},"author":{"name":"Luiz Ant\u00f4nio Pr\u00f3speri","@id":"https:\/\/blogdoprosperi.com\/#\/schema\/person\/38100755ce3601861ee4fab9b5aa78e9"},"headline":"Pel\u00e9 palestino | &#8216;Voc\u00ea pode nos dizer como ele morreu?&#8217;: Mohamed Salah critica a Uefa por homenagem ao jogador morto em Gaza","datePublished":"2025-08-09T20:03:11+00:00","mainEntityOfPage":{"@id":"https:\/\/blogdoprosperi.com\/?p=54402"},"wordCount":500,"commentCount":0,"publisher":{"@id":"https:\/\/blogdoprosperi.com\/#\/schema\/person\/38100755ce3601861ee4fab9b5aa78e9"},"image":{"@id":"https:\/\/blogdoprosperi.com\/?p=54402#primaryimage"},"thumbnailUrl":"https:\/\/i.guim.co.uk\/img\/media\/2651f8377534df3858a4a904fa7b413c3dd8ba96\/36_92_596_476\/master\/596.jpg?width=445&amp;dpr=1&amp;s=none&amp;crop=none","articleSection":["futebol"],"inLanguage":"pt-BR","potentialAction":[{"@type":"CommentAction","name":"Comment","target":["https:\/\/blogdoprosperi.com\/?p=54402#respond"]}]},{"@type":"WebPage","@id":"https:\/\/blogdoprosperi.com\/?p=54402","url":"https:\/\/blogdoprosperi.com\/?p=54402","name":"Pel\u00e9 palestino | 'Voc\u00ea pode nos dizer como ele morreu?': Mohamed Salah critica a Uefa por homenagem ao jogador morto em Gaza - PR\u00d3SPERI NEWS","isPartOf":{"@id":"https:\/\/blogdoprosperi.com\/#website"},"primaryImageOfPage":{"@id":"https:\/\/blogdoprosperi.com\/?p=54402#primaryimage"},"image":{"@id":"https:\/\/blogdoprosperi.com\/?p=54402#primaryimage"},"thumbnailUrl":"https:\/\/i.guim.co.uk\/img\/media\/2651f8377534df3858a4a904fa7b413c3dd8ba96\/36_92_596_476\/master\/596.jpg?width=445&amp;dpr=1&amp;s=none&amp;crop=none","datePublished":"2025-08-09T20:03:11+00:00","breadcrumb":{"@id":"https:\/\/blogdoprosperi.com\/?p=54402#breadcrumb"},"inLanguage":"pt-BR","potentialAction":[{"@type":"ReadAction","target":["https:\/\/blogdoprosperi.com\/?p=54402"]}]},{"@type":"ImageObject","inLanguage":"pt-BR","@id":"https:\/\/blogdoprosperi.com\/?p=54402#primaryimage","url":"https:\/\/i.guim.co.uk\/img\/media\/2651f8377534df3858a4a904fa7b413c3dd8ba96\/36_92_596_476\/master\/596.jpg?width=445&amp;dpr=1&amp;s=none&amp;crop=none","contentUrl":"https:\/\/i.guim.co.uk\/img\/media\/2651f8377534df3858a4a904fa7b413c3dd8ba96\/36_92_596_476\/master\/596.jpg?width=445&amp;dpr=1&amp;s=none&amp;crop=none"},{"@type":"BreadcrumbList","@id":"https:\/\/blogdoprosperi.com\/?p=54402#breadcrumb","itemListElement":[{"@type":"ListItem","position":1,"name":"In\u00edcio","item":"https:\/\/blogdoprosperi.com\/"},{"@type":"ListItem","position":2,"name":"Pel\u00e9 palestino | &#8216;Voc\u00ea pode nos dizer como ele morreu?&#8217;: Mohamed Salah critica a Uefa por homenagem ao jogador morto em Gaza"}]},{"@type":"WebSite","@id":"https:\/\/blogdoprosperi.com\/#website","url":"https:\/\/blogdoprosperi.com\/","name":"PR\u00d3SPERI NEWS","description":"TUDO \u00c9  FUTEBOL","publisher":{"@id":"https:\/\/blogdoprosperi.com\/#\/schema\/person\/38100755ce3601861ee4fab9b5aa78e9"},"alternateName":"blogdoprosperi.com","potentialAction":[{"@type":"SearchAction","target":{"@type":"EntryPoint","urlTemplate":"https:\/\/blogdoprosperi.com\/?s={search_term_string}"},"query-input":{"@type":"PropertyValueSpecification","valueRequired":true,"valueName":"search_term_string"}}],"inLanguage":"pt-BR"},{"@type":["Person","Organization"],"@id":"https:\/\/blogdoprosperi.com\/#\/schema\/person\/38100755ce3601861ee4fab9b5aa78e9","name":"Luiz Ant\u00f4nio Pr\u00f3speri","pronouns":"ele","image":{"@type":"ImageObject","inLanguage":"pt-BR","@id":"https:\/\/i0.wp.com\/blogdoprosperi.com\/wp-content\/uploads\/2026\/05\/cropped-8059e613-6002-42fa-961e-8e275f575d71-2-5.jpg?fit=1360%2C931&ssl=1","url":"https:\/\/i0.wp.com\/blogdoprosperi.com\/wp-content\/uploads\/2026\/05\/cropped-8059e613-6002-42fa-961e-8e275f575d71-2-5.jpg?fit=1360%2C931&ssl=1","contentUrl":"https:\/\/i0.wp.com\/blogdoprosperi.com\/wp-content\/uploads\/2026\/05\/cropped-8059e613-6002-42fa-961e-8e275f575d71-2-5.jpg?fit=1360%2C931&ssl=1","width":1360,"height":931,"caption":"Luiz Ant\u00f4nio Pr\u00f3speri"},"logo":{"@id":"https:\/\/i0.wp.com\/blogdoprosperi.com\/wp-content\/uploads\/2026\/05\/cropped-8059e613-6002-42fa-961e-8e275f575d71-2-5.jpg?fit=1360%2C931&ssl=1"},"description":"Jornalista com carreira dedicada ao esporte. Cobriu 9 Copas do Mundo in loco, 1990 na It\u00e1lia, 1994 nos EUA, 1998 na Fran\u00e7a, 2002 na Coreia do Sul e Jap\u00e3o, 2006 na Alemanha, 2010 na \u00c1frica do Sul, 2014 no Brasil, 2018 na R\u00fassia e 2022 no Qatar. Eurocopas, 1992 na Su\u00e9cia e 1996 na Inglaterra. Copa das Confedera\u00e7\u00f5es de 2005 na Alemanha e 2009 na \u00c1frica do Sul. Rep\u00f3rter e Editor, trabalhou no Jornal da Tarde e Estad\u00e3o, de 1984 a fevereiro de 2016. Colunista, blogueiro. E comentarista de futebol na R\u00e1dio Estad\u00e3o, de 2013 a fevereiro de 2016. Jornalista respons\u00e1vel do \"Pr\u00f3speri News\" (blogdoprosperi.com).","sameAs":["http:\/\/blogdoprosperi.com","Luiz Pr\u00f3speri","@luiz_prosperi","https:\/\/x.com\/Luizprosperi","@prosperinacopa","luiz.prosperi@icloud.com"],"url":"https:\/\/blogdoprosperi.com\/?author=102107496"}]}},"jetpack_publicize_connections":[],"jetpack_likes_enabled":false,"jetpack_sharing_enabled":true,"jetpack_shortlink":"https:\/\/wp.me\/p7jvdk-e9s","jetpack-related-posts":[{"id":55419,"url":"https:\/\/blogdoprosperi.com\/?p=55419","url_meta":{"origin":54402,"position":0},"title":"#Cr\u00f4nicaSab\u00e1tica #34 | Ninho do Urubu, Manthiqueira, Endrick e Pel\u00e9, a Semana dos Meninos do Brasil","author":"Luiz Ant\u00f4nio Pr\u00f3speri","date":"25 de outubro de 2025","format":false,"excerpt":"\"\u00c0s vezes o pego chorando. Ele tenta demonstrar for\u00e7a, do tipo 'est\u00e1 tudo bem', mas percebo o quanto est\u00e1 sofrendo. Meu filho n\u00e3o quer mais ir aos treinos. Voltou \u00e0 escola ter\u00e7a-feira (21\/10), com medo. E eu o entendo, o esporte n\u00e3o \u00e9 para machucar assim. N\u00e3o preciso que se\u2026","rel":"","context":"Em &quot;cr\u00f4nica&quot;","block_context":{"text":"cr\u00f4nica","link":"https:\/\/blogdoprosperi.com\/?cat=23339"},"img":{"alt_text":"Homenagem aos 10 meninos mortos no Ninho do Urubu","src":"https:\/\/i0.wp.com\/blogdoprosperi.com\/wp-content\/uploads\/2025\/10\/captura-de-tela-2025-10-25-as-14.26.13.png?fit=1200%2C645&ssl=1&resize=350%2C200","width":350,"height":200,"srcset":"https:\/\/i0.wp.com\/blogdoprosperi.com\/wp-content\/uploads\/2025\/10\/captura-de-tela-2025-10-25-as-14.26.13.png?fit=1200%2C645&ssl=1&resize=350%2C200 1x, https:\/\/i0.wp.com\/blogdoprosperi.com\/wp-content\/uploads\/2025\/10\/captura-de-tela-2025-10-25-as-14.26.13.png?fit=1200%2C645&ssl=1&resize=525%2C300 1.5x, https:\/\/i0.wp.com\/blogdoprosperi.com\/wp-content\/uploads\/2025\/10\/captura-de-tela-2025-10-25-as-14.26.13.png?fit=1200%2C645&ssl=1&resize=700%2C400 2x, https:\/\/i0.wp.com\/blogdoprosperi.com\/wp-content\/uploads\/2025\/10\/captura-de-tela-2025-10-25-as-14.26.13.png?fit=1200%2C645&ssl=1&resize=1050%2C600 3x"},"classes":[]},{"id":26302,"url":"https:\/\/blogdoprosperi.com\/?p=26302","url_meta":{"origin":54402,"position":1},"title":"Ronaldo 40, homenagem a um encantador de serpentes","author":"Luiz Ant\u00f4nio Pr\u00f3speri","date":"22 de setembro de 2016","format":false,"excerpt":"Ronaldo Fen\u00f4meno completa 40 anos nesta quinta-feira (22\/9) de 2016. Abandonou o futebol no dia 2 de fevereiro de 2011 nos acanhados vesti\u00e1rios do est\u00e1dio\u00a0Manuel Murillo Toro, em Ibagu\u00e9, na Col\u00f4mbia, ap\u00f3s o Corinthians sofrer a derrota por 2 a 0 para o Tolima na Pr\u00e9-Libertadores. Era o ponto final\u2026","rel":"","context":"Em &quot;futebol&quot;","block_context":{"text":"futebol","link":"https:\/\/blogdoprosperi.com\/?cat=53870"},"img":{"alt_text":"","src":"https:\/\/i0.wp.com\/blogdoprosperi.com\/wp-content\/uploads\/2016\/09\/gallery-ronaldo-nazario-brazil-looks-08061994_1t9habt3gni9h15x0a49x0lr11-1.jpg?resize=350%2C200","width":350,"height":200,"srcset":"https:\/\/i0.wp.com\/blogdoprosperi.com\/wp-content\/uploads\/2016\/09\/gallery-ronaldo-nazario-brazil-looks-08061994_1t9habt3gni9h15x0a49x0lr11-1.jpg?resize=350%2C200 1x, https:\/\/i0.wp.com\/blogdoprosperi.com\/wp-content\/uploads\/2016\/09\/gallery-ronaldo-nazario-brazil-looks-08061994_1t9habt3gni9h15x0a49x0lr11-1.jpg?resize=525%2C300 1.5x"},"classes":[]},{"id":40944,"url":"https:\/\/blogdoprosperi.com\/?p=40944","url_meta":{"origin":54402,"position":2},"title":"Vel\u00f3rio de Pel\u00e9: Fifa pede est\u00e1dios com nome do Rei em todos pa\u00edses do mundo","author":"Luiz Ant\u00f4nio Pr\u00f3speri","date":"2 de janeiro de 2023","format":false,"excerpt":"Vel\u00f3rio de Pel\u00e9 recebe milhares de torcedores, dirigentes da Fifa, Conmebol, CBF, chefes de Estado, jornalistas internacionais, ex-jogadores do Santos, entre outros. Campe\u00f5es mundiais com a Sele\u00e7\u00e3o e \u00eddolos de gera\u00e7\u00f5es mais recentes do futebol brasileiro n\u00e3o foram ao vel\u00f3rio na segunda-feira","rel":"","context":"Em &quot;futebol&quot;","block_context":{"text":"futebol","link":"https:\/\/blogdoprosperi.com\/?cat=53870"},"img":{"alt_text":"","src":"https:\/\/i0.wp.com\/blogdoprosperi.com\/wp-content\/uploads\/2023\/01\/flelychxgamzezb.jpeg?fit=1200%2C800&ssl=1&resize=350%2C200","width":350,"height":200,"srcset":"https:\/\/i0.wp.com\/blogdoprosperi.com\/wp-content\/uploads\/2023\/01\/flelychxgamzezb.jpeg?fit=1200%2C800&ssl=1&resize=350%2C200 1x, https:\/\/i0.wp.com\/blogdoprosperi.com\/wp-content\/uploads\/2023\/01\/flelychxgamzezb.jpeg?fit=1200%2C800&ssl=1&resize=525%2C300 1.5x, https:\/\/i0.wp.com\/blogdoprosperi.com\/wp-content\/uploads\/2023\/01\/flelychxgamzezb.jpeg?fit=1200%2C800&ssl=1&resize=700%2C400 2x, https:\/\/i0.wp.com\/blogdoprosperi.com\/wp-content\/uploads\/2023\/01\/flelychxgamzezb.jpeg?fit=1200%2C800&ssl=1&resize=1050%2C600 3x"},"classes":[]},{"id":52524,"url":"https:\/\/blogdoprosperi.com\/?p=52524","url_meta":{"origin":54402,"position":3},"title":"PROS NEWS | URGENTE: \u00faltimas not\u00edcias desta quinta-feira (03\/7)","author":"Luiz Ant\u00f4nio Pr\u00f3speri","date":"3 de julho de 2025","format":false,"excerpt":"\u2295 Fifa reduz pre\u00e7o dos ingressos de Fluminense x Al Hilal \u2013 quartas de final do Mundial de Clubes \u2295 Botafogo vende zagueiro Jair Cunha ao Nottinghan Forest de Premier League \u2295 Portugu\u00eas Pedro Neto do Chelsea j\u00e1 jogou no Palmeiras \u2295 Homenagens a Diogo Jota, morto em acidente de\u2026","rel":"","context":"Em &quot;futebol&quot;","block_context":{"text":"futebol","link":"https:\/\/blogdoprosperi.com\/?cat=53870"},"img":{"alt_text":"","src":"https:\/\/i0.wp.com\/blogdoprosperi.com\/wp-content\/uploads\/2025\/07\/gu7-b1mx0aa9_lg.jpeg?fit=675%2C450&ssl=1&resize=350%2C200","width":350,"height":200,"srcset":"https:\/\/i0.wp.com\/blogdoprosperi.com\/wp-content\/uploads\/2025\/07\/gu7-b1mx0aa9_lg.jpeg?fit=675%2C450&ssl=1&resize=350%2C200 1x, https:\/\/i0.wp.com\/blogdoprosperi.com\/wp-content\/uploads\/2025\/07\/gu7-b1mx0aa9_lg.jpeg?fit=675%2C450&ssl=1&resize=525%2C300 1.5x"},"classes":[]},{"id":40928,"url":"https:\/\/blogdoprosperi.com\/?p=40928","url_meta":{"origin":54402,"position":4},"title":"Vini Jr sofre racismo dois dias ap\u00f3s morte de Pel\u00e9","author":"Luiz Ant\u00f4nio Pr\u00f3speri","date":"31 de dezembro de 2022","format":false,"excerpt":"Vini Jr sofre racismo de torcedores espanh\u00f3is, dois dias ap\u00f3s a morte de Pel\u00e9, no jogo Valladolid x Real Madrid. Antes de o jogo come\u00e7ar, torcedores respeitaram um minuto de sil\u00eancio e aplausos ao Rei.","rel":"","context":"Em &quot;futebol&quot;","block_context":{"text":"futebol","link":"https:\/\/blogdoprosperi.com\/?cat=53870"},"img":{"alt_text":"","src":"https:\/\/i0.wp.com\/blogdoprosperi.com\/wp-content\/uploads\/2022\/12\/images-4.jpg?fit=238%2C212&ssl=1&resize=350%2C200","width":350,"height":200},"classes":[]},{"id":54598,"url":"https:\/\/blogdoprosperi.com\/?p=54598","url_meta":{"origin":54402,"position":5},"title":"#Cr\u00f4nicaSab\u00e1tica #29 | \u00cddolos Tamb\u00e9m Choram","author":"Luiz Ant\u00f4nio Pr\u00f3speri","date":"16 de agosto de 2025","format":false,"excerpt":"Luiz Ant\u00f4nio Pr\u00f3speri \u2013 16 agosto 2025 (13h10) \u2013 Por tr\u00e1s do dinheiro, da fama, da idolatria, de jornadas e mais jornadas de todas quartas-feiras e domingos, a despertar j\u00fabilo e \u00f3dio nas multid\u00f5es, existe um ser-humano. N\u00e3o apenas um jogador de futebol com um n\u00famero \u00e0s costas na camisa.\u2026","rel":"","context":"Em &quot;cr\u00f4nica&quot;","block_context":{"text":"cr\u00f4nica","link":"https:\/\/blogdoprosperi.com\/?cat=23339"},"img":{"alt_text":"#Cr\u00f4nicaSab\u00e1tica: \u00cddolos tamb\u00e9m choram","src":"https:\/\/i0.wp.com\/blogdoprosperi.com\/wp-content\/uploads\/2025\/08\/gybfdxrwoaeeb00.jpeg?fit=680%2C474&ssl=1&resize=350%2C200","width":350,"height":200,"srcset":"https:\/\/i0.wp.com\/blogdoprosperi.com\/wp-content\/uploads\/2025\/08\/gybfdxrwoaeeb00.jpeg?fit=680%2C474&ssl=1&resize=350%2C200 1x, https:\/\/i0.wp.com\/blogdoprosperi.com\/wp-content\/uploads\/2025\/08\/gybfdxrwoaeeb00.jpeg?fit=680%2C474&ssl=1&resize=525%2C300 1.5x"},"classes":[]}],"jetpack_featured_media_url":"","_links":{"self":[{"href":"https:\/\/blogdoprosperi.com\/index.php?rest_route=\/wp\/v2\/posts\/54402","targetHints":{"allow":["GET"]}}],"collection":[{"href":"https:\/\/blogdoprosperi.com\/index.php?rest_route=\/wp\/v2\/posts"}],"about":[{"href":"https:\/\/blogdoprosperi.com\/index.php?rest_route=\/wp\/v2\/types\/post"}],"author":[{"embeddable":true,"href":"https:\/\/blogdoprosperi.com\/index.php?rest_route=\/wp\/v2\/users\/102107496"}],"replies":[{"embeddable":true,"href":"https:\/\/blogdoprosperi.com\/index.php?rest_route=%2Fwp%2Fv2%2Fcomments&post=54402"}],"version-history":[{"count":3,"href":"https:\/\/blogdoprosperi.com\/index.php?rest_route=\/wp\/v2\/posts\/54402\/revisions"}],"predecessor-version":[{"id":54406,"href":"https:\/\/blogdoprosperi.com\/index.php?rest_route=\/wp\/v2\/posts\/54402\/revisions\/54406"}],"wp:attachment":[{"href":"https:\/\/blogdoprosperi.com\/index.php?rest_route=%2Fwp%2Fv2%2Fmedia&parent=54402"}],"wp:term":[{"taxonomy":"category","embeddable":true,"href":"https:\/\/blogdoprosperi.com\/index.php?rest_route=%2Fwp%2Fv2%2Fcategories&post=54402"},{"taxonomy":"post_tag","embeddable":true,"href":"https:\/\/blogdoprosperi.com\/index.php?rest_route=%2Fwp%2Fv2%2Ftags&post=54402"}],"curies":[{"name":"wp","href":"https:\/\/api.w.org\/{rel}","templated":true}]}}