{"id":54561,"date":"2025-08-16T11:08:57","date_gmt":"2025-08-16T14:08:57","guid":{"rendered":"https:\/\/blogdoprosperi.com\/?p=54561"},"modified":"2025-08-16T11:09:24","modified_gmt":"2025-08-16T14:09:24","slug":"brasileirao-segundo-turno-comeca-neste-fim-de-semana-com-favoritos-de-sempre-e-grana-alta-em-reforcos","status":"publish","type":"post","link":"https:\/\/blogdoprosperi.com\/?p=54561","title":{"rendered":"Brasileir\u00e3o | Segundo Turno Come\u00e7a neste Fim de Semana com Favoritos de Sempre e Grana Alta em Refor\u00e7os"},"content":{"rendered":"<p><em>Luiz Ant\u00f4nio Pr\u00f3speri \u2013 16 agosto 2025 (10h57) \u2013<\/em><\/p>\n<p>Brasileir\u00e3o entra no segundo turno neste fim de semana ainda com times devendo jogos do primeiro. A maioria dos 20 clubes n\u00e3o tem 19 jogos. Flamengo lidera, Cruzeiro \u00e9 o segundo e o Palmeiras, o terceiro. Os tr\u00eas abrem a segunda fase do campeonato como favoritos ao t\u00edtulo. Nenhuma novidade. A diferen\u00e7a agora \u00e9 que a gastan\u00e7a em contrata\u00e7\u00f5es \u00e9 enorme e a janela de transfer\u00eancia se encerra apenas dia 2 de setembro. Portanto, moinhos est\u00e3o sujeitos \u00e0 ventania de \u00faltima hora.<\/p>\n<p>Entre os 20 clubes da S\u00e9rie A, 57 novos jogadores foram contratados at\u00e9 dia 11\/agosto ao custo de R$ 673 milh\u00f5es desde a abertura da janela em julho. A lista tende a crescer.<\/p>\n<p>Flamengo \u00e9 o mais gastador. Botafogo, o segundo. E Palmeiras, terceiro.<\/p>\n<hr \/>\n<p><em>Confira o Top 10 dos que mais investiram em contrata\u00e7\u00f5es nesta janela:<\/em><\/p>\n<ol>\n<li>Flamengo \u2013 4 refor\u00e7os \u2013 R$ 277,1 milh\u00f5es<\/p>\n<\/li>\n<li>\n<p>Botafogo \u2013 3 \u2013 R$ 164,2 milh\u00f5es<\/p>\n<\/li>\n<li>\n<p>Palmeiras \u2013 2 \u2013 R$ 112,1 milh\u00f5es<\/p>\n<\/li>\n<li>\n<p>Atl\u00e9tico-MG \u2013 3 \u2013 R$ 35,3 milh\u00f5es<\/p>\n<\/li>\n<li>\n<p>Fortaleza \u2013 6 \u2013 R$ 24,6 milh\u00f5es<\/p>\n<\/li>\n<li>\n<p>Internacional \u2013 2 \u2013 R$ 22,4 milh\u00f5es<\/p>\n<\/li>\n<li>\n<p>Fluminense \u2013 1 \u2013 R$ 21,7 milh\u00f5es<\/p>\n<\/li>\n<li>\n<p>Santos \u2013 4 \u2013 R$ 8,8 milh\u00f5es<\/p>\n<\/li>\n<li>\n<p>Vasco \u2013 2 \u2013 R$ 6,3 milh\u00f5es<\/p>\n<\/li>\n<li>\n<p>Cear\u00e1 \u2013 2 \u2013 R$ 400 mil<\/p>\n<\/li>\n<\/ol>\n<p><em>dados do globo esporte<\/em><\/p>\n<hr \/>\n<p>Investimentos n\u00e3o podem ser traduzidos por bola. Times caros andam enroscados quando t\u00eam pela frente duas a tr\u00eas competi\u00e7\u00f5es.<\/p>\n<p>Veja o caso dos que est\u00e3o na Libertadores. Com exce\u00e7\u00e3o do Palmeiras, os outros t\u00eam perrengues nos jogos de volta das oitavas de final. E at\u00e9 por isso s\u00e3o obrigados a pensar no que fazer na rodada neste fim de semana do Brasileir\u00e3o.<\/p>\n<p>Flamengo poupa energia diante do Internacional no Beira-Rio? Na quarta-feira, contra o mesmo Inter, decide vaga \u00e0s quartas de final da Libertadores no Sul. No jogo de ida, venceu por 1 a 0. Segura a onda no Brasileir\u00e3o, onde \u00e9 l\u00edder, e vai com tudo neste domingo?<\/p>\n<p>As mesmas quest\u00f5es impostas ao Flamengo tamb\u00e9m cabem ao Inter.<\/p>\n<p>Botafogo tamb\u00e9m vive dilema parecido. Recebe o Palmeiras no Nilton Santos depois de vencer a LDU por apenas 1 a 0. No meio da semana que vem, vai a Quito decidir a vaga na Libertadores. O que fazer? Reservar energia contra o Palmeiras ou partir com tudo.<\/p>\n<p>Mesma situa\u00e7\u00e3o vive o S\u00e3o Paulo. Empatou sem gols com o Atl\u00e9tico Nacional em Medell\u00edn e precisa vencer o rival colombiano ter\u00e7a-feira no Morumbi. No Brasileir\u00e3o, visita o Sport hoje (16\/8).<\/p>\n<p>Palmeiras fez 4 a 0 no jogo de ida contra o Universit\u00e1rio em Lima e tem vida bem encaminhada na Libertadores. Por isso pode pensar em usar o que tem de melhor contra o Botafogo no Rio.<\/p>\n<p>O que n\u00e3o falta na abertura do segundo turno do Brasileir\u00e3o \u00e9 drama.<\/p>\n<p>Est\u00e1 aberta a temporada aos que protejam a corrida pela ta\u00e7a, aos que v\u00e3o se contentar com o meio da tabela e aos que pensam em se livrar do inferno do rebaixamento.<\/p>\n<hr \/>\n<p><strong>Confira a 20.\u00aa rodada:<\/strong><\/p>\n<p><span class=\"alignnone\"><img data-recalc-dims=\"1\" loading=\"lazy\" decoding=\"async\" data-attachment-id=\"54578\" data-permalink=\"https:\/\/blogdoprosperi.com\/?attachment_id=54578\" data-orig-file=\"https:\/\/i0.wp.com\/blogdoprosperi.com\/wp-content\/uploads\/2025\/08\/captura-de-tela-2025-08-16-as-11.04.30.png?fit=1174%2C610&amp;ssl=1\" data-orig-size=\"1174,610\" data-comments-opened=\"1\" data-image-meta=\"{&quot;aperture&quot;:&quot;0&quot;,&quot;credit&quot;:&quot;&quot;,&quot;camera&quot;:&quot;&quot;,&quot;caption&quot;:&quot;&quot;,&quot;created_timestamp&quot;:&quot;0&quot;,&quot;copyright&quot;:&quot;&quot;,&quot;focal_length&quot;:&quot;0&quot;,&quot;iso&quot;:&quot;0&quot;,&quot;shutter_speed&quot;:&quot;0&quot;,&quot;title&quot;:&quot;&quot;,&quot;orientation&quot;:&quot;0&quot;}\" data-image-title=\"Captura de Tela 2025-08-16 \u00e0s 11.04.30\" data-image-description=\"\" data-image-caption=\"\" data-large-file=\"https:\/\/i0.wp.com\/blogdoprosperi.com\/wp-content\/uploads\/2025\/08\/captura-de-tela-2025-08-16-as-11.04.30.png?fit=940%2C488&amp;ssl=1\" class=\"alignnone size-large wp-image-54578\" src=\"https:\/\/i0.wp.com\/blogdoprosperi.com\/wp-content\/uploads\/2025\/08\/captura-de-tela-2025-08-16-as-11.04.30.png?resize=720%2C374&#038;ssl=1\" alt=\"\" width=\"720\" height=\"374\" \/><\/span><\/p>\n<p>&nbsp;<\/p>\n<p><em>reprodu\u00e7\u00e3o site TrasnferMarkt<\/em><\/p>\n<hr \/>\n<p><strong>Confira tabela de classifica\u00e7\u00e3o:<\/strong><\/p>\n<p><span class=\"alignnone\"><img data-recalc-dims=\"1\" loading=\"lazy\" decoding=\"async\" data-attachment-id=\"54577\" data-permalink=\"https:\/\/blogdoprosperi.com\/?attachment_id=54577\" data-orig-file=\"https:\/\/i0.wp.com\/blogdoprosperi.com\/wp-content\/uploads\/2025\/08\/captura-de-tela-2025-08-16-as-11.04.55.png?fit=1158%2C1076&amp;ssl=1\" data-orig-size=\"1158,1076\" data-comments-opened=\"1\" data-image-meta=\"{&quot;aperture&quot;:&quot;0&quot;,&quot;credit&quot;:&quot;&quot;,&quot;camera&quot;:&quot;&quot;,&quot;caption&quot;:&quot;&quot;,&quot;created_timestamp&quot;:&quot;0&quot;,&quot;copyright&quot;:&quot;&quot;,&quot;focal_length&quot;:&quot;0&quot;,&quot;iso&quot;:&quot;0&quot;,&quot;shutter_speed&quot;:&quot;0&quot;,&quot;title&quot;:&quot;&quot;,&quot;orientation&quot;:&quot;0&quot;}\" data-image-title=\"Captura de Tela 2025-08-16 \u00e0s 11.04.55\" data-image-description=\"\" data-image-caption=\"\" data-large-file=\"https:\/\/i0.wp.com\/blogdoprosperi.com\/wp-content\/uploads\/2025\/08\/captura-de-tela-2025-08-16-as-11.04.55.png?fit=940%2C873&amp;ssl=1\" class=\"alignnone size-large wp-image-54577\" src=\"https:\/\/i0.wp.com\/blogdoprosperi.com\/wp-content\/uploads\/2025\/08\/captura-de-tela-2025-08-16-as-11.04.55.png?resize=720%2C669&#038;ssl=1\" alt=\"\" width=\"720\" height=\"669\" \/><\/span><\/p>\n<p>reprodu\u00e7\u00e3o site TransferMarkt<\/p>\n","protected":false},"excerpt":{"rendered":"<p>Luiz Ant\u00f4nio Pr\u00f3speri \u2013 16 agosto 2025 (10h57) \u2013 Brasileir\u00e3o entra no segundo turno neste fim de semana [&hellip;]<\/p>\n","protected":false},"author":102107496,"featured_media":51883,"comment_status":"open","ping_status":"open","sticky":false,"template":"","format":"standard","meta":{"_coblocks_attr":"","_coblocks_dimensions":"","_coblocks_responsive_height":"","_coblocks_accordion_ie_support":"","_jetpack_newsletter_access":"","_jetpack_dont_email_post_to_subs":false,"_jetpack_newsletter_tier_id":0,"_jetpack_memberships_contains_paywalled_content":false,"_wpcom_ai_launchpad_first_post":false,"_jetpack_feature_clip_id":0,"_jetpack_memberships_contains_paid_content":false,"footnotes":"","jetpack_publicize_message":"","jetpack_publicize_feature_enabled":true,"jetpack_social_post_already_shared":false,"jetpack_social_options":{"image_generator_settings":{"template":"highway","default_image_id":0,"font":"","enabled":false},"version":2},"jetpack_post_was_ever_published":false},"categories":[53870,20384],"tags":[342801,780173253,521771,449299,287104],"class_list":["post-54561","post","type-post","status-publish","format-standard","has-post-thumbnail","hentry","category-futebol","category-informacao","tag-botafogo","tag-brasileirao2025","tag-cruzeiro","tag-flamengo","tag-palmeiras"],"yoast_head":"<!-- This site is optimized with the Yoast SEO plugin v28.4 - https:\/\/yoast.com\/product\/yoast-seo-wordpress\/ -->\n<title>Brasileir\u00e3o | Segundo Turno Come\u00e7a neste Fim de Semana com Favoritos de Sempre e Grana Alta em Refor\u00e7os - PR\u00d3SPERI NEWS<\/title>\n<meta name=\"robots\" content=\"index, follow, max-snippet:-1, max-image-preview:large, max-video-preview:-1\" \/>\n<link rel=\"canonical\" href=\"https:\/\/blogdoprosperi.com\/?p=54561\" \/>\n<meta property=\"og:locale\" content=\"pt_BR\" \/>\n<meta property=\"og:type\" content=\"article\" \/>\n<meta property=\"og:title\" content=\"Brasileir\u00e3o | Segundo Turno Come\u00e7a neste Fim de Semana com Favoritos de Sempre e Grana Alta em Refor\u00e7os - PR\u00d3SPERI NEWS\" \/>\n<meta property=\"og:description\" content=\"Luiz Ant\u00f4nio Pr\u00f3speri \u2013 16 agosto 2025 (10h57) \u2013 Brasileir\u00e3o entra no segundo turno neste fim de semana [&hellip;]\" \/>\n<meta property=\"og:url\" content=\"https:\/\/blogdoprosperi.com\/?p=54561\" \/>\n<meta property=\"og:site_name\" content=\"PR\u00d3SPERI NEWS\" \/>\n<meta property=\"article:publisher\" content=\"Luiz Pr\u00f3speri\" \/>\n<meta property=\"article:author\" content=\"Luiz Pr\u00f3speri\" \/>\n<meta property=\"article:published_time\" content=\"2025-08-16T14:08:57+00:00\" \/>\n<meta property=\"article:modified_time\" content=\"2025-08-16T14:09:24+00:00\" \/>\n<meta property=\"og:image\" content=\"https:\/\/i0.wp.com\/blogdoprosperi.com\/wp-content\/uploads\/2025\/06\/filipe-luis-flamengo-lafc-mundial-aspect-ratio-512-320.webp?fit=950%2C593&ssl=1\" \/>\n\t<meta property=\"og:image:width\" content=\"950\" \/>\n\t<meta property=\"og:image:height\" content=\"593\" \/>\n\t<meta property=\"og:image:type\" content=\"image\/webp\" \/>\n<meta name=\"author\" content=\"Luiz Ant\u00f4nio Pr\u00f3speri\" \/>\n<meta name=\"twitter:card\" content=\"summary_large_image\" \/>\n<meta name=\"twitter:creator\" content=\"@Luizprosperi\" \/>\n<meta name=\"twitter:site\" content=\"@Luizprosperi\" \/>\n<meta name=\"twitter:label1\" content=\"Escrito por\" \/>\n\t<meta name=\"twitter:data1\" content=\"Luiz Ant\u00f4nio Pr\u00f3speri\" \/>\n\t<meta name=\"twitter:label2\" content=\"Est. tempo de leitura\" \/>\n\t<meta name=\"twitter:data2\" content=\"3 minutos\" \/>\n<script type=\"application\/ld+json\" class=\"yoast-schema-graph\">{\"@context\":\"https:\\\/\\\/schema.org\",\"@graph\":[{\"@type\":\"Article\",\"@id\":\"https:\\\/\\\/blogdoprosperi.com\\\/?p=54561#article\",\"isPartOf\":{\"@id\":\"https:\\\/\\\/blogdoprosperi.com\\\/?p=54561\"},\"author\":{\"name\":\"Luiz Ant\u00f4nio Pr\u00f3speri\",\"@id\":\"https:\\\/\\\/blogdoprosperi.com\\\/#\\\/schema\\\/person\\\/38100755ce3601861ee4fab9b5aa78e9\"},\"headline\":\"Brasileir\u00e3o | Segundo Turno Come\u00e7a neste Fim de Semana com Favoritos de Sempre e Grana Alta em Refor\u00e7os\",\"datePublished\":\"2025-08-16T14:08:57+00:00\",\"dateModified\":\"2025-08-16T14:09:24+00:00\",\"mainEntityOfPage\":{\"@id\":\"https:\\\/\\\/blogdoprosperi.com\\\/?p=54561\"},\"wordCount\":523,\"commentCount\":0,\"publisher\":{\"@id\":\"https:\\\/\\\/blogdoprosperi.com\\\/#\\\/schema\\\/person\\\/38100755ce3601861ee4fab9b5aa78e9\"},\"image\":{\"@id\":\"https:\\\/\\\/blogdoprosperi.com\\\/?p=54561#primaryimage\"},\"thumbnailUrl\":\"https:\\\/\\\/i0.wp.com\\\/blogdoprosperi.com\\\/wp-content\\\/uploads\\\/2025\\\/06\\\/filipe-luis-flamengo-lafc-mundial-aspect-ratio-512-320.webp?fit=950%2C593&ssl=1\",\"keywords\":[\"Botafogo\",\"brasileir\u00e3o2025\",\"Cruzeiro\",\"Flamengo\",\"Palmeiras\"],\"articleSection\":[\"futebol\",\"informa\u00e7\u00e3o\"],\"inLanguage\":\"pt-BR\",\"potentialAction\":[{\"@type\":\"CommentAction\",\"name\":\"Comment\",\"target\":[\"https:\\\/\\\/blogdoprosperi.com\\\/?p=54561#respond\"]}]},{\"@type\":\"WebPage\",\"@id\":\"https:\\\/\\\/blogdoprosperi.com\\\/?p=54561\",\"url\":\"https:\\\/\\\/blogdoprosperi.com\\\/?p=54561\",\"name\":\"Brasileir\u00e3o | Segundo Turno Come\u00e7a neste Fim de Semana com Favoritos de Sempre e Grana Alta em Refor\u00e7os - PR\u00d3SPERI NEWS\",\"isPartOf\":{\"@id\":\"https:\\\/\\\/blogdoprosperi.com\\\/#website\"},\"primaryImageOfPage\":{\"@id\":\"https:\\\/\\\/blogdoprosperi.com\\\/?p=54561#primaryimage\"},\"image\":{\"@id\":\"https:\\\/\\\/blogdoprosperi.com\\\/?p=54561#primaryimage\"},\"thumbnailUrl\":\"https:\\\/\\\/i0.wp.com\\\/blogdoprosperi.com\\\/wp-content\\\/uploads\\\/2025\\\/06\\\/filipe-luis-flamengo-lafc-mundial-aspect-ratio-512-320.webp?fit=950%2C593&ssl=1\",\"datePublished\":\"2025-08-16T14:08:57+00:00\",\"dateModified\":\"2025-08-16T14:09:24+00:00\",\"breadcrumb\":{\"@id\":\"https:\\\/\\\/blogdoprosperi.com\\\/?p=54561#breadcrumb\"},\"inLanguage\":\"pt-BR\",\"potentialAction\":[{\"@type\":\"ReadAction\",\"target\":[\"https:\\\/\\\/blogdoprosperi.com\\\/?p=54561\"]}]},{\"@type\":\"ImageObject\",\"inLanguage\":\"pt-BR\",\"@id\":\"https:\\\/\\\/blogdoprosperi.com\\\/?p=54561#primaryimage\",\"url\":\"https:\\\/\\\/i0.wp.com\\\/blogdoprosperi.com\\\/wp-content\\\/uploads\\\/2025\\\/06\\\/filipe-luis-flamengo-lafc-mundial-aspect-ratio-512-320.webp?fit=950%2C593&ssl=1\",\"contentUrl\":\"https:\\\/\\\/i0.wp.com\\\/blogdoprosperi.com\\\/wp-content\\\/uploads\\\/2025\\\/06\\\/filipe-luis-flamengo-lafc-mundial-aspect-ratio-512-320.webp?fit=950%2C593&ssl=1\",\"width\":950,\"height\":593,\"caption\":\"Luis Filipe no comando do Flamengo no Brasileir\u00e3o \u2013 foto: Flamengo oficial\"},{\"@type\":\"BreadcrumbList\",\"@id\":\"https:\\\/\\\/blogdoprosperi.com\\\/?p=54561#breadcrumb\",\"itemListElement\":[{\"@type\":\"ListItem\",\"position\":1,\"name\":\"In\u00edcio\",\"item\":\"https:\\\/\\\/blogdoprosperi.com\\\/\"},{\"@type\":\"ListItem\",\"position\":2,\"name\":\"Brasileir\u00e3o | Segundo Turno Come\u00e7a neste Fim de Semana com Favoritos de Sempre e Grana Alta em Refor\u00e7os\"}]},{\"@type\":\"WebSite\",\"@id\":\"https:\\\/\\\/blogdoprosperi.com\\\/#website\",\"url\":\"https:\\\/\\\/blogdoprosperi.com\\\/\",\"name\":\"PR\u00d3SPERI NEWS\",\"description\":\"TUDO \u00c9  FUTEBOL\",\"publisher\":{\"@id\":\"https:\\\/\\\/blogdoprosperi.com\\\/#\\\/schema\\\/person\\\/38100755ce3601861ee4fab9b5aa78e9\"},\"alternateName\":\"blogdoprosperi.com\",\"potentialAction\":[{\"@type\":\"SearchAction\",\"target\":{\"@type\":\"EntryPoint\",\"urlTemplate\":\"https:\\\/\\\/blogdoprosperi.com\\\/?s={search_term_string}\"},\"query-input\":{\"@type\":\"PropertyValueSpecification\",\"valueRequired\":true,\"valueName\":\"search_term_string\"}}],\"inLanguage\":\"pt-BR\"},{\"@type\":[\"Person\",\"Organization\"],\"@id\":\"https:\\\/\\\/blogdoprosperi.com\\\/#\\\/schema\\\/person\\\/38100755ce3601861ee4fab9b5aa78e9\",\"name\":\"Luiz Ant\u00f4nio Pr\u00f3speri\",\"pronouns\":\"ele\",\"image\":{\"@type\":\"ImageObject\",\"inLanguage\":\"pt-BR\",\"@id\":\"https:\\\/\\\/i0.wp.com\\\/blogdoprosperi.com\\\/wp-content\\\/uploads\\\/2026\\\/05\\\/cropped-8059e613-6002-42fa-961e-8e275f575d71-2-5.jpg?fit=1360%2C931&ssl=1\",\"url\":\"https:\\\/\\\/i0.wp.com\\\/blogdoprosperi.com\\\/wp-content\\\/uploads\\\/2026\\\/05\\\/cropped-8059e613-6002-42fa-961e-8e275f575d71-2-5.jpg?fit=1360%2C931&ssl=1\",\"contentUrl\":\"https:\\\/\\\/i0.wp.com\\\/blogdoprosperi.com\\\/wp-content\\\/uploads\\\/2026\\\/05\\\/cropped-8059e613-6002-42fa-961e-8e275f575d71-2-5.jpg?fit=1360%2C931&ssl=1\",\"width\":1360,\"height\":931,\"caption\":\"Luiz Ant\u00f4nio Pr\u00f3speri\"},\"logo\":{\"@id\":\"https:\\\/\\\/i0.wp.com\\\/blogdoprosperi.com\\\/wp-content\\\/uploads\\\/2026\\\/05\\\/cropped-8059e613-6002-42fa-961e-8e275f575d71-2-5.jpg?fit=1360%2C931&ssl=1\"},\"description\":\"Jornalista com carreira dedicada ao esporte. Cobriu 9 Copas do Mundo in loco, 1990 na It\u00e1lia, 1994 nos EUA, 1998 na Fran\u00e7a, 2002 na Coreia do Sul e Jap\u00e3o, 2006 na Alemanha, 2010 na \u00c1frica do Sul, 2014 no Brasil, 2018 na R\u00fassia e 2022 no Qatar. Eurocopas, 1992 na Su\u00e9cia e 1996 na Inglaterra. Copa das Confedera\u00e7\u00f5es de 2005 na Alemanha e 2009 na \u00c1frica do Sul. Rep\u00f3rter e Editor, trabalhou no Jornal da Tarde e Estad\u00e3o, de 1984 a fevereiro de 2016. Colunista, blogueiro. E comentarista de futebol na R\u00e1dio Estad\u00e3o, de 2013 a fevereiro de 2016. Jornalista respons\u00e1vel do \\\"Pr\u00f3speri News\\\" (blogdoprosperi.com).\",\"sameAs\":[\"http:\\\/\\\/blogdoprosperi.com\",\"Luiz Pr\u00f3speri\",\"@luiz_prosperi\",\"https:\\\/\\\/x.com\\\/Luizprosperi\",\"@prosperinacopa\",\"luiz.prosperi@icloud.com\"],\"url\":\"https:\\\/\\\/blogdoprosperi.com\\\/?author=102107496\"}]}<\/script>\n<!-- \/ Yoast SEO plugin. -->","yoast_head_json":{"title":"Brasileir\u00e3o | Segundo Turno Come\u00e7a neste Fim de Semana com Favoritos de Sempre e Grana Alta em Refor\u00e7os - PR\u00d3SPERI NEWS","robots":{"index":"index","follow":"follow","max-snippet":"max-snippet:-1","max-image-preview":"max-image-preview:large","max-video-preview":"max-video-preview:-1"},"canonical":"https:\/\/blogdoprosperi.com\/?p=54561","og_locale":"pt_BR","og_type":"article","og_title":"Brasileir\u00e3o | Segundo Turno Come\u00e7a neste Fim de Semana com Favoritos de Sempre e Grana Alta em Refor\u00e7os - PR\u00d3SPERI NEWS","og_description":"Luiz Ant\u00f4nio Pr\u00f3speri \u2013 16 agosto 2025 (10h57) \u2013 Brasileir\u00e3o entra no segundo turno neste fim de semana [&hellip;]","og_url":"https:\/\/blogdoprosperi.com\/?p=54561","og_site_name":"PR\u00d3SPERI NEWS","article_publisher":"Luiz Pr\u00f3speri","article_author":"Luiz Pr\u00f3speri","article_published_time":"2025-08-16T14:08:57+00:00","article_modified_time":"2025-08-16T14:09:24+00:00","og_image":[{"width":950,"height":593,"url":"https:\/\/i0.wp.com\/blogdoprosperi.com\/wp-content\/uploads\/2025\/06\/filipe-luis-flamengo-lafc-mundial-aspect-ratio-512-320.webp?fit=950%2C593&ssl=1","type":"image\/webp"}],"author":"Luiz Ant\u00f4nio Pr\u00f3speri","twitter_card":"summary_large_image","twitter_creator":"@Luizprosperi","twitter_site":"@Luizprosperi","twitter_misc":{"Escrito por":"Luiz Ant\u00f4nio Pr\u00f3speri","Est. tempo de leitura":"3 minutos"},"schema":{"@context":"https:\/\/schema.org","@graph":[{"@type":"Article","@id":"https:\/\/blogdoprosperi.com\/?p=54561#article","isPartOf":{"@id":"https:\/\/blogdoprosperi.com\/?p=54561"},"author":{"name":"Luiz Ant\u00f4nio Pr\u00f3speri","@id":"https:\/\/blogdoprosperi.com\/#\/schema\/person\/38100755ce3601861ee4fab9b5aa78e9"},"headline":"Brasileir\u00e3o | Segundo Turno Come\u00e7a neste Fim de Semana com Favoritos de Sempre e Grana Alta em Refor\u00e7os","datePublished":"2025-08-16T14:08:57+00:00","dateModified":"2025-08-16T14:09:24+00:00","mainEntityOfPage":{"@id":"https:\/\/blogdoprosperi.com\/?p=54561"},"wordCount":523,"commentCount":0,"publisher":{"@id":"https:\/\/blogdoprosperi.com\/#\/schema\/person\/38100755ce3601861ee4fab9b5aa78e9"},"image":{"@id":"https:\/\/blogdoprosperi.com\/?p=54561#primaryimage"},"thumbnailUrl":"https:\/\/i0.wp.com\/blogdoprosperi.com\/wp-content\/uploads\/2025\/06\/filipe-luis-flamengo-lafc-mundial-aspect-ratio-512-320.webp?fit=950%2C593&ssl=1","keywords":["Botafogo","brasileir\u00e3o2025","Cruzeiro","Flamengo","Palmeiras"],"articleSection":["futebol","informa\u00e7\u00e3o"],"inLanguage":"pt-BR","potentialAction":[{"@type":"CommentAction","name":"Comment","target":["https:\/\/blogdoprosperi.com\/?p=54561#respond"]}]},{"@type":"WebPage","@id":"https:\/\/blogdoprosperi.com\/?p=54561","url":"https:\/\/blogdoprosperi.com\/?p=54561","name":"Brasileir\u00e3o | Segundo Turno Come\u00e7a neste Fim de Semana com Favoritos de Sempre e Grana Alta em Refor\u00e7os - PR\u00d3SPERI NEWS","isPartOf":{"@id":"https:\/\/blogdoprosperi.com\/#website"},"primaryImageOfPage":{"@id":"https:\/\/blogdoprosperi.com\/?p=54561#primaryimage"},"image":{"@id":"https:\/\/blogdoprosperi.com\/?p=54561#primaryimage"},"thumbnailUrl":"https:\/\/i0.wp.com\/blogdoprosperi.com\/wp-content\/uploads\/2025\/06\/filipe-luis-flamengo-lafc-mundial-aspect-ratio-512-320.webp?fit=950%2C593&ssl=1","datePublished":"2025-08-16T14:08:57+00:00","dateModified":"2025-08-16T14:09:24+00:00","breadcrumb":{"@id":"https:\/\/blogdoprosperi.com\/?p=54561#breadcrumb"},"inLanguage":"pt-BR","potentialAction":[{"@type":"ReadAction","target":["https:\/\/blogdoprosperi.com\/?p=54561"]}]},{"@type":"ImageObject","inLanguage":"pt-BR","@id":"https:\/\/blogdoprosperi.com\/?p=54561#primaryimage","url":"https:\/\/i0.wp.com\/blogdoprosperi.com\/wp-content\/uploads\/2025\/06\/filipe-luis-flamengo-lafc-mundial-aspect-ratio-512-320.webp?fit=950%2C593&ssl=1","contentUrl":"https:\/\/i0.wp.com\/blogdoprosperi.com\/wp-content\/uploads\/2025\/06\/filipe-luis-flamengo-lafc-mundial-aspect-ratio-512-320.webp?fit=950%2C593&ssl=1","width":950,"height":593,"caption":"Luis Filipe no comando do Flamengo no Brasileir\u00e3o \u2013 foto: Flamengo oficial"},{"@type":"BreadcrumbList","@id":"https:\/\/blogdoprosperi.com\/?p=54561#breadcrumb","itemListElement":[{"@type":"ListItem","position":1,"name":"In\u00edcio","item":"https:\/\/blogdoprosperi.com\/"},{"@type":"ListItem","position":2,"name":"Brasileir\u00e3o | Segundo Turno Come\u00e7a neste Fim de Semana com Favoritos de Sempre e Grana Alta em Refor\u00e7os"}]},{"@type":"WebSite","@id":"https:\/\/blogdoprosperi.com\/#website","url":"https:\/\/blogdoprosperi.com\/","name":"PR\u00d3SPERI NEWS","description":"TUDO \u00c9  FUTEBOL","publisher":{"@id":"https:\/\/blogdoprosperi.com\/#\/schema\/person\/38100755ce3601861ee4fab9b5aa78e9"},"alternateName":"blogdoprosperi.com","potentialAction":[{"@type":"SearchAction","target":{"@type":"EntryPoint","urlTemplate":"https:\/\/blogdoprosperi.com\/?s={search_term_string}"},"query-input":{"@type":"PropertyValueSpecification","valueRequired":true,"valueName":"search_term_string"}}],"inLanguage":"pt-BR"},{"@type":["Person","Organization"],"@id":"https:\/\/blogdoprosperi.com\/#\/schema\/person\/38100755ce3601861ee4fab9b5aa78e9","name":"Luiz Ant\u00f4nio Pr\u00f3speri","pronouns":"ele","image":{"@type":"ImageObject","inLanguage":"pt-BR","@id":"https:\/\/i0.wp.com\/blogdoprosperi.com\/wp-content\/uploads\/2026\/05\/cropped-8059e613-6002-42fa-961e-8e275f575d71-2-5.jpg?fit=1360%2C931&ssl=1","url":"https:\/\/i0.wp.com\/blogdoprosperi.com\/wp-content\/uploads\/2026\/05\/cropped-8059e613-6002-42fa-961e-8e275f575d71-2-5.jpg?fit=1360%2C931&ssl=1","contentUrl":"https:\/\/i0.wp.com\/blogdoprosperi.com\/wp-content\/uploads\/2026\/05\/cropped-8059e613-6002-42fa-961e-8e275f575d71-2-5.jpg?fit=1360%2C931&ssl=1","width":1360,"height":931,"caption":"Luiz Ant\u00f4nio Pr\u00f3speri"},"logo":{"@id":"https:\/\/i0.wp.com\/blogdoprosperi.com\/wp-content\/uploads\/2026\/05\/cropped-8059e613-6002-42fa-961e-8e275f575d71-2-5.jpg?fit=1360%2C931&ssl=1"},"description":"Jornalista com carreira dedicada ao esporte. Cobriu 9 Copas do Mundo in loco, 1990 na It\u00e1lia, 1994 nos EUA, 1998 na Fran\u00e7a, 2002 na Coreia do Sul e Jap\u00e3o, 2006 na Alemanha, 2010 na \u00c1frica do Sul, 2014 no Brasil, 2018 na R\u00fassia e 2022 no Qatar. Eurocopas, 1992 na Su\u00e9cia e 1996 na Inglaterra. Copa das Confedera\u00e7\u00f5es de 2005 na Alemanha e 2009 na \u00c1frica do Sul. Rep\u00f3rter e Editor, trabalhou no Jornal da Tarde e Estad\u00e3o, de 1984 a fevereiro de 2016. Colunista, blogueiro. E comentarista de futebol na R\u00e1dio Estad\u00e3o, de 2013 a fevereiro de 2016. Jornalista respons\u00e1vel do \"Pr\u00f3speri News\" (blogdoprosperi.com).","sameAs":["http:\/\/blogdoprosperi.com","Luiz Pr\u00f3speri","@luiz_prosperi","https:\/\/x.com\/Luizprosperi","@prosperinacopa","luiz.prosperi@icloud.com"],"url":"https:\/\/blogdoprosperi.com\/?author=102107496"}]}},"jetpack_publicize_connections":[],"jetpack_likes_enabled":false,"jetpack_sharing_enabled":true,"jetpack_shortlink":"https:\/\/wp.me\/p7jvdk-ec1","jetpack-related-posts":[{"id":35839,"url":"https:\/\/blogdoprosperi.com\/?p=35839","url_meta":{"origin":54561,"position":0},"title":"Veja os favoritos ao Brasileir\u00e3o 2017, se o dinheiro falar mais alto","author":"Luiz Ant\u00f4nio Pr\u00f3speri","date":"13 de maio de 2017","format":false,"excerpt":"\u00a0 Brasileir\u00e3o 2017 come\u00e7a neste fim de semana com os clubes vivendo uma situa\u00e7\u00e3o financeira est\u00e1vel, agraciados com boas cotas de patroc\u00ednio e de transmiss\u00e3o de televis\u00e3o. Apresentam ainda balan\u00e7os da temporada com um crescimento de 30% das receitas em rela\u00e7\u00e3o ao exerc\u00edcio de 2015, alcan\u00e7ando R$ 4,9 bilh\u00f5es em\u2026","rel":"","context":"Em &quot;Campeonato Brasileiro&quot;","block_context":{"text":"Campeonato Brasileiro","link":"https:\/\/blogdoprosperi.com\/?cat=355071"},"img":{"alt_text":"","src":"https:\/\/i0.wp.com\/blogdoprosperi.com\/wp-content\/uploads\/2017\/05\/20161127195951_0.jpeg?fit=974%2C653&ssl=1&resize=350%2C200","width":350,"height":200,"srcset":"https:\/\/i0.wp.com\/blogdoprosperi.com\/wp-content\/uploads\/2017\/05\/20161127195951_0.jpeg?fit=974%2C653&ssl=1&resize=350%2C200 1x, https:\/\/i0.wp.com\/blogdoprosperi.com\/wp-content\/uploads\/2017\/05\/20161127195951_0.jpeg?fit=974%2C653&ssl=1&resize=525%2C300 1.5x, https:\/\/i0.wp.com\/blogdoprosperi.com\/wp-content\/uploads\/2017\/05\/20161127195951_0.jpeg?fit=974%2C653&ssl=1&resize=700%2C400 2x"},"classes":[]},{"id":54112,"url":"https:\/\/blogdoprosperi.com\/?p=54112","url_meta":{"origin":54561,"position":1},"title":"Classifica\u00e7\u00e3o do Brasileir\u00e3o | 17\u00aa Rodada \u2013 Flamengo Assume Lideran\u00e7a","author":"Luiz Ant\u00f4nio Pr\u00f3speri","date":"28 de julho de 2025","format":false,"excerpt":"Luiz Ant\u00f4nio Pr\u00f3speri \u2013 28 julho 2025 (11h30) \u2013 Flamengo \u00e9 novo l\u00edder do Brasileir\u00e3o 2025. Vence o Atl\u00e9tico-MG no Maracan\u00e3 e ultrapassa o Cruzeiro derrotado pelo Cear\u00e1 no Mineir\u00e3o. Time mineiro cai para o segundo lugar, dois pontos a mais que o Palmeiras, terceiro colocado com dois jogos a\u2026","rel":"","context":"Em &quot;brasileir\u00e3o 2025&quot;","block_context":{"text":"brasileir\u00e3o 2025","link":"https:\/\/blogdoprosperi.com\/?cat=775970846"},"img":{"alt_text":"Novo calend\u00e1rio do futebol brasileiro","src":"https:\/\/i0.wp.com\/blogdoprosperi.com\/wp-content\/uploads\/2024\/11\/20240222142247_268-2.jpeg?fit=1200%2C791&ssl=1&resize=350%2C200","width":350,"height":200,"srcset":"https:\/\/i0.wp.com\/blogdoprosperi.com\/wp-content\/uploads\/2024\/11\/20240222142247_268-2.jpeg?fit=1200%2C791&ssl=1&resize=350%2C200 1x, https:\/\/i0.wp.com\/blogdoprosperi.com\/wp-content\/uploads\/2024\/11\/20240222142247_268-2.jpeg?fit=1200%2C791&ssl=1&resize=525%2C300 1.5x, https:\/\/i0.wp.com\/blogdoprosperi.com\/wp-content\/uploads\/2024\/11\/20240222142247_268-2.jpeg?fit=1200%2C791&ssl=1&resize=700%2C400 2x, https:\/\/i0.wp.com\/blogdoprosperi.com\/wp-content\/uploads\/2024\/11\/20240222142247_268-2.jpeg?fit=1200%2C791&ssl=1&resize=1050%2C600 3x"},"classes":[]},{"id":23888,"url":"https:\/\/blogdoprosperi.com\/?p=23888","url_meta":{"origin":54561,"position":2},"title":"STJD pune Palmeiras, Flamengo, organizadas e torcedores consumidores de ingressos mais baratos","author":"Luiz Ant\u00f4nio Pr\u00f3speri","date":"1 de setembro de 2016","format":false,"excerpt":"STJD pune torcidas organizadas de Palmeiras e Flamengo com penas in\u00e9ditas e pode prejudicar os dois clubes na corrida do t\u00edtulo do Campeonato Brasileiro. Por decis\u00e3o do tribunal, as medidas come\u00e7am a vigorar no dia 14 deste m\u00eas, data do jogo entre Palmeiras e \u00a0Flamengo no Allianz Parque. Sem poder\u2026","rel":"","context":"Em &quot;Campeonato Brasileiro&quot;","block_context":{"text":"Campeonato Brasileiro","link":"https:\/\/blogdoprosperi.com\/?cat=355071"},"img":{"alt_text":"","src":"https:\/\/i0.wp.com\/blogdoprosperi.com\/wp-content\/uploads\/2016\/09\/protesto-mancha-verde-2014-32.jpg?resize=350%2C200&ssl=1","width":350,"height":200,"srcset":"https:\/\/i0.wp.com\/blogdoprosperi.com\/wp-content\/uploads\/2016\/09\/protesto-mancha-verde-2014-32.jpg?resize=350%2C200&ssl=1 1x, https:\/\/i0.wp.com\/blogdoprosperi.com\/wp-content\/uploads\/2016\/09\/protesto-mancha-verde-2014-32.jpg?resize=525%2C300&ssl=1 1.5x, https:\/\/i0.wp.com\/blogdoprosperi.com\/wp-content\/uploads\/2016\/09\/protesto-mancha-verde-2014-32.jpg?resize=700%2C400&ssl=1 2x, https:\/\/i0.wp.com\/blogdoprosperi.com\/wp-content\/uploads\/2016\/09\/protesto-mancha-verde-2014-32.jpg?resize=1050%2C600&ssl=1 3x, https:\/\/i0.wp.com\/blogdoprosperi.com\/wp-content\/uploads\/2016\/09\/protesto-mancha-verde-2014-32.jpg?resize=1400%2C800&ssl=1 4x"},"classes":[]},{"id":44190,"url":"https:\/\/blogdoprosperi.com\/?p=44190","url_meta":{"origin":54561,"position":3},"title":"Brasileir\u00e3o 2024: refor\u00e7os e retornos da Copa Am\u00e9rica mudam rumo do campeonato","author":"Luiz Ant\u00f4nio Pr\u00f3speri","date":"15 de julho de 2024","format":false,"excerpt":"Brasileir\u00e3o 2024 come\u00e7a para valer a partir de ter\u00e7a-feira (16\/7), mesmo j\u00e1 avan\u00e7ando na sua 17.a rodada. Enfim, entram em campo os refor\u00e7os liberados na abertura da janela de transfer\u00eancia, dia 10 \u00faltimo, e os que retornam da Copa Am\u00e9rica. Nos tablets, t\u00e9cnicos rabiscam estrat\u00e9gias diversas diante da proximidade das\u2026","rel":"","context":"Em &quot;futebol&quot;","block_context":{"text":"futebol","link":"https:\/\/blogdoprosperi.com\/?cat=53870"},"img":{"alt_text":"Felipe Anderson refor\u00e7a Palmeiras","src":"https:\/\/i0.wp.com\/blogdoprosperi.com\/wp-content\/uploads\/2024\/07\/53859015863_7ac9fcb0ba_h.jpg?fit=1200%2C675&ssl=1&resize=350%2C200","width":350,"height":200,"srcset":"https:\/\/i0.wp.com\/blogdoprosperi.com\/wp-content\/uploads\/2024\/07\/53859015863_7ac9fcb0ba_h.jpg?fit=1200%2C675&ssl=1&resize=350%2C200 1x, https:\/\/i0.wp.com\/blogdoprosperi.com\/wp-content\/uploads\/2024\/07\/53859015863_7ac9fcb0ba_h.jpg?fit=1200%2C675&ssl=1&resize=525%2C300 1.5x, https:\/\/i0.wp.com\/blogdoprosperi.com\/wp-content\/uploads\/2024\/07\/53859015863_7ac9fcb0ba_h.jpg?fit=1200%2C675&ssl=1&resize=700%2C400 2x, https:\/\/i0.wp.com\/blogdoprosperi.com\/wp-content\/uploads\/2024\/07\/53859015863_7ac9fcb0ba_h.jpg?fit=1200%2C675&ssl=1&resize=1050%2C600 3x"},"classes":[]},{"id":53664,"url":"https:\/\/blogdoprosperi.com\/?p=53664","url_meta":{"origin":54561,"position":4},"title":"Richard Rios Troca Palmeiras por Benfica e Aumenta Revoada de Jogadores Negociados no Brasileir\u00e3o 2025","author":"Luiz Ant\u00f4nio Pr\u00f3speri","date":"20 de julho de 2025","format":false,"excerpt":"Luiz Ant\u00f4nio Pr\u00f3speri \u2013 20 julho 2025 \u2013 (14h29) \u2013 Richard Rios \u00e9 jogador do Benfica contratado a 30 milh\u00f5es de euros (R$ 194,1 milh\u00f5es) do Palmeiras. O volante colombiano deixa o futebol brasileiro na revoada de jogadores importantes negociados nesta janela de transfer\u00eancias (julho a agosto) ap\u00f3s o Mundial\u2026","rel":"","context":"Em &quot;brasileir\u00e3o 2025&quot;","block_context":{"text":"brasileir\u00e3o 2025","link":"https:\/\/blogdoprosperi.com\/?cat=775970846"},"img":{"alt_text":"Richard Rios do Palmeiras para o Benfica","src":"https:\/\/i0.wp.com\/blogdoprosperi.com\/wp-content\/uploads\/2025\/07\/captura-de-tela-2025-07-20-as-14.51.15.png?fit=1018%2C696&ssl=1&resize=350%2C200","width":350,"height":200,"srcset":"https:\/\/i0.wp.com\/blogdoprosperi.com\/wp-content\/uploads\/2025\/07\/captura-de-tela-2025-07-20-as-14.51.15.png?fit=1018%2C696&ssl=1&resize=350%2C200 1x, https:\/\/i0.wp.com\/blogdoprosperi.com\/wp-content\/uploads\/2025\/07\/captura-de-tela-2025-07-20-as-14.51.15.png?fit=1018%2C696&ssl=1&resize=525%2C300 1.5x, https:\/\/i0.wp.com\/blogdoprosperi.com\/wp-content\/uploads\/2025\/07\/captura-de-tela-2025-07-20-as-14.51.15.png?fit=1018%2C696&ssl=1&resize=700%2C400 2x"},"classes":[]},{"id":53130,"url":"https:\/\/blogdoprosperi.com\/?p=53130","url_meta":{"origin":54561,"position":5},"title":"Brasileir\u00e3o | Onde Assistir e Hor\u00e1rios do Jogos de S\u00e1bado (12\/7) e Domingo (13\/7) + Palpites da 13.\u00aa Rodada","author":"Luiz Ant\u00f4nio Pr\u00f3speri","date":"12 de julho de 2025","format":false,"excerpt":"Onde assistir e hor\u00e1rios dos jogos da 13.\u00aa rodada do Brasileir\u00e3o, s\u00e1bado (12\/7) e domingo (13\/7), \u00a0na retomada do campeonato nacional. Confira o PALPITANTE do fim de semana. Na TV - S\u00c1BADO \u2013 12\/7 16h30 \u2013 Flamengo x S\u00e3o Paulo \u2013 Globo e Premiere 16h30 \u2013 Internacional x Vit\u00f3ria \u2013\u2026","rel":"","context":"Em &quot;brasileir\u00e3o 2025&quot;","block_context":{"text":"brasileir\u00e3o 2025","link":"https:\/\/blogdoprosperi.com\/?cat=775970846"},"img":{"alt_text":"Flamengo lidera Brasileir\u00e3o que entra no segundo turno","src":"https:\/\/i0.wp.com\/blogdoprosperi.com\/wp-content\/uploads\/2025\/06\/filipe-luis-flamengo-lafc-mundial-aspect-ratio-512-320.webp?fit=950%2C593&ssl=1&resize=350%2C200","width":350,"height":200,"srcset":"https:\/\/i0.wp.com\/blogdoprosperi.com\/wp-content\/uploads\/2025\/06\/filipe-luis-flamengo-lafc-mundial-aspect-ratio-512-320.webp?fit=950%2C593&ssl=1&resize=350%2C200 1x, https:\/\/i0.wp.com\/blogdoprosperi.com\/wp-content\/uploads\/2025\/06\/filipe-luis-flamengo-lafc-mundial-aspect-ratio-512-320.webp?fit=950%2C593&ssl=1&resize=525%2C300 1.5x, https:\/\/i0.wp.com\/blogdoprosperi.com\/wp-content\/uploads\/2025\/06\/filipe-luis-flamengo-lafc-mundial-aspect-ratio-512-320.webp?fit=950%2C593&ssl=1&resize=700%2C400 2x"},"classes":[]}],"jetpack_featured_media_url":"https:\/\/i0.wp.com\/blogdoprosperi.com\/wp-content\/uploads\/2025\/06\/filipe-luis-flamengo-lafc-mundial-aspect-ratio-512-320.webp?fit=950%2C593&ssl=1","_links":{"self":[{"href":"https:\/\/blogdoprosperi.com\/index.php?rest_route=\/wp\/v2\/posts\/54561","targetHints":{"allow":["GET"]}}],"collection":[{"href":"https:\/\/blogdoprosperi.com\/index.php?rest_route=\/wp\/v2\/posts"}],"about":[{"href":"https:\/\/blogdoprosperi.com\/index.php?rest_route=\/wp\/v2\/types\/post"}],"author":[{"embeddable":true,"href":"https:\/\/blogdoprosperi.com\/index.php?rest_route=\/wp\/v2\/users\/102107496"}],"replies":[{"embeddable":true,"href":"https:\/\/blogdoprosperi.com\/index.php?rest_route=%2Fwp%2Fv2%2Fcomments&post=54561"}],"version-history":[{"count":15,"href":"https:\/\/blogdoprosperi.com\/index.php?rest_route=\/wp\/v2\/posts\/54561\/revisions"}],"predecessor-version":[{"id":54582,"href":"https:\/\/blogdoprosperi.com\/index.php?rest_route=\/wp\/v2\/posts\/54561\/revisions\/54582"}],"wp:featuredmedia":[{"embeddable":true,"href":"https:\/\/blogdoprosperi.com\/index.php?rest_route=\/wp\/v2\/media\/51883"}],"wp:attachment":[{"href":"https:\/\/blogdoprosperi.com\/index.php?rest_route=%2Fwp%2Fv2%2Fmedia&parent=54561"}],"wp:term":[{"taxonomy":"category","embeddable":true,"href":"https:\/\/blogdoprosperi.com\/index.php?rest_route=%2Fwp%2Fv2%2Fcategories&post=54561"},{"taxonomy":"post_tag","embeddable":true,"href":"https:\/\/blogdoprosperi.com\/index.php?rest_route=%2Fwp%2Fv2%2Ftags&post=54561"}],"curies":[{"name":"wp","href":"https:\/\/api.w.org\/{rel}","templated":true}]}}