{"id":54612,"date":"2025-08-17T18:45:54","date_gmt":"2025-08-17T21:45:54","guid":{"rendered":"https:\/\/blogdoprosperi.com\/?p=54612"},"modified":"2025-08-17T23:46:31","modified_gmt":"2025-08-18T02:46:31","slug":"neymar-nao-volta-ao-santos-para-chorar","status":"publish","type":"post","link":"https:\/\/blogdoprosperi.com\/?p=54612","title":{"rendered":"Neymar N\u00e3o Volta ao Santos Para Chorar"},"content":{"rendered":"<p>\u2295<strong> Santos sofre uma das mais impiedosas goleadas de sua hist\u00f3ria<\/strong><\/p>\n<p>\u2295<strong> T\u00e9cnico Cleber Xavier \u00e9 demitido ainda nos vesti\u00e1rios do Morumbi<\/strong><\/p>\n<hr>\n<p><em>Luiz Ant\u00f4nio Pr\u00f3speri \u2013 17 agosto 2025 (18h33) \u2013<\/em><\/p>\n<p>Neymar est\u00e1 sentado na grama. Cobre rosto com o bra\u00e7o esquerdo e a m\u00e3o direita aperta os olhos. L\u00e1 no alto do Morumbi, quase vazio depois de ser entupido por mais de 54 mil torcedores, o <strong>placar implac\u00e1vel: Santos 0 a 6 Vasco<\/strong>. Domingo, 17 de agosto de 2025. Dia da maior goleada sofrida por Neymar desde o in\u00edcio de sua carreira como jogador profissional de futebol e uma das mais impactantes da vida do Santos.<\/p>\n<p>Era para chorar mesmo. Mas entender tamb\u00e9m que \u00e9 preciso jogar mais bola.<\/p>\n<p>Neymar consegue se reerguer da grama. Caminha solit\u00e1rio chorando rumo aos vesti\u00e1rios at\u00e9 ser interceptado por Fernando Diniz, t\u00e9cnico do Vasco. Diniz estava ali como o \u00faltimo treinador que Neymar teve na Sele\u00e7\u00e3o Brasileira, quando o craque esgar\u00e7a os ligamentos do joelho em 2023 e, por pouco, n\u00e3o arruina sua vida no futebol.<\/p>\n<p>Abra\u00e7os de sentimentos. Abra\u00e7os de consolo.<\/p>\n<p>Neymar deixa Diniz no meio do caminho e retoma seu calv\u00e1rio \u00e0s l\u00e1grimas at\u00e9 mergulhar nos vesti\u00e1rios do est\u00e1dio.<\/p>\n<p>Destro\u00e7ados, companheiros de Neymar tamb\u00e9m estavam sem rumo no gramado. Para que lado ir? Cad\u00ea as escadarias que levam aos subterr\u00e2neos do Morumbi?<\/p>\n<p>A sova do Vasco, um time em franca luta contra a zona do rebaixamento no Brasileir\u00e3o, valoriza a reorganiza\u00e7\u00e3o do time sob comando de Diniz. E deixa claro as fissuras nos diques de um Santos ainda sem norte e sul.<\/p>\n<p>L\u00e1grimas de Neymar, certamente da maioria de seus colegas de time, podem marcar uma nova retomada nos destinos do Santos no Brasileir\u00e3o e resto da temporada 2025.<\/p>\n<p>O que ja se sabia p\u00f3s-goleada, uma das mais vergonhosas na hist\u00f3ria do Santos: Cleber Xavier e seus comiss\u00e1rios, a mesma trupe de Tite na Sele\u00e7\u00e3o Brasileira de 2016 a 2022, seria destitu\u00edda do comando do Santos.<\/p>\n<p>Menos de meia-hora p\u00f3s jogo estava tudo consumado. Cl\u00e9ber Xavier n\u00e3o \u00e9 mais t\u00e9cnico do time santista. Demitido.<\/p>\n<p>Neymar n\u00e3o voltou ao Santos para chorar.<\/p>\n","protected":false},"excerpt":{"rendered":"<p>\u2295 Santos sofre uma das mais impiedosas goleadas de sua hist\u00f3ria \u2295 T\u00e9cnico Cleber Xavier \u00e9 demitido ainda [&hellip;]<\/p>\n","protected":false},"author":102107496,"featured_media":54620,"comment_status":"open","ping_status":"open","sticky":false,"template":"","format":"standard","meta":{"_coblocks_attr":"","_coblocks_dimensions":"","_coblocks_responsive_height":"","_coblocks_accordion_ie_support":"","_jetpack_newsletter_access":"","_jetpack_dont_email_post_to_subs":false,"_jetpack_newsletter_tier_id":0,"_jetpack_memberships_contains_paywalled_content":false,"_wpcom_ai_launchpad_first_post":false,"_jetpack_feature_clip_id":0,"_jetpack_memberships_contains_paid_content":false,"footnotes":"","jetpack_publicize_message":"","jetpack_publicize_feature_enabled":true,"jetpack_social_post_already_shared":false,"jetpack_social_options":{"image_generator_settings":{"template":"highway","default_image_id":0,"font":"","enabled":false},"version":2},"jetpack_post_was_ever_published":false},"categories":[775970846,53870],"tags":[783454891,782670246,483853305,72915314,783454890],"class_list":["post-54612","post","type-post","status-publish","format-standard","has-post-thumbnail","hentry","category-brasileirao-2025","category-futebol","tag-brasileirao20arodada","tag-cleberxavier","tag-fernandodiniz","tag-neymarjr","tag-santos0x6vasco"],"yoast_head":"<!-- This site is optimized with the Yoast SEO plugin v28.4 - https:\/\/yoast.com\/product\/yoast-seo-wordpress\/ -->\n<title>Neymar N\u00e3o Volta ao Santos Para Chorar - PR\u00d3SPERI NEWS<\/title>\n<meta name=\"robots\" content=\"index, follow, max-snippet:-1, max-image-preview:large, max-video-preview:-1\" \/>\n<link rel=\"canonical\" href=\"https:\/\/blogdoprosperi.com\/?p=54612\" \/>\n<meta property=\"og:locale\" content=\"pt_BR\" \/>\n<meta property=\"og:type\" content=\"article\" \/>\n<meta property=\"og:title\" content=\"Neymar N\u00e3o Volta ao Santos Para Chorar - PR\u00d3SPERI NEWS\" \/>\n<meta property=\"og:description\" content=\"\u2295 Santos sofre uma das mais impiedosas goleadas de sua hist\u00f3ria \u2295 T\u00e9cnico Cleber Xavier \u00e9 demitido ainda [&hellip;]\" \/>\n<meta property=\"og:url\" content=\"https:\/\/blogdoprosperi.com\/?p=54612\" \/>\n<meta property=\"og:site_name\" content=\"PR\u00d3SPERI NEWS\" \/>\n<meta property=\"article:publisher\" content=\"Luiz Pr\u00f3speri\" \/>\n<meta property=\"article:author\" content=\"Luiz Pr\u00f3speri\" \/>\n<meta property=\"article:published_time\" content=\"2025-08-17T21:45:54+00:00\" \/>\n<meta property=\"article:modified_time\" content=\"2025-08-18T02:46:31+00:00\" \/>\n<meta property=\"og:image\" content=\"https:\/\/i0.wp.com\/blogdoprosperi.com\/wp-content\/uploads\/2025\/08\/captura-de-tela-2025-08-17-180436.webp?fit=800%2C500&ssl=1\" \/>\n\t<meta property=\"og:image:width\" content=\"800\" \/>\n\t<meta property=\"og:image:height\" content=\"500\" \/>\n\t<meta property=\"og:image:type\" content=\"image\/webp\" \/>\n<meta name=\"author\" content=\"Luiz Ant\u00f4nio Pr\u00f3speri\" \/>\n<meta name=\"twitter:card\" content=\"summary_large_image\" \/>\n<meta name=\"twitter:creator\" content=\"@Luizprosperi\" \/>\n<meta name=\"twitter:site\" content=\"@Luizprosperi\" \/>\n<meta name=\"twitter:label1\" content=\"Escrito por\" \/>\n\t<meta name=\"twitter:data1\" content=\"Luiz Ant\u00f4nio Pr\u00f3speri\" \/>\n\t<meta name=\"twitter:label2\" content=\"Est. tempo de leitura\" \/>\n\t<meta name=\"twitter:data2\" content=\"2 minutos\" \/>\n<script type=\"application\/ld+json\" class=\"yoast-schema-graph\">{\"@context\":\"https:\\\/\\\/schema.org\",\"@graph\":[{\"@type\":\"Article\",\"@id\":\"https:\\\/\\\/blogdoprosperi.com\\\/?p=54612#article\",\"isPartOf\":{\"@id\":\"https:\\\/\\\/blogdoprosperi.com\\\/?p=54612\"},\"author\":{\"name\":\"Luiz Ant\u00f4nio Pr\u00f3speri\",\"@id\":\"https:\\\/\\\/blogdoprosperi.com\\\/#\\\/schema\\\/person\\\/38100755ce3601861ee4fab9b5aa78e9\"},\"headline\":\"Neymar N\u00e3o Volta ao Santos Para Chorar\",\"datePublished\":\"2025-08-17T21:45:54+00:00\",\"dateModified\":\"2025-08-18T02:46:31+00:00\",\"mainEntityOfPage\":{\"@id\":\"https:\\\/\\\/blogdoprosperi.com\\\/?p=54612\"},\"wordCount\":379,\"commentCount\":0,\"publisher\":{\"@id\":\"https:\\\/\\\/blogdoprosperi.com\\\/#\\\/schema\\\/person\\\/38100755ce3601861ee4fab9b5aa78e9\"},\"image\":{\"@id\":\"https:\\\/\\\/blogdoprosperi.com\\\/?p=54612#primaryimage\"},\"thumbnailUrl\":\"https:\\\/\\\/i0.wp.com\\\/blogdoprosperi.com\\\/wp-content\\\/uploads\\\/2025\\\/08\\\/captura-de-tela-2025-08-17-180436.webp?fit=800%2C500&ssl=1\",\"keywords\":[\"Brasileir\u00e3o20\u00aaRodada\",\"cleberxavier\",\"fernandodiniz\",\"neymarjr\",\"Santos0x6Vasco\"],\"articleSection\":[\"brasileir\u00e3o 2025\",\"futebol\"],\"inLanguage\":\"pt-BR\",\"potentialAction\":[{\"@type\":\"CommentAction\",\"name\":\"Comment\",\"target\":[\"https:\\\/\\\/blogdoprosperi.com\\\/?p=54612#respond\"]}]},{\"@type\":\"WebPage\",\"@id\":\"https:\\\/\\\/blogdoprosperi.com\\\/?p=54612\",\"url\":\"https:\\\/\\\/blogdoprosperi.com\\\/?p=54612\",\"name\":\"Neymar N\u00e3o Volta ao Santos Para Chorar - PR\u00d3SPERI NEWS\",\"isPartOf\":{\"@id\":\"https:\\\/\\\/blogdoprosperi.com\\\/#website\"},\"primaryImageOfPage\":{\"@id\":\"https:\\\/\\\/blogdoprosperi.com\\\/?p=54612#primaryimage\"},\"image\":{\"@id\":\"https:\\\/\\\/blogdoprosperi.com\\\/?p=54612#primaryimage\"},\"thumbnailUrl\":\"https:\\\/\\\/i0.wp.com\\\/blogdoprosperi.com\\\/wp-content\\\/uploads\\\/2025\\\/08\\\/captura-de-tela-2025-08-17-180436.webp?fit=800%2C500&ssl=1\",\"datePublished\":\"2025-08-17T21:45:54+00:00\",\"dateModified\":\"2025-08-18T02:46:31+00:00\",\"breadcrumb\":{\"@id\":\"https:\\\/\\\/blogdoprosperi.com\\\/?p=54612#breadcrumb\"},\"inLanguage\":\"pt-BR\",\"potentialAction\":[{\"@type\":\"ReadAction\",\"target\":[\"https:\\\/\\\/blogdoprosperi.com\\\/?p=54612\"]}]},{\"@type\":\"ImageObject\",\"inLanguage\":\"pt-BR\",\"@id\":\"https:\\\/\\\/blogdoprosperi.com\\\/?p=54612#primaryimage\",\"url\":\"https:\\\/\\\/i0.wp.com\\\/blogdoprosperi.com\\\/wp-content\\\/uploads\\\/2025\\\/08\\\/captura-de-tela-2025-08-17-180436.webp?fit=800%2C500&ssl=1\",\"contentUrl\":\"https:\\\/\\\/i0.wp.com\\\/blogdoprosperi.com\\\/wp-content\\\/uploads\\\/2025\\\/08\\\/captura-de-tela-2025-08-17-180436.webp?fit=800%2C500&ssl=1\",\"width\":800,\"height\":500,\"caption\":\"Neymar chora ap\u00f3s goleada do Vasco no Santos \u2013 foto: reprodu\u00e7\u00e3o TV\"},{\"@type\":\"BreadcrumbList\",\"@id\":\"https:\\\/\\\/blogdoprosperi.com\\\/?p=54612#breadcrumb\",\"itemListElement\":[{\"@type\":\"ListItem\",\"position\":1,\"name\":\"In\u00edcio\",\"item\":\"https:\\\/\\\/blogdoprosperi.com\\\/\"},{\"@type\":\"ListItem\",\"position\":2,\"name\":\"Neymar N\u00e3o Volta ao Santos Para Chorar\"}]},{\"@type\":\"WebSite\",\"@id\":\"https:\\\/\\\/blogdoprosperi.com\\\/#website\",\"url\":\"https:\\\/\\\/blogdoprosperi.com\\\/\",\"name\":\"PR\u00d3SPERI NEWS\",\"description\":\"TUDO \u00c9  FUTEBOL\",\"publisher\":{\"@id\":\"https:\\\/\\\/blogdoprosperi.com\\\/#\\\/schema\\\/person\\\/38100755ce3601861ee4fab9b5aa78e9\"},\"alternateName\":\"blogdoprosperi.com\",\"potentialAction\":[{\"@type\":\"SearchAction\",\"target\":{\"@type\":\"EntryPoint\",\"urlTemplate\":\"https:\\\/\\\/blogdoprosperi.com\\\/?s={search_term_string}\"},\"query-input\":{\"@type\":\"PropertyValueSpecification\",\"valueRequired\":true,\"valueName\":\"search_term_string\"}}],\"inLanguage\":\"pt-BR\"},{\"@type\":[\"Person\",\"Organization\"],\"@id\":\"https:\\\/\\\/blogdoprosperi.com\\\/#\\\/schema\\\/person\\\/38100755ce3601861ee4fab9b5aa78e9\",\"name\":\"Luiz Ant\u00f4nio Pr\u00f3speri\",\"pronouns\":\"ele\",\"image\":{\"@type\":\"ImageObject\",\"inLanguage\":\"pt-BR\",\"@id\":\"https:\\\/\\\/i0.wp.com\\\/blogdoprosperi.com\\\/wp-content\\\/uploads\\\/2026\\\/05\\\/cropped-8059e613-6002-42fa-961e-8e275f575d71-2-5.jpg?fit=1360%2C931&ssl=1\",\"url\":\"https:\\\/\\\/i0.wp.com\\\/blogdoprosperi.com\\\/wp-content\\\/uploads\\\/2026\\\/05\\\/cropped-8059e613-6002-42fa-961e-8e275f575d71-2-5.jpg?fit=1360%2C931&ssl=1\",\"contentUrl\":\"https:\\\/\\\/i0.wp.com\\\/blogdoprosperi.com\\\/wp-content\\\/uploads\\\/2026\\\/05\\\/cropped-8059e613-6002-42fa-961e-8e275f575d71-2-5.jpg?fit=1360%2C931&ssl=1\",\"width\":1360,\"height\":931,\"caption\":\"Luiz Ant\u00f4nio Pr\u00f3speri\"},\"logo\":{\"@id\":\"https:\\\/\\\/i0.wp.com\\\/blogdoprosperi.com\\\/wp-content\\\/uploads\\\/2026\\\/05\\\/cropped-8059e613-6002-42fa-961e-8e275f575d71-2-5.jpg?fit=1360%2C931&ssl=1\"},\"description\":\"Jornalista com carreira dedicada ao esporte. Cobriu 9 Copas do Mundo in loco, 1990 na It\u00e1lia, 1994 nos EUA, 1998 na Fran\u00e7a, 2002 na Coreia do Sul e Jap\u00e3o, 2006 na Alemanha, 2010 na \u00c1frica do Sul, 2014 no Brasil, 2018 na R\u00fassia e 2022 no Qatar. Eurocopas, 1992 na Su\u00e9cia e 1996 na Inglaterra. Copa das Confedera\u00e7\u00f5es de 2005 na Alemanha e 2009 na \u00c1frica do Sul. Rep\u00f3rter e Editor, trabalhou no Jornal da Tarde e Estad\u00e3o, de 1984 a fevereiro de 2016. Colunista, blogueiro. E comentarista de futebol na R\u00e1dio Estad\u00e3o, de 2013 a fevereiro de 2016. Jornalista respons\u00e1vel do \\\"Pr\u00f3speri News\\\" (blogdoprosperi.com).\",\"sameAs\":[\"http:\\\/\\\/blogdoprosperi.com\",\"Luiz Pr\u00f3speri\",\"@luiz_prosperi\",\"https:\\\/\\\/x.com\\\/Luizprosperi\",\"@prosperinacopa\",\"luiz.prosperi@icloud.com\"],\"url\":\"https:\\\/\\\/blogdoprosperi.com\\\/?author=102107496\"}]}<\/script>\n<!-- \/ Yoast SEO plugin. -->","yoast_head_json":{"title":"Neymar N\u00e3o Volta ao Santos Para Chorar - PR\u00d3SPERI NEWS","robots":{"index":"index","follow":"follow","max-snippet":"max-snippet:-1","max-image-preview":"max-image-preview:large","max-video-preview":"max-video-preview:-1"},"canonical":"https:\/\/blogdoprosperi.com\/?p=54612","og_locale":"pt_BR","og_type":"article","og_title":"Neymar N\u00e3o Volta ao Santos Para Chorar - PR\u00d3SPERI NEWS","og_description":"\u2295 Santos sofre uma das mais impiedosas goleadas de sua hist\u00f3ria \u2295 T\u00e9cnico Cleber Xavier \u00e9 demitido ainda [&hellip;]","og_url":"https:\/\/blogdoprosperi.com\/?p=54612","og_site_name":"PR\u00d3SPERI NEWS","article_publisher":"Luiz Pr\u00f3speri","article_author":"Luiz Pr\u00f3speri","article_published_time":"2025-08-17T21:45:54+00:00","article_modified_time":"2025-08-18T02:46:31+00:00","og_image":[{"width":800,"height":500,"url":"https:\/\/i0.wp.com\/blogdoprosperi.com\/wp-content\/uploads\/2025\/08\/captura-de-tela-2025-08-17-180436.webp?fit=800%2C500&ssl=1","type":"image\/webp"}],"author":"Luiz Ant\u00f4nio Pr\u00f3speri","twitter_card":"summary_large_image","twitter_creator":"@Luizprosperi","twitter_site":"@Luizprosperi","twitter_misc":{"Escrito por":"Luiz Ant\u00f4nio Pr\u00f3speri","Est. tempo de leitura":"2 minutos"},"schema":{"@context":"https:\/\/schema.org","@graph":[{"@type":"Article","@id":"https:\/\/blogdoprosperi.com\/?p=54612#article","isPartOf":{"@id":"https:\/\/blogdoprosperi.com\/?p=54612"},"author":{"name":"Luiz Ant\u00f4nio Pr\u00f3speri","@id":"https:\/\/blogdoprosperi.com\/#\/schema\/person\/38100755ce3601861ee4fab9b5aa78e9"},"headline":"Neymar N\u00e3o Volta ao Santos Para Chorar","datePublished":"2025-08-17T21:45:54+00:00","dateModified":"2025-08-18T02:46:31+00:00","mainEntityOfPage":{"@id":"https:\/\/blogdoprosperi.com\/?p=54612"},"wordCount":379,"commentCount":0,"publisher":{"@id":"https:\/\/blogdoprosperi.com\/#\/schema\/person\/38100755ce3601861ee4fab9b5aa78e9"},"image":{"@id":"https:\/\/blogdoprosperi.com\/?p=54612#primaryimage"},"thumbnailUrl":"https:\/\/i0.wp.com\/blogdoprosperi.com\/wp-content\/uploads\/2025\/08\/captura-de-tela-2025-08-17-180436.webp?fit=800%2C500&ssl=1","keywords":["Brasileir\u00e3o20\u00aaRodada","cleberxavier","fernandodiniz","neymarjr","Santos0x6Vasco"],"articleSection":["brasileir\u00e3o 2025","futebol"],"inLanguage":"pt-BR","potentialAction":[{"@type":"CommentAction","name":"Comment","target":["https:\/\/blogdoprosperi.com\/?p=54612#respond"]}]},{"@type":"WebPage","@id":"https:\/\/blogdoprosperi.com\/?p=54612","url":"https:\/\/blogdoprosperi.com\/?p=54612","name":"Neymar N\u00e3o Volta ao Santos Para Chorar - PR\u00d3SPERI NEWS","isPartOf":{"@id":"https:\/\/blogdoprosperi.com\/#website"},"primaryImageOfPage":{"@id":"https:\/\/blogdoprosperi.com\/?p=54612#primaryimage"},"image":{"@id":"https:\/\/blogdoprosperi.com\/?p=54612#primaryimage"},"thumbnailUrl":"https:\/\/i0.wp.com\/blogdoprosperi.com\/wp-content\/uploads\/2025\/08\/captura-de-tela-2025-08-17-180436.webp?fit=800%2C500&ssl=1","datePublished":"2025-08-17T21:45:54+00:00","dateModified":"2025-08-18T02:46:31+00:00","breadcrumb":{"@id":"https:\/\/blogdoprosperi.com\/?p=54612#breadcrumb"},"inLanguage":"pt-BR","potentialAction":[{"@type":"ReadAction","target":["https:\/\/blogdoprosperi.com\/?p=54612"]}]},{"@type":"ImageObject","inLanguage":"pt-BR","@id":"https:\/\/blogdoprosperi.com\/?p=54612#primaryimage","url":"https:\/\/i0.wp.com\/blogdoprosperi.com\/wp-content\/uploads\/2025\/08\/captura-de-tela-2025-08-17-180436.webp?fit=800%2C500&ssl=1","contentUrl":"https:\/\/i0.wp.com\/blogdoprosperi.com\/wp-content\/uploads\/2025\/08\/captura-de-tela-2025-08-17-180436.webp?fit=800%2C500&ssl=1","width":800,"height":500,"caption":"Neymar chora ap\u00f3s goleada do Vasco no Santos \u2013 foto: reprodu\u00e7\u00e3o TV"},{"@type":"BreadcrumbList","@id":"https:\/\/blogdoprosperi.com\/?p=54612#breadcrumb","itemListElement":[{"@type":"ListItem","position":1,"name":"In\u00edcio","item":"https:\/\/blogdoprosperi.com\/"},{"@type":"ListItem","position":2,"name":"Neymar N\u00e3o Volta ao Santos Para Chorar"}]},{"@type":"WebSite","@id":"https:\/\/blogdoprosperi.com\/#website","url":"https:\/\/blogdoprosperi.com\/","name":"PR\u00d3SPERI NEWS","description":"TUDO \u00c9  FUTEBOL","publisher":{"@id":"https:\/\/blogdoprosperi.com\/#\/schema\/person\/38100755ce3601861ee4fab9b5aa78e9"},"alternateName":"blogdoprosperi.com","potentialAction":[{"@type":"SearchAction","target":{"@type":"EntryPoint","urlTemplate":"https:\/\/blogdoprosperi.com\/?s={search_term_string}"},"query-input":{"@type":"PropertyValueSpecification","valueRequired":true,"valueName":"search_term_string"}}],"inLanguage":"pt-BR"},{"@type":["Person","Organization"],"@id":"https:\/\/blogdoprosperi.com\/#\/schema\/person\/38100755ce3601861ee4fab9b5aa78e9","name":"Luiz Ant\u00f4nio Pr\u00f3speri","pronouns":"ele","image":{"@type":"ImageObject","inLanguage":"pt-BR","@id":"https:\/\/i0.wp.com\/blogdoprosperi.com\/wp-content\/uploads\/2026\/05\/cropped-8059e613-6002-42fa-961e-8e275f575d71-2-5.jpg?fit=1360%2C931&ssl=1","url":"https:\/\/i0.wp.com\/blogdoprosperi.com\/wp-content\/uploads\/2026\/05\/cropped-8059e613-6002-42fa-961e-8e275f575d71-2-5.jpg?fit=1360%2C931&ssl=1","contentUrl":"https:\/\/i0.wp.com\/blogdoprosperi.com\/wp-content\/uploads\/2026\/05\/cropped-8059e613-6002-42fa-961e-8e275f575d71-2-5.jpg?fit=1360%2C931&ssl=1","width":1360,"height":931,"caption":"Luiz Ant\u00f4nio Pr\u00f3speri"},"logo":{"@id":"https:\/\/i0.wp.com\/blogdoprosperi.com\/wp-content\/uploads\/2026\/05\/cropped-8059e613-6002-42fa-961e-8e275f575d71-2-5.jpg?fit=1360%2C931&ssl=1"},"description":"Jornalista com carreira dedicada ao esporte. Cobriu 9 Copas do Mundo in loco, 1990 na It\u00e1lia, 1994 nos EUA, 1998 na Fran\u00e7a, 2002 na Coreia do Sul e Jap\u00e3o, 2006 na Alemanha, 2010 na \u00c1frica do Sul, 2014 no Brasil, 2018 na R\u00fassia e 2022 no Qatar. Eurocopas, 1992 na Su\u00e9cia e 1996 na Inglaterra. Copa das Confedera\u00e7\u00f5es de 2005 na Alemanha e 2009 na \u00c1frica do Sul. Rep\u00f3rter e Editor, trabalhou no Jornal da Tarde e Estad\u00e3o, de 1984 a fevereiro de 2016. Colunista, blogueiro. E comentarista de futebol na R\u00e1dio Estad\u00e3o, de 2013 a fevereiro de 2016. Jornalista respons\u00e1vel do \"Pr\u00f3speri News\" (blogdoprosperi.com).","sameAs":["http:\/\/blogdoprosperi.com","Luiz Pr\u00f3speri","@luiz_prosperi","https:\/\/x.com\/Luizprosperi","@prosperinacopa","luiz.prosperi@icloud.com"],"url":"https:\/\/blogdoprosperi.com\/?author=102107496"}]}},"jetpack_publicize_connections":[],"jetpack_likes_enabled":false,"jetpack_sharing_enabled":true,"jetpack_shortlink":"https:\/\/wp.me\/p7jvdk-ecQ","jetpack-related-posts":[{"id":47609,"url":"https:\/\/blogdoprosperi.com\/?p=47609","url_meta":{"origin":54612,"position":0},"title":"Neymar Rescinde Contrato com Al Hilal e Desembarca no Santos Quarta-Feira","author":"Luiz Ant\u00f4nio Pr\u00f3speri","date":"27 de janeiro de 2025","format":false,"excerpt":"Luiz Ant\u00f4nio Pr\u00f3speri \u2013 27 janeiro (13h03) \u2013 Neymar \u00e9 do Santos. Acordo feito, clube santista aguardava rescis\u00e3o com Al Hilal para o an\u00fancio oficial da volta do craque ao seu ber\u00e7o. No in\u00edcio dessa noite segunda-feira (27\/1), clube \u00e1rabe comunica a sa\u00edda de Neymar. Por enquanto, n\u00e3o se tem\u2026","rel":"","context":"Em &quot;futebol&quot;","block_context":{"text":"futebol","link":"https:\/\/blogdoprosperi.com\/?cat=53870"},"img":{"alt_text":"","src":"https:\/\/i0.wp.com\/blogdoprosperi.com\/wp-content\/uploads\/2025\/01\/captura-de-tela-2025-01-27-as-20.17.54.png?fit=1148%2C1074&ssl=1&resize=350%2C200","width":350,"height":200,"srcset":"https:\/\/i0.wp.com\/blogdoprosperi.com\/wp-content\/uploads\/2025\/01\/captura-de-tela-2025-01-27-as-20.17.54.png?fit=1148%2C1074&ssl=1&resize=350%2C200 1x, https:\/\/i0.wp.com\/blogdoprosperi.com\/wp-content\/uploads\/2025\/01\/captura-de-tela-2025-01-27-as-20.17.54.png?fit=1148%2C1074&ssl=1&resize=525%2C300 1.5x, https:\/\/i0.wp.com\/blogdoprosperi.com\/wp-content\/uploads\/2025\/01\/captura-de-tela-2025-01-27-as-20.17.54.png?fit=1148%2C1074&ssl=1&resize=700%2C400 2x, https:\/\/i0.wp.com\/blogdoprosperi.com\/wp-content\/uploads\/2025\/01\/captura-de-tela-2025-01-27-as-20.17.54.png?fit=1148%2C1074&ssl=1&resize=1050%2C600 3x"},"classes":[]},{"id":48898,"url":"https:\/\/blogdoprosperi.com\/?p=48898","url_meta":{"origin":54612,"position":1},"title":"#Cr\u00f4nicaSab\u00e1tica #17 | Neymar Sim, Neymar N\u00e3o e o &#8216;Juiz Ladr\u00e3o&#8217;","author":"Luiz Ant\u00f4nio Pr\u00f3speri","date":"15 de mar\u00e7o de 2025","format":false,"excerpt":"Luiz Ant\u00f4nio Pr\u00f3speri \u2013 15 mar\u00e7o (09h45) \u2013 Neymar abre a semana no domingo passado, dia 9, chorando nos vesti\u00e1rios da Neo Qu\u00edmica Arena, pouco antes de Corinthians vs Santos, valendo vaga na final do Paulist\u00e3o. L\u00e1grimas por um \"desconforto\" no m\u00fasculo da coxa esquerda. Estava impedido de entrar em\u2026","rel":"","context":"Em &quot;futebol&quot;","block_context":{"text":"futebol","link":"https:\/\/blogdoprosperi.com\/?cat=53870"},"img":{"alt_text":"neymar sim, neymar n\u00e3o","src":"https:\/\/i0.wp.com\/blogdoprosperi.com\/wp-content\/uploads\/2022\/11\/52534316743_e5ca84d055_c-1.jpg?fit=799%2C533&ssl=1&resize=350%2C200","width":350,"height":200,"srcset":"https:\/\/i0.wp.com\/blogdoprosperi.com\/wp-content\/uploads\/2022\/11\/52534316743_e5ca84d055_c-1.jpg?fit=799%2C533&ssl=1&resize=350%2C200 1x, https:\/\/i0.wp.com\/blogdoprosperi.com\/wp-content\/uploads\/2022\/11\/52534316743_e5ca84d055_c-1.jpg?fit=799%2C533&ssl=1&resize=525%2C300 1.5x, https:\/\/i0.wp.com\/blogdoprosperi.com\/wp-content\/uploads\/2022\/11\/52534316743_e5ca84d055_c-1.jpg?fit=799%2C533&ssl=1&resize=700%2C400 2x"},"classes":[]},{"id":62592,"url":"https:\/\/blogdoprosperi.com\/?p=62592","url_meta":{"origin":54612,"position":2},"title":"NeymarSantos FC, conhe\u00e7a a metamorfose","author":"Luiz Ant\u00f4nio Pr\u00f3speri","date":"28 de agosto de 2026","format":false,"excerpt":"Luiz Ant\u00f4nio Pr\u00f3speri \u2013 28 agosto 2026 (12h03) Santos Futebol Clube passa por uma metamorfose e se transforma em NeymarSantos FC. A cada dia o clube toma a fei\u00e7\u00e3o do craque, ele pr\u00f3prio criado no \u00fatero da institui\u00e7\u00e3o. Neymar esteve no Santos dos 11 anos de idade at\u00e9 seus 21\u2026","rel":"","context":"Em &quot;\u00daltimas&quot;","block_context":{"text":"\u00daltimas","link":"https:\/\/blogdoprosperi.com\/?cat=283656"},"img":{"alt_text":"","src":"https:\/\/i0.wp.com\/blogdoprosperi.com\/wp-content\/uploads\/2026\/08\/image_d97c1f68.png?fit=1200%2C655&ssl=1&resize=350%2C200","width":350,"height":200,"srcset":"https:\/\/i0.wp.com\/blogdoprosperi.com\/wp-content\/uploads\/2026\/08\/image_d97c1f68.png?fit=1200%2C655&ssl=1&resize=350%2C200 1x, https:\/\/i0.wp.com\/blogdoprosperi.com\/wp-content\/uploads\/2026\/08\/image_d97c1f68.png?fit=1200%2C655&ssl=1&resize=525%2C300 1.5x, https:\/\/i0.wp.com\/blogdoprosperi.com\/wp-content\/uploads\/2026\/08\/image_d97c1f68.png?fit=1200%2C655&ssl=1&resize=700%2C400 2x, https:\/\/i0.wp.com\/blogdoprosperi.com\/wp-content\/uploads\/2026\/08\/image_d97c1f68.png?fit=1200%2C655&ssl=1&resize=1050%2C600 3x"},"classes":[]},{"id":49766,"url":"https:\/\/blogdoprosperi.com\/?p=49766","url_meta":{"origin":54612,"position":3},"title":"Cabe\u00e7as Cortadas | Aberta Temporada de Ca\u00e7a a Treinadores no Brasileir\u00e3o","author":"Luiz Ant\u00f4nio Pr\u00f3speri","date":"14 de abril de 2025","format":false,"excerpt":"Luiz Ant\u00f4nio Pr\u00f3speri \u2013 14 abril (11h49) \u2013 Brasileir\u00e3o 2025 fecha sua terceira rodada com sede a ceifar cabe\u00e7as. Na segunda, os \u00e1rbitros saem escorra\u00e7ados. Dois deles afastados por maus servi\u00e7os prestados. Se instalou o caos. Na terceira, a onda des\u00e1gua na praia oferecendo a demiss\u00e3o de treinadores. Vivemos a\u2026","rel":"","context":"Em &quot;futebol&quot;","block_context":{"text":"futebol","link":"https:\/\/blogdoprosperi.com\/?cat=53870"},"img":{"alt_text":"Aberta temporada jornal\u00edstica de caca aos treinadores","src":"https:\/\/i0.wp.com\/blogdoprosperi.com\/wp-content\/uploads\/2025\/04\/image.webp?fit=800%2C640&ssl=1&resize=350%2C200","width":350,"height":200,"srcset":"https:\/\/i0.wp.com\/blogdoprosperi.com\/wp-content\/uploads\/2025\/04\/image.webp?fit=800%2C640&ssl=1&resize=350%2C200 1x, https:\/\/i0.wp.com\/blogdoprosperi.com\/wp-content\/uploads\/2025\/04\/image.webp?fit=800%2C640&ssl=1&resize=525%2C300 1.5x, https:\/\/i0.wp.com\/blogdoprosperi.com\/wp-content\/uploads\/2025\/04\/image.webp?fit=800%2C640&ssl=1&resize=700%2C400 2x"},"classes":[]},{"id":50497,"url":"https:\/\/blogdoprosperi.com\/?p=50497","url_meta":{"origin":54612,"position":4},"title":"Neymar N\u00e3o Sabe se Fica Nem Sabe se Sai do Santos","author":"Luiz Ant\u00f4nio Pr\u00f3speri","date":"29 de maio de 2025","format":false,"excerpt":"\u2666 'A gente precisa saber se o Santos tem estrutura para abrigar o Neymar' \u2666 'Jornalistas tinham que ter muito cuidado com a sua profiss\u00e3o, t\u00e1 cada dia pior' Luiz Ant\u00f4nio Pr\u00f3speri \u2013 29 maio (17h30) \u2013 Neymar se aproxima de mais uma encruzilhada em sua carreira de jogador. N\u00e3o\u2026","rel":"","context":"Em &quot;futebol&quot;","block_context":{"text":"futebol","link":"https:\/\/blogdoprosperi.com\/?cat=53870"},"img":{"alt_text":"Neymar n\u00e3o sabe se fica ou sai do Santos","src":"https:\/\/i0.wp.com\/blogdoprosperi.com\/wp-content\/uploads\/2025\/05\/captura-de-tela-2025-05-29-as-17.42.16.png?fit=1018%2C584&ssl=1&resize=350%2C200","width":350,"height":200,"srcset":"https:\/\/i0.wp.com\/blogdoprosperi.com\/wp-content\/uploads\/2025\/05\/captura-de-tela-2025-05-29-as-17.42.16.png?fit=1018%2C584&ssl=1&resize=350%2C200 1x, https:\/\/i0.wp.com\/blogdoprosperi.com\/wp-content\/uploads\/2025\/05\/captura-de-tela-2025-05-29-as-17.42.16.png?fit=1018%2C584&ssl=1&resize=525%2C300 1.5x, https:\/\/i0.wp.com\/blogdoprosperi.com\/wp-content\/uploads\/2025\/05\/captura-de-tela-2025-05-29-as-17.42.16.png?fit=1018%2C584&ssl=1&resize=700%2C400 2x"},"classes":[]},{"id":55093,"url":"https:\/\/blogdoprosperi.com\/?p=55093","url_meta":{"origin":54612,"position":5},"title":"#Cr\u00f4nicaSab\u00e1tica #31 | Neymar, Procure Ronaldo Fen\u00f4meno Mais Uma Vez","author":"Luiz Ant\u00f4nio Pr\u00f3speri","date":"20 de setembro de 2025","format":false,"excerpt":"Luiz Ant\u00f4nio Pr\u00f3speri \u2013 20 setembro 2025 (12h59) \u2013 Neymar n\u00e3o acabou. Senten\u00e7a final de sua carreira est\u00e1 longe. Ainda que seus m\u00fasculos teimem a se esgar\u00e7ar m\u00eas a m\u00eas. Na sexta-feira (19\/9), mais um. Agora na coxa direita. Segundo disseram os m\u00e9dicos, a nova les\u00e3o se localiza no reto\u2026","rel":"","context":"Em &quot;cr\u00f4nica&quot;","block_context":{"text":"cr\u00f4nica","link":"https:\/\/blogdoprosperi.com\/?cat=23339"},"img":{"alt_text":"Ronaldo e Neymar, problemas parecidos","src":"https:\/\/i0.wp.com\/blogdoprosperi.com\/wp-content\/uploads\/2025\/09\/ronaldo-diz-que-neymar-maquia-problemas-da-selecao-brasileira-e1739555734478.webp?fit=676%2C381&ssl=1&resize=350%2C200","width":350,"height":200,"srcset":"https:\/\/i0.wp.com\/blogdoprosperi.com\/wp-content\/uploads\/2025\/09\/ronaldo-diz-que-neymar-maquia-problemas-da-selecao-brasileira-e1739555734478.webp?fit=676%2C381&ssl=1&resize=350%2C200 1x, https:\/\/i0.wp.com\/blogdoprosperi.com\/wp-content\/uploads\/2025\/09\/ronaldo-diz-que-neymar-maquia-problemas-da-selecao-brasileira-e1739555734478.webp?fit=676%2C381&ssl=1&resize=525%2C300 1.5x"},"classes":[]}],"jetpack_featured_media_url":"https:\/\/i0.wp.com\/blogdoprosperi.com\/wp-content\/uploads\/2025\/08\/captura-de-tela-2025-08-17-180436.webp?fit=800%2C500&ssl=1","_links":{"self":[{"href":"https:\/\/blogdoprosperi.com\/index.php?rest_route=\/wp\/v2\/posts\/54612","targetHints":{"allow":["GET"]}}],"collection":[{"href":"https:\/\/blogdoprosperi.com\/index.php?rest_route=\/wp\/v2\/posts"}],"about":[{"href":"https:\/\/blogdoprosperi.com\/index.php?rest_route=\/wp\/v2\/types\/post"}],"author":[{"embeddable":true,"href":"https:\/\/blogdoprosperi.com\/index.php?rest_route=\/wp\/v2\/users\/102107496"}],"replies":[{"embeddable":true,"href":"https:\/\/blogdoprosperi.com\/index.php?rest_route=%2Fwp%2Fv2%2Fcomments&post=54612"}],"version-history":[{"count":16,"href":"https:\/\/blogdoprosperi.com\/index.php?rest_route=\/wp\/v2\/posts\/54612\/revisions"}],"predecessor-version":[{"id":54658,"href":"https:\/\/blogdoprosperi.com\/index.php?rest_route=\/wp\/v2\/posts\/54612\/revisions\/54658"}],"wp:featuredmedia":[{"embeddable":true,"href":"https:\/\/blogdoprosperi.com\/index.php?rest_route=\/wp\/v2\/media\/54620"}],"wp:attachment":[{"href":"https:\/\/blogdoprosperi.com\/index.php?rest_route=%2Fwp%2Fv2%2Fmedia&parent=54612"}],"wp:term":[{"taxonomy":"category","embeddable":true,"href":"https:\/\/blogdoprosperi.com\/index.php?rest_route=%2Fwp%2Fv2%2Fcategories&post=54612"},{"taxonomy":"post_tag","embeddable":true,"href":"https:\/\/blogdoprosperi.com\/index.php?rest_route=%2Fwp%2Fv2%2Ftags&post=54612"}],"curies":[{"name":"wp","href":"https:\/\/api.w.org\/{rel}","templated":true}]}}