{"id":54735,"date":"2025-08-25T17:44:14","date_gmt":"2025-08-25T20:44:14","guid":{"rendered":"https:\/\/blogdoprosperi.com\/?p=54735"},"modified":"2025-08-25T18:36:33","modified_gmt":"2025-08-25T21:36:33","slug":"ancelotti-deixa-neymar-fora-da-selecao-e-continuamos-sem-meias-talentosos","status":"publish","type":"post","link":"https:\/\/blogdoprosperi.com\/?p=54735","title":{"rendered":"Ancelotti Deixa Neymar Fora da Sele\u00e7\u00e3o e Continuamos Sem Meias Talentosos"},"content":{"rendered":"<p><em>Luiz Ant\u00f4nio Pr\u00f3speri \u2013 25 agosto 2025 (17h36) \u2013<\/em><\/p>\n<p>Carlo Ancelotti anuncia a lista da Sele\u00e7\u00e3o Brasileira sem Neymar. E manda um recado forte a todos jogadores: quem pensa em jogar na Sele\u00e7\u00e3o precisa de se apresentar na plenitude f\u00edsica. N\u00e3o adianta se credenciar apenas com o nome ou servi\u00e7os prestados ao escrete. Brasil enfrenta Chile no Maracan\u00e3 e Bol\u00edvia em El Alto, dias 4 e 9 de setembro.<\/p>\n<p>&#8220;Um crit\u00e9rio muito importante que a comiss\u00e3o t\u00e9cnica considera \u00e9 o aspecto f\u00edsico. <strong>Jogador que joga pela sele\u00e7\u00e3o tem que estar 100% na sua condi\u00e7\u00e3o f\u00edsica, esse \u00e9 um crit\u00e9rio muito importante para n\u00f3s<\/strong>. Em qualquer posi\u00e7\u00e3o h\u00e1 muita concorr\u00eancia. Laterais, meio-campistas, extremos&#8230; Se o jogador n\u00e3o est\u00e1 100%, posso sem problemas chamar a outro&#8221; \u2013 Ancelotti.<\/p>\n<p>Presta aten\u00e7\u00e3o, Neymar. \u00c9 preciso estar em forma. Ancelotti n\u00e3o admite engana\u00e7\u00f5es.<\/p>\n<blockquote><p>Nessa segunda convoca\u00e7\u00e3o h\u00e1 novos jogadores. Neymar n\u00e3o est\u00e1, ele teve um pequeno problema na \u00faltima semana. Mas Neymar n\u00e3o precisamos test\u00e1-lo, todo mundo conhece Neymar, a comiss\u00e3o, a Sele\u00e7\u00e3o, os torcedores do Brasil conhecem Neymar. <strong>Como todos os outros, Neymar tem que estar numa boa condi\u00e7\u00e3o f\u00edsica para ajudar a sele\u00e7\u00e3o nacional a fazer as coisas bem na Copa do Mundo&#8221;<\/strong> \u2013 Ancelotti<\/p>\n<\/blockquote>\n<p>Sem o \u00eddolo maior do escrete, Carletto elenca nesta convoca\u00e7\u00e3o nove jogadores que se enquadram no perfil de novidades tendo a primeira lista do italiano (jogos contra Equador e Paraguai em junho) como par\u00e2metro. Anote a\u00ed:<\/p>\n<p>Caio Henrique (lateral-esquerdo, Monaco), Gabriel Magalh\u00e3es (zagueiro, Arsenal), Fabr\u00edcio Bruno (zagueiro, Cruzeiro), Douglas Santos (lateral-esquerdo, Zenit), Joelinton (meia, Newcastle), Lucas Paquet\u00e1 (meia, West Ham), Luiz Enrique (atacante, Zenit), Jo\u00e3o Pedro (atacante, Chelsea), Kaio Jorge (atacante, Cruzeiro).<\/p>\n<p>Ancelotti esclarece que a convoca\u00e7\u00e3o de agora serve mais para conhecer os jogadores de perto, como se comportam.<\/p>\n<p>&#8220;\u00c9 uma lista que mudou um pouco em rela\u00e7\u00e3o \u00e0 primeira convoca\u00e7\u00e3o, contra Equador e Paraguai. Tem oito jogadores que n\u00e3o est\u00e3o agora, como <strong>Carlos Augusto, Beraldo, L\u00e9o Ortiz, Danilo, Andreas Pereira, G\u00e9rson, Antony e Vini Jr<\/strong>. N\u00e3o est\u00e3o porque a ideia que tenho \u00e9 conhecer novos jogadores que eu n\u00e3o conhe\u00e7o bem em rela\u00e7\u00e3o \u00e0 perfil pessoal. Tecnicamente eu conhe\u00e7o todos os jogadores, todos. Quero conhecer outros que podem ajudar a Sele\u00e7\u00e3o a fazer as coisas bem.&#8221;<\/p>\n<p>Tudo muito bem, tudo certo, mas continuamos sem luz no setor de meio-campo. Os nomes s\u00e3o os mesmos de sempre. E, c\u00e1 entre n\u00f3s, pouco criativos. A r\u00e9gua at\u00e9 aqui \u00e9 for\u00e7a f\u00edsica, disposi\u00e7\u00e3o do ir e voltar como rob\u00f4s.<\/p>\n<p>Ser\u00e1 que n\u00e3o temos meias extraclasse? Aqueles condutores de requinte da defesa ao ataque?<\/p>\n<p>Mesmo com muita boa vontade n\u00e3o me parece que Casemiro, Andrey Santos, Bruno Guimar\u00e3es, Joelinton e o Pa-que-t\u00e1 (com perd\u00e3o do jornalista Bob Fernandes) t\u00eam patente de g\u00eanios do meio-campo.<\/p>\n<p>Sele\u00e7\u00e3o Brasileira precisa urgente formar uma meiuca de respeito at\u00e9 Copa do Mundo.<\/p>\n<p><a href=\"https:\/\/x.com\/cbf_futebol\/status\/1960077613416038911?s=46&amp;t=tbmKTsVpQpXFyYzbeWidVg\">https:\/\/x.com\/cbf_futebol\/status\/1960077613416038911?s=46&amp;t=tbmKTsVpQpXFyYzbeWidVg<\/a><\/p>\n<figure id=\"attachment_54746\" aria-describedby=\"caption-attachment-54746\" style=\"width: 503px\" class=\"wp-caption alignnone\"><img data-recalc-dims=\"1\" loading=\"lazy\" decoding=\"async\" data-attachment-id=\"54746\" data-permalink=\"https:\/\/blogdoprosperi.com\/?attachment_id=54746\" data-orig-file=\"https:\/\/i0.wp.com\/blogdoprosperi.com\/wp-content\/uploads\/2025\/08\/gzolngsxuaawz5g.jpeg?fit=960%2C1200&amp;ssl=1\" data-orig-size=\"960,1200\" data-comments-opened=\"1\" data-image-meta=\"{&quot;aperture&quot;:&quot;0&quot;,&quot;credit&quot;:&quot;&quot;,&quot;camera&quot;:&quot;&quot;,&quot;caption&quot;:&quot;&quot;,&quot;created_timestamp&quot;:&quot;0&quot;,&quot;copyright&quot;:&quot;&quot;,&quot;focal_length&quot;:&quot;0&quot;,&quot;iso&quot;:&quot;0&quot;,&quot;shutter_speed&quot;:&quot;0&quot;,&quot;title&quot;:&quot;&quot;,&quot;orientation&quot;:&quot;0&quot;}\" data-image-title=\"Os 25 de Ancelotti\" data-image-description=\"\" data-image-caption=\"&lt;p&gt;imagem: CBF oficial&lt;\/p&gt;\n\" data-large-file=\"https:\/\/i0.wp.com\/blogdoprosperi.com\/wp-content\/uploads\/2025\/08\/gzolngsxuaawz5g.jpeg?fit=819%2C1024&amp;ssl=1\" src=\"https:\/\/i0.wp.com\/blogdoprosperi.com\/wp-content\/uploads\/2025\/08\/gzolngsxuaawz5g.jpeg?resize=503%2C629&#038;ssl=1\" class=\"wp-image-54746\" alt=\"Ancelotti sem Neymar\" width=\"503\" height=\"629\"><figcaption id=\"caption-attachment-54746\" class=\"wp-caption-text\">imagem: CBF oficial<\/figcaption><\/figure>\n<hr>\n<p><em>em tempo: a charge de abertura desse post foi publicada em 1970 ap\u00f3s a conquista do Tri na Copa do M\u00e9xico. \u00c9 uma homenagem ao genial cartunista Jaguar, que nos deixou aos 93 anos, domingo (24\/8), de futebol e cerveja. Int\u00e9, mestre!<\/em><\/p>\n<hr>\n<p>&nbsp;<\/p>\n","protected":false},"excerpt":{"rendered":"<p>Luiz Ant\u00f4nio Pr\u00f3speri \u2013 25 agosto 2025 (17h36) \u2013 Carlo Ancelotti anuncia a lista da Sele\u00e7\u00e3o Brasileira sem [&hellip;]<\/p>\n","protected":false},"author":102107496,"featured_media":54747,"comment_status":"open","ping_status":"open","sticky":false,"template":"","format":"standard","meta":{"_coblocks_attr":"","_coblocks_dimensions":"","_coblocks_responsive_height":"","_coblocks_accordion_ie_support":"","_jetpack_newsletter_access":"","_jetpack_dont_email_post_to_subs":false,"_jetpack_newsletter_tier_id":0,"_jetpack_memberships_contains_paywalled_content":false,"_wpcom_ai_launchpad_first_post":false,"_jetpack_feature_clip_id":0,"_jetpack_memberships_contains_paid_content":false,"footnotes":"","jetpack_publicize_message":"","jetpack_publicize_feature_enabled":true,"jetpack_social_post_already_shared":false,"jetpack_social_options":{"image_generator_settings":{"template":"highway","default_image_id":0,"font":"","enabled":false},"version":2},"jetpack_post_was_ever_published":false},"categories":[53870,38115653,174694],"tags":[56500388,789560569,783645257,722275526,4112146,10149860,13475184],"class_list":["post-54735","post","type-post","status-publish","format-standard","has-post-thumbnail","hentry","category-futebol","category-luiz-antonio-prosperi","category-selecao-brasileira","tag-carloancelotti","tag-cbf","tag-eliminatoriascopa2026","tag-kaiojorge","tag-neymar","tag-selecaobrasileira","tag-ue-se"],"yoast_head":"<!-- This site is optimized with the Yoast SEO plugin v28.3 - https:\/\/yoast.com\/product\/yoast-seo-wordpress\/ -->\n<title>Ancelotti Deixa Neymar Fora da Sele\u00e7\u00e3o e Continuamos Sem Meias Talentosos - PR\u00d3SPERI NEWS<\/title>\n<meta name=\"robots\" content=\"index, follow, max-snippet:-1, max-image-preview:large, max-video-preview:-1\" \/>\n<link rel=\"canonical\" href=\"https:\/\/blogdoprosperi.com\/?p=54735\" \/>\n<meta property=\"og:locale\" content=\"pt_BR\" \/>\n<meta property=\"og:type\" content=\"article\" \/>\n<meta property=\"og:title\" content=\"Ancelotti Deixa Neymar Fora da Sele\u00e7\u00e3o e Continuamos Sem Meias Talentosos - PR\u00d3SPERI NEWS\" \/>\n<meta property=\"og:description\" content=\"Luiz Ant\u00f4nio Pr\u00f3speri \u2013 25 agosto 2025 (17h36) \u2013 Carlo Ancelotti anuncia a lista da Sele\u00e7\u00e3o Brasileira sem [&hellip;]\" \/>\n<meta property=\"og:url\" content=\"https:\/\/blogdoprosperi.com\/?p=54735\" \/>\n<meta property=\"og:site_name\" content=\"PR\u00d3SPERI NEWS\" \/>\n<meta property=\"article:publisher\" content=\"Luiz Pr\u00f3speri\" \/>\n<meta property=\"article:author\" content=\"Luiz Pr\u00f3speri\" \/>\n<meta property=\"article:published_time\" content=\"2025-08-25T20:44:14+00:00\" \/>\n<meta property=\"article:modified_time\" content=\"2025-08-25T21:36:33+00:00\" \/>\n<meta property=\"og:image\" content=\"https:\/\/i0.wp.com\/blogdoprosperi.com\/wp-content\/uploads\/2025\/08\/captura-de-tela-2025-08-25-as-16.47.50.png?fit=1292%2C716&ssl=1\" \/>\n\t<meta property=\"og:image:width\" content=\"1292\" \/>\n\t<meta property=\"og:image:height\" content=\"716\" \/>\n\t<meta property=\"og:image:type\" content=\"image\/png\" \/>\n<meta name=\"author\" content=\"Luiz Ant\u00f4nio Pr\u00f3speri\" \/>\n<meta name=\"twitter:card\" content=\"summary_large_image\" \/>\n<meta name=\"twitter:creator\" content=\"@Luizprosperi\" \/>\n<meta name=\"twitter:site\" content=\"@Luizprosperi\" \/>\n<meta name=\"twitter:label1\" content=\"Escrito por\" \/>\n\t<meta name=\"twitter:data1\" content=\"Luiz Ant\u00f4nio Pr\u00f3speri\" \/>\n\t<meta name=\"twitter:label2\" content=\"Est. tempo de leitura\" \/>\n\t<meta name=\"twitter:data2\" content=\"3 minutos\" \/>\n<script type=\"application\/ld+json\" class=\"yoast-schema-graph\">{\"@context\":\"https:\\\/\\\/schema.org\",\"@graph\":[{\"@type\":\"Article\",\"@id\":\"https:\\\/\\\/blogdoprosperi.com\\\/?p=54735#article\",\"isPartOf\":{\"@id\":\"https:\\\/\\\/blogdoprosperi.com\\\/?p=54735\"},\"author\":{\"name\":\"Luiz Ant\u00f4nio Pr\u00f3speri\",\"@id\":\"https:\\\/\\\/blogdoprosperi.com\\\/#\\\/schema\\\/person\\\/38100755ce3601861ee4fab9b5aa78e9\"},\"headline\":\"Ancelotti Deixa Neymar Fora da Sele\u00e7\u00e3o e Continuamos Sem Meias Talentosos\",\"datePublished\":\"2025-08-25T20:44:14+00:00\",\"dateModified\":\"2025-08-25T21:36:33+00:00\",\"mainEntityOfPage\":{\"@id\":\"https:\\\/\\\/blogdoprosperi.com\\\/?p=54735\"},\"wordCount\":592,\"commentCount\":0,\"publisher\":{\"@id\":\"https:\\\/\\\/blogdoprosperi.com\\\/#\\\/schema\\\/person\\\/38100755ce3601861ee4fab9b5aa78e9\"},\"image\":{\"@id\":\"https:\\\/\\\/blogdoprosperi.com\\\/?p=54735#primaryimage\"},\"thumbnailUrl\":\"https:\\\/\\\/i0.wp.com\\\/blogdoprosperi.com\\\/wp-content\\\/uploads\\\/2025\\\/08\\\/captura-de-tela-2025-08-25-as-16.47.50.png?fit=1292%2C716&ssl=1\",\"keywords\":[\"CarloAncelotti\",\"CBF\",\"Eliminat\u00f3riasCopa2026\",\"kaiojorge\",\"Neymar\",\"Sele\u00e7\u00e3oBrasileira\",\"ue se\"],\"articleSection\":[\"futebol\",\"Luiz Ant\u00f4nio Pr\u00f3speri\",\"Sele\u00e7\u00e3o Brasileira\"],\"inLanguage\":\"pt-BR\",\"potentialAction\":[{\"@type\":\"CommentAction\",\"name\":\"Comment\",\"target\":[\"https:\\\/\\\/blogdoprosperi.com\\\/?p=54735#respond\"]}]},{\"@type\":\"WebPage\",\"@id\":\"https:\\\/\\\/blogdoprosperi.com\\\/?p=54735\",\"url\":\"https:\\\/\\\/blogdoprosperi.com\\\/?p=54735\",\"name\":\"Ancelotti Deixa Neymar Fora da Sele\u00e7\u00e3o e Continuamos Sem Meias Talentosos - PR\u00d3SPERI NEWS\",\"isPartOf\":{\"@id\":\"https:\\\/\\\/blogdoprosperi.com\\\/#website\"},\"primaryImageOfPage\":{\"@id\":\"https:\\\/\\\/blogdoprosperi.com\\\/?p=54735#primaryimage\"},\"image\":{\"@id\":\"https:\\\/\\\/blogdoprosperi.com\\\/?p=54735#primaryimage\"},\"thumbnailUrl\":\"https:\\\/\\\/i0.wp.com\\\/blogdoprosperi.com\\\/wp-content\\\/uploads\\\/2025\\\/08\\\/captura-de-tela-2025-08-25-as-16.47.50.png?fit=1292%2C716&ssl=1\",\"datePublished\":\"2025-08-25T20:44:14+00:00\",\"dateModified\":\"2025-08-25T21:36:33+00:00\",\"breadcrumb\":{\"@id\":\"https:\\\/\\\/blogdoprosperi.com\\\/?p=54735#breadcrumb\"},\"inLanguage\":\"pt-BR\",\"potentialAction\":[{\"@type\":\"ReadAction\",\"target\":[\"https:\\\/\\\/blogdoprosperi.com\\\/?p=54735\"]}]},{\"@type\":\"ImageObject\",\"inLanguage\":\"pt-BR\",\"@id\":\"https:\\\/\\\/blogdoprosperi.com\\\/?p=54735#primaryimage\",\"url\":\"https:\\\/\\\/i0.wp.com\\\/blogdoprosperi.com\\\/wp-content\\\/uploads\\\/2025\\\/08\\\/captura-de-tela-2025-08-25-as-16.47.50.png?fit=1292%2C716&ssl=1\",\"contentUrl\":\"https:\\\/\\\/i0.wp.com\\\/blogdoprosperi.com\\\/wp-content\\\/uploads\\\/2025\\\/08\\\/captura-de-tela-2025-08-25-as-16.47.50.png?fit=1292%2C716&ssl=1\",\"width\":1292,\"height\":716,\"caption\":\"Charge de Jaguar com ironias da conquista da Copa de 70 e as mazelas do Brasil \u2013 imagem: Jaguar oficial\"},{\"@type\":\"BreadcrumbList\",\"@id\":\"https:\\\/\\\/blogdoprosperi.com\\\/?p=54735#breadcrumb\",\"itemListElement\":[{\"@type\":\"ListItem\",\"position\":1,\"name\":\"In\u00edcio\",\"item\":\"https:\\\/\\\/blogdoprosperi.com\\\/\"},{\"@type\":\"ListItem\",\"position\":2,\"name\":\"Ancelotti Deixa Neymar Fora da Sele\u00e7\u00e3o e Continuamos Sem Meias Talentosos\"}]},{\"@type\":\"WebSite\",\"@id\":\"https:\\\/\\\/blogdoprosperi.com\\\/#website\",\"url\":\"https:\\\/\\\/blogdoprosperi.com\\\/\",\"name\":\"PR\u00d3SPERI NEWS\",\"description\":\"TUDO \u00c9  FUTEBOL\",\"publisher\":{\"@id\":\"https:\\\/\\\/blogdoprosperi.com\\\/#\\\/schema\\\/person\\\/38100755ce3601861ee4fab9b5aa78e9\"},\"alternateName\":\"blogdoprosperi.com\",\"potentialAction\":[{\"@type\":\"SearchAction\",\"target\":{\"@type\":\"EntryPoint\",\"urlTemplate\":\"https:\\\/\\\/blogdoprosperi.com\\\/?s={search_term_string}\"},\"query-input\":{\"@type\":\"PropertyValueSpecification\",\"valueRequired\":true,\"valueName\":\"search_term_string\"}}],\"inLanguage\":\"pt-BR\"},{\"@type\":[\"Person\",\"Organization\"],\"@id\":\"https:\\\/\\\/blogdoprosperi.com\\\/#\\\/schema\\\/person\\\/38100755ce3601861ee4fab9b5aa78e9\",\"name\":\"Luiz Ant\u00f4nio Pr\u00f3speri\",\"pronouns\":\"ele\",\"image\":{\"@type\":\"ImageObject\",\"inLanguage\":\"pt-BR\",\"@id\":\"https:\\\/\\\/i0.wp.com\\\/blogdoprosperi.com\\\/wp-content\\\/uploads\\\/2026\\\/05\\\/cropped-8059e613-6002-42fa-961e-8e275f575d71-2-5.jpg?fit=1360%2C931&ssl=1\",\"url\":\"https:\\\/\\\/i0.wp.com\\\/blogdoprosperi.com\\\/wp-content\\\/uploads\\\/2026\\\/05\\\/cropped-8059e613-6002-42fa-961e-8e275f575d71-2-5.jpg?fit=1360%2C931&ssl=1\",\"contentUrl\":\"https:\\\/\\\/i0.wp.com\\\/blogdoprosperi.com\\\/wp-content\\\/uploads\\\/2026\\\/05\\\/cropped-8059e613-6002-42fa-961e-8e275f575d71-2-5.jpg?fit=1360%2C931&ssl=1\",\"width\":1360,\"height\":931,\"caption\":\"Luiz Ant\u00f4nio Pr\u00f3speri\"},\"logo\":{\"@id\":\"https:\\\/\\\/i0.wp.com\\\/blogdoprosperi.com\\\/wp-content\\\/uploads\\\/2026\\\/05\\\/cropped-8059e613-6002-42fa-961e-8e275f575d71-2-5.jpg?fit=1360%2C931&ssl=1\"},\"description\":\"Jornalista com carreira dedicada ao esporte. Cobriu 9 Copas do Mundo in loco, 1990 na It\u00e1lia, 1994 nos EUA, 1998 na Fran\u00e7a, 2002 na Coreia do Sul e Jap\u00e3o, 2006 na Alemanha, 2010 na \u00c1frica do Sul, 2014 no Brasil, 2018 na R\u00fassia e 2022 no Qatar. Eurocopas, 1992 na Su\u00e9cia e 1996 na Inglaterra. Copa das Confedera\u00e7\u00f5es de 2005 na Alemanha e 2009 na \u00c1frica do Sul. Rep\u00f3rter e Editor, trabalhou no Jornal da Tarde e Estad\u00e3o, de 1984 a fevereiro de 2016. Colunista, blogueiro. E comentarista de futebol na R\u00e1dio Estad\u00e3o, de 2013 a fevereiro de 2016. Jornalista respons\u00e1vel do \\\"Pr\u00f3speri News\\\" (blogdoprosperi.com).\",\"sameAs\":[\"http:\\\/\\\/blogdoprosperi.com\",\"Luiz Pr\u00f3speri\",\"@luiz_prosperi\",\"https:\\\/\\\/x.com\\\/Luizprosperi\",\"@prosperinacopa\",\"luiz.prosperi@icloud.com\"],\"url\":\"https:\\\/\\\/blogdoprosperi.com\\\/?author=102107496\"}]}<\/script>\n<!-- \/ Yoast SEO plugin. -->","yoast_head_json":{"title":"Ancelotti Deixa Neymar Fora da Sele\u00e7\u00e3o e Continuamos Sem Meias Talentosos - PR\u00d3SPERI NEWS","robots":{"index":"index","follow":"follow","max-snippet":"max-snippet:-1","max-image-preview":"max-image-preview:large","max-video-preview":"max-video-preview:-1"},"canonical":"https:\/\/blogdoprosperi.com\/?p=54735","og_locale":"pt_BR","og_type":"article","og_title":"Ancelotti Deixa Neymar Fora da Sele\u00e7\u00e3o e Continuamos Sem Meias Talentosos - PR\u00d3SPERI NEWS","og_description":"Luiz Ant\u00f4nio Pr\u00f3speri \u2013 25 agosto 2025 (17h36) \u2013 Carlo Ancelotti anuncia a lista da Sele\u00e7\u00e3o Brasileira sem [&hellip;]","og_url":"https:\/\/blogdoprosperi.com\/?p=54735","og_site_name":"PR\u00d3SPERI NEWS","article_publisher":"Luiz Pr\u00f3speri","article_author":"Luiz Pr\u00f3speri","article_published_time":"2025-08-25T20:44:14+00:00","article_modified_time":"2025-08-25T21:36:33+00:00","og_image":[{"width":1292,"height":716,"url":"https:\/\/i0.wp.com\/blogdoprosperi.com\/wp-content\/uploads\/2025\/08\/captura-de-tela-2025-08-25-as-16.47.50.png?fit=1292%2C716&ssl=1","type":"image\/png"}],"author":"Luiz Ant\u00f4nio Pr\u00f3speri","twitter_card":"summary_large_image","twitter_creator":"@Luizprosperi","twitter_site":"@Luizprosperi","twitter_misc":{"Escrito por":"Luiz Ant\u00f4nio Pr\u00f3speri","Est. tempo de leitura":"3 minutos"},"schema":{"@context":"https:\/\/schema.org","@graph":[{"@type":"Article","@id":"https:\/\/blogdoprosperi.com\/?p=54735#article","isPartOf":{"@id":"https:\/\/blogdoprosperi.com\/?p=54735"},"author":{"name":"Luiz Ant\u00f4nio Pr\u00f3speri","@id":"https:\/\/blogdoprosperi.com\/#\/schema\/person\/38100755ce3601861ee4fab9b5aa78e9"},"headline":"Ancelotti Deixa Neymar Fora da Sele\u00e7\u00e3o e Continuamos Sem Meias Talentosos","datePublished":"2025-08-25T20:44:14+00:00","dateModified":"2025-08-25T21:36:33+00:00","mainEntityOfPage":{"@id":"https:\/\/blogdoprosperi.com\/?p=54735"},"wordCount":592,"commentCount":0,"publisher":{"@id":"https:\/\/blogdoprosperi.com\/#\/schema\/person\/38100755ce3601861ee4fab9b5aa78e9"},"image":{"@id":"https:\/\/blogdoprosperi.com\/?p=54735#primaryimage"},"thumbnailUrl":"https:\/\/i0.wp.com\/blogdoprosperi.com\/wp-content\/uploads\/2025\/08\/captura-de-tela-2025-08-25-as-16.47.50.png?fit=1292%2C716&ssl=1","keywords":["CarloAncelotti","CBF","Eliminat\u00f3riasCopa2026","kaiojorge","Neymar","Sele\u00e7\u00e3oBrasileira","ue se"],"articleSection":["futebol","Luiz Ant\u00f4nio Pr\u00f3speri","Sele\u00e7\u00e3o Brasileira"],"inLanguage":"pt-BR","potentialAction":[{"@type":"CommentAction","name":"Comment","target":["https:\/\/blogdoprosperi.com\/?p=54735#respond"]}]},{"@type":"WebPage","@id":"https:\/\/blogdoprosperi.com\/?p=54735","url":"https:\/\/blogdoprosperi.com\/?p=54735","name":"Ancelotti Deixa Neymar Fora da Sele\u00e7\u00e3o e Continuamos Sem Meias Talentosos - PR\u00d3SPERI NEWS","isPartOf":{"@id":"https:\/\/blogdoprosperi.com\/#website"},"primaryImageOfPage":{"@id":"https:\/\/blogdoprosperi.com\/?p=54735#primaryimage"},"image":{"@id":"https:\/\/blogdoprosperi.com\/?p=54735#primaryimage"},"thumbnailUrl":"https:\/\/i0.wp.com\/blogdoprosperi.com\/wp-content\/uploads\/2025\/08\/captura-de-tela-2025-08-25-as-16.47.50.png?fit=1292%2C716&ssl=1","datePublished":"2025-08-25T20:44:14+00:00","dateModified":"2025-08-25T21:36:33+00:00","breadcrumb":{"@id":"https:\/\/blogdoprosperi.com\/?p=54735#breadcrumb"},"inLanguage":"pt-BR","potentialAction":[{"@type":"ReadAction","target":["https:\/\/blogdoprosperi.com\/?p=54735"]}]},{"@type":"ImageObject","inLanguage":"pt-BR","@id":"https:\/\/blogdoprosperi.com\/?p=54735#primaryimage","url":"https:\/\/i0.wp.com\/blogdoprosperi.com\/wp-content\/uploads\/2025\/08\/captura-de-tela-2025-08-25-as-16.47.50.png?fit=1292%2C716&ssl=1","contentUrl":"https:\/\/i0.wp.com\/blogdoprosperi.com\/wp-content\/uploads\/2025\/08\/captura-de-tela-2025-08-25-as-16.47.50.png?fit=1292%2C716&ssl=1","width":1292,"height":716,"caption":"Charge de Jaguar com ironias da conquista da Copa de 70 e as mazelas do Brasil \u2013 imagem: Jaguar oficial"},{"@type":"BreadcrumbList","@id":"https:\/\/blogdoprosperi.com\/?p=54735#breadcrumb","itemListElement":[{"@type":"ListItem","position":1,"name":"In\u00edcio","item":"https:\/\/blogdoprosperi.com\/"},{"@type":"ListItem","position":2,"name":"Ancelotti Deixa Neymar Fora da Sele\u00e7\u00e3o e Continuamos Sem Meias Talentosos"}]},{"@type":"WebSite","@id":"https:\/\/blogdoprosperi.com\/#website","url":"https:\/\/blogdoprosperi.com\/","name":"PR\u00d3SPERI NEWS","description":"TUDO \u00c9  FUTEBOL","publisher":{"@id":"https:\/\/blogdoprosperi.com\/#\/schema\/person\/38100755ce3601861ee4fab9b5aa78e9"},"alternateName":"blogdoprosperi.com","potentialAction":[{"@type":"SearchAction","target":{"@type":"EntryPoint","urlTemplate":"https:\/\/blogdoprosperi.com\/?s={search_term_string}"},"query-input":{"@type":"PropertyValueSpecification","valueRequired":true,"valueName":"search_term_string"}}],"inLanguage":"pt-BR"},{"@type":["Person","Organization"],"@id":"https:\/\/blogdoprosperi.com\/#\/schema\/person\/38100755ce3601861ee4fab9b5aa78e9","name":"Luiz Ant\u00f4nio Pr\u00f3speri","pronouns":"ele","image":{"@type":"ImageObject","inLanguage":"pt-BR","@id":"https:\/\/i0.wp.com\/blogdoprosperi.com\/wp-content\/uploads\/2026\/05\/cropped-8059e613-6002-42fa-961e-8e275f575d71-2-5.jpg?fit=1360%2C931&ssl=1","url":"https:\/\/i0.wp.com\/blogdoprosperi.com\/wp-content\/uploads\/2026\/05\/cropped-8059e613-6002-42fa-961e-8e275f575d71-2-5.jpg?fit=1360%2C931&ssl=1","contentUrl":"https:\/\/i0.wp.com\/blogdoprosperi.com\/wp-content\/uploads\/2026\/05\/cropped-8059e613-6002-42fa-961e-8e275f575d71-2-5.jpg?fit=1360%2C931&ssl=1","width":1360,"height":931,"caption":"Luiz Ant\u00f4nio Pr\u00f3speri"},"logo":{"@id":"https:\/\/i0.wp.com\/blogdoprosperi.com\/wp-content\/uploads\/2026\/05\/cropped-8059e613-6002-42fa-961e-8e275f575d71-2-5.jpg?fit=1360%2C931&ssl=1"},"description":"Jornalista com carreira dedicada ao esporte. Cobriu 9 Copas do Mundo in loco, 1990 na It\u00e1lia, 1994 nos EUA, 1998 na Fran\u00e7a, 2002 na Coreia do Sul e Jap\u00e3o, 2006 na Alemanha, 2010 na \u00c1frica do Sul, 2014 no Brasil, 2018 na R\u00fassia e 2022 no Qatar. Eurocopas, 1992 na Su\u00e9cia e 1996 na Inglaterra. Copa das Confedera\u00e7\u00f5es de 2005 na Alemanha e 2009 na \u00c1frica do Sul. Rep\u00f3rter e Editor, trabalhou no Jornal da Tarde e Estad\u00e3o, de 1984 a fevereiro de 2016. Colunista, blogueiro. E comentarista de futebol na R\u00e1dio Estad\u00e3o, de 2013 a fevereiro de 2016. Jornalista respons\u00e1vel do \"Pr\u00f3speri News\" (blogdoprosperi.com).","sameAs":["http:\/\/blogdoprosperi.com","Luiz Pr\u00f3speri","@luiz_prosperi","https:\/\/x.com\/Luizprosperi","@prosperinacopa","luiz.prosperi@icloud.com"],"url":"https:\/\/blogdoprosperi.com\/?author=102107496"}]}},"jetpack_publicize_connections":[],"jetpack_likes_enabled":false,"jetpack_sharing_enabled":true,"jetpack_shortlink":"https:\/\/wp.me\/p7jvdk-eeP","jetpack-related-posts":[{"id":54816,"url":"https:\/\/blogdoprosperi.com\/?p=54816","url_meta":{"origin":54735,"position":0},"title":"Ancelotti Quer Jogadores Voando na Sele\u00e7\u00e3o Brasileira, Da\u00ed Aus\u00eancia de Neymar","author":"Luiz Ant\u00f4nio Pr\u00f3speri","date":"3 de setembro de 2025","format":false,"excerpt":"Acompanhe entrevista coletiva de Carlo Ancelotti pr\u00e9-jogo Brasil x Chile (quinta-feira, 4\/9). T\u00e9cnico italiano da Sele\u00e7\u00e3o Brasileira refor\u00e7a sua tese de que vai apostar em jogadores que estejam \"voando\" nos crit\u00e9rios t\u00e9cnico e f\u00edsico. O que n\u00e3o \u00e9 o caso de Neymar nesse momento, h\u00e1 menos de um ano da\u2026","rel":"","context":"Em &quot;futebol&quot;","block_context":{"text":"futebol","link":"https:\/\/blogdoprosperi.com\/?cat=53870"},"img":{"alt_text":"Ancelotti \u2013 coletiva pr\u00e9-jogo Brasil x Tun\u00edsia","src":"https:\/\/i0.wp.com\/blogdoprosperi.com\/wp-content\/uploads\/2025\/09\/54761977377_e33290c7f9_c.jpg?fit=800%2C551&ssl=1&resize=350%2C200","width":350,"height":200,"srcset":"https:\/\/i0.wp.com\/blogdoprosperi.com\/wp-content\/uploads\/2025\/09\/54761977377_e33290c7f9_c.jpg?fit=800%2C551&ssl=1&resize=350%2C200 1x, https:\/\/i0.wp.com\/blogdoprosperi.com\/wp-content\/uploads\/2025\/09\/54761977377_e33290c7f9_c.jpg?fit=800%2C551&ssl=1&resize=525%2C300 1.5x, https:\/\/i0.wp.com\/blogdoprosperi.com\/wp-content\/uploads\/2025\/09\/54761977377_e33290c7f9_c.jpg?fit=800%2C551&ssl=1&resize=700%2C400 2x"},"classes":[]},{"id":59068,"url":"https:\/\/blogdoprosperi.com\/?p=59068","url_meta":{"origin":54735,"position":1},"title":"Di\u00e1rio do Neymar (30\/5) \u2013  Ancelotti banca Neymar na Copa","author":"Luiz Ant\u00f4nio Pr\u00f3speri","date":"30 de maio de 2026","format":false,"excerpt":"Luiz Ant\u00f4nio Pr\u00f3speri \u2013 30 maio 2026 (10h30) \u2013 Carlo Ancelotti garante a perman\u00eancia de Neymar na Sele\u00e7\u00e3o Brasileira. T\u00e9cnico do escrete disse neste s\u00e1bado (30\/5) que n\u00e3o haver\u00e1 corte do craque. \"Neymar fica conosco. Se n\u00e3o tiver condi\u00e7\u00f5es no primeiro jogo (contra Marrocos, 13 de junho), vai para o\u2026","rel":"","context":"Em &quot;copa 2026&quot;","block_context":{"text":"copa 2026","link":"https:\/\/blogdoprosperi.com\/?cat=36820279"},"img":{"alt_text":"Neymar fica, garante Ancelotti","src":"https:\/\/i0.wp.com\/blogdoprosperi.com\/wp-content\/uploads\/2026\/05\/Captura-de-Tela-2026-05-30-as-10.47.01.png?fit=1200%2C831&ssl=1&resize=350%2C200","width":350,"height":200,"srcset":"https:\/\/i0.wp.com\/blogdoprosperi.com\/wp-content\/uploads\/2026\/05\/Captura-de-Tela-2026-05-30-as-10.47.01.png?fit=1200%2C831&ssl=1&resize=350%2C200 1x, https:\/\/i0.wp.com\/blogdoprosperi.com\/wp-content\/uploads\/2026\/05\/Captura-de-Tela-2026-05-30-as-10.47.01.png?fit=1200%2C831&ssl=1&resize=525%2C300 1.5x, https:\/\/i0.wp.com\/blogdoprosperi.com\/wp-content\/uploads\/2026\/05\/Captura-de-Tela-2026-05-30-as-10.47.01.png?fit=1200%2C831&ssl=1&resize=700%2C400 2x, https:\/\/i0.wp.com\/blogdoprosperi.com\/wp-content\/uploads\/2026\/05\/Captura-de-Tela-2026-05-30-as-10.47.01.png?fit=1200%2C831&ssl=1&resize=1050%2C600 3x"},"classes":[]},{"id":58299,"url":"https:\/\/blogdoprosperi.com\/?p=58299","url_meta":{"origin":54735,"position":2},"title":"Ancelotti: \u201cVejo o Vinicius como o via no Real Madrid, um jogador espetacular e uma pessoa espetacular que pode decidir uma partida sozinho&#8221;","author":"Luiz Ant\u00f4nio Pr\u00f3speri","date":"13 de maio de 2026","format":false,"excerpt":"\"Os brasileiros t\u00eam um carinho especial pela camisa amarela. Esse amor especial pela Sele\u00e7\u00e3o \u00e9 uma caracter\u00edstica muito forte do Brasil\"","rel":"","context":"Em &quot;copa 2026&quot;","block_context":{"text":"copa 2026","link":"https:\/\/blogdoprosperi.com\/?cat=36820279"},"img":{"alt_text":"Ancelotti elogia Vini Jr","src":"https:\/\/i0.wp.com\/blogdoprosperi.com\/wp-content\/uploads\/2026\/05\/carlo-ancelotti-va-ecarter-vinicius-voici-la-raison.jpg?fit=1200%2C800&ssl=1&resize=350%2C200","width":350,"height":200,"srcset":"https:\/\/i0.wp.com\/blogdoprosperi.com\/wp-content\/uploads\/2026\/05\/carlo-ancelotti-va-ecarter-vinicius-voici-la-raison.jpg?fit=1200%2C800&ssl=1&resize=350%2C200 1x, https:\/\/i0.wp.com\/blogdoprosperi.com\/wp-content\/uploads\/2026\/05\/carlo-ancelotti-va-ecarter-vinicius-voici-la-raison.jpg?fit=1200%2C800&ssl=1&resize=525%2C300 1.5x, https:\/\/i0.wp.com\/blogdoprosperi.com\/wp-content\/uploads\/2026\/05\/carlo-ancelotti-va-ecarter-vinicius-voici-la-raison.jpg?fit=1200%2C800&ssl=1&resize=700%2C400 2x, https:\/\/i0.wp.com\/blogdoprosperi.com\/wp-content\/uploads\/2026\/05\/carlo-ancelotti-va-ecarter-vinicius-voici-la-raison.jpg?fit=1200%2C800&ssl=1&resize=1050%2C600 3x"},"classes":[]},{"id":50697,"url":"https:\/\/blogdoprosperi.com\/?p=50697","url_meta":{"origin":54735,"position":3},"title":"Ancelotti Estreia | Enfim, Uma Sele\u00e7\u00e3o Brasileira Sem Identidade","author":"Luiz Ant\u00f4nio Pr\u00f3speri","date":"5 de junho de 2025","format":false,"excerpt":"\u2660 Gosto de uma equipe que n\u00e3o tenha uma identidade definida \u2660 A camisa do Brasil pesa muito e creio que \u00e9 um grande orgulho vestir, porque eles (jogadores) s\u00e3o os melhores do mundo, entre eles o maior: Pel\u00e9 Luiz Ant\u00f4nio Pr\u00f3speri \u2013 5 de junho (13h05) \u2013 Carlo Ancelotti\u2026","rel":"","context":"Em &quot;futebol&quot;","block_context":{"text":"futebol","link":"https:\/\/blogdoprosperi.com\/?cat=53870"},"img":{"alt_text":"","src":"https:\/\/i0.wp.com\/blogdoprosperi.com\/wp-content\/uploads\/2025\/06\/54566913252_dd8b673611_c.jpg?fit=799%2C548&ssl=1&resize=350%2C200","width":350,"height":200,"srcset":"https:\/\/i0.wp.com\/blogdoprosperi.com\/wp-content\/uploads\/2025\/06\/54566913252_dd8b673611_c.jpg?fit=799%2C548&ssl=1&resize=350%2C200 1x, https:\/\/i0.wp.com\/blogdoprosperi.com\/wp-content\/uploads\/2025\/06\/54566913252_dd8b673611_c.jpg?fit=799%2C548&ssl=1&resize=525%2C300 1.5x, https:\/\/i0.wp.com\/blogdoprosperi.com\/wp-content\/uploads\/2025\/06\/54566913252_dd8b673611_c.jpg?fit=799%2C548&ssl=1&resize=700%2C400 2x"},"classes":[]},{"id":59481,"url":"https:\/\/blogdoprosperi.com\/?p=59481","url_meta":{"origin":54735,"position":4},"title":"Neymar completa um m\u00eas fora do campo e Ancelotti viu o cuspe do Endrick?","author":"Luiz Ant\u00f4nio Pr\u00f3speri","date":"15 de junho de 2026","format":false,"excerpt":"Luiz Ant\u00f4nio Pr\u00f3speri, de Morristown, 15 junho 2026 (19h32) Neymar passa por nova resson\u00e2ncia magn\u00e9tica e n\u00e3o treina. Calend\u00e1rio aponta 28 dias sem ir ao campo nesta segunda-feira (15\/6). E levanta novas suspeitas do antigo futuro do craque na Copa do Mundo. Se esperava por sua presen\u00e7a, pelo menos no\u2026","rel":"","context":"Em &quot;copa 2026&quot;","block_context":{"text":"copa 2026","link":"https:\/\/blogdoprosperi.com\/?cat=36820279"},"img":{"alt_text":"","src":"https:\/\/i0.wp.com\/blogdoprosperi.com\/wp-content\/uploads\/2026\/06\/Captura-de-Tela-2026-06-15-as-19.38.46.png?fit=1200%2C776&ssl=1&resize=350%2C200","width":350,"height":200,"srcset":"https:\/\/i0.wp.com\/blogdoprosperi.com\/wp-content\/uploads\/2026\/06\/Captura-de-Tela-2026-06-15-as-19.38.46.png?fit=1200%2C776&ssl=1&resize=350%2C200 1x, https:\/\/i0.wp.com\/blogdoprosperi.com\/wp-content\/uploads\/2026\/06\/Captura-de-Tela-2026-06-15-as-19.38.46.png?fit=1200%2C776&ssl=1&resize=525%2C300 1.5x, https:\/\/i0.wp.com\/blogdoprosperi.com\/wp-content\/uploads\/2026\/06\/Captura-de-Tela-2026-06-15-as-19.38.46.png?fit=1200%2C776&ssl=1&resize=700%2C400 2x, https:\/\/i0.wp.com\/blogdoprosperi.com\/wp-content\/uploads\/2026\/06\/Captura-de-Tela-2026-06-15-as-19.38.46.png?fit=1200%2C776&ssl=1&resize=1050%2C600 3x"},"classes":[]},{"id":59133,"url":"https:\/\/blogdoprosperi.com\/?p=59133","url_meta":{"origin":54735,"position":5},"title":"Sele\u00e7\u00e3o Brasileira descobre time reserva melhor que o titular","author":"Luiz Ant\u00f4nio Pr\u00f3speri","date":"31 de maio de 2026","format":false,"excerpt":"Luiz Ant\u00f4nio Pr\u00f3speri \u2013 31 maio 2026 (20h55) \u2013 Brasil vence Panam\u00e1 por 6 a 2 no amistoso de despedida rumo \u00e0 Copa do Mundo 2026. Mais de 72 mil torcedores aplaudiram a Sele\u00e7\u00e3o Brasileira no amistoso festivo no Maracan\u00e3 neste domingo (31\/5). Gritaram tamb\u00e9m por Neymar. E perceberam, sem\u2026","rel":"","context":"Em &quot;copa 2026&quot;","block_context":{"text":"copa 2026","link":"https:\/\/blogdoprosperi.com\/?cat=36820279"},"img":{"alt_text":"","src":"https:\/\/i0.wp.com\/blogdoprosperi.com\/wp-content\/uploads\/2026\/05\/Whats_App_Image_2026_05_31_at_19_47_22_1_0b1e348b36.jpg?fit=1200%2C801&ssl=1&resize=350%2C200","width":350,"height":200,"srcset":"https:\/\/i0.wp.com\/blogdoprosperi.com\/wp-content\/uploads\/2026\/05\/Whats_App_Image_2026_05_31_at_19_47_22_1_0b1e348b36.jpg?fit=1200%2C801&ssl=1&resize=350%2C200 1x, https:\/\/i0.wp.com\/blogdoprosperi.com\/wp-content\/uploads\/2026\/05\/Whats_App_Image_2026_05_31_at_19_47_22_1_0b1e348b36.jpg?fit=1200%2C801&ssl=1&resize=525%2C300 1.5x, https:\/\/i0.wp.com\/blogdoprosperi.com\/wp-content\/uploads\/2026\/05\/Whats_App_Image_2026_05_31_at_19_47_22_1_0b1e348b36.jpg?fit=1200%2C801&ssl=1&resize=700%2C400 2x, https:\/\/i0.wp.com\/blogdoprosperi.com\/wp-content\/uploads\/2026\/05\/Whats_App_Image_2026_05_31_at_19_47_22_1_0b1e348b36.jpg?fit=1200%2C801&ssl=1&resize=1050%2C600 3x"},"classes":[]}],"jetpack_featured_media_url":"https:\/\/i0.wp.com\/blogdoprosperi.com\/wp-content\/uploads\/2025\/08\/captura-de-tela-2025-08-25-as-16.47.50.png?fit=1292%2C716&ssl=1","_links":{"self":[{"href":"https:\/\/blogdoprosperi.com\/index.php?rest_route=\/wp\/v2\/posts\/54735","targetHints":{"allow":["GET"]}}],"collection":[{"href":"https:\/\/blogdoprosperi.com\/index.php?rest_route=\/wp\/v2\/posts"}],"about":[{"href":"https:\/\/blogdoprosperi.com\/index.php?rest_route=\/wp\/v2\/types\/post"}],"author":[{"embeddable":true,"href":"https:\/\/blogdoprosperi.com\/index.php?rest_route=\/wp\/v2\/users\/102107496"}],"replies":[{"embeddable":true,"href":"https:\/\/blogdoprosperi.com\/index.php?rest_route=%2Fwp%2Fv2%2Fcomments&post=54735"}],"version-history":[{"count":15,"href":"https:\/\/blogdoprosperi.com\/index.php?rest_route=\/wp\/v2\/posts\/54735\/revisions"}],"predecessor-version":[{"id":54754,"href":"https:\/\/blogdoprosperi.com\/index.php?rest_route=\/wp\/v2\/posts\/54735\/revisions\/54754"}],"wp:featuredmedia":[{"embeddable":true,"href":"https:\/\/blogdoprosperi.com\/index.php?rest_route=\/wp\/v2\/media\/54747"}],"wp:attachment":[{"href":"https:\/\/blogdoprosperi.com\/index.php?rest_route=%2Fwp%2Fv2%2Fmedia&parent=54735"}],"wp:term":[{"taxonomy":"category","embeddable":true,"href":"https:\/\/blogdoprosperi.com\/index.php?rest_route=%2Fwp%2Fv2%2Fcategories&post=54735"},{"taxonomy":"post_tag","embeddable":true,"href":"https:\/\/blogdoprosperi.com\/index.php?rest_route=%2Fwp%2Fv2%2Ftags&post=54735"}],"curies":[{"name":"wp","href":"https:\/\/api.w.org\/{rel}","templated":true}]}}