{"id":54897,"date":"2025-09-09T23:28:56","date_gmt":"2025-09-10T02:28:56","guid":{"rendered":"https:\/\/blogdoprosperi.com\/?p=54897"},"modified":"2025-09-10T06:39:19","modified_gmt":"2025-09-10T09:39:19","slug":"brasil-perde-da-bolivia-e-obriga-ancelotti-a-apertar-o-passo-rumo-a-copa-2026","status":"publish","type":"post","link":"https:\/\/blogdoprosperi.com\/?p=54897","title":{"rendered":"Brasil Perde da Bol\u00edvia e Obriga Ancelotti a Apertar o Passo Rumo \u00e0 Copa 2026"},"content":{"rendered":"<p><em>Luiz Ant\u00f4nio Pr\u00f3speri \u2013 9 setembro 2025 (23h21) \u2013<\/em><\/p>\n<p>Bol\u00edvia vence Brasil por 1 a 0 no est\u00e1dio perto do c\u00e9u, em El Alto, nos arredores de La Paz. Derrota dos amarelos n\u00e3o conta no jogo disputado a mais de 4 mil metros de altitude. O resultado, sim. Sele\u00e7\u00e3o Brasileira fecha a conta nas Eliminat\u00f3rias da Copa do Mundo 2026 com a quinta coloca\u00e7\u00e3o, atr\u00e1s de Argentina, Equador, Uruguai e Col\u00f4mbia. Mais que uma posi\u00e7\u00e3o humilhante para os padr\u00f5es do time pentacampe\u00e3o mundial, a soma de tudo escancara o atraso na prepara\u00e7\u00e3o do Brasil pensando no hexa ano que vem nos Estados Unidos.<\/p>\n<p>\u00c9 isso que interessa. O quanto precisamos andar a passos r\u00e1pidos para chegar na Copa 2026 e jogar com dignidade. Mais: encarar de igual para igual advers\u00e1rios em est\u00e1gios acima da Sele\u00e7\u00e3o. Falamos de Argentina, Espanha, Fran\u00e7a, Portugal e outras de alto quilate que surgem bem na hora do Mundial.<\/p>\n<p>E o que temos at\u00e9 agora? Carlo Ancelotti. Apenas isso e mais nada.<\/p>\n<p>T\u00e9cnico italiano conta apenas quatro jogos no comando do escrete. Pouco, a sugerir que todos os nossos problemas estejam resolvidos. Pouco, tamb\u00e9m, para n\u00e3o levar em considera\u00e7\u00e3o o rid\u00edculo ciclo pr\u00e9-Copa e o enorme tempo perdido na forma\u00e7\u00e3o de uma Sele\u00e7\u00e3o. Contamos a\u00ed desde a sa\u00edda de Tite em dezembro de 2022 e a tortuosa travessia at\u00e9 aqui passando por Ramon Meneses, Fernando Diniz e Dorival J\u00fanior.<\/p>\n<p>Ancelotti, parece, vai por uma trilha certa, sem encruzilhadas. Parece, tamb\u00e9m, j\u00e1 dota o time de uma certa coer\u00eancia na defesa e no ataque. E se serve de jogadores razo\u00e1veis, de bons dotes t\u00e9cnicos e fartura em algumas posi\u00e7\u00f5es.<\/p>\n<p>Cabe ao italiano escolher certo, usar e abusar de seu pragmatismo na condu\u00e7\u00e3o da Sele\u00e7\u00e3o seguindo a mesma cartilha que o levou a ser multicampe\u00e3o por clubes em todos os cantos da Europa.<\/p>\n<p>Carletto tem pouco tempo. No m\u00e1ximo mais sete jogos, todos amistosos, para formar um escrete de respeito. E chegar altivo nos Estados Unidos em junho de 2026, com ou sem Neymar.<\/p>\n<p>Por enquanto, ele n\u00e3o tem culpa de nada. Nem respingos da pior campanha do Brasil na hist\u00f3ria das Eliminat\u00f3rias das Copas mancham seu terno azul-marinho, bem cortado nas melhores alfaiatarias da It\u00e1lia.<\/p>\n","protected":false},"excerpt":{"rendered":"<p>Luiz Ant\u00f4nio Pr\u00f3speri \u2013 9 setembro 2025 (23h21) \u2013 Bol\u00edvia vence Brasil por 1 a 0 no est\u00e1dio [&hellip;]<\/p>\n","protected":false},"author":102107496,"featured_media":54903,"comment_status":"open","ping_status":"open","sticky":false,"template":"","format":"standard","meta":{"_coblocks_attr":"","_coblocks_dimensions":"","_coblocks_responsive_height":"","_coblocks_accordion_ie_support":"","_jetpack_newsletter_access":"","_jetpack_dont_email_post_to_subs":false,"_jetpack_newsletter_tier_id":0,"_jetpack_memberships_contains_paywalled_content":false,"_wpcom_ai_launchpad_first_post":false,"_jetpack_feature_clip_id":0,"_jetpack_memberships_contains_paid_content":false,"footnotes":"","jetpack_publicize_message":"","jetpack_publicize_feature_enabled":true,"jetpack_social_post_already_shared":false,"jetpack_social_options":{"image_generator_settings":{"template":"highway","default_image_id":0,"font":"","enabled":false},"version":2},"jetpack_post_was_ever_published":false},"categories":[53870,38115653,174694],"tags":[38185,56500388,717381363,783984695,10149860,1814220],"class_list":["post-54897","post","type-post","status-publish","format-standard","has-post-thumbnail","hentry","category-futebol","category-luiz-antonio-prosperi","category-selecao-brasileira","tag-brasil","tag-carloancelotti","tag-copadomundo2026","tag-pioreliminatoriasdacopa","tag-selecaobrasileira","tag-tite"],"yoast_head":"<!-- This site is optimized with the Yoast SEO plugin v28.3 - https:\/\/yoast.com\/product\/yoast-seo-wordpress\/ -->\n<title>Brasil Perde da Bol\u00edvia e Obriga Ancelotti a Apertar o Passo Rumo \u00e0 Copa 2026 - PR\u00d3SPERI NEWS<\/title>\n<meta name=\"robots\" content=\"index, follow, max-snippet:-1, max-image-preview:large, max-video-preview:-1\" \/>\n<link rel=\"canonical\" href=\"https:\/\/blogdoprosperi.com\/?p=54897\" \/>\n<meta property=\"og:locale\" content=\"pt_BR\" \/>\n<meta property=\"og:type\" content=\"article\" \/>\n<meta property=\"og:title\" content=\"Brasil Perde da Bol\u00edvia e Obriga Ancelotti a Apertar o Passo Rumo \u00e0 Copa 2026 - PR\u00d3SPERI NEWS\" \/>\n<meta property=\"og:description\" content=\"Luiz Ant\u00f4nio Pr\u00f3speri \u2013 9 setembro 2025 (23h21) \u2013 Bol\u00edvia vence Brasil por 1 a 0 no est\u00e1dio [&hellip;]\" \/>\n<meta property=\"og:url\" content=\"https:\/\/blogdoprosperi.com\/?p=54897\" \/>\n<meta property=\"og:site_name\" content=\"PR\u00d3SPERI NEWS\" \/>\n<meta property=\"article:publisher\" content=\"Luiz Pr\u00f3speri\" \/>\n<meta property=\"article:author\" content=\"Luiz Pr\u00f3speri\" \/>\n<meta property=\"article:published_time\" content=\"2025-09-10T02:28:56+00:00\" \/>\n<meta property=\"article:modified_time\" content=\"2025-09-10T09:39:19+00:00\" \/>\n<meta property=\"og:image\" content=\"https:\/\/i0.wp.com\/blogdoprosperi.com\/wp-content\/uploads\/2025\/09\/53173620432_853fc562e9_o.jpg?fit=3543%2C2362&ssl=1\" \/>\n\t<meta property=\"og:image:width\" content=\"3543\" \/>\n\t<meta property=\"og:image:height\" content=\"2362\" \/>\n\t<meta property=\"og:image:type\" content=\"image\/jpeg\" \/>\n<meta name=\"author\" content=\"Luiz Ant\u00f4nio Pr\u00f3speri\" \/>\n<meta name=\"twitter:card\" content=\"summary_large_image\" \/>\n<meta name=\"twitter:creator\" content=\"@Luizprosperi\" \/>\n<meta name=\"twitter:site\" content=\"@Luizprosperi\" \/>\n<meta name=\"twitter:label1\" content=\"Escrito por\" \/>\n\t<meta name=\"twitter:data1\" content=\"Luiz Ant\u00f4nio Pr\u00f3speri\" \/>\n\t<meta name=\"twitter:label2\" content=\"Est. tempo de leitura\" \/>\n\t<meta name=\"twitter:data2\" content=\"2 minutos\" \/>\n<script type=\"application\/ld+json\" class=\"yoast-schema-graph\">{\"@context\":\"https:\\\/\\\/schema.org\",\"@graph\":[{\"@type\":\"Article\",\"@id\":\"https:\\\/\\\/blogdoprosperi.com\\\/?p=54897#article\",\"isPartOf\":{\"@id\":\"https:\\\/\\\/blogdoprosperi.com\\\/?p=54897\"},\"author\":{\"name\":\"Luiz Ant\u00f4nio Pr\u00f3speri\",\"@id\":\"https:\\\/\\\/blogdoprosperi.com\\\/#\\\/schema\\\/person\\\/38100755ce3601861ee4fab9b5aa78e9\"},\"headline\":\"Brasil Perde da Bol\u00edvia e Obriga Ancelotti a Apertar o Passo Rumo \u00e0 Copa 2026\",\"datePublished\":\"2025-09-10T02:28:56+00:00\",\"dateModified\":\"2025-09-10T09:39:19+00:00\",\"mainEntityOfPage\":{\"@id\":\"https:\\\/\\\/blogdoprosperi.com\\\/?p=54897\"},\"wordCount\":413,\"commentCount\":0,\"publisher\":{\"@id\":\"https:\\\/\\\/blogdoprosperi.com\\\/#\\\/schema\\\/person\\\/38100755ce3601861ee4fab9b5aa78e9\"},\"image\":{\"@id\":\"https:\\\/\\\/blogdoprosperi.com\\\/?p=54897#primaryimage\"},\"thumbnailUrl\":\"https:\\\/\\\/i0.wp.com\\\/blogdoprosperi.com\\\/wp-content\\\/uploads\\\/2025\\\/09\\\/53173620432_853fc562e9_o.jpg?fit=3543%2C2362&ssl=1\",\"keywords\":[\"Brasil\",\"CarloAncelotti\",\"copadomundo2026\",\"PiorEliminat\u00f3riasdaCopa\",\"Sele\u00e7\u00e3oBrasileira\",\"Tite\"],\"articleSection\":[\"futebol\",\"Luiz Ant\u00f4nio Pr\u00f3speri\",\"Sele\u00e7\u00e3o Brasileira\"],\"inLanguage\":\"pt-BR\",\"potentialAction\":[{\"@type\":\"CommentAction\",\"name\":\"Comment\",\"target\":[\"https:\\\/\\\/blogdoprosperi.com\\\/?p=54897#respond\"]}]},{\"@type\":\"WebPage\",\"@id\":\"https:\\\/\\\/blogdoprosperi.com\\\/?p=54897\",\"url\":\"https:\\\/\\\/blogdoprosperi.com\\\/?p=54897\",\"name\":\"Brasil Perde da Bol\u00edvia e Obriga Ancelotti a Apertar o Passo Rumo \u00e0 Copa 2026 - PR\u00d3SPERI NEWS\",\"isPartOf\":{\"@id\":\"https:\\\/\\\/blogdoprosperi.com\\\/#website\"},\"primaryImageOfPage\":{\"@id\":\"https:\\\/\\\/blogdoprosperi.com\\\/?p=54897#primaryimage\"},\"image\":{\"@id\":\"https:\\\/\\\/blogdoprosperi.com\\\/?p=54897#primaryimage\"},\"thumbnailUrl\":\"https:\\\/\\\/i0.wp.com\\\/blogdoprosperi.com\\\/wp-content\\\/uploads\\\/2025\\\/09\\\/53173620432_853fc562e9_o.jpg?fit=3543%2C2362&ssl=1\",\"datePublished\":\"2025-09-10T02:28:56+00:00\",\"dateModified\":\"2025-09-10T09:39:19+00:00\",\"breadcrumb\":{\"@id\":\"https:\\\/\\\/blogdoprosperi.com\\\/?p=54897#breadcrumb\"},\"inLanguage\":\"pt-BR\",\"potentialAction\":[{\"@type\":\"ReadAction\",\"target\":[\"https:\\\/\\\/blogdoprosperi.com\\\/?p=54897\"]}]},{\"@type\":\"ImageObject\",\"inLanguage\":\"pt-BR\",\"@id\":\"https:\\\/\\\/blogdoprosperi.com\\\/?p=54897#primaryimage\",\"url\":\"https:\\\/\\\/i0.wp.com\\\/blogdoprosperi.com\\\/wp-content\\\/uploads\\\/2025\\\/09\\\/53173620432_853fc562e9_o.jpg?fit=3543%2C2362&ssl=1\",\"contentUrl\":\"https:\\\/\\\/i0.wp.com\\\/blogdoprosperi.com\\\/wp-content\\\/uploads\\\/2025\\\/09\\\/53173620432_853fc562e9_o.jpg?fit=3543%2C2362&ssl=1\",\"width\":3543,\"height\":2362,\"caption\":\"Richarlison preso aos bolivianos e \u00e0 altitude \u2013 foto: CBF oficial\"},{\"@type\":\"BreadcrumbList\",\"@id\":\"https:\\\/\\\/blogdoprosperi.com\\\/?p=54897#breadcrumb\",\"itemListElement\":[{\"@type\":\"ListItem\",\"position\":1,\"name\":\"In\u00edcio\",\"item\":\"https:\\\/\\\/blogdoprosperi.com\\\/\"},{\"@type\":\"ListItem\",\"position\":2,\"name\":\"Brasil Perde da Bol\u00edvia e Obriga Ancelotti a Apertar o Passo Rumo \u00e0 Copa 2026\"}]},{\"@type\":\"WebSite\",\"@id\":\"https:\\\/\\\/blogdoprosperi.com\\\/#website\",\"url\":\"https:\\\/\\\/blogdoprosperi.com\\\/\",\"name\":\"PR\u00d3SPERI NEWS\",\"description\":\"TUDO \u00c9  FUTEBOL\",\"publisher\":{\"@id\":\"https:\\\/\\\/blogdoprosperi.com\\\/#\\\/schema\\\/person\\\/38100755ce3601861ee4fab9b5aa78e9\"},\"alternateName\":\"blogdoprosperi.com\",\"potentialAction\":[{\"@type\":\"SearchAction\",\"target\":{\"@type\":\"EntryPoint\",\"urlTemplate\":\"https:\\\/\\\/blogdoprosperi.com\\\/?s={search_term_string}\"},\"query-input\":{\"@type\":\"PropertyValueSpecification\",\"valueRequired\":true,\"valueName\":\"search_term_string\"}}],\"inLanguage\":\"pt-BR\"},{\"@type\":[\"Person\",\"Organization\"],\"@id\":\"https:\\\/\\\/blogdoprosperi.com\\\/#\\\/schema\\\/person\\\/38100755ce3601861ee4fab9b5aa78e9\",\"name\":\"Luiz Ant\u00f4nio Pr\u00f3speri\",\"pronouns\":\"ele\",\"image\":{\"@type\":\"ImageObject\",\"inLanguage\":\"pt-BR\",\"@id\":\"https:\\\/\\\/i0.wp.com\\\/blogdoprosperi.com\\\/wp-content\\\/uploads\\\/2026\\\/05\\\/cropped-8059e613-6002-42fa-961e-8e275f575d71-2-5.jpg?fit=1360%2C931&ssl=1\",\"url\":\"https:\\\/\\\/i0.wp.com\\\/blogdoprosperi.com\\\/wp-content\\\/uploads\\\/2026\\\/05\\\/cropped-8059e613-6002-42fa-961e-8e275f575d71-2-5.jpg?fit=1360%2C931&ssl=1\",\"contentUrl\":\"https:\\\/\\\/i0.wp.com\\\/blogdoprosperi.com\\\/wp-content\\\/uploads\\\/2026\\\/05\\\/cropped-8059e613-6002-42fa-961e-8e275f575d71-2-5.jpg?fit=1360%2C931&ssl=1\",\"width\":1360,\"height\":931,\"caption\":\"Luiz Ant\u00f4nio Pr\u00f3speri\"},\"logo\":{\"@id\":\"https:\\\/\\\/i0.wp.com\\\/blogdoprosperi.com\\\/wp-content\\\/uploads\\\/2026\\\/05\\\/cropped-8059e613-6002-42fa-961e-8e275f575d71-2-5.jpg?fit=1360%2C931&ssl=1\"},\"description\":\"Jornalista com carreira dedicada ao esporte. Cobriu 9 Copas do Mundo in loco, 1990 na It\u00e1lia, 1994 nos EUA, 1998 na Fran\u00e7a, 2002 na Coreia do Sul e Jap\u00e3o, 2006 na Alemanha, 2010 na \u00c1frica do Sul, 2014 no Brasil, 2018 na R\u00fassia e 2022 no Qatar. Eurocopas, 1992 na Su\u00e9cia e 1996 na Inglaterra. Copa das Confedera\u00e7\u00f5es de 2005 na Alemanha e 2009 na \u00c1frica do Sul. Rep\u00f3rter e Editor, trabalhou no Jornal da Tarde e Estad\u00e3o, de 1984 a fevereiro de 2016. Colunista, blogueiro. E comentarista de futebol na R\u00e1dio Estad\u00e3o, de 2013 a fevereiro de 2016. Jornalista respons\u00e1vel do \\\"Pr\u00f3speri News\\\" (blogdoprosperi.com).\",\"sameAs\":[\"http:\\\/\\\/blogdoprosperi.com\",\"Luiz Pr\u00f3speri\",\"@luiz_prosperi\",\"https:\\\/\\\/x.com\\\/Luizprosperi\",\"@prosperinacopa\",\"luiz.prosperi@icloud.com\"],\"url\":\"https:\\\/\\\/blogdoprosperi.com\\\/?author=102107496\"}]}<\/script>\n<!-- \/ Yoast SEO plugin. -->","yoast_head_json":{"title":"Brasil Perde da Bol\u00edvia e Obriga Ancelotti a Apertar o Passo Rumo \u00e0 Copa 2026 - PR\u00d3SPERI NEWS","robots":{"index":"index","follow":"follow","max-snippet":"max-snippet:-1","max-image-preview":"max-image-preview:large","max-video-preview":"max-video-preview:-1"},"canonical":"https:\/\/blogdoprosperi.com\/?p=54897","og_locale":"pt_BR","og_type":"article","og_title":"Brasil Perde da Bol\u00edvia e Obriga Ancelotti a Apertar o Passo Rumo \u00e0 Copa 2026 - PR\u00d3SPERI NEWS","og_description":"Luiz Ant\u00f4nio Pr\u00f3speri \u2013 9 setembro 2025 (23h21) \u2013 Bol\u00edvia vence Brasil por 1 a 0 no est\u00e1dio [&hellip;]","og_url":"https:\/\/blogdoprosperi.com\/?p=54897","og_site_name":"PR\u00d3SPERI NEWS","article_publisher":"Luiz Pr\u00f3speri","article_author":"Luiz Pr\u00f3speri","article_published_time":"2025-09-10T02:28:56+00:00","article_modified_time":"2025-09-10T09:39:19+00:00","og_image":[{"width":3543,"height":2362,"url":"https:\/\/i0.wp.com\/blogdoprosperi.com\/wp-content\/uploads\/2025\/09\/53173620432_853fc562e9_o.jpg?fit=3543%2C2362&ssl=1","type":"image\/jpeg"}],"author":"Luiz Ant\u00f4nio Pr\u00f3speri","twitter_card":"summary_large_image","twitter_creator":"@Luizprosperi","twitter_site":"@Luizprosperi","twitter_misc":{"Escrito por":"Luiz Ant\u00f4nio Pr\u00f3speri","Est. tempo de leitura":"2 minutos"},"schema":{"@context":"https:\/\/schema.org","@graph":[{"@type":"Article","@id":"https:\/\/blogdoprosperi.com\/?p=54897#article","isPartOf":{"@id":"https:\/\/blogdoprosperi.com\/?p=54897"},"author":{"name":"Luiz Ant\u00f4nio Pr\u00f3speri","@id":"https:\/\/blogdoprosperi.com\/#\/schema\/person\/38100755ce3601861ee4fab9b5aa78e9"},"headline":"Brasil Perde da Bol\u00edvia e Obriga Ancelotti a Apertar o Passo Rumo \u00e0 Copa 2026","datePublished":"2025-09-10T02:28:56+00:00","dateModified":"2025-09-10T09:39:19+00:00","mainEntityOfPage":{"@id":"https:\/\/blogdoprosperi.com\/?p=54897"},"wordCount":413,"commentCount":0,"publisher":{"@id":"https:\/\/blogdoprosperi.com\/#\/schema\/person\/38100755ce3601861ee4fab9b5aa78e9"},"image":{"@id":"https:\/\/blogdoprosperi.com\/?p=54897#primaryimage"},"thumbnailUrl":"https:\/\/i0.wp.com\/blogdoprosperi.com\/wp-content\/uploads\/2025\/09\/53173620432_853fc562e9_o.jpg?fit=3543%2C2362&ssl=1","keywords":["Brasil","CarloAncelotti","copadomundo2026","PiorEliminat\u00f3riasdaCopa","Sele\u00e7\u00e3oBrasileira","Tite"],"articleSection":["futebol","Luiz Ant\u00f4nio Pr\u00f3speri","Sele\u00e7\u00e3o Brasileira"],"inLanguage":"pt-BR","potentialAction":[{"@type":"CommentAction","name":"Comment","target":["https:\/\/blogdoprosperi.com\/?p=54897#respond"]}]},{"@type":"WebPage","@id":"https:\/\/blogdoprosperi.com\/?p=54897","url":"https:\/\/blogdoprosperi.com\/?p=54897","name":"Brasil Perde da Bol\u00edvia e Obriga Ancelotti a Apertar o Passo Rumo \u00e0 Copa 2026 - PR\u00d3SPERI NEWS","isPartOf":{"@id":"https:\/\/blogdoprosperi.com\/#website"},"primaryImageOfPage":{"@id":"https:\/\/blogdoprosperi.com\/?p=54897#primaryimage"},"image":{"@id":"https:\/\/blogdoprosperi.com\/?p=54897#primaryimage"},"thumbnailUrl":"https:\/\/i0.wp.com\/blogdoprosperi.com\/wp-content\/uploads\/2025\/09\/53173620432_853fc562e9_o.jpg?fit=3543%2C2362&ssl=1","datePublished":"2025-09-10T02:28:56+00:00","dateModified":"2025-09-10T09:39:19+00:00","breadcrumb":{"@id":"https:\/\/blogdoprosperi.com\/?p=54897#breadcrumb"},"inLanguage":"pt-BR","potentialAction":[{"@type":"ReadAction","target":["https:\/\/blogdoprosperi.com\/?p=54897"]}]},{"@type":"ImageObject","inLanguage":"pt-BR","@id":"https:\/\/blogdoprosperi.com\/?p=54897#primaryimage","url":"https:\/\/i0.wp.com\/blogdoprosperi.com\/wp-content\/uploads\/2025\/09\/53173620432_853fc562e9_o.jpg?fit=3543%2C2362&ssl=1","contentUrl":"https:\/\/i0.wp.com\/blogdoprosperi.com\/wp-content\/uploads\/2025\/09\/53173620432_853fc562e9_o.jpg?fit=3543%2C2362&ssl=1","width":3543,"height":2362,"caption":"Richarlison preso aos bolivianos e \u00e0 altitude \u2013 foto: CBF oficial"},{"@type":"BreadcrumbList","@id":"https:\/\/blogdoprosperi.com\/?p=54897#breadcrumb","itemListElement":[{"@type":"ListItem","position":1,"name":"In\u00edcio","item":"https:\/\/blogdoprosperi.com\/"},{"@type":"ListItem","position":2,"name":"Brasil Perde da Bol\u00edvia e Obriga Ancelotti a Apertar o Passo Rumo \u00e0 Copa 2026"}]},{"@type":"WebSite","@id":"https:\/\/blogdoprosperi.com\/#website","url":"https:\/\/blogdoprosperi.com\/","name":"PR\u00d3SPERI NEWS","description":"TUDO \u00c9  FUTEBOL","publisher":{"@id":"https:\/\/blogdoprosperi.com\/#\/schema\/person\/38100755ce3601861ee4fab9b5aa78e9"},"alternateName":"blogdoprosperi.com","potentialAction":[{"@type":"SearchAction","target":{"@type":"EntryPoint","urlTemplate":"https:\/\/blogdoprosperi.com\/?s={search_term_string}"},"query-input":{"@type":"PropertyValueSpecification","valueRequired":true,"valueName":"search_term_string"}}],"inLanguage":"pt-BR"},{"@type":["Person","Organization"],"@id":"https:\/\/blogdoprosperi.com\/#\/schema\/person\/38100755ce3601861ee4fab9b5aa78e9","name":"Luiz Ant\u00f4nio Pr\u00f3speri","pronouns":"ele","image":{"@type":"ImageObject","inLanguage":"pt-BR","@id":"https:\/\/i0.wp.com\/blogdoprosperi.com\/wp-content\/uploads\/2026\/05\/cropped-8059e613-6002-42fa-961e-8e275f575d71-2-5.jpg?fit=1360%2C931&ssl=1","url":"https:\/\/i0.wp.com\/blogdoprosperi.com\/wp-content\/uploads\/2026\/05\/cropped-8059e613-6002-42fa-961e-8e275f575d71-2-5.jpg?fit=1360%2C931&ssl=1","contentUrl":"https:\/\/i0.wp.com\/blogdoprosperi.com\/wp-content\/uploads\/2026\/05\/cropped-8059e613-6002-42fa-961e-8e275f575d71-2-5.jpg?fit=1360%2C931&ssl=1","width":1360,"height":931,"caption":"Luiz Ant\u00f4nio Pr\u00f3speri"},"logo":{"@id":"https:\/\/i0.wp.com\/blogdoprosperi.com\/wp-content\/uploads\/2026\/05\/cropped-8059e613-6002-42fa-961e-8e275f575d71-2-5.jpg?fit=1360%2C931&ssl=1"},"description":"Jornalista com carreira dedicada ao esporte. Cobriu 9 Copas do Mundo in loco, 1990 na It\u00e1lia, 1994 nos EUA, 1998 na Fran\u00e7a, 2002 na Coreia do Sul e Jap\u00e3o, 2006 na Alemanha, 2010 na \u00c1frica do Sul, 2014 no Brasil, 2018 na R\u00fassia e 2022 no Qatar. Eurocopas, 1992 na Su\u00e9cia e 1996 na Inglaterra. Copa das Confedera\u00e7\u00f5es de 2005 na Alemanha e 2009 na \u00c1frica do Sul. Rep\u00f3rter e Editor, trabalhou no Jornal da Tarde e Estad\u00e3o, de 1984 a fevereiro de 2016. Colunista, blogueiro. E comentarista de futebol na R\u00e1dio Estad\u00e3o, de 2013 a fevereiro de 2016. Jornalista respons\u00e1vel do \"Pr\u00f3speri News\" (blogdoprosperi.com).","sameAs":["http:\/\/blogdoprosperi.com","Luiz Pr\u00f3speri","@luiz_prosperi","https:\/\/x.com\/Luizprosperi","@prosperinacopa","luiz.prosperi@icloud.com"],"url":"https:\/\/blogdoprosperi.com\/?author=102107496"}]}},"jetpack_publicize_connections":[],"jetpack_likes_enabled":false,"jetpack_sharing_enabled":true,"jetpack_shortlink":"https:\/\/wp.me\/p7jvdk-ehr","jetpack-related-posts":[{"id":61855,"url":"https:\/\/blogdoprosperi.com\/?p=61855","url_meta":{"origin":54897,"position":0},"title":"Ao Vivo no YouTube | Amistoso Sub-20:  Brasil x Bol\u00edvia \u2013 domingo (09\/8)","author":"Luiz Ant\u00f4nio Pr\u00f3speri","date":"9 de agosto de 2026","format":false,"excerpt":"Acompanhe no YouTube amistoso da Sele\u00e7\u00e3o Brasileira Sub-20 contra a Bol\u00edvia. Gera\u00e7\u00e3o da Copa do Mundo 2030 em campo. No canal CBF TV oficial: https:\/\/www.youtube.com\/live\/HJMnLBv_pwQ?si=MByRoftoWuVt7x_2","rel":"","context":"Em &quot;CBF&quot;","block_context":{"text":"CBF","link":"https:\/\/blogdoprosperi.com\/?cat=570700"},"img":{"alt_text":"","src":"https:\/\/i0.wp.com\/img.youtube.com\/vi\/\/0.jpg?resize=350%2C200","width":350,"height":200},"classes":[]},{"id":55940,"url":"https:\/\/blogdoprosperi.com\/?p=55940","url_meta":{"origin":54897,"position":1},"title":"Entenda Tabela da Copa 2026 e Conhe\u00e7a Caminhos do Brasil em Busca do Hexa","author":"Luiz Ant\u00f4nio Pr\u00f3speri","date":"6 de dezembro de 2025","format":false,"excerpt":"Luiz Ant\u00f4nio Pr\u00f3speri \u2013 6 dezembro (15h23) \u2013 Fifa divulga a tabela completa da Copa do Mundo de 2026 com datas, locais e hor\u00e1rios dos jogos distribu\u00eddos em 16 cidades entre M\u00e9xico, Canad\u00e1 e M\u00e9xico. Brasil est\u00e1 no Grupo C, ao lado de Marrocos, Haiti e Esc\u00f3cia. Sele\u00e7\u00e3o Brasileira\u00a0vai jogar\u2026","rel":"","context":"Em &quot;copa do mundo 2026&quot;","block_context":{"text":"copa do mundo 2026","link":"https:\/\/blogdoprosperi.com\/?cat=115102077"},"img":{"alt_text":"Trionda, a bola da Copa 2026","src":"https:\/\/i0.wp.com\/blogdoprosperi.com\/wp-content\/uploads\/2025\/10\/copa-do-mundo-2026-conheca-a-trionda-bola-oficial-0021348700202510040824-8.webp?fit=900%2C506&ssl=1&resize=350%2C200","width":350,"height":200,"srcset":"https:\/\/i0.wp.com\/blogdoprosperi.com\/wp-content\/uploads\/2025\/10\/copa-do-mundo-2026-conheca-a-trionda-bola-oficial-0021348700202510040824-8.webp?fit=900%2C506&ssl=1&resize=350%2C200 1x, https:\/\/i0.wp.com\/blogdoprosperi.com\/wp-content\/uploads\/2025\/10\/copa-do-mundo-2026-conheca-a-trionda-bola-oficial-0021348700202510040824-8.webp?fit=900%2C506&ssl=1&resize=525%2C300 1.5x, https:\/\/i0.wp.com\/blogdoprosperi.com\/wp-content\/uploads\/2025\/10\/copa-do-mundo-2026-conheca-a-trionda-bola-oficial-0021348700202510040824-8.webp?fit=900%2C506&ssl=1&resize=700%2C400 2x"},"classes":[]},{"id":46440,"url":"https:\/\/blogdoprosperi.com\/?p=46440","url_meta":{"origin":54897,"position":2},"title":"Brasil 1 x 1 Uruguai | Dorival J\u00e1 Pode Pegar o Bon\u00e9 e a CBF Assumir a Culpa","author":"Luiz Ant\u00f4nio Pr\u00f3speri","date":"19 de novembro de 2024","format":false,"excerpt":"Luiz Ant\u00f4nio Pr\u00f3speri \u2013 19 novembro (23h50) \u2013 Voc\u00ea ficou acordado at\u00e9 o fim do jogo do Brasil contra o Uruguai nessa v\u00e9spera de feriado? Se sim, gostou do que viu? Penso que n\u00e3o. Sele\u00e7\u00e3o Brasileira n\u00e3o agrada a mais ningu\u00e9m. CBF tem culpa nesse processo negativo. Aposta em Dorival\u2026","rel":"","context":"Em &quot;futebol&quot;","block_context":{"text":"futebol","link":"https:\/\/blogdoprosperi.com\/?cat=53870"},"img":{"alt_text":"Dorival j\u00e1 pode pegar o bon\u00e9, Brasil 1 x 1 Uruguai","src":"https:\/\/i0.wp.com\/blogdoprosperi.com\/wp-content\/uploads\/2024\/11\/54152431679_b12f641edf_c.jpg?fit=800%2C516&ssl=1&resize=350%2C200","width":350,"height":200,"srcset":"https:\/\/i0.wp.com\/blogdoprosperi.com\/wp-content\/uploads\/2024\/11\/54152431679_b12f641edf_c.jpg?fit=800%2C516&ssl=1&resize=350%2C200 1x, https:\/\/i0.wp.com\/blogdoprosperi.com\/wp-content\/uploads\/2024\/11\/54152431679_b12f641edf_c.jpg?fit=800%2C516&ssl=1&resize=525%2C300 1.5x, https:\/\/i0.wp.com\/blogdoprosperi.com\/wp-content\/uploads\/2024\/11\/54152431679_b12f641edf_c.jpg?fit=800%2C516&ssl=1&resize=700%2C400 2x"},"classes":[]},{"id":45813,"url":"https:\/\/blogdoprosperi.com\/?p=45813","url_meta":{"origin":54897,"position":3},"title":"Brasil Precisa de Mais Brasil nas Eliminat\u00f3rias Sul-Americanas da Copa 2026","author":"Luiz Ant\u00f4nio Pr\u00f3speri","date":"11 de outubro de 2024","format":false,"excerpt":"Luiz Ant\u00f4nio Pr\u00f3speri \u2013 11 outubro (12h00) Botafogo empresta tr\u00eas jogadores \u00e0 Sele\u00e7\u00e3o Brasileira de Dorival Junior. Dois deles \u2013 Ygor Jesus e Luiz Henrique \u2013 convertem os gols da vit\u00f3ria (2 a 1) contra o Chile na quinta-feira (10\/10). O gol dos chilenos foi de Vargas, atacante reserva do\u2026","rel":"","context":"Em &quot;futebol&quot;","block_context":{"text":"futebol","link":"https:\/\/blogdoprosperi.com\/?cat=53870"},"img":{"alt_text":"Brasil precisa de mais Brasil nas Eliminat\u00f3rias","src":"https:\/\/i0.wp.com\/blogdoprosperi.com\/wp-content\/uploads\/2024\/10\/54058732893_a40e895ecc_k.jpg?fit=1200%2C819&ssl=1&resize=350%2C200","width":350,"height":200,"srcset":"https:\/\/i0.wp.com\/blogdoprosperi.com\/wp-content\/uploads\/2024\/10\/54058732893_a40e895ecc_k.jpg?fit=1200%2C819&ssl=1&resize=350%2C200 1x, https:\/\/i0.wp.com\/blogdoprosperi.com\/wp-content\/uploads\/2024\/10\/54058732893_a40e895ecc_k.jpg?fit=1200%2C819&ssl=1&resize=525%2C300 1.5x, https:\/\/i0.wp.com\/blogdoprosperi.com\/wp-content\/uploads\/2024\/10\/54058732893_a40e895ecc_k.jpg?fit=1200%2C819&ssl=1&resize=700%2C400 2x, https:\/\/i0.wp.com\/blogdoprosperi.com\/wp-content\/uploads\/2024\/10\/54058732893_a40e895ecc_k.jpg?fit=1200%2C819&ssl=1&resize=1050%2C600 3x"},"classes":[]},{"id":38636,"url":"https:\/\/blogdoprosperi.com\/?p=38636","url_meta":{"origin":54897,"position":4},"title":"Neymar reaparece na hora mais in\u00fatil","author":"Luiz Ant\u00f4nio Pr\u00f3speri","date":"15 de junho de 2021","format":false,"excerpt":"Neymar aumenta sua cole\u00e7\u00e3o de gols e se amea\u00e7a Pel\u00e9. Reaparece na hora mais in\u00fatil.","rel":"","context":"Em &quot;copa do mundo catar 2022&quot;","block_context":{"text":"copa do mundo catar 2022","link":"https:\/\/blogdoprosperi.com\/?cat=301049609"},"img":{"alt_text":"Neymar nas pegadas de Pel\u00e9","src":"https:\/\/i0.wp.com\/blogdoprosperi.com\/wp-content\/uploads\/2021\/06\/51245390873_a8c7734b13_c.jpg?fit=799%2C533&ssl=1&resize=350%2C200","width":350,"height":200,"srcset":"https:\/\/i0.wp.com\/blogdoprosperi.com\/wp-content\/uploads\/2021\/06\/51245390873_a8c7734b13_c.jpg?fit=799%2C533&ssl=1&resize=350%2C200 1x, https:\/\/i0.wp.com\/blogdoprosperi.com\/wp-content\/uploads\/2021\/06\/51245390873_a8c7734b13_c.jpg?fit=799%2C533&ssl=1&resize=525%2C300 1.5x, https:\/\/i0.wp.com\/blogdoprosperi.com\/wp-content\/uploads\/2021\/06\/51245390873_a8c7734b13_c.jpg?fit=799%2C533&ssl=1&resize=700%2C400 2x"},"classes":[]},{"id":59164,"url":"https:\/\/blogdoprosperi.com\/?p=59164","url_meta":{"origin":54897,"position":5},"title":"Sele\u00e7\u00e3o Brasileira desembarca nos EUA e tem dez dias para cuidar de Neymar e arrumar o time","author":"Luiz Ant\u00f4nio Pr\u00f3speri","date":"2 de junho de 2026","format":false,"excerpt":"Luiz Ant\u00f4nio Pr\u00f3speri \u2013 2 junho 2026 (09h05) \u2013 Sele\u00e7\u00e3o Brasileira est\u00e1 nos Estados Unidos, palco da Copa do Mundo 2026. No desembarque, por volta das 8h30 (hor\u00e1rio de Bras\u00edlia), a delega\u00e7\u00e3o com 91 integrantes, entre jogadores, comiss\u00e3o t\u00e9cnica, dirigentes e funcion\u00e1rios da CBF, chega com uma bagagem de cerca\u2026","rel":"","context":"Em &quot;futebol&quot;","block_context":{"text":"futebol","link":"https:\/\/blogdoprosperi.com\/?cat=53870"},"img":{"alt_text":"","src":"https:\/\/i0.wp.com\/blogdoprosperi.com\/wp-content\/uploads\/2026\/06\/img_9536.jpg?fit=678%2C452&ssl=1&resize=350%2C200","width":350,"height":200,"srcset":"https:\/\/i0.wp.com\/blogdoprosperi.com\/wp-content\/uploads\/2026\/06\/img_9536.jpg?fit=678%2C452&ssl=1&resize=350%2C200 1x, https:\/\/i0.wp.com\/blogdoprosperi.com\/wp-content\/uploads\/2026\/06\/img_9536.jpg?fit=678%2C452&ssl=1&resize=525%2C300 1.5x"},"classes":[]}],"jetpack_featured_media_url":"https:\/\/i0.wp.com\/blogdoprosperi.com\/wp-content\/uploads\/2025\/09\/53173620432_853fc562e9_o.jpg?fit=3543%2C2362&ssl=1","_links":{"self":[{"href":"https:\/\/blogdoprosperi.com\/index.php?rest_route=\/wp\/v2\/posts\/54897","targetHints":{"allow":["GET"]}}],"collection":[{"href":"https:\/\/blogdoprosperi.com\/index.php?rest_route=\/wp\/v2\/posts"}],"about":[{"href":"https:\/\/blogdoprosperi.com\/index.php?rest_route=\/wp\/v2\/types\/post"}],"author":[{"embeddable":true,"href":"https:\/\/blogdoprosperi.com\/index.php?rest_route=\/wp\/v2\/users\/102107496"}],"replies":[{"embeddable":true,"href":"https:\/\/blogdoprosperi.com\/index.php?rest_route=%2Fwp%2Fv2%2Fcomments&post=54897"}],"version-history":[{"count":8,"href":"https:\/\/blogdoprosperi.com\/index.php?rest_route=\/wp\/v2\/posts\/54897\/revisions"}],"predecessor-version":[{"id":54912,"href":"https:\/\/blogdoprosperi.com\/index.php?rest_route=\/wp\/v2\/posts\/54897\/revisions\/54912"}],"wp:featuredmedia":[{"embeddable":true,"href":"https:\/\/blogdoprosperi.com\/index.php?rest_route=\/wp\/v2\/media\/54903"}],"wp:attachment":[{"href":"https:\/\/blogdoprosperi.com\/index.php?rest_route=%2Fwp%2Fv2%2Fmedia&parent=54897"}],"wp:term":[{"taxonomy":"category","embeddable":true,"href":"https:\/\/blogdoprosperi.com\/index.php?rest_route=%2Fwp%2Fv2%2Fcategories&post=54897"},{"taxonomy":"post_tag","embeddable":true,"href":"https:\/\/blogdoprosperi.com\/index.php?rest_route=%2Fwp%2Fv2%2Ftags&post=54897"}],"curies":[{"name":"wp","href":"https:\/\/api.w.org\/{rel}","templated":true}]}}