{"id":54919,"date":"2025-09-13T13:44:56","date_gmt":"2025-09-13T16:44:56","guid":{"rendered":"https:\/\/blogdoprosperi.com\/?p=54919"},"modified":"2025-09-13T15:13:47","modified_gmt":"2025-09-13T18:13:47","slug":"cronicasabatica-30-john-textor-a-forca-da-grana-que-ergue-e-destroi-coisas-belas-no-botafogo","status":"publish","type":"post","link":"https:\/\/blogdoprosperi.com\/?p=54919","title":{"rendered":"#Cr\u00f4nicaSab\u00e1tica #30 | John Textor,  A For\u00e7a da Grana Que Ergue e Destr\u00f3i Coisas Belas no Botafogo"},"content":{"rendered":"<p><em>Luiz Ant\u00f4nio Pr\u00f3speri \u2013 13 setembro 2025 (13h32) \u2013<\/em><\/p>\n<p>John Textor torra algo perto de R$ 716 milh\u00f5es com a contrata\u00e7\u00e3o de 15 jogadores para o Botafogo na temporada de 2025. \u00c9 o l\u00edder de gastan\u00e7a entre os 20 clubes da S\u00e9rie A do Brasileir\u00e3o. Supera o Palmeiras, segundo colocado, com investimento de R$ 713 milh\u00f5es \u2013 dados do site Transfermarkt, especializado em finan\u00e7as do futebol. Tanto dinheiro derramado e nenhum retorno esportivo. Botafogo est\u00e1 fora da Copa do Brasil, eliminado pelo quase falido Vasco, e da Libertadores, pulverizado pela LDU do Equador. Resta um fiapo de esperan\u00e7a no Brasileir\u00e3o. Time da Estrela Solit\u00e1ria ocupa o quinto lugar, 12 pontos atr\u00e1s do Flamengo, primeiro colocado na tabela de classifica\u00e7\u00e3o.<\/p>\n<p>&#8220;Se fosse para enumerar meus erros nessa temporada, ficar\u00edamos a noite inteira aqui contando&#8221;, diz, em ingl\u00eas, um resignado Textor ap\u00f3s derrota nos p\u00eanaltis para o Vasco, quinta-feira (11\/9), no Est\u00e1dio Nilton Santos. Vasco avan\u00e7a \u00e0s semifinais. Botafogo come\u00e7a a lamber suas feridas.<\/p>\n<p>Textor \u00e9 o respons\u00e1vel direto diante do desastre. Despreza in\u00edcio da temporada. Demora a contratar o t\u00e9cnico substituto do portugu\u00eas Artur Jorge, vitorioso em 2024. Aposta em outro portuga, Rafael Paiva, e o joga aos le\u00f5es por n\u00e3o cumprir os princ\u00edpios do tal &#8220;Botafogo Way&#8221;. O que raios seria esse Botafogo Way? Paiva cai ao ser eliminado pelo inimigo Palmeiras nas oitavas de final do Mundial de Clubes.<\/p>\n<p>\u00c0 deriva, navega at\u00e9 a chegada de Davide Ancelotti, o filho do homem, a dirigir o time. Cabe a Ancelottinho a miss\u00e3o de reerguer as coisas belas daquele Botafogo 2024. Ancelottinho n\u00e3o tem o Santo Graal como seu pai parece ter na cura da Sele\u00e7\u00e3o Brasileira. N\u00e3o h\u00e1 milagre que salve tamanhas besteiras e soberbas de Textor.<\/p>\n<p>Enrolado nos seus neg\u00f3cios na empresa Eagle, onde vive \u00e0s turras na Justi\u00e7a, Textor recorre aos pr\u00e9stimos e empr\u00e9stimos do grego Evangelo Marinaks. Firma uma sociedade, ainda n\u00e3o reconhecida em car\u00e1ter oficial, com o messias Marinaks. Jura de p\u00e9s juntos que n\u00e3o vai largar o Botafogo nem mesmo obrigado por ordens judiciais. Botafogo, diz, \u00e9 sua paix\u00e3o. A estrela solit\u00e1ria do seu cora\u00e7\u00e3o.<\/p>\n<p>A torcida, resgatada de seu orgulho pr\u00f3prio depois de d\u00e9cadas apartada do clube por incompetentes dirigentes, ainda acredita nos sonhos vendidos por Textor. Ruim nesse momento, pior sem ele daqui para frente. Atestam na hora de torcer.<\/p>\n<p>Textor tem planos de transferir neg\u00f3cios do Botafogo em uma nova holding de clubes com sede nas Ilhas Cayman, para\u00edso fiscal dos mais famosos do mundo.<\/p>\n<p>Incrustado desde 1912 na rua General Severiano, no bairro do Rio que d\u00e1 nome ao clube, o Botafogo corre risco de ser mais uma v\u00edtima das SAF (Sociedades An\u00f4nimas de Futebol), que se alastram no futebol brasileiro com promessas de dinheiro f\u00e1cil, grandes jogadores e conquistas infind\u00e1veis de ta\u00e7as valiosas.<\/p>\n<p>Textor talvez nunca tenha ouvido o compositor carioca Cartola. Algum botafoguense poderia recomendar a can\u00e7\u00e3o &#8220;O Mundo \u00c9 Um Moinho&#8221;: &#8216;Ainda \u00e9 cedo, amor. Mal come\u00e7aste a conhecer a vida. J\u00e1 anuncias a hora da partida. Sem saber mesmo o rumo que ir\u00e1s tomar&#8230;&#8217;<\/p>\n<p>Melhor seria ouvir Caetano Veloso: &#8230; &#8220;Da for\u00e7a da grana que ergue e destr\u00f3i coisas belas&#8221;. A letra da can\u00e7\u00e3o de Caetano \u00e9 uma liturgia \u00e0 cidade de S\u00e3o Paulo. Mas traduz \u00e0 perfei\u00e7\u00e3o os atos de Textor, John Textor. Botafogo, Botafogo.<\/p>\n","protected":false},"excerpt":{"rendered":"<p>Luiz Ant\u00f4nio Pr\u00f3speri \u2013 13 setembro 2025 (13h32) \u2013 John Textor torra algo perto de R$ 716 milh\u00f5es [&hellip;]<\/p>\n","protected":false},"author":102107496,"featured_media":54927,"comment_status":"open","ping_status":"open","sticky":false,"template":"","format":"standard","meta":{"_coblocks_attr":"","_coblocks_dimensions":"","_coblocks_responsive_height":"","_coblocks_accordion_ie_support":"","_jetpack_newsletter_access":"","_jetpack_dont_email_post_to_subs":false,"_jetpack_newsletter_tier_id":0,"_jetpack_memberships_contains_paywalled_content":false,"_wpcom_ai_launchpad_first_post":false,"_jetpack_feature_clip_id":0,"_jetpack_memberships_contains_paid_content":false,"footnotes":"","jetpack_publicize_message":"","jetpack_publicize_feature_enabled":true,"jetpack_social_post_already_shared":false,"jetpack_social_options":{"image_generator_settings":{"template":"highway","default_image_id":0,"font":"","enabled":false},"version":2},"jetpack_post_was_ever_published":false},"categories":[23339,53870,38115653,3919],"tags":[342801,529845659,9047578,943284,26387986,776637512,77674],"class_list":["post-54919","post","type-post","status-publish","format-standard","has-post-thumbnail","hentry","category-cronica","category-futebol","category-luiz-antonio-prosperi","category-opiniao","tag-botafogo","tag-botafogofr","tag-caetanoveloso","tag-cartola","tag-copadobrasil","tag-johntextor","tag-saf"],"yoast_head":"<!-- This site is optimized with the Yoast SEO plugin v28.4 - https:\/\/yoast.com\/product\/yoast-seo-wordpress\/ -->\n<title>#Cr\u00f4nicaSab\u00e1tica #30 | John Textor, A For\u00e7a da Grana Que Ergue e Destr\u00f3i Coisas Belas no Botafogo - PR\u00d3SPERI NEWS<\/title>\n<meta name=\"robots\" content=\"index, follow, max-snippet:-1, max-image-preview:large, max-video-preview:-1\" \/>\n<link rel=\"canonical\" href=\"https:\/\/blogdoprosperi.com\/?p=54919\" \/>\n<meta property=\"og:locale\" content=\"pt_BR\" \/>\n<meta property=\"og:type\" content=\"article\" \/>\n<meta property=\"og:title\" content=\"#Cr\u00f4nicaSab\u00e1tica #30 | John Textor, A For\u00e7a da Grana Que Ergue e Destr\u00f3i Coisas Belas no Botafogo - PR\u00d3SPERI NEWS\" \/>\n<meta property=\"og:description\" content=\"Luiz Ant\u00f4nio Pr\u00f3speri \u2013 13 setembro 2025 (13h32) \u2013 John Textor torra algo perto de R$ 716 milh\u00f5es [&hellip;]\" \/>\n<meta property=\"og:url\" content=\"https:\/\/blogdoprosperi.com\/?p=54919\" \/>\n<meta property=\"og:site_name\" content=\"PR\u00d3SPERI NEWS\" \/>\n<meta property=\"article:publisher\" content=\"Luiz Pr\u00f3speri\" \/>\n<meta property=\"article:author\" content=\"Luiz Pr\u00f3speri\" \/>\n<meta property=\"article:published_time\" content=\"2025-09-13T16:44:56+00:00\" \/>\n<meta property=\"article:modified_time\" content=\"2025-09-13T18:13:47+00:00\" \/>\n<meta property=\"og:image\" content=\"https:\/\/i0.wp.com\/blogdoprosperi.com\/wp-content\/uploads\/2025\/09\/54780823521_583398706c_c-1.jpg?fit=799%2C533&ssl=1\" \/>\n\t<meta property=\"og:image:width\" content=\"799\" \/>\n\t<meta property=\"og:image:height\" content=\"533\" \/>\n\t<meta property=\"og:image:type\" content=\"image\/jpeg\" \/>\n<meta name=\"author\" content=\"Luiz Ant\u00f4nio Pr\u00f3speri\" \/>\n<meta name=\"twitter:card\" content=\"summary_large_image\" \/>\n<meta name=\"twitter:creator\" content=\"@Luizprosperi\" \/>\n<meta name=\"twitter:site\" content=\"@Luizprosperi\" \/>\n<meta name=\"twitter:label1\" content=\"Escrito por\" \/>\n\t<meta name=\"twitter:data1\" content=\"Luiz Ant\u00f4nio Pr\u00f3speri\" \/>\n\t<meta name=\"twitter:label2\" content=\"Est. tempo de leitura\" \/>\n\t<meta name=\"twitter:data2\" content=\"3 minutos\" \/>\n<script type=\"application\/ld+json\" class=\"yoast-schema-graph\">{\"@context\":\"https:\\\/\\\/schema.org\",\"@graph\":[{\"@type\":\"Article\",\"@id\":\"https:\\\/\\\/blogdoprosperi.com\\\/?p=54919#article\",\"isPartOf\":{\"@id\":\"https:\\\/\\\/blogdoprosperi.com\\\/?p=54919\"},\"author\":{\"name\":\"Luiz Ant\u00f4nio Pr\u00f3speri\",\"@id\":\"https:\\\/\\\/blogdoprosperi.com\\\/#\\\/schema\\\/person\\\/38100755ce3601861ee4fab9b5aa78e9\"},\"headline\":\"#Cr\u00f4nicaSab\u00e1tica #30 | John Textor, A For\u00e7a da Grana Que Ergue e Destr\u00f3i Coisas Belas no Botafogo\",\"datePublished\":\"2025-09-13T16:44:56+00:00\",\"dateModified\":\"2025-09-13T18:13:47+00:00\",\"mainEntityOfPage\":{\"@id\":\"https:\\\/\\\/blogdoprosperi.com\\\/?p=54919\"},\"wordCount\":604,\"commentCount\":0,\"publisher\":{\"@id\":\"https:\\\/\\\/blogdoprosperi.com\\\/#\\\/schema\\\/person\\\/38100755ce3601861ee4fab9b5aa78e9\"},\"image\":{\"@id\":\"https:\\\/\\\/blogdoprosperi.com\\\/?p=54919#primaryimage\"},\"thumbnailUrl\":\"https:\\\/\\\/i0.wp.com\\\/blogdoprosperi.com\\\/wp-content\\\/uploads\\\/2025\\\/09\\\/54780823521_583398706c_c-1.jpg?fit=799%2C533&ssl=1\",\"keywords\":[\"Botafogo\",\"BotafogoFR\",\"CaetanoVeloso\",\"Cartola\",\"CopaDoBrasil\",\"johntextor\",\"saf\"],\"articleSection\":[\"cr\u00f4nica\",\"futebol\",\"Luiz Ant\u00f4nio Pr\u00f3speri\",\"opini\u00e3o\"],\"inLanguage\":\"pt-BR\",\"potentialAction\":[{\"@type\":\"CommentAction\",\"name\":\"Comment\",\"target\":[\"https:\\\/\\\/blogdoprosperi.com\\\/?p=54919#respond\"]}]},{\"@type\":\"WebPage\",\"@id\":\"https:\\\/\\\/blogdoprosperi.com\\\/?p=54919\",\"url\":\"https:\\\/\\\/blogdoprosperi.com\\\/?p=54919\",\"name\":\"#Cr\u00f4nicaSab\u00e1tica #30 | John Textor, A For\u00e7a da Grana Que Ergue e Destr\u00f3i Coisas Belas no Botafogo - PR\u00d3SPERI NEWS\",\"isPartOf\":{\"@id\":\"https:\\\/\\\/blogdoprosperi.com\\\/#website\"},\"primaryImageOfPage\":{\"@id\":\"https:\\\/\\\/blogdoprosperi.com\\\/?p=54919#primaryimage\"},\"image\":{\"@id\":\"https:\\\/\\\/blogdoprosperi.com\\\/?p=54919#primaryimage\"},\"thumbnailUrl\":\"https:\\\/\\\/i0.wp.com\\\/blogdoprosperi.com\\\/wp-content\\\/uploads\\\/2025\\\/09\\\/54780823521_583398706c_c-1.jpg?fit=799%2C533&ssl=1\",\"datePublished\":\"2025-09-13T16:44:56+00:00\",\"dateModified\":\"2025-09-13T18:13:47+00:00\",\"breadcrumb\":{\"@id\":\"https:\\\/\\\/blogdoprosperi.com\\\/?p=54919#breadcrumb\"},\"inLanguage\":\"pt-BR\",\"potentialAction\":[{\"@type\":\"ReadAction\",\"target\":[\"https:\\\/\\\/blogdoprosperi.com\\\/?p=54919\"]}]},{\"@type\":\"ImageObject\",\"inLanguage\":\"pt-BR\",\"@id\":\"https:\\\/\\\/blogdoprosperi.com\\\/?p=54919#primaryimage\",\"url\":\"https:\\\/\\\/i0.wp.com\\\/blogdoprosperi.com\\\/wp-content\\\/uploads\\\/2025\\\/09\\\/54780823521_583398706c_c-1.jpg?fit=799%2C533&ssl=1\",\"contentUrl\":\"https:\\\/\\\/i0.wp.com\\\/blogdoprosperi.com\\\/wp-content\\\/uploads\\\/2025\\\/09\\\/54780823521_583398706c_c-1.jpg?fit=799%2C533&ssl=1\",\"width\":799,\"height\":533,\"caption\":\"Camisa de Danilo nos vesti\u00e1rios do Botafogo - foto: Vitor Silva\\\/Botafogo\"},{\"@type\":\"BreadcrumbList\",\"@id\":\"https:\\\/\\\/blogdoprosperi.com\\\/?p=54919#breadcrumb\",\"itemListElement\":[{\"@type\":\"ListItem\",\"position\":1,\"name\":\"In\u00edcio\",\"item\":\"https:\\\/\\\/blogdoprosperi.com\\\/\"},{\"@type\":\"ListItem\",\"position\":2,\"name\":\"#Cr\u00f4nicaSab\u00e1tica #30 | John Textor, A For\u00e7a da Grana Que Ergue e Destr\u00f3i Coisas Belas no Botafogo\"}]},{\"@type\":\"WebSite\",\"@id\":\"https:\\\/\\\/blogdoprosperi.com\\\/#website\",\"url\":\"https:\\\/\\\/blogdoprosperi.com\\\/\",\"name\":\"PR\u00d3SPERI NEWS\",\"description\":\"TUDO \u00c9  FUTEBOL\",\"publisher\":{\"@id\":\"https:\\\/\\\/blogdoprosperi.com\\\/#\\\/schema\\\/person\\\/38100755ce3601861ee4fab9b5aa78e9\"},\"alternateName\":\"blogdoprosperi.com\",\"potentialAction\":[{\"@type\":\"SearchAction\",\"target\":{\"@type\":\"EntryPoint\",\"urlTemplate\":\"https:\\\/\\\/blogdoprosperi.com\\\/?s={search_term_string}\"},\"query-input\":{\"@type\":\"PropertyValueSpecification\",\"valueRequired\":true,\"valueName\":\"search_term_string\"}}],\"inLanguage\":\"pt-BR\"},{\"@type\":[\"Person\",\"Organization\"],\"@id\":\"https:\\\/\\\/blogdoprosperi.com\\\/#\\\/schema\\\/person\\\/38100755ce3601861ee4fab9b5aa78e9\",\"name\":\"Luiz Ant\u00f4nio Pr\u00f3speri\",\"pronouns\":\"ele\",\"image\":{\"@type\":\"ImageObject\",\"inLanguage\":\"pt-BR\",\"@id\":\"https:\\\/\\\/i0.wp.com\\\/blogdoprosperi.com\\\/wp-content\\\/uploads\\\/2026\\\/05\\\/cropped-8059e613-6002-42fa-961e-8e275f575d71-2-5.jpg?fit=1360%2C931&ssl=1\",\"url\":\"https:\\\/\\\/i0.wp.com\\\/blogdoprosperi.com\\\/wp-content\\\/uploads\\\/2026\\\/05\\\/cropped-8059e613-6002-42fa-961e-8e275f575d71-2-5.jpg?fit=1360%2C931&ssl=1\",\"contentUrl\":\"https:\\\/\\\/i0.wp.com\\\/blogdoprosperi.com\\\/wp-content\\\/uploads\\\/2026\\\/05\\\/cropped-8059e613-6002-42fa-961e-8e275f575d71-2-5.jpg?fit=1360%2C931&ssl=1\",\"width\":1360,\"height\":931,\"caption\":\"Luiz Ant\u00f4nio Pr\u00f3speri\"},\"logo\":{\"@id\":\"https:\\\/\\\/i0.wp.com\\\/blogdoprosperi.com\\\/wp-content\\\/uploads\\\/2026\\\/05\\\/cropped-8059e613-6002-42fa-961e-8e275f575d71-2-5.jpg?fit=1360%2C931&ssl=1\"},\"description\":\"Jornalista com carreira dedicada ao esporte. Cobriu 9 Copas do Mundo in loco, 1990 na It\u00e1lia, 1994 nos EUA, 1998 na Fran\u00e7a, 2002 na Coreia do Sul e Jap\u00e3o, 2006 na Alemanha, 2010 na \u00c1frica do Sul, 2014 no Brasil, 2018 na R\u00fassia e 2022 no Qatar. Eurocopas, 1992 na Su\u00e9cia e 1996 na Inglaterra. Copa das Confedera\u00e7\u00f5es de 2005 na Alemanha e 2009 na \u00c1frica do Sul. Rep\u00f3rter e Editor, trabalhou no Jornal da Tarde e Estad\u00e3o, de 1984 a fevereiro de 2016. Colunista, blogueiro. E comentarista de futebol na R\u00e1dio Estad\u00e3o, de 2013 a fevereiro de 2016. Jornalista respons\u00e1vel do \\\"Pr\u00f3speri News\\\" (blogdoprosperi.com).\",\"sameAs\":[\"http:\\\/\\\/blogdoprosperi.com\",\"Luiz Pr\u00f3speri\",\"@luiz_prosperi\",\"https:\\\/\\\/x.com\\\/Luizprosperi\",\"@prosperinacopa\",\"luiz.prosperi@icloud.com\"],\"url\":\"https:\\\/\\\/blogdoprosperi.com\\\/?author=102107496\"}]}<\/script>\n<!-- \/ Yoast SEO plugin. -->","yoast_head_json":{"title":"#Cr\u00f4nicaSab\u00e1tica #30 | John Textor, A For\u00e7a da Grana Que Ergue e Destr\u00f3i Coisas Belas no Botafogo - PR\u00d3SPERI NEWS","robots":{"index":"index","follow":"follow","max-snippet":"max-snippet:-1","max-image-preview":"max-image-preview:large","max-video-preview":"max-video-preview:-1"},"canonical":"https:\/\/blogdoprosperi.com\/?p=54919","og_locale":"pt_BR","og_type":"article","og_title":"#Cr\u00f4nicaSab\u00e1tica #30 | John Textor, A For\u00e7a da Grana Que Ergue e Destr\u00f3i Coisas Belas no Botafogo - PR\u00d3SPERI NEWS","og_description":"Luiz Ant\u00f4nio Pr\u00f3speri \u2013 13 setembro 2025 (13h32) \u2013 John Textor torra algo perto de R$ 716 milh\u00f5es [&hellip;]","og_url":"https:\/\/blogdoprosperi.com\/?p=54919","og_site_name":"PR\u00d3SPERI NEWS","article_publisher":"Luiz Pr\u00f3speri","article_author":"Luiz Pr\u00f3speri","article_published_time":"2025-09-13T16:44:56+00:00","article_modified_time":"2025-09-13T18:13:47+00:00","og_image":[{"width":799,"height":533,"url":"https:\/\/i0.wp.com\/blogdoprosperi.com\/wp-content\/uploads\/2025\/09\/54780823521_583398706c_c-1.jpg?fit=799%2C533&ssl=1","type":"image\/jpeg"}],"author":"Luiz Ant\u00f4nio Pr\u00f3speri","twitter_card":"summary_large_image","twitter_creator":"@Luizprosperi","twitter_site":"@Luizprosperi","twitter_misc":{"Escrito por":"Luiz Ant\u00f4nio Pr\u00f3speri","Est. tempo de leitura":"3 minutos"},"schema":{"@context":"https:\/\/schema.org","@graph":[{"@type":"Article","@id":"https:\/\/blogdoprosperi.com\/?p=54919#article","isPartOf":{"@id":"https:\/\/blogdoprosperi.com\/?p=54919"},"author":{"name":"Luiz Ant\u00f4nio Pr\u00f3speri","@id":"https:\/\/blogdoprosperi.com\/#\/schema\/person\/38100755ce3601861ee4fab9b5aa78e9"},"headline":"#Cr\u00f4nicaSab\u00e1tica #30 | John Textor, A For\u00e7a da Grana Que Ergue e Destr\u00f3i Coisas Belas no Botafogo","datePublished":"2025-09-13T16:44:56+00:00","dateModified":"2025-09-13T18:13:47+00:00","mainEntityOfPage":{"@id":"https:\/\/blogdoprosperi.com\/?p=54919"},"wordCount":604,"commentCount":0,"publisher":{"@id":"https:\/\/blogdoprosperi.com\/#\/schema\/person\/38100755ce3601861ee4fab9b5aa78e9"},"image":{"@id":"https:\/\/blogdoprosperi.com\/?p=54919#primaryimage"},"thumbnailUrl":"https:\/\/i0.wp.com\/blogdoprosperi.com\/wp-content\/uploads\/2025\/09\/54780823521_583398706c_c-1.jpg?fit=799%2C533&ssl=1","keywords":["Botafogo","BotafogoFR","CaetanoVeloso","Cartola","CopaDoBrasil","johntextor","saf"],"articleSection":["cr\u00f4nica","futebol","Luiz Ant\u00f4nio Pr\u00f3speri","opini\u00e3o"],"inLanguage":"pt-BR","potentialAction":[{"@type":"CommentAction","name":"Comment","target":["https:\/\/blogdoprosperi.com\/?p=54919#respond"]}]},{"@type":"WebPage","@id":"https:\/\/blogdoprosperi.com\/?p=54919","url":"https:\/\/blogdoprosperi.com\/?p=54919","name":"#Cr\u00f4nicaSab\u00e1tica #30 | John Textor, A For\u00e7a da Grana Que Ergue e Destr\u00f3i Coisas Belas no Botafogo - PR\u00d3SPERI NEWS","isPartOf":{"@id":"https:\/\/blogdoprosperi.com\/#website"},"primaryImageOfPage":{"@id":"https:\/\/blogdoprosperi.com\/?p=54919#primaryimage"},"image":{"@id":"https:\/\/blogdoprosperi.com\/?p=54919#primaryimage"},"thumbnailUrl":"https:\/\/i0.wp.com\/blogdoprosperi.com\/wp-content\/uploads\/2025\/09\/54780823521_583398706c_c-1.jpg?fit=799%2C533&ssl=1","datePublished":"2025-09-13T16:44:56+00:00","dateModified":"2025-09-13T18:13:47+00:00","breadcrumb":{"@id":"https:\/\/blogdoprosperi.com\/?p=54919#breadcrumb"},"inLanguage":"pt-BR","potentialAction":[{"@type":"ReadAction","target":["https:\/\/blogdoprosperi.com\/?p=54919"]}]},{"@type":"ImageObject","inLanguage":"pt-BR","@id":"https:\/\/blogdoprosperi.com\/?p=54919#primaryimage","url":"https:\/\/i0.wp.com\/blogdoprosperi.com\/wp-content\/uploads\/2025\/09\/54780823521_583398706c_c-1.jpg?fit=799%2C533&ssl=1","contentUrl":"https:\/\/i0.wp.com\/blogdoprosperi.com\/wp-content\/uploads\/2025\/09\/54780823521_583398706c_c-1.jpg?fit=799%2C533&ssl=1","width":799,"height":533,"caption":"Camisa de Danilo nos vesti\u00e1rios do Botafogo - foto: Vitor Silva\/Botafogo"},{"@type":"BreadcrumbList","@id":"https:\/\/blogdoprosperi.com\/?p=54919#breadcrumb","itemListElement":[{"@type":"ListItem","position":1,"name":"In\u00edcio","item":"https:\/\/blogdoprosperi.com\/"},{"@type":"ListItem","position":2,"name":"#Cr\u00f4nicaSab\u00e1tica #30 | John Textor, A For\u00e7a da Grana Que Ergue e Destr\u00f3i Coisas Belas no Botafogo"}]},{"@type":"WebSite","@id":"https:\/\/blogdoprosperi.com\/#website","url":"https:\/\/blogdoprosperi.com\/","name":"PR\u00d3SPERI NEWS","description":"TUDO \u00c9  FUTEBOL","publisher":{"@id":"https:\/\/blogdoprosperi.com\/#\/schema\/person\/38100755ce3601861ee4fab9b5aa78e9"},"alternateName":"blogdoprosperi.com","potentialAction":[{"@type":"SearchAction","target":{"@type":"EntryPoint","urlTemplate":"https:\/\/blogdoprosperi.com\/?s={search_term_string}"},"query-input":{"@type":"PropertyValueSpecification","valueRequired":true,"valueName":"search_term_string"}}],"inLanguage":"pt-BR"},{"@type":["Person","Organization"],"@id":"https:\/\/blogdoprosperi.com\/#\/schema\/person\/38100755ce3601861ee4fab9b5aa78e9","name":"Luiz Ant\u00f4nio Pr\u00f3speri","pronouns":"ele","image":{"@type":"ImageObject","inLanguage":"pt-BR","@id":"https:\/\/i0.wp.com\/blogdoprosperi.com\/wp-content\/uploads\/2026\/05\/cropped-8059e613-6002-42fa-961e-8e275f575d71-2-5.jpg?fit=1360%2C931&ssl=1","url":"https:\/\/i0.wp.com\/blogdoprosperi.com\/wp-content\/uploads\/2026\/05\/cropped-8059e613-6002-42fa-961e-8e275f575d71-2-5.jpg?fit=1360%2C931&ssl=1","contentUrl":"https:\/\/i0.wp.com\/blogdoprosperi.com\/wp-content\/uploads\/2026\/05\/cropped-8059e613-6002-42fa-961e-8e275f575d71-2-5.jpg?fit=1360%2C931&ssl=1","width":1360,"height":931,"caption":"Luiz Ant\u00f4nio Pr\u00f3speri"},"logo":{"@id":"https:\/\/i0.wp.com\/blogdoprosperi.com\/wp-content\/uploads\/2026\/05\/cropped-8059e613-6002-42fa-961e-8e275f575d71-2-5.jpg?fit=1360%2C931&ssl=1"},"description":"Jornalista com carreira dedicada ao esporte. Cobriu 9 Copas do Mundo in loco, 1990 na It\u00e1lia, 1994 nos EUA, 1998 na Fran\u00e7a, 2002 na Coreia do Sul e Jap\u00e3o, 2006 na Alemanha, 2010 na \u00c1frica do Sul, 2014 no Brasil, 2018 na R\u00fassia e 2022 no Qatar. Eurocopas, 1992 na Su\u00e9cia e 1996 na Inglaterra. Copa das Confedera\u00e7\u00f5es de 2005 na Alemanha e 2009 na \u00c1frica do Sul. Rep\u00f3rter e Editor, trabalhou no Jornal da Tarde e Estad\u00e3o, de 1984 a fevereiro de 2016. Colunista, blogueiro. E comentarista de futebol na R\u00e1dio Estad\u00e3o, de 2013 a fevereiro de 2016. Jornalista respons\u00e1vel do \"Pr\u00f3speri News\" (blogdoprosperi.com).","sameAs":["http:\/\/blogdoprosperi.com","Luiz Pr\u00f3speri","@luiz_prosperi","https:\/\/x.com\/Luizprosperi","@prosperinacopa","luiz.prosperi@icloud.com"],"url":"https:\/\/blogdoprosperi.com\/?author=102107496"}]}},"jetpack_publicize_connections":[],"jetpack_likes_enabled":false,"jetpack_sharing_enabled":true,"jetpack_shortlink":"https:\/\/wp.me\/p7jvdk-ehN","jetpack-related-posts":[{"id":44904,"url":"https:\/\/blogdoprosperi.com\/?p=44904","url_meta":{"origin":54919,"position":0},"title":"Janela de Transfer\u00eancias: Brasil Movimenta R$ 1 bilh\u00e3o na Contrata\u00e7\u00e3o de Jogadores, Botafogo \u00e9 o Maior Gastador","author":"Luiz Ant\u00f4nio Pr\u00f3speri","date":"3 de setembro de 2024","format":false,"excerpt":"Luiz Ant\u00f4nio Pr\u00f3speri \u2013 3 setembro (atualizado 19h40) Janela de transfer\u00eancias de jogadores no Brasil fechou \u00e0 meia-noite de segunda-feira (02\/9). Os 20 clubes da S\u00e9rie A do Brasileir\u00e3o-2024 movimentaram pouco mais de R$ 1,02 bilh\u00e3o na contrata\u00e7\u00e3o de 102 refor\u00e7os. As cinco principais ligas (Inglaterra, Alemanha, Espanha, It\u00e1lia e\u2026","rel":"","context":"Em &quot;futebol&quot;","block_context":{"text":"futebol","link":"https:\/\/blogdoprosperi.com\/?cat=53870"},"img":{"alt_text":"Botafogo lidera janela de transfer\u00eancia Brasileir\u00e3o","src":"https:\/\/i0.wp.com\/blogdoprosperi.com\/wp-content\/uploads\/2024\/08\/53939474383_d4131fa0d5_k.jpg?fit=1200%2C800&ssl=1&resize=350%2C200","width":350,"height":200,"srcset":"https:\/\/i0.wp.com\/blogdoprosperi.com\/wp-content\/uploads\/2024\/08\/53939474383_d4131fa0d5_k.jpg?fit=1200%2C800&ssl=1&resize=350%2C200 1x, https:\/\/i0.wp.com\/blogdoprosperi.com\/wp-content\/uploads\/2024\/08\/53939474383_d4131fa0d5_k.jpg?fit=1200%2C800&ssl=1&resize=525%2C300 1.5x, https:\/\/i0.wp.com\/blogdoprosperi.com\/wp-content\/uploads\/2024\/08\/53939474383_d4131fa0d5_k.jpg?fit=1200%2C800&ssl=1&resize=700%2C400 2x, https:\/\/i0.wp.com\/blogdoprosperi.com\/wp-content\/uploads\/2024\/08\/53939474383_d4131fa0d5_k.jpg?fit=1200%2C800&ssl=1&resize=1050%2C600 3x"},"classes":[]},{"id":46525,"url":"https:\/\/blogdoprosperi.com\/?p=46525","url_meta":{"origin":54919,"position":1},"title":"Palmeiras e Botafogo \u2013 Decis\u00e3o | Time de Abel Larga na Pole, Artur Acusa Golpe","author":"Luiz Ant\u00f4nio Pr\u00f3speri","date":"25 de novembro de 2024","format":false,"excerpt":"Luiz Ant\u00f4nio Pr\u00f3speri \u2013 25 novembro \u2013 atualizado 26 novembro (12h40) \u2013 Palmeiras e Botafogo decidem Brasileir\u00e3o 2024 ter\u00e7a-feira (26\/11) na casa alviverde. Iguais no n\u00famero de pontos (70 a 70), time paulista tem vantagem no crit\u00e9rio de desempate com uma vit\u00f3ria a mais (21 a 20). Matem\u00e1ticos e analistas\u2026","rel":"","context":"Em &quot;futebol&quot;","block_context":{"text":"futebol","link":"https:\/\/blogdoprosperi.com\/?cat=53870"},"img":{"alt_text":"Time de Abel Ferreira larga na frente contra Botafogo","src":"https:\/\/i0.wp.com\/blogdoprosperi.com\/wp-content\/uploads\/2024\/11\/54160663650_ea2b7b6b97_h.jpg?fit=1200%2C675&ssl=1&resize=350%2C200","width":350,"height":200,"srcset":"https:\/\/i0.wp.com\/blogdoprosperi.com\/wp-content\/uploads\/2024\/11\/54160663650_ea2b7b6b97_h.jpg?fit=1200%2C675&ssl=1&resize=350%2C200 1x, https:\/\/i0.wp.com\/blogdoprosperi.com\/wp-content\/uploads\/2024\/11\/54160663650_ea2b7b6b97_h.jpg?fit=1200%2C675&ssl=1&resize=525%2C300 1.5x, https:\/\/i0.wp.com\/blogdoprosperi.com\/wp-content\/uploads\/2024\/11\/54160663650_ea2b7b6b97_h.jpg?fit=1200%2C675&ssl=1&resize=700%2C400 2x, https:\/\/i0.wp.com\/blogdoprosperi.com\/wp-content\/uploads\/2024\/11\/54160663650_ea2b7b6b97_h.jpg?fit=1200%2C675&ssl=1&resize=1050%2C600 3x"},"classes":[]},{"id":46834,"url":"https:\/\/blogdoprosperi.com\/?p=46834","url_meta":{"origin":54919,"position":2},"title":"\u00c9 Tempo de Botafogo","author":"Luiz Ant\u00f4nio Pr\u00f3speri","date":"8 de dezembro de 2024","format":false,"excerpt":"Luiz Ant\u00f4nio Pr\u00f3speri \u2013 8 dezembro (19h30) \u2013 Botafogo \u00e9 o melhor time do futebol brasileiro 2024. Leva, com sobra, o Brasileir\u00e3o 2024 depois de uma semana lustrando a ta\u00e7a in\u00e9dita em sua hist\u00f3ria de campe\u00e3o da Libertadores da Am\u00e9rica. Futebol feito com muito dinheiro de um norte-americano fan\u00e1tico por\u2026","rel":"","context":"Em &quot;futebol&quot;","block_context":{"text":"futebol","link":"https:\/\/blogdoprosperi.com\/?cat=53870"},"img":{"alt_text":"","src":"https:\/\/i0.wp.com\/blogdoprosperi.com\/wp-content\/uploads\/2024\/12\/f7486da3e750497fa4e3b306890b1c43-1.png?fit=1200%2C593&ssl=1&resize=350%2C200","width":350,"height":200,"srcset":"https:\/\/i0.wp.com\/blogdoprosperi.com\/wp-content\/uploads\/2024\/12\/f7486da3e750497fa4e3b306890b1c43-1.png?fit=1200%2C593&ssl=1&resize=350%2C200 1x, https:\/\/i0.wp.com\/blogdoprosperi.com\/wp-content\/uploads\/2024\/12\/f7486da3e750497fa4e3b306890b1c43-1.png?fit=1200%2C593&ssl=1&resize=525%2C300 1.5x, https:\/\/i0.wp.com\/blogdoprosperi.com\/wp-content\/uploads\/2024\/12\/f7486da3e750497fa4e3b306890b1c43-1.png?fit=1200%2C593&ssl=1&resize=700%2C400 2x, https:\/\/i0.wp.com\/blogdoprosperi.com\/wp-content\/uploads\/2024\/12\/f7486da3e750497fa4e3b306890b1c43-1.png?fit=1200%2C593&ssl=1&resize=1050%2C600 3x"},"classes":[]},{"id":53586,"url":"https:\/\/blogdoprosperi.com\/?p=53586","url_meta":{"origin":54919,"position":3},"title":"Entenda os Estranhos Movimentos de John Textor nos Neg\u00f3cios entre Botafogo, Nottingham Forest e a Queda do Crystal Palace","author":"Luiz Ant\u00f4nio Pr\u00f3speri","date":"18 de julho de 2025","format":false,"excerpt":"Luiz Ant\u00f4nio Pr\u00f3speri \u201318 julho (20h05) \u2013 John Textor anda agitado entre Inglaterra, Fran\u00e7a, Brasil e Estados Unidos. Movimentos estranhos e de muitas mumunhas no futebol. Uma teia de neg\u00f3cios entre compra e venda de jogadores, a\u00e7\u00f5es na Justi\u00e7a e amea\u00e7a de ser arrancado do comando da SAF do Botafogo.\u2026","rel":"","context":"Em &quot;futebol&quot;","block_context":{"text":"futebol","link":"https:\/\/blogdoprosperi.com\/?cat=53870"},"img":{"alt_text":"Textor enrolado nos neg\u00f3cios e amea\u00e7as ao Botafogo","src":"https:\/\/i0.wp.com\/blogdoprosperi.com\/wp-content\/uploads\/2024\/11\/john-textor-dono-da-saf-do-botafogo-durante-jogo-contra-o-vasco-1730858344353_v2_900x506.jpg?fit=900%2C506&ssl=1&resize=350%2C200","width":350,"height":200,"srcset":"https:\/\/i0.wp.com\/blogdoprosperi.com\/wp-content\/uploads\/2024\/11\/john-textor-dono-da-saf-do-botafogo-durante-jogo-contra-o-vasco-1730858344353_v2_900x506.jpg?fit=900%2C506&ssl=1&resize=350%2C200 1x, https:\/\/i0.wp.com\/blogdoprosperi.com\/wp-content\/uploads\/2024\/11\/john-textor-dono-da-saf-do-botafogo-durante-jogo-contra-o-vasco-1730858344353_v2_900x506.jpg?fit=900%2C506&ssl=1&resize=525%2C300 1.5x, https:\/\/i0.wp.com\/blogdoprosperi.com\/wp-content\/uploads\/2024\/11\/john-textor-dono-da-saf-do-botafogo-durante-jogo-contra-o-vasco-1730858344353_v2_900x506.jpg?fit=900%2C506&ssl=1&resize=700%2C400 2x"},"classes":[]},{"id":46777,"url":"https:\/\/blogdoprosperi.com\/?p=46777","url_meta":{"origin":54919,"position":4},"title":"Brasileir\u00e3o 2024 | Ta\u00e7a, Dramas, Rebaixamento e Despedidas na \u00daltima Rodada","author":"Luiz Ant\u00f4nio Pr\u00f3speri","date":"7 de dezembro de 2024","format":false,"excerpt":"Luiz Ant\u00f4nio Pr\u00f3speri \u2013 7 dezembro (11h05) \u2013 Brasileir\u00e3o 2024 chega \u00e0 \u00faltima rodada (38.\u00aa) com disputa de t\u00edtulo, pavor do rebaixamento, dramas, despedidas, derrota do futebol para a viol\u00eancia, sucessos e fracassos da SAF e graves problemas de gest\u00e3o da CBF. Muitas hist\u00f3rias ser\u00e3o contadas nesse domingo (08\/12) a\u2026","rel":"","context":"Em &quot;futebol&quot;","block_context":{"text":"futebol","link":"https:\/\/blogdoprosperi.com\/?cat=53870"},"img":{"alt_text":"","src":"https:\/\/i0.wp.com\/blogdoprosperi.com\/wp-content\/uploads\/2024\/12\/trofeu-brasileirao-trivela-scaled-1.jpg?fit=1200%2C675&ssl=1&resize=350%2C200","width":350,"height":200,"srcset":"https:\/\/i0.wp.com\/blogdoprosperi.com\/wp-content\/uploads\/2024\/12\/trofeu-brasileirao-trivela-scaled-1.jpg?fit=1200%2C675&ssl=1&resize=350%2C200 1x, https:\/\/i0.wp.com\/blogdoprosperi.com\/wp-content\/uploads\/2024\/12\/trofeu-brasileirao-trivela-scaled-1.jpg?fit=1200%2C675&ssl=1&resize=525%2C300 1.5x, https:\/\/i0.wp.com\/blogdoprosperi.com\/wp-content\/uploads\/2024\/12\/trofeu-brasileirao-trivela-scaled-1.jpg?fit=1200%2C675&ssl=1&resize=700%2C400 2x, https:\/\/i0.wp.com\/blogdoprosperi.com\/wp-content\/uploads\/2024\/12\/trofeu-brasileirao-trivela-scaled-1.jpg?fit=1200%2C675&ssl=1&resize=1050%2C600 3x"},"classes":[]},{"id":47330,"url":"https:\/\/blogdoprosperi.com\/?p=47330","url_meta":{"origin":54919,"position":5},"title":"A Crise do Botafogo e a Euforia do Cruzeiro, Encantadores de Serpentes","author":"Luiz Ant\u00f4nio Pr\u00f3speri","date":"6 de janeiro de 2025","format":false,"excerpt":"Luiz Ant\u00f4nio Pr\u00f3speri \u2013 6 janeiro (12h01) \u2013 Botafogo est\u00e1 em apuros. Cruzeiro, s\u00f3 euforia. Dois exemplos de como as SAF (Sociedades An\u00f4nimas de Futebol) atuam no Brasil. Dinheiro n\u00e3o \u00e9 problema. A quest\u00e3o \u00e9 a gest\u00e3o. Botafogo, mesmo com a piscina transbordando de d\u00f3lares, n\u00e3o segura um mesmo treinador\u2026","rel":"","context":"Em &quot;futebol&quot;","block_context":{"text":"futebol","link":"https:\/\/blogdoprosperi.com\/?cat=53870"},"img":{"alt_text":"Constela\u00e7\u00e3o do Cruzeiro","src":"https:\/\/i0.wp.com\/blogdoprosperi.com\/wp-content\/uploads\/2025\/01\/captura-de-tela-2025-01-06-as-11.56.04.png?fit=984%2C658&ssl=1&resize=350%2C200","width":350,"height":200,"srcset":"https:\/\/i0.wp.com\/blogdoprosperi.com\/wp-content\/uploads\/2025\/01\/captura-de-tela-2025-01-06-as-11.56.04.png?fit=984%2C658&ssl=1&resize=350%2C200 1x, https:\/\/i0.wp.com\/blogdoprosperi.com\/wp-content\/uploads\/2025\/01\/captura-de-tela-2025-01-06-as-11.56.04.png?fit=984%2C658&ssl=1&resize=525%2C300 1.5x, https:\/\/i0.wp.com\/blogdoprosperi.com\/wp-content\/uploads\/2025\/01\/captura-de-tela-2025-01-06-as-11.56.04.png?fit=984%2C658&ssl=1&resize=700%2C400 2x"},"classes":[]}],"jetpack_featured_media_url":"https:\/\/i0.wp.com\/blogdoprosperi.com\/wp-content\/uploads\/2025\/09\/54780823521_583398706c_c-1.jpg?fit=799%2C533&ssl=1","_links":{"self":[{"href":"https:\/\/blogdoprosperi.com\/index.php?rest_route=\/wp\/v2\/posts\/54919","targetHints":{"allow":["GET"]}}],"collection":[{"href":"https:\/\/blogdoprosperi.com\/index.php?rest_route=\/wp\/v2\/posts"}],"about":[{"href":"https:\/\/blogdoprosperi.com\/index.php?rest_route=\/wp\/v2\/types\/post"}],"author":[{"embeddable":true,"href":"https:\/\/blogdoprosperi.com\/index.php?rest_route=\/wp\/v2\/users\/102107496"}],"replies":[{"embeddable":true,"href":"https:\/\/blogdoprosperi.com\/index.php?rest_route=%2Fwp%2Fv2%2Fcomments&post=54919"}],"version-history":[{"count":11,"href":"https:\/\/blogdoprosperi.com\/index.php?rest_route=\/wp\/v2\/posts\/54919\/revisions"}],"predecessor-version":[{"id":54941,"href":"https:\/\/blogdoprosperi.com\/index.php?rest_route=\/wp\/v2\/posts\/54919\/revisions\/54941"}],"wp:featuredmedia":[{"embeddable":true,"href":"https:\/\/blogdoprosperi.com\/index.php?rest_route=\/wp\/v2\/media\/54927"}],"wp:attachment":[{"href":"https:\/\/blogdoprosperi.com\/index.php?rest_route=%2Fwp%2Fv2%2Fmedia&parent=54919"}],"wp:term":[{"taxonomy":"category","embeddable":true,"href":"https:\/\/blogdoprosperi.com\/index.php?rest_route=%2Fwp%2Fv2%2Fcategories&post=54919"},{"taxonomy":"post_tag","embeddable":true,"href":"https:\/\/blogdoprosperi.com\/index.php?rest_route=%2Fwp%2Fv2%2Ftags&post=54919"}],"curies":[{"name":"wp","href":"https:\/\/api.w.org\/{rel}","templated":true}]}}