{"id":55,"date":"2016-03-28T14:28:50","date_gmt":"2016-03-28T14:28:50","guid":{"rendered":"https:\/\/blogdoprosperi.com\/?p=55"},"modified":"2016-03-29T15:30:37","modified_gmt":"2016-03-29T15:30:37","slug":"cuca-so-ele-pode-dar-jeito-ao-palmeiras","status":"publish","type":"post","link":"https:\/\/blogdoprosperi.com\/?p=55","title":{"rendered":"Cuca, s\u00f3 ele, pode arrumar o Palmeiras"},"content":{"rendered":"<p><span class=\"alignnone\"><img data-recalc-dims=\"1\" loading=\"lazy\" decoding=\"async\" data-attachment-id=\"104\" data-permalink=\"https:\/\/blogdoprosperi.com\/?attachment_id=104\" data-orig-file=\"https:\/\/i0.wp.com\/blogdoprosperi.com\/wp-content\/uploads\/2016\/03\/f_338696.jpg?fit=640%2C350&amp;ssl=1\" data-orig-size=\"640,350\" data-comments-opened=\"1\" data-image-meta=\"{&quot;aperture&quot;:&quot;2.8&quot;,&quot;credit&quot;:&quot;&quot;,&quot;camera&quot;:&quot;Canon EOS-1D X&quot;,&quot;caption&quot;:&quot;&quot;,&quot;created_timestamp&quot;:&quot;1458058593&quot;,&quot;copyright&quot;:&quot;&quot;,&quot;focal_length&quot;:&quot;300&quot;,&quot;iso&quot;:&quot;200&quot;,&quot;shutter_speed&quot;:&quot;0.0015625&quot;,&quot;title&quot;:&quot;&quot;,&quot;orientation&quot;:&quot;1&quot;}\" data-image-title=\"f_338696\" data-image-description=\"\" data-image-caption=\"\" data-large-file=\"https:\/\/i0.wp.com\/blogdoprosperi.com\/wp-content\/uploads\/2016\/03\/f_338696.jpg?fit=640%2C350&amp;ssl=1\" class=\"alignnone size-full wp-image-104\" src=\"https:\/\/i0.wp.com\/blogdoprosperi.com\/wp-content\/uploads\/2016\/03\/f_338696.jpg?resize=640%2C350&#038;ssl=1\" alt=\"f_338696\" width=\"640\" height=\"350\" \/><\/span><\/p>\n<p>A situa\u00e7\u00e3o do Palmeiras \u00e9 cr\u00edtica e cabe ao t\u00e9cnico Cuca encontrar uma sa\u00edda. N\u00e3o h\u00e1 outra alternativa. De nada adianta esculhambar o executivo Alexandre Mattos e bater no presidente Paulo Nobre. Os dois n\u00e3o entram em campo e o m\u00e1ximo que podem fazer \u00e9 refor\u00e7ar o time &#8211; convenhamos que neste momento as op\u00e7\u00f5es s\u00e3o escassas no mercado.<\/p>\n<p>Antes de analisar a tarefa de Cuca, n\u00e3o custa lembrar que Nobre e Mattos reformularam o Palmeiras de 2014 para 2015. Jogaram fora, e com raz\u00e3o, aquele grupo do quase desastre no Brasileir\u00e3o de 2014 e montaram um novo time. Erraram, \u00e9 verdade, em algumas apostas, mas, no atacado, conseguiram armar uma boa equipe. Time que foi vice-campe\u00e3o paulista e mais tarde campe\u00e3o da Copa do Brasil.<\/p>\n<p>Se a dupla fez quase tudo certo em 2015, errou na dose em 2016 quando jogou suas fichas em meia-d\u00fazia de refor\u00e7os para 2016 &#8211; ali\u00e1s, a maioria deles de &#8220;esquenta-banco&#8221;. Apesar desse equ\u00edvoco, Nobre e Mattos acertaram ao demitir Marcelo Oliveira, se bem que demoraram para tomar a decis\u00e3o, e deram boa tacada com Cuca.<\/p>\n<p>Agora, a batata, para n\u00e3o dizer abacaxi, est\u00e1 com Cuca. E o treinador n\u00e3o tem mais tempo a perder. De imediato, tem de apostar nos jogadores que est\u00e3o com bom condicionamento f\u00edsico e o cobrar do novo preparador, Omar Feitosa, um diagn\u00f3stico desse grupo que morre afogado no segundo tempo dos jogos.<\/p>\n<p>De longe, se percebe que Mateus Sales, Thiago Martins, Jean e Gabriel Jesus deveriam ser titulares porque correm pra burro e t\u00eam boa t\u00e9cnica e talento. A juventude deles, aliada ao esfor\u00e7o do volante Gabriel, poderia ser o alicerce do time de Dunga. Como disse Edu Dracena, primeiro o Palmeiras n\u00e3o pode levar gols neste momento que se encontra e depois beliscar l\u00e1 na frente.<\/p>\n<p>Lucas, Dracena, Arouca, Robinho, Roger Carvalho, Z\u00e9 Roberto, Barrios, Rafael Marques, Alione, entre outros, se arrastam no segundo tempo.\u00a0Cuca deveria prestar aten\u00e7\u00e3o neste detalhe e n\u00e3o se ater \u00e0s provoca\u00e7\u00f5es tipo Lucas Lima, por exemplo, que est\u00e1 a servi\u00e7o da sele\u00e7\u00e3o brasileira e se mostrou mais preocupado em ironizar o Palmeiras. At\u00e9 parece que ele e a sele\u00e7\u00e3o de Dunga est\u00e3o voando.<\/p>\n<p>&nbsp;<\/p>\n<p>&nbsp;<\/p>\n<p>&nbsp;<\/p>\n<p>&nbsp;<\/p>\n<p>&nbsp;<\/p>\n","protected":false},"excerpt":{"rendered":"<p>Presidente Paulo Nobre e o executivo Alexandre Mattos nada podem fazer<\/p>\n","protected":false},"author":102107496,"featured_media":0,"comment_status":"open","ping_status":"open","sticky":false,"template":"","format":"standard","meta":{"_coblocks_attr":"","_coblocks_dimensions":"","_coblocks_responsive_height":"","_coblocks_accordion_ie_support":"","_jetpack_newsletter_access":"","_jetpack_dont_email_post_to_subs":false,"_jetpack_newsletter_tier_id":0,"_jetpack_memberships_contains_paywalled_content":false,"_wpcom_ai_launchpad_first_post":false,"_jetpack_feature_clip_id":0,"_jetpack_memberships_contains_paid_content":false,"footnotes":"","jetpack_publicize_message":"","jetpack_publicize_feature_enabled":true,"jetpack_social_post_already_shared":false,"jetpack_social_options":{"image_generator_settings":{"template":"highway","default_image_id":0,"font":"","enabled":false},"version":2},"jetpack_post_was_ever_published":false},"categories":[53870],"tags":[789560560,477620034],"class_list":["post-55","post","type-post","status-publish","format-standard","hentry","category-futebol","tag-futebol","tag-palmeiras-cuca-alexandre-mattos"],"yoast_head":"<!-- This site is optimized with the Yoast SEO plugin v28.3 - https:\/\/yoast.com\/product\/yoast-seo-wordpress\/ -->\n<title>Cuca, s\u00f3 ele, pode arrumar o Palmeiras - PR\u00d3SPERI NEWS<\/title>\n<meta name=\"robots\" content=\"index, follow, max-snippet:-1, max-image-preview:large, max-video-preview:-1\" \/>\n<link rel=\"canonical\" href=\"https:\/\/blogdoprosperi.com\/?p=55\" \/>\n<meta property=\"og:locale\" content=\"pt_BR\" \/>\n<meta property=\"og:type\" content=\"article\" \/>\n<meta property=\"og:title\" content=\"Cuca, s\u00f3 ele, pode arrumar o Palmeiras - PR\u00d3SPERI NEWS\" \/>\n<meta property=\"og:description\" content=\"Presidente Paulo Nobre e o executivo Alexandre Mattos nada podem fazer\" \/>\n<meta property=\"og:url\" content=\"https:\/\/blogdoprosperi.com\/?p=55\" \/>\n<meta property=\"og:site_name\" content=\"PR\u00d3SPERI NEWS\" \/>\n<meta property=\"article:publisher\" content=\"Luiz Pr\u00f3speri\" \/>\n<meta property=\"article:author\" content=\"Luiz Pr\u00f3speri\" \/>\n<meta property=\"article:published_time\" content=\"2016-03-28T14:28:50+00:00\" \/>\n<meta property=\"article:modified_time\" content=\"2016-03-29T15:30:37+00:00\" \/>\n<meta property=\"og:image\" content=\"https:\/\/blogdoprosperi.com\/wp-content\/uploads\/2016\/03\/f_338696.jpg\" \/>\n<meta name=\"author\" content=\"Luiz Ant\u00f4nio Pr\u00f3speri\" \/>\n<meta name=\"twitter:card\" content=\"summary_large_image\" \/>\n<meta name=\"twitter:creator\" content=\"@Luizprosperi\" \/>\n<meta name=\"twitter:site\" content=\"@Luizprosperi\" \/>\n<meta name=\"twitter:label1\" content=\"Escrito por\" \/>\n\t<meta name=\"twitter:data1\" content=\"Luiz Ant\u00f4nio Pr\u00f3speri\" \/>\n\t<meta name=\"twitter:label2\" content=\"Est. tempo de leitura\" \/>\n\t<meta name=\"twitter:data2\" content=\"2 minutos\" \/>\n<script type=\"application\/ld+json\" class=\"yoast-schema-graph\">{\"@context\":\"https:\\\/\\\/schema.org\",\"@graph\":[{\"@type\":\"Article\",\"@id\":\"https:\\\/\\\/blogdoprosperi.com\\\/?p=55#article\",\"isPartOf\":{\"@id\":\"https:\\\/\\\/blogdoprosperi.com\\\/?p=55\"},\"author\":{\"name\":\"Luiz Ant\u00f4nio Pr\u00f3speri\",\"@id\":\"https:\\\/\\\/blogdoprosperi.com\\\/#\\\/schema\\\/person\\\/38100755ce3601861ee4fab9b5aa78e9\"},\"headline\":\"Cuca, s\u00f3 ele, pode arrumar o Palmeiras\",\"datePublished\":\"2016-03-28T14:28:50+00:00\",\"dateModified\":\"2016-03-29T15:30:37+00:00\",\"mainEntityOfPage\":{\"@id\":\"https:\\\/\\\/blogdoprosperi.com\\\/?p=55\"},\"wordCount\":401,\"commentCount\":2,\"publisher\":{\"@id\":\"https:\\\/\\\/blogdoprosperi.com\\\/#\\\/schema\\\/person\\\/38100755ce3601861ee4fab9b5aa78e9\"},\"image\":{\"@id\":\"https:\\\/\\\/blogdoprosperi.com\\\/?p=55#primaryimage\"},\"thumbnailUrl\":\"https:\\\/\\\/blogdoprosperi.com\\\/wp-content\\\/uploads\\\/2016\\\/03\\\/f_338696.jpg\",\"keywords\":[\"futebol\",\"Palmeiras Cuca Alexandre Mattos\"],\"articleSection\":[\"futebol\"],\"inLanguage\":\"pt-BR\",\"potentialAction\":[{\"@type\":\"CommentAction\",\"name\":\"Comment\",\"target\":[\"https:\\\/\\\/blogdoprosperi.com\\\/?p=55#respond\"]}]},{\"@type\":\"WebPage\",\"@id\":\"https:\\\/\\\/blogdoprosperi.com\\\/?p=55\",\"url\":\"https:\\\/\\\/blogdoprosperi.com\\\/?p=55\",\"name\":\"Cuca, s\u00f3 ele, pode arrumar o Palmeiras - PR\u00d3SPERI NEWS\",\"isPartOf\":{\"@id\":\"https:\\\/\\\/blogdoprosperi.com\\\/#website\"},\"primaryImageOfPage\":{\"@id\":\"https:\\\/\\\/blogdoprosperi.com\\\/?p=55#primaryimage\"},\"image\":{\"@id\":\"https:\\\/\\\/blogdoprosperi.com\\\/?p=55#primaryimage\"},\"thumbnailUrl\":\"https:\\\/\\\/blogdoprosperi.com\\\/wp-content\\\/uploads\\\/2016\\\/03\\\/f_338696.jpg\",\"datePublished\":\"2016-03-28T14:28:50+00:00\",\"dateModified\":\"2016-03-29T15:30:37+00:00\",\"breadcrumb\":{\"@id\":\"https:\\\/\\\/blogdoprosperi.com\\\/?p=55#breadcrumb\"},\"inLanguage\":\"pt-BR\",\"potentialAction\":[{\"@type\":\"ReadAction\",\"target\":[\"https:\\\/\\\/blogdoprosperi.com\\\/?p=55\"]}]},{\"@type\":\"ImageObject\",\"inLanguage\":\"pt-BR\",\"@id\":\"https:\\\/\\\/blogdoprosperi.com\\\/?p=55#primaryimage\",\"url\":\"https:\\\/\\\/i0.wp.com\\\/blogdoprosperi.com\\\/wp-content\\\/uploads\\\/2016\\\/03\\\/f_338696.jpg?fit=640%2C350&ssl=1\",\"contentUrl\":\"https:\\\/\\\/i0.wp.com\\\/blogdoprosperi.com\\\/wp-content\\\/uploads\\\/2016\\\/03\\\/f_338696.jpg?fit=640%2C350&ssl=1\",\"width\":640,\"height\":350},{\"@type\":\"BreadcrumbList\",\"@id\":\"https:\\\/\\\/blogdoprosperi.com\\\/?p=55#breadcrumb\",\"itemListElement\":[{\"@type\":\"ListItem\",\"position\":1,\"name\":\"In\u00edcio\",\"item\":\"https:\\\/\\\/blogdoprosperi.com\\\/\"},{\"@type\":\"ListItem\",\"position\":2,\"name\":\"Cuca, s\u00f3 ele, pode arrumar o Palmeiras\"}]},{\"@type\":\"WebSite\",\"@id\":\"https:\\\/\\\/blogdoprosperi.com\\\/#website\",\"url\":\"https:\\\/\\\/blogdoprosperi.com\\\/\",\"name\":\"PR\u00d3SPERI NEWS\",\"description\":\"TUDO \u00c9  FUTEBOL\",\"publisher\":{\"@id\":\"https:\\\/\\\/blogdoprosperi.com\\\/#\\\/schema\\\/person\\\/38100755ce3601861ee4fab9b5aa78e9\"},\"alternateName\":\"blogdoprosperi.com\",\"potentialAction\":[{\"@type\":\"SearchAction\",\"target\":{\"@type\":\"EntryPoint\",\"urlTemplate\":\"https:\\\/\\\/blogdoprosperi.com\\\/?s={search_term_string}\"},\"query-input\":{\"@type\":\"PropertyValueSpecification\",\"valueRequired\":true,\"valueName\":\"search_term_string\"}}],\"inLanguage\":\"pt-BR\"},{\"@type\":[\"Person\",\"Organization\"],\"@id\":\"https:\\\/\\\/blogdoprosperi.com\\\/#\\\/schema\\\/person\\\/38100755ce3601861ee4fab9b5aa78e9\",\"name\":\"Luiz Ant\u00f4nio Pr\u00f3speri\",\"pronouns\":\"ele\",\"image\":{\"@type\":\"ImageObject\",\"inLanguage\":\"pt-BR\",\"@id\":\"https:\\\/\\\/i0.wp.com\\\/blogdoprosperi.com\\\/wp-content\\\/uploads\\\/2026\\\/05\\\/cropped-8059e613-6002-42fa-961e-8e275f575d71-2-5.jpg?fit=1360%2C931&ssl=1\",\"url\":\"https:\\\/\\\/i0.wp.com\\\/blogdoprosperi.com\\\/wp-content\\\/uploads\\\/2026\\\/05\\\/cropped-8059e613-6002-42fa-961e-8e275f575d71-2-5.jpg?fit=1360%2C931&ssl=1\",\"contentUrl\":\"https:\\\/\\\/i0.wp.com\\\/blogdoprosperi.com\\\/wp-content\\\/uploads\\\/2026\\\/05\\\/cropped-8059e613-6002-42fa-961e-8e275f575d71-2-5.jpg?fit=1360%2C931&ssl=1\",\"width\":1360,\"height\":931,\"caption\":\"Luiz Ant\u00f4nio Pr\u00f3speri\"},\"logo\":{\"@id\":\"https:\\\/\\\/i0.wp.com\\\/blogdoprosperi.com\\\/wp-content\\\/uploads\\\/2026\\\/05\\\/cropped-8059e613-6002-42fa-961e-8e275f575d71-2-5.jpg?fit=1360%2C931&ssl=1\"},\"description\":\"Jornalista com carreira dedicada ao esporte. Cobriu 9 Copas do Mundo in loco, 1990 na It\u00e1lia, 1994 nos EUA, 1998 na Fran\u00e7a, 2002 na Coreia do Sul e Jap\u00e3o, 2006 na Alemanha, 2010 na \u00c1frica do Sul, 2014 no Brasil, 2018 na R\u00fassia e 2022 no Qatar. Eurocopas, 1992 na Su\u00e9cia e 1996 na Inglaterra. Copa das Confedera\u00e7\u00f5es de 2005 na Alemanha e 2009 na \u00c1frica do Sul. Rep\u00f3rter e Editor, trabalhou no Jornal da Tarde e Estad\u00e3o, de 1984 a fevereiro de 2016. Colunista, blogueiro. E comentarista de futebol na R\u00e1dio Estad\u00e3o, de 2013 a fevereiro de 2016. Jornalista respons\u00e1vel do \\\"Pr\u00f3speri News\\\" (blogdoprosperi.com).\",\"sameAs\":[\"http:\\\/\\\/blogdoprosperi.com\",\"Luiz Pr\u00f3speri\",\"@luiz_prosperi\",\"https:\\\/\\\/x.com\\\/Luizprosperi\",\"@prosperinacopa\",\"luiz.prosperi@icloud.com\"],\"url\":\"https:\\\/\\\/blogdoprosperi.com\\\/?author=102107496\"}]}<\/script>\n<!-- \/ Yoast SEO plugin. -->","yoast_head_json":{"title":"Cuca, s\u00f3 ele, pode arrumar o Palmeiras - PR\u00d3SPERI NEWS","robots":{"index":"index","follow":"follow","max-snippet":"max-snippet:-1","max-image-preview":"max-image-preview:large","max-video-preview":"max-video-preview:-1"},"canonical":"https:\/\/blogdoprosperi.com\/?p=55","og_locale":"pt_BR","og_type":"article","og_title":"Cuca, s\u00f3 ele, pode arrumar o Palmeiras - PR\u00d3SPERI NEWS","og_description":"Presidente Paulo Nobre e o executivo Alexandre Mattos nada podem fazer","og_url":"https:\/\/blogdoprosperi.com\/?p=55","og_site_name":"PR\u00d3SPERI NEWS","article_publisher":"Luiz Pr\u00f3speri","article_author":"Luiz Pr\u00f3speri","article_published_time":"2016-03-28T14:28:50+00:00","article_modified_time":"2016-03-29T15:30:37+00:00","og_image":[{"url":"https:\/\/blogdoprosperi.com\/wp-content\/uploads\/2016\/03\/f_338696.jpg","type":"","width":"","height":""}],"author":"Luiz Ant\u00f4nio Pr\u00f3speri","twitter_card":"summary_large_image","twitter_creator":"@Luizprosperi","twitter_site":"@Luizprosperi","twitter_misc":{"Escrito por":"Luiz Ant\u00f4nio Pr\u00f3speri","Est. tempo de leitura":"2 minutos"},"schema":{"@context":"https:\/\/schema.org","@graph":[{"@type":"Article","@id":"https:\/\/blogdoprosperi.com\/?p=55#article","isPartOf":{"@id":"https:\/\/blogdoprosperi.com\/?p=55"},"author":{"name":"Luiz Ant\u00f4nio Pr\u00f3speri","@id":"https:\/\/blogdoprosperi.com\/#\/schema\/person\/38100755ce3601861ee4fab9b5aa78e9"},"headline":"Cuca, s\u00f3 ele, pode arrumar o Palmeiras","datePublished":"2016-03-28T14:28:50+00:00","dateModified":"2016-03-29T15:30:37+00:00","mainEntityOfPage":{"@id":"https:\/\/blogdoprosperi.com\/?p=55"},"wordCount":401,"commentCount":2,"publisher":{"@id":"https:\/\/blogdoprosperi.com\/#\/schema\/person\/38100755ce3601861ee4fab9b5aa78e9"},"image":{"@id":"https:\/\/blogdoprosperi.com\/?p=55#primaryimage"},"thumbnailUrl":"https:\/\/blogdoprosperi.com\/wp-content\/uploads\/2016\/03\/f_338696.jpg","keywords":["futebol","Palmeiras Cuca Alexandre Mattos"],"articleSection":["futebol"],"inLanguage":"pt-BR","potentialAction":[{"@type":"CommentAction","name":"Comment","target":["https:\/\/blogdoprosperi.com\/?p=55#respond"]}]},{"@type":"WebPage","@id":"https:\/\/blogdoprosperi.com\/?p=55","url":"https:\/\/blogdoprosperi.com\/?p=55","name":"Cuca, s\u00f3 ele, pode arrumar o Palmeiras - PR\u00d3SPERI NEWS","isPartOf":{"@id":"https:\/\/blogdoprosperi.com\/#website"},"primaryImageOfPage":{"@id":"https:\/\/blogdoprosperi.com\/?p=55#primaryimage"},"image":{"@id":"https:\/\/blogdoprosperi.com\/?p=55#primaryimage"},"thumbnailUrl":"https:\/\/blogdoprosperi.com\/wp-content\/uploads\/2016\/03\/f_338696.jpg","datePublished":"2016-03-28T14:28:50+00:00","dateModified":"2016-03-29T15:30:37+00:00","breadcrumb":{"@id":"https:\/\/blogdoprosperi.com\/?p=55#breadcrumb"},"inLanguage":"pt-BR","potentialAction":[{"@type":"ReadAction","target":["https:\/\/blogdoprosperi.com\/?p=55"]}]},{"@type":"ImageObject","inLanguage":"pt-BR","@id":"https:\/\/blogdoprosperi.com\/?p=55#primaryimage","url":"https:\/\/i0.wp.com\/blogdoprosperi.com\/wp-content\/uploads\/2016\/03\/f_338696.jpg?fit=640%2C350&ssl=1","contentUrl":"https:\/\/i0.wp.com\/blogdoprosperi.com\/wp-content\/uploads\/2016\/03\/f_338696.jpg?fit=640%2C350&ssl=1","width":640,"height":350},{"@type":"BreadcrumbList","@id":"https:\/\/blogdoprosperi.com\/?p=55#breadcrumb","itemListElement":[{"@type":"ListItem","position":1,"name":"In\u00edcio","item":"https:\/\/blogdoprosperi.com\/"},{"@type":"ListItem","position":2,"name":"Cuca, s\u00f3 ele, pode arrumar o Palmeiras"}]},{"@type":"WebSite","@id":"https:\/\/blogdoprosperi.com\/#website","url":"https:\/\/blogdoprosperi.com\/","name":"PR\u00d3SPERI NEWS","description":"TUDO \u00c9  FUTEBOL","publisher":{"@id":"https:\/\/blogdoprosperi.com\/#\/schema\/person\/38100755ce3601861ee4fab9b5aa78e9"},"alternateName":"blogdoprosperi.com","potentialAction":[{"@type":"SearchAction","target":{"@type":"EntryPoint","urlTemplate":"https:\/\/blogdoprosperi.com\/?s={search_term_string}"},"query-input":{"@type":"PropertyValueSpecification","valueRequired":true,"valueName":"search_term_string"}}],"inLanguage":"pt-BR"},{"@type":["Person","Organization"],"@id":"https:\/\/blogdoprosperi.com\/#\/schema\/person\/38100755ce3601861ee4fab9b5aa78e9","name":"Luiz Ant\u00f4nio Pr\u00f3speri","pronouns":"ele","image":{"@type":"ImageObject","inLanguage":"pt-BR","@id":"https:\/\/i0.wp.com\/blogdoprosperi.com\/wp-content\/uploads\/2026\/05\/cropped-8059e613-6002-42fa-961e-8e275f575d71-2-5.jpg?fit=1360%2C931&ssl=1","url":"https:\/\/i0.wp.com\/blogdoprosperi.com\/wp-content\/uploads\/2026\/05\/cropped-8059e613-6002-42fa-961e-8e275f575d71-2-5.jpg?fit=1360%2C931&ssl=1","contentUrl":"https:\/\/i0.wp.com\/blogdoprosperi.com\/wp-content\/uploads\/2026\/05\/cropped-8059e613-6002-42fa-961e-8e275f575d71-2-5.jpg?fit=1360%2C931&ssl=1","width":1360,"height":931,"caption":"Luiz Ant\u00f4nio Pr\u00f3speri"},"logo":{"@id":"https:\/\/i0.wp.com\/blogdoprosperi.com\/wp-content\/uploads\/2026\/05\/cropped-8059e613-6002-42fa-961e-8e275f575d71-2-5.jpg?fit=1360%2C931&ssl=1"},"description":"Jornalista com carreira dedicada ao esporte. Cobriu 9 Copas do Mundo in loco, 1990 na It\u00e1lia, 1994 nos EUA, 1998 na Fran\u00e7a, 2002 na Coreia do Sul e Jap\u00e3o, 2006 na Alemanha, 2010 na \u00c1frica do Sul, 2014 no Brasil, 2018 na R\u00fassia e 2022 no Qatar. Eurocopas, 1992 na Su\u00e9cia e 1996 na Inglaterra. Copa das Confedera\u00e7\u00f5es de 2005 na Alemanha e 2009 na \u00c1frica do Sul. Rep\u00f3rter e Editor, trabalhou no Jornal da Tarde e Estad\u00e3o, de 1984 a fevereiro de 2016. Colunista, blogueiro. E comentarista de futebol na R\u00e1dio Estad\u00e3o, de 2013 a fevereiro de 2016. Jornalista respons\u00e1vel do \"Pr\u00f3speri News\" (blogdoprosperi.com).","sameAs":["http:\/\/blogdoprosperi.com","Luiz Pr\u00f3speri","@luiz_prosperi","https:\/\/x.com\/Luizprosperi","@prosperinacopa","luiz.prosperi@icloud.com"],"url":"https:\/\/blogdoprosperi.com\/?author=102107496"}]}},"jetpack_publicize_connections":[],"jetpack_likes_enabled":false,"jetpack_sharing_enabled":true,"jetpack_shortlink":"https:\/\/wp.me\/p7jvdk-T","jetpack-related-posts":[{"id":16223,"url":"https:\/\/blogdoprosperi.com\/?p=16223","url_meta":{"origin":55,"position":0},"title":"Real Madrid assume a dianteira na contrata\u00e7\u00e3o de Gabriel Jesus, diz imprensa de Barcelona","author":"Luiz Ant\u00f4nio Pr\u00f3speri","date":"14 de julho de 2016","format":false,"excerpt":"Alexandre Mattos, diretor de futebol do Palmeiras, est\u00e1 na Espanha para negociar Gabriel Jesus. O dirigente deve se reunir ainda nesta sexta-feira (15\/6) com o comando do Real Madrid, ap\u00f3s o Barcelona, aparentemente, ter tirado o p\u00e9 das negocia\u00e7\u00f5es para levar Jesus. Mattos viajaria acompanhado do agente Andr\u00e9 Cury, de\u2026","rel":"","context":"Em &quot;futebol&quot;","block_context":{"text":"futebol","link":"https:\/\/blogdoprosperi.com\/?cat=53870"},"img":{"alt_text":"","src":"https:\/\/i0.wp.com\/blogdoprosperi.com\/wp-content\/uploads\/2016\/07\/00869938-1024x682.jpg?resize=350%2C200&ssl=1","width":350,"height":200,"srcset":"https:\/\/i0.wp.com\/blogdoprosperi.com\/wp-content\/uploads\/2016\/07\/00869938-1024x682.jpg?resize=350%2C200&ssl=1 1x, https:\/\/i0.wp.com\/blogdoprosperi.com\/wp-content\/uploads\/2016\/07\/00869938-1024x682.jpg?resize=525%2C300&ssl=1 1.5x, https:\/\/i0.wp.com\/blogdoprosperi.com\/wp-content\/uploads\/2016\/07\/00869938-1024x682.jpg?resize=700%2C400&ssl=1 2x"},"classes":[]},{"id":33527,"url":"https:\/\/blogdoprosperi.com\/?p=33527","url_meta":{"origin":55,"position":1},"title":"Palmeiras arrisca ao eleger Eduardo Baptista sucessor de Cuca no comando do time campe\u00e3o","author":"Luiz Ant\u00f4nio Pr\u00f3speri","date":"1 de dezembro de 2016","format":false,"excerpt":"Palmeiras come\u00e7a errado seu planejamento para 2017. Dirigentes n\u00e3o pensaram em um treinador, mesmo informados de que Cuca n\u00e3o renovaria contrato. Imaginaram, em cima do sucesso do time campe\u00e3o brasileiro e do cofre cheio de dinheiro, que treinadores bateriam \u00e0 porta do clube se oferecendo para dirigir o time. N\u00e3o\u2026","rel":"","context":"Em &quot;futebol&quot;","block_context":{"text":"futebol","link":"https:\/\/blogdoprosperi.com\/?cat=53870"},"img":{"alt_text":"","src":"https:\/\/i0.wp.com\/blogdoprosperi.com\/wp-content\/uploads\/2016\/12\/edubap1.jpg?resize=350%2C200&ssl=1","width":350,"height":200,"srcset":"https:\/\/i0.wp.com\/blogdoprosperi.com\/wp-content\/uploads\/2016\/12\/edubap1.jpg?resize=350%2C200&ssl=1 1x, https:\/\/i0.wp.com\/blogdoprosperi.com\/wp-content\/uploads\/2016\/12\/edubap1.jpg?resize=525%2C300&ssl=1 1.5x"},"classes":[]},{"id":36584,"url":"https:\/\/blogdoprosperi.com\/?p=36584","url_meta":{"origin":55,"position":2},"title":"Felipe Melo fora da curva","author":"Luiz Ant\u00f4nio Pr\u00f3speri","date":"11 de agosto de 2017","format":false,"excerpt":"Palmeiras e patrocinadora torraram R$ 115 milh\u00f5es em contrata\u00e7\u00f5es de jogadores porque tinham dinheiro para gastar. Cuca, desde seu in\u00edcio de carreira de treinador, carrega suas mandingas e cren\u00e7as por onde passa. Ajoelhado ou n\u00e3o. De cal\u00e7a vinho ou n\u00e3o.\u00a0Borja e Guerra, apontados como os principais destaques da Libertadores de\u2026","rel":"","context":"Em &quot;Copa Libertadores&quot;","block_context":{"text":"Copa Libertadores","link":"https:\/\/blogdoprosperi.com\/?cat=270704"},"img":{"alt_text":"","src":"https:\/\/i0.wp.com\/blogdoprosperi.com\/wp-content\/uploads\/2017\/08\/34637391310_c47717dd3c_o.jpg?fit=1000%2C611&ssl=1&resize=350%2C200","width":350,"height":200,"srcset":"https:\/\/i0.wp.com\/blogdoprosperi.com\/wp-content\/uploads\/2017\/08\/34637391310_c47717dd3c_o.jpg?fit=1000%2C611&ssl=1&resize=350%2C200 1x, https:\/\/i0.wp.com\/blogdoprosperi.com\/wp-content\/uploads\/2017\/08\/34637391310_c47717dd3c_o.jpg?fit=1000%2C611&ssl=1&resize=525%2C300 1.5x, https:\/\/i0.wp.com\/blogdoprosperi.com\/wp-content\/uploads\/2017\/08\/34637391310_c47717dd3c_o.jpg?fit=1000%2C611&ssl=1&resize=700%2C400 2x"},"classes":[]},{"id":1329,"url":"https:\/\/blogdoprosperi.com\/?p=1329","url_meta":{"origin":55,"position":3},"title":"Palmeiras perde tempo com Marcelo Oliveira e cai na Libertadores","author":"Luiz Ant\u00f4nio Pr\u00f3speri","date":"15 de abril de 2016","format":false,"excerpt":"\u00a0 O Palmeiras saiu aplaudido por cerca de 30 mil torcedores ao derrotar o fraco River Plate por 4 a 0 nesta noite de quinta-feira no Allianz Parque. A rea\u00e7\u00e3o da torcida foi de apoio aos jogadores e ao t\u00e9cnico Cuca, apesar da elimina\u00e7\u00e3o na primeira fase da Copa Libertadores\u2026","rel":"","context":"Em &quot;futebol&quot;","block_context":{"text":"futebol","link":"https:\/\/blogdoprosperi.com\/?cat=53870"},"img":{"alt_text":"","src":"https:\/\/i0.wp.com\/blogdoprosperi.com\/wp-content\/uploads\/2016\/04\/01e00dd35300bfab453f84b4a7ea0df7.jpg?resize=350%2C200&ssl=1","width":350,"height":200,"srcset":"https:\/\/i0.wp.com\/blogdoprosperi.com\/wp-content\/uploads\/2016\/04\/01e00dd35300bfab453f84b4a7ea0df7.jpg?resize=350%2C200&ssl=1 1x, https:\/\/i0.wp.com\/blogdoprosperi.com\/wp-content\/uploads\/2016\/04\/01e00dd35300bfab453f84b4a7ea0df7.jpg?resize=525%2C300&ssl=1 1.5x"},"classes":[]},{"id":13578,"url":"https:\/\/blogdoprosperi.com\/?p=13578","url_meta":{"origin":55,"position":4},"title":"Real Madrid, Barcelona e Inter de Mil\u00e3o disputam Gabriel Jesus","author":"Luiz Ant\u00f4nio Pr\u00f3speri","date":"28 de junho de 2016","format":false,"excerpt":"Veja as estrat\u00e9gias dos tr\u00eas gigantes europeus para tirar o garoto do Palmeiras nesta janela de transfer\u00eancias e a rea\u00e7\u00e3o do clube paulista Gabriel Jesus n\u00e3o deve escapar de uma transfer\u00eancia ao futebol europeu nesta janela de transfer\u00eancias. O interesse dos gigantes come\u00e7ou com a Juventus, chegou forte no Barcelona,\u2026","rel":"","context":"Em &quot;futebol&quot;","block_context":{"text":"futebol","link":"https:\/\/blogdoprosperi.com\/?cat=53870"},"img":{"alt_text":"","src":"https:\/\/i0.wp.com\/blogdoprosperi.com\/wp-content\/uploads\/2016\/06\/maxresdefault2.jpg?resize=350%2C200&ssl=1","width":350,"height":200,"srcset":"https:\/\/i0.wp.com\/blogdoprosperi.com\/wp-content\/uploads\/2016\/06\/maxresdefault2.jpg?resize=350%2C200&ssl=1 1x, https:\/\/i0.wp.com\/blogdoprosperi.com\/wp-content\/uploads\/2016\/06\/maxresdefault2.jpg?resize=525%2C300&ssl=1 1.5x, https:\/\/i0.wp.com\/blogdoprosperi.com\/wp-content\/uploads\/2016\/06\/maxresdefault2.jpg?resize=700%2C400&ssl=1 2x, https:\/\/i0.wp.com\/blogdoprosperi.com\/wp-content\/uploads\/2016\/06\/maxresdefault2.jpg?resize=1050%2C600&ssl=1 3x, https:\/\/i0.wp.com\/blogdoprosperi.com\/wp-content\/uploads\/2016\/06\/maxresdefault2.jpg?resize=1400%2C800&ssl=1 4x"},"classes":[]},{"id":34723,"url":"https:\/\/blogdoprosperi.com\/?p=34723","url_meta":{"origin":55,"position":5},"title":"Conhe\u00e7a Vitinho, novo lan\u00e7amento da base do Palmeiras","author":"Luiz Ant\u00f4nio Pr\u00f3speri","date":"24 de janeiro de 2017","format":false,"excerpt":"Alexandre Mattos estava empolgado na noite de 21 de junho de 2016 no Allianz Parque. Ao lado de Ra\u00fal Sanlleh\u00ed, diretor do Barcelona, em um dos camarotes da arena, o executivo do Palmeiras deitava fala\u00e7\u00e3o e elogios aos jogadores do clube paulista. L\u00e1 embaixo, no campo, Gabriel Jesus, com extrema\u2026","rel":"","context":"Em &quot;Campeonato Brasileiro&quot;","block_context":{"text":"Campeonato Brasileiro","link":"https:\/\/blogdoprosperi.com\/?cat=355071"},"img":{"alt_text":"","src":"https:\/\/i0.wp.com\/blogdoprosperi.com\/wp-content\/uploads\/2017\/01\/vitinho-chapecoense-palmeiras-amistoso-21012017_hzv2jt2bgr4s1j4zfk52hid63-1.jpg?resize=350%2C200&ssl=1","width":350,"height":200,"srcset":"https:\/\/i0.wp.com\/blogdoprosperi.com\/wp-content\/uploads\/2017\/01\/vitinho-chapecoense-palmeiras-amistoso-21012017_hzv2jt2bgr4s1j4zfk52hid63-1.jpg?resize=350%2C200&ssl=1 1x, https:\/\/i0.wp.com\/blogdoprosperi.com\/wp-content\/uploads\/2017\/01\/vitinho-chapecoense-palmeiras-amistoso-21012017_hzv2jt2bgr4s1j4zfk52hid63-1.jpg?resize=525%2C300&ssl=1 1.5x"},"classes":[]}],"jetpack_featured_media_url":"","_links":{"self":[{"href":"https:\/\/blogdoprosperi.com\/index.php?rest_route=\/wp\/v2\/posts\/55","targetHints":{"allow":["GET"]}}],"collection":[{"href":"https:\/\/blogdoprosperi.com\/index.php?rest_route=\/wp\/v2\/posts"}],"about":[{"href":"https:\/\/blogdoprosperi.com\/index.php?rest_route=\/wp\/v2\/types\/post"}],"author":[{"embeddable":true,"href":"https:\/\/blogdoprosperi.com\/index.php?rest_route=\/wp\/v2\/users\/102107496"}],"replies":[{"embeddable":true,"href":"https:\/\/blogdoprosperi.com\/index.php?rest_route=%2Fwp%2Fv2%2Fcomments&post=55"}],"version-history":[{"count":25,"href":"https:\/\/blogdoprosperi.com\/index.php?rest_route=\/wp\/v2\/posts\/55\/revisions"}],"predecessor-version":[{"id":108,"href":"https:\/\/blogdoprosperi.com\/index.php?rest_route=\/wp\/v2\/posts\/55\/revisions\/108"}],"wp:attachment":[{"href":"https:\/\/blogdoprosperi.com\/index.php?rest_route=%2Fwp%2Fv2%2Fmedia&parent=55"}],"wp:term":[{"taxonomy":"category","embeddable":true,"href":"https:\/\/blogdoprosperi.com\/index.php?rest_route=%2Fwp%2Fv2%2Fcategories&post=55"},{"taxonomy":"post_tag","embeddable":true,"href":"https:\/\/blogdoprosperi.com\/index.php?rest_route=%2Fwp%2Fv2%2Ftags&post=55"}],"curies":[{"name":"wp","href":"https:\/\/api.w.org\/{rel}","templated":true}]}}