{"id":55064,"date":"2025-09-19T12:59:26","date_gmt":"2025-09-19T15:59:26","guid":{"rendered":"https:\/\/blogdoprosperi.com\/?p=55064"},"modified":"2025-09-19T19:38:01","modified_gmt":"2025-09-19T22:38:01","slug":"arbitragem-na-libertadores-flamengo-pede-anulacao-da-expulsao-de-plata","status":"publish","type":"post","link":"https:\/\/blogdoprosperi.com\/?p=55064","title":{"rendered":"Arbitragem na Libertadores | Conmebol Anula Expuls\u00e3o de Plata e Libera Atacante para Jogo da Volta Contra Estudiantes"},"content":{"rendered":"<p><em>Luiz Ant\u00f4nio Pr\u00f3speri \u2013 19 setembro 2025 (12h45) \u2013 atualizado \u00e0s 15h38<\/em><\/p>\n<p>Conmebol reconhece erro da arbitragem e anula expuls\u00e3o do atacante Gonzalo Plata liberando o jogador a atuar pelo Flamengo contra o Estudiantes no jogo de volta das quartas de final da Libertadores, dia 25, em Buenos Aires.<\/p>\n<p>&#8220;Por meio deste comunicado, informo que, de acordo com as informa\u00e7\u00f5es prestadas pela Comiss\u00e3o de Arbitragem e ap\u00f3s a devida an\u00e1lise, a Unidade Disciplinar informa que a comunica\u00e7\u00e3o de medidas disciplinares referentes ao jogador Gonzalo Jordy Plata Jim\u00e9nez foi modificada. Consequentemente, confirma-se que o referido jogador n\u00e3o est\u00e1 suspenso para a pr\u00f3xima partida oficial do seu clube na CONMEBOL Libertadores de 2025&#8221;, diz a nota oficial da Conmebol enviada ao Flamengo.<\/p>\n<p>Clube carioca entraria com uma a\u00e7\u00e3o na Conmebol pedindo anula\u00e7\u00e3o da expuls\u00e3o ap\u00f3s divulga\u00e7\u00e3o dos \u00e1udios do VAR no lance que leva o \u00e1rbitro a dar cart\u00e3o amarelo e depois vermelho a Plata. VAR reconhece o erro do \u00e1rbitro e diz que n\u00e3o poderia interferir em obedi\u00eancia ao protocolo da Fifa.<\/p>\n<p>A &nbsp;decis\u00e3o de anular a expuls\u00e3o pode abrir precedente a outros clubes. A Conmebol costuma normalizar erros crassos de arbitragem na Libertadores e Copa Sul-Americana. Pior, clubes do Brasil t\u00eam por norma aceitar, at\u00e9 de forma passiva, as extravag\u00e2ncias da arbitragem nos jogos entre times brasileiros e rivais do continente. &#8220;Libertadores \u00e9 assim mesmo, arbitragem deixa o jogo correr&#8221;. Tradu\u00e7\u00e3o: pancadaria corre solta, coniv\u00eancia com atos il\u00edcitos em lances capitais do jogo, press\u00e3o do time mandante e, muitas vezes, selvageria de torcidas, racismo e homofobia liberados. Sem falar da cara de pau de \u00e1rbitros que se acham seres superiores com o apito na boca.<\/p>\n<p>O que chama aten\u00e7\u00e3o \u00e9 a passividade de clubes brasileiros a n\u00e3o se importar com as escalas de arbitragem impostas pela Conmebol. Nos jogos aqui no Brasileir\u00e3o, Copa do Brasil, Estaduais, qualquer errinho de um \u00e1rbitro leva dirigentes dos clubes emitirem notas de rep\u00fadio, pedido de veto do referido \u00e1rbitro nos pr\u00f3ximos jogos de quem se sente prejudicado. Um carnaval e press\u00e3o na CBF.<\/p>\n<p>Quando o jogo \u00e9 de Libertadores ou Copa Sul-Americana, clubes brasileiros n\u00e3o questionam nem cobram a Conmebol. Aceitam as decis\u00f5es da confedera\u00e7\u00e3o e, ao ser v\u00edtima de um deslize da arbitragem, recorrem \u00e0 imprensa para expor seus rancores e bronca. \u00c9 ris\u00edvel.<\/p>\n<p>Na pr\u00f3xima semana, dias 24 e 25 setembro, teremos jogos de volta das quartas de final da Libertadores. Palmeiras recebe o argentino River Plate. Flamengo visita o tamb\u00e9m argentino Estudiantes. S\u00e3o Paulo receber\u00e1 a LDU do Equador. E tem o cl\u00e1ssico portenho Racing x Velez em Buenos Aires. De pronto, clubes brasileiros deveriam exigir a escala com os melhores \u00e1rbitros do continente. N\u00e3o concordar com os chamados &#8220;gaveteiros&#8221; de outrora ou os que se julgam protagonistas do jogo. \u00c9 o m\u00ednimo que se tem a fazer. Chorar depois n\u00e3o leva a nada. Tem muita gente para enxugar as l\u00e1grimas dos derrotados.<\/p>\n<p><strong>Veja os v\u00eddeos:<\/strong><\/p>\n<p><strong><em>Bronca do Flamengo:<\/em><\/strong><\/p>\n<p><span><strong><a style=\"color: #0000ff\" href=\"https:\/\/x.com\/golsdobrasil1\/status\/1969045606397059376\">https:\/\/x.com\/golsdobrasil1\/status\/1969045606397059376<\/a><\/strong><\/span><\/p>\n<p><strong><em>Bronca do Estudiantes:<\/em><\/strong><\/p>\n<p><span><strong><a style=\"color: #0000ff\" href=\"https:\/\/x.com\/are_cruzmaltina\/status\/1968879173700575414\">https:\/\/x.com\/are_cruzmaltina\/status\/1968879173700575414<\/a><\/strong><\/span><\/p>\n","protected":false},"excerpt":{"rendered":"<p>Luiz Ant\u00f4nio Pr\u00f3speri \u2013 19 setembro 2025 (12h45) \u2013 atualizado \u00e0s 15h38 Conmebol reconhece erro da arbitragem e [&hellip;]<\/p>\n","protected":false},"author":102107496,"featured_media":55073,"comment_status":"open","ping_status":"open","sticky":false,"template":"","format":"standard","meta":{"_coblocks_attr":"","_coblocks_dimensions":"","_coblocks_responsive_height":"","_coblocks_accordion_ie_support":"","_jetpack_newsletter_access":"","_jetpack_dont_email_post_to_subs":false,"_jetpack_newsletter_tier_id":0,"_jetpack_memberships_contains_paywalled_content":false,"_wpcom_ai_launchpad_first_post":false,"_jetpack_feature_clip_id":0,"_jetpack_memberships_contains_paid_content":false,"footnotes":"","jetpack_publicize_message":"","jetpack_publicize_feature_enabled":true,"jetpack_social_post_already_shared":false,"jetpack_social_options":{"image_generator_settings":{"template":"highway","default_image_id":0,"font":"","enabled":false},"version":2},"jetpack_post_was_ever_published":false},"categories":[53870,780610952,38115653,3919],"tags":[784225420,535722,784225421,753849450,789560585],"class_list":["post-55064","post","type-post","status-publish","format-standard","has-post-thumbnail","hentry","category-futebol","category-libertadores2025","category-luiz-antonio-prosperi","category-opiniao","tag-arbitragemsul-americana","tag-conmebol","tag-flamengoxestudiantes","tag-gonzaloplata","tag-libertadores2025"],"yoast_head":"<!-- This site is optimized with the Yoast SEO plugin v28.3 - https:\/\/yoast.com\/product\/yoast-seo-wordpress\/ -->\n<title>Arbitragem na Libertadores | Conmebol Anula Expuls\u00e3o de Plata e Libera Atacante para Jogo da Volta Contra Estudiantes - PR\u00d3SPERI NEWS<\/title>\n<meta name=\"robots\" content=\"index, follow, max-snippet:-1, max-image-preview:large, max-video-preview:-1\" \/>\n<link rel=\"canonical\" href=\"https:\/\/blogdoprosperi.com\/?p=55064\" \/>\n<meta property=\"og:locale\" content=\"pt_BR\" \/>\n<meta property=\"og:type\" content=\"article\" \/>\n<meta property=\"og:title\" content=\"Arbitragem na Libertadores | Conmebol Anula Expuls\u00e3o de Plata e Libera Atacante para Jogo da Volta Contra Estudiantes - PR\u00d3SPERI NEWS\" \/>\n<meta property=\"og:description\" content=\"Luiz Ant\u00f4nio Pr\u00f3speri \u2013 19 setembro 2025 (12h45) \u2013 atualizado \u00e0s 15h38 Conmebol reconhece erro da arbitragem e [&hellip;]\" \/>\n<meta property=\"og:url\" content=\"https:\/\/blogdoprosperi.com\/?p=55064\" \/>\n<meta property=\"og:site_name\" content=\"PR\u00d3SPERI NEWS\" \/>\n<meta property=\"article:publisher\" content=\"Luiz Pr\u00f3speri\" \/>\n<meta property=\"article:author\" content=\"Luiz Pr\u00f3speri\" \/>\n<meta property=\"article:published_time\" content=\"2025-09-19T15:59:26+00:00\" \/>\n<meta property=\"article:modified_time\" content=\"2025-09-19T22:38:01+00:00\" \/>\n<meta property=\"og:image\" content=\"https:\/\/i0.wp.com\/blogdoprosperi.com\/wp-content\/uploads\/2025\/09\/54797212534_3ae8497e39_c.jpg?fit=799%2C533&ssl=1\" \/>\n\t<meta property=\"og:image:width\" content=\"799\" \/>\n\t<meta property=\"og:image:height\" content=\"533\" \/>\n\t<meta property=\"og:image:type\" content=\"image\/jpeg\" \/>\n<meta name=\"author\" content=\"Luiz Ant\u00f4nio Pr\u00f3speri\" \/>\n<meta name=\"twitter:card\" content=\"summary_large_image\" \/>\n<meta name=\"twitter:creator\" content=\"@Luizprosperi\" \/>\n<meta name=\"twitter:site\" content=\"@Luizprosperi\" \/>\n<meta name=\"twitter:label1\" content=\"Escrito por\" \/>\n\t<meta name=\"twitter:data1\" content=\"Luiz Ant\u00f4nio Pr\u00f3speri\" \/>\n\t<meta name=\"twitter:label2\" content=\"Est. tempo de leitura\" \/>\n\t<meta name=\"twitter:data2\" content=\"3 minutos\" \/>\n<script type=\"application\/ld+json\" class=\"yoast-schema-graph\">{\"@context\":\"https:\\\/\\\/schema.org\",\"@graph\":[{\"@type\":\"Article\",\"@id\":\"https:\\\/\\\/blogdoprosperi.com\\\/?p=55064#article\",\"isPartOf\":{\"@id\":\"https:\\\/\\\/blogdoprosperi.com\\\/?p=55064\"},\"author\":{\"name\":\"Luiz Ant\u00f4nio Pr\u00f3speri\",\"@id\":\"https:\\\/\\\/blogdoprosperi.com\\\/#\\\/schema\\\/person\\\/38100755ce3601861ee4fab9b5aa78e9\"},\"headline\":\"Arbitragem na Libertadores | Conmebol Anula Expuls\u00e3o de Plata e Libera Atacante para Jogo da Volta Contra Estudiantes\",\"datePublished\":\"2025-09-19T15:59:26+00:00\",\"dateModified\":\"2025-09-19T22:38:01+00:00\",\"mainEntityOfPage\":{\"@id\":\"https:\\\/\\\/blogdoprosperi.com\\\/?p=55064\"},\"wordCount\":554,\"commentCount\":0,\"publisher\":{\"@id\":\"https:\\\/\\\/blogdoprosperi.com\\\/#\\\/schema\\\/person\\\/38100755ce3601861ee4fab9b5aa78e9\"},\"image\":{\"@id\":\"https:\\\/\\\/blogdoprosperi.com\\\/?p=55064#primaryimage\"},\"thumbnailUrl\":\"https:\\\/\\\/i0.wp.com\\\/blogdoprosperi.com\\\/wp-content\\\/uploads\\\/2025\\\/09\\\/54797212534_3ae8497e39_c.jpg?fit=799%2C533&ssl=1\",\"keywords\":[\"arbitragemsul-americana\",\"Conmebol\",\"flamengoxestudiantes\",\"gonzaloplata\",\"Libertadores2025\"],\"articleSection\":[\"futebol\",\"Libertadores2025\",\"Luiz Ant\u00f4nio Pr\u00f3speri\",\"opini\u00e3o\"],\"inLanguage\":\"pt-BR\",\"potentialAction\":[{\"@type\":\"CommentAction\",\"name\":\"Comment\",\"target\":[\"https:\\\/\\\/blogdoprosperi.com\\\/?p=55064#respond\"]}]},{\"@type\":\"WebPage\",\"@id\":\"https:\\\/\\\/blogdoprosperi.com\\\/?p=55064\",\"url\":\"https:\\\/\\\/blogdoprosperi.com\\\/?p=55064\",\"name\":\"Arbitragem na Libertadores | Conmebol Anula Expuls\u00e3o de Plata e Libera Atacante para Jogo da Volta Contra Estudiantes - PR\u00d3SPERI NEWS\",\"isPartOf\":{\"@id\":\"https:\\\/\\\/blogdoprosperi.com\\\/#website\"},\"primaryImageOfPage\":{\"@id\":\"https:\\\/\\\/blogdoprosperi.com\\\/?p=55064#primaryimage\"},\"image\":{\"@id\":\"https:\\\/\\\/blogdoprosperi.com\\\/?p=55064#primaryimage\"},\"thumbnailUrl\":\"https:\\\/\\\/i0.wp.com\\\/blogdoprosperi.com\\\/wp-content\\\/uploads\\\/2025\\\/09\\\/54797212534_3ae8497e39_c.jpg?fit=799%2C533&ssl=1\",\"datePublished\":\"2025-09-19T15:59:26+00:00\",\"dateModified\":\"2025-09-19T22:38:01+00:00\",\"breadcrumb\":{\"@id\":\"https:\\\/\\\/blogdoprosperi.com\\\/?p=55064#breadcrumb\"},\"inLanguage\":\"pt-BR\",\"potentialAction\":[{\"@type\":\"ReadAction\",\"target\":[\"https:\\\/\\\/blogdoprosperi.com\\\/?p=55064\"]}]},{\"@type\":\"ImageObject\",\"inLanguage\":\"pt-BR\",\"@id\":\"https:\\\/\\\/blogdoprosperi.com\\\/?p=55064#primaryimage\",\"url\":\"https:\\\/\\\/i0.wp.com\\\/blogdoprosperi.com\\\/wp-content\\\/uploads\\\/2025\\\/09\\\/54797212534_3ae8497e39_c.jpg?fit=799%2C533&ssl=1\",\"contentUrl\":\"https:\\\/\\\/i0.wp.com\\\/blogdoprosperi.com\\\/wp-content\\\/uploads\\\/2025\\\/09\\\/54797212534_3ae8497e39_c.jpg?fit=799%2C533&ssl=1\",\"width\":799,\"height\":533,\"caption\":\"Plata, piv\u00f4 de pol\u00eamica de arbitragem \u2013 foto: Flamengo oficial\"},{\"@type\":\"BreadcrumbList\",\"@id\":\"https:\\\/\\\/blogdoprosperi.com\\\/?p=55064#breadcrumb\",\"itemListElement\":[{\"@type\":\"ListItem\",\"position\":1,\"name\":\"In\u00edcio\",\"item\":\"https:\\\/\\\/blogdoprosperi.com\\\/\"},{\"@type\":\"ListItem\",\"position\":2,\"name\":\"Arbitragem na Libertadores | Conmebol Anula Expuls\u00e3o de Plata e Libera Atacante para Jogo da Volta Contra Estudiantes\"}]},{\"@type\":\"WebSite\",\"@id\":\"https:\\\/\\\/blogdoprosperi.com\\\/#website\",\"url\":\"https:\\\/\\\/blogdoprosperi.com\\\/\",\"name\":\"PR\u00d3SPERI NEWS\",\"description\":\"TUDO \u00c9  FUTEBOL\",\"publisher\":{\"@id\":\"https:\\\/\\\/blogdoprosperi.com\\\/#\\\/schema\\\/person\\\/38100755ce3601861ee4fab9b5aa78e9\"},\"alternateName\":\"blogdoprosperi.com\",\"potentialAction\":[{\"@type\":\"SearchAction\",\"target\":{\"@type\":\"EntryPoint\",\"urlTemplate\":\"https:\\\/\\\/blogdoprosperi.com\\\/?s={search_term_string}\"},\"query-input\":{\"@type\":\"PropertyValueSpecification\",\"valueRequired\":true,\"valueName\":\"search_term_string\"}}],\"inLanguage\":\"pt-BR\"},{\"@type\":[\"Person\",\"Organization\"],\"@id\":\"https:\\\/\\\/blogdoprosperi.com\\\/#\\\/schema\\\/person\\\/38100755ce3601861ee4fab9b5aa78e9\",\"name\":\"Luiz Ant\u00f4nio Pr\u00f3speri\",\"pronouns\":\"ele\",\"image\":{\"@type\":\"ImageObject\",\"inLanguage\":\"pt-BR\",\"@id\":\"https:\\\/\\\/i0.wp.com\\\/blogdoprosperi.com\\\/wp-content\\\/uploads\\\/2026\\\/05\\\/cropped-8059e613-6002-42fa-961e-8e275f575d71-2-5.jpg?fit=1360%2C931&ssl=1\",\"url\":\"https:\\\/\\\/i0.wp.com\\\/blogdoprosperi.com\\\/wp-content\\\/uploads\\\/2026\\\/05\\\/cropped-8059e613-6002-42fa-961e-8e275f575d71-2-5.jpg?fit=1360%2C931&ssl=1\",\"contentUrl\":\"https:\\\/\\\/i0.wp.com\\\/blogdoprosperi.com\\\/wp-content\\\/uploads\\\/2026\\\/05\\\/cropped-8059e613-6002-42fa-961e-8e275f575d71-2-5.jpg?fit=1360%2C931&ssl=1\",\"width\":1360,\"height\":931,\"caption\":\"Luiz Ant\u00f4nio Pr\u00f3speri\"},\"logo\":{\"@id\":\"https:\\\/\\\/i0.wp.com\\\/blogdoprosperi.com\\\/wp-content\\\/uploads\\\/2026\\\/05\\\/cropped-8059e613-6002-42fa-961e-8e275f575d71-2-5.jpg?fit=1360%2C931&ssl=1\"},\"description\":\"Jornalista com carreira dedicada ao esporte. Cobriu 9 Copas do Mundo in loco, 1990 na It\u00e1lia, 1994 nos EUA, 1998 na Fran\u00e7a, 2002 na Coreia do Sul e Jap\u00e3o, 2006 na Alemanha, 2010 na \u00c1frica do Sul, 2014 no Brasil, 2018 na R\u00fassia e 2022 no Qatar. Eurocopas, 1992 na Su\u00e9cia e 1996 na Inglaterra. Copa das Confedera\u00e7\u00f5es de 2005 na Alemanha e 2009 na \u00c1frica do Sul. Rep\u00f3rter e Editor, trabalhou no Jornal da Tarde e Estad\u00e3o, de 1984 a fevereiro de 2016. Colunista, blogueiro. E comentarista de futebol na R\u00e1dio Estad\u00e3o, de 2013 a fevereiro de 2016. Jornalista respons\u00e1vel do \\\"Pr\u00f3speri News\\\" (blogdoprosperi.com).\",\"sameAs\":[\"http:\\\/\\\/blogdoprosperi.com\",\"Luiz Pr\u00f3speri\",\"@luiz_prosperi\",\"https:\\\/\\\/x.com\\\/Luizprosperi\",\"@prosperinacopa\",\"luiz.prosperi@icloud.com\"],\"url\":\"https:\\\/\\\/blogdoprosperi.com\\\/?author=102107496\"}]}<\/script>\n<!-- \/ Yoast SEO plugin. -->","yoast_head_json":{"title":"Arbitragem na Libertadores | Conmebol Anula Expuls\u00e3o de Plata e Libera Atacante para Jogo da Volta Contra Estudiantes - PR\u00d3SPERI NEWS","robots":{"index":"index","follow":"follow","max-snippet":"max-snippet:-1","max-image-preview":"max-image-preview:large","max-video-preview":"max-video-preview:-1"},"canonical":"https:\/\/blogdoprosperi.com\/?p=55064","og_locale":"pt_BR","og_type":"article","og_title":"Arbitragem na Libertadores | Conmebol Anula Expuls\u00e3o de Plata e Libera Atacante para Jogo da Volta Contra Estudiantes - PR\u00d3SPERI NEWS","og_description":"Luiz Ant\u00f4nio Pr\u00f3speri \u2013 19 setembro 2025 (12h45) \u2013 atualizado \u00e0s 15h38 Conmebol reconhece erro da arbitragem e [&hellip;]","og_url":"https:\/\/blogdoprosperi.com\/?p=55064","og_site_name":"PR\u00d3SPERI NEWS","article_publisher":"Luiz Pr\u00f3speri","article_author":"Luiz Pr\u00f3speri","article_published_time":"2025-09-19T15:59:26+00:00","article_modified_time":"2025-09-19T22:38:01+00:00","og_image":[{"width":799,"height":533,"url":"https:\/\/i0.wp.com\/blogdoprosperi.com\/wp-content\/uploads\/2025\/09\/54797212534_3ae8497e39_c.jpg?fit=799%2C533&ssl=1","type":"image\/jpeg"}],"author":"Luiz Ant\u00f4nio Pr\u00f3speri","twitter_card":"summary_large_image","twitter_creator":"@Luizprosperi","twitter_site":"@Luizprosperi","twitter_misc":{"Escrito por":"Luiz Ant\u00f4nio Pr\u00f3speri","Est. tempo de leitura":"3 minutos"},"schema":{"@context":"https:\/\/schema.org","@graph":[{"@type":"Article","@id":"https:\/\/blogdoprosperi.com\/?p=55064#article","isPartOf":{"@id":"https:\/\/blogdoprosperi.com\/?p=55064"},"author":{"name":"Luiz Ant\u00f4nio Pr\u00f3speri","@id":"https:\/\/blogdoprosperi.com\/#\/schema\/person\/38100755ce3601861ee4fab9b5aa78e9"},"headline":"Arbitragem na Libertadores | Conmebol Anula Expuls\u00e3o de Plata e Libera Atacante para Jogo da Volta Contra Estudiantes","datePublished":"2025-09-19T15:59:26+00:00","dateModified":"2025-09-19T22:38:01+00:00","mainEntityOfPage":{"@id":"https:\/\/blogdoprosperi.com\/?p=55064"},"wordCount":554,"commentCount":0,"publisher":{"@id":"https:\/\/blogdoprosperi.com\/#\/schema\/person\/38100755ce3601861ee4fab9b5aa78e9"},"image":{"@id":"https:\/\/blogdoprosperi.com\/?p=55064#primaryimage"},"thumbnailUrl":"https:\/\/i0.wp.com\/blogdoprosperi.com\/wp-content\/uploads\/2025\/09\/54797212534_3ae8497e39_c.jpg?fit=799%2C533&ssl=1","keywords":["arbitragemsul-americana","Conmebol","flamengoxestudiantes","gonzaloplata","Libertadores2025"],"articleSection":["futebol","Libertadores2025","Luiz Ant\u00f4nio Pr\u00f3speri","opini\u00e3o"],"inLanguage":"pt-BR","potentialAction":[{"@type":"CommentAction","name":"Comment","target":["https:\/\/blogdoprosperi.com\/?p=55064#respond"]}]},{"@type":"WebPage","@id":"https:\/\/blogdoprosperi.com\/?p=55064","url":"https:\/\/blogdoprosperi.com\/?p=55064","name":"Arbitragem na Libertadores | Conmebol Anula Expuls\u00e3o de Plata e Libera Atacante para Jogo da Volta Contra Estudiantes - PR\u00d3SPERI NEWS","isPartOf":{"@id":"https:\/\/blogdoprosperi.com\/#website"},"primaryImageOfPage":{"@id":"https:\/\/blogdoprosperi.com\/?p=55064#primaryimage"},"image":{"@id":"https:\/\/blogdoprosperi.com\/?p=55064#primaryimage"},"thumbnailUrl":"https:\/\/i0.wp.com\/blogdoprosperi.com\/wp-content\/uploads\/2025\/09\/54797212534_3ae8497e39_c.jpg?fit=799%2C533&ssl=1","datePublished":"2025-09-19T15:59:26+00:00","dateModified":"2025-09-19T22:38:01+00:00","breadcrumb":{"@id":"https:\/\/blogdoprosperi.com\/?p=55064#breadcrumb"},"inLanguage":"pt-BR","potentialAction":[{"@type":"ReadAction","target":["https:\/\/blogdoprosperi.com\/?p=55064"]}]},{"@type":"ImageObject","inLanguage":"pt-BR","@id":"https:\/\/blogdoprosperi.com\/?p=55064#primaryimage","url":"https:\/\/i0.wp.com\/blogdoprosperi.com\/wp-content\/uploads\/2025\/09\/54797212534_3ae8497e39_c.jpg?fit=799%2C533&ssl=1","contentUrl":"https:\/\/i0.wp.com\/blogdoprosperi.com\/wp-content\/uploads\/2025\/09\/54797212534_3ae8497e39_c.jpg?fit=799%2C533&ssl=1","width":799,"height":533,"caption":"Plata, piv\u00f4 de pol\u00eamica de arbitragem \u2013 foto: Flamengo oficial"},{"@type":"BreadcrumbList","@id":"https:\/\/blogdoprosperi.com\/?p=55064#breadcrumb","itemListElement":[{"@type":"ListItem","position":1,"name":"In\u00edcio","item":"https:\/\/blogdoprosperi.com\/"},{"@type":"ListItem","position":2,"name":"Arbitragem na Libertadores | Conmebol Anula Expuls\u00e3o de Plata e Libera Atacante para Jogo da Volta Contra Estudiantes"}]},{"@type":"WebSite","@id":"https:\/\/blogdoprosperi.com\/#website","url":"https:\/\/blogdoprosperi.com\/","name":"PR\u00d3SPERI NEWS","description":"TUDO \u00c9  FUTEBOL","publisher":{"@id":"https:\/\/blogdoprosperi.com\/#\/schema\/person\/38100755ce3601861ee4fab9b5aa78e9"},"alternateName":"blogdoprosperi.com","potentialAction":[{"@type":"SearchAction","target":{"@type":"EntryPoint","urlTemplate":"https:\/\/blogdoprosperi.com\/?s={search_term_string}"},"query-input":{"@type":"PropertyValueSpecification","valueRequired":true,"valueName":"search_term_string"}}],"inLanguage":"pt-BR"},{"@type":["Person","Organization"],"@id":"https:\/\/blogdoprosperi.com\/#\/schema\/person\/38100755ce3601861ee4fab9b5aa78e9","name":"Luiz Ant\u00f4nio Pr\u00f3speri","pronouns":"ele","image":{"@type":"ImageObject","inLanguage":"pt-BR","@id":"https:\/\/i0.wp.com\/blogdoprosperi.com\/wp-content\/uploads\/2026\/05\/cropped-8059e613-6002-42fa-961e-8e275f575d71-2-5.jpg?fit=1360%2C931&ssl=1","url":"https:\/\/i0.wp.com\/blogdoprosperi.com\/wp-content\/uploads\/2026\/05\/cropped-8059e613-6002-42fa-961e-8e275f575d71-2-5.jpg?fit=1360%2C931&ssl=1","contentUrl":"https:\/\/i0.wp.com\/blogdoprosperi.com\/wp-content\/uploads\/2026\/05\/cropped-8059e613-6002-42fa-961e-8e275f575d71-2-5.jpg?fit=1360%2C931&ssl=1","width":1360,"height":931,"caption":"Luiz Ant\u00f4nio Pr\u00f3speri"},"logo":{"@id":"https:\/\/i0.wp.com\/blogdoprosperi.com\/wp-content\/uploads\/2026\/05\/cropped-8059e613-6002-42fa-961e-8e275f575d71-2-5.jpg?fit=1360%2C931&ssl=1"},"description":"Jornalista com carreira dedicada ao esporte. Cobriu 9 Copas do Mundo in loco, 1990 na It\u00e1lia, 1994 nos EUA, 1998 na Fran\u00e7a, 2002 na Coreia do Sul e Jap\u00e3o, 2006 na Alemanha, 2010 na \u00c1frica do Sul, 2014 no Brasil, 2018 na R\u00fassia e 2022 no Qatar. Eurocopas, 1992 na Su\u00e9cia e 1996 na Inglaterra. Copa das Confedera\u00e7\u00f5es de 2005 na Alemanha e 2009 na \u00c1frica do Sul. Rep\u00f3rter e Editor, trabalhou no Jornal da Tarde e Estad\u00e3o, de 1984 a fevereiro de 2016. Colunista, blogueiro. E comentarista de futebol na R\u00e1dio Estad\u00e3o, de 2013 a fevereiro de 2016. Jornalista respons\u00e1vel do \"Pr\u00f3speri News\" (blogdoprosperi.com).","sameAs":["http:\/\/blogdoprosperi.com","Luiz Pr\u00f3speri","@luiz_prosperi","https:\/\/x.com\/Luizprosperi","@prosperinacopa","luiz.prosperi@icloud.com"],"url":"https:\/\/blogdoprosperi.com\/?author=102107496"}]}},"jetpack_publicize_connections":[],"jetpack_likes_enabled":false,"jetpack_sharing_enabled":true,"jetpack_shortlink":"https:\/\/wp.me\/p7jvdk-ek8","jetpack-related-posts":[{"id":55052,"url":"https:\/\/blogdoprosperi.com\/?p=55052","url_meta":{"origin":55064,"position":0},"title":"Coletiva Filipe Luis | P\u00f3s-Jogo Flamengo 2 x 1 Estudiantes \u2013 Quartas de Final Libertadores","author":"Luiz Ant\u00f4nio Pr\u00f3speri","date":"19 de setembro de 2025","format":false,"excerpt":"Acompanhe entrevista de Filipe Luis p\u00f3s-jogo Flamengo 2 a 1 Estudiantes nas quartas de final da Libertadores. V\u00eddeo oficial Fla TV: \u00a0","rel":"","context":"Em &quot;futebol&quot;","block_context":{"text":"futebol","link":"https:\/\/blogdoprosperi.com\/?cat=53870"},"img":{"alt_text":"Flamengo 2 x 1 Estudiantes \u2013 Libertadores","src":"https:\/\/i0.wp.com\/blogdoprosperi.com\/wp-content\/uploads\/2025\/09\/54797200269_698a0652e5_c.jpg?fit=799%2C533&ssl=1&resize=350%2C200","width":350,"height":200,"srcset":"https:\/\/i0.wp.com\/blogdoprosperi.com\/wp-content\/uploads\/2025\/09\/54797200269_698a0652e5_c.jpg?fit=799%2C533&ssl=1&resize=350%2C200 1x, https:\/\/i0.wp.com\/blogdoprosperi.com\/wp-content\/uploads\/2025\/09\/54797200269_698a0652e5_c.jpg?fit=799%2C533&ssl=1&resize=525%2C300 1.5x, https:\/\/i0.wp.com\/blogdoprosperi.com\/wp-content\/uploads\/2025\/09\/54797200269_698a0652e5_c.jpg?fit=799%2C533&ssl=1&resize=700%2C400 2x"},"classes":[]},{"id":39128,"url":"https:\/\/blogdoprosperi.com\/?p=39128","url_meta":{"origin":55064,"position":1},"title":"Palmeiras: confira hist\u00f3ria dos protagonistas na classifica\u00e7\u00e3o contra o Atl\u00e9tico","author":"Luiz Ant\u00f4nio Pr\u00f3speri","date":"11 de agosto de 2022","format":false,"excerpt":"Palmeiras de Abel Ferreira parece n\u00e3o ter limites. A classifica\u00e7\u00e3o em cima do Atl\u00e9tico-MG \u00e0s semifinais da Libertadores 2022 escancara o quanto \u00e9 infindo o time do t\u00e9cnico portugu\u00eas. Das muitas leituras do jogo \u00e9pico no Allianz Parque, a que leva em conta os protagonistas traduz bem o que representa\u2026","rel":"","context":"Em &quot;Copa Libertadores&quot;","block_context":{"text":"Copa Libertadores","link":"https:\/\/blogdoprosperi.com\/?cat=270704"},"img":{"alt_text":"","src":"https:\/\/i0.wp.com\/blogdoprosperi.com\/wp-content\/uploads\/2022\/08\/000_32gc48m.jpg?fit=1200%2C800&ssl=1&resize=350%2C200","width":350,"height":200,"srcset":"https:\/\/i0.wp.com\/blogdoprosperi.com\/wp-content\/uploads\/2022\/08\/000_32gc48m.jpg?fit=1200%2C800&ssl=1&resize=350%2C200 1x, https:\/\/i0.wp.com\/blogdoprosperi.com\/wp-content\/uploads\/2022\/08\/000_32gc48m.jpg?fit=1200%2C800&ssl=1&resize=525%2C300 1.5x, https:\/\/i0.wp.com\/blogdoprosperi.com\/wp-content\/uploads\/2022\/08\/000_32gc48m.jpg?fit=1200%2C800&ssl=1&resize=700%2C400 2x, https:\/\/i0.wp.com\/blogdoprosperi.com\/wp-content\/uploads\/2022\/08\/000_32gc48m.jpg?fit=1200%2C800&ssl=1&resize=1050%2C600 3x"},"classes":[]},{"id":62303,"url":"https:\/\/blogdoprosperi.com\/?p=62303","url_meta":{"origin":55064,"position":2},"title":"Memphis leva Corinthians \u00e0s quartas da Libertadores e &#8216;abate&#8217; parte da d\u00edvida","author":"Luiz Ant\u00f4nio Pr\u00f3speri","date":"20 de agosto de 2026","format":false,"excerpt":"Luiz Ant\u00f4nio Pr\u00f3speri \u2013 20 agosto 2026 (23h51) Corinthians vence Rosario Central por 1 a 0 e avan\u00e7a \u00e0s quartas de final da Libertadores 2026. Vence gra\u00e7as \u00e0 intelig\u00eancia de Memphis Depay. N\u00e3o fosse o holand\u00eas optar por cobran\u00e7a de falta baixa em vez de alta, talvez o fim da\u2026","rel":"","context":"Em &quot;futebol&quot;","block_context":{"text":"futebol","link":"https:\/\/blogdoprosperi.com\/?cat=53870"},"img":{"alt_text":"","src":"https:\/\/i0.wp.com\/blogdoprosperi.com\/wp-content\/uploads\/2026\/08\/Captura-de-Tela-2026-08-20-as-23.59.19.png?fit=1032%2C664&ssl=1&resize=350%2C200","width":350,"height":200,"srcset":"https:\/\/i0.wp.com\/blogdoprosperi.com\/wp-content\/uploads\/2026\/08\/Captura-de-Tela-2026-08-20-as-23.59.19.png?fit=1032%2C664&ssl=1&resize=350%2C200 1x, https:\/\/i0.wp.com\/blogdoprosperi.com\/wp-content\/uploads\/2026\/08\/Captura-de-Tela-2026-08-20-as-23.59.19.png?fit=1032%2C664&ssl=1&resize=525%2C300 1.5x, https:\/\/i0.wp.com\/blogdoprosperi.com\/wp-content\/uploads\/2026\/08\/Captura-de-Tela-2026-08-20-as-23.59.19.png?fit=1032%2C664&ssl=1&resize=700%2C400 2x"},"classes":[]},{"id":55733,"url":"https:\/\/blogdoprosperi.com\/?p=55733","url_meta":{"origin":55064,"position":3},"title":"Palmeiras x Flamengo | Figurinhas Para Colecionar \u2013 Final Libertadores 2025","author":"Luiz Ant\u00f4nio Pr\u00f3speri","date":"29 de novembro de 2025","format":false,"excerpt":"Palmeiras x Flamengo | Final da Libertadores 2025 \u00a0e seus protagonistas. Fotos da Conmebol publicadas no X oficial da entidade. Escolha seu favorito. Acompanhe o v\u00eddeo da final da Libertadores: link abaixo: https:\/\/x.com\/Libertadores\/status\/1994602216351830101?s=20","rel":"","context":"Em &quot;futebol&quot;","block_context":{"text":"futebol","link":"https:\/\/blogdoprosperi.com\/?cat=53870"},"img":{"alt_text":"","src":"https:\/\/i0.wp.com\/blogdoprosperi.com\/wp-content\/uploads\/2016\/09\/libertadores-trofeu-480-getty-images.jpg?fit=620%2C465&ssl=1&resize=350%2C200","width":350,"height":200,"srcset":"https:\/\/i0.wp.com\/blogdoprosperi.com\/wp-content\/uploads\/2016\/09\/libertadores-trofeu-480-getty-images.jpg?fit=620%2C465&ssl=1&resize=350%2C200 1x, https:\/\/i0.wp.com\/blogdoprosperi.com\/wp-content\/uploads\/2016\/09\/libertadores-trofeu-480-getty-images.jpg?fit=620%2C465&ssl=1&resize=525%2C300 1.5x"},"classes":[]},{"id":5107,"url":"https:\/\/blogdoprosperi.com\/?p=5107","url_meta":{"origin":55064,"position":4},"title":"S\u00e3o Paulo reverte favoritismo e Atl\u00e9tico questiona arbitragem","author":"Luiz Ant\u00f4nio Pr\u00f3speri","date":"12 de maio de 2016","format":false,"excerpt":"Futebol \u00e9 inexplic\u00e1vel e imprevis\u00edvel. Fica mais evidente ainda em jogos de peso, como este marcado com a vit\u00f3ria por 1 a 0 do S\u00e3o Paulo contra o Atl\u00e9tico-MG, no jogo de ida das quartas de final da Copa Libertadores, nesta quarta-feira (11\/5). Gol de quem? De Michel Bastos, at\u00e9\u2026","rel":"","context":"Em &quot;futebol&quot;","block_context":{"text":"futebol","link":"https:\/\/blogdoprosperi.com\/?cat=53870"},"img":{"alt_text":"","src":"https:\/\/i0.wp.com\/blogdoprosperi.com\/wp-content\/uploads\/2016\/05\/26688414240_f5e62f62ba_z-399x600.jpg?resize=350%2C200&ssl=1","width":350,"height":200},"classes":[]},{"id":55143,"url":"https:\/\/blogdoprosperi.com\/?p=55143","url_meta":{"origin":55064,"position":5},"title":"Libertadores Semifinais | Casares Culpado na Queda do S\u00e3o Paulo, Sol Brilha no Palmeiras e Filipe Luis Ado\u00e7a o Flamengo","author":"Luiz Ant\u00f4nio Pr\u00f3speri","date":"26 de setembro de 2025","format":false,"excerpt":"Luiz Ant\u00f4nio Pr\u00f3speri \u2013 26 setembro 2025 (14h55) \u2013 \"Ei, Casares, vai ...\" S\u00e3o Paulo eliminado na Libertadores 2025. A torcida, pouco mais de 54 mil pagantes nas arquibancadas do Morumbi, aponta o dedo ao presidente Julio Casares: culpado. Acabava de arruinar a temporada do Tricolor, o ex-Soberano, ao cair\u2026","rel":"","context":"Em &quot;futebol&quot;","block_context":{"text":"futebol","link":"https:\/\/blogdoprosperi.com\/?cat=53870"},"img":{"alt_text":"Flamengo est\u00e1 nas semifinais da Libertadores","src":"https:\/\/i0.wp.com\/blogdoprosperi.com\/wp-content\/uploads\/2025\/09\/54812576803_d2ea8bb1ac_c.jpg?fit=799%2C533&ssl=1&resize=350%2C200","width":350,"height":200,"srcset":"https:\/\/i0.wp.com\/blogdoprosperi.com\/wp-content\/uploads\/2025\/09\/54812576803_d2ea8bb1ac_c.jpg?fit=799%2C533&ssl=1&resize=350%2C200 1x, https:\/\/i0.wp.com\/blogdoprosperi.com\/wp-content\/uploads\/2025\/09\/54812576803_d2ea8bb1ac_c.jpg?fit=799%2C533&ssl=1&resize=525%2C300 1.5x, https:\/\/i0.wp.com\/blogdoprosperi.com\/wp-content\/uploads\/2025\/09\/54812576803_d2ea8bb1ac_c.jpg?fit=799%2C533&ssl=1&resize=700%2C400 2x"},"classes":[]}],"jetpack_featured_media_url":"https:\/\/i0.wp.com\/blogdoprosperi.com\/wp-content\/uploads\/2025\/09\/54797212534_3ae8497e39_c.jpg?fit=799%2C533&ssl=1","_links":{"self":[{"href":"https:\/\/blogdoprosperi.com\/index.php?rest_route=\/wp\/v2\/posts\/55064","targetHints":{"allow":["GET"]}}],"collection":[{"href":"https:\/\/blogdoprosperi.com\/index.php?rest_route=\/wp\/v2\/posts"}],"about":[{"href":"https:\/\/blogdoprosperi.com\/index.php?rest_route=\/wp\/v2\/types\/post"}],"author":[{"embeddable":true,"href":"https:\/\/blogdoprosperi.com\/index.php?rest_route=\/wp\/v2\/users\/102107496"}],"replies":[{"embeddable":true,"href":"https:\/\/blogdoprosperi.com\/index.php?rest_route=%2Fwp%2Fv2%2Fcomments&post=55064"}],"version-history":[{"count":16,"href":"https:\/\/blogdoprosperi.com\/index.php?rest_route=\/wp\/v2\/posts\/55064\/revisions"}],"predecessor-version":[{"id":55088,"href":"https:\/\/blogdoprosperi.com\/index.php?rest_route=\/wp\/v2\/posts\/55064\/revisions\/55088"}],"wp:featuredmedia":[{"embeddable":true,"href":"https:\/\/blogdoprosperi.com\/index.php?rest_route=\/wp\/v2\/media\/55073"}],"wp:attachment":[{"href":"https:\/\/blogdoprosperi.com\/index.php?rest_route=%2Fwp%2Fv2%2Fmedia&parent=55064"}],"wp:term":[{"taxonomy":"category","embeddable":true,"href":"https:\/\/blogdoprosperi.com\/index.php?rest_route=%2Fwp%2Fv2%2Fcategories&post=55064"},{"taxonomy":"post_tag","embeddable":true,"href":"https:\/\/blogdoprosperi.com\/index.php?rest_route=%2Fwp%2Fv2%2Ftags&post=55064"}],"curies":[{"name":"wp","href":"https:\/\/api.w.org\/{rel}","templated":true}]}}