{"id":55093,"date":"2025-09-20T13:18:55","date_gmt":"2025-09-20T16:18:55","guid":{"rendered":"https:\/\/blogdoprosperi.com\/?p=55093"},"modified":"2025-09-20T13:18:55","modified_gmt":"2025-09-20T16:18:55","slug":"cronicasabatica-31-neymar-procure-ronaldo-fenomeno-mais-uma-vez","status":"publish","type":"post","link":"https:\/\/blogdoprosperi.com\/?p=55093","title":{"rendered":"#Cr\u00f4nicaSab\u00e1tica #31 | Neymar, Procure Ronaldo Fen\u00f4meno Mais Uma Vez"},"content":{"rendered":"<p><em>Luiz Ant\u00f4nio Pr\u00f3speri \u2013 20 setembro 2025 (12h59) \u2013<\/em><\/p>\n<p>Neymar n\u00e3o acabou. Senten\u00e7a final de sua carreira est\u00e1 longe. Ainda que seus m\u00fasculos teimem a se esgar\u00e7ar m\u00eas a m\u00eas. Na sexta-feira (19\/9), mais um. Agora na coxa direita. Segundo disseram os m\u00e9dicos, a nova les\u00e3o se localiza no reto femoral do quadr\u00edceps. Traduzindo: regi\u00e3o frontal da coxa ou regi\u00e3o do &#8220;motor do chute&#8221;. Fato \u00e9 que os feixes de m\u00fasculos de Neymar n\u00e3o t\u00eam sustentado os movimentos do craque. \u00c9 a sua terceira les\u00e3o no ano. E pelo menos mais um m\u00eas no estaleiro. De julho, ap\u00f3s parada do futebol no Brasil no per\u00edodo do Mundial de Clubes, at\u00e9 aqui, Neymar cumpriu apenas dez jogos com o Santos.<\/p>\n<p>\u00c9 de se perguntar: n\u00e3o \u00e9 hora, ou passou da hora, de o Santos tocar sua vida sem o sonho de Neymar e organizar o time com a miss\u00e3o priorit\u00e1ria de n\u00e3o ser rebaixado no Brasileir\u00e3o?<\/p>\n<p>Chega de se iludir com o messias Neymar. Atolado ali pertinho da zona do rebaixamento \u2013 16.\u00ba lugar com 23 pontos em 22 jogos \u2013, Santos precisa dar um jeito na sua vida. S\u00e9rie B mais uma vez seria decretar a fal\u00eancia do clube.<\/p>\n<p>Quanto a Neymar, a sa\u00edda \u00e9 procurar Ronaldo Fen\u00f4meno mais uma vez. Os dois se encontraram em junho desse ano na casa do craque santista. Agora \u00e9 hora de uma conversa mais s\u00e9ria.<\/p>\n<p>Sentar-se ao lado de Ronaldo na varanda da mans\u00e3o e Mangaratiba, no litoral do Rio de Janeiro, e, gesto humilde, pedir ao Fen\u00f4meno para contar em detalhes a hist\u00f3ria de sua recupera\u00e7\u00e3o da cirurgia do joelho at\u00e9 a consagra\u00e7\u00e3o na Copa do Mundo de 2002 com a conquista do Penta.<\/p>\n<p>Ronaldo vai lhe contar que em 2001 voltou a jogar depois de um ano recuperando-se de uma cirurgia no joelho, com direito a enxerto, na recomposi\u00e7\u00e3o dos ligamentos destru\u00eddos quando j\u00e1 era dado como in\u00fatil ao futebol.<\/p>\n<p>Volta em agosto 2001 na Inter de Mil\u00e3o, mas n\u00e3o emplaca um sequ\u00eancia normal de jogos sempre interrompida por causa de sucessivas les\u00f5es musculares. E a\u00ed toma uma decis\u00e3o dr\u00e1stica: elaborar um plano com m\u00e9dicos, fisiologistas, nutricionistas, dentista, psic\u00f3logo e preparadores f\u00edsicos para &#8220;refazer&#8221; seu corpo.<\/p>\n<p>Capitaneada pelo m\u00e9dico Jos\u00e9 Luiz Runco, ent\u00e3o chefe dos m\u00e9dicos da Sele\u00e7\u00e3o Brasileira, a equipe de especialistas tranca Ronaldo na Granja Comary, em Teres\u00f3polis, por quase um m\u00eas a partir de fevereiro de 2002 em pleno carnaval. Do tratamento odontol\u00f3gico ao realinhamento dos m\u00fasculos, do card\u00e1pio elaborado a chutes na bola, o Fen\u00f4meno sai revigorado da estadia na Granja Comary e \u00e0 disposi\u00e7\u00e3o de Felip\u00e3o para a Copa de 2002. Cabe\u00e7a boa e confian\u00e7a.<\/p>\n<p>Neymar precisa de um tratamento ao modelo do prontu\u00e1rio de Ronaldo se quiser disputar a Copa do Mundo de 2026 nos Estados Unidos. E colaborar com o Santos, mesmo sem jogar, na luta contra o rebaixamento no Brasileir\u00e3o. \u00c9 urgente.<\/p>\n<p>Neymar, \u00e9 hora de ouvir o Fen\u00f4meno mais uma vez e levar a s\u00e9rio seus conselhos. Futebol n\u00e3o pode tudo. A encruzilhada est\u00e1 a sua frente. Fa\u00e7a a escolha certa ou adeus viola.<\/p>\n","protected":false},"excerpt":{"rendered":"<p>Luiz Ant\u00f4nio Pr\u00f3speri \u2013 20 setembro 2025 (12h59) \u2013 Neymar n\u00e3o acabou. Senten\u00e7a final de sua carreira est\u00e1 [&hellip;]<\/p>\n","protected":false},"author":102107496,"featured_media":55099,"comment_status":"open","ping_status":"open","sticky":false,"template":"","format":"standard","meta":{"_coblocks_attr":"","_coblocks_dimensions":"","_coblocks_responsive_height":"","_coblocks_accordion_ie_support":"","_jetpack_newsletter_access":"","_jetpack_dont_email_post_to_subs":false,"_jetpack_newsletter_tier_id":0,"_jetpack_memberships_contains_paywalled_content":false,"_wpcom_ai_launchpad_first_post":false,"_jetpack_feature_clip_id":0,"_jetpack_memberships_contains_paid_content":false,"footnotes":"","jetpack_publicize_message":"","jetpack_publicize_feature_enabled":true,"jetpack_social_post_already_shared":false,"jetpack_social_options":{"image_generator_settings":{"template":"highway","default_image_id":0,"font":"","enabled":false},"version":2},"jetpack_post_was_ever_published":false},"categories":[23339,53870,38115653],"tags":[697659450,717381363,72915314,117669482,5226238,10149860],"class_list":["post-55093","post","type-post","status-publish","format-standard","has-post-thumbnail","hentry","category-cronica","category-futebol","category-luiz-antonio-prosperi","tag-copadomundo2002","tag-copadomundo2026","tag-neymarjr","tag-ronaldofenomeno","tag-santosfc","tag-selecaobrasileira"],"yoast_head":"<!-- This site is optimized with the Yoast SEO plugin v28.3 - https:\/\/yoast.com\/product\/yoast-seo-wordpress\/ -->\n<title>#Cr\u00f4nicaSab\u00e1tica #31 | Neymar, Procure Ronaldo Fen\u00f4meno Mais Uma Vez - PR\u00d3SPERI NEWS<\/title>\n<meta name=\"robots\" content=\"index, follow, max-snippet:-1, max-image-preview:large, max-video-preview:-1\" \/>\n<link rel=\"canonical\" href=\"https:\/\/blogdoprosperi.com\/?p=55093\" \/>\n<meta property=\"og:locale\" content=\"pt_BR\" \/>\n<meta property=\"og:type\" content=\"article\" \/>\n<meta property=\"og:title\" content=\"#Cr\u00f4nicaSab\u00e1tica #31 | Neymar, Procure Ronaldo Fen\u00f4meno Mais Uma Vez - PR\u00d3SPERI NEWS\" \/>\n<meta property=\"og:description\" content=\"Luiz Ant\u00f4nio Pr\u00f3speri \u2013 20 setembro 2025 (12h59) \u2013 Neymar n\u00e3o acabou. Senten\u00e7a final de sua carreira est\u00e1 [&hellip;]\" \/>\n<meta property=\"og:url\" content=\"https:\/\/blogdoprosperi.com\/?p=55093\" \/>\n<meta property=\"og:site_name\" content=\"PR\u00d3SPERI NEWS\" \/>\n<meta property=\"article:publisher\" content=\"Luiz Pr\u00f3speri\" \/>\n<meta property=\"article:author\" content=\"Luiz Pr\u00f3speri\" \/>\n<meta property=\"article:published_time\" content=\"2025-09-20T16:18:55+00:00\" \/>\n<meta property=\"og:image\" content=\"https:\/\/i0.wp.com\/blogdoprosperi.com\/wp-content\/uploads\/2025\/09\/ronaldo-diz-que-neymar-maquia-problemas-da-selecao-brasileira-e1739555734478.webp?fit=676%2C381&ssl=1\" \/>\n\t<meta property=\"og:image:width\" content=\"676\" \/>\n\t<meta property=\"og:image:height\" content=\"381\" \/>\n\t<meta property=\"og:image:type\" content=\"image\/webp\" \/>\n<meta name=\"author\" content=\"Luiz Ant\u00f4nio Pr\u00f3speri\" \/>\n<meta name=\"twitter:card\" content=\"summary_large_image\" \/>\n<meta name=\"twitter:creator\" content=\"@Luizprosperi\" \/>\n<meta name=\"twitter:site\" content=\"@Luizprosperi\" \/>\n<meta name=\"twitter:label1\" content=\"Escrito por\" \/>\n\t<meta name=\"twitter:data1\" content=\"Luiz Ant\u00f4nio Pr\u00f3speri\" \/>\n\t<meta name=\"twitter:label2\" content=\"Est. tempo de leitura\" \/>\n\t<meta name=\"twitter:data2\" content=\"3 minutos\" \/>\n<script type=\"application\/ld+json\" class=\"yoast-schema-graph\">{\"@context\":\"https:\\\/\\\/schema.org\",\"@graph\":[{\"@type\":\"Article\",\"@id\":\"https:\\\/\\\/blogdoprosperi.com\\\/?p=55093#article\",\"isPartOf\":{\"@id\":\"https:\\\/\\\/blogdoprosperi.com\\\/?p=55093\"},\"author\":{\"name\":\"Luiz Ant\u00f4nio Pr\u00f3speri\",\"@id\":\"https:\\\/\\\/blogdoprosperi.com\\\/#\\\/schema\\\/person\\\/38100755ce3601861ee4fab9b5aa78e9\"},\"headline\":\"#Cr\u00f4nicaSab\u00e1tica #31 | Neymar, Procure Ronaldo Fen\u00f4meno Mais Uma Vez\",\"datePublished\":\"2025-09-20T16:18:55+00:00\",\"mainEntityOfPage\":{\"@id\":\"https:\\\/\\\/blogdoprosperi.com\\\/?p=55093\"},\"wordCount\":565,\"commentCount\":0,\"publisher\":{\"@id\":\"https:\\\/\\\/blogdoprosperi.com\\\/#\\\/schema\\\/person\\\/38100755ce3601861ee4fab9b5aa78e9\"},\"image\":{\"@id\":\"https:\\\/\\\/blogdoprosperi.com\\\/?p=55093#primaryimage\"},\"thumbnailUrl\":\"https:\\\/\\\/i0.wp.com\\\/blogdoprosperi.com\\\/wp-content\\\/uploads\\\/2025\\\/09\\\/ronaldo-diz-que-neymar-maquia-problemas-da-selecao-brasileira-e1739555734478.webp?fit=676%2C381&ssl=1\",\"keywords\":[\"CopadoMundo2002\",\"copadomundo2026\",\"neymarjr\",\"ronaldofen\u00f4meno\",\"SantosFC\",\"Sele\u00e7\u00e3oBrasileira\"],\"articleSection\":[\"cr\u00f4nica\",\"futebol\",\"Luiz Ant\u00f4nio Pr\u00f3speri\"],\"inLanguage\":\"pt-BR\",\"potentialAction\":[{\"@type\":\"CommentAction\",\"name\":\"Comment\",\"target\":[\"https:\\\/\\\/blogdoprosperi.com\\\/?p=55093#respond\"]}]},{\"@type\":\"WebPage\",\"@id\":\"https:\\\/\\\/blogdoprosperi.com\\\/?p=55093\",\"url\":\"https:\\\/\\\/blogdoprosperi.com\\\/?p=55093\",\"name\":\"#Cr\u00f4nicaSab\u00e1tica #31 | Neymar, Procure Ronaldo Fen\u00f4meno Mais Uma Vez - PR\u00d3SPERI NEWS\",\"isPartOf\":{\"@id\":\"https:\\\/\\\/blogdoprosperi.com\\\/#website\"},\"primaryImageOfPage\":{\"@id\":\"https:\\\/\\\/blogdoprosperi.com\\\/?p=55093#primaryimage\"},\"image\":{\"@id\":\"https:\\\/\\\/blogdoprosperi.com\\\/?p=55093#primaryimage\"},\"thumbnailUrl\":\"https:\\\/\\\/i0.wp.com\\\/blogdoprosperi.com\\\/wp-content\\\/uploads\\\/2025\\\/09\\\/ronaldo-diz-que-neymar-maquia-problemas-da-selecao-brasileira-e1739555734478.webp?fit=676%2C381&ssl=1\",\"datePublished\":\"2025-09-20T16:18:55+00:00\",\"breadcrumb\":{\"@id\":\"https:\\\/\\\/blogdoprosperi.com\\\/?p=55093#breadcrumb\"},\"inLanguage\":\"pt-BR\",\"potentialAction\":[{\"@type\":\"ReadAction\",\"target\":[\"https:\\\/\\\/blogdoprosperi.com\\\/?p=55093\"]}]},{\"@type\":\"ImageObject\",\"inLanguage\":\"pt-BR\",\"@id\":\"https:\\\/\\\/blogdoprosperi.com\\\/?p=55093#primaryimage\",\"url\":\"https:\\\/\\\/i0.wp.com\\\/blogdoprosperi.com\\\/wp-content\\\/uploads\\\/2025\\\/09\\\/ronaldo-diz-que-neymar-maquia-problemas-da-selecao-brasileira-e1739555734478.webp?fit=676%2C381&ssl=1\",\"contentUrl\":\"https:\\\/\\\/i0.wp.com\\\/blogdoprosperi.com\\\/wp-content\\\/uploads\\\/2025\\\/09\\\/ronaldo-diz-que-neymar-maquia-problemas-da-selecao-brasileira-e1739555734478.webp?fit=676%2C381&ssl=1\",\"width\":676,\"height\":381,\"caption\":\"Ronaldo Fen\u00f4meno e Neymar, conversa franca \u2013 foto: reprodu\u00e7\u00e3o Instagram\"},{\"@type\":\"BreadcrumbList\",\"@id\":\"https:\\\/\\\/blogdoprosperi.com\\\/?p=55093#breadcrumb\",\"itemListElement\":[{\"@type\":\"ListItem\",\"position\":1,\"name\":\"In\u00edcio\",\"item\":\"https:\\\/\\\/blogdoprosperi.com\\\/\"},{\"@type\":\"ListItem\",\"position\":2,\"name\":\"#Cr\u00f4nicaSab\u00e1tica #31 | Neymar, Procure Ronaldo Fen\u00f4meno Mais Uma Vez\"}]},{\"@type\":\"WebSite\",\"@id\":\"https:\\\/\\\/blogdoprosperi.com\\\/#website\",\"url\":\"https:\\\/\\\/blogdoprosperi.com\\\/\",\"name\":\"PR\u00d3SPERI NEWS\",\"description\":\"TUDO \u00c9  FUTEBOL\",\"publisher\":{\"@id\":\"https:\\\/\\\/blogdoprosperi.com\\\/#\\\/schema\\\/person\\\/38100755ce3601861ee4fab9b5aa78e9\"},\"alternateName\":\"blogdoprosperi.com\",\"potentialAction\":[{\"@type\":\"SearchAction\",\"target\":{\"@type\":\"EntryPoint\",\"urlTemplate\":\"https:\\\/\\\/blogdoprosperi.com\\\/?s={search_term_string}\"},\"query-input\":{\"@type\":\"PropertyValueSpecification\",\"valueRequired\":true,\"valueName\":\"search_term_string\"}}],\"inLanguage\":\"pt-BR\"},{\"@type\":[\"Person\",\"Organization\"],\"@id\":\"https:\\\/\\\/blogdoprosperi.com\\\/#\\\/schema\\\/person\\\/38100755ce3601861ee4fab9b5aa78e9\",\"name\":\"Luiz Ant\u00f4nio Pr\u00f3speri\",\"pronouns\":\"ele\",\"image\":{\"@type\":\"ImageObject\",\"inLanguage\":\"pt-BR\",\"@id\":\"https:\\\/\\\/i0.wp.com\\\/blogdoprosperi.com\\\/wp-content\\\/uploads\\\/2026\\\/05\\\/cropped-8059e613-6002-42fa-961e-8e275f575d71-2-5.jpg?fit=1360%2C931&ssl=1\",\"url\":\"https:\\\/\\\/i0.wp.com\\\/blogdoprosperi.com\\\/wp-content\\\/uploads\\\/2026\\\/05\\\/cropped-8059e613-6002-42fa-961e-8e275f575d71-2-5.jpg?fit=1360%2C931&ssl=1\",\"contentUrl\":\"https:\\\/\\\/i0.wp.com\\\/blogdoprosperi.com\\\/wp-content\\\/uploads\\\/2026\\\/05\\\/cropped-8059e613-6002-42fa-961e-8e275f575d71-2-5.jpg?fit=1360%2C931&ssl=1\",\"width\":1360,\"height\":931,\"caption\":\"Luiz Ant\u00f4nio Pr\u00f3speri\"},\"logo\":{\"@id\":\"https:\\\/\\\/i0.wp.com\\\/blogdoprosperi.com\\\/wp-content\\\/uploads\\\/2026\\\/05\\\/cropped-8059e613-6002-42fa-961e-8e275f575d71-2-5.jpg?fit=1360%2C931&ssl=1\"},\"description\":\"Jornalista com carreira dedicada ao esporte. Cobriu 9 Copas do Mundo in loco, 1990 na It\u00e1lia, 1994 nos EUA, 1998 na Fran\u00e7a, 2002 na Coreia do Sul e Jap\u00e3o, 2006 na Alemanha, 2010 na \u00c1frica do Sul, 2014 no Brasil, 2018 na R\u00fassia e 2022 no Qatar. Eurocopas, 1992 na Su\u00e9cia e 1996 na Inglaterra. Copa das Confedera\u00e7\u00f5es de 2005 na Alemanha e 2009 na \u00c1frica do Sul. Rep\u00f3rter e Editor, trabalhou no Jornal da Tarde e Estad\u00e3o, de 1984 a fevereiro de 2016. Colunista, blogueiro. E comentarista de futebol na R\u00e1dio Estad\u00e3o, de 2013 a fevereiro de 2016. Jornalista respons\u00e1vel do \\\"Pr\u00f3speri News\\\" (blogdoprosperi.com).\",\"sameAs\":[\"http:\\\/\\\/blogdoprosperi.com\",\"Luiz Pr\u00f3speri\",\"@luiz_prosperi\",\"https:\\\/\\\/x.com\\\/Luizprosperi\",\"@prosperinacopa\",\"luiz.prosperi@icloud.com\"],\"url\":\"https:\\\/\\\/blogdoprosperi.com\\\/?author=102107496\"}]}<\/script>\n<!-- \/ Yoast SEO plugin. -->","yoast_head_json":{"title":"#Cr\u00f4nicaSab\u00e1tica #31 | Neymar, Procure Ronaldo Fen\u00f4meno Mais Uma Vez - PR\u00d3SPERI NEWS","robots":{"index":"index","follow":"follow","max-snippet":"max-snippet:-1","max-image-preview":"max-image-preview:large","max-video-preview":"max-video-preview:-1"},"canonical":"https:\/\/blogdoprosperi.com\/?p=55093","og_locale":"pt_BR","og_type":"article","og_title":"#Cr\u00f4nicaSab\u00e1tica #31 | Neymar, Procure Ronaldo Fen\u00f4meno Mais Uma Vez - PR\u00d3SPERI NEWS","og_description":"Luiz Ant\u00f4nio Pr\u00f3speri \u2013 20 setembro 2025 (12h59) \u2013 Neymar n\u00e3o acabou. Senten\u00e7a final de sua carreira est\u00e1 [&hellip;]","og_url":"https:\/\/blogdoprosperi.com\/?p=55093","og_site_name":"PR\u00d3SPERI NEWS","article_publisher":"Luiz Pr\u00f3speri","article_author":"Luiz Pr\u00f3speri","article_published_time":"2025-09-20T16:18:55+00:00","og_image":[{"width":676,"height":381,"url":"https:\/\/i0.wp.com\/blogdoprosperi.com\/wp-content\/uploads\/2025\/09\/ronaldo-diz-que-neymar-maquia-problemas-da-selecao-brasileira-e1739555734478.webp?fit=676%2C381&ssl=1","type":"image\/webp"}],"author":"Luiz Ant\u00f4nio Pr\u00f3speri","twitter_card":"summary_large_image","twitter_creator":"@Luizprosperi","twitter_site":"@Luizprosperi","twitter_misc":{"Escrito por":"Luiz Ant\u00f4nio Pr\u00f3speri","Est. tempo de leitura":"3 minutos"},"schema":{"@context":"https:\/\/schema.org","@graph":[{"@type":"Article","@id":"https:\/\/blogdoprosperi.com\/?p=55093#article","isPartOf":{"@id":"https:\/\/blogdoprosperi.com\/?p=55093"},"author":{"name":"Luiz Ant\u00f4nio Pr\u00f3speri","@id":"https:\/\/blogdoprosperi.com\/#\/schema\/person\/38100755ce3601861ee4fab9b5aa78e9"},"headline":"#Cr\u00f4nicaSab\u00e1tica #31 | Neymar, Procure Ronaldo Fen\u00f4meno Mais Uma Vez","datePublished":"2025-09-20T16:18:55+00:00","mainEntityOfPage":{"@id":"https:\/\/blogdoprosperi.com\/?p=55093"},"wordCount":565,"commentCount":0,"publisher":{"@id":"https:\/\/blogdoprosperi.com\/#\/schema\/person\/38100755ce3601861ee4fab9b5aa78e9"},"image":{"@id":"https:\/\/blogdoprosperi.com\/?p=55093#primaryimage"},"thumbnailUrl":"https:\/\/i0.wp.com\/blogdoprosperi.com\/wp-content\/uploads\/2025\/09\/ronaldo-diz-que-neymar-maquia-problemas-da-selecao-brasileira-e1739555734478.webp?fit=676%2C381&ssl=1","keywords":["CopadoMundo2002","copadomundo2026","neymarjr","ronaldofen\u00f4meno","SantosFC","Sele\u00e7\u00e3oBrasileira"],"articleSection":["cr\u00f4nica","futebol","Luiz Ant\u00f4nio Pr\u00f3speri"],"inLanguage":"pt-BR","potentialAction":[{"@type":"CommentAction","name":"Comment","target":["https:\/\/blogdoprosperi.com\/?p=55093#respond"]}]},{"@type":"WebPage","@id":"https:\/\/blogdoprosperi.com\/?p=55093","url":"https:\/\/blogdoprosperi.com\/?p=55093","name":"#Cr\u00f4nicaSab\u00e1tica #31 | Neymar, Procure Ronaldo Fen\u00f4meno Mais Uma Vez - PR\u00d3SPERI NEWS","isPartOf":{"@id":"https:\/\/blogdoprosperi.com\/#website"},"primaryImageOfPage":{"@id":"https:\/\/blogdoprosperi.com\/?p=55093#primaryimage"},"image":{"@id":"https:\/\/blogdoprosperi.com\/?p=55093#primaryimage"},"thumbnailUrl":"https:\/\/i0.wp.com\/blogdoprosperi.com\/wp-content\/uploads\/2025\/09\/ronaldo-diz-que-neymar-maquia-problemas-da-selecao-brasileira-e1739555734478.webp?fit=676%2C381&ssl=1","datePublished":"2025-09-20T16:18:55+00:00","breadcrumb":{"@id":"https:\/\/blogdoprosperi.com\/?p=55093#breadcrumb"},"inLanguage":"pt-BR","potentialAction":[{"@type":"ReadAction","target":["https:\/\/blogdoprosperi.com\/?p=55093"]}]},{"@type":"ImageObject","inLanguage":"pt-BR","@id":"https:\/\/blogdoprosperi.com\/?p=55093#primaryimage","url":"https:\/\/i0.wp.com\/blogdoprosperi.com\/wp-content\/uploads\/2025\/09\/ronaldo-diz-que-neymar-maquia-problemas-da-selecao-brasileira-e1739555734478.webp?fit=676%2C381&ssl=1","contentUrl":"https:\/\/i0.wp.com\/blogdoprosperi.com\/wp-content\/uploads\/2025\/09\/ronaldo-diz-que-neymar-maquia-problemas-da-selecao-brasileira-e1739555734478.webp?fit=676%2C381&ssl=1","width":676,"height":381,"caption":"Ronaldo Fen\u00f4meno e Neymar, conversa franca \u2013 foto: reprodu\u00e7\u00e3o Instagram"},{"@type":"BreadcrumbList","@id":"https:\/\/blogdoprosperi.com\/?p=55093#breadcrumb","itemListElement":[{"@type":"ListItem","position":1,"name":"In\u00edcio","item":"https:\/\/blogdoprosperi.com\/"},{"@type":"ListItem","position":2,"name":"#Cr\u00f4nicaSab\u00e1tica #31 | Neymar, Procure Ronaldo Fen\u00f4meno Mais Uma Vez"}]},{"@type":"WebSite","@id":"https:\/\/blogdoprosperi.com\/#website","url":"https:\/\/blogdoprosperi.com\/","name":"PR\u00d3SPERI NEWS","description":"TUDO \u00c9  FUTEBOL","publisher":{"@id":"https:\/\/blogdoprosperi.com\/#\/schema\/person\/38100755ce3601861ee4fab9b5aa78e9"},"alternateName":"blogdoprosperi.com","potentialAction":[{"@type":"SearchAction","target":{"@type":"EntryPoint","urlTemplate":"https:\/\/blogdoprosperi.com\/?s={search_term_string}"},"query-input":{"@type":"PropertyValueSpecification","valueRequired":true,"valueName":"search_term_string"}}],"inLanguage":"pt-BR"},{"@type":["Person","Organization"],"@id":"https:\/\/blogdoprosperi.com\/#\/schema\/person\/38100755ce3601861ee4fab9b5aa78e9","name":"Luiz Ant\u00f4nio Pr\u00f3speri","pronouns":"ele","image":{"@type":"ImageObject","inLanguage":"pt-BR","@id":"https:\/\/i0.wp.com\/blogdoprosperi.com\/wp-content\/uploads\/2026\/05\/cropped-8059e613-6002-42fa-961e-8e275f575d71-2-5.jpg?fit=1360%2C931&ssl=1","url":"https:\/\/i0.wp.com\/blogdoprosperi.com\/wp-content\/uploads\/2026\/05\/cropped-8059e613-6002-42fa-961e-8e275f575d71-2-5.jpg?fit=1360%2C931&ssl=1","contentUrl":"https:\/\/i0.wp.com\/blogdoprosperi.com\/wp-content\/uploads\/2026\/05\/cropped-8059e613-6002-42fa-961e-8e275f575d71-2-5.jpg?fit=1360%2C931&ssl=1","width":1360,"height":931,"caption":"Luiz Ant\u00f4nio Pr\u00f3speri"},"logo":{"@id":"https:\/\/i0.wp.com\/blogdoprosperi.com\/wp-content\/uploads\/2026\/05\/cropped-8059e613-6002-42fa-961e-8e275f575d71-2-5.jpg?fit=1360%2C931&ssl=1"},"description":"Jornalista com carreira dedicada ao esporte. Cobriu 9 Copas do Mundo in loco, 1990 na It\u00e1lia, 1994 nos EUA, 1998 na Fran\u00e7a, 2002 na Coreia do Sul e Jap\u00e3o, 2006 na Alemanha, 2010 na \u00c1frica do Sul, 2014 no Brasil, 2018 na R\u00fassia e 2022 no Qatar. Eurocopas, 1992 na Su\u00e9cia e 1996 na Inglaterra. Copa das Confedera\u00e7\u00f5es de 2005 na Alemanha e 2009 na \u00c1frica do Sul. Rep\u00f3rter e Editor, trabalhou no Jornal da Tarde e Estad\u00e3o, de 1984 a fevereiro de 2016. Colunista, blogueiro. E comentarista de futebol na R\u00e1dio Estad\u00e3o, de 2013 a fevereiro de 2016. Jornalista respons\u00e1vel do \"Pr\u00f3speri News\" (blogdoprosperi.com).","sameAs":["http:\/\/blogdoprosperi.com","Luiz Pr\u00f3speri","@luiz_prosperi","https:\/\/x.com\/Luizprosperi","@prosperinacopa","luiz.prosperi@icloud.com"],"url":"https:\/\/blogdoprosperi.com\/?author=102107496"}]}},"jetpack_publicize_connections":[],"jetpack_likes_enabled":false,"jetpack_sharing_enabled":true,"jetpack_shortlink":"https:\/\/wp.me\/p7jvdk-ekB","jetpack-related-posts":[{"id":48752,"url":"https:\/\/blogdoprosperi.com\/?p=48752","url_meta":{"origin":55093,"position":0},"title":"Neymar | Cabra Marcado para Morrer no Futebol","author":"Luiz Ant\u00f4nio Pr\u00f3speri","date":"10 de mar\u00e7o de 2025","format":false,"excerpt":"Luiz Ant\u00f4nio Pr\u00f3speri \u2013 10 mar\u00e7o (11h45) \u2013 Neymar n\u00e3o tem direito \u00e0 d\u00favida. Nada do que faz pode ser na incerteza. Ou vive ou morre. Aus\u00eancia no jogo decisivo contra o Corinthians nas semifinais do Paulist\u00e3o cabe no seu calv\u00e1rio. Se estava bem domingo de carnaval na Sapuca\u00ed no\u2026","rel":"","context":"Em &quot;futebol&quot;","block_context":{"text":"futebol","link":"https:\/\/blogdoprosperi.com\/?cat=53870"},"img":{"alt_text":"Neymar fora do Paulist\u00e3o","src":"https:\/\/i0.wp.com\/blogdoprosperi.com\/wp-content\/uploads\/2025\/03\/captura-de-tela-2025-03-10-as-11.40.38.png?fit=1104%2C1024&ssl=1&resize=350%2C200","width":350,"height":200,"srcset":"https:\/\/i0.wp.com\/blogdoprosperi.com\/wp-content\/uploads\/2025\/03\/captura-de-tela-2025-03-10-as-11.40.38.png?fit=1104%2C1024&ssl=1&resize=350%2C200 1x, https:\/\/i0.wp.com\/blogdoprosperi.com\/wp-content\/uploads\/2025\/03\/captura-de-tela-2025-03-10-as-11.40.38.png?fit=1104%2C1024&ssl=1&resize=525%2C300 1.5x, https:\/\/i0.wp.com\/blogdoprosperi.com\/wp-content\/uploads\/2025\/03\/captura-de-tela-2025-03-10-as-11.40.38.png?fit=1104%2C1024&ssl=1&resize=700%2C400 2x, https:\/\/i0.wp.com\/blogdoprosperi.com\/wp-content\/uploads\/2025\/03\/captura-de-tela-2025-03-10-as-11.40.38.png?fit=1104%2C1024&ssl=1&resize=1050%2C600 3x"},"classes":[]},{"id":46242,"url":"https:\/\/blogdoprosperi.com\/?p=46242","url_meta":{"origin":55093,"position":1},"title":"Neymar | Clube Saudita Projeta Sa\u00edda do Craque em Janeiro 2025 e Santos Aguarda Sua Cria","author":"Luiz Ant\u00f4nio Pr\u00f3speri","date":"6 de novembro de 2024","format":false,"excerpt":"Luiz Ant\u00f4nio Pr\u00f3speri \u2013 6 novembro (15h28) \u2013 Neymar n\u00e3o joga mais nessa temporada do futebol saudita. Ali\u00e1s, desde outubro de 2023, n\u00e3o atua de forma regular no Al-Hilal. Fora dos campos ap\u00f3s um ano se recuperando de grave cirurgia no joelho, Neymar esperava voltar bem em novembro 2024 na\u2026","rel":"","context":"Em &quot;futebol&quot;","block_context":{"text":"futebol","link":"https:\/\/blogdoprosperi.com\/?cat=53870"},"img":{"alt_text":"Neymar de sa\u00edda do futebol saudita","src":"https:\/\/i0.wp.com\/blogdoprosperi.com\/wp-content\/uploads\/2024\/11\/captura-de-tela-2024-11-06-as-12.52.24.png?fit=1200%2C816&ssl=1&resize=350%2C200","width":350,"height":200,"srcset":"https:\/\/i0.wp.com\/blogdoprosperi.com\/wp-content\/uploads\/2024\/11\/captura-de-tela-2024-11-06-as-12.52.24.png?fit=1200%2C816&ssl=1&resize=350%2C200 1x, https:\/\/i0.wp.com\/blogdoprosperi.com\/wp-content\/uploads\/2024\/11\/captura-de-tela-2024-11-06-as-12.52.24.png?fit=1200%2C816&ssl=1&resize=525%2C300 1.5x, https:\/\/i0.wp.com\/blogdoprosperi.com\/wp-content\/uploads\/2024\/11\/captura-de-tela-2024-11-06-as-12.52.24.png?fit=1200%2C816&ssl=1&resize=700%2C400 2x, https:\/\/i0.wp.com\/blogdoprosperi.com\/wp-content\/uploads\/2024\/11\/captura-de-tela-2024-11-06-as-12.52.24.png?fit=1200%2C816&ssl=1&resize=1050%2C600 3x"},"classes":[]},{"id":48898,"url":"https:\/\/blogdoprosperi.com\/?p=48898","url_meta":{"origin":55093,"position":2},"title":"#Cr\u00f4nicaSab\u00e1tica #17 | Neymar Sim, Neymar N\u00e3o e o &#8216;Juiz Ladr\u00e3o&#8217;","author":"Luiz Ant\u00f4nio Pr\u00f3speri","date":"15 de mar\u00e7o de 2025","format":false,"excerpt":"Luiz Ant\u00f4nio Pr\u00f3speri \u2013 15 mar\u00e7o (09h45) \u2013 Neymar abre a semana no domingo passado, dia 9, chorando nos vesti\u00e1rios da Neo Qu\u00edmica Arena, pouco antes de Corinthians vs Santos, valendo vaga na final do Paulist\u00e3o. L\u00e1grimas por um \"desconforto\" no m\u00fasculo da coxa esquerda. Estava impedido de entrar em\u2026","rel":"","context":"Em &quot;futebol&quot;","block_context":{"text":"futebol","link":"https:\/\/blogdoprosperi.com\/?cat=53870"},"img":{"alt_text":"neymar sim, neymar n\u00e3o","src":"https:\/\/i0.wp.com\/blogdoprosperi.com\/wp-content\/uploads\/2022\/11\/52534316743_e5ca84d055_c-1.jpg?fit=799%2C533&ssl=1&resize=350%2C200","width":350,"height":200,"srcset":"https:\/\/i0.wp.com\/blogdoprosperi.com\/wp-content\/uploads\/2022\/11\/52534316743_e5ca84d055_c-1.jpg?fit=799%2C533&ssl=1&resize=350%2C200 1x, https:\/\/i0.wp.com\/blogdoprosperi.com\/wp-content\/uploads\/2022\/11\/52534316743_e5ca84d055_c-1.jpg?fit=799%2C533&ssl=1&resize=525%2C300 1.5x, https:\/\/i0.wp.com\/blogdoprosperi.com\/wp-content\/uploads\/2022\/11\/52534316743_e5ca84d055_c-1.jpg?fit=799%2C533&ssl=1&resize=700%2C400 2x"},"classes":[]},{"id":39887,"url":"https:\/\/blogdoprosperi.com\/?p=39887","url_meta":{"origin":55093,"position":3},"title":"Neymar n\u00e3o aprende e pode abreviar seu fim","author":"Luiz Ant\u00f4nio Pr\u00f3speri","date":"25 de novembro de 2022","format":false,"excerpt":"Neymar n\u00e3o aprende com seus erros. Est\u00e1 com um p\u00e9, diria tornozelo, fora da Copa Qatar 2022.","rel":"","context":"Em &quot;catar 2022&quot;","block_context":{"text":"catar 2022","link":"https:\/\/blogdoprosperi.com\/?cat=47094043"},"img":{"alt_text":"","src":"https:\/\/i0.wp.com\/blogdoprosperi.com\/wp-content\/uploads\/2022\/11\/52521482176_42b7286c36_c.jpg?fit=799%2C533&ssl=1&resize=350%2C200","width":350,"height":200,"srcset":"https:\/\/i0.wp.com\/blogdoprosperi.com\/wp-content\/uploads\/2022\/11\/52521482176_42b7286c36_c.jpg?fit=799%2C533&ssl=1&resize=350%2C200 1x, https:\/\/i0.wp.com\/blogdoprosperi.com\/wp-content\/uploads\/2022\/11\/52521482176_42b7286c36_c.jpg?fit=799%2C533&ssl=1&resize=525%2C300 1.5x, https:\/\/i0.wp.com\/blogdoprosperi.com\/wp-content\/uploads\/2022\/11\/52521482176_42b7286c36_c.jpg?fit=799%2C533&ssl=1&resize=700%2C400 2x"},"classes":[]},{"id":50324,"url":"https:\/\/blogdoprosperi.com\/?p=50324","url_meta":{"origin":55093,"position":4},"title":"\u00c9 Complicado Ser Neymar","author":"Luiz Ant\u00f4nio Pr\u00f3speri","date":"22 de maio de 2025","format":false,"excerpt":"Luiz Ant\u00f4nio Pr\u00f3speri \u2013 22 maio (23h51) \u2013 Entra aos 20 minutos do segundo tempo. CRB 0 x 0 Santos, valendo vaga nas oitavas de final da Copa do Brasil. Tr\u00eas minutos em campo, jogo se incendeia. Nem a chuva pode apagar. Tr\u00eas toques na bola, tr\u00eas oportunidades de gol\u2026","rel":"","context":"Em &quot;futebol&quot;","block_context":{"text":"futebol","link":"https:\/\/blogdoprosperi.com\/?cat=53870"},"img":{"alt_text":"","src":"https:\/\/i0.wp.com\/blogdoprosperi.com\/wp-content\/uploads\/2025\/05\/54525408991_134a140423_c.jpg?fit=640%2C800&ssl=1&resize=350%2C200","width":350,"height":200,"srcset":"https:\/\/i0.wp.com\/blogdoprosperi.com\/wp-content\/uploads\/2025\/05\/54525408991_134a140423_c.jpg?fit=640%2C800&ssl=1&resize=350%2C200 1x, https:\/\/i0.wp.com\/blogdoprosperi.com\/wp-content\/uploads\/2025\/05\/54525408991_134a140423_c.jpg?fit=640%2C800&ssl=1&resize=525%2C300 1.5x"},"classes":[]},{"id":53898,"url":"https:\/\/blogdoprosperi.com\/?p=53898","url_meta":{"origin":55093,"position":5},"title":"Neymar, o Cavaleiro Solit\u00e1rio Perdido na Multid\u00e3o Santista","author":"Luiz Ant\u00f4nio Pr\u00f3speri","date":"24 de julho de 2025","format":false,"excerpt":"Luiz Ant\u00f4nio Pr\u00f3speri \u2013 24 julho 2025 (19h01) \u2013\u00a0 Santos est\u00e1 na zona de rebaixamento do Brasileir\u00e3o 2025. Neymar tamb\u00e9m. Neymar e Santos se confundem em um s\u00f3. Os dois est\u00e3o na vitrine e a torcida joga pedras a estilha\u00e7ar os vidros. O craque perde a paci\u00eancia. Nos dois \u00faltimos\u2026","rel":"","context":"Em &quot;brasileir\u00e3o 2025&quot;","block_context":{"text":"brasileir\u00e3o 2025","link":"https:\/\/blogdoprosperi.com\/?cat=775970846"},"img":{"alt_text":"Neymar, o cavaleiro solit\u00e1rio do Santos","src":"https:\/\/i0.wp.com\/blogdoprosperi.com\/wp-content\/uploads\/2025\/07\/captura-de-tela-2025-07-24-as-18.57.12.png?fit=1200%2C780&ssl=1&resize=350%2C200","width":350,"height":200,"srcset":"https:\/\/i0.wp.com\/blogdoprosperi.com\/wp-content\/uploads\/2025\/07\/captura-de-tela-2025-07-24-as-18.57.12.png?fit=1200%2C780&ssl=1&resize=350%2C200 1x, https:\/\/i0.wp.com\/blogdoprosperi.com\/wp-content\/uploads\/2025\/07\/captura-de-tela-2025-07-24-as-18.57.12.png?fit=1200%2C780&ssl=1&resize=525%2C300 1.5x, https:\/\/i0.wp.com\/blogdoprosperi.com\/wp-content\/uploads\/2025\/07\/captura-de-tela-2025-07-24-as-18.57.12.png?fit=1200%2C780&ssl=1&resize=700%2C400 2x, https:\/\/i0.wp.com\/blogdoprosperi.com\/wp-content\/uploads\/2025\/07\/captura-de-tela-2025-07-24-as-18.57.12.png?fit=1200%2C780&ssl=1&resize=1050%2C600 3x"},"classes":[]}],"jetpack_featured_media_url":"https:\/\/i0.wp.com\/blogdoprosperi.com\/wp-content\/uploads\/2025\/09\/ronaldo-diz-que-neymar-maquia-problemas-da-selecao-brasileira-e1739555734478.webp?fit=676%2C381&ssl=1","_links":{"self":[{"href":"https:\/\/blogdoprosperi.com\/index.php?rest_route=\/wp\/v2\/posts\/55093","targetHints":{"allow":["GET"]}}],"collection":[{"href":"https:\/\/blogdoprosperi.com\/index.php?rest_route=\/wp\/v2\/posts"}],"about":[{"href":"https:\/\/blogdoprosperi.com\/index.php?rest_route=\/wp\/v2\/types\/post"}],"author":[{"embeddable":true,"href":"https:\/\/blogdoprosperi.com\/index.php?rest_route=\/wp\/v2\/users\/102107496"}],"replies":[{"embeddable":true,"href":"https:\/\/blogdoprosperi.com\/index.php?rest_route=%2Fwp%2Fv2%2Fcomments&post=55093"}],"version-history":[{"count":7,"href":"https:\/\/blogdoprosperi.com\/index.php?rest_route=\/wp\/v2\/posts\/55093\/revisions"}],"predecessor-version":[{"id":55101,"href":"https:\/\/blogdoprosperi.com\/index.php?rest_route=\/wp\/v2\/posts\/55093\/revisions\/55101"}],"wp:featuredmedia":[{"embeddable":true,"href":"https:\/\/blogdoprosperi.com\/index.php?rest_route=\/wp\/v2\/media\/55099"}],"wp:attachment":[{"href":"https:\/\/blogdoprosperi.com\/index.php?rest_route=%2Fwp%2Fv2%2Fmedia&parent=55093"}],"wp:term":[{"taxonomy":"category","embeddable":true,"href":"https:\/\/blogdoprosperi.com\/index.php?rest_route=%2Fwp%2Fv2%2Fcategories&post=55093"},{"taxonomy":"post_tag","embeddable":true,"href":"https:\/\/blogdoprosperi.com\/index.php?rest_route=%2Fwp%2Fv2%2Ftags&post=55093"}],"curies":[{"name":"wp","href":"https:\/\/api.w.org\/{rel}","templated":true}]}}